{"id":43085,"date":"2017-01-09T20:23:51","date_gmt":"2017-01-09T23:23:51","guid":{"rendered":"https:\/\/www.jornalja.com.br\/?p=43085"},"modified":"2017-01-09T20:23:51","modified_gmt":"2017-01-09T23:23:51","slug":"publico-superlota-chale-da-praca-xv-para-apoiar-manifesto-pelas-fundacoes","status":"publish","type":"post","link":"https:\/\/www.jornalja.com.br\/arquivo\/publico-superlota-chale-da-praca-xv-para-apoiar-manifesto-pelas-fundacoes\/","title":{"rendered":"P\u00fablico superlota Chal\u00e9 da Pra\u00e7a XV para apoiar manifesto pelas funda\u00e7\u00f5es"},"content":{"rendered":"<p><span class=\"assina\">Naira Hofmeister<\/span><br \/>\nPassavam apenas 15 minutos do hor\u00e1rio agendado para o lan\u00e7amento de um manifesto a favor da manuten\u00e7\u00e3o das funda\u00e7\u00f5es p\u00fablicas do Rio Grande do Sul e mais de uma centena de pessoas, apoiadoras da causa, aguardava fora das grades do Chal\u00e9 da Pra\u00e7a XV \u2013 no Centro Hist\u00f3rico de Porto Alegre \u2013 sem poder entrar no recinto.<br \/>\n\u201cEsper\u00e1vamos 50, vieram mil. O Chal\u00e9 nunca esteve t\u00e3o lotado\u201d, calculava, a diretora de marketing do tradicional bar, Joice Adams.<br \/>\nEntre os organizadores do evento dessa segunda-feira (9), a estimativa de p\u00fablico era algo menor, mas ainda assim surpreendente. \u201cTivemos uma ades\u00e3o muito acima do que esperado. \u00c9 um clamor que mostra a resson\u00e2ncia desse manifesto\u201d, avaliou a comunicadora Katia Suman, que fez a leitura do texto assinado, at\u00e9 o momento, por aproximadamente 70 intelectuais.<br \/>\nA superlota\u00e7\u00e3o do bar fez os dirigentes interromperem a entrada, inclusive por quest\u00f5es de seguran\u00e7a.<br \/>\nA carta, que pede a suspens\u00e3o do processo de extin\u00e7\u00e3o das funda\u00e7\u00f5es, ser\u00e1 publicada na internet para que possa receber novas ades\u00f5es. Por enquanto, as manifesta\u00e7\u00f5es de apoio podem ser dirigidas para a p\u00e1gina do evento no facebook (http:\/\/www.facebook.com\/events\/568664870010298\/), onde ser\u00e1 publicado o link do texto na \u00edntegra.<br \/>\n&#8220;Apelamos aos senhores que suspendam os procedimentos para a extin\u00e7\u00e3o das funda\u00e7\u00f5es e estabele\u00e7am um f\u00f3rum de di\u00e1logo e negocia\u00e7\u00e3o com representantes das organiza\u00e7\u00f5es da sociedade civil e especialistas nas \u00e1reas de conhecimento cient\u00edfico, tecnol\u00f3gico e cultural, que expressem a diversidade de posi\u00e7\u00f5es existentes na sociedade, com o objetivo de formular alternativas exequ\u00edveis e prof\u00edcuas para a supera\u00e7\u00e3o da crise do Estado e o desenvolvimento do Rio Grande do Sul&#8221;, pede o texto.<br \/>\nO ambiente no Chal\u00e9 era de resist\u00eancia. Embora a Assembleia j\u00e1 tenha autorizado o governo a dar cabo aos \u00f3rg\u00e3os p\u00fablicos, os signat\u00e1rios acreditam que ainda \u00e9 poss\u00edvel reverter o quadro: &#8220;A grandeza e a biografia dos senhores como gestores p\u00fablicos, neste momento, est\u00e3o na aceita\u00e7\u00e3o do lado justo e democr\u00e1tico da equa\u00e7\u00e3o pol\u00edtica \u2013 o lado das informa\u00e7\u00f5es transparentes, do debate p\u00fablico qualificado e da negocia\u00e7\u00e3o das decis\u00f5es que se mostrarem melhores para o Rio Grande do Sul&#8221;.<br \/>\nMuita gente que foi ao Chal\u00e9, comparecia pela primeira vez em uma manifesta\u00e7\u00e3o contra o pacote. Era o caso do professor de Economia da Unisinos Paulo Franz. &#8220;S\u00e3o institui\u00e7\u00f5es extremamente importantes para o Estado, gerando conhecimento e fornecendo subs\u00eddios para as pol\u00edticas p\u00fablicas&#8221;, assinalou.<br \/>\nO ato contou tamb\u00e9m com a presen\u00e7a de figuras j\u00e1 notavelmente engajadas na causa, como a artista pl\u00e1stica Zor\u00e1via Bettiol. \u201cCom essas extin\u00e7\u00f5es, o governo est\u00e1 cometendo um crime ambiental, cultural, cient\u00edfico e econ\u00f4mico! Se continuarmos com esse retrocesso, daqui a pouco vamos estar morando em cavernas!\u201d, provocou.<br \/>\n<span class=\"intertit\"><b>At\u00e9 signat\u00e1rios ficaram de fora<\/b><\/span><br \/>\nO lan\u00e7amento da \u2018Carta aberta ao governo do rio Grande do Sul\u2019 estava marcada para as 18h dessa segunda-feira. Contando com o atraso regulamentar esperado em eventos no final do expediente, a leitura e os discursos deveriam come\u00e7ar perto das 19h.<br \/>\nS\u00f3 que com a quantidade de gente barrada na porta do Chal\u00e9 da Pra\u00e7a XV, a organiza\u00e7\u00e3o decidiu come\u00e7ar pontualmente. Falaram o cientista pol\u00edtico Benedito Tadeu C\u00e9sar, o economista e ex-vice-reitor da Ufrgs Pedro Fonseca e o ex-secret\u00e1rio de Planejamento do Rio Grande do Sul Cl\u00e1udio Accurso.<br \/>\nO deputado Ad\u00e3o Villaverde (PT) chegou a anunciar ao p\u00fablico externo que o ato se encerraria rapidamente para ser retomado do lado de fora, o que acabou n\u00e3o acontecendo porque sair do Chal\u00e9 era t\u00e3o dif\u00edcil quanto entrar (o que desagradou os frequentadores da casa que estavam l\u00e1 s\u00f3 para tomar um choppinho).<br \/>\nJ\u00e1 o escritor e professor de Literatura Lu\u00eds Augusto Fischer tentou iniciar a leitura para o p\u00fablico que se aglomerava na porta do Chal\u00e9. \u201cN\u00e3o sobrou gog\u00f3\u201d, lamentou depois de algumas investidas.<br \/>\nQuem n\u00e3o conseguiu mesa, tentava acompanhar como dava as falas. Na lateral do bar, por exemplo, de onde se ouvia bem as falas no microfone. Os m\u00fasicos Antonio Villeroy, Bebeto Alves e Nelson Coelho de Castro, signat\u00e1rios do manifesto, n\u00e3o puderam acompanhar o evento do lado de dentro, mas comemoraram o fato. \u201cN\u00e3o \u00e9 s\u00f3 na quantidade de gente, mas na diversidade. \u00c9 um movimento que se fortifica, se consolida e ganha peso\u201d, celebrou Nelson.<br \/>\nBebeto Alves lembrou que as funda\u00e7\u00f5es s\u00e3o patrim\u00f4nio do Rio Grande do Sul e condenou a tentativa de extin\u00e7\u00e3o sem debate p\u00fablico. \u201cO microfone da FM Cultura \u00e9 meu! Tamb\u00e9m \u00e9 do governador, como cidad\u00e3o, mas n\u00e3o \u00e9 s\u00f3 dele. \u00c9 preciso entender que h\u00e1 uma diferen\u00e7a entre o que \u00e9 do governo e o que \u00e9 do Estado, que \u00e9 o caso desses \u00f3rg\u00e3os. E n\u00f3s n\u00e3o autorizamos essa venda\u201d, atacou.<br \/>\nPor sua vez, Villeroy salientou que a economia com o fim das funda\u00e7\u00f5es \u00e9 insignificante. \u201cEu estudei muito esse assunto e posso dizer que os deputados n\u00e3o fizeram esse c\u00e1lculo direito. N\u00e3o est\u00e1 l\u00e1 o custo com as indeniza\u00e7\u00f5es para funcion\u00e1rios, n\u00e3o est\u00e1 l\u00e1 o custo de transferir para a iniciativa privada os servi\u00e7os hoje feitos com alt\u00edssima qualidade por esses servidores\u201d, lamentou.<br \/>\n<span class=\"intertit\"><b>Servidores da TVE tamb\u00e9m pediam assinaturas<\/b><\/span><br \/>\nOutro abaixo assinado corria paralelo nas m\u00e3os de quem foi ao Chal\u00e9 (ou \u00e0 pra\u00e7a) nesta segunda-feira. Era uma manifesta\u00e7\u00e3o cujo destinat\u00e1rio \u00e9 o Minist\u00e9rio P\u00fablico do Estado, organizada pelos servidores da Funda\u00e7\u00e3o Piratini.<br \/>\nO texto demonstrava preocupa\u00e7\u00e3o com as lacunas que ser\u00e3o abertas caso a entidade que abriga a TVE e a FM Cultura tenha fim. \u201cO acervo que temos \u00e9 incalcul\u00e1vel e est\u00e1 amea\u00e7ado por essa decis\u00e3o\u201d, explicava a jornalista Ang\u00e9lica Coronel, premiada com duas distin\u00e7\u00f5es do Pr\u00eamio ARI de Jornalismo no final do ano passado.<br \/>\nO documento ser\u00e1 entregue ainda essa semana e pede que o MP-RS intervenha na situa\u00e7\u00e3o.<br \/>\nA Funda\u00e7\u00e3o Piratini, ali\u00e1s, foi a primeira entre as amea\u00e7adas de extin\u00e7\u00e3o, a conseguir uma vit\u00f3ria judicial contra o governo do Estado, bloqueando a demiss\u00e3o dos servidores enquanto n\u00e3o for deflagrada uma negocia\u00e7\u00e3o coletiva que assegure direitos das categorias envolvidas.<br \/>\nDepois dessa iniciativa, o Semapi-RS, que representa os funcion\u00e1rios p\u00fablicos afetados pela medida, tamb\u00e9m obteve liminar que impede a demiss\u00e3o dos servidores da Corag, FEE, FZB e FDRH. O sindicato foi al\u00e9m, e conseguiu que a ju\u00edza de plant\u00e3o proibisse um eventual esvaziamento dos \u00f3rg\u00e3os atingidos pela autoriza\u00e7\u00e3o de extin\u00e7\u00e3o e que garantisse o direito ao trabalho de seus funcion\u00e1rios.<br \/>\n<strong><span style=\"text-decoration: underline\">Leia a \u00edntegra da &#8216;Carta aberta ao governo do RS&#8217;<\/span><\/strong><br \/>\n<em>Senhor governador Sartori, senhor vice-governador Cairoli:<\/em><br \/>\n<em>Os senhores obtiveram da Assembleia Legislativa um conjunto de autoriza\u00e7\u00f5es que permite extinguir v\u00e1rias funda\u00e7\u00f5es estaduais. Foi um processo muito doloroso para a cidadania, que expressou sua discord\u00e2ncia na pra\u00e7a e no Parlamento, assim como nos bastidores. N\u00e3o foi apenas a oposi\u00e7\u00e3o que tentou mudar o curso do processo, tamb\u00e9m l\u00edderes do PMDB tentaram propor media\u00e7\u00f5es e alternativas, sem sucesso.<\/em><br \/>\n<em>Os senhores n\u00e3o proporcionaram \u00e0 sociedade ga\u00facha a chance do debate sobre seu patrim\u00f4nio e n\u00e3o ouviram os apelos e protestos de muitos cidad\u00e3os reconhecidos em suas \u00e1reas de atua\u00e7\u00e3o e de institui\u00e7\u00f5es relevantes do pa\u00eds e do estado, como o IBGE, a Sociedade Brasileira para o Progresso da Ci\u00eancia\/SBPC, a Academia Brasileira de Ci\u00eancias e a Sociedade de Engenharia do RS.<\/em><br \/>\n<em>Extinguir funda\u00e7\u00f5es de pesquisa, de planejamento e de cultura, como \u00e9 o caso da FEE, FDRH, FZB, Fepagro, Cientec, Fepps, Metroplan, FIGTF, Piratini (TVE e FM Cultura), significa muito mais do que fechar 1.200 postos de trabalho e, assim, diminuir despesas: os senhores e a popula\u00e7\u00e3o bem informada sabem que, com essas funda\u00e7\u00f5es se vai parte fundamental da possibilidade de desenvolvimento cient\u00edfico, tecnol\u00f3gico e cultural do estado. Sem elas surgir\u00e3o despesas novas, porque tanto o governo atual quanto os futuros inevitavelmente precisar\u00e3o contratar empresas que prestem os servi\u00e7os que elas hoje realizam.<\/em><br \/>\n<em>Al\u00e9m disso os senhores n\u00e3o explicitaram \u00e0 sociedade ga\u00facha as raz\u00f5es fundamentais para a elimina\u00e7\u00e3o dessa parte essencial do patrim\u00f4nio p\u00fablico. Os motivos or\u00e7ament\u00e1rios apresentados s\u00e3o fr\u00e1geis para justificar uma a\u00e7\u00e3o t\u00e3o radical. Com essas demiss\u00f5es e extin\u00e7\u00f5es economizam-se cerca de 189,2 milh\u00f5es, segundo dados divulgados pela imprensa, o que representa apenas 0,69% do or\u00e7amento do Poder Executivo em 2016, de acordo com os dados oficiais do Portal de Transpar\u00eancia RS.<\/em><br \/>\n<em>A sociedade ga\u00facha tem o direito de receber dos senhores, de forma transparente, a explicita\u00e7\u00e3o completa da situa\u00e7\u00e3o financeira do Estado. Por que n\u00e3o fornecer o conjunto de dados sobre as isen\u00e7\u00f5es fiscais e por que n\u00e3o responder \u00e0 A\u00e7\u00e3o Civil P\u00fablica impetrada pelo Minist\u00e9rio P\u00fablico Estadual e determinada pela 7\u00aa Vara da Fazenda P\u00fablica em 28\/11\/2016 para a divulga\u00e7\u00e3o desses dados?<\/em><br \/>\n<em>O representante do governo declarou \u00e0 imprensa, na apresenta\u00e7\u00e3o das medidas de redu\u00e7\u00e3o de despesas, que elas \u201cn\u00e3o s\u00e3o fruto de um c\u00e1lculo financeiro, mas de uma previs\u00e3o conceitual\u201d. Cabem, ent\u00e3o, as perguntas: em que ocasi\u00e3o os cidad\u00e3os ga\u00fachos discutiram e escolheram destruir parte t\u00e3o importante de seu patrim\u00f4nio, que lhes restringir\u00e1 condi\u00e7\u00f5es de desenvolvimento cient\u00edfico, tecnol\u00f3gico e cultural? E qual o significado dessa \u201cprevis\u00e3o conceitual\u201d?<\/em><br \/>\n<em>Na pr\u00e1tica, o conceito que se expressa nas extin\u00e7\u00f5es aprovadas \u00e9 a defesa dos interesses privados em detrimento dos interesses p\u00fablicos. Ser\u00e3o as institui\u00e7\u00f5es privadas, principalmente de consultoria e comunica\u00e7\u00e3o, as grandes privilegiadas. A cidadania ga\u00facha ter\u00e1 que arcar com os pre\u00e7os dos servi\u00e7os que ser\u00e3o por elas prestados, muito maiores do que os custos hoje existentes e que impactar\u00e3o muito mais fortemente os cofres p\u00fablicos.<\/em><br \/>\n<em>N\u00e3o podemos aceitar passivamente a imposi\u00e7\u00e3o de uma pol\u00edtica de liquida\u00e7\u00e3o do patrim\u00f4nio p\u00fablico, que se constitui num crime contra a cultura e o conhecimento cient\u00edfico e, portanto, contra a cidadania sul-rio-grandense. Por isto, colocamos em suas m\u00e3os nossa manifesta\u00e7\u00e3o, que expressa a opini\u00e3o de v\u00e1rios segmentos sociais preocupados com o desenvolvimento do Rio Grande do Sul.<\/em><br \/>\n<em>Os senhores receberam a autoriza\u00e7\u00e3o para fechar as funda\u00e7\u00f5es, mas n\u00e3o est\u00e3o obrigados a executar este fechamento. Os estadistas det\u00eam o poder de decis\u00e3o, mas aceitam o debate a possibilidade de revisar suas posi\u00e7\u00f5es.<\/em><br \/>\n<em>Por isto, apelamos aos senhores que suspendam os procedimentos para a extin\u00e7\u00e3o das funda\u00e7\u00f5es e estabele\u00e7am um f\u00f3rum de di\u00e1logo e negocia\u00e7\u00e3o com representantes das organiza\u00e7\u00f5es da sociedade civil e especialistas nas \u00e1reas de conhecimento cient\u00edfico, tecnol\u00f3gico e cultural, que expressem a diversidade de posi\u00e7\u00f5es existentes na sociedade, com o objetivo de formular alternativas exequ\u00edveis e prof\u00edcuas para a supera\u00e7\u00e3o da crise do Estado e o desenvolvimento do Rio Grande do Sul.<\/em><br \/>\n<em>A grandeza e a biografia dos senhores como gestores p\u00fablicos, neste momento, est\u00e3o na aceita\u00e7\u00e3o do lado justo e democr\u00e1tico da equa\u00e7\u00e3o pol\u00edtica \u2013 o lado das informa\u00e7\u00f5es transparentes, do debate p\u00fablico qualificado e da negocia\u00e7\u00e3o das decis\u00f5es que se mostrarem melhores para o Rio Grande do Sul.<\/em><\/p>\n","protected":false},"excerpt":{"rendered":"<p>Naira Hofmeister Passavam apenas 15 minutos do hor\u00e1rio agendado para o lan\u00e7amento de um manifesto a favor da manuten\u00e7\u00e3o das funda\u00e7\u00f5es p\u00fablicas do Rio Grande do Sul e mais de uma centena de pessoas, apoiadoras da causa, aguardava fora das grades do Chal\u00e9 da Pra\u00e7a XV \u2013 no Centro Hist\u00f3rico de Porto Alegre \u2013 sem [&hellip;]<\/p>\n","protected":false},"author":4,"featured_media":43087,"comment_status":"open","ping_status":"closed","sticky":false,"template":"","format":"standard","meta":{"_jetpack_newsletter_access":"","_jetpack_dont_email_post_to_subs":false,"_jetpack_newsletter_tier_id":0,"_jetpack_memberships_contains_paywalled_content":false,"_jetpack_feature_clip_id":0,"_jetpack_memberships_contains_paid_content":false,"footnotes":"","jetpack_post_was_ever_published":false},"categories":[26],"tags":[],"class_list":["post-43085","post","type-post","status-publish","format-standard","has-post-thumbnail","hentry","category-geral"],"aioseo_notices":[],"aioseo_head":"\n\t\t<!-- All in One SEO 5.0.1.1 - aioseo.com -->\n\t<meta name=\"robots\" content=\"max-image-preview:large\" \/>\n\t<meta name=\"author\" content=\"da Reda\u00e7\u00e3o\"\/>\n\t<link rel=\"canonical\" href=\"https:\/\/www.jornalja.com.br\/arquivo\/publico-superlota-chale-da-praca-xv-para-apoiar-manifesto-pelas-fundacoes\/\" \/>\n\t<meta name=\"generator\" content=\"All in One SEO (AIOSEO) 5.0.1.1\" \/>\n\t\t<meta property=\"og:locale\" content=\"pt_BR\" \/>\n\t\t<meta property=\"og:site_name\" content=\"Arquivo | Jornal J\u00c1 | Porto Alegre\" \/>\n\t\t<meta property=\"og:type\" content=\"article\" \/>\n\t\t<meta property=\"og:title\" content=\"P\u00fablico superlota Chal\u00e9 da Pra\u00e7a XV para apoiar manifesto pelas funda\u00e7\u00f5es | Arquivo\" \/>\n\t\t<meta property=\"og:url\" content=\"https:\/\/www.jornalja.com.br\/arquivo\/publico-superlota-chale-da-praca-xv-para-apoiar-manifesto-pelas-fundacoes\/\" \/>\n\t\t<meta property=\"og:image\" content=\"https:\/\/www.jornalja.com.br\/economics\/wp-content\/uploads\/sites\/11\/2026\/08\/ja-folhaderosto-facebook.jpg\" \/>\n\t\t<meta property=\"og:image:secure_url\" content=\"https:\/\/www.jornalja.com.br\/economics\/wp-content\/uploads\/sites\/11\/2026\/08\/ja-folhaderosto-facebook.jpg\" \/>\n\t\t<meta property=\"article:published_time\" content=\"2017-01-09T23:23:51+00:00\" \/>\n\t\t<meta property=\"article:modified_time\" content=\"2017-01-09T23:23:51+00:00\" \/>\n\t\t<meta name=\"twitter:card\" content=\"summary\" \/>\n\t\t<meta name=\"twitter:title\" content=\"P\u00fablico superlota Chal\u00e9 da Pra\u00e7a XV para apoiar manifesto pelas funda\u00e7\u00f5es | Arquivo\" \/>\n\t\t<meta name=\"twitter:image\" content=\"https:\/\/www.jornalja.com.br\/economics\/wp-content\/uploads\/sites\/11\/2026\/08\/ja-folhaderosto-facebook.jpg\" \/>\n\t\t<script type=\"application\/ld+json\" class=\"aioseo-schema\">\n\t\t\t{\"@context\":\"https:\\\/\\\/schema.org\",\"@graph\":[{\"@type\":\"BlogPosting\",\"@id\":\"https:\\\/\\\/www.jornalja.com.br\\\/arquivo\\\/publico-superlota-chale-da-praca-xv-para-apoiar-manifesto-pelas-fundacoes\\\/#blogposting\",\"name\":\"P\\u00fablico superlota Chal\\u00e9 da Pra\\u00e7a XV para apoiar manifesto pelas funda\\u00e7\\u00f5es | Arquivo\",\"headline\":\"P\\u00fablico superlota Chal\\u00e9 da Pra\\u00e7a XV para apoiar manifesto pelas funda\\u00e7\\u00f5es\",\"author\":{\"@id\":\"https:\\\/\\\/www.jornalja.com.br\\\/arquivo\\\/author\\\/daredacao\\\/#author\"},\"publisher\":{\"@id\":\"https:\\\/\\\/www.jornalja.com.br\\\/arquivo\\\/#organization\"},\"image\":{\"@type\":\"ImageObject\",\"url\":43087},\"datePublished\":\"2017-01-09T20:23:51-02:00\",\"dateModified\":\"2017-01-09T20:23:51-02:00\",\"inLanguage\":\"pt-BR\",\"mainEntityOfPage\":{\"@id\":\"https:\\\/\\\/www.jornalja.com.br\\\/arquivo\\\/publico-superlota-chale-da-praca-xv-para-apoiar-manifesto-pelas-fundacoes\\\/#webpage\"},\"isPartOf\":{\"@id\":\"https:\\\/\\\/www.jornalja.com.br\\\/arquivo\\\/publico-superlota-chale-da-praca-xv-para-apoiar-manifesto-pelas-fundacoes\\\/#webpage\"},\"articleSection\":\"Geral\"},{\"@type\":\"BreadcrumbList\",\"@id\":\"https:\\\/\\\/www.jornalja.com.br\\\/arquivo\\\/publico-superlota-chale-da-praca-xv-para-apoiar-manifesto-pelas-fundacoes\\\/#breadcrumblist\",\"itemListElement\":[{\"@type\":\"ListItem\",\"@id\":\"https:\\\/\\\/www.jornalja.com.br\\\/arquivo#listItem\",\"position\":1,\"name\":\"Home\",\"item\":\"https:\\\/\\\/www.jornalja.com.br\\\/arquivo\",\"nextItem\":{\"@type\":\"ListItem\",\"@id\":\"https:\\\/\\\/www.jornalja.com.br\\\/arquivo\\\/category\\\/geral\\\/#listItem\",\"name\":\"Geral\"}},{\"@type\":\"ListItem\",\"@id\":\"https:\\\/\\\/www.jornalja.com.br\\\/arquivo\\\/category\\\/geral\\\/#listItem\",\"position\":2,\"name\":\"Geral\",\"item\":\"https:\\\/\\\/www.jornalja.com.br\\\/arquivo\\\/category\\\/geral\\\/\",\"nextItem\":{\"@type\":\"ListItem\",\"@id\":\"https:\\\/\\\/www.jornalja.com.br\\\/arquivo\\\/publico-superlota-chale-da-praca-xv-para-apoiar-manifesto-pelas-fundacoes\\\/#listItem\",\"name\":\"P\\u00fablico superlota Chal\\u00e9 da Pra\\u00e7a XV para apoiar manifesto pelas funda\\u00e7\\u00f5es\"},\"previousItem\":{\"@type\":\"ListItem\",\"@id\":\"https:\\\/\\\/www.jornalja.com.br\\\/arquivo#listItem\",\"name\":\"Home\"}},{\"@type\":\"ListItem\",\"@id\":\"https:\\\/\\\/www.jornalja.com.br\\\/arquivo\\\/publico-superlota-chale-da-praca-xv-para-apoiar-manifesto-pelas-fundacoes\\\/#listItem\",\"position\":3,\"name\":\"P\\u00fablico superlota Chal\\u00e9 da Pra\\u00e7a XV para apoiar manifesto pelas funda\\u00e7\\u00f5es\",\"previousItem\":{\"@type\":\"ListItem\",\"@id\":\"https:\\\/\\\/www.jornalja.com.br\\\/arquivo\\\/category\\\/geral\\\/#listItem\",\"name\":\"Geral\"}}]},{\"@type\":\"Organization\",\"@id\":\"https:\\\/\\\/www.jornalja.com.br\\\/arquivo\\\/#organization\",\"name\":\"Jornal J\\u00c1\",\"description\":\"Jornal J\\u00c1 | Porto Alegre\",\"url\":\"https:\\\/\\\/www.jornalja.com.br\\\/arquivo\\\/\",\"telephone\":\"+555133307272\",\"logo\":{\"@type\":\"ImageObject\",\"url\":\"https:\\\/\\\/www.jornalja.com.br\\\/wp-content\\\/uploads\\\/cards\\\/JAslogan.png\",\"@id\":\"https:\\\/\\\/www.jornalja.com.br\\\/arquivo\\\/publico-superlota-chale-da-praca-xv-para-apoiar-manifesto-pelas-fundacoes\\\/#organizationLogo\"},\"image\":{\"@id\":\"https:\\\/\\\/www.jornalja.com.br\\\/arquivo\\\/publico-superlota-chale-da-praca-xv-para-apoiar-manifesto-pelas-fundacoes\\\/#organizationLogo\"}},{\"@type\":\"Person\",\"@id\":\"https:\\\/\\\/www.jornalja.com.br\\\/arquivo\\\/author\\\/daredacao\\\/#author\",\"url\":\"https:\\\/\\\/www.jornalja.com.br\\\/arquivo\\\/author\\\/daredacao\\\/\",\"name\":\"da Reda\\u00e7\\u00e3o\",\"image\":{\"@type\":\"ImageObject\",\"@id\":\"https:\\\/\\\/www.jornalja.com.br\\\/arquivo\\\/publico-superlota-chale-da-praca-xv-para-apoiar-manifesto-pelas-fundacoes\\\/#authorImage\",\"url\":\"https:\\\/\\\/secure.gravatar.com\\\/avatar\\\/469fd857d6605ad19919d27ed29d35a968a25f6e8fd9318356bbb7f57aae9c65?s=96&d=mm&r=g\",\"width\":96,\"height\":96,\"caption\":\"da Reda\\u00e7\\u00e3o\"}},{\"@type\":\"WebPage\",\"@id\":\"https:\\\/\\\/www.jornalja.com.br\\\/arquivo\\\/publico-superlota-chale-da-praca-xv-para-apoiar-manifesto-pelas-fundacoes\\\/#webpage\",\"url\":\"https:\\\/\\\/www.jornalja.com.br\\\/arquivo\\\/publico-superlota-chale-da-praca-xv-para-apoiar-manifesto-pelas-fundacoes\\\/\",\"name\":\"P\\u00fablico superlota Chal\\u00e9 da Pra\\u00e7a XV para apoiar manifesto pelas funda\\u00e7\\u00f5es | Arquivo\",\"inLanguage\":\"pt-BR\",\"isPartOf\":{\"@id\":\"https:\\\/\\\/www.jornalja.com.br\\\/arquivo\\\/#website\"},\"breadcrumb\":{\"@id\":\"https:\\\/\\\/www.jornalja.com.br\\\/arquivo\\\/publico-superlota-chale-da-praca-xv-para-apoiar-manifesto-pelas-fundacoes\\\/#breadcrumblist\"},\"author\":{\"@id\":\"https:\\\/\\\/www.jornalja.com.br\\\/arquivo\\\/author\\\/daredacao\\\/#author\"},\"creator\":{\"@id\":\"https:\\\/\\\/www.jornalja.com.br\\\/arquivo\\\/author\\\/daredacao\\\/#author\"},\"image\":{\"@type\":\"ImageObject\",\"url\":43087,\"@id\":\"https:\\\/\\\/www.jornalja.com.br\\\/arquivo\\\/publico-superlota-chale-da-praca-xv-para-apoiar-manifesto-pelas-fundacoes\\\/#mainImage\"},\"primaryImageOfPage\":{\"@id\":\"https:\\\/\\\/www.jornalja.com.br\\\/arquivo\\\/publico-superlota-chale-da-praca-xv-para-apoiar-manifesto-pelas-fundacoes\\\/#mainImage\"},\"datePublished\":\"2017-01-09T20:23:51-02:00\",\"dateModified\":\"2017-01-09T20:23:51-02:00\"},{\"@type\":\"WebSite\",\"@id\":\"https:\\\/\\\/www.jornalja.com.br\\\/arquivo\\\/#website\",\"url\":\"https:\\\/\\\/www.jornalja.com.br\\\/arquivo\\\/\",\"name\":\"Arquivo\",\"description\":\"Jornal J\\u00c1 | Porto Alegre\",\"inLanguage\":\"pt-BR\",\"publisher\":{\"@id\":\"https:\\\/\\\/www.jornalja.com.br\\\/arquivo\\\/#organization\"}}]}\n\t\t<\/script>\n\t\t<!-- All in One SEO -->\n\n","aioseo_head_json":{"title":"P\u00fablico superlota Chal\u00e9 da Pra\u00e7a XV para apoiar manifesto pelas funda\u00e7\u00f5es | Arquivo","description":"","canonical_url":"https:\/\/www.jornalja.com.br\/arquivo\/publico-superlota-chale-da-praca-xv-para-apoiar-manifesto-pelas-fundacoes\/","robots":"max-image-preview:large","keywords":"","webmasterTools":{"miscellaneous":""},"schema":{"@context":"https:\/\/schema.org","@graph":[{"@type":"BlogPosting","@id":"https:\/\/www.jornalja.com.br\/arquivo\/publico-superlota-chale-da-praca-xv-para-apoiar-manifesto-pelas-fundacoes\/#blogposting","name":"P\u00fablico superlota Chal\u00e9 da Pra\u00e7a XV para apoiar manifesto pelas funda\u00e7\u00f5es | Arquivo","headline":"P\u00fablico superlota Chal\u00e9 da Pra\u00e7a XV para apoiar manifesto pelas funda\u00e7\u00f5es","author":{"@id":"https:\/\/www.jornalja.com.br\/arquivo\/author\/daredacao\/#author"},"publisher":{"@id":"https:\/\/www.jornalja.com.br\/arquivo\/#organization"},"image":{"@type":"ImageObject","url":43087},"datePublished":"2017-01-09T20:23:51-02:00","dateModified":"2017-01-09T20:23:51-02:00","inLanguage":"pt-BR","mainEntityOfPage":{"@id":"https:\/\/www.jornalja.com.br\/arquivo\/publico-superlota-chale-da-praca-xv-para-apoiar-manifesto-pelas-fundacoes\/#webpage"},"isPartOf":{"@id":"https:\/\/www.jornalja.com.br\/arquivo\/publico-superlota-chale-da-praca-xv-para-apoiar-manifesto-pelas-fundacoes\/#webpage"},"articleSection":"Geral"},{"@type":"BreadcrumbList","@id":"https:\/\/www.jornalja.com.br\/arquivo\/publico-superlota-chale-da-praca-xv-para-apoiar-manifesto-pelas-fundacoes\/#breadcrumblist","itemListElement":[{"@type":"ListItem","@id":"https:\/\/www.jornalja.com.br\/arquivo#listItem","position":1,"name":"Home","item":"https:\/\/www.jornalja.com.br\/arquivo","nextItem":{"@type":"ListItem","@id":"https:\/\/www.jornalja.com.br\/arquivo\/category\/geral\/#listItem","name":"Geral"}},{"@type":"ListItem","@id":"https:\/\/www.jornalja.com.br\/arquivo\/category\/geral\/#listItem","position":2,"name":"Geral","item":"https:\/\/www.jornalja.com.br\/arquivo\/category\/geral\/","nextItem":{"@type":"ListItem","@id":"https:\/\/www.jornalja.com.br\/arquivo\/publico-superlota-chale-da-praca-xv-para-apoiar-manifesto-pelas-fundacoes\/#listItem","name":"P\u00fablico superlota Chal\u00e9 da Pra\u00e7a XV para apoiar manifesto pelas funda\u00e7\u00f5es"},"previousItem":{"@type":"ListItem","@id":"https:\/\/www.jornalja.com.br\/arquivo#listItem","name":"Home"}},{"@type":"ListItem","@id":"https:\/\/www.jornalja.com.br\/arquivo\/publico-superlota-chale-da-praca-xv-para-apoiar-manifesto-pelas-fundacoes\/#listItem","position":3,"name":"P\u00fablico superlota Chal\u00e9 da Pra\u00e7a XV para apoiar manifesto pelas funda\u00e7\u00f5es","previousItem":{"@type":"ListItem","@id":"https:\/\/www.jornalja.com.br\/arquivo\/category\/geral\/#listItem","name":"Geral"}}]},{"@type":"Organization","@id":"https:\/\/www.jornalja.com.br\/arquivo\/#organization","name":"Jornal J\u00c1","description":"Jornal J\u00c1 | Porto Alegre","url":"https:\/\/www.jornalja.com.br\/arquivo\/","telephone":"+555133307272","logo":{"@type":"ImageObject","url":"https:\/\/www.jornalja.com.br\/wp-content\/uploads\/cards\/JAslogan.png","@id":"https:\/\/www.jornalja.com.br\/arquivo\/publico-superlota-chale-da-praca-xv-para-apoiar-manifesto-pelas-fundacoes\/#organizationLogo"},"image":{"@id":"https:\/\/www.jornalja.com.br\/arquivo\/publico-superlota-chale-da-praca-xv-para-apoiar-manifesto-pelas-fundacoes\/#organizationLogo"}},{"@type":"Person","@id":"https:\/\/www.jornalja.com.br\/arquivo\/author\/daredacao\/#author","url":"https:\/\/www.jornalja.com.br\/arquivo\/author\/daredacao\/","name":"da Reda\u00e7\u00e3o","image":{"@type":"ImageObject","@id":"https:\/\/www.jornalja.com.br\/arquivo\/publico-superlota-chale-da-praca-xv-para-apoiar-manifesto-pelas-fundacoes\/#authorImage","url":"https:\/\/secure.gravatar.com\/avatar\/469fd857d6605ad19919d27ed29d35a968a25f6e8fd9318356bbb7f57aae9c65?s=96&d=mm&r=g","width":96,"height":96,"caption":"da Reda\u00e7\u00e3o"}},{"@type":"WebPage","@id":"https:\/\/www.jornalja.com.br\/arquivo\/publico-superlota-chale-da-praca-xv-para-apoiar-manifesto-pelas-fundacoes\/#webpage","url":"https:\/\/www.jornalja.com.br\/arquivo\/publico-superlota-chale-da-praca-xv-para-apoiar-manifesto-pelas-fundacoes\/","name":"P\u00fablico superlota Chal\u00e9 da Pra\u00e7a XV para apoiar manifesto pelas funda\u00e7\u00f5es | Arquivo","inLanguage":"pt-BR","isPartOf":{"@id":"https:\/\/www.jornalja.com.br\/arquivo\/#website"},"breadcrumb":{"@id":"https:\/\/www.jornalja.com.br\/arquivo\/publico-superlota-chale-da-praca-xv-para-apoiar-manifesto-pelas-fundacoes\/#breadcrumblist"},"author":{"@id":"https:\/\/www.jornalja.com.br\/arquivo\/author\/daredacao\/#author"},"creator":{"@id":"https:\/\/www.jornalja.com.br\/arquivo\/author\/daredacao\/#author"},"image":{"@type":"ImageObject","url":43087,"@id":"https:\/\/www.jornalja.com.br\/arquivo\/publico-superlota-chale-da-praca-xv-para-apoiar-manifesto-pelas-fundacoes\/#mainImage"},"primaryImageOfPage":{"@id":"https:\/\/www.jornalja.com.br\/arquivo\/publico-superlota-chale-da-praca-xv-para-apoiar-manifesto-pelas-fundacoes\/#mainImage"},"datePublished":"2017-01-09T20:23:51-02:00","dateModified":"2017-01-09T20:23:51-02:00"},{"@type":"WebSite","@id":"https:\/\/www.jornalja.com.br\/arquivo\/#website","url":"https:\/\/www.jornalja.com.br\/arquivo\/","name":"Arquivo","description":"Jornal J\u00c1 | Porto Alegre","inLanguage":"pt-BR","publisher":{"@id":"https:\/\/www.jornalja.com.br\/arquivo\/#organization"}}]},"og:locale":"pt_BR","og:site_name":"Arquivo | Jornal J\u00c1 | Porto Alegre","og:type":"article","og:title":"P\u00fablico superlota Chal\u00e9 da Pra\u00e7a XV para apoiar manifesto pelas funda\u00e7\u00f5es | Arquivo","og:url":"https:\/\/www.jornalja.com.br\/arquivo\/publico-superlota-chale-da-praca-xv-para-apoiar-manifesto-pelas-fundacoes\/","og:image":"https:\/\/www.jornalja.com.br\/economics\/wp-content\/uploads\/sites\/11\/2026\/08\/ja-folhaderosto-facebook.jpg","og:image:secure_url":"https:\/\/www.jornalja.com.br\/economics\/wp-content\/uploads\/sites\/11\/2026\/08\/ja-folhaderosto-facebook.jpg","article:published_time":"2017-01-09T23:23:51+00:00","article:modified_time":"2017-01-09T23:23:51+00:00","twitter:card":"summary","twitter:title":"P\u00fablico superlota Chal\u00e9 da Pra\u00e7a XV para apoiar manifesto pelas funda\u00e7\u00f5es | Arquivo","twitter:image":"https:\/\/www.jornalja.com.br\/economics\/wp-content\/uploads\/sites\/11\/2026\/08\/ja-folhaderosto-facebook.jpg"},"aioseo_meta_data":{"post_id":"43085","title":null,"description":null,"keywords":null,"keyphrases":null,"primary_term":null,"canonical_url":null,"og_title":null,"og_description":null,"og_object_type":"default","og_image_type":"default","og_image_url":null,"og_image_width":null,"og_image_height":null,"og_image_custom_url":null,"og_image_custom_fields":null,"og_video":null,"og_custom_url":null,"og_article_section":null,"og_article_tags":null,"twitter_use_og":false,"twitter_card":"default","twitter_image_type":"default","twitter_image_url":null,"twitter_image_custom_url":null,"twitter_image_custom_fields":null,"twitter_title":null,"twitter_description":null,"schema":{"blockGraphs":[],"customGraphs":[],"default":{"data":{"Article":[],"Course":[],"Dataset":[],"FAQPage":[],"Movie":[],"Person":[],"Product":[],"ProductReview":[],"Car":[],"Recipe":[],"Service":[],"SoftwareApplication":[],"WebPage":[]},"graphName":"","isEnabled":true},"graphs":[],"defaultGraph":"","defaultPostTypeGraph":""},"schema_type":null,"schema_type_options":null,"pillar_content":false,"robots_default":true,"robots_noindex":false,"robots_noarchive":false,"robots_nosnippet":false,"robots_nofollow":false,"robots_noimageindex":false,"robots_noodp":false,"robots_notranslate":false,"robots_max_snippet":null,"robots_max_videopreview":null,"robots_max_imagepreview":"large","priority":null,"frequency":null,"location":null,"local_seo":null,"breadcrumb_settings":null,"limit_modified_date":false,"ai":null,"created":"2020-12-20 20:43:21","updated":"2025-07-19 19:09:42","seo_analyzer_scan_date":null,"focus_keyword":null,"additional_keywords":null,"truseo_locale":null},"jetpack_sharing_enabled":true,"jetpack-related-posts":[{"id":13240,"url":"https:\/\/www.jornalja.com.br\/arquivo\/plano-diretor-estamos-construindo-o-caos\/","url_meta":{"origin":43085,"position":0},"title":"Plano diretor: &quot;Estamos construindo o caos&quot;","author":"Patr\u00edcia Marini","date":"26 de maio de 2014","format":false,"excerpt":"Desabafo que arquiteta Eliana Castilhos, delegada da Regi\u00e3o de Planejamento 1, postou nas redes sociais \u00e9 um testemunho do ambiente que se criou no Conselho do Plano Diretor de Porto Alegre, onde a aprova\u00e7\u00e3o de grandes empreendimentos \u00e9 empurrada guela abaixo dos conselheiros. Ao CMDUA Como delegada da Regi\u00e3o de\u2026","rel":"","context":"Em &quot;Geral&quot;","block_context":{"text":"Geral","link":"https:\/\/www.jornalja.com.br\/arquivo\/category\/geral\/"},"img":{"alt_text":"","src":"","width":0,"height":0},"classes":[]},{"id":13239,"url":"https:\/\/www.jornalja.com.br\/arquivo\/conselho-desdenha-do-plano-diretor\/","url_meta":{"origin":43085,"position":1},"title":"Porto Alegre: Conselho detona Plano Diretor","author":"Patr\u00edcia Marini","date":"25 de maio de 2014","format":false,"excerpt":"Den\u00fancia do arquiteto e \u00a0urbanista Ibir\u00e1 Santos Lucas. Ele diz que os conselheiros est\u00e3o votando com \"enorme irresponsabilidade\". \"Mudam regime com a maior naturalidade,,,regularizam absurdos de constru\u00e7\u00f5es irregulares... \"O CMDUA est\u00e1 flexibilizando a lei do plano diretor, de uma forma impactante na vida da cidade. Mudam regime com a maior\u2026","rel":"","context":"Em &quot;Geral&quot;","block_context":{"text":"Geral","link":"https:\/\/www.jornalja.com.br\/arquivo\/category\/geral\/"},"img":{"alt_text":"","src":"","width":0,"height":0},"classes":[]},{"id":13124,"url":"https:\/\/www.jornalja.com.br\/arquivo\/sangue-latino-no-iecine\/","url_meta":{"origin":43085,"position":2},"title":"Sangue latino no IECINE","author":"da Reda\u00e7\u00e3o","date":"18 de maio de 2014","format":false,"excerpt":"Francisco Ribeiro O Instituto Estadual de Cinema (IECINE) tem a frente, desde abril \u00faltimo, um novo diretor, o cineasta colombiano Juan Zapata, 36, que substitui Luiz Alberto Cassol. Radicado h\u00e1 dez anos em Porto Alegre, Zapata tem diante de si o desafio de conduzir at\u00e9 o final do ano um\u2026","rel":"","context":"Em &quot;Cultura-Geral&quot;","block_context":{"text":"Cultura-Geral","link":"https:\/\/www.jornalja.com.br\/arquivo\/category\/materiasecundaria\/"},"img":{"alt_text":"","src":"","width":0,"height":0},"classes":[]},{"id":12960,"url":"https:\/\/www.jornalja.com.br\/arquivo\/populacao-culpa-empresas-pela-greve-dos-rodoviarios\/","url_meta":{"origin":43085,"position":3},"title":"Popula\u00e7\u00e3o culpa empresas pela greve","author":"Patr\u00edcia Marini","date":"14 de fevereiro de 2014","format":false,"excerpt":"Pesquisa divulgada na edi\u00e7\u00e3o do jornal Metro desta sexta-feira,14, comprova o velho ditado: \u00e9 poss\u00edvel enganar muitos por algum tempo, mas n\u00e3o \u00e9 poss\u00edvel enganar a todos o tempo inteiro. A principal revela\u00e7\u00e3o foi que 59,8% dos entrevistados apontaram as empresas como as principais respons\u00e1veis pela grave e 46% culparam\u2026","rel":"","context":"Em &quot;X.Categorias velhas&quot;","block_context":{"text":"X.Categorias velhas","link":"https:\/\/www.jornalja.com.br\/arquivo\/category\/x-categorias-velhas\/"},"img":{"alt_text":"","src":"","width":0,"height":0},"classes":[]},{"id":13101,"url":"https:\/\/www.jornalja.com.br\/arquivo\/morre-um-guerreiro-do-texto\/","url_meta":{"origin":43085,"position":4},"title":"Morre um guerreiro do texto","author":"Patr\u00edcia Marini","date":"14 de maio de 2014","format":false,"excerpt":"Por Ricardo Kotscho Reproduzido do blog do autor, 11\/5\/2014; t\u00edtulo original \u201cE l\u00e1 se foi o nosso Myltainho, guerreiro do texto\u201d. Mi\u00fado e franzino, meu amigo Myltainho era um valente e inconformado guerreiro na luta contra as injusti\u00e7as sociais, a hipocrisia, as maracutaias, o autoritarismo, a intoler\u00e2ncia, a viol\u00eancia, o\u2026","rel":"","context":"Em &quot;Geral&quot;","block_context":{"text":"Geral","link":"https:\/\/www.jornalja.com.br\/arquivo\/category\/geral\/"},"img":{"alt_text":"","src":"","width":0,"height":0},"classes":[]},{"id":5440,"url":"https:\/\/www.jornalja.com.br\/arquivo\/casarao-da-venancio-destino-permanece-incerto\/","url_meta":{"origin":43085,"position":5},"title":"Estado ainda n\u00e3o sabe o que fazer com casar\u00e3o abandonado h\u00e1 20 anos","author":"Elmar Bones","date":"6 de julho de 2009","format":false,"excerpt":"O casar\u00e3o amarelo, numa esquina nobre de Porto Alegre (Ven\u00e2ncio Aires com Jo\u00e3o Pessoa), j\u00e1 abrigou uma escola. H\u00e1 duas d\u00e9cadas, pelo menos, est\u00e1 abandonado, porque seu propriet\u00e1rio, o governo do Estado do Rio Grande do Sul, n\u00e3o consegue achar um destino para ele. Planos n\u00e3o faltaram. O governador Ol\u00edvio\u2026","rel":"","context":"Em &quot;X.Categorias velhas&quot;","block_context":{"text":"X.Categorias velhas","link":"https:\/\/www.jornalja.com.br\/arquivo\/category\/x-categorias-velhas\/"},"img":{"alt_text":"geraldo1","src":"https:\/\/i0.wp.com\/www.jornalja.com.br\/wp-content\/uploads\/2009\/07\/geraldo1.jpg?resize=350%2C200&ssl=1","width":350,"height":200},"classes":[]}],"jetpack_shortlink":"https:\/\/wp.me\/pbQjBd-bcV","jetpack_featured_media_url":"","_links":{"self":[{"href":"https:\/\/www.jornalja.com.br\/arquivo\/wp-json\/wp\/v2\/posts\/43085","targetHints":{"allow":["GET"]}}],"collection":[{"href":"https:\/\/www.jornalja.com.br\/arquivo\/wp-json\/wp\/v2\/posts"}],"about":[{"href":"https:\/\/www.jornalja.com.br\/arquivo\/wp-json\/wp\/v2\/types\/post"}],"author":[{"embeddable":true,"href":"https:\/\/www.jornalja.com.br\/arquivo\/wp-json\/wp\/v2\/users\/4"}],"replies":[{"embeddable":true,"href":"https:\/\/www.jornalja.com.br\/arquivo\/wp-json\/wp\/v2\/comments?post=43085"}],"version-history":[{"count":0,"href":"https:\/\/www.jornalja.com.br\/arquivo\/wp-json\/wp\/v2\/posts\/43085\/revisions"}],"wp:attachment":[{"href":"https:\/\/www.jornalja.com.br\/arquivo\/wp-json\/wp\/v2\/media?parent=43085"}],"wp:term":[{"taxonomy":"category","embeddable":true,"href":"https:\/\/www.jornalja.com.br\/arquivo\/wp-json\/wp\/v2\/categories?post=43085"},{"taxonomy":"post_tag","embeddable":true,"href":"https:\/\/www.jornalja.com.br\/arquivo\/wp-json\/wp\/v2\/tags?post=43085"}],"curies":[{"name":"wp","href":"https:\/\/api.w.org\/{rel}","templated":true}]}}