{"id":43116,"date":"2017-01-10T19:02:04","date_gmt":"2017-01-10T22:02:04","guid":{"rendered":"https:\/\/www.jornalja.com.br\/?p=43116"},"modified":"2017-01-10T19:02:04","modified_gmt":"2017-01-10T22:02:04","slug":"governo-do-estado-pode-pedir-transferencia-das-concessoes-da-tve-e-fm-cultura","status":"publish","type":"post","link":"https:\/\/www.jornalja.com.br\/arquivo\/governo-do-estado-pode-pedir-transferencia-das-concessoes-da-tve-e-fm-cultura\/","title":{"rendered":"Governo do Estado pode pedir transfer\u00eancia das concess\u00f5es da TVE e FM Cultura"},"content":{"rendered":"<p>O Minist\u00e9rio das Comunica\u00e7\u00f5es confirmou que existe a possibilidade de transfer\u00eancia das concess\u00f5es da TVE e r\u00e1dio FM Cultura para o Governo do Estado, caso se confirme a extin\u00e7\u00e3o da Funda\u00e7\u00e3o Piratini, aprovada pelos deputados ga\u00fachos no final de 2016. As concess\u00f5es est\u00e3o em nome da funda\u00e7\u00e3o. Com a extin\u00e7\u00e3o do CNPJ ao qual est\u00e3o vinculadas as licen\u00e7as, elas automaticamente voltam para a Uni\u00e3o.<br \/>\nPor\u00e9m, o <a href=\"http:\/\/www.planalto.gov.br\/ccivil_03\/decreto\/Antigos\/D52795.htm\" target=\"_blank\" rel=\"noopener noreferrer\">Decreto 52.795\/63<\/a>, que regulamenta a radiodifus\u00e3o no pa\u00eds, prev\u00ea a possibilidade de transfer\u00eancia direta para outra entidade. Para isso, \u00e9 preciso que as duas partes, neste caso, Governo do Estado e Funda\u00e7\u00e3o Piratini, fa\u00e7am uma solicita\u00e7\u00e3o conjunta ao Minist\u00e9rio das Comunica\u00e7\u00f5es, no caso, o Minist\u00e9rio da Ci\u00eancia, Tecnologia, Inova\u00e7\u00f5es e Comunica\u00e7\u00f5es.<br \/>\nA transfer\u00eancia de concess\u00f5es de\u00a0r\u00e1dio precisam ser autorizadas pelo Minist\u00e9rio. Em rela\u00e7\u00e3o \u00e0s concess\u00f5es de televis\u00e3o, a decis\u00e3o \u00e9 do presidente da Rep\u00fablica. Em caso de transfer\u00eancia, ficam mantidos os mesmos prazos e condi\u00e7\u00f5es originais.<br \/>\n&nbsp;<br \/>\n<span class=\"intertit\" style=\"font-weight: 400\">Troca de postos prepara \u201cnovo modelo\u201d<\/span><br \/>\n<figure id=\"attachment_43121\" aria-describedby=\"caption-attachment-43121\" style=\"width: 725px\" class=\"wp-caption alignnone\"><img loading=\"lazy\" decoding=\"async\" class=\"wp-image-43121 size-full\" src=\"https:\/\/www.jornalja.com.br\/wp-content\/uploads\/2017\/01\/upload-20170110155356ksv_2083.jpg\" alt=\"Orestes de Andrade Jr. (centro) \u00e9 o novo presidente da Funda\u00e7\u00e3o Piratini \/ Karine Viana \/ Pal\u00e1cio Piratini\" width=\"725\" height=\"483\" \/><figcaption id=\"caption-attachment-43121\" class=\"wp-caption-text\">Orestes de Andrade Jr. (centro) \u00e9 o novo presidente da Funda\u00e7\u00e3o Piratini \/ Karine Viana \/ Pal\u00e1cio Piratini<\/figcaption><\/figure><br \/>\n<span style=\"font-weight: 400\">O governador Jos\u00e9 Ivo Sartori trocou o comando da Funda\u00e7\u00e3o Piratini. O ent\u00e3o diretor-geral da Secretaria de Comunica\u00e7\u00e3o, Orestes de Andrade Jr., passou \u00e0 presid\u00eancia da funda\u00e7\u00e3o. Isara Marques, que estava na presid\u00eancia, assume o seu cargo na dire\u00e7\u00e3o-geral da secretaria.<\/span><br \/>\n<span style=\"font-weight: 400\">As mudan\u00e7as fazem parte do encaminhamento de um \u201cnovo modelo\u201d, segundo o governo.\u00a0<\/span><span style=\"font-weight: 400\">Segundo o novo presidente da funda\u00e7\u00e3o respons\u00e1vel pela TVE e pela FM Cultura, o governo do Estado pretende construir um modelo comunit\u00e1rio e sustent\u00e1vel, em parceria com os diferentes setores da sociedade.<\/span><br \/>\nO secret\u00e1rio estadual de Comunica\u00e7\u00e3o, Cleber Benvegn\u00fa, havia anunciado na semana passada que <a href=\"http:\/\/www.rs.gov.br\/conteudo\/252054\/estado-busca-modelo-para-manter-emissoras-publicas-diz-secretario-de-comunicacao\" target=\"_blank\" rel=\"noopener noreferrer\">o governo pretende manter as emissoras<\/a> e busca alternativas de gest\u00e3o. Para Benvegn\u00fa, a extin\u00e7\u00e3o das funda\u00e7\u00f5es e demiss\u00e3o do quadro de funcion\u00e1rios n\u00e3o significam o fechamento das duas emissoras. O governo aguarda parecer da Procuradoria Geral do Estado sobre a situa\u00e7\u00e3o dos funcion\u00e1rios para definir de que forma se dar\u00e1 o processo de extin\u00e7\u00e3o da Funda\u00e7\u00e3o Piratini.<br \/>\n&nbsp;<\/p>\n","protected":false},"excerpt":{"rendered":"<p>O Minist\u00e9rio das Comunica\u00e7\u00f5es confirmou que existe a possibilidade de transfer\u00eancia das concess\u00f5es da TVE e r\u00e1dio FM Cultura para o Governo do Estado, caso se confirme a extin\u00e7\u00e3o da Funda\u00e7\u00e3o Piratini, aprovada pelos deputados ga\u00fachos no final de 2016. As concess\u00f5es est\u00e3o em nome da funda\u00e7\u00e3o. Com a extin\u00e7\u00e3o do CNPJ ao qual est\u00e3o [&hellip;]<\/p>\n","protected":false},"author":4,"featured_media":42247,"comment_status":"open","ping_status":"closed","sticky":false,"template":"","format":"standard","meta":{"_jetpack_newsletter_access":"","_jetpack_dont_email_post_to_subs":false,"_jetpack_newsletter_tier_id":0,"_jetpack_memberships_contains_paywalled_content":false,"_jetpack_feature_clip_id":0,"_jetpack_memberships_contains_paid_content":false,"footnotes":"","jetpack_post_was_ever_published":false},"categories":[26],"tags":[],"class_list":["post-43116","post","type-post","status-publish","format-standard","has-post-thumbnail","hentry","category-geral"],"aioseo_notices":[],"aioseo_head":"\n\t\t<!-- All in One SEO 5.0.1.1 - aioseo.com -->\n\t<meta name=\"robots\" content=\"max-image-preview:large\" \/>\n\t<meta name=\"author\" content=\"da Reda\u00e7\u00e3o\"\/>\n\t<link rel=\"canonical\" href=\"https:\/\/www.jornalja.com.br\/arquivo\/governo-do-estado-pode-pedir-transferencia-das-concessoes-da-tve-e-fm-cultura\/\" \/>\n\t<meta name=\"generator\" content=\"All in One SEO (AIOSEO) 5.0.1.1\" \/>\n\t\t<meta property=\"og:locale\" content=\"pt_BR\" \/>\n\t\t<meta property=\"og:site_name\" content=\"Arquivo | Jornal J\u00c1 | Porto Alegre\" \/>\n\t\t<meta property=\"og:type\" content=\"article\" \/>\n\t\t<meta property=\"og:title\" content=\"Governo do Estado pode pedir transfer\u00eancia das concess\u00f5es da TVE e FM Cultura | Arquivo\" \/>\n\t\t<meta property=\"og:url\" content=\"https:\/\/www.jornalja.com.br\/arquivo\/governo-do-estado-pode-pedir-transferencia-das-concessoes-da-tve-e-fm-cultura\/\" \/>\n\t\t<meta property=\"og:image\" content=\"https:\/\/www.jornalja.com.br\/wp-content\/uploads\/2017\/01\/upload-20170110155356ksv_2083.jpg\" \/>\n\t\t<meta property=\"og:image:secure_url\" content=\"https:\/\/www.jornalja.com.br\/wp-content\/uploads\/2017\/01\/upload-20170110155356ksv_2083.jpg\" \/>\n\t\t<meta property=\"article:published_time\" content=\"2017-01-10T22:02:04+00:00\" \/>\n\t\t<meta property=\"article:modified_time\" content=\"2017-01-10T22:02:04+00:00\" \/>\n\t\t<meta name=\"twitter:card\" content=\"summary\" \/>\n\t\t<meta name=\"twitter:title\" content=\"Governo do Estado pode pedir transfer\u00eancia das concess\u00f5es da TVE e FM Cultura | Arquivo\" \/>\n\t\t<meta name=\"twitter:image\" content=\"https:\/\/www.jornalja.com.br\/economics\/wp-content\/uploads\/sites\/11\/2026\/08\/ja-folhaderosto-facebook.jpg\" \/>\n\t\t<script type=\"application\/ld+json\" class=\"aioseo-schema\">\n\t\t\t{\"@context\":\"https:\\\/\\\/schema.org\",\"@graph\":[{\"@type\":\"BlogPosting\",\"@id\":\"https:\\\/\\\/www.jornalja.com.br\\\/arquivo\\\/governo-do-estado-pode-pedir-transferencia-das-concessoes-da-tve-e-fm-cultura\\\/#blogposting\",\"name\":\"Governo do Estado pode pedir transfer\\u00eancia das concess\\u00f5es da TVE e FM Cultura | Arquivo\",\"headline\":\"Governo do Estado pode pedir transfer\\u00eancia das concess\\u00f5es da TVE e FM Cultura\",\"author\":{\"@id\":\"https:\\\/\\\/www.jornalja.com.br\\\/arquivo\\\/author\\\/daredacao\\\/#author\"},\"publisher\":{\"@id\":\"https:\\\/\\\/www.jornalja.com.br\\\/arquivo\\\/#organization\"},\"image\":{\"@type\":\"ImageObject\",\"url\":42247},\"datePublished\":\"2017-01-10T19:02:04-02:00\",\"dateModified\":\"2017-01-10T19:02:04-02:00\",\"inLanguage\":\"pt-BR\",\"mainEntityOfPage\":{\"@id\":\"https:\\\/\\\/www.jornalja.com.br\\\/arquivo\\\/governo-do-estado-pode-pedir-transferencia-das-concessoes-da-tve-e-fm-cultura\\\/#webpage\"},\"isPartOf\":{\"@id\":\"https:\\\/\\\/www.jornalja.com.br\\\/arquivo\\\/governo-do-estado-pode-pedir-transferencia-das-concessoes-da-tve-e-fm-cultura\\\/#webpage\"},\"articleSection\":\"Geral\"},{\"@type\":\"BreadcrumbList\",\"@id\":\"https:\\\/\\\/www.jornalja.com.br\\\/arquivo\\\/governo-do-estado-pode-pedir-transferencia-das-concessoes-da-tve-e-fm-cultura\\\/#breadcrumblist\",\"itemListElement\":[{\"@type\":\"ListItem\",\"@id\":\"https:\\\/\\\/www.jornalja.com.br\\\/arquivo#listItem\",\"position\":1,\"name\":\"Home\",\"item\":\"https:\\\/\\\/www.jornalja.com.br\\\/arquivo\",\"nextItem\":{\"@type\":\"ListItem\",\"@id\":\"https:\\\/\\\/www.jornalja.com.br\\\/arquivo\\\/category\\\/geral\\\/#listItem\",\"name\":\"Geral\"}},{\"@type\":\"ListItem\",\"@id\":\"https:\\\/\\\/www.jornalja.com.br\\\/arquivo\\\/category\\\/geral\\\/#listItem\",\"position\":2,\"name\":\"Geral\",\"item\":\"https:\\\/\\\/www.jornalja.com.br\\\/arquivo\\\/category\\\/geral\\\/\",\"nextItem\":{\"@type\":\"ListItem\",\"@id\":\"https:\\\/\\\/www.jornalja.com.br\\\/arquivo\\\/governo-do-estado-pode-pedir-transferencia-das-concessoes-da-tve-e-fm-cultura\\\/#listItem\",\"name\":\"Governo do Estado pode pedir transfer\\u00eancia das concess\\u00f5es da TVE e FM Cultura\"},\"previousItem\":{\"@type\":\"ListItem\",\"@id\":\"https:\\\/\\\/www.jornalja.com.br\\\/arquivo#listItem\",\"name\":\"Home\"}},{\"@type\":\"ListItem\",\"@id\":\"https:\\\/\\\/www.jornalja.com.br\\\/arquivo\\\/governo-do-estado-pode-pedir-transferencia-das-concessoes-da-tve-e-fm-cultura\\\/#listItem\",\"position\":3,\"name\":\"Governo do Estado pode pedir transfer\\u00eancia das concess\\u00f5es da TVE e FM Cultura\",\"previousItem\":{\"@type\":\"ListItem\",\"@id\":\"https:\\\/\\\/www.jornalja.com.br\\\/arquivo\\\/category\\\/geral\\\/#listItem\",\"name\":\"Geral\"}}]},{\"@type\":\"Organization\",\"@id\":\"https:\\\/\\\/www.jornalja.com.br\\\/arquivo\\\/#organization\",\"name\":\"Jornal J\\u00c1\",\"description\":\"Jornal J\\u00c1 | Porto Alegre\",\"url\":\"https:\\\/\\\/www.jornalja.com.br\\\/arquivo\\\/\",\"telephone\":\"+555133307272\",\"logo\":{\"@type\":\"ImageObject\",\"url\":\"https:\\\/\\\/www.jornalja.com.br\\\/wp-content\\\/uploads\\\/cards\\\/JAslogan.png\",\"@id\":\"https:\\\/\\\/www.jornalja.com.br\\\/arquivo\\\/governo-do-estado-pode-pedir-transferencia-das-concessoes-da-tve-e-fm-cultura\\\/#organizationLogo\"},\"image\":{\"@id\":\"https:\\\/\\\/www.jornalja.com.br\\\/arquivo\\\/governo-do-estado-pode-pedir-transferencia-das-concessoes-da-tve-e-fm-cultura\\\/#organizationLogo\"}},{\"@type\":\"Person\",\"@id\":\"https:\\\/\\\/www.jornalja.com.br\\\/arquivo\\\/author\\\/daredacao\\\/#author\",\"url\":\"https:\\\/\\\/www.jornalja.com.br\\\/arquivo\\\/author\\\/daredacao\\\/\",\"name\":\"da Reda\\u00e7\\u00e3o\",\"image\":{\"@type\":\"ImageObject\",\"@id\":\"https:\\\/\\\/www.jornalja.com.br\\\/arquivo\\\/governo-do-estado-pode-pedir-transferencia-das-concessoes-da-tve-e-fm-cultura\\\/#authorImage\",\"url\":\"https:\\\/\\\/secure.gravatar.com\\\/avatar\\\/469fd857d6605ad19919d27ed29d35a968a25f6e8fd9318356bbb7f57aae9c65?s=96&d=mm&r=g\",\"width\":96,\"height\":96,\"caption\":\"da Reda\\u00e7\\u00e3o\"}},{\"@type\":\"WebPage\",\"@id\":\"https:\\\/\\\/www.jornalja.com.br\\\/arquivo\\\/governo-do-estado-pode-pedir-transferencia-das-concessoes-da-tve-e-fm-cultura\\\/#webpage\",\"url\":\"https:\\\/\\\/www.jornalja.com.br\\\/arquivo\\\/governo-do-estado-pode-pedir-transferencia-das-concessoes-da-tve-e-fm-cultura\\\/\",\"name\":\"Governo do Estado pode pedir transfer\\u00eancia das concess\\u00f5es da TVE e FM Cultura | Arquivo\",\"inLanguage\":\"pt-BR\",\"isPartOf\":{\"@id\":\"https:\\\/\\\/www.jornalja.com.br\\\/arquivo\\\/#website\"},\"breadcrumb\":{\"@id\":\"https:\\\/\\\/www.jornalja.com.br\\\/arquivo\\\/governo-do-estado-pode-pedir-transferencia-das-concessoes-da-tve-e-fm-cultura\\\/#breadcrumblist\"},\"author\":{\"@id\":\"https:\\\/\\\/www.jornalja.com.br\\\/arquivo\\\/author\\\/daredacao\\\/#author\"},\"creator\":{\"@id\":\"https:\\\/\\\/www.jornalja.com.br\\\/arquivo\\\/author\\\/daredacao\\\/#author\"},\"image\":{\"@type\":\"ImageObject\",\"url\":42247,\"@id\":\"https:\\\/\\\/www.jornalja.com.br\\\/arquivo\\\/governo-do-estado-pode-pedir-transferencia-das-concessoes-da-tve-e-fm-cultura\\\/#mainImage\"},\"primaryImageOfPage\":{\"@id\":\"https:\\\/\\\/www.jornalja.com.br\\\/arquivo\\\/governo-do-estado-pode-pedir-transferencia-das-concessoes-da-tve-e-fm-cultura\\\/#mainImage\"},\"datePublished\":\"2017-01-10T19:02:04-02:00\",\"dateModified\":\"2017-01-10T19:02:04-02:00\"},{\"@type\":\"WebSite\",\"@id\":\"https:\\\/\\\/www.jornalja.com.br\\\/arquivo\\\/#website\",\"url\":\"https:\\\/\\\/www.jornalja.com.br\\\/arquivo\\\/\",\"name\":\"Arquivo\",\"description\":\"Jornal J\\u00c1 | Porto Alegre\",\"inLanguage\":\"pt-BR\",\"publisher\":{\"@id\":\"https:\\\/\\\/www.jornalja.com.br\\\/arquivo\\\/#organization\"}}]}\n\t\t<\/script>\n\t\t<!-- All in One SEO -->\n\n","aioseo_head_json":{"title":"Governo do Estado pode pedir transfer\u00eancia das concess\u00f5es da TVE e FM Cultura | Arquivo","description":"","canonical_url":"https:\/\/www.jornalja.com.br\/arquivo\/governo-do-estado-pode-pedir-transferencia-das-concessoes-da-tve-e-fm-cultura\/","robots":"max-image-preview:large","keywords":"","webmasterTools":{"miscellaneous":""},"schema":{"@context":"https:\/\/schema.org","@graph":[{"@type":"BlogPosting","@id":"https:\/\/www.jornalja.com.br\/arquivo\/governo-do-estado-pode-pedir-transferencia-das-concessoes-da-tve-e-fm-cultura\/#blogposting","name":"Governo do Estado pode pedir transfer\u00eancia das concess\u00f5es da TVE e FM Cultura | Arquivo","headline":"Governo do Estado pode pedir transfer\u00eancia das concess\u00f5es da TVE e FM Cultura","author":{"@id":"https:\/\/www.jornalja.com.br\/arquivo\/author\/daredacao\/#author"},"publisher":{"@id":"https:\/\/www.jornalja.com.br\/arquivo\/#organization"},"image":{"@type":"ImageObject","url":42247},"datePublished":"2017-01-10T19:02:04-02:00","dateModified":"2017-01-10T19:02:04-02:00","inLanguage":"pt-BR","mainEntityOfPage":{"@id":"https:\/\/www.jornalja.com.br\/arquivo\/governo-do-estado-pode-pedir-transferencia-das-concessoes-da-tve-e-fm-cultura\/#webpage"},"isPartOf":{"@id":"https:\/\/www.jornalja.com.br\/arquivo\/governo-do-estado-pode-pedir-transferencia-das-concessoes-da-tve-e-fm-cultura\/#webpage"},"articleSection":"Geral"},{"@type":"BreadcrumbList","@id":"https:\/\/www.jornalja.com.br\/arquivo\/governo-do-estado-pode-pedir-transferencia-das-concessoes-da-tve-e-fm-cultura\/#breadcrumblist","itemListElement":[{"@type":"ListItem","@id":"https:\/\/www.jornalja.com.br\/arquivo#listItem","position":1,"name":"Home","item":"https:\/\/www.jornalja.com.br\/arquivo","nextItem":{"@type":"ListItem","@id":"https:\/\/www.jornalja.com.br\/arquivo\/category\/geral\/#listItem","name":"Geral"}},{"@type":"ListItem","@id":"https:\/\/www.jornalja.com.br\/arquivo\/category\/geral\/#listItem","position":2,"name":"Geral","item":"https:\/\/www.jornalja.com.br\/arquivo\/category\/geral\/","nextItem":{"@type":"ListItem","@id":"https:\/\/www.jornalja.com.br\/arquivo\/governo-do-estado-pode-pedir-transferencia-das-concessoes-da-tve-e-fm-cultura\/#listItem","name":"Governo do Estado pode pedir transfer\u00eancia das concess\u00f5es da TVE e FM Cultura"},"previousItem":{"@type":"ListItem","@id":"https:\/\/www.jornalja.com.br\/arquivo#listItem","name":"Home"}},{"@type":"ListItem","@id":"https:\/\/www.jornalja.com.br\/arquivo\/governo-do-estado-pode-pedir-transferencia-das-concessoes-da-tve-e-fm-cultura\/#listItem","position":3,"name":"Governo do Estado pode pedir transfer\u00eancia das concess\u00f5es da TVE e FM Cultura","previousItem":{"@type":"ListItem","@id":"https:\/\/www.jornalja.com.br\/arquivo\/category\/geral\/#listItem","name":"Geral"}}]},{"@type":"Organization","@id":"https:\/\/www.jornalja.com.br\/arquivo\/#organization","name":"Jornal J\u00c1","description":"Jornal J\u00c1 | Porto Alegre","url":"https:\/\/www.jornalja.com.br\/arquivo\/","telephone":"+555133307272","logo":{"@type":"ImageObject","url":"https:\/\/www.jornalja.com.br\/wp-content\/uploads\/cards\/JAslogan.png","@id":"https:\/\/www.jornalja.com.br\/arquivo\/governo-do-estado-pode-pedir-transferencia-das-concessoes-da-tve-e-fm-cultura\/#organizationLogo"},"image":{"@id":"https:\/\/www.jornalja.com.br\/arquivo\/governo-do-estado-pode-pedir-transferencia-das-concessoes-da-tve-e-fm-cultura\/#organizationLogo"}},{"@type":"Person","@id":"https:\/\/www.jornalja.com.br\/arquivo\/author\/daredacao\/#author","url":"https:\/\/www.jornalja.com.br\/arquivo\/author\/daredacao\/","name":"da Reda\u00e7\u00e3o","image":{"@type":"ImageObject","@id":"https:\/\/www.jornalja.com.br\/arquivo\/governo-do-estado-pode-pedir-transferencia-das-concessoes-da-tve-e-fm-cultura\/#authorImage","url":"https:\/\/secure.gravatar.com\/avatar\/469fd857d6605ad19919d27ed29d35a968a25f6e8fd9318356bbb7f57aae9c65?s=96&d=mm&r=g","width":96,"height":96,"caption":"da Reda\u00e7\u00e3o"}},{"@type":"WebPage","@id":"https:\/\/www.jornalja.com.br\/arquivo\/governo-do-estado-pode-pedir-transferencia-das-concessoes-da-tve-e-fm-cultura\/#webpage","url":"https:\/\/www.jornalja.com.br\/arquivo\/governo-do-estado-pode-pedir-transferencia-das-concessoes-da-tve-e-fm-cultura\/","name":"Governo do Estado pode pedir transfer\u00eancia das concess\u00f5es da TVE e FM Cultura | Arquivo","inLanguage":"pt-BR","isPartOf":{"@id":"https:\/\/www.jornalja.com.br\/arquivo\/#website"},"breadcrumb":{"@id":"https:\/\/www.jornalja.com.br\/arquivo\/governo-do-estado-pode-pedir-transferencia-das-concessoes-da-tve-e-fm-cultura\/#breadcrumblist"},"author":{"@id":"https:\/\/www.jornalja.com.br\/arquivo\/author\/daredacao\/#author"},"creator":{"@id":"https:\/\/www.jornalja.com.br\/arquivo\/author\/daredacao\/#author"},"image":{"@type":"ImageObject","url":42247,"@id":"https:\/\/www.jornalja.com.br\/arquivo\/governo-do-estado-pode-pedir-transferencia-das-concessoes-da-tve-e-fm-cultura\/#mainImage"},"primaryImageOfPage":{"@id":"https:\/\/www.jornalja.com.br\/arquivo\/governo-do-estado-pode-pedir-transferencia-das-concessoes-da-tve-e-fm-cultura\/#mainImage"},"datePublished":"2017-01-10T19:02:04-02:00","dateModified":"2017-01-10T19:02:04-02:00"},{"@type":"WebSite","@id":"https:\/\/www.jornalja.com.br\/arquivo\/#website","url":"https:\/\/www.jornalja.com.br\/arquivo\/","name":"Arquivo","description":"Jornal J\u00c1 | Porto Alegre","inLanguage":"pt-BR","publisher":{"@id":"https:\/\/www.jornalja.com.br\/arquivo\/#organization"}}]},"og:locale":"pt_BR","og:site_name":"Arquivo | Jornal J\u00c1 | Porto Alegre","og:type":"article","og:title":"Governo do Estado pode pedir transfer\u00eancia das concess\u00f5es da TVE e FM Cultura | Arquivo","og:url":"https:\/\/www.jornalja.com.br\/arquivo\/governo-do-estado-pode-pedir-transferencia-das-concessoes-da-tve-e-fm-cultura\/","og:image":"https:\/\/www.jornalja.com.br\/wp-content\/uploads\/2017\/01\/upload-20170110155356ksv_2083.jpg","og:image:secure_url":"https:\/\/www.jornalja.com.br\/wp-content\/uploads\/2017\/01\/upload-20170110155356ksv_2083.jpg","article:published_time":"2017-01-10T22:02:04+00:00","article:modified_time":"2017-01-10T22:02:04+00:00","twitter:card":"summary","twitter:title":"Governo do Estado pode pedir transfer\u00eancia das concess\u00f5es da TVE e FM Cultura | Arquivo","twitter:image":"https:\/\/www.jornalja.com.br\/economics\/wp-content\/uploads\/sites\/11\/2026\/08\/ja-folhaderosto-facebook.jpg"},"aioseo_meta_data":{"post_id":"43116","title":null,"description":null,"keywords":null,"keyphrases":null,"primary_term":null,"canonical_url":null,"og_title":null,"og_description":null,"og_object_type":"default","og_image_type":"default","og_image_url":null,"og_image_width":null,"og_image_height":null,"og_image_custom_url":null,"og_image_custom_fields":null,"og_video":null,"og_custom_url":null,"og_article_section":null,"og_article_tags":null,"twitter_use_og":false,"twitter_card":"default","twitter_image_type":"default","twitter_image_url":null,"twitter_image_custom_url":null,"twitter_image_custom_fields":null,"twitter_title":null,"twitter_description":null,"schema":{"blockGraphs":[],"customGraphs":[],"default":{"data":{"Article":[],"Course":[],"Dataset":[],"FAQPage":[],"Movie":[],"Person":[],"Product":[],"ProductReview":[],"Car":[],"Recipe":[],"Service":[],"SoftwareApplication":[],"WebPage":[]},"graphName":"","isEnabled":true},"graphs":[],"defaultGraph":"","defaultPostTypeGraph":""},"schema_type":null,"schema_type_options":null,"pillar_content":false,"robots_default":true,"robots_noindex":false,"robots_noarchive":false,"robots_nosnippet":false,"robots_nofollow":false,"robots_noimageindex":false,"robots_noodp":false,"robots_notranslate":false,"robots_max_snippet":null,"robots_max_videopreview":null,"robots_max_imagepreview":"large","priority":null,"frequency":null,"location":null,"local_seo":null,"breadcrumb_settings":null,"limit_modified_date":false,"ai":null,"created":"2020-12-20 20:43:21","updated":"2025-07-19 19:09:42","seo_analyzer_scan_date":null,"focus_keyword":null,"additional_keywords":null,"truseo_locale":null},"jetpack_sharing_enabled":true,"jetpack-related-posts":[{"id":13124,"url":"https:\/\/www.jornalja.com.br\/arquivo\/sangue-latino-no-iecine\/","url_meta":{"origin":43116,"position":0},"title":"Sangue latino no IECINE","author":"da Reda\u00e7\u00e3o","date":"18 de maio de 2014","format":false,"excerpt":"Francisco Ribeiro O Instituto Estadual de Cinema (IECINE) tem a frente, desde abril \u00faltimo, um novo diretor, o cineasta colombiano Juan Zapata, 36, que substitui Luiz Alberto Cassol. Radicado h\u00e1 dez anos em Porto Alegre, Zapata tem diante de si o desafio de conduzir at\u00e9 o final do ano um\u2026","rel":"","context":"Em &quot;Cultura-Geral&quot;","block_context":{"text":"Cultura-Geral","link":"https:\/\/www.jornalja.com.br\/arquivo\/category\/materiasecundaria\/"},"img":{"alt_text":"","src":"","width":0,"height":0},"classes":[]},{"id":5440,"url":"https:\/\/www.jornalja.com.br\/arquivo\/casarao-da-venancio-destino-permanece-incerto\/","url_meta":{"origin":43116,"position":1},"title":"Estado ainda n\u00e3o sabe o que fazer com casar\u00e3o abandonado h\u00e1 20 anos","author":"Elmar Bones","date":"6 de julho de 2009","format":false,"excerpt":"O casar\u00e3o amarelo, numa esquina nobre de Porto Alegre (Ven\u00e2ncio Aires com Jo\u00e3o Pessoa), j\u00e1 abrigou uma escola. H\u00e1 duas d\u00e9cadas, pelo menos, est\u00e1 abandonado, porque seu propriet\u00e1rio, o governo do Estado do Rio Grande do Sul, n\u00e3o consegue achar um destino para ele. Planos n\u00e3o faltaram. O governador Ol\u00edvio\u2026","rel":"","context":"Em &quot;X.Categorias velhas&quot;","block_context":{"text":"X.Categorias velhas","link":"https:\/\/www.jornalja.com.br\/arquivo\/category\/x-categorias-velhas\/"},"img":{"alt_text":"geraldo1","src":"https:\/\/i0.wp.com\/www.jornalja.com.br\/wp-content\/uploads\/2009\/07\/geraldo1.jpg?resize=350%2C200&ssl=1","width":350,"height":200},"classes":[]},{"id":14241,"url":"https:\/\/www.jornalja.com.br\/arquivo\/o-guaiba-nas-imagens-poeticas-de-achutti\/","url_meta":{"origin":43116,"position":2},"title":"O Gua\u00edba nas imagens po\u00e9ticas de Achutti","author":"da Reda\u00e7\u00e3o","date":"18 de junho de 2014","format":false,"excerpt":"Em \u201cO Gua\u00edba por Achutti\u201d \u2013 obra financiada via Minist\u00e9rio da Cultura, produ\u00e7\u00e3o executiva de Pedro Longhi, e Fl\u00e1vio Wild como designer \u2013, o fot\u00f3grafo revela a beleza e as mazelas de um espa\u00e7o aqu\u00e1tico de \u00e1guas sempre renovadas, cheio de hist\u00f3rias e lendas como as das cidades que foram\u2026","rel":"","context":"Em &quot;Cultura-Geral&quot;","block_context":{"text":"Cultura-Geral","link":"https:\/\/www.jornalja.com.br\/arquivo\/category\/materiasecundaria\/"},"img":{"alt_text":"","src":"","width":0,"height":0},"classes":[]},{"id":12960,"url":"https:\/\/www.jornalja.com.br\/arquivo\/populacao-culpa-empresas-pela-greve-dos-rodoviarios\/","url_meta":{"origin":43116,"position":3},"title":"Popula\u00e7\u00e3o culpa empresas pela greve","author":"Patr\u00edcia Marini","date":"14 de fevereiro de 2014","format":false,"excerpt":"Pesquisa divulgada na edi\u00e7\u00e3o do jornal Metro desta sexta-feira,14, comprova o velho ditado: \u00e9 poss\u00edvel enganar muitos por algum tempo, mas n\u00e3o \u00e9 poss\u00edvel enganar a todos o tempo inteiro. A principal revela\u00e7\u00e3o foi que 59,8% dos entrevistados apontaram as empresas como as principais respons\u00e1veis pela grave e 46% culparam\u2026","rel":"","context":"Em &quot;X.Categorias velhas&quot;","block_context":{"text":"X.Categorias velhas","link":"https:\/\/www.jornalja.com.br\/arquivo\/category\/x-categorias-velhas\/"},"img":{"alt_text":"","src":"","width":0,"height":0},"classes":[]},{"id":13128,"url":"https:\/\/www.jornalja.com.br\/arquivo\/maconha-terra-diz-que-uso-medicinal-e-desculpa\/","url_meta":{"origin":43116,"position":4},"title":"Maconha: Terra diz que uso medicinal \u00e9 desculpa","author":"Patr\u00edcia Marini","date":"4 de junho de 2014","format":false,"excerpt":"A condi\u00e7\u00e3o de pol\u00edtico, em \u00e9poca de campanha de campanha eleitoral, tira for\u00e7a do discurso do m\u00e9dico Osmar Terra contra a legaliza\u00e7\u00e3o da maconha. A tese dele de que a libera\u00e7\u00e3o vai ampliar exponencialmente o consumo \u00e9 discutivel, o consumo \u00e9 corrente. Mas seus alertas quanto aos riscos tem que\u2026","rel":"","context":"Em &quot;X.Categorias velhas&quot;","block_context":{"text":"X.Categorias velhas","link":"https:\/\/www.jornalja.com.br\/arquivo\/category\/x-categorias-velhas\/"},"img":{"alt_text":"","src":"","width":0,"height":0},"classes":[]},{"id":13240,"url":"https:\/\/www.jornalja.com.br\/arquivo\/plano-diretor-estamos-construindo-o-caos\/","url_meta":{"origin":43116,"position":5},"title":"Plano diretor: &quot;Estamos construindo o caos&quot;","author":"Patr\u00edcia Marini","date":"26 de maio de 2014","format":false,"excerpt":"Desabafo que arquiteta Eliana Castilhos, delegada da Regi\u00e3o de Planejamento 1, postou nas redes sociais \u00e9 um testemunho do ambiente que se criou no Conselho do Plano Diretor de Porto Alegre, onde a aprova\u00e7\u00e3o de grandes empreendimentos \u00e9 empurrada guela abaixo dos conselheiros. Ao CMDUA Como delegada da Regi\u00e3o de\u2026","rel":"","context":"Em &quot;Geral&quot;","block_context":{"text":"Geral","link":"https:\/\/www.jornalja.com.br\/arquivo\/category\/geral\/"},"img":{"alt_text":"","src":"","width":0,"height":0},"classes":[]}],"jetpack_shortlink":"https:\/\/wp.me\/pbQjBd-bdq","jetpack_featured_media_url":"","_links":{"self":[{"href":"https:\/\/www.jornalja.com.br\/arquivo\/wp-json\/wp\/v2\/posts\/43116","targetHints":{"allow":["GET"]}}],"collection":[{"href":"https:\/\/www.jornalja.com.br\/arquivo\/wp-json\/wp\/v2\/posts"}],"about":[{"href":"https:\/\/www.jornalja.com.br\/arquivo\/wp-json\/wp\/v2\/types\/post"}],"author":[{"embeddable":true,"href":"https:\/\/www.jornalja.com.br\/arquivo\/wp-json\/wp\/v2\/users\/4"}],"replies":[{"embeddable":true,"href":"https:\/\/www.jornalja.com.br\/arquivo\/wp-json\/wp\/v2\/comments?post=43116"}],"version-history":[{"count":0,"href":"https:\/\/www.jornalja.com.br\/arquivo\/wp-json\/wp\/v2\/posts\/43116\/revisions"}],"wp:attachment":[{"href":"https:\/\/www.jornalja.com.br\/arquivo\/wp-json\/wp\/v2\/media?parent=43116"}],"wp:term":[{"taxonomy":"category","embeddable":true,"href":"https:\/\/www.jornalja.com.br\/arquivo\/wp-json\/wp\/v2\/categories?post=43116"},{"taxonomy":"post_tag","embeddable":true,"href":"https:\/\/www.jornalja.com.br\/arquivo\/wp-json\/wp\/v2\/tags?post=43116"}],"curies":[{"name":"wp","href":"https:\/\/api.w.org\/{rel}","templated":true}]}}