{"id":43213,"date":"2017-01-11T15:05:25","date_gmt":"2017-01-11T18:05:25","guid":{"rendered":"https:\/\/www.jornalja.com.br\/?p=43213"},"modified":"2017-01-11T15:05:25","modified_gmt":"2017-01-11T18:05:25","slug":"juiza-e-agredida-em-redes-sociais-por-defender-direitos-dos-trabalhadores-das-fundacoes","status":"publish","type":"post","link":"https:\/\/www.jornalja.com.br\/arquivo\/juiza-e-agredida-em-redes-sociais-por-defender-direitos-dos-trabalhadores-das-fundacoes\/","title":{"rendered":"Juiza \u00e9 agredida em redes sociais por defender direitos dos trabalhadores das funda\u00e7\u00f5es"},"content":{"rendered":"<p>A Ju\u00edza do Trabalho no Tribunal Regional do Trabalho da Quarta Regi\u00e3o (RS) \u00a0Valdete Souto Severo vem sendo criticada violentamente nas redes sociais por ter atendido o pedido dos sindicatos de trabalhadores e determinado que o estado \u00a0se abstivesse de demitir trabalhadores antes de haver negocia\u00e7\u00f5es\u00a0 coletivas. A informa\u00e7\u00e3o \u00e9 do site <em>Justificando.<\/em><br \/>\nSegundo a mat\u00e9ria, na madrugada do dia 21 de dezembro, a pedido do Governador, a Assembleia Legislativa do Estado, com 30 votos a favor e 23 contr\u00e1rios, aprovou a extin\u00e7\u00e3o da Funda\u00e7\u00e3o de Ci\u00eancia e Tecnologia (Cientec), da Funda\u00e7\u00e3o Estadual de Planejamento Metropolitano e Regional (Metroplan), da Funda\u00e7\u00e3o Zoobot\u00e2nica (FZB), da Funda\u00e7\u00e3o de Economia e Estat\u00edstica (FEE), da Funda\u00e7\u00e3o Cultural Piratini (TVE e FM Cultura) e da Funda\u00e7\u00e3o para o Desenvolvimento de Recursos Humanos (FDRH). A vota\u00e7\u00e3o foi intensamente criticada por ter se realizado na calada da madrugada, sem discuss\u00e3o com a popula\u00e7\u00e3o, em v\u00e9spera de fim de ano.<br \/>\nEntidades que representam os trabalhadores ingressaram na Justi\u00e7a do Trabalho para que houvesse uma negocia\u00e7\u00e3o coletiva com os sindicatos antes dessa demiss\u00e3o em massa. O processo foi distribu\u00eddo para Valdete,\u00a0respons\u00e1vel pela 4\u00aa Vara do Trabalho de Porto Alegre, que atendeu ao pedido e determinou que o Estado se abstenha de demitir seus empregados at\u00e9 que houvesse negocia\u00e7\u00e3o.<br \/>\nDeste ent\u00e3o, a magistrada foi alvo de um discurso de \u00f3dio originado por um meme mis\u00f3gino\u00a0na p\u00e1gina no Facebook \u201cDesouza Franja\u201d, que traz a foto de Valdete escrita\u00a0<em>\u201cSou mesmo uma bitch. Essa ju\u00edza de Porto Alegre proibiu o governo de demitir funcion\u00e1rios de ONGs que recebem para n\u00e3o fazer nada. Esse \u00e9 o Judici\u00e1rio que nos ferra.\u201d<\/em><br \/>\nCom quase mil compartilhamentos, a postagem gerou uma s\u00e9rie de coment\u00e1rios mis\u00f3ginos como \u201cVagabunda\u201d, \u201cPuta\u201d, \u201cJu\u00edza de merda\u201d e ainda acusa\u00e7\u00f5es de que trabalha para criminosos.<br \/>\nValdete atua na defesa dos direitos trabalhistas, \u00e9\u00a0pesquisadora do Grupo de Pesquisa Trabalho e Capital (USP) e da Rede Nacional de Pesquisa e Estudos em Direito do Trabalho e Previd\u00eancia Social (RENAPEDTS). Al\u00e9m disso, \u00e9 Coordenadora e Diretora da Funda\u00e7\u00e3o Escola da Magistratura do Trabalho do Rio Grande do Sul (FEMARGS).<br \/>\nO grupo de mulheres que comp\u00f5e a coluna\u00a0<strong>Sororidade em Pauta<\/strong>, composta por Magistradas do Trabalho feministas que publicam artigos semanalmente no Justificando, manifestou rep\u00fadio aos recentes ataques mis\u00f3ginos praticados contra a magistrada. \u2013<em>\u201cAntes de tudo, a dignidade da pessoa da ju\u00edza, assim como toda pessoa humana, \u00e9 resguardada como fundamento do Estado Democr\u00e1tico de Direito e da Rep\u00fablica Federativa do Brasil. Al\u00e9m disso, o combate a toda forma de discrimina\u00e7\u00e3o, incluindo a sexista, tamb\u00e9m \u00e9 objetivo fundamental da nossa Rep\u00fablica\u201d<\/em>, diz a nota.<br \/>\nSororidade em Pauta defende, ainda, que a tentativa de desqualificar a mulher protagonista em qualquer campo de atua\u00e7\u00e3o, mas sobretudo na magistratura, buscar intimidar a todas que ousam escolher seus caminhos.\u00a0<em>\u201cPor isso, repudiamos a toda e qualquer forma de constrangimento sexista utilizada para silenciar a todas as magistradas e expressamos nossa total sororidade \u00e0 valente Valdete\u201d<\/em>, finaliza.<\/p>\n","protected":false},"excerpt":{"rendered":"<p>A Ju\u00edza do Trabalho no Tribunal Regional do Trabalho da Quarta Regi\u00e3o (RS) \u00a0Valdete Souto Severo vem sendo criticada violentamente nas redes sociais por ter atendido o pedido dos sindicatos de trabalhadores e determinado que o estado \u00a0se abstivesse de demitir trabalhadores antes de haver negocia\u00e7\u00f5es\u00a0 coletivas. A informa\u00e7\u00e3o \u00e9 do site Justificando. Segundo a [&hellip;]<\/p>\n","protected":false},"author":4,"featured_media":43212,"comment_status":"open","ping_status":"closed","sticky":false,"template":"","format":"standard","meta":{"_jetpack_newsletter_access":"","_jetpack_dont_email_post_to_subs":false,"_jetpack_newsletter_tier_id":0,"_jetpack_memberships_contains_paywalled_content":false,"_jetpack_feature_clip_id":0,"_jetpack_memberships_contains_paid_content":false,"footnotes":"","jetpack_post_was_ever_published":false},"categories":[26],"tags":[],"class_list":["post-43213","post","type-post","status-publish","format-standard","has-post-thumbnail","hentry","category-geral"],"aioseo_notices":[],"aioseo_head":"\n\t\t<!-- All in One SEO 5.0.1.1 - aioseo.com -->\n\t<meta name=\"robots\" content=\"max-image-preview:large\" \/>\n\t<meta name=\"author\" content=\"da Reda\u00e7\u00e3o\"\/>\n\t<link rel=\"canonical\" href=\"https:\/\/www.jornalja.com.br\/arquivo\/juiza-e-agredida-em-redes-sociais-por-defender-direitos-dos-trabalhadores-das-fundacoes\/\" \/>\n\t<meta name=\"generator\" content=\"All in One SEO (AIOSEO) 5.0.1.1\" \/>\n\t\t<meta property=\"og:locale\" content=\"pt_BR\" \/>\n\t\t<meta property=\"og:site_name\" content=\"Arquivo | Jornal J\u00c1 | Porto Alegre\" \/>\n\t\t<meta property=\"og:type\" content=\"article\" \/>\n\t\t<meta property=\"og:title\" content=\"Juiza \u00e9 agredida em redes sociais por defender direitos dos trabalhadores das funda\u00e7\u00f5es | Arquivo\" \/>\n\t\t<meta property=\"og:url\" content=\"https:\/\/www.jornalja.com.br\/arquivo\/juiza-e-agredida-em-redes-sociais-por-defender-direitos-dos-trabalhadores-das-fundacoes\/\" \/>\n\t\t<meta property=\"og:image\" content=\"https:\/\/www.jornalja.com.br\/economics\/wp-content\/uploads\/sites\/11\/2026\/08\/ja-folhaderosto-facebook.jpg\" \/>\n\t\t<meta property=\"og:image:secure_url\" content=\"https:\/\/www.jornalja.com.br\/economics\/wp-content\/uploads\/sites\/11\/2026\/08\/ja-folhaderosto-facebook.jpg\" \/>\n\t\t<meta property=\"article:published_time\" content=\"2017-01-11T18:05:25+00:00\" \/>\n\t\t<meta property=\"article:modified_time\" content=\"2017-01-11T18:05:25+00:00\" \/>\n\t\t<meta name=\"twitter:card\" content=\"summary\" \/>\n\t\t<meta name=\"twitter:title\" content=\"Juiza \u00e9 agredida em redes sociais por defender direitos dos trabalhadores das funda\u00e7\u00f5es | Arquivo\" \/>\n\t\t<meta name=\"twitter:image\" content=\"https:\/\/www.jornalja.com.br\/economics\/wp-content\/uploads\/sites\/11\/2026\/08\/ja-folhaderosto-facebook.jpg\" \/>\n\t\t<script type=\"application\/ld+json\" class=\"aioseo-schema\">\n\t\t\t{\"@context\":\"https:\\\/\\\/schema.org\",\"@graph\":[{\"@type\":\"BlogPosting\",\"@id\":\"https:\\\/\\\/www.jornalja.com.br\\\/arquivo\\\/juiza-e-agredida-em-redes-sociais-por-defender-direitos-dos-trabalhadores-das-fundacoes\\\/#blogposting\",\"name\":\"Juiza \\u00e9 agredida em redes sociais por defender direitos dos trabalhadores das funda\\u00e7\\u00f5es | Arquivo\",\"headline\":\"Juiza \\u00e9 agredida em redes sociais por defender direitos dos trabalhadores das funda\\u00e7\\u00f5es\",\"author\":{\"@id\":\"https:\\\/\\\/www.jornalja.com.br\\\/arquivo\\\/author\\\/daredacao\\\/#author\"},\"publisher\":{\"@id\":\"https:\\\/\\\/www.jornalja.com.br\\\/arquivo\\\/#organization\"},\"image\":{\"@type\":\"ImageObject\",\"url\":43212},\"datePublished\":\"2017-01-11T15:05:25-02:00\",\"dateModified\":\"2017-01-11T15:05:25-02:00\",\"inLanguage\":\"pt-BR\",\"commentCount\":1,\"mainEntityOfPage\":{\"@id\":\"https:\\\/\\\/www.jornalja.com.br\\\/arquivo\\\/juiza-e-agredida-em-redes-sociais-por-defender-direitos-dos-trabalhadores-das-fundacoes\\\/#webpage\"},\"isPartOf\":{\"@id\":\"https:\\\/\\\/www.jornalja.com.br\\\/arquivo\\\/juiza-e-agredida-em-redes-sociais-por-defender-direitos-dos-trabalhadores-das-fundacoes\\\/#webpage\"},\"articleSection\":\"Geral\"},{\"@type\":\"BreadcrumbList\",\"@id\":\"https:\\\/\\\/www.jornalja.com.br\\\/arquivo\\\/juiza-e-agredida-em-redes-sociais-por-defender-direitos-dos-trabalhadores-das-fundacoes\\\/#breadcrumblist\",\"itemListElement\":[{\"@type\":\"ListItem\",\"@id\":\"https:\\\/\\\/www.jornalja.com.br\\\/arquivo#listItem\",\"position\":1,\"name\":\"Home\",\"item\":\"https:\\\/\\\/www.jornalja.com.br\\\/arquivo\",\"nextItem\":{\"@type\":\"ListItem\",\"@id\":\"https:\\\/\\\/www.jornalja.com.br\\\/arquivo\\\/category\\\/geral\\\/#listItem\",\"name\":\"Geral\"}},{\"@type\":\"ListItem\",\"@id\":\"https:\\\/\\\/www.jornalja.com.br\\\/arquivo\\\/category\\\/geral\\\/#listItem\",\"position\":2,\"name\":\"Geral\",\"item\":\"https:\\\/\\\/www.jornalja.com.br\\\/arquivo\\\/category\\\/geral\\\/\",\"nextItem\":{\"@type\":\"ListItem\",\"@id\":\"https:\\\/\\\/www.jornalja.com.br\\\/arquivo\\\/juiza-e-agredida-em-redes-sociais-por-defender-direitos-dos-trabalhadores-das-fundacoes\\\/#listItem\",\"name\":\"Juiza \\u00e9 agredida em redes sociais por defender direitos dos trabalhadores das funda\\u00e7\\u00f5es\"},\"previousItem\":{\"@type\":\"ListItem\",\"@id\":\"https:\\\/\\\/www.jornalja.com.br\\\/arquivo#listItem\",\"name\":\"Home\"}},{\"@type\":\"ListItem\",\"@id\":\"https:\\\/\\\/www.jornalja.com.br\\\/arquivo\\\/juiza-e-agredida-em-redes-sociais-por-defender-direitos-dos-trabalhadores-das-fundacoes\\\/#listItem\",\"position\":3,\"name\":\"Juiza \\u00e9 agredida em redes sociais por defender direitos dos trabalhadores das funda\\u00e7\\u00f5es\",\"previousItem\":{\"@type\":\"ListItem\",\"@id\":\"https:\\\/\\\/www.jornalja.com.br\\\/arquivo\\\/category\\\/geral\\\/#listItem\",\"name\":\"Geral\"}}]},{\"@type\":\"Organization\",\"@id\":\"https:\\\/\\\/www.jornalja.com.br\\\/arquivo\\\/#organization\",\"name\":\"Jornal J\\u00c1\",\"description\":\"Jornal J\\u00c1 | Porto Alegre\",\"url\":\"https:\\\/\\\/www.jornalja.com.br\\\/arquivo\\\/\",\"telephone\":\"+555133307272\",\"logo\":{\"@type\":\"ImageObject\",\"url\":\"https:\\\/\\\/www.jornalja.com.br\\\/wp-content\\\/uploads\\\/cards\\\/JAslogan.png\",\"@id\":\"https:\\\/\\\/www.jornalja.com.br\\\/arquivo\\\/juiza-e-agredida-em-redes-sociais-por-defender-direitos-dos-trabalhadores-das-fundacoes\\\/#organizationLogo\"},\"image\":{\"@id\":\"https:\\\/\\\/www.jornalja.com.br\\\/arquivo\\\/juiza-e-agredida-em-redes-sociais-por-defender-direitos-dos-trabalhadores-das-fundacoes\\\/#organizationLogo\"}},{\"@type\":\"Person\",\"@id\":\"https:\\\/\\\/www.jornalja.com.br\\\/arquivo\\\/author\\\/daredacao\\\/#author\",\"url\":\"https:\\\/\\\/www.jornalja.com.br\\\/arquivo\\\/author\\\/daredacao\\\/\",\"name\":\"da Reda\\u00e7\\u00e3o\",\"image\":{\"@type\":\"ImageObject\",\"@id\":\"https:\\\/\\\/www.jornalja.com.br\\\/arquivo\\\/juiza-e-agredida-em-redes-sociais-por-defender-direitos-dos-trabalhadores-das-fundacoes\\\/#authorImage\",\"url\":\"https:\\\/\\\/secure.gravatar.com\\\/avatar\\\/469fd857d6605ad19919d27ed29d35a968a25f6e8fd9318356bbb7f57aae9c65?s=96&d=mm&r=g\",\"width\":96,\"height\":96,\"caption\":\"da Reda\\u00e7\\u00e3o\"}},{\"@type\":\"WebPage\",\"@id\":\"https:\\\/\\\/www.jornalja.com.br\\\/arquivo\\\/juiza-e-agredida-em-redes-sociais-por-defender-direitos-dos-trabalhadores-das-fundacoes\\\/#webpage\",\"url\":\"https:\\\/\\\/www.jornalja.com.br\\\/arquivo\\\/juiza-e-agredida-em-redes-sociais-por-defender-direitos-dos-trabalhadores-das-fundacoes\\\/\",\"name\":\"Juiza \\u00e9 agredida em redes sociais por defender direitos dos trabalhadores das funda\\u00e7\\u00f5es | Arquivo\",\"inLanguage\":\"pt-BR\",\"isPartOf\":{\"@id\":\"https:\\\/\\\/www.jornalja.com.br\\\/arquivo\\\/#website\"},\"breadcrumb\":{\"@id\":\"https:\\\/\\\/www.jornalja.com.br\\\/arquivo\\\/juiza-e-agredida-em-redes-sociais-por-defender-direitos-dos-trabalhadores-das-fundacoes\\\/#breadcrumblist\"},\"author\":{\"@id\":\"https:\\\/\\\/www.jornalja.com.br\\\/arquivo\\\/author\\\/daredacao\\\/#author\"},\"creator\":{\"@id\":\"https:\\\/\\\/www.jornalja.com.br\\\/arquivo\\\/author\\\/daredacao\\\/#author\"},\"image\":{\"@type\":\"ImageObject\",\"url\":43212,\"@id\":\"https:\\\/\\\/www.jornalja.com.br\\\/arquivo\\\/juiza-e-agredida-em-redes-sociais-por-defender-direitos-dos-trabalhadores-das-fundacoes\\\/#mainImage\"},\"primaryImageOfPage\":{\"@id\":\"https:\\\/\\\/www.jornalja.com.br\\\/arquivo\\\/juiza-e-agredida-em-redes-sociais-por-defender-direitos-dos-trabalhadores-das-fundacoes\\\/#mainImage\"},\"datePublished\":\"2017-01-11T15:05:25-02:00\",\"dateModified\":\"2017-01-11T15:05:25-02:00\"},{\"@type\":\"WebSite\",\"@id\":\"https:\\\/\\\/www.jornalja.com.br\\\/arquivo\\\/#website\",\"url\":\"https:\\\/\\\/www.jornalja.com.br\\\/arquivo\\\/\",\"name\":\"Arquivo\",\"description\":\"Jornal J\\u00c1 | Porto Alegre\",\"inLanguage\":\"pt-BR\",\"publisher\":{\"@id\":\"https:\\\/\\\/www.jornalja.com.br\\\/arquivo\\\/#organization\"}}]}\n\t\t<\/script>\n\t\t<!-- All in One SEO -->\n\n","aioseo_head_json":{"title":"Juiza \u00e9 agredida em redes sociais por defender direitos dos trabalhadores das funda\u00e7\u00f5es | Arquivo","description":"","canonical_url":"https:\/\/www.jornalja.com.br\/arquivo\/juiza-e-agredida-em-redes-sociais-por-defender-direitos-dos-trabalhadores-das-fundacoes\/","robots":"max-image-preview:large","keywords":"","webmasterTools":{"miscellaneous":""},"schema":{"@context":"https:\/\/schema.org","@graph":[{"@type":"BlogPosting","@id":"https:\/\/www.jornalja.com.br\/arquivo\/juiza-e-agredida-em-redes-sociais-por-defender-direitos-dos-trabalhadores-das-fundacoes\/#blogposting","name":"Juiza \u00e9 agredida em redes sociais por defender direitos dos trabalhadores das funda\u00e7\u00f5es | Arquivo","headline":"Juiza \u00e9 agredida em redes sociais por defender direitos dos trabalhadores das funda\u00e7\u00f5es","author":{"@id":"https:\/\/www.jornalja.com.br\/arquivo\/author\/daredacao\/#author"},"publisher":{"@id":"https:\/\/www.jornalja.com.br\/arquivo\/#organization"},"image":{"@type":"ImageObject","url":43212},"datePublished":"2017-01-11T15:05:25-02:00","dateModified":"2017-01-11T15:05:25-02:00","inLanguage":"pt-BR","commentCount":1,"mainEntityOfPage":{"@id":"https:\/\/www.jornalja.com.br\/arquivo\/juiza-e-agredida-em-redes-sociais-por-defender-direitos-dos-trabalhadores-das-fundacoes\/#webpage"},"isPartOf":{"@id":"https:\/\/www.jornalja.com.br\/arquivo\/juiza-e-agredida-em-redes-sociais-por-defender-direitos-dos-trabalhadores-das-fundacoes\/#webpage"},"articleSection":"Geral"},{"@type":"BreadcrumbList","@id":"https:\/\/www.jornalja.com.br\/arquivo\/juiza-e-agredida-em-redes-sociais-por-defender-direitos-dos-trabalhadores-das-fundacoes\/#breadcrumblist","itemListElement":[{"@type":"ListItem","@id":"https:\/\/www.jornalja.com.br\/arquivo#listItem","position":1,"name":"Home","item":"https:\/\/www.jornalja.com.br\/arquivo","nextItem":{"@type":"ListItem","@id":"https:\/\/www.jornalja.com.br\/arquivo\/category\/geral\/#listItem","name":"Geral"}},{"@type":"ListItem","@id":"https:\/\/www.jornalja.com.br\/arquivo\/category\/geral\/#listItem","position":2,"name":"Geral","item":"https:\/\/www.jornalja.com.br\/arquivo\/category\/geral\/","nextItem":{"@type":"ListItem","@id":"https:\/\/www.jornalja.com.br\/arquivo\/juiza-e-agredida-em-redes-sociais-por-defender-direitos-dos-trabalhadores-das-fundacoes\/#listItem","name":"Juiza \u00e9 agredida em redes sociais por defender direitos dos trabalhadores das funda\u00e7\u00f5es"},"previousItem":{"@type":"ListItem","@id":"https:\/\/www.jornalja.com.br\/arquivo#listItem","name":"Home"}},{"@type":"ListItem","@id":"https:\/\/www.jornalja.com.br\/arquivo\/juiza-e-agredida-em-redes-sociais-por-defender-direitos-dos-trabalhadores-das-fundacoes\/#listItem","position":3,"name":"Juiza \u00e9 agredida em redes sociais por defender direitos dos trabalhadores das funda\u00e7\u00f5es","previousItem":{"@type":"ListItem","@id":"https:\/\/www.jornalja.com.br\/arquivo\/category\/geral\/#listItem","name":"Geral"}}]},{"@type":"Organization","@id":"https:\/\/www.jornalja.com.br\/arquivo\/#organization","name":"Jornal J\u00c1","description":"Jornal J\u00c1 | Porto Alegre","url":"https:\/\/www.jornalja.com.br\/arquivo\/","telephone":"+555133307272","logo":{"@type":"ImageObject","url":"https:\/\/www.jornalja.com.br\/wp-content\/uploads\/cards\/JAslogan.png","@id":"https:\/\/www.jornalja.com.br\/arquivo\/juiza-e-agredida-em-redes-sociais-por-defender-direitos-dos-trabalhadores-das-fundacoes\/#organizationLogo"},"image":{"@id":"https:\/\/www.jornalja.com.br\/arquivo\/juiza-e-agredida-em-redes-sociais-por-defender-direitos-dos-trabalhadores-das-fundacoes\/#organizationLogo"}},{"@type":"Person","@id":"https:\/\/www.jornalja.com.br\/arquivo\/author\/daredacao\/#author","url":"https:\/\/www.jornalja.com.br\/arquivo\/author\/daredacao\/","name":"da Reda\u00e7\u00e3o","image":{"@type":"ImageObject","@id":"https:\/\/www.jornalja.com.br\/arquivo\/juiza-e-agredida-em-redes-sociais-por-defender-direitos-dos-trabalhadores-das-fundacoes\/#authorImage","url":"https:\/\/secure.gravatar.com\/avatar\/469fd857d6605ad19919d27ed29d35a968a25f6e8fd9318356bbb7f57aae9c65?s=96&d=mm&r=g","width":96,"height":96,"caption":"da Reda\u00e7\u00e3o"}},{"@type":"WebPage","@id":"https:\/\/www.jornalja.com.br\/arquivo\/juiza-e-agredida-em-redes-sociais-por-defender-direitos-dos-trabalhadores-das-fundacoes\/#webpage","url":"https:\/\/www.jornalja.com.br\/arquivo\/juiza-e-agredida-em-redes-sociais-por-defender-direitos-dos-trabalhadores-das-fundacoes\/","name":"Juiza \u00e9 agredida em redes sociais por defender direitos dos trabalhadores das funda\u00e7\u00f5es | Arquivo","inLanguage":"pt-BR","isPartOf":{"@id":"https:\/\/www.jornalja.com.br\/arquivo\/#website"},"breadcrumb":{"@id":"https:\/\/www.jornalja.com.br\/arquivo\/juiza-e-agredida-em-redes-sociais-por-defender-direitos-dos-trabalhadores-das-fundacoes\/#breadcrumblist"},"author":{"@id":"https:\/\/www.jornalja.com.br\/arquivo\/author\/daredacao\/#author"},"creator":{"@id":"https:\/\/www.jornalja.com.br\/arquivo\/author\/daredacao\/#author"},"image":{"@type":"ImageObject","url":43212,"@id":"https:\/\/www.jornalja.com.br\/arquivo\/juiza-e-agredida-em-redes-sociais-por-defender-direitos-dos-trabalhadores-das-fundacoes\/#mainImage"},"primaryImageOfPage":{"@id":"https:\/\/www.jornalja.com.br\/arquivo\/juiza-e-agredida-em-redes-sociais-por-defender-direitos-dos-trabalhadores-das-fundacoes\/#mainImage"},"datePublished":"2017-01-11T15:05:25-02:00","dateModified":"2017-01-11T15:05:25-02:00"},{"@type":"WebSite","@id":"https:\/\/www.jornalja.com.br\/arquivo\/#website","url":"https:\/\/www.jornalja.com.br\/arquivo\/","name":"Arquivo","description":"Jornal J\u00c1 | Porto Alegre","inLanguage":"pt-BR","publisher":{"@id":"https:\/\/www.jornalja.com.br\/arquivo\/#organization"}}]},"og:locale":"pt_BR","og:site_name":"Arquivo | Jornal J\u00c1 | Porto Alegre","og:type":"article","og:title":"Juiza \u00e9 agredida em redes sociais por defender direitos dos trabalhadores das funda\u00e7\u00f5es | Arquivo","og:url":"https:\/\/www.jornalja.com.br\/arquivo\/juiza-e-agredida-em-redes-sociais-por-defender-direitos-dos-trabalhadores-das-fundacoes\/","og:image":"https:\/\/www.jornalja.com.br\/economics\/wp-content\/uploads\/sites\/11\/2026\/08\/ja-folhaderosto-facebook.jpg","og:image:secure_url":"https:\/\/www.jornalja.com.br\/economics\/wp-content\/uploads\/sites\/11\/2026\/08\/ja-folhaderosto-facebook.jpg","article:published_time":"2017-01-11T18:05:25+00:00","article:modified_time":"2017-01-11T18:05:25+00:00","twitter:card":"summary","twitter:title":"Juiza \u00e9 agredida em redes sociais por defender direitos dos trabalhadores das funda\u00e7\u00f5es | Arquivo","twitter:image":"https:\/\/www.jornalja.com.br\/economics\/wp-content\/uploads\/sites\/11\/2026\/08\/ja-folhaderosto-facebook.jpg"},"aioseo_meta_data":{"post_id":"43213","title":null,"description":null,"keywords":null,"keyphrases":null,"primary_term":null,"canonical_url":null,"og_title":null,"og_description":null,"og_object_type":"default","og_image_type":"default","og_image_url":null,"og_image_width":null,"og_image_height":null,"og_image_custom_url":null,"og_image_custom_fields":null,"og_video":null,"og_custom_url":null,"og_article_section":null,"og_article_tags":null,"twitter_use_og":false,"twitter_card":"default","twitter_image_type":"default","twitter_image_url":null,"twitter_image_custom_url":null,"twitter_image_custom_fields":null,"twitter_title":null,"twitter_description":null,"schema":{"blockGraphs":[],"customGraphs":[],"default":{"data":{"Article":[],"Course":[],"Dataset":[],"FAQPage":[],"Movie":[],"Person":[],"Product":[],"ProductReview":[],"Car":[],"Recipe":[],"Service":[],"SoftwareApplication":[],"WebPage":[]},"graphName":"","isEnabled":true},"graphs":[],"defaultGraph":"","defaultPostTypeGraph":""},"schema_type":null,"schema_type_options":null,"pillar_content":false,"robots_default":true,"robots_noindex":false,"robots_noarchive":false,"robots_nosnippet":false,"robots_nofollow":false,"robots_noimageindex":false,"robots_noodp":false,"robots_notranslate":false,"robots_max_snippet":null,"robots_max_videopreview":null,"robots_max_imagepreview":"large","priority":null,"frequency":null,"location":null,"local_seo":null,"breadcrumb_settings":null,"limit_modified_date":false,"ai":null,"created":"2020-12-20 20:43:21","updated":"2025-07-19 19:15:13","seo_analyzer_scan_date":null,"focus_keyword":null,"additional_keywords":null,"truseo_locale":null},"jetpack_sharing_enabled":true,"jetpack-related-posts":[{"id":13101,"url":"https:\/\/www.jornalja.com.br\/arquivo\/morre-um-guerreiro-do-texto\/","url_meta":{"origin":43213,"position":0},"title":"Morre um guerreiro do texto","author":"Patr\u00edcia Marini","date":"14 de maio de 2014","format":false,"excerpt":"Por Ricardo Kotscho Reproduzido do blog do autor, 11\/5\/2014; t\u00edtulo original \u201cE l\u00e1 se foi o nosso Myltainho, guerreiro do texto\u201d. Mi\u00fado e franzino, meu amigo Myltainho era um valente e inconformado guerreiro na luta contra as injusti\u00e7as sociais, a hipocrisia, as maracutaias, o autoritarismo, a intoler\u00e2ncia, a viol\u00eancia, o\u2026","rel":"","context":"Em &quot;Geral&quot;","block_context":{"text":"Geral","link":"https:\/\/www.jornalja.com.br\/arquivo\/category\/geral\/"},"img":{"alt_text":"","src":"","width":0,"height":0},"classes":[]},{"id":13124,"url":"https:\/\/www.jornalja.com.br\/arquivo\/sangue-latino-no-iecine\/","url_meta":{"origin":43213,"position":1},"title":"Sangue latino no IECINE","author":"da Reda\u00e7\u00e3o","date":"18 de maio de 2014","format":false,"excerpt":"Francisco Ribeiro O Instituto Estadual de Cinema (IECINE) tem a frente, desde abril \u00faltimo, um novo diretor, o cineasta colombiano Juan Zapata, 36, que substitui Luiz Alberto Cassol. Radicado h\u00e1 dez anos em Porto Alegre, Zapata tem diante de si o desafio de conduzir at\u00e9 o final do ano um\u2026","rel":"","context":"Em &quot;Cultura-Geral&quot;","block_context":{"text":"Cultura-Geral","link":"https:\/\/www.jornalja.com.br\/arquivo\/category\/materiasecundaria\/"},"img":{"alt_text":"","src":"","width":0,"height":0},"classes":[]},{"id":12960,"url":"https:\/\/www.jornalja.com.br\/arquivo\/populacao-culpa-empresas-pela-greve-dos-rodoviarios\/","url_meta":{"origin":43213,"position":2},"title":"Popula\u00e7\u00e3o culpa empresas pela greve","author":"Patr\u00edcia Marini","date":"14 de fevereiro de 2014","format":false,"excerpt":"Pesquisa divulgada na edi\u00e7\u00e3o do jornal Metro desta sexta-feira,14, comprova o velho ditado: \u00e9 poss\u00edvel enganar muitos por algum tempo, mas n\u00e3o \u00e9 poss\u00edvel enganar a todos o tempo inteiro. A principal revela\u00e7\u00e3o foi que 59,8% dos entrevistados apontaram as empresas como as principais respons\u00e1veis pela grave e 46% culparam\u2026","rel":"","context":"Em &quot;X.Categorias velhas&quot;","block_context":{"text":"X.Categorias velhas","link":"https:\/\/www.jornalja.com.br\/arquivo\/category\/x-categorias-velhas\/"},"img":{"alt_text":"","src":"","width":0,"height":0},"classes":[]},{"id":1280,"url":"https:\/\/www.jornalja.com.br\/arquivo\/o-menino-que-se-tornou-brizola\/","url_meta":{"origin":43213,"position":3},"title":"O Menino que se Tornou Brizola","author":"da Reda\u00e7\u00e3o","date":"28 de julho de 2008","format":false,"excerpt":"Autor: Cleber Dioni A vida de Leonel Brizola, com \u00eanfase para os primeiros anos em Porto Alegre, at\u00e9 o ex\u00edlio no Uruguai e a volta, quinze anos depois. \u00a0\"...\u00c9ramos todos jovens e nos identific\u00e1vamos com aquela massa an\u00f4nima a percorrer as ruas de Porto Alegre, gritando 'Get\u00falio', 'Get\u00falio' e empunhando\u2026","rel":"","context":"Em &quot;Livros&quot;","block_context":{"text":"Livros","link":"https:\/\/www.jornalja.com.br\/arquivo\/category\/livros\/"},"img":{"alt_text":"","src":"https:\/\/i0.wp.com\/www.jornalja.com.br\/wp-content\/uploads\/2008\/07\/brizola.gif?resize=350%2C200&ssl=1","width":350,"height":200},"classes":[]},{"id":13109,"url":"https:\/\/www.jornalja.com.br\/arquivo\/judiciario-reconhece-poluicao-eletromagnetica\/","url_meta":{"origin":43213,"position":4},"title":"Judici\u00e1rio reconhece polui\u00e7\u00e3o eletromagn\u00e9tica","author":"Patr\u00edcia Marini","date":"16 de maio de 2014","format":false,"excerpt":"A\u00e7\u00e3o de duas associa\u00e7\u00f5es de moradores foi acolhida pelo Tribunal de Justi\u00e7a de S\u00e3o Paulo que. em decis\u00e3o in\u00e9dita, determinou a redu\u00e7\u00e3o do campo eletromagn\u00e9tico gerado pelas linhas de transmiss\u00e3o de energia que cortam os bairros City Boa\u00e7ava e Alto de Pinheiros. \u00c9 a primeira vez que um tribunal do\u2026","rel":"","context":"Em &quot;X.Categorias velhas&quot;","block_context":{"text":"X.Categorias velhas","link":"https:\/\/www.jornalja.com.br\/arquivo\/category\/x-categorias-velhas\/"},"img":{"alt_text":"","src":"","width":0,"height":0},"classes":[]},{"id":13240,"url":"https:\/\/www.jornalja.com.br\/arquivo\/plano-diretor-estamos-construindo-o-caos\/","url_meta":{"origin":43213,"position":5},"title":"Plano diretor: &quot;Estamos construindo o caos&quot;","author":"Patr\u00edcia Marini","date":"26 de maio de 2014","format":false,"excerpt":"Desabafo que arquiteta Eliana Castilhos, delegada da Regi\u00e3o de Planejamento 1, postou nas redes sociais \u00e9 um testemunho do ambiente que se criou no Conselho do Plano Diretor de Porto Alegre, onde a aprova\u00e7\u00e3o de grandes empreendimentos \u00e9 empurrada guela abaixo dos conselheiros. Ao CMDUA Como delegada da Regi\u00e3o de\u2026","rel":"","context":"Em &quot;Geral&quot;","block_context":{"text":"Geral","link":"https:\/\/www.jornalja.com.br\/arquivo\/category\/geral\/"},"img":{"alt_text":"","src":"","width":0,"height":0},"classes":[]}],"jetpack_shortlink":"https:\/\/wp.me\/pbQjBd-beZ","jetpack_featured_media_url":"","_links":{"self":[{"href":"https:\/\/www.jornalja.com.br\/arquivo\/wp-json\/wp\/v2\/posts\/43213","targetHints":{"allow":["GET"]}}],"collection":[{"href":"https:\/\/www.jornalja.com.br\/arquivo\/wp-json\/wp\/v2\/posts"}],"about":[{"href":"https:\/\/www.jornalja.com.br\/arquivo\/wp-json\/wp\/v2\/types\/post"}],"author":[{"embeddable":true,"href":"https:\/\/www.jornalja.com.br\/arquivo\/wp-json\/wp\/v2\/users\/4"}],"replies":[{"embeddable":true,"href":"https:\/\/www.jornalja.com.br\/arquivo\/wp-json\/wp\/v2\/comments?post=43213"}],"version-history":[{"count":0,"href":"https:\/\/www.jornalja.com.br\/arquivo\/wp-json\/wp\/v2\/posts\/43213\/revisions"}],"wp:attachment":[{"href":"https:\/\/www.jornalja.com.br\/arquivo\/wp-json\/wp\/v2\/media?parent=43213"}],"wp:term":[{"taxonomy":"category","embeddable":true,"href":"https:\/\/www.jornalja.com.br\/arquivo\/wp-json\/wp\/v2\/categories?post=43213"},{"taxonomy":"post_tag","embeddable":true,"href":"https:\/\/www.jornalja.com.br\/arquivo\/wp-json\/wp\/v2\/tags?post=43213"}],"curies":[{"name":"wp","href":"https:\/\/api.w.org\/{rel}","templated":true}]}}