{"id":43235,"date":"2017-01-11T21:38:38","date_gmt":"2017-01-12T00:38:38","guid":{"rendered":"https:\/\/www.jornalja.com.br\/?p=43235"},"modified":"2017-01-11T21:38:38","modified_gmt":"2017-01-12T00:38:38","slug":"agronegocio-reage-a-samba-leva-a-questao-indigena-para-a-sapucai","status":"publish","type":"post","link":"https:\/\/www.jornalja.com.br\/arquivo\/agronegocio-reage-a-samba-leva-a-questao-indigena-para-a-sapucai\/","title":{"rendered":"Agroneg\u00f3cio reage a samba-enredo sobre a quest\u00e3o ind\u00edgena"},"content":{"rendered":"<p>&#8220;Quando o agroneg\u00f3cio sofre com a ignor\u00e2ncia e o preconceito&#8221; \u00e9 o t\u00edtulo de um artigo do presidente da Federa\u00e7\u00e3o da Agricultura e Pecu\u00e1ria do Estado de SC (Faesc) e do Servi\u00e7o Nacional de Aprendizagem Rural (Senar\/SC), Jos\u00e9 Zeferino Pedrozo, que circula nas redes sociais.<br \/>\nA &#8220;ignor\u00e2ncia e o preconceito&#8221; a que se refere o articulista vem do <a href=\"http:\/\/www.youtube.com\/watch?v=-E_ivbY8qlg\">samba-enredo da Imperatriz Leopoldinense<\/a>, \u00a0que este ano escolheu como tema os povos do Xingu e que numa ala apresenta o\u00a0agroneg\u00f3cio predador, respons\u00e1vel pelo etnoc\u00eddio de \u00edndios, a polui\u00e7\u00e3o de rios e a destrui\u00e7\u00e3o de florestas.<br \/>\n<figure id=\"attachment_43236\" aria-describedby=\"caption-attachment-43236\" style=\"width: 196px\" class=\"wp-caption alignright\"><img loading=\"lazy\" decoding=\"async\" class=\" wp-image-43236\" src=\"https:\/\/www.jornalja.com.br\/wp-content\/uploads\/2017\/01\/Agronegocio-reage.jpg\" alt=\"Jos\u00e9 Zeferino Pedroso\" width=\"196\" height=\"282\" \/><figcaption id=\"caption-attachment-43236\" class=\"wp-caption-text\">Jos\u00e9 Zeferino Pedrozo<\/figcaption><\/figure><br \/>\n&#8220;O Brasil&#8221;, diz Pedroso, &#8220;pode se orgulhar de ter uma agricultura forte, moderna, avan\u00e7ada e sustent\u00e1vel, respons\u00e1vel por garantir alimento farto e saud\u00e1vel a toda a popula\u00e7\u00e3o. Al\u00e9m da qualidade, o alimento produzido aqui \u00e9 um dos mais baratos e acess\u00edveis do mundo&#8221;.<br \/>\nMais: ele afirma que &#8220;foi essa condi\u00e7\u00e3o que permitiu ao Pa\u00eds erradicar a fome, nas \u00faltimas d\u00e9cadas, e n\u00e3o os programas sociais do governo. Carnes, cereais, l\u00e1cteos, frutas, oleaginosas, fibras, hortigranjeiros \u2013 n\u00f3s somos autossuficientes em quase tudo&#8221;.<br \/>\n&#8220;O mundo reconhece a pujan\u00e7a brasileira na produ\u00e7\u00e3o de comida. Por isso, somos l\u00edderes na exporta\u00e7\u00e3o de carnes e gr\u00e3os.&#8221;<br \/>\n&#8220;O n\u00edvel de efici\u00eancia produtiva \u00e9 elevad\u00edssimo: conseguimos tudo isso ocupando menos de 30% do territ\u00f3rio nacional. E mais: a agricultura verde-amarela \u00e9 altamente sustent\u00e1vel. O produtor produz e, ao mesmo tempo, preserva os recursos naturais porque sabe que essa conduta assegura a perpetua\u00e7\u00e3o da atividade. Prova disso \u00e9 que 65% do territ\u00f3rio mant\u00eam a cobertura florestal&#8221;.<br \/>\n&#8220;Por produzir a comida boa e barata que alimenta a Na\u00e7\u00e3o, a agricultura e o agroneg\u00f3cio deveriam ser os setores mais festejados e reconhecidos da sociedade brasileira. A imprensa especializada e as autoridades do setor j\u00e1 manifestam esse reconhecimento, mas, amplos estamentos da sociedade expressam profunda desinforma\u00e7\u00e3o a esse respeito.&#8221;<br \/>\n&#8220;S\u00f3 o mais tosco dos preconceitos ou uma vis\u00e3o ideol\u00f3gica coletiva insana e destorcida conduziria uma agremia\u00e7\u00e3o a esse desatino: ofender, difamar e caluniar uma parcela da sociedade brasileira formada por fam\u00edlias rurais cujo trabalho tornou-se o \u00faltimo reduto do combate \u00e0 crise econ\u00f4mica que castiga o Pa\u00eds&#8221;.<br \/>\n&#8220;A agricultura e o agroneg\u00f3cio merecem respeito. Nosso total rep\u00fadio \u00e0 Escola de Samba Imperatriz Leopoldinense que, neste ano, conspurca vergonhosamente os princ\u00edpios de paz, respeito e harmonia do carnaval brasileiro com inverdades hist\u00f3ricas e nega\u00e7\u00e3o da realidade&#8221;.<br \/>\n(<em><strong>Nota do Editor:<\/strong> Pode ser que uma generaliza\u00e7\u00e3o do agroneg\u00f3cio como predador seja um excesso carnavalesco, mas essa vis\u00e3o id\u00edlica dos abnegados que se arriscam \u00a0para oferecer &#8220;a comida boa e barata que alimenta a na\u00e7\u00e3o&#8221; \u00a0tira a autoridade da cr\u00edtica)<\/em>.<br \/>\nAs cr\u00edticas de Pedroso se somam a muitas outras que a Imperatriz vem enfrentando nos \u00faltimos dias de parte do agroneg\u00f3cio por homenagear povos do Xingu. Diz o refr\u00e3o do samba enredo:<br \/>\n\u201cO \u00edndio luta pela sua terra,<br \/>\nd<span style=\"font-weight: 300\">a Imperatriz vem o seu grito de guerra!<\/span><br \/>\n<span style=\"font-weight: 300\"> Salve o verde do Xingu\u201d<\/span><br \/>\n<figure id=\"attachment_43251\" aria-describedby=\"caption-attachment-43251\" style=\"width: 293px\" class=\"wp-caption alignleft\"><img loading=\"lazy\" decoding=\"async\" class=\" wp-image-43251\" src=\"https:\/\/www.jornalja.com.br\/wp-content\/uploads\/2017\/01\/Cah\u00ea-Rodrigues-imperatriz-leopoldinense.jpeg\" alt=\"Cah\u00ea Rodrigues \/ Arquivo pessoal\/CC\" width=\"293\" height=\"197\" \/><figcaption id=\"caption-attachment-43251\" class=\"wp-caption-text\">Cah\u00ea Rodrigues \/ Arquivo pessoal\/CC<\/figcaption><\/figure><br \/>\nO tema \u201cXingu, o clamor que vem da floresta&#8221; foi criado pelo carnavalesco Cah\u00ea Rodrigues, 40, com o intuito de homenagear os ind\u00edgenas da regi\u00e3o e sua luta pela preserva\u00e7\u00e3o da floresta e de sua cultura.<br \/>\nA m\u00fasica tamb\u00e9m critica o extrativismo insustent\u00e1vel, a hidrel\u00e9trica de Belo Monte e agradece aos irm\u00e3os Villas-B\u00f4as, enquanto as alas mostram a exuber\u00e2ncia da cultura ind\u00edgena e os males que os afetam, como desmatamento, uso agressivo de agrot\u00f3xicos, queimadas e polui\u00e7\u00e3o.<br \/>\nUma das fantasias, em especial, desagradou parte do setor do agroneg\u00f3cio.<br \/>\nEla mostra um fazendeiro, com um s\u00edmbolo de caveira no peito, a\u00a0pulverizar agrot\u00f3xicos.<br \/>\nEm nota de rep\u00fadio, a Associa\u00e7\u00e3o Brasileira dos Criadores de Zebu (ABCZ) afirmou ser \u201cinaceit\u00e1vel que a maior festa popular brasileira, que tem a admira\u00e7\u00e3o e o respeito da nossa classe, seja palco para um show de sensacionalismo e ataques infundados pela Escola Imperatriz Leopoldinense\u201d.<br \/>\nNo dia seguinte, a\u00a0Associa\u00e7\u00e3o Brasileira dos Criadores de Girolando tamb\u00e9m se manifestou contra a Leopoldinense.<br \/>\nA pol\u00eamica tende a esquentar.<br \/>\nUma reportagem da Carta Capital sobre o assunto \u00a0diz que &#8220;mais da metade das subst\u00e2ncias usadas aqui \u00e9 proibida em pa\u00edses da Uni\u00e3o Europeia e nos EUA, e os agrot\u00f3xicos atingem 70% dos alimentos, segundo um dossi\u00ea da Associa\u00e7\u00e3o Brasileira de Sa\u00fade Coletiva. Em um ano, um brasileiro ter\u00e1 consumido cinco litros dessas toxinas, de acordo com o Instituto Nacional do C\u00e2ncer (INCA).<br \/>\nRespons\u00e1veis por 70 mil intoxica\u00e7\u00f5es agudas e cr\u00f4nicas anualmente em pa\u00edses desenvolvidos, os agrot\u00f3xicos tamb\u00e9m est\u00e3o altamente associados \u00e0 incid\u00eancia de c\u00e2ncer e outras doen\u00e7as gen\u00e9ticas, segundo a Organiza\u00e7\u00e3o Mundial da Sa\u00fade (OMS).<br \/>\nPara elaborar o tema, o carnavalesco carioca estudou durante quase um ano os povos do Xingu, e passou quatro dias em uma oca, vivendo ao lado deles.<br \/>\n\u201cEu vi quanto o \u00edndio depende da floresta para sobreviver e qu\u00e3o forte \u00e9 o contato com a terra, com o verde. Logo pela manh\u00e3, quando acordei, vi curumins brincando de correr atr\u00e1s de borboletas, \u00e9 a brincadeira preferida deles, e subindo em \u00e1rvores para pegar uma fruta, descascar e comer com a m\u00e3o. O \u00edndio \u00e9 a pr\u00f3pria natureza. E quando voc\u00ea agride a natureza, est\u00e1 agredindo diretamente a vida do \u00edndio\u201d, conta Cah\u00ea.<br \/>\nO medo e a amea\u00e7a de uma nova invas\u00e3o, de perderem seu espa\u00e7o de direito, que os \u00edndios vivem quase diariamente, tamb\u00e9m marcou Rodrigues. \u201cPude sentir na pele essa ang\u00fastia, e a Imperatriz n\u00e3o est\u00e1 inventando nada, faz parte da hist\u00f3ria do Brasil\u201d.<br \/>\nPara ele, a ABCZ e outras empresas que seguiram a cr\u00edtica\u00a0foram precipitadas. &#8220;Nunca foi inten\u00e7\u00e3o agredir o agroneg\u00f3cio diretamente. A ala que leva o t\u00edtulo de &#8220;fazendeiros e agrot\u00f3xicos&#8221; aponta o uso indevido da subst\u00e2ncia que mata os peixes, polui os rios e agride a vida dos \u00edndios e a nossa. Estamos falando do caos que cerca a vida do \u00edndio\u201d.<br \/>\nEm outra passagem, o samba-enredo diz \u201co belo monstro rouba as terras dos seus filhos\u201d.<br \/>\nSegundo o carnavalesco, \u00e9 uma analogia \u00e0 constru\u00e7\u00e3o da usina hidrel\u00e9trica de Belo Monte e \u00e0 desapropria\u00e7\u00e3o de terras de povos ind\u00edgenas. Para a ABCZ, foi uma cr\u00edtica a suas pr\u00e1ticas: \u201cChamados de \u201cmonstros\u201d pela escola, n\u00f3s, produtores rurais, respondemos por 22% do PIB Nacional e, historicamente, salvamos o Brasil em termos de gera\u00e7\u00e3o de renda e empregos\u201d.<br \/>\n&nbsp;<\/p>\n","protected":false},"excerpt":{"rendered":"<p>&#8220;Quando o agroneg\u00f3cio sofre com a ignor\u00e2ncia e o preconceito&#8221; \u00e9 o t\u00edtulo de um artigo do presidente da Federa\u00e7\u00e3o da Agricultura e Pecu\u00e1ria do Estado de SC (Faesc) e do Servi\u00e7o Nacional de Aprendizagem Rural (Senar\/SC), Jos\u00e9 Zeferino Pedrozo, que circula nas redes sociais. A &#8220;ignor\u00e2ncia e o preconceito&#8221; a que se refere o [&hellip;]<\/p>\n","protected":false},"author":4,"featured_media":43249,"comment_status":"open","ping_status":"closed","sticky":false,"template":"","format":"standard","meta":{"_jetpack_newsletter_access":"","_jetpack_dont_email_post_to_subs":false,"_jetpack_newsletter_tier_id":0,"_jetpack_memberships_contains_paywalled_content":false,"_jetpack_feature_clip_id":0,"_jetpack_memberships_contains_paid_content":false,"footnotes":"","jetpack_post_was_ever_published":false},"categories":[26],"tags":[],"class_list":["post-43235","post","type-post","status-publish","format-standard","has-post-thumbnail","hentry","category-geral"],"aioseo_notices":[],"aioseo_head":"\n\t\t<!-- All in One SEO 5.0.1.1 - aioseo.com -->\n\t<meta name=\"robots\" content=\"max-image-preview:large\" \/>\n\t<meta name=\"author\" content=\"da Reda\u00e7\u00e3o\"\/>\n\t<link rel=\"canonical\" href=\"https:\/\/www.jornalja.com.br\/arquivo\/agronegocio-reage-a-samba-leva-a-questao-indigena-para-a-sapucai\/\" \/>\n\t<meta name=\"generator\" content=\"All in One SEO (AIOSEO) 5.0.1.1\" \/>\n\t\t<meta property=\"og:locale\" content=\"pt_BR\" \/>\n\t\t<meta property=\"og:site_name\" content=\"Arquivo | Jornal J\u00c1 | Porto Alegre\" \/>\n\t\t<meta property=\"og:type\" content=\"article\" \/>\n\t\t<meta property=\"og:title\" content=\"Agroneg\u00f3cio reage a samba-enredo sobre a quest\u00e3o ind\u00edgena | Arquivo\" \/>\n\t\t<meta property=\"og:url\" content=\"https:\/\/www.jornalja.com.br\/arquivo\/agronegocio-reage-a-samba-leva-a-questao-indigena-para-a-sapucai\/\" \/>\n\t\t<meta property=\"og:image\" content=\"https:\/\/www.jornalja.com.br\/wp-content\/uploads\/2017\/01\/Agronegocio-reage.jpg\" \/>\n\t\t<meta property=\"og:image:secure_url\" content=\"https:\/\/www.jornalja.com.br\/wp-content\/uploads\/2017\/01\/Agronegocio-reage.jpg\" \/>\n\t\t<meta property=\"article:published_time\" content=\"2017-01-12T00:38:38+00:00\" \/>\n\t\t<meta property=\"article:modified_time\" content=\"2017-01-12T00:38:38+00:00\" \/>\n\t\t<meta name=\"twitter:card\" content=\"summary\" \/>\n\t\t<meta name=\"twitter:title\" content=\"Agroneg\u00f3cio reage a samba-enredo sobre a quest\u00e3o ind\u00edgena | Arquivo\" \/>\n\t\t<meta name=\"twitter:image\" content=\"https:\/\/www.jornalja.com.br\/economics\/wp-content\/uploads\/sites\/11\/2026\/08\/ja-folhaderosto-facebook.jpg\" \/>\n\t\t<script type=\"application\/ld+json\" class=\"aioseo-schema\">\n\t\t\t{\"@context\":\"https:\\\/\\\/schema.org\",\"@graph\":[{\"@type\":\"BlogPosting\",\"@id\":\"https:\\\/\\\/www.jornalja.com.br\\\/arquivo\\\/agronegocio-reage-a-samba-leva-a-questao-indigena-para-a-sapucai\\\/#blogposting\",\"name\":\"Agroneg\\u00f3cio reage a samba-enredo sobre a quest\\u00e3o ind\\u00edgena | Arquivo\",\"headline\":\"Agroneg\\u00f3cio reage a samba-enredo sobre a quest\\u00e3o ind\\u00edgena\",\"author\":{\"@id\":\"https:\\\/\\\/www.jornalja.com.br\\\/arquivo\\\/author\\\/daredacao\\\/#author\"},\"publisher\":{\"@id\":\"https:\\\/\\\/www.jornalja.com.br\\\/arquivo\\\/#organization\"},\"image\":{\"@type\":\"ImageObject\",\"url\":43249},\"datePublished\":\"2017-01-11T21:38:38-02:00\",\"dateModified\":\"2017-01-11T21:38:38-02:00\",\"inLanguage\":\"pt-BR\",\"mainEntityOfPage\":{\"@id\":\"https:\\\/\\\/www.jornalja.com.br\\\/arquivo\\\/agronegocio-reage-a-samba-leva-a-questao-indigena-para-a-sapucai\\\/#webpage\"},\"isPartOf\":{\"@id\":\"https:\\\/\\\/www.jornalja.com.br\\\/arquivo\\\/agronegocio-reage-a-samba-leva-a-questao-indigena-para-a-sapucai\\\/#webpage\"},\"articleSection\":\"Geral\"},{\"@type\":\"BreadcrumbList\",\"@id\":\"https:\\\/\\\/www.jornalja.com.br\\\/arquivo\\\/agronegocio-reage-a-samba-leva-a-questao-indigena-para-a-sapucai\\\/#breadcrumblist\",\"itemListElement\":[{\"@type\":\"ListItem\",\"@id\":\"https:\\\/\\\/www.jornalja.com.br\\\/arquivo#listItem\",\"position\":1,\"name\":\"Home\",\"item\":\"https:\\\/\\\/www.jornalja.com.br\\\/arquivo\",\"nextItem\":{\"@type\":\"ListItem\",\"@id\":\"https:\\\/\\\/www.jornalja.com.br\\\/arquivo\\\/category\\\/geral\\\/#listItem\",\"name\":\"Geral\"}},{\"@type\":\"ListItem\",\"@id\":\"https:\\\/\\\/www.jornalja.com.br\\\/arquivo\\\/category\\\/geral\\\/#listItem\",\"position\":2,\"name\":\"Geral\",\"item\":\"https:\\\/\\\/www.jornalja.com.br\\\/arquivo\\\/category\\\/geral\\\/\",\"nextItem\":{\"@type\":\"ListItem\",\"@id\":\"https:\\\/\\\/www.jornalja.com.br\\\/arquivo\\\/agronegocio-reage-a-samba-leva-a-questao-indigena-para-a-sapucai\\\/#listItem\",\"name\":\"Agroneg\\u00f3cio reage a samba-enredo sobre a quest\\u00e3o ind\\u00edgena\"},\"previousItem\":{\"@type\":\"ListItem\",\"@id\":\"https:\\\/\\\/www.jornalja.com.br\\\/arquivo#listItem\",\"name\":\"Home\"}},{\"@type\":\"ListItem\",\"@id\":\"https:\\\/\\\/www.jornalja.com.br\\\/arquivo\\\/agronegocio-reage-a-samba-leva-a-questao-indigena-para-a-sapucai\\\/#listItem\",\"position\":3,\"name\":\"Agroneg\\u00f3cio reage a samba-enredo sobre a quest\\u00e3o ind\\u00edgena\",\"previousItem\":{\"@type\":\"ListItem\",\"@id\":\"https:\\\/\\\/www.jornalja.com.br\\\/arquivo\\\/category\\\/geral\\\/#listItem\",\"name\":\"Geral\"}}]},{\"@type\":\"Organization\",\"@id\":\"https:\\\/\\\/www.jornalja.com.br\\\/arquivo\\\/#organization\",\"name\":\"Jornal J\\u00c1\",\"description\":\"Jornal J\\u00c1 | Porto Alegre\",\"url\":\"https:\\\/\\\/www.jornalja.com.br\\\/arquivo\\\/\",\"telephone\":\"+555133307272\",\"logo\":{\"@type\":\"ImageObject\",\"url\":\"https:\\\/\\\/www.jornalja.com.br\\\/wp-content\\\/uploads\\\/cards\\\/JAslogan.png\",\"@id\":\"https:\\\/\\\/www.jornalja.com.br\\\/arquivo\\\/agronegocio-reage-a-samba-leva-a-questao-indigena-para-a-sapucai\\\/#organizationLogo\"},\"image\":{\"@id\":\"https:\\\/\\\/www.jornalja.com.br\\\/arquivo\\\/agronegocio-reage-a-samba-leva-a-questao-indigena-para-a-sapucai\\\/#organizationLogo\"}},{\"@type\":\"Person\",\"@id\":\"https:\\\/\\\/www.jornalja.com.br\\\/arquivo\\\/author\\\/daredacao\\\/#author\",\"url\":\"https:\\\/\\\/www.jornalja.com.br\\\/arquivo\\\/author\\\/daredacao\\\/\",\"name\":\"da Reda\\u00e7\\u00e3o\",\"image\":{\"@type\":\"ImageObject\",\"@id\":\"https:\\\/\\\/www.jornalja.com.br\\\/arquivo\\\/agronegocio-reage-a-samba-leva-a-questao-indigena-para-a-sapucai\\\/#authorImage\",\"url\":\"https:\\\/\\\/secure.gravatar.com\\\/avatar\\\/469fd857d6605ad19919d27ed29d35a968a25f6e8fd9318356bbb7f57aae9c65?s=96&d=mm&r=g\",\"width\":96,\"height\":96,\"caption\":\"da Reda\\u00e7\\u00e3o\"}},{\"@type\":\"WebPage\",\"@id\":\"https:\\\/\\\/www.jornalja.com.br\\\/arquivo\\\/agronegocio-reage-a-samba-leva-a-questao-indigena-para-a-sapucai\\\/#webpage\",\"url\":\"https:\\\/\\\/www.jornalja.com.br\\\/arquivo\\\/agronegocio-reage-a-samba-leva-a-questao-indigena-para-a-sapucai\\\/\",\"name\":\"Agroneg\\u00f3cio reage a samba-enredo sobre a quest\\u00e3o ind\\u00edgena | Arquivo\",\"inLanguage\":\"pt-BR\",\"isPartOf\":{\"@id\":\"https:\\\/\\\/www.jornalja.com.br\\\/arquivo\\\/#website\"},\"breadcrumb\":{\"@id\":\"https:\\\/\\\/www.jornalja.com.br\\\/arquivo\\\/agronegocio-reage-a-samba-leva-a-questao-indigena-para-a-sapucai\\\/#breadcrumblist\"},\"author\":{\"@id\":\"https:\\\/\\\/www.jornalja.com.br\\\/arquivo\\\/author\\\/daredacao\\\/#author\"},\"creator\":{\"@id\":\"https:\\\/\\\/www.jornalja.com.br\\\/arquivo\\\/author\\\/daredacao\\\/#author\"},\"image\":{\"@type\":\"ImageObject\",\"url\":43249,\"@id\":\"https:\\\/\\\/www.jornalja.com.br\\\/arquivo\\\/agronegocio-reage-a-samba-leva-a-questao-indigena-para-a-sapucai\\\/#mainImage\"},\"primaryImageOfPage\":{\"@id\":\"https:\\\/\\\/www.jornalja.com.br\\\/arquivo\\\/agronegocio-reage-a-samba-leva-a-questao-indigena-para-a-sapucai\\\/#mainImage\"},\"datePublished\":\"2017-01-11T21:38:38-02:00\",\"dateModified\":\"2017-01-11T21:38:38-02:00\"},{\"@type\":\"WebSite\",\"@id\":\"https:\\\/\\\/www.jornalja.com.br\\\/arquivo\\\/#website\",\"url\":\"https:\\\/\\\/www.jornalja.com.br\\\/arquivo\\\/\",\"name\":\"Arquivo\",\"description\":\"Jornal J\\u00c1 | Porto Alegre\",\"inLanguage\":\"pt-BR\",\"publisher\":{\"@id\":\"https:\\\/\\\/www.jornalja.com.br\\\/arquivo\\\/#organization\"}}]}\n\t\t<\/script>\n\t\t<!-- All in One SEO -->\n\n","aioseo_head_json":{"title":"Agroneg\u00f3cio reage a samba-enredo sobre a quest\u00e3o ind\u00edgena | Arquivo","description":"","canonical_url":"https:\/\/www.jornalja.com.br\/arquivo\/agronegocio-reage-a-samba-leva-a-questao-indigena-para-a-sapucai\/","robots":"max-image-preview:large","keywords":"","webmasterTools":{"miscellaneous":""},"schema":{"@context":"https:\/\/schema.org","@graph":[{"@type":"BlogPosting","@id":"https:\/\/www.jornalja.com.br\/arquivo\/agronegocio-reage-a-samba-leva-a-questao-indigena-para-a-sapucai\/#blogposting","name":"Agroneg\u00f3cio reage a samba-enredo sobre a quest\u00e3o ind\u00edgena | Arquivo","headline":"Agroneg\u00f3cio reage a samba-enredo sobre a quest\u00e3o ind\u00edgena","author":{"@id":"https:\/\/www.jornalja.com.br\/arquivo\/author\/daredacao\/#author"},"publisher":{"@id":"https:\/\/www.jornalja.com.br\/arquivo\/#organization"},"image":{"@type":"ImageObject","url":43249},"datePublished":"2017-01-11T21:38:38-02:00","dateModified":"2017-01-11T21:38:38-02:00","inLanguage":"pt-BR","mainEntityOfPage":{"@id":"https:\/\/www.jornalja.com.br\/arquivo\/agronegocio-reage-a-samba-leva-a-questao-indigena-para-a-sapucai\/#webpage"},"isPartOf":{"@id":"https:\/\/www.jornalja.com.br\/arquivo\/agronegocio-reage-a-samba-leva-a-questao-indigena-para-a-sapucai\/#webpage"},"articleSection":"Geral"},{"@type":"BreadcrumbList","@id":"https:\/\/www.jornalja.com.br\/arquivo\/agronegocio-reage-a-samba-leva-a-questao-indigena-para-a-sapucai\/#breadcrumblist","itemListElement":[{"@type":"ListItem","@id":"https:\/\/www.jornalja.com.br\/arquivo#listItem","position":1,"name":"Home","item":"https:\/\/www.jornalja.com.br\/arquivo","nextItem":{"@type":"ListItem","@id":"https:\/\/www.jornalja.com.br\/arquivo\/category\/geral\/#listItem","name":"Geral"}},{"@type":"ListItem","@id":"https:\/\/www.jornalja.com.br\/arquivo\/category\/geral\/#listItem","position":2,"name":"Geral","item":"https:\/\/www.jornalja.com.br\/arquivo\/category\/geral\/","nextItem":{"@type":"ListItem","@id":"https:\/\/www.jornalja.com.br\/arquivo\/agronegocio-reage-a-samba-leva-a-questao-indigena-para-a-sapucai\/#listItem","name":"Agroneg\u00f3cio reage a samba-enredo sobre a quest\u00e3o ind\u00edgena"},"previousItem":{"@type":"ListItem","@id":"https:\/\/www.jornalja.com.br\/arquivo#listItem","name":"Home"}},{"@type":"ListItem","@id":"https:\/\/www.jornalja.com.br\/arquivo\/agronegocio-reage-a-samba-leva-a-questao-indigena-para-a-sapucai\/#listItem","position":3,"name":"Agroneg\u00f3cio reage a samba-enredo sobre a quest\u00e3o ind\u00edgena","previousItem":{"@type":"ListItem","@id":"https:\/\/www.jornalja.com.br\/arquivo\/category\/geral\/#listItem","name":"Geral"}}]},{"@type":"Organization","@id":"https:\/\/www.jornalja.com.br\/arquivo\/#organization","name":"Jornal J\u00c1","description":"Jornal J\u00c1 | Porto Alegre","url":"https:\/\/www.jornalja.com.br\/arquivo\/","telephone":"+555133307272","logo":{"@type":"ImageObject","url":"https:\/\/www.jornalja.com.br\/wp-content\/uploads\/cards\/JAslogan.png","@id":"https:\/\/www.jornalja.com.br\/arquivo\/agronegocio-reage-a-samba-leva-a-questao-indigena-para-a-sapucai\/#organizationLogo"},"image":{"@id":"https:\/\/www.jornalja.com.br\/arquivo\/agronegocio-reage-a-samba-leva-a-questao-indigena-para-a-sapucai\/#organizationLogo"}},{"@type":"Person","@id":"https:\/\/www.jornalja.com.br\/arquivo\/author\/daredacao\/#author","url":"https:\/\/www.jornalja.com.br\/arquivo\/author\/daredacao\/","name":"da Reda\u00e7\u00e3o","image":{"@type":"ImageObject","@id":"https:\/\/www.jornalja.com.br\/arquivo\/agronegocio-reage-a-samba-leva-a-questao-indigena-para-a-sapucai\/#authorImage","url":"https:\/\/secure.gravatar.com\/avatar\/469fd857d6605ad19919d27ed29d35a968a25f6e8fd9318356bbb7f57aae9c65?s=96&d=mm&r=g","width":96,"height":96,"caption":"da Reda\u00e7\u00e3o"}},{"@type":"WebPage","@id":"https:\/\/www.jornalja.com.br\/arquivo\/agronegocio-reage-a-samba-leva-a-questao-indigena-para-a-sapucai\/#webpage","url":"https:\/\/www.jornalja.com.br\/arquivo\/agronegocio-reage-a-samba-leva-a-questao-indigena-para-a-sapucai\/","name":"Agroneg\u00f3cio reage a samba-enredo sobre a quest\u00e3o ind\u00edgena | Arquivo","inLanguage":"pt-BR","isPartOf":{"@id":"https:\/\/www.jornalja.com.br\/arquivo\/#website"},"breadcrumb":{"@id":"https:\/\/www.jornalja.com.br\/arquivo\/agronegocio-reage-a-samba-leva-a-questao-indigena-para-a-sapucai\/#breadcrumblist"},"author":{"@id":"https:\/\/www.jornalja.com.br\/arquivo\/author\/daredacao\/#author"},"creator":{"@id":"https:\/\/www.jornalja.com.br\/arquivo\/author\/daredacao\/#author"},"image":{"@type":"ImageObject","url":43249,"@id":"https:\/\/www.jornalja.com.br\/arquivo\/agronegocio-reage-a-samba-leva-a-questao-indigena-para-a-sapucai\/#mainImage"},"primaryImageOfPage":{"@id":"https:\/\/www.jornalja.com.br\/arquivo\/agronegocio-reage-a-samba-leva-a-questao-indigena-para-a-sapucai\/#mainImage"},"datePublished":"2017-01-11T21:38:38-02:00","dateModified":"2017-01-11T21:38:38-02:00"},{"@type":"WebSite","@id":"https:\/\/www.jornalja.com.br\/arquivo\/#website","url":"https:\/\/www.jornalja.com.br\/arquivo\/","name":"Arquivo","description":"Jornal J\u00c1 | Porto Alegre","inLanguage":"pt-BR","publisher":{"@id":"https:\/\/www.jornalja.com.br\/arquivo\/#organization"}}]},"og:locale":"pt_BR","og:site_name":"Arquivo | Jornal J\u00c1 | Porto Alegre","og:type":"article","og:title":"Agroneg\u00f3cio reage a samba-enredo sobre a quest\u00e3o ind\u00edgena | Arquivo","og:url":"https:\/\/www.jornalja.com.br\/arquivo\/agronegocio-reage-a-samba-leva-a-questao-indigena-para-a-sapucai\/","og:image":"https:\/\/www.jornalja.com.br\/wp-content\/uploads\/2017\/01\/Agronegocio-reage.jpg","og:image:secure_url":"https:\/\/www.jornalja.com.br\/wp-content\/uploads\/2017\/01\/Agronegocio-reage.jpg","article:published_time":"2017-01-12T00:38:38+00:00","article:modified_time":"2017-01-12T00:38:38+00:00","twitter:card":"summary","twitter:title":"Agroneg\u00f3cio reage a samba-enredo sobre a quest\u00e3o ind\u00edgena | Arquivo","twitter:image":"https:\/\/www.jornalja.com.br\/economics\/wp-content\/uploads\/sites\/11\/2026\/08\/ja-folhaderosto-facebook.jpg"},"aioseo_meta_data":{"post_id":"43235","title":null,"description":null,"keywords":null,"keyphrases":null,"primary_term":null,"canonical_url":null,"og_title":null,"og_description":null,"og_object_type":"default","og_image_type":"default","og_image_url":null,"og_image_width":null,"og_image_height":null,"og_image_custom_url":null,"og_image_custom_fields":null,"og_video":null,"og_custom_url":null,"og_article_section":null,"og_article_tags":null,"twitter_use_og":false,"twitter_card":"default","twitter_image_type":"default","twitter_image_url":null,"twitter_image_custom_url":null,"twitter_image_custom_fields":null,"twitter_title":null,"twitter_description":null,"schema":{"blockGraphs":[],"customGraphs":[],"default":{"data":{"Article":[],"Course":[],"Dataset":[],"FAQPage":[],"Movie":[],"Person":[],"Product":[],"ProductReview":[],"Car":[],"Recipe":[],"Service":[],"SoftwareApplication":[],"WebPage":[]},"graphName":"","isEnabled":true},"graphs":[],"defaultGraph":"","defaultPostTypeGraph":""},"schema_type":null,"schema_type_options":null,"pillar_content":false,"robots_default":true,"robots_noindex":false,"robots_noarchive":false,"robots_nosnippet":false,"robots_nofollow":false,"robots_noimageindex":false,"robots_noodp":false,"robots_notranslate":false,"robots_max_snippet":null,"robots_max_videopreview":null,"robots_max_imagepreview":"large","priority":null,"frequency":null,"location":null,"local_seo":null,"breadcrumb_settings":null,"limit_modified_date":false,"ai":null,"created":"2020-12-20 20:43:21","updated":"2025-07-19 19:15:13","seo_analyzer_scan_date":null,"focus_keyword":null,"additional_keywords":null,"truseo_locale":null},"jetpack_sharing_enabled":true,"jetpack-related-posts":[{"id":13128,"url":"https:\/\/www.jornalja.com.br\/arquivo\/maconha-terra-diz-que-uso-medicinal-e-desculpa\/","url_meta":{"origin":43235,"position":0},"title":"Maconha: Terra diz que uso medicinal \u00e9 desculpa","author":"Patr\u00edcia Marini","date":"4 de junho de 2014","format":false,"excerpt":"A condi\u00e7\u00e3o de pol\u00edtico, em \u00e9poca de campanha de campanha eleitoral, tira for\u00e7a do discurso do m\u00e9dico Osmar Terra contra a legaliza\u00e7\u00e3o da maconha. A tese dele de que a libera\u00e7\u00e3o vai ampliar exponencialmente o consumo \u00e9 discutivel, o consumo \u00e9 corrente. Mas seus alertas quanto aos riscos tem que\u2026","rel":"","context":"Em &quot;X.Categorias velhas&quot;","block_context":{"text":"X.Categorias velhas","link":"https:\/\/www.jornalja.com.br\/arquivo\/category\/x-categorias-velhas\/"},"img":{"alt_text":"","src":"","width":0,"height":0},"classes":[]},{"id":12960,"url":"https:\/\/www.jornalja.com.br\/arquivo\/populacao-culpa-empresas-pela-greve-dos-rodoviarios\/","url_meta":{"origin":43235,"position":1},"title":"Popula\u00e7\u00e3o culpa empresas pela greve","author":"Patr\u00edcia Marini","date":"14 de fevereiro de 2014","format":false,"excerpt":"Pesquisa divulgada na edi\u00e7\u00e3o do jornal Metro desta sexta-feira,14, comprova o velho ditado: \u00e9 poss\u00edvel enganar muitos por algum tempo, mas n\u00e3o \u00e9 poss\u00edvel enganar a todos o tempo inteiro. A principal revela\u00e7\u00e3o foi que 59,8% dos entrevistados apontaram as empresas como as principais respons\u00e1veis pela grave e 46% culparam\u2026","rel":"","context":"Em &quot;X.Categorias velhas&quot;","block_context":{"text":"X.Categorias velhas","link":"https:\/\/www.jornalja.com.br\/arquivo\/category\/x-categorias-velhas\/"},"img":{"alt_text":"","src":"","width":0,"height":0},"classes":[]},{"id":5440,"url":"https:\/\/www.jornalja.com.br\/arquivo\/casarao-da-venancio-destino-permanece-incerto\/","url_meta":{"origin":43235,"position":2},"title":"Estado ainda n\u00e3o sabe o que fazer com casar\u00e3o abandonado h\u00e1 20 anos","author":"Elmar Bones","date":"6 de julho de 2009","format":false,"excerpt":"O casar\u00e3o amarelo, numa esquina nobre de Porto Alegre (Ven\u00e2ncio Aires com Jo\u00e3o Pessoa), j\u00e1 abrigou uma escola. H\u00e1 duas d\u00e9cadas, pelo menos, est\u00e1 abandonado, porque seu propriet\u00e1rio, o governo do Estado do Rio Grande do Sul, n\u00e3o consegue achar um destino para ele. Planos n\u00e3o faltaram. O governador Ol\u00edvio\u2026","rel":"","context":"Em &quot;X.Categorias velhas&quot;","block_context":{"text":"X.Categorias velhas","link":"https:\/\/www.jornalja.com.br\/arquivo\/category\/x-categorias-velhas\/"},"img":{"alt_text":"geraldo1","src":"https:\/\/i0.wp.com\/www.jornalja.com.br\/wp-content\/uploads\/2009\/07\/geraldo1.jpg?resize=350%2C200&ssl=1","width":350,"height":200},"classes":[]},{"id":13240,"url":"https:\/\/www.jornalja.com.br\/arquivo\/plano-diretor-estamos-construindo-o-caos\/","url_meta":{"origin":43235,"position":3},"title":"Plano diretor: &quot;Estamos construindo o caos&quot;","author":"Patr\u00edcia Marini","date":"26 de maio de 2014","format":false,"excerpt":"Desabafo que arquiteta Eliana Castilhos, delegada da Regi\u00e3o de Planejamento 1, postou nas redes sociais \u00e9 um testemunho do ambiente que se criou no Conselho do Plano Diretor de Porto Alegre, onde a aprova\u00e7\u00e3o de grandes empreendimentos \u00e9 empurrada guela abaixo dos conselheiros. Ao CMDUA Como delegada da Regi\u00e3o de\u2026","rel":"","context":"Em &quot;Geral&quot;","block_context":{"text":"Geral","link":"https:\/\/www.jornalja.com.br\/arquivo\/category\/geral\/"},"img":{"alt_text":"","src":"","width":0,"height":0},"classes":[]}],"jetpack_shortlink":"https:\/\/wp.me\/pbQjBd-bfl","jetpack_featured_media_url":"","_links":{"self":[{"href":"https:\/\/www.jornalja.com.br\/arquivo\/wp-json\/wp\/v2\/posts\/43235","targetHints":{"allow":["GET"]}}],"collection":[{"href":"https:\/\/www.jornalja.com.br\/arquivo\/wp-json\/wp\/v2\/posts"}],"about":[{"href":"https:\/\/www.jornalja.com.br\/arquivo\/wp-json\/wp\/v2\/types\/post"}],"author":[{"embeddable":true,"href":"https:\/\/www.jornalja.com.br\/arquivo\/wp-json\/wp\/v2\/users\/4"}],"replies":[{"embeddable":true,"href":"https:\/\/www.jornalja.com.br\/arquivo\/wp-json\/wp\/v2\/comments?post=43235"}],"version-history":[{"count":0,"href":"https:\/\/www.jornalja.com.br\/arquivo\/wp-json\/wp\/v2\/posts\/43235\/revisions"}],"wp:attachment":[{"href":"https:\/\/www.jornalja.com.br\/arquivo\/wp-json\/wp\/v2\/media?parent=43235"}],"wp:term":[{"taxonomy":"category","embeddable":true,"href":"https:\/\/www.jornalja.com.br\/arquivo\/wp-json\/wp\/v2\/categories?post=43235"},{"taxonomy":"post_tag","embeddable":true,"href":"https:\/\/www.jornalja.com.br\/arquivo\/wp-json\/wp\/v2\/tags?post=43235"}],"curies":[{"name":"wp","href":"https:\/\/api.w.org\/{rel}","templated":true}]}}