{"id":43254,"date":"2017-01-12T15:20:32","date_gmt":"2017-01-12T18:20:32","guid":{"rendered":"https:\/\/www.jornalja.com.br\/?p=43254"},"modified":"2017-01-12T15:20:32","modified_gmt":"2017-01-12T18:20:32","slug":"prefeitura-autorizou-aniversario-do-sesc-e-senac-sem-contrapartida-na-redencao","status":"publish","type":"post","link":"https:\/\/www.jornalja.com.br\/arquivo\/prefeitura-autorizou-aniversario-do-sesc-e-senac-sem-contrapartida-na-redencao\/","title":{"rendered":"Prefeitura autorizou anivers\u00e1rio do Sesc e Senac sem contrapartida na Reden\u00e7\u00e3o"},"content":{"rendered":"<p>A Secretaria Municipal do Meio Ambiente confirmou que o evento de anivers\u00e1rio do Sesc e do Senac RS foi autorizado com dispensa de compensa\u00e7\u00e3o financeira. A festa foi realizada no Parque da Reden\u00e7\u00e3o, no dia 18 de dezembro. A Reden\u00e7\u00e3o ficou lotada com mais de 30 mil pessoas que foram assistir ao show do sambista Zeca Pagodinho, al\u00e9m de outras atra\u00e7\u00f5es.<br \/>\nEm resposta por email, a SMAM alega que o evento foi liberado da contrapartida por ser considerado \u201cde interesse social\u201d, pela gest\u00e3o anterior. Na semana passada, uma <a href=\"https:\/\/www.jornalja.com.br\/grandes-eventos-usam-a-redencao-sem-pagar-contrapartida\/\" target=\"_blank\" rel=\"noopener noreferrer\">reportagem publicada pelo J\u00c1, mostrou que a prefeitura abre m\u00e3o de cobrar compensa\u00e7\u00e3o de grandes eventos<\/a>, prevista na legisla\u00e7\u00e3o municipal. Somente em dois eventos realizados em outubro no parque Farroupilha, o Munic\u00edpio abriu m\u00e3o de arrecadar mais de R$ 15 mil.<br \/>\nO argumento para as dispensas \u00e9 o do interesse social do evento, entretanto, a legisla\u00e7\u00e3o prev\u00ea que em caso de \u201ceventos sociais, comunit\u00e1rios sem fins lucrativos, de interesse p\u00fablico\u201d n\u00e3o ser\u00e1 exigida a compensa\u00e7\u00e3o desde que os eventos n\u00e3o estejam vinculados a marcas, produtos ou servi\u00e7os de patrocinadores e de que n\u00e3o tenham impacto ambiental significativo ao local.<br \/>\nNo email encaminhado pela reportagem \u00e0 SMAM, foram solicitadas outras informa\u00e7\u00f5es, relativas ao n\u00famero total de eventos autorizados no parque ao longo do ano e do valor total arrecadado em contrapartida pela realiza\u00e7\u00e3o de eventos.<br \/>\nA assessoria de imprensa da SMAM informou que n\u00e3o teria como responder, pois a secretaria ainda n\u00e3o compilou os dados referentes a 2016.<\/p>\n","protected":false},"excerpt":{"rendered":"<p>A Secretaria Municipal do Meio Ambiente confirmou que o evento de anivers\u00e1rio do Sesc e do Senac RS foi autorizado com dispensa de compensa\u00e7\u00e3o financeira. A festa foi realizada no Parque da Reden\u00e7\u00e3o, no dia 18 de dezembro. A Reden\u00e7\u00e3o ficou lotada com mais de 30 mil pessoas que foram assistir ao show do sambista [&hellip;]<\/p>\n","protected":false},"author":4,"featured_media":43255,"comment_status":"open","ping_status":"closed","sticky":false,"template":"","format":"standard","meta":{"_jetpack_newsletter_access":"","_jetpack_dont_email_post_to_subs":false,"_jetpack_newsletter_tier_id":0,"_jetpack_memberships_contains_paywalled_content":false,"_jetpack_feature_clip_id":0,"_jetpack_memberships_contains_paid_content":false,"footnotes":"","jetpack_post_was_ever_published":false},"categories":[26],"tags":[],"class_list":["post-43254","post","type-post","status-publish","format-standard","has-post-thumbnail","hentry","category-geral"],"aioseo_notices":[],"aioseo_head":"\n\t\t<!-- All in One SEO 5.0.1.1 - aioseo.com -->\n\t<meta name=\"robots\" content=\"max-image-preview:large\" \/>\n\t<meta name=\"author\" content=\"da Reda\u00e7\u00e3o\"\/>\n\t<link rel=\"canonical\" href=\"https:\/\/www.jornalja.com.br\/arquivo\/prefeitura-autorizou-aniversario-do-sesc-e-senac-sem-contrapartida-na-redencao\/\" \/>\n\t<meta name=\"generator\" content=\"All in One SEO (AIOSEO) 5.0.1.1\" \/>\n\t\t<meta property=\"og:locale\" content=\"pt_BR\" \/>\n\t\t<meta property=\"og:site_name\" content=\"Arquivo | Jornal J\u00c1 | Porto Alegre\" \/>\n\t\t<meta property=\"og:type\" content=\"article\" \/>\n\t\t<meta property=\"og:title\" content=\"Prefeitura autorizou anivers\u00e1rio do Sesc e Senac sem contrapartida na Reden\u00e7\u00e3o | Arquivo\" \/>\n\t\t<meta property=\"og:url\" content=\"https:\/\/www.jornalja.com.br\/arquivo\/prefeitura-autorizou-aniversario-do-sesc-e-senac-sem-contrapartida-na-redencao\/\" \/>\n\t\t<meta property=\"og:image\" content=\"https:\/\/www.jornalja.com.br\/economics\/wp-content\/uploads\/sites\/11\/2026\/08\/ja-folhaderosto-facebook.jpg\" \/>\n\t\t<meta property=\"og:image:secure_url\" content=\"https:\/\/www.jornalja.com.br\/economics\/wp-content\/uploads\/sites\/11\/2026\/08\/ja-folhaderosto-facebook.jpg\" \/>\n\t\t<meta property=\"article:published_time\" content=\"2017-01-12T18:20:32+00:00\" \/>\n\t\t<meta property=\"article:modified_time\" content=\"2017-01-12T18:20:32+00:00\" \/>\n\t\t<meta name=\"twitter:card\" content=\"summary\" \/>\n\t\t<meta name=\"twitter:title\" content=\"Prefeitura autorizou anivers\u00e1rio do Sesc e Senac sem contrapartida na Reden\u00e7\u00e3o | Arquivo\" \/>\n\t\t<meta name=\"twitter:image\" content=\"https:\/\/www.jornalja.com.br\/economics\/wp-content\/uploads\/sites\/11\/2026\/08\/ja-folhaderosto-facebook.jpg\" \/>\n\t\t<script type=\"application\/ld+json\" class=\"aioseo-schema\">\n\t\t\t{\"@context\":\"https:\\\/\\\/schema.org\",\"@graph\":[{\"@type\":\"BlogPosting\",\"@id\":\"https:\\\/\\\/www.jornalja.com.br\\\/arquivo\\\/prefeitura-autorizou-aniversario-do-sesc-e-senac-sem-contrapartida-na-redencao\\\/#blogposting\",\"name\":\"Prefeitura autorizou anivers\\u00e1rio do Sesc e Senac sem contrapartida na Reden\\u00e7\\u00e3o | Arquivo\",\"headline\":\"Prefeitura autorizou anivers\\u00e1rio do Sesc e Senac sem contrapartida na Reden\\u00e7\\u00e3o\",\"author\":{\"@id\":\"https:\\\/\\\/www.jornalja.com.br\\\/arquivo\\\/author\\\/daredacao\\\/#author\"},\"publisher\":{\"@id\":\"https:\\\/\\\/www.jornalja.com.br\\\/arquivo\\\/#organization\"},\"image\":{\"@type\":\"ImageObject\",\"url\":43255},\"datePublished\":\"2017-01-12T15:20:32-02:00\",\"dateModified\":\"2017-01-12T15:20:32-02:00\",\"inLanguage\":\"pt-BR\",\"mainEntityOfPage\":{\"@id\":\"https:\\\/\\\/www.jornalja.com.br\\\/arquivo\\\/prefeitura-autorizou-aniversario-do-sesc-e-senac-sem-contrapartida-na-redencao\\\/#webpage\"},\"isPartOf\":{\"@id\":\"https:\\\/\\\/www.jornalja.com.br\\\/arquivo\\\/prefeitura-autorizou-aniversario-do-sesc-e-senac-sem-contrapartida-na-redencao\\\/#webpage\"},\"articleSection\":\"Geral\"},{\"@type\":\"BreadcrumbList\",\"@id\":\"https:\\\/\\\/www.jornalja.com.br\\\/arquivo\\\/prefeitura-autorizou-aniversario-do-sesc-e-senac-sem-contrapartida-na-redencao\\\/#breadcrumblist\",\"itemListElement\":[{\"@type\":\"ListItem\",\"@id\":\"https:\\\/\\\/www.jornalja.com.br\\\/arquivo#listItem\",\"position\":1,\"name\":\"Home\",\"item\":\"https:\\\/\\\/www.jornalja.com.br\\\/arquivo\",\"nextItem\":{\"@type\":\"ListItem\",\"@id\":\"https:\\\/\\\/www.jornalja.com.br\\\/arquivo\\\/category\\\/geral\\\/#listItem\",\"name\":\"Geral\"}},{\"@type\":\"ListItem\",\"@id\":\"https:\\\/\\\/www.jornalja.com.br\\\/arquivo\\\/category\\\/geral\\\/#listItem\",\"position\":2,\"name\":\"Geral\",\"item\":\"https:\\\/\\\/www.jornalja.com.br\\\/arquivo\\\/category\\\/geral\\\/\",\"nextItem\":{\"@type\":\"ListItem\",\"@id\":\"https:\\\/\\\/www.jornalja.com.br\\\/arquivo\\\/prefeitura-autorizou-aniversario-do-sesc-e-senac-sem-contrapartida-na-redencao\\\/#listItem\",\"name\":\"Prefeitura autorizou anivers\\u00e1rio do Sesc e Senac sem contrapartida na Reden\\u00e7\\u00e3o\"},\"previousItem\":{\"@type\":\"ListItem\",\"@id\":\"https:\\\/\\\/www.jornalja.com.br\\\/arquivo#listItem\",\"name\":\"Home\"}},{\"@type\":\"ListItem\",\"@id\":\"https:\\\/\\\/www.jornalja.com.br\\\/arquivo\\\/prefeitura-autorizou-aniversario-do-sesc-e-senac-sem-contrapartida-na-redencao\\\/#listItem\",\"position\":3,\"name\":\"Prefeitura autorizou anivers\\u00e1rio do Sesc e Senac sem contrapartida na Reden\\u00e7\\u00e3o\",\"previousItem\":{\"@type\":\"ListItem\",\"@id\":\"https:\\\/\\\/www.jornalja.com.br\\\/arquivo\\\/category\\\/geral\\\/#listItem\",\"name\":\"Geral\"}}]},{\"@type\":\"Organization\",\"@id\":\"https:\\\/\\\/www.jornalja.com.br\\\/arquivo\\\/#organization\",\"name\":\"Jornal J\\u00c1\",\"description\":\"Jornal J\\u00c1 | Porto Alegre\",\"url\":\"https:\\\/\\\/www.jornalja.com.br\\\/arquivo\\\/\",\"telephone\":\"+555133307272\",\"logo\":{\"@type\":\"ImageObject\",\"url\":\"https:\\\/\\\/www.jornalja.com.br\\\/wp-content\\\/uploads\\\/cards\\\/JAslogan.png\",\"@id\":\"https:\\\/\\\/www.jornalja.com.br\\\/arquivo\\\/prefeitura-autorizou-aniversario-do-sesc-e-senac-sem-contrapartida-na-redencao\\\/#organizationLogo\"},\"image\":{\"@id\":\"https:\\\/\\\/www.jornalja.com.br\\\/arquivo\\\/prefeitura-autorizou-aniversario-do-sesc-e-senac-sem-contrapartida-na-redencao\\\/#organizationLogo\"}},{\"@type\":\"Person\",\"@id\":\"https:\\\/\\\/www.jornalja.com.br\\\/arquivo\\\/author\\\/daredacao\\\/#author\",\"url\":\"https:\\\/\\\/www.jornalja.com.br\\\/arquivo\\\/author\\\/daredacao\\\/\",\"name\":\"da Reda\\u00e7\\u00e3o\",\"image\":{\"@type\":\"ImageObject\",\"@id\":\"https:\\\/\\\/www.jornalja.com.br\\\/arquivo\\\/prefeitura-autorizou-aniversario-do-sesc-e-senac-sem-contrapartida-na-redencao\\\/#authorImage\",\"url\":\"https:\\\/\\\/secure.gravatar.com\\\/avatar\\\/469fd857d6605ad19919d27ed29d35a968a25f6e8fd9318356bbb7f57aae9c65?s=96&d=mm&r=g\",\"width\":96,\"height\":96,\"caption\":\"da Reda\\u00e7\\u00e3o\"}},{\"@type\":\"WebPage\",\"@id\":\"https:\\\/\\\/www.jornalja.com.br\\\/arquivo\\\/prefeitura-autorizou-aniversario-do-sesc-e-senac-sem-contrapartida-na-redencao\\\/#webpage\",\"url\":\"https:\\\/\\\/www.jornalja.com.br\\\/arquivo\\\/prefeitura-autorizou-aniversario-do-sesc-e-senac-sem-contrapartida-na-redencao\\\/\",\"name\":\"Prefeitura autorizou anivers\\u00e1rio do Sesc e Senac sem contrapartida na Reden\\u00e7\\u00e3o | Arquivo\",\"inLanguage\":\"pt-BR\",\"isPartOf\":{\"@id\":\"https:\\\/\\\/www.jornalja.com.br\\\/arquivo\\\/#website\"},\"breadcrumb\":{\"@id\":\"https:\\\/\\\/www.jornalja.com.br\\\/arquivo\\\/prefeitura-autorizou-aniversario-do-sesc-e-senac-sem-contrapartida-na-redencao\\\/#breadcrumblist\"},\"author\":{\"@id\":\"https:\\\/\\\/www.jornalja.com.br\\\/arquivo\\\/author\\\/daredacao\\\/#author\"},\"creator\":{\"@id\":\"https:\\\/\\\/www.jornalja.com.br\\\/arquivo\\\/author\\\/daredacao\\\/#author\"},\"image\":{\"@type\":\"ImageObject\",\"url\":43255,\"@id\":\"https:\\\/\\\/www.jornalja.com.br\\\/arquivo\\\/prefeitura-autorizou-aniversario-do-sesc-e-senac-sem-contrapartida-na-redencao\\\/#mainImage\"},\"primaryImageOfPage\":{\"@id\":\"https:\\\/\\\/www.jornalja.com.br\\\/arquivo\\\/prefeitura-autorizou-aniversario-do-sesc-e-senac-sem-contrapartida-na-redencao\\\/#mainImage\"},\"datePublished\":\"2017-01-12T15:20:32-02:00\",\"dateModified\":\"2017-01-12T15:20:32-02:00\"},{\"@type\":\"WebSite\",\"@id\":\"https:\\\/\\\/www.jornalja.com.br\\\/arquivo\\\/#website\",\"url\":\"https:\\\/\\\/www.jornalja.com.br\\\/arquivo\\\/\",\"name\":\"Arquivo\",\"description\":\"Jornal J\\u00c1 | Porto Alegre\",\"inLanguage\":\"pt-BR\",\"publisher\":{\"@id\":\"https:\\\/\\\/www.jornalja.com.br\\\/arquivo\\\/#organization\"}}]}\n\t\t<\/script>\n\t\t<!-- All in One SEO -->\n\n","aioseo_head_json":{"title":"Prefeitura autorizou anivers\u00e1rio do Sesc e Senac sem contrapartida na Reden\u00e7\u00e3o | Arquivo","description":"","canonical_url":"https:\/\/www.jornalja.com.br\/arquivo\/prefeitura-autorizou-aniversario-do-sesc-e-senac-sem-contrapartida-na-redencao\/","robots":"max-image-preview:large","keywords":"","webmasterTools":{"miscellaneous":""},"schema":{"@context":"https:\/\/schema.org","@graph":[{"@type":"BlogPosting","@id":"https:\/\/www.jornalja.com.br\/arquivo\/prefeitura-autorizou-aniversario-do-sesc-e-senac-sem-contrapartida-na-redencao\/#blogposting","name":"Prefeitura autorizou anivers\u00e1rio do Sesc e Senac sem contrapartida na Reden\u00e7\u00e3o | Arquivo","headline":"Prefeitura autorizou anivers\u00e1rio do Sesc e Senac sem contrapartida na Reden\u00e7\u00e3o","author":{"@id":"https:\/\/www.jornalja.com.br\/arquivo\/author\/daredacao\/#author"},"publisher":{"@id":"https:\/\/www.jornalja.com.br\/arquivo\/#organization"},"image":{"@type":"ImageObject","url":43255},"datePublished":"2017-01-12T15:20:32-02:00","dateModified":"2017-01-12T15:20:32-02:00","inLanguage":"pt-BR","mainEntityOfPage":{"@id":"https:\/\/www.jornalja.com.br\/arquivo\/prefeitura-autorizou-aniversario-do-sesc-e-senac-sem-contrapartida-na-redencao\/#webpage"},"isPartOf":{"@id":"https:\/\/www.jornalja.com.br\/arquivo\/prefeitura-autorizou-aniversario-do-sesc-e-senac-sem-contrapartida-na-redencao\/#webpage"},"articleSection":"Geral"},{"@type":"BreadcrumbList","@id":"https:\/\/www.jornalja.com.br\/arquivo\/prefeitura-autorizou-aniversario-do-sesc-e-senac-sem-contrapartida-na-redencao\/#breadcrumblist","itemListElement":[{"@type":"ListItem","@id":"https:\/\/www.jornalja.com.br\/arquivo#listItem","position":1,"name":"Home","item":"https:\/\/www.jornalja.com.br\/arquivo","nextItem":{"@type":"ListItem","@id":"https:\/\/www.jornalja.com.br\/arquivo\/category\/geral\/#listItem","name":"Geral"}},{"@type":"ListItem","@id":"https:\/\/www.jornalja.com.br\/arquivo\/category\/geral\/#listItem","position":2,"name":"Geral","item":"https:\/\/www.jornalja.com.br\/arquivo\/category\/geral\/","nextItem":{"@type":"ListItem","@id":"https:\/\/www.jornalja.com.br\/arquivo\/prefeitura-autorizou-aniversario-do-sesc-e-senac-sem-contrapartida-na-redencao\/#listItem","name":"Prefeitura autorizou anivers\u00e1rio do Sesc e Senac sem contrapartida na Reden\u00e7\u00e3o"},"previousItem":{"@type":"ListItem","@id":"https:\/\/www.jornalja.com.br\/arquivo#listItem","name":"Home"}},{"@type":"ListItem","@id":"https:\/\/www.jornalja.com.br\/arquivo\/prefeitura-autorizou-aniversario-do-sesc-e-senac-sem-contrapartida-na-redencao\/#listItem","position":3,"name":"Prefeitura autorizou anivers\u00e1rio do Sesc e Senac sem contrapartida na Reden\u00e7\u00e3o","previousItem":{"@type":"ListItem","@id":"https:\/\/www.jornalja.com.br\/arquivo\/category\/geral\/#listItem","name":"Geral"}}]},{"@type":"Organization","@id":"https:\/\/www.jornalja.com.br\/arquivo\/#organization","name":"Jornal J\u00c1","description":"Jornal J\u00c1 | Porto Alegre","url":"https:\/\/www.jornalja.com.br\/arquivo\/","telephone":"+555133307272","logo":{"@type":"ImageObject","url":"https:\/\/www.jornalja.com.br\/wp-content\/uploads\/cards\/JAslogan.png","@id":"https:\/\/www.jornalja.com.br\/arquivo\/prefeitura-autorizou-aniversario-do-sesc-e-senac-sem-contrapartida-na-redencao\/#organizationLogo"},"image":{"@id":"https:\/\/www.jornalja.com.br\/arquivo\/prefeitura-autorizou-aniversario-do-sesc-e-senac-sem-contrapartida-na-redencao\/#organizationLogo"}},{"@type":"Person","@id":"https:\/\/www.jornalja.com.br\/arquivo\/author\/daredacao\/#author","url":"https:\/\/www.jornalja.com.br\/arquivo\/author\/daredacao\/","name":"da Reda\u00e7\u00e3o","image":{"@type":"ImageObject","@id":"https:\/\/www.jornalja.com.br\/arquivo\/prefeitura-autorizou-aniversario-do-sesc-e-senac-sem-contrapartida-na-redencao\/#authorImage","url":"https:\/\/secure.gravatar.com\/avatar\/469fd857d6605ad19919d27ed29d35a968a25f6e8fd9318356bbb7f57aae9c65?s=96&d=mm&r=g","width":96,"height":96,"caption":"da Reda\u00e7\u00e3o"}},{"@type":"WebPage","@id":"https:\/\/www.jornalja.com.br\/arquivo\/prefeitura-autorizou-aniversario-do-sesc-e-senac-sem-contrapartida-na-redencao\/#webpage","url":"https:\/\/www.jornalja.com.br\/arquivo\/prefeitura-autorizou-aniversario-do-sesc-e-senac-sem-contrapartida-na-redencao\/","name":"Prefeitura autorizou anivers\u00e1rio do Sesc e Senac sem contrapartida na Reden\u00e7\u00e3o | Arquivo","inLanguage":"pt-BR","isPartOf":{"@id":"https:\/\/www.jornalja.com.br\/arquivo\/#website"},"breadcrumb":{"@id":"https:\/\/www.jornalja.com.br\/arquivo\/prefeitura-autorizou-aniversario-do-sesc-e-senac-sem-contrapartida-na-redencao\/#breadcrumblist"},"author":{"@id":"https:\/\/www.jornalja.com.br\/arquivo\/author\/daredacao\/#author"},"creator":{"@id":"https:\/\/www.jornalja.com.br\/arquivo\/author\/daredacao\/#author"},"image":{"@type":"ImageObject","url":43255,"@id":"https:\/\/www.jornalja.com.br\/arquivo\/prefeitura-autorizou-aniversario-do-sesc-e-senac-sem-contrapartida-na-redencao\/#mainImage"},"primaryImageOfPage":{"@id":"https:\/\/www.jornalja.com.br\/arquivo\/prefeitura-autorizou-aniversario-do-sesc-e-senac-sem-contrapartida-na-redencao\/#mainImage"},"datePublished":"2017-01-12T15:20:32-02:00","dateModified":"2017-01-12T15:20:32-02:00"},{"@type":"WebSite","@id":"https:\/\/www.jornalja.com.br\/arquivo\/#website","url":"https:\/\/www.jornalja.com.br\/arquivo\/","name":"Arquivo","description":"Jornal J\u00c1 | Porto Alegre","inLanguage":"pt-BR","publisher":{"@id":"https:\/\/www.jornalja.com.br\/arquivo\/#organization"}}]},"og:locale":"pt_BR","og:site_name":"Arquivo | Jornal J\u00c1 | Porto Alegre","og:type":"article","og:title":"Prefeitura autorizou anivers\u00e1rio do Sesc e Senac sem contrapartida na Reden\u00e7\u00e3o | Arquivo","og:url":"https:\/\/www.jornalja.com.br\/arquivo\/prefeitura-autorizou-aniversario-do-sesc-e-senac-sem-contrapartida-na-redencao\/","og:image":"https:\/\/www.jornalja.com.br\/economics\/wp-content\/uploads\/sites\/11\/2026\/08\/ja-folhaderosto-facebook.jpg","og:image:secure_url":"https:\/\/www.jornalja.com.br\/economics\/wp-content\/uploads\/sites\/11\/2026\/08\/ja-folhaderosto-facebook.jpg","article:published_time":"2017-01-12T18:20:32+00:00","article:modified_time":"2017-01-12T18:20:32+00:00","twitter:card":"summary","twitter:title":"Prefeitura autorizou anivers\u00e1rio do Sesc e Senac sem contrapartida na Reden\u00e7\u00e3o | Arquivo","twitter:image":"https:\/\/www.jornalja.com.br\/economics\/wp-content\/uploads\/sites\/11\/2026\/08\/ja-folhaderosto-facebook.jpg"},"aioseo_meta_data":{"post_id":"43254","title":null,"description":null,"keywords":null,"keyphrases":null,"primary_term":null,"canonical_url":null,"og_title":null,"og_description":null,"og_object_type":"default","og_image_type":"default","og_image_url":null,"og_image_width":null,"og_image_height":null,"og_image_custom_url":null,"og_image_custom_fields":null,"og_video":null,"og_custom_url":null,"og_article_section":null,"og_article_tags":null,"twitter_use_og":false,"twitter_card":"default","twitter_image_type":"default","twitter_image_url":null,"twitter_image_custom_url":null,"twitter_image_custom_fields":null,"twitter_title":null,"twitter_description":null,"schema":{"blockGraphs":[],"customGraphs":[],"default":{"data":{"Article":[],"Course":[],"Dataset":[],"FAQPage":[],"Movie":[],"Person":[],"Product":[],"ProductReview":[],"Car":[],"Recipe":[],"Service":[],"SoftwareApplication":[],"WebPage":[]},"graphName":"","isEnabled":true},"graphs":[],"defaultGraph":"","defaultPostTypeGraph":""},"schema_type":null,"schema_type_options":null,"pillar_content":false,"robots_default":true,"robots_noindex":false,"robots_noarchive":false,"robots_nosnippet":false,"robots_nofollow":false,"robots_noimageindex":false,"robots_noodp":false,"robots_notranslate":false,"robots_max_snippet":null,"robots_max_videopreview":null,"robots_max_imagepreview":"large","priority":null,"frequency":null,"location":null,"local_seo":null,"breadcrumb_settings":null,"limit_modified_date":false,"ai":null,"created":"2020-12-20 20:43:21","updated":"2025-07-19 19:15:13","seo_analyzer_scan_date":null,"focus_keyword":null,"additional_keywords":null,"truseo_locale":null},"jetpack_sharing_enabled":true,"jetpack-related-posts":[{"id":5440,"url":"https:\/\/www.jornalja.com.br\/arquivo\/casarao-da-venancio-destino-permanece-incerto\/","url_meta":{"origin":43254,"position":0},"title":"Estado ainda n\u00e3o sabe o que fazer com casar\u00e3o abandonado h\u00e1 20 anos","author":"Elmar Bones","date":"6 de julho de 2009","format":false,"excerpt":"O casar\u00e3o amarelo, numa esquina nobre de Porto Alegre (Ven\u00e2ncio Aires com Jo\u00e3o Pessoa), j\u00e1 abrigou uma escola. H\u00e1 duas d\u00e9cadas, pelo menos, est\u00e1 abandonado, porque seu propriet\u00e1rio, o governo do Estado do Rio Grande do Sul, n\u00e3o consegue achar um destino para ele. Planos n\u00e3o faltaram. O governador Ol\u00edvio\u2026","rel":"","context":"Em &quot;X.Categorias velhas&quot;","block_context":{"text":"X.Categorias velhas","link":"https:\/\/www.jornalja.com.br\/arquivo\/category\/x-categorias-velhas\/"},"img":{"alt_text":"geraldo1","src":"https:\/\/i0.wp.com\/www.jornalja.com.br\/wp-content\/uploads\/2009\/07\/geraldo1.jpg?resize=350%2C200&ssl=1","width":350,"height":200},"classes":[]},{"id":12960,"url":"https:\/\/www.jornalja.com.br\/arquivo\/populacao-culpa-empresas-pela-greve-dos-rodoviarios\/","url_meta":{"origin":43254,"position":1},"title":"Popula\u00e7\u00e3o culpa empresas pela greve","author":"Patr\u00edcia Marini","date":"14 de fevereiro de 2014","format":false,"excerpt":"Pesquisa divulgada na edi\u00e7\u00e3o do jornal Metro desta sexta-feira,14, comprova o velho ditado: \u00e9 poss\u00edvel enganar muitos por algum tempo, mas n\u00e3o \u00e9 poss\u00edvel enganar a todos o tempo inteiro. A principal revela\u00e7\u00e3o foi que 59,8% dos entrevistados apontaram as empresas como as principais respons\u00e1veis pela grave e 46% culparam\u2026","rel":"","context":"Em &quot;X.Categorias velhas&quot;","block_context":{"text":"X.Categorias velhas","link":"https:\/\/www.jornalja.com.br\/arquivo\/category\/x-categorias-velhas\/"},"img":{"alt_text":"","src":"","width":0,"height":0},"classes":[]},{"id":13124,"url":"https:\/\/www.jornalja.com.br\/arquivo\/sangue-latino-no-iecine\/","url_meta":{"origin":43254,"position":2},"title":"Sangue latino no IECINE","author":"da Reda\u00e7\u00e3o","date":"18 de maio de 2014","format":false,"excerpt":"Francisco Ribeiro O Instituto Estadual de Cinema (IECINE) tem a frente, desde abril \u00faltimo, um novo diretor, o cineasta colombiano Juan Zapata, 36, que substitui Luiz Alberto Cassol. Radicado h\u00e1 dez anos em Porto Alegre, Zapata tem diante de si o desafio de conduzir at\u00e9 o final do ano um\u2026","rel":"","context":"Em &quot;Cultura-Geral&quot;","block_context":{"text":"Cultura-Geral","link":"https:\/\/www.jornalja.com.br\/arquivo\/category\/materiasecundaria\/"},"img":{"alt_text":"","src":"","width":0,"height":0},"classes":[]}],"jetpack_shortlink":"https:\/\/wp.me\/pbQjBd-bfE","jetpack_featured_media_url":"","_links":{"self":[{"href":"https:\/\/www.jornalja.com.br\/arquivo\/wp-json\/wp\/v2\/posts\/43254","targetHints":{"allow":["GET"]}}],"collection":[{"href":"https:\/\/www.jornalja.com.br\/arquivo\/wp-json\/wp\/v2\/posts"}],"about":[{"href":"https:\/\/www.jornalja.com.br\/arquivo\/wp-json\/wp\/v2\/types\/post"}],"author":[{"embeddable":true,"href":"https:\/\/www.jornalja.com.br\/arquivo\/wp-json\/wp\/v2\/users\/4"}],"replies":[{"embeddable":true,"href":"https:\/\/www.jornalja.com.br\/arquivo\/wp-json\/wp\/v2\/comments?post=43254"}],"version-history":[{"count":0,"href":"https:\/\/www.jornalja.com.br\/arquivo\/wp-json\/wp\/v2\/posts\/43254\/revisions"}],"wp:attachment":[{"href":"https:\/\/www.jornalja.com.br\/arquivo\/wp-json\/wp\/v2\/media?parent=43254"}],"wp:term":[{"taxonomy":"category","embeddable":true,"href":"https:\/\/www.jornalja.com.br\/arquivo\/wp-json\/wp\/v2\/categories?post=43254"},{"taxonomy":"post_tag","embeddable":true,"href":"https:\/\/www.jornalja.com.br\/arquivo\/wp-json\/wp\/v2\/tags?post=43254"}],"curies":[{"name":"wp","href":"https:\/\/api.w.org\/{rel}","templated":true}]}}