{"id":43347,"date":"2017-01-13T23:30:12","date_gmt":"2017-01-14T02:30:12","guid":{"rendered":"https:\/\/www.jornalja.com.br\/?p=43347"},"modified":"2017-01-13T23:30:12","modified_gmt":"2017-01-14T02:30:12","slug":"confirmado-caso-de-chikungunya-saude-fez-aplicacao-de-inseticida-em-petropolis","status":"publish","type":"post","link":"https:\/\/www.jornalja.com.br\/arquivo\/confirmado-caso-de-chikungunya-saude-fez-aplicacao-de-inseticida-em-petropolis\/","title":{"rendered":"Confirmado caso de chikungunya, Sa\u00fade fez aplica\u00e7\u00e3o de inseticida em Petr\u00f3polis"},"content":{"rendered":"<p>Equipes da Secretaria da Sa\u00fade fizeram aplica\u00e7\u00f5es do inseticida Deltamertina em quatro ruas do bairro Petr\u00f3polis, nesta sexta-feira,13, alcan\u00e7ando \u00e1reas externas e garagens de 63 im\u00f3veis ( ruas \u00a0Lucas de Oliveira, \u00a0Corte Real, Dario Pederneiras e Jo\u00e3o Dutra).<br \/>\nA medida decorre da confirma\u00e7\u00e3o laboratorial de um caso importado de chikungunya, cujo paciente apresentou os primeiros sintomas na \u00faltima semana epidemiol\u00f3gica de 2016 , de 25 a 31 de dezembro.<br \/>\nCom esse, o n\u00famero de casos confirmados de chikungunya em 2016 sobe para 31.na cidade &#8211; todos eles casos importados, ou seja, infec\u00e7\u00e3o contra\u00edda fora de Porto Alegre.<br \/>\nApenas o s\u00edndico de um pr\u00e9dio recusou o servi\u00e7o, na opera\u00e7\u00e3o desta sexta-feira.<br \/>\nNa ocasi\u00e3o, tamb\u00e9m foram prestadas orienta\u00e7\u00f5es para elimina\u00e7\u00e3o de criadouros do Aedes aegypti nas resid\u00eancias e com\u00e9rcios instalados no bairro.<br \/>\nA aplica\u00e7\u00e3o da deltametrina \u00e9 uma das medidas adotadas pela SMS para diminuir o risco de transmiss\u00e3o dos v\u00edrus, j\u00e1 que visa diminuir a popula\u00e7\u00e3o de mosquitos adultos.<br \/>\nAinda n\u00e3o h\u00e1 confirma\u00e7\u00e3o de casos de dengue, zika ou chikungunya em Porto Alegre em 2017.<br \/>\nAt\u00e9 esta sexta-feira, 35 notifica\u00e7\u00f5es de suspeitas de dengue foram registradas \u00e0 Vigil\u00e2ncia em Sa\u00fade da Secretaria Municipal de Sa\u00fade e cinco de suspeita de chikungunya. (Informa\u00e7\u00f5es da assessoria de imprensa)<\/p>\n","protected":false},"excerpt":{"rendered":"<p>Equipes da Secretaria da Sa\u00fade fizeram aplica\u00e7\u00f5es do inseticida Deltamertina em quatro ruas do bairro Petr\u00f3polis, nesta sexta-feira,13, alcan\u00e7ando \u00e1reas externas e garagens de 63 im\u00f3veis ( ruas \u00a0Lucas de Oliveira, \u00a0Corte Real, Dario Pederneiras e Jo\u00e3o Dutra). A medida decorre da confirma\u00e7\u00e3o laboratorial de um caso importado de chikungunya, cujo paciente apresentou os primeiros [&hellip;]<\/p>\n","protected":false},"author":4,"featured_media":43355,"comment_status":"open","ping_status":"closed","sticky":false,"template":"","format":"standard","meta":{"_jetpack_newsletter_access":"","_jetpack_dont_email_post_to_subs":false,"_jetpack_newsletter_tier_id":0,"_jetpack_memberships_contains_paywalled_content":false,"_jetpack_feature_clip_id":0,"_jetpack_memberships_contains_paid_content":false,"footnotes":"","jetpack_post_was_ever_published":false},"categories":[26],"tags":[],"class_list":["post-43347","post","type-post","status-publish","format-standard","has-post-thumbnail","hentry","category-geral"],"aioseo_notices":[],"aioseo_head":"\n\t\t<!-- All in One SEO 5.0.1.1 - aioseo.com -->\n\t<meta name=\"robots\" content=\"max-image-preview:large\" \/>\n\t<meta name=\"author\" content=\"da Reda\u00e7\u00e3o\"\/>\n\t<link rel=\"canonical\" href=\"https:\/\/www.jornalja.com.br\/arquivo\/confirmado-caso-de-chikungunya-saude-fez-aplicacao-de-inseticida-em-petropolis\/\" \/>\n\t<meta name=\"generator\" content=\"All in One SEO (AIOSEO) 5.0.1.1\" \/>\n\t\t<meta property=\"og:locale\" content=\"pt_BR\" \/>\n\t\t<meta property=\"og:site_name\" content=\"Arquivo | Jornal J\u00c1 | Porto Alegre\" \/>\n\t\t<meta property=\"og:type\" content=\"article\" \/>\n\t\t<meta property=\"og:title\" content=\"Confirmado caso de chikungunya, Sa\u00fade fez aplica\u00e7\u00e3o de inseticida em Petr\u00f3polis | Arquivo\" \/>\n\t\t<meta property=\"og:url\" content=\"https:\/\/www.jornalja.com.br\/arquivo\/confirmado-caso-de-chikungunya-saude-fez-aplicacao-de-inseticida-em-petropolis\/\" \/>\n\t\t<meta property=\"og:image\" content=\"https:\/\/www.jornalja.com.br\/economics\/wp-content\/uploads\/sites\/11\/2026\/08\/ja-folhaderosto-facebook.jpg\" \/>\n\t\t<meta property=\"og:image:secure_url\" content=\"https:\/\/www.jornalja.com.br\/economics\/wp-content\/uploads\/sites\/11\/2026\/08\/ja-folhaderosto-facebook.jpg\" \/>\n\t\t<meta property=\"article:published_time\" content=\"2017-01-14T02:30:12+00:00\" \/>\n\t\t<meta property=\"article:modified_time\" content=\"2017-01-14T02:30:12+00:00\" \/>\n\t\t<meta name=\"twitter:card\" content=\"summary\" \/>\n\t\t<meta name=\"twitter:title\" content=\"Confirmado caso de chikungunya, Sa\u00fade fez aplica\u00e7\u00e3o de inseticida em Petr\u00f3polis | Arquivo\" \/>\n\t\t<meta name=\"twitter:image\" content=\"https:\/\/www.jornalja.com.br\/economics\/wp-content\/uploads\/sites\/11\/2026\/08\/ja-folhaderosto-facebook.jpg\" \/>\n\t\t<script type=\"application\/ld+json\" class=\"aioseo-schema\">\n\t\t\t{\"@context\":\"https:\\\/\\\/schema.org\",\"@graph\":[{\"@type\":\"BlogPosting\",\"@id\":\"https:\\\/\\\/www.jornalja.com.br\\\/arquivo\\\/confirmado-caso-de-chikungunya-saude-fez-aplicacao-de-inseticida-em-petropolis\\\/#blogposting\",\"name\":\"Confirmado caso de chikungunya, Sa\\u00fade fez aplica\\u00e7\\u00e3o de inseticida em Petr\\u00f3polis | Arquivo\",\"headline\":\"Confirmado caso de chikungunya, Sa\\u00fade fez aplica\\u00e7\\u00e3o de inseticida em Petr\\u00f3polis\",\"author\":{\"@id\":\"https:\\\/\\\/www.jornalja.com.br\\\/arquivo\\\/author\\\/daredacao\\\/#author\"},\"publisher\":{\"@id\":\"https:\\\/\\\/www.jornalja.com.br\\\/arquivo\\\/#organization\"},\"image\":{\"@type\":\"ImageObject\",\"url\":43355},\"datePublished\":\"2017-01-13T23:30:12-02:00\",\"dateModified\":\"2017-01-13T23:30:12-02:00\",\"inLanguage\":\"pt-BR\",\"mainEntityOfPage\":{\"@id\":\"https:\\\/\\\/www.jornalja.com.br\\\/arquivo\\\/confirmado-caso-de-chikungunya-saude-fez-aplicacao-de-inseticida-em-petropolis\\\/#webpage\"},\"isPartOf\":{\"@id\":\"https:\\\/\\\/www.jornalja.com.br\\\/arquivo\\\/confirmado-caso-de-chikungunya-saude-fez-aplicacao-de-inseticida-em-petropolis\\\/#webpage\"},\"articleSection\":\"Geral\"},{\"@type\":\"BreadcrumbList\",\"@id\":\"https:\\\/\\\/www.jornalja.com.br\\\/arquivo\\\/confirmado-caso-de-chikungunya-saude-fez-aplicacao-de-inseticida-em-petropolis\\\/#breadcrumblist\",\"itemListElement\":[{\"@type\":\"ListItem\",\"@id\":\"https:\\\/\\\/www.jornalja.com.br\\\/arquivo#listItem\",\"position\":1,\"name\":\"Home\",\"item\":\"https:\\\/\\\/www.jornalja.com.br\\\/arquivo\",\"nextItem\":{\"@type\":\"ListItem\",\"@id\":\"https:\\\/\\\/www.jornalja.com.br\\\/arquivo\\\/category\\\/geral\\\/#listItem\",\"name\":\"Geral\"}},{\"@type\":\"ListItem\",\"@id\":\"https:\\\/\\\/www.jornalja.com.br\\\/arquivo\\\/category\\\/geral\\\/#listItem\",\"position\":2,\"name\":\"Geral\",\"item\":\"https:\\\/\\\/www.jornalja.com.br\\\/arquivo\\\/category\\\/geral\\\/\",\"nextItem\":{\"@type\":\"ListItem\",\"@id\":\"https:\\\/\\\/www.jornalja.com.br\\\/arquivo\\\/confirmado-caso-de-chikungunya-saude-fez-aplicacao-de-inseticida-em-petropolis\\\/#listItem\",\"name\":\"Confirmado caso de chikungunya, Sa\\u00fade fez aplica\\u00e7\\u00e3o de inseticida em Petr\\u00f3polis\"},\"previousItem\":{\"@type\":\"ListItem\",\"@id\":\"https:\\\/\\\/www.jornalja.com.br\\\/arquivo#listItem\",\"name\":\"Home\"}},{\"@type\":\"ListItem\",\"@id\":\"https:\\\/\\\/www.jornalja.com.br\\\/arquivo\\\/confirmado-caso-de-chikungunya-saude-fez-aplicacao-de-inseticida-em-petropolis\\\/#listItem\",\"position\":3,\"name\":\"Confirmado caso de chikungunya, Sa\\u00fade fez aplica\\u00e7\\u00e3o de inseticida em Petr\\u00f3polis\",\"previousItem\":{\"@type\":\"ListItem\",\"@id\":\"https:\\\/\\\/www.jornalja.com.br\\\/arquivo\\\/category\\\/geral\\\/#listItem\",\"name\":\"Geral\"}}]},{\"@type\":\"Organization\",\"@id\":\"https:\\\/\\\/www.jornalja.com.br\\\/arquivo\\\/#organization\",\"name\":\"Jornal J\\u00c1\",\"description\":\"Jornal J\\u00c1 | Porto Alegre\",\"url\":\"https:\\\/\\\/www.jornalja.com.br\\\/arquivo\\\/\",\"telephone\":\"+555133307272\",\"logo\":{\"@type\":\"ImageObject\",\"url\":\"https:\\\/\\\/www.jornalja.com.br\\\/wp-content\\\/uploads\\\/cards\\\/JAslogan.png\",\"@id\":\"https:\\\/\\\/www.jornalja.com.br\\\/arquivo\\\/confirmado-caso-de-chikungunya-saude-fez-aplicacao-de-inseticida-em-petropolis\\\/#organizationLogo\"},\"image\":{\"@id\":\"https:\\\/\\\/www.jornalja.com.br\\\/arquivo\\\/confirmado-caso-de-chikungunya-saude-fez-aplicacao-de-inseticida-em-petropolis\\\/#organizationLogo\"}},{\"@type\":\"Person\",\"@id\":\"https:\\\/\\\/www.jornalja.com.br\\\/arquivo\\\/author\\\/daredacao\\\/#author\",\"url\":\"https:\\\/\\\/www.jornalja.com.br\\\/arquivo\\\/author\\\/daredacao\\\/\",\"name\":\"da Reda\\u00e7\\u00e3o\",\"image\":{\"@type\":\"ImageObject\",\"@id\":\"https:\\\/\\\/www.jornalja.com.br\\\/arquivo\\\/confirmado-caso-de-chikungunya-saude-fez-aplicacao-de-inseticida-em-petropolis\\\/#authorImage\",\"url\":\"https:\\\/\\\/secure.gravatar.com\\\/avatar\\\/469fd857d6605ad19919d27ed29d35a968a25f6e8fd9318356bbb7f57aae9c65?s=96&d=mm&r=g\",\"width\":96,\"height\":96,\"caption\":\"da Reda\\u00e7\\u00e3o\"}},{\"@type\":\"WebPage\",\"@id\":\"https:\\\/\\\/www.jornalja.com.br\\\/arquivo\\\/confirmado-caso-de-chikungunya-saude-fez-aplicacao-de-inseticida-em-petropolis\\\/#webpage\",\"url\":\"https:\\\/\\\/www.jornalja.com.br\\\/arquivo\\\/confirmado-caso-de-chikungunya-saude-fez-aplicacao-de-inseticida-em-petropolis\\\/\",\"name\":\"Confirmado caso de chikungunya, Sa\\u00fade fez aplica\\u00e7\\u00e3o de inseticida em Petr\\u00f3polis | Arquivo\",\"inLanguage\":\"pt-BR\",\"isPartOf\":{\"@id\":\"https:\\\/\\\/www.jornalja.com.br\\\/arquivo\\\/#website\"},\"breadcrumb\":{\"@id\":\"https:\\\/\\\/www.jornalja.com.br\\\/arquivo\\\/confirmado-caso-de-chikungunya-saude-fez-aplicacao-de-inseticida-em-petropolis\\\/#breadcrumblist\"},\"author\":{\"@id\":\"https:\\\/\\\/www.jornalja.com.br\\\/arquivo\\\/author\\\/daredacao\\\/#author\"},\"creator\":{\"@id\":\"https:\\\/\\\/www.jornalja.com.br\\\/arquivo\\\/author\\\/daredacao\\\/#author\"},\"image\":{\"@type\":\"ImageObject\",\"url\":43355,\"@id\":\"https:\\\/\\\/www.jornalja.com.br\\\/arquivo\\\/confirmado-caso-de-chikungunya-saude-fez-aplicacao-de-inseticida-em-petropolis\\\/#mainImage\"},\"primaryImageOfPage\":{\"@id\":\"https:\\\/\\\/www.jornalja.com.br\\\/arquivo\\\/confirmado-caso-de-chikungunya-saude-fez-aplicacao-de-inseticida-em-petropolis\\\/#mainImage\"},\"datePublished\":\"2017-01-13T23:30:12-02:00\",\"dateModified\":\"2017-01-13T23:30:12-02:00\"},{\"@type\":\"WebSite\",\"@id\":\"https:\\\/\\\/www.jornalja.com.br\\\/arquivo\\\/#website\",\"url\":\"https:\\\/\\\/www.jornalja.com.br\\\/arquivo\\\/\",\"name\":\"Arquivo\",\"description\":\"Jornal J\\u00c1 | Porto Alegre\",\"inLanguage\":\"pt-BR\",\"publisher\":{\"@id\":\"https:\\\/\\\/www.jornalja.com.br\\\/arquivo\\\/#organization\"}}]}\n\t\t<\/script>\n\t\t<!-- All in One SEO -->\n\n","aioseo_head_json":{"title":"Confirmado caso de chikungunya, Sa\u00fade fez aplica\u00e7\u00e3o de inseticida em Petr\u00f3polis | Arquivo","description":"","canonical_url":"https:\/\/www.jornalja.com.br\/arquivo\/confirmado-caso-de-chikungunya-saude-fez-aplicacao-de-inseticida-em-petropolis\/","robots":"max-image-preview:large","keywords":"","webmasterTools":{"miscellaneous":""},"schema":{"@context":"https:\/\/schema.org","@graph":[{"@type":"BlogPosting","@id":"https:\/\/www.jornalja.com.br\/arquivo\/confirmado-caso-de-chikungunya-saude-fez-aplicacao-de-inseticida-em-petropolis\/#blogposting","name":"Confirmado caso de chikungunya, Sa\u00fade fez aplica\u00e7\u00e3o de inseticida em Petr\u00f3polis | Arquivo","headline":"Confirmado caso de chikungunya, Sa\u00fade fez aplica\u00e7\u00e3o de inseticida em Petr\u00f3polis","author":{"@id":"https:\/\/www.jornalja.com.br\/arquivo\/author\/daredacao\/#author"},"publisher":{"@id":"https:\/\/www.jornalja.com.br\/arquivo\/#organization"},"image":{"@type":"ImageObject","url":43355},"datePublished":"2017-01-13T23:30:12-02:00","dateModified":"2017-01-13T23:30:12-02:00","inLanguage":"pt-BR","mainEntityOfPage":{"@id":"https:\/\/www.jornalja.com.br\/arquivo\/confirmado-caso-de-chikungunya-saude-fez-aplicacao-de-inseticida-em-petropolis\/#webpage"},"isPartOf":{"@id":"https:\/\/www.jornalja.com.br\/arquivo\/confirmado-caso-de-chikungunya-saude-fez-aplicacao-de-inseticida-em-petropolis\/#webpage"},"articleSection":"Geral"},{"@type":"BreadcrumbList","@id":"https:\/\/www.jornalja.com.br\/arquivo\/confirmado-caso-de-chikungunya-saude-fez-aplicacao-de-inseticida-em-petropolis\/#breadcrumblist","itemListElement":[{"@type":"ListItem","@id":"https:\/\/www.jornalja.com.br\/arquivo#listItem","position":1,"name":"Home","item":"https:\/\/www.jornalja.com.br\/arquivo","nextItem":{"@type":"ListItem","@id":"https:\/\/www.jornalja.com.br\/arquivo\/category\/geral\/#listItem","name":"Geral"}},{"@type":"ListItem","@id":"https:\/\/www.jornalja.com.br\/arquivo\/category\/geral\/#listItem","position":2,"name":"Geral","item":"https:\/\/www.jornalja.com.br\/arquivo\/category\/geral\/","nextItem":{"@type":"ListItem","@id":"https:\/\/www.jornalja.com.br\/arquivo\/confirmado-caso-de-chikungunya-saude-fez-aplicacao-de-inseticida-em-petropolis\/#listItem","name":"Confirmado caso de chikungunya, Sa\u00fade fez aplica\u00e7\u00e3o de inseticida em Petr\u00f3polis"},"previousItem":{"@type":"ListItem","@id":"https:\/\/www.jornalja.com.br\/arquivo#listItem","name":"Home"}},{"@type":"ListItem","@id":"https:\/\/www.jornalja.com.br\/arquivo\/confirmado-caso-de-chikungunya-saude-fez-aplicacao-de-inseticida-em-petropolis\/#listItem","position":3,"name":"Confirmado caso de chikungunya, Sa\u00fade fez aplica\u00e7\u00e3o de inseticida em Petr\u00f3polis","previousItem":{"@type":"ListItem","@id":"https:\/\/www.jornalja.com.br\/arquivo\/category\/geral\/#listItem","name":"Geral"}}]},{"@type":"Organization","@id":"https:\/\/www.jornalja.com.br\/arquivo\/#organization","name":"Jornal J\u00c1","description":"Jornal J\u00c1 | Porto Alegre","url":"https:\/\/www.jornalja.com.br\/arquivo\/","telephone":"+555133307272","logo":{"@type":"ImageObject","url":"https:\/\/www.jornalja.com.br\/wp-content\/uploads\/cards\/JAslogan.png","@id":"https:\/\/www.jornalja.com.br\/arquivo\/confirmado-caso-de-chikungunya-saude-fez-aplicacao-de-inseticida-em-petropolis\/#organizationLogo"},"image":{"@id":"https:\/\/www.jornalja.com.br\/arquivo\/confirmado-caso-de-chikungunya-saude-fez-aplicacao-de-inseticida-em-petropolis\/#organizationLogo"}},{"@type":"Person","@id":"https:\/\/www.jornalja.com.br\/arquivo\/author\/daredacao\/#author","url":"https:\/\/www.jornalja.com.br\/arquivo\/author\/daredacao\/","name":"da Reda\u00e7\u00e3o","image":{"@type":"ImageObject","@id":"https:\/\/www.jornalja.com.br\/arquivo\/confirmado-caso-de-chikungunya-saude-fez-aplicacao-de-inseticida-em-petropolis\/#authorImage","url":"https:\/\/secure.gravatar.com\/avatar\/469fd857d6605ad19919d27ed29d35a968a25f6e8fd9318356bbb7f57aae9c65?s=96&d=mm&r=g","width":96,"height":96,"caption":"da Reda\u00e7\u00e3o"}},{"@type":"WebPage","@id":"https:\/\/www.jornalja.com.br\/arquivo\/confirmado-caso-de-chikungunya-saude-fez-aplicacao-de-inseticida-em-petropolis\/#webpage","url":"https:\/\/www.jornalja.com.br\/arquivo\/confirmado-caso-de-chikungunya-saude-fez-aplicacao-de-inseticida-em-petropolis\/","name":"Confirmado caso de chikungunya, Sa\u00fade fez aplica\u00e7\u00e3o de inseticida em Petr\u00f3polis | Arquivo","inLanguage":"pt-BR","isPartOf":{"@id":"https:\/\/www.jornalja.com.br\/arquivo\/#website"},"breadcrumb":{"@id":"https:\/\/www.jornalja.com.br\/arquivo\/confirmado-caso-de-chikungunya-saude-fez-aplicacao-de-inseticida-em-petropolis\/#breadcrumblist"},"author":{"@id":"https:\/\/www.jornalja.com.br\/arquivo\/author\/daredacao\/#author"},"creator":{"@id":"https:\/\/www.jornalja.com.br\/arquivo\/author\/daredacao\/#author"},"image":{"@type":"ImageObject","url":43355,"@id":"https:\/\/www.jornalja.com.br\/arquivo\/confirmado-caso-de-chikungunya-saude-fez-aplicacao-de-inseticida-em-petropolis\/#mainImage"},"primaryImageOfPage":{"@id":"https:\/\/www.jornalja.com.br\/arquivo\/confirmado-caso-de-chikungunya-saude-fez-aplicacao-de-inseticida-em-petropolis\/#mainImage"},"datePublished":"2017-01-13T23:30:12-02:00","dateModified":"2017-01-13T23:30:12-02:00"},{"@type":"WebSite","@id":"https:\/\/www.jornalja.com.br\/arquivo\/#website","url":"https:\/\/www.jornalja.com.br\/arquivo\/","name":"Arquivo","description":"Jornal J\u00c1 | Porto Alegre","inLanguage":"pt-BR","publisher":{"@id":"https:\/\/www.jornalja.com.br\/arquivo\/#organization"}}]},"og:locale":"pt_BR","og:site_name":"Arquivo | Jornal J\u00c1 | Porto Alegre","og:type":"article","og:title":"Confirmado caso de chikungunya, Sa\u00fade fez aplica\u00e7\u00e3o de inseticida em Petr\u00f3polis | Arquivo","og:url":"https:\/\/www.jornalja.com.br\/arquivo\/confirmado-caso-de-chikungunya-saude-fez-aplicacao-de-inseticida-em-petropolis\/","og:image":"https:\/\/www.jornalja.com.br\/economics\/wp-content\/uploads\/sites\/11\/2026\/08\/ja-folhaderosto-facebook.jpg","og:image:secure_url":"https:\/\/www.jornalja.com.br\/economics\/wp-content\/uploads\/sites\/11\/2026\/08\/ja-folhaderosto-facebook.jpg","article:published_time":"2017-01-14T02:30:12+00:00","article:modified_time":"2017-01-14T02:30:12+00:00","twitter:card":"summary","twitter:title":"Confirmado caso de chikungunya, Sa\u00fade fez aplica\u00e7\u00e3o de inseticida em Petr\u00f3polis | Arquivo","twitter:image":"https:\/\/www.jornalja.com.br\/economics\/wp-content\/uploads\/sites\/11\/2026\/08\/ja-folhaderosto-facebook.jpg"},"aioseo_meta_data":{"post_id":"43347","title":null,"description":null,"keywords":null,"keyphrases":null,"primary_term":null,"canonical_url":null,"og_title":null,"og_description":null,"og_object_type":"default","og_image_type":"default","og_image_url":null,"og_image_width":null,"og_image_height":null,"og_image_custom_url":null,"og_image_custom_fields":null,"og_video":null,"og_custom_url":null,"og_article_section":null,"og_article_tags":null,"twitter_use_og":false,"twitter_card":"default","twitter_image_type":"default","twitter_image_url":null,"twitter_image_custom_url":null,"twitter_image_custom_fields":null,"twitter_title":null,"twitter_description":null,"schema":{"blockGraphs":[],"customGraphs":[],"default":{"data":{"Article":[],"Course":[],"Dataset":[],"FAQPage":[],"Movie":[],"Person":[],"Product":[],"ProductReview":[],"Car":[],"Recipe":[],"Service":[],"SoftwareApplication":[],"WebPage":[]},"graphName":"","isEnabled":true},"graphs":[],"defaultGraph":"","defaultPostTypeGraph":""},"schema_type":null,"schema_type_options":null,"pillar_content":false,"robots_default":true,"robots_noindex":false,"robots_noarchive":false,"robots_nosnippet":false,"robots_nofollow":false,"robots_noimageindex":false,"robots_noodp":false,"robots_notranslate":false,"robots_max_snippet":null,"robots_max_videopreview":null,"robots_max_imagepreview":"large","priority":null,"frequency":null,"location":null,"local_seo":null,"breadcrumb_settings":null,"limit_modified_date":false,"ai":null,"created":"2020-12-20 20:43:21","updated":"2025-07-19 19:16:37","seo_analyzer_scan_date":null,"focus_keyword":null,"additional_keywords":null,"truseo_locale":null},"jetpack_sharing_enabled":true,"jetpack-related-posts":[{"id":13240,"url":"https:\/\/www.jornalja.com.br\/arquivo\/plano-diretor-estamos-construindo-o-caos\/","url_meta":{"origin":43347,"position":0},"title":"Plano diretor: &quot;Estamos construindo o caos&quot;","author":"Patr\u00edcia Marini","date":"26 de maio de 2014","format":false,"excerpt":"Desabafo que arquiteta Eliana Castilhos, delegada da Regi\u00e3o de Planejamento 1, postou nas redes sociais \u00e9 um testemunho do ambiente que se criou no Conselho do Plano Diretor de Porto Alegre, onde a aprova\u00e7\u00e3o de grandes empreendimentos \u00e9 empurrada guela abaixo dos conselheiros. Ao CMDUA Como delegada da Regi\u00e3o de\u2026","rel":"","context":"Em &quot;Geral&quot;","block_context":{"text":"Geral","link":"https:\/\/www.jornalja.com.br\/arquivo\/category\/geral\/"},"img":{"alt_text":"","src":"","width":0,"height":0},"classes":[]},{"id":1280,"url":"https:\/\/www.jornalja.com.br\/arquivo\/o-menino-que-se-tornou-brizola\/","url_meta":{"origin":43347,"position":1},"title":"O Menino que se Tornou Brizola","author":"da Reda\u00e7\u00e3o","date":"28 de julho de 2008","format":false,"excerpt":"Autor: Cleber Dioni A vida de Leonel Brizola, com \u00eanfase para os primeiros anos em Porto Alegre, at\u00e9 o ex\u00edlio no Uruguai e a volta, quinze anos depois. \u00a0\"...\u00c9ramos todos jovens e nos identific\u00e1vamos com aquela massa an\u00f4nima a percorrer as ruas de Porto Alegre, gritando 'Get\u00falio', 'Get\u00falio' e empunhando\u2026","rel":"","context":"Em &quot;Livros&quot;","block_context":{"text":"Livros","link":"https:\/\/www.jornalja.com.br\/arquivo\/category\/livros\/"},"img":{"alt_text":"","src":"https:\/\/i0.wp.com\/www.jornalja.com.br\/wp-content\/uploads\/2008\/07\/brizola.gif?resize=350%2C200&ssl=1","width":350,"height":200},"classes":[]},{"id":13101,"url":"https:\/\/www.jornalja.com.br\/arquivo\/morre-um-guerreiro-do-texto\/","url_meta":{"origin":43347,"position":2},"title":"Morre um guerreiro do texto","author":"Patr\u00edcia Marini","date":"14 de maio de 2014","format":false,"excerpt":"Por Ricardo Kotscho Reproduzido do blog do autor, 11\/5\/2014; t\u00edtulo original \u201cE l\u00e1 se foi o nosso Myltainho, guerreiro do texto\u201d. Mi\u00fado e franzino, meu amigo Myltainho era um valente e inconformado guerreiro na luta contra as injusti\u00e7as sociais, a hipocrisia, as maracutaias, o autoritarismo, a intoler\u00e2ncia, a viol\u00eancia, o\u2026","rel":"","context":"Em &quot;Geral&quot;","block_context":{"text":"Geral","link":"https:\/\/www.jornalja.com.br\/arquivo\/category\/geral\/"},"img":{"alt_text":"","src":"","width":0,"height":0},"classes":[]},{"id":12960,"url":"https:\/\/www.jornalja.com.br\/arquivo\/populacao-culpa-empresas-pela-greve-dos-rodoviarios\/","url_meta":{"origin":43347,"position":3},"title":"Popula\u00e7\u00e3o culpa empresas pela greve","author":"Patr\u00edcia Marini","date":"14 de fevereiro de 2014","format":false,"excerpt":"Pesquisa divulgada na edi\u00e7\u00e3o do jornal Metro desta sexta-feira,14, comprova o velho ditado: \u00e9 poss\u00edvel enganar muitos por algum tempo, mas n\u00e3o \u00e9 poss\u00edvel enganar a todos o tempo inteiro. A principal revela\u00e7\u00e3o foi que 59,8% dos entrevistados apontaram as empresas como as principais respons\u00e1veis pela grave e 46% culparam\u2026","rel":"","context":"Em &quot;X.Categorias velhas&quot;","block_context":{"text":"X.Categorias velhas","link":"https:\/\/www.jornalja.com.br\/arquivo\/category\/x-categorias-velhas\/"},"img":{"alt_text":"","src":"","width":0,"height":0},"classes":[]},{"id":5440,"url":"https:\/\/www.jornalja.com.br\/arquivo\/casarao-da-venancio-destino-permanece-incerto\/","url_meta":{"origin":43347,"position":4},"title":"Estado ainda n\u00e3o sabe o que fazer com casar\u00e3o abandonado h\u00e1 20 anos","author":"Elmar Bones","date":"6 de julho de 2009","format":false,"excerpt":"O casar\u00e3o amarelo, numa esquina nobre de Porto Alegre (Ven\u00e2ncio Aires com Jo\u00e3o Pessoa), j\u00e1 abrigou uma escola. H\u00e1 duas d\u00e9cadas, pelo menos, est\u00e1 abandonado, porque seu propriet\u00e1rio, o governo do Estado do Rio Grande do Sul, n\u00e3o consegue achar um destino para ele. Planos n\u00e3o faltaram. O governador Ol\u00edvio\u2026","rel":"","context":"Em &quot;X.Categorias velhas&quot;","block_context":{"text":"X.Categorias velhas","link":"https:\/\/www.jornalja.com.br\/arquivo\/category\/x-categorias-velhas\/"},"img":{"alt_text":"geraldo1","src":"https:\/\/i0.wp.com\/www.jornalja.com.br\/wp-content\/uploads\/2009\/07\/geraldo1.jpg?resize=350%2C200&ssl=1","width":350,"height":200},"classes":[]},{"id":13128,"url":"https:\/\/www.jornalja.com.br\/arquivo\/maconha-terra-diz-que-uso-medicinal-e-desculpa\/","url_meta":{"origin":43347,"position":5},"title":"Maconha: Terra diz que uso medicinal \u00e9 desculpa","author":"Patr\u00edcia Marini","date":"4 de junho de 2014","format":false,"excerpt":"A condi\u00e7\u00e3o de pol\u00edtico, em \u00e9poca de campanha de campanha eleitoral, tira for\u00e7a do discurso do m\u00e9dico Osmar Terra contra a legaliza\u00e7\u00e3o da maconha. A tese dele de que a libera\u00e7\u00e3o vai ampliar exponencialmente o consumo \u00e9 discutivel, o consumo \u00e9 corrente. Mas seus alertas quanto aos riscos tem que\u2026","rel":"","context":"Em &quot;X.Categorias velhas&quot;","block_context":{"text":"X.Categorias velhas","link":"https:\/\/www.jornalja.com.br\/arquivo\/category\/x-categorias-velhas\/"},"img":{"alt_text":"","src":"","width":0,"height":0},"classes":[]}],"jetpack_shortlink":"https:\/\/wp.me\/pbQjBd-bh9","jetpack_featured_media_url":"","_links":{"self":[{"href":"https:\/\/www.jornalja.com.br\/arquivo\/wp-json\/wp\/v2\/posts\/43347","targetHints":{"allow":["GET"]}}],"collection":[{"href":"https:\/\/www.jornalja.com.br\/arquivo\/wp-json\/wp\/v2\/posts"}],"about":[{"href":"https:\/\/www.jornalja.com.br\/arquivo\/wp-json\/wp\/v2\/types\/post"}],"author":[{"embeddable":true,"href":"https:\/\/www.jornalja.com.br\/arquivo\/wp-json\/wp\/v2\/users\/4"}],"replies":[{"embeddable":true,"href":"https:\/\/www.jornalja.com.br\/arquivo\/wp-json\/wp\/v2\/comments?post=43347"}],"version-history":[{"count":0,"href":"https:\/\/www.jornalja.com.br\/arquivo\/wp-json\/wp\/v2\/posts\/43347\/revisions"}],"wp:attachment":[{"href":"https:\/\/www.jornalja.com.br\/arquivo\/wp-json\/wp\/v2\/media?parent=43347"}],"wp:term":[{"taxonomy":"category","embeddable":true,"href":"https:\/\/www.jornalja.com.br\/arquivo\/wp-json\/wp\/v2\/categories?post=43347"},{"taxonomy":"post_tag","embeddable":true,"href":"https:\/\/www.jornalja.com.br\/arquivo\/wp-json\/wp\/v2\/tags?post=43347"}],"curies":[{"name":"wp","href":"https:\/\/api.w.org\/{rel}","templated":true}]}}