{"id":43371,"date":"2017-01-15T10:44:32","date_gmt":"2017-01-15T13:44:32","guid":{"rendered":"https:\/\/www.jornalja.com.br\/?p=43371"},"modified":"2017-01-15T10:44:32","modified_gmt":"2017-01-15T13:44:32","slug":"secretaria-nao-permite-debate-interno-sobre-extincao-da-smam","status":"publish","type":"post","link":"https:\/\/www.jornalja.com.br\/arquivo\/secretaria-nao-permite-debate-interno-sobre-extincao-da-smam\/","title":{"rendered":"Secretaria n\u00e3o permite debate interno sobre extin\u00e7\u00e3o da SMAM"},"content":{"rendered":"<p>A secret\u00e1ria interina do Meio Ambiente em Porto Alegre, Ilza Berlato, n\u00e3o permitiu que a Associa\u00e7\u00e3o dos T\u00e9cnicos de N\u00edvel Superior (Astec), realizasse \u00a0um semin\u00e1rio interno para discutir a situa\u00e7\u00e3o da pasta diante da sua extin\u00e7\u00e3o e cria\u00e7\u00e3o de nova secretaria.A informa\u00e7\u00e3o \u00e9 do site da Astec.<br \/>\nO debate, aberto a todos os interessados na \u00e1rea, teria a participa\u00e7\u00e3o de renomados especialistas da \u00e1rea ambiental e a pr\u00f3pria Secret\u00e1ria estava convidada. Na v\u00e9spera, os organizadores foram avisados que n\u00e3o poderiam utilizar o audit\u00f3rio e nem poderiam se ausentar do local de trabalho, mesmo compensando as horas no final do expediente.<br \/>\n\u201cA atitude da secret\u00e1ria surpreende e rompe com uma tradi\u00e7\u00e3o de di\u00e1logo entre os t\u00e9cnicos e a dire\u00e7\u00e3o da Secretaria, no momento em que s\u00e3o propostas altera\u00e7\u00f5es na sua estrutura sem que tenham sido ouvidos os servidores\u201d, disse o presidente da Astec, eng. S\u00e9rgio Luiz Brum.<br \/>\nTamb\u00e9m o diretor da Astec \u00a0eng. agr\u00f4nomo Irineu Foschiera, se declarou supreso: \u201cAqui sempre houve di\u00e1logo. Agora inibir o debate, no momento mais cr\u00edtico da hist\u00f3ria de 40 anos de exist\u00eancia da Secretaria do Meio Ambiente?\u201d.<br \/>\nFace \u00e0 decis\u00e3o da secret\u00e1ria interina, o debate se realizou na sexta-feira, 13, no hor\u00e1rio de almo\u00e7o,\u00a0das 12h \u00e0s 13h30min, no Sal\u00e3o da Par\u00f3quia N. Sr\u00aa da Paz, \u00e0 Rua Cristiano Fischer, 149.<br \/>\n<img loading=\"lazy\" decoding=\"async\" class=\"alignnone size-full wp-image-43374\" src=\"https:\/\/www.jornalja.com.br\/wp-content\/uploads\/2017\/01\/SMAM-2.jpg\" alt=\"SMAM 2\" width=\"600\" height=\"610\" \/><br \/>\nO advogado Beto Moesch, ex secret\u00e1rio de Meio Ambiente, abriu o debate lembrando que h\u00e1 uma \u201ctend\u00eancia nacional de enfraquecer a prote\u00e7\u00e3o ao meio ambiente\u201d.\u00a0Citou, como exemplo, a usina hidrel\u00e9trica de Belo Monte, na bacia do rio Xing\u00fa, norte do Par\u00e1, que n\u00e3o tem EIA-Rima e funciona por decreto presidencial.<br \/>\nPioneira no pa\u00eds, lembrou Moesch, a SMAM construiu um prest\u00edgio e formou um corpo t\u00e9cnico reconhecido por todos os \u00f3rg\u00e3os p\u00fablicos ligados \u00e0 \u00e1rea ambiental. O ex-secret\u00e1rio criticou \u201co discurso de desburocratizar o licenciamento ambiental, como se se tratasse de uma opera\u00e7\u00e3o de cart\u00f3rio, em que a preocupa\u00e7\u00e3o \u00e9 acelerar tudo, sem a devida valoriza\u00e7\u00e3o do patrim\u00f4nio hist\u00f3rico, da cultura e da qualidade de vida\u201d.<br \/>\nO bi\u00f3logo Francisco Milanez, da Agapan, alertou aos que chama de \u201cempreendedores ruins\u201d, quue \u201cacreditam na matem\u00e1tica equivocada de privilegiar dinheiro no bolso\u201d. Disse que eles n\u00e3o se d\u00e3o conta que tamb\u00e9m seus filhos e netos estar\u00e3o expostos \u00e0s doen\u00e7as degenerativas decorrentes do crescimento econ\u00f4mico sem harmonia com o meio ambiente\u201d.<br \/>\nMilanez acredita que o papel dos t\u00e9cnicos e ambientalistas, neste momento, \u00e9 esclarecer a popula\u00e7\u00e3o e, em particular, os bons empreendedores sobre a import\u00e2ncia de proteger o meio ambiente e, dessa forma, valorizar os seus neg\u00f3cios desenvolvendo um capital valioso e perene, essencial para a qualidade de vida.<br \/>\n<figure id=\"attachment_43375\" aria-describedby=\"caption-attachment-43375\" style=\"width: 600px\" class=\"wp-caption alignnone\"><img loading=\"lazy\" decoding=\"async\" class=\"size-full wp-image-43375\" src=\"https:\/\/www.jornalja.com.br\/wp-content\/uploads\/2017\/01\/SMAM3.jpg\" alt=\"T\u00e9cnicos manifestarm d\u00favidas quanto ao futuro do \u00f3rg\u00e3o ambiental\" width=\"600\" height=\"248\" \/><figcaption id=\"caption-attachment-43375\" class=\"wp-caption-text\">T\u00e9cnicos manifestarm d\u00favidas quanto ao futuro do \u00f3rg\u00e3o ambiental<\/figcaption><\/figure><br \/>\nO presidente da Astec disse que s\u00e3o muitas as d\u00favidas dos t\u00e9cnicos sobre o futuro da pasta no novo governo. A mobiliza\u00e7\u00e3o dos ambientalistas levou a C\u00e2mara de Vereadores a preservar a secretaria, alterando seu nome para Secretaria Municipal do Meio Ambiente e Sustentabilidade e mantendo os licenciamentos ambientais sob sua responsabilidade. Mas, segundo ele, ainda n\u00e3o est\u00e1 claro como a secretaria vai funcionar e qual ser\u00e1 o seu papel daqui para frente.<br \/>\nA tentativa de afastar o quadro t\u00e9cnico das decis\u00f5es ambientais\u00a0se evidencia no fato de a secret\u00e1ria interina, Ilza Berlato, n\u00e3o ter permitido que os servidores realizassem o\u00a0debate no audit\u00f3rio da SMAM, e nem tampouco que se ausentassem para faz\u00ea-lo\u00a0fora do local de trabalho, mesmo compensando as horas no final do expediente.<br \/>\nO agr\u00f4nomo Irineu Foschiera, afirmou que o principal temor da categoria \u00e9 que o vi\u00e9s econ\u00f4mico se sobreponha ao ambiental nos processos de licenciamento . \u201c\u00c9 preciso avaliar com muito cuidado esse risco e suas poss\u00edveis consequ\u00eancias nocivas\u201d.<br \/>\n&nbsp;<br \/>\nT\u00e9cnicos ambientais da Prefeitura de Porto Alegre e especialistas em meio ambiente se reuniram nesta sexta-feira (13) em um encontro para debater o futuro das pol\u00edticas municipais para a \u00e1rea.<br \/>\nO debate \u201cA extin\u00e7\u00e3o da SMAM \u2013 Perspectivas para o futuro da pol\u00edtica ambiental do munic\u00edpio\u201d foi motivado pela reforma administrativa promovida pelo prefeito Nelson Marchezan Jr. que diminuiu o papel da Secretaria de Meio Ambiente na concess\u00e3o do licenciamento ambiental para empreendimentos na Capital.<br \/>\nOriginalmente, a gest\u00e3o Marchezan propunha extinguir a Smam e passar a concess\u00e3o do licenciamento ambiental para a Secretaria de Desenvolvimento Econ\u00f4mico. Mas, diante da mobiliza\u00e7\u00e3o do setor ambiental, a\u00a0<a href=\"http:\/\/www.sul21.com.br\/jornal\/base-do-governo-marchezan-extingue-seda-e-outras-pastas-mas-rejeita-reducao-de-30-dos-ccs\/\"><strong>Smam foi preservada<\/strong><\/a>\u00a0pela C\u00e2mara de Vereadores, tendo o nome mudado para Secretaria do Meio Ambiente e Sustentabilidade e mantendo a responsabilidade pelo licenciamento ambiental, mas ainda n\u00e3o estaria claro qual seria o papel da pasta na atual gest\u00e3o a partir de agora.<br \/>\nManifestantes na C\u00e2mara de Vereadores, dia 22 de dezembro, protestaram contra proposta de extin\u00e7\u00e3o da SMAM, apresentada pelo governo de N\u00e9son Marchezan Jr. (PSDB). (Foto: Ederson Nunes\/CMPA)<br \/>\n&nbsp;<\/p>\n","protected":false},"excerpt":{"rendered":"<p>A secret\u00e1ria interina do Meio Ambiente em Porto Alegre, Ilza Berlato, n\u00e3o permitiu que a Associa\u00e7\u00e3o dos T\u00e9cnicos de N\u00edvel Superior (Astec), realizasse \u00a0um semin\u00e1rio interno para discutir a situa\u00e7\u00e3o da pasta diante da sua extin\u00e7\u00e3o e cria\u00e7\u00e3o de nova secretaria.A informa\u00e7\u00e3o \u00e9 do site da Astec. O debate, aberto a todos os interessados na [&hellip;]<\/p>\n","protected":false},"author":4,"featured_media":43372,"comment_status":"open","ping_status":"closed","sticky":false,"template":"","format":"standard","meta":{"_jetpack_newsletter_access":"","_jetpack_dont_email_post_to_subs":false,"_jetpack_newsletter_tier_id":0,"_jetpack_memberships_contains_paywalled_content":false,"_jetpack_feature_clip_id":0,"_jetpack_memberships_contains_paid_content":false,"footnotes":"","jetpack_post_was_ever_published":false},"categories":[26],"tags":[],"class_list":["post-43371","post","type-post","status-publish","format-standard","has-post-thumbnail","hentry","category-geral"],"aioseo_notices":[],"aioseo_head":"\n\t\t<!-- All in One SEO 5.0.1.1 - aioseo.com -->\n\t<meta name=\"robots\" content=\"max-image-preview:large\" \/>\n\t<meta name=\"author\" content=\"da Reda\u00e7\u00e3o\"\/>\n\t<link rel=\"canonical\" href=\"https:\/\/www.jornalja.com.br\/arquivo\/secretaria-nao-permite-debate-interno-sobre-extincao-da-smam\/\" \/>\n\t<meta name=\"generator\" content=\"All in One SEO (AIOSEO) 5.0.1.1\" \/>\n\t\t<meta property=\"og:locale\" content=\"pt_BR\" \/>\n\t\t<meta property=\"og:site_name\" content=\"Arquivo | Jornal J\u00c1 | Porto Alegre\" \/>\n\t\t<meta property=\"og:type\" content=\"article\" \/>\n\t\t<meta property=\"og:title\" content=\"Secretaria n\u00e3o permite debate interno sobre extin\u00e7\u00e3o da SMAM | Arquivo\" \/>\n\t\t<meta property=\"og:url\" content=\"https:\/\/www.jornalja.com.br\/arquivo\/secretaria-nao-permite-debate-interno-sobre-extincao-da-smam\/\" \/>\n\t\t<meta property=\"og:image\" content=\"https:\/\/www.jornalja.com.br\/wp-content\/uploads\/2017\/01\/SMAM-2.jpg\" \/>\n\t\t<meta property=\"og:image:secure_url\" content=\"https:\/\/www.jornalja.com.br\/wp-content\/uploads\/2017\/01\/SMAM-2.jpg\" \/>\n\t\t<meta property=\"article:published_time\" content=\"2017-01-15T13:44:32+00:00\" \/>\n\t\t<meta property=\"article:modified_time\" content=\"2017-01-15T13:44:32+00:00\" \/>\n\t\t<meta name=\"twitter:card\" content=\"summary\" \/>\n\t\t<meta name=\"twitter:title\" content=\"Secretaria n\u00e3o permite debate interno sobre extin\u00e7\u00e3o da SMAM | Arquivo\" \/>\n\t\t<meta name=\"twitter:image\" content=\"https:\/\/www.jornalja.com.br\/economics\/wp-content\/uploads\/sites\/11\/2026\/08\/ja-folhaderosto-facebook.jpg\" \/>\n\t\t<script type=\"application\/ld+json\" class=\"aioseo-schema\">\n\t\t\t{\"@context\":\"https:\\\/\\\/schema.org\",\"@graph\":[{\"@type\":\"BlogPosting\",\"@id\":\"https:\\\/\\\/www.jornalja.com.br\\\/arquivo\\\/secretaria-nao-permite-debate-interno-sobre-extincao-da-smam\\\/#blogposting\",\"name\":\"Secretaria n\\u00e3o permite debate interno sobre extin\\u00e7\\u00e3o da SMAM | Arquivo\",\"headline\":\"Secretaria n\\u00e3o permite debate interno sobre extin\\u00e7\\u00e3o da SMAM\",\"author\":{\"@id\":\"https:\\\/\\\/www.jornalja.com.br\\\/arquivo\\\/author\\\/daredacao\\\/#author\"},\"publisher\":{\"@id\":\"https:\\\/\\\/www.jornalja.com.br\\\/arquivo\\\/#organization\"},\"image\":{\"@type\":\"ImageObject\",\"url\":43372},\"datePublished\":\"2017-01-15T10:44:32-02:00\",\"dateModified\":\"2017-01-15T10:44:32-02:00\",\"inLanguage\":\"pt-BR\",\"commentCount\":5,\"mainEntityOfPage\":{\"@id\":\"https:\\\/\\\/www.jornalja.com.br\\\/arquivo\\\/secretaria-nao-permite-debate-interno-sobre-extincao-da-smam\\\/#webpage\"},\"isPartOf\":{\"@id\":\"https:\\\/\\\/www.jornalja.com.br\\\/arquivo\\\/secretaria-nao-permite-debate-interno-sobre-extincao-da-smam\\\/#webpage\"},\"articleSection\":\"Geral\"},{\"@type\":\"BreadcrumbList\",\"@id\":\"https:\\\/\\\/www.jornalja.com.br\\\/arquivo\\\/secretaria-nao-permite-debate-interno-sobre-extincao-da-smam\\\/#breadcrumblist\",\"itemListElement\":[{\"@type\":\"ListItem\",\"@id\":\"https:\\\/\\\/www.jornalja.com.br\\\/arquivo#listItem\",\"position\":1,\"name\":\"Home\",\"item\":\"https:\\\/\\\/www.jornalja.com.br\\\/arquivo\",\"nextItem\":{\"@type\":\"ListItem\",\"@id\":\"https:\\\/\\\/www.jornalja.com.br\\\/arquivo\\\/category\\\/geral\\\/#listItem\",\"name\":\"Geral\"}},{\"@type\":\"ListItem\",\"@id\":\"https:\\\/\\\/www.jornalja.com.br\\\/arquivo\\\/category\\\/geral\\\/#listItem\",\"position\":2,\"name\":\"Geral\",\"item\":\"https:\\\/\\\/www.jornalja.com.br\\\/arquivo\\\/category\\\/geral\\\/\",\"nextItem\":{\"@type\":\"ListItem\",\"@id\":\"https:\\\/\\\/www.jornalja.com.br\\\/arquivo\\\/secretaria-nao-permite-debate-interno-sobre-extincao-da-smam\\\/#listItem\",\"name\":\"Secretaria n\\u00e3o permite debate interno sobre extin\\u00e7\\u00e3o da SMAM\"},\"previousItem\":{\"@type\":\"ListItem\",\"@id\":\"https:\\\/\\\/www.jornalja.com.br\\\/arquivo#listItem\",\"name\":\"Home\"}},{\"@type\":\"ListItem\",\"@id\":\"https:\\\/\\\/www.jornalja.com.br\\\/arquivo\\\/secretaria-nao-permite-debate-interno-sobre-extincao-da-smam\\\/#listItem\",\"position\":3,\"name\":\"Secretaria n\\u00e3o permite debate interno sobre extin\\u00e7\\u00e3o da SMAM\",\"previousItem\":{\"@type\":\"ListItem\",\"@id\":\"https:\\\/\\\/www.jornalja.com.br\\\/arquivo\\\/category\\\/geral\\\/#listItem\",\"name\":\"Geral\"}}]},{\"@type\":\"Organization\",\"@id\":\"https:\\\/\\\/www.jornalja.com.br\\\/arquivo\\\/#organization\",\"name\":\"Jornal J\\u00c1\",\"description\":\"Jornal J\\u00c1 | Porto Alegre\",\"url\":\"https:\\\/\\\/www.jornalja.com.br\\\/arquivo\\\/\",\"telephone\":\"+555133307272\",\"logo\":{\"@type\":\"ImageObject\",\"url\":\"https:\\\/\\\/www.jornalja.com.br\\\/wp-content\\\/uploads\\\/cards\\\/JAslogan.png\",\"@id\":\"https:\\\/\\\/www.jornalja.com.br\\\/arquivo\\\/secretaria-nao-permite-debate-interno-sobre-extincao-da-smam\\\/#organizationLogo\"},\"image\":{\"@id\":\"https:\\\/\\\/www.jornalja.com.br\\\/arquivo\\\/secretaria-nao-permite-debate-interno-sobre-extincao-da-smam\\\/#organizationLogo\"}},{\"@type\":\"Person\",\"@id\":\"https:\\\/\\\/www.jornalja.com.br\\\/arquivo\\\/author\\\/daredacao\\\/#author\",\"url\":\"https:\\\/\\\/www.jornalja.com.br\\\/arquivo\\\/author\\\/daredacao\\\/\",\"name\":\"da Reda\\u00e7\\u00e3o\",\"image\":{\"@type\":\"ImageObject\",\"@id\":\"https:\\\/\\\/www.jornalja.com.br\\\/arquivo\\\/secretaria-nao-permite-debate-interno-sobre-extincao-da-smam\\\/#authorImage\",\"url\":\"https:\\\/\\\/secure.gravatar.com\\\/avatar\\\/469fd857d6605ad19919d27ed29d35a968a25f6e8fd9318356bbb7f57aae9c65?s=96&d=mm&r=g\",\"width\":96,\"height\":96,\"caption\":\"da Reda\\u00e7\\u00e3o\"}},{\"@type\":\"WebPage\",\"@id\":\"https:\\\/\\\/www.jornalja.com.br\\\/arquivo\\\/secretaria-nao-permite-debate-interno-sobre-extincao-da-smam\\\/#webpage\",\"url\":\"https:\\\/\\\/www.jornalja.com.br\\\/arquivo\\\/secretaria-nao-permite-debate-interno-sobre-extincao-da-smam\\\/\",\"name\":\"Secretaria n\\u00e3o permite debate interno sobre extin\\u00e7\\u00e3o da SMAM | Arquivo\",\"inLanguage\":\"pt-BR\",\"isPartOf\":{\"@id\":\"https:\\\/\\\/www.jornalja.com.br\\\/arquivo\\\/#website\"},\"breadcrumb\":{\"@id\":\"https:\\\/\\\/www.jornalja.com.br\\\/arquivo\\\/secretaria-nao-permite-debate-interno-sobre-extincao-da-smam\\\/#breadcrumblist\"},\"author\":{\"@id\":\"https:\\\/\\\/www.jornalja.com.br\\\/arquivo\\\/author\\\/daredacao\\\/#author\"},\"creator\":{\"@id\":\"https:\\\/\\\/www.jornalja.com.br\\\/arquivo\\\/author\\\/daredacao\\\/#author\"},\"image\":{\"@type\":\"ImageObject\",\"url\":43372,\"@id\":\"https:\\\/\\\/www.jornalja.com.br\\\/arquivo\\\/secretaria-nao-permite-debate-interno-sobre-extincao-da-smam\\\/#mainImage\"},\"primaryImageOfPage\":{\"@id\":\"https:\\\/\\\/www.jornalja.com.br\\\/arquivo\\\/secretaria-nao-permite-debate-interno-sobre-extincao-da-smam\\\/#mainImage\"},\"datePublished\":\"2017-01-15T10:44:32-02:00\",\"dateModified\":\"2017-01-15T10:44:32-02:00\"},{\"@type\":\"WebSite\",\"@id\":\"https:\\\/\\\/www.jornalja.com.br\\\/arquivo\\\/#website\",\"url\":\"https:\\\/\\\/www.jornalja.com.br\\\/arquivo\\\/\",\"name\":\"Arquivo\",\"description\":\"Jornal J\\u00c1 | Porto Alegre\",\"inLanguage\":\"pt-BR\",\"publisher\":{\"@id\":\"https:\\\/\\\/www.jornalja.com.br\\\/arquivo\\\/#organization\"}}]}\n\t\t<\/script>\n\t\t<!-- All in One SEO -->\n\n","aioseo_head_json":{"title":"Secretaria n\u00e3o permite debate interno sobre extin\u00e7\u00e3o da SMAM | Arquivo","description":"","canonical_url":"https:\/\/www.jornalja.com.br\/arquivo\/secretaria-nao-permite-debate-interno-sobre-extincao-da-smam\/","robots":"max-image-preview:large","keywords":"","webmasterTools":{"miscellaneous":""},"schema":{"@context":"https:\/\/schema.org","@graph":[{"@type":"BlogPosting","@id":"https:\/\/www.jornalja.com.br\/arquivo\/secretaria-nao-permite-debate-interno-sobre-extincao-da-smam\/#blogposting","name":"Secretaria n\u00e3o permite debate interno sobre extin\u00e7\u00e3o da SMAM | Arquivo","headline":"Secretaria n\u00e3o permite debate interno sobre extin\u00e7\u00e3o da SMAM","author":{"@id":"https:\/\/www.jornalja.com.br\/arquivo\/author\/daredacao\/#author"},"publisher":{"@id":"https:\/\/www.jornalja.com.br\/arquivo\/#organization"},"image":{"@type":"ImageObject","url":43372},"datePublished":"2017-01-15T10:44:32-02:00","dateModified":"2017-01-15T10:44:32-02:00","inLanguage":"pt-BR","commentCount":5,"mainEntityOfPage":{"@id":"https:\/\/www.jornalja.com.br\/arquivo\/secretaria-nao-permite-debate-interno-sobre-extincao-da-smam\/#webpage"},"isPartOf":{"@id":"https:\/\/www.jornalja.com.br\/arquivo\/secretaria-nao-permite-debate-interno-sobre-extincao-da-smam\/#webpage"},"articleSection":"Geral"},{"@type":"BreadcrumbList","@id":"https:\/\/www.jornalja.com.br\/arquivo\/secretaria-nao-permite-debate-interno-sobre-extincao-da-smam\/#breadcrumblist","itemListElement":[{"@type":"ListItem","@id":"https:\/\/www.jornalja.com.br\/arquivo#listItem","position":1,"name":"Home","item":"https:\/\/www.jornalja.com.br\/arquivo","nextItem":{"@type":"ListItem","@id":"https:\/\/www.jornalja.com.br\/arquivo\/category\/geral\/#listItem","name":"Geral"}},{"@type":"ListItem","@id":"https:\/\/www.jornalja.com.br\/arquivo\/category\/geral\/#listItem","position":2,"name":"Geral","item":"https:\/\/www.jornalja.com.br\/arquivo\/category\/geral\/","nextItem":{"@type":"ListItem","@id":"https:\/\/www.jornalja.com.br\/arquivo\/secretaria-nao-permite-debate-interno-sobre-extincao-da-smam\/#listItem","name":"Secretaria n\u00e3o permite debate interno sobre extin\u00e7\u00e3o da SMAM"},"previousItem":{"@type":"ListItem","@id":"https:\/\/www.jornalja.com.br\/arquivo#listItem","name":"Home"}},{"@type":"ListItem","@id":"https:\/\/www.jornalja.com.br\/arquivo\/secretaria-nao-permite-debate-interno-sobre-extincao-da-smam\/#listItem","position":3,"name":"Secretaria n\u00e3o permite debate interno sobre extin\u00e7\u00e3o da SMAM","previousItem":{"@type":"ListItem","@id":"https:\/\/www.jornalja.com.br\/arquivo\/category\/geral\/#listItem","name":"Geral"}}]},{"@type":"Organization","@id":"https:\/\/www.jornalja.com.br\/arquivo\/#organization","name":"Jornal J\u00c1","description":"Jornal J\u00c1 | Porto Alegre","url":"https:\/\/www.jornalja.com.br\/arquivo\/","telephone":"+555133307272","logo":{"@type":"ImageObject","url":"https:\/\/www.jornalja.com.br\/wp-content\/uploads\/cards\/JAslogan.png","@id":"https:\/\/www.jornalja.com.br\/arquivo\/secretaria-nao-permite-debate-interno-sobre-extincao-da-smam\/#organizationLogo"},"image":{"@id":"https:\/\/www.jornalja.com.br\/arquivo\/secretaria-nao-permite-debate-interno-sobre-extincao-da-smam\/#organizationLogo"}},{"@type":"Person","@id":"https:\/\/www.jornalja.com.br\/arquivo\/author\/daredacao\/#author","url":"https:\/\/www.jornalja.com.br\/arquivo\/author\/daredacao\/","name":"da Reda\u00e7\u00e3o","image":{"@type":"ImageObject","@id":"https:\/\/www.jornalja.com.br\/arquivo\/secretaria-nao-permite-debate-interno-sobre-extincao-da-smam\/#authorImage","url":"https:\/\/secure.gravatar.com\/avatar\/469fd857d6605ad19919d27ed29d35a968a25f6e8fd9318356bbb7f57aae9c65?s=96&d=mm&r=g","width":96,"height":96,"caption":"da Reda\u00e7\u00e3o"}},{"@type":"WebPage","@id":"https:\/\/www.jornalja.com.br\/arquivo\/secretaria-nao-permite-debate-interno-sobre-extincao-da-smam\/#webpage","url":"https:\/\/www.jornalja.com.br\/arquivo\/secretaria-nao-permite-debate-interno-sobre-extincao-da-smam\/","name":"Secretaria n\u00e3o permite debate interno sobre extin\u00e7\u00e3o da SMAM | Arquivo","inLanguage":"pt-BR","isPartOf":{"@id":"https:\/\/www.jornalja.com.br\/arquivo\/#website"},"breadcrumb":{"@id":"https:\/\/www.jornalja.com.br\/arquivo\/secretaria-nao-permite-debate-interno-sobre-extincao-da-smam\/#breadcrumblist"},"author":{"@id":"https:\/\/www.jornalja.com.br\/arquivo\/author\/daredacao\/#author"},"creator":{"@id":"https:\/\/www.jornalja.com.br\/arquivo\/author\/daredacao\/#author"},"image":{"@type":"ImageObject","url":43372,"@id":"https:\/\/www.jornalja.com.br\/arquivo\/secretaria-nao-permite-debate-interno-sobre-extincao-da-smam\/#mainImage"},"primaryImageOfPage":{"@id":"https:\/\/www.jornalja.com.br\/arquivo\/secretaria-nao-permite-debate-interno-sobre-extincao-da-smam\/#mainImage"},"datePublished":"2017-01-15T10:44:32-02:00","dateModified":"2017-01-15T10:44:32-02:00"},{"@type":"WebSite","@id":"https:\/\/www.jornalja.com.br\/arquivo\/#website","url":"https:\/\/www.jornalja.com.br\/arquivo\/","name":"Arquivo","description":"Jornal J\u00c1 | Porto Alegre","inLanguage":"pt-BR","publisher":{"@id":"https:\/\/www.jornalja.com.br\/arquivo\/#organization"}}]},"og:locale":"pt_BR","og:site_name":"Arquivo | Jornal J\u00c1 | Porto Alegre","og:type":"article","og:title":"Secretaria n\u00e3o permite debate interno sobre extin\u00e7\u00e3o da SMAM | Arquivo","og:url":"https:\/\/www.jornalja.com.br\/arquivo\/secretaria-nao-permite-debate-interno-sobre-extincao-da-smam\/","og:image":"https:\/\/www.jornalja.com.br\/wp-content\/uploads\/2017\/01\/SMAM-2.jpg","og:image:secure_url":"https:\/\/www.jornalja.com.br\/wp-content\/uploads\/2017\/01\/SMAM-2.jpg","article:published_time":"2017-01-15T13:44:32+00:00","article:modified_time":"2017-01-15T13:44:32+00:00","twitter:card":"summary","twitter:title":"Secretaria n\u00e3o permite debate interno sobre extin\u00e7\u00e3o da SMAM | Arquivo","twitter:image":"https:\/\/www.jornalja.com.br\/economics\/wp-content\/uploads\/sites\/11\/2026\/08\/ja-folhaderosto-facebook.jpg"},"aioseo_meta_data":{"post_id":"43371","title":null,"description":null,"keywords":null,"keyphrases":null,"primary_term":null,"canonical_url":null,"og_title":null,"og_description":null,"og_object_type":"default","og_image_type":"default","og_image_url":null,"og_image_width":null,"og_image_height":null,"og_image_custom_url":null,"og_image_custom_fields":null,"og_video":null,"og_custom_url":null,"og_article_section":null,"og_article_tags":null,"twitter_use_og":false,"twitter_card":"default","twitter_image_type":"default","twitter_image_url":null,"twitter_image_custom_url":null,"twitter_image_custom_fields":null,"twitter_title":null,"twitter_description":null,"schema":{"blockGraphs":[],"customGraphs":[],"default":{"data":{"Article":[],"Course":[],"Dataset":[],"FAQPage":[],"Movie":[],"Person":[],"Product":[],"ProductReview":[],"Car":[],"Recipe":[],"Service":[],"SoftwareApplication":[],"WebPage":[]},"graphName":"","isEnabled":true},"graphs":[],"defaultGraph":"","defaultPostTypeGraph":""},"schema_type":null,"schema_type_options":null,"pillar_content":false,"robots_default":true,"robots_noindex":false,"robots_noarchive":false,"robots_nosnippet":false,"robots_nofollow":false,"robots_noimageindex":false,"robots_noodp":false,"robots_notranslate":false,"robots_max_snippet":null,"robots_max_videopreview":null,"robots_max_imagepreview":"large","priority":null,"frequency":null,"location":null,"local_seo":null,"breadcrumb_settings":null,"limit_modified_date":false,"ai":null,"created":"2020-12-20 20:41:47","updated":"2025-07-19 19:16:37","seo_analyzer_scan_date":null,"focus_keyword":null,"additional_keywords":null,"truseo_locale":null},"jetpack_sharing_enabled":true,"jetpack-related-posts":[{"id":13128,"url":"https:\/\/www.jornalja.com.br\/arquivo\/maconha-terra-diz-que-uso-medicinal-e-desculpa\/","url_meta":{"origin":43371,"position":0},"title":"Maconha: Terra diz que uso medicinal \u00e9 desculpa","author":"Patr\u00edcia Marini","date":"4 de junho de 2014","format":false,"excerpt":"A condi\u00e7\u00e3o de pol\u00edtico, em \u00e9poca de campanha de campanha eleitoral, tira for\u00e7a do discurso do m\u00e9dico Osmar Terra contra a legaliza\u00e7\u00e3o da maconha. A tese dele de que a libera\u00e7\u00e3o vai ampliar exponencialmente o consumo \u00e9 discutivel, o consumo \u00e9 corrente. Mas seus alertas quanto aos riscos tem que\u2026","rel":"","context":"Em &quot;X.Categorias velhas&quot;","block_context":{"text":"X.Categorias velhas","link":"https:\/\/www.jornalja.com.br\/arquivo\/category\/x-categorias-velhas\/"},"img":{"alt_text":"","src":"","width":0,"height":0},"classes":[]},{"id":5440,"url":"https:\/\/www.jornalja.com.br\/arquivo\/casarao-da-venancio-destino-permanece-incerto\/","url_meta":{"origin":43371,"position":1},"title":"Estado ainda n\u00e3o sabe o que fazer com casar\u00e3o abandonado h\u00e1 20 anos","author":"Elmar Bones","date":"6 de julho de 2009","format":false,"excerpt":"O casar\u00e3o amarelo, numa esquina nobre de Porto Alegre (Ven\u00e2ncio Aires com Jo\u00e3o Pessoa), j\u00e1 abrigou uma escola. H\u00e1 duas d\u00e9cadas, pelo menos, est\u00e1 abandonado, porque seu propriet\u00e1rio, o governo do Estado do Rio Grande do Sul, n\u00e3o consegue achar um destino para ele. Planos n\u00e3o faltaram. O governador Ol\u00edvio\u2026","rel":"","context":"Em &quot;X.Categorias velhas&quot;","block_context":{"text":"X.Categorias velhas","link":"https:\/\/www.jornalja.com.br\/arquivo\/category\/x-categorias-velhas\/"},"img":{"alt_text":"geraldo1","src":"https:\/\/i0.wp.com\/www.jornalja.com.br\/wp-content\/uploads\/2009\/07\/geraldo1.jpg?resize=350%2C200&ssl=1","width":350,"height":200},"classes":[]},{"id":13240,"url":"https:\/\/www.jornalja.com.br\/arquivo\/plano-diretor-estamos-construindo-o-caos\/","url_meta":{"origin":43371,"position":2},"title":"Plano diretor: &quot;Estamos construindo o caos&quot;","author":"Patr\u00edcia Marini","date":"26 de maio de 2014","format":false,"excerpt":"Desabafo que arquiteta Eliana Castilhos, delegada da Regi\u00e3o de Planejamento 1, postou nas redes sociais \u00e9 um testemunho do ambiente que se criou no Conselho do Plano Diretor de Porto Alegre, onde a aprova\u00e7\u00e3o de grandes empreendimentos \u00e9 empurrada guela abaixo dos conselheiros. Ao CMDUA Como delegada da Regi\u00e3o de\u2026","rel":"","context":"Em &quot;Geral&quot;","block_context":{"text":"Geral","link":"https:\/\/www.jornalja.com.br\/arquivo\/category\/geral\/"},"img":{"alt_text":"","src":"","width":0,"height":0},"classes":[]},{"id":13124,"url":"https:\/\/www.jornalja.com.br\/arquivo\/sangue-latino-no-iecine\/","url_meta":{"origin":43371,"position":3},"title":"Sangue latino no IECINE","author":"da Reda\u00e7\u00e3o","date":"18 de maio de 2014","format":false,"excerpt":"Francisco Ribeiro O Instituto Estadual de Cinema (IECINE) tem a frente, desde abril \u00faltimo, um novo diretor, o cineasta colombiano Juan Zapata, 36, que substitui Luiz Alberto Cassol. Radicado h\u00e1 dez anos em Porto Alegre, Zapata tem diante de si o desafio de conduzir at\u00e9 o final do ano um\u2026","rel":"","context":"Em &quot;Cultura-Geral&quot;","block_context":{"text":"Cultura-Geral","link":"https:\/\/www.jornalja.com.br\/arquivo\/category\/materiasecundaria\/"},"img":{"alt_text":"","src":"","width":0,"height":0},"classes":[]},{"id":14241,"url":"https:\/\/www.jornalja.com.br\/arquivo\/o-guaiba-nas-imagens-poeticas-de-achutti\/","url_meta":{"origin":43371,"position":4},"title":"O Gua\u00edba nas imagens po\u00e9ticas de Achutti","author":"da Reda\u00e7\u00e3o","date":"18 de junho de 2014","format":false,"excerpt":"Em \u201cO Gua\u00edba por Achutti\u201d \u2013 obra financiada via Minist\u00e9rio da Cultura, produ\u00e7\u00e3o executiva de Pedro Longhi, e Fl\u00e1vio Wild como designer \u2013, o fot\u00f3grafo revela a beleza e as mazelas de um espa\u00e7o aqu\u00e1tico de \u00e1guas sempre renovadas, cheio de hist\u00f3rias e lendas como as das cidades que foram\u2026","rel":"","context":"Em &quot;Cultura-Geral&quot;","block_context":{"text":"Cultura-Geral","link":"https:\/\/www.jornalja.com.br\/arquivo\/category\/materiasecundaria\/"},"img":{"alt_text":"","src":"","width":0,"height":0},"classes":[]},{"id":13109,"url":"https:\/\/www.jornalja.com.br\/arquivo\/judiciario-reconhece-poluicao-eletromagnetica\/","url_meta":{"origin":43371,"position":5},"title":"Judici\u00e1rio reconhece polui\u00e7\u00e3o eletromagn\u00e9tica","author":"Patr\u00edcia Marini","date":"16 de maio de 2014","format":false,"excerpt":"A\u00e7\u00e3o de duas associa\u00e7\u00f5es de moradores foi acolhida pelo Tribunal de Justi\u00e7a de S\u00e3o Paulo que. em decis\u00e3o in\u00e9dita, determinou a redu\u00e7\u00e3o do campo eletromagn\u00e9tico gerado pelas linhas de transmiss\u00e3o de energia que cortam os bairros City Boa\u00e7ava e Alto de Pinheiros. \u00c9 a primeira vez que um tribunal do\u2026","rel":"","context":"Em &quot;X.Categorias velhas&quot;","block_context":{"text":"X.Categorias velhas","link":"https:\/\/www.jornalja.com.br\/arquivo\/category\/x-categorias-velhas\/"},"img":{"alt_text":"","src":"","width":0,"height":0},"classes":[]}],"jetpack_shortlink":"https:\/\/wp.me\/pbQjBd-bhx","jetpack_featured_media_url":"","_links":{"self":[{"href":"https:\/\/www.jornalja.com.br\/arquivo\/wp-json\/wp\/v2\/posts\/43371","targetHints":{"allow":["GET"]}}],"collection":[{"href":"https:\/\/www.jornalja.com.br\/arquivo\/wp-json\/wp\/v2\/posts"}],"about":[{"href":"https:\/\/www.jornalja.com.br\/arquivo\/wp-json\/wp\/v2\/types\/post"}],"author":[{"embeddable":true,"href":"https:\/\/www.jornalja.com.br\/arquivo\/wp-json\/wp\/v2\/users\/4"}],"replies":[{"embeddable":true,"href":"https:\/\/www.jornalja.com.br\/arquivo\/wp-json\/wp\/v2\/comments?post=43371"}],"version-history":[{"count":0,"href":"https:\/\/www.jornalja.com.br\/arquivo\/wp-json\/wp\/v2\/posts\/43371\/revisions"}],"wp:attachment":[{"href":"https:\/\/www.jornalja.com.br\/arquivo\/wp-json\/wp\/v2\/media?parent=43371"}],"wp:term":[{"taxonomy":"category","embeddable":true,"href":"https:\/\/www.jornalja.com.br\/arquivo\/wp-json\/wp\/v2\/categories?post=43371"},{"taxonomy":"post_tag","embeddable":true,"href":"https:\/\/www.jornalja.com.br\/arquivo\/wp-json\/wp\/v2\/tags?post=43371"}],"curies":[{"name":"wp","href":"https:\/\/api.w.org\/{rel}","templated":true}]}}