{"id":43456,"date":"2017-01-17T11:00:29","date_gmt":"2017-01-17T14:00:29","guid":{"rendered":"https:\/\/www.jornalja.com.br\/?p=43456"},"modified":"2017-01-17T11:00:29","modified_gmt":"2017-01-17T14:00:29","slug":"reintegracao-violenta-termina-com-prisao-de-guilherme-boulos-em-sp","status":"publish","type":"post","link":"https:\/\/www.jornalja.com.br\/arquivo\/reintegracao-violenta-termina-com-prisao-de-guilherme-boulos-em-sp\/","title":{"rendered":"Reintegra\u00e7\u00e3o violenta termina com pris\u00e3o de Guilherme Boulos em SP"},"content":{"rendered":"<p>O l\u00edder do Movimento dos Trabalhadores Sem Teto, Guillherme Boulos, foi preso na manh\u00e3 desta ter\u00e7a durante uma opera\u00e7\u00e3o de reintegra\u00e7\u00e3o de posse em uma \u00e1rea ocupada por 700 familias na zona leste de S\u00e3o Paulo.<br \/>\nA Ocupa\u00e7\u00e3o Colonial abrangia dois \u00a0terrenos privados e um do munic\u00edpio paulista. O Batalh\u00e3o de Choque agiu com viol\u00eanciaa, usando bombas, balas de borracha e um carro com jato d\u00e1gua para desalojar os ocupantes.<br \/>\n<figure id=\"attachment_43458\" aria-describedby=\"caption-attachment-43458\" style=\"width: 360px\" class=\"wp-caption alignnone\"><img loading=\"lazy\" decoding=\"async\" class=\"size-full wp-image-43458\" src=\"https:\/\/www.jornalja.com.br\/wp-content\/uploads\/2017\/01\/reintegra\u00e7\u00e3o-2.jpeg\" alt=\"Foto RBA\" width=\"360\" height=\"226\" \/><figcaption id=\"caption-attachment-43458\" class=\"wp-caption-text\">Foto RBA<\/figcaption><\/figure><br \/>\nSegundo o MSTS, Boulos tentava intermediar uma negocia\u00e7\u00e3o para adiar a desocupa\u00e7\u00e3o, dando tempo para os moradores encontrassem uma alternativa para morar.<br \/>\nA pol\u00edcia \u00a0registrou que Boulos foi preso por desobedi\u00eancia civil e incita\u00e7\u00e3o \u00e0 viol\u00eancia. Ele ficou dez horas detido e depois de depoimento foi liberado.<br \/>\n&nbsp;<\/p>\n","protected":false},"excerpt":{"rendered":"<p>O l\u00edder do Movimento dos Trabalhadores Sem Teto, Guillherme Boulos, foi preso na manh\u00e3 desta ter\u00e7a durante uma opera\u00e7\u00e3o de reintegra\u00e7\u00e3o de posse em uma \u00e1rea ocupada por 700 familias na zona leste de S\u00e3o Paulo. A Ocupa\u00e7\u00e3o Colonial abrangia dois \u00a0terrenos privados e um do munic\u00edpio paulista. O Batalh\u00e3o de Choque agiu com viol\u00eanciaa, [&hellip;]<\/p>\n","protected":false},"author":4,"featured_media":43457,"comment_status":"open","ping_status":"closed","sticky":false,"template":"","format":"standard","meta":{"_jetpack_newsletter_access":"","_jetpack_dont_email_post_to_subs":false,"_jetpack_newsletter_tier_id":0,"_jetpack_memberships_contains_paywalled_content":false,"_jetpack_feature_clip_id":0,"_jetpack_memberships_contains_paid_content":false,"footnotes":"","jetpack_post_was_ever_published":false},"categories":[26],"tags":[],"class_list":["post-43456","post","type-post","status-publish","format-standard","has-post-thumbnail","hentry","category-geral"],"aioseo_notices":[],"aioseo_head":"\n\t\t<!-- All in One SEO 5.0.1.1 - aioseo.com -->\n\t<meta name=\"robots\" content=\"max-image-preview:large\" \/>\n\t<meta name=\"author\" content=\"da Reda\u00e7\u00e3o\"\/>\n\t<link rel=\"canonical\" href=\"https:\/\/www.jornalja.com.br\/arquivo\/reintegracao-violenta-termina-com-prisao-de-guilherme-boulos-em-sp\/\" \/>\n\t<meta name=\"generator\" content=\"All in One SEO (AIOSEO) 5.0.1.1\" \/>\n\t\t<meta property=\"og:locale\" content=\"pt_BR\" \/>\n\t\t<meta property=\"og:site_name\" content=\"Arquivo | Jornal J\u00c1 | Porto Alegre\" \/>\n\t\t<meta property=\"og:type\" content=\"article\" \/>\n\t\t<meta property=\"og:title\" content=\"Reintegra\u00e7\u00e3o violenta termina com pris\u00e3o de Guilherme Boulos em SP | Arquivo\" \/>\n\t\t<meta property=\"og:url\" content=\"https:\/\/www.jornalja.com.br\/arquivo\/reintegracao-violenta-termina-com-prisao-de-guilherme-boulos-em-sp\/\" \/>\n\t\t<meta property=\"og:image\" content=\"https:\/\/www.jornalja.com.br\/wp-content\/uploads\/2017\/01\/reintegra\u00e7\u00e3o-2.jpeg\" \/>\n\t\t<meta property=\"og:image:secure_url\" content=\"https:\/\/www.jornalja.com.br\/wp-content\/uploads\/2017\/01\/reintegra\u00e7\u00e3o-2.jpeg\" \/>\n\t\t<meta property=\"article:published_time\" content=\"2017-01-17T14:00:29+00:00\" \/>\n\t\t<meta property=\"article:modified_time\" content=\"2017-01-17T14:00:29+00:00\" \/>\n\t\t<meta name=\"twitter:card\" content=\"summary\" \/>\n\t\t<meta name=\"twitter:title\" content=\"Reintegra\u00e7\u00e3o violenta termina com pris\u00e3o de Guilherme Boulos em SP | Arquivo\" \/>\n\t\t<meta name=\"twitter:image\" content=\"https:\/\/www.jornalja.com.br\/economics\/wp-content\/uploads\/sites\/11\/2026\/08\/ja-folhaderosto-facebook.jpg\" \/>\n\t\t<script type=\"application\/ld+json\" class=\"aioseo-schema\">\n\t\t\t{\"@context\":\"https:\\\/\\\/schema.org\",\"@graph\":[{\"@type\":\"BlogPosting\",\"@id\":\"https:\\\/\\\/www.jornalja.com.br\\\/arquivo\\\/reintegracao-violenta-termina-com-prisao-de-guilherme-boulos-em-sp\\\/#blogposting\",\"name\":\"Reintegra\\u00e7\\u00e3o violenta termina com pris\\u00e3o de Guilherme Boulos em SP | Arquivo\",\"headline\":\"Reintegra\\u00e7\\u00e3o violenta termina com pris\\u00e3o de Guilherme Boulos em SP\",\"author\":{\"@id\":\"https:\\\/\\\/www.jornalja.com.br\\\/arquivo\\\/author\\\/daredacao\\\/#author\"},\"publisher\":{\"@id\":\"https:\\\/\\\/www.jornalja.com.br\\\/arquivo\\\/#organization\"},\"image\":{\"@type\":\"ImageObject\",\"url\":43457},\"datePublished\":\"2017-01-17T11:00:29-02:00\",\"dateModified\":\"2017-01-17T11:00:29-02:00\",\"inLanguage\":\"pt-BR\",\"mainEntityOfPage\":{\"@id\":\"https:\\\/\\\/www.jornalja.com.br\\\/arquivo\\\/reintegracao-violenta-termina-com-prisao-de-guilherme-boulos-em-sp\\\/#webpage\"},\"isPartOf\":{\"@id\":\"https:\\\/\\\/www.jornalja.com.br\\\/arquivo\\\/reintegracao-violenta-termina-com-prisao-de-guilherme-boulos-em-sp\\\/#webpage\"},\"articleSection\":\"Geral\"},{\"@type\":\"BreadcrumbList\",\"@id\":\"https:\\\/\\\/www.jornalja.com.br\\\/arquivo\\\/reintegracao-violenta-termina-com-prisao-de-guilherme-boulos-em-sp\\\/#breadcrumblist\",\"itemListElement\":[{\"@type\":\"ListItem\",\"@id\":\"https:\\\/\\\/www.jornalja.com.br\\\/arquivo#listItem\",\"position\":1,\"name\":\"Home\",\"item\":\"https:\\\/\\\/www.jornalja.com.br\\\/arquivo\",\"nextItem\":{\"@type\":\"ListItem\",\"@id\":\"https:\\\/\\\/www.jornalja.com.br\\\/arquivo\\\/category\\\/geral\\\/#listItem\",\"name\":\"Geral\"}},{\"@type\":\"ListItem\",\"@id\":\"https:\\\/\\\/www.jornalja.com.br\\\/arquivo\\\/category\\\/geral\\\/#listItem\",\"position\":2,\"name\":\"Geral\",\"item\":\"https:\\\/\\\/www.jornalja.com.br\\\/arquivo\\\/category\\\/geral\\\/\",\"nextItem\":{\"@type\":\"ListItem\",\"@id\":\"https:\\\/\\\/www.jornalja.com.br\\\/arquivo\\\/reintegracao-violenta-termina-com-prisao-de-guilherme-boulos-em-sp\\\/#listItem\",\"name\":\"Reintegra\\u00e7\\u00e3o violenta termina com pris\\u00e3o de Guilherme Boulos em SP\"},\"previousItem\":{\"@type\":\"ListItem\",\"@id\":\"https:\\\/\\\/www.jornalja.com.br\\\/arquivo#listItem\",\"name\":\"Home\"}},{\"@type\":\"ListItem\",\"@id\":\"https:\\\/\\\/www.jornalja.com.br\\\/arquivo\\\/reintegracao-violenta-termina-com-prisao-de-guilherme-boulos-em-sp\\\/#listItem\",\"position\":3,\"name\":\"Reintegra\\u00e7\\u00e3o violenta termina com pris\\u00e3o de Guilherme Boulos em SP\",\"previousItem\":{\"@type\":\"ListItem\",\"@id\":\"https:\\\/\\\/www.jornalja.com.br\\\/arquivo\\\/category\\\/geral\\\/#listItem\",\"name\":\"Geral\"}}]},{\"@type\":\"Organization\",\"@id\":\"https:\\\/\\\/www.jornalja.com.br\\\/arquivo\\\/#organization\",\"name\":\"Jornal J\\u00c1\",\"description\":\"Jornal J\\u00c1 | Porto Alegre\",\"url\":\"https:\\\/\\\/www.jornalja.com.br\\\/arquivo\\\/\",\"telephone\":\"+555133307272\",\"logo\":{\"@type\":\"ImageObject\",\"url\":\"https:\\\/\\\/www.jornalja.com.br\\\/wp-content\\\/uploads\\\/cards\\\/JAslogan.png\",\"@id\":\"https:\\\/\\\/www.jornalja.com.br\\\/arquivo\\\/reintegracao-violenta-termina-com-prisao-de-guilherme-boulos-em-sp\\\/#organizationLogo\"},\"image\":{\"@id\":\"https:\\\/\\\/www.jornalja.com.br\\\/arquivo\\\/reintegracao-violenta-termina-com-prisao-de-guilherme-boulos-em-sp\\\/#organizationLogo\"}},{\"@type\":\"Person\",\"@id\":\"https:\\\/\\\/www.jornalja.com.br\\\/arquivo\\\/author\\\/daredacao\\\/#author\",\"url\":\"https:\\\/\\\/www.jornalja.com.br\\\/arquivo\\\/author\\\/daredacao\\\/\",\"name\":\"da Reda\\u00e7\\u00e3o\",\"image\":{\"@type\":\"ImageObject\",\"@id\":\"https:\\\/\\\/www.jornalja.com.br\\\/arquivo\\\/reintegracao-violenta-termina-com-prisao-de-guilherme-boulos-em-sp\\\/#authorImage\",\"url\":\"https:\\\/\\\/secure.gravatar.com\\\/avatar\\\/469fd857d6605ad19919d27ed29d35a968a25f6e8fd9318356bbb7f57aae9c65?s=96&d=mm&r=g\",\"width\":96,\"height\":96,\"caption\":\"da Reda\\u00e7\\u00e3o\"}},{\"@type\":\"WebPage\",\"@id\":\"https:\\\/\\\/www.jornalja.com.br\\\/arquivo\\\/reintegracao-violenta-termina-com-prisao-de-guilherme-boulos-em-sp\\\/#webpage\",\"url\":\"https:\\\/\\\/www.jornalja.com.br\\\/arquivo\\\/reintegracao-violenta-termina-com-prisao-de-guilherme-boulos-em-sp\\\/\",\"name\":\"Reintegra\\u00e7\\u00e3o violenta termina com pris\\u00e3o de Guilherme Boulos em SP | Arquivo\",\"inLanguage\":\"pt-BR\",\"isPartOf\":{\"@id\":\"https:\\\/\\\/www.jornalja.com.br\\\/arquivo\\\/#website\"},\"breadcrumb\":{\"@id\":\"https:\\\/\\\/www.jornalja.com.br\\\/arquivo\\\/reintegracao-violenta-termina-com-prisao-de-guilherme-boulos-em-sp\\\/#breadcrumblist\"},\"author\":{\"@id\":\"https:\\\/\\\/www.jornalja.com.br\\\/arquivo\\\/author\\\/daredacao\\\/#author\"},\"creator\":{\"@id\":\"https:\\\/\\\/www.jornalja.com.br\\\/arquivo\\\/author\\\/daredacao\\\/#author\"},\"image\":{\"@type\":\"ImageObject\",\"url\":43457,\"@id\":\"https:\\\/\\\/www.jornalja.com.br\\\/arquivo\\\/reintegracao-violenta-termina-com-prisao-de-guilherme-boulos-em-sp\\\/#mainImage\"},\"primaryImageOfPage\":{\"@id\":\"https:\\\/\\\/www.jornalja.com.br\\\/arquivo\\\/reintegracao-violenta-termina-com-prisao-de-guilherme-boulos-em-sp\\\/#mainImage\"},\"datePublished\":\"2017-01-17T11:00:29-02:00\",\"dateModified\":\"2017-01-17T11:00:29-02:00\"},{\"@type\":\"WebSite\",\"@id\":\"https:\\\/\\\/www.jornalja.com.br\\\/arquivo\\\/#website\",\"url\":\"https:\\\/\\\/www.jornalja.com.br\\\/arquivo\\\/\",\"name\":\"Arquivo\",\"description\":\"Jornal J\\u00c1 | Porto Alegre\",\"inLanguage\":\"pt-BR\",\"publisher\":{\"@id\":\"https:\\\/\\\/www.jornalja.com.br\\\/arquivo\\\/#organization\"}}]}\n\t\t<\/script>\n\t\t<!-- All in One SEO -->\n\n","aioseo_head_json":{"title":"Reintegra\u00e7\u00e3o violenta termina com pris\u00e3o de Guilherme Boulos em SP | Arquivo","description":"","canonical_url":"https:\/\/www.jornalja.com.br\/arquivo\/reintegracao-violenta-termina-com-prisao-de-guilherme-boulos-em-sp\/","robots":"max-image-preview:large","keywords":"","webmasterTools":{"miscellaneous":""},"schema":{"@context":"https:\/\/schema.org","@graph":[{"@type":"BlogPosting","@id":"https:\/\/www.jornalja.com.br\/arquivo\/reintegracao-violenta-termina-com-prisao-de-guilherme-boulos-em-sp\/#blogposting","name":"Reintegra\u00e7\u00e3o violenta termina com pris\u00e3o de Guilherme Boulos em SP | Arquivo","headline":"Reintegra\u00e7\u00e3o violenta termina com pris\u00e3o de Guilherme Boulos em SP","author":{"@id":"https:\/\/www.jornalja.com.br\/arquivo\/author\/daredacao\/#author"},"publisher":{"@id":"https:\/\/www.jornalja.com.br\/arquivo\/#organization"},"image":{"@type":"ImageObject","url":43457},"datePublished":"2017-01-17T11:00:29-02:00","dateModified":"2017-01-17T11:00:29-02:00","inLanguage":"pt-BR","mainEntityOfPage":{"@id":"https:\/\/www.jornalja.com.br\/arquivo\/reintegracao-violenta-termina-com-prisao-de-guilherme-boulos-em-sp\/#webpage"},"isPartOf":{"@id":"https:\/\/www.jornalja.com.br\/arquivo\/reintegracao-violenta-termina-com-prisao-de-guilherme-boulos-em-sp\/#webpage"},"articleSection":"Geral"},{"@type":"BreadcrumbList","@id":"https:\/\/www.jornalja.com.br\/arquivo\/reintegracao-violenta-termina-com-prisao-de-guilherme-boulos-em-sp\/#breadcrumblist","itemListElement":[{"@type":"ListItem","@id":"https:\/\/www.jornalja.com.br\/arquivo#listItem","position":1,"name":"Home","item":"https:\/\/www.jornalja.com.br\/arquivo","nextItem":{"@type":"ListItem","@id":"https:\/\/www.jornalja.com.br\/arquivo\/category\/geral\/#listItem","name":"Geral"}},{"@type":"ListItem","@id":"https:\/\/www.jornalja.com.br\/arquivo\/category\/geral\/#listItem","position":2,"name":"Geral","item":"https:\/\/www.jornalja.com.br\/arquivo\/category\/geral\/","nextItem":{"@type":"ListItem","@id":"https:\/\/www.jornalja.com.br\/arquivo\/reintegracao-violenta-termina-com-prisao-de-guilherme-boulos-em-sp\/#listItem","name":"Reintegra\u00e7\u00e3o violenta termina com pris\u00e3o de Guilherme Boulos em SP"},"previousItem":{"@type":"ListItem","@id":"https:\/\/www.jornalja.com.br\/arquivo#listItem","name":"Home"}},{"@type":"ListItem","@id":"https:\/\/www.jornalja.com.br\/arquivo\/reintegracao-violenta-termina-com-prisao-de-guilherme-boulos-em-sp\/#listItem","position":3,"name":"Reintegra\u00e7\u00e3o violenta termina com pris\u00e3o de Guilherme Boulos em SP","previousItem":{"@type":"ListItem","@id":"https:\/\/www.jornalja.com.br\/arquivo\/category\/geral\/#listItem","name":"Geral"}}]},{"@type":"Organization","@id":"https:\/\/www.jornalja.com.br\/arquivo\/#organization","name":"Jornal J\u00c1","description":"Jornal J\u00c1 | Porto Alegre","url":"https:\/\/www.jornalja.com.br\/arquivo\/","telephone":"+555133307272","logo":{"@type":"ImageObject","url":"https:\/\/www.jornalja.com.br\/wp-content\/uploads\/cards\/JAslogan.png","@id":"https:\/\/www.jornalja.com.br\/arquivo\/reintegracao-violenta-termina-com-prisao-de-guilherme-boulos-em-sp\/#organizationLogo"},"image":{"@id":"https:\/\/www.jornalja.com.br\/arquivo\/reintegracao-violenta-termina-com-prisao-de-guilherme-boulos-em-sp\/#organizationLogo"}},{"@type":"Person","@id":"https:\/\/www.jornalja.com.br\/arquivo\/author\/daredacao\/#author","url":"https:\/\/www.jornalja.com.br\/arquivo\/author\/daredacao\/","name":"da Reda\u00e7\u00e3o","image":{"@type":"ImageObject","@id":"https:\/\/www.jornalja.com.br\/arquivo\/reintegracao-violenta-termina-com-prisao-de-guilherme-boulos-em-sp\/#authorImage","url":"https:\/\/secure.gravatar.com\/avatar\/469fd857d6605ad19919d27ed29d35a968a25f6e8fd9318356bbb7f57aae9c65?s=96&d=mm&r=g","width":96,"height":96,"caption":"da Reda\u00e7\u00e3o"}},{"@type":"WebPage","@id":"https:\/\/www.jornalja.com.br\/arquivo\/reintegracao-violenta-termina-com-prisao-de-guilherme-boulos-em-sp\/#webpage","url":"https:\/\/www.jornalja.com.br\/arquivo\/reintegracao-violenta-termina-com-prisao-de-guilherme-boulos-em-sp\/","name":"Reintegra\u00e7\u00e3o violenta termina com pris\u00e3o de Guilherme Boulos em SP | Arquivo","inLanguage":"pt-BR","isPartOf":{"@id":"https:\/\/www.jornalja.com.br\/arquivo\/#website"},"breadcrumb":{"@id":"https:\/\/www.jornalja.com.br\/arquivo\/reintegracao-violenta-termina-com-prisao-de-guilherme-boulos-em-sp\/#breadcrumblist"},"author":{"@id":"https:\/\/www.jornalja.com.br\/arquivo\/author\/daredacao\/#author"},"creator":{"@id":"https:\/\/www.jornalja.com.br\/arquivo\/author\/daredacao\/#author"},"image":{"@type":"ImageObject","url":43457,"@id":"https:\/\/www.jornalja.com.br\/arquivo\/reintegracao-violenta-termina-com-prisao-de-guilherme-boulos-em-sp\/#mainImage"},"primaryImageOfPage":{"@id":"https:\/\/www.jornalja.com.br\/arquivo\/reintegracao-violenta-termina-com-prisao-de-guilherme-boulos-em-sp\/#mainImage"},"datePublished":"2017-01-17T11:00:29-02:00","dateModified":"2017-01-17T11:00:29-02:00"},{"@type":"WebSite","@id":"https:\/\/www.jornalja.com.br\/arquivo\/#website","url":"https:\/\/www.jornalja.com.br\/arquivo\/","name":"Arquivo","description":"Jornal J\u00c1 | Porto Alegre","inLanguage":"pt-BR","publisher":{"@id":"https:\/\/www.jornalja.com.br\/arquivo\/#organization"}}]},"og:locale":"pt_BR","og:site_name":"Arquivo | Jornal J\u00c1 | Porto Alegre","og:type":"article","og:title":"Reintegra\u00e7\u00e3o violenta termina com pris\u00e3o de Guilherme Boulos em SP | Arquivo","og:url":"https:\/\/www.jornalja.com.br\/arquivo\/reintegracao-violenta-termina-com-prisao-de-guilherme-boulos-em-sp\/","og:image":"https:\/\/www.jornalja.com.br\/wp-content\/uploads\/2017\/01\/reintegra\u00e7\u00e3o-2.jpeg","og:image:secure_url":"https:\/\/www.jornalja.com.br\/wp-content\/uploads\/2017\/01\/reintegra\u00e7\u00e3o-2.jpeg","article:published_time":"2017-01-17T14:00:29+00:00","article:modified_time":"2017-01-17T14:00:29+00:00","twitter:card":"summary","twitter:title":"Reintegra\u00e7\u00e3o violenta termina com pris\u00e3o de Guilherme Boulos em SP | Arquivo","twitter:image":"https:\/\/www.jornalja.com.br\/economics\/wp-content\/uploads\/sites\/11\/2026\/08\/ja-folhaderosto-facebook.jpg"},"aioseo_meta_data":{"post_id":"43456","title":null,"description":null,"keywords":null,"keyphrases":null,"primary_term":null,"canonical_url":null,"og_title":null,"og_description":null,"og_object_type":"default","og_image_type":"default","og_image_url":null,"og_image_width":null,"og_image_height":null,"og_image_custom_url":null,"og_image_custom_fields":null,"og_video":null,"og_custom_url":null,"og_article_section":null,"og_article_tags":null,"twitter_use_og":false,"twitter_card":"default","twitter_image_type":"default","twitter_image_url":null,"twitter_image_custom_url":null,"twitter_image_custom_fields":null,"twitter_title":null,"twitter_description":null,"schema":{"blockGraphs":[],"customGraphs":[],"default":{"data":{"Article":[],"Course":[],"Dataset":[],"FAQPage":[],"Movie":[],"Person":[],"Product":[],"ProductReview":[],"Car":[],"Recipe":[],"Service":[],"SoftwareApplication":[],"WebPage":[]},"graphName":"","isEnabled":true},"graphs":[]},"schema_type":null,"schema_type_options":null,"pillar_content":false,"robots_default":true,"robots_noindex":false,"robots_noarchive":false,"robots_nosnippet":false,"robots_nofollow":false,"robots_noimageindex":false,"robots_noodp":false,"robots_notranslate":false,"robots_max_snippet":null,"robots_max_videopreview":null,"robots_max_imagepreview":"large","priority":null,"frequency":null,"location":null,"local_seo":null,"breadcrumb_settings":null,"limit_modified_date":false,"ai":null,"created":"2020-12-20 20:41:47","updated":"2025-07-19 19:21:35","seo_analyzer_scan_date":null,"focus_keyword":null,"additional_keywords":null,"truseo_locale":null},"jetpack_sharing_enabled":true,"jetpack-related-posts":[{"id":14241,"url":"https:\/\/www.jornalja.com.br\/arquivo\/o-guaiba-nas-imagens-poeticas-de-achutti\/","url_meta":{"origin":43456,"position":0},"title":"O Gua\u00edba nas imagens po\u00e9ticas de Achutti","author":"da Reda\u00e7\u00e3o","date":"18 de junho de 2014","format":false,"excerpt":"Em \u201cO Gua\u00edba por Achutti\u201d \u2013 obra financiada via Minist\u00e9rio da Cultura, produ\u00e7\u00e3o executiva de Pedro Longhi, e Fl\u00e1vio Wild como designer \u2013, o fot\u00f3grafo revela a beleza e as mazelas de um espa\u00e7o aqu\u00e1tico de \u00e1guas sempre renovadas, cheio de hist\u00f3rias e lendas como as das cidades que foram\u2026","rel":"","context":"Em &quot;Cultura-Geral&quot;","block_context":{"text":"Cultura-Geral","link":"https:\/\/www.jornalja.com.br\/arquivo\/category\/materiasecundaria\/"},"img":{"alt_text":"","src":"","width":0,"height":0},"classes":[]}],"jetpack_shortlink":"https:\/\/wp.me\/pbQjBd-biU","jetpack_featured_media_url":"","_links":{"self":[{"href":"https:\/\/www.jornalja.com.br\/arquivo\/wp-json\/wp\/v2\/posts\/43456","targetHints":{"allow":["GET"]}}],"collection":[{"href":"https:\/\/www.jornalja.com.br\/arquivo\/wp-json\/wp\/v2\/posts"}],"about":[{"href":"https:\/\/www.jornalja.com.br\/arquivo\/wp-json\/wp\/v2\/types\/post"}],"author":[{"embeddable":true,"href":"https:\/\/www.jornalja.com.br\/arquivo\/wp-json\/wp\/v2\/users\/4"}],"replies":[{"embeddable":true,"href":"https:\/\/www.jornalja.com.br\/arquivo\/wp-json\/wp\/v2\/comments?post=43456"}],"version-history":[{"count":0,"href":"https:\/\/www.jornalja.com.br\/arquivo\/wp-json\/wp\/v2\/posts\/43456\/revisions"}],"wp:attachment":[{"href":"https:\/\/www.jornalja.com.br\/arquivo\/wp-json\/wp\/v2\/media?parent=43456"}],"wp:term":[{"taxonomy":"category","embeddable":true,"href":"https:\/\/www.jornalja.com.br\/arquivo\/wp-json\/wp\/v2\/categories?post=43456"},{"taxonomy":"post_tag","embeddable":true,"href":"https:\/\/www.jornalja.com.br\/arquivo\/wp-json\/wp\/v2\/tags?post=43456"}],"curies":[{"name":"wp","href":"https:\/\/api.w.org\/{rel}","templated":true}]}}