{"id":43462,"date":"2017-01-17T15:29:47","date_gmt":"2017-01-17T18:29:47","guid":{"rendered":"https:\/\/www.jornalja.com.br\/?p=43462"},"modified":"2017-01-17T15:29:47","modified_gmt":"2017-01-17T18:29:47","slug":"2017-morrem-oito-por-dia-nos-presidios-brasileiros","status":"publish","type":"post","link":"https:\/\/www.jornalja.com.br\/arquivo\/2017-morrem-oito-por-dia-nos-presidios-brasileiros\/","title":{"rendered":"2017: morrem oito por dia nos pres\u00eddios brasileiros"},"content":{"rendered":"<p>A onda de rebeli\u00f5es, chacinas e fugas em massa que explodiu no sistema carcer\u00e1rio brasileiro desde a virada do ano resultou em mais de 130 mortes nos primeiros 16 dias de janeiro, segundo levantamento publicado pelo <a href=\"http:\/\/g1.globo.com\/politica\/noticia\/ministro-da-justica-recebe-secretarios-para-discutir-a-crise-penitenciaria.ghtml\" target=\"_blank\" rel=\"noopener noreferrer\">site G1 <\/a>nesta ter\u00e7a. O n\u00famero representa uma m\u00e9dia de mais de 7 mortos por dia neste ano. E a conta ainda pode subir. Em alguns pres\u00eddios como o de Alca\u00e7uz, no Rio Grande do Norte, ainda h\u00e1 a possibilidade de serem localizados mais corpos.<br \/>\nOs dist\u00farbios acontecem em pres\u00eddios de pelos menos sete estados. O cen\u00e1rio \u00e9 quase sempre o mesmo. Fac\u00e7\u00f5es em disputa dividindo espa\u00e7os separados nos mesmos pres\u00eddios. Um lado toma o outro e o resultado s\u00e3o dezenas de corpos decapitados e esquartejados pelo ch\u00e3o e fossas das das penitenci\u00e1rias.<br \/>\nNesta ter\u00e7a-feira, mais um caso. No Piau\u00ed, um preso foi estrangulado e o corpo foi jogado de um pavilh\u00e3o da Casa de Cust\u00f3dia de Teresina. O crime teria acontecido durante o banho de sol. Na \u00faltima quinta-feira, 12, o estado j\u00e1 havia registrado outra morte de preso por asfixia, durante uma transfer\u00eancia.<br \/>\nO Rio Grande do Norte registra o caso mais recente de assassinatos em massa. Entre a madrugada de s\u00e1bado e a manh\u00e3 de domingo, 26 presos foram assassinados na Penitenci\u00e1ria Estadual de Alca\u00e7uz e no Pavilh\u00e3o Rog\u00e9rio Coutinho Madruga, em N\u00edsia Floresta, a 25 quil\u00f4metros de Natal.<br \/>\nA rebeli\u00e3o durou cerca de 14 horas e foi considerada a maior chacina j\u00e1 \u00a0registrada no sistema prisional do Rio Grande do Norte. De acordo com o governo, os mortos fazem parte do Sindicato do Crime, que seria aliado \u00e0s fac\u00e7\u00f5es Fam\u00edlia do Norte (FDN) e Comando Vermelho (CV). Seis presos do Primeiro Comando da Capital (PCC) foram identificados como respons\u00e1veis por liderar a matan\u00e7a est\u00e3o isolados e ser\u00e3o transferidos.<br \/>\nO estado enfrenta dificuldades para transportar e reconhecer os corpos. O governo chegou a alugar uma c\u00e2mara frigor\u00edfica para acomod\u00e1-los. Tamb\u00e9m foi pedida a ajuda de peritos da Para\u00edba.<br \/>\n<span class=\"intertit\">Estados pedem ajuda \u00e0 Uni\u00e3o<\/span><br \/>\nO presidente Michel Temer anunciou nesta ter\u00e7a que coloca \u00e0 disposi\u00e7\u00e3o dos estados as For\u00e7as Armadas, para a\u00e7\u00f5es \u201crotineiras\u201d buscando \u201crestaurar normalidade\u201d.<br \/>\nNesta ter\u00e7a-feira, secret\u00e1rios de Seguran\u00e7a de diversos estados foram a Bras\u00edlia pedir ajuda ao Minist\u00e9rio da Justi\u00e7a. Os confrontos nos pres\u00eddios se somam aos problemas de seguran\u00e7a p\u00fablica que j\u00e1 vinham sendo enfrentados, motivo da presen\u00e7a do secret\u00e1rio ga\u00facho, C\u00e9sar Schirmer, na comitiva.<br \/>\n<span class=\"intertit\">Judici\u00e1rio anuncia mutir\u00e3o para rever processos<\/span><br \/>\nA presidente do Superior Tribunal Federal, ministra C\u00e1rmen L\u00facia, convocou os presidentes dos Tribunais de Justi\u00e7a, no dia 12, e anunciou um mutir\u00e3o de 90 dias para analisar os processos dos presos, para verificar a exist\u00eancia de condenados que j\u00e1 cumpriram a totalidade da pena e seguem presos.<br \/>\n<span class=\"intertit\">Estopim foi na virada do ano<\/span><br \/>\nO estopim da crise foi logo no primeiro dia do ano. Em uma rebeli\u00e3o no Complexo Penitenci\u00e1rio An\u00edsio Jobim (Compaj), em Manaus, AL, 56 presos foram mortos e mais de 200 fugiram A maioria teve o corpo decapitado e esquartejado. No local, foram apreendidas espingarda, pistolas e armas improvisadas.<br \/>\nO diretor interino da Compaj, Jos\u00e9 Carvalho da Silva, viria a ser exonerado, acusado por dois presos, em uma carta, de receber dinheiro da fac\u00e7\u00e3o Fam\u00edlia do Norte para facilitar entrada de armas no pres\u00eddio.<br \/>\nNo dia seguinte, o estado de Alagoas registrou mais quatro mortes, desta vez na Unidade Prisional de Paraquequara (UPP).<br \/>\nNo dia 3 de janeiro, o Ministro da Justi\u00e7a, Alexandre Moraes afirmou que a situa\u00e7\u00e3o no estado era tensa, mas estava sob controle. No dia 4, o governador do Amazonas Jos\u00e9 Melo afirma que entre os mortos, n\u00e3o havia \u201cnenhum santo.\u201d No mesmo dia, mais dois mortos, desta vez na Para\u00edba.<br \/>\nO presidente da Rep\u00fablica Michel Temer se manifestou apenas no dia 5. Temer definiu a matan\u00e7a como \u201cacidente pavoroso\u201d e foi alvo de cr\u00edtica. Seis dias depois, ele voltaria a p\u00fablico para corrigir a gafe: definiu os epis\u00f3dios como \u201cmatan\u00e7a pavorosa\u201d e definiu a situa\u00e7\u00e3o das cadeias brasileiras como \u201cdesumana\u201d.<br \/>\nNeste meio tempo, uma rebeli\u00e3o na Penitenci\u00e1ria Agr\u00edcola de Monte Cristo, em Boa Vista (RR), resultou em 33 mortos, no dia 6. Documentos mostraram que o governo de Roraima j\u00e1 havia solicitado apoio do governo federal para conter a tens\u00e3o nas pris\u00f5es, mas o pedido foi negado pelo Ministro da Justi\u00e7a.<br \/>\nNo dia 8, o estado de Manaus volta a registrar mortes. Quatro presos foram assassinados na Cadeia P\u00fablica Desembargador Raimundo Vidal Pessoa. O pres\u00eddio que havia sido fechado a pedido do Conselho Nacional de justi\u00e7a foi reaberto para receber presos transferidos da Compaj, ap\u00f3s a rebeli\u00e3o do primeiro dia do ano.<br \/>\nNo \u00faltimo domingo, em menos de 24h, duas fugas foram registradas na Bahia, totalizando 38 fugitivos em Salvador e no munic\u00edpio de Santo Ant\u00f4nio de jesus, no Rec\u00f4ncavo Baiano.<br \/>\nEm Minas Gerais, dez detentos fogem do Pres\u00eddio Regional de Ibirit\u00e9, na regi\u00e3o metropolitana de Belo Horizonte.<br \/>\nNo Paran\u00e1, 26 presos fugiram e dois morreram, em rebeli\u00e3o no Complexo Penitenci\u00e1rio de Piraquara, regi\u00e3o metropolitana de Curitiba. Segundo a Secretaria de Seguran\u00e7a do Paran\u00e1, a a\u00e7\u00e3o teria sido orquestrada, com a simula\u00e7\u00e3o de um princ\u00edpio de motim em outro pres\u00eddio do estado, para desviar a aten\u00e7\u00e3o e o efetivo das for\u00e7as de seguran\u00e7a. Enquanto isso, outro grupo explodia um muro do pres\u00eddio de Piraquara, possibilitando a fuga em massa. Haveria ainda um grupo de pelo menos 15 homens armados dando cobertura \u00e0 a\u00e7\u00e3o.<\/p>\n","protected":false},"excerpt":{"rendered":"<p>A onda de rebeli\u00f5es, chacinas e fugas em massa que explodiu no sistema carcer\u00e1rio brasileiro desde a virada do ano resultou em mais de 130 mortes nos primeiros 16 dias de janeiro, segundo levantamento publicado pelo site G1 nesta ter\u00e7a. O n\u00famero representa uma m\u00e9dia de mais de 7 mortos por dia neste ano. E [&hellip;]<\/p>\n","protected":false},"author":4,"featured_media":43464,"comment_status":"open","ping_status":"closed","sticky":false,"template":"","format":"standard","meta":{"_jetpack_newsletter_access":"","_jetpack_dont_email_post_to_subs":false,"_jetpack_newsletter_tier_id":0,"_jetpack_memberships_contains_paywalled_content":false,"_jetpack_feature_clip_id":0,"_jetpack_memberships_contains_paid_content":false,"footnotes":"","jetpack_post_was_ever_published":false},"categories":[26],"tags":[],"class_list":["post-43462","post","type-post","status-publish","format-standard","has-post-thumbnail","hentry","category-geral"],"aioseo_notices":[],"aioseo_head":"\n\t\t<!-- All in One SEO 5.0.1.1 - aioseo.com -->\n\t<meta name=\"robots\" content=\"max-image-preview:large\" \/>\n\t<meta name=\"author\" content=\"da Reda\u00e7\u00e3o\"\/>\n\t<link rel=\"canonical\" href=\"https:\/\/www.jornalja.com.br\/arquivo\/2017-morrem-oito-por-dia-nos-presidios-brasileiros\/\" \/>\n\t<meta name=\"generator\" content=\"All in One SEO (AIOSEO) 5.0.1.1\" \/>\n\t\t<meta property=\"og:locale\" content=\"pt_BR\" \/>\n\t\t<meta property=\"og:site_name\" content=\"Arquivo | Jornal J\u00c1 | Porto Alegre\" \/>\n\t\t<meta property=\"og:type\" content=\"article\" \/>\n\t\t<meta property=\"og:title\" content=\"2017: morrem oito por dia nos pres\u00eddios brasileiros | Arquivo\" \/>\n\t\t<meta property=\"og:url\" content=\"https:\/\/www.jornalja.com.br\/arquivo\/2017-morrem-oito-por-dia-nos-presidios-brasileiros\/\" \/>\n\t\t<meta property=\"og:image\" content=\"https:\/\/www.jornalja.com.br\/economics\/wp-content\/uploads\/sites\/11\/2026\/08\/ja-folhaderosto-facebook.jpg\" \/>\n\t\t<meta property=\"og:image:secure_url\" content=\"https:\/\/www.jornalja.com.br\/economics\/wp-content\/uploads\/sites\/11\/2026\/08\/ja-folhaderosto-facebook.jpg\" \/>\n\t\t<meta property=\"article:published_time\" content=\"2017-01-17T18:29:47+00:00\" \/>\n\t\t<meta property=\"article:modified_time\" content=\"2017-01-17T18:29:47+00:00\" \/>\n\t\t<meta name=\"twitter:card\" content=\"summary\" \/>\n\t\t<meta name=\"twitter:title\" content=\"2017: morrem oito por dia nos pres\u00eddios brasileiros | Arquivo\" \/>\n\t\t<meta name=\"twitter:image\" content=\"https:\/\/www.jornalja.com.br\/economics\/wp-content\/uploads\/sites\/11\/2026\/08\/ja-folhaderosto-facebook.jpg\" \/>\n\t\t<script type=\"application\/ld+json\" class=\"aioseo-schema\">\n\t\t\t{\"@context\":\"https:\\\/\\\/schema.org\",\"@graph\":[{\"@type\":\"BlogPosting\",\"@id\":\"https:\\\/\\\/www.jornalja.com.br\\\/arquivo\\\/2017-morrem-oito-por-dia-nos-presidios-brasileiros\\\/#blogposting\",\"name\":\"2017: morrem oito por dia nos pres\\u00eddios brasileiros | Arquivo\",\"headline\":\"2017: morrem oito por dia nos pres\\u00eddios brasileiros\",\"author\":{\"@id\":\"https:\\\/\\\/www.jornalja.com.br\\\/arquivo\\\/author\\\/daredacao\\\/#author\"},\"publisher\":{\"@id\":\"https:\\\/\\\/www.jornalja.com.br\\\/arquivo\\\/#organization\"},\"image\":{\"@type\":\"ImageObject\",\"url\":43464},\"datePublished\":\"2017-01-17T15:29:47-02:00\",\"dateModified\":\"2017-01-17T15:29:47-02:00\",\"inLanguage\":\"pt-BR\",\"mainEntityOfPage\":{\"@id\":\"https:\\\/\\\/www.jornalja.com.br\\\/arquivo\\\/2017-morrem-oito-por-dia-nos-presidios-brasileiros\\\/#webpage\"},\"isPartOf\":{\"@id\":\"https:\\\/\\\/www.jornalja.com.br\\\/arquivo\\\/2017-morrem-oito-por-dia-nos-presidios-brasileiros\\\/#webpage\"},\"articleSection\":\"Geral\"},{\"@type\":\"BreadcrumbList\",\"@id\":\"https:\\\/\\\/www.jornalja.com.br\\\/arquivo\\\/2017-morrem-oito-por-dia-nos-presidios-brasileiros\\\/#breadcrumblist\",\"itemListElement\":[{\"@type\":\"ListItem\",\"@id\":\"https:\\\/\\\/www.jornalja.com.br\\\/arquivo#listItem\",\"position\":1,\"name\":\"Home\",\"item\":\"https:\\\/\\\/www.jornalja.com.br\\\/arquivo\",\"nextItem\":{\"@type\":\"ListItem\",\"@id\":\"https:\\\/\\\/www.jornalja.com.br\\\/arquivo\\\/category\\\/geral\\\/#listItem\",\"name\":\"Geral\"}},{\"@type\":\"ListItem\",\"@id\":\"https:\\\/\\\/www.jornalja.com.br\\\/arquivo\\\/category\\\/geral\\\/#listItem\",\"position\":2,\"name\":\"Geral\",\"item\":\"https:\\\/\\\/www.jornalja.com.br\\\/arquivo\\\/category\\\/geral\\\/\",\"nextItem\":{\"@type\":\"ListItem\",\"@id\":\"https:\\\/\\\/www.jornalja.com.br\\\/arquivo\\\/2017-morrem-oito-por-dia-nos-presidios-brasileiros\\\/#listItem\",\"name\":\"2017: morrem oito por dia nos pres\\u00eddios brasileiros\"},\"previousItem\":{\"@type\":\"ListItem\",\"@id\":\"https:\\\/\\\/www.jornalja.com.br\\\/arquivo#listItem\",\"name\":\"Home\"}},{\"@type\":\"ListItem\",\"@id\":\"https:\\\/\\\/www.jornalja.com.br\\\/arquivo\\\/2017-morrem-oito-por-dia-nos-presidios-brasileiros\\\/#listItem\",\"position\":3,\"name\":\"2017: morrem oito por dia nos pres\\u00eddios brasileiros\",\"previousItem\":{\"@type\":\"ListItem\",\"@id\":\"https:\\\/\\\/www.jornalja.com.br\\\/arquivo\\\/category\\\/geral\\\/#listItem\",\"name\":\"Geral\"}}]},{\"@type\":\"Organization\",\"@id\":\"https:\\\/\\\/www.jornalja.com.br\\\/arquivo\\\/#organization\",\"name\":\"Jornal J\\u00c1\",\"description\":\"Jornal J\\u00c1 | Porto Alegre\",\"url\":\"https:\\\/\\\/www.jornalja.com.br\\\/arquivo\\\/\",\"telephone\":\"+555133307272\",\"logo\":{\"@type\":\"ImageObject\",\"url\":\"https:\\\/\\\/www.jornalja.com.br\\\/wp-content\\\/uploads\\\/cards\\\/JAslogan.png\",\"@id\":\"https:\\\/\\\/www.jornalja.com.br\\\/arquivo\\\/2017-morrem-oito-por-dia-nos-presidios-brasileiros\\\/#organizationLogo\"},\"image\":{\"@id\":\"https:\\\/\\\/www.jornalja.com.br\\\/arquivo\\\/2017-morrem-oito-por-dia-nos-presidios-brasileiros\\\/#organizationLogo\"}},{\"@type\":\"Person\",\"@id\":\"https:\\\/\\\/www.jornalja.com.br\\\/arquivo\\\/author\\\/daredacao\\\/#author\",\"url\":\"https:\\\/\\\/www.jornalja.com.br\\\/arquivo\\\/author\\\/daredacao\\\/\",\"name\":\"da Reda\\u00e7\\u00e3o\",\"image\":{\"@type\":\"ImageObject\",\"@id\":\"https:\\\/\\\/www.jornalja.com.br\\\/arquivo\\\/2017-morrem-oito-por-dia-nos-presidios-brasileiros\\\/#authorImage\",\"url\":\"https:\\\/\\\/secure.gravatar.com\\\/avatar\\\/469fd857d6605ad19919d27ed29d35a968a25f6e8fd9318356bbb7f57aae9c65?s=96&d=mm&r=g\",\"width\":96,\"height\":96,\"caption\":\"da Reda\\u00e7\\u00e3o\"}},{\"@type\":\"WebPage\",\"@id\":\"https:\\\/\\\/www.jornalja.com.br\\\/arquivo\\\/2017-morrem-oito-por-dia-nos-presidios-brasileiros\\\/#webpage\",\"url\":\"https:\\\/\\\/www.jornalja.com.br\\\/arquivo\\\/2017-morrem-oito-por-dia-nos-presidios-brasileiros\\\/\",\"name\":\"2017: morrem oito por dia nos pres\\u00eddios brasileiros | Arquivo\",\"inLanguage\":\"pt-BR\",\"isPartOf\":{\"@id\":\"https:\\\/\\\/www.jornalja.com.br\\\/arquivo\\\/#website\"},\"breadcrumb\":{\"@id\":\"https:\\\/\\\/www.jornalja.com.br\\\/arquivo\\\/2017-morrem-oito-por-dia-nos-presidios-brasileiros\\\/#breadcrumblist\"},\"author\":{\"@id\":\"https:\\\/\\\/www.jornalja.com.br\\\/arquivo\\\/author\\\/daredacao\\\/#author\"},\"creator\":{\"@id\":\"https:\\\/\\\/www.jornalja.com.br\\\/arquivo\\\/author\\\/daredacao\\\/#author\"},\"image\":{\"@type\":\"ImageObject\",\"url\":43464,\"@id\":\"https:\\\/\\\/www.jornalja.com.br\\\/arquivo\\\/2017-morrem-oito-por-dia-nos-presidios-brasileiros\\\/#mainImage\"},\"primaryImageOfPage\":{\"@id\":\"https:\\\/\\\/www.jornalja.com.br\\\/arquivo\\\/2017-morrem-oito-por-dia-nos-presidios-brasileiros\\\/#mainImage\"},\"datePublished\":\"2017-01-17T15:29:47-02:00\",\"dateModified\":\"2017-01-17T15:29:47-02:00\"},{\"@type\":\"WebSite\",\"@id\":\"https:\\\/\\\/www.jornalja.com.br\\\/arquivo\\\/#website\",\"url\":\"https:\\\/\\\/www.jornalja.com.br\\\/arquivo\\\/\",\"name\":\"Arquivo\",\"description\":\"Jornal J\\u00c1 | Porto Alegre\",\"inLanguage\":\"pt-BR\",\"publisher\":{\"@id\":\"https:\\\/\\\/www.jornalja.com.br\\\/arquivo\\\/#organization\"}}]}\n\t\t<\/script>\n\t\t<!-- All in One SEO -->\n\n","aioseo_head_json":{"title":"2017: morrem oito por dia nos pres\u00eddios brasileiros | Arquivo","description":"","canonical_url":"https:\/\/www.jornalja.com.br\/arquivo\/2017-morrem-oito-por-dia-nos-presidios-brasileiros\/","robots":"max-image-preview:large","keywords":"","webmasterTools":{"miscellaneous":""},"schema":{"@context":"https:\/\/schema.org","@graph":[{"@type":"BlogPosting","@id":"https:\/\/www.jornalja.com.br\/arquivo\/2017-morrem-oito-por-dia-nos-presidios-brasileiros\/#blogposting","name":"2017: morrem oito por dia nos pres\u00eddios brasileiros | Arquivo","headline":"2017: morrem oito por dia nos pres\u00eddios brasileiros","author":{"@id":"https:\/\/www.jornalja.com.br\/arquivo\/author\/daredacao\/#author"},"publisher":{"@id":"https:\/\/www.jornalja.com.br\/arquivo\/#organization"},"image":{"@type":"ImageObject","url":43464},"datePublished":"2017-01-17T15:29:47-02:00","dateModified":"2017-01-17T15:29:47-02:00","inLanguage":"pt-BR","mainEntityOfPage":{"@id":"https:\/\/www.jornalja.com.br\/arquivo\/2017-morrem-oito-por-dia-nos-presidios-brasileiros\/#webpage"},"isPartOf":{"@id":"https:\/\/www.jornalja.com.br\/arquivo\/2017-morrem-oito-por-dia-nos-presidios-brasileiros\/#webpage"},"articleSection":"Geral"},{"@type":"BreadcrumbList","@id":"https:\/\/www.jornalja.com.br\/arquivo\/2017-morrem-oito-por-dia-nos-presidios-brasileiros\/#breadcrumblist","itemListElement":[{"@type":"ListItem","@id":"https:\/\/www.jornalja.com.br\/arquivo#listItem","position":1,"name":"Home","item":"https:\/\/www.jornalja.com.br\/arquivo","nextItem":{"@type":"ListItem","@id":"https:\/\/www.jornalja.com.br\/arquivo\/category\/geral\/#listItem","name":"Geral"}},{"@type":"ListItem","@id":"https:\/\/www.jornalja.com.br\/arquivo\/category\/geral\/#listItem","position":2,"name":"Geral","item":"https:\/\/www.jornalja.com.br\/arquivo\/category\/geral\/","nextItem":{"@type":"ListItem","@id":"https:\/\/www.jornalja.com.br\/arquivo\/2017-morrem-oito-por-dia-nos-presidios-brasileiros\/#listItem","name":"2017: morrem oito por dia nos pres\u00eddios brasileiros"},"previousItem":{"@type":"ListItem","@id":"https:\/\/www.jornalja.com.br\/arquivo#listItem","name":"Home"}},{"@type":"ListItem","@id":"https:\/\/www.jornalja.com.br\/arquivo\/2017-morrem-oito-por-dia-nos-presidios-brasileiros\/#listItem","position":3,"name":"2017: morrem oito por dia nos pres\u00eddios brasileiros","previousItem":{"@type":"ListItem","@id":"https:\/\/www.jornalja.com.br\/arquivo\/category\/geral\/#listItem","name":"Geral"}}]},{"@type":"Organization","@id":"https:\/\/www.jornalja.com.br\/arquivo\/#organization","name":"Jornal J\u00c1","description":"Jornal J\u00c1 | Porto Alegre","url":"https:\/\/www.jornalja.com.br\/arquivo\/","telephone":"+555133307272","logo":{"@type":"ImageObject","url":"https:\/\/www.jornalja.com.br\/wp-content\/uploads\/cards\/JAslogan.png","@id":"https:\/\/www.jornalja.com.br\/arquivo\/2017-morrem-oito-por-dia-nos-presidios-brasileiros\/#organizationLogo"},"image":{"@id":"https:\/\/www.jornalja.com.br\/arquivo\/2017-morrem-oito-por-dia-nos-presidios-brasileiros\/#organizationLogo"}},{"@type":"Person","@id":"https:\/\/www.jornalja.com.br\/arquivo\/author\/daredacao\/#author","url":"https:\/\/www.jornalja.com.br\/arquivo\/author\/daredacao\/","name":"da Reda\u00e7\u00e3o","image":{"@type":"ImageObject","@id":"https:\/\/www.jornalja.com.br\/arquivo\/2017-morrem-oito-por-dia-nos-presidios-brasileiros\/#authorImage","url":"https:\/\/secure.gravatar.com\/avatar\/469fd857d6605ad19919d27ed29d35a968a25f6e8fd9318356bbb7f57aae9c65?s=96&d=mm&r=g","width":96,"height":96,"caption":"da Reda\u00e7\u00e3o"}},{"@type":"WebPage","@id":"https:\/\/www.jornalja.com.br\/arquivo\/2017-morrem-oito-por-dia-nos-presidios-brasileiros\/#webpage","url":"https:\/\/www.jornalja.com.br\/arquivo\/2017-morrem-oito-por-dia-nos-presidios-brasileiros\/","name":"2017: morrem oito por dia nos pres\u00eddios brasileiros | Arquivo","inLanguage":"pt-BR","isPartOf":{"@id":"https:\/\/www.jornalja.com.br\/arquivo\/#website"},"breadcrumb":{"@id":"https:\/\/www.jornalja.com.br\/arquivo\/2017-morrem-oito-por-dia-nos-presidios-brasileiros\/#breadcrumblist"},"author":{"@id":"https:\/\/www.jornalja.com.br\/arquivo\/author\/daredacao\/#author"},"creator":{"@id":"https:\/\/www.jornalja.com.br\/arquivo\/author\/daredacao\/#author"},"image":{"@type":"ImageObject","url":43464,"@id":"https:\/\/www.jornalja.com.br\/arquivo\/2017-morrem-oito-por-dia-nos-presidios-brasileiros\/#mainImage"},"primaryImageOfPage":{"@id":"https:\/\/www.jornalja.com.br\/arquivo\/2017-morrem-oito-por-dia-nos-presidios-brasileiros\/#mainImage"},"datePublished":"2017-01-17T15:29:47-02:00","dateModified":"2017-01-17T15:29:47-02:00"},{"@type":"WebSite","@id":"https:\/\/www.jornalja.com.br\/arquivo\/#website","url":"https:\/\/www.jornalja.com.br\/arquivo\/","name":"Arquivo","description":"Jornal J\u00c1 | Porto Alegre","inLanguage":"pt-BR","publisher":{"@id":"https:\/\/www.jornalja.com.br\/arquivo\/#organization"}}]},"og:locale":"pt_BR","og:site_name":"Arquivo | Jornal J\u00c1 | Porto Alegre","og:type":"article","og:title":"2017: morrem oito por dia nos pres\u00eddios brasileiros | Arquivo","og:url":"https:\/\/www.jornalja.com.br\/arquivo\/2017-morrem-oito-por-dia-nos-presidios-brasileiros\/","og:image":"https:\/\/www.jornalja.com.br\/economics\/wp-content\/uploads\/sites\/11\/2026\/08\/ja-folhaderosto-facebook.jpg","og:image:secure_url":"https:\/\/www.jornalja.com.br\/economics\/wp-content\/uploads\/sites\/11\/2026\/08\/ja-folhaderosto-facebook.jpg","article:published_time":"2017-01-17T18:29:47+00:00","article:modified_time":"2017-01-17T18:29:47+00:00","twitter:card":"summary","twitter:title":"2017: morrem oito por dia nos pres\u00eddios brasileiros | Arquivo","twitter:image":"https:\/\/www.jornalja.com.br\/economics\/wp-content\/uploads\/sites\/11\/2026\/08\/ja-folhaderosto-facebook.jpg"},"aioseo_meta_data":{"post_id":"43462","title":null,"description":null,"keywords":null,"keyphrases":null,"primary_term":null,"canonical_url":null,"og_title":null,"og_description":null,"og_object_type":"default","og_image_type":"default","og_image_url":null,"og_image_width":null,"og_image_height":null,"og_image_custom_url":null,"og_image_custom_fields":null,"og_video":null,"og_custom_url":null,"og_article_section":null,"og_article_tags":null,"twitter_use_og":false,"twitter_card":"default","twitter_image_type":"default","twitter_image_url":null,"twitter_image_custom_url":null,"twitter_image_custom_fields":null,"twitter_title":null,"twitter_description":null,"schema":{"blockGraphs":[],"customGraphs":[],"default":{"data":{"Article":[],"Course":[],"Dataset":[],"FAQPage":[],"Movie":[],"Person":[],"Product":[],"ProductReview":[],"Car":[],"Recipe":[],"Service":[],"SoftwareApplication":[],"WebPage":[]},"graphName":"","isEnabled":true},"graphs":[],"defaultGraph":"","defaultPostTypeGraph":""},"schema_type":null,"schema_type_options":null,"pillar_content":false,"robots_default":true,"robots_noindex":false,"robots_noarchive":false,"robots_nosnippet":false,"robots_nofollow":false,"robots_noimageindex":false,"robots_noodp":false,"robots_notranslate":false,"robots_max_snippet":null,"robots_max_videopreview":null,"robots_max_imagepreview":"large","priority":null,"frequency":null,"location":null,"local_seo":null,"breadcrumb_settings":null,"limit_modified_date":false,"ai":null,"created":"2020-12-20 20:41:47","updated":"2025-07-19 19:22:32","seo_analyzer_scan_date":null,"focus_keyword":null,"additional_keywords":null,"truseo_locale":null},"jetpack_sharing_enabled":true,"jetpack-related-posts":[{"id":14241,"url":"https:\/\/www.jornalja.com.br\/arquivo\/o-guaiba-nas-imagens-poeticas-de-achutti\/","url_meta":{"origin":43462,"position":0},"title":"O Gua\u00edba nas imagens po\u00e9ticas de Achutti","author":"da Reda\u00e7\u00e3o","date":"18 de junho de 2014","format":false,"excerpt":"Em \u201cO Gua\u00edba por Achutti\u201d \u2013 obra financiada via Minist\u00e9rio da Cultura, produ\u00e7\u00e3o executiva de Pedro Longhi, e Fl\u00e1vio Wild como designer \u2013, o fot\u00f3grafo revela a beleza e as mazelas de um espa\u00e7o aqu\u00e1tico de \u00e1guas sempre renovadas, cheio de hist\u00f3rias e lendas como as das cidades que foram\u2026","rel":"","context":"Em &quot;Cultura-Geral&quot;","block_context":{"text":"Cultura-Geral","link":"https:\/\/www.jornalja.com.br\/arquivo\/category\/materiasecundaria\/"},"img":{"alt_text":"","src":"","width":0,"height":0},"classes":[]},{"id":13124,"url":"https:\/\/www.jornalja.com.br\/arquivo\/sangue-latino-no-iecine\/","url_meta":{"origin":43462,"position":1},"title":"Sangue latino no IECINE","author":"da Reda\u00e7\u00e3o","date":"18 de maio de 2014","format":false,"excerpt":"Francisco Ribeiro O Instituto Estadual de Cinema (IECINE) tem a frente, desde abril \u00faltimo, um novo diretor, o cineasta colombiano Juan Zapata, 36, que substitui Luiz Alberto Cassol. Radicado h\u00e1 dez anos em Porto Alegre, Zapata tem diante de si o desafio de conduzir at\u00e9 o final do ano um\u2026","rel":"","context":"Em &quot;Cultura-Geral&quot;","block_context":{"text":"Cultura-Geral","link":"https:\/\/www.jornalja.com.br\/arquivo\/category\/materiasecundaria\/"},"img":{"alt_text":"","src":"","width":0,"height":0},"classes":[]},{"id":13101,"url":"https:\/\/www.jornalja.com.br\/arquivo\/morre-um-guerreiro-do-texto\/","url_meta":{"origin":43462,"position":2},"title":"Morre um guerreiro do texto","author":"Patr\u00edcia Marini","date":"14 de maio de 2014","format":false,"excerpt":"Por Ricardo Kotscho Reproduzido do blog do autor, 11\/5\/2014; t\u00edtulo original \u201cE l\u00e1 se foi o nosso Myltainho, guerreiro do texto\u201d. Mi\u00fado e franzino, meu amigo Myltainho era um valente e inconformado guerreiro na luta contra as injusti\u00e7as sociais, a hipocrisia, as maracutaias, o autoritarismo, a intoler\u00e2ncia, a viol\u00eancia, o\u2026","rel":"","context":"Em &quot;Geral&quot;","block_context":{"text":"Geral","link":"https:\/\/www.jornalja.com.br\/arquivo\/category\/geral\/"},"img":{"alt_text":"","src":"","width":0,"height":0},"classes":[]},{"id":13240,"url":"https:\/\/www.jornalja.com.br\/arquivo\/plano-diretor-estamos-construindo-o-caos\/","url_meta":{"origin":43462,"position":3},"title":"Plano diretor: &quot;Estamos construindo o caos&quot;","author":"Patr\u00edcia Marini","date":"26 de maio de 2014","format":false,"excerpt":"Desabafo que arquiteta Eliana Castilhos, delegada da Regi\u00e3o de Planejamento 1, postou nas redes sociais \u00e9 um testemunho do ambiente que se criou no Conselho do Plano Diretor de Porto Alegre, onde a aprova\u00e7\u00e3o de grandes empreendimentos \u00e9 empurrada guela abaixo dos conselheiros. Ao CMDUA Como delegada da Regi\u00e3o de\u2026","rel":"","context":"Em &quot;Geral&quot;","block_context":{"text":"Geral","link":"https:\/\/www.jornalja.com.br\/arquivo\/category\/geral\/"},"img":{"alt_text":"","src":"","width":0,"height":0},"classes":[]},{"id":13109,"url":"https:\/\/www.jornalja.com.br\/arquivo\/judiciario-reconhece-poluicao-eletromagnetica\/","url_meta":{"origin":43462,"position":4},"title":"Judici\u00e1rio reconhece polui\u00e7\u00e3o eletromagn\u00e9tica","author":"Patr\u00edcia Marini","date":"16 de maio de 2014","format":false,"excerpt":"A\u00e7\u00e3o de duas associa\u00e7\u00f5es de moradores foi acolhida pelo Tribunal de Justi\u00e7a de S\u00e3o Paulo que. em decis\u00e3o in\u00e9dita, determinou a redu\u00e7\u00e3o do campo eletromagn\u00e9tico gerado pelas linhas de transmiss\u00e3o de energia que cortam os bairros City Boa\u00e7ava e Alto de Pinheiros. \u00c9 a primeira vez que um tribunal do\u2026","rel":"","context":"Em &quot;X.Categorias velhas&quot;","block_context":{"text":"X.Categorias velhas","link":"https:\/\/www.jornalja.com.br\/arquivo\/category\/x-categorias-velhas\/"},"img":{"alt_text":"","src":"","width":0,"height":0},"classes":[]},{"id":12960,"url":"https:\/\/www.jornalja.com.br\/arquivo\/populacao-culpa-empresas-pela-greve-dos-rodoviarios\/","url_meta":{"origin":43462,"position":5},"title":"Popula\u00e7\u00e3o culpa empresas pela greve","author":"Patr\u00edcia Marini","date":"14 de fevereiro de 2014","format":false,"excerpt":"Pesquisa divulgada na edi\u00e7\u00e3o do jornal Metro desta sexta-feira,14, comprova o velho ditado: \u00e9 poss\u00edvel enganar muitos por algum tempo, mas n\u00e3o \u00e9 poss\u00edvel enganar a todos o tempo inteiro. A principal revela\u00e7\u00e3o foi que 59,8% dos entrevistados apontaram as empresas como as principais respons\u00e1veis pela grave e 46% culparam\u2026","rel":"","context":"Em &quot;X.Categorias velhas&quot;","block_context":{"text":"X.Categorias velhas","link":"https:\/\/www.jornalja.com.br\/arquivo\/category\/x-categorias-velhas\/"},"img":{"alt_text":"","src":"","width":0,"height":0},"classes":[]}],"jetpack_shortlink":"https:\/\/wp.me\/pbQjBd-bj0","jetpack_featured_media_url":"","_links":{"self":[{"href":"https:\/\/www.jornalja.com.br\/arquivo\/wp-json\/wp\/v2\/posts\/43462","targetHints":{"allow":["GET"]}}],"collection":[{"href":"https:\/\/www.jornalja.com.br\/arquivo\/wp-json\/wp\/v2\/posts"}],"about":[{"href":"https:\/\/www.jornalja.com.br\/arquivo\/wp-json\/wp\/v2\/types\/post"}],"author":[{"embeddable":true,"href":"https:\/\/www.jornalja.com.br\/arquivo\/wp-json\/wp\/v2\/users\/4"}],"replies":[{"embeddable":true,"href":"https:\/\/www.jornalja.com.br\/arquivo\/wp-json\/wp\/v2\/comments?post=43462"}],"version-history":[{"count":0,"href":"https:\/\/www.jornalja.com.br\/arquivo\/wp-json\/wp\/v2\/posts\/43462\/revisions"}],"wp:attachment":[{"href":"https:\/\/www.jornalja.com.br\/arquivo\/wp-json\/wp\/v2\/media?parent=43462"}],"wp:term":[{"taxonomy":"category","embeddable":true,"href":"https:\/\/www.jornalja.com.br\/arquivo\/wp-json\/wp\/v2\/categories?post=43462"},{"taxonomy":"post_tag","embeddable":true,"href":"https:\/\/www.jornalja.com.br\/arquivo\/wp-json\/wp\/v2\/tags?post=43462"}],"curies":[{"name":"wp","href":"https:\/\/api.w.org\/{rel}","templated":true}]}}