{"id":43499,"date":"2017-01-18T16:22:15","date_gmt":"2017-01-18T19:22:15","guid":{"rendered":"https:\/\/www.jornalja.com.br\/?p=43499"},"modified":"2017-01-18T16:22:15","modified_gmt":"2017-01-18T19:22:15","slug":"edgar-vasques-e-bira-carlos-gomes-desenho-e-musica-nos-altos-do-viaduto","status":"publish","type":"post","link":"https:\/\/www.jornalja.com.br\/arquivo\/edgar-vasques-e-bira-carlos-gomes-desenho-e-musica-nos-altos-do-viaduto\/","title":{"rendered":"Edgar Vasques e Bira Carlos Gomes: desenho e m\u00fasica nos altos do viaduto"},"content":{"rendered":"<p><span class=\"assina\">GERALDO HASSE<\/span><br \/>\nNa noite de sexta-feira 13 de janeiro de 2017, dois sujeitos barbudos e grisalhos conversavam baixinho numa das mesas externas do Tutti Giorni, bar situado nas escadarias do Viaduto Otavio Rocha, \u00e0 altura do n\u00ba 700 da avenida Borges de Medeiros, em Porto Alegre.<br \/>\nCurtindo aquele encontro especial, homens e mulheres mais jovens circulavam ao redor, tentando decifrar a conversa\u00e7\u00e3o dos dois. Parecia que combinavam alguma coisa. O que estariam murmurando entre barbas e copos?<br \/>\nSem mist\u00e9rios: os dois se conhecem h\u00e1 d\u00e9cadas mas n\u00e3o se viam h\u00e1 anos, da\u00ed a intensa troca de figurinhas.<br \/>\nO mais velho da dupla barbuda \u00e9 o cartunista e artista pl\u00e1stico Edgar Vasques, 67 anos, criador do Rango, o faminto mais ranzinza do Brasil. Ele tem \u00e0 m\u00e3o um caderno de desenhos e um estojo de giz colorido.<br \/>\nTudo indica que premedita desenhar o barbudo-cabeludo-de-chap\u00e9u- coco: Ubiratan Carlos Gomes, l\u00edder da troupe de teatro de bonecos Anima Sonho, criada h\u00e1 32 anos. Bira tem \u00e0 m\u00e3o, guardado numa capa preta, um instrumento musical.<br \/>\nFindo o aquecimento, os dois afinam seus instrumentos e tem in\u00edcio uma memor\u00e1vel sess\u00e3o musical. Vasques rabisca, ora com os olhos no caderno, ora levantando os olhos para a figura grisalha perfilada \u00e0 sua frente. Mal arranhando as cordas do instrumento \u2013 uma viola &#8211;, Ubiratan modula a voz no timbre grave do baiano Elomar Figueira de Mello.<br \/>\nO som sai t\u00e3o baixo que apenas os que est\u00e3o \u00e0 sua volta se d\u00e3o conta da gra\u00e7a do momento: \u00e9 um espet\u00e1culo improvisado, sem rompantes, quase clandestino, num boteco dominado por jovens.<br \/>\nA can\u00e7\u00e3o &#8220;Na Carantonha&#8221; se arrasta por quase dez minutos. Ao final, soam palmas. Bira sabe que atrai olhos e ouvidos. Mais duas can\u00e7\u00f5es, uma de Elomar, outra do paraibano Z\u00e9 Ramalho. Aplausos novamente.<br \/>\nAlgu\u00e9m se aproxima e sugere uma can\u00e7\u00e3o qualquer. Bira pede desculpas por saber fazer \u201capenas tr\u00eas acordes\u201d e completa humildemente: \u201cSou um m\u00fasico med\u00edocre\u201d. Tamb\u00e9m n\u00e3o canta nada da m\u00fasica t\u00edpica do Rio Grande do Sul.<br \/>\nEdgar Vasques segue desenhando. N\u00e3o se passou nem meia hora e j\u00e1 fez o retrato do cantor. Colorido, o desenho pode virar um quadro na parede, ilustrar um calend\u00e1rio ou&#8230;<br \/>\n\u201cVai ser a capa do meu pr\u00f3ximo disco\u201d, exclama Ubiratan Carlos Gomes, num rompante inesperado. Se a ideia for pra frente, ser\u00e1 seu segundo disco.<br \/>\nO primeiro saiu h\u00e1 alguns anos. E a\u00ed vem sua hist\u00f3ria: nascido em 1953 em Cachoeira do Sul, Bira ficou na cidade natal at\u00e9 os 28 anos, quando se mudou para Porto Alegre, onde, em parceria com o irm\u00e3o g\u00eameo Tiaraju, \u00a0criou um espet\u00e1culo com bonecos que n\u00e3o emplacou em Cachoeira.<br \/>\nA capital o acolheu bem, dando-lhe a fama que o levaria a palcos distantes, fora do Rio Grande do Sul. Bira conta que ainda no in\u00edcio dividiram palco com o conjunto vocal\/instrumental Os Tapes, que fazia sucesso no in\u00edcio das calif\u00f3rnias do nativismo (ganhou a 2\u00aa Calif\u00f3rnia de Uruguaiana com Pedro Guar\u00e1, can\u00e7\u00e3o de Jos\u00e9 Claudio Machado, um dos tapes).<br \/>\nMais de tr\u00eas d\u00e9cadas depois, quem digitar Teatro de Bonecos Anima Sonho no Google, vai descobrir uma por\u00e7\u00e3o de shows no You Tube &#8212; os irm\u00e3os Carlos Gomes se apresentaram por 11 minutos no Doming\u00e3o do Faust\u00e3o em 1996.<br \/>\nA principal pe\u00e7a do seu repert\u00f3rio \u00e9 O Ferreiro e o Diabo, cujo argumento foi extra\u00eddo do cap\u00edtulo 21 da novela argentina Don Segundo Sombra, cl\u00e1ssico de Ricardo G\u00fciraldes lan\u00e7ado em 1926. Conta a hist\u00f3ria de um ferreiro chamado Miseria.<br \/>\nVisitado em sua cabana por Jesus Cristo (que n\u00e3o se identifica), Miseria improvisa uma ferradura (de prata) para o jumento do nazareno, que viaja em companhia de um amigo chamado Pedro. \u201cQuanto lhe devo?\u201d, pergunta Cristo. O ferreiro n\u00e3o cobra nada, comentando com desd\u00e9m que os dois viajantes s\u00e3o mais pobres do que ele.<br \/>\nPara demonstrar sua gratid\u00e3o, Cristo diz ao ferreiro que pe\u00e7a tr\u00eas coisas. Ainda que Pedro lhe assopre que pe\u00e7a o Para\u00edso, Miseria pede tr\u00eas formas de poder sobre os outros e passa a viver como rico. Cortejado pelo Diabo, o aprisiona no seu estojo de tabaco. E assim vai at\u00e9 o fim da vida.<br \/>\nMorto, bate na porta do C\u00e9u, vem S\u00e3o Pedro e lhe nega o ingresso. Vai ao Purgat\u00f3rio, onde n\u00e3o h\u00e1 lugar para ele. Acaba indo ao Inferno, mas a\u00ed tamb\u00e9m lhe fecham as portas. E o pobre ferreiro fica perdido no mundo. \u201c&#8230;y dicen que es por eso que, desde entonces, Miseria y Pobreza s\u00e3o cosas de este mundo y nunca se ir\u00e1n a outra parte, porque em ninguna quieren almitir su existencia\u201d, diz a hist\u00f3ria contada por D. Segundo Sombra, personagem equivalente a grandes figuras do romance brasileiro, como o vaqueiro Riobaldo de Guimar\u00e3es Rosa e o capit\u00e3o Rodrigo Cambar\u00e1 de Erico Verissimo.<br \/>\nNo livro, o relato dura uma hora; no teatro de bonecos de Ubiratan Carlos Gomes, leva 45 minutos.<br \/>\nA morte recente de Tiaraju Carlos Gomes cortou as asas do Anima Sonho, que ainda se apresenta, mas sem a repercuss\u00e3o de antes, quando ocupava palcos no Uruguai, na Argentina e no Chile. \u201cEm Porto Alegre, ningu\u00e9m mais nos chama\u201d, reclama Bira, que mora no bairro Teres\u00f3polis.<br \/>\nA companhia de bonecos \u00e9 formada por quatro pessoas: dois atores, uma t\u00e9cnica de som\/luz e o contrarrega, que atua nos bastidores, incluindo a bilheteria. Com um elenco desses, o Anima Sonho n\u00e3o pega a estrada nem pernoita fora por cach\u00ea abaixo de quatro d\u00edgitos. Na capital, um show pode sair por menos.<\/p>\n","protected":false},"excerpt":{"rendered":"<p>GERALDO HASSE Na noite de sexta-feira 13 de janeiro de 2017, dois sujeitos barbudos e grisalhos conversavam baixinho numa das mesas externas do Tutti Giorni, bar situado nas escadarias do Viaduto Otavio Rocha, \u00e0 altura do n\u00ba 700 da avenida Borges de Medeiros, em Porto Alegre. Curtindo aquele encontro especial, homens e mulheres mais jovens [&hellip;]<\/p>\n","protected":false},"author":4,"featured_media":43502,"comment_status":"open","ping_status":"closed","sticky":false,"template":"","format":"standard","meta":{"_jetpack_newsletter_access":"","_jetpack_dont_email_post_to_subs":false,"_jetpack_newsletter_tier_id":0,"_jetpack_memberships_contains_paywalled_content":false,"_jetpack_feature_clip_id":0,"_jetpack_memberships_contains_paid_content":false,"footnotes":"","jetpack_post_was_ever_published":false},"categories":[26],"tags":[],"class_list":["post-43499","post","type-post","status-publish","format-standard","has-post-thumbnail","hentry","category-geral"],"aioseo_notices":[],"aioseo_head":"\n\t\t<!-- All in One SEO 5.0.1.1 - aioseo.com -->\n\t<meta name=\"robots\" content=\"max-image-preview:large\" \/>\n\t<meta name=\"author\" content=\"da Reda\u00e7\u00e3o\"\/>\n\t<link rel=\"canonical\" href=\"https:\/\/www.jornalja.com.br\/arquivo\/edgar-vasques-e-bira-carlos-gomes-desenho-e-musica-nos-altos-do-viaduto\/\" \/>\n\t<meta name=\"generator\" content=\"All in One SEO (AIOSEO) 5.0.1.1\" \/>\n\t\t<meta property=\"og:locale\" content=\"pt_BR\" \/>\n\t\t<meta property=\"og:site_name\" content=\"Arquivo | Jornal J\u00c1 | Porto Alegre\" \/>\n\t\t<meta property=\"og:type\" content=\"article\" \/>\n\t\t<meta property=\"og:title\" content=\"Edgar Vasques e Bira Carlos Gomes: desenho e m\u00fasica nos altos do viaduto | Arquivo\" \/>\n\t\t<meta property=\"og:url\" content=\"https:\/\/www.jornalja.com.br\/arquivo\/edgar-vasques-e-bira-carlos-gomes-desenho-e-musica-nos-altos-do-viaduto\/\" \/>\n\t\t<meta property=\"og:image\" content=\"https:\/\/www.jornalja.com.br\/economics\/wp-content\/uploads\/sites\/11\/2026\/08\/ja-folhaderosto-facebook.jpg\" \/>\n\t\t<meta property=\"og:image:secure_url\" content=\"https:\/\/www.jornalja.com.br\/economics\/wp-content\/uploads\/sites\/11\/2026\/08\/ja-folhaderosto-facebook.jpg\" \/>\n\t\t<meta property=\"article:published_time\" content=\"2017-01-18T19:22:15+00:00\" \/>\n\t\t<meta property=\"article:modified_time\" content=\"2017-01-18T19:22:15+00:00\" \/>\n\t\t<meta name=\"twitter:card\" content=\"summary\" \/>\n\t\t<meta name=\"twitter:title\" content=\"Edgar Vasques e Bira Carlos Gomes: desenho e m\u00fasica nos altos do viaduto | Arquivo\" \/>\n\t\t<meta name=\"twitter:image\" content=\"https:\/\/www.jornalja.com.br\/economics\/wp-content\/uploads\/sites\/11\/2026\/08\/ja-folhaderosto-facebook.jpg\" \/>\n\t\t<script type=\"application\/ld+json\" class=\"aioseo-schema\">\n\t\t\t{\"@context\":\"https:\\\/\\\/schema.org\",\"@graph\":[{\"@type\":\"BlogPosting\",\"@id\":\"https:\\\/\\\/www.jornalja.com.br\\\/arquivo\\\/edgar-vasques-e-bira-carlos-gomes-desenho-e-musica-nos-altos-do-viaduto\\\/#blogposting\",\"name\":\"Edgar Vasques e Bira Carlos Gomes: desenho e m\\u00fasica nos altos do viaduto | Arquivo\",\"headline\":\"Edgar Vasques e Bira Carlos Gomes: desenho e m\\u00fasica nos altos do viaduto\",\"author\":{\"@id\":\"https:\\\/\\\/www.jornalja.com.br\\\/arquivo\\\/author\\\/daredacao\\\/#author\"},\"publisher\":{\"@id\":\"https:\\\/\\\/www.jornalja.com.br\\\/arquivo\\\/#organization\"},\"image\":{\"@type\":\"ImageObject\",\"url\":43502},\"datePublished\":\"2017-01-18T16:22:15-02:00\",\"dateModified\":\"2017-01-18T16:22:15-02:00\",\"inLanguage\":\"pt-BR\",\"mainEntityOfPage\":{\"@id\":\"https:\\\/\\\/www.jornalja.com.br\\\/arquivo\\\/edgar-vasques-e-bira-carlos-gomes-desenho-e-musica-nos-altos-do-viaduto\\\/#webpage\"},\"isPartOf\":{\"@id\":\"https:\\\/\\\/www.jornalja.com.br\\\/arquivo\\\/edgar-vasques-e-bira-carlos-gomes-desenho-e-musica-nos-altos-do-viaduto\\\/#webpage\"},\"articleSection\":\"Geral\"},{\"@type\":\"BreadcrumbList\",\"@id\":\"https:\\\/\\\/www.jornalja.com.br\\\/arquivo\\\/edgar-vasques-e-bira-carlos-gomes-desenho-e-musica-nos-altos-do-viaduto\\\/#breadcrumblist\",\"itemListElement\":[{\"@type\":\"ListItem\",\"@id\":\"https:\\\/\\\/www.jornalja.com.br\\\/arquivo#listItem\",\"position\":1,\"name\":\"Home\",\"item\":\"https:\\\/\\\/www.jornalja.com.br\\\/arquivo\",\"nextItem\":{\"@type\":\"ListItem\",\"@id\":\"https:\\\/\\\/www.jornalja.com.br\\\/arquivo\\\/category\\\/geral\\\/#listItem\",\"name\":\"Geral\"}},{\"@type\":\"ListItem\",\"@id\":\"https:\\\/\\\/www.jornalja.com.br\\\/arquivo\\\/category\\\/geral\\\/#listItem\",\"position\":2,\"name\":\"Geral\",\"item\":\"https:\\\/\\\/www.jornalja.com.br\\\/arquivo\\\/category\\\/geral\\\/\",\"nextItem\":{\"@type\":\"ListItem\",\"@id\":\"https:\\\/\\\/www.jornalja.com.br\\\/arquivo\\\/edgar-vasques-e-bira-carlos-gomes-desenho-e-musica-nos-altos-do-viaduto\\\/#listItem\",\"name\":\"Edgar Vasques e Bira Carlos Gomes: desenho e m\\u00fasica nos altos do viaduto\"},\"previousItem\":{\"@type\":\"ListItem\",\"@id\":\"https:\\\/\\\/www.jornalja.com.br\\\/arquivo#listItem\",\"name\":\"Home\"}},{\"@type\":\"ListItem\",\"@id\":\"https:\\\/\\\/www.jornalja.com.br\\\/arquivo\\\/edgar-vasques-e-bira-carlos-gomes-desenho-e-musica-nos-altos-do-viaduto\\\/#listItem\",\"position\":3,\"name\":\"Edgar Vasques e Bira Carlos Gomes: desenho e m\\u00fasica nos altos do viaduto\",\"previousItem\":{\"@type\":\"ListItem\",\"@id\":\"https:\\\/\\\/www.jornalja.com.br\\\/arquivo\\\/category\\\/geral\\\/#listItem\",\"name\":\"Geral\"}}]},{\"@type\":\"Organization\",\"@id\":\"https:\\\/\\\/www.jornalja.com.br\\\/arquivo\\\/#organization\",\"name\":\"Jornal J\\u00c1\",\"description\":\"Jornal J\\u00c1 | Porto Alegre\",\"url\":\"https:\\\/\\\/www.jornalja.com.br\\\/arquivo\\\/\",\"telephone\":\"+555133307272\",\"logo\":{\"@type\":\"ImageObject\",\"url\":\"https:\\\/\\\/www.jornalja.com.br\\\/wp-content\\\/uploads\\\/cards\\\/JAslogan.png\",\"@id\":\"https:\\\/\\\/www.jornalja.com.br\\\/arquivo\\\/edgar-vasques-e-bira-carlos-gomes-desenho-e-musica-nos-altos-do-viaduto\\\/#organizationLogo\"},\"image\":{\"@id\":\"https:\\\/\\\/www.jornalja.com.br\\\/arquivo\\\/edgar-vasques-e-bira-carlos-gomes-desenho-e-musica-nos-altos-do-viaduto\\\/#organizationLogo\"}},{\"@type\":\"Person\",\"@id\":\"https:\\\/\\\/www.jornalja.com.br\\\/arquivo\\\/author\\\/daredacao\\\/#author\",\"url\":\"https:\\\/\\\/www.jornalja.com.br\\\/arquivo\\\/author\\\/daredacao\\\/\",\"name\":\"da Reda\\u00e7\\u00e3o\",\"image\":{\"@type\":\"ImageObject\",\"@id\":\"https:\\\/\\\/www.jornalja.com.br\\\/arquivo\\\/edgar-vasques-e-bira-carlos-gomes-desenho-e-musica-nos-altos-do-viaduto\\\/#authorImage\",\"url\":\"https:\\\/\\\/secure.gravatar.com\\\/avatar\\\/469fd857d6605ad19919d27ed29d35a968a25f6e8fd9318356bbb7f57aae9c65?s=96&d=mm&r=g\",\"width\":96,\"height\":96,\"caption\":\"da Reda\\u00e7\\u00e3o\"}},{\"@type\":\"WebPage\",\"@id\":\"https:\\\/\\\/www.jornalja.com.br\\\/arquivo\\\/edgar-vasques-e-bira-carlos-gomes-desenho-e-musica-nos-altos-do-viaduto\\\/#webpage\",\"url\":\"https:\\\/\\\/www.jornalja.com.br\\\/arquivo\\\/edgar-vasques-e-bira-carlos-gomes-desenho-e-musica-nos-altos-do-viaduto\\\/\",\"name\":\"Edgar Vasques e Bira Carlos Gomes: desenho e m\\u00fasica nos altos do viaduto | Arquivo\",\"inLanguage\":\"pt-BR\",\"isPartOf\":{\"@id\":\"https:\\\/\\\/www.jornalja.com.br\\\/arquivo\\\/#website\"},\"breadcrumb\":{\"@id\":\"https:\\\/\\\/www.jornalja.com.br\\\/arquivo\\\/edgar-vasques-e-bira-carlos-gomes-desenho-e-musica-nos-altos-do-viaduto\\\/#breadcrumblist\"},\"author\":{\"@id\":\"https:\\\/\\\/www.jornalja.com.br\\\/arquivo\\\/author\\\/daredacao\\\/#author\"},\"creator\":{\"@id\":\"https:\\\/\\\/www.jornalja.com.br\\\/arquivo\\\/author\\\/daredacao\\\/#author\"},\"image\":{\"@type\":\"ImageObject\",\"url\":43502,\"@id\":\"https:\\\/\\\/www.jornalja.com.br\\\/arquivo\\\/edgar-vasques-e-bira-carlos-gomes-desenho-e-musica-nos-altos-do-viaduto\\\/#mainImage\"},\"primaryImageOfPage\":{\"@id\":\"https:\\\/\\\/www.jornalja.com.br\\\/arquivo\\\/edgar-vasques-e-bira-carlos-gomes-desenho-e-musica-nos-altos-do-viaduto\\\/#mainImage\"},\"datePublished\":\"2017-01-18T16:22:15-02:00\",\"dateModified\":\"2017-01-18T16:22:15-02:00\"},{\"@type\":\"WebSite\",\"@id\":\"https:\\\/\\\/www.jornalja.com.br\\\/arquivo\\\/#website\",\"url\":\"https:\\\/\\\/www.jornalja.com.br\\\/arquivo\\\/\",\"name\":\"Arquivo\",\"description\":\"Jornal J\\u00c1 | Porto Alegre\",\"inLanguage\":\"pt-BR\",\"publisher\":{\"@id\":\"https:\\\/\\\/www.jornalja.com.br\\\/arquivo\\\/#organization\"}}]}\n\t\t<\/script>\n\t\t<!-- All in One SEO -->\n\n","aioseo_head_json":{"title":"Edgar Vasques e Bira Carlos Gomes: desenho e m\u00fasica nos altos do viaduto | Arquivo","description":"","canonical_url":"https:\/\/www.jornalja.com.br\/arquivo\/edgar-vasques-e-bira-carlos-gomes-desenho-e-musica-nos-altos-do-viaduto\/","robots":"max-image-preview:large","keywords":"","webmasterTools":{"miscellaneous":""},"schema":{"@context":"https:\/\/schema.org","@graph":[{"@type":"BlogPosting","@id":"https:\/\/www.jornalja.com.br\/arquivo\/edgar-vasques-e-bira-carlos-gomes-desenho-e-musica-nos-altos-do-viaduto\/#blogposting","name":"Edgar Vasques e Bira Carlos Gomes: desenho e m\u00fasica nos altos do viaduto | Arquivo","headline":"Edgar Vasques e Bira Carlos Gomes: desenho e m\u00fasica nos altos do viaduto","author":{"@id":"https:\/\/www.jornalja.com.br\/arquivo\/author\/daredacao\/#author"},"publisher":{"@id":"https:\/\/www.jornalja.com.br\/arquivo\/#organization"},"image":{"@type":"ImageObject","url":43502},"datePublished":"2017-01-18T16:22:15-02:00","dateModified":"2017-01-18T16:22:15-02:00","inLanguage":"pt-BR","mainEntityOfPage":{"@id":"https:\/\/www.jornalja.com.br\/arquivo\/edgar-vasques-e-bira-carlos-gomes-desenho-e-musica-nos-altos-do-viaduto\/#webpage"},"isPartOf":{"@id":"https:\/\/www.jornalja.com.br\/arquivo\/edgar-vasques-e-bira-carlos-gomes-desenho-e-musica-nos-altos-do-viaduto\/#webpage"},"articleSection":"Geral"},{"@type":"BreadcrumbList","@id":"https:\/\/www.jornalja.com.br\/arquivo\/edgar-vasques-e-bira-carlos-gomes-desenho-e-musica-nos-altos-do-viaduto\/#breadcrumblist","itemListElement":[{"@type":"ListItem","@id":"https:\/\/www.jornalja.com.br\/arquivo#listItem","position":1,"name":"Home","item":"https:\/\/www.jornalja.com.br\/arquivo","nextItem":{"@type":"ListItem","@id":"https:\/\/www.jornalja.com.br\/arquivo\/category\/geral\/#listItem","name":"Geral"}},{"@type":"ListItem","@id":"https:\/\/www.jornalja.com.br\/arquivo\/category\/geral\/#listItem","position":2,"name":"Geral","item":"https:\/\/www.jornalja.com.br\/arquivo\/category\/geral\/","nextItem":{"@type":"ListItem","@id":"https:\/\/www.jornalja.com.br\/arquivo\/edgar-vasques-e-bira-carlos-gomes-desenho-e-musica-nos-altos-do-viaduto\/#listItem","name":"Edgar Vasques e Bira Carlos Gomes: desenho e m\u00fasica nos altos do viaduto"},"previousItem":{"@type":"ListItem","@id":"https:\/\/www.jornalja.com.br\/arquivo#listItem","name":"Home"}},{"@type":"ListItem","@id":"https:\/\/www.jornalja.com.br\/arquivo\/edgar-vasques-e-bira-carlos-gomes-desenho-e-musica-nos-altos-do-viaduto\/#listItem","position":3,"name":"Edgar Vasques e Bira Carlos Gomes: desenho e m\u00fasica nos altos do viaduto","previousItem":{"@type":"ListItem","@id":"https:\/\/www.jornalja.com.br\/arquivo\/category\/geral\/#listItem","name":"Geral"}}]},{"@type":"Organization","@id":"https:\/\/www.jornalja.com.br\/arquivo\/#organization","name":"Jornal J\u00c1","description":"Jornal J\u00c1 | Porto Alegre","url":"https:\/\/www.jornalja.com.br\/arquivo\/","telephone":"+555133307272","logo":{"@type":"ImageObject","url":"https:\/\/www.jornalja.com.br\/wp-content\/uploads\/cards\/JAslogan.png","@id":"https:\/\/www.jornalja.com.br\/arquivo\/edgar-vasques-e-bira-carlos-gomes-desenho-e-musica-nos-altos-do-viaduto\/#organizationLogo"},"image":{"@id":"https:\/\/www.jornalja.com.br\/arquivo\/edgar-vasques-e-bira-carlos-gomes-desenho-e-musica-nos-altos-do-viaduto\/#organizationLogo"}},{"@type":"Person","@id":"https:\/\/www.jornalja.com.br\/arquivo\/author\/daredacao\/#author","url":"https:\/\/www.jornalja.com.br\/arquivo\/author\/daredacao\/","name":"da Reda\u00e7\u00e3o","image":{"@type":"ImageObject","@id":"https:\/\/www.jornalja.com.br\/arquivo\/edgar-vasques-e-bira-carlos-gomes-desenho-e-musica-nos-altos-do-viaduto\/#authorImage","url":"https:\/\/secure.gravatar.com\/avatar\/469fd857d6605ad19919d27ed29d35a968a25f6e8fd9318356bbb7f57aae9c65?s=96&d=mm&r=g","width":96,"height":96,"caption":"da Reda\u00e7\u00e3o"}},{"@type":"WebPage","@id":"https:\/\/www.jornalja.com.br\/arquivo\/edgar-vasques-e-bira-carlos-gomes-desenho-e-musica-nos-altos-do-viaduto\/#webpage","url":"https:\/\/www.jornalja.com.br\/arquivo\/edgar-vasques-e-bira-carlos-gomes-desenho-e-musica-nos-altos-do-viaduto\/","name":"Edgar Vasques e Bira Carlos Gomes: desenho e m\u00fasica nos altos do viaduto | Arquivo","inLanguage":"pt-BR","isPartOf":{"@id":"https:\/\/www.jornalja.com.br\/arquivo\/#website"},"breadcrumb":{"@id":"https:\/\/www.jornalja.com.br\/arquivo\/edgar-vasques-e-bira-carlos-gomes-desenho-e-musica-nos-altos-do-viaduto\/#breadcrumblist"},"author":{"@id":"https:\/\/www.jornalja.com.br\/arquivo\/author\/daredacao\/#author"},"creator":{"@id":"https:\/\/www.jornalja.com.br\/arquivo\/author\/daredacao\/#author"},"image":{"@type":"ImageObject","url":43502,"@id":"https:\/\/www.jornalja.com.br\/arquivo\/edgar-vasques-e-bira-carlos-gomes-desenho-e-musica-nos-altos-do-viaduto\/#mainImage"},"primaryImageOfPage":{"@id":"https:\/\/www.jornalja.com.br\/arquivo\/edgar-vasques-e-bira-carlos-gomes-desenho-e-musica-nos-altos-do-viaduto\/#mainImage"},"datePublished":"2017-01-18T16:22:15-02:00","dateModified":"2017-01-18T16:22:15-02:00"},{"@type":"WebSite","@id":"https:\/\/www.jornalja.com.br\/arquivo\/#website","url":"https:\/\/www.jornalja.com.br\/arquivo\/","name":"Arquivo","description":"Jornal J\u00c1 | Porto Alegre","inLanguage":"pt-BR","publisher":{"@id":"https:\/\/www.jornalja.com.br\/arquivo\/#organization"}}]},"og:locale":"pt_BR","og:site_name":"Arquivo | Jornal J\u00c1 | Porto Alegre","og:type":"article","og:title":"Edgar Vasques e Bira Carlos Gomes: desenho e m\u00fasica nos altos do viaduto | Arquivo","og:url":"https:\/\/www.jornalja.com.br\/arquivo\/edgar-vasques-e-bira-carlos-gomes-desenho-e-musica-nos-altos-do-viaduto\/","og:image":"https:\/\/www.jornalja.com.br\/economics\/wp-content\/uploads\/sites\/11\/2026\/08\/ja-folhaderosto-facebook.jpg","og:image:secure_url":"https:\/\/www.jornalja.com.br\/economics\/wp-content\/uploads\/sites\/11\/2026\/08\/ja-folhaderosto-facebook.jpg","article:published_time":"2017-01-18T19:22:15+00:00","article:modified_time":"2017-01-18T19:22:15+00:00","twitter:card":"summary","twitter:title":"Edgar Vasques e Bira Carlos Gomes: desenho e m\u00fasica nos altos do viaduto | Arquivo","twitter:image":"https:\/\/www.jornalja.com.br\/economics\/wp-content\/uploads\/sites\/11\/2026\/08\/ja-folhaderosto-facebook.jpg"},"aioseo_meta_data":{"post_id":"43499","title":null,"description":null,"keywords":null,"keyphrases":null,"primary_term":null,"canonical_url":null,"og_title":null,"og_description":null,"og_object_type":"default","og_image_type":"default","og_image_url":null,"og_image_width":null,"og_image_height":null,"og_image_custom_url":null,"og_image_custom_fields":null,"og_video":null,"og_custom_url":null,"og_article_section":null,"og_article_tags":null,"twitter_use_og":false,"twitter_card":"default","twitter_image_type":"default","twitter_image_url":null,"twitter_image_custom_url":null,"twitter_image_custom_fields":null,"twitter_title":null,"twitter_description":null,"schema":{"blockGraphs":[],"customGraphs":[],"default":{"data":{"Article":[],"Course":[],"Dataset":[],"FAQPage":[],"Movie":[],"Person":[],"Product":[],"ProductReview":[],"Car":[],"Recipe":[],"Service":[],"SoftwareApplication":[],"WebPage":[]},"graphName":"","isEnabled":true},"graphs":[],"defaultGraph":"","defaultPostTypeGraph":""},"schema_type":null,"schema_type_options":null,"pillar_content":false,"robots_default":true,"robots_noindex":false,"robots_noarchive":false,"robots_nosnippet":false,"robots_nofollow":false,"robots_noimageindex":false,"robots_noodp":false,"robots_notranslate":false,"robots_max_snippet":null,"robots_max_videopreview":null,"robots_max_imagepreview":"large","priority":null,"frequency":null,"location":null,"local_seo":null,"breadcrumb_settings":null,"limit_modified_date":false,"ai":null,"created":"2020-12-20 20:41:47","updated":"2025-07-19 19:22:32","seo_analyzer_scan_date":null,"focus_keyword":null,"additional_keywords":null,"truseo_locale":null},"jetpack_sharing_enabled":true,"jetpack-related-posts":[{"id":5440,"url":"https:\/\/www.jornalja.com.br\/arquivo\/casarao-da-venancio-destino-permanece-incerto\/","url_meta":{"origin":43499,"position":0},"title":"Estado ainda n\u00e3o sabe o que fazer com casar\u00e3o abandonado h\u00e1 20 anos","author":"Elmar Bones","date":"6 de julho de 2009","format":false,"excerpt":"O casar\u00e3o amarelo, numa esquina nobre de Porto Alegre (Ven\u00e2ncio Aires com Jo\u00e3o Pessoa), j\u00e1 abrigou uma escola. H\u00e1 duas d\u00e9cadas, pelo menos, est\u00e1 abandonado, porque seu propriet\u00e1rio, o governo do Estado do Rio Grande do Sul, n\u00e3o consegue achar um destino para ele. Planos n\u00e3o faltaram. O governador Ol\u00edvio\u2026","rel":"","context":"Em &quot;X.Categorias velhas&quot;","block_context":{"text":"X.Categorias velhas","link":"https:\/\/www.jornalja.com.br\/arquivo\/category\/x-categorias-velhas\/"},"img":{"alt_text":"geraldo1","src":"https:\/\/i0.wp.com\/www.jornalja.com.br\/wp-content\/uploads\/2009\/07\/geraldo1.jpg?resize=350%2C200&ssl=1","width":350,"height":200},"classes":[]},{"id":13124,"url":"https:\/\/www.jornalja.com.br\/arquivo\/sangue-latino-no-iecine\/","url_meta":{"origin":43499,"position":1},"title":"Sangue latino no IECINE","author":"da Reda\u00e7\u00e3o","date":"18 de maio de 2014","format":false,"excerpt":"Francisco Ribeiro O Instituto Estadual de Cinema (IECINE) tem a frente, desde abril \u00faltimo, um novo diretor, o cineasta colombiano Juan Zapata, 36, que substitui Luiz Alberto Cassol. Radicado h\u00e1 dez anos em Porto Alegre, Zapata tem diante de si o desafio de conduzir at\u00e9 o final do ano um\u2026","rel":"","context":"Em &quot;Cultura-Geral&quot;","block_context":{"text":"Cultura-Geral","link":"https:\/\/www.jornalja.com.br\/arquivo\/category\/materiasecundaria\/"},"img":{"alt_text":"","src":"","width":0,"height":0},"classes":[]},{"id":14241,"url":"https:\/\/www.jornalja.com.br\/arquivo\/o-guaiba-nas-imagens-poeticas-de-achutti\/","url_meta":{"origin":43499,"position":2},"title":"O Gua\u00edba nas imagens po\u00e9ticas de Achutti","author":"da Reda\u00e7\u00e3o","date":"18 de junho de 2014","format":false,"excerpt":"Em \u201cO Gua\u00edba por Achutti\u201d \u2013 obra financiada via Minist\u00e9rio da Cultura, produ\u00e7\u00e3o executiva de Pedro Longhi, e Fl\u00e1vio Wild como designer \u2013, o fot\u00f3grafo revela a beleza e as mazelas de um espa\u00e7o aqu\u00e1tico de \u00e1guas sempre renovadas, cheio de hist\u00f3rias e lendas como as das cidades que foram\u2026","rel":"","context":"Em &quot;Cultura-Geral&quot;","block_context":{"text":"Cultura-Geral","link":"https:\/\/www.jornalja.com.br\/arquivo\/category\/materiasecundaria\/"},"img":{"alt_text":"","src":"","width":0,"height":0},"classes":[]},{"id":13109,"url":"https:\/\/www.jornalja.com.br\/arquivo\/judiciario-reconhece-poluicao-eletromagnetica\/","url_meta":{"origin":43499,"position":3},"title":"Judici\u00e1rio reconhece polui\u00e7\u00e3o eletromagn\u00e9tica","author":"Patr\u00edcia Marini","date":"16 de maio de 2014","format":false,"excerpt":"A\u00e7\u00e3o de duas associa\u00e7\u00f5es de moradores foi acolhida pelo Tribunal de Justi\u00e7a de S\u00e3o Paulo que. em decis\u00e3o in\u00e9dita, determinou a redu\u00e7\u00e3o do campo eletromagn\u00e9tico gerado pelas linhas de transmiss\u00e3o de energia que cortam os bairros City Boa\u00e7ava e Alto de Pinheiros. \u00c9 a primeira vez que um tribunal do\u2026","rel":"","context":"Em &quot;X.Categorias velhas&quot;","block_context":{"text":"X.Categorias velhas","link":"https:\/\/www.jornalja.com.br\/arquivo\/category\/x-categorias-velhas\/"},"img":{"alt_text":"","src":"","width":0,"height":0},"classes":[]},{"id":13240,"url":"https:\/\/www.jornalja.com.br\/arquivo\/plano-diretor-estamos-construindo-o-caos\/","url_meta":{"origin":43499,"position":4},"title":"Plano diretor: &quot;Estamos construindo o caos&quot;","author":"Patr\u00edcia Marini","date":"26 de maio de 2014","format":false,"excerpt":"Desabafo que arquiteta Eliana Castilhos, delegada da Regi\u00e3o de Planejamento 1, postou nas redes sociais \u00e9 um testemunho do ambiente que se criou no Conselho do Plano Diretor de Porto Alegre, onde a aprova\u00e7\u00e3o de grandes empreendimentos \u00e9 empurrada guela abaixo dos conselheiros. Ao CMDUA Como delegada da Regi\u00e3o de\u2026","rel":"","context":"Em &quot;Geral&quot;","block_context":{"text":"Geral","link":"https:\/\/www.jornalja.com.br\/arquivo\/category\/geral\/"},"img":{"alt_text":"","src":"","width":0,"height":0},"classes":[]},{"id":1280,"url":"https:\/\/www.jornalja.com.br\/arquivo\/o-menino-que-se-tornou-brizola\/","url_meta":{"origin":43499,"position":5},"title":"O Menino que se Tornou Brizola","author":"da Reda\u00e7\u00e3o","date":"28 de julho de 2008","format":false,"excerpt":"Autor: Cleber Dioni A vida de Leonel Brizola, com \u00eanfase para os primeiros anos em Porto Alegre, at\u00e9 o ex\u00edlio no Uruguai e a volta, quinze anos depois. \u00a0\"...\u00c9ramos todos jovens e nos identific\u00e1vamos com aquela massa an\u00f4nima a percorrer as ruas de Porto Alegre, gritando 'Get\u00falio', 'Get\u00falio' e empunhando\u2026","rel":"","context":"Em &quot;Livros&quot;","block_context":{"text":"Livros","link":"https:\/\/www.jornalja.com.br\/arquivo\/category\/livros\/"},"img":{"alt_text":"","src":"https:\/\/i0.wp.com\/www.jornalja.com.br\/wp-content\/uploads\/2008\/07\/brizola.gif?resize=350%2C200&ssl=1","width":350,"height":200},"classes":[]}],"jetpack_shortlink":"https:\/\/wp.me\/pbQjBd-bjB","jetpack_featured_media_url":"","_links":{"self":[{"href":"https:\/\/www.jornalja.com.br\/arquivo\/wp-json\/wp\/v2\/posts\/43499","targetHints":{"allow":["GET"]}}],"collection":[{"href":"https:\/\/www.jornalja.com.br\/arquivo\/wp-json\/wp\/v2\/posts"}],"about":[{"href":"https:\/\/www.jornalja.com.br\/arquivo\/wp-json\/wp\/v2\/types\/post"}],"author":[{"embeddable":true,"href":"https:\/\/www.jornalja.com.br\/arquivo\/wp-json\/wp\/v2\/users\/4"}],"replies":[{"embeddable":true,"href":"https:\/\/www.jornalja.com.br\/arquivo\/wp-json\/wp\/v2\/comments?post=43499"}],"version-history":[{"count":0,"href":"https:\/\/www.jornalja.com.br\/arquivo\/wp-json\/wp\/v2\/posts\/43499\/revisions"}],"wp:attachment":[{"href":"https:\/\/www.jornalja.com.br\/arquivo\/wp-json\/wp\/v2\/media?parent=43499"}],"wp:term":[{"taxonomy":"category","embeddable":true,"href":"https:\/\/www.jornalja.com.br\/arquivo\/wp-json\/wp\/v2\/categories?post=43499"},{"taxonomy":"post_tag","embeddable":true,"href":"https:\/\/www.jornalja.com.br\/arquivo\/wp-json\/wp\/v2\/tags?post=43499"}],"curies":[{"name":"wp","href":"https:\/\/api.w.org\/{rel}","templated":true}]}}