{"id":43538,"date":"2017-01-19T17:18:45","date_gmt":"2017-01-19T20:18:45","guid":{"rendered":"https:\/\/www.jornalja.com.br\/?p=43538"},"modified":"2017-01-19T17:18:45","modified_gmt":"2017-01-19T20:18:45","slug":"bbc-confirma-morte-de-ministro-teori-zavaski-em-acidente","status":"publish","type":"post","link":"https:\/\/www.jornalja.com.br\/arquivo\/bbc-confirma-morte-de-ministro-teori-zavaski-em-acidente\/","title":{"rendered":"Confirmada a morte de ministro Teori Zavascki em acidente"},"content":{"rendered":"<p class=\"story-body__introduction\">O ministro Teori Zavascki, relator dos casos relacionados \u00e0 opera\u00e7\u00e3o Lava Jato no STF (Supremo Tribunal Federal), morreu em um acidente de avi\u00e3o ocorrido no litoral sul do Estado do Rio de Janeiro.<\/p>\n<p>Teori e outras tr\u00eas pessoas estavam em um bimotor modelo King Air C90, fabricado pela americana Beechcraft, que saiu de S\u00e3o Paulo com destino a Angra dos Reis (RJ).<br \/>\nAntes da confirma\u00e7\u00e3o da morte, um dos filhos do ministro, Francisco Zavascki, havia dito \u00e0 BBC Brasil que a fam\u00edlia esperava por um milagre.<br \/>\n&#8220;Ele estava a bordo e estamos torcendo por um milagre&#8221;, disse ele, que tamb\u00e9m havia pedido ora\u00e7\u00f5es no Facebook.<\/p>\n<figure class=\"media-landscape no-caption full-width\"><span class=\"image-and-copyright-container\"><img loading=\"lazy\" decoding=\"async\" class=\"responsive-image__img js-image-replace\" src=\"http:\/\/ichef.bbci.co.uk\/news\/624\/cpsprodpb\/2979\/production\/_93671601_zavascki1.jpg\" alt=\"Postagem do filho do ministro\" width=\"514\" height=\"114\" data-highest-encountered-width=\"624\" \/><span class=\"off-screen\">Direito de imagem<\/span><span class=\"story-image-copyright\">FACEBOOK<\/span><\/span><\/figure>\n<p>&#8220;Caros amigos, acabamos de receber a confirma\u00e7\u00e3o de que o pai faleceu! Muito obrigado a todos pela for\u00e7a!&#8221;, afirmou na rede social ap\u00f3s a confirma\u00e7\u00e3o.<br \/>\nRespons\u00e1vel pelos casos relacionados ao maior esc\u00e2ndalo de corrup\u00e7\u00e3o da hist\u00f3ria recente do pa\u00eds, Zavascki estava concentrado nos \u00faltimos meses nas dela\u00e7\u00f5es da empreiteira Odebrecht, a maior do pa\u00eds.<br \/>\nMinistro desde 2012, era conhecido pela discri\u00e7\u00e3o mesmo nos momentos em que esteve no centro do notici\u00e1rio.<\/p>\n<h2 class=\"story-body__crosshead\">A aeronave<\/h2>\n<p>A aeronave PR-SOM est\u00e1 registrada em nome da Emiliano Empreendimentos e Participa\u00e7\u00f5es Hoteleiras Limitada.<br \/>\nIntegrantes da Marinha e do Corpo de Bombeiros prestam assist\u00eancia no local.<br \/>\nO avi\u00e3o que caiu em Paraty tem capacidade para oito passageiros, segundo a For\u00e7a A\u00e9rea Brasileira.<br \/>\nA FAB afirmou ainda que a aeronave decolou \u00e0s 13h01 do Campo de Marte em S\u00e3o Paulo.<br \/>\n\u00c0s 14h05, o Sistema de Busca e Salvamento Aeron\u00e1utico foi informado do desaparecimento do avi\u00e3o.<br \/>\nA aeronave caiu no mar, pr\u00f3ximo \u00e0 cidade de Paraty, no Rio de Janeiro.<br \/>\nUma equipe de peritos do Terceiro Servi\u00e7o Regional de Investiga\u00e7\u00e3o e Preven\u00e7\u00e3o de Acidentes A\u00e9reos est\u00e1 a caminho do local.<br \/>\n<i>Com reportagem de Felipe Souza, N\u00e9li Pereira, Paula Reverbel e Luis Kawaguti, da BBC Brasil em S\u00e3o Paulo.<\/i><\/p>\n","protected":false},"excerpt":{"rendered":"<p>O ministro Teori Zavascki, relator dos casos relacionados \u00e0 opera\u00e7\u00e3o Lava Jato no STF (Supremo Tribunal Federal), morreu em um acidente de avi\u00e3o ocorrido no litoral sul do Estado do Rio de Janeiro. Teori e outras tr\u00eas pessoas estavam em um bimotor modelo King Air C90, fabricado pela americana Beechcraft, que saiu de S\u00e3o Paulo [&hellip;]<\/p>\n","protected":false},"author":4,"featured_media":43541,"comment_status":"open","ping_status":"closed","sticky":false,"template":"","format":"standard","meta":{"_jetpack_newsletter_access":"","_jetpack_dont_email_post_to_subs":false,"_jetpack_newsletter_tier_id":0,"_jetpack_memberships_contains_paywalled_content":false,"_jetpack_feature_clip_id":0,"_jetpack_memberships_contains_paid_content":false,"footnotes":"","jetpack_post_was_ever_published":false},"categories":[26],"tags":[],"class_list":["post-43538","post","type-post","status-publish","format-standard","has-post-thumbnail","hentry","category-geral"],"aioseo_notices":[],"aioseo_head":"\n\t\t<!-- All in One SEO 5.0.1.1 - aioseo.com -->\n\t<meta name=\"robots\" content=\"max-image-preview:large\" \/>\n\t<meta name=\"author\" content=\"da Reda\u00e7\u00e3o\"\/>\n\t<link rel=\"canonical\" href=\"https:\/\/www.jornalja.com.br\/arquivo\/bbc-confirma-morte-de-ministro-teori-zavaski-em-acidente\/\" \/>\n\t<meta name=\"generator\" content=\"All in One SEO (AIOSEO) 5.0.1.1\" \/>\n\t\t<meta property=\"og:locale\" content=\"pt_BR\" \/>\n\t\t<meta property=\"og:site_name\" content=\"Arquivo | Jornal J\u00c1 | Porto Alegre\" \/>\n\t\t<meta property=\"og:type\" content=\"article\" \/>\n\t\t<meta property=\"og:title\" content=\"Confirmada a morte de ministro Teori Zavascki em acidente | Arquivo\" \/>\n\t\t<meta property=\"og:url\" content=\"https:\/\/www.jornalja.com.br\/arquivo\/bbc-confirma-morte-de-ministro-teori-zavaski-em-acidente\/\" \/>\n\t\t<meta property=\"og:image\" content=\"https:\/\/ichef.bbci.co.uk\/news\/624\/cpsprodpb\/2979\/production\/_93671601_zavascki1.jpg\" \/>\n\t\t<meta property=\"og:image:secure_url\" content=\"https:\/\/ichef.bbci.co.uk\/news\/624\/cpsprodpb\/2979\/production\/_93671601_zavascki1.jpg\" \/>\n\t\t<meta property=\"article:published_time\" content=\"2017-01-19T20:18:45+00:00\" \/>\n\t\t<meta property=\"article:modified_time\" content=\"2017-01-19T20:18:45+00:00\" \/>\n\t\t<meta name=\"twitter:card\" content=\"summary\" \/>\n\t\t<meta name=\"twitter:title\" content=\"Confirmada a morte de ministro Teori Zavascki em acidente | Arquivo\" \/>\n\t\t<meta name=\"twitter:image\" content=\"https:\/\/www.jornalja.com.br\/economics\/wp-content\/uploads\/sites\/11\/2026\/08\/ja-folhaderosto-facebook.jpg\" \/>\n\t\t<script type=\"application\/ld+json\" class=\"aioseo-schema\">\n\t\t\t{\"@context\":\"https:\\\/\\\/schema.org\",\"@graph\":[{\"@type\":\"BlogPosting\",\"@id\":\"https:\\\/\\\/www.jornalja.com.br\\\/arquivo\\\/bbc-confirma-morte-de-ministro-teori-zavaski-em-acidente\\\/#blogposting\",\"name\":\"Confirmada a morte de ministro Teori Zavascki em acidente | Arquivo\",\"headline\":\"Confirmada a morte de ministro Teori Zavascki em acidente\",\"author\":{\"@id\":\"https:\\\/\\\/www.jornalja.com.br\\\/arquivo\\\/author\\\/daredacao\\\/#author\"},\"publisher\":{\"@id\":\"https:\\\/\\\/www.jornalja.com.br\\\/arquivo\\\/#organization\"},\"image\":{\"@type\":\"ImageObject\",\"url\":43541},\"datePublished\":\"2017-01-19T17:18:45-02:00\",\"dateModified\":\"2017-01-19T17:18:45-02:00\",\"inLanguage\":\"pt-BR\",\"mainEntityOfPage\":{\"@id\":\"https:\\\/\\\/www.jornalja.com.br\\\/arquivo\\\/bbc-confirma-morte-de-ministro-teori-zavaski-em-acidente\\\/#webpage\"},\"isPartOf\":{\"@id\":\"https:\\\/\\\/www.jornalja.com.br\\\/arquivo\\\/bbc-confirma-morte-de-ministro-teori-zavaski-em-acidente\\\/#webpage\"},\"articleSection\":\"Geral\"},{\"@type\":\"BreadcrumbList\",\"@id\":\"https:\\\/\\\/www.jornalja.com.br\\\/arquivo\\\/bbc-confirma-morte-de-ministro-teori-zavaski-em-acidente\\\/#breadcrumblist\",\"itemListElement\":[{\"@type\":\"ListItem\",\"@id\":\"https:\\\/\\\/www.jornalja.com.br\\\/arquivo#listItem\",\"position\":1,\"name\":\"Home\",\"item\":\"https:\\\/\\\/www.jornalja.com.br\\\/arquivo\",\"nextItem\":{\"@type\":\"ListItem\",\"@id\":\"https:\\\/\\\/www.jornalja.com.br\\\/arquivo\\\/category\\\/geral\\\/#listItem\",\"name\":\"Geral\"}},{\"@type\":\"ListItem\",\"@id\":\"https:\\\/\\\/www.jornalja.com.br\\\/arquivo\\\/category\\\/geral\\\/#listItem\",\"position\":2,\"name\":\"Geral\",\"item\":\"https:\\\/\\\/www.jornalja.com.br\\\/arquivo\\\/category\\\/geral\\\/\",\"nextItem\":{\"@type\":\"ListItem\",\"@id\":\"https:\\\/\\\/www.jornalja.com.br\\\/arquivo\\\/bbc-confirma-morte-de-ministro-teori-zavaski-em-acidente\\\/#listItem\",\"name\":\"Confirmada a morte de ministro Teori Zavascki em acidente\"},\"previousItem\":{\"@type\":\"ListItem\",\"@id\":\"https:\\\/\\\/www.jornalja.com.br\\\/arquivo#listItem\",\"name\":\"Home\"}},{\"@type\":\"ListItem\",\"@id\":\"https:\\\/\\\/www.jornalja.com.br\\\/arquivo\\\/bbc-confirma-morte-de-ministro-teori-zavaski-em-acidente\\\/#listItem\",\"position\":3,\"name\":\"Confirmada a morte de ministro Teori Zavascki em acidente\",\"previousItem\":{\"@type\":\"ListItem\",\"@id\":\"https:\\\/\\\/www.jornalja.com.br\\\/arquivo\\\/category\\\/geral\\\/#listItem\",\"name\":\"Geral\"}}]},{\"@type\":\"Organization\",\"@id\":\"https:\\\/\\\/www.jornalja.com.br\\\/arquivo\\\/#organization\",\"name\":\"Jornal J\\u00c1\",\"description\":\"Jornal J\\u00c1 | Porto Alegre\",\"url\":\"https:\\\/\\\/www.jornalja.com.br\\\/arquivo\\\/\",\"telephone\":\"+555133307272\",\"logo\":{\"@type\":\"ImageObject\",\"url\":\"https:\\\/\\\/www.jornalja.com.br\\\/wp-content\\\/uploads\\\/cards\\\/JAslogan.png\",\"@id\":\"https:\\\/\\\/www.jornalja.com.br\\\/arquivo\\\/bbc-confirma-morte-de-ministro-teori-zavaski-em-acidente\\\/#organizationLogo\"},\"image\":{\"@id\":\"https:\\\/\\\/www.jornalja.com.br\\\/arquivo\\\/bbc-confirma-morte-de-ministro-teori-zavaski-em-acidente\\\/#organizationLogo\"}},{\"@type\":\"Person\",\"@id\":\"https:\\\/\\\/www.jornalja.com.br\\\/arquivo\\\/author\\\/daredacao\\\/#author\",\"url\":\"https:\\\/\\\/www.jornalja.com.br\\\/arquivo\\\/author\\\/daredacao\\\/\",\"name\":\"da Reda\\u00e7\\u00e3o\",\"image\":{\"@type\":\"ImageObject\",\"@id\":\"https:\\\/\\\/www.jornalja.com.br\\\/arquivo\\\/bbc-confirma-morte-de-ministro-teori-zavaski-em-acidente\\\/#authorImage\",\"url\":\"https:\\\/\\\/secure.gravatar.com\\\/avatar\\\/469fd857d6605ad19919d27ed29d35a968a25f6e8fd9318356bbb7f57aae9c65?s=96&d=mm&r=g\",\"width\":96,\"height\":96,\"caption\":\"da Reda\\u00e7\\u00e3o\"}},{\"@type\":\"WebPage\",\"@id\":\"https:\\\/\\\/www.jornalja.com.br\\\/arquivo\\\/bbc-confirma-morte-de-ministro-teori-zavaski-em-acidente\\\/#webpage\",\"url\":\"https:\\\/\\\/www.jornalja.com.br\\\/arquivo\\\/bbc-confirma-morte-de-ministro-teori-zavaski-em-acidente\\\/\",\"name\":\"Confirmada a morte de ministro Teori Zavascki em acidente | Arquivo\",\"inLanguage\":\"pt-BR\",\"isPartOf\":{\"@id\":\"https:\\\/\\\/www.jornalja.com.br\\\/arquivo\\\/#website\"},\"breadcrumb\":{\"@id\":\"https:\\\/\\\/www.jornalja.com.br\\\/arquivo\\\/bbc-confirma-morte-de-ministro-teori-zavaski-em-acidente\\\/#breadcrumblist\"},\"author\":{\"@id\":\"https:\\\/\\\/www.jornalja.com.br\\\/arquivo\\\/author\\\/daredacao\\\/#author\"},\"creator\":{\"@id\":\"https:\\\/\\\/www.jornalja.com.br\\\/arquivo\\\/author\\\/daredacao\\\/#author\"},\"image\":{\"@type\":\"ImageObject\",\"url\":43541,\"@id\":\"https:\\\/\\\/www.jornalja.com.br\\\/arquivo\\\/bbc-confirma-morte-de-ministro-teori-zavaski-em-acidente\\\/#mainImage\"},\"primaryImageOfPage\":{\"@id\":\"https:\\\/\\\/www.jornalja.com.br\\\/arquivo\\\/bbc-confirma-morte-de-ministro-teori-zavaski-em-acidente\\\/#mainImage\"},\"datePublished\":\"2017-01-19T17:18:45-02:00\",\"dateModified\":\"2017-01-19T17:18:45-02:00\"},{\"@type\":\"WebSite\",\"@id\":\"https:\\\/\\\/www.jornalja.com.br\\\/arquivo\\\/#website\",\"url\":\"https:\\\/\\\/www.jornalja.com.br\\\/arquivo\\\/\",\"name\":\"Arquivo\",\"description\":\"Jornal J\\u00c1 | Porto Alegre\",\"inLanguage\":\"pt-BR\",\"publisher\":{\"@id\":\"https:\\\/\\\/www.jornalja.com.br\\\/arquivo\\\/#organization\"}}]}\n\t\t<\/script>\n\t\t<!-- All in One SEO -->\n\n","aioseo_head_json":{"title":"Confirmada a morte de ministro Teori Zavascki em acidente | Arquivo","description":"","canonical_url":"https:\/\/www.jornalja.com.br\/arquivo\/bbc-confirma-morte-de-ministro-teori-zavaski-em-acidente\/","robots":"max-image-preview:large","keywords":"","webmasterTools":{"miscellaneous":""},"schema":{"@context":"https:\/\/schema.org","@graph":[{"@type":"BlogPosting","@id":"https:\/\/www.jornalja.com.br\/arquivo\/bbc-confirma-morte-de-ministro-teori-zavaski-em-acidente\/#blogposting","name":"Confirmada a morte de ministro Teori Zavascki em acidente | Arquivo","headline":"Confirmada a morte de ministro Teori Zavascki em acidente","author":{"@id":"https:\/\/www.jornalja.com.br\/arquivo\/author\/daredacao\/#author"},"publisher":{"@id":"https:\/\/www.jornalja.com.br\/arquivo\/#organization"},"image":{"@type":"ImageObject","url":43541},"datePublished":"2017-01-19T17:18:45-02:00","dateModified":"2017-01-19T17:18:45-02:00","inLanguage":"pt-BR","mainEntityOfPage":{"@id":"https:\/\/www.jornalja.com.br\/arquivo\/bbc-confirma-morte-de-ministro-teori-zavaski-em-acidente\/#webpage"},"isPartOf":{"@id":"https:\/\/www.jornalja.com.br\/arquivo\/bbc-confirma-morte-de-ministro-teori-zavaski-em-acidente\/#webpage"},"articleSection":"Geral"},{"@type":"BreadcrumbList","@id":"https:\/\/www.jornalja.com.br\/arquivo\/bbc-confirma-morte-de-ministro-teori-zavaski-em-acidente\/#breadcrumblist","itemListElement":[{"@type":"ListItem","@id":"https:\/\/www.jornalja.com.br\/arquivo#listItem","position":1,"name":"Home","item":"https:\/\/www.jornalja.com.br\/arquivo","nextItem":{"@type":"ListItem","@id":"https:\/\/www.jornalja.com.br\/arquivo\/category\/geral\/#listItem","name":"Geral"}},{"@type":"ListItem","@id":"https:\/\/www.jornalja.com.br\/arquivo\/category\/geral\/#listItem","position":2,"name":"Geral","item":"https:\/\/www.jornalja.com.br\/arquivo\/category\/geral\/","nextItem":{"@type":"ListItem","@id":"https:\/\/www.jornalja.com.br\/arquivo\/bbc-confirma-morte-de-ministro-teori-zavaski-em-acidente\/#listItem","name":"Confirmada a morte de ministro Teori Zavascki em acidente"},"previousItem":{"@type":"ListItem","@id":"https:\/\/www.jornalja.com.br\/arquivo#listItem","name":"Home"}},{"@type":"ListItem","@id":"https:\/\/www.jornalja.com.br\/arquivo\/bbc-confirma-morte-de-ministro-teori-zavaski-em-acidente\/#listItem","position":3,"name":"Confirmada a morte de ministro Teori Zavascki em acidente","previousItem":{"@type":"ListItem","@id":"https:\/\/www.jornalja.com.br\/arquivo\/category\/geral\/#listItem","name":"Geral"}}]},{"@type":"Organization","@id":"https:\/\/www.jornalja.com.br\/arquivo\/#organization","name":"Jornal J\u00c1","description":"Jornal J\u00c1 | Porto Alegre","url":"https:\/\/www.jornalja.com.br\/arquivo\/","telephone":"+555133307272","logo":{"@type":"ImageObject","url":"https:\/\/www.jornalja.com.br\/wp-content\/uploads\/cards\/JAslogan.png","@id":"https:\/\/www.jornalja.com.br\/arquivo\/bbc-confirma-morte-de-ministro-teori-zavaski-em-acidente\/#organizationLogo"},"image":{"@id":"https:\/\/www.jornalja.com.br\/arquivo\/bbc-confirma-morte-de-ministro-teori-zavaski-em-acidente\/#organizationLogo"}},{"@type":"Person","@id":"https:\/\/www.jornalja.com.br\/arquivo\/author\/daredacao\/#author","url":"https:\/\/www.jornalja.com.br\/arquivo\/author\/daredacao\/","name":"da Reda\u00e7\u00e3o","image":{"@type":"ImageObject","@id":"https:\/\/www.jornalja.com.br\/arquivo\/bbc-confirma-morte-de-ministro-teori-zavaski-em-acidente\/#authorImage","url":"https:\/\/secure.gravatar.com\/avatar\/469fd857d6605ad19919d27ed29d35a968a25f6e8fd9318356bbb7f57aae9c65?s=96&d=mm&r=g","width":96,"height":96,"caption":"da Reda\u00e7\u00e3o"}},{"@type":"WebPage","@id":"https:\/\/www.jornalja.com.br\/arquivo\/bbc-confirma-morte-de-ministro-teori-zavaski-em-acidente\/#webpage","url":"https:\/\/www.jornalja.com.br\/arquivo\/bbc-confirma-morte-de-ministro-teori-zavaski-em-acidente\/","name":"Confirmada a morte de ministro Teori Zavascki em acidente | Arquivo","inLanguage":"pt-BR","isPartOf":{"@id":"https:\/\/www.jornalja.com.br\/arquivo\/#website"},"breadcrumb":{"@id":"https:\/\/www.jornalja.com.br\/arquivo\/bbc-confirma-morte-de-ministro-teori-zavaski-em-acidente\/#breadcrumblist"},"author":{"@id":"https:\/\/www.jornalja.com.br\/arquivo\/author\/daredacao\/#author"},"creator":{"@id":"https:\/\/www.jornalja.com.br\/arquivo\/author\/daredacao\/#author"},"image":{"@type":"ImageObject","url":43541,"@id":"https:\/\/www.jornalja.com.br\/arquivo\/bbc-confirma-morte-de-ministro-teori-zavaski-em-acidente\/#mainImage"},"primaryImageOfPage":{"@id":"https:\/\/www.jornalja.com.br\/arquivo\/bbc-confirma-morte-de-ministro-teori-zavaski-em-acidente\/#mainImage"},"datePublished":"2017-01-19T17:18:45-02:00","dateModified":"2017-01-19T17:18:45-02:00"},{"@type":"WebSite","@id":"https:\/\/www.jornalja.com.br\/arquivo\/#website","url":"https:\/\/www.jornalja.com.br\/arquivo\/","name":"Arquivo","description":"Jornal J\u00c1 | Porto Alegre","inLanguage":"pt-BR","publisher":{"@id":"https:\/\/www.jornalja.com.br\/arquivo\/#organization"}}]},"og:locale":"pt_BR","og:site_name":"Arquivo | Jornal J\u00c1 | Porto Alegre","og:type":"article","og:title":"Confirmada a morte de ministro Teori Zavascki em acidente | Arquivo","og:url":"https:\/\/www.jornalja.com.br\/arquivo\/bbc-confirma-morte-de-ministro-teori-zavaski-em-acidente\/","og:image":"https:\/\/ichef.bbci.co.uk\/news\/624\/cpsprodpb\/2979\/production\/_93671601_zavascki1.jpg","og:image:secure_url":"https:\/\/ichef.bbci.co.uk\/news\/624\/cpsprodpb\/2979\/production\/_93671601_zavascki1.jpg","article:published_time":"2017-01-19T20:18:45+00:00","article:modified_time":"2017-01-19T20:18:45+00:00","twitter:card":"summary","twitter:title":"Confirmada a morte de ministro Teori Zavascki em acidente | Arquivo","twitter:image":"https:\/\/www.jornalja.com.br\/economics\/wp-content\/uploads\/sites\/11\/2026\/08\/ja-folhaderosto-facebook.jpg"},"aioseo_meta_data":{"post_id":"43538","title":null,"description":null,"keywords":null,"keyphrases":null,"primary_term":null,"canonical_url":null,"og_title":null,"og_description":null,"og_object_type":"default","og_image_type":"default","og_image_url":null,"og_image_width":null,"og_image_height":null,"og_image_custom_url":null,"og_image_custom_fields":null,"og_video":null,"og_custom_url":null,"og_article_section":null,"og_article_tags":null,"twitter_use_og":false,"twitter_card":"default","twitter_image_type":"default","twitter_image_url":null,"twitter_image_custom_url":null,"twitter_image_custom_fields":null,"twitter_title":null,"twitter_description":null,"schema":{"blockGraphs":[],"customGraphs":[],"default":{"data":{"Article":[],"Course":[],"Dataset":[],"FAQPage":[],"Movie":[],"Person":[],"Product":[],"ProductReview":[],"Car":[],"Recipe":[],"Service":[],"SoftwareApplication":[],"WebPage":[]},"graphName":"","isEnabled":true},"graphs":[],"defaultGraph":"","defaultPostTypeGraph":""},"schema_type":null,"schema_type_options":null,"pillar_content":false,"robots_default":true,"robots_noindex":false,"robots_noarchive":false,"robots_nosnippet":false,"robots_nofollow":false,"robots_noimageindex":false,"robots_noodp":false,"robots_notranslate":false,"robots_max_snippet":null,"robots_max_videopreview":null,"robots_max_imagepreview":"large","priority":null,"frequency":null,"location":null,"local_seo":null,"breadcrumb_settings":null,"limit_modified_date":false,"ai":null,"created":"2020-12-20 20:41:47","updated":"2025-07-19 19:22:32","seo_analyzer_scan_date":null,"focus_keyword":null,"additional_keywords":null,"truseo_locale":null},"jetpack_sharing_enabled":true,"jetpack-related-posts":[{"id":13240,"url":"https:\/\/www.jornalja.com.br\/arquivo\/plano-diretor-estamos-construindo-o-caos\/","url_meta":{"origin":43538,"position":0},"title":"Plano diretor: &quot;Estamos construindo o caos&quot;","author":"Patr\u00edcia Marini","date":"26 de maio de 2014","format":false,"excerpt":"Desabafo que arquiteta Eliana Castilhos, delegada da Regi\u00e3o de Planejamento 1, postou nas redes sociais \u00e9 um testemunho do ambiente que se criou no Conselho do Plano Diretor de Porto Alegre, onde a aprova\u00e7\u00e3o de grandes empreendimentos \u00e9 empurrada guela abaixo dos conselheiros. Ao CMDUA Como delegada da Regi\u00e3o de\u2026","rel":"","context":"Em &quot;Geral&quot;","block_context":{"text":"Geral","link":"https:\/\/www.jornalja.com.br\/arquivo\/category\/geral\/"},"img":{"alt_text":"","src":"","width":0,"height":0},"classes":[]},{"id":14241,"url":"https:\/\/www.jornalja.com.br\/arquivo\/o-guaiba-nas-imagens-poeticas-de-achutti\/","url_meta":{"origin":43538,"position":1},"title":"O Gua\u00edba nas imagens po\u00e9ticas de Achutti","author":"da Reda\u00e7\u00e3o","date":"18 de junho de 2014","format":false,"excerpt":"Em \u201cO Gua\u00edba por Achutti\u201d \u2013 obra financiada via Minist\u00e9rio da Cultura, produ\u00e7\u00e3o executiva de Pedro Longhi, e Fl\u00e1vio Wild como designer \u2013, o fot\u00f3grafo revela a beleza e as mazelas de um espa\u00e7o aqu\u00e1tico de \u00e1guas sempre renovadas, cheio de hist\u00f3rias e lendas como as das cidades que foram\u2026","rel":"","context":"Em &quot;Cultura-Geral&quot;","block_context":{"text":"Cultura-Geral","link":"https:\/\/www.jornalja.com.br\/arquivo\/category\/materiasecundaria\/"},"img":{"alt_text":"","src":"","width":0,"height":0},"classes":[]},{"id":13124,"url":"https:\/\/www.jornalja.com.br\/arquivo\/sangue-latino-no-iecine\/","url_meta":{"origin":43538,"position":2},"title":"Sangue latino no IECINE","author":"da Reda\u00e7\u00e3o","date":"18 de maio de 2014","format":false,"excerpt":"Francisco Ribeiro O Instituto Estadual de Cinema (IECINE) tem a frente, desde abril \u00faltimo, um novo diretor, o cineasta colombiano Juan Zapata, 36, que substitui Luiz Alberto Cassol. Radicado h\u00e1 dez anos em Porto Alegre, Zapata tem diante de si o desafio de conduzir at\u00e9 o final do ano um\u2026","rel":"","context":"Em &quot;Cultura-Geral&quot;","block_context":{"text":"Cultura-Geral","link":"https:\/\/www.jornalja.com.br\/arquivo\/category\/materiasecundaria\/"},"img":{"alt_text":"","src":"","width":0,"height":0},"classes":[]}],"jetpack_shortlink":"https:\/\/wp.me\/pbQjBd-bke","jetpack_featured_media_url":"","_links":{"self":[{"href":"https:\/\/www.jornalja.com.br\/arquivo\/wp-json\/wp\/v2\/posts\/43538","targetHints":{"allow":["GET"]}}],"collection":[{"href":"https:\/\/www.jornalja.com.br\/arquivo\/wp-json\/wp\/v2\/posts"}],"about":[{"href":"https:\/\/www.jornalja.com.br\/arquivo\/wp-json\/wp\/v2\/types\/post"}],"author":[{"embeddable":true,"href":"https:\/\/www.jornalja.com.br\/arquivo\/wp-json\/wp\/v2\/users\/4"}],"replies":[{"embeddable":true,"href":"https:\/\/www.jornalja.com.br\/arquivo\/wp-json\/wp\/v2\/comments?post=43538"}],"version-history":[{"count":0,"href":"https:\/\/www.jornalja.com.br\/arquivo\/wp-json\/wp\/v2\/posts\/43538\/revisions"}],"wp:attachment":[{"href":"https:\/\/www.jornalja.com.br\/arquivo\/wp-json\/wp\/v2\/media?parent=43538"}],"wp:term":[{"taxonomy":"category","embeddable":true,"href":"https:\/\/www.jornalja.com.br\/arquivo\/wp-json\/wp\/v2\/categories?post=43538"},{"taxonomy":"post_tag","embeddable":true,"href":"https:\/\/www.jornalja.com.br\/arquivo\/wp-json\/wp\/v2\/tags?post=43538"}],"curies":[{"name":"wp","href":"https:\/\/api.w.org\/{rel}","templated":true}]}}