{"id":43652,"date":"2017-01-22T10:05:58","date_gmt":"2017-01-22T13:05:58","guid":{"rendered":"https:\/\/www.jornalja.com.br\/?p=43652"},"modified":"2017-01-22T10:05:58","modified_gmt":"2017-01-22T13:05:58","slug":"cercado-de-milionarios-trump-promete-devolver-poder-ao-povo","status":"publish","type":"post","link":"https:\/\/www.jornalja.com.br\/arquivo\/cercado-de-milionarios-trump-promete-devolver-poder-ao-povo\/","title":{"rendered":"Cercado de milion\u00e1rios, Trump promete devolver poder ao povo"},"content":{"rendered":"<p>O 45\u00ba. presidente dos Estados Unidos, o republicano Donald Trump, tomou posse com um discurso protecionista, nacionalista e populista, apontando para a defesa dos interesses do pa\u00eds, dos trabalhadores e da classe m\u00e9dia norte-americana, para os interesses comerciais de seu pa\u00eds e de suas pr\u00f3prias fronteiras. O mesmo discurso da campanha.<br \/>\nElogiou a postura do ex-presidente Barack Obama e sua mulher Michelle, dizendo que o casal foi \u201cmagn\u00edfico\u201d nas rela\u00e7\u00f5es e reuni\u00f5es relativas \u00e0 transmiss\u00e3o de cargo. Mas o elogio parou a\u00ed.<br \/>\nTrump abriu novo par\u00e1grafo e assumiu sua personalidade real: \u201cN\u00e3o estamos apenas transmitindo o poder de uma administra\u00e7\u00e3o a outra, ou de num partido para outro, estamos transferindo o poder de Washington, DC, e devolvendo para voc\u00eas, o povo.<br \/>\nPor tempo demais um pequeno grupo na capital da na\u00e7\u00e3o recebeu os louros do governo enquanto as pessoas pagaram pelo custo. Washington florescia, mas o povo n\u00e3o compartilhava de sua riqueza. Os pol\u00edticos prosperaram, mas o emprego sumiu e as fabricas fecharam\u201d, disse, sob aplausos.<br \/>\nEm outro momento, o bilion\u00e1rio do setor imobili\u00e1rio prometeu que \u201ctodas as decis\u00f5es\u201d relativas ao com\u00e9rcio ter\u00e3o apenas um objetivo: \u201cbeneficiar os americanos\u201d.<br \/>\nSegundo ele, a prote\u00e7\u00e3o vai levar o pa\u00eds \u201c\u00e0 maior prosperidade e for\u00e7a e os Estados Unidos v\u00e3o come\u00e7ar a vencer como nunca antes\u201d.\u00a0 Prometeu unir o mundo civilizado contra o terrorismo, \u201cque vamos erradicar da face da Terra\u201d.<br \/>\nO novo presidente disse que um novo lema \u201cvai governar\u201d o pa\u00eds: \u201cprimeiro os Estados Unidos, e primeiro os Estados Unidos\u201d. \u201c(Durante os \u00faltimo anos) defendemos as fronteiras de outras na\u00e7\u00f5es, e n\u00e3o defendemos as nossas\u201d, afirmou.<br \/>\n&nbsp;<br \/>\nMas discurso \u00e0 parte, somente a partir de agora vai ser poss\u00edvel diferenciar o que \u00e9 apenas discurso do que ser\u00e1 a pr\u00e1tica do governo Donald Trump.<br \/>\n&nbsp;<br \/>\nLuis\u00a0Fernando\u00a0Ayerbe, coordenador do Instituto de Estudos Econ\u00f4micos e Internacionais da Universidade Estadual Paulista (Unesp), lembra que, apesar de se comportar e se apresentar como um\u00a0outsider, na pr\u00e1tica o presidente \u201cest\u00e1 colocando nos cargos \u00a0principais da economia gente de Wall Street\u201d.<br \/>\n&nbsp;<br \/>\nO Conselho Nacional Econ\u00f4mico da Casa Branca vai ser comandado por Gary Cohn, presidente do banco de investimentos Goldman Sachs. Steven Mnuchin, que tamb\u00e9m vem da mesma institui\u00e7\u00e3o, \u00e9 o secret\u00e1rio do Tesouro. \u201cEle colocou milion\u00e1rios em diversos minist\u00e9rios. Tem uma equipe de pessoas oriundas dos setor empresarial, enquanto seu discurso apela para setores populares. \u00c9 uma contradi\u00e7\u00e3o, mas, no entanto, ele se elegeu com esse discurso de tentar se colocar contra a elite estabelecida\u201d, avalia Ayerbe.<br \/>\nApesar dos nomes trazidos do mercado financeiro, o que \u00e9 uma tentativa de dar credibilidade a seu governo, o problema \u00e9 que Trump est\u00e1 longe de convencer o establishment pol\u00edtico e econ\u00f4mico dos Estados Unidos.<br \/>\n\u201cO receio do establishment \u00e9 pelo estrago que ele pode causar, por incompet\u00eancia, improvisa\u00e7\u00e3o, falta de vis\u00e3o estrat\u00e9gica. Ele preocupa fundamentalmente os setores do establishment tradicional, representados pelos que se re\u00fanem em Davos, as chamadas elites org\u00e2nicas do capital. Trump, at\u00e9 o momento, \u00e9 imprevis\u00edvel, tem ainda que formar sua base, depois de se eleger gra\u00e7as a ele mesmo com um discurso competente e articulado.\u201d Como a imprevisibilidade ainda \u00e9 sua marca, paradoxalmente at\u00e9 mesmo as desconfian\u00e7as ele pode acabar superando. \u201cDe repente, ele se mostra um total pragm\u00e1tico, o que n\u00e3o se mostrou ainda. No entanto, ningu\u00e9m apostou nele, nem a m\u00eddia, nem Hollywood, nem os setores tradicionais, nem l\u00edderes econ\u00f4micos. Riram dele, subestimaram, e ele ganhou as elei\u00e7\u00f5es\u201d, lembra o professor.<br \/>\nPara ele, apesar dos calafrios que Donald Trump provoca em vastos setores da esquerda latino-americana, o republicano \u201cn\u00e3o far\u00e1 grande diferen\u00e7a\u201d em rela\u00e7\u00e3o \u00e0s pol\u00edticas atuais dos Estados Unidos. \u201cObama tamb\u00e9m era um falc\u00e3o, era do sistema, do establishment. N\u00e3o \u00e9 porque \u00e9 negro que \u00e9 de esquerda. As pessoas confundem isso. Obama foi um presidente assertivo, que potencializou o poder estadunidense.\u201d<br \/>\nAm\u00e9rica Latina<br \/>\nNa opini\u00e3o do professor, na Am\u00e9rica Latina, os pa\u00edses que mais devem se preocupar com o governo Trump, ironicamente, s\u00e3o os que t\u00eam acordo de livre-com\u00e9rcio com o Estados Unidos. E \u00e9 nesse ponto que Donald Trump demonstrou sua falta de tato, ou sua inexperi\u00eancia pol\u00edtica, ao \u201ccriar caso\u201d com o M\u00e9xico, pa\u00eds com o qual tem acordo e tem sido fiel aliado seu. \u201cEle mesmo gerou uma situa\u00e7\u00e3o desconfort\u00e1vel se posicionando dessa forma com o M\u00e9xico (ao propor a constru\u00e7\u00e3o do muro entre os dois pa\u00edses), e sem necessidade nenhuma.\u201d<br \/>\nDevido \u00e0 posi\u00e7\u00e3o comercial protecionista que vem apregoando no discurso, ao defender, por exemplo, que \u201ctodas as decis\u00f5es sobre com\u00e9rcio v\u00e3o beneficiar os americanos\u201d, Trump aponta para poss\u00edveis problemas que enfrentar\u00e3o os pa\u00edses que t\u00eam acordos comerciais com os Estados Unidos: al\u00e9m do M\u00e9xico, o Peru, o Chile e a Col\u00f4mbia. \u201cMas para Brasil, Argentina e Mercosul, n\u00e3o vai fazer grande diferen\u00e7a\u201d, avalia Ayerbe. Ele lembra que, por via das d\u00favidas, o presidente argentino, Mauricio Macri, j\u00e1 estabeleceu v\u00e1rias pontes com membros da gest\u00e3o Trump.<br \/>\nDe resto, ao anunciar, em dezembro, o nome do general reformado James Mattis como secret\u00e1rio de Defesa de seu governo, Trump provocou mais calafrios. Apelidado de &#8220;Mad\u00a0Dog&#8221; (Cachorro Louco), Mattis \u00e9 um militar linha dura, como um John Wayne do Ex\u00e9rcito: comandou uma divis\u00e3o que invadiu o Iraque em 2003. No governo Obama, ele foi chefe do Comando Central, incumbido das opera\u00e7\u00f5es no Oriente M\u00e9dio.<br \/>\nNo entanto, apesar do \u201cCachorro Louco\u201d, do ponto de vista da seguran\u00e7a, \u201cTrump tende a ser um presidente pouco invasivo, n\u00e3o intervencionista\u201d, avalia Ayerbe. \u201cO discurso dele \u00e9 mais dos Estados Unidos se voltarem a seus pr\u00f3prios interesses, e n\u00e3o se envolver em quest\u00f5es que n\u00e3o fazem grande diferen\u00e7a para eles.\u201d<br \/>\nInternamente \u00e9 outra quest\u00e3o. Hoje, a pol\u00edcia de Washington DC informou que cerca de 90 pessoas foram presas em protestos contra Donald Trump. E ao menos dois policiais ficaram feridos.<br \/>\nNa realidade, com Trump, aparentemente os Estados Unidos continuar\u00e3o a ser o que sempre foram, com Bush ou Obama. O que vai ser realmente seu governo ainda \u00e9 uma inc\u00f3gnita. \u201cH\u00e1 muitas quest\u00f5es que s\u00f3 v\u00e3o ser esclarecidas a partir de agora\u201d, diz Ayerbe.<br \/>\n(Com Rede Brasil Atual)<\/p>\n","protected":false},"excerpt":{"rendered":"<p>O 45\u00ba. presidente dos Estados Unidos, o republicano Donald Trump, tomou posse com um discurso protecionista, nacionalista e populista, apontando para a defesa dos interesses do pa\u00eds, dos trabalhadores e da classe m\u00e9dia norte-americana, para os interesses comerciais de seu pa\u00eds e de suas pr\u00f3prias fronteiras. O mesmo discurso da campanha. Elogiou a postura do [&hellip;]<\/p>\n","protected":false},"author":4,"featured_media":43655,"comment_status":"open","ping_status":"closed","sticky":false,"template":"","format":"standard","meta":{"_jetpack_newsletter_access":"","_jetpack_dont_email_post_to_subs":false,"_jetpack_newsletter_tier_id":0,"_jetpack_memberships_contains_paywalled_content":false,"_jetpack_feature_clip_id":0,"_jetpack_memberships_contains_paid_content":false,"footnotes":"","jetpack_post_was_ever_published":false},"categories":[26],"tags":[],"class_list":["post-43652","post","type-post","status-publish","format-standard","has-post-thumbnail","hentry","category-geral"],"aioseo_notices":[],"aioseo_head":"\n\t\t<!-- All in One SEO 5.0.1.1 - aioseo.com -->\n\t<meta name=\"robots\" content=\"max-image-preview:large\" \/>\n\t<meta name=\"author\" content=\"da Reda\u00e7\u00e3o\"\/>\n\t<link rel=\"canonical\" href=\"https:\/\/www.jornalja.com.br\/arquivo\/cercado-de-milionarios-trump-promete-devolver-poder-ao-povo\/\" \/>\n\t<meta name=\"generator\" content=\"All in One SEO (AIOSEO) 5.0.1.1\" \/>\n\t\t<meta property=\"og:locale\" content=\"pt_BR\" \/>\n\t\t<meta property=\"og:site_name\" content=\"Arquivo | Jornal J\u00c1 | Porto Alegre\" \/>\n\t\t<meta property=\"og:type\" content=\"article\" \/>\n\t\t<meta property=\"og:title\" content=\"Cercado de milion\u00e1rios, Trump promete devolver poder ao povo | Arquivo\" \/>\n\t\t<meta property=\"og:url\" content=\"https:\/\/www.jornalja.com.br\/arquivo\/cercado-de-milionarios-trump-promete-devolver-poder-ao-povo\/\" \/>\n\t\t<meta property=\"og:image\" content=\"https:\/\/www.jornalja.com.br\/economics\/wp-content\/uploads\/sites\/11\/2026\/08\/ja-folhaderosto-facebook.jpg\" \/>\n\t\t<meta property=\"og:image:secure_url\" content=\"https:\/\/www.jornalja.com.br\/economics\/wp-content\/uploads\/sites\/11\/2026\/08\/ja-folhaderosto-facebook.jpg\" \/>\n\t\t<meta property=\"article:published_time\" content=\"2017-01-22T13:05:58+00:00\" \/>\n\t\t<meta property=\"article:modified_time\" content=\"2017-01-22T13:05:58+00:00\" \/>\n\t\t<meta name=\"twitter:card\" content=\"summary\" \/>\n\t\t<meta name=\"twitter:title\" content=\"Cercado de milion\u00e1rios, Trump promete devolver poder ao povo | Arquivo\" \/>\n\t\t<meta name=\"twitter:image\" content=\"https:\/\/www.jornalja.com.br\/economics\/wp-content\/uploads\/sites\/11\/2026\/08\/ja-folhaderosto-facebook.jpg\" \/>\n\t\t<script type=\"application\/ld+json\" class=\"aioseo-schema\">\n\t\t\t{\"@context\":\"https:\\\/\\\/schema.org\",\"@graph\":[{\"@type\":\"BlogPosting\",\"@id\":\"https:\\\/\\\/www.jornalja.com.br\\\/arquivo\\\/cercado-de-milionarios-trump-promete-devolver-poder-ao-povo\\\/#blogposting\",\"name\":\"Cercado de milion\\u00e1rios, Trump promete devolver poder ao povo | Arquivo\",\"headline\":\"Cercado de milion\\u00e1rios, Trump promete devolver poder ao povo\",\"author\":{\"@id\":\"https:\\\/\\\/www.jornalja.com.br\\\/arquivo\\\/author\\\/daredacao\\\/#author\"},\"publisher\":{\"@id\":\"https:\\\/\\\/www.jornalja.com.br\\\/arquivo\\\/#organization\"},\"image\":{\"@type\":\"ImageObject\",\"url\":43655},\"datePublished\":\"2017-01-22T10:05:58-02:00\",\"dateModified\":\"2017-01-22T10:05:58-02:00\",\"inLanguage\":\"pt-BR\",\"mainEntityOfPage\":{\"@id\":\"https:\\\/\\\/www.jornalja.com.br\\\/arquivo\\\/cercado-de-milionarios-trump-promete-devolver-poder-ao-povo\\\/#webpage\"},\"isPartOf\":{\"@id\":\"https:\\\/\\\/www.jornalja.com.br\\\/arquivo\\\/cercado-de-milionarios-trump-promete-devolver-poder-ao-povo\\\/#webpage\"},\"articleSection\":\"Geral\"},{\"@type\":\"BreadcrumbList\",\"@id\":\"https:\\\/\\\/www.jornalja.com.br\\\/arquivo\\\/cercado-de-milionarios-trump-promete-devolver-poder-ao-povo\\\/#breadcrumblist\",\"itemListElement\":[{\"@type\":\"ListItem\",\"@id\":\"https:\\\/\\\/www.jornalja.com.br\\\/arquivo#listItem\",\"position\":1,\"name\":\"Home\",\"item\":\"https:\\\/\\\/www.jornalja.com.br\\\/arquivo\",\"nextItem\":{\"@type\":\"ListItem\",\"@id\":\"https:\\\/\\\/www.jornalja.com.br\\\/arquivo\\\/category\\\/geral\\\/#listItem\",\"name\":\"Geral\"}},{\"@type\":\"ListItem\",\"@id\":\"https:\\\/\\\/www.jornalja.com.br\\\/arquivo\\\/category\\\/geral\\\/#listItem\",\"position\":2,\"name\":\"Geral\",\"item\":\"https:\\\/\\\/www.jornalja.com.br\\\/arquivo\\\/category\\\/geral\\\/\",\"nextItem\":{\"@type\":\"ListItem\",\"@id\":\"https:\\\/\\\/www.jornalja.com.br\\\/arquivo\\\/cercado-de-milionarios-trump-promete-devolver-poder-ao-povo\\\/#listItem\",\"name\":\"Cercado de milion\\u00e1rios, Trump promete devolver poder ao povo\"},\"previousItem\":{\"@type\":\"ListItem\",\"@id\":\"https:\\\/\\\/www.jornalja.com.br\\\/arquivo#listItem\",\"name\":\"Home\"}},{\"@type\":\"ListItem\",\"@id\":\"https:\\\/\\\/www.jornalja.com.br\\\/arquivo\\\/cercado-de-milionarios-trump-promete-devolver-poder-ao-povo\\\/#listItem\",\"position\":3,\"name\":\"Cercado de milion\\u00e1rios, Trump promete devolver poder ao povo\",\"previousItem\":{\"@type\":\"ListItem\",\"@id\":\"https:\\\/\\\/www.jornalja.com.br\\\/arquivo\\\/category\\\/geral\\\/#listItem\",\"name\":\"Geral\"}}]},{\"@type\":\"Organization\",\"@id\":\"https:\\\/\\\/www.jornalja.com.br\\\/arquivo\\\/#organization\",\"name\":\"Jornal J\\u00c1\",\"description\":\"Jornal J\\u00c1 | Porto Alegre\",\"url\":\"https:\\\/\\\/www.jornalja.com.br\\\/arquivo\\\/\",\"telephone\":\"+555133307272\",\"logo\":{\"@type\":\"ImageObject\",\"url\":\"https:\\\/\\\/www.jornalja.com.br\\\/wp-content\\\/uploads\\\/cards\\\/JAslogan.png\",\"@id\":\"https:\\\/\\\/www.jornalja.com.br\\\/arquivo\\\/cercado-de-milionarios-trump-promete-devolver-poder-ao-povo\\\/#organizationLogo\"},\"image\":{\"@id\":\"https:\\\/\\\/www.jornalja.com.br\\\/arquivo\\\/cercado-de-milionarios-trump-promete-devolver-poder-ao-povo\\\/#organizationLogo\"}},{\"@type\":\"Person\",\"@id\":\"https:\\\/\\\/www.jornalja.com.br\\\/arquivo\\\/author\\\/daredacao\\\/#author\",\"url\":\"https:\\\/\\\/www.jornalja.com.br\\\/arquivo\\\/author\\\/daredacao\\\/\",\"name\":\"da Reda\\u00e7\\u00e3o\",\"image\":{\"@type\":\"ImageObject\",\"@id\":\"https:\\\/\\\/www.jornalja.com.br\\\/arquivo\\\/cercado-de-milionarios-trump-promete-devolver-poder-ao-povo\\\/#authorImage\",\"url\":\"https:\\\/\\\/secure.gravatar.com\\\/avatar\\\/469fd857d6605ad19919d27ed29d35a968a25f6e8fd9318356bbb7f57aae9c65?s=96&d=mm&r=g\",\"width\":96,\"height\":96,\"caption\":\"da Reda\\u00e7\\u00e3o\"}},{\"@type\":\"WebPage\",\"@id\":\"https:\\\/\\\/www.jornalja.com.br\\\/arquivo\\\/cercado-de-milionarios-trump-promete-devolver-poder-ao-povo\\\/#webpage\",\"url\":\"https:\\\/\\\/www.jornalja.com.br\\\/arquivo\\\/cercado-de-milionarios-trump-promete-devolver-poder-ao-povo\\\/\",\"name\":\"Cercado de milion\\u00e1rios, Trump promete devolver poder ao povo | Arquivo\",\"inLanguage\":\"pt-BR\",\"isPartOf\":{\"@id\":\"https:\\\/\\\/www.jornalja.com.br\\\/arquivo\\\/#website\"},\"breadcrumb\":{\"@id\":\"https:\\\/\\\/www.jornalja.com.br\\\/arquivo\\\/cercado-de-milionarios-trump-promete-devolver-poder-ao-povo\\\/#breadcrumblist\"},\"author\":{\"@id\":\"https:\\\/\\\/www.jornalja.com.br\\\/arquivo\\\/author\\\/daredacao\\\/#author\"},\"creator\":{\"@id\":\"https:\\\/\\\/www.jornalja.com.br\\\/arquivo\\\/author\\\/daredacao\\\/#author\"},\"image\":{\"@type\":\"ImageObject\",\"url\":43655,\"@id\":\"https:\\\/\\\/www.jornalja.com.br\\\/arquivo\\\/cercado-de-milionarios-trump-promete-devolver-poder-ao-povo\\\/#mainImage\"},\"primaryImageOfPage\":{\"@id\":\"https:\\\/\\\/www.jornalja.com.br\\\/arquivo\\\/cercado-de-milionarios-trump-promete-devolver-poder-ao-povo\\\/#mainImage\"},\"datePublished\":\"2017-01-22T10:05:58-02:00\",\"dateModified\":\"2017-01-22T10:05:58-02:00\"},{\"@type\":\"WebSite\",\"@id\":\"https:\\\/\\\/www.jornalja.com.br\\\/arquivo\\\/#website\",\"url\":\"https:\\\/\\\/www.jornalja.com.br\\\/arquivo\\\/\",\"name\":\"Arquivo\",\"description\":\"Jornal J\\u00c1 | Porto Alegre\",\"inLanguage\":\"pt-BR\",\"publisher\":{\"@id\":\"https:\\\/\\\/www.jornalja.com.br\\\/arquivo\\\/#organization\"}}]}\n\t\t<\/script>\n\t\t<!-- All in One SEO -->\n\n","aioseo_head_json":{"title":"Cercado de milion\u00e1rios, Trump promete devolver poder ao povo | Arquivo","description":"","canonical_url":"https:\/\/www.jornalja.com.br\/arquivo\/cercado-de-milionarios-trump-promete-devolver-poder-ao-povo\/","robots":"max-image-preview:large","keywords":"","webmasterTools":{"miscellaneous":""},"schema":{"@context":"https:\/\/schema.org","@graph":[{"@type":"BlogPosting","@id":"https:\/\/www.jornalja.com.br\/arquivo\/cercado-de-milionarios-trump-promete-devolver-poder-ao-povo\/#blogposting","name":"Cercado de milion\u00e1rios, Trump promete devolver poder ao povo | Arquivo","headline":"Cercado de milion\u00e1rios, Trump promete devolver poder ao povo","author":{"@id":"https:\/\/www.jornalja.com.br\/arquivo\/author\/daredacao\/#author"},"publisher":{"@id":"https:\/\/www.jornalja.com.br\/arquivo\/#organization"},"image":{"@type":"ImageObject","url":43655},"datePublished":"2017-01-22T10:05:58-02:00","dateModified":"2017-01-22T10:05:58-02:00","inLanguage":"pt-BR","mainEntityOfPage":{"@id":"https:\/\/www.jornalja.com.br\/arquivo\/cercado-de-milionarios-trump-promete-devolver-poder-ao-povo\/#webpage"},"isPartOf":{"@id":"https:\/\/www.jornalja.com.br\/arquivo\/cercado-de-milionarios-trump-promete-devolver-poder-ao-povo\/#webpage"},"articleSection":"Geral"},{"@type":"BreadcrumbList","@id":"https:\/\/www.jornalja.com.br\/arquivo\/cercado-de-milionarios-trump-promete-devolver-poder-ao-povo\/#breadcrumblist","itemListElement":[{"@type":"ListItem","@id":"https:\/\/www.jornalja.com.br\/arquivo#listItem","position":1,"name":"Home","item":"https:\/\/www.jornalja.com.br\/arquivo","nextItem":{"@type":"ListItem","@id":"https:\/\/www.jornalja.com.br\/arquivo\/category\/geral\/#listItem","name":"Geral"}},{"@type":"ListItem","@id":"https:\/\/www.jornalja.com.br\/arquivo\/category\/geral\/#listItem","position":2,"name":"Geral","item":"https:\/\/www.jornalja.com.br\/arquivo\/category\/geral\/","nextItem":{"@type":"ListItem","@id":"https:\/\/www.jornalja.com.br\/arquivo\/cercado-de-milionarios-trump-promete-devolver-poder-ao-povo\/#listItem","name":"Cercado de milion\u00e1rios, Trump promete devolver poder ao povo"},"previousItem":{"@type":"ListItem","@id":"https:\/\/www.jornalja.com.br\/arquivo#listItem","name":"Home"}},{"@type":"ListItem","@id":"https:\/\/www.jornalja.com.br\/arquivo\/cercado-de-milionarios-trump-promete-devolver-poder-ao-povo\/#listItem","position":3,"name":"Cercado de milion\u00e1rios, Trump promete devolver poder ao povo","previousItem":{"@type":"ListItem","@id":"https:\/\/www.jornalja.com.br\/arquivo\/category\/geral\/#listItem","name":"Geral"}}]},{"@type":"Organization","@id":"https:\/\/www.jornalja.com.br\/arquivo\/#organization","name":"Jornal J\u00c1","description":"Jornal J\u00c1 | Porto Alegre","url":"https:\/\/www.jornalja.com.br\/arquivo\/","telephone":"+555133307272","logo":{"@type":"ImageObject","url":"https:\/\/www.jornalja.com.br\/wp-content\/uploads\/cards\/JAslogan.png","@id":"https:\/\/www.jornalja.com.br\/arquivo\/cercado-de-milionarios-trump-promete-devolver-poder-ao-povo\/#organizationLogo"},"image":{"@id":"https:\/\/www.jornalja.com.br\/arquivo\/cercado-de-milionarios-trump-promete-devolver-poder-ao-povo\/#organizationLogo"}},{"@type":"Person","@id":"https:\/\/www.jornalja.com.br\/arquivo\/author\/daredacao\/#author","url":"https:\/\/www.jornalja.com.br\/arquivo\/author\/daredacao\/","name":"da Reda\u00e7\u00e3o","image":{"@type":"ImageObject","@id":"https:\/\/www.jornalja.com.br\/arquivo\/cercado-de-milionarios-trump-promete-devolver-poder-ao-povo\/#authorImage","url":"https:\/\/secure.gravatar.com\/avatar\/469fd857d6605ad19919d27ed29d35a968a25f6e8fd9318356bbb7f57aae9c65?s=96&d=mm&r=g","width":96,"height":96,"caption":"da Reda\u00e7\u00e3o"}},{"@type":"WebPage","@id":"https:\/\/www.jornalja.com.br\/arquivo\/cercado-de-milionarios-trump-promete-devolver-poder-ao-povo\/#webpage","url":"https:\/\/www.jornalja.com.br\/arquivo\/cercado-de-milionarios-trump-promete-devolver-poder-ao-povo\/","name":"Cercado de milion\u00e1rios, Trump promete devolver poder ao povo | Arquivo","inLanguage":"pt-BR","isPartOf":{"@id":"https:\/\/www.jornalja.com.br\/arquivo\/#website"},"breadcrumb":{"@id":"https:\/\/www.jornalja.com.br\/arquivo\/cercado-de-milionarios-trump-promete-devolver-poder-ao-povo\/#breadcrumblist"},"author":{"@id":"https:\/\/www.jornalja.com.br\/arquivo\/author\/daredacao\/#author"},"creator":{"@id":"https:\/\/www.jornalja.com.br\/arquivo\/author\/daredacao\/#author"},"image":{"@type":"ImageObject","url":43655,"@id":"https:\/\/www.jornalja.com.br\/arquivo\/cercado-de-milionarios-trump-promete-devolver-poder-ao-povo\/#mainImage"},"primaryImageOfPage":{"@id":"https:\/\/www.jornalja.com.br\/arquivo\/cercado-de-milionarios-trump-promete-devolver-poder-ao-povo\/#mainImage"},"datePublished":"2017-01-22T10:05:58-02:00","dateModified":"2017-01-22T10:05:58-02:00"},{"@type":"WebSite","@id":"https:\/\/www.jornalja.com.br\/arquivo\/#website","url":"https:\/\/www.jornalja.com.br\/arquivo\/","name":"Arquivo","description":"Jornal J\u00c1 | Porto Alegre","inLanguage":"pt-BR","publisher":{"@id":"https:\/\/www.jornalja.com.br\/arquivo\/#organization"}}]},"og:locale":"pt_BR","og:site_name":"Arquivo | Jornal J\u00c1 | Porto Alegre","og:type":"article","og:title":"Cercado de milion\u00e1rios, Trump promete devolver poder ao povo | Arquivo","og:url":"https:\/\/www.jornalja.com.br\/arquivo\/cercado-de-milionarios-trump-promete-devolver-poder-ao-povo\/","og:image":"https:\/\/www.jornalja.com.br\/economics\/wp-content\/uploads\/sites\/11\/2026\/08\/ja-folhaderosto-facebook.jpg","og:image:secure_url":"https:\/\/www.jornalja.com.br\/economics\/wp-content\/uploads\/sites\/11\/2026\/08\/ja-folhaderosto-facebook.jpg","article:published_time":"2017-01-22T13:05:58+00:00","article:modified_time":"2017-01-22T13:05:58+00:00","twitter:card":"summary","twitter:title":"Cercado de milion\u00e1rios, Trump promete devolver poder ao povo | Arquivo","twitter:image":"https:\/\/www.jornalja.com.br\/economics\/wp-content\/uploads\/sites\/11\/2026\/08\/ja-folhaderosto-facebook.jpg"},"aioseo_meta_data":{"post_id":"43652","title":null,"description":null,"keywords":null,"keyphrases":null,"primary_term":null,"canonical_url":null,"og_title":null,"og_description":null,"og_object_type":"default","og_image_type":"default","og_image_url":null,"og_image_width":null,"og_image_height":null,"og_image_custom_url":null,"og_image_custom_fields":null,"og_video":null,"og_custom_url":null,"og_article_section":null,"og_article_tags":null,"twitter_use_og":false,"twitter_card":"default","twitter_image_type":"default","twitter_image_url":null,"twitter_image_custom_url":null,"twitter_image_custom_fields":null,"twitter_title":null,"twitter_description":null,"schema":{"blockGraphs":[],"customGraphs":[],"default":{"data":{"Article":[],"Course":[],"Dataset":[],"FAQPage":[],"Movie":[],"Person":[],"Product":[],"ProductReview":[],"Car":[],"Recipe":[],"Service":[],"SoftwareApplication":[],"WebPage":[]},"graphName":"","isEnabled":true},"graphs":[]},"schema_type":null,"schema_type_options":null,"pillar_content":false,"robots_default":true,"robots_noindex":false,"robots_noarchive":false,"robots_nosnippet":false,"robots_nofollow":false,"robots_noimageindex":false,"robots_noodp":false,"robots_notranslate":false,"robots_max_snippet":null,"robots_max_videopreview":null,"robots_max_imagepreview":"large","priority":null,"frequency":null,"location":null,"local_seo":null,"breadcrumb_settings":null,"limit_modified_date":false,"ai":null,"created":"2020-12-20 20:41:47","updated":"2025-07-19 19:31:06","seo_analyzer_scan_date":null,"focus_keyword":null,"additional_keywords":null,"truseo_locale":null},"jetpack_sharing_enabled":true,"jetpack-related-posts":[{"id":13128,"url":"https:\/\/www.jornalja.com.br\/arquivo\/maconha-terra-diz-que-uso-medicinal-e-desculpa\/","url_meta":{"origin":43652,"position":0},"title":"Maconha: Terra diz que uso medicinal \u00e9 desculpa","author":"Patr\u00edcia Marini","date":"4 de junho de 2014","format":false,"excerpt":"A condi\u00e7\u00e3o de pol\u00edtico, em \u00e9poca de campanha de campanha eleitoral, tira for\u00e7a do discurso do m\u00e9dico Osmar Terra contra a legaliza\u00e7\u00e3o da maconha. A tese dele de que a libera\u00e7\u00e3o vai ampliar exponencialmente o consumo \u00e9 discutivel, o consumo \u00e9 corrente. Mas seus alertas quanto aos riscos tem que\u2026","rel":"","context":"Em &quot;X.Categorias velhas&quot;","block_context":{"text":"X.Categorias velhas","link":"https:\/\/www.jornalja.com.br\/arquivo\/category\/x-categorias-velhas\/"},"img":{"alt_text":"","src":"","width":0,"height":0},"classes":[]},{"id":5440,"url":"https:\/\/www.jornalja.com.br\/arquivo\/casarao-da-venancio-destino-permanece-incerto\/","url_meta":{"origin":43652,"position":1},"title":"Estado ainda n\u00e3o sabe o que fazer com casar\u00e3o abandonado h\u00e1 20 anos","author":"Elmar Bones","date":"6 de julho de 2009","format":false,"excerpt":"O casar\u00e3o amarelo, numa esquina nobre de Porto Alegre (Ven\u00e2ncio Aires com Jo\u00e3o Pessoa), j\u00e1 abrigou uma escola. H\u00e1 duas d\u00e9cadas, pelo menos, est\u00e1 abandonado, porque seu propriet\u00e1rio, o governo do Estado do Rio Grande do Sul, n\u00e3o consegue achar um destino para ele. Planos n\u00e3o faltaram. O governador Ol\u00edvio\u2026","rel":"","context":"Em &quot;X.Categorias velhas&quot;","block_context":{"text":"X.Categorias velhas","link":"https:\/\/www.jornalja.com.br\/arquivo\/category\/x-categorias-velhas\/"},"img":{"alt_text":"geraldo1","src":"https:\/\/i0.wp.com\/www.jornalja.com.br\/wp-content\/uploads\/2009\/07\/geraldo1.jpg?resize=350%2C200&ssl=1","width":350,"height":200},"classes":[]},{"id":13240,"url":"https:\/\/www.jornalja.com.br\/arquivo\/plano-diretor-estamos-construindo-o-caos\/","url_meta":{"origin":43652,"position":2},"title":"Plano diretor: &quot;Estamos construindo o caos&quot;","author":"Patr\u00edcia Marini","date":"26 de maio de 2014","format":false,"excerpt":"Desabafo que arquiteta Eliana Castilhos, delegada da Regi\u00e3o de Planejamento 1, postou nas redes sociais \u00e9 um testemunho do ambiente que se criou no Conselho do Plano Diretor de Porto Alegre, onde a aprova\u00e7\u00e3o de grandes empreendimentos \u00e9 empurrada guela abaixo dos conselheiros. Ao CMDUA Como delegada da Regi\u00e3o de\u2026","rel":"","context":"Em &quot;Geral&quot;","block_context":{"text":"Geral","link":"https:\/\/www.jornalja.com.br\/arquivo\/category\/geral\/"},"img":{"alt_text":"","src":"","width":0,"height":0},"classes":[]},{"id":13109,"url":"https:\/\/www.jornalja.com.br\/arquivo\/judiciario-reconhece-poluicao-eletromagnetica\/","url_meta":{"origin":43652,"position":3},"title":"Judici\u00e1rio reconhece polui\u00e7\u00e3o eletromagn\u00e9tica","author":"Patr\u00edcia Marini","date":"16 de maio de 2014","format":false,"excerpt":"A\u00e7\u00e3o de duas associa\u00e7\u00f5es de moradores foi acolhida pelo Tribunal de Justi\u00e7a de S\u00e3o Paulo que. em decis\u00e3o in\u00e9dita, determinou a redu\u00e7\u00e3o do campo eletromagn\u00e9tico gerado pelas linhas de transmiss\u00e3o de energia que cortam os bairros City Boa\u00e7ava e Alto de Pinheiros. \u00c9 a primeira vez que um tribunal do\u2026","rel":"","context":"Em &quot;X.Categorias velhas&quot;","block_context":{"text":"X.Categorias velhas","link":"https:\/\/www.jornalja.com.br\/arquivo\/category\/x-categorias-velhas\/"},"img":{"alt_text":"","src":"","width":0,"height":0},"classes":[]},{"id":13124,"url":"https:\/\/www.jornalja.com.br\/arquivo\/sangue-latino-no-iecine\/","url_meta":{"origin":43652,"position":4},"title":"Sangue latino no IECINE","author":"da Reda\u00e7\u00e3o","date":"18 de maio de 2014","format":false,"excerpt":"Francisco Ribeiro O Instituto Estadual de Cinema (IECINE) tem a frente, desde abril \u00faltimo, um novo diretor, o cineasta colombiano Juan Zapata, 36, que substitui Luiz Alberto Cassol. Radicado h\u00e1 dez anos em Porto Alegre, Zapata tem diante de si o desafio de conduzir at\u00e9 o final do ano um\u2026","rel":"","context":"Em &quot;Cultura-Geral&quot;","block_context":{"text":"Cultura-Geral","link":"https:\/\/www.jornalja.com.br\/arquivo\/category\/materiasecundaria\/"},"img":{"alt_text":"","src":"","width":0,"height":0},"classes":[]},{"id":13101,"url":"https:\/\/www.jornalja.com.br\/arquivo\/morre-um-guerreiro-do-texto\/","url_meta":{"origin":43652,"position":5},"title":"Morre um guerreiro do texto","author":"Patr\u00edcia Marini","date":"14 de maio de 2014","format":false,"excerpt":"Por Ricardo Kotscho Reproduzido do blog do autor, 11\/5\/2014; t\u00edtulo original \u201cE l\u00e1 se foi o nosso Myltainho, guerreiro do texto\u201d. Mi\u00fado e franzino, meu amigo Myltainho era um valente e inconformado guerreiro na luta contra as injusti\u00e7as sociais, a hipocrisia, as maracutaias, o autoritarismo, a intoler\u00e2ncia, a viol\u00eancia, o\u2026","rel":"","context":"Em &quot;Geral&quot;","block_context":{"text":"Geral","link":"https:\/\/www.jornalja.com.br\/arquivo\/category\/geral\/"},"img":{"alt_text":"","src":"","width":0,"height":0},"classes":[]}],"jetpack_shortlink":"https:\/\/wp.me\/pbQjBd-bm4","jetpack_featured_media_url":"","_links":{"self":[{"href":"https:\/\/www.jornalja.com.br\/arquivo\/wp-json\/wp\/v2\/posts\/43652","targetHints":{"allow":["GET"]}}],"collection":[{"href":"https:\/\/www.jornalja.com.br\/arquivo\/wp-json\/wp\/v2\/posts"}],"about":[{"href":"https:\/\/www.jornalja.com.br\/arquivo\/wp-json\/wp\/v2\/types\/post"}],"author":[{"embeddable":true,"href":"https:\/\/www.jornalja.com.br\/arquivo\/wp-json\/wp\/v2\/users\/4"}],"replies":[{"embeddable":true,"href":"https:\/\/www.jornalja.com.br\/arquivo\/wp-json\/wp\/v2\/comments?post=43652"}],"version-history":[{"count":0,"href":"https:\/\/www.jornalja.com.br\/arquivo\/wp-json\/wp\/v2\/posts\/43652\/revisions"}],"wp:attachment":[{"href":"https:\/\/www.jornalja.com.br\/arquivo\/wp-json\/wp\/v2\/media?parent=43652"}],"wp:term":[{"taxonomy":"category","embeddable":true,"href":"https:\/\/www.jornalja.com.br\/arquivo\/wp-json\/wp\/v2\/categories?post=43652"},{"taxonomy":"post_tag","embeddable":true,"href":"https:\/\/www.jornalja.com.br\/arquivo\/wp-json\/wp\/v2\/tags?post=43652"}],"curies":[{"name":"wp","href":"https:\/\/api.w.org\/{rel}","templated":true}]}}