{"id":43685,"date":"2017-01-23T19:16:27","date_gmt":"2017-01-23T22:16:27","guid":{"rendered":"https:\/\/www.jornalja.com.br\/?p=43685"},"modified":"2017-01-23T19:16:27","modified_gmt":"2017-01-23T22:16:27","slug":"duas-frentes-investigam-causa-da-queda-do-aviao-em-paraty","status":"publish","type":"post","link":"https:\/\/www.jornalja.com.br\/arquivo\/duas-frentes-investigam-causa-da-queda-do-aviao-em-paraty\/","title":{"rendered":"Duas frentes investigam causa da queda do avi\u00e3o em Paraty"},"content":{"rendered":"<p>Duas equipes de peritos da Aeron\u00e1utica buscam as causas da queda do avi\u00e3o \u2013 em Brasilia, onde est\u00e1 o gravador de voz recolhido por mergulhadores, e no Gale\u00e3o no Rio, onde est\u00e3o os destro\u00e7os do avi\u00e3o, retirados do fundo do mar. N\u00e3o se tem qualquer informa\u00e7\u00e3o a respeito dessse trabalho, por enquanto.<br \/>\nDe uma terceira frente, na Pol\u00edcia Federal, se sabe menos ainda. Investiga se o ministro era seguido, seu telefone rastreado, a movimenta\u00e7\u00e3o da aeronave nos \u00faltimos dias, quem buscou informa\u00e7\u00f5es sobre ela&#8230;<br \/>\nZavascki era distante e arredio ao mundo pol\u00edtico e isso era motivo de preocupa\u00e7\u00e3o, declarada por alguns dos envolvidos. Seria a raz\u00e3o das amea\u00e7as que ele e a fam\u00edlia recebiam.<br \/>\nUm de seus filhos informou que ele denunciou \u00e0 Pol\u00edcia Federal as amea\u00e7as, mas que os investigadores consideraram que n\u00e3o havia risco, seriam trotes.<br \/>\nS\u00f3 nos 77 depoimentos dos delatores da Odebrecht, em mais de 800 p\u00e1ginas h\u00e1 120 nomes de pol\u00edticos e altos funcion\u00e1rios citados.<br \/>\nDesde a primeira semana em Brasilia circulava informa\u00e7\u00e3o que Teori Zavascki ia homologar as dela\u00e7\u00f5es assim que voltasse de f\u00e9rias.<br \/>\nQuem vai substitu\u00ed-lo na Lava Jato e no STF?<br \/>\nAt\u00e9 agora, n\u00e3o se tem clareza sequer sobre os crit\u00e9rios que orientar\u00e3o a substitui\u00e7\u00e3o.<br \/>\nPela regra, o novo ministro para o STF \u00e9 indica\u00e7\u00e3o de Michel Temer, o o vice empossado presidente, cujo nome aparece 43 vezes nos pap\u00e9is que Teori iria homologar.<br \/>\nTemer, para afastar qualquer suspeita, j\u00e1 declarou que vai indicar o novo ministro s\u00f3 depois de nomeado o novo relator da Lava Jato, dentro do STF.<br \/>\nPelo crit\u00e9rio corrente, ele seria sorteado entre os titulares da segunda turma, que Teori integrava, com Gilmar Mendes, Celso de Mello, Ricardo Lewandowski e Dias Toffoli.<br \/>\nMas outros ministros j\u00e1 cogitaram que, por condi\u00e7\u00f5es especiais do processo, o sorteio ter\u00e1 que abranger todo o colegiado da suprema corte.<br \/>\nO jornal O Globo, citando \u201cfontes pr\u00f3ximas\u201d \u00e0 ministra C\u00e1rmen L\u00facia, noticiou no domingo que ela estaria inclinada a homologar imediatamente as dela\u00e7\u00f5es dos executivos da Odebrecht, medida que Teori se preparava para efetivar.<br \/>\nA urg\u00eancia da situa\u00e7\u00e3o justificaria a excepcionalidade da decis\u00e3o, que precisaria ser tomada at\u00e9 31 de janeiro, quando o STF volta \u00e0 sua rotina normal e a emerg\u00eancia n\u00e3o mais se justificaria.<br \/>\nNa manh\u00e3 desta segunda-feira o site do jornal registrava j\u00e1 as rea\u00e7\u00f5es de dentro do pr\u00f3prio STF, onde ministros, n\u00e3o citados, alegam que a homologa\u00e7\u00e3o em car\u00e1ter emergencial n\u00e3o seria regular e poderia dar margem a questionamentos no andamento dos processos.<br \/>\nEm entrevista \u00e0 r\u00e1dio Ga\u00facha, pouco depois, o ministro Celso de Mello evitou considera\u00e7\u00f5es sobre os aspectos jur\u00eddicos da homologa\u00e7\u00e3o por C\u00e1rmen L\u00facia.<br \/>\nDisse que, \u201cpelo que conhe\u00e7o dela\u201d, a ministra vai redistribuir o processo num sorteio, at\u00e9 porque a quest\u00e3o da homologa\u00e7\u00e3o \u201cn\u00e3o \u00e9 t\u00e3o urgente\u201d.<br \/>\nTudo indica, portanto, que a Lava Jato vai ficar em \u201ccompasso de espera\u201d por um tempo indefinido, que pode ser alguns dias, mas pode se estender a meses&#8230;<br \/>\nQuanto \u00e0 queda do avi\u00e3o, a incerteza n\u00e3o \u00e9 menor.<br \/>\nA hip\u00f3tese do acidente, tentadora, \u00e9 remota pelo que se sabe at\u00e9 agora, embora n\u00e3o possa ser descartada como reconhecem v\u00e1rios especialistas ouvidos pela imprensa.<br \/>\nO gravador de bordo j\u00e1 est\u00e1 desde o primeiro dia com os investigadores do Cenipa, da Aeron\u00e1utica, em Bras\u00edlia.<br \/>\nOs destro\u00e7os do avi\u00e3o, retirados do mar no final da tarde deste domingo, estar\u00e3o \u00e0 disposi\u00e7\u00e3o dos peritos a partir desta segunda-feira na Base A\u00e9rea do Gale\u00e3o, no Rio.<br \/>\nA expectativa \u00e9 de que um relat\u00f3rio saia esta semana.<br \/>\nCom o clima que j\u00e1 se criou, incluindo at\u00e9 perfis falsos divulgando mentiras nas redes sociais, dificilmente a conclus\u00e3o dos peritos ter\u00e1 for\u00e7a para calar as especula\u00e7\u00f5es.<br \/>\nAt\u00e9 porque ainda restam muitos pontos de d\u00favida sobre os movimentos que antecederam o embarque no avi\u00e3o que decolou do Campo de Marte em S\u00e3o Paulo \u00e0s 13h01 e caiu \u00e0s 13h45 no mar, a menos de dois quil\u00f4metros da pista de pouso em Paraty.<br \/>\nO site Not\u00edcias ao Minuto disse que a Pol\u00edcia Federal investiga se houve rastreamento do avi\u00e3o nos dias anteriores. Uma reprodu\u00e7\u00e3o da internet mostra uma pagina com informa\u00e7\u00f5es t\u00e9cnicas sobre aquele modelo de avi\u00e3o, com 1885 acesos em 15 dias. A pol\u00edcia federal n\u00e3o se manifestou.<\/p>\n","protected":false},"excerpt":{"rendered":"<p>Duas equipes de peritos da Aeron\u00e1utica buscam as causas da queda do avi\u00e3o \u2013 em Brasilia, onde est\u00e1 o gravador de voz recolhido por mergulhadores, e no Gale\u00e3o no Rio, onde est\u00e3o os destro\u00e7os do avi\u00e3o, retirados do fundo do mar. N\u00e3o se tem qualquer informa\u00e7\u00e3o a respeito dessse trabalho, por enquanto. De uma terceira [&hellip;]<\/p>\n","protected":false},"author":4,"featured_media":43687,"comment_status":"open","ping_status":"closed","sticky":false,"template":"","format":"standard","meta":{"_jetpack_newsletter_access":"","_jetpack_dont_email_post_to_subs":false,"_jetpack_newsletter_tier_id":0,"_jetpack_memberships_contains_paywalled_content":false,"_jetpack_feature_clip_id":0,"_jetpack_memberships_contains_paid_content":false,"footnotes":"","jetpack_post_was_ever_published":false},"categories":[26],"tags":[],"class_list":["post-43685","post","type-post","status-publish","format-standard","has-post-thumbnail","hentry","category-geral"],"aioseo_notices":[],"aioseo_head":"\n\t\t<!-- All in One SEO 5.0.1.1 - aioseo.com -->\n\t<meta name=\"robots\" content=\"max-image-preview:large\" \/>\n\t<meta name=\"author\" content=\"da Reda\u00e7\u00e3o\"\/>\n\t<link rel=\"canonical\" href=\"https:\/\/www.jornalja.com.br\/arquivo\/duas-frentes-investigam-causa-da-queda-do-aviao-em-paraty\/\" \/>\n\t<meta name=\"generator\" content=\"All in One SEO (AIOSEO) 5.0.1.1\" \/>\n\t\t<meta property=\"og:locale\" content=\"pt_BR\" \/>\n\t\t<meta property=\"og:site_name\" content=\"Arquivo | Jornal J\u00c1 | Porto Alegre\" \/>\n\t\t<meta property=\"og:type\" content=\"article\" \/>\n\t\t<meta property=\"og:title\" content=\"Duas frentes investigam causa da queda do avi\u00e3o em Paraty | Arquivo\" \/>\n\t\t<meta property=\"og:url\" content=\"https:\/\/www.jornalja.com.br\/arquivo\/duas-frentes-investigam-causa-da-queda-do-aviao-em-paraty\/\" \/>\n\t\t<meta property=\"og:image\" content=\"https:\/\/www.jornalja.com.br\/economics\/wp-content\/uploads\/sites\/11\/2026\/08\/ja-folhaderosto-facebook.jpg\" \/>\n\t\t<meta property=\"og:image:secure_url\" content=\"https:\/\/www.jornalja.com.br\/economics\/wp-content\/uploads\/sites\/11\/2026\/08\/ja-folhaderosto-facebook.jpg\" \/>\n\t\t<meta property=\"article:published_time\" content=\"2017-01-23T22:16:27+00:00\" \/>\n\t\t<meta property=\"article:modified_time\" content=\"2017-01-23T22:16:27+00:00\" \/>\n\t\t<meta name=\"twitter:card\" content=\"summary\" \/>\n\t\t<meta name=\"twitter:title\" content=\"Duas frentes investigam causa da queda do avi\u00e3o em Paraty | Arquivo\" \/>\n\t\t<meta name=\"twitter:image\" content=\"https:\/\/www.jornalja.com.br\/economics\/wp-content\/uploads\/sites\/11\/2026\/08\/ja-folhaderosto-facebook.jpg\" \/>\n\t\t<script type=\"application\/ld+json\" class=\"aioseo-schema\">\n\t\t\t{\"@context\":\"https:\\\/\\\/schema.org\",\"@graph\":[{\"@type\":\"BlogPosting\",\"@id\":\"https:\\\/\\\/www.jornalja.com.br\\\/arquivo\\\/duas-frentes-investigam-causa-da-queda-do-aviao-em-paraty\\\/#blogposting\",\"name\":\"Duas frentes investigam causa da queda do avi\\u00e3o em Paraty | Arquivo\",\"headline\":\"Duas frentes investigam causa da queda do avi\\u00e3o em Paraty\",\"author\":{\"@id\":\"https:\\\/\\\/www.jornalja.com.br\\\/arquivo\\\/author\\\/daredacao\\\/#author\"},\"publisher\":{\"@id\":\"https:\\\/\\\/www.jornalja.com.br\\\/arquivo\\\/#organization\"},\"image\":{\"@type\":\"ImageObject\",\"url\":43687},\"datePublished\":\"2017-01-23T19:16:27-02:00\",\"dateModified\":\"2017-01-23T19:16:27-02:00\",\"inLanguage\":\"pt-BR\",\"mainEntityOfPage\":{\"@id\":\"https:\\\/\\\/www.jornalja.com.br\\\/arquivo\\\/duas-frentes-investigam-causa-da-queda-do-aviao-em-paraty\\\/#webpage\"},\"isPartOf\":{\"@id\":\"https:\\\/\\\/www.jornalja.com.br\\\/arquivo\\\/duas-frentes-investigam-causa-da-queda-do-aviao-em-paraty\\\/#webpage\"},\"articleSection\":\"Geral\"},{\"@type\":\"BreadcrumbList\",\"@id\":\"https:\\\/\\\/www.jornalja.com.br\\\/arquivo\\\/duas-frentes-investigam-causa-da-queda-do-aviao-em-paraty\\\/#breadcrumblist\",\"itemListElement\":[{\"@type\":\"ListItem\",\"@id\":\"https:\\\/\\\/www.jornalja.com.br\\\/arquivo#listItem\",\"position\":1,\"name\":\"Home\",\"item\":\"https:\\\/\\\/www.jornalja.com.br\\\/arquivo\",\"nextItem\":{\"@type\":\"ListItem\",\"@id\":\"https:\\\/\\\/www.jornalja.com.br\\\/arquivo\\\/category\\\/geral\\\/#listItem\",\"name\":\"Geral\"}},{\"@type\":\"ListItem\",\"@id\":\"https:\\\/\\\/www.jornalja.com.br\\\/arquivo\\\/category\\\/geral\\\/#listItem\",\"position\":2,\"name\":\"Geral\",\"item\":\"https:\\\/\\\/www.jornalja.com.br\\\/arquivo\\\/category\\\/geral\\\/\",\"nextItem\":{\"@type\":\"ListItem\",\"@id\":\"https:\\\/\\\/www.jornalja.com.br\\\/arquivo\\\/duas-frentes-investigam-causa-da-queda-do-aviao-em-paraty\\\/#listItem\",\"name\":\"Duas frentes investigam causa da queda do avi\\u00e3o em Paraty\"},\"previousItem\":{\"@type\":\"ListItem\",\"@id\":\"https:\\\/\\\/www.jornalja.com.br\\\/arquivo#listItem\",\"name\":\"Home\"}},{\"@type\":\"ListItem\",\"@id\":\"https:\\\/\\\/www.jornalja.com.br\\\/arquivo\\\/duas-frentes-investigam-causa-da-queda-do-aviao-em-paraty\\\/#listItem\",\"position\":3,\"name\":\"Duas frentes investigam causa da queda do avi\\u00e3o em Paraty\",\"previousItem\":{\"@type\":\"ListItem\",\"@id\":\"https:\\\/\\\/www.jornalja.com.br\\\/arquivo\\\/category\\\/geral\\\/#listItem\",\"name\":\"Geral\"}}]},{\"@type\":\"Organization\",\"@id\":\"https:\\\/\\\/www.jornalja.com.br\\\/arquivo\\\/#organization\",\"name\":\"Jornal J\\u00c1\",\"description\":\"Jornal J\\u00c1 | Porto Alegre\",\"url\":\"https:\\\/\\\/www.jornalja.com.br\\\/arquivo\\\/\",\"telephone\":\"+555133307272\",\"logo\":{\"@type\":\"ImageObject\",\"url\":\"https:\\\/\\\/www.jornalja.com.br\\\/wp-content\\\/uploads\\\/cards\\\/JAslogan.png\",\"@id\":\"https:\\\/\\\/www.jornalja.com.br\\\/arquivo\\\/duas-frentes-investigam-causa-da-queda-do-aviao-em-paraty\\\/#organizationLogo\"},\"image\":{\"@id\":\"https:\\\/\\\/www.jornalja.com.br\\\/arquivo\\\/duas-frentes-investigam-causa-da-queda-do-aviao-em-paraty\\\/#organizationLogo\"}},{\"@type\":\"Person\",\"@id\":\"https:\\\/\\\/www.jornalja.com.br\\\/arquivo\\\/author\\\/daredacao\\\/#author\",\"url\":\"https:\\\/\\\/www.jornalja.com.br\\\/arquivo\\\/author\\\/daredacao\\\/\",\"name\":\"da Reda\\u00e7\\u00e3o\",\"image\":{\"@type\":\"ImageObject\",\"@id\":\"https:\\\/\\\/www.jornalja.com.br\\\/arquivo\\\/duas-frentes-investigam-causa-da-queda-do-aviao-em-paraty\\\/#authorImage\",\"url\":\"https:\\\/\\\/secure.gravatar.com\\\/avatar\\\/469fd857d6605ad19919d27ed29d35a968a25f6e8fd9318356bbb7f57aae9c65?s=96&d=mm&r=g\",\"width\":96,\"height\":96,\"caption\":\"da Reda\\u00e7\\u00e3o\"}},{\"@type\":\"WebPage\",\"@id\":\"https:\\\/\\\/www.jornalja.com.br\\\/arquivo\\\/duas-frentes-investigam-causa-da-queda-do-aviao-em-paraty\\\/#webpage\",\"url\":\"https:\\\/\\\/www.jornalja.com.br\\\/arquivo\\\/duas-frentes-investigam-causa-da-queda-do-aviao-em-paraty\\\/\",\"name\":\"Duas frentes investigam causa da queda do avi\\u00e3o em Paraty | Arquivo\",\"inLanguage\":\"pt-BR\",\"isPartOf\":{\"@id\":\"https:\\\/\\\/www.jornalja.com.br\\\/arquivo\\\/#website\"},\"breadcrumb\":{\"@id\":\"https:\\\/\\\/www.jornalja.com.br\\\/arquivo\\\/duas-frentes-investigam-causa-da-queda-do-aviao-em-paraty\\\/#breadcrumblist\"},\"author\":{\"@id\":\"https:\\\/\\\/www.jornalja.com.br\\\/arquivo\\\/author\\\/daredacao\\\/#author\"},\"creator\":{\"@id\":\"https:\\\/\\\/www.jornalja.com.br\\\/arquivo\\\/author\\\/daredacao\\\/#author\"},\"image\":{\"@type\":\"ImageObject\",\"url\":43687,\"@id\":\"https:\\\/\\\/www.jornalja.com.br\\\/arquivo\\\/duas-frentes-investigam-causa-da-queda-do-aviao-em-paraty\\\/#mainImage\"},\"primaryImageOfPage\":{\"@id\":\"https:\\\/\\\/www.jornalja.com.br\\\/arquivo\\\/duas-frentes-investigam-causa-da-queda-do-aviao-em-paraty\\\/#mainImage\"},\"datePublished\":\"2017-01-23T19:16:27-02:00\",\"dateModified\":\"2017-01-23T19:16:27-02:00\"},{\"@type\":\"WebSite\",\"@id\":\"https:\\\/\\\/www.jornalja.com.br\\\/arquivo\\\/#website\",\"url\":\"https:\\\/\\\/www.jornalja.com.br\\\/arquivo\\\/\",\"name\":\"Arquivo\",\"description\":\"Jornal J\\u00c1 | Porto Alegre\",\"inLanguage\":\"pt-BR\",\"publisher\":{\"@id\":\"https:\\\/\\\/www.jornalja.com.br\\\/arquivo\\\/#organization\"}}]}\n\t\t<\/script>\n\t\t<!-- All in One SEO -->\n\n","aioseo_head_json":{"title":"Duas frentes investigam causa da queda do avi\u00e3o em Paraty | Arquivo","description":"","canonical_url":"https:\/\/www.jornalja.com.br\/arquivo\/duas-frentes-investigam-causa-da-queda-do-aviao-em-paraty\/","robots":"max-image-preview:large","keywords":"","webmasterTools":{"miscellaneous":""},"schema":{"@context":"https:\/\/schema.org","@graph":[{"@type":"BlogPosting","@id":"https:\/\/www.jornalja.com.br\/arquivo\/duas-frentes-investigam-causa-da-queda-do-aviao-em-paraty\/#blogposting","name":"Duas frentes investigam causa da queda do avi\u00e3o em Paraty | Arquivo","headline":"Duas frentes investigam causa da queda do avi\u00e3o em Paraty","author":{"@id":"https:\/\/www.jornalja.com.br\/arquivo\/author\/daredacao\/#author"},"publisher":{"@id":"https:\/\/www.jornalja.com.br\/arquivo\/#organization"},"image":{"@type":"ImageObject","url":43687},"datePublished":"2017-01-23T19:16:27-02:00","dateModified":"2017-01-23T19:16:27-02:00","inLanguage":"pt-BR","mainEntityOfPage":{"@id":"https:\/\/www.jornalja.com.br\/arquivo\/duas-frentes-investigam-causa-da-queda-do-aviao-em-paraty\/#webpage"},"isPartOf":{"@id":"https:\/\/www.jornalja.com.br\/arquivo\/duas-frentes-investigam-causa-da-queda-do-aviao-em-paraty\/#webpage"},"articleSection":"Geral"},{"@type":"BreadcrumbList","@id":"https:\/\/www.jornalja.com.br\/arquivo\/duas-frentes-investigam-causa-da-queda-do-aviao-em-paraty\/#breadcrumblist","itemListElement":[{"@type":"ListItem","@id":"https:\/\/www.jornalja.com.br\/arquivo#listItem","position":1,"name":"Home","item":"https:\/\/www.jornalja.com.br\/arquivo","nextItem":{"@type":"ListItem","@id":"https:\/\/www.jornalja.com.br\/arquivo\/category\/geral\/#listItem","name":"Geral"}},{"@type":"ListItem","@id":"https:\/\/www.jornalja.com.br\/arquivo\/category\/geral\/#listItem","position":2,"name":"Geral","item":"https:\/\/www.jornalja.com.br\/arquivo\/category\/geral\/","nextItem":{"@type":"ListItem","@id":"https:\/\/www.jornalja.com.br\/arquivo\/duas-frentes-investigam-causa-da-queda-do-aviao-em-paraty\/#listItem","name":"Duas frentes investigam causa da queda do avi\u00e3o em Paraty"},"previousItem":{"@type":"ListItem","@id":"https:\/\/www.jornalja.com.br\/arquivo#listItem","name":"Home"}},{"@type":"ListItem","@id":"https:\/\/www.jornalja.com.br\/arquivo\/duas-frentes-investigam-causa-da-queda-do-aviao-em-paraty\/#listItem","position":3,"name":"Duas frentes investigam causa da queda do avi\u00e3o em Paraty","previousItem":{"@type":"ListItem","@id":"https:\/\/www.jornalja.com.br\/arquivo\/category\/geral\/#listItem","name":"Geral"}}]},{"@type":"Organization","@id":"https:\/\/www.jornalja.com.br\/arquivo\/#organization","name":"Jornal J\u00c1","description":"Jornal J\u00c1 | Porto Alegre","url":"https:\/\/www.jornalja.com.br\/arquivo\/","telephone":"+555133307272","logo":{"@type":"ImageObject","url":"https:\/\/www.jornalja.com.br\/wp-content\/uploads\/cards\/JAslogan.png","@id":"https:\/\/www.jornalja.com.br\/arquivo\/duas-frentes-investigam-causa-da-queda-do-aviao-em-paraty\/#organizationLogo"},"image":{"@id":"https:\/\/www.jornalja.com.br\/arquivo\/duas-frentes-investigam-causa-da-queda-do-aviao-em-paraty\/#organizationLogo"}},{"@type":"Person","@id":"https:\/\/www.jornalja.com.br\/arquivo\/author\/daredacao\/#author","url":"https:\/\/www.jornalja.com.br\/arquivo\/author\/daredacao\/","name":"da Reda\u00e7\u00e3o","image":{"@type":"ImageObject","@id":"https:\/\/www.jornalja.com.br\/arquivo\/duas-frentes-investigam-causa-da-queda-do-aviao-em-paraty\/#authorImage","url":"https:\/\/secure.gravatar.com\/avatar\/469fd857d6605ad19919d27ed29d35a968a25f6e8fd9318356bbb7f57aae9c65?s=96&d=mm&r=g","width":96,"height":96,"caption":"da Reda\u00e7\u00e3o"}},{"@type":"WebPage","@id":"https:\/\/www.jornalja.com.br\/arquivo\/duas-frentes-investigam-causa-da-queda-do-aviao-em-paraty\/#webpage","url":"https:\/\/www.jornalja.com.br\/arquivo\/duas-frentes-investigam-causa-da-queda-do-aviao-em-paraty\/","name":"Duas frentes investigam causa da queda do avi\u00e3o em Paraty | Arquivo","inLanguage":"pt-BR","isPartOf":{"@id":"https:\/\/www.jornalja.com.br\/arquivo\/#website"},"breadcrumb":{"@id":"https:\/\/www.jornalja.com.br\/arquivo\/duas-frentes-investigam-causa-da-queda-do-aviao-em-paraty\/#breadcrumblist"},"author":{"@id":"https:\/\/www.jornalja.com.br\/arquivo\/author\/daredacao\/#author"},"creator":{"@id":"https:\/\/www.jornalja.com.br\/arquivo\/author\/daredacao\/#author"},"image":{"@type":"ImageObject","url":43687,"@id":"https:\/\/www.jornalja.com.br\/arquivo\/duas-frentes-investigam-causa-da-queda-do-aviao-em-paraty\/#mainImage"},"primaryImageOfPage":{"@id":"https:\/\/www.jornalja.com.br\/arquivo\/duas-frentes-investigam-causa-da-queda-do-aviao-em-paraty\/#mainImage"},"datePublished":"2017-01-23T19:16:27-02:00","dateModified":"2017-01-23T19:16:27-02:00"},{"@type":"WebSite","@id":"https:\/\/www.jornalja.com.br\/arquivo\/#website","url":"https:\/\/www.jornalja.com.br\/arquivo\/","name":"Arquivo","description":"Jornal J\u00c1 | Porto Alegre","inLanguage":"pt-BR","publisher":{"@id":"https:\/\/www.jornalja.com.br\/arquivo\/#organization"}}]},"og:locale":"pt_BR","og:site_name":"Arquivo | Jornal J\u00c1 | Porto Alegre","og:type":"article","og:title":"Duas frentes investigam causa da queda do avi\u00e3o em Paraty | Arquivo","og:url":"https:\/\/www.jornalja.com.br\/arquivo\/duas-frentes-investigam-causa-da-queda-do-aviao-em-paraty\/","og:image":"https:\/\/www.jornalja.com.br\/economics\/wp-content\/uploads\/sites\/11\/2026\/08\/ja-folhaderosto-facebook.jpg","og:image:secure_url":"https:\/\/www.jornalja.com.br\/economics\/wp-content\/uploads\/sites\/11\/2026\/08\/ja-folhaderosto-facebook.jpg","article:published_time":"2017-01-23T22:16:27+00:00","article:modified_time":"2017-01-23T22:16:27+00:00","twitter:card":"summary","twitter:title":"Duas frentes investigam causa da queda do avi\u00e3o em Paraty | Arquivo","twitter:image":"https:\/\/www.jornalja.com.br\/economics\/wp-content\/uploads\/sites\/11\/2026\/08\/ja-folhaderosto-facebook.jpg"},"aioseo_meta_data":{"post_id":"43685","title":null,"description":null,"keywords":null,"keyphrases":null,"primary_term":null,"canonical_url":null,"og_title":null,"og_description":null,"og_object_type":"default","og_image_type":"default","og_image_url":null,"og_image_width":null,"og_image_height":null,"og_image_custom_url":null,"og_image_custom_fields":null,"og_video":null,"og_custom_url":null,"og_article_section":null,"og_article_tags":null,"twitter_use_og":false,"twitter_card":"default","twitter_image_type":"default","twitter_image_url":null,"twitter_image_custom_url":null,"twitter_image_custom_fields":null,"twitter_title":null,"twitter_description":null,"schema":{"blockGraphs":[],"customGraphs":[],"default":{"data":{"Article":[],"Course":[],"Dataset":[],"FAQPage":[],"Movie":[],"Person":[],"Product":[],"ProductReview":[],"Car":[],"Recipe":[],"Service":[],"SoftwareApplication":[],"WebPage":[]},"graphName":"","isEnabled":true},"graphs":[],"defaultGraph":"","defaultPostTypeGraph":""},"schema_type":null,"schema_type_options":null,"pillar_content":false,"robots_default":true,"robots_noindex":false,"robots_noarchive":false,"robots_nosnippet":false,"robots_nofollow":false,"robots_noimageindex":false,"robots_noodp":false,"robots_notranslate":false,"robots_max_snippet":null,"robots_max_videopreview":null,"robots_max_imagepreview":"large","priority":null,"frequency":null,"location":null,"local_seo":null,"breadcrumb_settings":null,"limit_modified_date":false,"ai":null,"created":"2020-12-20 20:41:47","updated":"2025-07-19 19:31:06","seo_analyzer_scan_date":null,"focus_keyword":null,"additional_keywords":null,"truseo_locale":null},"jetpack_sharing_enabled":true,"jetpack-related-posts":[{"id":5440,"url":"https:\/\/www.jornalja.com.br\/arquivo\/casarao-da-venancio-destino-permanece-incerto\/","url_meta":{"origin":43685,"position":0},"title":"Estado ainda n\u00e3o sabe o que fazer com casar\u00e3o abandonado h\u00e1 20 anos","author":"Elmar Bones","date":"6 de julho de 2009","format":false,"excerpt":"O casar\u00e3o amarelo, numa esquina nobre de Porto Alegre (Ven\u00e2ncio Aires com Jo\u00e3o Pessoa), j\u00e1 abrigou uma escola. H\u00e1 duas d\u00e9cadas, pelo menos, est\u00e1 abandonado, porque seu propriet\u00e1rio, o governo do Estado do Rio Grande do Sul, n\u00e3o consegue achar um destino para ele. Planos n\u00e3o faltaram. O governador Ol\u00edvio\u2026","rel":"","context":"Em &quot;X.Categorias velhas&quot;","block_context":{"text":"X.Categorias velhas","link":"https:\/\/www.jornalja.com.br\/arquivo\/category\/x-categorias-velhas\/"},"img":{"alt_text":"geraldo1","src":"https:\/\/i0.wp.com\/www.jornalja.com.br\/wp-content\/uploads\/2009\/07\/geraldo1.jpg?resize=350%2C200&ssl=1","width":350,"height":200},"classes":[]},{"id":13109,"url":"https:\/\/www.jornalja.com.br\/arquivo\/judiciario-reconhece-poluicao-eletromagnetica\/","url_meta":{"origin":43685,"position":1},"title":"Judici\u00e1rio reconhece polui\u00e7\u00e3o eletromagn\u00e9tica","author":"Patr\u00edcia Marini","date":"16 de maio de 2014","format":false,"excerpt":"A\u00e7\u00e3o de duas associa\u00e7\u00f5es de moradores foi acolhida pelo Tribunal de Justi\u00e7a de S\u00e3o Paulo que. em decis\u00e3o in\u00e9dita, determinou a redu\u00e7\u00e3o do campo eletromagn\u00e9tico gerado pelas linhas de transmiss\u00e3o de energia que cortam os bairros City Boa\u00e7ava e Alto de Pinheiros. \u00c9 a primeira vez que um tribunal do\u2026","rel":"","context":"Em &quot;X.Categorias velhas&quot;","block_context":{"text":"X.Categorias velhas","link":"https:\/\/www.jornalja.com.br\/arquivo\/category\/x-categorias-velhas\/"},"img":{"alt_text":"","src":"","width":0,"height":0},"classes":[]},{"id":13128,"url":"https:\/\/www.jornalja.com.br\/arquivo\/maconha-terra-diz-que-uso-medicinal-e-desculpa\/","url_meta":{"origin":43685,"position":2},"title":"Maconha: Terra diz que uso medicinal \u00e9 desculpa","author":"Patr\u00edcia Marini","date":"4 de junho de 2014","format":false,"excerpt":"A condi\u00e7\u00e3o de pol\u00edtico, em \u00e9poca de campanha de campanha eleitoral, tira for\u00e7a do discurso do m\u00e9dico Osmar Terra contra a legaliza\u00e7\u00e3o da maconha. A tese dele de que a libera\u00e7\u00e3o vai ampliar exponencialmente o consumo \u00e9 discutivel, o consumo \u00e9 corrente. Mas seus alertas quanto aos riscos tem que\u2026","rel":"","context":"Em &quot;X.Categorias velhas&quot;","block_context":{"text":"X.Categorias velhas","link":"https:\/\/www.jornalja.com.br\/arquivo\/category\/x-categorias-velhas\/"},"img":{"alt_text":"","src":"","width":0,"height":0},"classes":[]},{"id":13240,"url":"https:\/\/www.jornalja.com.br\/arquivo\/plano-diretor-estamos-construindo-o-caos\/","url_meta":{"origin":43685,"position":3},"title":"Plano diretor: &quot;Estamos construindo o caos&quot;","author":"Patr\u00edcia Marini","date":"26 de maio de 2014","format":false,"excerpt":"Desabafo que arquiteta Eliana Castilhos, delegada da Regi\u00e3o de Planejamento 1, postou nas redes sociais \u00e9 um testemunho do ambiente que se criou no Conselho do Plano Diretor de Porto Alegre, onde a aprova\u00e7\u00e3o de grandes empreendimentos \u00e9 empurrada guela abaixo dos conselheiros. Ao CMDUA Como delegada da Regi\u00e3o de\u2026","rel":"","context":"Em &quot;Geral&quot;","block_context":{"text":"Geral","link":"https:\/\/www.jornalja.com.br\/arquivo\/category\/geral\/"},"img":{"alt_text":"","src":"","width":0,"height":0},"classes":[]},{"id":13124,"url":"https:\/\/www.jornalja.com.br\/arquivo\/sangue-latino-no-iecine\/","url_meta":{"origin":43685,"position":4},"title":"Sangue latino no IECINE","author":"da Reda\u00e7\u00e3o","date":"18 de maio de 2014","format":false,"excerpt":"Francisco Ribeiro O Instituto Estadual de Cinema (IECINE) tem a frente, desde abril \u00faltimo, um novo diretor, o cineasta colombiano Juan Zapata, 36, que substitui Luiz Alberto Cassol. Radicado h\u00e1 dez anos em Porto Alegre, Zapata tem diante de si o desafio de conduzir at\u00e9 o final do ano um\u2026","rel":"","context":"Em &quot;Cultura-Geral&quot;","block_context":{"text":"Cultura-Geral","link":"https:\/\/www.jornalja.com.br\/arquivo\/category\/materiasecundaria\/"},"img":{"alt_text":"","src":"","width":0,"height":0},"classes":[]},{"id":13101,"url":"https:\/\/www.jornalja.com.br\/arquivo\/morre-um-guerreiro-do-texto\/","url_meta":{"origin":43685,"position":5},"title":"Morre um guerreiro do texto","author":"Patr\u00edcia Marini","date":"14 de maio de 2014","format":false,"excerpt":"Por Ricardo Kotscho Reproduzido do blog do autor, 11\/5\/2014; t\u00edtulo original \u201cE l\u00e1 se foi o nosso Myltainho, guerreiro do texto\u201d. Mi\u00fado e franzino, meu amigo Myltainho era um valente e inconformado guerreiro na luta contra as injusti\u00e7as sociais, a hipocrisia, as maracutaias, o autoritarismo, a intoler\u00e2ncia, a viol\u00eancia, o\u2026","rel":"","context":"Em &quot;Geral&quot;","block_context":{"text":"Geral","link":"https:\/\/www.jornalja.com.br\/arquivo\/category\/geral\/"},"img":{"alt_text":"","src":"","width":0,"height":0},"classes":[]}],"jetpack_shortlink":"https:\/\/wp.me\/pbQjBd-bmB","jetpack_featured_media_url":"","_links":{"self":[{"href":"https:\/\/www.jornalja.com.br\/arquivo\/wp-json\/wp\/v2\/posts\/43685","targetHints":{"allow":["GET"]}}],"collection":[{"href":"https:\/\/www.jornalja.com.br\/arquivo\/wp-json\/wp\/v2\/posts"}],"about":[{"href":"https:\/\/www.jornalja.com.br\/arquivo\/wp-json\/wp\/v2\/types\/post"}],"author":[{"embeddable":true,"href":"https:\/\/www.jornalja.com.br\/arquivo\/wp-json\/wp\/v2\/users\/4"}],"replies":[{"embeddable":true,"href":"https:\/\/www.jornalja.com.br\/arquivo\/wp-json\/wp\/v2\/comments?post=43685"}],"version-history":[{"count":0,"href":"https:\/\/www.jornalja.com.br\/arquivo\/wp-json\/wp\/v2\/posts\/43685\/revisions"}],"wp:attachment":[{"href":"https:\/\/www.jornalja.com.br\/arquivo\/wp-json\/wp\/v2\/media?parent=43685"}],"wp:term":[{"taxonomy":"category","embeddable":true,"href":"https:\/\/www.jornalja.com.br\/arquivo\/wp-json\/wp\/v2\/categories?post=43685"},{"taxonomy":"post_tag","embeddable":true,"href":"https:\/\/www.jornalja.com.br\/arquivo\/wp-json\/wp\/v2\/tags?post=43685"}],"curies":[{"name":"wp","href":"https:\/\/api.w.org\/{rel}","templated":true}]}}