{"id":43690,"date":"2017-01-23T19:34:10","date_gmt":"2017-01-23T22:34:10","guid":{"rendered":"https:\/\/www.jornalja.com.br\/?p=43690"},"modified":"2017-01-23T19:34:10","modified_gmt":"2017-01-23T22:34:10","slug":"o-empresario-a-moca-o-ministro-por-que-estavam-la","status":"publish","type":"post","link":"https:\/\/www.jornalja.com.br\/arquivo\/o-empresario-a-moca-o-ministro-por-que-estavam-la\/","title":{"rendered":"O empres\u00e1rio, a mo\u00e7a, o ministro: por que estavam l\u00e1?"},"content":{"rendered":"<p>Dos cinco personagens a bordo do bimotor que caiu em Paraty, apenas dois t\u00eam uma motiva\u00e7\u00e3o clara para estarem onde estavam: o piloto Osmar Rodrigues, que dirigia o avi\u00e3o, e a professora Maria Ilda Panas, que acompanhava a filha.<br \/>\nO dono do avi\u00e3o, o empres\u00e1rio Carlos Alberto Filgueiras, de 69 anos, aparentemente estava ali apenas para desfrutar um fim de semana em sua mans\u00e3o na praia com um amigo. Agora sabe-se que havia algo mais.<br \/>\n&#8220;N\u00e3o fosse a trag\u00e9dia, n\u00e3o saber\u00edamos que um ministro do STF cultivava amizade \u00edntima com um empres\u00e1rio que tentou travar uma a\u00e7\u00e3o no STF. A mans\u00e3o de Carlos Alberto Filgueiras, para onde Teori ia naquela tarde, est\u00e1 no centro de uma acusa\u00e7\u00e3o de crime ambiental&#8221;, escreveu o jornalista Kiko Nogueira, do DCM.<br \/>\n&#8220;Filgueiras era s\u00f3cio do BTG Pactual na empresa Forte Mar Empreendimentos e Participa\u00e7\u00f5es, em cujo nome est\u00e1 o pr\u00e9dio ocupado pelo hotel Emiliano, em Copacabana, no Rio\u201d.<br \/>\n\u201cComo relator da Lava Jato, Teori libertou Andr\u00e9 Esteves, s\u00f3cio do BTG, em dezembro de 2015, determinando sua pris\u00e3o domiciliar. Em abril, permitiu que ele voltasse a trabalhar&#8221;, diz Nogueira.<br \/>\nUm jurista ouvido pelo DCM disse que &#8220;Teori Zavascki n\u00e3o era pass\u00edvel de ser corrompido\u201d. Mas admitiu que, eventualmente, o interessado em fazer tr\u00e1fico de influ\u00eancia n\u00e3o precisa negociar nada explicitamente. &#8220;Basta contar que foi com Teori para a praia&#8221;, afirma.<br \/>\nA presen\u00e7a de Maira Panas, de 23 anos, no avi\u00e3o, foi explicada numa nota da empresa de Filgueiras divulgada logo depois do desastre. Ela seria massoterapeuta e acompanhava o empres\u00e1rio que passava por uma crise ci\u00e1tica.<br \/>\nO jornal O Globo, que ouviu amigas da jovem, disse que ela era estudante de fisioterapia. Por medo, talvez, de incorrer em preconceito, ningu\u00e9m questionou esse ponto. Mas na p\u00e1gina de Maira no Facebook h\u00e1 in\u00fameras fotos e postagens sobre o que parecia ser sua paix\u00e3o, a dan\u00e7a, inclusive um show de dan\u00e7a do ventre na Lanterna, casa noturna da Vila Madalena. Nenhuma refer\u00eancia, por\u00e9m, sobre sua condi\u00e7\u00e3o de massoterapeuta ou fisioterapeuta&#8230;<br \/>\nA jornalista Luiza Pastor, amiga de muitos anos de Filgueiras, escreveu que ele &#8220;era um homem muito sozinho, embora vivesse rodeado de belas mulheres, daquele tipo que se disp\u00f5e a ser mero enfeite&#8221;. \u00a0Ele fazia aquele trajeto toda a semana e o avi\u00e3o, segundo a jornalista, era seu brinquedo preferido e ele tinha \u201cobsess\u00e3o por seguran\u00e7a\u201d.<br \/>\nPor fim, o ministro Teori Zavascki. Antecipou as f\u00e9rias, que passou no litoral ga\u00facho com a fam\u00edlia. Na antev\u00e9spera jantou com amigos num restaurante em Porto Alegre. Iria no dia seguinte para S\u00e3o Paulo e da\u00ed \u00a0para Bras\u00edlia, ainda n\u00e3o se esclareceu bem.<br \/>\nA viagem a Paraty n\u00e3o constava dos registros que a equipe de seguran\u00e7a do STF mant\u00e9m a respeito da movimenta\u00e7\u00e3o dos ministros.(Esta informa\u00e7\u00e3o n\u00e3o foi confirmada).<br \/>\nUm dos funcion\u00e1rios do Campo de Marte, aeroporto militar, de onde partiu o v\u00f4o, relatou que o avi\u00e3o esperou por ele cerca de uma hora.<br \/>\nIronicamente, s\u00f3 depois de morto Teori Zavascki, que faria 70 anos em agosto de 2017, teve sua prof\u00edcua carreira de homem p\u00fablico conhecida.<br \/>\nEmbora fosse o homem que tinha nas m\u00e3os o mais importante processo j\u00e1 movido contra a corrup\u00e7\u00e3o no Brasil, uma bomba at\u00f4mica pol\u00edtica, era praticamente um desconhecido, o que diz bastante de seu temperamento reservado, mas diz tamb\u00e9m da falta de rep\u00f3rteres.<br \/>\nDepois da trag\u00e9dia \u00e9 que foram atr\u00e1s dos parentes, dos amigos, dos colegas para mostrar alguma coisa do ministro. Resultou um perfil positivo, de um funcion\u00e1rio p\u00fablico, um magistrado exemplar.<br \/>\nMas at\u00e9 agora n\u00e3o foram esclarecidos dados importantes, n\u00e3o t\u00e3o positivos, mas talvez mais decisivos no que diz respeito \u00e0s investiga\u00e7\u00f5es.<\/p>\n","protected":false},"excerpt":{"rendered":"<p>Dos cinco personagens a bordo do bimotor que caiu em Paraty, apenas dois t\u00eam uma motiva\u00e7\u00e3o clara para estarem onde estavam: o piloto Osmar Rodrigues, que dirigia o avi\u00e3o, e a professora Maria Ilda Panas, que acompanhava a filha. O dono do avi\u00e3o, o empres\u00e1rio Carlos Alberto Filgueiras, de 69 anos, aparentemente estava ali apenas [&hellip;]<\/p>\n","protected":false},"author":4,"featured_media":43578,"comment_status":"open","ping_status":"closed","sticky":false,"template":"","format":"standard","meta":{"_jetpack_newsletter_access":"","_jetpack_dont_email_post_to_subs":false,"_jetpack_newsletter_tier_id":0,"_jetpack_memberships_contains_paywalled_content":false,"_jetpack_feature_clip_id":0,"_jetpack_memberships_contains_paid_content":false,"footnotes":"","jetpack_post_was_ever_published":false},"categories":[26],"tags":[],"class_list":["post-43690","post","type-post","status-publish","format-standard","has-post-thumbnail","hentry","category-geral"],"aioseo_notices":[],"aioseo_head":"\n\t\t<!-- All in One SEO 5.0.1.1 - aioseo.com -->\n\t<meta name=\"robots\" content=\"max-image-preview:large\" \/>\n\t<meta name=\"author\" content=\"da Reda\u00e7\u00e3o\"\/>\n\t<link rel=\"canonical\" href=\"https:\/\/www.jornalja.com.br\/arquivo\/o-empresario-a-moca-o-ministro-por-que-estavam-la\/\" \/>\n\t<meta name=\"generator\" content=\"All in One SEO (AIOSEO) 5.0.1.1\" \/>\n\t\t<meta property=\"og:locale\" content=\"pt_BR\" \/>\n\t\t<meta property=\"og:site_name\" content=\"Arquivo | Jornal J\u00c1 | Porto Alegre\" \/>\n\t\t<meta property=\"og:type\" content=\"article\" \/>\n\t\t<meta property=\"og:title\" content=\"O empres\u00e1rio, a mo\u00e7a, o ministro: por que estavam l\u00e1? | Arquivo\" \/>\n\t\t<meta property=\"og:url\" content=\"https:\/\/www.jornalja.com.br\/arquivo\/o-empresario-a-moca-o-ministro-por-que-estavam-la\/\" \/>\n\t\t<meta property=\"og:image\" content=\"https:\/\/www.jornalja.com.br\/economics\/wp-content\/uploads\/sites\/11\/2026\/08\/ja-folhaderosto-facebook.jpg\" \/>\n\t\t<meta property=\"og:image:secure_url\" content=\"https:\/\/www.jornalja.com.br\/economics\/wp-content\/uploads\/sites\/11\/2026\/08\/ja-folhaderosto-facebook.jpg\" \/>\n\t\t<meta property=\"article:published_time\" content=\"2017-01-23T22:34:10+00:00\" \/>\n\t\t<meta property=\"article:modified_time\" content=\"2017-01-23T22:34:10+00:00\" \/>\n\t\t<meta name=\"twitter:card\" content=\"summary\" \/>\n\t\t<meta name=\"twitter:title\" content=\"O empres\u00e1rio, a mo\u00e7a, o ministro: por que estavam l\u00e1? | Arquivo\" \/>\n\t\t<meta name=\"twitter:image\" content=\"https:\/\/www.jornalja.com.br\/economics\/wp-content\/uploads\/sites\/11\/2026\/08\/ja-folhaderosto-facebook.jpg\" \/>\n\t\t<script type=\"application\/ld+json\" class=\"aioseo-schema\">\n\t\t\t{\"@context\":\"https:\\\/\\\/schema.org\",\"@graph\":[{\"@type\":\"BlogPosting\",\"@id\":\"https:\\\/\\\/www.jornalja.com.br\\\/arquivo\\\/o-empresario-a-moca-o-ministro-por-que-estavam-la\\\/#blogposting\",\"name\":\"O empres\\u00e1rio, a mo\\u00e7a, o ministro: por que estavam l\\u00e1? | Arquivo\",\"headline\":\"O empres\\u00e1rio, a mo\\u00e7a, o ministro: por que estavam l\\u00e1?\",\"author\":{\"@id\":\"https:\\\/\\\/www.jornalja.com.br\\\/arquivo\\\/author\\\/daredacao\\\/#author\"},\"publisher\":{\"@id\":\"https:\\\/\\\/www.jornalja.com.br\\\/arquivo\\\/#organization\"},\"image\":{\"@type\":\"ImageObject\",\"url\":43578},\"datePublished\":\"2017-01-23T19:34:10-02:00\",\"dateModified\":\"2017-01-23T19:34:10-02:00\",\"inLanguage\":\"pt-BR\",\"mainEntityOfPage\":{\"@id\":\"https:\\\/\\\/www.jornalja.com.br\\\/arquivo\\\/o-empresario-a-moca-o-ministro-por-que-estavam-la\\\/#webpage\"},\"isPartOf\":{\"@id\":\"https:\\\/\\\/www.jornalja.com.br\\\/arquivo\\\/o-empresario-a-moca-o-ministro-por-que-estavam-la\\\/#webpage\"},\"articleSection\":\"Geral\"},{\"@type\":\"BreadcrumbList\",\"@id\":\"https:\\\/\\\/www.jornalja.com.br\\\/arquivo\\\/o-empresario-a-moca-o-ministro-por-que-estavam-la\\\/#breadcrumblist\",\"itemListElement\":[{\"@type\":\"ListItem\",\"@id\":\"https:\\\/\\\/www.jornalja.com.br\\\/arquivo#listItem\",\"position\":1,\"name\":\"Home\",\"item\":\"https:\\\/\\\/www.jornalja.com.br\\\/arquivo\",\"nextItem\":{\"@type\":\"ListItem\",\"@id\":\"https:\\\/\\\/www.jornalja.com.br\\\/arquivo\\\/category\\\/geral\\\/#listItem\",\"name\":\"Geral\"}},{\"@type\":\"ListItem\",\"@id\":\"https:\\\/\\\/www.jornalja.com.br\\\/arquivo\\\/category\\\/geral\\\/#listItem\",\"position\":2,\"name\":\"Geral\",\"item\":\"https:\\\/\\\/www.jornalja.com.br\\\/arquivo\\\/category\\\/geral\\\/\",\"nextItem\":{\"@type\":\"ListItem\",\"@id\":\"https:\\\/\\\/www.jornalja.com.br\\\/arquivo\\\/o-empresario-a-moca-o-ministro-por-que-estavam-la\\\/#listItem\",\"name\":\"O empres\\u00e1rio, a mo\\u00e7a, o ministro: por que estavam l\\u00e1?\"},\"previousItem\":{\"@type\":\"ListItem\",\"@id\":\"https:\\\/\\\/www.jornalja.com.br\\\/arquivo#listItem\",\"name\":\"Home\"}},{\"@type\":\"ListItem\",\"@id\":\"https:\\\/\\\/www.jornalja.com.br\\\/arquivo\\\/o-empresario-a-moca-o-ministro-por-que-estavam-la\\\/#listItem\",\"position\":3,\"name\":\"O empres\\u00e1rio, a mo\\u00e7a, o ministro: por que estavam l\\u00e1?\",\"previousItem\":{\"@type\":\"ListItem\",\"@id\":\"https:\\\/\\\/www.jornalja.com.br\\\/arquivo\\\/category\\\/geral\\\/#listItem\",\"name\":\"Geral\"}}]},{\"@type\":\"Organization\",\"@id\":\"https:\\\/\\\/www.jornalja.com.br\\\/arquivo\\\/#organization\",\"name\":\"Jornal J\\u00c1\",\"description\":\"Jornal J\\u00c1 | Porto Alegre\",\"url\":\"https:\\\/\\\/www.jornalja.com.br\\\/arquivo\\\/\",\"telephone\":\"+555133307272\",\"logo\":{\"@type\":\"ImageObject\",\"url\":\"https:\\\/\\\/www.jornalja.com.br\\\/wp-content\\\/uploads\\\/cards\\\/JAslogan.png\",\"@id\":\"https:\\\/\\\/www.jornalja.com.br\\\/arquivo\\\/o-empresario-a-moca-o-ministro-por-que-estavam-la\\\/#organizationLogo\"},\"image\":{\"@id\":\"https:\\\/\\\/www.jornalja.com.br\\\/arquivo\\\/o-empresario-a-moca-o-ministro-por-que-estavam-la\\\/#organizationLogo\"}},{\"@type\":\"Person\",\"@id\":\"https:\\\/\\\/www.jornalja.com.br\\\/arquivo\\\/author\\\/daredacao\\\/#author\",\"url\":\"https:\\\/\\\/www.jornalja.com.br\\\/arquivo\\\/author\\\/daredacao\\\/\",\"name\":\"da Reda\\u00e7\\u00e3o\",\"image\":{\"@type\":\"ImageObject\",\"@id\":\"https:\\\/\\\/www.jornalja.com.br\\\/arquivo\\\/o-empresario-a-moca-o-ministro-por-que-estavam-la\\\/#authorImage\",\"url\":\"https:\\\/\\\/secure.gravatar.com\\\/avatar\\\/469fd857d6605ad19919d27ed29d35a968a25f6e8fd9318356bbb7f57aae9c65?s=96&d=mm&r=g\",\"width\":96,\"height\":96,\"caption\":\"da Reda\\u00e7\\u00e3o\"}},{\"@type\":\"WebPage\",\"@id\":\"https:\\\/\\\/www.jornalja.com.br\\\/arquivo\\\/o-empresario-a-moca-o-ministro-por-que-estavam-la\\\/#webpage\",\"url\":\"https:\\\/\\\/www.jornalja.com.br\\\/arquivo\\\/o-empresario-a-moca-o-ministro-por-que-estavam-la\\\/\",\"name\":\"O empres\\u00e1rio, a mo\\u00e7a, o ministro: por que estavam l\\u00e1? | Arquivo\",\"inLanguage\":\"pt-BR\",\"isPartOf\":{\"@id\":\"https:\\\/\\\/www.jornalja.com.br\\\/arquivo\\\/#website\"},\"breadcrumb\":{\"@id\":\"https:\\\/\\\/www.jornalja.com.br\\\/arquivo\\\/o-empresario-a-moca-o-ministro-por-que-estavam-la\\\/#breadcrumblist\"},\"author\":{\"@id\":\"https:\\\/\\\/www.jornalja.com.br\\\/arquivo\\\/author\\\/daredacao\\\/#author\"},\"creator\":{\"@id\":\"https:\\\/\\\/www.jornalja.com.br\\\/arquivo\\\/author\\\/daredacao\\\/#author\"},\"image\":{\"@type\":\"ImageObject\",\"url\":43578,\"@id\":\"https:\\\/\\\/www.jornalja.com.br\\\/arquivo\\\/o-empresario-a-moca-o-ministro-por-que-estavam-la\\\/#mainImage\"},\"primaryImageOfPage\":{\"@id\":\"https:\\\/\\\/www.jornalja.com.br\\\/arquivo\\\/o-empresario-a-moca-o-ministro-por-que-estavam-la\\\/#mainImage\"},\"datePublished\":\"2017-01-23T19:34:10-02:00\",\"dateModified\":\"2017-01-23T19:34:10-02:00\"},{\"@type\":\"WebSite\",\"@id\":\"https:\\\/\\\/www.jornalja.com.br\\\/arquivo\\\/#website\",\"url\":\"https:\\\/\\\/www.jornalja.com.br\\\/arquivo\\\/\",\"name\":\"Arquivo\",\"description\":\"Jornal J\\u00c1 | Porto Alegre\",\"inLanguage\":\"pt-BR\",\"publisher\":{\"@id\":\"https:\\\/\\\/www.jornalja.com.br\\\/arquivo\\\/#organization\"}}]}\n\t\t<\/script>\n\t\t<!-- All in One SEO -->\n\n","aioseo_head_json":{"title":"O empres\u00e1rio, a mo\u00e7a, o ministro: por que estavam l\u00e1? | Arquivo","description":"","canonical_url":"https:\/\/www.jornalja.com.br\/arquivo\/o-empresario-a-moca-o-ministro-por-que-estavam-la\/","robots":"max-image-preview:large","keywords":"","webmasterTools":{"miscellaneous":""},"schema":{"@context":"https:\/\/schema.org","@graph":[{"@type":"BlogPosting","@id":"https:\/\/www.jornalja.com.br\/arquivo\/o-empresario-a-moca-o-ministro-por-que-estavam-la\/#blogposting","name":"O empres\u00e1rio, a mo\u00e7a, o ministro: por que estavam l\u00e1? | Arquivo","headline":"O empres\u00e1rio, a mo\u00e7a, o ministro: por que estavam l\u00e1?","author":{"@id":"https:\/\/www.jornalja.com.br\/arquivo\/author\/daredacao\/#author"},"publisher":{"@id":"https:\/\/www.jornalja.com.br\/arquivo\/#organization"},"image":{"@type":"ImageObject","url":43578},"datePublished":"2017-01-23T19:34:10-02:00","dateModified":"2017-01-23T19:34:10-02:00","inLanguage":"pt-BR","mainEntityOfPage":{"@id":"https:\/\/www.jornalja.com.br\/arquivo\/o-empresario-a-moca-o-ministro-por-que-estavam-la\/#webpage"},"isPartOf":{"@id":"https:\/\/www.jornalja.com.br\/arquivo\/o-empresario-a-moca-o-ministro-por-que-estavam-la\/#webpage"},"articleSection":"Geral"},{"@type":"BreadcrumbList","@id":"https:\/\/www.jornalja.com.br\/arquivo\/o-empresario-a-moca-o-ministro-por-que-estavam-la\/#breadcrumblist","itemListElement":[{"@type":"ListItem","@id":"https:\/\/www.jornalja.com.br\/arquivo#listItem","position":1,"name":"Home","item":"https:\/\/www.jornalja.com.br\/arquivo","nextItem":{"@type":"ListItem","@id":"https:\/\/www.jornalja.com.br\/arquivo\/category\/geral\/#listItem","name":"Geral"}},{"@type":"ListItem","@id":"https:\/\/www.jornalja.com.br\/arquivo\/category\/geral\/#listItem","position":2,"name":"Geral","item":"https:\/\/www.jornalja.com.br\/arquivo\/category\/geral\/","nextItem":{"@type":"ListItem","@id":"https:\/\/www.jornalja.com.br\/arquivo\/o-empresario-a-moca-o-ministro-por-que-estavam-la\/#listItem","name":"O empres\u00e1rio, a mo\u00e7a, o ministro: por que estavam l\u00e1?"},"previousItem":{"@type":"ListItem","@id":"https:\/\/www.jornalja.com.br\/arquivo#listItem","name":"Home"}},{"@type":"ListItem","@id":"https:\/\/www.jornalja.com.br\/arquivo\/o-empresario-a-moca-o-ministro-por-que-estavam-la\/#listItem","position":3,"name":"O empres\u00e1rio, a mo\u00e7a, o ministro: por que estavam l\u00e1?","previousItem":{"@type":"ListItem","@id":"https:\/\/www.jornalja.com.br\/arquivo\/category\/geral\/#listItem","name":"Geral"}}]},{"@type":"Organization","@id":"https:\/\/www.jornalja.com.br\/arquivo\/#organization","name":"Jornal J\u00c1","description":"Jornal J\u00c1 | Porto Alegre","url":"https:\/\/www.jornalja.com.br\/arquivo\/","telephone":"+555133307272","logo":{"@type":"ImageObject","url":"https:\/\/www.jornalja.com.br\/wp-content\/uploads\/cards\/JAslogan.png","@id":"https:\/\/www.jornalja.com.br\/arquivo\/o-empresario-a-moca-o-ministro-por-que-estavam-la\/#organizationLogo"},"image":{"@id":"https:\/\/www.jornalja.com.br\/arquivo\/o-empresario-a-moca-o-ministro-por-que-estavam-la\/#organizationLogo"}},{"@type":"Person","@id":"https:\/\/www.jornalja.com.br\/arquivo\/author\/daredacao\/#author","url":"https:\/\/www.jornalja.com.br\/arquivo\/author\/daredacao\/","name":"da Reda\u00e7\u00e3o","image":{"@type":"ImageObject","@id":"https:\/\/www.jornalja.com.br\/arquivo\/o-empresario-a-moca-o-ministro-por-que-estavam-la\/#authorImage","url":"https:\/\/secure.gravatar.com\/avatar\/469fd857d6605ad19919d27ed29d35a968a25f6e8fd9318356bbb7f57aae9c65?s=96&d=mm&r=g","width":96,"height":96,"caption":"da Reda\u00e7\u00e3o"}},{"@type":"WebPage","@id":"https:\/\/www.jornalja.com.br\/arquivo\/o-empresario-a-moca-o-ministro-por-que-estavam-la\/#webpage","url":"https:\/\/www.jornalja.com.br\/arquivo\/o-empresario-a-moca-o-ministro-por-que-estavam-la\/","name":"O empres\u00e1rio, a mo\u00e7a, o ministro: por que estavam l\u00e1? | Arquivo","inLanguage":"pt-BR","isPartOf":{"@id":"https:\/\/www.jornalja.com.br\/arquivo\/#website"},"breadcrumb":{"@id":"https:\/\/www.jornalja.com.br\/arquivo\/o-empresario-a-moca-o-ministro-por-que-estavam-la\/#breadcrumblist"},"author":{"@id":"https:\/\/www.jornalja.com.br\/arquivo\/author\/daredacao\/#author"},"creator":{"@id":"https:\/\/www.jornalja.com.br\/arquivo\/author\/daredacao\/#author"},"image":{"@type":"ImageObject","url":43578,"@id":"https:\/\/www.jornalja.com.br\/arquivo\/o-empresario-a-moca-o-ministro-por-que-estavam-la\/#mainImage"},"primaryImageOfPage":{"@id":"https:\/\/www.jornalja.com.br\/arquivo\/o-empresario-a-moca-o-ministro-por-que-estavam-la\/#mainImage"},"datePublished":"2017-01-23T19:34:10-02:00","dateModified":"2017-01-23T19:34:10-02:00"},{"@type":"WebSite","@id":"https:\/\/www.jornalja.com.br\/arquivo\/#website","url":"https:\/\/www.jornalja.com.br\/arquivo\/","name":"Arquivo","description":"Jornal J\u00c1 | Porto Alegre","inLanguage":"pt-BR","publisher":{"@id":"https:\/\/www.jornalja.com.br\/arquivo\/#organization"}}]},"og:locale":"pt_BR","og:site_name":"Arquivo | Jornal J\u00c1 | Porto Alegre","og:type":"article","og:title":"O empres\u00e1rio, a mo\u00e7a, o ministro: por que estavam l\u00e1? | Arquivo","og:url":"https:\/\/www.jornalja.com.br\/arquivo\/o-empresario-a-moca-o-ministro-por-que-estavam-la\/","og:image":"https:\/\/www.jornalja.com.br\/economics\/wp-content\/uploads\/sites\/11\/2026\/08\/ja-folhaderosto-facebook.jpg","og:image:secure_url":"https:\/\/www.jornalja.com.br\/economics\/wp-content\/uploads\/sites\/11\/2026\/08\/ja-folhaderosto-facebook.jpg","article:published_time":"2017-01-23T22:34:10+00:00","article:modified_time":"2017-01-23T22:34:10+00:00","twitter:card":"summary","twitter:title":"O empres\u00e1rio, a mo\u00e7a, o ministro: por que estavam l\u00e1? | Arquivo","twitter:image":"https:\/\/www.jornalja.com.br\/economics\/wp-content\/uploads\/sites\/11\/2026\/08\/ja-folhaderosto-facebook.jpg"},"aioseo_meta_data":{"post_id":"43690","title":null,"description":null,"keywords":null,"keyphrases":null,"primary_term":null,"canonical_url":null,"og_title":null,"og_description":null,"og_object_type":"default","og_image_type":"default","og_image_url":null,"og_image_width":null,"og_image_height":null,"og_image_custom_url":null,"og_image_custom_fields":null,"og_video":null,"og_custom_url":null,"og_article_section":null,"og_article_tags":null,"twitter_use_og":false,"twitter_card":"default","twitter_image_type":"default","twitter_image_url":null,"twitter_image_custom_url":null,"twitter_image_custom_fields":null,"twitter_title":null,"twitter_description":null,"schema":{"blockGraphs":[],"customGraphs":[],"default":{"data":{"Article":[],"Course":[],"Dataset":[],"FAQPage":[],"Movie":[],"Person":[],"Product":[],"ProductReview":[],"Car":[],"Recipe":[],"Service":[],"SoftwareApplication":[],"WebPage":[]},"graphName":"","isEnabled":true},"graphs":[],"defaultGraph":"","defaultPostTypeGraph":""},"schema_type":null,"schema_type_options":null,"pillar_content":false,"robots_default":true,"robots_noindex":false,"robots_noarchive":false,"robots_nosnippet":false,"robots_nofollow":false,"robots_noimageindex":false,"robots_noodp":false,"robots_notranslate":false,"robots_max_snippet":null,"robots_max_videopreview":null,"robots_max_imagepreview":"large","priority":null,"frequency":null,"location":null,"local_seo":null,"breadcrumb_settings":null,"limit_modified_date":false,"ai":null,"created":"2020-12-20 20:41:47","updated":"2025-07-19 19:32:06","seo_analyzer_scan_date":null,"focus_keyword":null,"additional_keywords":null,"truseo_locale":null},"jetpack_sharing_enabled":true,"jetpack-related-posts":[{"id":12960,"url":"https:\/\/www.jornalja.com.br\/arquivo\/populacao-culpa-empresas-pela-greve-dos-rodoviarios\/","url_meta":{"origin":43690,"position":0},"title":"Popula\u00e7\u00e3o culpa empresas pela greve","author":"Patr\u00edcia Marini","date":"14 de fevereiro de 2014","format":false,"excerpt":"Pesquisa divulgada na edi\u00e7\u00e3o do jornal Metro desta sexta-feira,14, comprova o velho ditado: \u00e9 poss\u00edvel enganar muitos por algum tempo, mas n\u00e3o \u00e9 poss\u00edvel enganar a todos o tempo inteiro. A principal revela\u00e7\u00e3o foi que 59,8% dos entrevistados apontaram as empresas como as principais respons\u00e1veis pela grave e 46% culparam\u2026","rel":"","context":"Em &quot;X.Categorias velhas&quot;","block_context":{"text":"X.Categorias velhas","link":"https:\/\/www.jornalja.com.br\/arquivo\/category\/x-categorias-velhas\/"},"img":{"alt_text":"","src":"","width":0,"height":0},"classes":[]},{"id":13124,"url":"https:\/\/www.jornalja.com.br\/arquivo\/sangue-latino-no-iecine\/","url_meta":{"origin":43690,"position":1},"title":"Sangue latino no IECINE","author":"da Reda\u00e7\u00e3o","date":"18 de maio de 2014","format":false,"excerpt":"Francisco Ribeiro O Instituto Estadual de Cinema (IECINE) tem a frente, desde abril \u00faltimo, um novo diretor, o cineasta colombiano Juan Zapata, 36, que substitui Luiz Alberto Cassol. Radicado h\u00e1 dez anos em Porto Alegre, Zapata tem diante de si o desafio de conduzir at\u00e9 o final do ano um\u2026","rel":"","context":"Em &quot;Cultura-Geral&quot;","block_context":{"text":"Cultura-Geral","link":"https:\/\/www.jornalja.com.br\/arquivo\/category\/materiasecundaria\/"},"img":{"alt_text":"","src":"","width":0,"height":0},"classes":[]},{"id":13101,"url":"https:\/\/www.jornalja.com.br\/arquivo\/morre-um-guerreiro-do-texto\/","url_meta":{"origin":43690,"position":2},"title":"Morre um guerreiro do texto","author":"Patr\u00edcia Marini","date":"14 de maio de 2014","format":false,"excerpt":"Por Ricardo Kotscho Reproduzido do blog do autor, 11\/5\/2014; t\u00edtulo original \u201cE l\u00e1 se foi o nosso Myltainho, guerreiro do texto\u201d. Mi\u00fado e franzino, meu amigo Myltainho era um valente e inconformado guerreiro na luta contra as injusti\u00e7as sociais, a hipocrisia, as maracutaias, o autoritarismo, a intoler\u00e2ncia, a viol\u00eancia, o\u2026","rel":"","context":"Em &quot;Geral&quot;","block_context":{"text":"Geral","link":"https:\/\/www.jornalja.com.br\/arquivo\/category\/geral\/"},"img":{"alt_text":"","src":"","width":0,"height":0},"classes":[]},{"id":5440,"url":"https:\/\/www.jornalja.com.br\/arquivo\/casarao-da-venancio-destino-permanece-incerto\/","url_meta":{"origin":43690,"position":3},"title":"Estado ainda n\u00e3o sabe o que fazer com casar\u00e3o abandonado h\u00e1 20 anos","author":"Elmar Bones","date":"6 de julho de 2009","format":false,"excerpt":"O casar\u00e3o amarelo, numa esquina nobre de Porto Alegre (Ven\u00e2ncio Aires com Jo\u00e3o Pessoa), j\u00e1 abrigou uma escola. H\u00e1 duas d\u00e9cadas, pelo menos, est\u00e1 abandonado, porque seu propriet\u00e1rio, o governo do Estado do Rio Grande do Sul, n\u00e3o consegue achar um destino para ele. Planos n\u00e3o faltaram. O governador Ol\u00edvio\u2026","rel":"","context":"Em &quot;X.Categorias velhas&quot;","block_context":{"text":"X.Categorias velhas","link":"https:\/\/www.jornalja.com.br\/arquivo\/category\/x-categorias-velhas\/"},"img":{"alt_text":"geraldo1","src":"https:\/\/i0.wp.com\/www.jornalja.com.br\/wp-content\/uploads\/2009\/07\/geraldo1.jpg?resize=350%2C200&ssl=1","width":350,"height":200},"classes":[]},{"id":13240,"url":"https:\/\/www.jornalja.com.br\/arquivo\/plano-diretor-estamos-construindo-o-caos\/","url_meta":{"origin":43690,"position":4},"title":"Plano diretor: &quot;Estamos construindo o caos&quot;","author":"Patr\u00edcia Marini","date":"26 de maio de 2014","format":false,"excerpt":"Desabafo que arquiteta Eliana Castilhos, delegada da Regi\u00e3o de Planejamento 1, postou nas redes sociais \u00e9 um testemunho do ambiente que se criou no Conselho do Plano Diretor de Porto Alegre, onde a aprova\u00e7\u00e3o de grandes empreendimentos \u00e9 empurrada guela abaixo dos conselheiros. Ao CMDUA Como delegada da Regi\u00e3o de\u2026","rel":"","context":"Em &quot;Geral&quot;","block_context":{"text":"Geral","link":"https:\/\/www.jornalja.com.br\/arquivo\/category\/geral\/"},"img":{"alt_text":"","src":"","width":0,"height":0},"classes":[]},{"id":13239,"url":"https:\/\/www.jornalja.com.br\/arquivo\/conselho-desdenha-do-plano-diretor\/","url_meta":{"origin":43690,"position":5},"title":"Porto Alegre: Conselho detona Plano Diretor","author":"Patr\u00edcia Marini","date":"25 de maio de 2014","format":false,"excerpt":"Den\u00fancia do arquiteto e \u00a0urbanista Ibir\u00e1 Santos Lucas. Ele diz que os conselheiros est\u00e3o votando com \"enorme irresponsabilidade\". \"Mudam regime com a maior naturalidade,,,regularizam absurdos de constru\u00e7\u00f5es irregulares... \"O CMDUA est\u00e1 flexibilizando a lei do plano diretor, de uma forma impactante na vida da cidade. Mudam regime com a maior\u2026","rel":"","context":"Em &quot;Geral&quot;","block_context":{"text":"Geral","link":"https:\/\/www.jornalja.com.br\/arquivo\/category\/geral\/"},"img":{"alt_text":"","src":"","width":0,"height":0},"classes":[]}],"jetpack_shortlink":"https:\/\/wp.me\/pbQjBd-bmG","jetpack_featured_media_url":"","_links":{"self":[{"href":"https:\/\/www.jornalja.com.br\/arquivo\/wp-json\/wp\/v2\/posts\/43690","targetHints":{"allow":["GET"]}}],"collection":[{"href":"https:\/\/www.jornalja.com.br\/arquivo\/wp-json\/wp\/v2\/posts"}],"about":[{"href":"https:\/\/www.jornalja.com.br\/arquivo\/wp-json\/wp\/v2\/types\/post"}],"author":[{"embeddable":true,"href":"https:\/\/www.jornalja.com.br\/arquivo\/wp-json\/wp\/v2\/users\/4"}],"replies":[{"embeddable":true,"href":"https:\/\/www.jornalja.com.br\/arquivo\/wp-json\/wp\/v2\/comments?post=43690"}],"version-history":[{"count":0,"href":"https:\/\/www.jornalja.com.br\/arquivo\/wp-json\/wp\/v2\/posts\/43690\/revisions"}],"wp:attachment":[{"href":"https:\/\/www.jornalja.com.br\/arquivo\/wp-json\/wp\/v2\/media?parent=43690"}],"wp:term":[{"taxonomy":"category","embeddable":true,"href":"https:\/\/www.jornalja.com.br\/arquivo\/wp-json\/wp\/v2\/categories?post=43690"},{"taxonomy":"post_tag","embeddable":true,"href":"https:\/\/www.jornalja.com.br\/arquivo\/wp-json\/wp\/v2\/tags?post=43690"}],"curies":[{"name":"wp","href":"https:\/\/api.w.org\/{rel}","templated":true}]}}