{"id":43692,"date":"2017-01-23T19:19:24","date_gmt":"2017-01-23T22:19:24","guid":{"rendered":"https:\/\/www.jornalja.com.br\/?p=43692"},"modified":"2017-01-23T19:19:24","modified_gmt":"2017-01-23T22:19:24","slug":"precisamos-aguardar-para-descartar-hipotese-de-atentado","status":"publish","type":"post","link":"https:\/\/www.jornalja.com.br\/arquivo\/precisamos-aguardar-para-descartar-hipotese-de-atentado\/","title":{"rendered":"&quot;Precisamos aguardar para descartar hip\u00f3tese de atentado&quot;"},"content":{"rendered":"<p>A aeronave estava em ordem, e o piloto era muito experiente, mas chovia muito e havia pouca visibilidade na hora do pouso.<br \/>\nTestemunhas viram a aeronave fazer uma curva muito acentuada perto da pista de aterrissagem, enquanto outras acreditam ter visto fuma\u00e7a.<br \/>\nO jornal El Pa\u00eds ouviu Gustavo Cunha Mello, economista com MBA em gerenciamento de riscos, que tem experi\u00eancia na an\u00e1lise de acidentes a\u00e9reos que aconteceram por todo o Brasil. Ele avalia as informa\u00e7\u00f5es que se sabe at\u00e9 agora sobre o acidente.<br \/>\nMello, que pericia os avi\u00f5es acidentados para as seguradoras, n\u00e3o acredita na possibilidade de sabotagem, mas alerta que ela, tampouco, pode ser descartada.<br \/>\n<strong>Pergunta:<\/strong>\u00a0Com os detalhes conhecidos at\u00e9 agora sobre a queda, qual \u00e9 sua impress\u00e3o sobre o acidente? Fala-se em sabotagem.<br \/>\n<strong>Resposta:<\/strong>\u00a0No momento atual da investiga\u00e7\u00e3o precisamos aguardar para descartar hip\u00f3teses. As hist\u00f3rias da conspira\u00e7\u00e3o s\u00e3o sedutoras em acidentes como este, \u00e9 natural que existam essas teorias, sobretudo quando se trata de uma pessoa como o ministro respons\u00e1vel por\u00a0<a href=\"http:\/\/brasil.elpais.com\/brasil\/2017\/01\/19\/politica\/1484862173_659550.html\">uma investiga\u00e7\u00e3o t\u00e3o importante para o Brasil.<\/a>\u00a0Essa teoria n\u00e3o pode ser descartada, mas a probabilidade \u00e9 muito baixa.<br \/>\n<strong>P:<\/strong>\u00a0Por que?<br \/>\n<strong>R:<\/strong>\u00a0Primeiro porque o aeroporto de Campo de Marte, de onde partiu o avi\u00e3o, \u00e9 muito seguro. Segundo porque Aeron\u00e1utica do Brasil \u00e9 muito s\u00e9ria e competente. Qualquer interven\u00e7\u00e3o na aeronave \u00e9 rastre\u00e1vel, pode se saber quem alterou ou colocou qualquer parafuso do avi\u00e3o. Se a investiga\u00e7\u00e3o descobrir uma sabotagem seria f\u00e1cil identificar quando e por quem foi feita. \u00c9 improv\u00e1vel que isso aconte\u00e7a.<br \/>\n<strong>P:<\/strong>\u00a0O que voc\u00ea acha que aconteceu antes da queda?<br \/>\n<strong>R:<\/strong>\u00a0O avi\u00e3o era super seguro e moderno, por\u00e9m o aeroporto de Paraty n\u00e3o \u00e9. \u00c9 um aeroporto de cidade pequena, de cidade de veraneio, que as pessoas usam para as suas f\u00e9rias, n\u00e3o \u00e9 de grande utiliza\u00e7\u00e3o. O aeroporto n\u00e3o tem estrutura de radar e de antenas para voos de avi\u00f5es com instrumentos, como era o caso. O piloto, ent\u00e3o, foi obrigado repentinamente a abortar a aterrissagem no aeroporto pela falta de visibilidade e procurar um aeroporto alternativo. O piloto n\u00e3o tinha copiloto, uma figura n\u00e3o obrigat\u00f3ria em voos privados, mas sim recomend\u00e1vel. Nessas circunst\u00e2ncias meteorol\u00f3gicas o piloto, que era muito experiente, teve uma sobrecarga de trabalho incr\u00edvel.<br \/>\n<strong>P:<\/strong>\u00a0O que lhe sugerem os relatos das testemunhas do acidente?<br \/>\n<strong>R:<\/strong>\u00a0Houve uma s\u00e9rie de relatos de testemunhas dizendo que o avi\u00e3o fez uma curva muito acentuada. Se voc\u00ea olha as imagens divulgadas da aeronave a ponta da asa est\u00e1 retorcida, o que sugere que ela pode ter tocado o mar quando fez a curva e ter\u00a0<em>pilonado<\/em>, termo usado na aeron\u00e1utica para capotagem. Outra hip\u00f3tese \u00e9 que com uma curva muita acentuada a aeronave possa ter\u00a0<em>estolado<\/em>, que \u00e9 quando o avi\u00e3o perde sustenta\u00e7\u00e3o, a velocidade dele n\u00e3o sustenta o peso e ele cai como uma pedra.<br \/>\n<strong>P:<\/strong>\u00a0H\u00e1 testemunhas que dizem ter visto fuma\u00e7a.<br \/>\n<strong>R:<\/strong>\u00a0Para um leigo a fuma\u00e7a pode ser facilmente confundida com o arrasto da asa numa nuvem de chuva. Ainda que tivesse fuma\u00e7a no motor, ele tem outro motor que poderia funcionar perfeitamente. N\u00e3o acho que tenha sido o caso, acredito que foi mais uma ilus\u00e3o visual da testemunha.<br \/>\n<strong>P:<\/strong>\u00a0A regi\u00e3o do acidente j\u00e1 foi conhecida como o \u201cTri\u00e2ngulo das Bermudas\u201d. Se \u00e9 t\u00e3o \u00f3bvio que \u00e9 uma zona perigosa e que os aeroportos n\u00e3o s\u00e3o apropriados, por que continuam acontecendo tantos acidentes ali?<br \/>\n<strong>R:<\/strong>\u00a0A regi\u00e3o \u00e9 perigosa porque o tempo fecha rapidamente, tem montanhas, e chuvas muito fortes principalmente no ver\u00e3o. Como tem praias lind\u00edssimas, h\u00e1 uma demanda muito alta e tem um tr\u00e1fego a\u00e9reo muito intenso. O problema \u00e9 que a Aeron\u00e1utica faz o trabalho de treinar e advertir, mas eventualmente os acidentes continuam acontecendo.<\/p>\n","protected":false},"excerpt":{"rendered":"<p>A aeronave estava em ordem, e o piloto era muito experiente, mas chovia muito e havia pouca visibilidade na hora do pouso. Testemunhas viram a aeronave fazer uma curva muito acentuada perto da pista de aterrissagem, enquanto outras acreditam ter visto fuma\u00e7a. O jornal El Pa\u00eds ouviu Gustavo Cunha Mello, economista com MBA em gerenciamento [&hellip;]<\/p>\n","protected":false},"author":4,"featured_media":43693,"comment_status":"open","ping_status":"closed","sticky":false,"template":"","format":"standard","meta":{"_jetpack_newsletter_access":"","_jetpack_dont_email_post_to_subs":false,"_jetpack_newsletter_tier_id":0,"_jetpack_memberships_contains_paywalled_content":false,"_jetpack_feature_clip_id":0,"_jetpack_memberships_contains_paid_content":false,"footnotes":"","jetpack_post_was_ever_published":false},"categories":[26],"tags":[],"class_list":["post-43692","post","type-post","status-publish","format-standard","has-post-thumbnail","hentry","category-geral"],"aioseo_notices":[],"aioseo_head":"\n\t\t<!-- All in One SEO 5.0.1.1 - aioseo.com -->\n\t<meta name=\"robots\" content=\"max-image-preview:large\" \/>\n\t<meta name=\"author\" content=\"da Reda\u00e7\u00e3o\"\/>\n\t<link rel=\"canonical\" href=\"https:\/\/www.jornalja.com.br\/arquivo\/precisamos-aguardar-para-descartar-hipotese-de-atentado\/\" \/>\n\t<meta name=\"generator\" content=\"All in One SEO (AIOSEO) 5.0.1.1\" \/>\n\t\t<meta property=\"og:locale\" content=\"pt_BR\" \/>\n\t\t<meta property=\"og:site_name\" content=\"Arquivo | Jornal J\u00c1 | Porto Alegre\" \/>\n\t\t<meta property=\"og:type\" content=\"article\" \/>\n\t\t<meta property=\"og:title\" content=\"&quot;Precisamos aguardar para descartar hip\u00f3tese de atentado&quot; | Arquivo\" \/>\n\t\t<meta property=\"og:url\" content=\"https:\/\/www.jornalja.com.br\/arquivo\/precisamos-aguardar-para-descartar-hipotese-de-atentado\/\" \/>\n\t\t<meta property=\"og:image\" content=\"https:\/\/www.jornalja.com.br\/economics\/wp-content\/uploads\/sites\/11\/2026\/08\/ja-folhaderosto-facebook.jpg\" \/>\n\t\t<meta property=\"og:image:secure_url\" content=\"https:\/\/www.jornalja.com.br\/economics\/wp-content\/uploads\/sites\/11\/2026\/08\/ja-folhaderosto-facebook.jpg\" \/>\n\t\t<meta property=\"article:published_time\" content=\"2017-01-23T22:19:24+00:00\" \/>\n\t\t<meta property=\"article:modified_time\" content=\"2017-01-23T22:19:24+00:00\" \/>\n\t\t<meta name=\"twitter:card\" content=\"summary\" \/>\n\t\t<meta name=\"twitter:title\" content=\"&quot;Precisamos aguardar para descartar hip\u00f3tese de atentado&quot; | Arquivo\" \/>\n\t\t<meta name=\"twitter:image\" content=\"https:\/\/www.jornalja.com.br\/economics\/wp-content\/uploads\/sites\/11\/2026\/08\/ja-folhaderosto-facebook.jpg\" \/>\n\t\t<script type=\"application\/ld+json\" class=\"aioseo-schema\">\n\t\t\t{\"@context\":\"https:\\\/\\\/schema.org\",\"@graph\":[{\"@type\":\"BlogPosting\",\"@id\":\"https:\\\/\\\/www.jornalja.com.br\\\/arquivo\\\/precisamos-aguardar-para-descartar-hipotese-de-atentado\\\/#blogposting\",\"name\":\"\\\"Precisamos aguardar para descartar hip\\u00f3tese de atentado\\\" | Arquivo\",\"headline\":\"&quot;Precisamos aguardar para descartar hip\\u00f3tese de atentado&quot;\",\"author\":{\"@id\":\"https:\\\/\\\/www.jornalja.com.br\\\/arquivo\\\/author\\\/daredacao\\\/#author\"},\"publisher\":{\"@id\":\"https:\\\/\\\/www.jornalja.com.br\\\/arquivo\\\/#organization\"},\"image\":{\"@type\":\"ImageObject\",\"url\":43693},\"datePublished\":\"2017-01-23T19:19:24-02:00\",\"dateModified\":\"2017-01-23T19:19:24-02:00\",\"inLanguage\":\"pt-BR\",\"mainEntityOfPage\":{\"@id\":\"https:\\\/\\\/www.jornalja.com.br\\\/arquivo\\\/precisamos-aguardar-para-descartar-hipotese-de-atentado\\\/#webpage\"},\"isPartOf\":{\"@id\":\"https:\\\/\\\/www.jornalja.com.br\\\/arquivo\\\/precisamos-aguardar-para-descartar-hipotese-de-atentado\\\/#webpage\"},\"articleSection\":\"Geral\"},{\"@type\":\"BreadcrumbList\",\"@id\":\"https:\\\/\\\/www.jornalja.com.br\\\/arquivo\\\/precisamos-aguardar-para-descartar-hipotese-de-atentado\\\/#breadcrumblist\",\"itemListElement\":[{\"@type\":\"ListItem\",\"@id\":\"https:\\\/\\\/www.jornalja.com.br\\\/arquivo#listItem\",\"position\":1,\"name\":\"Home\",\"item\":\"https:\\\/\\\/www.jornalja.com.br\\\/arquivo\",\"nextItem\":{\"@type\":\"ListItem\",\"@id\":\"https:\\\/\\\/www.jornalja.com.br\\\/arquivo\\\/category\\\/geral\\\/#listItem\",\"name\":\"Geral\"}},{\"@type\":\"ListItem\",\"@id\":\"https:\\\/\\\/www.jornalja.com.br\\\/arquivo\\\/category\\\/geral\\\/#listItem\",\"position\":2,\"name\":\"Geral\",\"item\":\"https:\\\/\\\/www.jornalja.com.br\\\/arquivo\\\/category\\\/geral\\\/\",\"nextItem\":{\"@type\":\"ListItem\",\"@id\":\"https:\\\/\\\/www.jornalja.com.br\\\/arquivo\\\/precisamos-aguardar-para-descartar-hipotese-de-atentado\\\/#listItem\",\"name\":\"&quot;Precisamos aguardar para descartar hip\\u00f3tese de atentado&quot;\"},\"previousItem\":{\"@type\":\"ListItem\",\"@id\":\"https:\\\/\\\/www.jornalja.com.br\\\/arquivo#listItem\",\"name\":\"Home\"}},{\"@type\":\"ListItem\",\"@id\":\"https:\\\/\\\/www.jornalja.com.br\\\/arquivo\\\/precisamos-aguardar-para-descartar-hipotese-de-atentado\\\/#listItem\",\"position\":3,\"name\":\"&quot;Precisamos aguardar para descartar hip\\u00f3tese de atentado&quot;\",\"previousItem\":{\"@type\":\"ListItem\",\"@id\":\"https:\\\/\\\/www.jornalja.com.br\\\/arquivo\\\/category\\\/geral\\\/#listItem\",\"name\":\"Geral\"}}]},{\"@type\":\"Organization\",\"@id\":\"https:\\\/\\\/www.jornalja.com.br\\\/arquivo\\\/#organization\",\"name\":\"Jornal J\\u00c1\",\"description\":\"Jornal J\\u00c1 | Porto Alegre\",\"url\":\"https:\\\/\\\/www.jornalja.com.br\\\/arquivo\\\/\",\"telephone\":\"+555133307272\",\"logo\":{\"@type\":\"ImageObject\",\"url\":\"https:\\\/\\\/www.jornalja.com.br\\\/wp-content\\\/uploads\\\/cards\\\/JAslogan.png\",\"@id\":\"https:\\\/\\\/www.jornalja.com.br\\\/arquivo\\\/precisamos-aguardar-para-descartar-hipotese-de-atentado\\\/#organizationLogo\"},\"image\":{\"@id\":\"https:\\\/\\\/www.jornalja.com.br\\\/arquivo\\\/precisamos-aguardar-para-descartar-hipotese-de-atentado\\\/#organizationLogo\"}},{\"@type\":\"Person\",\"@id\":\"https:\\\/\\\/www.jornalja.com.br\\\/arquivo\\\/author\\\/daredacao\\\/#author\",\"url\":\"https:\\\/\\\/www.jornalja.com.br\\\/arquivo\\\/author\\\/daredacao\\\/\",\"name\":\"da Reda\\u00e7\\u00e3o\",\"image\":{\"@type\":\"ImageObject\",\"@id\":\"https:\\\/\\\/www.jornalja.com.br\\\/arquivo\\\/precisamos-aguardar-para-descartar-hipotese-de-atentado\\\/#authorImage\",\"url\":\"https:\\\/\\\/secure.gravatar.com\\\/avatar\\\/469fd857d6605ad19919d27ed29d35a968a25f6e8fd9318356bbb7f57aae9c65?s=96&d=mm&r=g\",\"width\":96,\"height\":96,\"caption\":\"da Reda\\u00e7\\u00e3o\"}},{\"@type\":\"WebPage\",\"@id\":\"https:\\\/\\\/www.jornalja.com.br\\\/arquivo\\\/precisamos-aguardar-para-descartar-hipotese-de-atentado\\\/#webpage\",\"url\":\"https:\\\/\\\/www.jornalja.com.br\\\/arquivo\\\/precisamos-aguardar-para-descartar-hipotese-de-atentado\\\/\",\"name\":\"\\\"Precisamos aguardar para descartar hip\\u00f3tese de atentado\\\" | Arquivo\",\"inLanguage\":\"pt-BR\",\"isPartOf\":{\"@id\":\"https:\\\/\\\/www.jornalja.com.br\\\/arquivo\\\/#website\"},\"breadcrumb\":{\"@id\":\"https:\\\/\\\/www.jornalja.com.br\\\/arquivo\\\/precisamos-aguardar-para-descartar-hipotese-de-atentado\\\/#breadcrumblist\"},\"author\":{\"@id\":\"https:\\\/\\\/www.jornalja.com.br\\\/arquivo\\\/author\\\/daredacao\\\/#author\"},\"creator\":{\"@id\":\"https:\\\/\\\/www.jornalja.com.br\\\/arquivo\\\/author\\\/daredacao\\\/#author\"},\"image\":{\"@type\":\"ImageObject\",\"url\":43693,\"@id\":\"https:\\\/\\\/www.jornalja.com.br\\\/arquivo\\\/precisamos-aguardar-para-descartar-hipotese-de-atentado\\\/#mainImage\"},\"primaryImageOfPage\":{\"@id\":\"https:\\\/\\\/www.jornalja.com.br\\\/arquivo\\\/precisamos-aguardar-para-descartar-hipotese-de-atentado\\\/#mainImage\"},\"datePublished\":\"2017-01-23T19:19:24-02:00\",\"dateModified\":\"2017-01-23T19:19:24-02:00\"},{\"@type\":\"WebSite\",\"@id\":\"https:\\\/\\\/www.jornalja.com.br\\\/arquivo\\\/#website\",\"url\":\"https:\\\/\\\/www.jornalja.com.br\\\/arquivo\\\/\",\"name\":\"Arquivo\",\"description\":\"Jornal J\\u00c1 | Porto Alegre\",\"inLanguage\":\"pt-BR\",\"publisher\":{\"@id\":\"https:\\\/\\\/www.jornalja.com.br\\\/arquivo\\\/#organization\"}}]}\n\t\t<\/script>\n\t\t<!-- All in One SEO -->\n\n","aioseo_head_json":{"title":"\"Precisamos aguardar para descartar hip\u00f3tese de atentado\" | Arquivo","description":"","canonical_url":"https:\/\/www.jornalja.com.br\/arquivo\/precisamos-aguardar-para-descartar-hipotese-de-atentado\/","robots":"max-image-preview:large","keywords":"","webmasterTools":{"miscellaneous":""},"schema":{"@context":"https:\/\/schema.org","@graph":[{"@type":"BlogPosting","@id":"https:\/\/www.jornalja.com.br\/arquivo\/precisamos-aguardar-para-descartar-hipotese-de-atentado\/#blogposting","name":"\"Precisamos aguardar para descartar hip\u00f3tese de atentado\" | Arquivo","headline":"&quot;Precisamos aguardar para descartar hip\u00f3tese de atentado&quot;","author":{"@id":"https:\/\/www.jornalja.com.br\/arquivo\/author\/daredacao\/#author"},"publisher":{"@id":"https:\/\/www.jornalja.com.br\/arquivo\/#organization"},"image":{"@type":"ImageObject","url":43693},"datePublished":"2017-01-23T19:19:24-02:00","dateModified":"2017-01-23T19:19:24-02:00","inLanguage":"pt-BR","mainEntityOfPage":{"@id":"https:\/\/www.jornalja.com.br\/arquivo\/precisamos-aguardar-para-descartar-hipotese-de-atentado\/#webpage"},"isPartOf":{"@id":"https:\/\/www.jornalja.com.br\/arquivo\/precisamos-aguardar-para-descartar-hipotese-de-atentado\/#webpage"},"articleSection":"Geral"},{"@type":"BreadcrumbList","@id":"https:\/\/www.jornalja.com.br\/arquivo\/precisamos-aguardar-para-descartar-hipotese-de-atentado\/#breadcrumblist","itemListElement":[{"@type":"ListItem","@id":"https:\/\/www.jornalja.com.br\/arquivo#listItem","position":1,"name":"Home","item":"https:\/\/www.jornalja.com.br\/arquivo","nextItem":{"@type":"ListItem","@id":"https:\/\/www.jornalja.com.br\/arquivo\/category\/geral\/#listItem","name":"Geral"}},{"@type":"ListItem","@id":"https:\/\/www.jornalja.com.br\/arquivo\/category\/geral\/#listItem","position":2,"name":"Geral","item":"https:\/\/www.jornalja.com.br\/arquivo\/category\/geral\/","nextItem":{"@type":"ListItem","@id":"https:\/\/www.jornalja.com.br\/arquivo\/precisamos-aguardar-para-descartar-hipotese-de-atentado\/#listItem","name":"&quot;Precisamos aguardar para descartar hip\u00f3tese de atentado&quot;"},"previousItem":{"@type":"ListItem","@id":"https:\/\/www.jornalja.com.br\/arquivo#listItem","name":"Home"}},{"@type":"ListItem","@id":"https:\/\/www.jornalja.com.br\/arquivo\/precisamos-aguardar-para-descartar-hipotese-de-atentado\/#listItem","position":3,"name":"&quot;Precisamos aguardar para descartar hip\u00f3tese de atentado&quot;","previousItem":{"@type":"ListItem","@id":"https:\/\/www.jornalja.com.br\/arquivo\/category\/geral\/#listItem","name":"Geral"}}]},{"@type":"Organization","@id":"https:\/\/www.jornalja.com.br\/arquivo\/#organization","name":"Jornal J\u00c1","description":"Jornal J\u00c1 | Porto Alegre","url":"https:\/\/www.jornalja.com.br\/arquivo\/","telephone":"+555133307272","logo":{"@type":"ImageObject","url":"https:\/\/www.jornalja.com.br\/wp-content\/uploads\/cards\/JAslogan.png","@id":"https:\/\/www.jornalja.com.br\/arquivo\/precisamos-aguardar-para-descartar-hipotese-de-atentado\/#organizationLogo"},"image":{"@id":"https:\/\/www.jornalja.com.br\/arquivo\/precisamos-aguardar-para-descartar-hipotese-de-atentado\/#organizationLogo"}},{"@type":"Person","@id":"https:\/\/www.jornalja.com.br\/arquivo\/author\/daredacao\/#author","url":"https:\/\/www.jornalja.com.br\/arquivo\/author\/daredacao\/","name":"da Reda\u00e7\u00e3o","image":{"@type":"ImageObject","@id":"https:\/\/www.jornalja.com.br\/arquivo\/precisamos-aguardar-para-descartar-hipotese-de-atentado\/#authorImage","url":"https:\/\/secure.gravatar.com\/avatar\/469fd857d6605ad19919d27ed29d35a968a25f6e8fd9318356bbb7f57aae9c65?s=96&d=mm&r=g","width":96,"height":96,"caption":"da Reda\u00e7\u00e3o"}},{"@type":"WebPage","@id":"https:\/\/www.jornalja.com.br\/arquivo\/precisamos-aguardar-para-descartar-hipotese-de-atentado\/#webpage","url":"https:\/\/www.jornalja.com.br\/arquivo\/precisamos-aguardar-para-descartar-hipotese-de-atentado\/","name":"\"Precisamos aguardar para descartar hip\u00f3tese de atentado\" | Arquivo","inLanguage":"pt-BR","isPartOf":{"@id":"https:\/\/www.jornalja.com.br\/arquivo\/#website"},"breadcrumb":{"@id":"https:\/\/www.jornalja.com.br\/arquivo\/precisamos-aguardar-para-descartar-hipotese-de-atentado\/#breadcrumblist"},"author":{"@id":"https:\/\/www.jornalja.com.br\/arquivo\/author\/daredacao\/#author"},"creator":{"@id":"https:\/\/www.jornalja.com.br\/arquivo\/author\/daredacao\/#author"},"image":{"@type":"ImageObject","url":43693,"@id":"https:\/\/www.jornalja.com.br\/arquivo\/precisamos-aguardar-para-descartar-hipotese-de-atentado\/#mainImage"},"primaryImageOfPage":{"@id":"https:\/\/www.jornalja.com.br\/arquivo\/precisamos-aguardar-para-descartar-hipotese-de-atentado\/#mainImage"},"datePublished":"2017-01-23T19:19:24-02:00","dateModified":"2017-01-23T19:19:24-02:00"},{"@type":"WebSite","@id":"https:\/\/www.jornalja.com.br\/arquivo\/#website","url":"https:\/\/www.jornalja.com.br\/arquivo\/","name":"Arquivo","description":"Jornal J\u00c1 | Porto Alegre","inLanguage":"pt-BR","publisher":{"@id":"https:\/\/www.jornalja.com.br\/arquivo\/#organization"}}]},"og:locale":"pt_BR","og:site_name":"Arquivo | Jornal J\u00c1 | Porto Alegre","og:type":"article","og:title":"&quot;Precisamos aguardar para descartar hip\u00f3tese de atentado&quot; | Arquivo","og:url":"https:\/\/www.jornalja.com.br\/arquivo\/precisamos-aguardar-para-descartar-hipotese-de-atentado\/","og:image":"https:\/\/www.jornalja.com.br\/economics\/wp-content\/uploads\/sites\/11\/2026\/08\/ja-folhaderosto-facebook.jpg","og:image:secure_url":"https:\/\/www.jornalja.com.br\/economics\/wp-content\/uploads\/sites\/11\/2026\/08\/ja-folhaderosto-facebook.jpg","article:published_time":"2017-01-23T22:19:24+00:00","article:modified_time":"2017-01-23T22:19:24+00:00","twitter:card":"summary","twitter:title":"&quot;Precisamos aguardar para descartar hip\u00f3tese de atentado&quot; | Arquivo","twitter:image":"https:\/\/www.jornalja.com.br\/economics\/wp-content\/uploads\/sites\/11\/2026\/08\/ja-folhaderosto-facebook.jpg"},"aioseo_meta_data":{"post_id":"43692","title":null,"description":null,"keywords":null,"keyphrases":null,"primary_term":null,"canonical_url":null,"og_title":null,"og_description":null,"og_object_type":"default","og_image_type":"default","og_image_url":null,"og_image_width":null,"og_image_height":null,"og_image_custom_url":null,"og_image_custom_fields":null,"og_video":null,"og_custom_url":null,"og_article_section":null,"og_article_tags":null,"twitter_use_og":false,"twitter_card":"default","twitter_image_type":"default","twitter_image_url":null,"twitter_image_custom_url":null,"twitter_image_custom_fields":null,"twitter_title":null,"twitter_description":null,"schema":{"blockGraphs":[],"customGraphs":[],"default":{"data":{"Article":[],"Course":[],"Dataset":[],"FAQPage":[],"Movie":[],"Person":[],"Product":[],"ProductReview":[],"Car":[],"Recipe":[],"Service":[],"SoftwareApplication":[],"WebPage":[]},"graphName":"","isEnabled":true},"graphs":[]},"schema_type":null,"schema_type_options":null,"pillar_content":false,"robots_default":true,"robots_noindex":false,"robots_noarchive":false,"robots_nosnippet":false,"robots_nofollow":false,"robots_noimageindex":false,"robots_noodp":false,"robots_notranslate":false,"robots_max_snippet":null,"robots_max_videopreview":null,"robots_max_imagepreview":"large","priority":null,"frequency":null,"location":null,"local_seo":null,"breadcrumb_settings":null,"limit_modified_date":false,"ai":null,"created":"2020-12-20 20:41:47","updated":"2025-07-19 19:32:06","seo_analyzer_scan_date":null,"focus_keyword":null,"additional_keywords":null,"truseo_locale":null},"jetpack_sharing_enabled":true,"jetpack-related-posts":[{"id":13240,"url":"https:\/\/www.jornalja.com.br\/arquivo\/plano-diretor-estamos-construindo-o-caos\/","url_meta":{"origin":43692,"position":0},"title":"Plano diretor: &quot;Estamos construindo o caos&quot;","author":"Patr\u00edcia Marini","date":"26 de maio de 2014","format":false,"excerpt":"Desabafo que arquiteta Eliana Castilhos, delegada da Regi\u00e3o de Planejamento 1, postou nas redes sociais \u00e9 um testemunho do ambiente que se criou no Conselho do Plano Diretor de Porto Alegre, onde a aprova\u00e7\u00e3o de grandes empreendimentos \u00e9 empurrada guela abaixo dos conselheiros. Ao CMDUA Como delegada da Regi\u00e3o de\u2026","rel":"","context":"Em &quot;Geral&quot;","block_context":{"text":"Geral","link":"https:\/\/www.jornalja.com.br\/arquivo\/category\/geral\/"},"img":{"alt_text":"","src":"","width":0,"height":0},"classes":[]},{"id":13101,"url":"https:\/\/www.jornalja.com.br\/arquivo\/morre-um-guerreiro-do-texto\/","url_meta":{"origin":43692,"position":1},"title":"Morre um guerreiro do texto","author":"Patr\u00edcia Marini","date":"14 de maio de 2014","format":false,"excerpt":"Por Ricardo Kotscho Reproduzido do blog do autor, 11\/5\/2014; t\u00edtulo original \u201cE l\u00e1 se foi o nosso Myltainho, guerreiro do texto\u201d. Mi\u00fado e franzino, meu amigo Myltainho era um valente e inconformado guerreiro na luta contra as injusti\u00e7as sociais, a hipocrisia, as maracutaias, o autoritarismo, a intoler\u00e2ncia, a viol\u00eancia, o\u2026","rel":"","context":"Em &quot;Geral&quot;","block_context":{"text":"Geral","link":"https:\/\/www.jornalja.com.br\/arquivo\/category\/geral\/"},"img":{"alt_text":"","src":"","width":0,"height":0},"classes":[]},{"id":5440,"url":"https:\/\/www.jornalja.com.br\/arquivo\/casarao-da-venancio-destino-permanece-incerto\/","url_meta":{"origin":43692,"position":2},"title":"Estado ainda n\u00e3o sabe o que fazer com casar\u00e3o abandonado h\u00e1 20 anos","author":"Elmar Bones","date":"6 de julho de 2009","format":false,"excerpt":"O casar\u00e3o amarelo, numa esquina nobre de Porto Alegre (Ven\u00e2ncio Aires com Jo\u00e3o Pessoa), j\u00e1 abrigou uma escola. H\u00e1 duas d\u00e9cadas, pelo menos, est\u00e1 abandonado, porque seu propriet\u00e1rio, o governo do Estado do Rio Grande do Sul, n\u00e3o consegue achar um destino para ele. Planos n\u00e3o faltaram. O governador Ol\u00edvio\u2026","rel":"","context":"Em &quot;X.Categorias velhas&quot;","block_context":{"text":"X.Categorias velhas","link":"https:\/\/www.jornalja.com.br\/arquivo\/category\/x-categorias-velhas\/"},"img":{"alt_text":"geraldo1","src":"https:\/\/i0.wp.com\/www.jornalja.com.br\/wp-content\/uploads\/2009\/07\/geraldo1.jpg?resize=350%2C200&ssl=1","width":350,"height":200},"classes":[]},{"id":13109,"url":"https:\/\/www.jornalja.com.br\/arquivo\/judiciario-reconhece-poluicao-eletromagnetica\/","url_meta":{"origin":43692,"position":3},"title":"Judici\u00e1rio reconhece polui\u00e7\u00e3o eletromagn\u00e9tica","author":"Patr\u00edcia Marini","date":"16 de maio de 2014","format":false,"excerpt":"A\u00e7\u00e3o de duas associa\u00e7\u00f5es de moradores foi acolhida pelo Tribunal de Justi\u00e7a de S\u00e3o Paulo que. em decis\u00e3o in\u00e9dita, determinou a redu\u00e7\u00e3o do campo eletromagn\u00e9tico gerado pelas linhas de transmiss\u00e3o de energia que cortam os bairros City Boa\u00e7ava e Alto de Pinheiros. \u00c9 a primeira vez que um tribunal do\u2026","rel":"","context":"Em &quot;X.Categorias velhas&quot;","block_context":{"text":"X.Categorias velhas","link":"https:\/\/www.jornalja.com.br\/arquivo\/category\/x-categorias-velhas\/"},"img":{"alt_text":"","src":"","width":0,"height":0},"classes":[]},{"id":13124,"url":"https:\/\/www.jornalja.com.br\/arquivo\/sangue-latino-no-iecine\/","url_meta":{"origin":43692,"position":4},"title":"Sangue latino no IECINE","author":"da Reda\u00e7\u00e3o","date":"18 de maio de 2014","format":false,"excerpt":"Francisco Ribeiro O Instituto Estadual de Cinema (IECINE) tem a frente, desde abril \u00faltimo, um novo diretor, o cineasta colombiano Juan Zapata, 36, que substitui Luiz Alberto Cassol. Radicado h\u00e1 dez anos em Porto Alegre, Zapata tem diante de si o desafio de conduzir at\u00e9 o final do ano um\u2026","rel":"","context":"Em &quot;Cultura-Geral&quot;","block_context":{"text":"Cultura-Geral","link":"https:\/\/www.jornalja.com.br\/arquivo\/category\/materiasecundaria\/"},"img":{"alt_text":"","src":"","width":0,"height":0},"classes":[]},{"id":13239,"url":"https:\/\/www.jornalja.com.br\/arquivo\/conselho-desdenha-do-plano-diretor\/","url_meta":{"origin":43692,"position":5},"title":"Porto Alegre: Conselho detona Plano Diretor","author":"Patr\u00edcia Marini","date":"25 de maio de 2014","format":false,"excerpt":"Den\u00fancia do arquiteto e \u00a0urbanista Ibir\u00e1 Santos Lucas. Ele diz que os conselheiros est\u00e3o votando com \"enorme irresponsabilidade\". \"Mudam regime com a maior naturalidade,,,regularizam absurdos de constru\u00e7\u00f5es irregulares... \"O CMDUA est\u00e1 flexibilizando a lei do plano diretor, de uma forma impactante na vida da cidade. Mudam regime com a maior\u2026","rel":"","context":"Em &quot;Geral&quot;","block_context":{"text":"Geral","link":"https:\/\/www.jornalja.com.br\/arquivo\/category\/geral\/"},"img":{"alt_text":"","src":"","width":0,"height":0},"classes":[]}],"jetpack_shortlink":"https:\/\/wp.me\/pbQjBd-bmI","jetpack_featured_media_url":"","_links":{"self":[{"href":"https:\/\/www.jornalja.com.br\/arquivo\/wp-json\/wp\/v2\/posts\/43692","targetHints":{"allow":["GET"]}}],"collection":[{"href":"https:\/\/www.jornalja.com.br\/arquivo\/wp-json\/wp\/v2\/posts"}],"about":[{"href":"https:\/\/www.jornalja.com.br\/arquivo\/wp-json\/wp\/v2\/types\/post"}],"author":[{"embeddable":true,"href":"https:\/\/www.jornalja.com.br\/arquivo\/wp-json\/wp\/v2\/users\/4"}],"replies":[{"embeddable":true,"href":"https:\/\/www.jornalja.com.br\/arquivo\/wp-json\/wp\/v2\/comments?post=43692"}],"version-history":[{"count":0,"href":"https:\/\/www.jornalja.com.br\/arquivo\/wp-json\/wp\/v2\/posts\/43692\/revisions"}],"wp:attachment":[{"href":"https:\/\/www.jornalja.com.br\/arquivo\/wp-json\/wp\/v2\/media?parent=43692"}],"wp:term":[{"taxonomy":"category","embeddable":true,"href":"https:\/\/www.jornalja.com.br\/arquivo\/wp-json\/wp\/v2\/categories?post=43692"},{"taxonomy":"post_tag","embeddable":true,"href":"https:\/\/www.jornalja.com.br\/arquivo\/wp-json\/wp\/v2\/tags?post=43692"}],"curies":[{"name":"wp","href":"https:\/\/api.w.org\/{rel}","templated":true}]}}