{"id":43727,"date":"2017-01-25T12:00:12","date_gmt":"2017-01-25T15:00:12","guid":{"rendered":"https:\/\/www.jornalja.com.br\/?p=43727"},"modified":"2017-01-25T12:00:12","modified_gmt":"2017-01-25T15:00:12","slug":"cinemateca-capitolio-exibe-classicos-musicais","status":"publish","type":"post","link":"https:\/\/www.jornalja.com.br\/arquivo\/cinemateca-capitolio-exibe-classicos-musicais\/","title":{"rendered":"Cinemateca Capit\u00f3lio exibe cl\u00e1ssicos musicais"},"content":{"rendered":"<figure id=\"attachment_43730\" aria-describedby=\"caption-attachment-43730\" style=\"width: 300px\" class=\"wp-caption alignleft\"><img loading=\"lazy\" decoding=\"async\" class=\"size-medium wp-image-43730\" src=\"https:\/\/www.jornalja.com.br\/wp-content\/uploads\/2017\/01\/dan\u00e7ando-na-chuva-300x200.jpg\" alt=\"Porto Alegre, RS - 19.01.2017 Ciclo de filmes musicais na Sala Multim\u00eddia Foto: Divulga\u00e7\u00e3o\/PMPA\" width=\"300\" height=\"200\" \/><figcaption id=\"caption-attachment-43730\" class=\"wp-caption-text\">Porto Alegre, RS &#8211; 19.01.2017<br \/>Ciclo de filmes musicais na Sala Multim\u00eddia<br \/>Foto: Divulga\u00e7\u00e3o\/PMPA<\/figcaption><\/figure>\n<p class=\"lead\">Desde \u00a0ter\u00e7a-feira, 24, a Sala Multim\u00eddia da Cinemateca Capit\u00f3lio (rua Dem\u00e9trio Ribeiro, 1.085) exibe uma sele\u00e7\u00e3o de musicais cl\u00e1ssicos, que inclui obras de Ernst Lubitsch,<\/p>\n<p class=\"lead\">Vicente Minnelli, Stanley Donen e Bob Fosse. Com exibi\u00e7\u00e3o em DVD e lota\u00e7\u00e3o m\u00e1xima de 30 lugares, o ingresso custa R$ 5. H\u00e1 sess\u00f5es \u00e0s 16h e \u00e0s 19h. Hoje ser\u00e1 a vez de Cantando na Chuva, com Gene Kelly.<\/p>\n<div><\/div>\n<div><\/div>\n<div><strong>Filmes<\/strong><\/div>\n<div><\/div>\n<div><em>O Tenente Sedutor, <\/em>de Ernst Lubitsch:\u00a0Adapta\u00e7\u00e3o apimentada da opereta Ein Walzertraum, de 1907. O tenente Niki, da guarda real austr\u00edaca, est\u00e1 de servi\u00e7o na Viena do s\u00e9culo XIX, numa parada militar que sa\u00fada o rei Adolf e a princesa Anna, sua filha, do vizinho reino de Flausenshaum. Em dado momento, Niki sorri e pisca para a violinista Franzi, sua nova namorada, que estava no meio da multid\u00e3o. Todavia, a princesa Anna julga ser a destinat\u00e1ria da piscadela e se apaixona pelo tenente, que se v\u00ea obrigado a casar-se com ela para evitar um incidente internacional. Exibi\u00e7\u00e3o em DVD.<\/div>\n<div><\/div>\n<div><em>Ama-me Esta Noite<\/em>, de Rouben Mamoulian:\u00a0Jeanette (Jeanette MacDonald) \u00e9 uma princesa arrogante que vive enfurnada em um antigo castelo, e se sente entediada e sexualmente frustrada. Um dia o visconde Gilbert de Vareze (Charles Ruggles) leva para o castelo o alfaiate Maurice (Maurice Chevalier), a quem deve dinheiro, e o convida a passar um tempo com sua fam\u00edlia. O pobre homem \u00e9 apresentado como bar\u00e3o, e todos logo acreditam devido ao seu charme e sua postura aristocr\u00e1tica, s\u00f3 quem desconfia \u00e9 Jeanette, mas a medida que eles se conhecem, o que antes era desconfian\u00e7a se transforma em uma paix\u00e3o ardente. O alfaiate est\u00e1 t\u00e3o encantado pela princesa que chega a se esquecer da sua verdadeira posi\u00e7\u00e3o social. Exibi\u00e7\u00e3o em DVD.<\/div>\n<div><\/div>\n<div><em>Magn\u00f3lia &#8211; O Barco das Ilus\u00f5es<\/em>, de James Whale:\u00a0Num barco de espet\u00e1culos teatrais que desce o Mississippi, surgem problemas quando a filha do dono apaixona-se por ator e jogador. Paralelamente, mulata que esconde sua origem tem problemas com a lei racista. Exibi\u00e7\u00e3o em DVD.<\/div>\n<div><\/div>\n<div><em>Agora Seremos Felizes,<\/em> de Vincente Minnelli:\u00a0\u00a0Na fam\u00edlia Smith, existem quatro lindas garotas, incluindo Esther, de 17 anos, e a pequena Tootie. Esther acaba se apaixonando pelo vizinho r\u00e9cem-chegado, John, que n\u00e3o lhe d\u00e1 muito aten\u00e7\u00e3o \u00e0 princ\u00edpio. As coisas mudam quando o sr. Smith deve se mudar com sua fam\u00edlia para Nova York, por causa de seu trabalho. Exibi\u00e7\u00e3o em DVD.<\/div>\n<div><\/div>\n<div><em>Cantando na Chuva<\/em>, de Stanley Donen e Gene Kelly:\u00a0\u00a0Don Lockwood (Gene Kelly) e Lina Lamont (Jean Hagen) s\u00e3o dois dos astros mais famosos da \u00e9poca do cinema mudo em Hollywood. Seus filmes s\u00e3o um verdadeiro sucesso de p\u00fablico e as revistas inclusive apostam num relacionamento mais \u00edntimo entre os dois, o que n\u00e3o existe na realidade. Mas uma novidade no mundo do cinema chega para mudar totalmente a situa\u00e7\u00e3o de ambos no mundo da fama: o cinema falado, que logo se torna a nova moda entre os espectadores. Decidido a produzir um filme falado com o casal mais famoso do momento, Don e Lina precisam entretanto superar as dificuldades do novo m\u00e9todo de se fazer cinema, para conseguir manter a fama conquistada. Exibi\u00e7\u00e3o em DVD.<\/div>\n<div><\/div>\n<div><em>Cinderela em Paris<\/em>, de Stanley Donen:\u00a0Quando a importante editora de uma revista de moda (Kay Thompson) e seu principal fot\u00f3grafo Dick Avery (Fred Astaire) escolhem uma livraria para sua pr\u00f3xima sess\u00e3o de fotos, Dick descobre o rosto encantador da balconista e fil\u00f3sofa amadora Jo Stockson (Audrey Hepburn). Em Paris, Jo logo se transforma em top model global&#8230; e acaba se apaixonando pelo fot\u00f3grafo que foi o primeiro a notar sua face luminosa e divertida. Exibi\u00e7\u00e3o em DVD.<\/div>\n<div><\/div>\n<div><em>O Show Deve Continuar,<\/em> de Bob Fosse:\u00a0Joe Gideon (Roy Scheider) \u00e9 um diretor de cinema que vive uma bela vida de luxo e prazer. Ap\u00f3s um enfarte, deve rever sua rotina, para o seu pr\u00f3prio bem. Mas, ao inv\u00e9s disso, ele continua levando a vida de antes, mesmo alertado dos males que isso pode lhe causar. Exibi\u00e7\u00e3o em DVD.<\/div>\n<div><\/div>\n<div><em>Hair<\/em>, de Milos Forman:\u00a0Um dia antes de alistar-se \u00e0 Guerra do Vietn\u00e3, um jovem do interior faz amizade com um grupo de hippies urbanos que, dentre outras coisas, tentam lhe convencer sobre a inutilidade da guerra e o ajudam a conquistar uma mo\u00e7a da classe alta, pela qual se apaixonou. Exibi\u00e7\u00e3o em DVD.<\/div>\n<div><\/div>\n<div>\n<div><strong>Programa\u00e7\u00e3o<\/strong><\/div>\n<div><strong>24 a 29 de janeiro de 2016<\/strong><\/div>\n<div><\/div>\n<div><strong>24 de janeiro (ter\u00e7a)<\/strong><\/div>\n<div>16h \u2013<em> O Tenente Sedutor<\/em><\/div>\n<div>19h \u2013 <em>Ama-Me Esta Noite<\/em><\/div>\n<div><\/div>\n<div><strong>25 de janeiro (quarta)<\/strong><\/div>\n<div>16h \u2013 <em>Cantando na Chuva<\/em><\/div>\n<div>19h \u2013 <em>O <\/em><em>Show <\/em><em>Deve <\/em><em>Continuar<\/em><\/div>\n<div><\/div>\n<div><strong>26 de janeiro (quinta)<\/strong><\/div>\n<div>16h \u2013 <em>Magn\u00f3lia &#8211; O Barco das Ilus\u00f5es<\/em><\/div>\n<div>19h \u2013 <em>Agora Seremos Felizes<\/em><\/div>\n<div><\/div>\n<div><strong>27 de janeiro (sexta)<\/strong><\/div>\n<div>16h \u2013 <em>Hair<\/em><\/div>\n<div>19h \u2013 <em>Cinderela em Paris<\/em><\/div>\n<div><\/div>\n<div>28 de janeiro (s\u00e1bado)<\/div>\n<div>16h \u2013 <em>Magn\u00f3lia &#8211; O Barco das Ilus\u00f5es<\/em><\/div>\n<div>19h \u2013 <em>Cantando na Chuva<\/em><\/div>\n<div><\/div>\n<div><strong>29 de janeiro (domingo)<\/strong><\/div>\n<div>16h \u2013<em> Hair<\/em><\/div>\n<div>19h \u2013 <em>O Tenente Sedutor<\/em><\/div>\n<\/div>\n<div>Informa\u00e7\u00f5es da Prefeitura Municipal<\/div>\n","protected":false},"excerpt":{"rendered":"<p>Desde \u00a0ter\u00e7a-feira, 24, a Sala Multim\u00eddia da Cinemateca Capit\u00f3lio (rua Dem\u00e9trio Ribeiro, 1.085) exibe uma sele\u00e7\u00e3o de musicais cl\u00e1ssicos, que inclui obras de Ernst Lubitsch, Vicente Minnelli, Stanley Donen e Bob Fosse. Com exibi\u00e7\u00e3o em DVD e lota\u00e7\u00e3o m\u00e1xima de 30 lugares, o ingresso custa R$ 5. H\u00e1 sess\u00f5es \u00e0s 16h e \u00e0s 19h. Hoje [&hellip;]<\/p>\n","protected":false},"author":4,"featured_media":43226,"comment_status":"open","ping_status":"closed","sticky":false,"template":"","format":"standard","meta":{"_jetpack_newsletter_access":"","_jetpack_dont_email_post_to_subs":false,"_jetpack_newsletter_tier_id":0,"_jetpack_memberships_contains_paywalled_content":false,"_jetpack_feature_clip_id":0,"_jetpack_memberships_contains_paid_content":false,"footnotes":"","jetpack_post_was_ever_published":false},"categories":[11],"tags":[],"class_list":["post-43727","post","type-post","status-publish","format-standard","has-post-thumbnail","hentry","category-materiasecundaria"],"aioseo_notices":[],"aioseo_head":"\n\t\t<!-- All in One SEO 5.0.1.1 - aioseo.com -->\n\t<meta name=\"robots\" content=\"max-image-preview:large\" \/>\n\t<meta name=\"author\" content=\"da Reda\u00e7\u00e3o\"\/>\n\t<link rel=\"canonical\" href=\"https:\/\/www.jornalja.com.br\/arquivo\/cinemateca-capitolio-exibe-classicos-musicais\/\" \/>\n\t<meta name=\"generator\" content=\"All in One SEO (AIOSEO) 5.0.1.1\" \/>\n\t\t<meta property=\"og:locale\" content=\"pt_BR\" \/>\n\t\t<meta property=\"og:site_name\" content=\"Arquivo | Jornal J\u00c1 | Porto Alegre\" \/>\n\t\t<meta property=\"og:type\" content=\"article\" \/>\n\t\t<meta property=\"og:title\" content=\"Cinemateca Capit\u00f3lio exibe cl\u00e1ssicos musicais | Arquivo\" \/>\n\t\t<meta property=\"og:url\" content=\"https:\/\/www.jornalja.com.br\/arquivo\/cinemateca-capitolio-exibe-classicos-musicais\/\" \/>\n\t\t<meta property=\"og:image\" content=\"https:\/\/www.jornalja.com.br\/wp-content\/uploads\/2017\/01\/dan\u00e7ando-na-chuva-300x200.jpg\" \/>\n\t\t<meta property=\"og:image:secure_url\" content=\"https:\/\/www.jornalja.com.br\/wp-content\/uploads\/2017\/01\/dan\u00e7ando-na-chuva-300x200.jpg\" \/>\n\t\t<meta property=\"article:published_time\" content=\"2017-01-25T15:00:12+00:00\" \/>\n\t\t<meta property=\"article:modified_time\" content=\"2017-01-25T15:00:12+00:00\" \/>\n\t\t<meta name=\"twitter:card\" content=\"summary\" \/>\n\t\t<meta name=\"twitter:title\" content=\"Cinemateca Capit\u00f3lio exibe cl\u00e1ssicos musicais | Arquivo\" \/>\n\t\t<meta name=\"twitter:image\" content=\"https:\/\/www.jornalja.com.br\/economics\/wp-content\/uploads\/sites\/11\/2026\/08\/ja-folhaderosto-facebook.jpg\" \/>\n\t\t<script type=\"application\/ld+json\" class=\"aioseo-schema\">\n\t\t\t{\"@context\":\"https:\\\/\\\/schema.org\",\"@graph\":[{\"@type\":\"BlogPosting\",\"@id\":\"https:\\\/\\\/www.jornalja.com.br\\\/arquivo\\\/cinemateca-capitolio-exibe-classicos-musicais\\\/#blogposting\",\"name\":\"Cinemateca Capit\\u00f3lio exibe cl\\u00e1ssicos musicais | Arquivo\",\"headline\":\"Cinemateca Capit\\u00f3lio exibe cl\\u00e1ssicos musicais\",\"author\":{\"@id\":\"https:\\\/\\\/www.jornalja.com.br\\\/arquivo\\\/author\\\/daredacao\\\/#author\"},\"publisher\":{\"@id\":\"https:\\\/\\\/www.jornalja.com.br\\\/arquivo\\\/#organization\"},\"image\":{\"@type\":\"ImageObject\",\"url\":43226},\"datePublished\":\"2017-01-25T12:00:12-02:00\",\"dateModified\":\"2017-01-25T12:00:12-02:00\",\"inLanguage\":\"pt-BR\",\"mainEntityOfPage\":{\"@id\":\"https:\\\/\\\/www.jornalja.com.br\\\/arquivo\\\/cinemateca-capitolio-exibe-classicos-musicais\\\/#webpage\"},\"isPartOf\":{\"@id\":\"https:\\\/\\\/www.jornalja.com.br\\\/arquivo\\\/cinemateca-capitolio-exibe-classicos-musicais\\\/#webpage\"},\"articleSection\":\"Cultura-Geral\"},{\"@type\":\"BreadcrumbList\",\"@id\":\"https:\\\/\\\/www.jornalja.com.br\\\/arquivo\\\/cinemateca-capitolio-exibe-classicos-musicais\\\/#breadcrumblist\",\"itemListElement\":[{\"@type\":\"ListItem\",\"@id\":\"https:\\\/\\\/www.jornalja.com.br\\\/arquivo#listItem\",\"position\":1,\"name\":\"Home\",\"item\":\"https:\\\/\\\/www.jornalja.com.br\\\/arquivo\",\"nextItem\":{\"@type\":\"ListItem\",\"@id\":\"https:\\\/\\\/www.jornalja.com.br\\\/arquivo\\\/category\\\/materiasecundaria\\\/#listItem\",\"name\":\"Cultura-Geral\"}},{\"@type\":\"ListItem\",\"@id\":\"https:\\\/\\\/www.jornalja.com.br\\\/arquivo\\\/category\\\/materiasecundaria\\\/#listItem\",\"position\":2,\"name\":\"Cultura-Geral\",\"item\":\"https:\\\/\\\/www.jornalja.com.br\\\/arquivo\\\/category\\\/materiasecundaria\\\/\",\"nextItem\":{\"@type\":\"ListItem\",\"@id\":\"https:\\\/\\\/www.jornalja.com.br\\\/arquivo\\\/cinemateca-capitolio-exibe-classicos-musicais\\\/#listItem\",\"name\":\"Cinemateca Capit\\u00f3lio exibe cl\\u00e1ssicos musicais\"},\"previousItem\":{\"@type\":\"ListItem\",\"@id\":\"https:\\\/\\\/www.jornalja.com.br\\\/arquivo#listItem\",\"name\":\"Home\"}},{\"@type\":\"ListItem\",\"@id\":\"https:\\\/\\\/www.jornalja.com.br\\\/arquivo\\\/cinemateca-capitolio-exibe-classicos-musicais\\\/#listItem\",\"position\":3,\"name\":\"Cinemateca Capit\\u00f3lio exibe cl\\u00e1ssicos musicais\",\"previousItem\":{\"@type\":\"ListItem\",\"@id\":\"https:\\\/\\\/www.jornalja.com.br\\\/arquivo\\\/category\\\/materiasecundaria\\\/#listItem\",\"name\":\"Cultura-Geral\"}}]},{\"@type\":\"Organization\",\"@id\":\"https:\\\/\\\/www.jornalja.com.br\\\/arquivo\\\/#organization\",\"name\":\"Jornal J\\u00c1\",\"description\":\"Jornal J\\u00c1 | Porto Alegre\",\"url\":\"https:\\\/\\\/www.jornalja.com.br\\\/arquivo\\\/\",\"telephone\":\"+555133307272\",\"logo\":{\"@type\":\"ImageObject\",\"url\":\"https:\\\/\\\/www.jornalja.com.br\\\/wp-content\\\/uploads\\\/cards\\\/JAslogan.png\",\"@id\":\"https:\\\/\\\/www.jornalja.com.br\\\/arquivo\\\/cinemateca-capitolio-exibe-classicos-musicais\\\/#organizationLogo\"},\"image\":{\"@id\":\"https:\\\/\\\/www.jornalja.com.br\\\/arquivo\\\/cinemateca-capitolio-exibe-classicos-musicais\\\/#organizationLogo\"}},{\"@type\":\"Person\",\"@id\":\"https:\\\/\\\/www.jornalja.com.br\\\/arquivo\\\/author\\\/daredacao\\\/#author\",\"url\":\"https:\\\/\\\/www.jornalja.com.br\\\/arquivo\\\/author\\\/daredacao\\\/\",\"name\":\"da Reda\\u00e7\\u00e3o\",\"image\":{\"@type\":\"ImageObject\",\"@id\":\"https:\\\/\\\/www.jornalja.com.br\\\/arquivo\\\/cinemateca-capitolio-exibe-classicos-musicais\\\/#authorImage\",\"url\":\"https:\\\/\\\/secure.gravatar.com\\\/avatar\\\/469fd857d6605ad19919d27ed29d35a968a25f6e8fd9318356bbb7f57aae9c65?s=96&d=mm&r=g\",\"width\":96,\"height\":96,\"caption\":\"da Reda\\u00e7\\u00e3o\"}},{\"@type\":\"WebPage\",\"@id\":\"https:\\\/\\\/www.jornalja.com.br\\\/arquivo\\\/cinemateca-capitolio-exibe-classicos-musicais\\\/#webpage\",\"url\":\"https:\\\/\\\/www.jornalja.com.br\\\/arquivo\\\/cinemateca-capitolio-exibe-classicos-musicais\\\/\",\"name\":\"Cinemateca Capit\\u00f3lio exibe cl\\u00e1ssicos musicais | Arquivo\",\"inLanguage\":\"pt-BR\",\"isPartOf\":{\"@id\":\"https:\\\/\\\/www.jornalja.com.br\\\/arquivo\\\/#website\"},\"breadcrumb\":{\"@id\":\"https:\\\/\\\/www.jornalja.com.br\\\/arquivo\\\/cinemateca-capitolio-exibe-classicos-musicais\\\/#breadcrumblist\"},\"author\":{\"@id\":\"https:\\\/\\\/www.jornalja.com.br\\\/arquivo\\\/author\\\/daredacao\\\/#author\"},\"creator\":{\"@id\":\"https:\\\/\\\/www.jornalja.com.br\\\/arquivo\\\/author\\\/daredacao\\\/#author\"},\"image\":{\"@type\":\"ImageObject\",\"url\":43226,\"@id\":\"https:\\\/\\\/www.jornalja.com.br\\\/arquivo\\\/cinemateca-capitolio-exibe-classicos-musicais\\\/#mainImage\"},\"primaryImageOfPage\":{\"@id\":\"https:\\\/\\\/www.jornalja.com.br\\\/arquivo\\\/cinemateca-capitolio-exibe-classicos-musicais\\\/#mainImage\"},\"datePublished\":\"2017-01-25T12:00:12-02:00\",\"dateModified\":\"2017-01-25T12:00:12-02:00\"},{\"@type\":\"WebSite\",\"@id\":\"https:\\\/\\\/www.jornalja.com.br\\\/arquivo\\\/#website\",\"url\":\"https:\\\/\\\/www.jornalja.com.br\\\/arquivo\\\/\",\"name\":\"Arquivo\",\"description\":\"Jornal J\\u00c1 | Porto Alegre\",\"inLanguage\":\"pt-BR\",\"publisher\":{\"@id\":\"https:\\\/\\\/www.jornalja.com.br\\\/arquivo\\\/#organization\"}}]}\n\t\t<\/script>\n\t\t<!-- All in One SEO -->\n\n","aioseo_head_json":{"title":"Cinemateca Capit\u00f3lio exibe cl\u00e1ssicos musicais | Arquivo","description":"","canonical_url":"https:\/\/www.jornalja.com.br\/arquivo\/cinemateca-capitolio-exibe-classicos-musicais\/","robots":"max-image-preview:large","keywords":"","webmasterTools":{"miscellaneous":""},"schema":{"@context":"https:\/\/schema.org","@graph":[{"@type":"BlogPosting","@id":"https:\/\/www.jornalja.com.br\/arquivo\/cinemateca-capitolio-exibe-classicos-musicais\/#blogposting","name":"Cinemateca Capit\u00f3lio exibe cl\u00e1ssicos musicais | Arquivo","headline":"Cinemateca Capit\u00f3lio exibe cl\u00e1ssicos musicais","author":{"@id":"https:\/\/www.jornalja.com.br\/arquivo\/author\/daredacao\/#author"},"publisher":{"@id":"https:\/\/www.jornalja.com.br\/arquivo\/#organization"},"image":{"@type":"ImageObject","url":43226},"datePublished":"2017-01-25T12:00:12-02:00","dateModified":"2017-01-25T12:00:12-02:00","inLanguage":"pt-BR","mainEntityOfPage":{"@id":"https:\/\/www.jornalja.com.br\/arquivo\/cinemateca-capitolio-exibe-classicos-musicais\/#webpage"},"isPartOf":{"@id":"https:\/\/www.jornalja.com.br\/arquivo\/cinemateca-capitolio-exibe-classicos-musicais\/#webpage"},"articleSection":"Cultura-Geral"},{"@type":"BreadcrumbList","@id":"https:\/\/www.jornalja.com.br\/arquivo\/cinemateca-capitolio-exibe-classicos-musicais\/#breadcrumblist","itemListElement":[{"@type":"ListItem","@id":"https:\/\/www.jornalja.com.br\/arquivo#listItem","position":1,"name":"Home","item":"https:\/\/www.jornalja.com.br\/arquivo","nextItem":{"@type":"ListItem","@id":"https:\/\/www.jornalja.com.br\/arquivo\/category\/materiasecundaria\/#listItem","name":"Cultura-Geral"}},{"@type":"ListItem","@id":"https:\/\/www.jornalja.com.br\/arquivo\/category\/materiasecundaria\/#listItem","position":2,"name":"Cultura-Geral","item":"https:\/\/www.jornalja.com.br\/arquivo\/category\/materiasecundaria\/","nextItem":{"@type":"ListItem","@id":"https:\/\/www.jornalja.com.br\/arquivo\/cinemateca-capitolio-exibe-classicos-musicais\/#listItem","name":"Cinemateca Capit\u00f3lio exibe cl\u00e1ssicos musicais"},"previousItem":{"@type":"ListItem","@id":"https:\/\/www.jornalja.com.br\/arquivo#listItem","name":"Home"}},{"@type":"ListItem","@id":"https:\/\/www.jornalja.com.br\/arquivo\/cinemateca-capitolio-exibe-classicos-musicais\/#listItem","position":3,"name":"Cinemateca Capit\u00f3lio exibe cl\u00e1ssicos musicais","previousItem":{"@type":"ListItem","@id":"https:\/\/www.jornalja.com.br\/arquivo\/category\/materiasecundaria\/#listItem","name":"Cultura-Geral"}}]},{"@type":"Organization","@id":"https:\/\/www.jornalja.com.br\/arquivo\/#organization","name":"Jornal J\u00c1","description":"Jornal J\u00c1 | Porto Alegre","url":"https:\/\/www.jornalja.com.br\/arquivo\/","telephone":"+555133307272","logo":{"@type":"ImageObject","url":"https:\/\/www.jornalja.com.br\/wp-content\/uploads\/cards\/JAslogan.png","@id":"https:\/\/www.jornalja.com.br\/arquivo\/cinemateca-capitolio-exibe-classicos-musicais\/#organizationLogo"},"image":{"@id":"https:\/\/www.jornalja.com.br\/arquivo\/cinemateca-capitolio-exibe-classicos-musicais\/#organizationLogo"}},{"@type":"Person","@id":"https:\/\/www.jornalja.com.br\/arquivo\/author\/daredacao\/#author","url":"https:\/\/www.jornalja.com.br\/arquivo\/author\/daredacao\/","name":"da Reda\u00e7\u00e3o","image":{"@type":"ImageObject","@id":"https:\/\/www.jornalja.com.br\/arquivo\/cinemateca-capitolio-exibe-classicos-musicais\/#authorImage","url":"https:\/\/secure.gravatar.com\/avatar\/469fd857d6605ad19919d27ed29d35a968a25f6e8fd9318356bbb7f57aae9c65?s=96&d=mm&r=g","width":96,"height":96,"caption":"da Reda\u00e7\u00e3o"}},{"@type":"WebPage","@id":"https:\/\/www.jornalja.com.br\/arquivo\/cinemateca-capitolio-exibe-classicos-musicais\/#webpage","url":"https:\/\/www.jornalja.com.br\/arquivo\/cinemateca-capitolio-exibe-classicos-musicais\/","name":"Cinemateca Capit\u00f3lio exibe cl\u00e1ssicos musicais | Arquivo","inLanguage":"pt-BR","isPartOf":{"@id":"https:\/\/www.jornalja.com.br\/arquivo\/#website"},"breadcrumb":{"@id":"https:\/\/www.jornalja.com.br\/arquivo\/cinemateca-capitolio-exibe-classicos-musicais\/#breadcrumblist"},"author":{"@id":"https:\/\/www.jornalja.com.br\/arquivo\/author\/daredacao\/#author"},"creator":{"@id":"https:\/\/www.jornalja.com.br\/arquivo\/author\/daredacao\/#author"},"image":{"@type":"ImageObject","url":43226,"@id":"https:\/\/www.jornalja.com.br\/arquivo\/cinemateca-capitolio-exibe-classicos-musicais\/#mainImage"},"primaryImageOfPage":{"@id":"https:\/\/www.jornalja.com.br\/arquivo\/cinemateca-capitolio-exibe-classicos-musicais\/#mainImage"},"datePublished":"2017-01-25T12:00:12-02:00","dateModified":"2017-01-25T12:00:12-02:00"},{"@type":"WebSite","@id":"https:\/\/www.jornalja.com.br\/arquivo\/#website","url":"https:\/\/www.jornalja.com.br\/arquivo\/","name":"Arquivo","description":"Jornal J\u00c1 | Porto Alegre","inLanguage":"pt-BR","publisher":{"@id":"https:\/\/www.jornalja.com.br\/arquivo\/#organization"}}]},"og:locale":"pt_BR","og:site_name":"Arquivo | Jornal J\u00c1 | Porto Alegre","og:type":"article","og:title":"Cinemateca Capit\u00f3lio exibe cl\u00e1ssicos musicais | Arquivo","og:url":"https:\/\/www.jornalja.com.br\/arquivo\/cinemateca-capitolio-exibe-classicos-musicais\/","og:image":"https:\/\/www.jornalja.com.br\/wp-content\/uploads\/2017\/01\/dan\u00e7ando-na-chuva-300x200.jpg","og:image:secure_url":"https:\/\/www.jornalja.com.br\/wp-content\/uploads\/2017\/01\/dan\u00e7ando-na-chuva-300x200.jpg","article:published_time":"2017-01-25T15:00:12+00:00","article:modified_time":"2017-01-25T15:00:12+00:00","twitter:card":"summary","twitter:title":"Cinemateca Capit\u00f3lio exibe cl\u00e1ssicos musicais | Arquivo","twitter:image":"https:\/\/www.jornalja.com.br\/economics\/wp-content\/uploads\/sites\/11\/2026\/08\/ja-folhaderosto-facebook.jpg"},"aioseo_meta_data":{"post_id":"43727","title":null,"description":null,"keywords":null,"keyphrases":null,"primary_term":null,"canonical_url":null,"og_title":null,"og_description":null,"og_object_type":"default","og_image_type":"default","og_image_url":null,"og_image_width":null,"og_image_height":null,"og_image_custom_url":null,"og_image_custom_fields":null,"og_video":null,"og_custom_url":null,"og_article_section":null,"og_article_tags":null,"twitter_use_og":false,"twitter_card":"default","twitter_image_type":"default","twitter_image_url":null,"twitter_image_custom_url":null,"twitter_image_custom_fields":null,"twitter_title":null,"twitter_description":null,"schema":{"blockGraphs":[],"customGraphs":[],"default":{"data":{"Article":[],"Course":[],"Dataset":[],"FAQPage":[],"Movie":[],"Person":[],"Product":[],"ProductReview":[],"Car":[],"Recipe":[],"Service":[],"SoftwareApplication":[],"WebPage":[]},"graphName":"","isEnabled":true},"graphs":[]},"schema_type":null,"schema_type_options":null,"pillar_content":false,"robots_default":true,"robots_noindex":false,"robots_noarchive":false,"robots_nosnippet":false,"robots_nofollow":false,"robots_noimageindex":false,"robots_noodp":false,"robots_notranslate":false,"robots_max_snippet":null,"robots_max_videopreview":null,"robots_max_imagepreview":"large","priority":null,"frequency":null,"location":null,"local_seo":null,"breadcrumb_settings":null,"limit_modified_date":false,"ai":null,"created":"2020-12-20 20:41:47","updated":"2025-07-19 19:32:06","seo_analyzer_scan_date":null,"focus_keyword":null,"additional_keywords":null,"truseo_locale":null},"jetpack_sharing_enabled":true,"jetpack-related-posts":[{"id":13124,"url":"https:\/\/www.jornalja.com.br\/arquivo\/sangue-latino-no-iecine\/","url_meta":{"origin":43727,"position":0},"title":"Sangue latino no IECINE","author":"da Reda\u00e7\u00e3o","date":"18 de maio de 2014","format":false,"excerpt":"Francisco Ribeiro O Instituto Estadual de Cinema (IECINE) tem a frente, desde abril \u00faltimo, um novo diretor, o cineasta colombiano Juan Zapata, 36, que substitui Luiz Alberto Cassol. Radicado h\u00e1 dez anos em Porto Alegre, Zapata tem diante de si o desafio de conduzir at\u00e9 o final do ano um\u2026","rel":"","context":"Em &quot;Cultura-Geral&quot;","block_context":{"text":"Cultura-Geral","link":"https:\/\/www.jornalja.com.br\/arquivo\/category\/materiasecundaria\/"},"img":{"alt_text":"","src":"","width":0,"height":0},"classes":[]},{"id":13240,"url":"https:\/\/www.jornalja.com.br\/arquivo\/plano-diretor-estamos-construindo-o-caos\/","url_meta":{"origin":43727,"position":1},"title":"Plano diretor: &quot;Estamos construindo o caos&quot;","author":"Patr\u00edcia Marini","date":"26 de maio de 2014","format":false,"excerpt":"Desabafo que arquiteta Eliana Castilhos, delegada da Regi\u00e3o de Planejamento 1, postou nas redes sociais \u00e9 um testemunho do ambiente que se criou no Conselho do Plano Diretor de Porto Alegre, onde a aprova\u00e7\u00e3o de grandes empreendimentos \u00e9 empurrada guela abaixo dos conselheiros. Ao CMDUA Como delegada da Regi\u00e3o de\u2026","rel":"","context":"Em &quot;Geral&quot;","block_context":{"text":"Geral","link":"https:\/\/www.jornalja.com.br\/arquivo\/category\/geral\/"},"img":{"alt_text":"","src":"","width":0,"height":0},"classes":[]}],"jetpack_shortlink":"https:\/\/wp.me\/pbQjBd-bnh","jetpack_featured_media_url":"","_links":{"self":[{"href":"https:\/\/www.jornalja.com.br\/arquivo\/wp-json\/wp\/v2\/posts\/43727","targetHints":{"allow":["GET"]}}],"collection":[{"href":"https:\/\/www.jornalja.com.br\/arquivo\/wp-json\/wp\/v2\/posts"}],"about":[{"href":"https:\/\/www.jornalja.com.br\/arquivo\/wp-json\/wp\/v2\/types\/post"}],"author":[{"embeddable":true,"href":"https:\/\/www.jornalja.com.br\/arquivo\/wp-json\/wp\/v2\/users\/4"}],"replies":[{"embeddable":true,"href":"https:\/\/www.jornalja.com.br\/arquivo\/wp-json\/wp\/v2\/comments?post=43727"}],"version-history":[{"count":0,"href":"https:\/\/www.jornalja.com.br\/arquivo\/wp-json\/wp\/v2\/posts\/43727\/revisions"}],"wp:attachment":[{"href":"https:\/\/www.jornalja.com.br\/arquivo\/wp-json\/wp\/v2\/media?parent=43727"}],"wp:term":[{"taxonomy":"category","embeddable":true,"href":"https:\/\/www.jornalja.com.br\/arquivo\/wp-json\/wp\/v2\/categories?post=43727"},{"taxonomy":"post_tag","embeddable":true,"href":"https:\/\/www.jornalja.com.br\/arquivo\/wp-json\/wp\/v2\/tags?post=43727"}],"curies":[{"name":"wp","href":"https:\/\/api.w.org\/{rel}","templated":true}]}}