{"id":43739,"date":"2017-01-25T15:37:45","date_gmt":"2017-01-25T18:37:45","guid":{"rendered":"https:\/\/www.jornalja.com.br\/?p=43739"},"modified":"2017-01-25T15:37:45","modified_gmt":"2017-01-25T18:37:45","slug":"medidas-anunciadas-prometem-reverter-curva-apenas-ao-final-de-2018","status":"publish","type":"post","link":"https:\/\/www.jornalja.com.br\/arquivo\/medidas-anunciadas-prometem-reverter-curva-apenas-ao-final-de-2018\/","title":{"rendered":"Medidas anunciadas prometem reverter &quot;curva&quot; apenas ao final de 2018"},"content":{"rendered":"<p>Durante a entrevista coletiva o prefeito Nelson Marchezan J\u00fanior \u00a0 destacou os pontos que considera cruciais para o quadro de crise que vivem as finan\u00e7as de Porto Alegre.<br \/>\nOs dados que apresentou mostram que o crescimento m\u00e9dio da receita nos \u00faltimos anos foi de 6,9% enquanto o das despesas foi de 9,5%. Para este ano a proje\u00e7\u00e3o de crescimento da receita \u00e9 ainda menor, de 4,4% enquanto a da despesa \u00e9 de 12%. &#8220;As consequ\u00eancias n\u00e3o s\u00e3o s\u00f3 no or\u00e7amento e sim a falta na qualidade dos servi\u00e7os prestados&#8221; destacou o prefeito.<br \/>\nPara conter a crise Marchezan anunciou as seguintes \u00a0novas medidas para os pr\u00f3ximos dias:<br \/>\n* Defini\u00e7\u00e3o de prioridades e racionaliza\u00e7\u00e3o e eventos<br \/>\n* Contingenciamento do or\u00e7amento<br \/>\n* Cria\u00e7\u00e3o do Cadastro de Inadimplentes Municipal (Cadin)<br \/>\n*Redu\u00e7\u00e3o de Loca\u00e7\u00f5es de Im\u00f3veis com utiliza\u00e7\u00e3o de pr\u00f3prios<br \/>\n* Recadastramento dos servidores p\u00fablicos ativos e inativos<br \/>\n* Redu\u00e7\u00e3o nos repasses \u00e0 EPTC e CARRIS<br \/>\n* Gest\u00e3o e presta\u00e7\u00e3o de contas dos conv\u00eanios municipais<br \/>\n* Metas para incremento das receitas pr\u00f3prias<br \/>\n* Inclus\u00e3o dos devedores de tributos nos cadastros de devedores<br \/>\n* REFIS dos tributos municipais<br \/>\n*Amplia\u00e7\u00e3o do combate \u00e0 sonega\u00e7\u00e3o<br \/>\n* Aumento da Cobran\u00e7a da d\u00edvida ativa<br \/>\n*Busca de novas fontes de financiamento (PPPs)<br \/>\nN\u00e3o foi explicado especificamente nem de que forma seriam feitas essas medidas, nem o tamanho do corte anunciados nas empresas p\u00fablicas como EPTC e CARRIS. Segundo o prefeito tudo ser\u00e1 apresentado ap\u00f3s uma an\u00e1lise mais profunda da Fazenda. Marchezan tamb\u00e9m destacou que a a\u00e7\u00e3o direta da Prefeitura mexe com apenas 30% da receita e que outras a\u00e7\u00f5es devem ser feitas.<br \/>\nPara isso, um conjunto de projeto, que prometem interfer\u00eancia no or\u00e7amento e nas finan\u00e7as, ser\u00e1 enviado ainda dentro dos primeiros cem dias de governo, para a C\u00e2mara de Vereadores. Venda de espa\u00e7os p\u00fablicos e medidas impopulares n\u00e3o foram descartadas, ainda que n\u00e3o divulgadas publicamente durante a coletiva.<br \/>\nAo final da coletiva, Marchezan respondeu \u00e0s perguntas da imprensa. Repetiu que atrasar\u00e1 sal\u00e1rios. Sobre novas obras foi enf\u00e1tico: &#8220;somente aquelas que j\u00e1 tem recursos alocados&#8221;.<br \/>\n&nbsp;<\/p>\n","protected":false},"excerpt":{"rendered":"<p>Durante a entrevista coletiva o prefeito Nelson Marchezan J\u00fanior \u00a0 destacou os pontos que considera cruciais para o quadro de crise que vivem as finan\u00e7as de Porto Alegre. Os dados que apresentou mostram que o crescimento m\u00e9dio da receita nos \u00faltimos anos foi de 6,9% enquanto o das despesas foi de 9,5%. Para este ano [&hellip;]<\/p>\n","protected":false},"author":4,"featured_media":43742,"comment_status":"open","ping_status":"closed","sticky":false,"template":"","format":"standard","meta":{"_jetpack_newsletter_access":"","_jetpack_dont_email_post_to_subs":false,"_jetpack_newsletter_tier_id":0,"_jetpack_memberships_contains_paywalled_content":false,"_jetpack_feature_clip_id":0,"_jetpack_memberships_contains_paid_content":false,"footnotes":"","jetpack_post_was_ever_published":false},"categories":[26],"tags":[],"class_list":["post-43739","post","type-post","status-publish","format-standard","has-post-thumbnail","hentry","category-geral"],"aioseo_notices":[],"aioseo_head":"\n\t\t<!-- All in One SEO 5.0.1.1 - aioseo.com -->\n\t<meta name=\"robots\" content=\"max-image-preview:large\" \/>\n\t<meta name=\"author\" content=\"da Reda\u00e7\u00e3o\"\/>\n\t<link rel=\"canonical\" href=\"https:\/\/www.jornalja.com.br\/arquivo\/medidas-anunciadas-prometem-reverter-curva-apenas-ao-final-de-2018\/\" \/>\n\t<meta name=\"generator\" content=\"All in One SEO (AIOSEO) 5.0.1.1\" \/>\n\t\t<meta property=\"og:locale\" content=\"pt_BR\" \/>\n\t\t<meta property=\"og:site_name\" content=\"Arquivo | Jornal J\u00c1 | Porto Alegre\" \/>\n\t\t<meta property=\"og:type\" content=\"article\" \/>\n\t\t<meta property=\"og:title\" content=\"Medidas anunciadas prometem reverter &quot;curva&quot; apenas ao final de 2018 | Arquivo\" \/>\n\t\t<meta property=\"og:url\" content=\"https:\/\/www.jornalja.com.br\/arquivo\/medidas-anunciadas-prometem-reverter-curva-apenas-ao-final-de-2018\/\" \/>\n\t\t<meta property=\"og:image\" content=\"https:\/\/www.jornalja.com.br\/economics\/wp-content\/uploads\/sites\/11\/2026\/08\/ja-folhaderosto-facebook.jpg\" \/>\n\t\t<meta property=\"og:image:secure_url\" content=\"https:\/\/www.jornalja.com.br\/economics\/wp-content\/uploads\/sites\/11\/2026\/08\/ja-folhaderosto-facebook.jpg\" \/>\n\t\t<meta property=\"article:published_time\" content=\"2017-01-25T18:37:45+00:00\" \/>\n\t\t<meta property=\"article:modified_time\" content=\"2017-01-25T18:37:45+00:00\" \/>\n\t\t<meta name=\"twitter:card\" content=\"summary\" \/>\n\t\t<meta name=\"twitter:title\" content=\"Medidas anunciadas prometem reverter &quot;curva&quot; apenas ao final de 2018 | Arquivo\" \/>\n\t\t<meta name=\"twitter:image\" content=\"https:\/\/www.jornalja.com.br\/economics\/wp-content\/uploads\/sites\/11\/2026\/08\/ja-folhaderosto-facebook.jpg\" \/>\n\t\t<script type=\"application\/ld+json\" class=\"aioseo-schema\">\n\t\t\t{\"@context\":\"https:\\\/\\\/schema.org\",\"@graph\":[{\"@type\":\"BlogPosting\",\"@id\":\"https:\\\/\\\/www.jornalja.com.br\\\/arquivo\\\/medidas-anunciadas-prometem-reverter-curva-apenas-ao-final-de-2018\\\/#blogposting\",\"name\":\"Medidas anunciadas prometem reverter \\\"curva\\\" apenas ao final de 2018 | Arquivo\",\"headline\":\"Medidas anunciadas prometem reverter &quot;curva&quot; apenas ao final de 2018\",\"author\":{\"@id\":\"https:\\\/\\\/www.jornalja.com.br\\\/arquivo\\\/author\\\/daredacao\\\/#author\"},\"publisher\":{\"@id\":\"https:\\\/\\\/www.jornalja.com.br\\\/arquivo\\\/#organization\"},\"image\":{\"@type\":\"ImageObject\",\"url\":43742},\"datePublished\":\"2017-01-25T15:37:45-02:00\",\"dateModified\":\"2017-01-25T15:37:45-02:00\",\"inLanguage\":\"pt-BR\",\"mainEntityOfPage\":{\"@id\":\"https:\\\/\\\/www.jornalja.com.br\\\/arquivo\\\/medidas-anunciadas-prometem-reverter-curva-apenas-ao-final-de-2018\\\/#webpage\"},\"isPartOf\":{\"@id\":\"https:\\\/\\\/www.jornalja.com.br\\\/arquivo\\\/medidas-anunciadas-prometem-reverter-curva-apenas-ao-final-de-2018\\\/#webpage\"},\"articleSection\":\"Geral\"},{\"@type\":\"BreadcrumbList\",\"@id\":\"https:\\\/\\\/www.jornalja.com.br\\\/arquivo\\\/medidas-anunciadas-prometem-reverter-curva-apenas-ao-final-de-2018\\\/#breadcrumblist\",\"itemListElement\":[{\"@type\":\"ListItem\",\"@id\":\"https:\\\/\\\/www.jornalja.com.br\\\/arquivo#listItem\",\"position\":1,\"name\":\"Home\",\"item\":\"https:\\\/\\\/www.jornalja.com.br\\\/arquivo\",\"nextItem\":{\"@type\":\"ListItem\",\"@id\":\"https:\\\/\\\/www.jornalja.com.br\\\/arquivo\\\/category\\\/geral\\\/#listItem\",\"name\":\"Geral\"}},{\"@type\":\"ListItem\",\"@id\":\"https:\\\/\\\/www.jornalja.com.br\\\/arquivo\\\/category\\\/geral\\\/#listItem\",\"position\":2,\"name\":\"Geral\",\"item\":\"https:\\\/\\\/www.jornalja.com.br\\\/arquivo\\\/category\\\/geral\\\/\",\"nextItem\":{\"@type\":\"ListItem\",\"@id\":\"https:\\\/\\\/www.jornalja.com.br\\\/arquivo\\\/medidas-anunciadas-prometem-reverter-curva-apenas-ao-final-de-2018\\\/#listItem\",\"name\":\"Medidas anunciadas prometem reverter &quot;curva&quot; apenas ao final de 2018\"},\"previousItem\":{\"@type\":\"ListItem\",\"@id\":\"https:\\\/\\\/www.jornalja.com.br\\\/arquivo#listItem\",\"name\":\"Home\"}},{\"@type\":\"ListItem\",\"@id\":\"https:\\\/\\\/www.jornalja.com.br\\\/arquivo\\\/medidas-anunciadas-prometem-reverter-curva-apenas-ao-final-de-2018\\\/#listItem\",\"position\":3,\"name\":\"Medidas anunciadas prometem reverter &quot;curva&quot; apenas ao final de 2018\",\"previousItem\":{\"@type\":\"ListItem\",\"@id\":\"https:\\\/\\\/www.jornalja.com.br\\\/arquivo\\\/category\\\/geral\\\/#listItem\",\"name\":\"Geral\"}}]},{\"@type\":\"Organization\",\"@id\":\"https:\\\/\\\/www.jornalja.com.br\\\/arquivo\\\/#organization\",\"name\":\"Jornal J\\u00c1\",\"description\":\"Jornal J\\u00c1 | Porto Alegre\",\"url\":\"https:\\\/\\\/www.jornalja.com.br\\\/arquivo\\\/\",\"telephone\":\"+555133307272\",\"logo\":{\"@type\":\"ImageObject\",\"url\":\"https:\\\/\\\/www.jornalja.com.br\\\/wp-content\\\/uploads\\\/cards\\\/JAslogan.png\",\"@id\":\"https:\\\/\\\/www.jornalja.com.br\\\/arquivo\\\/medidas-anunciadas-prometem-reverter-curva-apenas-ao-final-de-2018\\\/#organizationLogo\"},\"image\":{\"@id\":\"https:\\\/\\\/www.jornalja.com.br\\\/arquivo\\\/medidas-anunciadas-prometem-reverter-curva-apenas-ao-final-de-2018\\\/#organizationLogo\"}},{\"@type\":\"Person\",\"@id\":\"https:\\\/\\\/www.jornalja.com.br\\\/arquivo\\\/author\\\/daredacao\\\/#author\",\"url\":\"https:\\\/\\\/www.jornalja.com.br\\\/arquivo\\\/author\\\/daredacao\\\/\",\"name\":\"da Reda\\u00e7\\u00e3o\",\"image\":{\"@type\":\"ImageObject\",\"@id\":\"https:\\\/\\\/www.jornalja.com.br\\\/arquivo\\\/medidas-anunciadas-prometem-reverter-curva-apenas-ao-final-de-2018\\\/#authorImage\",\"url\":\"https:\\\/\\\/secure.gravatar.com\\\/avatar\\\/469fd857d6605ad19919d27ed29d35a968a25f6e8fd9318356bbb7f57aae9c65?s=96&d=mm&r=g\",\"width\":96,\"height\":96,\"caption\":\"da Reda\\u00e7\\u00e3o\"}},{\"@type\":\"WebPage\",\"@id\":\"https:\\\/\\\/www.jornalja.com.br\\\/arquivo\\\/medidas-anunciadas-prometem-reverter-curva-apenas-ao-final-de-2018\\\/#webpage\",\"url\":\"https:\\\/\\\/www.jornalja.com.br\\\/arquivo\\\/medidas-anunciadas-prometem-reverter-curva-apenas-ao-final-de-2018\\\/\",\"name\":\"Medidas anunciadas prometem reverter \\\"curva\\\" apenas ao final de 2018 | Arquivo\",\"inLanguage\":\"pt-BR\",\"isPartOf\":{\"@id\":\"https:\\\/\\\/www.jornalja.com.br\\\/arquivo\\\/#website\"},\"breadcrumb\":{\"@id\":\"https:\\\/\\\/www.jornalja.com.br\\\/arquivo\\\/medidas-anunciadas-prometem-reverter-curva-apenas-ao-final-de-2018\\\/#breadcrumblist\"},\"author\":{\"@id\":\"https:\\\/\\\/www.jornalja.com.br\\\/arquivo\\\/author\\\/daredacao\\\/#author\"},\"creator\":{\"@id\":\"https:\\\/\\\/www.jornalja.com.br\\\/arquivo\\\/author\\\/daredacao\\\/#author\"},\"image\":{\"@type\":\"ImageObject\",\"url\":43742,\"@id\":\"https:\\\/\\\/www.jornalja.com.br\\\/arquivo\\\/medidas-anunciadas-prometem-reverter-curva-apenas-ao-final-de-2018\\\/#mainImage\"},\"primaryImageOfPage\":{\"@id\":\"https:\\\/\\\/www.jornalja.com.br\\\/arquivo\\\/medidas-anunciadas-prometem-reverter-curva-apenas-ao-final-de-2018\\\/#mainImage\"},\"datePublished\":\"2017-01-25T15:37:45-02:00\",\"dateModified\":\"2017-01-25T15:37:45-02:00\"},{\"@type\":\"WebSite\",\"@id\":\"https:\\\/\\\/www.jornalja.com.br\\\/arquivo\\\/#website\",\"url\":\"https:\\\/\\\/www.jornalja.com.br\\\/arquivo\\\/\",\"name\":\"Arquivo\",\"description\":\"Jornal J\\u00c1 | Porto Alegre\",\"inLanguage\":\"pt-BR\",\"publisher\":{\"@id\":\"https:\\\/\\\/www.jornalja.com.br\\\/arquivo\\\/#organization\"}}]}\n\t\t<\/script>\n\t\t<!-- All in One SEO -->\n\n","aioseo_head_json":{"title":"Medidas anunciadas prometem reverter \"curva\" apenas ao final de 2018 | Arquivo","description":"","canonical_url":"https:\/\/www.jornalja.com.br\/arquivo\/medidas-anunciadas-prometem-reverter-curva-apenas-ao-final-de-2018\/","robots":"max-image-preview:large","keywords":"","webmasterTools":{"miscellaneous":""},"schema":{"@context":"https:\/\/schema.org","@graph":[{"@type":"BlogPosting","@id":"https:\/\/www.jornalja.com.br\/arquivo\/medidas-anunciadas-prometem-reverter-curva-apenas-ao-final-de-2018\/#blogposting","name":"Medidas anunciadas prometem reverter \"curva\" apenas ao final de 2018 | Arquivo","headline":"Medidas anunciadas prometem reverter &quot;curva&quot; apenas ao final de 2018","author":{"@id":"https:\/\/www.jornalja.com.br\/arquivo\/author\/daredacao\/#author"},"publisher":{"@id":"https:\/\/www.jornalja.com.br\/arquivo\/#organization"},"image":{"@type":"ImageObject","url":43742},"datePublished":"2017-01-25T15:37:45-02:00","dateModified":"2017-01-25T15:37:45-02:00","inLanguage":"pt-BR","mainEntityOfPage":{"@id":"https:\/\/www.jornalja.com.br\/arquivo\/medidas-anunciadas-prometem-reverter-curva-apenas-ao-final-de-2018\/#webpage"},"isPartOf":{"@id":"https:\/\/www.jornalja.com.br\/arquivo\/medidas-anunciadas-prometem-reverter-curva-apenas-ao-final-de-2018\/#webpage"},"articleSection":"Geral"},{"@type":"BreadcrumbList","@id":"https:\/\/www.jornalja.com.br\/arquivo\/medidas-anunciadas-prometem-reverter-curva-apenas-ao-final-de-2018\/#breadcrumblist","itemListElement":[{"@type":"ListItem","@id":"https:\/\/www.jornalja.com.br\/arquivo#listItem","position":1,"name":"Home","item":"https:\/\/www.jornalja.com.br\/arquivo","nextItem":{"@type":"ListItem","@id":"https:\/\/www.jornalja.com.br\/arquivo\/category\/geral\/#listItem","name":"Geral"}},{"@type":"ListItem","@id":"https:\/\/www.jornalja.com.br\/arquivo\/category\/geral\/#listItem","position":2,"name":"Geral","item":"https:\/\/www.jornalja.com.br\/arquivo\/category\/geral\/","nextItem":{"@type":"ListItem","@id":"https:\/\/www.jornalja.com.br\/arquivo\/medidas-anunciadas-prometem-reverter-curva-apenas-ao-final-de-2018\/#listItem","name":"Medidas anunciadas prometem reverter &quot;curva&quot; apenas ao final de 2018"},"previousItem":{"@type":"ListItem","@id":"https:\/\/www.jornalja.com.br\/arquivo#listItem","name":"Home"}},{"@type":"ListItem","@id":"https:\/\/www.jornalja.com.br\/arquivo\/medidas-anunciadas-prometem-reverter-curva-apenas-ao-final-de-2018\/#listItem","position":3,"name":"Medidas anunciadas prometem reverter &quot;curva&quot; apenas ao final de 2018","previousItem":{"@type":"ListItem","@id":"https:\/\/www.jornalja.com.br\/arquivo\/category\/geral\/#listItem","name":"Geral"}}]},{"@type":"Organization","@id":"https:\/\/www.jornalja.com.br\/arquivo\/#organization","name":"Jornal J\u00c1","description":"Jornal J\u00c1 | Porto Alegre","url":"https:\/\/www.jornalja.com.br\/arquivo\/","telephone":"+555133307272","logo":{"@type":"ImageObject","url":"https:\/\/www.jornalja.com.br\/wp-content\/uploads\/cards\/JAslogan.png","@id":"https:\/\/www.jornalja.com.br\/arquivo\/medidas-anunciadas-prometem-reverter-curva-apenas-ao-final-de-2018\/#organizationLogo"},"image":{"@id":"https:\/\/www.jornalja.com.br\/arquivo\/medidas-anunciadas-prometem-reverter-curva-apenas-ao-final-de-2018\/#organizationLogo"}},{"@type":"Person","@id":"https:\/\/www.jornalja.com.br\/arquivo\/author\/daredacao\/#author","url":"https:\/\/www.jornalja.com.br\/arquivo\/author\/daredacao\/","name":"da Reda\u00e7\u00e3o","image":{"@type":"ImageObject","@id":"https:\/\/www.jornalja.com.br\/arquivo\/medidas-anunciadas-prometem-reverter-curva-apenas-ao-final-de-2018\/#authorImage","url":"https:\/\/secure.gravatar.com\/avatar\/469fd857d6605ad19919d27ed29d35a968a25f6e8fd9318356bbb7f57aae9c65?s=96&d=mm&r=g","width":96,"height":96,"caption":"da Reda\u00e7\u00e3o"}},{"@type":"WebPage","@id":"https:\/\/www.jornalja.com.br\/arquivo\/medidas-anunciadas-prometem-reverter-curva-apenas-ao-final-de-2018\/#webpage","url":"https:\/\/www.jornalja.com.br\/arquivo\/medidas-anunciadas-prometem-reverter-curva-apenas-ao-final-de-2018\/","name":"Medidas anunciadas prometem reverter \"curva\" apenas ao final de 2018 | Arquivo","inLanguage":"pt-BR","isPartOf":{"@id":"https:\/\/www.jornalja.com.br\/arquivo\/#website"},"breadcrumb":{"@id":"https:\/\/www.jornalja.com.br\/arquivo\/medidas-anunciadas-prometem-reverter-curva-apenas-ao-final-de-2018\/#breadcrumblist"},"author":{"@id":"https:\/\/www.jornalja.com.br\/arquivo\/author\/daredacao\/#author"},"creator":{"@id":"https:\/\/www.jornalja.com.br\/arquivo\/author\/daredacao\/#author"},"image":{"@type":"ImageObject","url":43742,"@id":"https:\/\/www.jornalja.com.br\/arquivo\/medidas-anunciadas-prometem-reverter-curva-apenas-ao-final-de-2018\/#mainImage"},"primaryImageOfPage":{"@id":"https:\/\/www.jornalja.com.br\/arquivo\/medidas-anunciadas-prometem-reverter-curva-apenas-ao-final-de-2018\/#mainImage"},"datePublished":"2017-01-25T15:37:45-02:00","dateModified":"2017-01-25T15:37:45-02:00"},{"@type":"WebSite","@id":"https:\/\/www.jornalja.com.br\/arquivo\/#website","url":"https:\/\/www.jornalja.com.br\/arquivo\/","name":"Arquivo","description":"Jornal J\u00c1 | Porto Alegre","inLanguage":"pt-BR","publisher":{"@id":"https:\/\/www.jornalja.com.br\/arquivo\/#organization"}}]},"og:locale":"pt_BR","og:site_name":"Arquivo | Jornal J\u00c1 | Porto Alegre","og:type":"article","og:title":"Medidas anunciadas prometem reverter &quot;curva&quot; apenas ao final de 2018 | Arquivo","og:url":"https:\/\/www.jornalja.com.br\/arquivo\/medidas-anunciadas-prometem-reverter-curva-apenas-ao-final-de-2018\/","og:image":"https:\/\/www.jornalja.com.br\/economics\/wp-content\/uploads\/sites\/11\/2026\/08\/ja-folhaderosto-facebook.jpg","og:image:secure_url":"https:\/\/www.jornalja.com.br\/economics\/wp-content\/uploads\/sites\/11\/2026\/08\/ja-folhaderosto-facebook.jpg","article:published_time":"2017-01-25T18:37:45+00:00","article:modified_time":"2017-01-25T18:37:45+00:00","twitter:card":"summary","twitter:title":"Medidas anunciadas prometem reverter &quot;curva&quot; apenas ao final de 2018 | Arquivo","twitter:image":"https:\/\/www.jornalja.com.br\/economics\/wp-content\/uploads\/sites\/11\/2026\/08\/ja-folhaderosto-facebook.jpg"},"aioseo_meta_data":{"post_id":"43739","title":null,"description":null,"keywords":null,"keyphrases":null,"primary_term":null,"canonical_url":null,"og_title":null,"og_description":null,"og_object_type":"default","og_image_type":"default","og_image_url":null,"og_image_width":null,"og_image_height":null,"og_image_custom_url":null,"og_image_custom_fields":null,"og_video":null,"og_custom_url":null,"og_article_section":null,"og_article_tags":null,"twitter_use_og":false,"twitter_card":"default","twitter_image_type":"default","twitter_image_url":null,"twitter_image_custom_url":null,"twitter_image_custom_fields":null,"twitter_title":null,"twitter_description":null,"schema":{"blockGraphs":[],"customGraphs":[],"default":{"data":{"Article":[],"Course":[],"Dataset":[],"FAQPage":[],"Movie":[],"Person":[],"Product":[],"ProductReview":[],"Car":[],"Recipe":[],"Service":[],"SoftwareApplication":[],"WebPage":[]},"graphName":"","isEnabled":true},"graphs":[]},"schema_type":null,"schema_type_options":null,"pillar_content":false,"robots_default":true,"robots_noindex":false,"robots_noarchive":false,"robots_nosnippet":false,"robots_nofollow":false,"robots_noimageindex":false,"robots_noodp":false,"robots_notranslate":false,"robots_max_snippet":null,"robots_max_videopreview":null,"robots_max_imagepreview":"large","priority":null,"frequency":null,"location":null,"local_seo":null,"breadcrumb_settings":null,"limit_modified_date":false,"ai":null,"created":"2020-12-20 20:41:47","updated":"2025-07-19 19:34:07","seo_analyzer_scan_date":null,"focus_keyword":null,"additional_keywords":null,"truseo_locale":null},"jetpack_sharing_enabled":true,"jetpack-related-posts":[{"id":13128,"url":"https:\/\/www.jornalja.com.br\/arquivo\/maconha-terra-diz-que-uso-medicinal-e-desculpa\/","url_meta":{"origin":43739,"position":0},"title":"Maconha: Terra diz que uso medicinal \u00e9 desculpa","author":"Patr\u00edcia Marini","date":"4 de junho de 2014","format":false,"excerpt":"A condi\u00e7\u00e3o de pol\u00edtico, em \u00e9poca de campanha de campanha eleitoral, tira for\u00e7a do discurso do m\u00e9dico Osmar Terra contra a legaliza\u00e7\u00e3o da maconha. A tese dele de que a libera\u00e7\u00e3o vai ampliar exponencialmente o consumo \u00e9 discutivel, o consumo \u00e9 corrente. Mas seus alertas quanto aos riscos tem que\u2026","rel":"","context":"Em &quot;X.Categorias velhas&quot;","block_context":{"text":"X.Categorias velhas","link":"https:\/\/www.jornalja.com.br\/arquivo\/category\/x-categorias-velhas\/"},"img":{"alt_text":"","src":"","width":0,"height":0},"classes":[]},{"id":13101,"url":"https:\/\/www.jornalja.com.br\/arquivo\/morre-um-guerreiro-do-texto\/","url_meta":{"origin":43739,"position":1},"title":"Morre um guerreiro do texto","author":"Patr\u00edcia Marini","date":"14 de maio de 2014","format":false,"excerpt":"Por Ricardo Kotscho Reproduzido do blog do autor, 11\/5\/2014; t\u00edtulo original \u201cE l\u00e1 se foi o nosso Myltainho, guerreiro do texto\u201d. Mi\u00fado e franzino, meu amigo Myltainho era um valente e inconformado guerreiro na luta contra as injusti\u00e7as sociais, a hipocrisia, as maracutaias, o autoritarismo, a intoler\u00e2ncia, a viol\u00eancia, o\u2026","rel":"","context":"Em &quot;Geral&quot;","block_context":{"text":"Geral","link":"https:\/\/www.jornalja.com.br\/arquivo\/category\/geral\/"},"img":{"alt_text":"","src":"","width":0,"height":0},"classes":[]},{"id":5440,"url":"https:\/\/www.jornalja.com.br\/arquivo\/casarao-da-venancio-destino-permanece-incerto\/","url_meta":{"origin":43739,"position":2},"title":"Estado ainda n\u00e3o sabe o que fazer com casar\u00e3o abandonado h\u00e1 20 anos","author":"Elmar Bones","date":"6 de julho de 2009","format":false,"excerpt":"O casar\u00e3o amarelo, numa esquina nobre de Porto Alegre (Ven\u00e2ncio Aires com Jo\u00e3o Pessoa), j\u00e1 abrigou uma escola. H\u00e1 duas d\u00e9cadas, pelo menos, est\u00e1 abandonado, porque seu propriet\u00e1rio, o governo do Estado do Rio Grande do Sul, n\u00e3o consegue achar um destino para ele. Planos n\u00e3o faltaram. O governador Ol\u00edvio\u2026","rel":"","context":"Em &quot;X.Categorias velhas&quot;","block_context":{"text":"X.Categorias velhas","link":"https:\/\/www.jornalja.com.br\/arquivo\/category\/x-categorias-velhas\/"},"img":{"alt_text":"geraldo1","src":"https:\/\/i0.wp.com\/www.jornalja.com.br\/wp-content\/uploads\/2009\/07\/geraldo1.jpg?resize=350%2C200&ssl=1","width":350,"height":200},"classes":[]},{"id":13240,"url":"https:\/\/www.jornalja.com.br\/arquivo\/plano-diretor-estamos-construindo-o-caos\/","url_meta":{"origin":43739,"position":3},"title":"Plano diretor: &quot;Estamos construindo o caos&quot;","author":"Patr\u00edcia Marini","date":"26 de maio de 2014","format":false,"excerpt":"Desabafo que arquiteta Eliana Castilhos, delegada da Regi\u00e3o de Planejamento 1, postou nas redes sociais \u00e9 um testemunho do ambiente que se criou no Conselho do Plano Diretor de Porto Alegre, onde a aprova\u00e7\u00e3o de grandes empreendimentos \u00e9 empurrada guela abaixo dos conselheiros. Ao CMDUA Como delegada da Regi\u00e3o de\u2026","rel":"","context":"Em &quot;Geral&quot;","block_context":{"text":"Geral","link":"https:\/\/www.jornalja.com.br\/arquivo\/category\/geral\/"},"img":{"alt_text":"","src":"","width":0,"height":0},"classes":[]},{"id":14241,"url":"https:\/\/www.jornalja.com.br\/arquivo\/o-guaiba-nas-imagens-poeticas-de-achutti\/","url_meta":{"origin":43739,"position":4},"title":"O Gua\u00edba nas imagens po\u00e9ticas de Achutti","author":"da Reda\u00e7\u00e3o","date":"18 de junho de 2014","format":false,"excerpt":"Em \u201cO Gua\u00edba por Achutti\u201d \u2013 obra financiada via Minist\u00e9rio da Cultura, produ\u00e7\u00e3o executiva de Pedro Longhi, e Fl\u00e1vio Wild como designer \u2013, o fot\u00f3grafo revela a beleza e as mazelas de um espa\u00e7o aqu\u00e1tico de \u00e1guas sempre renovadas, cheio de hist\u00f3rias e lendas como as das cidades que foram\u2026","rel":"","context":"Em &quot;Cultura-Geral&quot;","block_context":{"text":"Cultura-Geral","link":"https:\/\/www.jornalja.com.br\/arquivo\/category\/materiasecundaria\/"},"img":{"alt_text":"","src":"","width":0,"height":0},"classes":[]}],"jetpack_shortlink":"https:\/\/wp.me\/pbQjBd-bnt","jetpack_featured_media_url":"","_links":{"self":[{"href":"https:\/\/www.jornalja.com.br\/arquivo\/wp-json\/wp\/v2\/posts\/43739","targetHints":{"allow":["GET"]}}],"collection":[{"href":"https:\/\/www.jornalja.com.br\/arquivo\/wp-json\/wp\/v2\/posts"}],"about":[{"href":"https:\/\/www.jornalja.com.br\/arquivo\/wp-json\/wp\/v2\/types\/post"}],"author":[{"embeddable":true,"href":"https:\/\/www.jornalja.com.br\/arquivo\/wp-json\/wp\/v2\/users\/4"}],"replies":[{"embeddable":true,"href":"https:\/\/www.jornalja.com.br\/arquivo\/wp-json\/wp\/v2\/comments?post=43739"}],"version-history":[{"count":0,"href":"https:\/\/www.jornalja.com.br\/arquivo\/wp-json\/wp\/v2\/posts\/43739\/revisions"}],"wp:attachment":[{"href":"https:\/\/www.jornalja.com.br\/arquivo\/wp-json\/wp\/v2\/media?parent=43739"}],"wp:term":[{"taxonomy":"category","embeddable":true,"href":"https:\/\/www.jornalja.com.br\/arquivo\/wp-json\/wp\/v2\/categories?post=43739"},{"taxonomy":"post_tag","embeddable":true,"href":"https:\/\/www.jornalja.com.br\/arquivo\/wp-json\/wp\/v2\/tags?post=43739"}],"curies":[{"name":"wp","href":"https:\/\/api.w.org\/{rel}","templated":true}]}}