{"id":43766,"date":"2017-01-25T16:03:51","date_gmt":"2017-01-25T19:03:51","guid":{"rendered":"https:\/\/www.jornalja.com.br\/?p=43766"},"modified":"2017-01-25T16:03:51","modified_gmt":"2017-01-25T19:03:51","slug":"zoravia-bettiol-apresenta-ornatos-texteis-para-homens-e-mulheres","status":"publish","type":"post","link":"https:\/\/www.jornalja.com.br\/arquivo\/zoravia-bettiol-apresenta-ornatos-texteis-para-homens-e-mulheres\/","title":{"rendered":"Zoravia Bettiol apresenta ornatos t\u00eaxteis para homens e mulheres"},"content":{"rendered":"<p>Aberta a primeira mostra do ano de Zoravia Bettiol. Por poucos dias &#8211; at\u00e9 3 de fevereiro &#8211; a cole\u00e7\u00e3o <strong>Ornatos T\u00eaxteis Oxumar\u00e9<\/strong>\u00a0est\u00e1 sendo apresentada no est\u00fadio da artista, na Zona Sul, depois de ter sido exibida em S\u00e3o Paulo e em S\u00e3o Francisco, na Calif\u00f3rnia.<br \/>\n<figure id=\"attachment_43770\" aria-describedby=\"caption-attachment-43770\" style=\"width: 145px\" class=\"wp-caption alignright\"><img loading=\"lazy\" decoding=\"async\" class=\" wp-image-43770\" src=\"https:\/\/www.jornalja.com.br\/wp-content\/uploads\/2017\/01\/zoravia-ornato-21b.jpg\" alt=\"O cinto pode virar colar ou enfeite para a cabe\u00e7a\" width=\"145\" height=\"200\" \/><figcaption id=\"caption-attachment-43770\" class=\"wp-caption-text\">O cinto tamb\u00e9m pode virar colar<\/figcaption><\/figure><br \/>\nS\u00e3o 30 ornatos t\u00eaxteis inspiradas no mito do Orix\u00e1 (Deus) do arco-\u00edris, legado da cultura afro-brasileira, representado por uma serpente de duas cabe\u00e7as, simbolizando a uni\u00e3o do mundo material e espiritual.<br \/>\nAo criar a cole\u00e7\u00e3o Oxumar\u00e9, Zoravia imagina mulheres e homens embelezando seus corpos com os colares, peitorais, ornatos de cabe\u00e7a, cintos e tornozeleiras.<br \/>\nAs pe\u00e7as s\u00e3o transmut\u00e1veis e podem ser usadas para diversas fun\u00e7\u00f5es como servir de cinto, de colar e de enfeite de cabe\u00e7a, alternadamente.<br \/>\nOs ornatos s\u00e3o feitos com cord\u00f5es de fios de algod\u00e3o e viscose retorcidos, que, costurados entre si, formam a base para estruturar pe\u00e7as complementadas por pedras brasileiras ou contas de diferentes materiais.<br \/>\n<strong><img loading=\"lazy\" decoding=\"async\" class=\"wp-image-43771 alignleft\" src=\"https:\/\/www.jornalja.com.br\/wp-content\/uploads\/2017\/01\/zoravia-ornatos-azuis.jpg\" alt=\"zoravia-ornatos azuis\" width=\"249\" height=\"363\" \/>As pe\u00e7as est\u00e3o \u00e0 venda e podem ser adquiridas mediante pagamento parcelado.<\/strong><br \/>\n<strong>Local: <\/strong>Est\u00fadio Zoravia Bettiol \u2013 Rua Dr. Possid\u00f4nio da Cunha, 272 | Vila Assun\u00e7\u00e3o \u2013 Porto Alegre.<br \/>\n<strong>Per\u00edodo: <\/strong>de 24\/01 a 03\/02\/2017<br \/>\n<strong>Visita\u00e7\u00e3o: <\/strong>de segunda a sexta-feira das 10 \u00e0s 19h<br \/>\n&nbsp;<br \/>\n&nbsp;<br \/>\n<img loading=\"lazy\" decoding=\"async\" class=\"size-full wp-image-43777 aligncenter\" src=\"https:\/\/www.jornalja.com.br\/wp-content\/uploads\/2017\/01\/zoravia-convite-ornatos.jpg\" alt=\"zoravia convite ornatos\" width=\"560\" height=\"451\" \/><\/p>\n","protected":false},"excerpt":{"rendered":"<p>Aberta a primeira mostra do ano de Zoravia Bettiol. Por poucos dias &#8211; at\u00e9 3 de fevereiro &#8211; a cole\u00e7\u00e3o Ornatos T\u00eaxteis Oxumar\u00e9\u00a0est\u00e1 sendo apresentada no est\u00fadio da artista, na Zona Sul, depois de ter sido exibida em S\u00e3o Paulo e em S\u00e3o Francisco, na Calif\u00f3rnia. S\u00e3o 30 ornatos t\u00eaxteis inspiradas no mito do Orix\u00e1 [&hellip;]<\/p>\n","protected":false},"author":4,"featured_media":43769,"comment_status":"open","ping_status":"closed","sticky":false,"template":"","format":"standard","meta":{"_jetpack_newsletter_access":"","_jetpack_dont_email_post_to_subs":false,"_jetpack_newsletter_tier_id":0,"_jetpack_memberships_contains_paywalled_content":false,"_jetpack_feature_clip_id":0,"_jetpack_memberships_contains_paid_content":false,"footnotes":"","jetpack_post_was_ever_published":false},"categories":[26],"tags":[],"class_list":["post-43766","post","type-post","status-publish","format-standard","has-post-thumbnail","hentry","category-geral"],"aioseo_notices":[],"aioseo_head":"\n\t\t<!-- All in One SEO 5.0.1.1 - aioseo.com -->\n\t<meta name=\"robots\" content=\"max-image-preview:large\" \/>\n\t<meta name=\"author\" content=\"da Reda\u00e7\u00e3o\"\/>\n\t<link rel=\"canonical\" href=\"https:\/\/www.jornalja.com.br\/arquivo\/zoravia-bettiol-apresenta-ornatos-texteis-para-homens-e-mulheres\/\" \/>\n\t<meta name=\"generator\" content=\"All in One SEO (AIOSEO) 5.0.1.1\" \/>\n\t\t<meta property=\"og:locale\" content=\"pt_BR\" \/>\n\t\t<meta property=\"og:site_name\" content=\"Arquivo | Jornal J\u00c1 | Porto Alegre\" \/>\n\t\t<meta property=\"og:type\" content=\"article\" \/>\n\t\t<meta property=\"og:title\" content=\"Zoravia Bettiol apresenta ornatos t\u00eaxteis para homens e mulheres | Arquivo\" \/>\n\t\t<meta property=\"og:url\" content=\"https:\/\/www.jornalja.com.br\/arquivo\/zoravia-bettiol-apresenta-ornatos-texteis-para-homens-e-mulheres\/\" \/>\n\t\t<meta property=\"og:image\" content=\"https:\/\/www.jornalja.com.br\/wp-content\/uploads\/2017\/01\/zoravia-ornato-21b.jpg\" \/>\n\t\t<meta property=\"og:image:secure_url\" content=\"https:\/\/www.jornalja.com.br\/wp-content\/uploads\/2017\/01\/zoravia-ornato-21b.jpg\" \/>\n\t\t<meta property=\"article:published_time\" content=\"2017-01-25T19:03:51+00:00\" \/>\n\t\t<meta property=\"article:modified_time\" content=\"2017-01-25T19:03:51+00:00\" \/>\n\t\t<meta name=\"twitter:card\" content=\"summary\" \/>\n\t\t<meta name=\"twitter:title\" content=\"Zoravia Bettiol apresenta ornatos t\u00eaxteis para homens e mulheres | Arquivo\" \/>\n\t\t<meta name=\"twitter:image\" content=\"https:\/\/www.jornalja.com.br\/economics\/wp-content\/uploads\/sites\/11\/2026\/08\/ja-folhaderosto-facebook.jpg\" \/>\n\t\t<script type=\"application\/ld+json\" class=\"aioseo-schema\">\n\t\t\t{\"@context\":\"https:\\\/\\\/schema.org\",\"@graph\":[{\"@type\":\"BlogPosting\",\"@id\":\"https:\\\/\\\/www.jornalja.com.br\\\/arquivo\\\/zoravia-bettiol-apresenta-ornatos-texteis-para-homens-e-mulheres\\\/#blogposting\",\"name\":\"Zoravia Bettiol apresenta ornatos t\\u00eaxteis para homens e mulheres | Arquivo\",\"headline\":\"Zoravia Bettiol apresenta ornatos t\\u00eaxteis para homens e mulheres\",\"author\":{\"@id\":\"https:\\\/\\\/www.jornalja.com.br\\\/arquivo\\\/author\\\/daredacao\\\/#author\"},\"publisher\":{\"@id\":\"https:\\\/\\\/www.jornalja.com.br\\\/arquivo\\\/#organization\"},\"image\":{\"@type\":\"ImageObject\",\"url\":43769},\"datePublished\":\"2017-01-25T16:03:51-02:00\",\"dateModified\":\"2017-01-25T16:03:51-02:00\",\"inLanguage\":\"pt-BR\",\"mainEntityOfPage\":{\"@id\":\"https:\\\/\\\/www.jornalja.com.br\\\/arquivo\\\/zoravia-bettiol-apresenta-ornatos-texteis-para-homens-e-mulheres\\\/#webpage\"},\"isPartOf\":{\"@id\":\"https:\\\/\\\/www.jornalja.com.br\\\/arquivo\\\/zoravia-bettiol-apresenta-ornatos-texteis-para-homens-e-mulheres\\\/#webpage\"},\"articleSection\":\"Geral\"},{\"@type\":\"BreadcrumbList\",\"@id\":\"https:\\\/\\\/www.jornalja.com.br\\\/arquivo\\\/zoravia-bettiol-apresenta-ornatos-texteis-para-homens-e-mulheres\\\/#breadcrumblist\",\"itemListElement\":[{\"@type\":\"ListItem\",\"@id\":\"https:\\\/\\\/www.jornalja.com.br\\\/arquivo#listItem\",\"position\":1,\"name\":\"Home\",\"item\":\"https:\\\/\\\/www.jornalja.com.br\\\/arquivo\",\"nextItem\":{\"@type\":\"ListItem\",\"@id\":\"https:\\\/\\\/www.jornalja.com.br\\\/arquivo\\\/category\\\/geral\\\/#listItem\",\"name\":\"Geral\"}},{\"@type\":\"ListItem\",\"@id\":\"https:\\\/\\\/www.jornalja.com.br\\\/arquivo\\\/category\\\/geral\\\/#listItem\",\"position\":2,\"name\":\"Geral\",\"item\":\"https:\\\/\\\/www.jornalja.com.br\\\/arquivo\\\/category\\\/geral\\\/\",\"nextItem\":{\"@type\":\"ListItem\",\"@id\":\"https:\\\/\\\/www.jornalja.com.br\\\/arquivo\\\/zoravia-bettiol-apresenta-ornatos-texteis-para-homens-e-mulheres\\\/#listItem\",\"name\":\"Zoravia Bettiol apresenta ornatos t\\u00eaxteis para homens e mulheres\"},\"previousItem\":{\"@type\":\"ListItem\",\"@id\":\"https:\\\/\\\/www.jornalja.com.br\\\/arquivo#listItem\",\"name\":\"Home\"}},{\"@type\":\"ListItem\",\"@id\":\"https:\\\/\\\/www.jornalja.com.br\\\/arquivo\\\/zoravia-bettiol-apresenta-ornatos-texteis-para-homens-e-mulheres\\\/#listItem\",\"position\":3,\"name\":\"Zoravia Bettiol apresenta ornatos t\\u00eaxteis para homens e mulheres\",\"previousItem\":{\"@type\":\"ListItem\",\"@id\":\"https:\\\/\\\/www.jornalja.com.br\\\/arquivo\\\/category\\\/geral\\\/#listItem\",\"name\":\"Geral\"}}]},{\"@type\":\"Organization\",\"@id\":\"https:\\\/\\\/www.jornalja.com.br\\\/arquivo\\\/#organization\",\"name\":\"Jornal J\\u00c1\",\"description\":\"Jornal J\\u00c1 | Porto Alegre\",\"url\":\"https:\\\/\\\/www.jornalja.com.br\\\/arquivo\\\/\",\"telephone\":\"+555133307272\",\"logo\":{\"@type\":\"ImageObject\",\"url\":\"https:\\\/\\\/www.jornalja.com.br\\\/wp-content\\\/uploads\\\/cards\\\/JAslogan.png\",\"@id\":\"https:\\\/\\\/www.jornalja.com.br\\\/arquivo\\\/zoravia-bettiol-apresenta-ornatos-texteis-para-homens-e-mulheres\\\/#organizationLogo\"},\"image\":{\"@id\":\"https:\\\/\\\/www.jornalja.com.br\\\/arquivo\\\/zoravia-bettiol-apresenta-ornatos-texteis-para-homens-e-mulheres\\\/#organizationLogo\"}},{\"@type\":\"Person\",\"@id\":\"https:\\\/\\\/www.jornalja.com.br\\\/arquivo\\\/author\\\/daredacao\\\/#author\",\"url\":\"https:\\\/\\\/www.jornalja.com.br\\\/arquivo\\\/author\\\/daredacao\\\/\",\"name\":\"da Reda\\u00e7\\u00e3o\",\"image\":{\"@type\":\"ImageObject\",\"@id\":\"https:\\\/\\\/www.jornalja.com.br\\\/arquivo\\\/zoravia-bettiol-apresenta-ornatos-texteis-para-homens-e-mulheres\\\/#authorImage\",\"url\":\"https:\\\/\\\/secure.gravatar.com\\\/avatar\\\/469fd857d6605ad19919d27ed29d35a968a25f6e8fd9318356bbb7f57aae9c65?s=96&d=mm&r=g\",\"width\":96,\"height\":96,\"caption\":\"da Reda\\u00e7\\u00e3o\"}},{\"@type\":\"WebPage\",\"@id\":\"https:\\\/\\\/www.jornalja.com.br\\\/arquivo\\\/zoravia-bettiol-apresenta-ornatos-texteis-para-homens-e-mulheres\\\/#webpage\",\"url\":\"https:\\\/\\\/www.jornalja.com.br\\\/arquivo\\\/zoravia-bettiol-apresenta-ornatos-texteis-para-homens-e-mulheres\\\/\",\"name\":\"Zoravia Bettiol apresenta ornatos t\\u00eaxteis para homens e mulheres | Arquivo\",\"inLanguage\":\"pt-BR\",\"isPartOf\":{\"@id\":\"https:\\\/\\\/www.jornalja.com.br\\\/arquivo\\\/#website\"},\"breadcrumb\":{\"@id\":\"https:\\\/\\\/www.jornalja.com.br\\\/arquivo\\\/zoravia-bettiol-apresenta-ornatos-texteis-para-homens-e-mulheres\\\/#breadcrumblist\"},\"author\":{\"@id\":\"https:\\\/\\\/www.jornalja.com.br\\\/arquivo\\\/author\\\/daredacao\\\/#author\"},\"creator\":{\"@id\":\"https:\\\/\\\/www.jornalja.com.br\\\/arquivo\\\/author\\\/daredacao\\\/#author\"},\"image\":{\"@type\":\"ImageObject\",\"url\":43769,\"@id\":\"https:\\\/\\\/www.jornalja.com.br\\\/arquivo\\\/zoravia-bettiol-apresenta-ornatos-texteis-para-homens-e-mulheres\\\/#mainImage\"},\"primaryImageOfPage\":{\"@id\":\"https:\\\/\\\/www.jornalja.com.br\\\/arquivo\\\/zoravia-bettiol-apresenta-ornatos-texteis-para-homens-e-mulheres\\\/#mainImage\"},\"datePublished\":\"2017-01-25T16:03:51-02:00\",\"dateModified\":\"2017-01-25T16:03:51-02:00\"},{\"@type\":\"WebSite\",\"@id\":\"https:\\\/\\\/www.jornalja.com.br\\\/arquivo\\\/#website\",\"url\":\"https:\\\/\\\/www.jornalja.com.br\\\/arquivo\\\/\",\"name\":\"Arquivo\",\"description\":\"Jornal J\\u00c1 | Porto Alegre\",\"inLanguage\":\"pt-BR\",\"publisher\":{\"@id\":\"https:\\\/\\\/www.jornalja.com.br\\\/arquivo\\\/#organization\"}}]}\n\t\t<\/script>\n\t\t<!-- All in One SEO -->\n\n","aioseo_head_json":{"title":"Zoravia Bettiol apresenta ornatos t\u00eaxteis para homens e mulheres | Arquivo","description":"","canonical_url":"https:\/\/www.jornalja.com.br\/arquivo\/zoravia-bettiol-apresenta-ornatos-texteis-para-homens-e-mulheres\/","robots":"max-image-preview:large","keywords":"","webmasterTools":{"miscellaneous":""},"schema":{"@context":"https:\/\/schema.org","@graph":[{"@type":"BlogPosting","@id":"https:\/\/www.jornalja.com.br\/arquivo\/zoravia-bettiol-apresenta-ornatos-texteis-para-homens-e-mulheres\/#blogposting","name":"Zoravia Bettiol apresenta ornatos t\u00eaxteis para homens e mulheres | Arquivo","headline":"Zoravia Bettiol apresenta ornatos t\u00eaxteis para homens e mulheres","author":{"@id":"https:\/\/www.jornalja.com.br\/arquivo\/author\/daredacao\/#author"},"publisher":{"@id":"https:\/\/www.jornalja.com.br\/arquivo\/#organization"},"image":{"@type":"ImageObject","url":43769},"datePublished":"2017-01-25T16:03:51-02:00","dateModified":"2017-01-25T16:03:51-02:00","inLanguage":"pt-BR","mainEntityOfPage":{"@id":"https:\/\/www.jornalja.com.br\/arquivo\/zoravia-bettiol-apresenta-ornatos-texteis-para-homens-e-mulheres\/#webpage"},"isPartOf":{"@id":"https:\/\/www.jornalja.com.br\/arquivo\/zoravia-bettiol-apresenta-ornatos-texteis-para-homens-e-mulheres\/#webpage"},"articleSection":"Geral"},{"@type":"BreadcrumbList","@id":"https:\/\/www.jornalja.com.br\/arquivo\/zoravia-bettiol-apresenta-ornatos-texteis-para-homens-e-mulheres\/#breadcrumblist","itemListElement":[{"@type":"ListItem","@id":"https:\/\/www.jornalja.com.br\/arquivo#listItem","position":1,"name":"Home","item":"https:\/\/www.jornalja.com.br\/arquivo","nextItem":{"@type":"ListItem","@id":"https:\/\/www.jornalja.com.br\/arquivo\/category\/geral\/#listItem","name":"Geral"}},{"@type":"ListItem","@id":"https:\/\/www.jornalja.com.br\/arquivo\/category\/geral\/#listItem","position":2,"name":"Geral","item":"https:\/\/www.jornalja.com.br\/arquivo\/category\/geral\/","nextItem":{"@type":"ListItem","@id":"https:\/\/www.jornalja.com.br\/arquivo\/zoravia-bettiol-apresenta-ornatos-texteis-para-homens-e-mulheres\/#listItem","name":"Zoravia Bettiol apresenta ornatos t\u00eaxteis para homens e mulheres"},"previousItem":{"@type":"ListItem","@id":"https:\/\/www.jornalja.com.br\/arquivo#listItem","name":"Home"}},{"@type":"ListItem","@id":"https:\/\/www.jornalja.com.br\/arquivo\/zoravia-bettiol-apresenta-ornatos-texteis-para-homens-e-mulheres\/#listItem","position":3,"name":"Zoravia Bettiol apresenta ornatos t\u00eaxteis para homens e mulheres","previousItem":{"@type":"ListItem","@id":"https:\/\/www.jornalja.com.br\/arquivo\/category\/geral\/#listItem","name":"Geral"}}]},{"@type":"Organization","@id":"https:\/\/www.jornalja.com.br\/arquivo\/#organization","name":"Jornal J\u00c1","description":"Jornal J\u00c1 | Porto Alegre","url":"https:\/\/www.jornalja.com.br\/arquivo\/","telephone":"+555133307272","logo":{"@type":"ImageObject","url":"https:\/\/www.jornalja.com.br\/wp-content\/uploads\/cards\/JAslogan.png","@id":"https:\/\/www.jornalja.com.br\/arquivo\/zoravia-bettiol-apresenta-ornatos-texteis-para-homens-e-mulheres\/#organizationLogo"},"image":{"@id":"https:\/\/www.jornalja.com.br\/arquivo\/zoravia-bettiol-apresenta-ornatos-texteis-para-homens-e-mulheres\/#organizationLogo"}},{"@type":"Person","@id":"https:\/\/www.jornalja.com.br\/arquivo\/author\/daredacao\/#author","url":"https:\/\/www.jornalja.com.br\/arquivo\/author\/daredacao\/","name":"da Reda\u00e7\u00e3o","image":{"@type":"ImageObject","@id":"https:\/\/www.jornalja.com.br\/arquivo\/zoravia-bettiol-apresenta-ornatos-texteis-para-homens-e-mulheres\/#authorImage","url":"https:\/\/secure.gravatar.com\/avatar\/469fd857d6605ad19919d27ed29d35a968a25f6e8fd9318356bbb7f57aae9c65?s=96&d=mm&r=g","width":96,"height":96,"caption":"da Reda\u00e7\u00e3o"}},{"@type":"WebPage","@id":"https:\/\/www.jornalja.com.br\/arquivo\/zoravia-bettiol-apresenta-ornatos-texteis-para-homens-e-mulheres\/#webpage","url":"https:\/\/www.jornalja.com.br\/arquivo\/zoravia-bettiol-apresenta-ornatos-texteis-para-homens-e-mulheres\/","name":"Zoravia Bettiol apresenta ornatos t\u00eaxteis para homens e mulheres | Arquivo","inLanguage":"pt-BR","isPartOf":{"@id":"https:\/\/www.jornalja.com.br\/arquivo\/#website"},"breadcrumb":{"@id":"https:\/\/www.jornalja.com.br\/arquivo\/zoravia-bettiol-apresenta-ornatos-texteis-para-homens-e-mulheres\/#breadcrumblist"},"author":{"@id":"https:\/\/www.jornalja.com.br\/arquivo\/author\/daredacao\/#author"},"creator":{"@id":"https:\/\/www.jornalja.com.br\/arquivo\/author\/daredacao\/#author"},"image":{"@type":"ImageObject","url":43769,"@id":"https:\/\/www.jornalja.com.br\/arquivo\/zoravia-bettiol-apresenta-ornatos-texteis-para-homens-e-mulheres\/#mainImage"},"primaryImageOfPage":{"@id":"https:\/\/www.jornalja.com.br\/arquivo\/zoravia-bettiol-apresenta-ornatos-texteis-para-homens-e-mulheres\/#mainImage"},"datePublished":"2017-01-25T16:03:51-02:00","dateModified":"2017-01-25T16:03:51-02:00"},{"@type":"WebSite","@id":"https:\/\/www.jornalja.com.br\/arquivo\/#website","url":"https:\/\/www.jornalja.com.br\/arquivo\/","name":"Arquivo","description":"Jornal J\u00c1 | Porto Alegre","inLanguage":"pt-BR","publisher":{"@id":"https:\/\/www.jornalja.com.br\/arquivo\/#organization"}}]},"og:locale":"pt_BR","og:site_name":"Arquivo | Jornal J\u00c1 | Porto Alegre","og:type":"article","og:title":"Zoravia Bettiol apresenta ornatos t\u00eaxteis para homens e mulheres | Arquivo","og:url":"https:\/\/www.jornalja.com.br\/arquivo\/zoravia-bettiol-apresenta-ornatos-texteis-para-homens-e-mulheres\/","og:image":"https:\/\/www.jornalja.com.br\/wp-content\/uploads\/2017\/01\/zoravia-ornato-21b.jpg","og:image:secure_url":"https:\/\/www.jornalja.com.br\/wp-content\/uploads\/2017\/01\/zoravia-ornato-21b.jpg","article:published_time":"2017-01-25T19:03:51+00:00","article:modified_time":"2017-01-25T19:03:51+00:00","twitter:card":"summary","twitter:title":"Zoravia Bettiol apresenta ornatos t\u00eaxteis para homens e mulheres | Arquivo","twitter:image":"https:\/\/www.jornalja.com.br\/economics\/wp-content\/uploads\/sites\/11\/2026\/08\/ja-folhaderosto-facebook.jpg"},"aioseo_meta_data":{"post_id":"43766","title":null,"description":null,"keywords":null,"keyphrases":null,"primary_term":null,"canonical_url":null,"og_title":null,"og_description":null,"og_object_type":"default","og_image_type":"default","og_image_url":null,"og_image_width":null,"og_image_height":null,"og_image_custom_url":null,"og_image_custom_fields":null,"og_video":null,"og_custom_url":null,"og_article_section":null,"og_article_tags":null,"twitter_use_og":false,"twitter_card":"default","twitter_image_type":"default","twitter_image_url":null,"twitter_image_custom_url":null,"twitter_image_custom_fields":null,"twitter_title":null,"twitter_description":null,"schema":{"blockGraphs":[],"customGraphs":[],"default":{"data":{"Article":[],"Course":[],"Dataset":[],"FAQPage":[],"Movie":[],"Person":[],"Product":[],"ProductReview":[],"Car":[],"Recipe":[],"Service":[],"SoftwareApplication":[],"WebPage":[]},"graphName":"","isEnabled":true},"graphs":[],"defaultGraph":"","defaultPostTypeGraph":""},"schema_type":null,"schema_type_options":null,"pillar_content":false,"robots_default":true,"robots_noindex":false,"robots_noarchive":false,"robots_nosnippet":false,"robots_nofollow":false,"robots_noimageindex":false,"robots_noodp":false,"robots_notranslate":false,"robots_max_snippet":null,"robots_max_videopreview":null,"robots_max_imagepreview":"large","priority":null,"frequency":null,"location":null,"local_seo":null,"breadcrumb_settings":null,"limit_modified_date":false,"ai":null,"created":"2020-12-20 20:41:47","updated":"2025-07-19 19:34:07","seo_analyzer_scan_date":null,"focus_keyword":null,"additional_keywords":null,"truseo_locale":null},"jetpack_sharing_enabled":true,"jetpack-related-posts":[{"id":13101,"url":"https:\/\/www.jornalja.com.br\/arquivo\/morre-um-guerreiro-do-texto\/","url_meta":{"origin":43766,"position":0},"title":"Morre um guerreiro do texto","author":"Patr\u00edcia Marini","date":"14 de maio de 2014","format":false,"excerpt":"Por Ricardo Kotscho Reproduzido do blog do autor, 11\/5\/2014; t\u00edtulo original \u201cE l\u00e1 se foi o nosso Myltainho, guerreiro do texto\u201d. Mi\u00fado e franzino, meu amigo Myltainho era um valente e inconformado guerreiro na luta contra as injusti\u00e7as sociais, a hipocrisia, as maracutaias, o autoritarismo, a intoler\u00e2ncia, a viol\u00eancia, o\u2026","rel":"","context":"Em &quot;Geral&quot;","block_context":{"text":"Geral","link":"https:\/\/www.jornalja.com.br\/arquivo\/category\/geral\/"},"img":{"alt_text":"","src":"","width":0,"height":0},"classes":[]},{"id":14241,"url":"https:\/\/www.jornalja.com.br\/arquivo\/o-guaiba-nas-imagens-poeticas-de-achutti\/","url_meta":{"origin":43766,"position":1},"title":"O Gua\u00edba nas imagens po\u00e9ticas de Achutti","author":"da Reda\u00e7\u00e3o","date":"18 de junho de 2014","format":false,"excerpt":"Em \u201cO Gua\u00edba por Achutti\u201d \u2013 obra financiada via Minist\u00e9rio da Cultura, produ\u00e7\u00e3o executiva de Pedro Longhi, e Fl\u00e1vio Wild como designer \u2013, o fot\u00f3grafo revela a beleza e as mazelas de um espa\u00e7o aqu\u00e1tico de \u00e1guas sempre renovadas, cheio de hist\u00f3rias e lendas como as das cidades que foram\u2026","rel":"","context":"Em &quot;Cultura-Geral&quot;","block_context":{"text":"Cultura-Geral","link":"https:\/\/www.jornalja.com.br\/arquivo\/category\/materiasecundaria\/"},"img":{"alt_text":"","src":"","width":0,"height":0},"classes":[]},{"id":13109,"url":"https:\/\/www.jornalja.com.br\/arquivo\/judiciario-reconhece-poluicao-eletromagnetica\/","url_meta":{"origin":43766,"position":2},"title":"Judici\u00e1rio reconhece polui\u00e7\u00e3o eletromagn\u00e9tica","author":"Patr\u00edcia Marini","date":"16 de maio de 2014","format":false,"excerpt":"A\u00e7\u00e3o de duas associa\u00e7\u00f5es de moradores foi acolhida pelo Tribunal de Justi\u00e7a de S\u00e3o Paulo que. em decis\u00e3o in\u00e9dita, determinou a redu\u00e7\u00e3o do campo eletromagn\u00e9tico gerado pelas linhas de transmiss\u00e3o de energia que cortam os bairros City Boa\u00e7ava e Alto de Pinheiros. \u00c9 a primeira vez que um tribunal do\u2026","rel":"","context":"Em &quot;X.Categorias velhas&quot;","block_context":{"text":"X.Categorias velhas","link":"https:\/\/www.jornalja.com.br\/arquivo\/category\/x-categorias-velhas\/"},"img":{"alt_text":"","src":"","width":0,"height":0},"classes":[]},{"id":12960,"url":"https:\/\/www.jornalja.com.br\/arquivo\/populacao-culpa-empresas-pela-greve-dos-rodoviarios\/","url_meta":{"origin":43766,"position":3},"title":"Popula\u00e7\u00e3o culpa empresas pela greve","author":"Patr\u00edcia Marini","date":"14 de fevereiro de 2014","format":false,"excerpt":"Pesquisa divulgada na edi\u00e7\u00e3o do jornal Metro desta sexta-feira,14, comprova o velho ditado: \u00e9 poss\u00edvel enganar muitos por algum tempo, mas n\u00e3o \u00e9 poss\u00edvel enganar a todos o tempo inteiro. A principal revela\u00e7\u00e3o foi que 59,8% dos entrevistados apontaram as empresas como as principais respons\u00e1veis pela grave e 46% culparam\u2026","rel":"","context":"Em &quot;X.Categorias velhas&quot;","block_context":{"text":"X.Categorias velhas","link":"https:\/\/www.jornalja.com.br\/arquivo\/category\/x-categorias-velhas\/"},"img":{"alt_text":"","src":"","width":0,"height":0},"classes":[]},{"id":13124,"url":"https:\/\/www.jornalja.com.br\/arquivo\/sangue-latino-no-iecine\/","url_meta":{"origin":43766,"position":4},"title":"Sangue latino no IECINE","author":"da Reda\u00e7\u00e3o","date":"18 de maio de 2014","format":false,"excerpt":"Francisco Ribeiro O Instituto Estadual de Cinema (IECINE) tem a frente, desde abril \u00faltimo, um novo diretor, o cineasta colombiano Juan Zapata, 36, que substitui Luiz Alberto Cassol. Radicado h\u00e1 dez anos em Porto Alegre, Zapata tem diante de si o desafio de conduzir at\u00e9 o final do ano um\u2026","rel":"","context":"Em &quot;Cultura-Geral&quot;","block_context":{"text":"Cultura-Geral","link":"https:\/\/www.jornalja.com.br\/arquivo\/category\/materiasecundaria\/"},"img":{"alt_text":"","src":"","width":0,"height":0},"classes":[]},{"id":13240,"url":"https:\/\/www.jornalja.com.br\/arquivo\/plano-diretor-estamos-construindo-o-caos\/","url_meta":{"origin":43766,"position":5},"title":"Plano diretor: &quot;Estamos construindo o caos&quot;","author":"Patr\u00edcia Marini","date":"26 de maio de 2014","format":false,"excerpt":"Desabafo que arquiteta Eliana Castilhos, delegada da Regi\u00e3o de Planejamento 1, postou nas redes sociais \u00e9 um testemunho do ambiente que se criou no Conselho do Plano Diretor de Porto Alegre, onde a aprova\u00e7\u00e3o de grandes empreendimentos \u00e9 empurrada guela abaixo dos conselheiros. Ao CMDUA Como delegada da Regi\u00e3o de\u2026","rel":"","context":"Em &quot;Geral&quot;","block_context":{"text":"Geral","link":"https:\/\/www.jornalja.com.br\/arquivo\/category\/geral\/"},"img":{"alt_text":"","src":"","width":0,"height":0},"classes":[]}],"jetpack_shortlink":"https:\/\/wp.me\/pbQjBd-bnU","jetpack_featured_media_url":"","_links":{"self":[{"href":"https:\/\/www.jornalja.com.br\/arquivo\/wp-json\/wp\/v2\/posts\/43766","targetHints":{"allow":["GET"]}}],"collection":[{"href":"https:\/\/www.jornalja.com.br\/arquivo\/wp-json\/wp\/v2\/posts"}],"about":[{"href":"https:\/\/www.jornalja.com.br\/arquivo\/wp-json\/wp\/v2\/types\/post"}],"author":[{"embeddable":true,"href":"https:\/\/www.jornalja.com.br\/arquivo\/wp-json\/wp\/v2\/users\/4"}],"replies":[{"embeddable":true,"href":"https:\/\/www.jornalja.com.br\/arquivo\/wp-json\/wp\/v2\/comments?post=43766"}],"version-history":[{"count":0,"href":"https:\/\/www.jornalja.com.br\/arquivo\/wp-json\/wp\/v2\/posts\/43766\/revisions"}],"wp:attachment":[{"href":"https:\/\/www.jornalja.com.br\/arquivo\/wp-json\/wp\/v2\/media?parent=43766"}],"wp:term":[{"taxonomy":"category","embeddable":true,"href":"https:\/\/www.jornalja.com.br\/arquivo\/wp-json\/wp\/v2\/categories?post=43766"},{"taxonomy":"post_tag","embeddable":true,"href":"https:\/\/www.jornalja.com.br\/arquivo\/wp-json\/wp\/v2\/tags?post=43766"}],"curies":[{"name":"wp","href":"https:\/\/api.w.org\/{rel}","templated":true}]}}