{"id":43781,"date":"2017-01-25T16:22:48","date_gmt":"2017-01-25T19:22:48","guid":{"rendered":"https:\/\/www.jornalja.com.br\/?p=43781"},"modified":"2017-01-25T16:22:48","modified_gmt":"2017-01-25T19:22:48","slug":"o-muro-de-natal-e-os-territorios-da-criminalidade","status":"publish","type":"post","link":"https:\/\/www.jornalja.com.br\/arquivo\/o-muro-de-natal-e-os-territorios-da-criminalidade\/","title":{"rendered":"O muro de Natal e os territ\u00f3rios da criminalidade"},"content":{"rendered":"<p><strong>PINHEIRO DO VALE<\/strong><br \/>\nO \u201cMuro da Vergonha\u201d assenta seus primeiros tijolos.<br \/>\nN\u00e3o se trata do muro da vergonha do Donald Trump para separar os Estados Unidos do M\u00e9xico, mas refere-se ao \u201cmuro\u201d do Michel Temer, que seu ministro da Justi\u00e7a, Alexandre Morais, mandou levantar dentro da Penitenci\u00e1ria de Alca\u00e7uz, no Rio Grande do Norte, para separar o pa\u00eds do Primeiro Comando da Capital (PCC) da na\u00e7\u00e3o do Comando Vermelho (CV).<br \/>\nDo lado de fora das muralhas da penitenci\u00e1ria, a For\u00e7a Nacional (tamb\u00e9m chamada de \u201cfarsa nacional\u201d, devido \u00e0 sua inutilidade pr\u00e1tica) assegura a Constitui\u00e7\u00e3o da Rep\u00fablica Federativa do Brasil.<br \/>\nEm espa\u00e7o ex\u00edguo temos tr\u00eas estados diferentes, numa \u00e1rea inferior aos 0,44 km\u00b2 do Vaticano, at\u00e9 ent\u00e3o o menor pa\u00eds do mundo.<br \/>\nPCC e CV constituem, nos sub\u00farbios de Natal, fra\u00e7\u00f5es dos \u201cestados do crime\u201d, como se definem em suas constitui\u00e7\u00f5es escritas, territ\u00f3rios demarcados, com for\u00e7a para serem reconhecidos, pois t\u00eam povo, limites, legisla\u00e7\u00f5es e pleno dom\u00ednio dos territ\u00f3rios.<br \/>\nO CV, no Rio de Janeiro, \u00e9 senhor absoluto e indiscut\u00edvel de territ\u00f3rios e tem sob sua legisla\u00e7\u00e3o uma popula\u00e7\u00e3o de mais de dois milh\u00f5es de pessoas.<br \/>\nO PCC, em S\u00e3o Paulo, tem um a \u00e1rea maior e uma popula\u00e7\u00e3o de tr\u00eas milh\u00f5es de habitantes. Em outros lugares, os estados do crime t\u00eam outro tanto ou mais.<br \/>\nEsses \u201cpa\u00edses\u201d t\u00eam uma popula\u00e7\u00e3o maior que o Uruguai, mais gente que o Paraguai; det\u00eam cerca de 0,5% da popula\u00e7\u00e3o da Rep\u00fablica Federativa do Brasil. N\u00e3o \u00e9 pouco.<br \/>\nCom isto, chega \u00e0 Am\u00e9rica do Sul um modelo legal semelhante ao implantado pelo pelos fundamentalistas do Estado Isl\u00e2mico nas por\u00e7\u00f5es do Iraque e S\u00edria, em que tribunais pr\u00f3prios implantaram um c\u00f3digo penal baseado da sharia primitiva do S\u00e9culo IX, com degolas e supl\u00edcios aos incr\u00e9us.<br \/>\nNos pa\u00edses do PCC e CV os \u201ctribunais da criminalidade\u201d imp\u00f5em seu c\u00f3digo penal nos moldes da Europa nos tempos b\u00e1rbaros do S\u00e9culo V. Com suas t\u00e1buas de leis escritas, esses tribunais do crime t\u00eam um colegiado de ju\u00edzes, defensores e acusadores, absolvendo os inocentes ou condenando os culpados a penas de morte cruel, esquartejamento, tortura ou mutila\u00e7\u00e3o.<br \/>\nAssim como no cen\u00e1rio pol\u00edtico partid\u00e1rio do Brasil, as grandes fac\u00e7\u00f5es criminosas abrigam mini fac\u00e7\u00f5es que, tal qual as legendas de aluguel, gravitam em torno dos grandes comandos. S\u00f3 PCC e CV t\u00eam diret\u00f3rios em todos os estados.<br \/>\nRecentemente surgiu uma nova federa\u00e7\u00e3o, a Fam\u00edlia Do Norte (FDN), que atua na Bacia Amaz\u00f4nica e em alguns estados do Nordeste.<br \/>\nA FDN traz uma novidade, que \u00e9 a articula\u00e7\u00e3o internacional, pois vem associada aos remanescentes das FARC da Col\u00f4mbia que, recusando-se \u00e0 pacifica\u00e7\u00e3o pol\u00edtica, decidiram se manter no tr\u00e1fico de drogas.<br \/>\nA FDN e os dissidentes das FARC abriram a \u201crota do Solim\u00f5es\u201d. Esta rota abriu-se com a fragiliza\u00e7\u00e3o da liga\u00e7\u00e3o direta dos carteis colombianos com os mercados consumidores da Am\u00e9rica do Norte e Europa.<br \/>\nNo Sul, sob coordena\u00e7\u00e3o do PCC, estabeleceu-se o Narcosur, que, segundo o jornal uruguaio El Pa\u00eds, tem sede em Montevid\u00e9u, associando cart\u00e9is Argentinos, Bolivianos, Brasileiros, Paraguaios e Uruguaios.<br \/>\nO Narcosur \u00e9 comandado pelo brasileiro Marcos Willian Herbas Camacho, o Marcola.<br \/>\nSegundo denunciou a pol\u00edcia paraguaia dia 25 de janeiro, o crime multilateral est\u00e1 operando seu suprimento numa a\u00e7\u00e3o conjunta do PCC com a fac\u00e7\u00e3o ga\u00facha Bala na Cara, que tem seus escrit\u00f3rios no Pres\u00eddio Central de Porto Alegre.<br \/>\nO Muro da Vergonha do presidente Trump visa impedir n\u00e3o s\u00f3 a imigra\u00e7\u00e3o ilegal, mas tamb\u00e9m o contrabando (de drogas e mercadorias) do M\u00e9xico para os Estados Unidos. \u00c9 uma provid\u00eancia de resultados duvidosos.<br \/>\nNo fim do s\u00e9culo XIX sugeriu-se que se fizesse uma muralha humana entre o Rio<br \/>\nGrande do Sul e o Uruguai, ao que reagiu, incr\u00e9dulo, o senador Gaspar Silveira Martins: \u201cSe botar um soldado ao lado do outro por toda a fronteira, a contrabando passa pelo meio das pernas\u201d.<\/p>\n","protected":false},"excerpt":{"rendered":"<p>PINHEIRO DO VALE O \u201cMuro da Vergonha\u201d assenta seus primeiros tijolos. N\u00e3o se trata do muro da vergonha do Donald Trump para separar os Estados Unidos do M\u00e9xico, mas refere-se ao \u201cmuro\u201d do Michel Temer, que seu ministro da Justi\u00e7a, Alexandre Morais, mandou levantar dentro da Penitenci\u00e1ria de Alca\u00e7uz, no Rio Grande do Norte, para [&hellip;]<\/p>\n","protected":false},"author":4,"featured_media":0,"comment_status":"open","ping_status":"closed","sticky":false,"template":"","format":"standard","meta":{"_jetpack_newsletter_access":"","_jetpack_dont_email_post_to_subs":false,"_jetpack_newsletter_tier_id":0,"_jetpack_memberships_contains_paywalled_content":false,"_jetpack_feature_clip_id":0,"_jetpack_memberships_contains_paid_content":false,"footnotes":"","jetpack_post_was_ever_published":false},"categories":[10],"tags":[],"class_list":["post-43781","post","type-post","status-publish","format-standard","hentry","category-analiseopiniao"],"aioseo_notices":[],"aioseo_head":"\n\t\t<!-- All in One SEO 5.0.1.1 - aioseo.com -->\n\t<meta name=\"robots\" content=\"max-image-preview:large\" \/>\n\t<meta name=\"author\" content=\"da Reda\u00e7\u00e3o\"\/>\n\t<link rel=\"canonical\" href=\"https:\/\/www.jornalja.com.br\/arquivo\/o-muro-de-natal-e-os-territorios-da-criminalidade\/\" \/>\n\t<meta name=\"generator\" content=\"All in One SEO (AIOSEO) 5.0.1.1\" \/>\n\t\t<meta property=\"og:locale\" content=\"pt_BR\" \/>\n\t\t<meta property=\"og:site_name\" content=\"Arquivo | Jornal J\u00c1 | Porto Alegre\" \/>\n\t\t<meta property=\"og:type\" content=\"article\" \/>\n\t\t<meta property=\"og:title\" content=\"O muro de Natal e os territ\u00f3rios da criminalidade | Arquivo\" \/>\n\t\t<meta property=\"og:url\" content=\"https:\/\/www.jornalja.com.br\/arquivo\/o-muro-de-natal-e-os-territorios-da-criminalidade\/\" \/>\n\t\t<meta property=\"og:image\" content=\"https:\/\/www.jornalja.com.br\/economics\/wp-content\/uploads\/sites\/11\/2026\/08\/ja-folhaderosto-facebook.jpg\" \/>\n\t\t<meta property=\"og:image:secure_url\" content=\"https:\/\/www.jornalja.com.br\/economics\/wp-content\/uploads\/sites\/11\/2026\/08\/ja-folhaderosto-facebook.jpg\" \/>\n\t\t<meta property=\"article:published_time\" content=\"2017-01-25T19:22:48+00:00\" \/>\n\t\t<meta property=\"article:modified_time\" content=\"2017-01-25T19:22:48+00:00\" \/>\n\t\t<meta name=\"twitter:card\" content=\"summary\" \/>\n\t\t<meta name=\"twitter:title\" content=\"O muro de Natal e os territ\u00f3rios da criminalidade | Arquivo\" \/>\n\t\t<meta name=\"twitter:image\" content=\"https:\/\/www.jornalja.com.br\/economics\/wp-content\/uploads\/sites\/11\/2026\/08\/ja-folhaderosto-facebook.jpg\" \/>\n\t\t<script type=\"application\/ld+json\" class=\"aioseo-schema\">\n\t\t\t{\"@context\":\"https:\\\/\\\/schema.org\",\"@graph\":[{\"@type\":\"BlogPosting\",\"@id\":\"https:\\\/\\\/www.jornalja.com.br\\\/arquivo\\\/o-muro-de-natal-e-os-territorios-da-criminalidade\\\/#blogposting\",\"name\":\"O muro de Natal e os territ\\u00f3rios da criminalidade | Arquivo\",\"headline\":\"O muro de Natal e os territ\\u00f3rios da criminalidade\",\"author\":{\"@id\":\"https:\\\/\\\/www.jornalja.com.br\\\/arquivo\\\/author\\\/daredacao\\\/#author\"},\"publisher\":{\"@id\":\"https:\\\/\\\/www.jornalja.com.br\\\/arquivo\\\/#organization\"},\"image\":{\"@type\":\"ImageObject\",\"url\":\"https:\\\/\\\/www.jornalja.com.br\\\/wp-content\\\/uploads\\\/cards\\\/JAslogan.png\",\"@id\":\"https:\\\/\\\/www.jornalja.com.br\\\/arquivo\\\/#articleImage\"},\"datePublished\":\"2017-01-25T16:22:48-02:00\",\"dateModified\":\"2017-01-25T16:22:48-02:00\",\"inLanguage\":\"pt-BR\",\"mainEntityOfPage\":{\"@id\":\"https:\\\/\\\/www.jornalja.com.br\\\/arquivo\\\/o-muro-de-natal-e-os-territorios-da-criminalidade\\\/#webpage\"},\"isPartOf\":{\"@id\":\"https:\\\/\\\/www.jornalja.com.br\\\/arquivo\\\/o-muro-de-natal-e-os-territorios-da-criminalidade\\\/#webpage\"},\"articleSection\":\"AN\\u00c1LISE&amp;OPINI\\u00c3O\"},{\"@type\":\"BreadcrumbList\",\"@id\":\"https:\\\/\\\/www.jornalja.com.br\\\/arquivo\\\/o-muro-de-natal-e-os-territorios-da-criminalidade\\\/#breadcrumblist\",\"itemListElement\":[{\"@type\":\"ListItem\",\"@id\":\"https:\\\/\\\/www.jornalja.com.br\\\/arquivo#listItem\",\"position\":1,\"name\":\"Home\",\"item\":\"https:\\\/\\\/www.jornalja.com.br\\\/arquivo\",\"nextItem\":{\"@type\":\"ListItem\",\"@id\":\"https:\\\/\\\/www.jornalja.com.br\\\/arquivo\\\/category\\\/analiseopiniao\\\/#listItem\",\"name\":\"AN\\u00c1LISE&amp;OPINI\\u00c3O\"}},{\"@type\":\"ListItem\",\"@id\":\"https:\\\/\\\/www.jornalja.com.br\\\/arquivo\\\/category\\\/analiseopiniao\\\/#listItem\",\"position\":2,\"name\":\"AN\\u00c1LISE&amp;OPINI\\u00c3O\",\"item\":\"https:\\\/\\\/www.jornalja.com.br\\\/arquivo\\\/category\\\/analiseopiniao\\\/\",\"nextItem\":{\"@type\":\"ListItem\",\"@id\":\"https:\\\/\\\/www.jornalja.com.br\\\/arquivo\\\/o-muro-de-natal-e-os-territorios-da-criminalidade\\\/#listItem\",\"name\":\"O muro de Natal e os territ\\u00f3rios da criminalidade\"},\"previousItem\":{\"@type\":\"ListItem\",\"@id\":\"https:\\\/\\\/www.jornalja.com.br\\\/arquivo#listItem\",\"name\":\"Home\"}},{\"@type\":\"ListItem\",\"@id\":\"https:\\\/\\\/www.jornalja.com.br\\\/arquivo\\\/o-muro-de-natal-e-os-territorios-da-criminalidade\\\/#listItem\",\"position\":3,\"name\":\"O muro de Natal e os territ\\u00f3rios da criminalidade\",\"previousItem\":{\"@type\":\"ListItem\",\"@id\":\"https:\\\/\\\/www.jornalja.com.br\\\/arquivo\\\/category\\\/analiseopiniao\\\/#listItem\",\"name\":\"AN\\u00c1LISE&amp;OPINI\\u00c3O\"}}]},{\"@type\":\"Organization\",\"@id\":\"https:\\\/\\\/www.jornalja.com.br\\\/arquivo\\\/#organization\",\"name\":\"Jornal J\\u00c1\",\"description\":\"Jornal J\\u00c1 | Porto Alegre\",\"url\":\"https:\\\/\\\/www.jornalja.com.br\\\/arquivo\\\/\",\"telephone\":\"+555133307272\",\"logo\":{\"@type\":\"ImageObject\",\"url\":\"https:\\\/\\\/www.jornalja.com.br\\\/wp-content\\\/uploads\\\/cards\\\/JAslogan.png\",\"@id\":\"https:\\\/\\\/www.jornalja.com.br\\\/arquivo\\\/o-muro-de-natal-e-os-territorios-da-criminalidade\\\/#organizationLogo\"},\"image\":{\"@id\":\"https:\\\/\\\/www.jornalja.com.br\\\/arquivo\\\/o-muro-de-natal-e-os-territorios-da-criminalidade\\\/#organizationLogo\"}},{\"@type\":\"Person\",\"@id\":\"https:\\\/\\\/www.jornalja.com.br\\\/arquivo\\\/author\\\/daredacao\\\/#author\",\"url\":\"https:\\\/\\\/www.jornalja.com.br\\\/arquivo\\\/author\\\/daredacao\\\/\",\"name\":\"da Reda\\u00e7\\u00e3o\",\"image\":{\"@type\":\"ImageObject\",\"@id\":\"https:\\\/\\\/www.jornalja.com.br\\\/arquivo\\\/o-muro-de-natal-e-os-territorios-da-criminalidade\\\/#authorImage\",\"url\":\"https:\\\/\\\/secure.gravatar.com\\\/avatar\\\/469fd857d6605ad19919d27ed29d35a968a25f6e8fd9318356bbb7f57aae9c65?s=96&d=mm&r=g\",\"width\":96,\"height\":96,\"caption\":\"da Reda\\u00e7\\u00e3o\"}},{\"@type\":\"WebPage\",\"@id\":\"https:\\\/\\\/www.jornalja.com.br\\\/arquivo\\\/o-muro-de-natal-e-os-territorios-da-criminalidade\\\/#webpage\",\"url\":\"https:\\\/\\\/www.jornalja.com.br\\\/arquivo\\\/o-muro-de-natal-e-os-territorios-da-criminalidade\\\/\",\"name\":\"O muro de Natal e os territ\\u00f3rios da criminalidade | Arquivo\",\"inLanguage\":\"pt-BR\",\"isPartOf\":{\"@id\":\"https:\\\/\\\/www.jornalja.com.br\\\/arquivo\\\/#website\"},\"breadcrumb\":{\"@id\":\"https:\\\/\\\/www.jornalja.com.br\\\/arquivo\\\/o-muro-de-natal-e-os-territorios-da-criminalidade\\\/#breadcrumblist\"},\"author\":{\"@id\":\"https:\\\/\\\/www.jornalja.com.br\\\/arquivo\\\/author\\\/daredacao\\\/#author\"},\"creator\":{\"@id\":\"https:\\\/\\\/www.jornalja.com.br\\\/arquivo\\\/author\\\/daredacao\\\/#author\"},\"datePublished\":\"2017-01-25T16:22:48-02:00\",\"dateModified\":\"2017-01-25T16:22:48-02:00\"},{\"@type\":\"WebSite\",\"@id\":\"https:\\\/\\\/www.jornalja.com.br\\\/arquivo\\\/#website\",\"url\":\"https:\\\/\\\/www.jornalja.com.br\\\/arquivo\\\/\",\"name\":\"Arquivo\",\"description\":\"Jornal J\\u00c1 | Porto Alegre\",\"inLanguage\":\"pt-BR\",\"publisher\":{\"@id\":\"https:\\\/\\\/www.jornalja.com.br\\\/arquivo\\\/#organization\"}}]}\n\t\t<\/script>\n\t\t<!-- All in One SEO -->\n\n","aioseo_head_json":{"title":"O muro de Natal e os territ\u00f3rios da criminalidade | Arquivo","description":"","canonical_url":"https:\/\/www.jornalja.com.br\/arquivo\/o-muro-de-natal-e-os-territorios-da-criminalidade\/","robots":"max-image-preview:large","keywords":"","webmasterTools":{"miscellaneous":""},"schema":{"@context":"https:\/\/schema.org","@graph":[{"@type":"BlogPosting","@id":"https:\/\/www.jornalja.com.br\/arquivo\/o-muro-de-natal-e-os-territorios-da-criminalidade\/#blogposting","name":"O muro de Natal e os territ\u00f3rios da criminalidade | Arquivo","headline":"O muro de Natal e os territ\u00f3rios da criminalidade","author":{"@id":"https:\/\/www.jornalja.com.br\/arquivo\/author\/daredacao\/#author"},"publisher":{"@id":"https:\/\/www.jornalja.com.br\/arquivo\/#organization"},"image":{"@type":"ImageObject","url":"https:\/\/www.jornalja.com.br\/wp-content\/uploads\/cards\/JAslogan.png","@id":"https:\/\/www.jornalja.com.br\/arquivo\/#articleImage"},"datePublished":"2017-01-25T16:22:48-02:00","dateModified":"2017-01-25T16:22:48-02:00","inLanguage":"pt-BR","mainEntityOfPage":{"@id":"https:\/\/www.jornalja.com.br\/arquivo\/o-muro-de-natal-e-os-territorios-da-criminalidade\/#webpage"},"isPartOf":{"@id":"https:\/\/www.jornalja.com.br\/arquivo\/o-muro-de-natal-e-os-territorios-da-criminalidade\/#webpage"},"articleSection":"AN\u00c1LISE&amp;OPINI\u00c3O"},{"@type":"BreadcrumbList","@id":"https:\/\/www.jornalja.com.br\/arquivo\/o-muro-de-natal-e-os-territorios-da-criminalidade\/#breadcrumblist","itemListElement":[{"@type":"ListItem","@id":"https:\/\/www.jornalja.com.br\/arquivo#listItem","position":1,"name":"Home","item":"https:\/\/www.jornalja.com.br\/arquivo","nextItem":{"@type":"ListItem","@id":"https:\/\/www.jornalja.com.br\/arquivo\/category\/analiseopiniao\/#listItem","name":"AN\u00c1LISE&amp;OPINI\u00c3O"}},{"@type":"ListItem","@id":"https:\/\/www.jornalja.com.br\/arquivo\/category\/analiseopiniao\/#listItem","position":2,"name":"AN\u00c1LISE&amp;OPINI\u00c3O","item":"https:\/\/www.jornalja.com.br\/arquivo\/category\/analiseopiniao\/","nextItem":{"@type":"ListItem","@id":"https:\/\/www.jornalja.com.br\/arquivo\/o-muro-de-natal-e-os-territorios-da-criminalidade\/#listItem","name":"O muro de Natal e os territ\u00f3rios da criminalidade"},"previousItem":{"@type":"ListItem","@id":"https:\/\/www.jornalja.com.br\/arquivo#listItem","name":"Home"}},{"@type":"ListItem","@id":"https:\/\/www.jornalja.com.br\/arquivo\/o-muro-de-natal-e-os-territorios-da-criminalidade\/#listItem","position":3,"name":"O muro de Natal e os territ\u00f3rios da criminalidade","previousItem":{"@type":"ListItem","@id":"https:\/\/www.jornalja.com.br\/arquivo\/category\/analiseopiniao\/#listItem","name":"AN\u00c1LISE&amp;OPINI\u00c3O"}}]},{"@type":"Organization","@id":"https:\/\/www.jornalja.com.br\/arquivo\/#organization","name":"Jornal J\u00c1","description":"Jornal J\u00c1 | Porto Alegre","url":"https:\/\/www.jornalja.com.br\/arquivo\/","telephone":"+555133307272","logo":{"@type":"ImageObject","url":"https:\/\/www.jornalja.com.br\/wp-content\/uploads\/cards\/JAslogan.png","@id":"https:\/\/www.jornalja.com.br\/arquivo\/o-muro-de-natal-e-os-territorios-da-criminalidade\/#organizationLogo"},"image":{"@id":"https:\/\/www.jornalja.com.br\/arquivo\/o-muro-de-natal-e-os-territorios-da-criminalidade\/#organizationLogo"}},{"@type":"Person","@id":"https:\/\/www.jornalja.com.br\/arquivo\/author\/daredacao\/#author","url":"https:\/\/www.jornalja.com.br\/arquivo\/author\/daredacao\/","name":"da Reda\u00e7\u00e3o","image":{"@type":"ImageObject","@id":"https:\/\/www.jornalja.com.br\/arquivo\/o-muro-de-natal-e-os-territorios-da-criminalidade\/#authorImage","url":"https:\/\/secure.gravatar.com\/avatar\/469fd857d6605ad19919d27ed29d35a968a25f6e8fd9318356bbb7f57aae9c65?s=96&d=mm&r=g","width":96,"height":96,"caption":"da Reda\u00e7\u00e3o"}},{"@type":"WebPage","@id":"https:\/\/www.jornalja.com.br\/arquivo\/o-muro-de-natal-e-os-territorios-da-criminalidade\/#webpage","url":"https:\/\/www.jornalja.com.br\/arquivo\/o-muro-de-natal-e-os-territorios-da-criminalidade\/","name":"O muro de Natal e os territ\u00f3rios da criminalidade | Arquivo","inLanguage":"pt-BR","isPartOf":{"@id":"https:\/\/www.jornalja.com.br\/arquivo\/#website"},"breadcrumb":{"@id":"https:\/\/www.jornalja.com.br\/arquivo\/o-muro-de-natal-e-os-territorios-da-criminalidade\/#breadcrumblist"},"author":{"@id":"https:\/\/www.jornalja.com.br\/arquivo\/author\/daredacao\/#author"},"creator":{"@id":"https:\/\/www.jornalja.com.br\/arquivo\/author\/daredacao\/#author"},"datePublished":"2017-01-25T16:22:48-02:00","dateModified":"2017-01-25T16:22:48-02:00"},{"@type":"WebSite","@id":"https:\/\/www.jornalja.com.br\/arquivo\/#website","url":"https:\/\/www.jornalja.com.br\/arquivo\/","name":"Arquivo","description":"Jornal J\u00c1 | Porto Alegre","inLanguage":"pt-BR","publisher":{"@id":"https:\/\/www.jornalja.com.br\/arquivo\/#organization"}}]},"og:locale":"pt_BR","og:site_name":"Arquivo | Jornal J\u00c1 | Porto Alegre","og:type":"article","og:title":"O muro de Natal e os territ\u00f3rios da criminalidade | Arquivo","og:url":"https:\/\/www.jornalja.com.br\/arquivo\/o-muro-de-natal-e-os-territorios-da-criminalidade\/","og:image":"https:\/\/www.jornalja.com.br\/economics\/wp-content\/uploads\/sites\/11\/2026\/08\/ja-folhaderosto-facebook.jpg","og:image:secure_url":"https:\/\/www.jornalja.com.br\/economics\/wp-content\/uploads\/sites\/11\/2026\/08\/ja-folhaderosto-facebook.jpg","article:published_time":"2017-01-25T19:22:48+00:00","article:modified_time":"2017-01-25T19:22:48+00:00","twitter:card":"summary","twitter:title":"O muro de Natal e os territ\u00f3rios da criminalidade | Arquivo","twitter:image":"https:\/\/www.jornalja.com.br\/economics\/wp-content\/uploads\/sites\/11\/2026\/08\/ja-folhaderosto-facebook.jpg"},"aioseo_meta_data":{"post_id":"43781","title":null,"description":null,"keywords":null,"keyphrases":null,"primary_term":null,"canonical_url":null,"og_title":null,"og_description":null,"og_object_type":"default","og_image_type":"default","og_image_url":null,"og_image_width":null,"og_image_height":null,"og_image_custom_url":null,"og_image_custom_fields":null,"og_video":null,"og_custom_url":null,"og_article_section":null,"og_article_tags":null,"twitter_use_og":false,"twitter_card":"default","twitter_image_type":"default","twitter_image_url":null,"twitter_image_custom_url":null,"twitter_image_custom_fields":null,"twitter_title":null,"twitter_description":null,"schema":{"blockGraphs":[],"customGraphs":[],"default":{"data":{"Article":[],"Course":[],"Dataset":[],"FAQPage":[],"Movie":[],"Person":[],"Product":[],"ProductReview":[],"Car":[],"Recipe":[],"Service":[],"SoftwareApplication":[],"WebPage":[]},"graphName":"","isEnabled":true},"graphs":[],"defaultGraph":"","defaultPostTypeGraph":""},"schema_type":null,"schema_type_options":null,"pillar_content":false,"robots_default":true,"robots_noindex":false,"robots_noarchive":false,"robots_nosnippet":false,"robots_nofollow":false,"robots_noimageindex":false,"robots_noodp":false,"robots_notranslate":false,"robots_max_snippet":null,"robots_max_videopreview":null,"robots_max_imagepreview":"large","priority":null,"frequency":null,"location":null,"local_seo":null,"breadcrumb_settings":null,"limit_modified_date":false,"ai":null,"created":"2020-12-20 20:41:47","updated":"2025-07-19 19:34:07","seo_analyzer_scan_date":null,"focus_keyword":null,"additional_keywords":null,"truseo_locale":null},"jetpack_sharing_enabled":true,"jetpack-related-posts":[{"id":13124,"url":"https:\/\/www.jornalja.com.br\/arquivo\/sangue-latino-no-iecine\/","url_meta":{"origin":43781,"position":0},"title":"Sangue latino no IECINE","author":"da Reda\u00e7\u00e3o","date":"18 de maio de 2014","format":false,"excerpt":"Francisco Ribeiro O Instituto Estadual de Cinema (IECINE) tem a frente, desde abril \u00faltimo, um novo diretor, o cineasta colombiano Juan Zapata, 36, que substitui Luiz Alberto Cassol. Radicado h\u00e1 dez anos em Porto Alegre, Zapata tem diante de si o desafio de conduzir at\u00e9 o final do ano um\u2026","rel":"","context":"Em &quot;Cultura-Geral&quot;","block_context":{"text":"Cultura-Geral","link":"https:\/\/www.jornalja.com.br\/arquivo\/category\/materiasecundaria\/"},"img":{"alt_text":"","src":"","width":0,"height":0},"classes":[]},{"id":13109,"url":"https:\/\/www.jornalja.com.br\/arquivo\/judiciario-reconhece-poluicao-eletromagnetica\/","url_meta":{"origin":43781,"position":1},"title":"Judici\u00e1rio reconhece polui\u00e7\u00e3o eletromagn\u00e9tica","author":"Patr\u00edcia Marini","date":"16 de maio de 2014","format":false,"excerpt":"A\u00e7\u00e3o de duas associa\u00e7\u00f5es de moradores foi acolhida pelo Tribunal de Justi\u00e7a de S\u00e3o Paulo que. em decis\u00e3o in\u00e9dita, determinou a redu\u00e7\u00e3o do campo eletromagn\u00e9tico gerado pelas linhas de transmiss\u00e3o de energia que cortam os bairros City Boa\u00e7ava e Alto de Pinheiros. \u00c9 a primeira vez que um tribunal do\u2026","rel":"","context":"Em &quot;X.Categorias velhas&quot;","block_context":{"text":"X.Categorias velhas","link":"https:\/\/www.jornalja.com.br\/arquivo\/category\/x-categorias-velhas\/"},"img":{"alt_text":"","src":"","width":0,"height":0},"classes":[]},{"id":5440,"url":"https:\/\/www.jornalja.com.br\/arquivo\/casarao-da-venancio-destino-permanece-incerto\/","url_meta":{"origin":43781,"position":2},"title":"Estado ainda n\u00e3o sabe o que fazer com casar\u00e3o abandonado h\u00e1 20 anos","author":"Elmar Bones","date":"6 de julho de 2009","format":false,"excerpt":"O casar\u00e3o amarelo, numa esquina nobre de Porto Alegre (Ven\u00e2ncio Aires com Jo\u00e3o Pessoa), j\u00e1 abrigou uma escola. H\u00e1 duas d\u00e9cadas, pelo menos, est\u00e1 abandonado, porque seu propriet\u00e1rio, o governo do Estado do Rio Grande do Sul, n\u00e3o consegue achar um destino para ele. Planos n\u00e3o faltaram. O governador Ol\u00edvio\u2026","rel":"","context":"Em &quot;X.Categorias velhas&quot;","block_context":{"text":"X.Categorias velhas","link":"https:\/\/www.jornalja.com.br\/arquivo\/category\/x-categorias-velhas\/"},"img":{"alt_text":"geraldo1","src":"https:\/\/i0.wp.com\/www.jornalja.com.br\/wp-content\/uploads\/2009\/07\/geraldo1.jpg?resize=350%2C200&ssl=1","width":350,"height":200},"classes":[]},{"id":12960,"url":"https:\/\/www.jornalja.com.br\/arquivo\/populacao-culpa-empresas-pela-greve-dos-rodoviarios\/","url_meta":{"origin":43781,"position":3},"title":"Popula\u00e7\u00e3o culpa empresas pela greve","author":"Patr\u00edcia Marini","date":"14 de fevereiro de 2014","format":false,"excerpt":"Pesquisa divulgada na edi\u00e7\u00e3o do jornal Metro desta sexta-feira,14, comprova o velho ditado: \u00e9 poss\u00edvel enganar muitos por algum tempo, mas n\u00e3o \u00e9 poss\u00edvel enganar a todos o tempo inteiro. A principal revela\u00e7\u00e3o foi que 59,8% dos entrevistados apontaram as empresas como as principais respons\u00e1veis pela grave e 46% culparam\u2026","rel":"","context":"Em &quot;X.Categorias velhas&quot;","block_context":{"text":"X.Categorias velhas","link":"https:\/\/www.jornalja.com.br\/arquivo\/category\/x-categorias-velhas\/"},"img":{"alt_text":"","src":"","width":0,"height":0},"classes":[]},{"id":14241,"url":"https:\/\/www.jornalja.com.br\/arquivo\/o-guaiba-nas-imagens-poeticas-de-achutti\/","url_meta":{"origin":43781,"position":4},"title":"O Gua\u00edba nas imagens po\u00e9ticas de Achutti","author":"da Reda\u00e7\u00e3o","date":"18 de junho de 2014","format":false,"excerpt":"Em \u201cO Gua\u00edba por Achutti\u201d \u2013 obra financiada via Minist\u00e9rio da Cultura, produ\u00e7\u00e3o executiva de Pedro Longhi, e Fl\u00e1vio Wild como designer \u2013, o fot\u00f3grafo revela a beleza e as mazelas de um espa\u00e7o aqu\u00e1tico de \u00e1guas sempre renovadas, cheio de hist\u00f3rias e lendas como as das cidades que foram\u2026","rel":"","context":"Em &quot;Cultura-Geral&quot;","block_context":{"text":"Cultura-Geral","link":"https:\/\/www.jornalja.com.br\/arquivo\/category\/materiasecundaria\/"},"img":{"alt_text":"","src":"","width":0,"height":0},"classes":[]},{"id":1280,"url":"https:\/\/www.jornalja.com.br\/arquivo\/o-menino-que-se-tornou-brizola\/","url_meta":{"origin":43781,"position":5},"title":"O Menino que se Tornou Brizola","author":"da Reda\u00e7\u00e3o","date":"28 de julho de 2008","format":false,"excerpt":"Autor: Cleber Dioni A vida de Leonel Brizola, com \u00eanfase para os primeiros anos em Porto Alegre, at\u00e9 o ex\u00edlio no Uruguai e a volta, quinze anos depois. \u00a0\"...\u00c9ramos todos jovens e nos identific\u00e1vamos com aquela massa an\u00f4nima a percorrer as ruas de Porto Alegre, gritando 'Get\u00falio', 'Get\u00falio' e empunhando\u2026","rel":"","context":"Em &quot;Livros&quot;","block_context":{"text":"Livros","link":"https:\/\/www.jornalja.com.br\/arquivo\/category\/livros\/"},"img":{"alt_text":"","src":"https:\/\/i0.wp.com\/www.jornalja.com.br\/wp-content\/uploads\/2008\/07\/brizola.gif?resize=350%2C200&ssl=1","width":350,"height":200},"classes":[]}],"jetpack_shortlink":"https:\/\/wp.me\/pbQjBd-bo9","jetpack_featured_media_url":"","_links":{"self":[{"href":"https:\/\/www.jornalja.com.br\/arquivo\/wp-json\/wp\/v2\/posts\/43781","targetHints":{"allow":["GET"]}}],"collection":[{"href":"https:\/\/www.jornalja.com.br\/arquivo\/wp-json\/wp\/v2\/posts"}],"about":[{"href":"https:\/\/www.jornalja.com.br\/arquivo\/wp-json\/wp\/v2\/types\/post"}],"author":[{"embeddable":true,"href":"https:\/\/www.jornalja.com.br\/arquivo\/wp-json\/wp\/v2\/users\/4"}],"replies":[{"embeddable":true,"href":"https:\/\/www.jornalja.com.br\/arquivo\/wp-json\/wp\/v2\/comments?post=43781"}],"version-history":[{"count":0,"href":"https:\/\/www.jornalja.com.br\/arquivo\/wp-json\/wp\/v2\/posts\/43781\/revisions"}],"wp:attachment":[{"href":"https:\/\/www.jornalja.com.br\/arquivo\/wp-json\/wp\/v2\/media?parent=43781"}],"wp:term":[{"taxonomy":"category","embeddable":true,"href":"https:\/\/www.jornalja.com.br\/arquivo\/wp-json\/wp\/v2\/categories?post=43781"},{"taxonomy":"post_tag","embeddable":true,"href":"https:\/\/www.jornalja.com.br\/arquivo\/wp-json\/wp\/v2\/tags?post=43781"}],"curies":[{"name":"wp","href":"https:\/\/api.w.org\/{rel}","templated":true}]}}