{"id":43788,"date":"2017-01-25T21:00:26","date_gmt":"2017-01-26T00:00:26","guid":{"rendered":"https:\/\/www.jornalja.com.br\/?p=43788"},"modified":"2017-01-25T21:00:26","modified_gmt":"2017-01-26T00:00:26","slug":"oposicao-convoca-secretario-da-fazenda-a-prestar-esclarecimentos-sobre-financas-do-municipio","status":"publish","type":"post","link":"https:\/\/www.jornalja.com.br\/arquivo\/oposicao-convoca-secretario-da-fazenda-a-prestar-esclarecimentos-sobre-financas-do-municipio\/","title":{"rendered":"Oposi\u00e7\u00e3o convoca secret\u00e1rio da fazenda  a prestar esclarecimentos sobre finan\u00e7as do munic\u00edpio"},"content":{"rendered":"<p>A l\u00edder da oposi\u00e7\u00e3o na C\u00e2mara Municipal, vereadora Fernanda Melchiona (PSOL) protocolou na tarde desta quarta-feira (25) um requerimento pedindo a convoca\u00e7\u00e3o ao atual secret\u00e1rio da Fazenda Leonardo Maranh\u00e3o Busatto, assim como um convite ao antigo secretario Roberto Bertoncini para que esclare\u00e7am a real situa\u00e7\u00e3o financeira do munic\u00edpio ainda na primeira sess\u00e3o ap\u00f3s o recesso.<br \/>\nSegundo Fernanda na entrevista coletiva da manh\u00e3 desta quarta-feira, o prefeito Nelson Marchezan Junior \u201cpintou um quadro terr\u00edvel e exagerado sobre as finan\u00e7as municipais\u201d. Al\u00e9m disso, ela lembrou que o antigo prefeito respondeu no twiter aos dados levantados. \u201d Por isso \u00e9 importante que a situa\u00e7\u00e3o seja esclarecida. A popula\u00e7\u00e3o e os servidores n\u00e3o poder\u00e3o ficar nesta incerteza\u201d, afirmou.<br \/>\nConforme a vereadora os trabalhadores j\u00e1 est\u00e3o sob a amea\u00e7a de atraso e at\u00e9 de parcelamento de sal\u00e1rios. \u201c Isto significa a precariza\u00e7\u00e3o dos servi\u00e7os p\u00fablicos e ao mesmo tempo um desrespeito aos servidores que fazem a pol\u00edtica de atendimento de nossa popula\u00e7\u00e3o\u201d.<br \/>\nA vereadora assegurou que \u201cdiante desta guerra de informa\u00e7\u00f5es foi que solicitamos a convoca\u00e7\u00e3o aqui na C\u00e2mara Municipal que dever\u00e1 ser aprovada em plen\u00e1rio ainda na primeira semana de fevereiro\u201d.<\/p>\n","protected":false},"excerpt":{"rendered":"<p>A l\u00edder da oposi\u00e7\u00e3o na C\u00e2mara Municipal, vereadora Fernanda Melchiona (PSOL) protocolou na tarde desta quarta-feira (25) um requerimento pedindo a convoca\u00e7\u00e3o ao atual secret\u00e1rio da Fazenda Leonardo Maranh\u00e3o Busatto, assim como um convite ao antigo secretario Roberto Bertoncini para que esclare\u00e7am a real situa\u00e7\u00e3o financeira do munic\u00edpio ainda na primeira sess\u00e3o ap\u00f3s o recesso. [&hellip;]<\/p>\n","protected":false},"author":4,"featured_media":43797,"comment_status":"open","ping_status":"closed","sticky":false,"template":"","format":"standard","meta":{"_jetpack_newsletter_access":"","_jetpack_dont_email_post_to_subs":false,"_jetpack_newsletter_tier_id":0,"_jetpack_memberships_contains_paywalled_content":false,"_jetpack_feature_clip_id":0,"_jetpack_memberships_contains_paid_content":false,"footnotes":"","jetpack_post_was_ever_published":false},"categories":[26],"tags":[],"class_list":["post-43788","post","type-post","status-publish","format-standard","has-post-thumbnail","hentry","category-geral"],"aioseo_notices":[],"aioseo_head":"\n\t\t<!-- All in One SEO 5.0.1.1 - aioseo.com -->\n\t<meta name=\"robots\" content=\"max-image-preview:large\" \/>\n\t<meta name=\"author\" content=\"da Reda\u00e7\u00e3o\"\/>\n\t<link rel=\"canonical\" href=\"https:\/\/www.jornalja.com.br\/arquivo\/oposicao-convoca-secretario-da-fazenda-a-prestar-esclarecimentos-sobre-financas-do-municipio\/\" \/>\n\t<meta name=\"generator\" content=\"All in One SEO (AIOSEO) 5.0.1.1\" \/>\n\t\t<meta property=\"og:locale\" content=\"pt_BR\" \/>\n\t\t<meta property=\"og:site_name\" content=\"Arquivo | Jornal J\u00c1 | Porto Alegre\" \/>\n\t\t<meta property=\"og:type\" content=\"article\" \/>\n\t\t<meta property=\"og:title\" content=\"Oposi\u00e7\u00e3o convoca secret\u00e1rio da fazenda a prestar esclarecimentos sobre finan\u00e7as do munic\u00edpio | Arquivo\" \/>\n\t\t<meta property=\"og:url\" content=\"https:\/\/www.jornalja.com.br\/arquivo\/oposicao-convoca-secretario-da-fazenda-a-prestar-esclarecimentos-sobre-financas-do-municipio\/\" \/>\n\t\t<meta property=\"og:image\" content=\"https:\/\/www.jornalja.com.br\/economics\/wp-content\/uploads\/sites\/11\/2026\/08\/ja-folhaderosto-facebook.jpg\" \/>\n\t\t<meta property=\"og:image:secure_url\" content=\"https:\/\/www.jornalja.com.br\/economics\/wp-content\/uploads\/sites\/11\/2026\/08\/ja-folhaderosto-facebook.jpg\" \/>\n\t\t<meta property=\"article:published_time\" content=\"2017-01-26T00:00:26+00:00\" \/>\n\t\t<meta property=\"article:modified_time\" content=\"2017-01-26T00:00:26+00:00\" \/>\n\t\t<meta name=\"twitter:card\" content=\"summary\" \/>\n\t\t<meta name=\"twitter:title\" content=\"Oposi\u00e7\u00e3o convoca secret\u00e1rio da fazenda a prestar esclarecimentos sobre finan\u00e7as do munic\u00edpio | Arquivo\" \/>\n\t\t<meta name=\"twitter:image\" content=\"https:\/\/www.jornalja.com.br\/economics\/wp-content\/uploads\/sites\/11\/2026\/08\/ja-folhaderosto-facebook.jpg\" \/>\n\t\t<script type=\"application\/ld+json\" class=\"aioseo-schema\">\n\t\t\t{\"@context\":\"https:\\\/\\\/schema.org\",\"@graph\":[{\"@type\":\"BlogPosting\",\"@id\":\"https:\\\/\\\/www.jornalja.com.br\\\/arquivo\\\/oposicao-convoca-secretario-da-fazenda-a-prestar-esclarecimentos-sobre-financas-do-municipio\\\/#blogposting\",\"name\":\"Oposi\\u00e7\\u00e3o convoca secret\\u00e1rio da fazenda a prestar esclarecimentos sobre finan\\u00e7as do munic\\u00edpio | Arquivo\",\"headline\":\"Oposi\\u00e7\\u00e3o convoca secret\\u00e1rio da fazenda  a prestar esclarecimentos sobre finan\\u00e7as do munic\\u00edpio\",\"author\":{\"@id\":\"https:\\\/\\\/www.jornalja.com.br\\\/arquivo\\\/author\\\/daredacao\\\/#author\"},\"publisher\":{\"@id\":\"https:\\\/\\\/www.jornalja.com.br\\\/arquivo\\\/#organization\"},\"image\":{\"@type\":\"ImageObject\",\"url\":43797},\"datePublished\":\"2017-01-25T21:00:26-02:00\",\"dateModified\":\"2017-01-25T21:00:26-02:00\",\"inLanguage\":\"pt-BR\",\"mainEntityOfPage\":{\"@id\":\"https:\\\/\\\/www.jornalja.com.br\\\/arquivo\\\/oposicao-convoca-secretario-da-fazenda-a-prestar-esclarecimentos-sobre-financas-do-municipio\\\/#webpage\"},\"isPartOf\":{\"@id\":\"https:\\\/\\\/www.jornalja.com.br\\\/arquivo\\\/oposicao-convoca-secretario-da-fazenda-a-prestar-esclarecimentos-sobre-financas-do-municipio\\\/#webpage\"},\"articleSection\":\"Geral\"},{\"@type\":\"BreadcrumbList\",\"@id\":\"https:\\\/\\\/www.jornalja.com.br\\\/arquivo\\\/oposicao-convoca-secretario-da-fazenda-a-prestar-esclarecimentos-sobre-financas-do-municipio\\\/#breadcrumblist\",\"itemListElement\":[{\"@type\":\"ListItem\",\"@id\":\"https:\\\/\\\/www.jornalja.com.br\\\/arquivo#listItem\",\"position\":1,\"name\":\"Home\",\"item\":\"https:\\\/\\\/www.jornalja.com.br\\\/arquivo\",\"nextItem\":{\"@type\":\"ListItem\",\"@id\":\"https:\\\/\\\/www.jornalja.com.br\\\/arquivo\\\/category\\\/geral\\\/#listItem\",\"name\":\"Geral\"}},{\"@type\":\"ListItem\",\"@id\":\"https:\\\/\\\/www.jornalja.com.br\\\/arquivo\\\/category\\\/geral\\\/#listItem\",\"position\":2,\"name\":\"Geral\",\"item\":\"https:\\\/\\\/www.jornalja.com.br\\\/arquivo\\\/category\\\/geral\\\/\",\"nextItem\":{\"@type\":\"ListItem\",\"@id\":\"https:\\\/\\\/www.jornalja.com.br\\\/arquivo\\\/oposicao-convoca-secretario-da-fazenda-a-prestar-esclarecimentos-sobre-financas-do-municipio\\\/#listItem\",\"name\":\"Oposi\\u00e7\\u00e3o convoca secret\\u00e1rio da fazenda  a prestar esclarecimentos sobre finan\\u00e7as do munic\\u00edpio\"},\"previousItem\":{\"@type\":\"ListItem\",\"@id\":\"https:\\\/\\\/www.jornalja.com.br\\\/arquivo#listItem\",\"name\":\"Home\"}},{\"@type\":\"ListItem\",\"@id\":\"https:\\\/\\\/www.jornalja.com.br\\\/arquivo\\\/oposicao-convoca-secretario-da-fazenda-a-prestar-esclarecimentos-sobre-financas-do-municipio\\\/#listItem\",\"position\":3,\"name\":\"Oposi\\u00e7\\u00e3o convoca secret\\u00e1rio da fazenda  a prestar esclarecimentos sobre finan\\u00e7as do munic\\u00edpio\",\"previousItem\":{\"@type\":\"ListItem\",\"@id\":\"https:\\\/\\\/www.jornalja.com.br\\\/arquivo\\\/category\\\/geral\\\/#listItem\",\"name\":\"Geral\"}}]},{\"@type\":\"Organization\",\"@id\":\"https:\\\/\\\/www.jornalja.com.br\\\/arquivo\\\/#organization\",\"name\":\"Jornal J\\u00c1\",\"description\":\"Jornal J\\u00c1 | Porto Alegre\",\"url\":\"https:\\\/\\\/www.jornalja.com.br\\\/arquivo\\\/\",\"telephone\":\"+555133307272\",\"logo\":{\"@type\":\"ImageObject\",\"url\":\"https:\\\/\\\/www.jornalja.com.br\\\/wp-content\\\/uploads\\\/cards\\\/JAslogan.png\",\"@id\":\"https:\\\/\\\/www.jornalja.com.br\\\/arquivo\\\/oposicao-convoca-secretario-da-fazenda-a-prestar-esclarecimentos-sobre-financas-do-municipio\\\/#organizationLogo\"},\"image\":{\"@id\":\"https:\\\/\\\/www.jornalja.com.br\\\/arquivo\\\/oposicao-convoca-secretario-da-fazenda-a-prestar-esclarecimentos-sobre-financas-do-municipio\\\/#organizationLogo\"}},{\"@type\":\"Person\",\"@id\":\"https:\\\/\\\/www.jornalja.com.br\\\/arquivo\\\/author\\\/daredacao\\\/#author\",\"url\":\"https:\\\/\\\/www.jornalja.com.br\\\/arquivo\\\/author\\\/daredacao\\\/\",\"name\":\"da Reda\\u00e7\\u00e3o\",\"image\":{\"@type\":\"ImageObject\",\"@id\":\"https:\\\/\\\/www.jornalja.com.br\\\/arquivo\\\/oposicao-convoca-secretario-da-fazenda-a-prestar-esclarecimentos-sobre-financas-do-municipio\\\/#authorImage\",\"url\":\"https:\\\/\\\/secure.gravatar.com\\\/avatar\\\/469fd857d6605ad19919d27ed29d35a968a25f6e8fd9318356bbb7f57aae9c65?s=96&d=mm&r=g\",\"width\":96,\"height\":96,\"caption\":\"da Reda\\u00e7\\u00e3o\"}},{\"@type\":\"WebPage\",\"@id\":\"https:\\\/\\\/www.jornalja.com.br\\\/arquivo\\\/oposicao-convoca-secretario-da-fazenda-a-prestar-esclarecimentos-sobre-financas-do-municipio\\\/#webpage\",\"url\":\"https:\\\/\\\/www.jornalja.com.br\\\/arquivo\\\/oposicao-convoca-secretario-da-fazenda-a-prestar-esclarecimentos-sobre-financas-do-municipio\\\/\",\"name\":\"Oposi\\u00e7\\u00e3o convoca secret\\u00e1rio da fazenda a prestar esclarecimentos sobre finan\\u00e7as do munic\\u00edpio | Arquivo\",\"inLanguage\":\"pt-BR\",\"isPartOf\":{\"@id\":\"https:\\\/\\\/www.jornalja.com.br\\\/arquivo\\\/#website\"},\"breadcrumb\":{\"@id\":\"https:\\\/\\\/www.jornalja.com.br\\\/arquivo\\\/oposicao-convoca-secretario-da-fazenda-a-prestar-esclarecimentos-sobre-financas-do-municipio\\\/#breadcrumblist\"},\"author\":{\"@id\":\"https:\\\/\\\/www.jornalja.com.br\\\/arquivo\\\/author\\\/daredacao\\\/#author\"},\"creator\":{\"@id\":\"https:\\\/\\\/www.jornalja.com.br\\\/arquivo\\\/author\\\/daredacao\\\/#author\"},\"image\":{\"@type\":\"ImageObject\",\"url\":43797,\"@id\":\"https:\\\/\\\/www.jornalja.com.br\\\/arquivo\\\/oposicao-convoca-secretario-da-fazenda-a-prestar-esclarecimentos-sobre-financas-do-municipio\\\/#mainImage\"},\"primaryImageOfPage\":{\"@id\":\"https:\\\/\\\/www.jornalja.com.br\\\/arquivo\\\/oposicao-convoca-secretario-da-fazenda-a-prestar-esclarecimentos-sobre-financas-do-municipio\\\/#mainImage\"},\"datePublished\":\"2017-01-25T21:00:26-02:00\",\"dateModified\":\"2017-01-25T21:00:26-02:00\"},{\"@type\":\"WebSite\",\"@id\":\"https:\\\/\\\/www.jornalja.com.br\\\/arquivo\\\/#website\",\"url\":\"https:\\\/\\\/www.jornalja.com.br\\\/arquivo\\\/\",\"name\":\"Arquivo\",\"description\":\"Jornal J\\u00c1 | Porto Alegre\",\"inLanguage\":\"pt-BR\",\"publisher\":{\"@id\":\"https:\\\/\\\/www.jornalja.com.br\\\/arquivo\\\/#organization\"}}]}\n\t\t<\/script>\n\t\t<!-- All in One SEO -->\n\n","aioseo_head_json":{"title":"Oposi\u00e7\u00e3o convoca secret\u00e1rio da fazenda a prestar esclarecimentos sobre finan\u00e7as do munic\u00edpio | Arquivo","description":"","canonical_url":"https:\/\/www.jornalja.com.br\/arquivo\/oposicao-convoca-secretario-da-fazenda-a-prestar-esclarecimentos-sobre-financas-do-municipio\/","robots":"max-image-preview:large","keywords":"","webmasterTools":{"miscellaneous":""},"schema":{"@context":"https:\/\/schema.org","@graph":[{"@type":"BlogPosting","@id":"https:\/\/www.jornalja.com.br\/arquivo\/oposicao-convoca-secretario-da-fazenda-a-prestar-esclarecimentos-sobre-financas-do-municipio\/#blogposting","name":"Oposi\u00e7\u00e3o convoca secret\u00e1rio da fazenda a prestar esclarecimentos sobre finan\u00e7as do munic\u00edpio | Arquivo","headline":"Oposi\u00e7\u00e3o convoca secret\u00e1rio da fazenda  a prestar esclarecimentos sobre finan\u00e7as do munic\u00edpio","author":{"@id":"https:\/\/www.jornalja.com.br\/arquivo\/author\/daredacao\/#author"},"publisher":{"@id":"https:\/\/www.jornalja.com.br\/arquivo\/#organization"},"image":{"@type":"ImageObject","url":43797},"datePublished":"2017-01-25T21:00:26-02:00","dateModified":"2017-01-25T21:00:26-02:00","inLanguage":"pt-BR","mainEntityOfPage":{"@id":"https:\/\/www.jornalja.com.br\/arquivo\/oposicao-convoca-secretario-da-fazenda-a-prestar-esclarecimentos-sobre-financas-do-municipio\/#webpage"},"isPartOf":{"@id":"https:\/\/www.jornalja.com.br\/arquivo\/oposicao-convoca-secretario-da-fazenda-a-prestar-esclarecimentos-sobre-financas-do-municipio\/#webpage"},"articleSection":"Geral"},{"@type":"BreadcrumbList","@id":"https:\/\/www.jornalja.com.br\/arquivo\/oposicao-convoca-secretario-da-fazenda-a-prestar-esclarecimentos-sobre-financas-do-municipio\/#breadcrumblist","itemListElement":[{"@type":"ListItem","@id":"https:\/\/www.jornalja.com.br\/arquivo#listItem","position":1,"name":"Home","item":"https:\/\/www.jornalja.com.br\/arquivo","nextItem":{"@type":"ListItem","@id":"https:\/\/www.jornalja.com.br\/arquivo\/category\/geral\/#listItem","name":"Geral"}},{"@type":"ListItem","@id":"https:\/\/www.jornalja.com.br\/arquivo\/category\/geral\/#listItem","position":2,"name":"Geral","item":"https:\/\/www.jornalja.com.br\/arquivo\/category\/geral\/","nextItem":{"@type":"ListItem","@id":"https:\/\/www.jornalja.com.br\/arquivo\/oposicao-convoca-secretario-da-fazenda-a-prestar-esclarecimentos-sobre-financas-do-municipio\/#listItem","name":"Oposi\u00e7\u00e3o convoca secret\u00e1rio da fazenda  a prestar esclarecimentos sobre finan\u00e7as do munic\u00edpio"},"previousItem":{"@type":"ListItem","@id":"https:\/\/www.jornalja.com.br\/arquivo#listItem","name":"Home"}},{"@type":"ListItem","@id":"https:\/\/www.jornalja.com.br\/arquivo\/oposicao-convoca-secretario-da-fazenda-a-prestar-esclarecimentos-sobre-financas-do-municipio\/#listItem","position":3,"name":"Oposi\u00e7\u00e3o convoca secret\u00e1rio da fazenda  a prestar esclarecimentos sobre finan\u00e7as do munic\u00edpio","previousItem":{"@type":"ListItem","@id":"https:\/\/www.jornalja.com.br\/arquivo\/category\/geral\/#listItem","name":"Geral"}}]},{"@type":"Organization","@id":"https:\/\/www.jornalja.com.br\/arquivo\/#organization","name":"Jornal J\u00c1","description":"Jornal J\u00c1 | Porto Alegre","url":"https:\/\/www.jornalja.com.br\/arquivo\/","telephone":"+555133307272","logo":{"@type":"ImageObject","url":"https:\/\/www.jornalja.com.br\/wp-content\/uploads\/cards\/JAslogan.png","@id":"https:\/\/www.jornalja.com.br\/arquivo\/oposicao-convoca-secretario-da-fazenda-a-prestar-esclarecimentos-sobre-financas-do-municipio\/#organizationLogo"},"image":{"@id":"https:\/\/www.jornalja.com.br\/arquivo\/oposicao-convoca-secretario-da-fazenda-a-prestar-esclarecimentos-sobre-financas-do-municipio\/#organizationLogo"}},{"@type":"Person","@id":"https:\/\/www.jornalja.com.br\/arquivo\/author\/daredacao\/#author","url":"https:\/\/www.jornalja.com.br\/arquivo\/author\/daredacao\/","name":"da Reda\u00e7\u00e3o","image":{"@type":"ImageObject","@id":"https:\/\/www.jornalja.com.br\/arquivo\/oposicao-convoca-secretario-da-fazenda-a-prestar-esclarecimentos-sobre-financas-do-municipio\/#authorImage","url":"https:\/\/secure.gravatar.com\/avatar\/469fd857d6605ad19919d27ed29d35a968a25f6e8fd9318356bbb7f57aae9c65?s=96&d=mm&r=g","width":96,"height":96,"caption":"da Reda\u00e7\u00e3o"}},{"@type":"WebPage","@id":"https:\/\/www.jornalja.com.br\/arquivo\/oposicao-convoca-secretario-da-fazenda-a-prestar-esclarecimentos-sobre-financas-do-municipio\/#webpage","url":"https:\/\/www.jornalja.com.br\/arquivo\/oposicao-convoca-secretario-da-fazenda-a-prestar-esclarecimentos-sobre-financas-do-municipio\/","name":"Oposi\u00e7\u00e3o convoca secret\u00e1rio da fazenda a prestar esclarecimentos sobre finan\u00e7as do munic\u00edpio | Arquivo","inLanguage":"pt-BR","isPartOf":{"@id":"https:\/\/www.jornalja.com.br\/arquivo\/#website"},"breadcrumb":{"@id":"https:\/\/www.jornalja.com.br\/arquivo\/oposicao-convoca-secretario-da-fazenda-a-prestar-esclarecimentos-sobre-financas-do-municipio\/#breadcrumblist"},"author":{"@id":"https:\/\/www.jornalja.com.br\/arquivo\/author\/daredacao\/#author"},"creator":{"@id":"https:\/\/www.jornalja.com.br\/arquivo\/author\/daredacao\/#author"},"image":{"@type":"ImageObject","url":43797,"@id":"https:\/\/www.jornalja.com.br\/arquivo\/oposicao-convoca-secretario-da-fazenda-a-prestar-esclarecimentos-sobre-financas-do-municipio\/#mainImage"},"primaryImageOfPage":{"@id":"https:\/\/www.jornalja.com.br\/arquivo\/oposicao-convoca-secretario-da-fazenda-a-prestar-esclarecimentos-sobre-financas-do-municipio\/#mainImage"},"datePublished":"2017-01-25T21:00:26-02:00","dateModified":"2017-01-25T21:00:26-02:00"},{"@type":"WebSite","@id":"https:\/\/www.jornalja.com.br\/arquivo\/#website","url":"https:\/\/www.jornalja.com.br\/arquivo\/","name":"Arquivo","description":"Jornal J\u00c1 | Porto Alegre","inLanguage":"pt-BR","publisher":{"@id":"https:\/\/www.jornalja.com.br\/arquivo\/#organization"}}]},"og:locale":"pt_BR","og:site_name":"Arquivo | Jornal J\u00c1 | Porto Alegre","og:type":"article","og:title":"Oposi\u00e7\u00e3o convoca secret\u00e1rio da fazenda a prestar esclarecimentos sobre finan\u00e7as do munic\u00edpio | Arquivo","og:url":"https:\/\/www.jornalja.com.br\/arquivo\/oposicao-convoca-secretario-da-fazenda-a-prestar-esclarecimentos-sobre-financas-do-municipio\/","og:image":"https:\/\/www.jornalja.com.br\/economics\/wp-content\/uploads\/sites\/11\/2026\/08\/ja-folhaderosto-facebook.jpg","og:image:secure_url":"https:\/\/www.jornalja.com.br\/economics\/wp-content\/uploads\/sites\/11\/2026\/08\/ja-folhaderosto-facebook.jpg","article:published_time":"2017-01-26T00:00:26+00:00","article:modified_time":"2017-01-26T00:00:26+00:00","twitter:card":"summary","twitter:title":"Oposi\u00e7\u00e3o convoca secret\u00e1rio da fazenda a prestar esclarecimentos sobre finan\u00e7as do munic\u00edpio | Arquivo","twitter:image":"https:\/\/www.jornalja.com.br\/economics\/wp-content\/uploads\/sites\/11\/2026\/08\/ja-folhaderosto-facebook.jpg"},"aioseo_meta_data":{"post_id":"43788","title":null,"description":null,"keywords":null,"keyphrases":null,"primary_term":null,"canonical_url":null,"og_title":null,"og_description":null,"og_object_type":"default","og_image_type":"default","og_image_url":null,"og_image_width":null,"og_image_height":null,"og_image_custom_url":null,"og_image_custom_fields":null,"og_video":null,"og_custom_url":null,"og_article_section":null,"og_article_tags":null,"twitter_use_og":false,"twitter_card":"default","twitter_image_type":"default","twitter_image_url":null,"twitter_image_custom_url":null,"twitter_image_custom_fields":null,"twitter_title":null,"twitter_description":null,"schema":{"blockGraphs":[],"customGraphs":[],"default":{"data":{"Article":[],"Course":[],"Dataset":[],"FAQPage":[],"Movie":[],"Person":[],"Product":[],"ProductReview":[],"Car":[],"Recipe":[],"Service":[],"SoftwareApplication":[],"WebPage":[]},"graphName":"","isEnabled":true},"graphs":[],"defaultGraph":"","defaultPostTypeGraph":""},"schema_type":null,"schema_type_options":null,"pillar_content":false,"robots_default":true,"robots_noindex":false,"robots_noarchive":false,"robots_nosnippet":false,"robots_nofollow":false,"robots_noimageindex":false,"robots_noodp":false,"robots_notranslate":false,"robots_max_snippet":null,"robots_max_videopreview":null,"robots_max_imagepreview":"large","priority":null,"frequency":null,"location":null,"local_seo":null,"breadcrumb_settings":null,"limit_modified_date":false,"ai":null,"created":"2020-12-20 20:41:47","updated":"2025-07-19 19:34:07","seo_analyzer_scan_date":null,"focus_keyword":null,"additional_keywords":null,"truseo_locale":null},"jetpack_sharing_enabled":true,"jetpack-related-posts":[{"id":13240,"url":"https:\/\/www.jornalja.com.br\/arquivo\/plano-diretor-estamos-construindo-o-caos\/","url_meta":{"origin":43788,"position":0},"title":"Plano diretor: &quot;Estamos construindo o caos&quot;","author":"Patr\u00edcia Marini","date":"26 de maio de 2014","format":false,"excerpt":"Desabafo que arquiteta Eliana Castilhos, delegada da Regi\u00e3o de Planejamento 1, postou nas redes sociais \u00e9 um testemunho do ambiente que se criou no Conselho do Plano Diretor de Porto Alegre, onde a aprova\u00e7\u00e3o de grandes empreendimentos \u00e9 empurrada guela abaixo dos conselheiros. Ao CMDUA Como delegada da Regi\u00e3o de\u2026","rel":"","context":"Em &quot;Geral&quot;","block_context":{"text":"Geral","link":"https:\/\/www.jornalja.com.br\/arquivo\/category\/geral\/"},"img":{"alt_text":"","src":"","width":0,"height":0},"classes":[]},{"id":13239,"url":"https:\/\/www.jornalja.com.br\/arquivo\/conselho-desdenha-do-plano-diretor\/","url_meta":{"origin":43788,"position":1},"title":"Porto Alegre: Conselho detona Plano Diretor","author":"Patr\u00edcia Marini","date":"25 de maio de 2014","format":false,"excerpt":"Den\u00fancia do arquiteto e \u00a0urbanista Ibir\u00e1 Santos Lucas. Ele diz que os conselheiros est\u00e3o votando com \"enorme irresponsabilidade\". \"Mudam regime com a maior naturalidade,,,regularizam absurdos de constru\u00e7\u00f5es irregulares... \"O CMDUA est\u00e1 flexibilizando a lei do plano diretor, de uma forma impactante na vida da cidade. Mudam regime com a maior\u2026","rel":"","context":"Em &quot;Geral&quot;","block_context":{"text":"Geral","link":"https:\/\/www.jornalja.com.br\/arquivo\/category\/geral\/"},"img":{"alt_text":"","src":"","width":0,"height":0},"classes":[]},{"id":13101,"url":"https:\/\/www.jornalja.com.br\/arquivo\/morre-um-guerreiro-do-texto\/","url_meta":{"origin":43788,"position":2},"title":"Morre um guerreiro do texto","author":"Patr\u00edcia Marini","date":"14 de maio de 2014","format":false,"excerpt":"Por Ricardo Kotscho Reproduzido do blog do autor, 11\/5\/2014; t\u00edtulo original \u201cE l\u00e1 se foi o nosso Myltainho, guerreiro do texto\u201d. Mi\u00fado e franzino, meu amigo Myltainho era um valente e inconformado guerreiro na luta contra as injusti\u00e7as sociais, a hipocrisia, as maracutaias, o autoritarismo, a intoler\u00e2ncia, a viol\u00eancia, o\u2026","rel":"","context":"Em &quot;Geral&quot;","block_context":{"text":"Geral","link":"https:\/\/www.jornalja.com.br\/arquivo\/category\/geral\/"},"img":{"alt_text":"","src":"","width":0,"height":0},"classes":[]},{"id":5440,"url":"https:\/\/www.jornalja.com.br\/arquivo\/casarao-da-venancio-destino-permanece-incerto\/","url_meta":{"origin":43788,"position":3},"title":"Estado ainda n\u00e3o sabe o que fazer com casar\u00e3o abandonado h\u00e1 20 anos","author":"Elmar Bones","date":"6 de julho de 2009","format":false,"excerpt":"O casar\u00e3o amarelo, numa esquina nobre de Porto Alegre (Ven\u00e2ncio Aires com Jo\u00e3o Pessoa), j\u00e1 abrigou uma escola. H\u00e1 duas d\u00e9cadas, pelo menos, est\u00e1 abandonado, porque seu propriet\u00e1rio, o governo do Estado do Rio Grande do Sul, n\u00e3o consegue achar um destino para ele. Planos n\u00e3o faltaram. O governador Ol\u00edvio\u2026","rel":"","context":"Em &quot;X.Categorias velhas&quot;","block_context":{"text":"X.Categorias velhas","link":"https:\/\/www.jornalja.com.br\/arquivo\/category\/x-categorias-velhas\/"},"img":{"alt_text":"geraldo1","src":"https:\/\/i0.wp.com\/www.jornalja.com.br\/wp-content\/uploads\/2009\/07\/geraldo1.jpg?resize=350%2C200&ssl=1","width":350,"height":200},"classes":[]},{"id":14241,"url":"https:\/\/www.jornalja.com.br\/arquivo\/o-guaiba-nas-imagens-poeticas-de-achutti\/","url_meta":{"origin":43788,"position":4},"title":"O Gua\u00edba nas imagens po\u00e9ticas de Achutti","author":"da Reda\u00e7\u00e3o","date":"18 de junho de 2014","format":false,"excerpt":"Em \u201cO Gua\u00edba por Achutti\u201d \u2013 obra financiada via Minist\u00e9rio da Cultura, produ\u00e7\u00e3o executiva de Pedro Longhi, e Fl\u00e1vio Wild como designer \u2013, o fot\u00f3grafo revela a beleza e as mazelas de um espa\u00e7o aqu\u00e1tico de \u00e1guas sempre renovadas, cheio de hist\u00f3rias e lendas como as das cidades que foram\u2026","rel":"","context":"Em &quot;Cultura-Geral&quot;","block_context":{"text":"Cultura-Geral","link":"https:\/\/www.jornalja.com.br\/arquivo\/category\/materiasecundaria\/"},"img":{"alt_text":"","src":"","width":0,"height":0},"classes":[]},{"id":12960,"url":"https:\/\/www.jornalja.com.br\/arquivo\/populacao-culpa-empresas-pela-greve-dos-rodoviarios\/","url_meta":{"origin":43788,"position":5},"title":"Popula\u00e7\u00e3o culpa empresas pela greve","author":"Patr\u00edcia Marini","date":"14 de fevereiro de 2014","format":false,"excerpt":"Pesquisa divulgada na edi\u00e7\u00e3o do jornal Metro desta sexta-feira,14, comprova o velho ditado: \u00e9 poss\u00edvel enganar muitos por algum tempo, mas n\u00e3o \u00e9 poss\u00edvel enganar a todos o tempo inteiro. A principal revela\u00e7\u00e3o foi que 59,8% dos entrevistados apontaram as empresas como as principais respons\u00e1veis pela grave e 46% culparam\u2026","rel":"","context":"Em &quot;X.Categorias velhas&quot;","block_context":{"text":"X.Categorias velhas","link":"https:\/\/www.jornalja.com.br\/arquivo\/category\/x-categorias-velhas\/"},"img":{"alt_text":"","src":"","width":0,"height":0},"classes":[]}],"jetpack_shortlink":"https:\/\/wp.me\/pbQjBd-bog","jetpack_featured_media_url":"","_links":{"self":[{"href":"https:\/\/www.jornalja.com.br\/arquivo\/wp-json\/wp\/v2\/posts\/43788","targetHints":{"allow":["GET"]}}],"collection":[{"href":"https:\/\/www.jornalja.com.br\/arquivo\/wp-json\/wp\/v2\/posts"}],"about":[{"href":"https:\/\/www.jornalja.com.br\/arquivo\/wp-json\/wp\/v2\/types\/post"}],"author":[{"embeddable":true,"href":"https:\/\/www.jornalja.com.br\/arquivo\/wp-json\/wp\/v2\/users\/4"}],"replies":[{"embeddable":true,"href":"https:\/\/www.jornalja.com.br\/arquivo\/wp-json\/wp\/v2\/comments?post=43788"}],"version-history":[{"count":0,"href":"https:\/\/www.jornalja.com.br\/arquivo\/wp-json\/wp\/v2\/posts\/43788\/revisions"}],"wp:attachment":[{"href":"https:\/\/www.jornalja.com.br\/arquivo\/wp-json\/wp\/v2\/media?parent=43788"}],"wp:term":[{"taxonomy":"category","embeddable":true,"href":"https:\/\/www.jornalja.com.br\/arquivo\/wp-json\/wp\/v2\/categories?post=43788"},{"taxonomy":"post_tag","embeddable":true,"href":"https:\/\/www.jornalja.com.br\/arquivo\/wp-json\/wp\/v2\/tags?post=43788"}],"curies":[{"name":"wp","href":"https:\/\/api.w.org\/{rel}","templated":true}]}}