{"id":43976,"date":"2017-01-31T16:29:55","date_gmt":"2017-01-31T19:29:55","guid":{"rendered":"https:\/\/www.jornalja.com.br\/?p=43976"},"modified":"2017-01-31T16:29:55","modified_gmt":"2017-01-31T19:29:55","slug":"edegar-pretto-toma-posse-na-assembleia-aclamado-pelos-movimentos-sociais","status":"publish","type":"post","link":"https:\/\/www.jornalja.com.br\/arquivo\/edegar-pretto-toma-posse-na-assembleia-aclamado-pelos-movimentos-sociais\/","title":{"rendered":"Edegar Pretto toma posse na Assembleia aclamado pelos movimentos sociais"},"content":{"rendered":"<p style=\"text-align: left\"><span class=\"assina\">W\u00c1LMARO PAZ<\/span><\/p>\n<p>A posse do novo presidente da Assembleia Legislativa, deputado estadual Edegar Pretto (PT), na tarde desta ter\u00e7a-feira, tomou ares de uma vit\u00f3ria eleitoral.<br \/>\nOs movimentos sociais, alijados do poder desde o impeachment da presidenta Dilma Roussef, lotaram a Pra\u00e7a da Matriz na capital ga\u00facha e praticamente toda\u00a0as galerias do legislativo.<br \/>\nO plen\u00e1rio do parlamento ga\u00facho estava tomado por representantes dos movimentos rurais, sindicatos, comunidades Eclesiais de Base.<br \/>\nN\u00e3o faltaram vaias ao governador Jos\u00e9 Ivo Sartori (PMDB) e ao prefeito da capital Nelson Marchezan J\u00fanior (PSDB), assim como aplausos prolongados \u00e0s figuras do ex-governador Ol\u00edvio Dutra (PT) e ao pr\u00f3prio deputado Pretto quando apareceu no recinto.<br \/>\nNo lado externo da Assembleia um grande tel\u00e3o mostrava, ao vivo, a posse a centenas de trabalhadores rurais que assistiam ao evento em um ambiente festivo. Ao lado do tel\u00e3o o conjunto \u201c Os cantadores do Povo\u201d, com gaitas e viol\u00f5es animava a festa s\u00f3 parando para se ouvir o discurso de Edegar.<br \/>\n<figure id=\"attachment_43996\" aria-describedby=\"caption-attachment-43996\" style=\"width: 725px\" class=\"wp-caption alignleft\"><img loading=\"lazy\" decoding=\"async\" class=\"size-full wp-image-43996\" src=\"https:\/\/www.jornalja.com.br\/wp-content\/uploads\/2017\/01\/16426102_1351841884873672_5937256753268514866_n.jpg\" alt=\"Violeiros e gaiteiros festejaram a posse do deputado &quot;colono&quot; Foto: Luis Eduardo Gomes\" width=\"725\" height=\"408\" \/><figcaption id=\"caption-attachment-43996\" class=\"wp-caption-text\">Violeiros e gaiteiros festejaram a posse do deputado &#8220;colono&#8221; Foto: Luis Eduardo Gomes<\/figcaption><\/figure><br \/>\n&nbsp;<br \/>\n&nbsp;<br \/>\n<figure id=\"attachment_43987\" aria-describedby=\"caption-attachment-43987\" style=\"width: 180px\" class=\"wp-caption alignleft\"><img loading=\"lazy\" decoding=\"async\" class=\"size-medium wp-image-43987\" src=\"https:\/\/www.jornalja.com.br\/wp-content\/uploads\/2017\/01\/IMG-20170131-WA0009-180x300.jpeg\" alt=\"dezenas de r\u00e1dios do interior do Estado transmitiam ao vivo a posse do colono. foto Walmaro Paz\" width=\"180\" height=\"300\" \/><figcaption id=\"caption-attachment-43987\" class=\"wp-caption-text\">Dezenas de r\u00e1dios do interior do Estado transmitiam ao vivo a posse do colono.<br \/>foto Walmaro Paz<\/figcaption><\/figure><br \/>\nO povo aplaudia as palavras de Edegar e vibrou quando ele, depois de citar as autoridades presentes, saudou um a um os seus familiares, irm\u00e3os, cunhados, irm\u00e3s, mulher e filhos.<br \/>\nO novo presidente lembrou ainda a mem\u00f3ria de seu pai, Ad\u00e3o Pretto, um dos quatro integrantes da primeira bancada do partido dos trabalhadores no Parlamento Ga\u00facho e primeiro agricultor sem-terra a assumir um mandato, cujo lema continua at\u00e9 agora: \u201cUm p\u00e9 na luta e outro no parlamento\u201d e o logotipo formado por uma enxada e uma caneta cruzadas.<br \/>\nDesde a v\u00e9spera o site do MST publicava toda a trajet\u00f3ria de Edegar Pretto e a hist\u00f3ria de seu pai que come\u00e7ou em Miragua\u00ed, no Noroeste ga\u00facho. Na ante sala do Plen\u00e1rio cerca de 15 r\u00e1dios do interior do Estado utilizando equipamentos para transmiss\u00e3o ao vivo. No plen\u00e1rio, no espa\u00e7o reservado \u00e0 imprensa dezenas de jornalistas \u00a0de pequenos jornais acompanhavam a solenidade num clima de festa.<br \/>\n<strong>Lideran\u00e7as falaram sobre os desafios de Pretto\u00a0<\/strong><\/p>\n<p class=\"MARGIN-BOTTOM: 0cm; LINE-HEIGHT: 150%\" align=\"left\">Para a Iy\u00e0 Vera Soares, do F\u00f3rum Nacional de Seguran\u00e7a Alimentar dos Povos de Matriz Africana, o novo presidente ter\u00e1 uma miss\u00e3o dif\u00edcil pela frente.<\/p>\n<p class=\"MARGIN-BOTTOM: 0cm; LINE-HEIGHT: 150%\" align=\"left\">A crise pol\u00edtica e os retrocessos sociais, na sua avalia\u00e7\u00e3o, exigir\u00e3o do novo presidente \u201cum olhar para as minorias e muita luta contra as desigualdades que se aprofundam\u201d.<\/p>\n<p class=\"MARGIN-BOTTOM: 0cm; LINE-HEIGHT: 150%\" align=\"left\">\u201cAtravessamos um momento em que \u00e9 preciso reconstruir e apostar no povo. Precisamos de mais oportunidades, mais respeito e menos medo. Acredito que o Edegar, pelo legado que o acompanha, ter\u00e1 plenas condi\u00e7\u00f5es de fazer conosco essa travessia\u201d, apontou.<\/p>\n<p class=\"MARGIN-BOTTOM: 0cm; LINE-HEIGHT: 150%\" align=\"left\">O mesmo sentimento foi expresso pelas vereadoras Marilene Bonaf\u00e9 e Sirlei Rapkiewiz e pela ex-vereadora Amaura Dal Acqua, todas do munic\u00edpio de Casca. \u201cVai ser uma gest\u00e3o popular, com abertura e di\u00e1logo\u201d, acredita Marilene.<\/p>\n<p class=\"MARGIN-BOTTOM: 0cm; LINE-HEIGHT: 150%\" align=\"left\">Faixas da Central \u00danica dos Trabalhadores (CUT), da Central dos Trabalhadores do Brasil (CTB), da Marcha Mundial de Mulheres e dos sindicatos de servidores p\u00fablicos, ao lado do principal s\u00edmbolo do MST, expuseram as lutas e compromissos que integram a trajet\u00f3ria pol\u00edtica e pessoal do petista, lembrada a todo o momento pelos manifestantes, at\u00e9 pelos mais jovens.<\/p>\n<p class=\"MARGIN-BOTTOM: 0cm; LINE-HEIGHT: 150%\" align=\"left\">\u201cEsperamos que o Edegar tenha atitude condizente com seu vi\u00e9s popular e que coloque em pr\u00e1tica o legado de seu pai, Ad\u00e3o Pretto\u201d, afirmou o estudante Filipe Veiga, que viajou mais de seis horas, especialmente para acompanhar a posse.<\/p>\n","protected":false},"excerpt":{"rendered":"<p>W\u00c1LMARO PAZ A posse do novo presidente da Assembleia Legislativa, deputado estadual Edegar Pretto (PT), na tarde desta ter\u00e7a-feira, tomou ares de uma vit\u00f3ria eleitoral. Os movimentos sociais, alijados do poder desde o impeachment da presidenta Dilma Roussef, lotaram a Pra\u00e7a da Matriz na capital ga\u00facha e praticamente toda\u00a0as galerias do legislativo. O plen\u00e1rio do [&hellip;]<\/p>\n","protected":false},"author":4,"featured_media":43995,"comment_status":"open","ping_status":"closed","sticky":false,"template":"","format":"standard","meta":{"_jetpack_newsletter_access":"","_jetpack_dont_email_post_to_subs":false,"_jetpack_newsletter_tier_id":0,"_jetpack_memberships_contains_paywalled_content":false,"_jetpack_feature_clip_id":0,"_jetpack_memberships_contains_paid_content":false,"footnotes":"","jetpack_post_was_ever_published":false},"categories":[26],"tags":[],"class_list":["post-43976","post","type-post","status-publish","format-standard","has-post-thumbnail","hentry","category-geral"],"aioseo_notices":[],"aioseo_head":"\n\t\t<!-- All in One SEO 5.0.1.1 - aioseo.com -->\n\t<meta name=\"robots\" content=\"max-image-preview:large\" \/>\n\t<meta name=\"author\" content=\"da Reda\u00e7\u00e3o\"\/>\n\t<link rel=\"canonical\" href=\"https:\/\/www.jornalja.com.br\/arquivo\/edegar-pretto-toma-posse-na-assembleia-aclamado-pelos-movimentos-sociais\/\" \/>\n\t<meta name=\"generator\" content=\"All in One SEO (AIOSEO) 5.0.1.1\" \/>\n\t\t<meta property=\"og:locale\" content=\"pt_BR\" \/>\n\t\t<meta property=\"og:site_name\" content=\"Arquivo | Jornal J\u00c1 | Porto Alegre\" \/>\n\t\t<meta property=\"og:type\" content=\"article\" \/>\n\t\t<meta property=\"og:title\" content=\"Edegar Pretto toma posse na Assembleia aclamado pelos movimentos sociais | Arquivo\" \/>\n\t\t<meta property=\"og:url\" content=\"https:\/\/www.jornalja.com.br\/arquivo\/edegar-pretto-toma-posse-na-assembleia-aclamado-pelos-movimentos-sociais\/\" \/>\n\t\t<meta property=\"og:image\" content=\"https:\/\/www.jornalja.com.br\/wp-content\/uploads\/2017\/01\/16426102_1351841884873672_5937256753268514866_n.jpg\" \/>\n\t\t<meta property=\"og:image:secure_url\" content=\"https:\/\/www.jornalja.com.br\/wp-content\/uploads\/2017\/01\/16426102_1351841884873672_5937256753268514866_n.jpg\" \/>\n\t\t<meta property=\"article:published_time\" content=\"2017-01-31T19:29:55+00:00\" \/>\n\t\t<meta property=\"article:modified_time\" content=\"2017-01-31T19:29:55+00:00\" \/>\n\t\t<meta name=\"twitter:card\" content=\"summary\" \/>\n\t\t<meta name=\"twitter:title\" content=\"Edegar Pretto toma posse na Assembleia aclamado pelos movimentos sociais | Arquivo\" \/>\n\t\t<meta name=\"twitter:image\" content=\"https:\/\/www.jornalja.com.br\/economics\/wp-content\/uploads\/sites\/11\/2026\/08\/ja-folhaderosto-facebook.jpg\" \/>\n\t\t<script type=\"application\/ld+json\" class=\"aioseo-schema\">\n\t\t\t{\"@context\":\"https:\\\/\\\/schema.org\",\"@graph\":[{\"@type\":\"BlogPosting\",\"@id\":\"https:\\\/\\\/www.jornalja.com.br\\\/arquivo\\\/edegar-pretto-toma-posse-na-assembleia-aclamado-pelos-movimentos-sociais\\\/#blogposting\",\"name\":\"Edegar Pretto toma posse na Assembleia aclamado pelos movimentos sociais | Arquivo\",\"headline\":\"Edegar Pretto toma posse na Assembleia aclamado pelos movimentos sociais\",\"author\":{\"@id\":\"https:\\\/\\\/www.jornalja.com.br\\\/arquivo\\\/author\\\/daredacao\\\/#author\"},\"publisher\":{\"@id\":\"https:\\\/\\\/www.jornalja.com.br\\\/arquivo\\\/#organization\"},\"image\":{\"@type\":\"ImageObject\",\"url\":43995},\"datePublished\":\"2017-01-31T16:29:55-02:00\",\"dateModified\":\"2017-01-31T16:29:55-02:00\",\"inLanguage\":\"pt-BR\",\"mainEntityOfPage\":{\"@id\":\"https:\\\/\\\/www.jornalja.com.br\\\/arquivo\\\/edegar-pretto-toma-posse-na-assembleia-aclamado-pelos-movimentos-sociais\\\/#webpage\"},\"isPartOf\":{\"@id\":\"https:\\\/\\\/www.jornalja.com.br\\\/arquivo\\\/edegar-pretto-toma-posse-na-assembleia-aclamado-pelos-movimentos-sociais\\\/#webpage\"},\"articleSection\":\"Geral\"},{\"@type\":\"BreadcrumbList\",\"@id\":\"https:\\\/\\\/www.jornalja.com.br\\\/arquivo\\\/edegar-pretto-toma-posse-na-assembleia-aclamado-pelos-movimentos-sociais\\\/#breadcrumblist\",\"itemListElement\":[{\"@type\":\"ListItem\",\"@id\":\"https:\\\/\\\/www.jornalja.com.br\\\/arquivo#listItem\",\"position\":1,\"name\":\"Home\",\"item\":\"https:\\\/\\\/www.jornalja.com.br\\\/arquivo\",\"nextItem\":{\"@type\":\"ListItem\",\"@id\":\"https:\\\/\\\/www.jornalja.com.br\\\/arquivo\\\/category\\\/geral\\\/#listItem\",\"name\":\"Geral\"}},{\"@type\":\"ListItem\",\"@id\":\"https:\\\/\\\/www.jornalja.com.br\\\/arquivo\\\/category\\\/geral\\\/#listItem\",\"position\":2,\"name\":\"Geral\",\"item\":\"https:\\\/\\\/www.jornalja.com.br\\\/arquivo\\\/category\\\/geral\\\/\",\"nextItem\":{\"@type\":\"ListItem\",\"@id\":\"https:\\\/\\\/www.jornalja.com.br\\\/arquivo\\\/edegar-pretto-toma-posse-na-assembleia-aclamado-pelos-movimentos-sociais\\\/#listItem\",\"name\":\"Edegar Pretto toma posse na Assembleia aclamado pelos movimentos sociais\"},\"previousItem\":{\"@type\":\"ListItem\",\"@id\":\"https:\\\/\\\/www.jornalja.com.br\\\/arquivo#listItem\",\"name\":\"Home\"}},{\"@type\":\"ListItem\",\"@id\":\"https:\\\/\\\/www.jornalja.com.br\\\/arquivo\\\/edegar-pretto-toma-posse-na-assembleia-aclamado-pelos-movimentos-sociais\\\/#listItem\",\"position\":3,\"name\":\"Edegar Pretto toma posse na Assembleia aclamado pelos movimentos sociais\",\"previousItem\":{\"@type\":\"ListItem\",\"@id\":\"https:\\\/\\\/www.jornalja.com.br\\\/arquivo\\\/category\\\/geral\\\/#listItem\",\"name\":\"Geral\"}}]},{\"@type\":\"Organization\",\"@id\":\"https:\\\/\\\/www.jornalja.com.br\\\/arquivo\\\/#organization\",\"name\":\"Jornal J\\u00c1\",\"description\":\"Jornal J\\u00c1 | Porto Alegre\",\"url\":\"https:\\\/\\\/www.jornalja.com.br\\\/arquivo\\\/\",\"telephone\":\"+555133307272\",\"logo\":{\"@type\":\"ImageObject\",\"url\":\"https:\\\/\\\/www.jornalja.com.br\\\/wp-content\\\/uploads\\\/cards\\\/JAslogan.png\",\"@id\":\"https:\\\/\\\/www.jornalja.com.br\\\/arquivo\\\/edegar-pretto-toma-posse-na-assembleia-aclamado-pelos-movimentos-sociais\\\/#organizationLogo\"},\"image\":{\"@id\":\"https:\\\/\\\/www.jornalja.com.br\\\/arquivo\\\/edegar-pretto-toma-posse-na-assembleia-aclamado-pelos-movimentos-sociais\\\/#organizationLogo\"}},{\"@type\":\"Person\",\"@id\":\"https:\\\/\\\/www.jornalja.com.br\\\/arquivo\\\/author\\\/daredacao\\\/#author\",\"url\":\"https:\\\/\\\/www.jornalja.com.br\\\/arquivo\\\/author\\\/daredacao\\\/\",\"name\":\"da Reda\\u00e7\\u00e3o\",\"image\":{\"@type\":\"ImageObject\",\"@id\":\"https:\\\/\\\/www.jornalja.com.br\\\/arquivo\\\/edegar-pretto-toma-posse-na-assembleia-aclamado-pelos-movimentos-sociais\\\/#authorImage\",\"url\":\"https:\\\/\\\/secure.gravatar.com\\\/avatar\\\/469fd857d6605ad19919d27ed29d35a968a25f6e8fd9318356bbb7f57aae9c65?s=96&d=mm&r=g\",\"width\":96,\"height\":96,\"caption\":\"da Reda\\u00e7\\u00e3o\"}},{\"@type\":\"WebPage\",\"@id\":\"https:\\\/\\\/www.jornalja.com.br\\\/arquivo\\\/edegar-pretto-toma-posse-na-assembleia-aclamado-pelos-movimentos-sociais\\\/#webpage\",\"url\":\"https:\\\/\\\/www.jornalja.com.br\\\/arquivo\\\/edegar-pretto-toma-posse-na-assembleia-aclamado-pelos-movimentos-sociais\\\/\",\"name\":\"Edegar Pretto toma posse na Assembleia aclamado pelos movimentos sociais | Arquivo\",\"inLanguage\":\"pt-BR\",\"isPartOf\":{\"@id\":\"https:\\\/\\\/www.jornalja.com.br\\\/arquivo\\\/#website\"},\"breadcrumb\":{\"@id\":\"https:\\\/\\\/www.jornalja.com.br\\\/arquivo\\\/edegar-pretto-toma-posse-na-assembleia-aclamado-pelos-movimentos-sociais\\\/#breadcrumblist\"},\"author\":{\"@id\":\"https:\\\/\\\/www.jornalja.com.br\\\/arquivo\\\/author\\\/daredacao\\\/#author\"},\"creator\":{\"@id\":\"https:\\\/\\\/www.jornalja.com.br\\\/arquivo\\\/author\\\/daredacao\\\/#author\"},\"image\":{\"@type\":\"ImageObject\",\"url\":43995,\"@id\":\"https:\\\/\\\/www.jornalja.com.br\\\/arquivo\\\/edegar-pretto-toma-posse-na-assembleia-aclamado-pelos-movimentos-sociais\\\/#mainImage\"},\"primaryImageOfPage\":{\"@id\":\"https:\\\/\\\/www.jornalja.com.br\\\/arquivo\\\/edegar-pretto-toma-posse-na-assembleia-aclamado-pelos-movimentos-sociais\\\/#mainImage\"},\"datePublished\":\"2017-01-31T16:29:55-02:00\",\"dateModified\":\"2017-01-31T16:29:55-02:00\"},{\"@type\":\"WebSite\",\"@id\":\"https:\\\/\\\/www.jornalja.com.br\\\/arquivo\\\/#website\",\"url\":\"https:\\\/\\\/www.jornalja.com.br\\\/arquivo\\\/\",\"name\":\"Arquivo\",\"description\":\"Jornal J\\u00c1 | Porto Alegre\",\"inLanguage\":\"pt-BR\",\"publisher\":{\"@id\":\"https:\\\/\\\/www.jornalja.com.br\\\/arquivo\\\/#organization\"}}]}\n\t\t<\/script>\n\t\t<!-- All in One SEO -->\n\n","aioseo_head_json":{"title":"Edegar Pretto toma posse na Assembleia aclamado pelos movimentos sociais | Arquivo","description":"","canonical_url":"https:\/\/www.jornalja.com.br\/arquivo\/edegar-pretto-toma-posse-na-assembleia-aclamado-pelos-movimentos-sociais\/","robots":"max-image-preview:large","keywords":"","webmasterTools":{"miscellaneous":""},"schema":{"@context":"https:\/\/schema.org","@graph":[{"@type":"BlogPosting","@id":"https:\/\/www.jornalja.com.br\/arquivo\/edegar-pretto-toma-posse-na-assembleia-aclamado-pelos-movimentos-sociais\/#blogposting","name":"Edegar Pretto toma posse na Assembleia aclamado pelos movimentos sociais | Arquivo","headline":"Edegar Pretto toma posse na Assembleia aclamado pelos movimentos sociais","author":{"@id":"https:\/\/www.jornalja.com.br\/arquivo\/author\/daredacao\/#author"},"publisher":{"@id":"https:\/\/www.jornalja.com.br\/arquivo\/#organization"},"image":{"@type":"ImageObject","url":43995},"datePublished":"2017-01-31T16:29:55-02:00","dateModified":"2017-01-31T16:29:55-02:00","inLanguage":"pt-BR","mainEntityOfPage":{"@id":"https:\/\/www.jornalja.com.br\/arquivo\/edegar-pretto-toma-posse-na-assembleia-aclamado-pelos-movimentos-sociais\/#webpage"},"isPartOf":{"@id":"https:\/\/www.jornalja.com.br\/arquivo\/edegar-pretto-toma-posse-na-assembleia-aclamado-pelos-movimentos-sociais\/#webpage"},"articleSection":"Geral"},{"@type":"BreadcrumbList","@id":"https:\/\/www.jornalja.com.br\/arquivo\/edegar-pretto-toma-posse-na-assembleia-aclamado-pelos-movimentos-sociais\/#breadcrumblist","itemListElement":[{"@type":"ListItem","@id":"https:\/\/www.jornalja.com.br\/arquivo#listItem","position":1,"name":"Home","item":"https:\/\/www.jornalja.com.br\/arquivo","nextItem":{"@type":"ListItem","@id":"https:\/\/www.jornalja.com.br\/arquivo\/category\/geral\/#listItem","name":"Geral"}},{"@type":"ListItem","@id":"https:\/\/www.jornalja.com.br\/arquivo\/category\/geral\/#listItem","position":2,"name":"Geral","item":"https:\/\/www.jornalja.com.br\/arquivo\/category\/geral\/","nextItem":{"@type":"ListItem","@id":"https:\/\/www.jornalja.com.br\/arquivo\/edegar-pretto-toma-posse-na-assembleia-aclamado-pelos-movimentos-sociais\/#listItem","name":"Edegar Pretto toma posse na Assembleia aclamado pelos movimentos sociais"},"previousItem":{"@type":"ListItem","@id":"https:\/\/www.jornalja.com.br\/arquivo#listItem","name":"Home"}},{"@type":"ListItem","@id":"https:\/\/www.jornalja.com.br\/arquivo\/edegar-pretto-toma-posse-na-assembleia-aclamado-pelos-movimentos-sociais\/#listItem","position":3,"name":"Edegar Pretto toma posse na Assembleia aclamado pelos movimentos sociais","previousItem":{"@type":"ListItem","@id":"https:\/\/www.jornalja.com.br\/arquivo\/category\/geral\/#listItem","name":"Geral"}}]},{"@type":"Organization","@id":"https:\/\/www.jornalja.com.br\/arquivo\/#organization","name":"Jornal J\u00c1","description":"Jornal J\u00c1 | Porto Alegre","url":"https:\/\/www.jornalja.com.br\/arquivo\/","telephone":"+555133307272","logo":{"@type":"ImageObject","url":"https:\/\/www.jornalja.com.br\/wp-content\/uploads\/cards\/JAslogan.png","@id":"https:\/\/www.jornalja.com.br\/arquivo\/edegar-pretto-toma-posse-na-assembleia-aclamado-pelos-movimentos-sociais\/#organizationLogo"},"image":{"@id":"https:\/\/www.jornalja.com.br\/arquivo\/edegar-pretto-toma-posse-na-assembleia-aclamado-pelos-movimentos-sociais\/#organizationLogo"}},{"@type":"Person","@id":"https:\/\/www.jornalja.com.br\/arquivo\/author\/daredacao\/#author","url":"https:\/\/www.jornalja.com.br\/arquivo\/author\/daredacao\/","name":"da Reda\u00e7\u00e3o","image":{"@type":"ImageObject","@id":"https:\/\/www.jornalja.com.br\/arquivo\/edegar-pretto-toma-posse-na-assembleia-aclamado-pelos-movimentos-sociais\/#authorImage","url":"https:\/\/secure.gravatar.com\/avatar\/469fd857d6605ad19919d27ed29d35a968a25f6e8fd9318356bbb7f57aae9c65?s=96&d=mm&r=g","width":96,"height":96,"caption":"da Reda\u00e7\u00e3o"}},{"@type":"WebPage","@id":"https:\/\/www.jornalja.com.br\/arquivo\/edegar-pretto-toma-posse-na-assembleia-aclamado-pelos-movimentos-sociais\/#webpage","url":"https:\/\/www.jornalja.com.br\/arquivo\/edegar-pretto-toma-posse-na-assembleia-aclamado-pelos-movimentos-sociais\/","name":"Edegar Pretto toma posse na Assembleia aclamado pelos movimentos sociais | Arquivo","inLanguage":"pt-BR","isPartOf":{"@id":"https:\/\/www.jornalja.com.br\/arquivo\/#website"},"breadcrumb":{"@id":"https:\/\/www.jornalja.com.br\/arquivo\/edegar-pretto-toma-posse-na-assembleia-aclamado-pelos-movimentos-sociais\/#breadcrumblist"},"author":{"@id":"https:\/\/www.jornalja.com.br\/arquivo\/author\/daredacao\/#author"},"creator":{"@id":"https:\/\/www.jornalja.com.br\/arquivo\/author\/daredacao\/#author"},"image":{"@type":"ImageObject","url":43995,"@id":"https:\/\/www.jornalja.com.br\/arquivo\/edegar-pretto-toma-posse-na-assembleia-aclamado-pelos-movimentos-sociais\/#mainImage"},"primaryImageOfPage":{"@id":"https:\/\/www.jornalja.com.br\/arquivo\/edegar-pretto-toma-posse-na-assembleia-aclamado-pelos-movimentos-sociais\/#mainImage"},"datePublished":"2017-01-31T16:29:55-02:00","dateModified":"2017-01-31T16:29:55-02:00"},{"@type":"WebSite","@id":"https:\/\/www.jornalja.com.br\/arquivo\/#website","url":"https:\/\/www.jornalja.com.br\/arquivo\/","name":"Arquivo","description":"Jornal J\u00c1 | Porto Alegre","inLanguage":"pt-BR","publisher":{"@id":"https:\/\/www.jornalja.com.br\/arquivo\/#organization"}}]},"og:locale":"pt_BR","og:site_name":"Arquivo | Jornal J\u00c1 | Porto Alegre","og:type":"article","og:title":"Edegar Pretto toma posse na Assembleia aclamado pelos movimentos sociais | Arquivo","og:url":"https:\/\/www.jornalja.com.br\/arquivo\/edegar-pretto-toma-posse-na-assembleia-aclamado-pelos-movimentos-sociais\/","og:image":"https:\/\/www.jornalja.com.br\/wp-content\/uploads\/2017\/01\/16426102_1351841884873672_5937256753268514866_n.jpg","og:image:secure_url":"https:\/\/www.jornalja.com.br\/wp-content\/uploads\/2017\/01\/16426102_1351841884873672_5937256753268514866_n.jpg","article:published_time":"2017-01-31T19:29:55+00:00","article:modified_time":"2017-01-31T19:29:55+00:00","twitter:card":"summary","twitter:title":"Edegar Pretto toma posse na Assembleia aclamado pelos movimentos sociais | Arquivo","twitter:image":"https:\/\/www.jornalja.com.br\/economics\/wp-content\/uploads\/sites\/11\/2026\/08\/ja-folhaderosto-facebook.jpg"},"aioseo_meta_data":{"post_id":"43976","title":null,"description":null,"keywords":null,"keyphrases":null,"primary_term":null,"canonical_url":null,"og_title":null,"og_description":null,"og_object_type":"default","og_image_type":"default","og_image_url":null,"og_image_width":null,"og_image_height":null,"og_image_custom_url":null,"og_image_custom_fields":null,"og_video":null,"og_custom_url":null,"og_article_section":null,"og_article_tags":null,"twitter_use_og":false,"twitter_card":"default","twitter_image_type":"default","twitter_image_url":null,"twitter_image_custom_url":null,"twitter_image_custom_fields":null,"twitter_title":null,"twitter_description":null,"schema":{"blockGraphs":[],"customGraphs":[],"default":{"data":{"Article":[],"Course":[],"Dataset":[],"FAQPage":[],"Movie":[],"Person":[],"Product":[],"ProductReview":[],"Car":[],"Recipe":[],"Service":[],"SoftwareApplication":[],"WebPage":[]},"graphName":"","isEnabled":true},"graphs":[],"defaultGraph":"","defaultPostTypeGraph":""},"schema_type":null,"schema_type_options":null,"pillar_content":false,"robots_default":true,"robots_noindex":false,"robots_noarchive":false,"robots_nosnippet":false,"robots_nofollow":false,"robots_noimageindex":false,"robots_noodp":false,"robots_notranslate":false,"robots_max_snippet":null,"robots_max_videopreview":null,"robots_max_imagepreview":"large","priority":null,"frequency":null,"location":null,"local_seo":null,"breadcrumb_settings":null,"limit_modified_date":false,"ai":null,"created":"2020-12-20 20:41:47","updated":"2025-07-19 19:36:27","seo_analyzer_scan_date":null,"focus_keyword":null,"additional_keywords":null,"truseo_locale":null},"jetpack_sharing_enabled":true,"jetpack-related-posts":[{"id":13124,"url":"https:\/\/www.jornalja.com.br\/arquivo\/sangue-latino-no-iecine\/","url_meta":{"origin":43976,"position":0},"title":"Sangue latino no IECINE","author":"da Reda\u00e7\u00e3o","date":"18 de maio de 2014","format":false,"excerpt":"Francisco Ribeiro O Instituto Estadual de Cinema (IECINE) tem a frente, desde abril \u00faltimo, um novo diretor, o cineasta colombiano Juan Zapata, 36, que substitui Luiz Alberto Cassol. Radicado h\u00e1 dez anos em Porto Alegre, Zapata tem diante de si o desafio de conduzir at\u00e9 o final do ano um\u2026","rel":"","context":"Em &quot;Cultura-Geral&quot;","block_context":{"text":"Cultura-Geral","link":"https:\/\/www.jornalja.com.br\/arquivo\/category\/materiasecundaria\/"},"img":{"alt_text":"","src":"","width":0,"height":0},"classes":[]},{"id":13240,"url":"https:\/\/www.jornalja.com.br\/arquivo\/plano-diretor-estamos-construindo-o-caos\/","url_meta":{"origin":43976,"position":1},"title":"Plano diretor: &quot;Estamos construindo o caos&quot;","author":"Patr\u00edcia Marini","date":"26 de maio de 2014","format":false,"excerpt":"Desabafo que arquiteta Eliana Castilhos, delegada da Regi\u00e3o de Planejamento 1, postou nas redes sociais \u00e9 um testemunho do ambiente que se criou no Conselho do Plano Diretor de Porto Alegre, onde a aprova\u00e7\u00e3o de grandes empreendimentos \u00e9 empurrada guela abaixo dos conselheiros. Ao CMDUA Como delegada da Regi\u00e3o de\u2026","rel":"","context":"Em &quot;Geral&quot;","block_context":{"text":"Geral","link":"https:\/\/www.jornalja.com.br\/arquivo\/category\/geral\/"},"img":{"alt_text":"","src":"","width":0,"height":0},"classes":[]},{"id":13128,"url":"https:\/\/www.jornalja.com.br\/arquivo\/maconha-terra-diz-que-uso-medicinal-e-desculpa\/","url_meta":{"origin":43976,"position":2},"title":"Maconha: Terra diz que uso medicinal \u00e9 desculpa","author":"Patr\u00edcia Marini","date":"4 de junho de 2014","format":false,"excerpt":"A condi\u00e7\u00e3o de pol\u00edtico, em \u00e9poca de campanha de campanha eleitoral, tira for\u00e7a do discurso do m\u00e9dico Osmar Terra contra a legaliza\u00e7\u00e3o da maconha. A tese dele de que a libera\u00e7\u00e3o vai ampliar exponencialmente o consumo \u00e9 discutivel, o consumo \u00e9 corrente. Mas seus alertas quanto aos riscos tem que\u2026","rel":"","context":"Em &quot;X.Categorias velhas&quot;","block_context":{"text":"X.Categorias velhas","link":"https:\/\/www.jornalja.com.br\/arquivo\/category\/x-categorias-velhas\/"},"img":{"alt_text":"","src":"","width":0,"height":0},"classes":[]},{"id":13239,"url":"https:\/\/www.jornalja.com.br\/arquivo\/conselho-desdenha-do-plano-diretor\/","url_meta":{"origin":43976,"position":3},"title":"Porto Alegre: Conselho detona Plano Diretor","author":"Patr\u00edcia Marini","date":"25 de maio de 2014","format":false,"excerpt":"Den\u00fancia do arquiteto e \u00a0urbanista Ibir\u00e1 Santos Lucas. Ele diz que os conselheiros est\u00e3o votando com \"enorme irresponsabilidade\". \"Mudam regime com a maior naturalidade,,,regularizam absurdos de constru\u00e7\u00f5es irregulares... \"O CMDUA est\u00e1 flexibilizando a lei do plano diretor, de uma forma impactante na vida da cidade. Mudam regime com a maior\u2026","rel":"","context":"Em &quot;Geral&quot;","block_context":{"text":"Geral","link":"https:\/\/www.jornalja.com.br\/arquivo\/category\/geral\/"},"img":{"alt_text":"","src":"","width":0,"height":0},"classes":[]},{"id":12960,"url":"https:\/\/www.jornalja.com.br\/arquivo\/populacao-culpa-empresas-pela-greve-dos-rodoviarios\/","url_meta":{"origin":43976,"position":4},"title":"Popula\u00e7\u00e3o culpa empresas pela greve","author":"Patr\u00edcia Marini","date":"14 de fevereiro de 2014","format":false,"excerpt":"Pesquisa divulgada na edi\u00e7\u00e3o do jornal Metro desta sexta-feira,14, comprova o velho ditado: \u00e9 poss\u00edvel enganar muitos por algum tempo, mas n\u00e3o \u00e9 poss\u00edvel enganar a todos o tempo inteiro. A principal revela\u00e7\u00e3o foi que 59,8% dos entrevistados apontaram as empresas como as principais respons\u00e1veis pela grave e 46% culparam\u2026","rel":"","context":"Em &quot;X.Categorias velhas&quot;","block_context":{"text":"X.Categorias velhas","link":"https:\/\/www.jornalja.com.br\/arquivo\/category\/x-categorias-velhas\/"},"img":{"alt_text":"","src":"","width":0,"height":0},"classes":[]},{"id":13109,"url":"https:\/\/www.jornalja.com.br\/arquivo\/judiciario-reconhece-poluicao-eletromagnetica\/","url_meta":{"origin":43976,"position":5},"title":"Judici\u00e1rio reconhece polui\u00e7\u00e3o eletromagn\u00e9tica","author":"Patr\u00edcia Marini","date":"16 de maio de 2014","format":false,"excerpt":"A\u00e7\u00e3o de duas associa\u00e7\u00f5es de moradores foi acolhida pelo Tribunal de Justi\u00e7a de S\u00e3o Paulo que. em decis\u00e3o in\u00e9dita, determinou a redu\u00e7\u00e3o do campo eletromagn\u00e9tico gerado pelas linhas de transmiss\u00e3o de energia que cortam os bairros City Boa\u00e7ava e Alto de Pinheiros. \u00c9 a primeira vez que um tribunal do\u2026","rel":"","context":"Em &quot;X.Categorias velhas&quot;","block_context":{"text":"X.Categorias velhas","link":"https:\/\/www.jornalja.com.br\/arquivo\/category\/x-categorias-velhas\/"},"img":{"alt_text":"","src":"","width":0,"height":0},"classes":[]}],"jetpack_shortlink":"https:\/\/wp.me\/pbQjBd-bri","jetpack_featured_media_url":"","_links":{"self":[{"href":"https:\/\/www.jornalja.com.br\/arquivo\/wp-json\/wp\/v2\/posts\/43976","targetHints":{"allow":["GET"]}}],"collection":[{"href":"https:\/\/www.jornalja.com.br\/arquivo\/wp-json\/wp\/v2\/posts"}],"about":[{"href":"https:\/\/www.jornalja.com.br\/arquivo\/wp-json\/wp\/v2\/types\/post"}],"author":[{"embeddable":true,"href":"https:\/\/www.jornalja.com.br\/arquivo\/wp-json\/wp\/v2\/users\/4"}],"replies":[{"embeddable":true,"href":"https:\/\/www.jornalja.com.br\/arquivo\/wp-json\/wp\/v2\/comments?post=43976"}],"version-history":[{"count":0,"href":"https:\/\/www.jornalja.com.br\/arquivo\/wp-json\/wp\/v2\/posts\/43976\/revisions"}],"wp:attachment":[{"href":"https:\/\/www.jornalja.com.br\/arquivo\/wp-json\/wp\/v2\/media?parent=43976"}],"wp:term":[{"taxonomy":"category","embeddable":true,"href":"https:\/\/www.jornalja.com.br\/arquivo\/wp-json\/wp\/v2\/categories?post=43976"},{"taxonomy":"post_tag","embeddable":true,"href":"https:\/\/www.jornalja.com.br\/arquivo\/wp-json\/wp\/v2\/tags?post=43976"}],"curies":[{"name":"wp","href":"https:\/\/api.w.org\/{rel}","templated":true}]}}