{"id":44031,"date":"2017-02-01T14:13:53","date_gmt":"2017-02-01T17:13:53","guid":{"rendered":"https:\/\/www.jornalja.com.br\/?p=44031"},"modified":"2017-02-01T14:13:53","modified_gmt":"2017-02-01T17:13:53","slug":"carris-comecou-a-dar-prejuizo-na-gestao-fortunati","status":"publish","type":"post","link":"https:\/\/www.jornalja.com.br\/arquivo\/carris-comecou-a-dar-prejuizo-na-gestao-fortunati\/","title":{"rendered":"Carris come\u00e7ou a dar preju\u00edzo na gest\u00e3o Fortunati"},"content":{"rendered":"<p>De refer\u00eancia no transporte p\u00fablico do pa\u00eds a\u00a0empresa deficit\u00e1ria amea\u00e7ada de extin\u00e7\u00e3o. Este \u00e9 o resumo da trajet\u00f3ria da Carris nos \u00faltimos anos.<br \/>\nCom 144 anos de exist\u00eancia, funcionando desde os tempos dos bondes, a Carris coleciona pr\u00eamios. Em duas ocasi\u00f5es foi eleita a melhor empresa de transporte p\u00fablico do Brasil pela ANTP (Associa\u00e7\u00e3o Nacional dos Transportes P\u00fablicos), em 1999 e em 2001. Em 2003, foi a primeira institui\u00e7\u00e3o municipal a conquistar o Pr\u00eamio Nacional de Gest\u00e3o P\u00fablica, oferecido pelo Governo Federal. O site da empresa apresenta os pr\u00eamios recebidos a cada ano.<br \/>\n\u00c9 tamb\u00e9m a empresa de transporte p\u00fablico mais lembrada pelos porto alegrenses, com 17 pr\u00eamios Top of Mind, promovido pela revista Amanh\u00e3. Pr\u00eamio este que, desde 2013, \u00e9 o \u00fanico recebido pela empresa.<br \/>\n<img loading=\"lazy\" decoding=\"async\" class=\"alignnone wp-image-44030 size-full\" src=\"https:\/\/www.jornalja.com.br\/wp-content\/uploads\/2017\/02\/CARRIS-Evolu\u00e7\u00e3o-resultados-anuais.jpg\" alt=\"CARRIS-Evolu\u00e7\u00e3o resultados anuais\" width=\"725\" height=\"544\" \/><br \/>\nFoi na gest\u00e3o do prefeito Jos\u00e9 Fortunati que a empresa come\u00e7ou a apresentar preju\u00edzos. Os demonstrativos cont\u00e1beis da Carris nos \u00faltimos sete anos mostram uma derrocada r\u00e1pida nas contas da empresa. At\u00e9 2010, a Carris dava lucro &#8211; o super\u00e1vit do ano em quest\u00e3o foi de R$ 356.136. Em 2009, o lucro havia sido ainda maior: R$ 1.090.786, em valores da \u00e9poca.<br \/>\nNo ano seguinte, a empresa come\u00e7a a dar preju\u00edzos crescentes ano a ano. Em 2011 o preju\u00edzo foi de quase R$ 6 milh\u00f5es. Em 2012, um salto negativo: R$ mais de R$ 21 milh\u00f5es de preju\u00edzo. O d\u00e9ficit nas contas da empresa chegaram a mais de R$ 50 milh\u00f5es em 2015. Os n\u00fameros referentes a 2016 ainda n\u00e3o foram divulgados.<br \/>\nA nova dire\u00e7\u00e3o da empresa foi empossada nesta ter\u00e7a-feira com a miss\u00e3o de reverter os resultados negativos. O prefeito Nelson Marchezan Jr. j\u00e1 sinalizou a possibilidade de privatiza\u00e7\u00e3o da empresa, caso os resultados n\u00e3o melhorem. N\u00e3o h\u00e1 um prazo determinado para os resultados.<br \/>\nO novo diretor presidente, Luis Fernando Ferreira, assumiu o cargo falando na necessidade de um choque de gest\u00e3o. Ferreira atribuiu a sequ\u00eancia de preju\u00edzos da empresa a uma \u201cobsolesc\u00eancia no modelo de gest\u00e3o, que vem crescendo e se perpetuando\u201d. Para ele, o modelo estabelecido na Carris n\u00e3o tem foco nos resultados.<br \/>\nConfira a evolu\u00e7\u00e3o dos resultados da Carris:<br \/>\n2009: 1.090.786<br \/>\n2010: 356.136<br \/>\n2011: -5.916.653<br \/>\n2012: -21.908.094<br \/>\n2013: -30.293.619<br \/>\n2014: -43.505.556<br \/>\n2015: -50.740.380<\/p>\n","protected":false},"excerpt":{"rendered":"<p>De refer\u00eancia no transporte p\u00fablico do pa\u00eds a\u00a0empresa deficit\u00e1ria amea\u00e7ada de extin\u00e7\u00e3o. Este \u00e9 o resumo da trajet\u00f3ria da Carris nos \u00faltimos anos. Com 144 anos de exist\u00eancia, funcionando desde os tempos dos bondes, a Carris coleciona pr\u00eamios. Em duas ocasi\u00f5es foi eleita a melhor empresa de transporte p\u00fablico do Brasil pela ANTP (Associa\u00e7\u00e3o Nacional [&hellip;]<\/p>\n","protected":false},"author":4,"featured_media":28045,"comment_status":"open","ping_status":"closed","sticky":false,"template":"","format":"standard","meta":{"_jetpack_newsletter_access":"","_jetpack_dont_email_post_to_subs":false,"_jetpack_newsletter_tier_id":0,"_jetpack_memberships_contains_paywalled_content":false,"_jetpack_feature_clip_id":0,"_jetpack_memberships_contains_paid_content":false,"footnotes":"","jetpack_post_was_ever_published":false},"categories":[26],"tags":[],"class_list":["post-44031","post","type-post","status-publish","format-standard","has-post-thumbnail","hentry","category-geral"],"aioseo_notices":[],"aioseo_head":"\n\t\t<!-- All in One SEO 5.0.1.1 - aioseo.com -->\n\t<meta name=\"robots\" content=\"max-image-preview:large\" \/>\n\t<meta name=\"author\" content=\"da Reda\u00e7\u00e3o\"\/>\n\t<link rel=\"canonical\" href=\"https:\/\/www.jornalja.com.br\/arquivo\/carris-comecou-a-dar-prejuizo-na-gestao-fortunati\/\" \/>\n\t<meta name=\"generator\" content=\"All in One SEO (AIOSEO) 5.0.1.1\" \/>\n\t\t<meta property=\"og:locale\" content=\"pt_BR\" \/>\n\t\t<meta property=\"og:site_name\" content=\"Arquivo | Jornal J\u00c1 | Porto Alegre\" \/>\n\t\t<meta property=\"og:type\" content=\"article\" \/>\n\t\t<meta property=\"og:title\" content=\"Carris come\u00e7ou a dar preju\u00edzo na gest\u00e3o Fortunati | Arquivo\" \/>\n\t\t<meta property=\"og:url\" content=\"https:\/\/www.jornalja.com.br\/arquivo\/carris-comecou-a-dar-prejuizo-na-gestao-fortunati\/\" \/>\n\t\t<meta property=\"og:image\" content=\"https:\/\/www.jornalja.com.br\/wp-content\/uploads\/2017\/02\/CARRIS-Evolu\u00e7\u00e3o-resultados-anuais.jpg\" \/>\n\t\t<meta property=\"og:image:secure_url\" content=\"https:\/\/www.jornalja.com.br\/wp-content\/uploads\/2017\/02\/CARRIS-Evolu\u00e7\u00e3o-resultados-anuais.jpg\" \/>\n\t\t<meta property=\"article:published_time\" content=\"2017-02-01T17:13:53+00:00\" \/>\n\t\t<meta property=\"article:modified_time\" content=\"2017-02-01T17:13:53+00:00\" \/>\n\t\t<meta name=\"twitter:card\" content=\"summary\" \/>\n\t\t<meta name=\"twitter:title\" content=\"Carris come\u00e7ou a dar preju\u00edzo na gest\u00e3o Fortunati | Arquivo\" \/>\n\t\t<meta name=\"twitter:image\" content=\"https:\/\/www.jornalja.com.br\/economics\/wp-content\/uploads\/sites\/11\/2026\/08\/ja-folhaderosto-facebook.jpg\" \/>\n\t\t<script type=\"application\/ld+json\" class=\"aioseo-schema\">\n\t\t\t{\"@context\":\"https:\\\/\\\/schema.org\",\"@graph\":[{\"@type\":\"BlogPosting\",\"@id\":\"https:\\\/\\\/www.jornalja.com.br\\\/arquivo\\\/carris-comecou-a-dar-prejuizo-na-gestao-fortunati\\\/#blogposting\",\"name\":\"Carris come\\u00e7ou a dar preju\\u00edzo na gest\\u00e3o Fortunati | Arquivo\",\"headline\":\"Carris come\\u00e7ou a dar preju\\u00edzo na gest\\u00e3o Fortunati\",\"author\":{\"@id\":\"https:\\\/\\\/www.jornalja.com.br\\\/arquivo\\\/author\\\/daredacao\\\/#author\"},\"publisher\":{\"@id\":\"https:\\\/\\\/www.jornalja.com.br\\\/arquivo\\\/#organization\"},\"image\":{\"@type\":\"ImageObject\",\"url\":28045},\"datePublished\":\"2017-02-01T14:13:53-02:00\",\"dateModified\":\"2017-02-01T14:13:53-02:00\",\"inLanguage\":\"pt-BR\",\"commentCount\":1,\"mainEntityOfPage\":{\"@id\":\"https:\\\/\\\/www.jornalja.com.br\\\/arquivo\\\/carris-comecou-a-dar-prejuizo-na-gestao-fortunati\\\/#webpage\"},\"isPartOf\":{\"@id\":\"https:\\\/\\\/www.jornalja.com.br\\\/arquivo\\\/carris-comecou-a-dar-prejuizo-na-gestao-fortunati\\\/#webpage\"},\"articleSection\":\"Geral\"},{\"@type\":\"BreadcrumbList\",\"@id\":\"https:\\\/\\\/www.jornalja.com.br\\\/arquivo\\\/carris-comecou-a-dar-prejuizo-na-gestao-fortunati\\\/#breadcrumblist\",\"itemListElement\":[{\"@type\":\"ListItem\",\"@id\":\"https:\\\/\\\/www.jornalja.com.br\\\/arquivo#listItem\",\"position\":1,\"name\":\"Home\",\"item\":\"https:\\\/\\\/www.jornalja.com.br\\\/arquivo\",\"nextItem\":{\"@type\":\"ListItem\",\"@id\":\"https:\\\/\\\/www.jornalja.com.br\\\/arquivo\\\/category\\\/geral\\\/#listItem\",\"name\":\"Geral\"}},{\"@type\":\"ListItem\",\"@id\":\"https:\\\/\\\/www.jornalja.com.br\\\/arquivo\\\/category\\\/geral\\\/#listItem\",\"position\":2,\"name\":\"Geral\",\"item\":\"https:\\\/\\\/www.jornalja.com.br\\\/arquivo\\\/category\\\/geral\\\/\",\"nextItem\":{\"@type\":\"ListItem\",\"@id\":\"https:\\\/\\\/www.jornalja.com.br\\\/arquivo\\\/carris-comecou-a-dar-prejuizo-na-gestao-fortunati\\\/#listItem\",\"name\":\"Carris come\\u00e7ou a dar preju\\u00edzo na gest\\u00e3o Fortunati\"},\"previousItem\":{\"@type\":\"ListItem\",\"@id\":\"https:\\\/\\\/www.jornalja.com.br\\\/arquivo#listItem\",\"name\":\"Home\"}},{\"@type\":\"ListItem\",\"@id\":\"https:\\\/\\\/www.jornalja.com.br\\\/arquivo\\\/carris-comecou-a-dar-prejuizo-na-gestao-fortunati\\\/#listItem\",\"position\":3,\"name\":\"Carris come\\u00e7ou a dar preju\\u00edzo na gest\\u00e3o Fortunati\",\"previousItem\":{\"@type\":\"ListItem\",\"@id\":\"https:\\\/\\\/www.jornalja.com.br\\\/arquivo\\\/category\\\/geral\\\/#listItem\",\"name\":\"Geral\"}}]},{\"@type\":\"Organization\",\"@id\":\"https:\\\/\\\/www.jornalja.com.br\\\/arquivo\\\/#organization\",\"name\":\"Jornal J\\u00c1\",\"description\":\"Jornal J\\u00c1 | Porto Alegre\",\"url\":\"https:\\\/\\\/www.jornalja.com.br\\\/arquivo\\\/\",\"telephone\":\"+555133307272\",\"logo\":{\"@type\":\"ImageObject\",\"url\":\"https:\\\/\\\/www.jornalja.com.br\\\/wp-content\\\/uploads\\\/cards\\\/JAslogan.png\",\"@id\":\"https:\\\/\\\/www.jornalja.com.br\\\/arquivo\\\/carris-comecou-a-dar-prejuizo-na-gestao-fortunati\\\/#organizationLogo\"},\"image\":{\"@id\":\"https:\\\/\\\/www.jornalja.com.br\\\/arquivo\\\/carris-comecou-a-dar-prejuizo-na-gestao-fortunati\\\/#organizationLogo\"}},{\"@type\":\"Person\",\"@id\":\"https:\\\/\\\/www.jornalja.com.br\\\/arquivo\\\/author\\\/daredacao\\\/#author\",\"url\":\"https:\\\/\\\/www.jornalja.com.br\\\/arquivo\\\/author\\\/daredacao\\\/\",\"name\":\"da Reda\\u00e7\\u00e3o\",\"image\":{\"@type\":\"ImageObject\",\"@id\":\"https:\\\/\\\/www.jornalja.com.br\\\/arquivo\\\/carris-comecou-a-dar-prejuizo-na-gestao-fortunati\\\/#authorImage\",\"url\":\"https:\\\/\\\/secure.gravatar.com\\\/avatar\\\/469fd857d6605ad19919d27ed29d35a968a25f6e8fd9318356bbb7f57aae9c65?s=96&d=mm&r=g\",\"width\":96,\"height\":96,\"caption\":\"da Reda\\u00e7\\u00e3o\"}},{\"@type\":\"WebPage\",\"@id\":\"https:\\\/\\\/www.jornalja.com.br\\\/arquivo\\\/carris-comecou-a-dar-prejuizo-na-gestao-fortunati\\\/#webpage\",\"url\":\"https:\\\/\\\/www.jornalja.com.br\\\/arquivo\\\/carris-comecou-a-dar-prejuizo-na-gestao-fortunati\\\/\",\"name\":\"Carris come\\u00e7ou a dar preju\\u00edzo na gest\\u00e3o Fortunati | Arquivo\",\"inLanguage\":\"pt-BR\",\"isPartOf\":{\"@id\":\"https:\\\/\\\/www.jornalja.com.br\\\/arquivo\\\/#website\"},\"breadcrumb\":{\"@id\":\"https:\\\/\\\/www.jornalja.com.br\\\/arquivo\\\/carris-comecou-a-dar-prejuizo-na-gestao-fortunati\\\/#breadcrumblist\"},\"author\":{\"@id\":\"https:\\\/\\\/www.jornalja.com.br\\\/arquivo\\\/author\\\/daredacao\\\/#author\"},\"creator\":{\"@id\":\"https:\\\/\\\/www.jornalja.com.br\\\/arquivo\\\/author\\\/daredacao\\\/#author\"},\"image\":{\"@type\":\"ImageObject\",\"url\":28045,\"@id\":\"https:\\\/\\\/www.jornalja.com.br\\\/arquivo\\\/carris-comecou-a-dar-prejuizo-na-gestao-fortunati\\\/#mainImage\"},\"primaryImageOfPage\":{\"@id\":\"https:\\\/\\\/www.jornalja.com.br\\\/arquivo\\\/carris-comecou-a-dar-prejuizo-na-gestao-fortunati\\\/#mainImage\"},\"datePublished\":\"2017-02-01T14:13:53-02:00\",\"dateModified\":\"2017-02-01T14:13:53-02:00\"},{\"@type\":\"WebSite\",\"@id\":\"https:\\\/\\\/www.jornalja.com.br\\\/arquivo\\\/#website\",\"url\":\"https:\\\/\\\/www.jornalja.com.br\\\/arquivo\\\/\",\"name\":\"Arquivo\",\"description\":\"Jornal J\\u00c1 | Porto Alegre\",\"inLanguage\":\"pt-BR\",\"publisher\":{\"@id\":\"https:\\\/\\\/www.jornalja.com.br\\\/arquivo\\\/#organization\"}}]}\n\t\t<\/script>\n\t\t<!-- All in One SEO -->\n\n","aioseo_head_json":{"title":"Carris come\u00e7ou a dar preju\u00edzo na gest\u00e3o Fortunati | Arquivo","description":"","canonical_url":"https:\/\/www.jornalja.com.br\/arquivo\/carris-comecou-a-dar-prejuizo-na-gestao-fortunati\/","robots":"max-image-preview:large","keywords":"","webmasterTools":{"miscellaneous":""},"schema":{"@context":"https:\/\/schema.org","@graph":[{"@type":"BlogPosting","@id":"https:\/\/www.jornalja.com.br\/arquivo\/carris-comecou-a-dar-prejuizo-na-gestao-fortunati\/#blogposting","name":"Carris come\u00e7ou a dar preju\u00edzo na gest\u00e3o Fortunati | Arquivo","headline":"Carris come\u00e7ou a dar preju\u00edzo na gest\u00e3o Fortunati","author":{"@id":"https:\/\/www.jornalja.com.br\/arquivo\/author\/daredacao\/#author"},"publisher":{"@id":"https:\/\/www.jornalja.com.br\/arquivo\/#organization"},"image":{"@type":"ImageObject","url":28045},"datePublished":"2017-02-01T14:13:53-02:00","dateModified":"2017-02-01T14:13:53-02:00","inLanguage":"pt-BR","commentCount":1,"mainEntityOfPage":{"@id":"https:\/\/www.jornalja.com.br\/arquivo\/carris-comecou-a-dar-prejuizo-na-gestao-fortunati\/#webpage"},"isPartOf":{"@id":"https:\/\/www.jornalja.com.br\/arquivo\/carris-comecou-a-dar-prejuizo-na-gestao-fortunati\/#webpage"},"articleSection":"Geral"},{"@type":"BreadcrumbList","@id":"https:\/\/www.jornalja.com.br\/arquivo\/carris-comecou-a-dar-prejuizo-na-gestao-fortunati\/#breadcrumblist","itemListElement":[{"@type":"ListItem","@id":"https:\/\/www.jornalja.com.br\/arquivo#listItem","position":1,"name":"Home","item":"https:\/\/www.jornalja.com.br\/arquivo","nextItem":{"@type":"ListItem","@id":"https:\/\/www.jornalja.com.br\/arquivo\/category\/geral\/#listItem","name":"Geral"}},{"@type":"ListItem","@id":"https:\/\/www.jornalja.com.br\/arquivo\/category\/geral\/#listItem","position":2,"name":"Geral","item":"https:\/\/www.jornalja.com.br\/arquivo\/category\/geral\/","nextItem":{"@type":"ListItem","@id":"https:\/\/www.jornalja.com.br\/arquivo\/carris-comecou-a-dar-prejuizo-na-gestao-fortunati\/#listItem","name":"Carris come\u00e7ou a dar preju\u00edzo na gest\u00e3o Fortunati"},"previousItem":{"@type":"ListItem","@id":"https:\/\/www.jornalja.com.br\/arquivo#listItem","name":"Home"}},{"@type":"ListItem","@id":"https:\/\/www.jornalja.com.br\/arquivo\/carris-comecou-a-dar-prejuizo-na-gestao-fortunati\/#listItem","position":3,"name":"Carris come\u00e7ou a dar preju\u00edzo na gest\u00e3o Fortunati","previousItem":{"@type":"ListItem","@id":"https:\/\/www.jornalja.com.br\/arquivo\/category\/geral\/#listItem","name":"Geral"}}]},{"@type":"Organization","@id":"https:\/\/www.jornalja.com.br\/arquivo\/#organization","name":"Jornal J\u00c1","description":"Jornal J\u00c1 | Porto Alegre","url":"https:\/\/www.jornalja.com.br\/arquivo\/","telephone":"+555133307272","logo":{"@type":"ImageObject","url":"https:\/\/www.jornalja.com.br\/wp-content\/uploads\/cards\/JAslogan.png","@id":"https:\/\/www.jornalja.com.br\/arquivo\/carris-comecou-a-dar-prejuizo-na-gestao-fortunati\/#organizationLogo"},"image":{"@id":"https:\/\/www.jornalja.com.br\/arquivo\/carris-comecou-a-dar-prejuizo-na-gestao-fortunati\/#organizationLogo"}},{"@type":"Person","@id":"https:\/\/www.jornalja.com.br\/arquivo\/author\/daredacao\/#author","url":"https:\/\/www.jornalja.com.br\/arquivo\/author\/daredacao\/","name":"da Reda\u00e7\u00e3o","image":{"@type":"ImageObject","@id":"https:\/\/www.jornalja.com.br\/arquivo\/carris-comecou-a-dar-prejuizo-na-gestao-fortunati\/#authorImage","url":"https:\/\/secure.gravatar.com\/avatar\/469fd857d6605ad19919d27ed29d35a968a25f6e8fd9318356bbb7f57aae9c65?s=96&d=mm&r=g","width":96,"height":96,"caption":"da Reda\u00e7\u00e3o"}},{"@type":"WebPage","@id":"https:\/\/www.jornalja.com.br\/arquivo\/carris-comecou-a-dar-prejuizo-na-gestao-fortunati\/#webpage","url":"https:\/\/www.jornalja.com.br\/arquivo\/carris-comecou-a-dar-prejuizo-na-gestao-fortunati\/","name":"Carris come\u00e7ou a dar preju\u00edzo na gest\u00e3o Fortunati | Arquivo","inLanguage":"pt-BR","isPartOf":{"@id":"https:\/\/www.jornalja.com.br\/arquivo\/#website"},"breadcrumb":{"@id":"https:\/\/www.jornalja.com.br\/arquivo\/carris-comecou-a-dar-prejuizo-na-gestao-fortunati\/#breadcrumblist"},"author":{"@id":"https:\/\/www.jornalja.com.br\/arquivo\/author\/daredacao\/#author"},"creator":{"@id":"https:\/\/www.jornalja.com.br\/arquivo\/author\/daredacao\/#author"},"image":{"@type":"ImageObject","url":28045,"@id":"https:\/\/www.jornalja.com.br\/arquivo\/carris-comecou-a-dar-prejuizo-na-gestao-fortunati\/#mainImage"},"primaryImageOfPage":{"@id":"https:\/\/www.jornalja.com.br\/arquivo\/carris-comecou-a-dar-prejuizo-na-gestao-fortunati\/#mainImage"},"datePublished":"2017-02-01T14:13:53-02:00","dateModified":"2017-02-01T14:13:53-02:00"},{"@type":"WebSite","@id":"https:\/\/www.jornalja.com.br\/arquivo\/#website","url":"https:\/\/www.jornalja.com.br\/arquivo\/","name":"Arquivo","description":"Jornal J\u00c1 | Porto Alegre","inLanguage":"pt-BR","publisher":{"@id":"https:\/\/www.jornalja.com.br\/arquivo\/#organization"}}]},"og:locale":"pt_BR","og:site_name":"Arquivo | Jornal J\u00c1 | Porto Alegre","og:type":"article","og:title":"Carris come\u00e7ou a dar preju\u00edzo na gest\u00e3o Fortunati | Arquivo","og:url":"https:\/\/www.jornalja.com.br\/arquivo\/carris-comecou-a-dar-prejuizo-na-gestao-fortunati\/","og:image":"https:\/\/www.jornalja.com.br\/wp-content\/uploads\/2017\/02\/CARRIS-Evolu\u00e7\u00e3o-resultados-anuais.jpg","og:image:secure_url":"https:\/\/www.jornalja.com.br\/wp-content\/uploads\/2017\/02\/CARRIS-Evolu\u00e7\u00e3o-resultados-anuais.jpg","article:published_time":"2017-02-01T17:13:53+00:00","article:modified_time":"2017-02-01T17:13:53+00:00","twitter:card":"summary","twitter:title":"Carris come\u00e7ou a dar preju\u00edzo na gest\u00e3o Fortunati | Arquivo","twitter:image":"https:\/\/www.jornalja.com.br\/economics\/wp-content\/uploads\/sites\/11\/2026\/08\/ja-folhaderosto-facebook.jpg"},"aioseo_meta_data":{"post_id":"44031","title":null,"description":null,"keywords":null,"keyphrases":null,"primary_term":null,"canonical_url":null,"og_title":null,"og_description":null,"og_object_type":"default","og_image_type":"default","og_image_url":null,"og_image_width":null,"og_image_height":null,"og_image_custom_url":null,"og_image_custom_fields":null,"og_video":null,"og_custom_url":null,"og_article_section":null,"og_article_tags":null,"twitter_use_og":false,"twitter_card":"default","twitter_image_type":"default","twitter_image_url":null,"twitter_image_custom_url":null,"twitter_image_custom_fields":null,"twitter_title":null,"twitter_description":null,"schema":{"blockGraphs":[],"customGraphs":[],"default":{"data":{"Article":[],"Course":[],"Dataset":[],"FAQPage":[],"Movie":[],"Person":[],"Product":[],"ProductReview":[],"Car":[],"Recipe":[],"Service":[],"SoftwareApplication":[],"WebPage":[]},"graphName":"","isEnabled":true},"graphs":[],"defaultGraph":"","defaultPostTypeGraph":""},"schema_type":null,"schema_type_options":null,"pillar_content":false,"robots_default":true,"robots_noindex":false,"robots_noarchive":false,"robots_nosnippet":false,"robots_nofollow":false,"robots_noimageindex":false,"robots_noodp":false,"robots_notranslate":false,"robots_max_snippet":null,"robots_max_videopreview":null,"robots_max_imagepreview":"large","priority":null,"frequency":null,"location":null,"local_seo":null,"breadcrumb_settings":null,"limit_modified_date":false,"ai":null,"created":"2020-12-20 20:41:47","updated":"2025-07-19 19:36:27","seo_analyzer_scan_date":null,"focus_keyword":null,"additional_keywords":null,"truseo_locale":null},"jetpack_sharing_enabled":true,"jetpack-related-posts":[{"id":12960,"url":"https:\/\/www.jornalja.com.br\/arquivo\/populacao-culpa-empresas-pela-greve-dos-rodoviarios\/","url_meta":{"origin":44031,"position":0},"title":"Popula\u00e7\u00e3o culpa empresas pela greve","author":"Patr\u00edcia Marini","date":"14 de fevereiro de 2014","format":false,"excerpt":"Pesquisa divulgada na edi\u00e7\u00e3o do jornal Metro desta sexta-feira,14, comprova o velho ditado: \u00e9 poss\u00edvel enganar muitos por algum tempo, mas n\u00e3o \u00e9 poss\u00edvel enganar a todos o tempo inteiro. A principal revela\u00e7\u00e3o foi que 59,8% dos entrevistados apontaram as empresas como as principais respons\u00e1veis pela grave e 46% culparam\u2026","rel":"","context":"Em &quot;X.Categorias velhas&quot;","block_context":{"text":"X.Categorias velhas","link":"https:\/\/www.jornalja.com.br\/arquivo\/category\/x-categorias-velhas\/"},"img":{"alt_text":"","src":"","width":0,"height":0},"classes":[]},{"id":13124,"url":"https:\/\/www.jornalja.com.br\/arquivo\/sangue-latino-no-iecine\/","url_meta":{"origin":44031,"position":1},"title":"Sangue latino no IECINE","author":"da Reda\u00e7\u00e3o","date":"18 de maio de 2014","format":false,"excerpt":"Francisco Ribeiro O Instituto Estadual de Cinema (IECINE) tem a frente, desde abril \u00faltimo, um novo diretor, o cineasta colombiano Juan Zapata, 36, que substitui Luiz Alberto Cassol. Radicado h\u00e1 dez anos em Porto Alegre, Zapata tem diante de si o desafio de conduzir at\u00e9 o final do ano um\u2026","rel":"","context":"Em &quot;Cultura-Geral&quot;","block_context":{"text":"Cultura-Geral","link":"https:\/\/www.jornalja.com.br\/arquivo\/category\/materiasecundaria\/"},"img":{"alt_text":"","src":"","width":0,"height":0},"classes":[]},{"id":14241,"url":"https:\/\/www.jornalja.com.br\/arquivo\/o-guaiba-nas-imagens-poeticas-de-achutti\/","url_meta":{"origin":44031,"position":2},"title":"O Gua\u00edba nas imagens po\u00e9ticas de Achutti","author":"da Reda\u00e7\u00e3o","date":"18 de junho de 2014","format":false,"excerpt":"Em \u201cO Gua\u00edba por Achutti\u201d \u2013 obra financiada via Minist\u00e9rio da Cultura, produ\u00e7\u00e3o executiva de Pedro Longhi, e Fl\u00e1vio Wild como designer \u2013, o fot\u00f3grafo revela a beleza e as mazelas de um espa\u00e7o aqu\u00e1tico de \u00e1guas sempre renovadas, cheio de hist\u00f3rias e lendas como as das cidades que foram\u2026","rel":"","context":"Em &quot;Cultura-Geral&quot;","block_context":{"text":"Cultura-Geral","link":"https:\/\/www.jornalja.com.br\/arquivo\/category\/materiasecundaria\/"},"img":{"alt_text":"","src":"","width":0,"height":0},"classes":[]},{"id":13240,"url":"https:\/\/www.jornalja.com.br\/arquivo\/plano-diretor-estamos-construindo-o-caos\/","url_meta":{"origin":44031,"position":3},"title":"Plano diretor: &quot;Estamos construindo o caos&quot;","author":"Patr\u00edcia Marini","date":"26 de maio de 2014","format":false,"excerpt":"Desabafo que arquiteta Eliana Castilhos, delegada da Regi\u00e3o de Planejamento 1, postou nas redes sociais \u00e9 um testemunho do ambiente que se criou no Conselho do Plano Diretor de Porto Alegre, onde a aprova\u00e7\u00e3o de grandes empreendimentos \u00e9 empurrada guela abaixo dos conselheiros. Ao CMDUA Como delegada da Regi\u00e3o de\u2026","rel":"","context":"Em &quot;Geral&quot;","block_context":{"text":"Geral","link":"https:\/\/www.jornalja.com.br\/arquivo\/category\/geral\/"},"img":{"alt_text":"","src":"","width":0,"height":0},"classes":[]},{"id":13101,"url":"https:\/\/www.jornalja.com.br\/arquivo\/morre-um-guerreiro-do-texto\/","url_meta":{"origin":44031,"position":4},"title":"Morre um guerreiro do texto","author":"Patr\u00edcia Marini","date":"14 de maio de 2014","format":false,"excerpt":"Por Ricardo Kotscho Reproduzido do blog do autor, 11\/5\/2014; t\u00edtulo original \u201cE l\u00e1 se foi o nosso Myltainho, guerreiro do texto\u201d. Mi\u00fado e franzino, meu amigo Myltainho era um valente e inconformado guerreiro na luta contra as injusti\u00e7as sociais, a hipocrisia, as maracutaias, o autoritarismo, a intoler\u00e2ncia, a viol\u00eancia, o\u2026","rel":"","context":"Em &quot;Geral&quot;","block_context":{"text":"Geral","link":"https:\/\/www.jornalja.com.br\/arquivo\/category\/geral\/"},"img":{"alt_text":"","src":"","width":0,"height":0},"classes":[]},{"id":5440,"url":"https:\/\/www.jornalja.com.br\/arquivo\/casarao-da-venancio-destino-permanece-incerto\/","url_meta":{"origin":44031,"position":5},"title":"Estado ainda n\u00e3o sabe o que fazer com casar\u00e3o abandonado h\u00e1 20 anos","author":"Elmar Bones","date":"6 de julho de 2009","format":false,"excerpt":"O casar\u00e3o amarelo, numa esquina nobre de Porto Alegre (Ven\u00e2ncio Aires com Jo\u00e3o Pessoa), j\u00e1 abrigou uma escola. H\u00e1 duas d\u00e9cadas, pelo menos, est\u00e1 abandonado, porque seu propriet\u00e1rio, o governo do Estado do Rio Grande do Sul, n\u00e3o consegue achar um destino para ele. Planos n\u00e3o faltaram. O governador Ol\u00edvio\u2026","rel":"","context":"Em &quot;X.Categorias velhas&quot;","block_context":{"text":"X.Categorias velhas","link":"https:\/\/www.jornalja.com.br\/arquivo\/category\/x-categorias-velhas\/"},"img":{"alt_text":"geraldo1","src":"https:\/\/i0.wp.com\/www.jornalja.com.br\/wp-content\/uploads\/2009\/07\/geraldo1.jpg?resize=350%2C200&ssl=1","width":350,"height":200},"classes":[]}],"jetpack_shortlink":"https:\/\/wp.me\/pbQjBd-bsb","jetpack_featured_media_url":"","_links":{"self":[{"href":"https:\/\/www.jornalja.com.br\/arquivo\/wp-json\/wp\/v2\/posts\/44031","targetHints":{"allow":["GET"]}}],"collection":[{"href":"https:\/\/www.jornalja.com.br\/arquivo\/wp-json\/wp\/v2\/posts"}],"about":[{"href":"https:\/\/www.jornalja.com.br\/arquivo\/wp-json\/wp\/v2\/types\/post"}],"author":[{"embeddable":true,"href":"https:\/\/www.jornalja.com.br\/arquivo\/wp-json\/wp\/v2\/users\/4"}],"replies":[{"embeddable":true,"href":"https:\/\/www.jornalja.com.br\/arquivo\/wp-json\/wp\/v2\/comments?post=44031"}],"version-history":[{"count":0,"href":"https:\/\/www.jornalja.com.br\/arquivo\/wp-json\/wp\/v2\/posts\/44031\/revisions"}],"wp:attachment":[{"href":"https:\/\/www.jornalja.com.br\/arquivo\/wp-json\/wp\/v2\/media?parent=44031"}],"wp:term":[{"taxonomy":"category","embeddable":true,"href":"https:\/\/www.jornalja.com.br\/arquivo\/wp-json\/wp\/v2\/categories?post=44031"},{"taxonomy":"post_tag","embeddable":true,"href":"https:\/\/www.jornalja.com.br\/arquivo\/wp-json\/wp\/v2\/tags?post=44031"}],"curies":[{"name":"wp","href":"https:\/\/api.w.org\/{rel}","templated":true}]}}