{"id":44068,"date":"2017-02-01T19:25:41","date_gmt":"2017-02-01T22:25:41","guid":{"rendered":"https:\/\/www.jornalja.com.br\/?p=44068"},"modified":"2017-02-01T19:25:41","modified_gmt":"2017-02-01T22:25:41","slug":"nota-fiscal-gaucha-vai-distribuir-r-15-milhoes-em-premios","status":"publish","type":"post","link":"https:\/\/www.jornalja.com.br\/arquivo\/nota-fiscal-gaucha-vai-distribuir-r-15-milhoes-em-premios\/","title":{"rendered":"Nota Fiscal Ga\u00facha vai distribuir R$ 15 milh\u00f5es em pr\u00eamios"},"content":{"rendered":"<p>Aumentou este ano para R$ 30 milh\u00f5es o total das premia\u00e7\u00f5es e repasses \u00e0s entidades que participam do programa Nota Fiscal Ga\u00facha (NFG).<br \/>\nSer\u00e3o R$ 15 milh\u00f5es destinados igualmente \u00e0s \u00e1reas da sa\u00fade, educa\u00e7\u00e3o e social, e outros R$ 15 milh\u00f5es para os pr\u00eamios individuais e especiais aos contribuintes.<br \/>\nO planejamento foi apresentado nesta quarta-feira (1), na sede da Associa\u00e7\u00e3o de Assist\u00eancia \u00e0 Crian\u00e7a Deficiente (AACD), em Porto Alegre, teve a presen\u00e7a do governador Jos\u00e9 Ivo Sartori e do secret\u00e1rio Giovani Feltes.<br \/>\nO valor do pr\u00eamio mensal passa de R$ 278 mil para R$ 856 mil e o pr\u00eamio especial, que acontecia apenas uma vez ao ano, ganha duas edi\u00e7\u00f5es no valor de R$ 1 milh\u00e3o cada.<br \/>\n&#8220;Essa \u00e9 uma maneira de fiscalizar o destino dos recursos e ajudar entidades sociais. \u00c9 mais um sinal que o imposto pago pelo cidad\u00e3o \u00e9 revertido em servi\u00e7os \u00e0 sociedade&#8221;, disse Sartori. Segundo ele, exigir a nota fiscal ajuda no combate \u00e0 sonega\u00e7\u00e3o de impostos. &#8220;Pedimos que a sociedade participe mais ativamente e exer\u00e7a sua cidadania&#8221;, ressaltou.<br \/>\nPara o secret\u00e1rio Giovani Feltes, a participa\u00e7\u00e3o e a solidariedade s\u00e3o as ra\u00edzes do programa. &#8220;\u00c9 uma a\u00e7\u00e3o com grande potencial para auxiliar ainda mais entidades. Cada vez que incentivamos a solidariedade, novos caminhos se constroem&#8221;, afirmou.<br \/>\nEm rela\u00e7\u00e3o ao atendimento, a \u00e1rea de sa\u00fade do programa passa de 97 entidades para 224 beneficiadas como prefeituras, hospitais e centros de recupera\u00e7\u00e3o. Na educa\u00e7\u00e3o, o atendimento ser\u00e1 ampliado de 617 para 1.250. O setor de desenvolvimento social tamb\u00e9m apresenta crescimento, passando de 352 para 600.<br \/>\nA amplia\u00e7\u00e3o do atendimento representa 1,3 milh\u00f5es de cidad\u00e3os cadastrados no programa, o que corresponde a 12% da popula\u00e7\u00e3o. &#8220;Sempre acreditei que esta grande a\u00e7\u00e3o de cidadania conseguiria nos trazer \u00f3timos resultados. Hoje, vejo que o programa \u00e9 um grande aux\u00edlio na manuten\u00e7\u00e3o da infraestrutura da AACD. Espero que a iniciativa seja ainda maior, auxiliando in\u00fameras institui\u00e7\u00f5es como a nossa&#8221;, afirmou Cleo Danilo Jaques, diretor administrativo da AACD.<br \/>\n<strong>Resultados positivos<\/strong><br \/>\nAo todo, s\u00e3o mais de 2,2 mil entidades sociais contempladas pelo projeto, recebendo nos \u00faltimos dois anos cerca de R$ 18,5 milh\u00f5es em repasses financeiros. Participante desde 2013, a AACD j\u00e1 arrecadou cerca de R$ 190 mil em dois anos, adquirindo colchonetes, micro-ondas, televisores e persianas para a Sala de Conviv\u00eancia, espa\u00e7o utilizado por pacientes e familiares.<br \/>\nO Instituto do C\u00e2ncer Infantil do Rio Grande do Sul foi contemplado com repasses de R$ 93,2 mil entre 2015 e 2016. A entidade, situada em Porto Alegre, atende a cerca de duas mil crian\u00e7as e adolescentes em todas as regi\u00f5es do estado.<br \/>\nCom 1.262 institui\u00e7\u00f5es, a educa\u00e7\u00e3o \u00e9 o segmento que mais recebe recursos. Entre 2015 e 2016, o Instituto Estadual de Educa\u00e7\u00e3o \u00c9rico Ver\u00edssimo, de Tr\u00eas Passos, recebeu R$ 51.7 mil do programa. O dinheiro foi aplicado em melhorias das instala\u00e7\u00f5es f\u00edsicas da escola, que atende 1,1 mil estudantes. As obras envolveram reformas de salas de aula e dos banheiros, assim como a constru\u00e7\u00e3o de passeios e cobertura na porta de entrada.<br \/>\n<strong>Nota fiscal ga\u00facha<\/strong><br \/>\nO programa incentiva os cidad\u00e3os a inclu\u00edrem o CPF na emiss\u00e3o do documento fiscal durante as compras e conscientiz\u00e1-los sobre a import\u00e2ncia social do tributo. Al\u00e9m de concorrer aos pr\u00eamios, as entidades sociais indicadas por eles s\u00e3o beneficiadas pelos repasses, refor\u00e7ando o elo entre Estado e popula\u00e7\u00e3o. (Com informa\u00e7\u00f5es da Assessoria de Imprensa)<\/p>\n","protected":false},"excerpt":{"rendered":"<p>Aumentou este ano para R$ 30 milh\u00f5es o total das premia\u00e7\u00f5es e repasses \u00e0s entidades que participam do programa Nota Fiscal Ga\u00facha (NFG). Ser\u00e3o R$ 15 milh\u00f5es destinados igualmente \u00e0s \u00e1reas da sa\u00fade, educa\u00e7\u00e3o e social, e outros R$ 15 milh\u00f5es para os pr\u00eamios individuais e especiais aos contribuintes. O planejamento foi apresentado nesta quarta-feira [&hellip;]<\/p>\n","protected":false},"author":4,"featured_media":0,"comment_status":"open","ping_status":"closed","sticky":false,"template":"","format":"standard","meta":{"_jetpack_newsletter_access":"","_jetpack_dont_email_post_to_subs":false,"_jetpack_newsletter_tier_id":0,"_jetpack_memberships_contains_paywalled_content":false,"_jetpack_feature_clip_id":0,"_jetpack_memberships_contains_paid_content":false,"footnotes":"","jetpack_post_was_ever_published":false},"categories":[2022],"tags":[],"class_list":["post-44068","post","type-post","status-publish","format-standard","hentry","category-notas"],"aioseo_notices":[],"aioseo_head":"\n\t\t<!-- All in One SEO 5.0.1.1 - aioseo.com -->\n\t<meta name=\"robots\" content=\"max-image-preview:large\" \/>\n\t<meta name=\"author\" content=\"da Reda\u00e7\u00e3o\"\/>\n\t<link rel=\"canonical\" href=\"https:\/\/www.jornalja.com.br\/arquivo\/nota-fiscal-gaucha-vai-distribuir-r-15-milhoes-em-premios\/\" \/>\n\t<meta name=\"generator\" content=\"All in One SEO (AIOSEO) 5.0.1.1\" \/>\n\t\t<meta property=\"og:locale\" content=\"pt_BR\" \/>\n\t\t<meta property=\"og:site_name\" content=\"Arquivo | Jornal J\u00c1 | Porto Alegre\" \/>\n\t\t<meta property=\"og:type\" content=\"article\" \/>\n\t\t<meta property=\"og:title\" content=\"Nota Fiscal Ga\u00facha vai distribuir R$ 15 milh\u00f5es em pr\u00eamios | Arquivo\" \/>\n\t\t<meta property=\"og:url\" content=\"https:\/\/www.jornalja.com.br\/arquivo\/nota-fiscal-gaucha-vai-distribuir-r-15-milhoes-em-premios\/\" \/>\n\t\t<meta property=\"og:image\" content=\"https:\/\/www.jornalja.com.br\/economics\/wp-content\/uploads\/sites\/11\/2026\/08\/ja-folhaderosto-facebook.jpg\" \/>\n\t\t<meta property=\"og:image:secure_url\" content=\"https:\/\/www.jornalja.com.br\/economics\/wp-content\/uploads\/sites\/11\/2026\/08\/ja-folhaderosto-facebook.jpg\" \/>\n\t\t<meta property=\"article:published_time\" content=\"2017-02-01T22:25:41+00:00\" \/>\n\t\t<meta property=\"article:modified_time\" content=\"2017-02-01T22:25:41+00:00\" \/>\n\t\t<meta name=\"twitter:card\" content=\"summary\" \/>\n\t\t<meta name=\"twitter:title\" content=\"Nota Fiscal Ga\u00facha vai distribuir R$ 15 milh\u00f5es em pr\u00eamios | Arquivo\" \/>\n\t\t<meta name=\"twitter:image\" content=\"https:\/\/www.jornalja.com.br\/economics\/wp-content\/uploads\/sites\/11\/2026\/08\/ja-folhaderosto-facebook.jpg\" \/>\n\t\t<script type=\"application\/ld+json\" class=\"aioseo-schema\">\n\t\t\t{\"@context\":\"https:\\\/\\\/schema.org\",\"@graph\":[{\"@type\":\"BlogPosting\",\"@id\":\"https:\\\/\\\/www.jornalja.com.br\\\/arquivo\\\/nota-fiscal-gaucha-vai-distribuir-r-15-milhoes-em-premios\\\/#blogposting\",\"name\":\"Nota Fiscal Ga\\u00facha vai distribuir R$ 15 milh\\u00f5es em pr\\u00eamios | Arquivo\",\"headline\":\"Nota Fiscal Ga\\u00facha vai distribuir R$ 15 milh\\u00f5es em pr\\u00eamios\",\"author\":{\"@id\":\"https:\\\/\\\/www.jornalja.com.br\\\/arquivo\\\/author\\\/daredacao\\\/#author\"},\"publisher\":{\"@id\":\"https:\\\/\\\/www.jornalja.com.br\\\/arquivo\\\/#organization\"},\"image\":{\"@type\":\"ImageObject\",\"url\":\"https:\\\/\\\/www.jornalja.com.br\\\/wp-content\\\/uploads\\\/cards\\\/JAslogan.png\",\"@id\":\"https:\\\/\\\/www.jornalja.com.br\\\/arquivo\\\/#articleImage\"},\"datePublished\":\"2017-02-01T19:25:41-02:00\",\"dateModified\":\"2017-02-01T19:25:41-02:00\",\"inLanguage\":\"pt-BR\",\"mainEntityOfPage\":{\"@id\":\"https:\\\/\\\/www.jornalja.com.br\\\/arquivo\\\/nota-fiscal-gaucha-vai-distribuir-r-15-milhoes-em-premios\\\/#webpage\"},\"isPartOf\":{\"@id\":\"https:\\\/\\\/www.jornalja.com.br\\\/arquivo\\\/nota-fiscal-gaucha-vai-distribuir-r-15-milhoes-em-premios\\\/#webpage\"},\"articleSection\":\"NOTAS\"},{\"@type\":\"BreadcrumbList\",\"@id\":\"https:\\\/\\\/www.jornalja.com.br\\\/arquivo\\\/nota-fiscal-gaucha-vai-distribuir-r-15-milhoes-em-premios\\\/#breadcrumblist\",\"itemListElement\":[{\"@type\":\"ListItem\",\"@id\":\"https:\\\/\\\/www.jornalja.com.br\\\/arquivo#listItem\",\"position\":1,\"name\":\"Home\",\"item\":\"https:\\\/\\\/www.jornalja.com.br\\\/arquivo\",\"nextItem\":{\"@type\":\"ListItem\",\"@id\":\"https:\\\/\\\/www.jornalja.com.br\\\/arquivo\\\/category\\\/notas\\\/#listItem\",\"name\":\"NOTAS\"}},{\"@type\":\"ListItem\",\"@id\":\"https:\\\/\\\/www.jornalja.com.br\\\/arquivo\\\/category\\\/notas\\\/#listItem\",\"position\":2,\"name\":\"NOTAS\",\"item\":\"https:\\\/\\\/www.jornalja.com.br\\\/arquivo\\\/category\\\/notas\\\/\",\"nextItem\":{\"@type\":\"ListItem\",\"@id\":\"https:\\\/\\\/www.jornalja.com.br\\\/arquivo\\\/nota-fiscal-gaucha-vai-distribuir-r-15-milhoes-em-premios\\\/#listItem\",\"name\":\"Nota Fiscal Ga\\u00facha vai distribuir R$ 15 milh\\u00f5es em pr\\u00eamios\"},\"previousItem\":{\"@type\":\"ListItem\",\"@id\":\"https:\\\/\\\/www.jornalja.com.br\\\/arquivo#listItem\",\"name\":\"Home\"}},{\"@type\":\"ListItem\",\"@id\":\"https:\\\/\\\/www.jornalja.com.br\\\/arquivo\\\/nota-fiscal-gaucha-vai-distribuir-r-15-milhoes-em-premios\\\/#listItem\",\"position\":3,\"name\":\"Nota Fiscal Ga\\u00facha vai distribuir R$ 15 milh\\u00f5es em pr\\u00eamios\",\"previousItem\":{\"@type\":\"ListItem\",\"@id\":\"https:\\\/\\\/www.jornalja.com.br\\\/arquivo\\\/category\\\/notas\\\/#listItem\",\"name\":\"NOTAS\"}}]},{\"@type\":\"Organization\",\"@id\":\"https:\\\/\\\/www.jornalja.com.br\\\/arquivo\\\/#organization\",\"name\":\"Jornal J\\u00c1\",\"description\":\"Jornal J\\u00c1 | Porto Alegre\",\"url\":\"https:\\\/\\\/www.jornalja.com.br\\\/arquivo\\\/\",\"telephone\":\"+555133307272\",\"logo\":{\"@type\":\"ImageObject\",\"url\":\"https:\\\/\\\/www.jornalja.com.br\\\/wp-content\\\/uploads\\\/cards\\\/JAslogan.png\",\"@id\":\"https:\\\/\\\/www.jornalja.com.br\\\/arquivo\\\/nota-fiscal-gaucha-vai-distribuir-r-15-milhoes-em-premios\\\/#organizationLogo\"},\"image\":{\"@id\":\"https:\\\/\\\/www.jornalja.com.br\\\/arquivo\\\/nota-fiscal-gaucha-vai-distribuir-r-15-milhoes-em-premios\\\/#organizationLogo\"}},{\"@type\":\"Person\",\"@id\":\"https:\\\/\\\/www.jornalja.com.br\\\/arquivo\\\/author\\\/daredacao\\\/#author\",\"url\":\"https:\\\/\\\/www.jornalja.com.br\\\/arquivo\\\/author\\\/daredacao\\\/\",\"name\":\"da Reda\\u00e7\\u00e3o\",\"image\":{\"@type\":\"ImageObject\",\"@id\":\"https:\\\/\\\/www.jornalja.com.br\\\/arquivo\\\/nota-fiscal-gaucha-vai-distribuir-r-15-milhoes-em-premios\\\/#authorImage\",\"url\":\"https:\\\/\\\/secure.gravatar.com\\\/avatar\\\/469fd857d6605ad19919d27ed29d35a968a25f6e8fd9318356bbb7f57aae9c65?s=96&d=mm&r=g\",\"width\":96,\"height\":96,\"caption\":\"da Reda\\u00e7\\u00e3o\"}},{\"@type\":\"WebPage\",\"@id\":\"https:\\\/\\\/www.jornalja.com.br\\\/arquivo\\\/nota-fiscal-gaucha-vai-distribuir-r-15-milhoes-em-premios\\\/#webpage\",\"url\":\"https:\\\/\\\/www.jornalja.com.br\\\/arquivo\\\/nota-fiscal-gaucha-vai-distribuir-r-15-milhoes-em-premios\\\/\",\"name\":\"Nota Fiscal Ga\\u00facha vai distribuir R$ 15 milh\\u00f5es em pr\\u00eamios | Arquivo\",\"inLanguage\":\"pt-BR\",\"isPartOf\":{\"@id\":\"https:\\\/\\\/www.jornalja.com.br\\\/arquivo\\\/#website\"},\"breadcrumb\":{\"@id\":\"https:\\\/\\\/www.jornalja.com.br\\\/arquivo\\\/nota-fiscal-gaucha-vai-distribuir-r-15-milhoes-em-premios\\\/#breadcrumblist\"},\"author\":{\"@id\":\"https:\\\/\\\/www.jornalja.com.br\\\/arquivo\\\/author\\\/daredacao\\\/#author\"},\"creator\":{\"@id\":\"https:\\\/\\\/www.jornalja.com.br\\\/arquivo\\\/author\\\/daredacao\\\/#author\"},\"datePublished\":\"2017-02-01T19:25:41-02:00\",\"dateModified\":\"2017-02-01T19:25:41-02:00\"},{\"@type\":\"WebSite\",\"@id\":\"https:\\\/\\\/www.jornalja.com.br\\\/arquivo\\\/#website\",\"url\":\"https:\\\/\\\/www.jornalja.com.br\\\/arquivo\\\/\",\"name\":\"Arquivo\",\"description\":\"Jornal J\\u00c1 | Porto Alegre\",\"inLanguage\":\"pt-BR\",\"publisher\":{\"@id\":\"https:\\\/\\\/www.jornalja.com.br\\\/arquivo\\\/#organization\"}}]}\n\t\t<\/script>\n\t\t<!-- All in One SEO -->\n\n","aioseo_head_json":{"title":"Nota Fiscal Ga\u00facha vai distribuir R$ 15 milh\u00f5es em pr\u00eamios | Arquivo","description":"","canonical_url":"https:\/\/www.jornalja.com.br\/arquivo\/nota-fiscal-gaucha-vai-distribuir-r-15-milhoes-em-premios\/","robots":"max-image-preview:large","keywords":"","webmasterTools":{"miscellaneous":""},"schema":{"@context":"https:\/\/schema.org","@graph":[{"@type":"BlogPosting","@id":"https:\/\/www.jornalja.com.br\/arquivo\/nota-fiscal-gaucha-vai-distribuir-r-15-milhoes-em-premios\/#blogposting","name":"Nota Fiscal Ga\u00facha vai distribuir R$ 15 milh\u00f5es em pr\u00eamios | Arquivo","headline":"Nota Fiscal Ga\u00facha vai distribuir R$ 15 milh\u00f5es em pr\u00eamios","author":{"@id":"https:\/\/www.jornalja.com.br\/arquivo\/author\/daredacao\/#author"},"publisher":{"@id":"https:\/\/www.jornalja.com.br\/arquivo\/#organization"},"image":{"@type":"ImageObject","url":"https:\/\/www.jornalja.com.br\/wp-content\/uploads\/cards\/JAslogan.png","@id":"https:\/\/www.jornalja.com.br\/arquivo\/#articleImage"},"datePublished":"2017-02-01T19:25:41-02:00","dateModified":"2017-02-01T19:25:41-02:00","inLanguage":"pt-BR","mainEntityOfPage":{"@id":"https:\/\/www.jornalja.com.br\/arquivo\/nota-fiscal-gaucha-vai-distribuir-r-15-milhoes-em-premios\/#webpage"},"isPartOf":{"@id":"https:\/\/www.jornalja.com.br\/arquivo\/nota-fiscal-gaucha-vai-distribuir-r-15-milhoes-em-premios\/#webpage"},"articleSection":"NOTAS"},{"@type":"BreadcrumbList","@id":"https:\/\/www.jornalja.com.br\/arquivo\/nota-fiscal-gaucha-vai-distribuir-r-15-milhoes-em-premios\/#breadcrumblist","itemListElement":[{"@type":"ListItem","@id":"https:\/\/www.jornalja.com.br\/arquivo#listItem","position":1,"name":"Home","item":"https:\/\/www.jornalja.com.br\/arquivo","nextItem":{"@type":"ListItem","@id":"https:\/\/www.jornalja.com.br\/arquivo\/category\/notas\/#listItem","name":"NOTAS"}},{"@type":"ListItem","@id":"https:\/\/www.jornalja.com.br\/arquivo\/category\/notas\/#listItem","position":2,"name":"NOTAS","item":"https:\/\/www.jornalja.com.br\/arquivo\/category\/notas\/","nextItem":{"@type":"ListItem","@id":"https:\/\/www.jornalja.com.br\/arquivo\/nota-fiscal-gaucha-vai-distribuir-r-15-milhoes-em-premios\/#listItem","name":"Nota Fiscal Ga\u00facha vai distribuir R$ 15 milh\u00f5es em pr\u00eamios"},"previousItem":{"@type":"ListItem","@id":"https:\/\/www.jornalja.com.br\/arquivo#listItem","name":"Home"}},{"@type":"ListItem","@id":"https:\/\/www.jornalja.com.br\/arquivo\/nota-fiscal-gaucha-vai-distribuir-r-15-milhoes-em-premios\/#listItem","position":3,"name":"Nota Fiscal Ga\u00facha vai distribuir R$ 15 milh\u00f5es em pr\u00eamios","previousItem":{"@type":"ListItem","@id":"https:\/\/www.jornalja.com.br\/arquivo\/category\/notas\/#listItem","name":"NOTAS"}}]},{"@type":"Organization","@id":"https:\/\/www.jornalja.com.br\/arquivo\/#organization","name":"Jornal J\u00c1","description":"Jornal J\u00c1 | Porto Alegre","url":"https:\/\/www.jornalja.com.br\/arquivo\/","telephone":"+555133307272","logo":{"@type":"ImageObject","url":"https:\/\/www.jornalja.com.br\/wp-content\/uploads\/cards\/JAslogan.png","@id":"https:\/\/www.jornalja.com.br\/arquivo\/nota-fiscal-gaucha-vai-distribuir-r-15-milhoes-em-premios\/#organizationLogo"},"image":{"@id":"https:\/\/www.jornalja.com.br\/arquivo\/nota-fiscal-gaucha-vai-distribuir-r-15-milhoes-em-premios\/#organizationLogo"}},{"@type":"Person","@id":"https:\/\/www.jornalja.com.br\/arquivo\/author\/daredacao\/#author","url":"https:\/\/www.jornalja.com.br\/arquivo\/author\/daredacao\/","name":"da Reda\u00e7\u00e3o","image":{"@type":"ImageObject","@id":"https:\/\/www.jornalja.com.br\/arquivo\/nota-fiscal-gaucha-vai-distribuir-r-15-milhoes-em-premios\/#authorImage","url":"https:\/\/secure.gravatar.com\/avatar\/469fd857d6605ad19919d27ed29d35a968a25f6e8fd9318356bbb7f57aae9c65?s=96&d=mm&r=g","width":96,"height":96,"caption":"da Reda\u00e7\u00e3o"}},{"@type":"WebPage","@id":"https:\/\/www.jornalja.com.br\/arquivo\/nota-fiscal-gaucha-vai-distribuir-r-15-milhoes-em-premios\/#webpage","url":"https:\/\/www.jornalja.com.br\/arquivo\/nota-fiscal-gaucha-vai-distribuir-r-15-milhoes-em-premios\/","name":"Nota Fiscal Ga\u00facha vai distribuir R$ 15 milh\u00f5es em pr\u00eamios | Arquivo","inLanguage":"pt-BR","isPartOf":{"@id":"https:\/\/www.jornalja.com.br\/arquivo\/#website"},"breadcrumb":{"@id":"https:\/\/www.jornalja.com.br\/arquivo\/nota-fiscal-gaucha-vai-distribuir-r-15-milhoes-em-premios\/#breadcrumblist"},"author":{"@id":"https:\/\/www.jornalja.com.br\/arquivo\/author\/daredacao\/#author"},"creator":{"@id":"https:\/\/www.jornalja.com.br\/arquivo\/author\/daredacao\/#author"},"datePublished":"2017-02-01T19:25:41-02:00","dateModified":"2017-02-01T19:25:41-02:00"},{"@type":"WebSite","@id":"https:\/\/www.jornalja.com.br\/arquivo\/#website","url":"https:\/\/www.jornalja.com.br\/arquivo\/","name":"Arquivo","description":"Jornal J\u00c1 | Porto Alegre","inLanguage":"pt-BR","publisher":{"@id":"https:\/\/www.jornalja.com.br\/arquivo\/#organization"}}]},"og:locale":"pt_BR","og:site_name":"Arquivo | Jornal J\u00c1 | Porto Alegre","og:type":"article","og:title":"Nota Fiscal Ga\u00facha vai distribuir R$ 15 milh\u00f5es em pr\u00eamios | Arquivo","og:url":"https:\/\/www.jornalja.com.br\/arquivo\/nota-fiscal-gaucha-vai-distribuir-r-15-milhoes-em-premios\/","og:image":"https:\/\/www.jornalja.com.br\/economics\/wp-content\/uploads\/sites\/11\/2026\/08\/ja-folhaderosto-facebook.jpg","og:image:secure_url":"https:\/\/www.jornalja.com.br\/economics\/wp-content\/uploads\/sites\/11\/2026\/08\/ja-folhaderosto-facebook.jpg","article:published_time":"2017-02-01T22:25:41+00:00","article:modified_time":"2017-02-01T22:25:41+00:00","twitter:card":"summary","twitter:title":"Nota Fiscal Ga\u00facha vai distribuir R$ 15 milh\u00f5es em pr\u00eamios | Arquivo","twitter:image":"https:\/\/www.jornalja.com.br\/economics\/wp-content\/uploads\/sites\/11\/2026\/08\/ja-folhaderosto-facebook.jpg"},"aioseo_meta_data":{"post_id":"44068","title":null,"description":null,"keywords":null,"keyphrases":null,"primary_term":null,"canonical_url":null,"og_title":null,"og_description":null,"og_object_type":"default","og_image_type":"default","og_image_url":null,"og_image_width":null,"og_image_height":null,"og_image_custom_url":null,"og_image_custom_fields":null,"og_video":null,"og_custom_url":null,"og_article_section":null,"og_article_tags":null,"twitter_use_og":false,"twitter_card":"default","twitter_image_type":"default","twitter_image_url":null,"twitter_image_custom_url":null,"twitter_image_custom_fields":null,"twitter_title":null,"twitter_description":null,"schema":{"blockGraphs":[],"customGraphs":[],"default":{"data":{"Article":[],"Course":[],"Dataset":[],"FAQPage":[],"Movie":[],"Person":[],"Product":[],"ProductReview":[],"Car":[],"Recipe":[],"Service":[],"SoftwareApplication":[],"WebPage":[]},"graphName":"","isEnabled":true},"graphs":[],"defaultGraph":"","defaultPostTypeGraph":""},"schema_type":null,"schema_type_options":null,"pillar_content":false,"robots_default":true,"robots_noindex":false,"robots_noarchive":false,"robots_nosnippet":false,"robots_nofollow":false,"robots_noimageindex":false,"robots_noodp":false,"robots_notranslate":false,"robots_max_snippet":null,"robots_max_videopreview":null,"robots_max_imagepreview":"large","priority":null,"frequency":null,"location":null,"local_seo":null,"breadcrumb_settings":null,"limit_modified_date":false,"ai":null,"created":"2020-12-20 20:41:47","updated":"2025-07-19 19:40:34","seo_analyzer_scan_date":null,"focus_keyword":null,"additional_keywords":null,"truseo_locale":null},"jetpack_sharing_enabled":true,"jetpack-related-posts":[{"id":13124,"url":"https:\/\/www.jornalja.com.br\/arquivo\/sangue-latino-no-iecine\/","url_meta":{"origin":44068,"position":0},"title":"Sangue latino no IECINE","author":"da Reda\u00e7\u00e3o","date":"18 de maio de 2014","format":false,"excerpt":"Francisco Ribeiro O Instituto Estadual de Cinema (IECINE) tem a frente, desde abril \u00faltimo, um novo diretor, o cineasta colombiano Juan Zapata, 36, que substitui Luiz Alberto Cassol. Radicado h\u00e1 dez anos em Porto Alegre, Zapata tem diante de si o desafio de conduzir at\u00e9 o final do ano um\u2026","rel":"","context":"Em &quot;Cultura-Geral&quot;","block_context":{"text":"Cultura-Geral","link":"https:\/\/www.jornalja.com.br\/arquivo\/category\/materiasecundaria\/"},"img":{"alt_text":"","src":"","width":0,"height":0},"classes":[]},{"id":5440,"url":"https:\/\/www.jornalja.com.br\/arquivo\/casarao-da-venancio-destino-permanece-incerto\/","url_meta":{"origin":44068,"position":1},"title":"Estado ainda n\u00e3o sabe o que fazer com casar\u00e3o abandonado h\u00e1 20 anos","author":"Elmar Bones","date":"6 de julho de 2009","format":false,"excerpt":"O casar\u00e3o amarelo, numa esquina nobre de Porto Alegre (Ven\u00e2ncio Aires com Jo\u00e3o Pessoa), j\u00e1 abrigou uma escola. H\u00e1 duas d\u00e9cadas, pelo menos, est\u00e1 abandonado, porque seu propriet\u00e1rio, o governo do Estado do Rio Grande do Sul, n\u00e3o consegue achar um destino para ele. Planos n\u00e3o faltaram. O governador Ol\u00edvio\u2026","rel":"","context":"Em &quot;X.Categorias velhas&quot;","block_context":{"text":"X.Categorias velhas","link":"https:\/\/www.jornalja.com.br\/arquivo\/category\/x-categorias-velhas\/"},"img":{"alt_text":"geraldo1","src":"https:\/\/i0.wp.com\/www.jornalja.com.br\/wp-content\/uploads\/2009\/07\/geraldo1.jpg?resize=350%2C200&ssl=1","width":350,"height":200},"classes":[]},{"id":13128,"url":"https:\/\/www.jornalja.com.br\/arquivo\/maconha-terra-diz-que-uso-medicinal-e-desculpa\/","url_meta":{"origin":44068,"position":2},"title":"Maconha: Terra diz que uso medicinal \u00e9 desculpa","author":"Patr\u00edcia Marini","date":"4 de junho de 2014","format":false,"excerpt":"A condi\u00e7\u00e3o de pol\u00edtico, em \u00e9poca de campanha de campanha eleitoral, tira for\u00e7a do discurso do m\u00e9dico Osmar Terra contra a legaliza\u00e7\u00e3o da maconha. A tese dele de que a libera\u00e7\u00e3o vai ampliar exponencialmente o consumo \u00e9 discutivel, o consumo \u00e9 corrente. Mas seus alertas quanto aos riscos tem que\u2026","rel":"","context":"Em &quot;X.Categorias velhas&quot;","block_context":{"text":"X.Categorias velhas","link":"https:\/\/www.jornalja.com.br\/arquivo\/category\/x-categorias-velhas\/"},"img":{"alt_text":"","src":"","width":0,"height":0},"classes":[]},{"id":13240,"url":"https:\/\/www.jornalja.com.br\/arquivo\/plano-diretor-estamos-construindo-o-caos\/","url_meta":{"origin":44068,"position":3},"title":"Plano diretor: &quot;Estamos construindo o caos&quot;","author":"Patr\u00edcia Marini","date":"26 de maio de 2014","format":false,"excerpt":"Desabafo que arquiteta Eliana Castilhos, delegada da Regi\u00e3o de Planejamento 1, postou nas redes sociais \u00e9 um testemunho do ambiente que se criou no Conselho do Plano Diretor de Porto Alegre, onde a aprova\u00e7\u00e3o de grandes empreendimentos \u00e9 empurrada guela abaixo dos conselheiros. Ao CMDUA Como delegada da Regi\u00e3o de\u2026","rel":"","context":"Em &quot;Geral&quot;","block_context":{"text":"Geral","link":"https:\/\/www.jornalja.com.br\/arquivo\/category\/geral\/"},"img":{"alt_text":"","src":"","width":0,"height":0},"classes":[]},{"id":13109,"url":"https:\/\/www.jornalja.com.br\/arquivo\/judiciario-reconhece-poluicao-eletromagnetica\/","url_meta":{"origin":44068,"position":4},"title":"Judici\u00e1rio reconhece polui\u00e7\u00e3o eletromagn\u00e9tica","author":"Patr\u00edcia Marini","date":"16 de maio de 2014","format":false,"excerpt":"A\u00e7\u00e3o de duas associa\u00e7\u00f5es de moradores foi acolhida pelo Tribunal de Justi\u00e7a de S\u00e3o Paulo que. em decis\u00e3o in\u00e9dita, determinou a redu\u00e7\u00e3o do campo eletromagn\u00e9tico gerado pelas linhas de transmiss\u00e3o de energia que cortam os bairros City Boa\u00e7ava e Alto de Pinheiros. \u00c9 a primeira vez que um tribunal do\u2026","rel":"","context":"Em &quot;X.Categorias velhas&quot;","block_context":{"text":"X.Categorias velhas","link":"https:\/\/www.jornalja.com.br\/arquivo\/category\/x-categorias-velhas\/"},"img":{"alt_text":"","src":"","width":0,"height":0},"classes":[]},{"id":12960,"url":"https:\/\/www.jornalja.com.br\/arquivo\/populacao-culpa-empresas-pela-greve-dos-rodoviarios\/","url_meta":{"origin":44068,"position":5},"title":"Popula\u00e7\u00e3o culpa empresas pela greve","author":"Patr\u00edcia Marini","date":"14 de fevereiro de 2014","format":false,"excerpt":"Pesquisa divulgada na edi\u00e7\u00e3o do jornal Metro desta sexta-feira,14, comprova o velho ditado: \u00e9 poss\u00edvel enganar muitos por algum tempo, mas n\u00e3o \u00e9 poss\u00edvel enganar a todos o tempo inteiro. A principal revela\u00e7\u00e3o foi que 59,8% dos entrevistados apontaram as empresas como as principais respons\u00e1veis pela grave e 46% culparam\u2026","rel":"","context":"Em &quot;X.Categorias velhas&quot;","block_context":{"text":"X.Categorias velhas","link":"https:\/\/www.jornalja.com.br\/arquivo\/category\/x-categorias-velhas\/"},"img":{"alt_text":"","src":"","width":0,"height":0},"classes":[]}],"jetpack_shortlink":"https:\/\/wp.me\/pbQjBd-bsM","jetpack_featured_media_url":"","_links":{"self":[{"href":"https:\/\/www.jornalja.com.br\/arquivo\/wp-json\/wp\/v2\/posts\/44068","targetHints":{"allow":["GET"]}}],"collection":[{"href":"https:\/\/www.jornalja.com.br\/arquivo\/wp-json\/wp\/v2\/posts"}],"about":[{"href":"https:\/\/www.jornalja.com.br\/arquivo\/wp-json\/wp\/v2\/types\/post"}],"author":[{"embeddable":true,"href":"https:\/\/www.jornalja.com.br\/arquivo\/wp-json\/wp\/v2\/users\/4"}],"replies":[{"embeddable":true,"href":"https:\/\/www.jornalja.com.br\/arquivo\/wp-json\/wp\/v2\/comments?post=44068"}],"version-history":[{"count":0,"href":"https:\/\/www.jornalja.com.br\/arquivo\/wp-json\/wp\/v2\/posts\/44068\/revisions"}],"wp:attachment":[{"href":"https:\/\/www.jornalja.com.br\/arquivo\/wp-json\/wp\/v2\/media?parent=44068"}],"wp:term":[{"taxonomy":"category","embeddable":true,"href":"https:\/\/www.jornalja.com.br\/arquivo\/wp-json\/wp\/v2\/categories?post=44068"},{"taxonomy":"post_tag","embeddable":true,"href":"https:\/\/www.jornalja.com.br\/arquivo\/wp-json\/wp\/v2\/tags?post=44068"}],"curies":[{"name":"wp","href":"https:\/\/api.w.org\/{rel}","templated":true}]}}