{"id":44132,"date":"2017-02-04T00:58:07","date_gmt":"2017-02-04T03:58:07","guid":{"rendered":"https:\/\/www.jornalja.com.br\/?p=44132"},"modified":"2017-02-04T00:58:07","modified_gmt":"2017-02-04T03:58:07","slug":"governador-sartori-cumpre-roteiro-de-candidato-no-feriadao","status":"publish","type":"post","link":"https:\/\/www.jornalja.com.br\/arquivo\/governador-sartori-cumpre-roteiro-de-candidato-no-feriadao\/","title":{"rendered":"Sartori cumpre roteiro de candidato no feriad\u00e3o"},"content":{"rendered":"<p>Com a capital vazia pelo feriado de Navegantes e as praias lotadas de funcion\u00e1rios descontentes, o governador Ivo Sartori cumpriu um roteiro no interior e viveu dois dias longe da crise, com uma desenvoltura de candidato.<br \/>\nAcompanhado do secret\u00e1rio dos Transportes, Pedro Westphalen, e da Secretaria Maria Helena Sartori, o governador come\u00e7ou na quinta- feira, entregando dois trechos de rodovias restauradas em Sentinela do Sul e Tapes.<br \/>\nAs duas obras custaram pouco mais de R$ 11 milh\u00f5es.<br \/>\nForam recuperados os 3,4 quil\u00f4metros da ERS-715 que liga Sentinela do Sul \u00e0 BR-116;<br \/>\nE os 14 km da ERS-717 que ligam o per\u00edmetro urbano de Tapes \u00e0 rodovia federal.<br \/>\nForam feitos servi\u00e7os de drenagem, recomposi\u00e7\u00e3o e reconstru\u00e7\u00e3o do pavimento, al\u00e9m da renova\u00e7\u00e3o da sinaliza\u00e7\u00e3o \u2013 tanto placas quanto pintura da pista e tach\u00f5es.<br \/>\nSartori destacou a import\u00e2ncia das obras\u00a0 e deu a entender que elas decorriam de \u201cmedidas tomadas desde o in\u00edcio do governo\u201d.<br \/>\nO secret\u00e1rio Pedro Westphalen explicou que os trechos inaugurados fazem parte de 15 lotes do Programa Restauro, financiados pelo Banco Mundial.<br \/>\nO contrato foi \u00a0assinado em 2013 pelo governo anterior, para recuperar 15 trechos de rodovias importantes no Estado.<br \/>\n\u201cPretendemos executar todos os 15 lotes do Restauro ainda este ano\u201d, prometeu o diretor-geral do Daer, Rog\u00e9rio Uberti.<br \/>\nO prefeito de Sentinela do Sul, Jos\u00e9 Flavio Rafaelli Trecastro, saudou as obras \u201cque mudam a entrada da cidade e dar\u00e3o novas condi\u00e7\u00f5es para atrair empreendimentos, al\u00e9m de beneficiar os munic\u00edpios da regi\u00e3o\u201d.<br \/>\nO prefeito de Tapes, Silvio Rafaeli, elogiou as mudan\u00e7as que v\u00eam sendo promovidas pelo governo do Estado e destacou que o turismo ser\u00e1 novamente impulsionado.<br \/>\n<img loading=\"lazy\" decoding=\"async\" class=\"alignnone size-full wp-image-44135\" src=\"https:\/\/www.jornalja.com.br\/wp-content\/uploads\/2017\/02\/sartori-populista-2.jpg\" alt=\"sartori populista 2\" width=\"725\" height=\"483\" \/><br \/>\nNa mesma quinta, j\u00e1 na Serra, seu reduto eleitoral, Sartori entregou \u00e0 comunidade a ponte sobre o Rio Retiro, na ERS 355, que liga os munic\u00edpios de Veran\u00f3polis e Fagundes Varela, na Serra.<br \/>\nA ponte de 50 metros estava pronta h\u00e1 tempo, faltavam as cabeceiras.<br \/>\nForam gastos pouco mais de R$ 600 mil com recursos da Contribui\u00e7\u00e3o de Interven\u00e7\u00e3o no Dom\u00ednio Econ\u00f4mico (Cide), para concluir a obra.<br \/>\nA empresa Concresul Britagem executou os servi\u00e7os de terraplanagem, drenagem, pavimenta\u00e7\u00e3o e sinaliza\u00e7\u00e3o.<br \/>\nNa sexta-feira, Sartori entregou mais 42,24 quil\u00f4metros recuperados da ERS-122 \u00e0 altura de Ant\u00f4nio Prado.<br \/>\nO trecho fica entre o entroncamento da ERS-437 (Ant\u00f4nio Prado) e o entroncamento com a BR-116 (Campestre da Serra).<br \/>\nAs obras fazem parte do Contrato de Recupera\u00e7\u00e3o e Manuten\u00e7\u00e3o das Rodovias da Serra, tamb\u00e9m de 2013.<br \/>\nAs obras, financiadas pelo BNDES s\u00e3o executadas sob responsabilidade do Departamento de Estradas de Rodagem (Daer). O\u00a0investimento nesse trecho \u00e9 de R$ 35.847.552,83.<br \/>\nSegundo Sartori, o governo j\u00e1 investiu R$ 700 milh\u00f5es investidos em dois anos na melhoria de cerca de 1.500 quil\u00f4metros de estradas.<br \/>\nSartori tamb\u00e9m falou sobre a renegocia\u00e7\u00e3o da d\u00edvida do Estado com a Uni\u00e3o que est\u00e1 pr\u00f3xima de ser concretizada. &#8220;Desde o in\u00edcio da nossa gest\u00e3o mostramos a realidade financeira das contas p\u00fablicas. O Rio Grande do Sul foi o primeiro estado a perceber a crise e fazer as mudan\u00e7as necess\u00e1rias&#8221;, afirmou.<br \/>\nO presidente da Cooperativa Agroindustrial Pradense, Sadi Macagnam, agradeceu: &#8220;Noventa por cento do que produzimos, derivados de uva, frutas e leite, passam por aqui para ir para o centro do pa\u00eds&#8221;.<br \/>\n<img loading=\"lazy\" decoding=\"async\" class=\"alignnone size-full wp-image-44137\" src=\"https:\/\/www.jornalja.com.br\/wp-content\/uploads\/2017\/02\/sartori-populista-4.jpg\" alt=\"sartori populista 4\" width=\"725\" height=\"483\" \/><br \/>\nAinda na sexta, Sartori abriu a colheita da ma\u00e7\u00e3 em Vacaria, no munic\u00edpio que responde por 50% da produ\u00e7\u00e3o da fruta no Rio \u00a0Grande do Sul.<br \/>\nA associa\u00e7\u00e3o dos produtores estima em 430 mil toneladas a produ\u00e7\u00e3o de ma\u00e7as no Estado este ano, ante as 411 mil toneladas colhidas em 2016. No pa\u00eds, a expectativa \u00e9 de sejam colhidas pelo menos 1 milh\u00e3o de toneladas.<br \/>\n&#8220;Aqui reconhecemos o nosso capital humano, o trabalho de homens e mulheres que produzem alimentos para a nossa gente&#8221;, disse Sartori.<br \/>\nAinda em Vacaria o governador anunciou que est\u00e1 autorizada a licita\u00e7\u00e3o para as obras do terminal do Aeroporto de Vacaria &#8211; uma antiga reivindica\u00e7ao de empres\u00e1rios e da comunidade dos Campos de Cima da Serra. O custo \u00e9 estimado em R$ 466 mil, e os recursos s\u00e3o oriundos da Cide (Contribui\u00e7\u00e3o de Interven\u00e7\u00e3o do Dom\u00ednio Econ\u00f4mico).<br \/>\nO governador disse ainda que o Executivo vem trabalhando para construir uma nova realidade. &#8220;Sempre disse que ir\u00edamos fazer o que precisava ser feito&#8221;, completou, citando medidas como a Lei de Responsabilidade Fiscal Estadual e a ado\u00e7\u00e3o do regime de previd\u00eancia complementar.<br \/>\n<img loading=\"lazy\" decoding=\"async\" class=\"alignnone size-full wp-image-44136\" src=\"https:\/\/www.jornalja.com.br\/wp-content\/uploads\/2017\/02\/sartori-populista-3.jpg\" alt=\"sartori populista 3\" width=\"725\" height=\"483\" \/><img loading=\"lazy\" decoding=\"async\" class=\"alignnone size-full wp-image-44137\" src=\"https:\/\/www.jornalja.com.br\/wp-content\/uploads\/2017\/02\/sartori-populista-4.jpg\" alt=\"sartori populista 4\" width=\"725\" height=\"483\" \/><img loading=\"lazy\" decoding=\"async\" class=\"alignnone size-full wp-image-44138\" src=\"https:\/\/www.jornalja.com.br\/wp-content\/uploads\/2017\/02\/sartori-populista-5.jpg\" alt=\"sartori populista 5\" width=\"725\" height=\"482\" \/><br \/>\n<strong>Colheita da uva<\/strong><br \/>\nNo s\u00e1bado(4) as nove horas , Sartori participa da Abertura Oficial da Colheita da Uva no Estado, \u00a0O evento acontece na propriedade da Fam\u00edlia Barbieri, em Monte Belo do Sul, a 16 quil\u00f4metros de Bento Gon\u00e7alves. Al\u00e9m do governador Sartori estava presente o secret\u00e1rio da Agricultura, Ernani Polo.<img loading=\"lazy\" decoding=\"async\" class=\"alignnone size-full wp-image-44153 alignleft\" src=\"https:\/\/www.jornalja.com.br\/wp-content\/uploads\/2017\/02\/uvas.jpg\" alt=\"uvas\" width=\"275\" height=\"183\" \/><br \/>\nA \u00a0safra de 2017 foi estimada pelo Instituto Brasileiro do Vinho ( Ibravin) entre 650 milh\u00f5es e 700 milh\u00f5es de quilos, parecida com a de 2015. Uma recupera\u00e7\u00e3o do setor que no ano passado teve uma quebra de 57% em rela\u00e7\u00e3o a 2015, quando a produ\u00e7\u00e3o chegou a 705 milh\u00f5es de quilos. Conforme o presidente do Ibravin, Dirceu Scott\u00e1 , do total de uvas colhidas no Estado , 55% \u00a0s\u00e3o destinados a produ\u00e7\u00e3o de suco, entre 35% e 45% \u00a0ao vinho e os restantes 5% a 10% ao consumo in natura.<br \/>\n(Com informa\u00e7\u00f5es e fotos da assessoria de imprensa)<\/p>\n","protected":false},"excerpt":{"rendered":"<p>Com a capital vazia pelo feriado de Navegantes e as praias lotadas de funcion\u00e1rios descontentes, o governador Ivo Sartori cumpriu um roteiro no interior e viveu dois dias longe da crise, com uma desenvoltura de candidato. Acompanhado do secret\u00e1rio dos Transportes, Pedro Westphalen, e da Secretaria Maria Helena Sartori, o governador come\u00e7ou na quinta- feira, [&hellip;]<\/p>\n","protected":false},"author":4,"featured_media":44134,"comment_status":"open","ping_status":"closed","sticky":false,"template":"","format":"standard","meta":{"_jetpack_newsletter_access":"","_jetpack_dont_email_post_to_subs":false,"_jetpack_newsletter_tier_id":0,"_jetpack_memberships_contains_paywalled_content":false,"_jetpack_feature_clip_id":0,"_jetpack_memberships_contains_paid_content":false,"footnotes":"","jetpack_post_was_ever_published":false},"categories":[26],"tags":[],"class_list":["post-44132","post","type-post","status-publish","format-standard","has-post-thumbnail","hentry","category-geral"],"aioseo_notices":[],"aioseo_head":"\n\t\t<!-- All in One SEO 5.0.1.1 - aioseo.com -->\n\t<meta name=\"robots\" content=\"max-image-preview:large\" \/>\n\t<meta name=\"author\" content=\"da Reda\u00e7\u00e3o\"\/>\n\t<link rel=\"canonical\" href=\"https:\/\/www.jornalja.com.br\/arquivo\/governador-sartori-cumpre-roteiro-de-candidato-no-feriadao\/\" \/>\n\t<meta name=\"generator\" content=\"All in One SEO (AIOSEO) 5.0.1.1\" \/>\n\t\t<meta property=\"og:locale\" content=\"pt_BR\" \/>\n\t\t<meta property=\"og:site_name\" content=\"Arquivo | Jornal J\u00c1 | Porto Alegre\" \/>\n\t\t<meta property=\"og:type\" content=\"article\" \/>\n\t\t<meta property=\"og:title\" content=\"Sartori cumpre roteiro de candidato no feriad\u00e3o | Arquivo\" \/>\n\t\t<meta property=\"og:url\" content=\"https:\/\/www.jornalja.com.br\/arquivo\/governador-sartori-cumpre-roteiro-de-candidato-no-feriadao\/\" \/>\n\t\t<meta property=\"og:image\" content=\"https:\/\/www.jornalja.com.br\/wp-content\/uploads\/2017\/02\/sartori-populista-2.jpg\" \/>\n\t\t<meta property=\"og:image:secure_url\" content=\"https:\/\/www.jornalja.com.br\/wp-content\/uploads\/2017\/02\/sartori-populista-2.jpg\" \/>\n\t\t<meta property=\"article:published_time\" content=\"2017-02-04T03:58:07+00:00\" \/>\n\t\t<meta property=\"article:modified_time\" content=\"2017-02-04T03:58:07+00:00\" \/>\n\t\t<meta name=\"twitter:card\" content=\"summary\" \/>\n\t\t<meta name=\"twitter:title\" content=\"Sartori cumpre roteiro de candidato no feriad\u00e3o | Arquivo\" \/>\n\t\t<meta name=\"twitter:image\" content=\"https:\/\/www.jornalja.com.br\/economics\/wp-content\/uploads\/sites\/11\/2026\/08\/ja-folhaderosto-facebook.jpg\" \/>\n\t\t<script type=\"application\/ld+json\" class=\"aioseo-schema\">\n\t\t\t{\"@context\":\"https:\\\/\\\/schema.org\",\"@graph\":[{\"@type\":\"BlogPosting\",\"@id\":\"https:\\\/\\\/www.jornalja.com.br\\\/arquivo\\\/governador-sartori-cumpre-roteiro-de-candidato-no-feriadao\\\/#blogposting\",\"name\":\"Sartori cumpre roteiro de candidato no feriad\\u00e3o | Arquivo\",\"headline\":\"Sartori cumpre roteiro de candidato no feriad\\u00e3o\",\"author\":{\"@id\":\"https:\\\/\\\/www.jornalja.com.br\\\/arquivo\\\/author\\\/daredacao\\\/#author\"},\"publisher\":{\"@id\":\"https:\\\/\\\/www.jornalja.com.br\\\/arquivo\\\/#organization\"},\"image\":{\"@type\":\"ImageObject\",\"url\":44134},\"datePublished\":\"2017-02-04T00:58:07-02:00\",\"dateModified\":\"2017-02-04T00:58:07-02:00\",\"inLanguage\":\"pt-BR\",\"mainEntityOfPage\":{\"@id\":\"https:\\\/\\\/www.jornalja.com.br\\\/arquivo\\\/governador-sartori-cumpre-roteiro-de-candidato-no-feriadao\\\/#webpage\"},\"isPartOf\":{\"@id\":\"https:\\\/\\\/www.jornalja.com.br\\\/arquivo\\\/governador-sartori-cumpre-roteiro-de-candidato-no-feriadao\\\/#webpage\"},\"articleSection\":\"Geral\"},{\"@type\":\"BreadcrumbList\",\"@id\":\"https:\\\/\\\/www.jornalja.com.br\\\/arquivo\\\/governador-sartori-cumpre-roteiro-de-candidato-no-feriadao\\\/#breadcrumblist\",\"itemListElement\":[{\"@type\":\"ListItem\",\"@id\":\"https:\\\/\\\/www.jornalja.com.br\\\/arquivo#listItem\",\"position\":1,\"name\":\"Home\",\"item\":\"https:\\\/\\\/www.jornalja.com.br\\\/arquivo\",\"nextItem\":{\"@type\":\"ListItem\",\"@id\":\"https:\\\/\\\/www.jornalja.com.br\\\/arquivo\\\/category\\\/geral\\\/#listItem\",\"name\":\"Geral\"}},{\"@type\":\"ListItem\",\"@id\":\"https:\\\/\\\/www.jornalja.com.br\\\/arquivo\\\/category\\\/geral\\\/#listItem\",\"position\":2,\"name\":\"Geral\",\"item\":\"https:\\\/\\\/www.jornalja.com.br\\\/arquivo\\\/category\\\/geral\\\/\",\"nextItem\":{\"@type\":\"ListItem\",\"@id\":\"https:\\\/\\\/www.jornalja.com.br\\\/arquivo\\\/governador-sartori-cumpre-roteiro-de-candidato-no-feriadao\\\/#listItem\",\"name\":\"Sartori cumpre roteiro de candidato no feriad\\u00e3o\"},\"previousItem\":{\"@type\":\"ListItem\",\"@id\":\"https:\\\/\\\/www.jornalja.com.br\\\/arquivo#listItem\",\"name\":\"Home\"}},{\"@type\":\"ListItem\",\"@id\":\"https:\\\/\\\/www.jornalja.com.br\\\/arquivo\\\/governador-sartori-cumpre-roteiro-de-candidato-no-feriadao\\\/#listItem\",\"position\":3,\"name\":\"Sartori cumpre roteiro de candidato no feriad\\u00e3o\",\"previousItem\":{\"@type\":\"ListItem\",\"@id\":\"https:\\\/\\\/www.jornalja.com.br\\\/arquivo\\\/category\\\/geral\\\/#listItem\",\"name\":\"Geral\"}}]},{\"@type\":\"Organization\",\"@id\":\"https:\\\/\\\/www.jornalja.com.br\\\/arquivo\\\/#organization\",\"name\":\"Jornal J\\u00c1\",\"description\":\"Jornal J\\u00c1 | Porto Alegre\",\"url\":\"https:\\\/\\\/www.jornalja.com.br\\\/arquivo\\\/\",\"telephone\":\"+555133307272\",\"logo\":{\"@type\":\"ImageObject\",\"url\":\"https:\\\/\\\/www.jornalja.com.br\\\/wp-content\\\/uploads\\\/cards\\\/JAslogan.png\",\"@id\":\"https:\\\/\\\/www.jornalja.com.br\\\/arquivo\\\/governador-sartori-cumpre-roteiro-de-candidato-no-feriadao\\\/#organizationLogo\"},\"image\":{\"@id\":\"https:\\\/\\\/www.jornalja.com.br\\\/arquivo\\\/governador-sartori-cumpre-roteiro-de-candidato-no-feriadao\\\/#organizationLogo\"}},{\"@type\":\"Person\",\"@id\":\"https:\\\/\\\/www.jornalja.com.br\\\/arquivo\\\/author\\\/daredacao\\\/#author\",\"url\":\"https:\\\/\\\/www.jornalja.com.br\\\/arquivo\\\/author\\\/daredacao\\\/\",\"name\":\"da Reda\\u00e7\\u00e3o\",\"image\":{\"@type\":\"ImageObject\",\"@id\":\"https:\\\/\\\/www.jornalja.com.br\\\/arquivo\\\/governador-sartori-cumpre-roteiro-de-candidato-no-feriadao\\\/#authorImage\",\"url\":\"https:\\\/\\\/secure.gravatar.com\\\/avatar\\\/469fd857d6605ad19919d27ed29d35a968a25f6e8fd9318356bbb7f57aae9c65?s=96&d=mm&r=g\",\"width\":96,\"height\":96,\"caption\":\"da Reda\\u00e7\\u00e3o\"}},{\"@type\":\"WebPage\",\"@id\":\"https:\\\/\\\/www.jornalja.com.br\\\/arquivo\\\/governador-sartori-cumpre-roteiro-de-candidato-no-feriadao\\\/#webpage\",\"url\":\"https:\\\/\\\/www.jornalja.com.br\\\/arquivo\\\/governador-sartori-cumpre-roteiro-de-candidato-no-feriadao\\\/\",\"name\":\"Sartori cumpre roteiro de candidato no feriad\\u00e3o | Arquivo\",\"inLanguage\":\"pt-BR\",\"isPartOf\":{\"@id\":\"https:\\\/\\\/www.jornalja.com.br\\\/arquivo\\\/#website\"},\"breadcrumb\":{\"@id\":\"https:\\\/\\\/www.jornalja.com.br\\\/arquivo\\\/governador-sartori-cumpre-roteiro-de-candidato-no-feriadao\\\/#breadcrumblist\"},\"author\":{\"@id\":\"https:\\\/\\\/www.jornalja.com.br\\\/arquivo\\\/author\\\/daredacao\\\/#author\"},\"creator\":{\"@id\":\"https:\\\/\\\/www.jornalja.com.br\\\/arquivo\\\/author\\\/daredacao\\\/#author\"},\"image\":{\"@type\":\"ImageObject\",\"url\":44134,\"@id\":\"https:\\\/\\\/www.jornalja.com.br\\\/arquivo\\\/governador-sartori-cumpre-roteiro-de-candidato-no-feriadao\\\/#mainImage\"},\"primaryImageOfPage\":{\"@id\":\"https:\\\/\\\/www.jornalja.com.br\\\/arquivo\\\/governador-sartori-cumpre-roteiro-de-candidato-no-feriadao\\\/#mainImage\"},\"datePublished\":\"2017-02-04T00:58:07-02:00\",\"dateModified\":\"2017-02-04T00:58:07-02:00\"},{\"@type\":\"WebSite\",\"@id\":\"https:\\\/\\\/www.jornalja.com.br\\\/arquivo\\\/#website\",\"url\":\"https:\\\/\\\/www.jornalja.com.br\\\/arquivo\\\/\",\"name\":\"Arquivo\",\"description\":\"Jornal J\\u00c1 | Porto Alegre\",\"inLanguage\":\"pt-BR\",\"publisher\":{\"@id\":\"https:\\\/\\\/www.jornalja.com.br\\\/arquivo\\\/#organization\"}}]}\n\t\t<\/script>\n\t\t<!-- All in One SEO -->\n\n","aioseo_head_json":{"title":"Sartori cumpre roteiro de candidato no feriad\u00e3o | Arquivo","description":"","canonical_url":"https:\/\/www.jornalja.com.br\/arquivo\/governador-sartori-cumpre-roteiro-de-candidato-no-feriadao\/","robots":"max-image-preview:large","keywords":"","webmasterTools":{"miscellaneous":""},"schema":{"@context":"https:\/\/schema.org","@graph":[{"@type":"BlogPosting","@id":"https:\/\/www.jornalja.com.br\/arquivo\/governador-sartori-cumpre-roteiro-de-candidato-no-feriadao\/#blogposting","name":"Sartori cumpre roteiro de candidato no feriad\u00e3o | Arquivo","headline":"Sartori cumpre roteiro de candidato no feriad\u00e3o","author":{"@id":"https:\/\/www.jornalja.com.br\/arquivo\/author\/daredacao\/#author"},"publisher":{"@id":"https:\/\/www.jornalja.com.br\/arquivo\/#organization"},"image":{"@type":"ImageObject","url":44134},"datePublished":"2017-02-04T00:58:07-02:00","dateModified":"2017-02-04T00:58:07-02:00","inLanguage":"pt-BR","mainEntityOfPage":{"@id":"https:\/\/www.jornalja.com.br\/arquivo\/governador-sartori-cumpre-roteiro-de-candidato-no-feriadao\/#webpage"},"isPartOf":{"@id":"https:\/\/www.jornalja.com.br\/arquivo\/governador-sartori-cumpre-roteiro-de-candidato-no-feriadao\/#webpage"},"articleSection":"Geral"},{"@type":"BreadcrumbList","@id":"https:\/\/www.jornalja.com.br\/arquivo\/governador-sartori-cumpre-roteiro-de-candidato-no-feriadao\/#breadcrumblist","itemListElement":[{"@type":"ListItem","@id":"https:\/\/www.jornalja.com.br\/arquivo#listItem","position":1,"name":"Home","item":"https:\/\/www.jornalja.com.br\/arquivo","nextItem":{"@type":"ListItem","@id":"https:\/\/www.jornalja.com.br\/arquivo\/category\/geral\/#listItem","name":"Geral"}},{"@type":"ListItem","@id":"https:\/\/www.jornalja.com.br\/arquivo\/category\/geral\/#listItem","position":2,"name":"Geral","item":"https:\/\/www.jornalja.com.br\/arquivo\/category\/geral\/","nextItem":{"@type":"ListItem","@id":"https:\/\/www.jornalja.com.br\/arquivo\/governador-sartori-cumpre-roteiro-de-candidato-no-feriadao\/#listItem","name":"Sartori cumpre roteiro de candidato no feriad\u00e3o"},"previousItem":{"@type":"ListItem","@id":"https:\/\/www.jornalja.com.br\/arquivo#listItem","name":"Home"}},{"@type":"ListItem","@id":"https:\/\/www.jornalja.com.br\/arquivo\/governador-sartori-cumpre-roteiro-de-candidato-no-feriadao\/#listItem","position":3,"name":"Sartori cumpre roteiro de candidato no feriad\u00e3o","previousItem":{"@type":"ListItem","@id":"https:\/\/www.jornalja.com.br\/arquivo\/category\/geral\/#listItem","name":"Geral"}}]},{"@type":"Organization","@id":"https:\/\/www.jornalja.com.br\/arquivo\/#organization","name":"Jornal J\u00c1","description":"Jornal J\u00c1 | Porto Alegre","url":"https:\/\/www.jornalja.com.br\/arquivo\/","telephone":"+555133307272","logo":{"@type":"ImageObject","url":"https:\/\/www.jornalja.com.br\/wp-content\/uploads\/cards\/JAslogan.png","@id":"https:\/\/www.jornalja.com.br\/arquivo\/governador-sartori-cumpre-roteiro-de-candidato-no-feriadao\/#organizationLogo"},"image":{"@id":"https:\/\/www.jornalja.com.br\/arquivo\/governador-sartori-cumpre-roteiro-de-candidato-no-feriadao\/#organizationLogo"}},{"@type":"Person","@id":"https:\/\/www.jornalja.com.br\/arquivo\/author\/daredacao\/#author","url":"https:\/\/www.jornalja.com.br\/arquivo\/author\/daredacao\/","name":"da Reda\u00e7\u00e3o","image":{"@type":"ImageObject","@id":"https:\/\/www.jornalja.com.br\/arquivo\/governador-sartori-cumpre-roteiro-de-candidato-no-feriadao\/#authorImage","url":"https:\/\/secure.gravatar.com\/avatar\/469fd857d6605ad19919d27ed29d35a968a25f6e8fd9318356bbb7f57aae9c65?s=96&d=mm&r=g","width":96,"height":96,"caption":"da Reda\u00e7\u00e3o"}},{"@type":"WebPage","@id":"https:\/\/www.jornalja.com.br\/arquivo\/governador-sartori-cumpre-roteiro-de-candidato-no-feriadao\/#webpage","url":"https:\/\/www.jornalja.com.br\/arquivo\/governador-sartori-cumpre-roteiro-de-candidato-no-feriadao\/","name":"Sartori cumpre roteiro de candidato no feriad\u00e3o | Arquivo","inLanguage":"pt-BR","isPartOf":{"@id":"https:\/\/www.jornalja.com.br\/arquivo\/#website"},"breadcrumb":{"@id":"https:\/\/www.jornalja.com.br\/arquivo\/governador-sartori-cumpre-roteiro-de-candidato-no-feriadao\/#breadcrumblist"},"author":{"@id":"https:\/\/www.jornalja.com.br\/arquivo\/author\/daredacao\/#author"},"creator":{"@id":"https:\/\/www.jornalja.com.br\/arquivo\/author\/daredacao\/#author"},"image":{"@type":"ImageObject","url":44134,"@id":"https:\/\/www.jornalja.com.br\/arquivo\/governador-sartori-cumpre-roteiro-de-candidato-no-feriadao\/#mainImage"},"primaryImageOfPage":{"@id":"https:\/\/www.jornalja.com.br\/arquivo\/governador-sartori-cumpre-roteiro-de-candidato-no-feriadao\/#mainImage"},"datePublished":"2017-02-04T00:58:07-02:00","dateModified":"2017-02-04T00:58:07-02:00"},{"@type":"WebSite","@id":"https:\/\/www.jornalja.com.br\/arquivo\/#website","url":"https:\/\/www.jornalja.com.br\/arquivo\/","name":"Arquivo","description":"Jornal J\u00c1 | Porto Alegre","inLanguage":"pt-BR","publisher":{"@id":"https:\/\/www.jornalja.com.br\/arquivo\/#organization"}}]},"og:locale":"pt_BR","og:site_name":"Arquivo | Jornal J\u00c1 | Porto Alegre","og:type":"article","og:title":"Sartori cumpre roteiro de candidato no feriad\u00e3o | Arquivo","og:url":"https:\/\/www.jornalja.com.br\/arquivo\/governador-sartori-cumpre-roteiro-de-candidato-no-feriadao\/","og:image":"https:\/\/www.jornalja.com.br\/wp-content\/uploads\/2017\/02\/sartori-populista-2.jpg","og:image:secure_url":"https:\/\/www.jornalja.com.br\/wp-content\/uploads\/2017\/02\/sartori-populista-2.jpg","article:published_time":"2017-02-04T03:58:07+00:00","article:modified_time":"2017-02-04T03:58:07+00:00","twitter:card":"summary","twitter:title":"Sartori cumpre roteiro de candidato no feriad\u00e3o | Arquivo","twitter:image":"https:\/\/www.jornalja.com.br\/economics\/wp-content\/uploads\/sites\/11\/2026\/08\/ja-folhaderosto-facebook.jpg"},"aioseo_meta_data":{"post_id":"44132","title":null,"description":null,"keywords":null,"keyphrases":null,"primary_term":null,"canonical_url":null,"og_title":null,"og_description":null,"og_object_type":"default","og_image_type":"default","og_image_url":null,"og_image_width":null,"og_image_height":null,"og_image_custom_url":null,"og_image_custom_fields":null,"og_video":null,"og_custom_url":null,"og_article_section":null,"og_article_tags":null,"twitter_use_og":false,"twitter_card":"default","twitter_image_type":"default","twitter_image_url":null,"twitter_image_custom_url":null,"twitter_image_custom_fields":null,"twitter_title":null,"twitter_description":null,"schema":{"blockGraphs":[],"customGraphs":[],"default":{"data":{"Article":[],"Course":[],"Dataset":[],"FAQPage":[],"Movie":[],"Person":[],"Product":[],"ProductReview":[],"Car":[],"Recipe":[],"Service":[],"SoftwareApplication":[],"WebPage":[]},"graphName":"","isEnabled":true},"graphs":[],"defaultGraph":"","defaultPostTypeGraph":""},"schema_type":null,"schema_type_options":null,"pillar_content":false,"robots_default":true,"robots_noindex":false,"robots_noarchive":false,"robots_nosnippet":false,"robots_nofollow":false,"robots_noimageindex":false,"robots_noodp":false,"robots_notranslate":false,"robots_max_snippet":null,"robots_max_videopreview":null,"robots_max_imagepreview":"large","priority":null,"frequency":null,"location":null,"local_seo":null,"breadcrumb_settings":null,"limit_modified_date":false,"ai":null,"created":"2020-12-20 20:40:48","updated":"2025-07-19 19:41:56","seo_analyzer_scan_date":null,"focus_keyword":null,"additional_keywords":null,"truseo_locale":null},"jetpack_sharing_enabled":true,"jetpack-related-posts":[{"id":13124,"url":"https:\/\/www.jornalja.com.br\/arquivo\/sangue-latino-no-iecine\/","url_meta":{"origin":44132,"position":0},"title":"Sangue latino no IECINE","author":"da Reda\u00e7\u00e3o","date":"18 de maio de 2014","format":false,"excerpt":"Francisco Ribeiro O Instituto Estadual de Cinema (IECINE) tem a frente, desde abril \u00faltimo, um novo diretor, o cineasta colombiano Juan Zapata, 36, que substitui Luiz Alberto Cassol. Radicado h\u00e1 dez anos em Porto Alegre, Zapata tem diante de si o desafio de conduzir at\u00e9 o final do ano um\u2026","rel":"","context":"Em &quot;Cultura-Geral&quot;","block_context":{"text":"Cultura-Geral","link":"https:\/\/www.jornalja.com.br\/arquivo\/category\/materiasecundaria\/"},"img":{"alt_text":"","src":"","width":0,"height":0},"classes":[]},{"id":13128,"url":"https:\/\/www.jornalja.com.br\/arquivo\/maconha-terra-diz-que-uso-medicinal-e-desculpa\/","url_meta":{"origin":44132,"position":1},"title":"Maconha: Terra diz que uso medicinal \u00e9 desculpa","author":"Patr\u00edcia Marini","date":"4 de junho de 2014","format":false,"excerpt":"A condi\u00e7\u00e3o de pol\u00edtico, em \u00e9poca de campanha de campanha eleitoral, tira for\u00e7a do discurso do m\u00e9dico Osmar Terra contra a legaliza\u00e7\u00e3o da maconha. A tese dele de que a libera\u00e7\u00e3o vai ampliar exponencialmente o consumo \u00e9 discutivel, o consumo \u00e9 corrente. Mas seus alertas quanto aos riscos tem que\u2026","rel":"","context":"Em &quot;X.Categorias velhas&quot;","block_context":{"text":"X.Categorias velhas","link":"https:\/\/www.jornalja.com.br\/arquivo\/category\/x-categorias-velhas\/"},"img":{"alt_text":"","src":"","width":0,"height":0},"classes":[]},{"id":14241,"url":"https:\/\/www.jornalja.com.br\/arquivo\/o-guaiba-nas-imagens-poeticas-de-achutti\/","url_meta":{"origin":44132,"position":2},"title":"O Gua\u00edba nas imagens po\u00e9ticas de Achutti","author":"da Reda\u00e7\u00e3o","date":"18 de junho de 2014","format":false,"excerpt":"Em \u201cO Gua\u00edba por Achutti\u201d \u2013 obra financiada via Minist\u00e9rio da Cultura, produ\u00e7\u00e3o executiva de Pedro Longhi, e Fl\u00e1vio Wild como designer \u2013, o fot\u00f3grafo revela a beleza e as mazelas de um espa\u00e7o aqu\u00e1tico de \u00e1guas sempre renovadas, cheio de hist\u00f3rias e lendas como as das cidades que foram\u2026","rel":"","context":"Em &quot;Cultura-Geral&quot;","block_context":{"text":"Cultura-Geral","link":"https:\/\/www.jornalja.com.br\/arquivo\/category\/materiasecundaria\/"},"img":{"alt_text":"","src":"","width":0,"height":0},"classes":[]},{"id":5440,"url":"https:\/\/www.jornalja.com.br\/arquivo\/casarao-da-venancio-destino-permanece-incerto\/","url_meta":{"origin":44132,"position":3},"title":"Estado ainda n\u00e3o sabe o que fazer com casar\u00e3o abandonado h\u00e1 20 anos","author":"Elmar Bones","date":"6 de julho de 2009","format":false,"excerpt":"O casar\u00e3o amarelo, numa esquina nobre de Porto Alegre (Ven\u00e2ncio Aires com Jo\u00e3o Pessoa), j\u00e1 abrigou uma escola. H\u00e1 duas d\u00e9cadas, pelo menos, est\u00e1 abandonado, porque seu propriet\u00e1rio, o governo do Estado do Rio Grande do Sul, n\u00e3o consegue achar um destino para ele. Planos n\u00e3o faltaram. O governador Ol\u00edvio\u2026","rel":"","context":"Em &quot;X.Categorias velhas&quot;","block_context":{"text":"X.Categorias velhas","link":"https:\/\/www.jornalja.com.br\/arquivo\/category\/x-categorias-velhas\/"},"img":{"alt_text":"geraldo1","src":"https:\/\/i0.wp.com\/www.jornalja.com.br\/wp-content\/uploads\/2009\/07\/geraldo1.jpg?resize=350%2C200&ssl=1","width":350,"height":200},"classes":[]},{"id":13109,"url":"https:\/\/www.jornalja.com.br\/arquivo\/judiciario-reconhece-poluicao-eletromagnetica\/","url_meta":{"origin":44132,"position":4},"title":"Judici\u00e1rio reconhece polui\u00e7\u00e3o eletromagn\u00e9tica","author":"Patr\u00edcia Marini","date":"16 de maio de 2014","format":false,"excerpt":"A\u00e7\u00e3o de duas associa\u00e7\u00f5es de moradores foi acolhida pelo Tribunal de Justi\u00e7a de S\u00e3o Paulo que. em decis\u00e3o in\u00e9dita, determinou a redu\u00e7\u00e3o do campo eletromagn\u00e9tico gerado pelas linhas de transmiss\u00e3o de energia que cortam os bairros City Boa\u00e7ava e Alto de Pinheiros. \u00c9 a primeira vez que um tribunal do\u2026","rel":"","context":"Em &quot;X.Categorias velhas&quot;","block_context":{"text":"X.Categorias velhas","link":"https:\/\/www.jornalja.com.br\/arquivo\/category\/x-categorias-velhas\/"},"img":{"alt_text":"","src":"","width":0,"height":0},"classes":[]},{"id":12960,"url":"https:\/\/www.jornalja.com.br\/arquivo\/populacao-culpa-empresas-pela-greve-dos-rodoviarios\/","url_meta":{"origin":44132,"position":5},"title":"Popula\u00e7\u00e3o culpa empresas pela greve","author":"Patr\u00edcia Marini","date":"14 de fevereiro de 2014","format":false,"excerpt":"Pesquisa divulgada na edi\u00e7\u00e3o do jornal Metro desta sexta-feira,14, comprova o velho ditado: \u00e9 poss\u00edvel enganar muitos por algum tempo, mas n\u00e3o \u00e9 poss\u00edvel enganar a todos o tempo inteiro. A principal revela\u00e7\u00e3o foi que 59,8% dos entrevistados apontaram as empresas como as principais respons\u00e1veis pela grave e 46% culparam\u2026","rel":"","context":"Em &quot;X.Categorias velhas&quot;","block_context":{"text":"X.Categorias velhas","link":"https:\/\/www.jornalja.com.br\/arquivo\/category\/x-categorias-velhas\/"},"img":{"alt_text":"","src":"","width":0,"height":0},"classes":[]}],"jetpack_shortlink":"https:\/\/wp.me\/pbQjBd-btO","jetpack_featured_media_url":"","_links":{"self":[{"href":"https:\/\/www.jornalja.com.br\/arquivo\/wp-json\/wp\/v2\/posts\/44132","targetHints":{"allow":["GET"]}}],"collection":[{"href":"https:\/\/www.jornalja.com.br\/arquivo\/wp-json\/wp\/v2\/posts"}],"about":[{"href":"https:\/\/www.jornalja.com.br\/arquivo\/wp-json\/wp\/v2\/types\/post"}],"author":[{"embeddable":true,"href":"https:\/\/www.jornalja.com.br\/arquivo\/wp-json\/wp\/v2\/users\/4"}],"replies":[{"embeddable":true,"href":"https:\/\/www.jornalja.com.br\/arquivo\/wp-json\/wp\/v2\/comments?post=44132"}],"version-history":[{"count":0,"href":"https:\/\/www.jornalja.com.br\/arquivo\/wp-json\/wp\/v2\/posts\/44132\/revisions"}],"wp:attachment":[{"href":"https:\/\/www.jornalja.com.br\/arquivo\/wp-json\/wp\/v2\/media?parent=44132"}],"wp:term":[{"taxonomy":"category","embeddable":true,"href":"https:\/\/www.jornalja.com.br\/arquivo\/wp-json\/wp\/v2\/categories?post=44132"},{"taxonomy":"post_tag","embeddable":true,"href":"https:\/\/www.jornalja.com.br\/arquivo\/wp-json\/wp\/v2\/tags?post=44132"}],"curies":[{"name":"wp","href":"https:\/\/api.w.org\/{rel}","templated":true}]}}