{"id":44168,"date":"2017-02-04T20:05:38","date_gmt":"2017-02-04T23:05:38","guid":{"rendered":"https:\/\/www.jornalja.com.br\/?p=44168"},"modified":"2017-02-04T20:05:38","modified_gmt":"2017-02-04T23:05:38","slug":"marisa-morreu-muito-triste-disse-lula-ao-despedir-se-da-mulher","status":"publish","type":"post","link":"https:\/\/www.jornalja.com.br\/arquivo\/marisa-morreu-muito-triste-disse-lula-ao-despedir-se-da-mulher\/","title":{"rendered":"&quot;Marisa morreu muito triste&quot; disse Lula ao despedir-se da mulher"},"content":{"rendered":"<p>Cerca de 20 mil pessoas compareceram neste s\u00e1bado ao vel\u00f3rio da ex-primeira dama Marisa Let\u00edcia, segundo informa\u00e7\u00f5es do portal UOL. Pol\u00edticos, mas na maioria trabalhadores do ABC foram levar sua solidariedade a Lu\u00eds In\u00e1cio Lula da Silva que estava bastante emocionado ao se despedir de sua companheira de 43 anos.<br \/>\n\u201cMarisa morreu muito triste\u201d, &#8211; disse o ex-presidente dirigindo-se ao Bispo em\u00e9rito de Blumenau, Dom Ang\u00e9lico Bernardino que fez a encomenda\u00e7\u00e3o do corpo. \u201cMarisa morreu triste porque a canalhice, a leviandade e a maldade que fizeram com ela&#8230; Quero provar que os fac\u00ednoras que levantaram leviandades contra ela tenham um dia a humildade de pedir desculpas&#8221;, disse Lula, em seu discurso de despedida.<br \/>\n&#8220;Esse homem que est\u00e1 enterrando sua mulher hoje n\u00e3o tem medo de ser preso&#8221;, afirmou o ex-presidente. &#8220;Descanse em paz, Marisa. O seu &#8216;Lulinha Paz e Amor&#8217;\u00a0vai\u00a0ficar aqui para brigar por voc\u00ea.&#8221;<br \/>\nDom Ang\u00e9lico Bernardino, por sua vez, lembrou a biografia de Marisa Let\u00edcia e lembrou o seu exemplo aos militantes para que n\u00e3o esmore\u00e7am na luta contra as propostas do atual governo.<br \/>\n&#8220;A Marisa Let\u00edcia foi uma guerreira na luta a favor da classe trabalhadora.\u00a0Atentem para as reformas trabalhistas que sejam contra os trabalhadores; a reforma da Previd\u00eancia, contra pobres e assalariados. \u00c9 preciso que estejamos atentos&#8221;, pediu o religioso.<br \/>\nEle lembrou que Marisa Let\u00edcia come\u00e7ou a trabalhar aos 13 anos em uma f\u00e1brica e destacou que a crise atual pela qual o pa\u00eds passa &#8220;\u00e9 falsamente atribu\u00edda \u00e0 administra\u00e7\u00e3o dos dois \u00faltimos governos&#8221;.<br \/>\nA ex-presidente Dilma Rousseff chegou ao Sindicato dos Trabalhadores de S\u00e3o Bernardo, onde foi o vel\u00f3rio por voltas das 11h30min e deixou o local as 14h30min, aclamada por gritos de \u201cDilma Guerreira da p\u00e1tria brasileira\u201d. A ex-presidente n\u00e3o falou nem ao p\u00fablico e nem a imprensa, apenas apresentou as condol\u00eancias ao ex-presidente Lula e seus familiares.<br \/>\nAl\u00e9m da ex-presidente Dilma, passaram pelo local tamb\u00e9m o ex-prefeito de S\u00e3o Paulo Fernando Haddad, os governadores Luiz Fernando Pez\u00e3o, do Rio, Fernando Pimentel, de Minas, e Wellington Dias, do Piau\u00ed, e os ex-ministros Miguel\u00a0Rosseto, Paulo\u00a0Vanucchi, Miriam Belchior, Benedita da Silva, Luiz\u00a0Dulci, Gilberto Carvalho e Juca Ferreira e parlamentares como Eduardo\u00a0Suplicy\u00a0(PT), Ivan Valente e\u00a0Luiza\u00a0Erundina (ambos, do PSOL-SP).<br \/>\nO vel\u00f3rio que iniciou as 9 horas foi encerrado \u00e0s 16 horas \u00a0e o corpo seguiu\u00a0para o cremat\u00f3rio do cemit\u00e9rio\u00a0Jardim da Colina, tamb\u00e9m em S\u00e3o Bernardo. A\u00a0cerim\u00f4nia d e crema\u00e7\u00e3o foi reservada a familiares e pessoas pr\u00f3ximas.<br \/>\n&nbsp;<br \/>\n&nbsp;<\/p>\n","protected":false},"excerpt":{"rendered":"<p>Cerca de 20 mil pessoas compareceram neste s\u00e1bado ao vel\u00f3rio da ex-primeira dama Marisa Let\u00edcia, segundo informa\u00e7\u00f5es do portal UOL. Pol\u00edticos, mas na maioria trabalhadores do ABC foram levar sua solidariedade a Lu\u00eds In\u00e1cio Lula da Silva que estava bastante emocionado ao se despedir de sua companheira de 43 anos. \u201cMarisa morreu muito triste\u201d, &#8211; [&hellip;]<\/p>\n","protected":false},"author":4,"featured_media":44170,"comment_status":"open","ping_status":"closed","sticky":false,"template":"","format":"standard","meta":{"_jetpack_newsletter_access":"","_jetpack_dont_email_post_to_subs":false,"_jetpack_newsletter_tier_id":0,"_jetpack_memberships_contains_paywalled_content":false,"_jetpack_feature_clip_id":0,"_jetpack_memberships_contains_paid_content":false,"footnotes":"","jetpack_post_was_ever_published":false},"categories":[26],"tags":[],"class_list":["post-44168","post","type-post","status-publish","format-standard","has-post-thumbnail","hentry","category-geral"],"aioseo_notices":[],"aioseo_head":"\n\t\t<!-- All in One SEO 5.0.1.1 - aioseo.com -->\n\t<meta name=\"robots\" content=\"max-image-preview:large\" \/>\n\t<meta name=\"author\" content=\"da Reda\u00e7\u00e3o\"\/>\n\t<link rel=\"canonical\" href=\"https:\/\/www.jornalja.com.br\/arquivo\/marisa-morreu-muito-triste-disse-lula-ao-despedir-se-da-mulher\/\" \/>\n\t<meta name=\"generator\" content=\"All in One SEO (AIOSEO) 5.0.1.1\" \/>\n\t\t<meta property=\"og:locale\" content=\"pt_BR\" \/>\n\t\t<meta property=\"og:site_name\" content=\"Arquivo | Jornal J\u00c1 | Porto Alegre\" \/>\n\t\t<meta property=\"og:type\" content=\"article\" \/>\n\t\t<meta property=\"og:title\" content=\"&quot;Marisa morreu muito triste&quot; disse Lula ao despedir-se da mulher | Arquivo\" \/>\n\t\t<meta property=\"og:url\" content=\"https:\/\/www.jornalja.com.br\/arquivo\/marisa-morreu-muito-triste-disse-lula-ao-despedir-se-da-mulher\/\" \/>\n\t\t<meta property=\"og:image\" content=\"https:\/\/www.jornalja.com.br\/economics\/wp-content\/uploads\/sites\/11\/2026\/08\/ja-folhaderosto-facebook.jpg\" \/>\n\t\t<meta property=\"og:image:secure_url\" content=\"https:\/\/www.jornalja.com.br\/economics\/wp-content\/uploads\/sites\/11\/2026\/08\/ja-folhaderosto-facebook.jpg\" \/>\n\t\t<meta property=\"article:published_time\" content=\"2017-02-04T23:05:38+00:00\" \/>\n\t\t<meta property=\"article:modified_time\" content=\"2017-02-04T23:05:38+00:00\" \/>\n\t\t<meta name=\"twitter:card\" content=\"summary\" \/>\n\t\t<meta name=\"twitter:title\" content=\"&quot;Marisa morreu muito triste&quot; disse Lula ao despedir-se da mulher | Arquivo\" \/>\n\t\t<meta name=\"twitter:image\" content=\"https:\/\/www.jornalja.com.br\/economics\/wp-content\/uploads\/sites\/11\/2026\/08\/ja-folhaderosto-facebook.jpg\" \/>\n\t\t<script type=\"application\/ld+json\" class=\"aioseo-schema\">\n\t\t\t{\"@context\":\"https:\\\/\\\/schema.org\",\"@graph\":[{\"@type\":\"BlogPosting\",\"@id\":\"https:\\\/\\\/www.jornalja.com.br\\\/arquivo\\\/marisa-morreu-muito-triste-disse-lula-ao-despedir-se-da-mulher\\\/#blogposting\",\"name\":\"\\\"Marisa morreu muito triste\\\" disse Lula ao despedir-se da mulher | Arquivo\",\"headline\":\"&quot;Marisa morreu muito triste&quot; disse Lula ao despedir-se da mulher\",\"author\":{\"@id\":\"https:\\\/\\\/www.jornalja.com.br\\\/arquivo\\\/author\\\/daredacao\\\/#author\"},\"publisher\":{\"@id\":\"https:\\\/\\\/www.jornalja.com.br\\\/arquivo\\\/#organization\"},\"image\":{\"@type\":\"ImageObject\",\"url\":44170},\"datePublished\":\"2017-02-04T20:05:38-02:00\",\"dateModified\":\"2017-02-04T20:05:38-02:00\",\"inLanguage\":\"pt-BR\",\"mainEntityOfPage\":{\"@id\":\"https:\\\/\\\/www.jornalja.com.br\\\/arquivo\\\/marisa-morreu-muito-triste-disse-lula-ao-despedir-se-da-mulher\\\/#webpage\"},\"isPartOf\":{\"@id\":\"https:\\\/\\\/www.jornalja.com.br\\\/arquivo\\\/marisa-morreu-muito-triste-disse-lula-ao-despedir-se-da-mulher\\\/#webpage\"},\"articleSection\":\"Geral\"},{\"@type\":\"BreadcrumbList\",\"@id\":\"https:\\\/\\\/www.jornalja.com.br\\\/arquivo\\\/marisa-morreu-muito-triste-disse-lula-ao-despedir-se-da-mulher\\\/#breadcrumblist\",\"itemListElement\":[{\"@type\":\"ListItem\",\"@id\":\"https:\\\/\\\/www.jornalja.com.br\\\/arquivo#listItem\",\"position\":1,\"name\":\"Home\",\"item\":\"https:\\\/\\\/www.jornalja.com.br\\\/arquivo\",\"nextItem\":{\"@type\":\"ListItem\",\"@id\":\"https:\\\/\\\/www.jornalja.com.br\\\/arquivo\\\/category\\\/geral\\\/#listItem\",\"name\":\"Geral\"}},{\"@type\":\"ListItem\",\"@id\":\"https:\\\/\\\/www.jornalja.com.br\\\/arquivo\\\/category\\\/geral\\\/#listItem\",\"position\":2,\"name\":\"Geral\",\"item\":\"https:\\\/\\\/www.jornalja.com.br\\\/arquivo\\\/category\\\/geral\\\/\",\"nextItem\":{\"@type\":\"ListItem\",\"@id\":\"https:\\\/\\\/www.jornalja.com.br\\\/arquivo\\\/marisa-morreu-muito-triste-disse-lula-ao-despedir-se-da-mulher\\\/#listItem\",\"name\":\"&quot;Marisa morreu muito triste&quot; disse Lula ao despedir-se da mulher\"},\"previousItem\":{\"@type\":\"ListItem\",\"@id\":\"https:\\\/\\\/www.jornalja.com.br\\\/arquivo#listItem\",\"name\":\"Home\"}},{\"@type\":\"ListItem\",\"@id\":\"https:\\\/\\\/www.jornalja.com.br\\\/arquivo\\\/marisa-morreu-muito-triste-disse-lula-ao-despedir-se-da-mulher\\\/#listItem\",\"position\":3,\"name\":\"&quot;Marisa morreu muito triste&quot; disse Lula ao despedir-se da mulher\",\"previousItem\":{\"@type\":\"ListItem\",\"@id\":\"https:\\\/\\\/www.jornalja.com.br\\\/arquivo\\\/category\\\/geral\\\/#listItem\",\"name\":\"Geral\"}}]},{\"@type\":\"Organization\",\"@id\":\"https:\\\/\\\/www.jornalja.com.br\\\/arquivo\\\/#organization\",\"name\":\"Jornal J\\u00c1\",\"description\":\"Jornal J\\u00c1 | Porto Alegre\",\"url\":\"https:\\\/\\\/www.jornalja.com.br\\\/arquivo\\\/\",\"telephone\":\"+555133307272\",\"logo\":{\"@type\":\"ImageObject\",\"url\":\"https:\\\/\\\/www.jornalja.com.br\\\/wp-content\\\/uploads\\\/cards\\\/JAslogan.png\",\"@id\":\"https:\\\/\\\/www.jornalja.com.br\\\/arquivo\\\/marisa-morreu-muito-triste-disse-lula-ao-despedir-se-da-mulher\\\/#organizationLogo\"},\"image\":{\"@id\":\"https:\\\/\\\/www.jornalja.com.br\\\/arquivo\\\/marisa-morreu-muito-triste-disse-lula-ao-despedir-se-da-mulher\\\/#organizationLogo\"}},{\"@type\":\"Person\",\"@id\":\"https:\\\/\\\/www.jornalja.com.br\\\/arquivo\\\/author\\\/daredacao\\\/#author\",\"url\":\"https:\\\/\\\/www.jornalja.com.br\\\/arquivo\\\/author\\\/daredacao\\\/\",\"name\":\"da Reda\\u00e7\\u00e3o\",\"image\":{\"@type\":\"ImageObject\",\"@id\":\"https:\\\/\\\/www.jornalja.com.br\\\/arquivo\\\/marisa-morreu-muito-triste-disse-lula-ao-despedir-se-da-mulher\\\/#authorImage\",\"url\":\"https:\\\/\\\/secure.gravatar.com\\\/avatar\\\/469fd857d6605ad19919d27ed29d35a968a25f6e8fd9318356bbb7f57aae9c65?s=96&d=mm&r=g\",\"width\":96,\"height\":96,\"caption\":\"da Reda\\u00e7\\u00e3o\"}},{\"@type\":\"WebPage\",\"@id\":\"https:\\\/\\\/www.jornalja.com.br\\\/arquivo\\\/marisa-morreu-muito-triste-disse-lula-ao-despedir-se-da-mulher\\\/#webpage\",\"url\":\"https:\\\/\\\/www.jornalja.com.br\\\/arquivo\\\/marisa-morreu-muito-triste-disse-lula-ao-despedir-se-da-mulher\\\/\",\"name\":\"\\\"Marisa morreu muito triste\\\" disse Lula ao despedir-se da mulher | Arquivo\",\"inLanguage\":\"pt-BR\",\"isPartOf\":{\"@id\":\"https:\\\/\\\/www.jornalja.com.br\\\/arquivo\\\/#website\"},\"breadcrumb\":{\"@id\":\"https:\\\/\\\/www.jornalja.com.br\\\/arquivo\\\/marisa-morreu-muito-triste-disse-lula-ao-despedir-se-da-mulher\\\/#breadcrumblist\"},\"author\":{\"@id\":\"https:\\\/\\\/www.jornalja.com.br\\\/arquivo\\\/author\\\/daredacao\\\/#author\"},\"creator\":{\"@id\":\"https:\\\/\\\/www.jornalja.com.br\\\/arquivo\\\/author\\\/daredacao\\\/#author\"},\"image\":{\"@type\":\"ImageObject\",\"url\":44170,\"@id\":\"https:\\\/\\\/www.jornalja.com.br\\\/arquivo\\\/marisa-morreu-muito-triste-disse-lula-ao-despedir-se-da-mulher\\\/#mainImage\"},\"primaryImageOfPage\":{\"@id\":\"https:\\\/\\\/www.jornalja.com.br\\\/arquivo\\\/marisa-morreu-muito-triste-disse-lula-ao-despedir-se-da-mulher\\\/#mainImage\"},\"datePublished\":\"2017-02-04T20:05:38-02:00\",\"dateModified\":\"2017-02-04T20:05:38-02:00\"},{\"@type\":\"WebSite\",\"@id\":\"https:\\\/\\\/www.jornalja.com.br\\\/arquivo\\\/#website\",\"url\":\"https:\\\/\\\/www.jornalja.com.br\\\/arquivo\\\/\",\"name\":\"Arquivo\",\"description\":\"Jornal J\\u00c1 | Porto Alegre\",\"inLanguage\":\"pt-BR\",\"publisher\":{\"@id\":\"https:\\\/\\\/www.jornalja.com.br\\\/arquivo\\\/#organization\"}}]}\n\t\t<\/script>\n\t\t<!-- All in One SEO -->\n\n","aioseo_head_json":{"title":"\"Marisa morreu muito triste\" disse Lula ao despedir-se da mulher | Arquivo","description":"","canonical_url":"https:\/\/www.jornalja.com.br\/arquivo\/marisa-morreu-muito-triste-disse-lula-ao-despedir-se-da-mulher\/","robots":"max-image-preview:large","keywords":"","webmasterTools":{"miscellaneous":""},"schema":{"@context":"https:\/\/schema.org","@graph":[{"@type":"BlogPosting","@id":"https:\/\/www.jornalja.com.br\/arquivo\/marisa-morreu-muito-triste-disse-lula-ao-despedir-se-da-mulher\/#blogposting","name":"\"Marisa morreu muito triste\" disse Lula ao despedir-se da mulher | Arquivo","headline":"&quot;Marisa morreu muito triste&quot; disse Lula ao despedir-se da mulher","author":{"@id":"https:\/\/www.jornalja.com.br\/arquivo\/author\/daredacao\/#author"},"publisher":{"@id":"https:\/\/www.jornalja.com.br\/arquivo\/#organization"},"image":{"@type":"ImageObject","url":44170},"datePublished":"2017-02-04T20:05:38-02:00","dateModified":"2017-02-04T20:05:38-02:00","inLanguage":"pt-BR","mainEntityOfPage":{"@id":"https:\/\/www.jornalja.com.br\/arquivo\/marisa-morreu-muito-triste-disse-lula-ao-despedir-se-da-mulher\/#webpage"},"isPartOf":{"@id":"https:\/\/www.jornalja.com.br\/arquivo\/marisa-morreu-muito-triste-disse-lula-ao-despedir-se-da-mulher\/#webpage"},"articleSection":"Geral"},{"@type":"BreadcrumbList","@id":"https:\/\/www.jornalja.com.br\/arquivo\/marisa-morreu-muito-triste-disse-lula-ao-despedir-se-da-mulher\/#breadcrumblist","itemListElement":[{"@type":"ListItem","@id":"https:\/\/www.jornalja.com.br\/arquivo#listItem","position":1,"name":"Home","item":"https:\/\/www.jornalja.com.br\/arquivo","nextItem":{"@type":"ListItem","@id":"https:\/\/www.jornalja.com.br\/arquivo\/category\/geral\/#listItem","name":"Geral"}},{"@type":"ListItem","@id":"https:\/\/www.jornalja.com.br\/arquivo\/category\/geral\/#listItem","position":2,"name":"Geral","item":"https:\/\/www.jornalja.com.br\/arquivo\/category\/geral\/","nextItem":{"@type":"ListItem","@id":"https:\/\/www.jornalja.com.br\/arquivo\/marisa-morreu-muito-triste-disse-lula-ao-despedir-se-da-mulher\/#listItem","name":"&quot;Marisa morreu muito triste&quot; disse Lula ao despedir-se da mulher"},"previousItem":{"@type":"ListItem","@id":"https:\/\/www.jornalja.com.br\/arquivo#listItem","name":"Home"}},{"@type":"ListItem","@id":"https:\/\/www.jornalja.com.br\/arquivo\/marisa-morreu-muito-triste-disse-lula-ao-despedir-se-da-mulher\/#listItem","position":3,"name":"&quot;Marisa morreu muito triste&quot; disse Lula ao despedir-se da mulher","previousItem":{"@type":"ListItem","@id":"https:\/\/www.jornalja.com.br\/arquivo\/category\/geral\/#listItem","name":"Geral"}}]},{"@type":"Organization","@id":"https:\/\/www.jornalja.com.br\/arquivo\/#organization","name":"Jornal J\u00c1","description":"Jornal J\u00c1 | Porto Alegre","url":"https:\/\/www.jornalja.com.br\/arquivo\/","telephone":"+555133307272","logo":{"@type":"ImageObject","url":"https:\/\/www.jornalja.com.br\/wp-content\/uploads\/cards\/JAslogan.png","@id":"https:\/\/www.jornalja.com.br\/arquivo\/marisa-morreu-muito-triste-disse-lula-ao-despedir-se-da-mulher\/#organizationLogo"},"image":{"@id":"https:\/\/www.jornalja.com.br\/arquivo\/marisa-morreu-muito-triste-disse-lula-ao-despedir-se-da-mulher\/#organizationLogo"}},{"@type":"Person","@id":"https:\/\/www.jornalja.com.br\/arquivo\/author\/daredacao\/#author","url":"https:\/\/www.jornalja.com.br\/arquivo\/author\/daredacao\/","name":"da Reda\u00e7\u00e3o","image":{"@type":"ImageObject","@id":"https:\/\/www.jornalja.com.br\/arquivo\/marisa-morreu-muito-triste-disse-lula-ao-despedir-se-da-mulher\/#authorImage","url":"https:\/\/secure.gravatar.com\/avatar\/469fd857d6605ad19919d27ed29d35a968a25f6e8fd9318356bbb7f57aae9c65?s=96&d=mm&r=g","width":96,"height":96,"caption":"da Reda\u00e7\u00e3o"}},{"@type":"WebPage","@id":"https:\/\/www.jornalja.com.br\/arquivo\/marisa-morreu-muito-triste-disse-lula-ao-despedir-se-da-mulher\/#webpage","url":"https:\/\/www.jornalja.com.br\/arquivo\/marisa-morreu-muito-triste-disse-lula-ao-despedir-se-da-mulher\/","name":"\"Marisa morreu muito triste\" disse Lula ao despedir-se da mulher | Arquivo","inLanguage":"pt-BR","isPartOf":{"@id":"https:\/\/www.jornalja.com.br\/arquivo\/#website"},"breadcrumb":{"@id":"https:\/\/www.jornalja.com.br\/arquivo\/marisa-morreu-muito-triste-disse-lula-ao-despedir-se-da-mulher\/#breadcrumblist"},"author":{"@id":"https:\/\/www.jornalja.com.br\/arquivo\/author\/daredacao\/#author"},"creator":{"@id":"https:\/\/www.jornalja.com.br\/arquivo\/author\/daredacao\/#author"},"image":{"@type":"ImageObject","url":44170,"@id":"https:\/\/www.jornalja.com.br\/arquivo\/marisa-morreu-muito-triste-disse-lula-ao-despedir-se-da-mulher\/#mainImage"},"primaryImageOfPage":{"@id":"https:\/\/www.jornalja.com.br\/arquivo\/marisa-morreu-muito-triste-disse-lula-ao-despedir-se-da-mulher\/#mainImage"},"datePublished":"2017-02-04T20:05:38-02:00","dateModified":"2017-02-04T20:05:38-02:00"},{"@type":"WebSite","@id":"https:\/\/www.jornalja.com.br\/arquivo\/#website","url":"https:\/\/www.jornalja.com.br\/arquivo\/","name":"Arquivo","description":"Jornal J\u00c1 | Porto Alegre","inLanguage":"pt-BR","publisher":{"@id":"https:\/\/www.jornalja.com.br\/arquivo\/#organization"}}]},"og:locale":"pt_BR","og:site_name":"Arquivo | Jornal J\u00c1 | Porto Alegre","og:type":"article","og:title":"&quot;Marisa morreu muito triste&quot; disse Lula ao despedir-se da mulher | Arquivo","og:url":"https:\/\/www.jornalja.com.br\/arquivo\/marisa-morreu-muito-triste-disse-lula-ao-despedir-se-da-mulher\/","og:image":"https:\/\/www.jornalja.com.br\/economics\/wp-content\/uploads\/sites\/11\/2026\/08\/ja-folhaderosto-facebook.jpg","og:image:secure_url":"https:\/\/www.jornalja.com.br\/economics\/wp-content\/uploads\/sites\/11\/2026\/08\/ja-folhaderosto-facebook.jpg","article:published_time":"2017-02-04T23:05:38+00:00","article:modified_time":"2017-02-04T23:05:38+00:00","twitter:card":"summary","twitter:title":"&quot;Marisa morreu muito triste&quot; disse Lula ao despedir-se da mulher | Arquivo","twitter:image":"https:\/\/www.jornalja.com.br\/economics\/wp-content\/uploads\/sites\/11\/2026\/08\/ja-folhaderosto-facebook.jpg"},"aioseo_meta_data":{"post_id":"44168","title":null,"description":null,"keywords":null,"keyphrases":null,"primary_term":null,"canonical_url":null,"og_title":null,"og_description":null,"og_object_type":"default","og_image_type":"default","og_image_url":null,"og_image_width":null,"og_image_height":null,"og_image_custom_url":null,"og_image_custom_fields":null,"og_video":null,"og_custom_url":null,"og_article_section":null,"og_article_tags":null,"twitter_use_og":false,"twitter_card":"default","twitter_image_type":"default","twitter_image_url":null,"twitter_image_custom_url":null,"twitter_image_custom_fields":null,"twitter_title":null,"twitter_description":null,"schema":{"blockGraphs":[],"customGraphs":[],"default":{"data":{"Article":[],"Course":[],"Dataset":[],"FAQPage":[],"Movie":[],"Person":[],"Product":[],"ProductReview":[],"Car":[],"Recipe":[],"Service":[],"SoftwareApplication":[],"WebPage":[]},"graphName":"","isEnabled":true},"graphs":[],"defaultGraph":"","defaultPostTypeGraph":""},"schema_type":null,"schema_type_options":null,"pillar_content":false,"robots_default":true,"robots_noindex":false,"robots_noarchive":false,"robots_nosnippet":false,"robots_nofollow":false,"robots_noimageindex":false,"robots_noodp":false,"robots_notranslate":false,"robots_max_snippet":null,"robots_max_videopreview":null,"robots_max_imagepreview":"large","priority":null,"frequency":null,"location":null,"local_seo":null,"breadcrumb_settings":null,"limit_modified_date":false,"ai":null,"created":"2020-12-20 20:40:48","updated":"2025-07-19 19:41:56","seo_analyzer_scan_date":null,"focus_keyword":null,"additional_keywords":null,"truseo_locale":null},"jetpack_sharing_enabled":true,"jetpack-related-posts":[{"id":13101,"url":"https:\/\/www.jornalja.com.br\/arquivo\/morre-um-guerreiro-do-texto\/","url_meta":{"origin":44168,"position":0},"title":"Morre um guerreiro do texto","author":"Patr\u00edcia Marini","date":"14 de maio de 2014","format":false,"excerpt":"Por Ricardo Kotscho Reproduzido do blog do autor, 11\/5\/2014; t\u00edtulo original \u201cE l\u00e1 se foi o nosso Myltainho, guerreiro do texto\u201d. Mi\u00fado e franzino, meu amigo Myltainho era um valente e inconformado guerreiro na luta contra as injusti\u00e7as sociais, a hipocrisia, as maracutaias, o autoritarismo, a intoler\u00e2ncia, a viol\u00eancia, o\u2026","rel":"","context":"Em &quot;Geral&quot;","block_context":{"text":"Geral","link":"https:\/\/www.jornalja.com.br\/arquivo\/category\/geral\/"},"img":{"alt_text":"","src":"","width":0,"height":0},"classes":[]},{"id":13128,"url":"https:\/\/www.jornalja.com.br\/arquivo\/maconha-terra-diz-que-uso-medicinal-e-desculpa\/","url_meta":{"origin":44168,"position":1},"title":"Maconha: Terra diz que uso medicinal \u00e9 desculpa","author":"Patr\u00edcia Marini","date":"4 de junho de 2014","format":false,"excerpt":"A condi\u00e7\u00e3o de pol\u00edtico, em \u00e9poca de campanha de campanha eleitoral, tira for\u00e7a do discurso do m\u00e9dico Osmar Terra contra a legaliza\u00e7\u00e3o da maconha. A tese dele de que a libera\u00e7\u00e3o vai ampliar exponencialmente o consumo \u00e9 discutivel, o consumo \u00e9 corrente. Mas seus alertas quanto aos riscos tem que\u2026","rel":"","context":"Em &quot;X.Categorias velhas&quot;","block_context":{"text":"X.Categorias velhas","link":"https:\/\/www.jornalja.com.br\/arquivo\/category\/x-categorias-velhas\/"},"img":{"alt_text":"","src":"","width":0,"height":0},"classes":[]},{"id":14241,"url":"https:\/\/www.jornalja.com.br\/arquivo\/o-guaiba-nas-imagens-poeticas-de-achutti\/","url_meta":{"origin":44168,"position":2},"title":"O Gua\u00edba nas imagens po\u00e9ticas de Achutti","author":"da Reda\u00e7\u00e3o","date":"18 de junho de 2014","format":false,"excerpt":"Em \u201cO Gua\u00edba por Achutti\u201d \u2013 obra financiada via Minist\u00e9rio da Cultura, produ\u00e7\u00e3o executiva de Pedro Longhi, e Fl\u00e1vio Wild como designer \u2013, o fot\u00f3grafo revela a beleza e as mazelas de um espa\u00e7o aqu\u00e1tico de \u00e1guas sempre renovadas, cheio de hist\u00f3rias e lendas como as das cidades que foram\u2026","rel":"","context":"Em &quot;Cultura-Geral&quot;","block_context":{"text":"Cultura-Geral","link":"https:\/\/www.jornalja.com.br\/arquivo\/category\/materiasecundaria\/"},"img":{"alt_text":"","src":"","width":0,"height":0},"classes":[]},{"id":13240,"url":"https:\/\/www.jornalja.com.br\/arquivo\/plano-diretor-estamos-construindo-o-caos\/","url_meta":{"origin":44168,"position":3},"title":"Plano diretor: &quot;Estamos construindo o caos&quot;","author":"Patr\u00edcia Marini","date":"26 de maio de 2014","format":false,"excerpt":"Desabafo que arquiteta Eliana Castilhos, delegada da Regi\u00e3o de Planejamento 1, postou nas redes sociais \u00e9 um testemunho do ambiente que se criou no Conselho do Plano Diretor de Porto Alegre, onde a aprova\u00e7\u00e3o de grandes empreendimentos \u00e9 empurrada guela abaixo dos conselheiros. Ao CMDUA Como delegada da Regi\u00e3o de\u2026","rel":"","context":"Em &quot;Geral&quot;","block_context":{"text":"Geral","link":"https:\/\/www.jornalja.com.br\/arquivo\/category\/geral\/"},"img":{"alt_text":"","src":"","width":0,"height":0},"classes":[]},{"id":13124,"url":"https:\/\/www.jornalja.com.br\/arquivo\/sangue-latino-no-iecine\/","url_meta":{"origin":44168,"position":4},"title":"Sangue latino no IECINE","author":"da Reda\u00e7\u00e3o","date":"18 de maio de 2014","format":false,"excerpt":"Francisco Ribeiro O Instituto Estadual de Cinema (IECINE) tem a frente, desde abril \u00faltimo, um novo diretor, o cineasta colombiano Juan Zapata, 36, que substitui Luiz Alberto Cassol. Radicado h\u00e1 dez anos em Porto Alegre, Zapata tem diante de si o desafio de conduzir at\u00e9 o final do ano um\u2026","rel":"","context":"Em &quot;Cultura-Geral&quot;","block_context":{"text":"Cultura-Geral","link":"https:\/\/www.jornalja.com.br\/arquivo\/category\/materiasecundaria\/"},"img":{"alt_text":"","src":"","width":0,"height":0},"classes":[]}],"jetpack_shortlink":"https:\/\/wp.me\/pbQjBd-buo","jetpack_featured_media_url":"","_links":{"self":[{"href":"https:\/\/www.jornalja.com.br\/arquivo\/wp-json\/wp\/v2\/posts\/44168","targetHints":{"allow":["GET"]}}],"collection":[{"href":"https:\/\/www.jornalja.com.br\/arquivo\/wp-json\/wp\/v2\/posts"}],"about":[{"href":"https:\/\/www.jornalja.com.br\/arquivo\/wp-json\/wp\/v2\/types\/post"}],"author":[{"embeddable":true,"href":"https:\/\/www.jornalja.com.br\/arquivo\/wp-json\/wp\/v2\/users\/4"}],"replies":[{"embeddable":true,"href":"https:\/\/www.jornalja.com.br\/arquivo\/wp-json\/wp\/v2\/comments?post=44168"}],"version-history":[{"count":0,"href":"https:\/\/www.jornalja.com.br\/arquivo\/wp-json\/wp\/v2\/posts\/44168\/revisions"}],"wp:attachment":[{"href":"https:\/\/www.jornalja.com.br\/arquivo\/wp-json\/wp\/v2\/media?parent=44168"}],"wp:term":[{"taxonomy":"category","embeddable":true,"href":"https:\/\/www.jornalja.com.br\/arquivo\/wp-json\/wp\/v2\/categories?post=44168"},{"taxonomy":"post_tag","embeddable":true,"href":"https:\/\/www.jornalja.com.br\/arquivo\/wp-json\/wp\/v2\/tags?post=44168"}],"curies":[{"name":"wp","href":"https:\/\/api.w.org\/{rel}","templated":true}]}}