{"id":44195,"date":"2017-02-06T10:07:34","date_gmt":"2017-02-06T13:07:34","guid":{"rendered":"https:\/\/www.jornalja.com.br\/?p=44195"},"modified":"2017-02-06T10:07:34","modified_gmt":"2017-02-06T13:07:34","slug":"terceiro-arrastao-no-trensurb-e-os-vagoes-nao-tinham-camera","status":"publish","type":"post","link":"https:\/\/www.jornalja.com.br\/arquivo\/terceiro-arrastao-no-trensurb-e-os-vagoes-nao-tinham-camera\/","title":{"rendered":"Terceiro arrast\u00e3o no Trensurb e os vag\u00f5es n\u00e3o tinham c\u00e2mera"},"content":{"rendered":"<p>Seis homens armados fizeram um &#8220;arrast\u00e3o&#8221; e agrediram passageiros em uma linha da\u00a0Trensurb, o trem metropolitano de Porto Alegre, na noite deste domingo.<br \/>\nO ataque ocorreu ocorreu por volta das onze da noite entre as esta\u00e7\u00f5es \u00a0S\u00e3o Leopoldo e Santo Afonso.<br \/>\nUma v\u00edtima, que foi abordada por dois assaltantes, relatou \u00e0 Pol\u00edcia Civil que eles agrediram alguns passageiros com coronhadas.<br \/>\nAs c\u00e2meras da Trensurb flagraram imagens da entrada e da sa\u00edda dos criminosos, mas a a\u00e7\u00e3o dentro do trem n\u00e3o foi filmada. Segundo a empresa, existem 400 c\u00e2meras instaladas nas esta\u00e7\u00f5es e nos vag\u00f5es, mas o vag\u00e3o atacado \u00a0\u00e9 de um modelo antigo que n\u00e3o possui o equipamento.<br \/>\nAs investiga\u00e7\u00f5es s\u00f3 come\u00e7aram na manh\u00e3 de segunda feira, quando o registro foi encaminhado a uma delegacia de pol\u00edcia.<br \/>\nEste \u00e9 o terceiro &#8220;arrast\u00e3o&#8221; que ocorre no Trensurb no espa\u00e7o de um ano.<br \/>\nO primeiro arrast\u00e3o no Trensurb ocorreu \u00e0s duas horas da tarde de uma quarta-feira, 27 de janeiro de 2016. Eram dez criminosos, pelo menos 12 pessoas tiveram que entregar celulares e dinheiro.<br \/>\nQuatro integrantes do grupo foram presos logo em seguida e, horas depois, a Brigada Militar (BM) conseguiu capturar outros tr\u00eas. Eles estavam na Pra\u00e7a XV de Novembro e foram identificados com ajuda das c\u00e2meras de monitoramento.<br \/>\nA \u00a0BM recuperou 16 aparelhos telef\u00f4nicos, uma mochila e R$ 76,80 em dinheiro. Com os outros tr\u00eas criminosos, um celular e R$ 282 foram recuperados. Dos sete detidos, dois eram menores idade.<br \/>\nO grupo entrou na esta\u00e7\u00e3o Mercado, no Centro, por volta das 14h30min. Em seguida, se espalhou por um dos vag\u00f5es. Assim que o ve\u00edculo passou pela segunda parada, na esta\u00e7\u00e3o Rodovi\u00e1ria, os ladr\u00f5es se olharam, fizeram sinais e anunciaram o roubo.<br \/>\nQuando o trem parou na esta\u00e7\u00e3o S\u00e3o Pedro, que fica logo depois da rodovi\u00e1ria, o bando parou junto \u00e0s portas e saiu correndo.<br \/>\nQuando chegaram \u00e0 rua, os bandidos se espalharam. Minutos depois, soldados da 4\u00aa Companhia do 9\u00ba Batalh\u00e3o de Pol\u00edcia Militar (9\u00ba BPM) iniciaram persegui\u00e7\u00e3o ao grupo.<br \/>\nOs PMs conseguiram capturar os quatro suspeitos, identificados como Alef Willian Castro da Silva, 21 anos, e Hyoran Garcia de Oliveira, 22, al\u00e9m de dois adolescentes de 16 anos. Eles foram reconhecidos pelos passageiros e estavam com pertences das v\u00edtimas.<br \/>\n&nbsp;<br \/>\nO segundo assalto ocorreu no dia 18 de novembro do ano passado. Quatro jovens, encasacados e usando bon\u00e9s, \u00a0atacaram os passageiros no sentido Mercado P\u00fablico. Foram recolhidos celulares e bolsas de passageiros.<br \/>\nCom os objetos roubados, o grupo de assaltantes desembarcou na Esta\u00e7\u00e3o Mathias Velho, em Canoas. Alguns passageiros, cujos celulares n\u00e3o foram levados, pensaram em ligar para a Trensurb e para a Brigada Militar, mas foram desestimulados por outros, que os alertaram sobre a presen\u00e7a de outros suspeitos, junto \u00e0s portas.<br \/>\n\u2014 Quando desembarquei na Esta\u00e7\u00e3o Mercado, procurei um seguran\u00e7a e narrei o ocorrido a ele. Mas ele me disse que, como eu n\u00e3o havia sido roubado, deveria aproveitar e ir para casa \u2013 disse o rapaz.<br \/>\nO Gerente de Comunica\u00e7\u00e3o da Trensurb, J\u00e2nio Mendes Ayres, informou a imprensa que a empresa n\u00e3o recebeu informa\u00e7\u00e3o sobre o acontecimento.<br \/>\nProcuradas pela reportagem, Pol\u00edcia Civil, BM de Porto Alegre e BM de Canoas n\u00e3o tinham registros da ocorr\u00eancia.<br \/>\n&nbsp;<br \/>\n&nbsp;<\/p>\n","protected":false},"excerpt":{"rendered":"<p>Seis homens armados fizeram um &#8220;arrast\u00e3o&#8221; e agrediram passageiros em uma linha da\u00a0Trensurb, o trem metropolitano de Porto Alegre, na noite deste domingo. O ataque ocorreu ocorreu por volta das onze da noite entre as esta\u00e7\u00f5es \u00a0S\u00e3o Leopoldo e Santo Afonso. Uma v\u00edtima, que foi abordada por dois assaltantes, relatou \u00e0 Pol\u00edcia Civil que eles [&hellip;]<\/p>\n","protected":false},"author":4,"featured_media":44196,"comment_status":"open","ping_status":"closed","sticky":false,"template":"","format":"standard","meta":{"_jetpack_newsletter_access":"","_jetpack_dont_email_post_to_subs":false,"_jetpack_newsletter_tier_id":0,"_jetpack_memberships_contains_paywalled_content":false,"_jetpack_feature_clip_id":0,"_jetpack_memberships_contains_paid_content":false,"footnotes":"","jetpack_post_was_ever_published":false},"categories":[26],"tags":[],"class_list":["post-44195","post","type-post","status-publish","format-standard","has-post-thumbnail","hentry","category-geral"],"aioseo_notices":[],"aioseo_head":"\n\t\t<!-- All in One SEO 5.0.1.1 - aioseo.com -->\n\t<meta name=\"robots\" content=\"max-image-preview:large\" \/>\n\t<meta name=\"author\" content=\"da Reda\u00e7\u00e3o\"\/>\n\t<link rel=\"canonical\" href=\"https:\/\/www.jornalja.com.br\/arquivo\/terceiro-arrastao-no-trensurb-e-os-vagoes-nao-tinham-camera\/\" \/>\n\t<meta name=\"generator\" content=\"All in One SEO (AIOSEO) 5.0.1.1\" \/>\n\t\t<meta property=\"og:locale\" content=\"pt_BR\" \/>\n\t\t<meta property=\"og:site_name\" content=\"Arquivo | Jornal J\u00c1 | Porto Alegre\" \/>\n\t\t<meta property=\"og:type\" content=\"article\" \/>\n\t\t<meta property=\"og:title\" content=\"Terceiro arrast\u00e3o no Trensurb e os vag\u00f5es n\u00e3o tinham c\u00e2mera | Arquivo\" \/>\n\t\t<meta property=\"og:url\" content=\"https:\/\/www.jornalja.com.br\/arquivo\/terceiro-arrastao-no-trensurb-e-os-vagoes-nao-tinham-camera\/\" \/>\n\t\t<meta property=\"og:image\" content=\"https:\/\/www.jornalja.com.br\/economics\/wp-content\/uploads\/sites\/11\/2026\/08\/ja-folhaderosto-facebook.jpg\" \/>\n\t\t<meta property=\"og:image:secure_url\" content=\"https:\/\/www.jornalja.com.br\/economics\/wp-content\/uploads\/sites\/11\/2026\/08\/ja-folhaderosto-facebook.jpg\" \/>\n\t\t<meta property=\"article:published_time\" content=\"2017-02-06T13:07:34+00:00\" \/>\n\t\t<meta property=\"article:modified_time\" content=\"2017-02-06T13:07:34+00:00\" \/>\n\t\t<meta name=\"twitter:card\" content=\"summary\" \/>\n\t\t<meta name=\"twitter:title\" content=\"Terceiro arrast\u00e3o no Trensurb e os vag\u00f5es n\u00e3o tinham c\u00e2mera | Arquivo\" \/>\n\t\t<meta name=\"twitter:image\" content=\"https:\/\/www.jornalja.com.br\/economics\/wp-content\/uploads\/sites\/11\/2026\/08\/ja-folhaderosto-facebook.jpg\" \/>\n\t\t<script type=\"application\/ld+json\" class=\"aioseo-schema\">\n\t\t\t{\"@context\":\"https:\\\/\\\/schema.org\",\"@graph\":[{\"@type\":\"BlogPosting\",\"@id\":\"https:\\\/\\\/www.jornalja.com.br\\\/arquivo\\\/terceiro-arrastao-no-trensurb-e-os-vagoes-nao-tinham-camera\\\/#blogposting\",\"name\":\"Terceiro arrast\\u00e3o no Trensurb e os vag\\u00f5es n\\u00e3o tinham c\\u00e2mera | Arquivo\",\"headline\":\"Terceiro arrast\\u00e3o no Trensurb e os vag\\u00f5es n\\u00e3o tinham c\\u00e2mera\",\"author\":{\"@id\":\"https:\\\/\\\/www.jornalja.com.br\\\/arquivo\\\/author\\\/daredacao\\\/#author\"},\"publisher\":{\"@id\":\"https:\\\/\\\/www.jornalja.com.br\\\/arquivo\\\/#organization\"},\"image\":{\"@type\":\"ImageObject\",\"url\":44196},\"datePublished\":\"2017-02-06T10:07:34-02:00\",\"dateModified\":\"2017-02-06T10:07:34-02:00\",\"inLanguage\":\"pt-BR\",\"mainEntityOfPage\":{\"@id\":\"https:\\\/\\\/www.jornalja.com.br\\\/arquivo\\\/terceiro-arrastao-no-trensurb-e-os-vagoes-nao-tinham-camera\\\/#webpage\"},\"isPartOf\":{\"@id\":\"https:\\\/\\\/www.jornalja.com.br\\\/arquivo\\\/terceiro-arrastao-no-trensurb-e-os-vagoes-nao-tinham-camera\\\/#webpage\"},\"articleSection\":\"Geral\"},{\"@type\":\"BreadcrumbList\",\"@id\":\"https:\\\/\\\/www.jornalja.com.br\\\/arquivo\\\/terceiro-arrastao-no-trensurb-e-os-vagoes-nao-tinham-camera\\\/#breadcrumblist\",\"itemListElement\":[{\"@type\":\"ListItem\",\"@id\":\"https:\\\/\\\/www.jornalja.com.br\\\/arquivo#listItem\",\"position\":1,\"name\":\"Home\",\"item\":\"https:\\\/\\\/www.jornalja.com.br\\\/arquivo\",\"nextItem\":{\"@type\":\"ListItem\",\"@id\":\"https:\\\/\\\/www.jornalja.com.br\\\/arquivo\\\/category\\\/geral\\\/#listItem\",\"name\":\"Geral\"}},{\"@type\":\"ListItem\",\"@id\":\"https:\\\/\\\/www.jornalja.com.br\\\/arquivo\\\/category\\\/geral\\\/#listItem\",\"position\":2,\"name\":\"Geral\",\"item\":\"https:\\\/\\\/www.jornalja.com.br\\\/arquivo\\\/category\\\/geral\\\/\",\"nextItem\":{\"@type\":\"ListItem\",\"@id\":\"https:\\\/\\\/www.jornalja.com.br\\\/arquivo\\\/terceiro-arrastao-no-trensurb-e-os-vagoes-nao-tinham-camera\\\/#listItem\",\"name\":\"Terceiro arrast\\u00e3o no Trensurb e os vag\\u00f5es n\\u00e3o tinham c\\u00e2mera\"},\"previousItem\":{\"@type\":\"ListItem\",\"@id\":\"https:\\\/\\\/www.jornalja.com.br\\\/arquivo#listItem\",\"name\":\"Home\"}},{\"@type\":\"ListItem\",\"@id\":\"https:\\\/\\\/www.jornalja.com.br\\\/arquivo\\\/terceiro-arrastao-no-trensurb-e-os-vagoes-nao-tinham-camera\\\/#listItem\",\"position\":3,\"name\":\"Terceiro arrast\\u00e3o no Trensurb e os vag\\u00f5es n\\u00e3o tinham c\\u00e2mera\",\"previousItem\":{\"@type\":\"ListItem\",\"@id\":\"https:\\\/\\\/www.jornalja.com.br\\\/arquivo\\\/category\\\/geral\\\/#listItem\",\"name\":\"Geral\"}}]},{\"@type\":\"Organization\",\"@id\":\"https:\\\/\\\/www.jornalja.com.br\\\/arquivo\\\/#organization\",\"name\":\"Jornal J\\u00c1\",\"description\":\"Jornal J\\u00c1 | Porto Alegre\",\"url\":\"https:\\\/\\\/www.jornalja.com.br\\\/arquivo\\\/\",\"telephone\":\"+555133307272\",\"logo\":{\"@type\":\"ImageObject\",\"url\":\"https:\\\/\\\/www.jornalja.com.br\\\/wp-content\\\/uploads\\\/cards\\\/JAslogan.png\",\"@id\":\"https:\\\/\\\/www.jornalja.com.br\\\/arquivo\\\/terceiro-arrastao-no-trensurb-e-os-vagoes-nao-tinham-camera\\\/#organizationLogo\"},\"image\":{\"@id\":\"https:\\\/\\\/www.jornalja.com.br\\\/arquivo\\\/terceiro-arrastao-no-trensurb-e-os-vagoes-nao-tinham-camera\\\/#organizationLogo\"}},{\"@type\":\"Person\",\"@id\":\"https:\\\/\\\/www.jornalja.com.br\\\/arquivo\\\/author\\\/daredacao\\\/#author\",\"url\":\"https:\\\/\\\/www.jornalja.com.br\\\/arquivo\\\/author\\\/daredacao\\\/\",\"name\":\"da Reda\\u00e7\\u00e3o\",\"image\":{\"@type\":\"ImageObject\",\"@id\":\"https:\\\/\\\/www.jornalja.com.br\\\/arquivo\\\/terceiro-arrastao-no-trensurb-e-os-vagoes-nao-tinham-camera\\\/#authorImage\",\"url\":\"https:\\\/\\\/secure.gravatar.com\\\/avatar\\\/469fd857d6605ad19919d27ed29d35a968a25f6e8fd9318356bbb7f57aae9c65?s=96&d=mm&r=g\",\"width\":96,\"height\":96,\"caption\":\"da Reda\\u00e7\\u00e3o\"}},{\"@type\":\"WebPage\",\"@id\":\"https:\\\/\\\/www.jornalja.com.br\\\/arquivo\\\/terceiro-arrastao-no-trensurb-e-os-vagoes-nao-tinham-camera\\\/#webpage\",\"url\":\"https:\\\/\\\/www.jornalja.com.br\\\/arquivo\\\/terceiro-arrastao-no-trensurb-e-os-vagoes-nao-tinham-camera\\\/\",\"name\":\"Terceiro arrast\\u00e3o no Trensurb e os vag\\u00f5es n\\u00e3o tinham c\\u00e2mera | Arquivo\",\"inLanguage\":\"pt-BR\",\"isPartOf\":{\"@id\":\"https:\\\/\\\/www.jornalja.com.br\\\/arquivo\\\/#website\"},\"breadcrumb\":{\"@id\":\"https:\\\/\\\/www.jornalja.com.br\\\/arquivo\\\/terceiro-arrastao-no-trensurb-e-os-vagoes-nao-tinham-camera\\\/#breadcrumblist\"},\"author\":{\"@id\":\"https:\\\/\\\/www.jornalja.com.br\\\/arquivo\\\/author\\\/daredacao\\\/#author\"},\"creator\":{\"@id\":\"https:\\\/\\\/www.jornalja.com.br\\\/arquivo\\\/author\\\/daredacao\\\/#author\"},\"image\":{\"@type\":\"ImageObject\",\"url\":44196,\"@id\":\"https:\\\/\\\/www.jornalja.com.br\\\/arquivo\\\/terceiro-arrastao-no-trensurb-e-os-vagoes-nao-tinham-camera\\\/#mainImage\"},\"primaryImageOfPage\":{\"@id\":\"https:\\\/\\\/www.jornalja.com.br\\\/arquivo\\\/terceiro-arrastao-no-trensurb-e-os-vagoes-nao-tinham-camera\\\/#mainImage\"},\"datePublished\":\"2017-02-06T10:07:34-02:00\",\"dateModified\":\"2017-02-06T10:07:34-02:00\"},{\"@type\":\"WebSite\",\"@id\":\"https:\\\/\\\/www.jornalja.com.br\\\/arquivo\\\/#website\",\"url\":\"https:\\\/\\\/www.jornalja.com.br\\\/arquivo\\\/\",\"name\":\"Arquivo\",\"description\":\"Jornal J\\u00c1 | Porto Alegre\",\"inLanguage\":\"pt-BR\",\"publisher\":{\"@id\":\"https:\\\/\\\/www.jornalja.com.br\\\/arquivo\\\/#organization\"}}]}\n\t\t<\/script>\n\t\t<!-- All in One SEO -->\n\n","aioseo_head_json":{"title":"Terceiro arrast\u00e3o no Trensurb e os vag\u00f5es n\u00e3o tinham c\u00e2mera | Arquivo","description":"","canonical_url":"https:\/\/www.jornalja.com.br\/arquivo\/terceiro-arrastao-no-trensurb-e-os-vagoes-nao-tinham-camera\/","robots":"max-image-preview:large","keywords":"","webmasterTools":{"miscellaneous":""},"schema":{"@context":"https:\/\/schema.org","@graph":[{"@type":"BlogPosting","@id":"https:\/\/www.jornalja.com.br\/arquivo\/terceiro-arrastao-no-trensurb-e-os-vagoes-nao-tinham-camera\/#blogposting","name":"Terceiro arrast\u00e3o no Trensurb e os vag\u00f5es n\u00e3o tinham c\u00e2mera | Arquivo","headline":"Terceiro arrast\u00e3o no Trensurb e os vag\u00f5es n\u00e3o tinham c\u00e2mera","author":{"@id":"https:\/\/www.jornalja.com.br\/arquivo\/author\/daredacao\/#author"},"publisher":{"@id":"https:\/\/www.jornalja.com.br\/arquivo\/#organization"},"image":{"@type":"ImageObject","url":44196},"datePublished":"2017-02-06T10:07:34-02:00","dateModified":"2017-02-06T10:07:34-02:00","inLanguage":"pt-BR","mainEntityOfPage":{"@id":"https:\/\/www.jornalja.com.br\/arquivo\/terceiro-arrastao-no-trensurb-e-os-vagoes-nao-tinham-camera\/#webpage"},"isPartOf":{"@id":"https:\/\/www.jornalja.com.br\/arquivo\/terceiro-arrastao-no-trensurb-e-os-vagoes-nao-tinham-camera\/#webpage"},"articleSection":"Geral"},{"@type":"BreadcrumbList","@id":"https:\/\/www.jornalja.com.br\/arquivo\/terceiro-arrastao-no-trensurb-e-os-vagoes-nao-tinham-camera\/#breadcrumblist","itemListElement":[{"@type":"ListItem","@id":"https:\/\/www.jornalja.com.br\/arquivo#listItem","position":1,"name":"Home","item":"https:\/\/www.jornalja.com.br\/arquivo","nextItem":{"@type":"ListItem","@id":"https:\/\/www.jornalja.com.br\/arquivo\/category\/geral\/#listItem","name":"Geral"}},{"@type":"ListItem","@id":"https:\/\/www.jornalja.com.br\/arquivo\/category\/geral\/#listItem","position":2,"name":"Geral","item":"https:\/\/www.jornalja.com.br\/arquivo\/category\/geral\/","nextItem":{"@type":"ListItem","@id":"https:\/\/www.jornalja.com.br\/arquivo\/terceiro-arrastao-no-trensurb-e-os-vagoes-nao-tinham-camera\/#listItem","name":"Terceiro arrast\u00e3o no Trensurb e os vag\u00f5es n\u00e3o tinham c\u00e2mera"},"previousItem":{"@type":"ListItem","@id":"https:\/\/www.jornalja.com.br\/arquivo#listItem","name":"Home"}},{"@type":"ListItem","@id":"https:\/\/www.jornalja.com.br\/arquivo\/terceiro-arrastao-no-trensurb-e-os-vagoes-nao-tinham-camera\/#listItem","position":3,"name":"Terceiro arrast\u00e3o no Trensurb e os vag\u00f5es n\u00e3o tinham c\u00e2mera","previousItem":{"@type":"ListItem","@id":"https:\/\/www.jornalja.com.br\/arquivo\/category\/geral\/#listItem","name":"Geral"}}]},{"@type":"Organization","@id":"https:\/\/www.jornalja.com.br\/arquivo\/#organization","name":"Jornal J\u00c1","description":"Jornal J\u00c1 | Porto Alegre","url":"https:\/\/www.jornalja.com.br\/arquivo\/","telephone":"+555133307272","logo":{"@type":"ImageObject","url":"https:\/\/www.jornalja.com.br\/wp-content\/uploads\/cards\/JAslogan.png","@id":"https:\/\/www.jornalja.com.br\/arquivo\/terceiro-arrastao-no-trensurb-e-os-vagoes-nao-tinham-camera\/#organizationLogo"},"image":{"@id":"https:\/\/www.jornalja.com.br\/arquivo\/terceiro-arrastao-no-trensurb-e-os-vagoes-nao-tinham-camera\/#organizationLogo"}},{"@type":"Person","@id":"https:\/\/www.jornalja.com.br\/arquivo\/author\/daredacao\/#author","url":"https:\/\/www.jornalja.com.br\/arquivo\/author\/daredacao\/","name":"da Reda\u00e7\u00e3o","image":{"@type":"ImageObject","@id":"https:\/\/www.jornalja.com.br\/arquivo\/terceiro-arrastao-no-trensurb-e-os-vagoes-nao-tinham-camera\/#authorImage","url":"https:\/\/secure.gravatar.com\/avatar\/469fd857d6605ad19919d27ed29d35a968a25f6e8fd9318356bbb7f57aae9c65?s=96&d=mm&r=g","width":96,"height":96,"caption":"da Reda\u00e7\u00e3o"}},{"@type":"WebPage","@id":"https:\/\/www.jornalja.com.br\/arquivo\/terceiro-arrastao-no-trensurb-e-os-vagoes-nao-tinham-camera\/#webpage","url":"https:\/\/www.jornalja.com.br\/arquivo\/terceiro-arrastao-no-trensurb-e-os-vagoes-nao-tinham-camera\/","name":"Terceiro arrast\u00e3o no Trensurb e os vag\u00f5es n\u00e3o tinham c\u00e2mera | Arquivo","inLanguage":"pt-BR","isPartOf":{"@id":"https:\/\/www.jornalja.com.br\/arquivo\/#website"},"breadcrumb":{"@id":"https:\/\/www.jornalja.com.br\/arquivo\/terceiro-arrastao-no-trensurb-e-os-vagoes-nao-tinham-camera\/#breadcrumblist"},"author":{"@id":"https:\/\/www.jornalja.com.br\/arquivo\/author\/daredacao\/#author"},"creator":{"@id":"https:\/\/www.jornalja.com.br\/arquivo\/author\/daredacao\/#author"},"image":{"@type":"ImageObject","url":44196,"@id":"https:\/\/www.jornalja.com.br\/arquivo\/terceiro-arrastao-no-trensurb-e-os-vagoes-nao-tinham-camera\/#mainImage"},"primaryImageOfPage":{"@id":"https:\/\/www.jornalja.com.br\/arquivo\/terceiro-arrastao-no-trensurb-e-os-vagoes-nao-tinham-camera\/#mainImage"},"datePublished":"2017-02-06T10:07:34-02:00","dateModified":"2017-02-06T10:07:34-02:00"},{"@type":"WebSite","@id":"https:\/\/www.jornalja.com.br\/arquivo\/#website","url":"https:\/\/www.jornalja.com.br\/arquivo\/","name":"Arquivo","description":"Jornal J\u00c1 | Porto Alegre","inLanguage":"pt-BR","publisher":{"@id":"https:\/\/www.jornalja.com.br\/arquivo\/#organization"}}]},"og:locale":"pt_BR","og:site_name":"Arquivo | Jornal J\u00c1 | Porto Alegre","og:type":"article","og:title":"Terceiro arrast\u00e3o no Trensurb e os vag\u00f5es n\u00e3o tinham c\u00e2mera | Arquivo","og:url":"https:\/\/www.jornalja.com.br\/arquivo\/terceiro-arrastao-no-trensurb-e-os-vagoes-nao-tinham-camera\/","og:image":"https:\/\/www.jornalja.com.br\/economics\/wp-content\/uploads\/sites\/11\/2026\/08\/ja-folhaderosto-facebook.jpg","og:image:secure_url":"https:\/\/www.jornalja.com.br\/economics\/wp-content\/uploads\/sites\/11\/2026\/08\/ja-folhaderosto-facebook.jpg","article:published_time":"2017-02-06T13:07:34+00:00","article:modified_time":"2017-02-06T13:07:34+00:00","twitter:card":"summary","twitter:title":"Terceiro arrast\u00e3o no Trensurb e os vag\u00f5es n\u00e3o tinham c\u00e2mera | Arquivo","twitter:image":"https:\/\/www.jornalja.com.br\/economics\/wp-content\/uploads\/sites\/11\/2026\/08\/ja-folhaderosto-facebook.jpg"},"aioseo_meta_data":{"post_id":"44195","title":null,"description":null,"keywords":null,"keyphrases":null,"primary_term":null,"canonical_url":null,"og_title":null,"og_description":null,"og_object_type":"default","og_image_type":"default","og_image_url":null,"og_image_width":null,"og_image_height":null,"og_image_custom_url":null,"og_image_custom_fields":null,"og_video":null,"og_custom_url":null,"og_article_section":null,"og_article_tags":null,"twitter_use_og":false,"twitter_card":"default","twitter_image_type":"default","twitter_image_url":null,"twitter_image_custom_url":null,"twitter_image_custom_fields":null,"twitter_title":null,"twitter_description":null,"schema":{"blockGraphs":[],"customGraphs":[],"default":{"data":{"Article":[],"Course":[],"Dataset":[],"FAQPage":[],"Movie":[],"Person":[],"Product":[],"ProductReview":[],"Car":[],"Recipe":[],"Service":[],"SoftwareApplication":[],"WebPage":[]},"graphName":"","isEnabled":true},"graphs":[],"defaultGraph":"","defaultPostTypeGraph":""},"schema_type":null,"schema_type_options":null,"pillar_content":false,"robots_default":true,"robots_noindex":false,"robots_noarchive":false,"robots_nosnippet":false,"robots_nofollow":false,"robots_noimageindex":false,"robots_noodp":false,"robots_notranslate":false,"robots_max_snippet":null,"robots_max_videopreview":null,"robots_max_imagepreview":"large","priority":null,"frequency":null,"location":null,"local_seo":null,"breadcrumb_settings":null,"limit_modified_date":false,"ai":null,"created":"2020-12-20 20:40:48","updated":"2025-07-19 19:47:52","seo_analyzer_scan_date":null,"focus_keyword":null,"additional_keywords":null,"truseo_locale":null},"jetpack_sharing_enabled":true,"jetpack-related-posts":[{"id":5440,"url":"https:\/\/www.jornalja.com.br\/arquivo\/casarao-da-venancio-destino-permanece-incerto\/","url_meta":{"origin":44195,"position":0},"title":"Estado ainda n\u00e3o sabe o que fazer com casar\u00e3o abandonado h\u00e1 20 anos","author":"Elmar Bones","date":"6 de julho de 2009","format":false,"excerpt":"O casar\u00e3o amarelo, numa esquina nobre de Porto Alegre (Ven\u00e2ncio Aires com Jo\u00e3o Pessoa), j\u00e1 abrigou uma escola. H\u00e1 duas d\u00e9cadas, pelo menos, est\u00e1 abandonado, porque seu propriet\u00e1rio, o governo do Estado do Rio Grande do Sul, n\u00e3o consegue achar um destino para ele. Planos n\u00e3o faltaram. O governador Ol\u00edvio\u2026","rel":"","context":"Em &quot;X.Categorias velhas&quot;","block_context":{"text":"X.Categorias velhas","link":"https:\/\/www.jornalja.com.br\/arquivo\/category\/x-categorias-velhas\/"},"img":{"alt_text":"geraldo1","src":"https:\/\/i0.wp.com\/www.jornalja.com.br\/wp-content\/uploads\/2009\/07\/geraldo1.jpg?resize=350%2C200&ssl=1","width":350,"height":200},"classes":[]},{"id":13240,"url":"https:\/\/www.jornalja.com.br\/arquivo\/plano-diretor-estamos-construindo-o-caos\/","url_meta":{"origin":44195,"position":1},"title":"Plano diretor: &quot;Estamos construindo o caos&quot;","author":"Patr\u00edcia Marini","date":"26 de maio de 2014","format":false,"excerpt":"Desabafo que arquiteta Eliana Castilhos, delegada da Regi\u00e3o de Planejamento 1, postou nas redes sociais \u00e9 um testemunho do ambiente que se criou no Conselho do Plano Diretor de Porto Alegre, onde a aprova\u00e7\u00e3o de grandes empreendimentos \u00e9 empurrada guela abaixo dos conselheiros. Ao CMDUA Como delegada da Regi\u00e3o de\u2026","rel":"","context":"Em &quot;Geral&quot;","block_context":{"text":"Geral","link":"https:\/\/www.jornalja.com.br\/arquivo\/category\/geral\/"},"img":{"alt_text":"","src":"","width":0,"height":0},"classes":[]},{"id":12960,"url":"https:\/\/www.jornalja.com.br\/arquivo\/populacao-culpa-empresas-pela-greve-dos-rodoviarios\/","url_meta":{"origin":44195,"position":2},"title":"Popula\u00e7\u00e3o culpa empresas pela greve","author":"Patr\u00edcia Marini","date":"14 de fevereiro de 2014","format":false,"excerpt":"Pesquisa divulgada na edi\u00e7\u00e3o do jornal Metro desta sexta-feira,14, comprova o velho ditado: \u00e9 poss\u00edvel enganar muitos por algum tempo, mas n\u00e3o \u00e9 poss\u00edvel enganar a todos o tempo inteiro. A principal revela\u00e7\u00e3o foi que 59,8% dos entrevistados apontaram as empresas como as principais respons\u00e1veis pela grave e 46% culparam\u2026","rel":"","context":"Em &quot;X.Categorias velhas&quot;","block_context":{"text":"X.Categorias velhas","link":"https:\/\/www.jornalja.com.br\/arquivo\/category\/x-categorias-velhas\/"},"img":{"alt_text":"","src":"","width":0,"height":0},"classes":[]},{"id":13124,"url":"https:\/\/www.jornalja.com.br\/arquivo\/sangue-latino-no-iecine\/","url_meta":{"origin":44195,"position":3},"title":"Sangue latino no IECINE","author":"da Reda\u00e7\u00e3o","date":"18 de maio de 2014","format":false,"excerpt":"Francisco Ribeiro O Instituto Estadual de Cinema (IECINE) tem a frente, desde abril \u00faltimo, um novo diretor, o cineasta colombiano Juan Zapata, 36, que substitui Luiz Alberto Cassol. Radicado h\u00e1 dez anos em Porto Alegre, Zapata tem diante de si o desafio de conduzir at\u00e9 o final do ano um\u2026","rel":"","context":"Em &quot;Cultura-Geral&quot;","block_context":{"text":"Cultura-Geral","link":"https:\/\/www.jornalja.com.br\/arquivo\/category\/materiasecundaria\/"},"img":{"alt_text":"","src":"","width":0,"height":0},"classes":[]},{"id":13101,"url":"https:\/\/www.jornalja.com.br\/arquivo\/morre-um-guerreiro-do-texto\/","url_meta":{"origin":44195,"position":4},"title":"Morre um guerreiro do texto","author":"Patr\u00edcia Marini","date":"14 de maio de 2014","format":false,"excerpt":"Por Ricardo Kotscho Reproduzido do blog do autor, 11\/5\/2014; t\u00edtulo original \u201cE l\u00e1 se foi o nosso Myltainho, guerreiro do texto\u201d. Mi\u00fado e franzino, meu amigo Myltainho era um valente e inconformado guerreiro na luta contra as injusti\u00e7as sociais, a hipocrisia, as maracutaias, o autoritarismo, a intoler\u00e2ncia, a viol\u00eancia, o\u2026","rel":"","context":"Em &quot;Geral&quot;","block_context":{"text":"Geral","link":"https:\/\/www.jornalja.com.br\/arquivo\/category\/geral\/"},"img":{"alt_text":"","src":"","width":0,"height":0},"classes":[]},{"id":13109,"url":"https:\/\/www.jornalja.com.br\/arquivo\/judiciario-reconhece-poluicao-eletromagnetica\/","url_meta":{"origin":44195,"position":5},"title":"Judici\u00e1rio reconhece polui\u00e7\u00e3o eletromagn\u00e9tica","author":"Patr\u00edcia Marini","date":"16 de maio de 2014","format":false,"excerpt":"A\u00e7\u00e3o de duas associa\u00e7\u00f5es de moradores foi acolhida pelo Tribunal de Justi\u00e7a de S\u00e3o Paulo que. em decis\u00e3o in\u00e9dita, determinou a redu\u00e7\u00e3o do campo eletromagn\u00e9tico gerado pelas linhas de transmiss\u00e3o de energia que cortam os bairros City Boa\u00e7ava e Alto de Pinheiros. \u00c9 a primeira vez que um tribunal do\u2026","rel":"","context":"Em &quot;X.Categorias velhas&quot;","block_context":{"text":"X.Categorias velhas","link":"https:\/\/www.jornalja.com.br\/arquivo\/category\/x-categorias-velhas\/"},"img":{"alt_text":"","src":"","width":0,"height":0},"classes":[]}],"jetpack_shortlink":"https:\/\/wp.me\/pbQjBd-buP","jetpack_featured_media_url":"","_links":{"self":[{"href":"https:\/\/www.jornalja.com.br\/arquivo\/wp-json\/wp\/v2\/posts\/44195","targetHints":{"allow":["GET"]}}],"collection":[{"href":"https:\/\/www.jornalja.com.br\/arquivo\/wp-json\/wp\/v2\/posts"}],"about":[{"href":"https:\/\/www.jornalja.com.br\/arquivo\/wp-json\/wp\/v2\/types\/post"}],"author":[{"embeddable":true,"href":"https:\/\/www.jornalja.com.br\/arquivo\/wp-json\/wp\/v2\/users\/4"}],"replies":[{"embeddable":true,"href":"https:\/\/www.jornalja.com.br\/arquivo\/wp-json\/wp\/v2\/comments?post=44195"}],"version-history":[{"count":0,"href":"https:\/\/www.jornalja.com.br\/arquivo\/wp-json\/wp\/v2\/posts\/44195\/revisions"}],"wp:attachment":[{"href":"https:\/\/www.jornalja.com.br\/arquivo\/wp-json\/wp\/v2\/media?parent=44195"}],"wp:term":[{"taxonomy":"category","embeddable":true,"href":"https:\/\/www.jornalja.com.br\/arquivo\/wp-json\/wp\/v2\/categories?post=44195"},{"taxonomy":"post_tag","embeddable":true,"href":"https:\/\/www.jornalja.com.br\/arquivo\/wp-json\/wp\/v2\/tags?post=44195"}],"curies":[{"name":"wp","href":"https:\/\/api.w.org\/{rel}","templated":true}]}}