{"id":44299,"date":"2017-02-08T14:48:36","date_gmt":"2017-02-08T17:48:36","guid":{"rendered":"https:\/\/www.jornalja.com.br\/?p=44299"},"modified":"2017-02-08T14:48:36","modified_gmt":"2017-02-08T17:48:36","slug":"cr-55-milhoes-foi-o-valor-que-a-corag-repassou-ao-governo-em-5-anos","status":"publish","type":"post","link":"https:\/\/www.jornalja.com.br\/arquivo\/cr-55-milhoes-foi-o-valor-que-a-corag-repassou-ao-governo-em-5-anos\/","title":{"rendered":"R$ 55 milh\u00f5es foi o valor que a Corag repassou ao governo em  5 anos"},"content":{"rendered":"<p>Recebemos as seguintes considera\u00e7\u00f5es sobre a mat\u00e9ria referente aos resultados financeiros da Companhia Riograndense de Artes Gr\u00e1ficas:<br \/>\n&#8220;<em>Caro, est\u00e1 muito boa a mat\u00e9ria, bem legal mesmo. Mas notei algumas imprecis\u00f5es e queria ver contigo se \u00e9 poss\u00edvel fazer algumas corre\u00e7\u00f5es.<\/em><br \/>\n<em>Esse valor de R$ 55 milh\u00f5es n\u00e3o \u00e9 o lucro obtido no per\u00edodo de cinco anos, mas sim o total repassado da Corag para o cofre \u00fanico do Estado no mesmo per\u00edodo. O correto seria dizer que a Corag repassou R$ 55 milh\u00f5es em cinco anos. Da mesma forma, aqueles valores ano a ano se referem aos repasses feitos em cada ano, e n\u00e3o ao lucro. O repasse (pagamento de dividendos ou distribui\u00e7\u00e3o de lucros) \u00e9 calculado e definido no ano seguinte, ap\u00f3s a obten\u00e7\u00e3o do resultado financeiro do exerc\u00edcio anterior. Assim, em 2016, a Corag repassou R$ 2,5 milh\u00f5es ao Estado e em 2015 havia repassado R$ 7,6 milh\u00f5es.<\/em><br \/>\n<em>O lucro \u00e9 outra coisa. \u00c9 o resultado da diferen\u00e7a entre receitas e despesas, incluso a\u00ed inclusive o Imposto de Renda &#8211; e s\u00f3 realizado ap\u00f3s o final do exerc\u00edcio financeiro. Em 2015, a Corag registrou lucro l\u00edquido de R$ 7,7 milh\u00f5es (o n\u00famero confunde, porque \u00e9 quase o mesmo referente ao repasse realizado no ano). Ainda n\u00e3o temos o resultado de 2016, que deve ser divulgado at\u00e9 abril. Contabilizando receitas e despesas entre janeiro e setembro, por\u00e9m, temos um resultado positivo de pouco mais de R$ 10 milh\u00f5es em 2016 &#8211; mas isso tamb\u00e9m n\u00e3o \u00e9 o lucro, uma vez que ainda h\u00e1 despesas importantes a serem contabilizadas. Ap\u00f3s os c\u00e1lculos do \u00faltimo trimestre de 2016, quando saberemos o lucro do per\u00edodo, ser\u00e1 realizada Assembleia de Acionistas e ser\u00e1 definido o repasse ao governo do Estado para este ano.<\/em><br \/>\n<em> Se houver interesse, posso levantar o lucro l\u00edquido dos \u00faltimos cinco anos. O dado que tenho \u00e0 m\u00e3o \u00e9 que tivemos um lucro l\u00edquido m\u00e9dio de R$ 9 milh\u00f5es em sete anos. E repassou, em m\u00e9dia, por ano, R$ 11 milh\u00f5es nos \u00faltimos cinco anos (justamente porque em anos anteriores n\u00e3o foi repassado todo o lucro; a Corag pode ficar com parte dos lucros para reinvestir, por exemplo).<\/em><br \/>\n<em> Outra imprecis\u00e3o ocorreu por descuido meu: o faturamento total de 2015 foi de R$ 54,5 milh\u00f5es, e n\u00e3o de R$ 57 milh\u00f5es, conforme informei no material que havia te passado antes.<\/em><br \/>\n<em> Outro ponto que seria importante corrigir \u00e9 que a decis\u00e3o que pro\u00edbe a demiss\u00e3o e o esvaziamento das atividades da Corag n\u00e3o foi da ju\u00edza Valdete, mas do juiz Maur\u00edcio Schmidt Bastos. A Valdete foi ju\u00edza na liminar das cinco funda\u00e7\u00f5es da base do Semapi (Cientec, FDRH, FEE, Metroplan e Zoobot\u00e2nica). A decis\u00e3o do juiz Maur\u00edcio est\u00e1 dispon\u00edvel no site do TRT da quarta regi\u00e3o:\u00a0http:\/\/www.trt4.jus. br\/portal\/portal\/trt4\/ comunicacao\/noticia\/info\/ NoticiaWindow?cod=1418050&amp; action=2&amp;destaque=false&amp; filtros=JURIDICA<\/em><br \/>\n<em> Te agrade\u00e7o mais uma vez pela mat\u00e9ria. Se restarem d\u00favidas sobre os assuntos, estou \u00e0s ordens.<\/em><br \/>\n<em> Abra\u00e7o!<\/em><br \/>\n<em> Jair Stangler<\/em><br \/>\n&nbsp;<\/p>\n","protected":false},"excerpt":{"rendered":"<p>Recebemos as seguintes considera\u00e7\u00f5es sobre a mat\u00e9ria referente aos resultados financeiros da Companhia Riograndense de Artes Gr\u00e1ficas: &#8220;Caro, est\u00e1 muito boa a mat\u00e9ria, bem legal mesmo. Mas notei algumas imprecis\u00f5es e queria ver contigo se \u00e9 poss\u00edvel fazer algumas corre\u00e7\u00f5es. Esse valor de R$ 55 milh\u00f5es n\u00e3o \u00e9 o lucro obtido no per\u00edodo de cinco [&hellip;]<\/p>\n","protected":false},"author":4,"featured_media":44302,"comment_status":"open","ping_status":"closed","sticky":false,"template":"","format":"standard","meta":{"_jetpack_newsletter_access":"","_jetpack_dont_email_post_to_subs":false,"_jetpack_newsletter_tier_id":0,"_jetpack_memberships_contains_paywalled_content":false,"_jetpack_feature_clip_id":0,"_jetpack_memberships_contains_paid_content":false,"footnotes":"","jetpack_post_was_ever_published":false},"categories":[26],"tags":[],"class_list":["post-44299","post","type-post","status-publish","format-standard","has-post-thumbnail","hentry","category-geral"],"aioseo_notices":[],"aioseo_head":"\n\t\t<!-- All in One SEO 5.0.1.1 - aioseo.com -->\n\t<meta name=\"robots\" content=\"max-image-preview:large\" \/>\n\t<meta name=\"author\" content=\"da Reda\u00e7\u00e3o\"\/>\n\t<link rel=\"canonical\" href=\"https:\/\/www.jornalja.com.br\/arquivo\/cr-55-milhoes-foi-o-valor-que-a-corag-repassou-ao-governo-em-5-anos\/\" \/>\n\t<meta name=\"generator\" content=\"All in One SEO (AIOSEO) 5.0.1.1\" \/>\n\t\t<meta property=\"og:locale\" content=\"pt_BR\" \/>\n\t\t<meta property=\"og:site_name\" content=\"Arquivo | Jornal J\u00c1 | Porto Alegre\" \/>\n\t\t<meta property=\"og:type\" content=\"article\" \/>\n\t\t<meta property=\"og:title\" content=\"R$ 55 milh\u00f5es foi o valor que a Corag repassou ao governo em 5 anos | Arquivo\" \/>\n\t\t<meta property=\"og:url\" content=\"https:\/\/www.jornalja.com.br\/arquivo\/cr-55-milhoes-foi-o-valor-que-a-corag-repassou-ao-governo-em-5-anos\/\" \/>\n\t\t<meta property=\"og:image\" content=\"https:\/\/www.jornalja.com.br\/economics\/wp-content\/uploads\/sites\/11\/2026\/08\/ja-folhaderosto-facebook.jpg\" \/>\n\t\t<meta property=\"og:image:secure_url\" content=\"https:\/\/www.jornalja.com.br\/economics\/wp-content\/uploads\/sites\/11\/2026\/08\/ja-folhaderosto-facebook.jpg\" \/>\n\t\t<meta property=\"article:published_time\" content=\"2017-02-08T17:48:36+00:00\" \/>\n\t\t<meta property=\"article:modified_time\" content=\"2017-02-08T17:48:36+00:00\" \/>\n\t\t<meta name=\"twitter:card\" content=\"summary\" \/>\n\t\t<meta name=\"twitter:title\" content=\"R$ 55 milh\u00f5es foi o valor que a Corag repassou ao governo em 5 anos | Arquivo\" \/>\n\t\t<meta name=\"twitter:image\" content=\"https:\/\/www.jornalja.com.br\/economics\/wp-content\/uploads\/sites\/11\/2026\/08\/ja-folhaderosto-facebook.jpg\" \/>\n\t\t<script type=\"application\/ld+json\" class=\"aioseo-schema\">\n\t\t\t{\"@context\":\"https:\\\/\\\/schema.org\",\"@graph\":[{\"@type\":\"BlogPosting\",\"@id\":\"https:\\\/\\\/www.jornalja.com.br\\\/arquivo\\\/cr-55-milhoes-foi-o-valor-que-a-corag-repassou-ao-governo-em-5-anos\\\/#blogposting\",\"name\":\"R$ 55 milh\\u00f5es foi o valor que a Corag repassou ao governo em 5 anos | Arquivo\",\"headline\":\"R$ 55 milh\\u00f5es foi o valor que a Corag repassou ao governo em  5 anos\",\"author\":{\"@id\":\"https:\\\/\\\/www.jornalja.com.br\\\/arquivo\\\/author\\\/daredacao\\\/#author\"},\"publisher\":{\"@id\":\"https:\\\/\\\/www.jornalja.com.br\\\/arquivo\\\/#organization\"},\"image\":{\"@type\":\"ImageObject\",\"url\":44302},\"datePublished\":\"2017-02-08T14:48:36-02:00\",\"dateModified\":\"2017-02-08T14:48:36-02:00\",\"inLanguage\":\"pt-BR\",\"mainEntityOfPage\":{\"@id\":\"https:\\\/\\\/www.jornalja.com.br\\\/arquivo\\\/cr-55-milhoes-foi-o-valor-que-a-corag-repassou-ao-governo-em-5-anos\\\/#webpage\"},\"isPartOf\":{\"@id\":\"https:\\\/\\\/www.jornalja.com.br\\\/arquivo\\\/cr-55-milhoes-foi-o-valor-que-a-corag-repassou-ao-governo-em-5-anos\\\/#webpage\"},\"articleSection\":\"Geral\"},{\"@type\":\"BreadcrumbList\",\"@id\":\"https:\\\/\\\/www.jornalja.com.br\\\/arquivo\\\/cr-55-milhoes-foi-o-valor-que-a-corag-repassou-ao-governo-em-5-anos\\\/#breadcrumblist\",\"itemListElement\":[{\"@type\":\"ListItem\",\"@id\":\"https:\\\/\\\/www.jornalja.com.br\\\/arquivo#listItem\",\"position\":1,\"name\":\"Home\",\"item\":\"https:\\\/\\\/www.jornalja.com.br\\\/arquivo\",\"nextItem\":{\"@type\":\"ListItem\",\"@id\":\"https:\\\/\\\/www.jornalja.com.br\\\/arquivo\\\/category\\\/geral\\\/#listItem\",\"name\":\"Geral\"}},{\"@type\":\"ListItem\",\"@id\":\"https:\\\/\\\/www.jornalja.com.br\\\/arquivo\\\/category\\\/geral\\\/#listItem\",\"position\":2,\"name\":\"Geral\",\"item\":\"https:\\\/\\\/www.jornalja.com.br\\\/arquivo\\\/category\\\/geral\\\/\",\"nextItem\":{\"@type\":\"ListItem\",\"@id\":\"https:\\\/\\\/www.jornalja.com.br\\\/arquivo\\\/cr-55-milhoes-foi-o-valor-que-a-corag-repassou-ao-governo-em-5-anos\\\/#listItem\",\"name\":\"R$ 55 milh\\u00f5es foi o valor que a Corag repassou ao governo em  5 anos\"},\"previousItem\":{\"@type\":\"ListItem\",\"@id\":\"https:\\\/\\\/www.jornalja.com.br\\\/arquivo#listItem\",\"name\":\"Home\"}},{\"@type\":\"ListItem\",\"@id\":\"https:\\\/\\\/www.jornalja.com.br\\\/arquivo\\\/cr-55-milhoes-foi-o-valor-que-a-corag-repassou-ao-governo-em-5-anos\\\/#listItem\",\"position\":3,\"name\":\"R$ 55 milh\\u00f5es foi o valor que a Corag repassou ao governo em  5 anos\",\"previousItem\":{\"@type\":\"ListItem\",\"@id\":\"https:\\\/\\\/www.jornalja.com.br\\\/arquivo\\\/category\\\/geral\\\/#listItem\",\"name\":\"Geral\"}}]},{\"@type\":\"Organization\",\"@id\":\"https:\\\/\\\/www.jornalja.com.br\\\/arquivo\\\/#organization\",\"name\":\"Jornal J\\u00c1\",\"description\":\"Jornal J\\u00c1 | Porto Alegre\",\"url\":\"https:\\\/\\\/www.jornalja.com.br\\\/arquivo\\\/\",\"telephone\":\"+555133307272\",\"logo\":{\"@type\":\"ImageObject\",\"url\":\"https:\\\/\\\/www.jornalja.com.br\\\/wp-content\\\/uploads\\\/cards\\\/JAslogan.png\",\"@id\":\"https:\\\/\\\/www.jornalja.com.br\\\/arquivo\\\/cr-55-milhoes-foi-o-valor-que-a-corag-repassou-ao-governo-em-5-anos\\\/#organizationLogo\"},\"image\":{\"@id\":\"https:\\\/\\\/www.jornalja.com.br\\\/arquivo\\\/cr-55-milhoes-foi-o-valor-que-a-corag-repassou-ao-governo-em-5-anos\\\/#organizationLogo\"}},{\"@type\":\"Person\",\"@id\":\"https:\\\/\\\/www.jornalja.com.br\\\/arquivo\\\/author\\\/daredacao\\\/#author\",\"url\":\"https:\\\/\\\/www.jornalja.com.br\\\/arquivo\\\/author\\\/daredacao\\\/\",\"name\":\"da Reda\\u00e7\\u00e3o\",\"image\":{\"@type\":\"ImageObject\",\"@id\":\"https:\\\/\\\/www.jornalja.com.br\\\/arquivo\\\/cr-55-milhoes-foi-o-valor-que-a-corag-repassou-ao-governo-em-5-anos\\\/#authorImage\",\"url\":\"https:\\\/\\\/secure.gravatar.com\\\/avatar\\\/469fd857d6605ad19919d27ed29d35a968a25f6e8fd9318356bbb7f57aae9c65?s=96&d=mm&r=g\",\"width\":96,\"height\":96,\"caption\":\"da Reda\\u00e7\\u00e3o\"}},{\"@type\":\"WebPage\",\"@id\":\"https:\\\/\\\/www.jornalja.com.br\\\/arquivo\\\/cr-55-milhoes-foi-o-valor-que-a-corag-repassou-ao-governo-em-5-anos\\\/#webpage\",\"url\":\"https:\\\/\\\/www.jornalja.com.br\\\/arquivo\\\/cr-55-milhoes-foi-o-valor-que-a-corag-repassou-ao-governo-em-5-anos\\\/\",\"name\":\"R$ 55 milh\\u00f5es foi o valor que a Corag repassou ao governo em 5 anos | Arquivo\",\"inLanguage\":\"pt-BR\",\"isPartOf\":{\"@id\":\"https:\\\/\\\/www.jornalja.com.br\\\/arquivo\\\/#website\"},\"breadcrumb\":{\"@id\":\"https:\\\/\\\/www.jornalja.com.br\\\/arquivo\\\/cr-55-milhoes-foi-o-valor-que-a-corag-repassou-ao-governo-em-5-anos\\\/#breadcrumblist\"},\"author\":{\"@id\":\"https:\\\/\\\/www.jornalja.com.br\\\/arquivo\\\/author\\\/daredacao\\\/#author\"},\"creator\":{\"@id\":\"https:\\\/\\\/www.jornalja.com.br\\\/arquivo\\\/author\\\/daredacao\\\/#author\"},\"image\":{\"@type\":\"ImageObject\",\"url\":44302,\"@id\":\"https:\\\/\\\/www.jornalja.com.br\\\/arquivo\\\/cr-55-milhoes-foi-o-valor-que-a-corag-repassou-ao-governo-em-5-anos\\\/#mainImage\"},\"primaryImageOfPage\":{\"@id\":\"https:\\\/\\\/www.jornalja.com.br\\\/arquivo\\\/cr-55-milhoes-foi-o-valor-que-a-corag-repassou-ao-governo-em-5-anos\\\/#mainImage\"},\"datePublished\":\"2017-02-08T14:48:36-02:00\",\"dateModified\":\"2017-02-08T14:48:36-02:00\"},{\"@type\":\"WebSite\",\"@id\":\"https:\\\/\\\/www.jornalja.com.br\\\/arquivo\\\/#website\",\"url\":\"https:\\\/\\\/www.jornalja.com.br\\\/arquivo\\\/\",\"name\":\"Arquivo\",\"description\":\"Jornal J\\u00c1 | Porto Alegre\",\"inLanguage\":\"pt-BR\",\"publisher\":{\"@id\":\"https:\\\/\\\/www.jornalja.com.br\\\/arquivo\\\/#organization\"}}]}\n\t\t<\/script>\n\t\t<!-- All in One SEO -->\n\n","aioseo_head_json":{"title":"R$ 55 milh\u00f5es foi o valor que a Corag repassou ao governo em 5 anos | Arquivo","description":"","canonical_url":"https:\/\/www.jornalja.com.br\/arquivo\/cr-55-milhoes-foi-o-valor-que-a-corag-repassou-ao-governo-em-5-anos\/","robots":"max-image-preview:large","keywords":"","webmasterTools":{"miscellaneous":""},"schema":{"@context":"https:\/\/schema.org","@graph":[{"@type":"BlogPosting","@id":"https:\/\/www.jornalja.com.br\/arquivo\/cr-55-milhoes-foi-o-valor-que-a-corag-repassou-ao-governo-em-5-anos\/#blogposting","name":"R$ 55 milh\u00f5es foi o valor que a Corag repassou ao governo em 5 anos | Arquivo","headline":"R$ 55 milh\u00f5es foi o valor que a Corag repassou ao governo em  5 anos","author":{"@id":"https:\/\/www.jornalja.com.br\/arquivo\/author\/daredacao\/#author"},"publisher":{"@id":"https:\/\/www.jornalja.com.br\/arquivo\/#organization"},"image":{"@type":"ImageObject","url":44302},"datePublished":"2017-02-08T14:48:36-02:00","dateModified":"2017-02-08T14:48:36-02:00","inLanguage":"pt-BR","mainEntityOfPage":{"@id":"https:\/\/www.jornalja.com.br\/arquivo\/cr-55-milhoes-foi-o-valor-que-a-corag-repassou-ao-governo-em-5-anos\/#webpage"},"isPartOf":{"@id":"https:\/\/www.jornalja.com.br\/arquivo\/cr-55-milhoes-foi-o-valor-que-a-corag-repassou-ao-governo-em-5-anos\/#webpage"},"articleSection":"Geral"},{"@type":"BreadcrumbList","@id":"https:\/\/www.jornalja.com.br\/arquivo\/cr-55-milhoes-foi-o-valor-que-a-corag-repassou-ao-governo-em-5-anos\/#breadcrumblist","itemListElement":[{"@type":"ListItem","@id":"https:\/\/www.jornalja.com.br\/arquivo#listItem","position":1,"name":"Home","item":"https:\/\/www.jornalja.com.br\/arquivo","nextItem":{"@type":"ListItem","@id":"https:\/\/www.jornalja.com.br\/arquivo\/category\/geral\/#listItem","name":"Geral"}},{"@type":"ListItem","@id":"https:\/\/www.jornalja.com.br\/arquivo\/category\/geral\/#listItem","position":2,"name":"Geral","item":"https:\/\/www.jornalja.com.br\/arquivo\/category\/geral\/","nextItem":{"@type":"ListItem","@id":"https:\/\/www.jornalja.com.br\/arquivo\/cr-55-milhoes-foi-o-valor-que-a-corag-repassou-ao-governo-em-5-anos\/#listItem","name":"R$ 55 milh\u00f5es foi o valor que a Corag repassou ao governo em  5 anos"},"previousItem":{"@type":"ListItem","@id":"https:\/\/www.jornalja.com.br\/arquivo#listItem","name":"Home"}},{"@type":"ListItem","@id":"https:\/\/www.jornalja.com.br\/arquivo\/cr-55-milhoes-foi-o-valor-que-a-corag-repassou-ao-governo-em-5-anos\/#listItem","position":3,"name":"R$ 55 milh\u00f5es foi o valor que a Corag repassou ao governo em  5 anos","previousItem":{"@type":"ListItem","@id":"https:\/\/www.jornalja.com.br\/arquivo\/category\/geral\/#listItem","name":"Geral"}}]},{"@type":"Organization","@id":"https:\/\/www.jornalja.com.br\/arquivo\/#organization","name":"Jornal J\u00c1","description":"Jornal J\u00c1 | Porto Alegre","url":"https:\/\/www.jornalja.com.br\/arquivo\/","telephone":"+555133307272","logo":{"@type":"ImageObject","url":"https:\/\/www.jornalja.com.br\/wp-content\/uploads\/cards\/JAslogan.png","@id":"https:\/\/www.jornalja.com.br\/arquivo\/cr-55-milhoes-foi-o-valor-que-a-corag-repassou-ao-governo-em-5-anos\/#organizationLogo"},"image":{"@id":"https:\/\/www.jornalja.com.br\/arquivo\/cr-55-milhoes-foi-o-valor-que-a-corag-repassou-ao-governo-em-5-anos\/#organizationLogo"}},{"@type":"Person","@id":"https:\/\/www.jornalja.com.br\/arquivo\/author\/daredacao\/#author","url":"https:\/\/www.jornalja.com.br\/arquivo\/author\/daredacao\/","name":"da Reda\u00e7\u00e3o","image":{"@type":"ImageObject","@id":"https:\/\/www.jornalja.com.br\/arquivo\/cr-55-milhoes-foi-o-valor-que-a-corag-repassou-ao-governo-em-5-anos\/#authorImage","url":"https:\/\/secure.gravatar.com\/avatar\/469fd857d6605ad19919d27ed29d35a968a25f6e8fd9318356bbb7f57aae9c65?s=96&d=mm&r=g","width":96,"height":96,"caption":"da Reda\u00e7\u00e3o"}},{"@type":"WebPage","@id":"https:\/\/www.jornalja.com.br\/arquivo\/cr-55-milhoes-foi-o-valor-que-a-corag-repassou-ao-governo-em-5-anos\/#webpage","url":"https:\/\/www.jornalja.com.br\/arquivo\/cr-55-milhoes-foi-o-valor-que-a-corag-repassou-ao-governo-em-5-anos\/","name":"R$ 55 milh\u00f5es foi o valor que a Corag repassou ao governo em 5 anos | Arquivo","inLanguage":"pt-BR","isPartOf":{"@id":"https:\/\/www.jornalja.com.br\/arquivo\/#website"},"breadcrumb":{"@id":"https:\/\/www.jornalja.com.br\/arquivo\/cr-55-milhoes-foi-o-valor-que-a-corag-repassou-ao-governo-em-5-anos\/#breadcrumblist"},"author":{"@id":"https:\/\/www.jornalja.com.br\/arquivo\/author\/daredacao\/#author"},"creator":{"@id":"https:\/\/www.jornalja.com.br\/arquivo\/author\/daredacao\/#author"},"image":{"@type":"ImageObject","url":44302,"@id":"https:\/\/www.jornalja.com.br\/arquivo\/cr-55-milhoes-foi-o-valor-que-a-corag-repassou-ao-governo-em-5-anos\/#mainImage"},"primaryImageOfPage":{"@id":"https:\/\/www.jornalja.com.br\/arquivo\/cr-55-milhoes-foi-o-valor-que-a-corag-repassou-ao-governo-em-5-anos\/#mainImage"},"datePublished":"2017-02-08T14:48:36-02:00","dateModified":"2017-02-08T14:48:36-02:00"},{"@type":"WebSite","@id":"https:\/\/www.jornalja.com.br\/arquivo\/#website","url":"https:\/\/www.jornalja.com.br\/arquivo\/","name":"Arquivo","description":"Jornal J\u00c1 | Porto Alegre","inLanguage":"pt-BR","publisher":{"@id":"https:\/\/www.jornalja.com.br\/arquivo\/#organization"}}]},"og:locale":"pt_BR","og:site_name":"Arquivo | Jornal J\u00c1 | Porto Alegre","og:type":"article","og:title":"R$ 55 milh\u00f5es foi o valor que a Corag repassou ao governo em 5 anos | Arquivo","og:url":"https:\/\/www.jornalja.com.br\/arquivo\/cr-55-milhoes-foi-o-valor-que-a-corag-repassou-ao-governo-em-5-anos\/","og:image":"https:\/\/www.jornalja.com.br\/economics\/wp-content\/uploads\/sites\/11\/2026\/08\/ja-folhaderosto-facebook.jpg","og:image:secure_url":"https:\/\/www.jornalja.com.br\/economics\/wp-content\/uploads\/sites\/11\/2026\/08\/ja-folhaderosto-facebook.jpg","article:published_time":"2017-02-08T17:48:36+00:00","article:modified_time":"2017-02-08T17:48:36+00:00","twitter:card":"summary","twitter:title":"R$ 55 milh\u00f5es foi o valor que a Corag repassou ao governo em 5 anos | Arquivo","twitter:image":"https:\/\/www.jornalja.com.br\/economics\/wp-content\/uploads\/sites\/11\/2026\/08\/ja-folhaderosto-facebook.jpg"},"aioseo_meta_data":{"post_id":"44299","title":null,"description":null,"keywords":null,"keyphrases":null,"primary_term":null,"canonical_url":null,"og_title":null,"og_description":null,"og_object_type":"default","og_image_type":"default","og_image_url":null,"og_image_width":null,"og_image_height":null,"og_image_custom_url":null,"og_image_custom_fields":null,"og_video":null,"og_custom_url":null,"og_article_section":null,"og_article_tags":null,"twitter_use_og":false,"twitter_card":"default","twitter_image_type":"default","twitter_image_url":null,"twitter_image_custom_url":null,"twitter_image_custom_fields":null,"twitter_title":null,"twitter_description":null,"schema":{"blockGraphs":[],"customGraphs":[],"default":{"data":{"Article":[],"Course":[],"Dataset":[],"FAQPage":[],"Movie":[],"Person":[],"Product":[],"ProductReview":[],"Car":[],"Recipe":[],"Service":[],"SoftwareApplication":[],"WebPage":[]},"graphName":"","isEnabled":true},"graphs":[],"defaultGraph":"","defaultPostTypeGraph":""},"schema_type":null,"schema_type_options":null,"pillar_content":false,"robots_default":true,"robots_noindex":false,"robots_noarchive":false,"robots_nosnippet":false,"robots_nofollow":false,"robots_noimageindex":false,"robots_noodp":false,"robots_notranslate":false,"robots_max_snippet":null,"robots_max_videopreview":null,"robots_max_imagepreview":"large","priority":null,"frequency":null,"location":null,"local_seo":null,"breadcrumb_settings":null,"limit_modified_date":false,"ai":null,"created":"2020-12-20 20:40:48","updated":"2025-07-19 19:49:35","seo_analyzer_scan_date":null,"focus_keyword":null,"additional_keywords":null,"truseo_locale":null},"jetpack_sharing_enabled":true,"jetpack-related-posts":[{"id":13101,"url":"https:\/\/www.jornalja.com.br\/arquivo\/morre-um-guerreiro-do-texto\/","url_meta":{"origin":44299,"position":0},"title":"Morre um guerreiro do texto","author":"Patr\u00edcia Marini","date":"14 de maio de 2014","format":false,"excerpt":"Por Ricardo Kotscho Reproduzido do blog do autor, 11\/5\/2014; t\u00edtulo original \u201cE l\u00e1 se foi o nosso Myltainho, guerreiro do texto\u201d. Mi\u00fado e franzino, meu amigo Myltainho era um valente e inconformado guerreiro na luta contra as injusti\u00e7as sociais, a hipocrisia, as maracutaias, o autoritarismo, a intoler\u00e2ncia, a viol\u00eancia, o\u2026","rel":"","context":"Em &quot;Geral&quot;","block_context":{"text":"Geral","link":"https:\/\/www.jornalja.com.br\/arquivo\/category\/geral\/"},"img":{"alt_text":"","src":"","width":0,"height":0},"classes":[]},{"id":13124,"url":"https:\/\/www.jornalja.com.br\/arquivo\/sangue-latino-no-iecine\/","url_meta":{"origin":44299,"position":1},"title":"Sangue latino no IECINE","author":"da Reda\u00e7\u00e3o","date":"18 de maio de 2014","format":false,"excerpt":"Francisco Ribeiro O Instituto Estadual de Cinema (IECINE) tem a frente, desde abril \u00faltimo, um novo diretor, o cineasta colombiano Juan Zapata, 36, que substitui Luiz Alberto Cassol. Radicado h\u00e1 dez anos em Porto Alegre, Zapata tem diante de si o desafio de conduzir at\u00e9 o final do ano um\u2026","rel":"","context":"Em &quot;Cultura-Geral&quot;","block_context":{"text":"Cultura-Geral","link":"https:\/\/www.jornalja.com.br\/arquivo\/category\/materiasecundaria\/"},"img":{"alt_text":"","src":"","width":0,"height":0},"classes":[]},{"id":12960,"url":"https:\/\/www.jornalja.com.br\/arquivo\/populacao-culpa-empresas-pela-greve-dos-rodoviarios\/","url_meta":{"origin":44299,"position":2},"title":"Popula\u00e7\u00e3o culpa empresas pela greve","author":"Patr\u00edcia Marini","date":"14 de fevereiro de 2014","format":false,"excerpt":"Pesquisa divulgada na edi\u00e7\u00e3o do jornal Metro desta sexta-feira,14, comprova o velho ditado: \u00e9 poss\u00edvel enganar muitos por algum tempo, mas n\u00e3o \u00e9 poss\u00edvel enganar a todos o tempo inteiro. A principal revela\u00e7\u00e3o foi que 59,8% dos entrevistados apontaram as empresas como as principais respons\u00e1veis pela grave e 46% culparam\u2026","rel":"","context":"Em &quot;X.Categorias velhas&quot;","block_context":{"text":"X.Categorias velhas","link":"https:\/\/www.jornalja.com.br\/arquivo\/category\/x-categorias-velhas\/"},"img":{"alt_text":"","src":"","width":0,"height":0},"classes":[]},{"id":5440,"url":"https:\/\/www.jornalja.com.br\/arquivo\/casarao-da-venancio-destino-permanece-incerto\/","url_meta":{"origin":44299,"position":3},"title":"Estado ainda n\u00e3o sabe o que fazer com casar\u00e3o abandonado h\u00e1 20 anos","author":"Elmar Bones","date":"6 de julho de 2009","format":false,"excerpt":"O casar\u00e3o amarelo, numa esquina nobre de Porto Alegre (Ven\u00e2ncio Aires com Jo\u00e3o Pessoa), j\u00e1 abrigou uma escola. H\u00e1 duas d\u00e9cadas, pelo menos, est\u00e1 abandonado, porque seu propriet\u00e1rio, o governo do Estado do Rio Grande do Sul, n\u00e3o consegue achar um destino para ele. Planos n\u00e3o faltaram. O governador Ol\u00edvio\u2026","rel":"","context":"Em &quot;X.Categorias velhas&quot;","block_context":{"text":"X.Categorias velhas","link":"https:\/\/www.jornalja.com.br\/arquivo\/category\/x-categorias-velhas\/"},"img":{"alt_text":"geraldo1","src":"https:\/\/i0.wp.com\/www.jornalja.com.br\/wp-content\/uploads\/2009\/07\/geraldo1.jpg?resize=350%2C200&ssl=1","width":350,"height":200},"classes":[]},{"id":14241,"url":"https:\/\/www.jornalja.com.br\/arquivo\/o-guaiba-nas-imagens-poeticas-de-achutti\/","url_meta":{"origin":44299,"position":4},"title":"O Gua\u00edba nas imagens po\u00e9ticas de Achutti","author":"da Reda\u00e7\u00e3o","date":"18 de junho de 2014","format":false,"excerpt":"Em \u201cO Gua\u00edba por Achutti\u201d \u2013 obra financiada via Minist\u00e9rio da Cultura, produ\u00e7\u00e3o executiva de Pedro Longhi, e Fl\u00e1vio Wild como designer \u2013, o fot\u00f3grafo revela a beleza e as mazelas de um espa\u00e7o aqu\u00e1tico de \u00e1guas sempre renovadas, cheio de hist\u00f3rias e lendas como as das cidades que foram\u2026","rel":"","context":"Em &quot;Cultura-Geral&quot;","block_context":{"text":"Cultura-Geral","link":"https:\/\/www.jornalja.com.br\/arquivo\/category\/materiasecundaria\/"},"img":{"alt_text":"","src":"","width":0,"height":0},"classes":[]},{"id":13240,"url":"https:\/\/www.jornalja.com.br\/arquivo\/plano-diretor-estamos-construindo-o-caos\/","url_meta":{"origin":44299,"position":5},"title":"Plano diretor: &quot;Estamos construindo o caos&quot;","author":"Patr\u00edcia Marini","date":"26 de maio de 2014","format":false,"excerpt":"Desabafo que arquiteta Eliana Castilhos, delegada da Regi\u00e3o de Planejamento 1, postou nas redes sociais \u00e9 um testemunho do ambiente que se criou no Conselho do Plano Diretor de Porto Alegre, onde a aprova\u00e7\u00e3o de grandes empreendimentos \u00e9 empurrada guela abaixo dos conselheiros. Ao CMDUA Como delegada da Regi\u00e3o de\u2026","rel":"","context":"Em &quot;Geral&quot;","block_context":{"text":"Geral","link":"https:\/\/www.jornalja.com.br\/arquivo\/category\/geral\/"},"img":{"alt_text":"","src":"","width":0,"height":0},"classes":[]}],"jetpack_shortlink":"https:\/\/wp.me\/pbQjBd-bwv","jetpack_featured_media_url":"","_links":{"self":[{"href":"https:\/\/www.jornalja.com.br\/arquivo\/wp-json\/wp\/v2\/posts\/44299","targetHints":{"allow":["GET"]}}],"collection":[{"href":"https:\/\/www.jornalja.com.br\/arquivo\/wp-json\/wp\/v2\/posts"}],"about":[{"href":"https:\/\/www.jornalja.com.br\/arquivo\/wp-json\/wp\/v2\/types\/post"}],"author":[{"embeddable":true,"href":"https:\/\/www.jornalja.com.br\/arquivo\/wp-json\/wp\/v2\/users\/4"}],"replies":[{"embeddable":true,"href":"https:\/\/www.jornalja.com.br\/arquivo\/wp-json\/wp\/v2\/comments?post=44299"}],"version-history":[{"count":0,"href":"https:\/\/www.jornalja.com.br\/arquivo\/wp-json\/wp\/v2\/posts\/44299\/revisions"}],"wp:attachment":[{"href":"https:\/\/www.jornalja.com.br\/arquivo\/wp-json\/wp\/v2\/media?parent=44299"}],"wp:term":[{"taxonomy":"category","embeddable":true,"href":"https:\/\/www.jornalja.com.br\/arquivo\/wp-json\/wp\/v2\/categories?post=44299"},{"taxonomy":"post_tag","embeddable":true,"href":"https:\/\/www.jornalja.com.br\/arquivo\/wp-json\/wp\/v2\/tags?post=44299"}],"curies":[{"name":"wp","href":"https:\/\/api.w.org\/{rel}","templated":true}]}}