{"id":44310,"date":"2017-02-08T15:15:39","date_gmt":"2017-02-08T18:15:39","guid":{"rendered":"https:\/\/www.jornalja.com.br\/?p=44310"},"modified":"2017-02-08T15:15:39","modified_gmt":"2017-02-08T18:15:39","slug":"o-que-esta-por-tras-da-divida-dos-estados","status":"publish","type":"post","link":"https:\/\/www.jornalja.com.br\/arquivo\/o-que-esta-por-tras-da-divida-dos-estados\/","title":{"rendered":"O que est\u00e1 por tr\u00e1s da d\u00edvida dos Estados"},"content":{"rendered":"<p><span class=\"assina\">J. Carlos de Assis<\/span><br \/>\nA pra\u00e7a de guerra e de pilhagem em que se transformou Vit\u00f3ria, no Esp\u00edrito Santo, \u00e9 o novo normal da sociedade brasileira.<br \/>\n\u00c9 a pr\u00f3pria express\u00e3o da fal\u00eancia dos Estados, dos quais nada menos que 12 viram seu PIB retroceder at\u00e9 2010, de acordo com a consultoria Tend\u00eancias citada pelo jornal O Globo.<br \/>\nO que o jornal n\u00e3o diz \u00e9 o que est\u00e1 provocando essa trag\u00e9dia econ\u00f4mica e social da qual n\u00e3o se vislumbra nenhuma sinal de recupera\u00e7\u00e3o no horizonte. Parece que \u00e9 obra da ira divina, e n\u00e3o culpa dos homens.<br \/>\nTenho repetido com frequ\u00eancia que a raz\u00e3o \u00faltima da crise dos Estados \u00e9 a d\u00edvida que lhes foi imputada pelo Governo Federal. \u00c9 uma d\u00edvida que nunca existiu, pois foi paga na origem pelo Governo Federal em nome dos Estados.<br \/>\nNuma Federa\u00e7\u00e3o, se a Uni\u00e3o paga uma d\u00edvida do conjunto dos Estados, quem est\u00e1 pagando, em \u00faltima an\u00e1lise, \u00e9 o contribuinte l\u00e1 na base da pir\u00e2mide federativa, isto \u00e9, no munic\u00edpio. Ele n\u00e3o pode ser cobrado duas vezes. E, tendo sido cobrado, os pagamentos indevidos devem ser ressarcidos.<br \/>\nMuitas pessoas tem se perturbado com o fato de que apenas agora, quase 30 anos depois que a d\u00edvida dos Estados junto \u00e0 Uni\u00e3o foi consolidada, descobriu-se que ela \u00e9 simplesmente nula.<br \/>\nExpliquei as raz\u00f5es em artigos anteriores, sendo o principal motivo o fato de que, quando a d\u00edvida foi constitu\u00edda, ningu\u00e9m estava preocupado com sua origem, mas com sua aplica\u00e7\u00e3o na forma de super\u00e1vit prim\u00e1rio.<br \/>\nTenho por\u00e9m constatado uma raz\u00e3o mais forte. As pessoas deixam-se levar por conceitos cont\u00e1beis que n\u00e3o se aplicam ao caso.<br \/>\nNa verdade, o que est\u00e1 por tr\u00e1s da d\u00edvida dos Estados (e de alguns munic\u00edpios) s\u00e3o elementos da rela\u00e7\u00e3o federativa, n\u00e3o de rela\u00e7\u00f5es cont\u00e1beis entre entes abstratos.<br \/>\nDo ponto de vista federativo, Uni\u00e3o, Estados e Munic\u00edpios se superp\u00f5em. \u00c9 o mun\u00edcipe, na base da pir\u00e2mide, que responde por toda a escala tribut\u00e1ria, dividida com os outros dois entes federativos segundo tributos diferenciados.<br \/>\nQuando a Uni\u00e3o paga uma d\u00edvida de Estado ou de Munic\u00edpio, ela os est\u00e1 substituindo com dinheiro tirado do contribuinte na base da pir\u00e2mide.<br \/>\nNo caso, a Uni\u00e3o n\u00e3o pagou a d\u00edvida original dos Estados com tributos, mas com t\u00edtulos da d\u00edvida p\u00fablica dados aos bancos. A\u00ed a rela\u00e7\u00e3o federativa fica mais clara. De quem \u00e9 o d\u00e9bito relativo ao t\u00edtulo, se n\u00e3o do cidad\u00e3o brasileiro em geral?<br \/>\nSe \u00e9 este cidad\u00e3o que, em \u00faltima inst\u00e2ncia, pagou a d\u00edvida assumida pela Uni\u00e3o, por que cobrar dele novamente como contribuinte estadual? A d\u00edvida est\u00e1 paga. A Uni\u00e3o decidiu pag\u00e1-la porque quis, atendendo a press\u00f5es do FMI para fechar os bancos oficiais estaduais. Isso \u00e9 indiscut\u00edvel.<br \/>\nC\u00e1lculos que citei anteriormente demonstram que R$ 277 bilh\u00f5es a t\u00edtulo de presta\u00e7\u00f5es da d\u00edvida foram pagos indevidamente. Isso deve ser restitu\u00eddo. Se for restitu\u00eddo, digamos, em cinco parcelas de R$ 54,5 bilh\u00f5es por ano poderia formar a base de um tremendo programa keynesiano de retomada da economia via Estados.<br \/>\nObviamente, como estamos em depress\u00e3o e a receita tribut\u00e1ria est\u00e1 caindo, seria necess\u00e1rio emitir t\u00edtulos nesse montante para bancar a restitui\u00e7\u00e3o. \u00c9 uma quantia \u00ednfima de t\u00edtulos em rela\u00e7\u00e3o ao que se paga de juros.<br \/>\nDe fato, a d\u00edvida p\u00fablica no ano passado cresceu nada menos do que aproximadamente R$ 350 bilh\u00f5es, nove vezes o montante que seria resgatado anualmente aos Estados ao longo de cinco anos.<br \/>\nA diferen\u00e7a \u00e9 que o dinheiro devolvido aos Estados serviria para investimentos e gastos p\u00fabicos essenciais, levando \u00e0 retomada da economia, enquanto os t\u00edtulos que o Governo emitiu no ano passado n\u00e3o financiaram gastos na economia real, mas giraram na fornalha da especula\u00e7\u00e3o financeira, enriquecendo banqueiros e financistas.<br \/>\nS\u00f3 existe um obst\u00e1culo para a solu\u00e7\u00e3o da crise\u00a0 financeira dos Estados a partir do reconhecimento da nulidade da d\u00edvida, cancelando pagamentos da ordem de R$ 476 bilh\u00f5es nos pr\u00f3ximos anos: a covardia dos governadores em enfrentar o Governo Federal.<br \/>\nIgnorando que a o estrangulamento de seus Estados faz parte de um plano internacional para liquidar o setor p\u00fablico e criar espa\u00e7o para sua privatiza\u00e7\u00e3o, os governadores se limitam a mendigar em Bras\u00edlia, vendendo ativos de seus Estados e, em \u00faltima an\u00e1lise, traindo seus constituintes.<br \/>\nQue saudade de Magalh\u00e3es Pinto em Minas, Carlos Lacerda no Rio e Ademar de Barros em S\u00e3o Paulo: a federa\u00e7\u00e3o estaria salva, independentemente de ideologias!<\/p>\n","protected":false},"excerpt":{"rendered":"<p>J. Carlos de Assis A pra\u00e7a de guerra e de pilhagem em que se transformou Vit\u00f3ria, no Esp\u00edrito Santo, \u00e9 o novo normal da sociedade brasileira. \u00c9 a pr\u00f3pria express\u00e3o da fal\u00eancia dos Estados, dos quais nada menos que 12 viram seu PIB retroceder at\u00e9 2010, de acordo com a consultoria Tend\u00eancias citada pelo jornal [&hellip;]<\/p>\n","protected":false},"author":4,"featured_media":0,"comment_status":"open","ping_status":"closed","sticky":false,"template":"","format":"standard","meta":{"_jetpack_newsletter_access":"","_jetpack_dont_email_post_to_subs":false,"_jetpack_newsletter_tier_id":0,"_jetpack_memberships_contains_paywalled_content":false,"_jetpack_feature_clip_id":0,"_jetpack_memberships_contains_paid_content":false,"footnotes":"","jetpack_post_was_ever_published":false},"categories":[10],"tags":[],"class_list":["post-44310","post","type-post","status-publish","format-standard","hentry","category-analiseopiniao"],"aioseo_notices":[],"aioseo_head":"\n\t\t<!-- All in One SEO 5.0.1.1 - aioseo.com -->\n\t<meta name=\"robots\" content=\"max-image-preview:large\" \/>\n\t<meta name=\"author\" content=\"da Reda\u00e7\u00e3o\"\/>\n\t<link rel=\"canonical\" href=\"https:\/\/www.jornalja.com.br\/arquivo\/o-que-esta-por-tras-da-divida-dos-estados\/\" \/>\n\t<meta name=\"generator\" content=\"All in One SEO (AIOSEO) 5.0.1.1\" \/>\n\t\t<meta property=\"og:locale\" content=\"pt_BR\" \/>\n\t\t<meta property=\"og:site_name\" content=\"Arquivo | Jornal J\u00c1 | Porto Alegre\" \/>\n\t\t<meta property=\"og:type\" content=\"article\" \/>\n\t\t<meta property=\"og:title\" content=\"O que est\u00e1 por tr\u00e1s da d\u00edvida dos Estados | Arquivo\" \/>\n\t\t<meta property=\"og:url\" content=\"https:\/\/www.jornalja.com.br\/arquivo\/o-que-esta-por-tras-da-divida-dos-estados\/\" \/>\n\t\t<meta property=\"og:image\" content=\"https:\/\/www.jornalja.com.br\/economics\/wp-content\/uploads\/sites\/11\/2026\/08\/ja-folhaderosto-facebook.jpg\" \/>\n\t\t<meta property=\"og:image:secure_url\" content=\"https:\/\/www.jornalja.com.br\/economics\/wp-content\/uploads\/sites\/11\/2026\/08\/ja-folhaderosto-facebook.jpg\" \/>\n\t\t<meta property=\"article:published_time\" content=\"2017-02-08T18:15:39+00:00\" \/>\n\t\t<meta property=\"article:modified_time\" content=\"2017-02-08T18:15:39+00:00\" \/>\n\t\t<meta name=\"twitter:card\" content=\"summary\" \/>\n\t\t<meta name=\"twitter:title\" content=\"O que est\u00e1 por tr\u00e1s da d\u00edvida dos Estados | Arquivo\" \/>\n\t\t<meta name=\"twitter:image\" content=\"https:\/\/www.jornalja.com.br\/economics\/wp-content\/uploads\/sites\/11\/2026\/08\/ja-folhaderosto-facebook.jpg\" \/>\n\t\t<script type=\"application\/ld+json\" class=\"aioseo-schema\">\n\t\t\t{\"@context\":\"https:\\\/\\\/schema.org\",\"@graph\":[{\"@type\":\"BlogPosting\",\"@id\":\"https:\\\/\\\/www.jornalja.com.br\\\/arquivo\\\/o-que-esta-por-tras-da-divida-dos-estados\\\/#blogposting\",\"name\":\"O que est\\u00e1 por tr\\u00e1s da d\\u00edvida dos Estados | Arquivo\",\"headline\":\"O que est\\u00e1 por tr\\u00e1s da d\\u00edvida dos Estados\",\"author\":{\"@id\":\"https:\\\/\\\/www.jornalja.com.br\\\/arquivo\\\/author\\\/daredacao\\\/#author\"},\"publisher\":{\"@id\":\"https:\\\/\\\/www.jornalja.com.br\\\/arquivo\\\/#organization\"},\"image\":{\"@type\":\"ImageObject\",\"url\":\"https:\\\/\\\/www.jornalja.com.br\\\/wp-content\\\/uploads\\\/cards\\\/JAslogan.png\",\"@id\":\"https:\\\/\\\/www.jornalja.com.br\\\/arquivo\\\/#articleImage\"},\"datePublished\":\"2017-02-08T15:15:39-02:00\",\"dateModified\":\"2017-02-08T15:15:39-02:00\",\"inLanguage\":\"pt-BR\",\"mainEntityOfPage\":{\"@id\":\"https:\\\/\\\/www.jornalja.com.br\\\/arquivo\\\/o-que-esta-por-tras-da-divida-dos-estados\\\/#webpage\"},\"isPartOf\":{\"@id\":\"https:\\\/\\\/www.jornalja.com.br\\\/arquivo\\\/o-que-esta-por-tras-da-divida-dos-estados\\\/#webpage\"},\"articleSection\":\"AN\\u00c1LISE&amp;OPINI\\u00c3O\"},{\"@type\":\"BreadcrumbList\",\"@id\":\"https:\\\/\\\/www.jornalja.com.br\\\/arquivo\\\/o-que-esta-por-tras-da-divida-dos-estados\\\/#breadcrumblist\",\"itemListElement\":[{\"@type\":\"ListItem\",\"@id\":\"https:\\\/\\\/www.jornalja.com.br\\\/arquivo#listItem\",\"position\":1,\"name\":\"Home\",\"item\":\"https:\\\/\\\/www.jornalja.com.br\\\/arquivo\",\"nextItem\":{\"@type\":\"ListItem\",\"@id\":\"https:\\\/\\\/www.jornalja.com.br\\\/arquivo\\\/category\\\/analiseopiniao\\\/#listItem\",\"name\":\"AN\\u00c1LISE&amp;OPINI\\u00c3O\"}},{\"@type\":\"ListItem\",\"@id\":\"https:\\\/\\\/www.jornalja.com.br\\\/arquivo\\\/category\\\/analiseopiniao\\\/#listItem\",\"position\":2,\"name\":\"AN\\u00c1LISE&amp;OPINI\\u00c3O\",\"item\":\"https:\\\/\\\/www.jornalja.com.br\\\/arquivo\\\/category\\\/analiseopiniao\\\/\",\"nextItem\":{\"@type\":\"ListItem\",\"@id\":\"https:\\\/\\\/www.jornalja.com.br\\\/arquivo\\\/o-que-esta-por-tras-da-divida-dos-estados\\\/#listItem\",\"name\":\"O que est\\u00e1 por tr\\u00e1s da d\\u00edvida dos Estados\"},\"previousItem\":{\"@type\":\"ListItem\",\"@id\":\"https:\\\/\\\/www.jornalja.com.br\\\/arquivo#listItem\",\"name\":\"Home\"}},{\"@type\":\"ListItem\",\"@id\":\"https:\\\/\\\/www.jornalja.com.br\\\/arquivo\\\/o-que-esta-por-tras-da-divida-dos-estados\\\/#listItem\",\"position\":3,\"name\":\"O que est\\u00e1 por tr\\u00e1s da d\\u00edvida dos Estados\",\"previousItem\":{\"@type\":\"ListItem\",\"@id\":\"https:\\\/\\\/www.jornalja.com.br\\\/arquivo\\\/category\\\/analiseopiniao\\\/#listItem\",\"name\":\"AN\\u00c1LISE&amp;OPINI\\u00c3O\"}}]},{\"@type\":\"Organization\",\"@id\":\"https:\\\/\\\/www.jornalja.com.br\\\/arquivo\\\/#organization\",\"name\":\"Jornal J\\u00c1\",\"description\":\"Jornal J\\u00c1 | Porto Alegre\",\"url\":\"https:\\\/\\\/www.jornalja.com.br\\\/arquivo\\\/\",\"telephone\":\"+555133307272\",\"logo\":{\"@type\":\"ImageObject\",\"url\":\"https:\\\/\\\/www.jornalja.com.br\\\/wp-content\\\/uploads\\\/cards\\\/JAslogan.png\",\"@id\":\"https:\\\/\\\/www.jornalja.com.br\\\/arquivo\\\/o-que-esta-por-tras-da-divida-dos-estados\\\/#organizationLogo\"},\"image\":{\"@id\":\"https:\\\/\\\/www.jornalja.com.br\\\/arquivo\\\/o-que-esta-por-tras-da-divida-dos-estados\\\/#organizationLogo\"}},{\"@type\":\"Person\",\"@id\":\"https:\\\/\\\/www.jornalja.com.br\\\/arquivo\\\/author\\\/daredacao\\\/#author\",\"url\":\"https:\\\/\\\/www.jornalja.com.br\\\/arquivo\\\/author\\\/daredacao\\\/\",\"name\":\"da Reda\\u00e7\\u00e3o\",\"image\":{\"@type\":\"ImageObject\",\"@id\":\"https:\\\/\\\/www.jornalja.com.br\\\/arquivo\\\/o-que-esta-por-tras-da-divida-dos-estados\\\/#authorImage\",\"url\":\"https:\\\/\\\/secure.gravatar.com\\\/avatar\\\/469fd857d6605ad19919d27ed29d35a968a25f6e8fd9318356bbb7f57aae9c65?s=96&d=mm&r=g\",\"width\":96,\"height\":96,\"caption\":\"da Reda\\u00e7\\u00e3o\"}},{\"@type\":\"WebPage\",\"@id\":\"https:\\\/\\\/www.jornalja.com.br\\\/arquivo\\\/o-que-esta-por-tras-da-divida-dos-estados\\\/#webpage\",\"url\":\"https:\\\/\\\/www.jornalja.com.br\\\/arquivo\\\/o-que-esta-por-tras-da-divida-dos-estados\\\/\",\"name\":\"O que est\\u00e1 por tr\\u00e1s da d\\u00edvida dos Estados | Arquivo\",\"inLanguage\":\"pt-BR\",\"isPartOf\":{\"@id\":\"https:\\\/\\\/www.jornalja.com.br\\\/arquivo\\\/#website\"},\"breadcrumb\":{\"@id\":\"https:\\\/\\\/www.jornalja.com.br\\\/arquivo\\\/o-que-esta-por-tras-da-divida-dos-estados\\\/#breadcrumblist\"},\"author\":{\"@id\":\"https:\\\/\\\/www.jornalja.com.br\\\/arquivo\\\/author\\\/daredacao\\\/#author\"},\"creator\":{\"@id\":\"https:\\\/\\\/www.jornalja.com.br\\\/arquivo\\\/author\\\/daredacao\\\/#author\"},\"datePublished\":\"2017-02-08T15:15:39-02:00\",\"dateModified\":\"2017-02-08T15:15:39-02:00\"},{\"@type\":\"WebSite\",\"@id\":\"https:\\\/\\\/www.jornalja.com.br\\\/arquivo\\\/#website\",\"url\":\"https:\\\/\\\/www.jornalja.com.br\\\/arquivo\\\/\",\"name\":\"Arquivo\",\"description\":\"Jornal J\\u00c1 | Porto Alegre\",\"inLanguage\":\"pt-BR\",\"publisher\":{\"@id\":\"https:\\\/\\\/www.jornalja.com.br\\\/arquivo\\\/#organization\"}}]}\n\t\t<\/script>\n\t\t<!-- All in One SEO -->\n\n","aioseo_head_json":{"title":"O que est\u00e1 por tr\u00e1s da d\u00edvida dos Estados | Arquivo","description":"","canonical_url":"https:\/\/www.jornalja.com.br\/arquivo\/o-que-esta-por-tras-da-divida-dos-estados\/","robots":"max-image-preview:large","keywords":"","webmasterTools":{"miscellaneous":""},"schema":{"@context":"https:\/\/schema.org","@graph":[{"@type":"BlogPosting","@id":"https:\/\/www.jornalja.com.br\/arquivo\/o-que-esta-por-tras-da-divida-dos-estados\/#blogposting","name":"O que est\u00e1 por tr\u00e1s da d\u00edvida dos Estados | Arquivo","headline":"O que est\u00e1 por tr\u00e1s da d\u00edvida dos Estados","author":{"@id":"https:\/\/www.jornalja.com.br\/arquivo\/author\/daredacao\/#author"},"publisher":{"@id":"https:\/\/www.jornalja.com.br\/arquivo\/#organization"},"image":{"@type":"ImageObject","url":"https:\/\/www.jornalja.com.br\/wp-content\/uploads\/cards\/JAslogan.png","@id":"https:\/\/www.jornalja.com.br\/arquivo\/#articleImage"},"datePublished":"2017-02-08T15:15:39-02:00","dateModified":"2017-02-08T15:15:39-02:00","inLanguage":"pt-BR","mainEntityOfPage":{"@id":"https:\/\/www.jornalja.com.br\/arquivo\/o-que-esta-por-tras-da-divida-dos-estados\/#webpage"},"isPartOf":{"@id":"https:\/\/www.jornalja.com.br\/arquivo\/o-que-esta-por-tras-da-divida-dos-estados\/#webpage"},"articleSection":"AN\u00c1LISE&amp;OPINI\u00c3O"},{"@type":"BreadcrumbList","@id":"https:\/\/www.jornalja.com.br\/arquivo\/o-que-esta-por-tras-da-divida-dos-estados\/#breadcrumblist","itemListElement":[{"@type":"ListItem","@id":"https:\/\/www.jornalja.com.br\/arquivo#listItem","position":1,"name":"Home","item":"https:\/\/www.jornalja.com.br\/arquivo","nextItem":{"@type":"ListItem","@id":"https:\/\/www.jornalja.com.br\/arquivo\/category\/analiseopiniao\/#listItem","name":"AN\u00c1LISE&amp;OPINI\u00c3O"}},{"@type":"ListItem","@id":"https:\/\/www.jornalja.com.br\/arquivo\/category\/analiseopiniao\/#listItem","position":2,"name":"AN\u00c1LISE&amp;OPINI\u00c3O","item":"https:\/\/www.jornalja.com.br\/arquivo\/category\/analiseopiniao\/","nextItem":{"@type":"ListItem","@id":"https:\/\/www.jornalja.com.br\/arquivo\/o-que-esta-por-tras-da-divida-dos-estados\/#listItem","name":"O que est\u00e1 por tr\u00e1s da d\u00edvida dos Estados"},"previousItem":{"@type":"ListItem","@id":"https:\/\/www.jornalja.com.br\/arquivo#listItem","name":"Home"}},{"@type":"ListItem","@id":"https:\/\/www.jornalja.com.br\/arquivo\/o-que-esta-por-tras-da-divida-dos-estados\/#listItem","position":3,"name":"O que est\u00e1 por tr\u00e1s da d\u00edvida dos Estados","previousItem":{"@type":"ListItem","@id":"https:\/\/www.jornalja.com.br\/arquivo\/category\/analiseopiniao\/#listItem","name":"AN\u00c1LISE&amp;OPINI\u00c3O"}}]},{"@type":"Organization","@id":"https:\/\/www.jornalja.com.br\/arquivo\/#organization","name":"Jornal J\u00c1","description":"Jornal J\u00c1 | Porto Alegre","url":"https:\/\/www.jornalja.com.br\/arquivo\/","telephone":"+555133307272","logo":{"@type":"ImageObject","url":"https:\/\/www.jornalja.com.br\/wp-content\/uploads\/cards\/JAslogan.png","@id":"https:\/\/www.jornalja.com.br\/arquivo\/o-que-esta-por-tras-da-divida-dos-estados\/#organizationLogo"},"image":{"@id":"https:\/\/www.jornalja.com.br\/arquivo\/o-que-esta-por-tras-da-divida-dos-estados\/#organizationLogo"}},{"@type":"Person","@id":"https:\/\/www.jornalja.com.br\/arquivo\/author\/daredacao\/#author","url":"https:\/\/www.jornalja.com.br\/arquivo\/author\/daredacao\/","name":"da Reda\u00e7\u00e3o","image":{"@type":"ImageObject","@id":"https:\/\/www.jornalja.com.br\/arquivo\/o-que-esta-por-tras-da-divida-dos-estados\/#authorImage","url":"https:\/\/secure.gravatar.com\/avatar\/469fd857d6605ad19919d27ed29d35a968a25f6e8fd9318356bbb7f57aae9c65?s=96&d=mm&r=g","width":96,"height":96,"caption":"da Reda\u00e7\u00e3o"}},{"@type":"WebPage","@id":"https:\/\/www.jornalja.com.br\/arquivo\/o-que-esta-por-tras-da-divida-dos-estados\/#webpage","url":"https:\/\/www.jornalja.com.br\/arquivo\/o-que-esta-por-tras-da-divida-dos-estados\/","name":"O que est\u00e1 por tr\u00e1s da d\u00edvida dos Estados | Arquivo","inLanguage":"pt-BR","isPartOf":{"@id":"https:\/\/www.jornalja.com.br\/arquivo\/#website"},"breadcrumb":{"@id":"https:\/\/www.jornalja.com.br\/arquivo\/o-que-esta-por-tras-da-divida-dos-estados\/#breadcrumblist"},"author":{"@id":"https:\/\/www.jornalja.com.br\/arquivo\/author\/daredacao\/#author"},"creator":{"@id":"https:\/\/www.jornalja.com.br\/arquivo\/author\/daredacao\/#author"},"datePublished":"2017-02-08T15:15:39-02:00","dateModified":"2017-02-08T15:15:39-02:00"},{"@type":"WebSite","@id":"https:\/\/www.jornalja.com.br\/arquivo\/#website","url":"https:\/\/www.jornalja.com.br\/arquivo\/","name":"Arquivo","description":"Jornal J\u00c1 | Porto Alegre","inLanguage":"pt-BR","publisher":{"@id":"https:\/\/www.jornalja.com.br\/arquivo\/#organization"}}]},"og:locale":"pt_BR","og:site_name":"Arquivo | Jornal J\u00c1 | Porto Alegre","og:type":"article","og:title":"O que est\u00e1 por tr\u00e1s da d\u00edvida dos Estados | Arquivo","og:url":"https:\/\/www.jornalja.com.br\/arquivo\/o-que-esta-por-tras-da-divida-dos-estados\/","og:image":"https:\/\/www.jornalja.com.br\/economics\/wp-content\/uploads\/sites\/11\/2026\/08\/ja-folhaderosto-facebook.jpg","og:image:secure_url":"https:\/\/www.jornalja.com.br\/economics\/wp-content\/uploads\/sites\/11\/2026\/08\/ja-folhaderosto-facebook.jpg","article:published_time":"2017-02-08T18:15:39+00:00","article:modified_time":"2017-02-08T18:15:39+00:00","twitter:card":"summary","twitter:title":"O que est\u00e1 por tr\u00e1s da d\u00edvida dos Estados | Arquivo","twitter:image":"https:\/\/www.jornalja.com.br\/economics\/wp-content\/uploads\/sites\/11\/2026\/08\/ja-folhaderosto-facebook.jpg"},"aioseo_meta_data":{"post_id":"44310","title":null,"description":null,"keywords":null,"keyphrases":null,"primary_term":null,"canonical_url":null,"og_title":null,"og_description":null,"og_object_type":"default","og_image_type":"default","og_image_url":null,"og_image_width":null,"og_image_height":null,"og_image_custom_url":null,"og_image_custom_fields":null,"og_video":null,"og_custom_url":null,"og_article_section":null,"og_article_tags":null,"twitter_use_og":false,"twitter_card":"default","twitter_image_type":"default","twitter_image_url":null,"twitter_image_custom_url":null,"twitter_image_custom_fields":null,"twitter_title":null,"twitter_description":null,"schema":{"blockGraphs":[],"customGraphs":[],"default":{"data":{"Article":[],"Course":[],"Dataset":[],"FAQPage":[],"Movie":[],"Person":[],"Product":[],"ProductReview":[],"Car":[],"Recipe":[],"Service":[],"SoftwareApplication":[],"WebPage":[]},"graphName":"","isEnabled":true},"graphs":[],"defaultGraph":"","defaultPostTypeGraph":""},"schema_type":null,"schema_type_options":null,"pillar_content":false,"robots_default":true,"robots_noindex":false,"robots_noarchive":false,"robots_nosnippet":false,"robots_nofollow":false,"robots_noimageindex":false,"robots_noodp":false,"robots_notranslate":false,"robots_max_snippet":null,"robots_max_videopreview":null,"robots_max_imagepreview":"large","priority":null,"frequency":null,"location":null,"local_seo":null,"breadcrumb_settings":null,"limit_modified_date":false,"ai":null,"created":"2020-12-20 20:40:48","updated":"2025-07-19 19:49:36","seo_analyzer_scan_date":null,"focus_keyword":null,"additional_keywords":null,"truseo_locale":null},"jetpack_sharing_enabled":true,"jetpack-related-posts":[{"id":5440,"url":"https:\/\/www.jornalja.com.br\/arquivo\/casarao-da-venancio-destino-permanece-incerto\/","url_meta":{"origin":44310,"position":0},"title":"Estado ainda n\u00e3o sabe o que fazer com casar\u00e3o abandonado h\u00e1 20 anos","author":"Elmar Bones","date":"6 de julho de 2009","format":false,"excerpt":"O casar\u00e3o amarelo, numa esquina nobre de Porto Alegre (Ven\u00e2ncio Aires com Jo\u00e3o Pessoa), j\u00e1 abrigou uma escola. H\u00e1 duas d\u00e9cadas, pelo menos, est\u00e1 abandonado, porque seu propriet\u00e1rio, o governo do Estado do Rio Grande do Sul, n\u00e3o consegue achar um destino para ele. Planos n\u00e3o faltaram. O governador Ol\u00edvio\u2026","rel":"","context":"Em &quot;X.Categorias velhas&quot;","block_context":{"text":"X.Categorias velhas","link":"https:\/\/www.jornalja.com.br\/arquivo\/category\/x-categorias-velhas\/"},"img":{"alt_text":"geraldo1","src":"https:\/\/i0.wp.com\/www.jornalja.com.br\/wp-content\/uploads\/2009\/07\/geraldo1.jpg?resize=350%2C200&ssl=1","width":350,"height":200},"classes":[]},{"id":12960,"url":"https:\/\/www.jornalja.com.br\/arquivo\/populacao-culpa-empresas-pela-greve-dos-rodoviarios\/","url_meta":{"origin":44310,"position":1},"title":"Popula\u00e7\u00e3o culpa empresas pela greve","author":"Patr\u00edcia Marini","date":"14 de fevereiro de 2014","format":false,"excerpt":"Pesquisa divulgada na edi\u00e7\u00e3o do jornal Metro desta sexta-feira,14, comprova o velho ditado: \u00e9 poss\u00edvel enganar muitos por algum tempo, mas n\u00e3o \u00e9 poss\u00edvel enganar a todos o tempo inteiro. A principal revela\u00e7\u00e3o foi que 59,8% dos entrevistados apontaram as empresas como as principais respons\u00e1veis pela grave e 46% culparam\u2026","rel":"","context":"Em &quot;X.Categorias velhas&quot;","block_context":{"text":"X.Categorias velhas","link":"https:\/\/www.jornalja.com.br\/arquivo\/category\/x-categorias-velhas\/"},"img":{"alt_text":"","src":"","width":0,"height":0},"classes":[]},{"id":14241,"url":"https:\/\/www.jornalja.com.br\/arquivo\/o-guaiba-nas-imagens-poeticas-de-achutti\/","url_meta":{"origin":44310,"position":2},"title":"O Gua\u00edba nas imagens po\u00e9ticas de Achutti","author":"da Reda\u00e7\u00e3o","date":"18 de junho de 2014","format":false,"excerpt":"Em \u201cO Gua\u00edba por Achutti\u201d \u2013 obra financiada via Minist\u00e9rio da Cultura, produ\u00e7\u00e3o executiva de Pedro Longhi, e Fl\u00e1vio Wild como designer \u2013, o fot\u00f3grafo revela a beleza e as mazelas de um espa\u00e7o aqu\u00e1tico de \u00e1guas sempre renovadas, cheio de hist\u00f3rias e lendas como as das cidades que foram\u2026","rel":"","context":"Em &quot;Cultura-Geral&quot;","block_context":{"text":"Cultura-Geral","link":"https:\/\/www.jornalja.com.br\/arquivo\/category\/materiasecundaria\/"},"img":{"alt_text":"","src":"","width":0,"height":0},"classes":[]},{"id":13124,"url":"https:\/\/www.jornalja.com.br\/arquivo\/sangue-latino-no-iecine\/","url_meta":{"origin":44310,"position":3},"title":"Sangue latino no IECINE","author":"da Reda\u00e7\u00e3o","date":"18 de maio de 2014","format":false,"excerpt":"Francisco Ribeiro O Instituto Estadual de Cinema (IECINE) tem a frente, desde abril \u00faltimo, um novo diretor, o cineasta colombiano Juan Zapata, 36, que substitui Luiz Alberto Cassol. Radicado h\u00e1 dez anos em Porto Alegre, Zapata tem diante de si o desafio de conduzir at\u00e9 o final do ano um\u2026","rel":"","context":"Em &quot;Cultura-Geral&quot;","block_context":{"text":"Cultura-Geral","link":"https:\/\/www.jornalja.com.br\/arquivo\/category\/materiasecundaria\/"},"img":{"alt_text":"","src":"","width":0,"height":0},"classes":[]},{"id":13101,"url":"https:\/\/www.jornalja.com.br\/arquivo\/morre-um-guerreiro-do-texto\/","url_meta":{"origin":44310,"position":4},"title":"Morre um guerreiro do texto","author":"Patr\u00edcia Marini","date":"14 de maio de 2014","format":false,"excerpt":"Por Ricardo Kotscho Reproduzido do blog do autor, 11\/5\/2014; t\u00edtulo original \u201cE l\u00e1 se foi o nosso Myltainho, guerreiro do texto\u201d. Mi\u00fado e franzino, meu amigo Myltainho era um valente e inconformado guerreiro na luta contra as injusti\u00e7as sociais, a hipocrisia, as maracutaias, o autoritarismo, a intoler\u00e2ncia, a viol\u00eancia, o\u2026","rel":"","context":"Em &quot;Geral&quot;","block_context":{"text":"Geral","link":"https:\/\/www.jornalja.com.br\/arquivo\/category\/geral\/"},"img":{"alt_text":"","src":"","width":0,"height":0},"classes":[]},{"id":13128,"url":"https:\/\/www.jornalja.com.br\/arquivo\/maconha-terra-diz-que-uso-medicinal-e-desculpa\/","url_meta":{"origin":44310,"position":5},"title":"Maconha: Terra diz que uso medicinal \u00e9 desculpa","author":"Patr\u00edcia Marini","date":"4 de junho de 2014","format":false,"excerpt":"A condi\u00e7\u00e3o de pol\u00edtico, em \u00e9poca de campanha de campanha eleitoral, tira for\u00e7a do discurso do m\u00e9dico Osmar Terra contra a legaliza\u00e7\u00e3o da maconha. A tese dele de que a libera\u00e7\u00e3o vai ampliar exponencialmente o consumo \u00e9 discutivel, o consumo \u00e9 corrente. Mas seus alertas quanto aos riscos tem que\u2026","rel":"","context":"Em &quot;X.Categorias velhas&quot;","block_context":{"text":"X.Categorias velhas","link":"https:\/\/www.jornalja.com.br\/arquivo\/category\/x-categorias-velhas\/"},"img":{"alt_text":"","src":"","width":0,"height":0},"classes":[]}],"jetpack_shortlink":"https:\/\/wp.me\/pbQjBd-bwG","jetpack_featured_media_url":"","_links":{"self":[{"href":"https:\/\/www.jornalja.com.br\/arquivo\/wp-json\/wp\/v2\/posts\/44310","targetHints":{"allow":["GET"]}}],"collection":[{"href":"https:\/\/www.jornalja.com.br\/arquivo\/wp-json\/wp\/v2\/posts"}],"about":[{"href":"https:\/\/www.jornalja.com.br\/arquivo\/wp-json\/wp\/v2\/types\/post"}],"author":[{"embeddable":true,"href":"https:\/\/www.jornalja.com.br\/arquivo\/wp-json\/wp\/v2\/users\/4"}],"replies":[{"embeddable":true,"href":"https:\/\/www.jornalja.com.br\/arquivo\/wp-json\/wp\/v2\/comments?post=44310"}],"version-history":[{"count":0,"href":"https:\/\/www.jornalja.com.br\/arquivo\/wp-json\/wp\/v2\/posts\/44310\/revisions"}],"wp:attachment":[{"href":"https:\/\/www.jornalja.com.br\/arquivo\/wp-json\/wp\/v2\/media?parent=44310"}],"wp:term":[{"taxonomy":"category","embeddable":true,"href":"https:\/\/www.jornalja.com.br\/arquivo\/wp-json\/wp\/v2\/categories?post=44310"},{"taxonomy":"post_tag","embeddable":true,"href":"https:\/\/www.jornalja.com.br\/arquivo\/wp-json\/wp\/v2\/tags?post=44310"}],"curies":[{"name":"wp","href":"https:\/\/api.w.org\/{rel}","templated":true}]}}