{"id":44330,"date":"2017-02-09T11:44:04","date_gmt":"2017-02-09T14:44:04","guid":{"rendered":"https:\/\/www.jornalja.com.br\/?p=44330"},"modified":"2017-02-09T11:44:04","modified_gmt":"2017-02-09T14:44:04","slug":"sindicatos-querem-mais-informacoes-antes-de-discutir-as-demissoes","status":"publish","type":"post","link":"https:\/\/www.jornalja.com.br\/arquivo\/sindicatos-querem-mais-informacoes-antes-de-discutir-as-demissoes\/","title":{"rendered":"Sindicatos querem mais informa\u00e7\u00f5es antes de discutir as demiss\u00f5es"},"content":{"rendered":"<p><span class=\"assina\">Matheus Chaparini<\/span><br \/>\n\u201cFomos recebidos de forma muito cordial, mas dura\u201d, assim foi definida a reuni\u00e3o por um dos advogados que integra a frente jur\u00eddica que defende os trabalhadores das funda\u00e7\u00f5es e da Corag. Do lado de fora, servidores realizavam um buzina\u00e7o.<br \/>\nA frente concedeu entrevista coletiva em frente ao edif\u00edcio do Centro Administrativo ap\u00f3s a primeira de <a href=\"https:\/\/www.jornalja.com.br\/governo-e-sindicatos-iniciam-negociacoes-para-extincao-das-fundacoes\/\" target=\"_blank\" rel=\"noopener noreferrer\">uma s\u00e9rie de reuni\u00f5es chamadas pelo governo<\/a> para discutir a situa\u00e7\u00e3o dos servidores caso seja confirmada a extin\u00e7\u00e3o das funda\u00e7\u00f5es e da companhia.<br \/>\nO advogado do Sindicato dos Gr\u00e1ficos, R\u00f4mulo Escouto, afirmou que o governo sentou \u00e0 mesa \u201cdando as extin\u00e7\u00f5es e demiss\u00f5es como irrevers\u00edveis.\u201d E defendeu que \u201cuma negocia\u00e7\u00e3o coletiva pressup\u00f5e que as duas partes estejam abertas a ouvir.\u201d<br \/>\nAs extin\u00e7\u00f5es foram aprovadas pela Assembleia Legislativa no final do ano e sancionadas pelo governador Jos\u00e9 Ivo Sartori em janeiro. Entretanto, a Justi\u00e7a do Trabalho<a href=\"https:\/\/www.jornalja.com.br\/justica-proibe-demissoes-em-massa-na-fundacao-piratini\/\" target=\"_blank\" rel=\"noopener noreferrer\"> impediu a demiss\u00e3o em massa <\/a>dos trabalhadores sem negocia\u00e7\u00e3o coletiva com os sindicatos.<br \/>\n<figure id=\"attachment_44333\" aria-describedby=\"caption-attachment-44333\" style=\"width: 725px\" class=\"wp-caption alignnone\"><img loading=\"lazy\" decoding=\"async\" class=\"wp-image-44333 size-full\" src=\"https:\/\/www.jornalja.com.br\/wp-content\/uploads\/2017\/02\/Reuni\u00e3o-Extin\u00e7\u00e3o-de-funda\u00e7\u00f5es-CAFF-3.jpg\" alt=\"Ap\u00f3s a primeira reuni\u00e3o, advogados que comp\u00f5e a frente jur\u00eddica concederam uma entrevista coletiva em frente ao CAFF\" width=\"725\" height=\"408\" \/><figcaption id=\"caption-attachment-44333\" class=\"wp-caption-text\">Ap\u00f3s a primeira reuni\u00e3o, advogados que comp\u00f5e a frente jur\u00eddica concederam uma entrevista coletiva em frente ao CAFF<\/figcaption><\/figure><br \/>\nPara os servidores, a situa\u00e7\u00e3o ainda n\u00e3o est\u00e1 definida. \u201cTemos o caso da Corag que tem contratos em andamento a cumprir\u201d, exemplifica o advogado Ant\u00f4nio Castro, que participa da negocia\u00e7\u00e3o representando os radialistas.<br \/>\nOs advogados apresentaram um of\u00edcio solicitando ao governo uma s\u00e9rie de informa\u00e7\u00f5es relativas \u00e0 situa\u00e7\u00e3o de cada funcion\u00e1rios. Quantos s\u00e3o, em que data foram admitidos, se entraram atrav\u00e9s de concurso ou n\u00e3o, se pertencem \u00e0 Cipa (Comiss\u00e3o Interna para Preven\u00e7\u00e3o de Acidentes) s\u00e3o alguns dos questionamentos apresentados.<br \/>\nOf\u00edcios semelhantes devem ser entregues a cada reuni\u00e3o. \u201cSem estas informa\u00e7\u00f5es, n\u00e3o h\u00e1 como negociar. Responder a estas perguntas \u00e9 atender ao que define a liminar\u201d, afirmou Ant\u00f4nio Carlos Porto, advogado do Sindicato dos Jornalistas.<br \/>\nSegundo os advogados, o governo se prontificou a levantar informa\u00e7\u00f5es, mas n\u00e3o se comprometeu a responder a todas as solicita\u00e7\u00f5es.<br \/>\n<figure id=\"attachment_44332\" aria-describedby=\"caption-attachment-44332\" style=\"width: 725px\" class=\"wp-caption alignnone\"><img loading=\"lazy\" decoding=\"async\" class=\"wp-image-44332 size-full\" src=\"https:\/\/www.jornalja.com.br\/wp-content\/uploads\/2017\/02\/Reuni\u00e3o-Extin\u00e7\u00e3o-de-funda\u00e7\u00f5es-CAFF-2.jpg\" alt=\"Do lado de fora, servidores realizaram buzina\u00e7o\" width=\"725\" height=\"408\" \/><figcaption id=\"caption-attachment-44332\" class=\"wp-caption-text\">Do lado de fora, servidores realizaram buzina\u00e7o<\/figcaption><\/figure><br \/>\nA frente jur\u00eddica vai pedir tamb\u00e9m que as reuni\u00f5es sejam agrupadas por funda\u00e7\u00e3o. As mesas agendadas pelo governo est\u00e3o divididas por sindicato.<br \/>\nDesta forma, a Funda\u00e7\u00e3o Piratini, por exemplo, tem duas reuni\u00f5es marcadas para hoje: \u00e0s 14h, com o sindicato dos jornalistas, e \u00e0s 15h, com os representantes dos radialistas. A ideia dos advogados \u00e9 fazer uma s\u00f3 reuni\u00e3o com todas as partes.<br \/>\nO Governo do Estado vai se manifestar ao longo do dia, atrav\u00e9s da Procuradoria Geral do Estado.<br \/>\n<span class=\"intertit\">Advogada do Semapi e representantes da CUT foram barrados<\/span><br \/>\nA advogada que representa o Semapi, Roberta Possebon, foi impedida de entrar no pr\u00e9dio para participar da reuni\u00e3o. Roberta relata que chegou ao local \u00e0s 9h02, para a reuni\u00e3o marcada para iniciar \u00e0s 9h.<br \/>\nAo se identificar no port\u00e3o, foi avisada de que n\u00e3o poderia entrar pois o n\u00famero de pessoas j\u00e1 havia atingido o limite. Ela afirma que n\u00e3o houve nenhuma combina\u00e7\u00e3o pr\u00e9via limitando o n\u00famero de participantes.<br \/>\n\u201cEu tentei argumentar que o advogado tem que estar onde est\u00e1 o seu cliente, que meu cliente estava l\u00e1 em cima para uma negocia\u00e7\u00e3o e que existe uma frente jur\u00eddica, da qual eu fa\u00e7o parte\u201d, conta. Das dez reuni\u00f5es agendada para quinta e sexta-feira, cinco envolvem diretamente o Semapi.<br \/>\nImpedida de acessar a reuni\u00e3o, a advogada ainda tentou entrar por outra portaria, mas novamente o acesso foi negado. Al\u00e9m de ter sido barrada, ela ficou incomodada com a abordagem do funcion\u00e1rio do CAFF, que, segundo ela, chegou a gritar. \u201cQuem lida com pessoas em um pr\u00e9dio p\u00fablico tem que ser no m\u00ednimo educado e ele n\u00e3o foi.\u201d<br \/>\n\u00c0s 10h03, quando a reuni\u00e3o j\u00e1 havia acabado, a advogada foi chamada pelo mesmo funcion\u00e1rio, que solicitou seu nome completo e informou que ela estava autorizada a subir.<br \/>\nDurante a coletiva, o secret\u00e1rio de comunica\u00e7\u00e3o da CUT, Ademir Wiederkehr, pediu a palavra para denunciar que tamb\u00e9m foi impedido de acessar o pr\u00e9dio. \u201cFomos barrados. A CUT, que coordena este frente, chamou uma entrevista coletiva, que foi noticiada em quase toda imprensa, e fomos impedidos de entrar para realiz\u00e1-la\u201d, afirmou Wiederkehr.<\/p>\n","protected":false},"excerpt":{"rendered":"<p>Matheus Chaparini \u201cFomos recebidos de forma muito cordial, mas dura\u201d, assim foi definida a reuni\u00e3o por um dos advogados que integra a frente jur\u00eddica que defende os trabalhadores das funda\u00e7\u00f5es e da Corag. Do lado de fora, servidores realizavam um buzina\u00e7o. A frente concedeu entrevista coletiva em frente ao edif\u00edcio do Centro Administrativo ap\u00f3s a [&hellip;]<\/p>\n","protected":false},"author":4,"featured_media":44331,"comment_status":"open","ping_status":"closed","sticky":false,"template":"","format":"standard","meta":{"_jetpack_newsletter_access":"","_jetpack_dont_email_post_to_subs":false,"_jetpack_newsletter_tier_id":0,"_jetpack_memberships_contains_paywalled_content":false,"_jetpack_feature_clip_id":0,"_jetpack_memberships_contains_paid_content":false,"footnotes":"","jetpack_post_was_ever_published":false},"categories":[26],"tags":[],"class_list":["post-44330","post","type-post","status-publish","format-standard","has-post-thumbnail","hentry","category-geral"],"aioseo_notices":[],"aioseo_head":"\n\t\t<!-- All in One SEO 5.0.1.1 - aioseo.com -->\n\t<meta name=\"robots\" content=\"max-image-preview:large\" \/>\n\t<meta name=\"author\" content=\"da Reda\u00e7\u00e3o\"\/>\n\t<link rel=\"canonical\" href=\"https:\/\/www.jornalja.com.br\/arquivo\/sindicatos-querem-mais-informacoes-antes-de-discutir-as-demissoes\/\" \/>\n\t<meta name=\"generator\" content=\"All in One SEO (AIOSEO) 5.0.1.1\" \/>\n\t\t<meta property=\"og:locale\" content=\"pt_BR\" \/>\n\t\t<meta property=\"og:site_name\" content=\"Arquivo | Jornal J\u00c1 | Porto Alegre\" \/>\n\t\t<meta property=\"og:type\" content=\"article\" \/>\n\t\t<meta property=\"og:title\" content=\"Sindicatos querem mais informa\u00e7\u00f5es antes de discutir as demiss\u00f5es | Arquivo\" \/>\n\t\t<meta property=\"og:url\" content=\"https:\/\/www.jornalja.com.br\/arquivo\/sindicatos-querem-mais-informacoes-antes-de-discutir-as-demissoes\/\" \/>\n\t\t<meta property=\"og:image\" content=\"https:\/\/www.jornalja.com.br\/wp-content\/uploads\/2017\/02\/Reuni\u00e3o-Extin\u00e7\u00e3o-de-funda\u00e7\u00f5es-CAFF-3.jpg\" \/>\n\t\t<meta property=\"og:image:secure_url\" content=\"https:\/\/www.jornalja.com.br\/wp-content\/uploads\/2017\/02\/Reuni\u00e3o-Extin\u00e7\u00e3o-de-funda\u00e7\u00f5es-CAFF-3.jpg\" \/>\n\t\t<meta property=\"article:published_time\" content=\"2017-02-09T14:44:04+00:00\" \/>\n\t\t<meta property=\"article:modified_time\" content=\"2017-02-09T14:44:04+00:00\" \/>\n\t\t<meta name=\"twitter:card\" content=\"summary\" \/>\n\t\t<meta name=\"twitter:title\" content=\"Sindicatos querem mais informa\u00e7\u00f5es antes de discutir as demiss\u00f5es | Arquivo\" \/>\n\t\t<meta name=\"twitter:image\" content=\"https:\/\/www.jornalja.com.br\/economics\/wp-content\/uploads\/sites\/11\/2026\/08\/ja-folhaderosto-facebook.jpg\" \/>\n\t\t<script type=\"application\/ld+json\" class=\"aioseo-schema\">\n\t\t\t{\"@context\":\"https:\\\/\\\/schema.org\",\"@graph\":[{\"@type\":\"BlogPosting\",\"@id\":\"https:\\\/\\\/www.jornalja.com.br\\\/arquivo\\\/sindicatos-querem-mais-informacoes-antes-de-discutir-as-demissoes\\\/#blogposting\",\"name\":\"Sindicatos querem mais informa\\u00e7\\u00f5es antes de discutir as demiss\\u00f5es | Arquivo\",\"headline\":\"Sindicatos querem mais informa\\u00e7\\u00f5es antes de discutir as demiss\\u00f5es\",\"author\":{\"@id\":\"https:\\\/\\\/www.jornalja.com.br\\\/arquivo\\\/author\\\/daredacao\\\/#author\"},\"publisher\":{\"@id\":\"https:\\\/\\\/www.jornalja.com.br\\\/arquivo\\\/#organization\"},\"image\":{\"@type\":\"ImageObject\",\"url\":44331},\"datePublished\":\"2017-02-09T11:44:04-02:00\",\"dateModified\":\"2017-02-09T11:44:04-02:00\",\"inLanguage\":\"pt-BR\",\"mainEntityOfPage\":{\"@id\":\"https:\\\/\\\/www.jornalja.com.br\\\/arquivo\\\/sindicatos-querem-mais-informacoes-antes-de-discutir-as-demissoes\\\/#webpage\"},\"isPartOf\":{\"@id\":\"https:\\\/\\\/www.jornalja.com.br\\\/arquivo\\\/sindicatos-querem-mais-informacoes-antes-de-discutir-as-demissoes\\\/#webpage\"},\"articleSection\":\"Geral\"},{\"@type\":\"BreadcrumbList\",\"@id\":\"https:\\\/\\\/www.jornalja.com.br\\\/arquivo\\\/sindicatos-querem-mais-informacoes-antes-de-discutir-as-demissoes\\\/#breadcrumblist\",\"itemListElement\":[{\"@type\":\"ListItem\",\"@id\":\"https:\\\/\\\/www.jornalja.com.br\\\/arquivo#listItem\",\"position\":1,\"name\":\"Home\",\"item\":\"https:\\\/\\\/www.jornalja.com.br\\\/arquivo\",\"nextItem\":{\"@type\":\"ListItem\",\"@id\":\"https:\\\/\\\/www.jornalja.com.br\\\/arquivo\\\/category\\\/geral\\\/#listItem\",\"name\":\"Geral\"}},{\"@type\":\"ListItem\",\"@id\":\"https:\\\/\\\/www.jornalja.com.br\\\/arquivo\\\/category\\\/geral\\\/#listItem\",\"position\":2,\"name\":\"Geral\",\"item\":\"https:\\\/\\\/www.jornalja.com.br\\\/arquivo\\\/category\\\/geral\\\/\",\"nextItem\":{\"@type\":\"ListItem\",\"@id\":\"https:\\\/\\\/www.jornalja.com.br\\\/arquivo\\\/sindicatos-querem-mais-informacoes-antes-de-discutir-as-demissoes\\\/#listItem\",\"name\":\"Sindicatos querem mais informa\\u00e7\\u00f5es antes de discutir as demiss\\u00f5es\"},\"previousItem\":{\"@type\":\"ListItem\",\"@id\":\"https:\\\/\\\/www.jornalja.com.br\\\/arquivo#listItem\",\"name\":\"Home\"}},{\"@type\":\"ListItem\",\"@id\":\"https:\\\/\\\/www.jornalja.com.br\\\/arquivo\\\/sindicatos-querem-mais-informacoes-antes-de-discutir-as-demissoes\\\/#listItem\",\"position\":3,\"name\":\"Sindicatos querem mais informa\\u00e7\\u00f5es antes de discutir as demiss\\u00f5es\",\"previousItem\":{\"@type\":\"ListItem\",\"@id\":\"https:\\\/\\\/www.jornalja.com.br\\\/arquivo\\\/category\\\/geral\\\/#listItem\",\"name\":\"Geral\"}}]},{\"@type\":\"Organization\",\"@id\":\"https:\\\/\\\/www.jornalja.com.br\\\/arquivo\\\/#organization\",\"name\":\"Jornal J\\u00c1\",\"description\":\"Jornal J\\u00c1 | Porto Alegre\",\"url\":\"https:\\\/\\\/www.jornalja.com.br\\\/arquivo\\\/\",\"telephone\":\"+555133307272\",\"logo\":{\"@type\":\"ImageObject\",\"url\":\"https:\\\/\\\/www.jornalja.com.br\\\/wp-content\\\/uploads\\\/cards\\\/JAslogan.png\",\"@id\":\"https:\\\/\\\/www.jornalja.com.br\\\/arquivo\\\/sindicatos-querem-mais-informacoes-antes-de-discutir-as-demissoes\\\/#organizationLogo\"},\"image\":{\"@id\":\"https:\\\/\\\/www.jornalja.com.br\\\/arquivo\\\/sindicatos-querem-mais-informacoes-antes-de-discutir-as-demissoes\\\/#organizationLogo\"}},{\"@type\":\"Person\",\"@id\":\"https:\\\/\\\/www.jornalja.com.br\\\/arquivo\\\/author\\\/daredacao\\\/#author\",\"url\":\"https:\\\/\\\/www.jornalja.com.br\\\/arquivo\\\/author\\\/daredacao\\\/\",\"name\":\"da Reda\\u00e7\\u00e3o\",\"image\":{\"@type\":\"ImageObject\",\"@id\":\"https:\\\/\\\/www.jornalja.com.br\\\/arquivo\\\/sindicatos-querem-mais-informacoes-antes-de-discutir-as-demissoes\\\/#authorImage\",\"url\":\"https:\\\/\\\/secure.gravatar.com\\\/avatar\\\/469fd857d6605ad19919d27ed29d35a968a25f6e8fd9318356bbb7f57aae9c65?s=96&d=mm&r=g\",\"width\":96,\"height\":96,\"caption\":\"da Reda\\u00e7\\u00e3o\"}},{\"@type\":\"WebPage\",\"@id\":\"https:\\\/\\\/www.jornalja.com.br\\\/arquivo\\\/sindicatos-querem-mais-informacoes-antes-de-discutir-as-demissoes\\\/#webpage\",\"url\":\"https:\\\/\\\/www.jornalja.com.br\\\/arquivo\\\/sindicatos-querem-mais-informacoes-antes-de-discutir-as-demissoes\\\/\",\"name\":\"Sindicatos querem mais informa\\u00e7\\u00f5es antes de discutir as demiss\\u00f5es | Arquivo\",\"inLanguage\":\"pt-BR\",\"isPartOf\":{\"@id\":\"https:\\\/\\\/www.jornalja.com.br\\\/arquivo\\\/#website\"},\"breadcrumb\":{\"@id\":\"https:\\\/\\\/www.jornalja.com.br\\\/arquivo\\\/sindicatos-querem-mais-informacoes-antes-de-discutir-as-demissoes\\\/#breadcrumblist\"},\"author\":{\"@id\":\"https:\\\/\\\/www.jornalja.com.br\\\/arquivo\\\/author\\\/daredacao\\\/#author\"},\"creator\":{\"@id\":\"https:\\\/\\\/www.jornalja.com.br\\\/arquivo\\\/author\\\/daredacao\\\/#author\"},\"image\":{\"@type\":\"ImageObject\",\"url\":44331,\"@id\":\"https:\\\/\\\/www.jornalja.com.br\\\/arquivo\\\/sindicatos-querem-mais-informacoes-antes-de-discutir-as-demissoes\\\/#mainImage\"},\"primaryImageOfPage\":{\"@id\":\"https:\\\/\\\/www.jornalja.com.br\\\/arquivo\\\/sindicatos-querem-mais-informacoes-antes-de-discutir-as-demissoes\\\/#mainImage\"},\"datePublished\":\"2017-02-09T11:44:04-02:00\",\"dateModified\":\"2017-02-09T11:44:04-02:00\"},{\"@type\":\"WebSite\",\"@id\":\"https:\\\/\\\/www.jornalja.com.br\\\/arquivo\\\/#website\",\"url\":\"https:\\\/\\\/www.jornalja.com.br\\\/arquivo\\\/\",\"name\":\"Arquivo\",\"description\":\"Jornal J\\u00c1 | Porto Alegre\",\"inLanguage\":\"pt-BR\",\"publisher\":{\"@id\":\"https:\\\/\\\/www.jornalja.com.br\\\/arquivo\\\/#organization\"}}]}\n\t\t<\/script>\n\t\t<!-- All in One SEO -->\n\n","aioseo_head_json":{"title":"Sindicatos querem mais informa\u00e7\u00f5es antes de discutir as demiss\u00f5es | Arquivo","description":"","canonical_url":"https:\/\/www.jornalja.com.br\/arquivo\/sindicatos-querem-mais-informacoes-antes-de-discutir-as-demissoes\/","robots":"max-image-preview:large","keywords":"","webmasterTools":{"miscellaneous":""},"schema":{"@context":"https:\/\/schema.org","@graph":[{"@type":"BlogPosting","@id":"https:\/\/www.jornalja.com.br\/arquivo\/sindicatos-querem-mais-informacoes-antes-de-discutir-as-demissoes\/#blogposting","name":"Sindicatos querem mais informa\u00e7\u00f5es antes de discutir as demiss\u00f5es | Arquivo","headline":"Sindicatos querem mais informa\u00e7\u00f5es antes de discutir as demiss\u00f5es","author":{"@id":"https:\/\/www.jornalja.com.br\/arquivo\/author\/daredacao\/#author"},"publisher":{"@id":"https:\/\/www.jornalja.com.br\/arquivo\/#organization"},"image":{"@type":"ImageObject","url":44331},"datePublished":"2017-02-09T11:44:04-02:00","dateModified":"2017-02-09T11:44:04-02:00","inLanguage":"pt-BR","mainEntityOfPage":{"@id":"https:\/\/www.jornalja.com.br\/arquivo\/sindicatos-querem-mais-informacoes-antes-de-discutir-as-demissoes\/#webpage"},"isPartOf":{"@id":"https:\/\/www.jornalja.com.br\/arquivo\/sindicatos-querem-mais-informacoes-antes-de-discutir-as-demissoes\/#webpage"},"articleSection":"Geral"},{"@type":"BreadcrumbList","@id":"https:\/\/www.jornalja.com.br\/arquivo\/sindicatos-querem-mais-informacoes-antes-de-discutir-as-demissoes\/#breadcrumblist","itemListElement":[{"@type":"ListItem","@id":"https:\/\/www.jornalja.com.br\/arquivo#listItem","position":1,"name":"Home","item":"https:\/\/www.jornalja.com.br\/arquivo","nextItem":{"@type":"ListItem","@id":"https:\/\/www.jornalja.com.br\/arquivo\/category\/geral\/#listItem","name":"Geral"}},{"@type":"ListItem","@id":"https:\/\/www.jornalja.com.br\/arquivo\/category\/geral\/#listItem","position":2,"name":"Geral","item":"https:\/\/www.jornalja.com.br\/arquivo\/category\/geral\/","nextItem":{"@type":"ListItem","@id":"https:\/\/www.jornalja.com.br\/arquivo\/sindicatos-querem-mais-informacoes-antes-de-discutir-as-demissoes\/#listItem","name":"Sindicatos querem mais informa\u00e7\u00f5es antes de discutir as demiss\u00f5es"},"previousItem":{"@type":"ListItem","@id":"https:\/\/www.jornalja.com.br\/arquivo#listItem","name":"Home"}},{"@type":"ListItem","@id":"https:\/\/www.jornalja.com.br\/arquivo\/sindicatos-querem-mais-informacoes-antes-de-discutir-as-demissoes\/#listItem","position":3,"name":"Sindicatos querem mais informa\u00e7\u00f5es antes de discutir as demiss\u00f5es","previousItem":{"@type":"ListItem","@id":"https:\/\/www.jornalja.com.br\/arquivo\/category\/geral\/#listItem","name":"Geral"}}]},{"@type":"Organization","@id":"https:\/\/www.jornalja.com.br\/arquivo\/#organization","name":"Jornal J\u00c1","description":"Jornal J\u00c1 | Porto Alegre","url":"https:\/\/www.jornalja.com.br\/arquivo\/","telephone":"+555133307272","logo":{"@type":"ImageObject","url":"https:\/\/www.jornalja.com.br\/wp-content\/uploads\/cards\/JAslogan.png","@id":"https:\/\/www.jornalja.com.br\/arquivo\/sindicatos-querem-mais-informacoes-antes-de-discutir-as-demissoes\/#organizationLogo"},"image":{"@id":"https:\/\/www.jornalja.com.br\/arquivo\/sindicatos-querem-mais-informacoes-antes-de-discutir-as-demissoes\/#organizationLogo"}},{"@type":"Person","@id":"https:\/\/www.jornalja.com.br\/arquivo\/author\/daredacao\/#author","url":"https:\/\/www.jornalja.com.br\/arquivo\/author\/daredacao\/","name":"da Reda\u00e7\u00e3o","image":{"@type":"ImageObject","@id":"https:\/\/www.jornalja.com.br\/arquivo\/sindicatos-querem-mais-informacoes-antes-de-discutir-as-demissoes\/#authorImage","url":"https:\/\/secure.gravatar.com\/avatar\/469fd857d6605ad19919d27ed29d35a968a25f6e8fd9318356bbb7f57aae9c65?s=96&d=mm&r=g","width":96,"height":96,"caption":"da Reda\u00e7\u00e3o"}},{"@type":"WebPage","@id":"https:\/\/www.jornalja.com.br\/arquivo\/sindicatos-querem-mais-informacoes-antes-de-discutir-as-demissoes\/#webpage","url":"https:\/\/www.jornalja.com.br\/arquivo\/sindicatos-querem-mais-informacoes-antes-de-discutir-as-demissoes\/","name":"Sindicatos querem mais informa\u00e7\u00f5es antes de discutir as demiss\u00f5es | Arquivo","inLanguage":"pt-BR","isPartOf":{"@id":"https:\/\/www.jornalja.com.br\/arquivo\/#website"},"breadcrumb":{"@id":"https:\/\/www.jornalja.com.br\/arquivo\/sindicatos-querem-mais-informacoes-antes-de-discutir-as-demissoes\/#breadcrumblist"},"author":{"@id":"https:\/\/www.jornalja.com.br\/arquivo\/author\/daredacao\/#author"},"creator":{"@id":"https:\/\/www.jornalja.com.br\/arquivo\/author\/daredacao\/#author"},"image":{"@type":"ImageObject","url":44331,"@id":"https:\/\/www.jornalja.com.br\/arquivo\/sindicatos-querem-mais-informacoes-antes-de-discutir-as-demissoes\/#mainImage"},"primaryImageOfPage":{"@id":"https:\/\/www.jornalja.com.br\/arquivo\/sindicatos-querem-mais-informacoes-antes-de-discutir-as-demissoes\/#mainImage"},"datePublished":"2017-02-09T11:44:04-02:00","dateModified":"2017-02-09T11:44:04-02:00"},{"@type":"WebSite","@id":"https:\/\/www.jornalja.com.br\/arquivo\/#website","url":"https:\/\/www.jornalja.com.br\/arquivo\/","name":"Arquivo","description":"Jornal J\u00c1 | Porto Alegre","inLanguage":"pt-BR","publisher":{"@id":"https:\/\/www.jornalja.com.br\/arquivo\/#organization"}}]},"og:locale":"pt_BR","og:site_name":"Arquivo | Jornal J\u00c1 | Porto Alegre","og:type":"article","og:title":"Sindicatos querem mais informa\u00e7\u00f5es antes de discutir as demiss\u00f5es | Arquivo","og:url":"https:\/\/www.jornalja.com.br\/arquivo\/sindicatos-querem-mais-informacoes-antes-de-discutir-as-demissoes\/","og:image":"https:\/\/www.jornalja.com.br\/wp-content\/uploads\/2017\/02\/Reuni\u00e3o-Extin\u00e7\u00e3o-de-funda\u00e7\u00f5es-CAFF-3.jpg","og:image:secure_url":"https:\/\/www.jornalja.com.br\/wp-content\/uploads\/2017\/02\/Reuni\u00e3o-Extin\u00e7\u00e3o-de-funda\u00e7\u00f5es-CAFF-3.jpg","article:published_time":"2017-02-09T14:44:04+00:00","article:modified_time":"2017-02-09T14:44:04+00:00","twitter:card":"summary","twitter:title":"Sindicatos querem mais informa\u00e7\u00f5es antes de discutir as demiss\u00f5es | Arquivo","twitter:image":"https:\/\/www.jornalja.com.br\/economics\/wp-content\/uploads\/sites\/11\/2026\/08\/ja-folhaderosto-facebook.jpg"},"aioseo_meta_data":{"post_id":"44330","title":null,"description":null,"keywords":null,"keyphrases":null,"primary_term":null,"canonical_url":null,"og_title":null,"og_description":null,"og_object_type":"default","og_image_type":"default","og_image_url":null,"og_image_width":null,"og_image_height":null,"og_image_custom_url":null,"og_image_custom_fields":null,"og_video":null,"og_custom_url":null,"og_article_section":null,"og_article_tags":null,"twitter_use_og":false,"twitter_card":"default","twitter_image_type":"default","twitter_image_url":null,"twitter_image_custom_url":null,"twitter_image_custom_fields":null,"twitter_title":null,"twitter_description":null,"schema":{"blockGraphs":[],"customGraphs":[],"default":{"data":{"Article":[],"Course":[],"Dataset":[],"FAQPage":[],"Movie":[],"Person":[],"Product":[],"ProductReview":[],"Car":[],"Recipe":[],"Service":[],"SoftwareApplication":[],"WebPage":[]},"graphName":"","isEnabled":true},"graphs":[],"defaultGraph":"","defaultPostTypeGraph":""},"schema_type":null,"schema_type_options":null,"pillar_content":false,"robots_default":true,"robots_noindex":false,"robots_noarchive":false,"robots_nosnippet":false,"robots_nofollow":false,"robots_noimageindex":false,"robots_noodp":false,"robots_notranslate":false,"robots_max_snippet":null,"robots_max_videopreview":null,"robots_max_imagepreview":"large","priority":null,"frequency":null,"location":null,"local_seo":null,"breadcrumb_settings":null,"limit_modified_date":false,"ai":null,"created":"2020-12-20 20:40:48","updated":"2025-07-19 19:50:38","seo_analyzer_scan_date":null,"focus_keyword":null,"additional_keywords":null,"truseo_locale":null},"jetpack_sharing_enabled":true,"jetpack-related-posts":[{"id":13124,"url":"https:\/\/www.jornalja.com.br\/arquivo\/sangue-latino-no-iecine\/","url_meta":{"origin":44330,"position":0},"title":"Sangue latino no IECINE","author":"da Reda\u00e7\u00e3o","date":"18 de maio de 2014","format":false,"excerpt":"Francisco Ribeiro O Instituto Estadual de Cinema (IECINE) tem a frente, desde abril \u00faltimo, um novo diretor, o cineasta colombiano Juan Zapata, 36, que substitui Luiz Alberto Cassol. Radicado h\u00e1 dez anos em Porto Alegre, Zapata tem diante de si o desafio de conduzir at\u00e9 o final do ano um\u2026","rel":"","context":"Em &quot;Cultura-Geral&quot;","block_context":{"text":"Cultura-Geral","link":"https:\/\/www.jornalja.com.br\/arquivo\/category\/materiasecundaria\/"},"img":{"alt_text":"","src":"","width":0,"height":0},"classes":[]},{"id":5440,"url":"https:\/\/www.jornalja.com.br\/arquivo\/casarao-da-venancio-destino-permanece-incerto\/","url_meta":{"origin":44330,"position":1},"title":"Estado ainda n\u00e3o sabe o que fazer com casar\u00e3o abandonado h\u00e1 20 anos","author":"Elmar Bones","date":"6 de julho de 2009","format":false,"excerpt":"O casar\u00e3o amarelo, numa esquina nobre de Porto Alegre (Ven\u00e2ncio Aires com Jo\u00e3o Pessoa), j\u00e1 abrigou uma escola. H\u00e1 duas d\u00e9cadas, pelo menos, est\u00e1 abandonado, porque seu propriet\u00e1rio, o governo do Estado do Rio Grande do Sul, n\u00e3o consegue achar um destino para ele. Planos n\u00e3o faltaram. O governador Ol\u00edvio\u2026","rel":"","context":"Em &quot;X.Categorias velhas&quot;","block_context":{"text":"X.Categorias velhas","link":"https:\/\/www.jornalja.com.br\/arquivo\/category\/x-categorias-velhas\/"},"img":{"alt_text":"geraldo1","src":"https:\/\/i0.wp.com\/www.jornalja.com.br\/wp-content\/uploads\/2009\/07\/geraldo1.jpg?resize=350%2C200&ssl=1","width":350,"height":200},"classes":[]},{"id":1280,"url":"https:\/\/www.jornalja.com.br\/arquivo\/o-menino-que-se-tornou-brizola\/","url_meta":{"origin":44330,"position":2},"title":"O Menino que se Tornou Brizola","author":"da Reda\u00e7\u00e3o","date":"28 de julho de 2008","format":false,"excerpt":"Autor: Cleber Dioni A vida de Leonel Brizola, com \u00eanfase para os primeiros anos em Porto Alegre, at\u00e9 o ex\u00edlio no Uruguai e a volta, quinze anos depois. \u00a0\"...\u00c9ramos todos jovens e nos identific\u00e1vamos com aquela massa an\u00f4nima a percorrer as ruas de Porto Alegre, gritando 'Get\u00falio', 'Get\u00falio' e empunhando\u2026","rel":"","context":"Em &quot;Livros&quot;","block_context":{"text":"Livros","link":"https:\/\/www.jornalja.com.br\/arquivo\/category\/livros\/"},"img":{"alt_text":"","src":"https:\/\/i0.wp.com\/www.jornalja.com.br\/wp-content\/uploads\/2008\/07\/brizola.gif?resize=350%2C200&ssl=1","width":350,"height":200},"classes":[]},{"id":13128,"url":"https:\/\/www.jornalja.com.br\/arquivo\/maconha-terra-diz-que-uso-medicinal-e-desculpa\/","url_meta":{"origin":44330,"position":3},"title":"Maconha: Terra diz que uso medicinal \u00e9 desculpa","author":"Patr\u00edcia Marini","date":"4 de junho de 2014","format":false,"excerpt":"A condi\u00e7\u00e3o de pol\u00edtico, em \u00e9poca de campanha de campanha eleitoral, tira for\u00e7a do discurso do m\u00e9dico Osmar Terra contra a legaliza\u00e7\u00e3o da maconha. A tese dele de que a libera\u00e7\u00e3o vai ampliar exponencialmente o consumo \u00e9 discutivel, o consumo \u00e9 corrente. Mas seus alertas quanto aos riscos tem que\u2026","rel":"","context":"Em &quot;X.Categorias velhas&quot;","block_context":{"text":"X.Categorias velhas","link":"https:\/\/www.jornalja.com.br\/arquivo\/category\/x-categorias-velhas\/"},"img":{"alt_text":"","src":"","width":0,"height":0},"classes":[]},{"id":12960,"url":"https:\/\/www.jornalja.com.br\/arquivo\/populacao-culpa-empresas-pela-greve-dos-rodoviarios\/","url_meta":{"origin":44330,"position":4},"title":"Popula\u00e7\u00e3o culpa empresas pela greve","author":"Patr\u00edcia Marini","date":"14 de fevereiro de 2014","format":false,"excerpt":"Pesquisa divulgada na edi\u00e7\u00e3o do jornal Metro desta sexta-feira,14, comprova o velho ditado: \u00e9 poss\u00edvel enganar muitos por algum tempo, mas n\u00e3o \u00e9 poss\u00edvel enganar a todos o tempo inteiro. A principal revela\u00e7\u00e3o foi que 59,8% dos entrevistados apontaram as empresas como as principais respons\u00e1veis pela grave e 46% culparam\u2026","rel":"","context":"Em &quot;X.Categorias velhas&quot;","block_context":{"text":"X.Categorias velhas","link":"https:\/\/www.jornalja.com.br\/arquivo\/category\/x-categorias-velhas\/"},"img":{"alt_text":"","src":"","width":0,"height":0},"classes":[]}],"jetpack_shortlink":"https:\/\/wp.me\/pbQjBd-bx0","jetpack_featured_media_url":"","_links":{"self":[{"href":"https:\/\/www.jornalja.com.br\/arquivo\/wp-json\/wp\/v2\/posts\/44330","targetHints":{"allow":["GET"]}}],"collection":[{"href":"https:\/\/www.jornalja.com.br\/arquivo\/wp-json\/wp\/v2\/posts"}],"about":[{"href":"https:\/\/www.jornalja.com.br\/arquivo\/wp-json\/wp\/v2\/types\/post"}],"author":[{"embeddable":true,"href":"https:\/\/www.jornalja.com.br\/arquivo\/wp-json\/wp\/v2\/users\/4"}],"replies":[{"embeddable":true,"href":"https:\/\/www.jornalja.com.br\/arquivo\/wp-json\/wp\/v2\/comments?post=44330"}],"version-history":[{"count":0,"href":"https:\/\/www.jornalja.com.br\/arquivo\/wp-json\/wp\/v2\/posts\/44330\/revisions"}],"wp:attachment":[{"href":"https:\/\/www.jornalja.com.br\/arquivo\/wp-json\/wp\/v2\/media?parent=44330"}],"wp:term":[{"taxonomy":"category","embeddable":true,"href":"https:\/\/www.jornalja.com.br\/arquivo\/wp-json\/wp\/v2\/categories?post=44330"},{"taxonomy":"post_tag","embeddable":true,"href":"https:\/\/www.jornalja.com.br\/arquivo\/wp-json\/wp\/v2\/tags?post=44330"}],"curies":[{"name":"wp","href":"https:\/\/api.w.org\/{rel}","templated":true}]}}