{"id":44351,"date":"2017-02-09T18:47:18","date_gmt":"2017-02-09T21:47:18","guid":{"rendered":"https:\/\/www.jornalja.com.br\/?p=44351"},"modified":"2017-02-09T18:47:18","modified_gmt":"2017-02-09T21:47:18","slug":"porto-alegre-antecipacao-de-iptu-garantiu-superavit-em-janeiro","status":"publish","type":"post","link":"https:\/\/www.jornalja.com.br\/arquivo\/porto-alegre-antecipacao-de-iptu-garantiu-superavit-em-janeiro\/","title":{"rendered":"Porto Alegre: antecipa\u00e7\u00e3o de IPTU garantiu super\u00e1vit em janeiro"},"content":{"rendered":"<p><span class=\"intertit assina\">Felipe Uhr<\/span><br \/>\nJ\u00e1 eram quatro e vinte da tarde desta quinta-feira quando o secret\u00e1rio Leonardo Busatto entrou no Sal\u00e3o Nobre do Pa\u00e7o dos A\u00e7orianos, juntou-se ao prefeito Nelson Marchezan J\u00fanior e deu inicio ao balan\u00e7o mensal da contas da Prefeitura de Porto Alegre.<br \/>\nDurante aproximadamente uma hora o secretario apresentou os n\u00fameros do primeiro m\u00eas da atual gest\u00e3o. O prefeito pouco falou, apenas abriu a apresenta\u00e7\u00e3o, depois se retirou, voltou, respondeu algumas perguntas e foi embora novamente.<br \/>\nEm sua apresenta\u00e7\u00e3o de 18 slides o secret\u00e1rio da Fazenda foi enf\u00e1tico ao ressaltar a crise financeira vivida pelo munic\u00edpio. Lembrou dos R$ 507 milh\u00f5es de despesas deixados pelo governo Fortunati somente de 2016. &#8220;\u00c9 um dinheiro que eu n\u00e3o tenho e vou ter que pagar&#8221;, afirmou Busatto.<br \/>\nDeste montante R$ 76 milh\u00f5es j\u00e1 foram pagos segundo o pr\u00f3prio secretario.<br \/>\nApesar da crise, o m\u00eas de janeiro apresentou super\u00e1vit de R$ 84 milh\u00f5es. &#8220;Essa n\u00e3o \u00e9 uma receita real j\u00e1 que dezembro e janeiro h\u00e1 antecipa\u00e7\u00e3o do IPTU&#8221; salientou o Busatto. Fevereiro tamb\u00e9m ser\u00e1 um m\u00eas de super\u00e1vit, pois ainda vir\u00e1 receita do IPTU antecipado, depois disso n\u00e3o h\u00e1 previs\u00e3o de lucro entre receita e despesa. &#8220;Ser\u00e3o meses dif\u00edceis&#8221; avisou o secret\u00e1rio que\u00a0lembrou mais uma vez que os sal\u00e1rios ir\u00e3o atrasar.<br \/>\n<strong>&#8220;Cortes vir\u00e3o de todos os lados&#8221; avisa secret\u00e1rio<\/strong><br \/>\nPara estancar a crise, Busatto ressaltou as medidas j\u00e1 adotadas que reduziram os gatos da prefeitura como corte de CCs, despesas di\u00e1rias, passagens a\u00e9reas entre outros. &#8220;Somente em CCs tivemos uma redu\u00e7\u00e3o de 29,7%&#8221; afirmou.<br \/>\nMedidas adotadas:<br \/>\n*\u00a0Corte em despesas com di\u00e1rias, passagens a\u00e9reas, cursos, horas-extras, etc.<br \/>\n* Suspens\u00e3o das d\u00edvidas com fornecedores de 2016.<br \/>\n* Renegocia\u00e7\u00e3o de contratos em vigor.<br \/>\n* Revis\u00e3o das licita\u00e7\u00f5es em andamento.<br \/>\n* Suspens\u00e3o de novas contrata\u00e7\u00f5es, inclusive pessoal.<br \/>\n* Corte no n\u00famero de CCs.<br \/>\n* Racionaliza\u00e7\u00e3o do uso de celulares.<br \/>\n<strong>Prefeito falou sobre Metr\u00f4 e investimentos\u00a0<\/strong><br \/>\nDurante a apresenta\u00e7\u00e3o o que chamou a aten\u00e7\u00e3o foi o baix\u00edssimo grau de investimento direto da prefeitura, pouco mais de R$ 300 mil reais. No ano passado foram R$ 7,4 milh\u00f5es, o que representou uma queda de 95,3%. Tanto secret\u00e1rio e prefeito falaram que investimentos pr\u00f3prios agora n\u00e3o ir\u00e3o acontecer pois &#8220;n\u00e3o h\u00e1 recursos&#8221;<br \/>\nO Prefeito tamb\u00e9m respondeu aos rep\u00f3rteres sobre\u00a0os R$\u00a0\u00a0R$ 3,54 bilh\u00f5es para o Metr\u00f4 que o governo federal havia anunciado para a cidade e que foi cortado. &#8220;Sinceramente fico feliz que tenhamos entrado em mais essa aventura.&#8221; ponderou o prefeito.<br \/>\nPara Marchezan, se durante os anos de crescimento global e nacional da economia Porto Alegre n\u00e3o aproveitou para fazer obras e outros investimentos maiores n\u00e3o seria agora que isso aconteceria. O balan\u00e7o mensal ser\u00e1 uma marca do governo Marchezan, at\u00e9 o 5\u00ba dia \u00fatil do m\u00eas.<br \/>\nConfira abaixo alguns n\u00fameros apresentados pela Prefeitura:<br \/>\n<figure id=\"attachment_44371\" aria-describedby=\"caption-attachment-44371\" style=\"width: 725px\" class=\"wp-caption alignleft\"><img loading=\"lazy\" decoding=\"async\" class=\"size-full wp-image-44371\" src=\"https:\/\/www.jornalja.com.br\/wp-content\/uploads\/2017\/02\/desp_jan17.jpg\" alt=\"Fonte: Secretaria da Fazenda\" width=\"725\" height=\"489\" \/><figcaption id=\"caption-attachment-44371\" class=\"wp-caption-text\">Fonte: Secretaria da Fazenda<\/figcaption><\/figure><br \/>\n&nbsp;<br \/>\n&nbsp;<br \/>\n&nbsp;<br \/>\n&nbsp;<br \/>\n&nbsp;<br \/>\n&nbsp;<br \/>\n&nbsp;<br \/>\n&nbsp;<br \/>\n&nbsp;<br \/>\n<img loading=\"lazy\" decoding=\"async\" class=\"alignleft size-full wp-image-44373\" src=\"https:\/\/www.jornalja.com.br\/wp-content\/uploads\/2017\/02\/despe.jpg\" alt=\"despe\" width=\"725\" height=\"574\" \/><br \/>\n&nbsp;<br \/>\n&nbsp;<br \/>\n&nbsp;<br \/>\n&nbsp;<br \/>\n&nbsp;<br \/>\n&nbsp;<br \/>\n&nbsp;<br \/>\n&nbsp;<br \/>\n&nbsp;<br \/>\n&nbsp;<br \/>\n&nbsp;<br \/>\n<img loading=\"lazy\" decoding=\"async\" class=\"alignleft size-full wp-image-44372\" src=\"https:\/\/www.jornalja.com.br\/wp-content\/uploads\/2017\/02\/desp1_jan17.jpg\" alt=\"desp1_jan17\" width=\"725\" height=\"435\" \/><br \/>\n&nbsp;<br \/>\n&nbsp;<br \/>\n&nbsp;<br \/>\n&nbsp;<br \/>\n&nbsp;<br \/>\n&nbsp;<br \/>\n&nbsp;<br \/>\n<img loading=\"lazy\" decoding=\"async\" class=\"alignleft size-full wp-image-44374\" src=\"https:\/\/www.jornalja.com.br\/wp-content\/uploads\/2017\/02\/despes.jpg\" alt=\"despes\" width=\"725\" height=\"429\" \/><br \/>\n&nbsp;<br \/>\n&nbsp;<br \/>\n&nbsp;<br \/>\n&nbsp;<br \/>\n&nbsp;<br \/>\n&nbsp;<br \/>\n&nbsp;<br \/>\n&nbsp;<br \/>\n&nbsp;<br \/>\n<img loading=\"lazy\" decoding=\"async\" class=\"alignleft size-full wp-image-44375\" src=\"https:\/\/www.jornalja.com.br\/wp-content\/uploads\/2017\/02\/receita.jpg\" alt=\"receita\" width=\"725\" height=\"508\" \/><\/p>\n","protected":false},"excerpt":{"rendered":"<p>Felipe Uhr J\u00e1 eram quatro e vinte da tarde desta quinta-feira quando o secret\u00e1rio Leonardo Busatto entrou no Sal\u00e3o Nobre do Pa\u00e7o dos A\u00e7orianos, juntou-se ao prefeito Nelson Marchezan J\u00fanior e deu inicio ao balan\u00e7o mensal da contas da Prefeitura de Porto Alegre. Durante aproximadamente uma hora o secretario apresentou os n\u00fameros do primeiro m\u00eas [&hellip;]<\/p>\n","protected":false},"author":4,"featured_media":44376,"comment_status":"open","ping_status":"closed","sticky":false,"template":"","format":"standard","meta":{"_jetpack_newsletter_access":"","_jetpack_dont_email_post_to_subs":false,"_jetpack_newsletter_tier_id":0,"_jetpack_memberships_contains_paywalled_content":false,"_jetpack_feature_clip_id":0,"_jetpack_memberships_contains_paid_content":false,"footnotes":"","jetpack_post_was_ever_published":false},"categories":[26],"tags":[],"class_list":["post-44351","post","type-post","status-publish","format-standard","has-post-thumbnail","hentry","category-geral"],"aioseo_notices":[],"aioseo_head":"\n\t\t<!-- All in One SEO 5.0.1.1 - aioseo.com -->\n\t<meta name=\"robots\" content=\"max-image-preview:large\" \/>\n\t<meta name=\"author\" content=\"da Reda\u00e7\u00e3o\"\/>\n\t<link rel=\"canonical\" href=\"https:\/\/www.jornalja.com.br\/arquivo\/porto-alegre-antecipacao-de-iptu-garantiu-superavit-em-janeiro\/\" \/>\n\t<meta name=\"generator\" content=\"All in One SEO (AIOSEO) 5.0.1.1\" \/>\n\t\t<meta property=\"og:locale\" content=\"pt_BR\" \/>\n\t\t<meta property=\"og:site_name\" content=\"Arquivo | Jornal J\u00c1 | Porto Alegre\" \/>\n\t\t<meta property=\"og:type\" content=\"article\" \/>\n\t\t<meta property=\"og:title\" content=\"Porto Alegre: antecipa\u00e7\u00e3o de IPTU garantiu super\u00e1vit em janeiro | Arquivo\" \/>\n\t\t<meta property=\"og:url\" content=\"https:\/\/www.jornalja.com.br\/arquivo\/porto-alegre-antecipacao-de-iptu-garantiu-superavit-em-janeiro\/\" \/>\n\t\t<meta property=\"og:image\" content=\"https:\/\/www.jornalja.com.br\/wp-content\/uploads\/2017\/02\/desp_jan17.jpg\" \/>\n\t\t<meta property=\"og:image:secure_url\" content=\"https:\/\/www.jornalja.com.br\/wp-content\/uploads\/2017\/02\/desp_jan17.jpg\" \/>\n\t\t<meta property=\"article:published_time\" content=\"2017-02-09T21:47:18+00:00\" \/>\n\t\t<meta property=\"article:modified_time\" content=\"2017-02-09T21:47:18+00:00\" \/>\n\t\t<meta name=\"twitter:card\" content=\"summary\" \/>\n\t\t<meta name=\"twitter:title\" content=\"Porto Alegre: antecipa\u00e7\u00e3o de IPTU garantiu super\u00e1vit em janeiro | Arquivo\" \/>\n\t\t<meta name=\"twitter:image\" content=\"https:\/\/www.jornalja.com.br\/economics\/wp-content\/uploads\/sites\/11\/2026\/08\/ja-folhaderosto-facebook.jpg\" \/>\n\t\t<script type=\"application\/ld+json\" class=\"aioseo-schema\">\n\t\t\t{\"@context\":\"https:\\\/\\\/schema.org\",\"@graph\":[{\"@type\":\"BlogPosting\",\"@id\":\"https:\\\/\\\/www.jornalja.com.br\\\/arquivo\\\/porto-alegre-antecipacao-de-iptu-garantiu-superavit-em-janeiro\\\/#blogposting\",\"name\":\"Porto Alegre: antecipa\\u00e7\\u00e3o de IPTU garantiu super\\u00e1vit em janeiro | Arquivo\",\"headline\":\"Porto Alegre: antecipa\\u00e7\\u00e3o de IPTU garantiu super\\u00e1vit em janeiro\",\"author\":{\"@id\":\"https:\\\/\\\/www.jornalja.com.br\\\/arquivo\\\/author\\\/daredacao\\\/#author\"},\"publisher\":{\"@id\":\"https:\\\/\\\/www.jornalja.com.br\\\/arquivo\\\/#organization\"},\"image\":{\"@type\":\"ImageObject\",\"url\":44376},\"datePublished\":\"2017-02-09T18:47:18-02:00\",\"dateModified\":\"2017-02-09T18:47:18-02:00\",\"inLanguage\":\"pt-BR\",\"mainEntityOfPage\":{\"@id\":\"https:\\\/\\\/www.jornalja.com.br\\\/arquivo\\\/porto-alegre-antecipacao-de-iptu-garantiu-superavit-em-janeiro\\\/#webpage\"},\"isPartOf\":{\"@id\":\"https:\\\/\\\/www.jornalja.com.br\\\/arquivo\\\/porto-alegre-antecipacao-de-iptu-garantiu-superavit-em-janeiro\\\/#webpage\"},\"articleSection\":\"Geral\"},{\"@type\":\"BreadcrumbList\",\"@id\":\"https:\\\/\\\/www.jornalja.com.br\\\/arquivo\\\/porto-alegre-antecipacao-de-iptu-garantiu-superavit-em-janeiro\\\/#breadcrumblist\",\"itemListElement\":[{\"@type\":\"ListItem\",\"@id\":\"https:\\\/\\\/www.jornalja.com.br\\\/arquivo#listItem\",\"position\":1,\"name\":\"Home\",\"item\":\"https:\\\/\\\/www.jornalja.com.br\\\/arquivo\",\"nextItem\":{\"@type\":\"ListItem\",\"@id\":\"https:\\\/\\\/www.jornalja.com.br\\\/arquivo\\\/category\\\/geral\\\/#listItem\",\"name\":\"Geral\"}},{\"@type\":\"ListItem\",\"@id\":\"https:\\\/\\\/www.jornalja.com.br\\\/arquivo\\\/category\\\/geral\\\/#listItem\",\"position\":2,\"name\":\"Geral\",\"item\":\"https:\\\/\\\/www.jornalja.com.br\\\/arquivo\\\/category\\\/geral\\\/\",\"nextItem\":{\"@type\":\"ListItem\",\"@id\":\"https:\\\/\\\/www.jornalja.com.br\\\/arquivo\\\/porto-alegre-antecipacao-de-iptu-garantiu-superavit-em-janeiro\\\/#listItem\",\"name\":\"Porto Alegre: antecipa\\u00e7\\u00e3o de IPTU garantiu super\\u00e1vit em janeiro\"},\"previousItem\":{\"@type\":\"ListItem\",\"@id\":\"https:\\\/\\\/www.jornalja.com.br\\\/arquivo#listItem\",\"name\":\"Home\"}},{\"@type\":\"ListItem\",\"@id\":\"https:\\\/\\\/www.jornalja.com.br\\\/arquivo\\\/porto-alegre-antecipacao-de-iptu-garantiu-superavit-em-janeiro\\\/#listItem\",\"position\":3,\"name\":\"Porto Alegre: antecipa\\u00e7\\u00e3o de IPTU garantiu super\\u00e1vit em janeiro\",\"previousItem\":{\"@type\":\"ListItem\",\"@id\":\"https:\\\/\\\/www.jornalja.com.br\\\/arquivo\\\/category\\\/geral\\\/#listItem\",\"name\":\"Geral\"}}]},{\"@type\":\"Organization\",\"@id\":\"https:\\\/\\\/www.jornalja.com.br\\\/arquivo\\\/#organization\",\"name\":\"Jornal J\\u00c1\",\"description\":\"Jornal J\\u00c1 | Porto Alegre\",\"url\":\"https:\\\/\\\/www.jornalja.com.br\\\/arquivo\\\/\",\"telephone\":\"+555133307272\",\"logo\":{\"@type\":\"ImageObject\",\"url\":\"https:\\\/\\\/www.jornalja.com.br\\\/wp-content\\\/uploads\\\/cards\\\/JAslogan.png\",\"@id\":\"https:\\\/\\\/www.jornalja.com.br\\\/arquivo\\\/porto-alegre-antecipacao-de-iptu-garantiu-superavit-em-janeiro\\\/#organizationLogo\"},\"image\":{\"@id\":\"https:\\\/\\\/www.jornalja.com.br\\\/arquivo\\\/porto-alegre-antecipacao-de-iptu-garantiu-superavit-em-janeiro\\\/#organizationLogo\"}},{\"@type\":\"Person\",\"@id\":\"https:\\\/\\\/www.jornalja.com.br\\\/arquivo\\\/author\\\/daredacao\\\/#author\",\"url\":\"https:\\\/\\\/www.jornalja.com.br\\\/arquivo\\\/author\\\/daredacao\\\/\",\"name\":\"da Reda\\u00e7\\u00e3o\",\"image\":{\"@type\":\"ImageObject\",\"@id\":\"https:\\\/\\\/www.jornalja.com.br\\\/arquivo\\\/porto-alegre-antecipacao-de-iptu-garantiu-superavit-em-janeiro\\\/#authorImage\",\"url\":\"https:\\\/\\\/secure.gravatar.com\\\/avatar\\\/469fd857d6605ad19919d27ed29d35a968a25f6e8fd9318356bbb7f57aae9c65?s=96&d=mm&r=g\",\"width\":96,\"height\":96,\"caption\":\"da Reda\\u00e7\\u00e3o\"}},{\"@type\":\"WebPage\",\"@id\":\"https:\\\/\\\/www.jornalja.com.br\\\/arquivo\\\/porto-alegre-antecipacao-de-iptu-garantiu-superavit-em-janeiro\\\/#webpage\",\"url\":\"https:\\\/\\\/www.jornalja.com.br\\\/arquivo\\\/porto-alegre-antecipacao-de-iptu-garantiu-superavit-em-janeiro\\\/\",\"name\":\"Porto Alegre: antecipa\\u00e7\\u00e3o de IPTU garantiu super\\u00e1vit em janeiro | Arquivo\",\"inLanguage\":\"pt-BR\",\"isPartOf\":{\"@id\":\"https:\\\/\\\/www.jornalja.com.br\\\/arquivo\\\/#website\"},\"breadcrumb\":{\"@id\":\"https:\\\/\\\/www.jornalja.com.br\\\/arquivo\\\/porto-alegre-antecipacao-de-iptu-garantiu-superavit-em-janeiro\\\/#breadcrumblist\"},\"author\":{\"@id\":\"https:\\\/\\\/www.jornalja.com.br\\\/arquivo\\\/author\\\/daredacao\\\/#author\"},\"creator\":{\"@id\":\"https:\\\/\\\/www.jornalja.com.br\\\/arquivo\\\/author\\\/daredacao\\\/#author\"},\"image\":{\"@type\":\"ImageObject\",\"url\":44376,\"@id\":\"https:\\\/\\\/www.jornalja.com.br\\\/arquivo\\\/porto-alegre-antecipacao-de-iptu-garantiu-superavit-em-janeiro\\\/#mainImage\"},\"primaryImageOfPage\":{\"@id\":\"https:\\\/\\\/www.jornalja.com.br\\\/arquivo\\\/porto-alegre-antecipacao-de-iptu-garantiu-superavit-em-janeiro\\\/#mainImage\"},\"datePublished\":\"2017-02-09T18:47:18-02:00\",\"dateModified\":\"2017-02-09T18:47:18-02:00\"},{\"@type\":\"WebSite\",\"@id\":\"https:\\\/\\\/www.jornalja.com.br\\\/arquivo\\\/#website\",\"url\":\"https:\\\/\\\/www.jornalja.com.br\\\/arquivo\\\/\",\"name\":\"Arquivo\",\"description\":\"Jornal J\\u00c1 | Porto Alegre\",\"inLanguage\":\"pt-BR\",\"publisher\":{\"@id\":\"https:\\\/\\\/www.jornalja.com.br\\\/arquivo\\\/#organization\"}}]}\n\t\t<\/script>\n\t\t<!-- All in One SEO -->\n\n","aioseo_head_json":{"title":"Porto Alegre: antecipa\u00e7\u00e3o de IPTU garantiu super\u00e1vit em janeiro | Arquivo","description":"","canonical_url":"https:\/\/www.jornalja.com.br\/arquivo\/porto-alegre-antecipacao-de-iptu-garantiu-superavit-em-janeiro\/","robots":"max-image-preview:large","keywords":"","webmasterTools":{"miscellaneous":""},"schema":{"@context":"https:\/\/schema.org","@graph":[{"@type":"BlogPosting","@id":"https:\/\/www.jornalja.com.br\/arquivo\/porto-alegre-antecipacao-de-iptu-garantiu-superavit-em-janeiro\/#blogposting","name":"Porto Alegre: antecipa\u00e7\u00e3o de IPTU garantiu super\u00e1vit em janeiro | Arquivo","headline":"Porto Alegre: antecipa\u00e7\u00e3o de IPTU garantiu super\u00e1vit em janeiro","author":{"@id":"https:\/\/www.jornalja.com.br\/arquivo\/author\/daredacao\/#author"},"publisher":{"@id":"https:\/\/www.jornalja.com.br\/arquivo\/#organization"},"image":{"@type":"ImageObject","url":44376},"datePublished":"2017-02-09T18:47:18-02:00","dateModified":"2017-02-09T18:47:18-02:00","inLanguage":"pt-BR","mainEntityOfPage":{"@id":"https:\/\/www.jornalja.com.br\/arquivo\/porto-alegre-antecipacao-de-iptu-garantiu-superavit-em-janeiro\/#webpage"},"isPartOf":{"@id":"https:\/\/www.jornalja.com.br\/arquivo\/porto-alegre-antecipacao-de-iptu-garantiu-superavit-em-janeiro\/#webpage"},"articleSection":"Geral"},{"@type":"BreadcrumbList","@id":"https:\/\/www.jornalja.com.br\/arquivo\/porto-alegre-antecipacao-de-iptu-garantiu-superavit-em-janeiro\/#breadcrumblist","itemListElement":[{"@type":"ListItem","@id":"https:\/\/www.jornalja.com.br\/arquivo#listItem","position":1,"name":"Home","item":"https:\/\/www.jornalja.com.br\/arquivo","nextItem":{"@type":"ListItem","@id":"https:\/\/www.jornalja.com.br\/arquivo\/category\/geral\/#listItem","name":"Geral"}},{"@type":"ListItem","@id":"https:\/\/www.jornalja.com.br\/arquivo\/category\/geral\/#listItem","position":2,"name":"Geral","item":"https:\/\/www.jornalja.com.br\/arquivo\/category\/geral\/","nextItem":{"@type":"ListItem","@id":"https:\/\/www.jornalja.com.br\/arquivo\/porto-alegre-antecipacao-de-iptu-garantiu-superavit-em-janeiro\/#listItem","name":"Porto Alegre: antecipa\u00e7\u00e3o de IPTU garantiu super\u00e1vit em janeiro"},"previousItem":{"@type":"ListItem","@id":"https:\/\/www.jornalja.com.br\/arquivo#listItem","name":"Home"}},{"@type":"ListItem","@id":"https:\/\/www.jornalja.com.br\/arquivo\/porto-alegre-antecipacao-de-iptu-garantiu-superavit-em-janeiro\/#listItem","position":3,"name":"Porto Alegre: antecipa\u00e7\u00e3o de IPTU garantiu super\u00e1vit em janeiro","previousItem":{"@type":"ListItem","@id":"https:\/\/www.jornalja.com.br\/arquivo\/category\/geral\/#listItem","name":"Geral"}}]},{"@type":"Organization","@id":"https:\/\/www.jornalja.com.br\/arquivo\/#organization","name":"Jornal J\u00c1","description":"Jornal J\u00c1 | Porto Alegre","url":"https:\/\/www.jornalja.com.br\/arquivo\/","telephone":"+555133307272","logo":{"@type":"ImageObject","url":"https:\/\/www.jornalja.com.br\/wp-content\/uploads\/cards\/JAslogan.png","@id":"https:\/\/www.jornalja.com.br\/arquivo\/porto-alegre-antecipacao-de-iptu-garantiu-superavit-em-janeiro\/#organizationLogo"},"image":{"@id":"https:\/\/www.jornalja.com.br\/arquivo\/porto-alegre-antecipacao-de-iptu-garantiu-superavit-em-janeiro\/#organizationLogo"}},{"@type":"Person","@id":"https:\/\/www.jornalja.com.br\/arquivo\/author\/daredacao\/#author","url":"https:\/\/www.jornalja.com.br\/arquivo\/author\/daredacao\/","name":"da Reda\u00e7\u00e3o","image":{"@type":"ImageObject","@id":"https:\/\/www.jornalja.com.br\/arquivo\/porto-alegre-antecipacao-de-iptu-garantiu-superavit-em-janeiro\/#authorImage","url":"https:\/\/secure.gravatar.com\/avatar\/469fd857d6605ad19919d27ed29d35a968a25f6e8fd9318356bbb7f57aae9c65?s=96&d=mm&r=g","width":96,"height":96,"caption":"da Reda\u00e7\u00e3o"}},{"@type":"WebPage","@id":"https:\/\/www.jornalja.com.br\/arquivo\/porto-alegre-antecipacao-de-iptu-garantiu-superavit-em-janeiro\/#webpage","url":"https:\/\/www.jornalja.com.br\/arquivo\/porto-alegre-antecipacao-de-iptu-garantiu-superavit-em-janeiro\/","name":"Porto Alegre: antecipa\u00e7\u00e3o de IPTU garantiu super\u00e1vit em janeiro | Arquivo","inLanguage":"pt-BR","isPartOf":{"@id":"https:\/\/www.jornalja.com.br\/arquivo\/#website"},"breadcrumb":{"@id":"https:\/\/www.jornalja.com.br\/arquivo\/porto-alegre-antecipacao-de-iptu-garantiu-superavit-em-janeiro\/#breadcrumblist"},"author":{"@id":"https:\/\/www.jornalja.com.br\/arquivo\/author\/daredacao\/#author"},"creator":{"@id":"https:\/\/www.jornalja.com.br\/arquivo\/author\/daredacao\/#author"},"image":{"@type":"ImageObject","url":44376,"@id":"https:\/\/www.jornalja.com.br\/arquivo\/porto-alegre-antecipacao-de-iptu-garantiu-superavit-em-janeiro\/#mainImage"},"primaryImageOfPage":{"@id":"https:\/\/www.jornalja.com.br\/arquivo\/porto-alegre-antecipacao-de-iptu-garantiu-superavit-em-janeiro\/#mainImage"},"datePublished":"2017-02-09T18:47:18-02:00","dateModified":"2017-02-09T18:47:18-02:00"},{"@type":"WebSite","@id":"https:\/\/www.jornalja.com.br\/arquivo\/#website","url":"https:\/\/www.jornalja.com.br\/arquivo\/","name":"Arquivo","description":"Jornal J\u00c1 | Porto Alegre","inLanguage":"pt-BR","publisher":{"@id":"https:\/\/www.jornalja.com.br\/arquivo\/#organization"}}]},"og:locale":"pt_BR","og:site_name":"Arquivo | Jornal J\u00c1 | Porto Alegre","og:type":"article","og:title":"Porto Alegre: antecipa\u00e7\u00e3o de IPTU garantiu super\u00e1vit em janeiro | Arquivo","og:url":"https:\/\/www.jornalja.com.br\/arquivo\/porto-alegre-antecipacao-de-iptu-garantiu-superavit-em-janeiro\/","og:image":"https:\/\/www.jornalja.com.br\/wp-content\/uploads\/2017\/02\/desp_jan17.jpg","og:image:secure_url":"https:\/\/www.jornalja.com.br\/wp-content\/uploads\/2017\/02\/desp_jan17.jpg","article:published_time":"2017-02-09T21:47:18+00:00","article:modified_time":"2017-02-09T21:47:18+00:00","twitter:card":"summary","twitter:title":"Porto Alegre: antecipa\u00e7\u00e3o de IPTU garantiu super\u00e1vit em janeiro | Arquivo","twitter:image":"https:\/\/www.jornalja.com.br\/economics\/wp-content\/uploads\/sites\/11\/2026\/08\/ja-folhaderosto-facebook.jpg"},"aioseo_meta_data":{"post_id":"44351","title":null,"description":null,"keywords":null,"keyphrases":null,"primary_term":null,"canonical_url":null,"og_title":null,"og_description":null,"og_object_type":"default","og_image_type":"default","og_image_url":null,"og_image_width":null,"og_image_height":null,"og_image_custom_url":null,"og_image_custom_fields":null,"og_video":null,"og_custom_url":null,"og_article_section":null,"og_article_tags":null,"twitter_use_og":false,"twitter_card":"default","twitter_image_type":"default","twitter_image_url":null,"twitter_image_custom_url":null,"twitter_image_custom_fields":null,"twitter_title":null,"twitter_description":null,"schema":{"blockGraphs":[],"customGraphs":[],"default":{"data":{"Article":[],"Course":[],"Dataset":[],"FAQPage":[],"Movie":[],"Person":[],"Product":[],"ProductReview":[],"Car":[],"Recipe":[],"Service":[],"SoftwareApplication":[],"WebPage":[]},"graphName":"","isEnabled":true},"graphs":[],"defaultGraph":"","defaultPostTypeGraph":""},"schema_type":null,"schema_type_options":null,"pillar_content":false,"robots_default":true,"robots_noindex":false,"robots_noarchive":false,"robots_nosnippet":false,"robots_nofollow":false,"robots_noimageindex":false,"robots_noodp":false,"robots_notranslate":false,"robots_max_snippet":null,"robots_max_videopreview":null,"robots_max_imagepreview":"large","priority":null,"frequency":null,"location":null,"local_seo":null,"breadcrumb_settings":null,"limit_modified_date":false,"ai":null,"created":"2020-12-20 20:40:48","updated":"2025-07-19 19:50:38","seo_analyzer_scan_date":null,"focus_keyword":null,"additional_keywords":null,"truseo_locale":null},"jetpack_sharing_enabled":true,"jetpack-related-posts":[{"id":14241,"url":"https:\/\/www.jornalja.com.br\/arquivo\/o-guaiba-nas-imagens-poeticas-de-achutti\/","url_meta":{"origin":44351,"position":0},"title":"O Gua\u00edba nas imagens po\u00e9ticas de Achutti","author":"da Reda\u00e7\u00e3o","date":"18 de junho de 2014","format":false,"excerpt":"Em \u201cO Gua\u00edba por Achutti\u201d \u2013 obra financiada via Minist\u00e9rio da Cultura, produ\u00e7\u00e3o executiva de Pedro Longhi, e Fl\u00e1vio Wild como designer \u2013, o fot\u00f3grafo revela a beleza e as mazelas de um espa\u00e7o aqu\u00e1tico de \u00e1guas sempre renovadas, cheio de hist\u00f3rias e lendas como as das cidades que foram\u2026","rel":"","context":"Em &quot;Cultura-Geral&quot;","block_context":{"text":"Cultura-Geral","link":"https:\/\/www.jornalja.com.br\/arquivo\/category\/materiasecundaria\/"},"img":{"alt_text":"","src":"","width":0,"height":0},"classes":[]},{"id":13240,"url":"https:\/\/www.jornalja.com.br\/arquivo\/plano-diretor-estamos-construindo-o-caos\/","url_meta":{"origin":44351,"position":1},"title":"Plano diretor: &quot;Estamos construindo o caos&quot;","author":"Patr\u00edcia Marini","date":"26 de maio de 2014","format":false,"excerpt":"Desabafo que arquiteta Eliana Castilhos, delegada da Regi\u00e3o de Planejamento 1, postou nas redes sociais \u00e9 um testemunho do ambiente que se criou no Conselho do Plano Diretor de Porto Alegre, onde a aprova\u00e7\u00e3o de grandes empreendimentos \u00e9 empurrada guela abaixo dos conselheiros. Ao CMDUA Como delegada da Regi\u00e3o de\u2026","rel":"","context":"Em &quot;Geral&quot;","block_context":{"text":"Geral","link":"https:\/\/www.jornalja.com.br\/arquivo\/category\/geral\/"},"img":{"alt_text":"","src":"","width":0,"height":0},"classes":[]},{"id":12960,"url":"https:\/\/www.jornalja.com.br\/arquivo\/populacao-culpa-empresas-pela-greve-dos-rodoviarios\/","url_meta":{"origin":44351,"position":2},"title":"Popula\u00e7\u00e3o culpa empresas pela greve","author":"Patr\u00edcia Marini","date":"14 de fevereiro de 2014","format":false,"excerpt":"Pesquisa divulgada na edi\u00e7\u00e3o do jornal Metro desta sexta-feira,14, comprova o velho ditado: \u00e9 poss\u00edvel enganar muitos por algum tempo, mas n\u00e3o \u00e9 poss\u00edvel enganar a todos o tempo inteiro. A principal revela\u00e7\u00e3o foi que 59,8% dos entrevistados apontaram as empresas como as principais respons\u00e1veis pela grave e 46% culparam\u2026","rel":"","context":"Em &quot;X.Categorias velhas&quot;","block_context":{"text":"X.Categorias velhas","link":"https:\/\/www.jornalja.com.br\/arquivo\/category\/x-categorias-velhas\/"},"img":{"alt_text":"","src":"","width":0,"height":0},"classes":[]},{"id":5440,"url":"https:\/\/www.jornalja.com.br\/arquivo\/casarao-da-venancio-destino-permanece-incerto\/","url_meta":{"origin":44351,"position":3},"title":"Estado ainda n\u00e3o sabe o que fazer com casar\u00e3o abandonado h\u00e1 20 anos","author":"Elmar Bones","date":"6 de julho de 2009","format":false,"excerpt":"O casar\u00e3o amarelo, numa esquina nobre de Porto Alegre (Ven\u00e2ncio Aires com Jo\u00e3o Pessoa), j\u00e1 abrigou uma escola. H\u00e1 duas d\u00e9cadas, pelo menos, est\u00e1 abandonado, porque seu propriet\u00e1rio, o governo do Estado do Rio Grande do Sul, n\u00e3o consegue achar um destino para ele. Planos n\u00e3o faltaram. O governador Ol\u00edvio\u2026","rel":"","context":"Em &quot;X.Categorias velhas&quot;","block_context":{"text":"X.Categorias velhas","link":"https:\/\/www.jornalja.com.br\/arquivo\/category\/x-categorias-velhas\/"},"img":{"alt_text":"geraldo1","src":"https:\/\/i0.wp.com\/www.jornalja.com.br\/wp-content\/uploads\/2009\/07\/geraldo1.jpg?resize=350%2C200&ssl=1","width":350,"height":200},"classes":[]},{"id":13124,"url":"https:\/\/www.jornalja.com.br\/arquivo\/sangue-latino-no-iecine\/","url_meta":{"origin":44351,"position":4},"title":"Sangue latino no IECINE","author":"da Reda\u00e7\u00e3o","date":"18 de maio de 2014","format":false,"excerpt":"Francisco Ribeiro O Instituto Estadual de Cinema (IECINE) tem a frente, desde abril \u00faltimo, um novo diretor, o cineasta colombiano Juan Zapata, 36, que substitui Luiz Alberto Cassol. Radicado h\u00e1 dez anos em Porto Alegre, Zapata tem diante de si o desafio de conduzir at\u00e9 o final do ano um\u2026","rel":"","context":"Em &quot;Cultura-Geral&quot;","block_context":{"text":"Cultura-Geral","link":"https:\/\/www.jornalja.com.br\/arquivo\/category\/materiasecundaria\/"},"img":{"alt_text":"","src":"","width":0,"height":0},"classes":[]},{"id":1280,"url":"https:\/\/www.jornalja.com.br\/arquivo\/o-menino-que-se-tornou-brizola\/","url_meta":{"origin":44351,"position":5},"title":"O Menino que se Tornou Brizola","author":"da Reda\u00e7\u00e3o","date":"28 de julho de 2008","format":false,"excerpt":"Autor: Cleber Dioni A vida de Leonel Brizola, com \u00eanfase para os primeiros anos em Porto Alegre, at\u00e9 o ex\u00edlio no Uruguai e a volta, quinze anos depois. \u00a0\"...\u00c9ramos todos jovens e nos identific\u00e1vamos com aquela massa an\u00f4nima a percorrer as ruas de Porto Alegre, gritando 'Get\u00falio', 'Get\u00falio' e empunhando\u2026","rel":"","context":"Em &quot;Livros&quot;","block_context":{"text":"Livros","link":"https:\/\/www.jornalja.com.br\/arquivo\/category\/livros\/"},"img":{"alt_text":"","src":"https:\/\/i0.wp.com\/www.jornalja.com.br\/wp-content\/uploads\/2008\/07\/brizola.gif?resize=350%2C200&ssl=1","width":350,"height":200},"classes":[]}],"jetpack_shortlink":"https:\/\/wp.me\/pbQjBd-bxl","jetpack_featured_media_url":"","_links":{"self":[{"href":"https:\/\/www.jornalja.com.br\/arquivo\/wp-json\/wp\/v2\/posts\/44351","targetHints":{"allow":["GET"]}}],"collection":[{"href":"https:\/\/www.jornalja.com.br\/arquivo\/wp-json\/wp\/v2\/posts"}],"about":[{"href":"https:\/\/www.jornalja.com.br\/arquivo\/wp-json\/wp\/v2\/types\/post"}],"author":[{"embeddable":true,"href":"https:\/\/www.jornalja.com.br\/arquivo\/wp-json\/wp\/v2\/users\/4"}],"replies":[{"embeddable":true,"href":"https:\/\/www.jornalja.com.br\/arquivo\/wp-json\/wp\/v2\/comments?post=44351"}],"version-history":[{"count":0,"href":"https:\/\/www.jornalja.com.br\/arquivo\/wp-json\/wp\/v2\/posts\/44351\/revisions"}],"wp:attachment":[{"href":"https:\/\/www.jornalja.com.br\/arquivo\/wp-json\/wp\/v2\/media?parent=44351"}],"wp:term":[{"taxonomy":"category","embeddable":true,"href":"https:\/\/www.jornalja.com.br\/arquivo\/wp-json\/wp\/v2\/categories?post=44351"},{"taxonomy":"post_tag","embeddable":true,"href":"https:\/\/www.jornalja.com.br\/arquivo\/wp-json\/wp\/v2\/tags?post=44351"}],"curies":[{"name":"wp","href":"https:\/\/api.w.org\/{rel}","templated":true}]}}