{"id":44395,"date":"2017-02-09T23:16:13","date_gmt":"2017-02-10T02:16:13","guid":{"rendered":"https:\/\/www.jornalja.com.br\/?p=44395"},"modified":"2017-02-09T23:16:13","modified_gmt":"2017-02-10T02:16:13","slug":"vidros-quebrados-bombas-e-prisoes-no-protesto-contra-o-aumento-da-passagem","status":"publish","type":"post","link":"https:\/\/www.jornalja.com.br\/arquivo\/vidros-quebrados-bombas-e-prisoes-no-protesto-contra-o-aumento-da-passagem\/","title":{"rendered":"Vidros quebrados, bombas e pris\u00f5es no protesto contra o aumento da passagem"},"content":{"rendered":"<p><span class=\"assina\">Matheus Chaparini<\/span><br \/>\nO primeiro ato do Bloco de Luta pelo Transporte P\u00fablico em Porto Alegre terminou com correria, explos\u00f5es de bombas e pris\u00f5es no centro de Porto Alegre.<br \/>\nSegundo a Brigada Militar, dois homens foram presos e um adolescentes apreendido, sob alega\u00e7\u00e3o de dano ao patrim\u00f4nio.<br \/>\nA manifesta\u00e7\u00e3o se concentrou na esquina democr\u00e1tica, de onde a caminhada partiu em torno das 19h.<br \/>\nO alvo do protesto \u00e9 o reajuste da passagem de \u00f4nibus de Porto Alegre, que ainda ainda n\u00e3o foi definido. As <a href=\"https:\/\/www.jornalja.com.br\/empresas-querem-aumento-de-146-na-passagem-de-onibus-em-porto-alegre\/\" target=\"_blank\" rel=\"noopener noreferrer\">empresas de \u00f4nibus pedem um aumento de 14,6%,<\/a> de R$ 3,75 para R$ 4,30.<br \/>\n<figure id=\"attachment_44399\" aria-describedby=\"caption-attachment-44399\" style=\"width: 725px\" class=\"wp-caption alignnone\"><img loading=\"lazy\" decoding=\"async\" class=\"wp-image-44399 size-full\" src=\"https:\/\/www.jornalja.com.br\/wp-content\/uploads\/2017\/02\/IMG_20170209_190655232.jpg\" alt=\"Durante a caminhada, picha\u00e7\u00f5es e algumas vidra\u00e7as quebradas\" width=\"725\" height=\"408\" \/><figcaption id=\"caption-attachment-44399\" class=\"wp-caption-text\">Durante a caminhada, picha\u00e7\u00f5es e algumas vidra\u00e7as quebradas<\/figcaption><\/figure><br \/>\nCentenas de pessoas seguiram em caminhada pelas ruas do centro com faixas e bandeiras do PSOL, PSTU, MLB, Resist\u00eancia Popular e diversos partidos e organiza\u00e7\u00f5es que comp\u00f5e o bloco.<br \/>\nOs manifestantes entregavam panfletos para motoristas e pedestres e cantavam \u201ceta eta eta, se \u00a0passagem aumentar vou ter que pular a roleta\u201d, em ritmo de Caetano Veloso. A EPTC vinha \u00e0 frente da marcha, abrindo o caminho, e a Brigada Militar, \u00e0s costas.<br \/>\nO trajeto seguiu por Salgado Filho, Dr. Flores, Terminal de \u00f4nibus do Camel\u00f3dromo, Senhor do Passos, Ot\u00e1vio Rocha, chegando \u00e0 frente da Prefeitura, onde grande efetivo do Batalh\u00e3o de Opera\u00e7\u00f5es Especiais da Brigada Militar e da Guarda Municipal protegiam a sede do poder municipal. Dali, o grupo come\u00e7ou a subir a avenida Borges de Medeiros.<br \/>\nDurante o percurso, alguns manifestantes picharam mensagens de protesto nos muros. Quando a marcha passou pela Ot\u00e1vio Rocha, uma bolinha de gude arremessada de um estilingue de um manifestante rompeu a vidra\u00e7a do Bradesco.<br \/>\nUma ag\u00eancia do Banrisul e uma loja do MC Donald&#8217;s tiveram vidros quebrados por marteladas. Quando a caminhada subia a Borges de Medeiros, dois jovens quebraram vidros da ag\u00eancia do banco Ita\u00fa, na esquina com a rua da Praia. Foi o estopim que desencadeou a a\u00e7\u00e3o da Brigada.<br \/>\n<figure id=\"attachment_44401\" aria-describedby=\"caption-attachment-44401\" style=\"width: 725px\" class=\"wp-caption alignnone\"><img loading=\"lazy\" decoding=\"async\" class=\"wp-image-44401 size-full\" src=\"https:\/\/www.jornalja.com.br\/wp-content\/uploads\/2017\/02\/IMG_20170209_193927124.jpg\" alt=\"Vidra\u00e7as foram quebradas com marteladas\" width=\"725\" height=\"408\" \/><figcaption id=\"caption-attachment-44401\" class=\"wp-caption-text\">Vidra\u00e7as foram quebradas com marteladas<\/figcaption><\/figure><br \/>\nQuatro ou cinco bombas de g\u00e1s lacrimog\u00eanio foram arremessadas por tr\u00e1s, caindo no meio da manifesta\u00e7\u00e3o, longe dos envolvidos na depreda\u00e7\u00e3o. A correria foi geral. O grupo se dividiu para os dois lados pela Rua dos Andradas. Uma senhora com dificuldade de locomo\u00e7\u00e3o passava pelo local e foi afetada pelo efeito do g\u00e1s. Funcion\u00e1rios de uma loja pr\u00f3xima acolheram.<br \/>\nOs manifestantes chegaram a se reagrupar, j\u00e1 reduzidos a n\u00e3o mais do que cem, na esquina das avenidas Borges de Medeiros e Salgado Filho. O efetivo policial, com viatura, cavalos e homens a p\u00e9, parecia crescer \u00e0 medida que reduzia o tamanho do protesto. Um grupo de manifestantes prestou socorro a uma jovem ferida na perna por um estilha\u00e7o de bomba e a um homem desorientado pelas explos\u00f5es.<br \/>\n<figure id=\"attachment_44402\" aria-describedby=\"caption-attachment-44402\" style=\"width: 725px\" class=\"wp-caption alignnone\"><img loading=\"lazy\" decoding=\"async\" class=\"wp-image-44402 size-full\" src=\"https:\/\/www.jornalja.com.br\/wp-content\/uploads\/2017\/02\/IMG_20170209_194708346.jpg\" alt=\"Grupo de manifestantes prestou socorro a uma jovem ferida por estilha\u00e7o de bomba\" width=\"725\" height=\"408\" \/><figcaption id=\"caption-attachment-44402\" class=\"wp-caption-text\">Grupo de manifestantes prestou socorro a uma jovem ferida por estilha\u00e7o de bomba<\/figcaption><\/figure><br \/>\nA Brigada ainda arremessou mais duas bombas e investiu novamente contra o grupo, que dispersou. Vendedores de fruta com bancas pr\u00f3ximas protestaram contra a a\u00e7\u00e3o. \u201cAqui tem crian\u00e7a, isso \u00e9 covardia\u201d, exclamou uma mo\u00e7a.<br \/>\nPor volta das 20h, quando a esquina democr\u00e1tica n\u00e3o reunia mais do que 30 pessoas, entre manifestantes, imprensa e transeuntes, nova investida.<br \/>\nUm grupo de policiais atacou com chutes e cassetadas um pequeno grupo de manifestantes. Na sequ\u00eancia, um jovem foi perseguido por tr\u00eas brigadianos, caiu no ch\u00e3o, levou cassetadas e foi detido.<br \/>\nOs \u00faltimos efetivos policiais se retiraram sob aplausos e coment\u00e1rios ir\u00f4nicos dos que ainda permaneciam no local. Uma senhora disparou: \u201ca sociedade est\u00e1 correndo um grande perigo nas m\u00e3os desses caras. E chamam isso seguran\u00e7a p\u00fablica.\u201d Um homem mais exaltado criticava a a\u00e7\u00e3o da pol\u00edcia e gritava estat\u00edsticas da viol\u00eancia: \u201cmais de 200 assassinatos na regi\u00e3o metropolitana s\u00f3 em janeiro. Onde estava o BOE?\u201d<br \/>\n<figure id=\"attachment_44404\" aria-describedby=\"caption-attachment-44404\" style=\"width: 725px\" class=\"wp-caption alignnone\"><img loading=\"lazy\" decoding=\"async\" class=\"wp-image-44404 size-full\" src=\"https:\/\/www.jornalja.com.br\/wp-content\/uploads\/2017\/02\/IMG_20170209_200509373_HDR.jpg\" alt=\"Viaturas, cavalos e homens a p\u00e9, forte efetivo da Brigada Militar\" width=\"725\" height=\"408\" \/><figcaption id=\"caption-attachment-44404\" class=\"wp-caption-text\">Viaturas, cavalos e homens a p\u00e9, forte efetivo da Brigada Militar<\/figcaption><\/figure><\/p>\n","protected":false},"excerpt":{"rendered":"<p>Matheus Chaparini O primeiro ato do Bloco de Luta pelo Transporte P\u00fablico em Porto Alegre terminou com correria, explos\u00f5es de bombas e pris\u00f5es no centro de Porto Alegre. Segundo a Brigada Militar, dois homens foram presos e um adolescentes apreendido, sob alega\u00e7\u00e3o de dano ao patrim\u00f4nio. A manifesta\u00e7\u00e3o se concentrou na esquina democr\u00e1tica, de onde [&hellip;]<\/p>\n","protected":false},"author":4,"featured_media":44398,"comment_status":"open","ping_status":"closed","sticky":false,"template":"","format":"standard","meta":{"_jetpack_newsletter_access":"","_jetpack_dont_email_post_to_subs":false,"_jetpack_newsletter_tier_id":0,"_jetpack_memberships_contains_paywalled_content":false,"_jetpack_feature_clip_id":0,"_jetpack_memberships_contains_paid_content":false,"footnotes":"","jetpack_post_was_ever_published":false},"categories":[26],"tags":[],"class_list":["post-44395","post","type-post","status-publish","format-standard","has-post-thumbnail","hentry","category-geral"],"aioseo_notices":[],"aioseo_head":"\n\t\t<!-- All in One SEO 5.0.1.1 - aioseo.com -->\n\t<meta name=\"robots\" content=\"max-image-preview:large\" \/>\n\t<meta name=\"author\" content=\"da Reda\u00e7\u00e3o\"\/>\n\t<link rel=\"canonical\" href=\"https:\/\/www.jornalja.com.br\/arquivo\/vidros-quebrados-bombas-e-prisoes-no-protesto-contra-o-aumento-da-passagem\/\" \/>\n\t<meta name=\"generator\" content=\"All in One SEO (AIOSEO) 5.0.1.1\" \/>\n\t\t<meta property=\"og:locale\" content=\"pt_BR\" \/>\n\t\t<meta property=\"og:site_name\" content=\"Arquivo | Jornal J\u00c1 | Porto Alegre\" \/>\n\t\t<meta property=\"og:type\" content=\"article\" \/>\n\t\t<meta property=\"og:title\" content=\"Vidros quebrados, bombas e pris\u00f5es no protesto contra o aumento da passagem | Arquivo\" \/>\n\t\t<meta property=\"og:url\" content=\"https:\/\/www.jornalja.com.br\/arquivo\/vidros-quebrados-bombas-e-prisoes-no-protesto-contra-o-aumento-da-passagem\/\" \/>\n\t\t<meta property=\"og:image\" content=\"https:\/\/www.jornalja.com.br\/wp-content\/uploads\/2017\/02\/IMG_20170209_190655232.jpg\" \/>\n\t\t<meta property=\"og:image:secure_url\" content=\"https:\/\/www.jornalja.com.br\/wp-content\/uploads\/2017\/02\/IMG_20170209_190655232.jpg\" \/>\n\t\t<meta property=\"article:published_time\" content=\"2017-02-10T02:16:13+00:00\" \/>\n\t\t<meta property=\"article:modified_time\" content=\"2017-02-10T02:16:13+00:00\" \/>\n\t\t<meta name=\"twitter:card\" content=\"summary\" \/>\n\t\t<meta name=\"twitter:title\" content=\"Vidros quebrados, bombas e pris\u00f5es no protesto contra o aumento da passagem | Arquivo\" \/>\n\t\t<meta name=\"twitter:image\" content=\"https:\/\/www.jornalja.com.br\/economics\/wp-content\/uploads\/sites\/11\/2026\/08\/ja-folhaderosto-facebook.jpg\" \/>\n\t\t<script type=\"application\/ld+json\" class=\"aioseo-schema\">\n\t\t\t{\"@context\":\"https:\\\/\\\/schema.org\",\"@graph\":[{\"@type\":\"BlogPosting\",\"@id\":\"https:\\\/\\\/www.jornalja.com.br\\\/arquivo\\\/vidros-quebrados-bombas-e-prisoes-no-protesto-contra-o-aumento-da-passagem\\\/#blogposting\",\"name\":\"Vidros quebrados, bombas e pris\\u00f5es no protesto contra o aumento da passagem | Arquivo\",\"headline\":\"Vidros quebrados, bombas e pris\\u00f5es no protesto contra o aumento da passagem\",\"author\":{\"@id\":\"https:\\\/\\\/www.jornalja.com.br\\\/arquivo\\\/author\\\/daredacao\\\/#author\"},\"publisher\":{\"@id\":\"https:\\\/\\\/www.jornalja.com.br\\\/arquivo\\\/#organization\"},\"image\":{\"@type\":\"ImageObject\",\"url\":44398},\"datePublished\":\"2017-02-09T23:16:13-02:00\",\"dateModified\":\"2017-02-09T23:16:13-02:00\",\"inLanguage\":\"pt-BR\",\"mainEntityOfPage\":{\"@id\":\"https:\\\/\\\/www.jornalja.com.br\\\/arquivo\\\/vidros-quebrados-bombas-e-prisoes-no-protesto-contra-o-aumento-da-passagem\\\/#webpage\"},\"isPartOf\":{\"@id\":\"https:\\\/\\\/www.jornalja.com.br\\\/arquivo\\\/vidros-quebrados-bombas-e-prisoes-no-protesto-contra-o-aumento-da-passagem\\\/#webpage\"},\"articleSection\":\"Geral\"},{\"@type\":\"BreadcrumbList\",\"@id\":\"https:\\\/\\\/www.jornalja.com.br\\\/arquivo\\\/vidros-quebrados-bombas-e-prisoes-no-protesto-contra-o-aumento-da-passagem\\\/#breadcrumblist\",\"itemListElement\":[{\"@type\":\"ListItem\",\"@id\":\"https:\\\/\\\/www.jornalja.com.br\\\/arquivo#listItem\",\"position\":1,\"name\":\"Home\",\"item\":\"https:\\\/\\\/www.jornalja.com.br\\\/arquivo\",\"nextItem\":{\"@type\":\"ListItem\",\"@id\":\"https:\\\/\\\/www.jornalja.com.br\\\/arquivo\\\/category\\\/geral\\\/#listItem\",\"name\":\"Geral\"}},{\"@type\":\"ListItem\",\"@id\":\"https:\\\/\\\/www.jornalja.com.br\\\/arquivo\\\/category\\\/geral\\\/#listItem\",\"position\":2,\"name\":\"Geral\",\"item\":\"https:\\\/\\\/www.jornalja.com.br\\\/arquivo\\\/category\\\/geral\\\/\",\"nextItem\":{\"@type\":\"ListItem\",\"@id\":\"https:\\\/\\\/www.jornalja.com.br\\\/arquivo\\\/vidros-quebrados-bombas-e-prisoes-no-protesto-contra-o-aumento-da-passagem\\\/#listItem\",\"name\":\"Vidros quebrados, bombas e pris\\u00f5es no protesto contra o aumento da passagem\"},\"previousItem\":{\"@type\":\"ListItem\",\"@id\":\"https:\\\/\\\/www.jornalja.com.br\\\/arquivo#listItem\",\"name\":\"Home\"}},{\"@type\":\"ListItem\",\"@id\":\"https:\\\/\\\/www.jornalja.com.br\\\/arquivo\\\/vidros-quebrados-bombas-e-prisoes-no-protesto-contra-o-aumento-da-passagem\\\/#listItem\",\"position\":3,\"name\":\"Vidros quebrados, bombas e pris\\u00f5es no protesto contra o aumento da passagem\",\"previousItem\":{\"@type\":\"ListItem\",\"@id\":\"https:\\\/\\\/www.jornalja.com.br\\\/arquivo\\\/category\\\/geral\\\/#listItem\",\"name\":\"Geral\"}}]},{\"@type\":\"Organization\",\"@id\":\"https:\\\/\\\/www.jornalja.com.br\\\/arquivo\\\/#organization\",\"name\":\"Jornal J\\u00c1\",\"description\":\"Jornal J\\u00c1 | Porto Alegre\",\"url\":\"https:\\\/\\\/www.jornalja.com.br\\\/arquivo\\\/\",\"telephone\":\"+555133307272\",\"logo\":{\"@type\":\"ImageObject\",\"url\":\"https:\\\/\\\/www.jornalja.com.br\\\/wp-content\\\/uploads\\\/cards\\\/JAslogan.png\",\"@id\":\"https:\\\/\\\/www.jornalja.com.br\\\/arquivo\\\/vidros-quebrados-bombas-e-prisoes-no-protesto-contra-o-aumento-da-passagem\\\/#organizationLogo\"},\"image\":{\"@id\":\"https:\\\/\\\/www.jornalja.com.br\\\/arquivo\\\/vidros-quebrados-bombas-e-prisoes-no-protesto-contra-o-aumento-da-passagem\\\/#organizationLogo\"}},{\"@type\":\"Person\",\"@id\":\"https:\\\/\\\/www.jornalja.com.br\\\/arquivo\\\/author\\\/daredacao\\\/#author\",\"url\":\"https:\\\/\\\/www.jornalja.com.br\\\/arquivo\\\/author\\\/daredacao\\\/\",\"name\":\"da Reda\\u00e7\\u00e3o\",\"image\":{\"@type\":\"ImageObject\",\"@id\":\"https:\\\/\\\/www.jornalja.com.br\\\/arquivo\\\/vidros-quebrados-bombas-e-prisoes-no-protesto-contra-o-aumento-da-passagem\\\/#authorImage\",\"url\":\"https:\\\/\\\/secure.gravatar.com\\\/avatar\\\/469fd857d6605ad19919d27ed29d35a968a25f6e8fd9318356bbb7f57aae9c65?s=96&d=mm&r=g\",\"width\":96,\"height\":96,\"caption\":\"da Reda\\u00e7\\u00e3o\"}},{\"@type\":\"WebPage\",\"@id\":\"https:\\\/\\\/www.jornalja.com.br\\\/arquivo\\\/vidros-quebrados-bombas-e-prisoes-no-protesto-contra-o-aumento-da-passagem\\\/#webpage\",\"url\":\"https:\\\/\\\/www.jornalja.com.br\\\/arquivo\\\/vidros-quebrados-bombas-e-prisoes-no-protesto-contra-o-aumento-da-passagem\\\/\",\"name\":\"Vidros quebrados, bombas e pris\\u00f5es no protesto contra o aumento da passagem | Arquivo\",\"inLanguage\":\"pt-BR\",\"isPartOf\":{\"@id\":\"https:\\\/\\\/www.jornalja.com.br\\\/arquivo\\\/#website\"},\"breadcrumb\":{\"@id\":\"https:\\\/\\\/www.jornalja.com.br\\\/arquivo\\\/vidros-quebrados-bombas-e-prisoes-no-protesto-contra-o-aumento-da-passagem\\\/#breadcrumblist\"},\"author\":{\"@id\":\"https:\\\/\\\/www.jornalja.com.br\\\/arquivo\\\/author\\\/daredacao\\\/#author\"},\"creator\":{\"@id\":\"https:\\\/\\\/www.jornalja.com.br\\\/arquivo\\\/author\\\/daredacao\\\/#author\"},\"image\":{\"@type\":\"ImageObject\",\"url\":44398,\"@id\":\"https:\\\/\\\/www.jornalja.com.br\\\/arquivo\\\/vidros-quebrados-bombas-e-prisoes-no-protesto-contra-o-aumento-da-passagem\\\/#mainImage\"},\"primaryImageOfPage\":{\"@id\":\"https:\\\/\\\/www.jornalja.com.br\\\/arquivo\\\/vidros-quebrados-bombas-e-prisoes-no-protesto-contra-o-aumento-da-passagem\\\/#mainImage\"},\"datePublished\":\"2017-02-09T23:16:13-02:00\",\"dateModified\":\"2017-02-09T23:16:13-02:00\"},{\"@type\":\"WebSite\",\"@id\":\"https:\\\/\\\/www.jornalja.com.br\\\/arquivo\\\/#website\",\"url\":\"https:\\\/\\\/www.jornalja.com.br\\\/arquivo\\\/\",\"name\":\"Arquivo\",\"description\":\"Jornal J\\u00c1 | Porto Alegre\",\"inLanguage\":\"pt-BR\",\"publisher\":{\"@id\":\"https:\\\/\\\/www.jornalja.com.br\\\/arquivo\\\/#organization\"}}]}\n\t\t<\/script>\n\t\t<!-- All in One SEO -->\n\n","aioseo_head_json":{"title":"Vidros quebrados, bombas e pris\u00f5es no protesto contra o aumento da passagem | Arquivo","description":"","canonical_url":"https:\/\/www.jornalja.com.br\/arquivo\/vidros-quebrados-bombas-e-prisoes-no-protesto-contra-o-aumento-da-passagem\/","robots":"max-image-preview:large","keywords":"","webmasterTools":{"miscellaneous":""},"schema":{"@context":"https:\/\/schema.org","@graph":[{"@type":"BlogPosting","@id":"https:\/\/www.jornalja.com.br\/arquivo\/vidros-quebrados-bombas-e-prisoes-no-protesto-contra-o-aumento-da-passagem\/#blogposting","name":"Vidros quebrados, bombas e pris\u00f5es no protesto contra o aumento da passagem | Arquivo","headline":"Vidros quebrados, bombas e pris\u00f5es no protesto contra o aumento da passagem","author":{"@id":"https:\/\/www.jornalja.com.br\/arquivo\/author\/daredacao\/#author"},"publisher":{"@id":"https:\/\/www.jornalja.com.br\/arquivo\/#organization"},"image":{"@type":"ImageObject","url":44398},"datePublished":"2017-02-09T23:16:13-02:00","dateModified":"2017-02-09T23:16:13-02:00","inLanguage":"pt-BR","mainEntityOfPage":{"@id":"https:\/\/www.jornalja.com.br\/arquivo\/vidros-quebrados-bombas-e-prisoes-no-protesto-contra-o-aumento-da-passagem\/#webpage"},"isPartOf":{"@id":"https:\/\/www.jornalja.com.br\/arquivo\/vidros-quebrados-bombas-e-prisoes-no-protesto-contra-o-aumento-da-passagem\/#webpage"},"articleSection":"Geral"},{"@type":"BreadcrumbList","@id":"https:\/\/www.jornalja.com.br\/arquivo\/vidros-quebrados-bombas-e-prisoes-no-protesto-contra-o-aumento-da-passagem\/#breadcrumblist","itemListElement":[{"@type":"ListItem","@id":"https:\/\/www.jornalja.com.br\/arquivo#listItem","position":1,"name":"Home","item":"https:\/\/www.jornalja.com.br\/arquivo","nextItem":{"@type":"ListItem","@id":"https:\/\/www.jornalja.com.br\/arquivo\/category\/geral\/#listItem","name":"Geral"}},{"@type":"ListItem","@id":"https:\/\/www.jornalja.com.br\/arquivo\/category\/geral\/#listItem","position":2,"name":"Geral","item":"https:\/\/www.jornalja.com.br\/arquivo\/category\/geral\/","nextItem":{"@type":"ListItem","@id":"https:\/\/www.jornalja.com.br\/arquivo\/vidros-quebrados-bombas-e-prisoes-no-protesto-contra-o-aumento-da-passagem\/#listItem","name":"Vidros quebrados, bombas e pris\u00f5es no protesto contra o aumento da passagem"},"previousItem":{"@type":"ListItem","@id":"https:\/\/www.jornalja.com.br\/arquivo#listItem","name":"Home"}},{"@type":"ListItem","@id":"https:\/\/www.jornalja.com.br\/arquivo\/vidros-quebrados-bombas-e-prisoes-no-protesto-contra-o-aumento-da-passagem\/#listItem","position":3,"name":"Vidros quebrados, bombas e pris\u00f5es no protesto contra o aumento da passagem","previousItem":{"@type":"ListItem","@id":"https:\/\/www.jornalja.com.br\/arquivo\/category\/geral\/#listItem","name":"Geral"}}]},{"@type":"Organization","@id":"https:\/\/www.jornalja.com.br\/arquivo\/#organization","name":"Jornal J\u00c1","description":"Jornal J\u00c1 | Porto Alegre","url":"https:\/\/www.jornalja.com.br\/arquivo\/","telephone":"+555133307272","logo":{"@type":"ImageObject","url":"https:\/\/www.jornalja.com.br\/wp-content\/uploads\/cards\/JAslogan.png","@id":"https:\/\/www.jornalja.com.br\/arquivo\/vidros-quebrados-bombas-e-prisoes-no-protesto-contra-o-aumento-da-passagem\/#organizationLogo"},"image":{"@id":"https:\/\/www.jornalja.com.br\/arquivo\/vidros-quebrados-bombas-e-prisoes-no-protesto-contra-o-aumento-da-passagem\/#organizationLogo"}},{"@type":"Person","@id":"https:\/\/www.jornalja.com.br\/arquivo\/author\/daredacao\/#author","url":"https:\/\/www.jornalja.com.br\/arquivo\/author\/daredacao\/","name":"da Reda\u00e7\u00e3o","image":{"@type":"ImageObject","@id":"https:\/\/www.jornalja.com.br\/arquivo\/vidros-quebrados-bombas-e-prisoes-no-protesto-contra-o-aumento-da-passagem\/#authorImage","url":"https:\/\/secure.gravatar.com\/avatar\/469fd857d6605ad19919d27ed29d35a968a25f6e8fd9318356bbb7f57aae9c65?s=96&d=mm&r=g","width":96,"height":96,"caption":"da Reda\u00e7\u00e3o"}},{"@type":"WebPage","@id":"https:\/\/www.jornalja.com.br\/arquivo\/vidros-quebrados-bombas-e-prisoes-no-protesto-contra-o-aumento-da-passagem\/#webpage","url":"https:\/\/www.jornalja.com.br\/arquivo\/vidros-quebrados-bombas-e-prisoes-no-protesto-contra-o-aumento-da-passagem\/","name":"Vidros quebrados, bombas e pris\u00f5es no protesto contra o aumento da passagem | Arquivo","inLanguage":"pt-BR","isPartOf":{"@id":"https:\/\/www.jornalja.com.br\/arquivo\/#website"},"breadcrumb":{"@id":"https:\/\/www.jornalja.com.br\/arquivo\/vidros-quebrados-bombas-e-prisoes-no-protesto-contra-o-aumento-da-passagem\/#breadcrumblist"},"author":{"@id":"https:\/\/www.jornalja.com.br\/arquivo\/author\/daredacao\/#author"},"creator":{"@id":"https:\/\/www.jornalja.com.br\/arquivo\/author\/daredacao\/#author"},"image":{"@type":"ImageObject","url":44398,"@id":"https:\/\/www.jornalja.com.br\/arquivo\/vidros-quebrados-bombas-e-prisoes-no-protesto-contra-o-aumento-da-passagem\/#mainImage"},"primaryImageOfPage":{"@id":"https:\/\/www.jornalja.com.br\/arquivo\/vidros-quebrados-bombas-e-prisoes-no-protesto-contra-o-aumento-da-passagem\/#mainImage"},"datePublished":"2017-02-09T23:16:13-02:00","dateModified":"2017-02-09T23:16:13-02:00"},{"@type":"WebSite","@id":"https:\/\/www.jornalja.com.br\/arquivo\/#website","url":"https:\/\/www.jornalja.com.br\/arquivo\/","name":"Arquivo","description":"Jornal J\u00c1 | Porto Alegre","inLanguage":"pt-BR","publisher":{"@id":"https:\/\/www.jornalja.com.br\/arquivo\/#organization"}}]},"og:locale":"pt_BR","og:site_name":"Arquivo | Jornal J\u00c1 | Porto Alegre","og:type":"article","og:title":"Vidros quebrados, bombas e pris\u00f5es no protesto contra o aumento da passagem | Arquivo","og:url":"https:\/\/www.jornalja.com.br\/arquivo\/vidros-quebrados-bombas-e-prisoes-no-protesto-contra-o-aumento-da-passagem\/","og:image":"https:\/\/www.jornalja.com.br\/wp-content\/uploads\/2017\/02\/IMG_20170209_190655232.jpg","og:image:secure_url":"https:\/\/www.jornalja.com.br\/wp-content\/uploads\/2017\/02\/IMG_20170209_190655232.jpg","article:published_time":"2017-02-10T02:16:13+00:00","article:modified_time":"2017-02-10T02:16:13+00:00","twitter:card":"summary","twitter:title":"Vidros quebrados, bombas e pris\u00f5es no protesto contra o aumento da passagem | Arquivo","twitter:image":"https:\/\/www.jornalja.com.br\/economics\/wp-content\/uploads\/sites\/11\/2026\/08\/ja-folhaderosto-facebook.jpg"},"aioseo_meta_data":{"post_id":"44395","title":null,"description":null,"keywords":null,"keyphrases":null,"primary_term":null,"canonical_url":null,"og_title":null,"og_description":null,"og_object_type":"default","og_image_type":"default","og_image_url":null,"og_image_width":null,"og_image_height":null,"og_image_custom_url":null,"og_image_custom_fields":null,"og_video":null,"og_custom_url":null,"og_article_section":null,"og_article_tags":null,"twitter_use_og":false,"twitter_card":"default","twitter_image_type":"default","twitter_image_url":null,"twitter_image_custom_url":null,"twitter_image_custom_fields":null,"twitter_title":null,"twitter_description":null,"schema":{"blockGraphs":[],"customGraphs":[],"default":{"data":{"Article":[],"Course":[],"Dataset":[],"FAQPage":[],"Movie":[],"Person":[],"Product":[],"ProductReview":[],"Car":[],"Recipe":[],"Service":[],"SoftwareApplication":[],"WebPage":[]},"graphName":"","isEnabled":true},"graphs":[],"defaultGraph":"","defaultPostTypeGraph":""},"schema_type":null,"schema_type_options":null,"pillar_content":false,"robots_default":true,"robots_noindex":false,"robots_noarchive":false,"robots_nosnippet":false,"robots_nofollow":false,"robots_noimageindex":false,"robots_noodp":false,"robots_notranslate":false,"robots_max_snippet":null,"robots_max_videopreview":null,"robots_max_imagepreview":"large","priority":null,"frequency":null,"location":null,"local_seo":null,"breadcrumb_settings":null,"limit_modified_date":false,"ai":null,"created":"2020-12-20 20:40:48","updated":"2025-07-19 19:50:38","seo_analyzer_scan_date":null,"focus_keyword":null,"additional_keywords":null,"truseo_locale":null},"jetpack_sharing_enabled":true,"jetpack-related-posts":[{"id":13124,"url":"https:\/\/www.jornalja.com.br\/arquivo\/sangue-latino-no-iecine\/","url_meta":{"origin":44395,"position":0},"title":"Sangue latino no IECINE","author":"da Reda\u00e7\u00e3o","date":"18 de maio de 2014","format":false,"excerpt":"Francisco Ribeiro O Instituto Estadual de Cinema (IECINE) tem a frente, desde abril \u00faltimo, um novo diretor, o cineasta colombiano Juan Zapata, 36, que substitui Luiz Alberto Cassol. Radicado h\u00e1 dez anos em Porto Alegre, Zapata tem diante de si o desafio de conduzir at\u00e9 o final do ano um\u2026","rel":"","context":"Em &quot;Cultura-Geral&quot;","block_context":{"text":"Cultura-Geral","link":"https:\/\/www.jornalja.com.br\/arquivo\/category\/materiasecundaria\/"},"img":{"alt_text":"","src":"","width":0,"height":0},"classes":[]},{"id":13240,"url":"https:\/\/www.jornalja.com.br\/arquivo\/plano-diretor-estamos-construindo-o-caos\/","url_meta":{"origin":44395,"position":1},"title":"Plano diretor: &quot;Estamos construindo o caos&quot;","author":"Patr\u00edcia Marini","date":"26 de maio de 2014","format":false,"excerpt":"Desabafo que arquiteta Eliana Castilhos, delegada da Regi\u00e3o de Planejamento 1, postou nas redes sociais \u00e9 um testemunho do ambiente que se criou no Conselho do Plano Diretor de Porto Alegre, onde a aprova\u00e7\u00e3o de grandes empreendimentos \u00e9 empurrada guela abaixo dos conselheiros. Ao CMDUA Como delegada da Regi\u00e3o de\u2026","rel":"","context":"Em &quot;Geral&quot;","block_context":{"text":"Geral","link":"https:\/\/www.jornalja.com.br\/arquivo\/category\/geral\/"},"img":{"alt_text":"","src":"","width":0,"height":0},"classes":[]},{"id":1280,"url":"https:\/\/www.jornalja.com.br\/arquivo\/o-menino-que-se-tornou-brizola\/","url_meta":{"origin":44395,"position":2},"title":"O Menino que se Tornou Brizola","author":"da Reda\u00e7\u00e3o","date":"28 de julho de 2008","format":false,"excerpt":"Autor: Cleber Dioni A vida de Leonel Brizola, com \u00eanfase para os primeiros anos em Porto Alegre, at\u00e9 o ex\u00edlio no Uruguai e a volta, quinze anos depois. \u00a0\"...\u00c9ramos todos jovens e nos identific\u00e1vamos com aquela massa an\u00f4nima a percorrer as ruas de Porto Alegre, gritando 'Get\u00falio', 'Get\u00falio' e empunhando\u2026","rel":"","context":"Em &quot;Livros&quot;","block_context":{"text":"Livros","link":"https:\/\/www.jornalja.com.br\/arquivo\/category\/livros\/"},"img":{"alt_text":"","src":"https:\/\/i0.wp.com\/www.jornalja.com.br\/wp-content\/uploads\/2008\/07\/brizola.gif?resize=350%2C200&ssl=1","width":350,"height":200},"classes":[]},{"id":14241,"url":"https:\/\/www.jornalja.com.br\/arquivo\/o-guaiba-nas-imagens-poeticas-de-achutti\/","url_meta":{"origin":44395,"position":3},"title":"O Gua\u00edba nas imagens po\u00e9ticas de Achutti","author":"da Reda\u00e7\u00e3o","date":"18 de junho de 2014","format":false,"excerpt":"Em \u201cO Gua\u00edba por Achutti\u201d \u2013 obra financiada via Minist\u00e9rio da Cultura, produ\u00e7\u00e3o executiva de Pedro Longhi, e Fl\u00e1vio Wild como designer \u2013, o fot\u00f3grafo revela a beleza e as mazelas de um espa\u00e7o aqu\u00e1tico de \u00e1guas sempre renovadas, cheio de hist\u00f3rias e lendas como as das cidades que foram\u2026","rel":"","context":"Em &quot;Cultura-Geral&quot;","block_context":{"text":"Cultura-Geral","link":"https:\/\/www.jornalja.com.br\/arquivo\/category\/materiasecundaria\/"},"img":{"alt_text":"","src":"","width":0,"height":0},"classes":[]},{"id":12960,"url":"https:\/\/www.jornalja.com.br\/arquivo\/populacao-culpa-empresas-pela-greve-dos-rodoviarios\/","url_meta":{"origin":44395,"position":4},"title":"Popula\u00e7\u00e3o culpa empresas pela greve","author":"Patr\u00edcia Marini","date":"14 de fevereiro de 2014","format":false,"excerpt":"Pesquisa divulgada na edi\u00e7\u00e3o do jornal Metro desta sexta-feira,14, comprova o velho ditado: \u00e9 poss\u00edvel enganar muitos por algum tempo, mas n\u00e3o \u00e9 poss\u00edvel enganar a todos o tempo inteiro. A principal revela\u00e7\u00e3o foi que 59,8% dos entrevistados apontaram as empresas como as principais respons\u00e1veis pela grave e 46% culparam\u2026","rel":"","context":"Em &quot;X.Categorias velhas&quot;","block_context":{"text":"X.Categorias velhas","link":"https:\/\/www.jornalja.com.br\/arquivo\/category\/x-categorias-velhas\/"},"img":{"alt_text":"","src":"","width":0,"height":0},"classes":[]},{"id":13239,"url":"https:\/\/www.jornalja.com.br\/arquivo\/conselho-desdenha-do-plano-diretor\/","url_meta":{"origin":44395,"position":5},"title":"Porto Alegre: Conselho detona Plano Diretor","author":"Patr\u00edcia Marini","date":"25 de maio de 2014","format":false,"excerpt":"Den\u00fancia do arquiteto e \u00a0urbanista Ibir\u00e1 Santos Lucas. Ele diz que os conselheiros est\u00e3o votando com \"enorme irresponsabilidade\". \"Mudam regime com a maior naturalidade,,,regularizam absurdos de constru\u00e7\u00f5es irregulares... \"O CMDUA est\u00e1 flexibilizando a lei do plano diretor, de uma forma impactante na vida da cidade. Mudam regime com a maior\u2026","rel":"","context":"Em &quot;Geral&quot;","block_context":{"text":"Geral","link":"https:\/\/www.jornalja.com.br\/arquivo\/category\/geral\/"},"img":{"alt_text":"","src":"","width":0,"height":0},"classes":[]}],"jetpack_shortlink":"https:\/\/wp.me\/pbQjBd-by3","jetpack_featured_media_url":"","_links":{"self":[{"href":"https:\/\/www.jornalja.com.br\/arquivo\/wp-json\/wp\/v2\/posts\/44395","targetHints":{"allow":["GET"]}}],"collection":[{"href":"https:\/\/www.jornalja.com.br\/arquivo\/wp-json\/wp\/v2\/posts"}],"about":[{"href":"https:\/\/www.jornalja.com.br\/arquivo\/wp-json\/wp\/v2\/types\/post"}],"author":[{"embeddable":true,"href":"https:\/\/www.jornalja.com.br\/arquivo\/wp-json\/wp\/v2\/users\/4"}],"replies":[{"embeddable":true,"href":"https:\/\/www.jornalja.com.br\/arquivo\/wp-json\/wp\/v2\/comments?post=44395"}],"version-history":[{"count":0,"href":"https:\/\/www.jornalja.com.br\/arquivo\/wp-json\/wp\/v2\/posts\/44395\/revisions"}],"wp:attachment":[{"href":"https:\/\/www.jornalja.com.br\/arquivo\/wp-json\/wp\/v2\/media?parent=44395"}],"wp:term":[{"taxonomy":"category","embeddable":true,"href":"https:\/\/www.jornalja.com.br\/arquivo\/wp-json\/wp\/v2\/categories?post=44395"},{"taxonomy":"post_tag","embeddable":true,"href":"https:\/\/www.jornalja.com.br\/arquivo\/wp-json\/wp\/v2\/tags?post=44395"}],"curies":[{"name":"wp","href":"https:\/\/api.w.org\/{rel}","templated":true}]}}