{"id":44448,"date":"2017-02-14T11:30:47","date_gmt":"2017-02-14T14:30:47","guid":{"rendered":"https:\/\/www.jornalja.com.br\/?p=44448"},"modified":"2017-02-14T11:30:47","modified_gmt":"2017-02-14T14:30:47","slug":"guarani-mbya-retomam-area-tradicional-em-maquine","status":"publish","type":"post","link":"https:\/\/www.jornalja.com.br\/arquivo\/guarani-mbya-retomam-area-tradicional-em-maquine\/","title":{"rendered":"Guarani Mbya retomam \u00e1rea tradicional em Maquin\u00e9"},"content":{"rendered":"<p><span class=\"assina\">Ana Maria Barros Pinto<\/span><br \/>\nSurge uma nova aldeia Guarani Mbya no RS, em uma \u00e1rea de mata atl\u00e2ntica na Esta\u00e7\u00e3o da Funda\u00e7\u00e3o Estadual de Pesquisa Agropecu\u00e1ria (Fepagro), em Maquin\u00e9 (litoral norte). Um grupo de cerca de 80 pessoas \u2013 adultos, jovens e crian\u00e7as- entraram pacificamente na \u00e1rea no final de janeiro e fizeram um acampamento, na a\u00e7\u00e3o que eles chamam de retomada.<br \/>\nA \u00e1rea de 367 hectares \u00e9 reivindicada pelos Mbya em nome da ancestralidade. \u201c\u00c9 territ\u00f3rio dos nossos antepassados guarani, somos um povo e queremos respeito \u00e0s nossas tradi\u00e7\u00f5es e cultura\u201d, diz o cacique Andre Benites. Ele conhece bem a regi\u00e3o: cresceu por ali, em situa\u00e7\u00e3o prec\u00e1ria, assim como outras fam\u00edlias, plantando em pequenos peda\u00e7os de terra cedidos por moradores. Come\u00e7aram a organizar a retomada assim que souberam da extin\u00e7\u00e3o da Fepagro, atrav\u00e9s de projeto de lei aprovado pela Assembleia Legislativa em dezembro de 2016.<br \/>\n<figure id=\"attachment_44455\" aria-describedby=\"caption-attachment-44455\" style=\"width: 640px\" class=\"wp-caption alignnone\"><img loading=\"lazy\" decoding=\"async\" class=\"wp-image-44455 size-full\" src=\"https:\/\/www.jornalja.com.br\/wp-content\/uploads\/2017\/02\/15665939_1753494341646183_9108266228637043604_n.jpg\" alt=\"A opy, casa onde s\u00e3o realizadas as rezas, \u00e9 tradicional nas aldeias\" width=\"640\" height=\"480\" \/><figcaption id=\"caption-attachment-44455\" class=\"wp-caption-text\">Grupo j\u00e1 construiu um opy, casa onde s\u00e3o realizadas as rezas, tradicional nas aldeias<\/figcaption><\/figure><br \/>\nNessa terra, explica o cacique Andr\u00e9 Benites, h\u00e1 mata nativa com frutas silvestres, terra boa para o plantio de alimentos e rem\u00e9dios (ervas medicinais) e um rio. Ou seja, os recursos naturais que permitem o manejo das esp\u00e9cies tradicionais da cultura guarani est\u00e3o preservados. A retomada \u00e9 tamb\u00e9m uma rea\u00e7\u00e3o ao descaso dos governos, que Benites define assim: \u201cEstamos esquecidos na beira de estradas, vivendo em acampamentos prec\u00e1rios. Queremos viver com dignidade, que o Governo reconhe\u00e7a isso\u201d.<br \/>\n<figure id=\"attachment_44453\" aria-describedby=\"caption-attachment-44453\" style=\"width: 168px\" class=\"wp-caption alignleft\"><img loading=\"lazy\" decoding=\"async\" class=\"wp-image-44453 size-medium\" src=\"https:\/\/www.jornalja.com.br\/wp-content\/uploads\/2017\/02\/16508466_10212227806361352_5527173621122618124_n-168x300.jpg\" alt=\"O cacique Cirilo Morinico, da aldeia Anhetengu\u00e1, da Lomba do Pinheiro em Porto Alegre, se juntou ao grupo\" width=\"168\" height=\"300\" \/><figcaption id=\"caption-attachment-44453\" class=\"wp-caption-text\">O cacique Cirilo Morinico, da aldeia Anhetengu\u00e1, da Lomba do Pinheiro em Porto Alegre, se juntou ao grupo<\/figcaption><\/figure><br \/>\nO cacique Cirilo Morinico, da aldeia Anhetengu\u00e1, da Lomba do Pinheiro em Porto Alegre, se juntou ao grupo pela conquista da tekoh\u00e1 (terra, aldeia). Com voz tranquila e pausada, como \u00e9 caracter\u00edstica deste povo, Cirilo fala que os guaranis s\u00e3o orientados por Nhanderu (Deus) e t\u00eam esperan\u00e7a na retomada. \u201cQueremos mostrar para a sociedade que o nosso povo tem tradi\u00e7\u00e3o, espiritualidade, uma cultura que tem de ser preservada. Hoje vivemos em pequenas \u00e1reas, como passarinhos cercados. Aqui no nosso territ\u00f3rio ancestral tem vida\u201d.<br \/>\nA retomada teve v\u00e1rios desdobramentos: os mbya foram chamados para uma audi\u00eancia na sede do Minist\u00e9rio P\u00fablico Federal de Cap\u00e3o da Canoa, no dia 3 de fevereiro, onde reiteraram aos procuradores os motivos da decis\u00e3o de retomar o territ\u00f3rio ancestral guarani. A disposi\u00e7\u00e3o \u00e9 de resistir; a palavra \u00e9 negocia\u00e7\u00e3o. Aguardam o despacho do juiz federal marcando audi\u00eancia. No \u00e2mbito estadual, h\u00e1 uma a\u00e7\u00e3o de reintegra\u00e7\u00e3o de posse feita pela Procuradoria Geral do Estado<span style=\"color: #ffff00\">, com pedido de liminar.<\/span><br \/>\nDias antes, os procuradores do Estado Silvio Jardim e Vermelho D&#8217;Elia, da diretoria de Direitos Humanos da Associa\u00e7\u00e3o dos Procuradores do Estado do RS (Apergs), estiveram em Maquin\u00e9 para conhecer a situa\u00e7\u00e3o e se propuseram a contribuir na media\u00e7\u00e3o. Jardim \u00e9 representante na Comiss\u00e3o Estadual de Pol\u00edtica Ind\u00edgena (CEPI) e D\u2019Elia faz parte da Raiz Movimento Cidadanista. A reuni\u00e3o, na \u00e1rea externa do pr\u00e9dio da Fepagro, chamou a aten\u00e7\u00e3o do diretor da unidade, agr\u00f4nomo Rodrigo Favreto. Ele se aproximou do grupo, disse ter informado sua chefia em Porto Alegre sobre a presen\u00e7a ind\u00edgena na \u00e1rea, mas sabia de nenhum encaminhamento. Favretto conta que tem convivido pacificamente com aquele povo que ele n\u00e3o conhecia. Lembra que os ind\u00edgenas n\u00e3o derrubaram cercas ao entrar na \u00e1rea, eles pularam, e isso chamou muito a aten\u00e7\u00e3o dele. Ao falar sobre as pesquisas que fazem ali na Esta\u00e7\u00e3o Fepagro, citou o milho. Perguntado se conhecia o milho ind\u00edgena, o avati, reagiu com surpresa e respondeu \u201cn\u00e3o\u201d.<br \/>\n<figure id=\"attachment_44454\" aria-describedby=\"caption-attachment-44454\" style=\"width: 640px\" class=\"wp-caption alignnone\"><img loading=\"lazy\" decoding=\"async\" class=\"wp-image-44454 size-full\" src=\"https:\/\/www.jornalja.com.br\/wp-content\/uploads\/2017\/02\/16472853_1753493991646218_1862999805515742607_n.jpg\" alt=\"O grupo prepara a terra para o plantio de verduras\" width=\"640\" height=\"480\" \/><figcaption id=\"caption-attachment-44454\" class=\"wp-caption-text\">O grupo prepara a terra para o plantio de verduras<\/figcaption><\/figure><br \/>\nApoio \u00e0 retomada Guarani Mbya:<br \/>\nH\u00e1 v\u00e1rios grupos apoiando os guarani mbya na sua retomada. O grupo informa que qualquer doa\u00e7\u00e3o \u00e9 bem vinda, principalmente de alimentos n\u00e3o perec\u00edveis, lona, roupas, cobertas, ferramentas.<br \/>\nH\u00e1 pontos de coleta nos seguintes locais:<br \/>\nAmigos da Terra Brasil\u00a0(Rua Olavo Bilac, 92 &#8211; Cidade Baixa &#8211; Porto Alegre);<br \/>\nBar da Carla (Rua Lobo da Costa quase esquina com a Jos\u00e9 do Patroc\u00ednio). Informa\u00e7\u00f5es de hor\u00e1rio- contato pela p\u00e1gina no FB ou pelo telefone (51) 3332.8884.<br \/>\n&nbsp;<\/p>\n","protected":false},"excerpt":{"rendered":"<p>Ana Maria Barros Pinto Surge uma nova aldeia Guarani Mbya no RS, em uma \u00e1rea de mata atl\u00e2ntica na Esta\u00e7\u00e3o da Funda\u00e7\u00e3o Estadual de Pesquisa Agropecu\u00e1ria (Fepagro), em Maquin\u00e9 (litoral norte). Um grupo de cerca de 80 pessoas \u2013 adultos, jovens e crian\u00e7as- entraram pacificamente na \u00e1rea no final de janeiro e fizeram um acampamento, [&hellip;]<\/p>\n","protected":false},"author":4,"featured_media":44451,"comment_status":"open","ping_status":"closed","sticky":false,"template":"","format":"standard","meta":{"_jetpack_newsletter_access":"","_jetpack_dont_email_post_to_subs":false,"_jetpack_newsletter_tier_id":0,"_jetpack_memberships_contains_paywalled_content":false,"_jetpack_feature_clip_id":0,"_jetpack_memberships_contains_paid_content":false,"footnotes":"","jetpack_post_was_ever_published":false},"categories":[26],"tags":[],"class_list":["post-44448","post","type-post","status-publish","format-standard","has-post-thumbnail","hentry","category-geral"],"aioseo_notices":[],"aioseo_head":"\n\t\t<!-- All in One SEO 5.0.1.1 - aioseo.com -->\n\t<meta name=\"robots\" content=\"max-image-preview:large\" \/>\n\t<meta name=\"author\" content=\"da Reda\u00e7\u00e3o\"\/>\n\t<link rel=\"canonical\" href=\"https:\/\/www.jornalja.com.br\/arquivo\/guarani-mbya-retomam-area-tradicional-em-maquine\/\" \/>\n\t<meta name=\"generator\" content=\"All in One SEO (AIOSEO) 5.0.1.1\" \/>\n\t\t<meta property=\"og:locale\" content=\"pt_BR\" \/>\n\t\t<meta property=\"og:site_name\" content=\"Arquivo | Jornal J\u00c1 | Porto Alegre\" \/>\n\t\t<meta property=\"og:type\" content=\"article\" \/>\n\t\t<meta property=\"og:title\" content=\"Guarani Mbya retomam \u00e1rea tradicional em Maquin\u00e9 | Arquivo\" \/>\n\t\t<meta property=\"og:url\" content=\"https:\/\/www.jornalja.com.br\/arquivo\/guarani-mbya-retomam-area-tradicional-em-maquine\/\" \/>\n\t\t<meta property=\"og:image\" content=\"https:\/\/www.jornalja.com.br\/wp-content\/uploads\/2017\/02\/15665939_1753494341646183_9108266228637043604_n.jpg\" \/>\n\t\t<meta property=\"og:image:secure_url\" content=\"https:\/\/www.jornalja.com.br\/wp-content\/uploads\/2017\/02\/15665939_1753494341646183_9108266228637043604_n.jpg\" \/>\n\t\t<meta property=\"article:published_time\" content=\"2017-02-14T14:30:47+00:00\" \/>\n\t\t<meta property=\"article:modified_time\" content=\"2017-02-14T14:30:47+00:00\" \/>\n\t\t<meta name=\"twitter:card\" content=\"summary\" \/>\n\t\t<meta name=\"twitter:title\" content=\"Guarani Mbya retomam \u00e1rea tradicional em Maquin\u00e9 | Arquivo\" \/>\n\t\t<meta name=\"twitter:image\" content=\"https:\/\/www.jornalja.com.br\/economics\/wp-content\/uploads\/sites\/11\/2026\/08\/ja-folhaderosto-facebook.jpg\" \/>\n\t\t<script type=\"application\/ld+json\" class=\"aioseo-schema\">\n\t\t\t{\"@context\":\"https:\\\/\\\/schema.org\",\"@graph\":[{\"@type\":\"BlogPosting\",\"@id\":\"https:\\\/\\\/www.jornalja.com.br\\\/arquivo\\\/guarani-mbya-retomam-area-tradicional-em-maquine\\\/#blogposting\",\"name\":\"Guarani Mbya retomam \\u00e1rea tradicional em Maquin\\u00e9 | Arquivo\",\"headline\":\"Guarani Mbya retomam \\u00e1rea tradicional em Maquin\\u00e9\",\"author\":{\"@id\":\"https:\\\/\\\/www.jornalja.com.br\\\/arquivo\\\/author\\\/daredacao\\\/#author\"},\"publisher\":{\"@id\":\"https:\\\/\\\/www.jornalja.com.br\\\/arquivo\\\/#organization\"},\"image\":{\"@type\":\"ImageObject\",\"url\":44451},\"datePublished\":\"2017-02-14T11:30:47-02:00\",\"dateModified\":\"2017-02-14T11:30:47-02:00\",\"inLanguage\":\"pt-BR\",\"mainEntityOfPage\":{\"@id\":\"https:\\\/\\\/www.jornalja.com.br\\\/arquivo\\\/guarani-mbya-retomam-area-tradicional-em-maquine\\\/#webpage\"},\"isPartOf\":{\"@id\":\"https:\\\/\\\/www.jornalja.com.br\\\/arquivo\\\/guarani-mbya-retomam-area-tradicional-em-maquine\\\/#webpage\"},\"articleSection\":\"Geral\"},{\"@type\":\"BreadcrumbList\",\"@id\":\"https:\\\/\\\/www.jornalja.com.br\\\/arquivo\\\/guarani-mbya-retomam-area-tradicional-em-maquine\\\/#breadcrumblist\",\"itemListElement\":[{\"@type\":\"ListItem\",\"@id\":\"https:\\\/\\\/www.jornalja.com.br\\\/arquivo#listItem\",\"position\":1,\"name\":\"Home\",\"item\":\"https:\\\/\\\/www.jornalja.com.br\\\/arquivo\",\"nextItem\":{\"@type\":\"ListItem\",\"@id\":\"https:\\\/\\\/www.jornalja.com.br\\\/arquivo\\\/category\\\/geral\\\/#listItem\",\"name\":\"Geral\"}},{\"@type\":\"ListItem\",\"@id\":\"https:\\\/\\\/www.jornalja.com.br\\\/arquivo\\\/category\\\/geral\\\/#listItem\",\"position\":2,\"name\":\"Geral\",\"item\":\"https:\\\/\\\/www.jornalja.com.br\\\/arquivo\\\/category\\\/geral\\\/\",\"nextItem\":{\"@type\":\"ListItem\",\"@id\":\"https:\\\/\\\/www.jornalja.com.br\\\/arquivo\\\/guarani-mbya-retomam-area-tradicional-em-maquine\\\/#listItem\",\"name\":\"Guarani Mbya retomam \\u00e1rea tradicional em Maquin\\u00e9\"},\"previousItem\":{\"@type\":\"ListItem\",\"@id\":\"https:\\\/\\\/www.jornalja.com.br\\\/arquivo#listItem\",\"name\":\"Home\"}},{\"@type\":\"ListItem\",\"@id\":\"https:\\\/\\\/www.jornalja.com.br\\\/arquivo\\\/guarani-mbya-retomam-area-tradicional-em-maquine\\\/#listItem\",\"position\":3,\"name\":\"Guarani Mbya retomam \\u00e1rea tradicional em Maquin\\u00e9\",\"previousItem\":{\"@type\":\"ListItem\",\"@id\":\"https:\\\/\\\/www.jornalja.com.br\\\/arquivo\\\/category\\\/geral\\\/#listItem\",\"name\":\"Geral\"}}]},{\"@type\":\"Organization\",\"@id\":\"https:\\\/\\\/www.jornalja.com.br\\\/arquivo\\\/#organization\",\"name\":\"Jornal J\\u00c1\",\"description\":\"Jornal J\\u00c1 | Porto Alegre\",\"url\":\"https:\\\/\\\/www.jornalja.com.br\\\/arquivo\\\/\",\"telephone\":\"+555133307272\",\"logo\":{\"@type\":\"ImageObject\",\"url\":\"https:\\\/\\\/www.jornalja.com.br\\\/wp-content\\\/uploads\\\/cards\\\/JAslogan.png\",\"@id\":\"https:\\\/\\\/www.jornalja.com.br\\\/arquivo\\\/guarani-mbya-retomam-area-tradicional-em-maquine\\\/#organizationLogo\"},\"image\":{\"@id\":\"https:\\\/\\\/www.jornalja.com.br\\\/arquivo\\\/guarani-mbya-retomam-area-tradicional-em-maquine\\\/#organizationLogo\"}},{\"@type\":\"Person\",\"@id\":\"https:\\\/\\\/www.jornalja.com.br\\\/arquivo\\\/author\\\/daredacao\\\/#author\",\"url\":\"https:\\\/\\\/www.jornalja.com.br\\\/arquivo\\\/author\\\/daredacao\\\/\",\"name\":\"da Reda\\u00e7\\u00e3o\",\"image\":{\"@type\":\"ImageObject\",\"@id\":\"https:\\\/\\\/www.jornalja.com.br\\\/arquivo\\\/guarani-mbya-retomam-area-tradicional-em-maquine\\\/#authorImage\",\"url\":\"https:\\\/\\\/secure.gravatar.com\\\/avatar\\\/469fd857d6605ad19919d27ed29d35a968a25f6e8fd9318356bbb7f57aae9c65?s=96&d=mm&r=g\",\"width\":96,\"height\":96,\"caption\":\"da Reda\\u00e7\\u00e3o\"}},{\"@type\":\"WebPage\",\"@id\":\"https:\\\/\\\/www.jornalja.com.br\\\/arquivo\\\/guarani-mbya-retomam-area-tradicional-em-maquine\\\/#webpage\",\"url\":\"https:\\\/\\\/www.jornalja.com.br\\\/arquivo\\\/guarani-mbya-retomam-area-tradicional-em-maquine\\\/\",\"name\":\"Guarani Mbya retomam \\u00e1rea tradicional em Maquin\\u00e9 | Arquivo\",\"inLanguage\":\"pt-BR\",\"isPartOf\":{\"@id\":\"https:\\\/\\\/www.jornalja.com.br\\\/arquivo\\\/#website\"},\"breadcrumb\":{\"@id\":\"https:\\\/\\\/www.jornalja.com.br\\\/arquivo\\\/guarani-mbya-retomam-area-tradicional-em-maquine\\\/#breadcrumblist\"},\"author\":{\"@id\":\"https:\\\/\\\/www.jornalja.com.br\\\/arquivo\\\/author\\\/daredacao\\\/#author\"},\"creator\":{\"@id\":\"https:\\\/\\\/www.jornalja.com.br\\\/arquivo\\\/author\\\/daredacao\\\/#author\"},\"image\":{\"@type\":\"ImageObject\",\"url\":44451,\"@id\":\"https:\\\/\\\/www.jornalja.com.br\\\/arquivo\\\/guarani-mbya-retomam-area-tradicional-em-maquine\\\/#mainImage\"},\"primaryImageOfPage\":{\"@id\":\"https:\\\/\\\/www.jornalja.com.br\\\/arquivo\\\/guarani-mbya-retomam-area-tradicional-em-maquine\\\/#mainImage\"},\"datePublished\":\"2017-02-14T11:30:47-02:00\",\"dateModified\":\"2017-02-14T11:30:47-02:00\"},{\"@type\":\"WebSite\",\"@id\":\"https:\\\/\\\/www.jornalja.com.br\\\/arquivo\\\/#website\",\"url\":\"https:\\\/\\\/www.jornalja.com.br\\\/arquivo\\\/\",\"name\":\"Arquivo\",\"description\":\"Jornal J\\u00c1 | Porto Alegre\",\"inLanguage\":\"pt-BR\",\"publisher\":{\"@id\":\"https:\\\/\\\/www.jornalja.com.br\\\/arquivo\\\/#organization\"}}]}\n\t\t<\/script>\n\t\t<!-- All in One SEO -->\n\n","aioseo_head_json":{"title":"Guarani Mbya retomam \u00e1rea tradicional em Maquin\u00e9 | Arquivo","description":"","canonical_url":"https:\/\/www.jornalja.com.br\/arquivo\/guarani-mbya-retomam-area-tradicional-em-maquine\/","robots":"max-image-preview:large","keywords":"","webmasterTools":{"miscellaneous":""},"schema":{"@context":"https:\/\/schema.org","@graph":[{"@type":"BlogPosting","@id":"https:\/\/www.jornalja.com.br\/arquivo\/guarani-mbya-retomam-area-tradicional-em-maquine\/#blogposting","name":"Guarani Mbya retomam \u00e1rea tradicional em Maquin\u00e9 | Arquivo","headline":"Guarani Mbya retomam \u00e1rea tradicional em Maquin\u00e9","author":{"@id":"https:\/\/www.jornalja.com.br\/arquivo\/author\/daredacao\/#author"},"publisher":{"@id":"https:\/\/www.jornalja.com.br\/arquivo\/#organization"},"image":{"@type":"ImageObject","url":44451},"datePublished":"2017-02-14T11:30:47-02:00","dateModified":"2017-02-14T11:30:47-02:00","inLanguage":"pt-BR","mainEntityOfPage":{"@id":"https:\/\/www.jornalja.com.br\/arquivo\/guarani-mbya-retomam-area-tradicional-em-maquine\/#webpage"},"isPartOf":{"@id":"https:\/\/www.jornalja.com.br\/arquivo\/guarani-mbya-retomam-area-tradicional-em-maquine\/#webpage"},"articleSection":"Geral"},{"@type":"BreadcrumbList","@id":"https:\/\/www.jornalja.com.br\/arquivo\/guarani-mbya-retomam-area-tradicional-em-maquine\/#breadcrumblist","itemListElement":[{"@type":"ListItem","@id":"https:\/\/www.jornalja.com.br\/arquivo#listItem","position":1,"name":"Home","item":"https:\/\/www.jornalja.com.br\/arquivo","nextItem":{"@type":"ListItem","@id":"https:\/\/www.jornalja.com.br\/arquivo\/category\/geral\/#listItem","name":"Geral"}},{"@type":"ListItem","@id":"https:\/\/www.jornalja.com.br\/arquivo\/category\/geral\/#listItem","position":2,"name":"Geral","item":"https:\/\/www.jornalja.com.br\/arquivo\/category\/geral\/","nextItem":{"@type":"ListItem","@id":"https:\/\/www.jornalja.com.br\/arquivo\/guarani-mbya-retomam-area-tradicional-em-maquine\/#listItem","name":"Guarani Mbya retomam \u00e1rea tradicional em Maquin\u00e9"},"previousItem":{"@type":"ListItem","@id":"https:\/\/www.jornalja.com.br\/arquivo#listItem","name":"Home"}},{"@type":"ListItem","@id":"https:\/\/www.jornalja.com.br\/arquivo\/guarani-mbya-retomam-area-tradicional-em-maquine\/#listItem","position":3,"name":"Guarani Mbya retomam \u00e1rea tradicional em Maquin\u00e9","previousItem":{"@type":"ListItem","@id":"https:\/\/www.jornalja.com.br\/arquivo\/category\/geral\/#listItem","name":"Geral"}}]},{"@type":"Organization","@id":"https:\/\/www.jornalja.com.br\/arquivo\/#organization","name":"Jornal J\u00c1","description":"Jornal J\u00c1 | Porto Alegre","url":"https:\/\/www.jornalja.com.br\/arquivo\/","telephone":"+555133307272","logo":{"@type":"ImageObject","url":"https:\/\/www.jornalja.com.br\/wp-content\/uploads\/cards\/JAslogan.png","@id":"https:\/\/www.jornalja.com.br\/arquivo\/guarani-mbya-retomam-area-tradicional-em-maquine\/#organizationLogo"},"image":{"@id":"https:\/\/www.jornalja.com.br\/arquivo\/guarani-mbya-retomam-area-tradicional-em-maquine\/#organizationLogo"}},{"@type":"Person","@id":"https:\/\/www.jornalja.com.br\/arquivo\/author\/daredacao\/#author","url":"https:\/\/www.jornalja.com.br\/arquivo\/author\/daredacao\/","name":"da Reda\u00e7\u00e3o","image":{"@type":"ImageObject","@id":"https:\/\/www.jornalja.com.br\/arquivo\/guarani-mbya-retomam-area-tradicional-em-maquine\/#authorImage","url":"https:\/\/secure.gravatar.com\/avatar\/469fd857d6605ad19919d27ed29d35a968a25f6e8fd9318356bbb7f57aae9c65?s=96&d=mm&r=g","width":96,"height":96,"caption":"da Reda\u00e7\u00e3o"}},{"@type":"WebPage","@id":"https:\/\/www.jornalja.com.br\/arquivo\/guarani-mbya-retomam-area-tradicional-em-maquine\/#webpage","url":"https:\/\/www.jornalja.com.br\/arquivo\/guarani-mbya-retomam-area-tradicional-em-maquine\/","name":"Guarani Mbya retomam \u00e1rea tradicional em Maquin\u00e9 | Arquivo","inLanguage":"pt-BR","isPartOf":{"@id":"https:\/\/www.jornalja.com.br\/arquivo\/#website"},"breadcrumb":{"@id":"https:\/\/www.jornalja.com.br\/arquivo\/guarani-mbya-retomam-area-tradicional-em-maquine\/#breadcrumblist"},"author":{"@id":"https:\/\/www.jornalja.com.br\/arquivo\/author\/daredacao\/#author"},"creator":{"@id":"https:\/\/www.jornalja.com.br\/arquivo\/author\/daredacao\/#author"},"image":{"@type":"ImageObject","url":44451,"@id":"https:\/\/www.jornalja.com.br\/arquivo\/guarani-mbya-retomam-area-tradicional-em-maquine\/#mainImage"},"primaryImageOfPage":{"@id":"https:\/\/www.jornalja.com.br\/arquivo\/guarani-mbya-retomam-area-tradicional-em-maquine\/#mainImage"},"datePublished":"2017-02-14T11:30:47-02:00","dateModified":"2017-02-14T11:30:47-02:00"},{"@type":"WebSite","@id":"https:\/\/www.jornalja.com.br\/arquivo\/#website","url":"https:\/\/www.jornalja.com.br\/arquivo\/","name":"Arquivo","description":"Jornal J\u00c1 | Porto Alegre","inLanguage":"pt-BR","publisher":{"@id":"https:\/\/www.jornalja.com.br\/arquivo\/#organization"}}]},"og:locale":"pt_BR","og:site_name":"Arquivo | Jornal J\u00c1 | Porto Alegre","og:type":"article","og:title":"Guarani Mbya retomam \u00e1rea tradicional em Maquin\u00e9 | Arquivo","og:url":"https:\/\/www.jornalja.com.br\/arquivo\/guarani-mbya-retomam-area-tradicional-em-maquine\/","og:image":"https:\/\/www.jornalja.com.br\/wp-content\/uploads\/2017\/02\/15665939_1753494341646183_9108266228637043604_n.jpg","og:image:secure_url":"https:\/\/www.jornalja.com.br\/wp-content\/uploads\/2017\/02\/15665939_1753494341646183_9108266228637043604_n.jpg","article:published_time":"2017-02-14T14:30:47+00:00","article:modified_time":"2017-02-14T14:30:47+00:00","twitter:card":"summary","twitter:title":"Guarani Mbya retomam \u00e1rea tradicional em Maquin\u00e9 | Arquivo","twitter:image":"https:\/\/www.jornalja.com.br\/economics\/wp-content\/uploads\/sites\/11\/2026\/08\/ja-folhaderosto-facebook.jpg"},"aioseo_meta_data":{"post_id":"44448","title":null,"description":null,"keywords":null,"keyphrases":null,"primary_term":null,"canonical_url":null,"og_title":null,"og_description":null,"og_object_type":"default","og_image_type":"default","og_image_url":null,"og_image_width":null,"og_image_height":null,"og_image_custom_url":null,"og_image_custom_fields":null,"og_video":null,"og_custom_url":null,"og_article_section":null,"og_article_tags":null,"twitter_use_og":false,"twitter_card":"default","twitter_image_type":"default","twitter_image_url":null,"twitter_image_custom_url":null,"twitter_image_custom_fields":null,"twitter_title":null,"twitter_description":null,"schema":{"blockGraphs":[],"customGraphs":[],"default":{"data":{"Article":[],"Course":[],"Dataset":[],"FAQPage":[],"Movie":[],"Person":[],"Product":[],"ProductReview":[],"Car":[],"Recipe":[],"Service":[],"SoftwareApplication":[],"WebPage":[]},"graphName":"","isEnabled":true},"graphs":[],"defaultGraph":"","defaultPostTypeGraph":""},"schema_type":null,"schema_type_options":null,"pillar_content":false,"robots_default":true,"robots_noindex":false,"robots_noarchive":false,"robots_nosnippet":false,"robots_nofollow":false,"robots_noimageindex":false,"robots_noodp":false,"robots_notranslate":false,"robots_max_snippet":null,"robots_max_videopreview":null,"robots_max_imagepreview":"large","priority":null,"frequency":null,"location":null,"local_seo":null,"breadcrumb_settings":null,"limit_modified_date":false,"ai":null,"created":"2020-12-20 20:40:48","updated":"2025-07-19 19:56:18","seo_analyzer_scan_date":null,"focus_keyword":null,"additional_keywords":null,"truseo_locale":null},"jetpack_sharing_enabled":true,"jetpack-related-posts":[{"id":5440,"url":"https:\/\/www.jornalja.com.br\/arquivo\/casarao-da-venancio-destino-permanece-incerto\/","url_meta":{"origin":44448,"position":0},"title":"Estado ainda n\u00e3o sabe o que fazer com casar\u00e3o abandonado h\u00e1 20 anos","author":"Elmar Bones","date":"6 de julho de 2009","format":false,"excerpt":"O casar\u00e3o amarelo, numa esquina nobre de Porto Alegre (Ven\u00e2ncio Aires com Jo\u00e3o Pessoa), j\u00e1 abrigou uma escola. H\u00e1 duas d\u00e9cadas, pelo menos, est\u00e1 abandonado, porque seu propriet\u00e1rio, o governo do Estado do Rio Grande do Sul, n\u00e3o consegue achar um destino para ele. Planos n\u00e3o faltaram. O governador Ol\u00edvio\u2026","rel":"","context":"Em &quot;X.Categorias velhas&quot;","block_context":{"text":"X.Categorias velhas","link":"https:\/\/www.jornalja.com.br\/arquivo\/category\/x-categorias-velhas\/"},"img":{"alt_text":"geraldo1","src":"https:\/\/i0.wp.com\/www.jornalja.com.br\/wp-content\/uploads\/2009\/07\/geraldo1.jpg?resize=350%2C200&ssl=1","width":350,"height":200},"classes":[]},{"id":13124,"url":"https:\/\/www.jornalja.com.br\/arquivo\/sangue-latino-no-iecine\/","url_meta":{"origin":44448,"position":1},"title":"Sangue latino no IECINE","author":"da Reda\u00e7\u00e3o","date":"18 de maio de 2014","format":false,"excerpt":"Francisco Ribeiro O Instituto Estadual de Cinema (IECINE) tem a frente, desde abril \u00faltimo, um novo diretor, o cineasta colombiano Juan Zapata, 36, que substitui Luiz Alberto Cassol. Radicado h\u00e1 dez anos em Porto Alegre, Zapata tem diante de si o desafio de conduzir at\u00e9 o final do ano um\u2026","rel":"","context":"Em &quot;Cultura-Geral&quot;","block_context":{"text":"Cultura-Geral","link":"https:\/\/www.jornalja.com.br\/arquivo\/category\/materiasecundaria\/"},"img":{"alt_text":"","src":"","width":0,"height":0},"classes":[]},{"id":13101,"url":"https:\/\/www.jornalja.com.br\/arquivo\/morre-um-guerreiro-do-texto\/","url_meta":{"origin":44448,"position":2},"title":"Morre um guerreiro do texto","author":"Patr\u00edcia Marini","date":"14 de maio de 2014","format":false,"excerpt":"Por Ricardo Kotscho Reproduzido do blog do autor, 11\/5\/2014; t\u00edtulo original \u201cE l\u00e1 se foi o nosso Myltainho, guerreiro do texto\u201d. Mi\u00fado e franzino, meu amigo Myltainho era um valente e inconformado guerreiro na luta contra as injusti\u00e7as sociais, a hipocrisia, as maracutaias, o autoritarismo, a intoler\u00e2ncia, a viol\u00eancia, o\u2026","rel":"","context":"Em &quot;Geral&quot;","block_context":{"text":"Geral","link":"https:\/\/www.jornalja.com.br\/arquivo\/category\/geral\/"},"img":{"alt_text":"","src":"","width":0,"height":0},"classes":[]},{"id":14241,"url":"https:\/\/www.jornalja.com.br\/arquivo\/o-guaiba-nas-imagens-poeticas-de-achutti\/","url_meta":{"origin":44448,"position":3},"title":"O Gua\u00edba nas imagens po\u00e9ticas de Achutti","author":"da Reda\u00e7\u00e3o","date":"18 de junho de 2014","format":false,"excerpt":"Em \u201cO Gua\u00edba por Achutti\u201d \u2013 obra financiada via Minist\u00e9rio da Cultura, produ\u00e7\u00e3o executiva de Pedro Longhi, e Fl\u00e1vio Wild como designer \u2013, o fot\u00f3grafo revela a beleza e as mazelas de um espa\u00e7o aqu\u00e1tico de \u00e1guas sempre renovadas, cheio de hist\u00f3rias e lendas como as das cidades que foram\u2026","rel":"","context":"Em &quot;Cultura-Geral&quot;","block_context":{"text":"Cultura-Geral","link":"https:\/\/www.jornalja.com.br\/arquivo\/category\/materiasecundaria\/"},"img":{"alt_text":"","src":"","width":0,"height":0},"classes":[]},{"id":13240,"url":"https:\/\/www.jornalja.com.br\/arquivo\/plano-diretor-estamos-construindo-o-caos\/","url_meta":{"origin":44448,"position":4},"title":"Plano diretor: &quot;Estamos construindo o caos&quot;","author":"Patr\u00edcia Marini","date":"26 de maio de 2014","format":false,"excerpt":"Desabafo que arquiteta Eliana Castilhos, delegada da Regi\u00e3o de Planejamento 1, postou nas redes sociais \u00e9 um testemunho do ambiente que se criou no Conselho do Plano Diretor de Porto Alegre, onde a aprova\u00e7\u00e3o de grandes empreendimentos \u00e9 empurrada guela abaixo dos conselheiros. Ao CMDUA Como delegada da Regi\u00e3o de\u2026","rel":"","context":"Em &quot;Geral&quot;","block_context":{"text":"Geral","link":"https:\/\/www.jornalja.com.br\/arquivo\/category\/geral\/"},"img":{"alt_text":"","src":"","width":0,"height":0},"classes":[]}],"jetpack_shortlink":"https:\/\/wp.me\/pbQjBd-byU","jetpack_featured_media_url":"","_links":{"self":[{"href":"https:\/\/www.jornalja.com.br\/arquivo\/wp-json\/wp\/v2\/posts\/44448","targetHints":{"allow":["GET"]}}],"collection":[{"href":"https:\/\/www.jornalja.com.br\/arquivo\/wp-json\/wp\/v2\/posts"}],"about":[{"href":"https:\/\/www.jornalja.com.br\/arquivo\/wp-json\/wp\/v2\/types\/post"}],"author":[{"embeddable":true,"href":"https:\/\/www.jornalja.com.br\/arquivo\/wp-json\/wp\/v2\/users\/4"}],"replies":[{"embeddable":true,"href":"https:\/\/www.jornalja.com.br\/arquivo\/wp-json\/wp\/v2\/comments?post=44448"}],"version-history":[{"count":0,"href":"https:\/\/www.jornalja.com.br\/arquivo\/wp-json\/wp\/v2\/posts\/44448\/revisions"}],"wp:attachment":[{"href":"https:\/\/www.jornalja.com.br\/arquivo\/wp-json\/wp\/v2\/media?parent=44448"}],"wp:term":[{"taxonomy":"category","embeddable":true,"href":"https:\/\/www.jornalja.com.br\/arquivo\/wp-json\/wp\/v2\/categories?post=44448"},{"taxonomy":"post_tag","embeddable":true,"href":"https:\/\/www.jornalja.com.br\/arquivo\/wp-json\/wp\/v2\/tags?post=44448"}],"curies":[{"name":"wp","href":"https:\/\/api.w.org\/{rel}","templated":true}]}}