{"id":44538,"date":"2017-02-13T17:34:01","date_gmt":"2017-02-13T20:34:01","guid":{"rendered":"https:\/\/www.jornalja.com.br\/?p=44538"},"modified":"2017-02-13T17:34:01","modified_gmt":"2017-02-13T20:34:01","slug":"lider-regional-pia-aposta-na-producao-de-iogurte-para-crescer","status":"publish","type":"post","link":"https:\/\/www.jornalja.com.br\/arquivo\/lider-regional-pia-aposta-na-producao-de-iogurte-para-crescer\/","title":{"rendered":"Marca mais lembrada, Pi\u00e1 aposta na produ\u00e7\u00e3o de iogurte"},"content":{"rendered":"<p>A Cooperativa Pi\u00e1 vai reposicionar seus produtos no mercado de latic\u00ednios<br \/>\n&#8220;De uma marca de leite que tamb\u00e9m tem iogurte, a Pi\u00e1 passa a ser uma marca de iogurte que tamb\u00e9m tem leite&#8221;, resumiu o presidente da cooperativa, Gilberto Kny.<br \/>\nA decis\u00e3o foi tomada em assembl\u00e9ia no final de janeiro e anunciada nesta segunda-feira.<br \/>\nA Pia processa um volume di\u00e1rio de 600 mil litros. O leite sempre foi o carro-chefe da de suas vendas, desde o in\u00edcio da produ\u00e7\u00e3o, em 1972, quando eram processados dois mil litros de leite por dia.<br \/>\nA fabrica\u00e7\u00e3o de iogurtes come\u00e7ou na d\u00e9cada de 1980 e hoje se consolidou como a marca de l\u00e1cteos mais lembrada e preferida no Rio Grande do Sul, conforme apontam pesquisas realizadas em 2016.<br \/>\n\u00c9 nesta onda que a Pi\u00e1 pretende surfar, vendendo produtos de maior valor agregado e aproveitando o aumento de sua capacidade industrial a partir de mar\u00e7o, quando a f\u00e1brica de iogurtes come\u00e7a a operar com nova capacidade.<br \/>\nO novo posicionamento \u00e9 um desdobramento do salto dado em 2001, quando a empresa, sem se descuidar da venda de leite longa vida, passou a investir em produtos de maior valor agregado, especialmente nos iogurtes.<br \/>\nDe l\u00e1 para c\u00e1, a linha de produtos vem aumentando consideravelmente, de tal forma que a Pi\u00e1 possui a lideran\u00e7a absoluta na Regi\u00e3o Sul.<br \/>\n\u00c9 a \u00fanica regi\u00e3o do Brasil onde a lideran\u00e7a n\u00e3o pertence \u00e0s grandes multinacionais l\u00e1cteas, mas a uma forte marca regional.<br \/>\nNos \u00faltimos anos, a Pi\u00e1 tem aumentado o seu faturamento anualmente, chegando a R$ 708 milh\u00f5es no ano passado. Entre os segredos da marca est\u00e1 o incentivo aos produtores da cooperativa, que recebem toda a assist\u00eancia t\u00e9cnica e a garantia de compra, com valores bem acima da m\u00e9dia estabelecida pelo Conselho Estadual do Leite \u2013 Conseleite.<br \/>\nNo campo, nos \u00faltimos seis anos, a Pi\u00e1 modernizou o trabalho de fomento e assist\u00eancia t\u00e9cnica junto ao agricultor.<br \/>\nEntre as a\u00e7\u00f5es realizadas est\u00e1 o ingresso no Programa Alimento Seguro \u2013 PAS, que capacita os t\u00e9cnicos para o controle de qualidade do leite, e a cria\u00e7\u00e3o do Programa de Gest\u00e3o de Propriedade e Capacita\u00e7\u00e3o de Produtores, com \u00a0especialistas que prestam assist\u00eancia aos produtores.<br \/>\nAl\u00e9m de investir permanentemente em novos maquin\u00e1rios e embalagens, a cooperativa mant\u00e9m controles rigorosos em todas as etapas de fabrica\u00e7\u00e3o. Resultado: a marca tem um dos maiores \u00edndices de fideliza\u00e7\u00e3o junto aos consumidores da Regi\u00e3o Sul do Brasil.<br \/>\nEntre as novidades da ind\u00fastria est\u00e3o equipamentos com tecnologia de ponta, como os instalados no laborat\u00f3rio da Pi\u00e1 para o controle de recep\u00e7\u00e3o da mat\u00e9ria prima.<br \/>\nModernos e precisos, eles fazem mais de 100 mil an\u00e1lises por m\u00eas. \u201c\u00c9 um controle de seguran\u00e7a e precis\u00e3o e, al\u00e9m disso, muito veloz\u201d, explica o presidente da Pi\u00e1, Gilberto Kny. \u201cAntes, os resultados demoravam entre 30 e 40 minutos para ficarem prontos. Hoje, sai em at\u00e9 tr\u00eas minutos\u201d.<br \/>\nAs novas embalagens aumentaram a vida \u00fatil do produto de 45 para 60 dias, o que gera um diferencial competitivo maior para a marca, pois pode vender mais longe, al\u00e9m de melhorar a qualidade da bebida e dar maior seguran\u00e7a para o consumidor.<br \/>\nEm 2013, a Cooperativa inaugurou a ind\u00fastria de processamento de frutas, que ampliou a capacidade na linha de produ\u00e7\u00e3o de polpa de frutas, que era de 2,5 toneladas\/hora, para 10 toneladas hora. O Centro de Distribui\u00e7\u00e3o (CD), localizado em Ivoti, vai agilizar o abastecimento do Vale do Sinos e Grande Porto Alegre, movimentando 2,5 mil toneladas de produtos, entre leite, iogurtes, achocolatados e queijos.<br \/>\nDe acordo com Kny, a localiza\u00e7\u00e3o da cooperativa \u00e9 estrat\u00e9gica, pois est\u00e1 pr\u00f3xima da regi\u00e3o metropolitana de Porto Alegre. \u201cMais de 40% da popula\u00e7\u00e3o ga\u00facha est\u00e1 a menos de 90 quil\u00f4metros da nossa ind\u00fastria, o que nos deixa fortalecido comercialmente\u201d, explica.<br \/>\nPara seguir conquistando o mercado, mantendo a fidelidade de seus mais de 4 milh\u00f5es de consumidores, a Pi\u00e1 agora prioriza o mercado de iogurtes e a amplia\u00e7\u00e3o da participa\u00e7\u00e3o em Estados como Santa Catarina, Paran\u00e1 e S\u00e3o Paulo, onde a marca j\u00e1 est\u00e1 nos refrigeradores das principais redes supermercadistas.<\/p>\n","protected":false},"excerpt":{"rendered":"<p>A Cooperativa Pi\u00e1 vai reposicionar seus produtos no mercado de latic\u00ednios &#8220;De uma marca de leite que tamb\u00e9m tem iogurte, a Pi\u00e1 passa a ser uma marca de iogurte que tamb\u00e9m tem leite&#8221;, resumiu o presidente da cooperativa, Gilberto Kny. A decis\u00e3o foi tomada em assembl\u00e9ia no final de janeiro e anunciada nesta segunda-feira. A [&hellip;]<\/p>\n","protected":false},"author":4,"featured_media":44539,"comment_status":"open","ping_status":"closed","sticky":false,"template":"","format":"standard","meta":{"_jetpack_newsletter_access":"","_jetpack_dont_email_post_to_subs":false,"_jetpack_newsletter_tier_id":0,"_jetpack_memberships_contains_paywalled_content":false,"_jetpack_feature_clip_id":0,"_jetpack_memberships_contains_paid_content":false,"footnotes":"","jetpack_post_was_ever_published":false},"categories":[26],"tags":[],"class_list":["post-44538","post","type-post","status-publish","format-standard","has-post-thumbnail","hentry","category-geral"],"aioseo_notices":[],"aioseo_head":"\n\t\t<!-- All in One SEO 5.0.1.1 - aioseo.com -->\n\t<meta name=\"robots\" content=\"max-image-preview:large\" \/>\n\t<meta name=\"author\" content=\"da Reda\u00e7\u00e3o\"\/>\n\t<link rel=\"canonical\" href=\"https:\/\/www.jornalja.com.br\/arquivo\/lider-regional-pia-aposta-na-producao-de-iogurte-para-crescer\/\" \/>\n\t<meta name=\"generator\" content=\"All in One SEO (AIOSEO) 5.0.1.1\" \/>\n\t\t<meta property=\"og:locale\" content=\"pt_BR\" \/>\n\t\t<meta property=\"og:site_name\" content=\"Arquivo | Jornal J\u00c1 | Porto Alegre\" \/>\n\t\t<meta property=\"og:type\" content=\"article\" \/>\n\t\t<meta property=\"og:title\" content=\"Marca mais lembrada, Pi\u00e1 aposta na produ\u00e7\u00e3o de iogurte | Arquivo\" \/>\n\t\t<meta property=\"og:url\" content=\"https:\/\/www.jornalja.com.br\/arquivo\/lider-regional-pia-aposta-na-producao-de-iogurte-para-crescer\/\" \/>\n\t\t<meta property=\"og:image\" content=\"https:\/\/www.jornalja.com.br\/economics\/wp-content\/uploads\/sites\/11\/2026\/08\/ja-folhaderosto-facebook.jpg\" \/>\n\t\t<meta property=\"og:image:secure_url\" content=\"https:\/\/www.jornalja.com.br\/economics\/wp-content\/uploads\/sites\/11\/2026\/08\/ja-folhaderosto-facebook.jpg\" \/>\n\t\t<meta property=\"article:published_time\" content=\"2017-02-13T20:34:01+00:00\" \/>\n\t\t<meta property=\"article:modified_time\" content=\"2017-02-13T20:34:01+00:00\" \/>\n\t\t<meta name=\"twitter:card\" content=\"summary\" \/>\n\t\t<meta name=\"twitter:title\" content=\"Marca mais lembrada, Pi\u00e1 aposta na produ\u00e7\u00e3o de iogurte | Arquivo\" \/>\n\t\t<meta name=\"twitter:image\" content=\"https:\/\/www.jornalja.com.br\/economics\/wp-content\/uploads\/sites\/11\/2026\/08\/ja-folhaderosto-facebook.jpg\" \/>\n\t\t<script type=\"application\/ld+json\" class=\"aioseo-schema\">\n\t\t\t{\"@context\":\"https:\\\/\\\/schema.org\",\"@graph\":[{\"@type\":\"BlogPosting\",\"@id\":\"https:\\\/\\\/www.jornalja.com.br\\\/arquivo\\\/lider-regional-pia-aposta-na-producao-de-iogurte-para-crescer\\\/#blogposting\",\"name\":\"Marca mais lembrada, Pi\\u00e1 aposta na produ\\u00e7\\u00e3o de iogurte | Arquivo\",\"headline\":\"Marca mais lembrada, Pi\\u00e1 aposta na produ\\u00e7\\u00e3o de iogurte\",\"author\":{\"@id\":\"https:\\\/\\\/www.jornalja.com.br\\\/arquivo\\\/author\\\/daredacao\\\/#author\"},\"publisher\":{\"@id\":\"https:\\\/\\\/www.jornalja.com.br\\\/arquivo\\\/#organization\"},\"image\":{\"@type\":\"ImageObject\",\"url\":44539},\"datePublished\":\"2017-02-13T17:34:01-02:00\",\"dateModified\":\"2017-02-13T17:34:01-02:00\",\"inLanguage\":\"pt-BR\",\"mainEntityOfPage\":{\"@id\":\"https:\\\/\\\/www.jornalja.com.br\\\/arquivo\\\/lider-regional-pia-aposta-na-producao-de-iogurte-para-crescer\\\/#webpage\"},\"isPartOf\":{\"@id\":\"https:\\\/\\\/www.jornalja.com.br\\\/arquivo\\\/lider-regional-pia-aposta-na-producao-de-iogurte-para-crescer\\\/#webpage\"},\"articleSection\":\"Geral\"},{\"@type\":\"BreadcrumbList\",\"@id\":\"https:\\\/\\\/www.jornalja.com.br\\\/arquivo\\\/lider-regional-pia-aposta-na-producao-de-iogurte-para-crescer\\\/#breadcrumblist\",\"itemListElement\":[{\"@type\":\"ListItem\",\"@id\":\"https:\\\/\\\/www.jornalja.com.br\\\/arquivo#listItem\",\"position\":1,\"name\":\"Home\",\"item\":\"https:\\\/\\\/www.jornalja.com.br\\\/arquivo\",\"nextItem\":{\"@type\":\"ListItem\",\"@id\":\"https:\\\/\\\/www.jornalja.com.br\\\/arquivo\\\/category\\\/geral\\\/#listItem\",\"name\":\"Geral\"}},{\"@type\":\"ListItem\",\"@id\":\"https:\\\/\\\/www.jornalja.com.br\\\/arquivo\\\/category\\\/geral\\\/#listItem\",\"position\":2,\"name\":\"Geral\",\"item\":\"https:\\\/\\\/www.jornalja.com.br\\\/arquivo\\\/category\\\/geral\\\/\",\"nextItem\":{\"@type\":\"ListItem\",\"@id\":\"https:\\\/\\\/www.jornalja.com.br\\\/arquivo\\\/lider-regional-pia-aposta-na-producao-de-iogurte-para-crescer\\\/#listItem\",\"name\":\"Marca mais lembrada, Pi\\u00e1 aposta na produ\\u00e7\\u00e3o de iogurte\"},\"previousItem\":{\"@type\":\"ListItem\",\"@id\":\"https:\\\/\\\/www.jornalja.com.br\\\/arquivo#listItem\",\"name\":\"Home\"}},{\"@type\":\"ListItem\",\"@id\":\"https:\\\/\\\/www.jornalja.com.br\\\/arquivo\\\/lider-regional-pia-aposta-na-producao-de-iogurte-para-crescer\\\/#listItem\",\"position\":3,\"name\":\"Marca mais lembrada, Pi\\u00e1 aposta na produ\\u00e7\\u00e3o de iogurte\",\"previousItem\":{\"@type\":\"ListItem\",\"@id\":\"https:\\\/\\\/www.jornalja.com.br\\\/arquivo\\\/category\\\/geral\\\/#listItem\",\"name\":\"Geral\"}}]},{\"@type\":\"Organization\",\"@id\":\"https:\\\/\\\/www.jornalja.com.br\\\/arquivo\\\/#organization\",\"name\":\"Jornal J\\u00c1\",\"description\":\"Jornal J\\u00c1 | Porto Alegre\",\"url\":\"https:\\\/\\\/www.jornalja.com.br\\\/arquivo\\\/\",\"telephone\":\"+555133307272\",\"logo\":{\"@type\":\"ImageObject\",\"url\":\"https:\\\/\\\/www.jornalja.com.br\\\/wp-content\\\/uploads\\\/cards\\\/JAslogan.png\",\"@id\":\"https:\\\/\\\/www.jornalja.com.br\\\/arquivo\\\/lider-regional-pia-aposta-na-producao-de-iogurte-para-crescer\\\/#organizationLogo\"},\"image\":{\"@id\":\"https:\\\/\\\/www.jornalja.com.br\\\/arquivo\\\/lider-regional-pia-aposta-na-producao-de-iogurte-para-crescer\\\/#organizationLogo\"}},{\"@type\":\"Person\",\"@id\":\"https:\\\/\\\/www.jornalja.com.br\\\/arquivo\\\/author\\\/daredacao\\\/#author\",\"url\":\"https:\\\/\\\/www.jornalja.com.br\\\/arquivo\\\/author\\\/daredacao\\\/\",\"name\":\"da Reda\\u00e7\\u00e3o\",\"image\":{\"@type\":\"ImageObject\",\"@id\":\"https:\\\/\\\/www.jornalja.com.br\\\/arquivo\\\/lider-regional-pia-aposta-na-producao-de-iogurte-para-crescer\\\/#authorImage\",\"url\":\"https:\\\/\\\/secure.gravatar.com\\\/avatar\\\/469fd857d6605ad19919d27ed29d35a968a25f6e8fd9318356bbb7f57aae9c65?s=96&d=mm&r=g\",\"width\":96,\"height\":96,\"caption\":\"da Reda\\u00e7\\u00e3o\"}},{\"@type\":\"WebPage\",\"@id\":\"https:\\\/\\\/www.jornalja.com.br\\\/arquivo\\\/lider-regional-pia-aposta-na-producao-de-iogurte-para-crescer\\\/#webpage\",\"url\":\"https:\\\/\\\/www.jornalja.com.br\\\/arquivo\\\/lider-regional-pia-aposta-na-producao-de-iogurte-para-crescer\\\/\",\"name\":\"Marca mais lembrada, Pi\\u00e1 aposta na produ\\u00e7\\u00e3o de iogurte | Arquivo\",\"inLanguage\":\"pt-BR\",\"isPartOf\":{\"@id\":\"https:\\\/\\\/www.jornalja.com.br\\\/arquivo\\\/#website\"},\"breadcrumb\":{\"@id\":\"https:\\\/\\\/www.jornalja.com.br\\\/arquivo\\\/lider-regional-pia-aposta-na-producao-de-iogurte-para-crescer\\\/#breadcrumblist\"},\"author\":{\"@id\":\"https:\\\/\\\/www.jornalja.com.br\\\/arquivo\\\/author\\\/daredacao\\\/#author\"},\"creator\":{\"@id\":\"https:\\\/\\\/www.jornalja.com.br\\\/arquivo\\\/author\\\/daredacao\\\/#author\"},\"image\":{\"@type\":\"ImageObject\",\"url\":44539,\"@id\":\"https:\\\/\\\/www.jornalja.com.br\\\/arquivo\\\/lider-regional-pia-aposta-na-producao-de-iogurte-para-crescer\\\/#mainImage\"},\"primaryImageOfPage\":{\"@id\":\"https:\\\/\\\/www.jornalja.com.br\\\/arquivo\\\/lider-regional-pia-aposta-na-producao-de-iogurte-para-crescer\\\/#mainImage\"},\"datePublished\":\"2017-02-13T17:34:01-02:00\",\"dateModified\":\"2017-02-13T17:34:01-02:00\"},{\"@type\":\"WebSite\",\"@id\":\"https:\\\/\\\/www.jornalja.com.br\\\/arquivo\\\/#website\",\"url\":\"https:\\\/\\\/www.jornalja.com.br\\\/arquivo\\\/\",\"name\":\"Arquivo\",\"description\":\"Jornal J\\u00c1 | Porto Alegre\",\"inLanguage\":\"pt-BR\",\"publisher\":{\"@id\":\"https:\\\/\\\/www.jornalja.com.br\\\/arquivo\\\/#organization\"}}]}\n\t\t<\/script>\n\t\t<!-- All in One SEO -->\n\n","aioseo_head_json":{"title":"Marca mais lembrada, Pi\u00e1 aposta na produ\u00e7\u00e3o de iogurte | Arquivo","description":"","canonical_url":"https:\/\/www.jornalja.com.br\/arquivo\/lider-regional-pia-aposta-na-producao-de-iogurte-para-crescer\/","robots":"max-image-preview:large","keywords":"","webmasterTools":{"miscellaneous":""},"schema":{"@context":"https:\/\/schema.org","@graph":[{"@type":"BlogPosting","@id":"https:\/\/www.jornalja.com.br\/arquivo\/lider-regional-pia-aposta-na-producao-de-iogurte-para-crescer\/#blogposting","name":"Marca mais lembrada, Pi\u00e1 aposta na produ\u00e7\u00e3o de iogurte | Arquivo","headline":"Marca mais lembrada, Pi\u00e1 aposta na produ\u00e7\u00e3o de iogurte","author":{"@id":"https:\/\/www.jornalja.com.br\/arquivo\/author\/daredacao\/#author"},"publisher":{"@id":"https:\/\/www.jornalja.com.br\/arquivo\/#organization"},"image":{"@type":"ImageObject","url":44539},"datePublished":"2017-02-13T17:34:01-02:00","dateModified":"2017-02-13T17:34:01-02:00","inLanguage":"pt-BR","mainEntityOfPage":{"@id":"https:\/\/www.jornalja.com.br\/arquivo\/lider-regional-pia-aposta-na-producao-de-iogurte-para-crescer\/#webpage"},"isPartOf":{"@id":"https:\/\/www.jornalja.com.br\/arquivo\/lider-regional-pia-aposta-na-producao-de-iogurte-para-crescer\/#webpage"},"articleSection":"Geral"},{"@type":"BreadcrumbList","@id":"https:\/\/www.jornalja.com.br\/arquivo\/lider-regional-pia-aposta-na-producao-de-iogurte-para-crescer\/#breadcrumblist","itemListElement":[{"@type":"ListItem","@id":"https:\/\/www.jornalja.com.br\/arquivo#listItem","position":1,"name":"Home","item":"https:\/\/www.jornalja.com.br\/arquivo","nextItem":{"@type":"ListItem","@id":"https:\/\/www.jornalja.com.br\/arquivo\/category\/geral\/#listItem","name":"Geral"}},{"@type":"ListItem","@id":"https:\/\/www.jornalja.com.br\/arquivo\/category\/geral\/#listItem","position":2,"name":"Geral","item":"https:\/\/www.jornalja.com.br\/arquivo\/category\/geral\/","nextItem":{"@type":"ListItem","@id":"https:\/\/www.jornalja.com.br\/arquivo\/lider-regional-pia-aposta-na-producao-de-iogurte-para-crescer\/#listItem","name":"Marca mais lembrada, Pi\u00e1 aposta na produ\u00e7\u00e3o de iogurte"},"previousItem":{"@type":"ListItem","@id":"https:\/\/www.jornalja.com.br\/arquivo#listItem","name":"Home"}},{"@type":"ListItem","@id":"https:\/\/www.jornalja.com.br\/arquivo\/lider-regional-pia-aposta-na-producao-de-iogurte-para-crescer\/#listItem","position":3,"name":"Marca mais lembrada, Pi\u00e1 aposta na produ\u00e7\u00e3o de iogurte","previousItem":{"@type":"ListItem","@id":"https:\/\/www.jornalja.com.br\/arquivo\/category\/geral\/#listItem","name":"Geral"}}]},{"@type":"Organization","@id":"https:\/\/www.jornalja.com.br\/arquivo\/#organization","name":"Jornal J\u00c1","description":"Jornal J\u00c1 | Porto Alegre","url":"https:\/\/www.jornalja.com.br\/arquivo\/","telephone":"+555133307272","logo":{"@type":"ImageObject","url":"https:\/\/www.jornalja.com.br\/wp-content\/uploads\/cards\/JAslogan.png","@id":"https:\/\/www.jornalja.com.br\/arquivo\/lider-regional-pia-aposta-na-producao-de-iogurte-para-crescer\/#organizationLogo"},"image":{"@id":"https:\/\/www.jornalja.com.br\/arquivo\/lider-regional-pia-aposta-na-producao-de-iogurte-para-crescer\/#organizationLogo"}},{"@type":"Person","@id":"https:\/\/www.jornalja.com.br\/arquivo\/author\/daredacao\/#author","url":"https:\/\/www.jornalja.com.br\/arquivo\/author\/daredacao\/","name":"da Reda\u00e7\u00e3o","image":{"@type":"ImageObject","@id":"https:\/\/www.jornalja.com.br\/arquivo\/lider-regional-pia-aposta-na-producao-de-iogurte-para-crescer\/#authorImage","url":"https:\/\/secure.gravatar.com\/avatar\/469fd857d6605ad19919d27ed29d35a968a25f6e8fd9318356bbb7f57aae9c65?s=96&d=mm&r=g","width":96,"height":96,"caption":"da Reda\u00e7\u00e3o"}},{"@type":"WebPage","@id":"https:\/\/www.jornalja.com.br\/arquivo\/lider-regional-pia-aposta-na-producao-de-iogurte-para-crescer\/#webpage","url":"https:\/\/www.jornalja.com.br\/arquivo\/lider-regional-pia-aposta-na-producao-de-iogurte-para-crescer\/","name":"Marca mais lembrada, Pi\u00e1 aposta na produ\u00e7\u00e3o de iogurte | Arquivo","inLanguage":"pt-BR","isPartOf":{"@id":"https:\/\/www.jornalja.com.br\/arquivo\/#website"},"breadcrumb":{"@id":"https:\/\/www.jornalja.com.br\/arquivo\/lider-regional-pia-aposta-na-producao-de-iogurte-para-crescer\/#breadcrumblist"},"author":{"@id":"https:\/\/www.jornalja.com.br\/arquivo\/author\/daredacao\/#author"},"creator":{"@id":"https:\/\/www.jornalja.com.br\/arquivo\/author\/daredacao\/#author"},"image":{"@type":"ImageObject","url":44539,"@id":"https:\/\/www.jornalja.com.br\/arquivo\/lider-regional-pia-aposta-na-producao-de-iogurte-para-crescer\/#mainImage"},"primaryImageOfPage":{"@id":"https:\/\/www.jornalja.com.br\/arquivo\/lider-regional-pia-aposta-na-producao-de-iogurte-para-crescer\/#mainImage"},"datePublished":"2017-02-13T17:34:01-02:00","dateModified":"2017-02-13T17:34:01-02:00"},{"@type":"WebSite","@id":"https:\/\/www.jornalja.com.br\/arquivo\/#website","url":"https:\/\/www.jornalja.com.br\/arquivo\/","name":"Arquivo","description":"Jornal J\u00c1 | Porto Alegre","inLanguage":"pt-BR","publisher":{"@id":"https:\/\/www.jornalja.com.br\/arquivo\/#organization"}}]},"og:locale":"pt_BR","og:site_name":"Arquivo | Jornal J\u00c1 | Porto Alegre","og:type":"article","og:title":"Marca mais lembrada, Pi\u00e1 aposta na produ\u00e7\u00e3o de iogurte | Arquivo","og:url":"https:\/\/www.jornalja.com.br\/arquivo\/lider-regional-pia-aposta-na-producao-de-iogurte-para-crescer\/","og:image":"https:\/\/www.jornalja.com.br\/economics\/wp-content\/uploads\/sites\/11\/2026\/08\/ja-folhaderosto-facebook.jpg","og:image:secure_url":"https:\/\/www.jornalja.com.br\/economics\/wp-content\/uploads\/sites\/11\/2026\/08\/ja-folhaderosto-facebook.jpg","article:published_time":"2017-02-13T20:34:01+00:00","article:modified_time":"2017-02-13T20:34:01+00:00","twitter:card":"summary","twitter:title":"Marca mais lembrada, Pi\u00e1 aposta na produ\u00e7\u00e3o de iogurte | Arquivo","twitter:image":"https:\/\/www.jornalja.com.br\/economics\/wp-content\/uploads\/sites\/11\/2026\/08\/ja-folhaderosto-facebook.jpg"},"aioseo_meta_data":{"post_id":"44538","title":null,"description":null,"keywords":null,"keyphrases":null,"primary_term":null,"canonical_url":null,"og_title":null,"og_description":null,"og_object_type":"default","og_image_type":"default","og_image_url":null,"og_image_width":null,"og_image_height":null,"og_image_custom_url":null,"og_image_custom_fields":null,"og_video":null,"og_custom_url":null,"og_article_section":null,"og_article_tags":null,"twitter_use_og":false,"twitter_card":"default","twitter_image_type":"default","twitter_image_url":null,"twitter_image_custom_url":null,"twitter_image_custom_fields":null,"twitter_title":null,"twitter_description":null,"schema":{"blockGraphs":[],"customGraphs":[],"default":{"data":{"Article":[],"Course":[],"Dataset":[],"FAQPage":[],"Movie":[],"Person":[],"Product":[],"ProductReview":[],"Car":[],"Recipe":[],"Service":[],"SoftwareApplication":[],"WebPage":[]},"graphName":"","isEnabled":true},"graphs":[],"defaultGraph":"","defaultPostTypeGraph":""},"schema_type":null,"schema_type_options":null,"pillar_content":false,"robots_default":true,"robots_noindex":false,"robots_noarchive":false,"robots_nosnippet":false,"robots_nofollow":false,"robots_noimageindex":false,"robots_noodp":false,"robots_notranslate":false,"robots_max_snippet":null,"robots_max_videopreview":null,"robots_max_imagepreview":"large","priority":null,"frequency":null,"location":null,"local_seo":null,"breadcrumb_settings":null,"limit_modified_date":false,"ai":null,"created":"2020-12-20 20:40:47","updated":"2025-07-19 19:56:18","seo_analyzer_scan_date":null,"focus_keyword":null,"additional_keywords":null,"truseo_locale":null},"jetpack_sharing_enabled":true,"jetpack-related-posts":[{"id":13124,"url":"https:\/\/www.jornalja.com.br\/arquivo\/sangue-latino-no-iecine\/","url_meta":{"origin":44538,"position":0},"title":"Sangue latino no IECINE","author":"da Reda\u00e7\u00e3o","date":"18 de maio de 2014","format":false,"excerpt":"Francisco Ribeiro O Instituto Estadual de Cinema (IECINE) tem a frente, desde abril \u00faltimo, um novo diretor, o cineasta colombiano Juan Zapata, 36, que substitui Luiz Alberto Cassol. Radicado h\u00e1 dez anos em Porto Alegre, Zapata tem diante de si o desafio de conduzir at\u00e9 o final do ano um\u2026","rel":"","context":"Em &quot;Cultura-Geral&quot;","block_context":{"text":"Cultura-Geral","link":"https:\/\/www.jornalja.com.br\/arquivo\/category\/materiasecundaria\/"},"img":{"alt_text":"","src":"","width":0,"height":0},"classes":[]},{"id":14241,"url":"https:\/\/www.jornalja.com.br\/arquivo\/o-guaiba-nas-imagens-poeticas-de-achutti\/","url_meta":{"origin":44538,"position":1},"title":"O Gua\u00edba nas imagens po\u00e9ticas de Achutti","author":"da Reda\u00e7\u00e3o","date":"18 de junho de 2014","format":false,"excerpt":"Em \u201cO Gua\u00edba por Achutti\u201d \u2013 obra financiada via Minist\u00e9rio da Cultura, produ\u00e7\u00e3o executiva de Pedro Longhi, e Fl\u00e1vio Wild como designer \u2013, o fot\u00f3grafo revela a beleza e as mazelas de um espa\u00e7o aqu\u00e1tico de \u00e1guas sempre renovadas, cheio de hist\u00f3rias e lendas como as das cidades que foram\u2026","rel":"","context":"Em &quot;Cultura-Geral&quot;","block_context":{"text":"Cultura-Geral","link":"https:\/\/www.jornalja.com.br\/arquivo\/category\/materiasecundaria\/"},"img":{"alt_text":"","src":"","width":0,"height":0},"classes":[]},{"id":13101,"url":"https:\/\/www.jornalja.com.br\/arquivo\/morre-um-guerreiro-do-texto\/","url_meta":{"origin":44538,"position":2},"title":"Morre um guerreiro do texto","author":"Patr\u00edcia Marini","date":"14 de maio de 2014","format":false,"excerpt":"Por Ricardo Kotscho Reproduzido do blog do autor, 11\/5\/2014; t\u00edtulo original \u201cE l\u00e1 se foi o nosso Myltainho, guerreiro do texto\u201d. Mi\u00fado e franzino, meu amigo Myltainho era um valente e inconformado guerreiro na luta contra as injusti\u00e7as sociais, a hipocrisia, as maracutaias, o autoritarismo, a intoler\u00e2ncia, a viol\u00eancia, o\u2026","rel":"","context":"Em &quot;Geral&quot;","block_context":{"text":"Geral","link":"https:\/\/www.jornalja.com.br\/arquivo\/category\/geral\/"},"img":{"alt_text":"","src":"","width":0,"height":0},"classes":[]},{"id":13240,"url":"https:\/\/www.jornalja.com.br\/arquivo\/plano-diretor-estamos-construindo-o-caos\/","url_meta":{"origin":44538,"position":3},"title":"Plano diretor: &quot;Estamos construindo o caos&quot;","author":"Patr\u00edcia Marini","date":"26 de maio de 2014","format":false,"excerpt":"Desabafo que arquiteta Eliana Castilhos, delegada da Regi\u00e3o de Planejamento 1, postou nas redes sociais \u00e9 um testemunho do ambiente que se criou no Conselho do Plano Diretor de Porto Alegre, onde a aprova\u00e7\u00e3o de grandes empreendimentos \u00e9 empurrada guela abaixo dos conselheiros. Ao CMDUA Como delegada da Regi\u00e3o de\u2026","rel":"","context":"Em &quot;Geral&quot;","block_context":{"text":"Geral","link":"https:\/\/www.jornalja.com.br\/arquivo\/category\/geral\/"},"img":{"alt_text":"","src":"","width":0,"height":0},"classes":[]}],"jetpack_shortlink":"https:\/\/wp.me\/pbQjBd-bAm","jetpack_featured_media_url":"","_links":{"self":[{"href":"https:\/\/www.jornalja.com.br\/arquivo\/wp-json\/wp\/v2\/posts\/44538","targetHints":{"allow":["GET"]}}],"collection":[{"href":"https:\/\/www.jornalja.com.br\/arquivo\/wp-json\/wp\/v2\/posts"}],"about":[{"href":"https:\/\/www.jornalja.com.br\/arquivo\/wp-json\/wp\/v2\/types\/post"}],"author":[{"embeddable":true,"href":"https:\/\/www.jornalja.com.br\/arquivo\/wp-json\/wp\/v2\/users\/4"}],"replies":[{"embeddable":true,"href":"https:\/\/www.jornalja.com.br\/arquivo\/wp-json\/wp\/v2\/comments?post=44538"}],"version-history":[{"count":0,"href":"https:\/\/www.jornalja.com.br\/arquivo\/wp-json\/wp\/v2\/posts\/44538\/revisions"}],"wp:attachment":[{"href":"https:\/\/www.jornalja.com.br\/arquivo\/wp-json\/wp\/v2\/media?parent=44538"}],"wp:term":[{"taxonomy":"category","embeddable":true,"href":"https:\/\/www.jornalja.com.br\/arquivo\/wp-json\/wp\/v2\/categories?post=44538"},{"taxonomy":"post_tag","embeddable":true,"href":"https:\/\/www.jornalja.com.br\/arquivo\/wp-json\/wp\/v2\/tags?post=44538"}],"curies":[{"name":"wp","href":"https:\/\/api.w.org\/{rel}","templated":true}]}}