{"id":44568,"date":"2017-02-14T19:10:55","date_gmt":"2017-02-14T22:10:55","guid":{"rendered":"https:\/\/www.jornalja.com.br\/?p=44568"},"modified":"2017-02-14T19:10:55","modified_gmt":"2017-02-14T22:10:55","slug":"fiergs-defende-reforma-trabalhista-centrais-ameacam-parar-o-pais","status":"publish","type":"post","link":"https:\/\/www.jornalja.com.br\/arquivo\/fiergs-defende-reforma-trabalhista-centrais-ameacam-parar-o-pais\/","title":{"rendered":"Fiergs defende reforma trabalhista, centrais amea\u00e7am parar o pa\u00eds"},"content":{"rendered":"<p>A Federa\u00e7\u00e3o das Ind\u00fastrias do Rio Grande do Sul encomendou uma pesquisa sobre a reforma trabalhista que est\u00e1 para ser votada no Congresso Nacional.<br \/>\nO ministro do Trabalho, Ronaldo Nogueira, recebeu-a em primeira m\u00e3o na visita que fez \u00e0 Fiergs, Heitor Muller, nesta segunda-feira, 13.<br \/>\nSegundo a Fiergs a &#8220;moderniza\u00e7\u00e3o da legisla\u00e7\u00e3o trabalhista&#8221; como est\u00e1 propostar n\u00e3o implica em perda de direitos ao empregado, antes permitir\u00e1 equil\u00edbrio, seguran\u00e7a e transpar\u00eancia entre as partes envolvidas e \u00a0maior competitividade para as empresas.<br \/>\nA pesquisa feita pelo Instituto Methodus, revela que 65% dos trabalhadores ga\u00fachos aceitariam negociar a carga hor\u00e1ria di\u00e1ria, com o objetivo de reduzir os dias trabalhados na semana.<br \/>\nEsta \u00e9 uma das propostas previstas na reforma do governo federal para criar cinco milh\u00f5es de empregos novos no Pa\u00eds.<br \/>\nAl\u00e9m disso, segundo a pesquisa, mais de 20% dos entrevistados s\u00e3o favor\u00e1veis \u00e0 moderniza\u00e7\u00e3o das leis trabalhistas no Pa\u00eds e \u00a055% aceitam altera\u00e7\u00f5es, dependendo das condi\u00e7\u00f5es oferecidas.<br \/>\nOs que n\u00e3o concordam com a medida representam \u00a043,7% \u00a0dos entrevistados e 6,6% a aceitam em parte.<br \/>\nDe acordo com o levantamento da FIERGS, 45,7% dos trabalhadores entendem que o desemprego seria diminu\u00eddo caso os sindicatos e centrais sindicais apoiassem uma moderniza\u00e7\u00e3o das leis trabalhistas. Para 30,3%, o desemprego aumentaria caso isso ocorresse, e 24% n\u00e3o souberam opinar.<br \/>\nA apura\u00e7\u00e3o, com mil entrevistas, foi realizada nas regi\u00f5es Metropolitana de Porto Alegre, Serra ga\u00facha e Vales do Sinos, Taquari e Paranhana, entre 29 de dezembro e 10 de janeiro.<br \/>\n\u201cA pesquisa da FIERGS referenda o que estamos fazendo h\u00e1 meses pelo Brasil. Nossa proposta \u00e9 fruto de longas conversas junto a todas as centrais sindicais e confedera\u00e7\u00f5es patronais. Costuramos uma proposta na qual todos os envolvidos foram contemplados. Nossa proposta est\u00e1 pacificada\u201d, afirmou Nogueira.<br \/>\nNogueira prev\u00ea que a moderniza\u00e7\u00e3o trabalhista seja votada pelo Congresso Nacional ainda no primeiro semestre.<br \/>\n<strong>Centrais sindicais amea\u00e7am parar o pa\u00eds<\/strong><br \/>\n&#8220;Como sempre, essa \u00e9 uma proposta caracu: os empres\u00e1rios entram com a cara e \u00a0n\u00f3s entramos com o resto&#8221;, disse ao J\u00c0 o\u00a0presidente\u00a0da\u00a0Federa\u00e7\u00e3o\u00a0dos\u00a0Trabalhadores Metal\u00fargicos\u00a0do\u00a0RS,\u00a0filiada\u00a0a\u00a0CUT,\u00a0Jairo\u00a0Carneiro.<br \/>\nPara\u00a0o\u00a0l\u00edder\u00a0sindical\u00a0a\u00a0negocia\u00e7\u00e3o\u00a0\u00e9\u00a0sempre\u00a0vi\u00e1vel\u00a0e\u00a0necess\u00e1ria\u00a0,\u201dmas\u00a0 com nenhum\u00a0direito\u00a0a\u00a0menos\u201d.<br \/>\nSegundoCarneiro,todas\u00a0as\u00a0centrais\u00a0sindicais\u00a0est\u00e3o\u00a0preparando\u00a0\u00a0mobiliza\u00e7\u00f5es\u00a0para\u00a0\u00a0 pressionar\u00a0os\u00a0 parlamentares\u00a0a\u00a0n\u00e3o\u00a0votarem\u00a0a\u00a0proposta\u00a0do\u00a0governo.<br \/>\nA \u00a0pesquisa da FIERGS, explicou ele, \u00a0foi induzida levando os trabalhadores a respostas favor\u00e1veis aos empres\u00e1rios.<br \/>\nCl\u00e1udio Janta, da For\u00e7a Sindical, acrescentou que os sindicatos baseiam-se em dados reais e n\u00e3o em amostragem de mil trabalhadores, feita num periodo de f\u00e9rias coletivas.<br \/>\nEle\u00a0 concorda\u00a0que\u00a0se\u00a0negocie\u00a0novos\u00a0patamares\u00a0para\u00a0os\u00a0novos\u00a0tipos\u00a0de atividades,\u00a0como a possibilidade\u00a0 dos\u00a0trabalhadores\u00a0usarem\u00a0seus\u00a0telefones,\u00a0trabalharem\u00a0de\u00a0casa\u00a0ou\u00a0com\u00a0seus\u00a0pr\u00f3prios\u00a0carros.\u00a0\u201cSempre\u00a0que\u00a0se\u00a0fala\u00a0em\u00a0crise\u00a0governo\u00a0e\u00a0empres\u00e1rios\u00a0logo\u00a0acenam\u00a0com\u00a0tirar\u00a0direitos\u00a0dos\u00a0trabalhadores\u00a0em\u00a0vez\u00a0de\u00a0baixar\u00a0juros, ou impostos\u201d.<br \/>\nPara\u00a0Carneiro\u00a0a\u00a0CLT\u00a0foi\u00a0resultado\u00a0de\u00a0uma\u00a0evolu\u00e7\u00e3o\u00a0de\u00a0v\u00e1rias\u00a0conquistas hist\u00f3ricas\u00a0e\u00a0que\u00a0os\u00a0trabalhadores\u00a0n\u00e3o\u00a0abrir\u00e3o\u00a0m\u00e3o.\u00a0\u201c\u00a0N\u00e3o\u00a0podemos\u00a0voltar atr\u00e1s.\u00a0Podemos\u00a0parar\u00a0o\u00a0pa\u00eds\u201d,\u00a0afirmou.<br \/>\n&nbsp;<br \/>\n&nbsp;<\/p>\n","protected":false},"excerpt":{"rendered":"<p>A Federa\u00e7\u00e3o das Ind\u00fastrias do Rio Grande do Sul encomendou uma pesquisa sobre a reforma trabalhista que est\u00e1 para ser votada no Congresso Nacional. O ministro do Trabalho, Ronaldo Nogueira, recebeu-a em primeira m\u00e3o na visita que fez \u00e0 Fiergs, Heitor Muller, nesta segunda-feira, 13. Segundo a Fiergs a &#8220;moderniza\u00e7\u00e3o da legisla\u00e7\u00e3o trabalhista&#8221; como est\u00e1 [&hellip;]<\/p>\n","protected":false},"author":4,"featured_media":44634,"comment_status":"open","ping_status":"closed","sticky":false,"template":"","format":"standard","meta":{"_jetpack_newsletter_access":"","_jetpack_dont_email_post_to_subs":false,"_jetpack_newsletter_tier_id":0,"_jetpack_memberships_contains_paywalled_content":false,"_jetpack_feature_clip_id":0,"_jetpack_memberships_contains_paid_content":false,"footnotes":"","jetpack_post_was_ever_published":false},"categories":[26],"tags":[],"class_list":["post-44568","post","type-post","status-publish","format-standard","has-post-thumbnail","hentry","category-geral"],"aioseo_notices":[],"aioseo_head":"\n\t\t<!-- All in One SEO 5.0.1.1 - aioseo.com -->\n\t<meta name=\"robots\" content=\"max-image-preview:large\" \/>\n\t<meta name=\"author\" content=\"da Reda\u00e7\u00e3o\"\/>\n\t<link rel=\"canonical\" href=\"https:\/\/www.jornalja.com.br\/arquivo\/fiergs-defende-reforma-trabalhista-centrais-ameacam-parar-o-pais\/\" \/>\n\t<meta name=\"generator\" content=\"All in One SEO (AIOSEO) 5.0.1.1\" \/>\n\t\t<meta property=\"og:locale\" content=\"pt_BR\" \/>\n\t\t<meta property=\"og:site_name\" content=\"Arquivo | Jornal J\u00c1 | Porto Alegre\" \/>\n\t\t<meta property=\"og:type\" content=\"article\" \/>\n\t\t<meta property=\"og:title\" content=\"Fiergs defende reforma trabalhista, centrais amea\u00e7am parar o pa\u00eds | Arquivo\" \/>\n\t\t<meta property=\"og:url\" content=\"https:\/\/www.jornalja.com.br\/arquivo\/fiergs-defende-reforma-trabalhista-centrais-ameacam-parar-o-pais\/\" \/>\n\t\t<meta property=\"og:image\" content=\"https:\/\/www.jornalja.com.br\/economics\/wp-content\/uploads\/sites\/11\/2026\/08\/ja-folhaderosto-facebook.jpg\" \/>\n\t\t<meta property=\"og:image:secure_url\" content=\"https:\/\/www.jornalja.com.br\/economics\/wp-content\/uploads\/sites\/11\/2026\/08\/ja-folhaderosto-facebook.jpg\" \/>\n\t\t<meta property=\"article:published_time\" content=\"2017-02-14T22:10:55+00:00\" \/>\n\t\t<meta property=\"article:modified_time\" content=\"2017-02-14T22:10:55+00:00\" \/>\n\t\t<meta name=\"twitter:card\" content=\"summary\" \/>\n\t\t<meta name=\"twitter:title\" content=\"Fiergs defende reforma trabalhista, centrais amea\u00e7am parar o pa\u00eds | Arquivo\" \/>\n\t\t<meta name=\"twitter:image\" content=\"https:\/\/www.jornalja.com.br\/economics\/wp-content\/uploads\/sites\/11\/2026\/08\/ja-folhaderosto-facebook.jpg\" \/>\n\t\t<script type=\"application\/ld+json\" class=\"aioseo-schema\">\n\t\t\t{\"@context\":\"https:\\\/\\\/schema.org\",\"@graph\":[{\"@type\":\"BlogPosting\",\"@id\":\"https:\\\/\\\/www.jornalja.com.br\\\/arquivo\\\/fiergs-defende-reforma-trabalhista-centrais-ameacam-parar-o-pais\\\/#blogposting\",\"name\":\"Fiergs defende reforma trabalhista, centrais amea\\u00e7am parar o pa\\u00eds | Arquivo\",\"headline\":\"Fiergs defende reforma trabalhista, centrais amea\\u00e7am parar o pa\\u00eds\",\"author\":{\"@id\":\"https:\\\/\\\/www.jornalja.com.br\\\/arquivo\\\/author\\\/daredacao\\\/#author\"},\"publisher\":{\"@id\":\"https:\\\/\\\/www.jornalja.com.br\\\/arquivo\\\/#organization\"},\"image\":{\"@type\":\"ImageObject\",\"url\":44634},\"datePublished\":\"2017-02-14T19:10:55-02:00\",\"dateModified\":\"2017-02-14T19:10:55-02:00\",\"inLanguage\":\"pt-BR\",\"mainEntityOfPage\":{\"@id\":\"https:\\\/\\\/www.jornalja.com.br\\\/arquivo\\\/fiergs-defende-reforma-trabalhista-centrais-ameacam-parar-o-pais\\\/#webpage\"},\"isPartOf\":{\"@id\":\"https:\\\/\\\/www.jornalja.com.br\\\/arquivo\\\/fiergs-defende-reforma-trabalhista-centrais-ameacam-parar-o-pais\\\/#webpage\"},\"articleSection\":\"Geral\"},{\"@type\":\"BreadcrumbList\",\"@id\":\"https:\\\/\\\/www.jornalja.com.br\\\/arquivo\\\/fiergs-defende-reforma-trabalhista-centrais-ameacam-parar-o-pais\\\/#breadcrumblist\",\"itemListElement\":[{\"@type\":\"ListItem\",\"@id\":\"https:\\\/\\\/www.jornalja.com.br\\\/arquivo#listItem\",\"position\":1,\"name\":\"Home\",\"item\":\"https:\\\/\\\/www.jornalja.com.br\\\/arquivo\",\"nextItem\":{\"@type\":\"ListItem\",\"@id\":\"https:\\\/\\\/www.jornalja.com.br\\\/arquivo\\\/category\\\/geral\\\/#listItem\",\"name\":\"Geral\"}},{\"@type\":\"ListItem\",\"@id\":\"https:\\\/\\\/www.jornalja.com.br\\\/arquivo\\\/category\\\/geral\\\/#listItem\",\"position\":2,\"name\":\"Geral\",\"item\":\"https:\\\/\\\/www.jornalja.com.br\\\/arquivo\\\/category\\\/geral\\\/\",\"nextItem\":{\"@type\":\"ListItem\",\"@id\":\"https:\\\/\\\/www.jornalja.com.br\\\/arquivo\\\/fiergs-defende-reforma-trabalhista-centrais-ameacam-parar-o-pais\\\/#listItem\",\"name\":\"Fiergs defende reforma trabalhista, centrais amea\\u00e7am parar o pa\\u00eds\"},\"previousItem\":{\"@type\":\"ListItem\",\"@id\":\"https:\\\/\\\/www.jornalja.com.br\\\/arquivo#listItem\",\"name\":\"Home\"}},{\"@type\":\"ListItem\",\"@id\":\"https:\\\/\\\/www.jornalja.com.br\\\/arquivo\\\/fiergs-defende-reforma-trabalhista-centrais-ameacam-parar-o-pais\\\/#listItem\",\"position\":3,\"name\":\"Fiergs defende reforma trabalhista, centrais amea\\u00e7am parar o pa\\u00eds\",\"previousItem\":{\"@type\":\"ListItem\",\"@id\":\"https:\\\/\\\/www.jornalja.com.br\\\/arquivo\\\/category\\\/geral\\\/#listItem\",\"name\":\"Geral\"}}]},{\"@type\":\"Organization\",\"@id\":\"https:\\\/\\\/www.jornalja.com.br\\\/arquivo\\\/#organization\",\"name\":\"Jornal J\\u00c1\",\"description\":\"Jornal J\\u00c1 | Porto Alegre\",\"url\":\"https:\\\/\\\/www.jornalja.com.br\\\/arquivo\\\/\",\"telephone\":\"+555133307272\",\"logo\":{\"@type\":\"ImageObject\",\"url\":\"https:\\\/\\\/www.jornalja.com.br\\\/wp-content\\\/uploads\\\/cards\\\/JAslogan.png\",\"@id\":\"https:\\\/\\\/www.jornalja.com.br\\\/arquivo\\\/fiergs-defende-reforma-trabalhista-centrais-ameacam-parar-o-pais\\\/#organizationLogo\"},\"image\":{\"@id\":\"https:\\\/\\\/www.jornalja.com.br\\\/arquivo\\\/fiergs-defende-reforma-trabalhista-centrais-ameacam-parar-o-pais\\\/#organizationLogo\"}},{\"@type\":\"Person\",\"@id\":\"https:\\\/\\\/www.jornalja.com.br\\\/arquivo\\\/author\\\/daredacao\\\/#author\",\"url\":\"https:\\\/\\\/www.jornalja.com.br\\\/arquivo\\\/author\\\/daredacao\\\/\",\"name\":\"da Reda\\u00e7\\u00e3o\",\"image\":{\"@type\":\"ImageObject\",\"@id\":\"https:\\\/\\\/www.jornalja.com.br\\\/arquivo\\\/fiergs-defende-reforma-trabalhista-centrais-ameacam-parar-o-pais\\\/#authorImage\",\"url\":\"https:\\\/\\\/secure.gravatar.com\\\/avatar\\\/469fd857d6605ad19919d27ed29d35a968a25f6e8fd9318356bbb7f57aae9c65?s=96&d=mm&r=g\",\"width\":96,\"height\":96,\"caption\":\"da Reda\\u00e7\\u00e3o\"}},{\"@type\":\"WebPage\",\"@id\":\"https:\\\/\\\/www.jornalja.com.br\\\/arquivo\\\/fiergs-defende-reforma-trabalhista-centrais-ameacam-parar-o-pais\\\/#webpage\",\"url\":\"https:\\\/\\\/www.jornalja.com.br\\\/arquivo\\\/fiergs-defende-reforma-trabalhista-centrais-ameacam-parar-o-pais\\\/\",\"name\":\"Fiergs defende reforma trabalhista, centrais amea\\u00e7am parar o pa\\u00eds | Arquivo\",\"inLanguage\":\"pt-BR\",\"isPartOf\":{\"@id\":\"https:\\\/\\\/www.jornalja.com.br\\\/arquivo\\\/#website\"},\"breadcrumb\":{\"@id\":\"https:\\\/\\\/www.jornalja.com.br\\\/arquivo\\\/fiergs-defende-reforma-trabalhista-centrais-ameacam-parar-o-pais\\\/#breadcrumblist\"},\"author\":{\"@id\":\"https:\\\/\\\/www.jornalja.com.br\\\/arquivo\\\/author\\\/daredacao\\\/#author\"},\"creator\":{\"@id\":\"https:\\\/\\\/www.jornalja.com.br\\\/arquivo\\\/author\\\/daredacao\\\/#author\"},\"image\":{\"@type\":\"ImageObject\",\"url\":44634,\"@id\":\"https:\\\/\\\/www.jornalja.com.br\\\/arquivo\\\/fiergs-defende-reforma-trabalhista-centrais-ameacam-parar-o-pais\\\/#mainImage\"},\"primaryImageOfPage\":{\"@id\":\"https:\\\/\\\/www.jornalja.com.br\\\/arquivo\\\/fiergs-defende-reforma-trabalhista-centrais-ameacam-parar-o-pais\\\/#mainImage\"},\"datePublished\":\"2017-02-14T19:10:55-02:00\",\"dateModified\":\"2017-02-14T19:10:55-02:00\"},{\"@type\":\"WebSite\",\"@id\":\"https:\\\/\\\/www.jornalja.com.br\\\/arquivo\\\/#website\",\"url\":\"https:\\\/\\\/www.jornalja.com.br\\\/arquivo\\\/\",\"name\":\"Arquivo\",\"description\":\"Jornal J\\u00c1 | Porto Alegre\",\"inLanguage\":\"pt-BR\",\"publisher\":{\"@id\":\"https:\\\/\\\/www.jornalja.com.br\\\/arquivo\\\/#organization\"}}]}\n\t\t<\/script>\n\t\t<!-- All in One SEO -->\n\n","aioseo_head_json":{"title":"Fiergs defende reforma trabalhista, centrais amea\u00e7am parar o pa\u00eds | Arquivo","description":"","canonical_url":"https:\/\/www.jornalja.com.br\/arquivo\/fiergs-defende-reforma-trabalhista-centrais-ameacam-parar-o-pais\/","robots":"max-image-preview:large","keywords":"","webmasterTools":{"miscellaneous":""},"schema":{"@context":"https:\/\/schema.org","@graph":[{"@type":"BlogPosting","@id":"https:\/\/www.jornalja.com.br\/arquivo\/fiergs-defende-reforma-trabalhista-centrais-ameacam-parar-o-pais\/#blogposting","name":"Fiergs defende reforma trabalhista, centrais amea\u00e7am parar o pa\u00eds | Arquivo","headline":"Fiergs defende reforma trabalhista, centrais amea\u00e7am parar o pa\u00eds","author":{"@id":"https:\/\/www.jornalja.com.br\/arquivo\/author\/daredacao\/#author"},"publisher":{"@id":"https:\/\/www.jornalja.com.br\/arquivo\/#organization"},"image":{"@type":"ImageObject","url":44634},"datePublished":"2017-02-14T19:10:55-02:00","dateModified":"2017-02-14T19:10:55-02:00","inLanguage":"pt-BR","mainEntityOfPage":{"@id":"https:\/\/www.jornalja.com.br\/arquivo\/fiergs-defende-reforma-trabalhista-centrais-ameacam-parar-o-pais\/#webpage"},"isPartOf":{"@id":"https:\/\/www.jornalja.com.br\/arquivo\/fiergs-defende-reforma-trabalhista-centrais-ameacam-parar-o-pais\/#webpage"},"articleSection":"Geral"},{"@type":"BreadcrumbList","@id":"https:\/\/www.jornalja.com.br\/arquivo\/fiergs-defende-reforma-trabalhista-centrais-ameacam-parar-o-pais\/#breadcrumblist","itemListElement":[{"@type":"ListItem","@id":"https:\/\/www.jornalja.com.br\/arquivo#listItem","position":1,"name":"Home","item":"https:\/\/www.jornalja.com.br\/arquivo","nextItem":{"@type":"ListItem","@id":"https:\/\/www.jornalja.com.br\/arquivo\/category\/geral\/#listItem","name":"Geral"}},{"@type":"ListItem","@id":"https:\/\/www.jornalja.com.br\/arquivo\/category\/geral\/#listItem","position":2,"name":"Geral","item":"https:\/\/www.jornalja.com.br\/arquivo\/category\/geral\/","nextItem":{"@type":"ListItem","@id":"https:\/\/www.jornalja.com.br\/arquivo\/fiergs-defende-reforma-trabalhista-centrais-ameacam-parar-o-pais\/#listItem","name":"Fiergs defende reforma trabalhista, centrais amea\u00e7am parar o pa\u00eds"},"previousItem":{"@type":"ListItem","@id":"https:\/\/www.jornalja.com.br\/arquivo#listItem","name":"Home"}},{"@type":"ListItem","@id":"https:\/\/www.jornalja.com.br\/arquivo\/fiergs-defende-reforma-trabalhista-centrais-ameacam-parar-o-pais\/#listItem","position":3,"name":"Fiergs defende reforma trabalhista, centrais amea\u00e7am parar o pa\u00eds","previousItem":{"@type":"ListItem","@id":"https:\/\/www.jornalja.com.br\/arquivo\/category\/geral\/#listItem","name":"Geral"}}]},{"@type":"Organization","@id":"https:\/\/www.jornalja.com.br\/arquivo\/#organization","name":"Jornal J\u00c1","description":"Jornal J\u00c1 | Porto Alegre","url":"https:\/\/www.jornalja.com.br\/arquivo\/","telephone":"+555133307272","logo":{"@type":"ImageObject","url":"https:\/\/www.jornalja.com.br\/wp-content\/uploads\/cards\/JAslogan.png","@id":"https:\/\/www.jornalja.com.br\/arquivo\/fiergs-defende-reforma-trabalhista-centrais-ameacam-parar-o-pais\/#organizationLogo"},"image":{"@id":"https:\/\/www.jornalja.com.br\/arquivo\/fiergs-defende-reforma-trabalhista-centrais-ameacam-parar-o-pais\/#organizationLogo"}},{"@type":"Person","@id":"https:\/\/www.jornalja.com.br\/arquivo\/author\/daredacao\/#author","url":"https:\/\/www.jornalja.com.br\/arquivo\/author\/daredacao\/","name":"da Reda\u00e7\u00e3o","image":{"@type":"ImageObject","@id":"https:\/\/www.jornalja.com.br\/arquivo\/fiergs-defende-reforma-trabalhista-centrais-ameacam-parar-o-pais\/#authorImage","url":"https:\/\/secure.gravatar.com\/avatar\/469fd857d6605ad19919d27ed29d35a968a25f6e8fd9318356bbb7f57aae9c65?s=96&d=mm&r=g","width":96,"height":96,"caption":"da Reda\u00e7\u00e3o"}},{"@type":"WebPage","@id":"https:\/\/www.jornalja.com.br\/arquivo\/fiergs-defende-reforma-trabalhista-centrais-ameacam-parar-o-pais\/#webpage","url":"https:\/\/www.jornalja.com.br\/arquivo\/fiergs-defende-reforma-trabalhista-centrais-ameacam-parar-o-pais\/","name":"Fiergs defende reforma trabalhista, centrais amea\u00e7am parar o pa\u00eds | Arquivo","inLanguage":"pt-BR","isPartOf":{"@id":"https:\/\/www.jornalja.com.br\/arquivo\/#website"},"breadcrumb":{"@id":"https:\/\/www.jornalja.com.br\/arquivo\/fiergs-defende-reforma-trabalhista-centrais-ameacam-parar-o-pais\/#breadcrumblist"},"author":{"@id":"https:\/\/www.jornalja.com.br\/arquivo\/author\/daredacao\/#author"},"creator":{"@id":"https:\/\/www.jornalja.com.br\/arquivo\/author\/daredacao\/#author"},"image":{"@type":"ImageObject","url":44634,"@id":"https:\/\/www.jornalja.com.br\/arquivo\/fiergs-defende-reforma-trabalhista-centrais-ameacam-parar-o-pais\/#mainImage"},"primaryImageOfPage":{"@id":"https:\/\/www.jornalja.com.br\/arquivo\/fiergs-defende-reforma-trabalhista-centrais-ameacam-parar-o-pais\/#mainImage"},"datePublished":"2017-02-14T19:10:55-02:00","dateModified":"2017-02-14T19:10:55-02:00"},{"@type":"WebSite","@id":"https:\/\/www.jornalja.com.br\/arquivo\/#website","url":"https:\/\/www.jornalja.com.br\/arquivo\/","name":"Arquivo","description":"Jornal J\u00c1 | Porto Alegre","inLanguage":"pt-BR","publisher":{"@id":"https:\/\/www.jornalja.com.br\/arquivo\/#organization"}}]},"og:locale":"pt_BR","og:site_name":"Arquivo | Jornal J\u00c1 | Porto Alegre","og:type":"article","og:title":"Fiergs defende reforma trabalhista, centrais amea\u00e7am parar o pa\u00eds | Arquivo","og:url":"https:\/\/www.jornalja.com.br\/arquivo\/fiergs-defende-reforma-trabalhista-centrais-ameacam-parar-o-pais\/","og:image":"https:\/\/www.jornalja.com.br\/economics\/wp-content\/uploads\/sites\/11\/2026\/08\/ja-folhaderosto-facebook.jpg","og:image:secure_url":"https:\/\/www.jornalja.com.br\/economics\/wp-content\/uploads\/sites\/11\/2026\/08\/ja-folhaderosto-facebook.jpg","article:published_time":"2017-02-14T22:10:55+00:00","article:modified_time":"2017-02-14T22:10:55+00:00","twitter:card":"summary","twitter:title":"Fiergs defende reforma trabalhista, centrais amea\u00e7am parar o pa\u00eds | Arquivo","twitter:image":"https:\/\/www.jornalja.com.br\/economics\/wp-content\/uploads\/sites\/11\/2026\/08\/ja-folhaderosto-facebook.jpg"},"aioseo_meta_data":{"post_id":"44568","title":null,"description":null,"keywords":null,"keyphrases":null,"primary_term":null,"canonical_url":null,"og_title":null,"og_description":null,"og_object_type":"default","og_image_type":"default","og_image_url":null,"og_image_width":null,"og_image_height":null,"og_image_custom_url":null,"og_image_custom_fields":null,"og_video":null,"og_custom_url":null,"og_article_section":null,"og_article_tags":null,"twitter_use_og":false,"twitter_card":"default","twitter_image_type":"default","twitter_image_url":null,"twitter_image_custom_url":null,"twitter_image_custom_fields":null,"twitter_title":null,"twitter_description":null,"schema":{"blockGraphs":[],"customGraphs":[],"default":{"data":{"Article":[],"Course":[],"Dataset":[],"FAQPage":[],"Movie":[],"Person":[],"Product":[],"ProductReview":[],"Car":[],"Recipe":[],"Service":[],"SoftwareApplication":[],"WebPage":[]},"graphName":"","isEnabled":true},"graphs":[],"defaultGraph":"","defaultPostTypeGraph":""},"schema_type":null,"schema_type_options":null,"pillar_content":false,"robots_default":true,"robots_noindex":false,"robots_noarchive":false,"robots_nosnippet":false,"robots_nofollow":false,"robots_noimageindex":false,"robots_noodp":false,"robots_notranslate":false,"robots_max_snippet":null,"robots_max_videopreview":null,"robots_max_imagepreview":"large","priority":null,"frequency":null,"location":null,"local_seo":null,"breadcrumb_settings":null,"limit_modified_date":false,"ai":null,"created":"2020-12-20 20:40:47","updated":"2025-07-19 20:01:49","seo_analyzer_scan_date":null,"focus_keyword":null,"additional_keywords":null,"truseo_locale":null},"jetpack_sharing_enabled":true,"jetpack-related-posts":[{"id":13109,"url":"https:\/\/www.jornalja.com.br\/arquivo\/judiciario-reconhece-poluicao-eletromagnetica\/","url_meta":{"origin":44568,"position":0},"title":"Judici\u00e1rio reconhece polui\u00e7\u00e3o eletromagn\u00e9tica","author":"Patr\u00edcia Marini","date":"16 de maio de 2014","format":false,"excerpt":"A\u00e7\u00e3o de duas associa\u00e7\u00f5es de moradores foi acolhida pelo Tribunal de Justi\u00e7a de S\u00e3o Paulo que. em decis\u00e3o in\u00e9dita, determinou a redu\u00e7\u00e3o do campo eletromagn\u00e9tico gerado pelas linhas de transmiss\u00e3o de energia que cortam os bairros City Boa\u00e7ava e Alto de Pinheiros. \u00c9 a primeira vez que um tribunal do\u2026","rel":"","context":"Em &quot;X.Categorias velhas&quot;","block_context":{"text":"X.Categorias velhas","link":"https:\/\/www.jornalja.com.br\/arquivo\/category\/x-categorias-velhas\/"},"img":{"alt_text":"","src":"","width":0,"height":0},"classes":[]},{"id":13101,"url":"https:\/\/www.jornalja.com.br\/arquivo\/morre-um-guerreiro-do-texto\/","url_meta":{"origin":44568,"position":1},"title":"Morre um guerreiro do texto","author":"Patr\u00edcia Marini","date":"14 de maio de 2014","format":false,"excerpt":"Por Ricardo Kotscho Reproduzido do blog do autor, 11\/5\/2014; t\u00edtulo original \u201cE l\u00e1 se foi o nosso Myltainho, guerreiro do texto\u201d. Mi\u00fado e franzino, meu amigo Myltainho era um valente e inconformado guerreiro na luta contra as injusti\u00e7as sociais, a hipocrisia, as maracutaias, o autoritarismo, a intoler\u00e2ncia, a viol\u00eancia, o\u2026","rel":"","context":"Em &quot;Geral&quot;","block_context":{"text":"Geral","link":"https:\/\/www.jornalja.com.br\/arquivo\/category\/geral\/"},"img":{"alt_text":"","src":"","width":0,"height":0},"classes":[]},{"id":12960,"url":"https:\/\/www.jornalja.com.br\/arquivo\/populacao-culpa-empresas-pela-greve-dos-rodoviarios\/","url_meta":{"origin":44568,"position":2},"title":"Popula\u00e7\u00e3o culpa empresas pela greve","author":"Patr\u00edcia Marini","date":"14 de fevereiro de 2014","format":false,"excerpt":"Pesquisa divulgada na edi\u00e7\u00e3o do jornal Metro desta sexta-feira,14, comprova o velho ditado: \u00e9 poss\u00edvel enganar muitos por algum tempo, mas n\u00e3o \u00e9 poss\u00edvel enganar a todos o tempo inteiro. A principal revela\u00e7\u00e3o foi que 59,8% dos entrevistados apontaram as empresas como as principais respons\u00e1veis pela grave e 46% culparam\u2026","rel":"","context":"Em &quot;X.Categorias velhas&quot;","block_context":{"text":"X.Categorias velhas","link":"https:\/\/www.jornalja.com.br\/arquivo\/category\/x-categorias-velhas\/"},"img":{"alt_text":"","src":"","width":0,"height":0},"classes":[]},{"id":5440,"url":"https:\/\/www.jornalja.com.br\/arquivo\/casarao-da-venancio-destino-permanece-incerto\/","url_meta":{"origin":44568,"position":3},"title":"Estado ainda n\u00e3o sabe o que fazer com casar\u00e3o abandonado h\u00e1 20 anos","author":"Elmar Bones","date":"6 de julho de 2009","format":false,"excerpt":"O casar\u00e3o amarelo, numa esquina nobre de Porto Alegre (Ven\u00e2ncio Aires com Jo\u00e3o Pessoa), j\u00e1 abrigou uma escola. H\u00e1 duas d\u00e9cadas, pelo menos, est\u00e1 abandonado, porque seu propriet\u00e1rio, o governo do Estado do Rio Grande do Sul, n\u00e3o consegue achar um destino para ele. Planos n\u00e3o faltaram. O governador Ol\u00edvio\u2026","rel":"","context":"Em &quot;X.Categorias velhas&quot;","block_context":{"text":"X.Categorias velhas","link":"https:\/\/www.jornalja.com.br\/arquivo\/category\/x-categorias-velhas\/"},"img":{"alt_text":"geraldo1","src":"https:\/\/i0.wp.com\/www.jornalja.com.br\/wp-content\/uploads\/2009\/07\/geraldo1.jpg?resize=350%2C200&ssl=1","width":350,"height":200},"classes":[]},{"id":13124,"url":"https:\/\/www.jornalja.com.br\/arquivo\/sangue-latino-no-iecine\/","url_meta":{"origin":44568,"position":4},"title":"Sangue latino no IECINE","author":"da Reda\u00e7\u00e3o","date":"18 de maio de 2014","format":false,"excerpt":"Francisco Ribeiro O Instituto Estadual de Cinema (IECINE) tem a frente, desde abril \u00faltimo, um novo diretor, o cineasta colombiano Juan Zapata, 36, que substitui Luiz Alberto Cassol. Radicado h\u00e1 dez anos em Porto Alegre, Zapata tem diante de si o desafio de conduzir at\u00e9 o final do ano um\u2026","rel":"","context":"Em &quot;Cultura-Geral&quot;","block_context":{"text":"Cultura-Geral","link":"https:\/\/www.jornalja.com.br\/arquivo\/category\/materiasecundaria\/"},"img":{"alt_text":"","src":"","width":0,"height":0},"classes":[]},{"id":1280,"url":"https:\/\/www.jornalja.com.br\/arquivo\/o-menino-que-se-tornou-brizola\/","url_meta":{"origin":44568,"position":5},"title":"O Menino que se Tornou Brizola","author":"da Reda\u00e7\u00e3o","date":"28 de julho de 2008","format":false,"excerpt":"Autor: Cleber Dioni A vida de Leonel Brizola, com \u00eanfase para os primeiros anos em Porto Alegre, at\u00e9 o ex\u00edlio no Uruguai e a volta, quinze anos depois. \u00a0\"...\u00c9ramos todos jovens e nos identific\u00e1vamos com aquela massa an\u00f4nima a percorrer as ruas de Porto Alegre, gritando 'Get\u00falio', 'Get\u00falio' e empunhando\u2026","rel":"","context":"Em &quot;Livros&quot;","block_context":{"text":"Livros","link":"https:\/\/www.jornalja.com.br\/arquivo\/category\/livros\/"},"img":{"alt_text":"","src":"https:\/\/i0.wp.com\/www.jornalja.com.br\/wp-content\/uploads\/2008\/07\/brizola.gif?resize=350%2C200&ssl=1","width":350,"height":200},"classes":[]}],"jetpack_shortlink":"https:\/\/wp.me\/pbQjBd-bAQ","jetpack_featured_media_url":"","_links":{"self":[{"href":"https:\/\/www.jornalja.com.br\/arquivo\/wp-json\/wp\/v2\/posts\/44568","targetHints":{"allow":["GET"]}}],"collection":[{"href":"https:\/\/www.jornalja.com.br\/arquivo\/wp-json\/wp\/v2\/posts"}],"about":[{"href":"https:\/\/www.jornalja.com.br\/arquivo\/wp-json\/wp\/v2\/types\/post"}],"author":[{"embeddable":true,"href":"https:\/\/www.jornalja.com.br\/arquivo\/wp-json\/wp\/v2\/users\/4"}],"replies":[{"embeddable":true,"href":"https:\/\/www.jornalja.com.br\/arquivo\/wp-json\/wp\/v2\/comments?post=44568"}],"version-history":[{"count":0,"href":"https:\/\/www.jornalja.com.br\/arquivo\/wp-json\/wp\/v2\/posts\/44568\/revisions"}],"wp:attachment":[{"href":"https:\/\/www.jornalja.com.br\/arquivo\/wp-json\/wp\/v2\/media?parent=44568"}],"wp:term":[{"taxonomy":"category","embeddable":true,"href":"https:\/\/www.jornalja.com.br\/arquivo\/wp-json\/wp\/v2\/categories?post=44568"},{"taxonomy":"post_tag","embeddable":true,"href":"https:\/\/www.jornalja.com.br\/arquivo\/wp-json\/wp\/v2\/tags?post=44568"}],"curies":[{"name":"wp","href":"https:\/\/api.w.org\/{rel}","templated":true}]}}