{"id":44607,"date":"2017-02-14T17:34:48","date_gmt":"2017-02-14T20:34:48","guid":{"rendered":"https:\/\/www.jornalja.com.br\/?p=44607"},"modified":"2017-02-14T17:34:48","modified_gmt":"2017-02-14T20:34:48","slug":"casarao-da-duque-esconde-uma-usina-de-ideias","status":"publish","type":"post","link":"https:\/\/www.jornalja.com.br\/arquivo\/casarao-da-duque-esconde-uma-usina-de-ideias\/","title":{"rendered":"Casar\u00e3o da Duque esconde uma usina de ideias"},"content":{"rendered":"<p><span class=\"assina\">Geraldo Hasse<\/span><br \/>\nCometer\u00e1 um erro elementar quem julgar o trabalho da Funda\u00e7\u00e3o de Economia e Estat\u00edstica pela apar\u00eancia singela de sua sede na rua Duque de Caxias 1691.<br \/>\nEsse sobrado dos anos 1920 voltado para a antiga Pra\u00e7a do Port\u00e3o, hoje Conde de Porto Alegre, foi resid\u00eancia antes de se tornar o escrit\u00f3rio de um dos principais \u00f3rg\u00e3os p\u00fablicos do Estado. Mas n\u00e3o se tome o todo pela fachada.<br \/>\nEntre o port\u00e3o junto \u00e0 rua e a porta da sala de recep\u00e7\u00e3o h\u00e1 um corredor que esconde, \u00e0 esquerda, um audit\u00f3rio de 40 lugares e uma sala de reuni\u00f5es com mesa para oito pessoas.<br \/>\nDa recep\u00e7\u00e3o, parte outro corredor que vai longe, rumo aos \u201cfundos\u201d de um t\u00edpico casar\u00e3o da elite da capital nas primeiras d\u00e9cadas do s\u00e9culo XX.<br \/>\nSeria ali o p\u00e1tio se, muitos anos atr\u00e1s, o governo estadual n\u00e3o tivesse constru\u00eddo nessa \u00e1rea inclinada, meio baldia, um pr\u00e9dio de oito andares onde se acomodam, em diversos gabinetes, 192 homens e mulheres representativos do que a \u201cintelig\u00eancia ga\u00facha\u201d tem de mais arejado.<br \/>\nEntre as quase duas centenas do pessoal da casa, destacam-se 36 doutores e 93 mestres que produzem estat\u00edsticas, indicadores e estudos sobre a realidade socioecon\u00f4mica do Rio Grande do Sul.<br \/>\nNo fundo, embora n\u00e3o pare\u00e7a, a FEE \u00e9 uma usina de ideias tiradas de uma complexa massa de dados em constante atualiza\u00e7\u00e3o.<br \/>\nEntre as tarefas obrigat\u00f3rias da Funda\u00e7\u00e3o, destacam-se o c\u00e1lculo do PIB estadual, as estimativas populacionais, a pesquisa de emprego\/desemprego e outros indicadores valiosos para o diagn\u00f3stico da situa\u00e7\u00e3o conjuntural e o planejamento do futuro do estado.<br \/>\nDiante disso, n\u00e3o admira que a decis\u00e3o do governo Sartori de extinguir a FEE tenha sido unanimemente criticada por milhares de pessoas em abaixo-assinados, artigos, entrevistas e manifesta\u00e7\u00f5es de rua.<br \/>\n<img loading=\"lazy\" decoding=\"async\" class=\"alignnone size-full wp-image-44612\" src=\"https:\/\/www.jornalja.com.br\/wp-content\/uploads\/2017\/02\/fee-brum-torres.jpg\" alt=\"fee brum torres\" width=\"480\" height=\"320\" \/><br \/>\nO protesto mais contundente veio do economista Jo\u00e3o Carlos Brum Torres, que j\u00e1 foi por duas vezes secret\u00e1rio do Planejamento de governos do PMDB (Britto e Rigotto). \u201cSeria um desastre\u201d, previu ele, antes que o pacote de extin\u00e7\u00f5es fosse aprovado pela Assembl\u00e9ia, no dezembro. N\u00e3o foi por falta de aviso.<br \/>\nQuando a medida se confirmou, Brum Torres a definiu como \u201cgesto cego de autodesqualifica\u00e7\u00e3o do sistema de governo\u201d.<br \/>\nEm outras palavras, ao incluir a FEE no rol de oito funda\u00e7\u00f5es marcadas para morrer em nome do enxugamento das despesas, Sartori deu o popular tiro no p\u00e9.<br \/>\nOutro economista veterano, \u00a0Claudio Accurso, 87 anos, que doou sua biblioteca para a FEE, foi c\u00e1ustico: \u201cO governo quer acabar com a FEE porque n\u00e3o conhece os dados que ela produz. N\u00e3o precisa deles, porque n\u00e3o faz planejamento. Sem planejamento, n\u00e3o existe futuro\u201d.<br \/>\n<figure id=\"attachment_44613\" aria-describedby=\"caption-attachment-44613\" style=\"width: 187px\" class=\"wp-caption alignleft\"><img loading=\"lazy\" decoding=\"async\" class=\"wp-image-44613 size-full\" src=\"https:\/\/www.jornalja.com.br\/wp-content\/uploads\/2017\/02\/fee-accurso.jpg\" alt=\"fee accurso\" width=\"187\" height=\"124\" \/><figcaption id=\"caption-attachment-44613\" class=\"wp-caption-text\">Accurso foi secret\u00e1rio do Planejamento do governo Pedro Simon (1987-1990)<\/figcaption><\/figure><br \/>\nO iminente desaparecimento da FEE \u00e9 motivo de profundo pesar na comunidade cient\u00edfica do Rio Grande do Sul.<br \/>\nNada simboliza melhor o clima reinante do que a faixa preta atravessada sobre os retratos do patrono da institui\u00e7\u00e3o, economista e deputado Siegfried Heuser (1919-1986), numa das paredes da sala de recep\u00e7\u00e3o da FEE.<br \/>\nSecret\u00e1rio da Fazenda do governo de Leonel Brizola (1959-1962), Heuser foi um dos criadores das brizoletas, que ajudaram a financiar obras p\u00fablicas, especialmente escolas e estradas.<br \/>\nUm dos fundadores do MDB, ele foi cassado em 1969 pelo governo militar. Quase esquecido pelos emedebistas modernos, Heuser \u00e9 nome de pra\u00e7a em Santa Cruz do Sul, sua terra natal.<br \/>\nCriada em 1973, a FEE herdou dados levantados havia d\u00e9cadas por antigos departamentos do governo estadual.<br \/>\nTeve entre seus primeiros funcion\u00e1rios concursados a economista Dilma Rousseff, que manteve o v\u00ednculo funcional original enquanto fazia carreira como executiva no munic\u00edpio, no estado e no governo federal.<br \/>\nMisto riograndense do IBGE com o IPEA, a institui\u00e7\u00e3o da Duque foi ber\u00e7o de outros secret\u00e1rios da Fazenda, como os economistas Cezar Busatto, do governo Antonio Britto (1995-1998), e Aod Cunha, que serviu ao governo Yeda Crusius (2007-2010).<br \/>\nNa maior parte do tempo, at\u00e9 porque nasceu em plena ditadura militar, foi um reduto de pensamentos cr\u00edticos que atraiu dezenas de formuladores de pol\u00edticas p\u00fablicas.<br \/>\nA qualidade de sua produ\u00e7\u00e3o est\u00e1 expl\u00edcita em livros como a trilogia <em>Tr\u00eas D\u00e9cadas da Economia Ga\u00facha<\/em> (2010), com 980 p\u00e1ginas sobre o movimento da produ\u00e7\u00e3o, as mudan\u00e7as ambientais e a evolu\u00e7\u00e3o social do Estado.<br \/>\nDos seus 129 especialistas atuais, todos concursados, o governo promete cortar 101 cabe\u00e7as regidas pela Consolida\u00e7\u00e3o das Leis do Trabalho (CLT). Os restantes, regidos pelo estatuto de funcionalismo, ficar\u00e3o \u00e0 disposi\u00e7\u00e3o da Secretaria do Planejamento.<br \/>\nDos 28 servidores estatut\u00e1rios indemiss\u00edveis, 16 t\u00eam mais de 60 anos, portanto, podem aposentar-se a qualquer momento. \u00c9 claro que os 12 restantes n\u00e3o poder\u00e3o tocar todas as tarefas da FEE.<br \/>\nEmbora tenha um or\u00e7amento anual considerado baixo &#8212; R$ 32 milh\u00f5es (0,05% das despesas do estado) &#8211;, a FEE foi cortada porque, pelas contas oficiais, geraria uma economia estimada em R$ 18 milh\u00f5es.<br \/>\nDocumentos produzidos pela pr\u00f3pria FEE indicam que a contrata\u00e7\u00e3o de servi\u00e7os particulares para suprir sua lacuna dever\u00e1 custar mais do que a manuten\u00e7\u00e3o do \u00f3rg\u00e3o oficial especializado. \u00a0Acrescente-se que a FEE j\u00e1 vinha fazendo economia e buscando recursos extraor\u00e7ament\u00e1rios junto a institui\u00e7\u00f5es de fomento.<br \/>\nSegundo o dossi\u00ea<em> Em Defesa da FEE<\/em>, encaminhado aos deputados estaduais que votaram pela extin\u00e7\u00e3o das funda\u00e7\u00f5es, o tiro vai sair pela culatra.<br \/>\n\u201cA economia alegada de R$ 18 milh\u00f5es anuais n\u00e3o considera todos os projetos estrat\u00e9gicos que a FEE desenvolve e que custariam milh\u00f5es\u201d, diz o documento, lembrando que os estudos, estat\u00edsticas e indicadores levantados pela FEE n\u00e3o poderiam ser feitos pela iniciativa privada, \u201cpois esta se vale dos dados da FEE para a maioria dos seus trabalhos.\u201d<br \/>\nPor suas obriga\u00e7\u00f5es e responsabilidades, o pessoal da FEE n\u00e3o esperava ser inclu\u00eddo na dr\u00e1stica poda oficial. At\u00e9 a chegada do governo Sartori, a casa da Duque vinha animada por demandas de \u00f3rg\u00e3os p\u00fablicos e parcerias em diversos campos.<br \/>\nA \u201cabertura\u201d foi iniciada por um advent\u00edcio, o economista Igor Moraes. Nomeado por Sartori, Moraes deixou o cargo para fazer um p\u00f3s-doutorado nos EUA &#8212; assunto: as crises c\u00edclicas do capitalismo.<br \/>\nEm seu lugar ficou outro estranho no ninho, o soci\u00f3logo rural Jos\u00e9 Reovaldo Oltramari, egresso da Secretaria do Planejamento.<br \/>\nEVAS\u00c3O DE C\u00c9REBROS<br \/>\nSe for confirmada a extin\u00e7\u00e3o da FEE, o Rio Grande do Sul dever\u00e1 assistir a uma nova onda de evas\u00e3o de c\u00e9rebros. Um dos que premeditam buscar coloca\u00e7\u00e3o em S\u00e3o Paulo \u00e9 o economista Rodrigo Daniel Feix, 35 anos, coordenador do N\u00facleo de Estudos do Agroneg\u00f3cio, composto por quatro t\u00e9cnicos.<br \/>\nEstatisticamente, ele representa apenas 1% dos descartados, mas na realidade \u00e9 um t\u00edpico \u201ccientista prata da casa\u201d: come\u00e7ou como aprendiz no \u201cch\u00e3o da f\u00e1brica\u201d da John Deere em Horizontina, fez o curso t\u00e9cnico de torneiro-mec\u00e2nico antes de cursar economia na UFRGS.<br \/>\nCom mestrado em economia rural pela Escola Superior de Agricultura Luiz de Queiroz, de Piracicaba, est\u00e1 se organizando para fazer doutorado na UFRGS.<br \/>\nSe o n\u00facleo de agroneg\u00f3cio fechar, ser\u00e3o interrompidas parcerias com a Emater, Instituto Ga\u00facho do Leite e Dieese, este para levantamento de dados sobre emprego e desemprego.<br \/>\nAl\u00e9m dos quatro especialistas do n\u00facleo do agroneg\u00f3cio, a FEE possui em outros n\u00facleos mais quatro pesquisadores com trabalhos voltados para a economia rural. Segundo um dos \u00faltimos estudos da FEE, o agro mant\u00e9m 325 mil empregos formais no Rio Grande do Sul.<\/p>\n","protected":false},"excerpt":{"rendered":"<p>Geraldo Hasse Cometer\u00e1 um erro elementar quem julgar o trabalho da Funda\u00e7\u00e3o de Economia e Estat\u00edstica pela apar\u00eancia singela de sua sede na rua Duque de Caxias 1691. Esse sobrado dos anos 1920 voltado para a antiga Pra\u00e7a do Port\u00e3o, hoje Conde de Porto Alegre, foi resid\u00eancia antes de se tornar o escrit\u00f3rio de um [&hellip;]<\/p>\n","protected":false},"author":4,"featured_media":44611,"comment_status":"open","ping_status":"closed","sticky":false,"template":"","format":"standard","meta":{"_jetpack_newsletter_access":"","_jetpack_dont_email_post_to_subs":false,"_jetpack_newsletter_tier_id":0,"_jetpack_memberships_contains_paywalled_content":false,"_jetpack_feature_clip_id":0,"_jetpack_memberships_contains_paid_content":false,"footnotes":"","jetpack_post_was_ever_published":false},"categories":[26],"tags":[],"class_list":["post-44607","post","type-post","status-publish","format-standard","has-post-thumbnail","hentry","category-geral"],"aioseo_notices":[],"aioseo_head":"\n\t\t<!-- All in One SEO 5.0.1.1 - aioseo.com -->\n\t<meta name=\"robots\" content=\"max-image-preview:large\" \/>\n\t<meta name=\"author\" content=\"da Reda\u00e7\u00e3o\"\/>\n\t<link rel=\"canonical\" href=\"https:\/\/www.jornalja.com.br\/arquivo\/casarao-da-duque-esconde-uma-usina-de-ideias\/\" \/>\n\t<meta name=\"generator\" content=\"All in One SEO (AIOSEO) 5.0.1.1\" \/>\n\t\t<meta property=\"og:locale\" content=\"pt_BR\" \/>\n\t\t<meta property=\"og:site_name\" content=\"Arquivo | Jornal J\u00c1 | Porto Alegre\" \/>\n\t\t<meta property=\"og:type\" content=\"article\" \/>\n\t\t<meta property=\"og:title\" content=\"Casar\u00e3o da Duque esconde uma usina de ideias | Arquivo\" \/>\n\t\t<meta property=\"og:url\" content=\"https:\/\/www.jornalja.com.br\/arquivo\/casarao-da-duque-esconde-uma-usina-de-ideias\/\" \/>\n\t\t<meta property=\"og:image\" content=\"https:\/\/www.jornalja.com.br\/wp-content\/uploads\/2017\/02\/fee-brum-torres.jpg\" \/>\n\t\t<meta property=\"og:image:secure_url\" content=\"https:\/\/www.jornalja.com.br\/wp-content\/uploads\/2017\/02\/fee-brum-torres.jpg\" \/>\n\t\t<meta property=\"article:published_time\" content=\"2017-02-14T20:34:48+00:00\" \/>\n\t\t<meta property=\"article:modified_time\" content=\"2017-02-14T20:34:48+00:00\" \/>\n\t\t<meta name=\"twitter:card\" content=\"summary\" \/>\n\t\t<meta name=\"twitter:title\" content=\"Casar\u00e3o da Duque esconde uma usina de ideias | Arquivo\" \/>\n\t\t<meta name=\"twitter:image\" content=\"https:\/\/www.jornalja.com.br\/economics\/wp-content\/uploads\/sites\/11\/2026\/08\/ja-folhaderosto-facebook.jpg\" \/>\n\t\t<script type=\"application\/ld+json\" class=\"aioseo-schema\">\n\t\t\t{\"@context\":\"https:\\\/\\\/schema.org\",\"@graph\":[{\"@type\":\"BlogPosting\",\"@id\":\"https:\\\/\\\/www.jornalja.com.br\\\/arquivo\\\/casarao-da-duque-esconde-uma-usina-de-ideias\\\/#blogposting\",\"name\":\"Casar\\u00e3o da Duque esconde uma usina de ideias | Arquivo\",\"headline\":\"Casar\\u00e3o da Duque esconde uma usina de ideias\",\"author\":{\"@id\":\"https:\\\/\\\/www.jornalja.com.br\\\/arquivo\\\/author\\\/daredacao\\\/#author\"},\"publisher\":{\"@id\":\"https:\\\/\\\/www.jornalja.com.br\\\/arquivo\\\/#organization\"},\"image\":{\"@type\":\"ImageObject\",\"url\":44611},\"datePublished\":\"2017-02-14T17:34:48-02:00\",\"dateModified\":\"2017-02-14T17:34:48-02:00\",\"inLanguage\":\"pt-BR\",\"mainEntityOfPage\":{\"@id\":\"https:\\\/\\\/www.jornalja.com.br\\\/arquivo\\\/casarao-da-duque-esconde-uma-usina-de-ideias\\\/#webpage\"},\"isPartOf\":{\"@id\":\"https:\\\/\\\/www.jornalja.com.br\\\/arquivo\\\/casarao-da-duque-esconde-uma-usina-de-ideias\\\/#webpage\"},\"articleSection\":\"Geral\"},{\"@type\":\"BreadcrumbList\",\"@id\":\"https:\\\/\\\/www.jornalja.com.br\\\/arquivo\\\/casarao-da-duque-esconde-uma-usina-de-ideias\\\/#breadcrumblist\",\"itemListElement\":[{\"@type\":\"ListItem\",\"@id\":\"https:\\\/\\\/www.jornalja.com.br\\\/arquivo#listItem\",\"position\":1,\"name\":\"Home\",\"item\":\"https:\\\/\\\/www.jornalja.com.br\\\/arquivo\",\"nextItem\":{\"@type\":\"ListItem\",\"@id\":\"https:\\\/\\\/www.jornalja.com.br\\\/arquivo\\\/category\\\/geral\\\/#listItem\",\"name\":\"Geral\"}},{\"@type\":\"ListItem\",\"@id\":\"https:\\\/\\\/www.jornalja.com.br\\\/arquivo\\\/category\\\/geral\\\/#listItem\",\"position\":2,\"name\":\"Geral\",\"item\":\"https:\\\/\\\/www.jornalja.com.br\\\/arquivo\\\/category\\\/geral\\\/\",\"nextItem\":{\"@type\":\"ListItem\",\"@id\":\"https:\\\/\\\/www.jornalja.com.br\\\/arquivo\\\/casarao-da-duque-esconde-uma-usina-de-ideias\\\/#listItem\",\"name\":\"Casar\\u00e3o da Duque esconde uma usina de ideias\"},\"previousItem\":{\"@type\":\"ListItem\",\"@id\":\"https:\\\/\\\/www.jornalja.com.br\\\/arquivo#listItem\",\"name\":\"Home\"}},{\"@type\":\"ListItem\",\"@id\":\"https:\\\/\\\/www.jornalja.com.br\\\/arquivo\\\/casarao-da-duque-esconde-uma-usina-de-ideias\\\/#listItem\",\"position\":3,\"name\":\"Casar\\u00e3o da Duque esconde uma usina de ideias\",\"previousItem\":{\"@type\":\"ListItem\",\"@id\":\"https:\\\/\\\/www.jornalja.com.br\\\/arquivo\\\/category\\\/geral\\\/#listItem\",\"name\":\"Geral\"}}]},{\"@type\":\"Organization\",\"@id\":\"https:\\\/\\\/www.jornalja.com.br\\\/arquivo\\\/#organization\",\"name\":\"Jornal J\\u00c1\",\"description\":\"Jornal J\\u00c1 | Porto Alegre\",\"url\":\"https:\\\/\\\/www.jornalja.com.br\\\/arquivo\\\/\",\"telephone\":\"+555133307272\",\"logo\":{\"@type\":\"ImageObject\",\"url\":\"https:\\\/\\\/www.jornalja.com.br\\\/wp-content\\\/uploads\\\/cards\\\/JAslogan.png\",\"@id\":\"https:\\\/\\\/www.jornalja.com.br\\\/arquivo\\\/casarao-da-duque-esconde-uma-usina-de-ideias\\\/#organizationLogo\"},\"image\":{\"@id\":\"https:\\\/\\\/www.jornalja.com.br\\\/arquivo\\\/casarao-da-duque-esconde-uma-usina-de-ideias\\\/#organizationLogo\"}},{\"@type\":\"Person\",\"@id\":\"https:\\\/\\\/www.jornalja.com.br\\\/arquivo\\\/author\\\/daredacao\\\/#author\",\"url\":\"https:\\\/\\\/www.jornalja.com.br\\\/arquivo\\\/author\\\/daredacao\\\/\",\"name\":\"da Reda\\u00e7\\u00e3o\",\"image\":{\"@type\":\"ImageObject\",\"@id\":\"https:\\\/\\\/www.jornalja.com.br\\\/arquivo\\\/casarao-da-duque-esconde-uma-usina-de-ideias\\\/#authorImage\",\"url\":\"https:\\\/\\\/secure.gravatar.com\\\/avatar\\\/469fd857d6605ad19919d27ed29d35a968a25f6e8fd9318356bbb7f57aae9c65?s=96&d=mm&r=g\",\"width\":96,\"height\":96,\"caption\":\"da Reda\\u00e7\\u00e3o\"}},{\"@type\":\"WebPage\",\"@id\":\"https:\\\/\\\/www.jornalja.com.br\\\/arquivo\\\/casarao-da-duque-esconde-uma-usina-de-ideias\\\/#webpage\",\"url\":\"https:\\\/\\\/www.jornalja.com.br\\\/arquivo\\\/casarao-da-duque-esconde-uma-usina-de-ideias\\\/\",\"name\":\"Casar\\u00e3o da Duque esconde uma usina de ideias | Arquivo\",\"inLanguage\":\"pt-BR\",\"isPartOf\":{\"@id\":\"https:\\\/\\\/www.jornalja.com.br\\\/arquivo\\\/#website\"},\"breadcrumb\":{\"@id\":\"https:\\\/\\\/www.jornalja.com.br\\\/arquivo\\\/casarao-da-duque-esconde-uma-usina-de-ideias\\\/#breadcrumblist\"},\"author\":{\"@id\":\"https:\\\/\\\/www.jornalja.com.br\\\/arquivo\\\/author\\\/daredacao\\\/#author\"},\"creator\":{\"@id\":\"https:\\\/\\\/www.jornalja.com.br\\\/arquivo\\\/author\\\/daredacao\\\/#author\"},\"image\":{\"@type\":\"ImageObject\",\"url\":44611,\"@id\":\"https:\\\/\\\/www.jornalja.com.br\\\/arquivo\\\/casarao-da-duque-esconde-uma-usina-de-ideias\\\/#mainImage\"},\"primaryImageOfPage\":{\"@id\":\"https:\\\/\\\/www.jornalja.com.br\\\/arquivo\\\/casarao-da-duque-esconde-uma-usina-de-ideias\\\/#mainImage\"},\"datePublished\":\"2017-02-14T17:34:48-02:00\",\"dateModified\":\"2017-02-14T17:34:48-02:00\"},{\"@type\":\"WebSite\",\"@id\":\"https:\\\/\\\/www.jornalja.com.br\\\/arquivo\\\/#website\",\"url\":\"https:\\\/\\\/www.jornalja.com.br\\\/arquivo\\\/\",\"name\":\"Arquivo\",\"description\":\"Jornal J\\u00c1 | Porto Alegre\",\"inLanguage\":\"pt-BR\",\"publisher\":{\"@id\":\"https:\\\/\\\/www.jornalja.com.br\\\/arquivo\\\/#organization\"}}]}\n\t\t<\/script>\n\t\t<!-- All in One SEO -->\n\n","aioseo_head_json":{"title":"Casar\u00e3o da Duque esconde uma usina de ideias | Arquivo","description":"","canonical_url":"https:\/\/www.jornalja.com.br\/arquivo\/casarao-da-duque-esconde-uma-usina-de-ideias\/","robots":"max-image-preview:large","keywords":"","webmasterTools":{"miscellaneous":""},"schema":{"@context":"https:\/\/schema.org","@graph":[{"@type":"BlogPosting","@id":"https:\/\/www.jornalja.com.br\/arquivo\/casarao-da-duque-esconde-uma-usina-de-ideias\/#blogposting","name":"Casar\u00e3o da Duque esconde uma usina de ideias | Arquivo","headline":"Casar\u00e3o da Duque esconde uma usina de ideias","author":{"@id":"https:\/\/www.jornalja.com.br\/arquivo\/author\/daredacao\/#author"},"publisher":{"@id":"https:\/\/www.jornalja.com.br\/arquivo\/#organization"},"image":{"@type":"ImageObject","url":44611},"datePublished":"2017-02-14T17:34:48-02:00","dateModified":"2017-02-14T17:34:48-02:00","inLanguage":"pt-BR","mainEntityOfPage":{"@id":"https:\/\/www.jornalja.com.br\/arquivo\/casarao-da-duque-esconde-uma-usina-de-ideias\/#webpage"},"isPartOf":{"@id":"https:\/\/www.jornalja.com.br\/arquivo\/casarao-da-duque-esconde-uma-usina-de-ideias\/#webpage"},"articleSection":"Geral"},{"@type":"BreadcrumbList","@id":"https:\/\/www.jornalja.com.br\/arquivo\/casarao-da-duque-esconde-uma-usina-de-ideias\/#breadcrumblist","itemListElement":[{"@type":"ListItem","@id":"https:\/\/www.jornalja.com.br\/arquivo#listItem","position":1,"name":"Home","item":"https:\/\/www.jornalja.com.br\/arquivo","nextItem":{"@type":"ListItem","@id":"https:\/\/www.jornalja.com.br\/arquivo\/category\/geral\/#listItem","name":"Geral"}},{"@type":"ListItem","@id":"https:\/\/www.jornalja.com.br\/arquivo\/category\/geral\/#listItem","position":2,"name":"Geral","item":"https:\/\/www.jornalja.com.br\/arquivo\/category\/geral\/","nextItem":{"@type":"ListItem","@id":"https:\/\/www.jornalja.com.br\/arquivo\/casarao-da-duque-esconde-uma-usina-de-ideias\/#listItem","name":"Casar\u00e3o da Duque esconde uma usina de ideias"},"previousItem":{"@type":"ListItem","@id":"https:\/\/www.jornalja.com.br\/arquivo#listItem","name":"Home"}},{"@type":"ListItem","@id":"https:\/\/www.jornalja.com.br\/arquivo\/casarao-da-duque-esconde-uma-usina-de-ideias\/#listItem","position":3,"name":"Casar\u00e3o da Duque esconde uma usina de ideias","previousItem":{"@type":"ListItem","@id":"https:\/\/www.jornalja.com.br\/arquivo\/category\/geral\/#listItem","name":"Geral"}}]},{"@type":"Organization","@id":"https:\/\/www.jornalja.com.br\/arquivo\/#organization","name":"Jornal J\u00c1","description":"Jornal J\u00c1 | Porto Alegre","url":"https:\/\/www.jornalja.com.br\/arquivo\/","telephone":"+555133307272","logo":{"@type":"ImageObject","url":"https:\/\/www.jornalja.com.br\/wp-content\/uploads\/cards\/JAslogan.png","@id":"https:\/\/www.jornalja.com.br\/arquivo\/casarao-da-duque-esconde-uma-usina-de-ideias\/#organizationLogo"},"image":{"@id":"https:\/\/www.jornalja.com.br\/arquivo\/casarao-da-duque-esconde-uma-usina-de-ideias\/#organizationLogo"}},{"@type":"Person","@id":"https:\/\/www.jornalja.com.br\/arquivo\/author\/daredacao\/#author","url":"https:\/\/www.jornalja.com.br\/arquivo\/author\/daredacao\/","name":"da Reda\u00e7\u00e3o","image":{"@type":"ImageObject","@id":"https:\/\/www.jornalja.com.br\/arquivo\/casarao-da-duque-esconde-uma-usina-de-ideias\/#authorImage","url":"https:\/\/secure.gravatar.com\/avatar\/469fd857d6605ad19919d27ed29d35a968a25f6e8fd9318356bbb7f57aae9c65?s=96&d=mm&r=g","width":96,"height":96,"caption":"da Reda\u00e7\u00e3o"}},{"@type":"WebPage","@id":"https:\/\/www.jornalja.com.br\/arquivo\/casarao-da-duque-esconde-uma-usina-de-ideias\/#webpage","url":"https:\/\/www.jornalja.com.br\/arquivo\/casarao-da-duque-esconde-uma-usina-de-ideias\/","name":"Casar\u00e3o da Duque esconde uma usina de ideias | Arquivo","inLanguage":"pt-BR","isPartOf":{"@id":"https:\/\/www.jornalja.com.br\/arquivo\/#website"},"breadcrumb":{"@id":"https:\/\/www.jornalja.com.br\/arquivo\/casarao-da-duque-esconde-uma-usina-de-ideias\/#breadcrumblist"},"author":{"@id":"https:\/\/www.jornalja.com.br\/arquivo\/author\/daredacao\/#author"},"creator":{"@id":"https:\/\/www.jornalja.com.br\/arquivo\/author\/daredacao\/#author"},"image":{"@type":"ImageObject","url":44611,"@id":"https:\/\/www.jornalja.com.br\/arquivo\/casarao-da-duque-esconde-uma-usina-de-ideias\/#mainImage"},"primaryImageOfPage":{"@id":"https:\/\/www.jornalja.com.br\/arquivo\/casarao-da-duque-esconde-uma-usina-de-ideias\/#mainImage"},"datePublished":"2017-02-14T17:34:48-02:00","dateModified":"2017-02-14T17:34:48-02:00"},{"@type":"WebSite","@id":"https:\/\/www.jornalja.com.br\/arquivo\/#website","url":"https:\/\/www.jornalja.com.br\/arquivo\/","name":"Arquivo","description":"Jornal J\u00c1 | Porto Alegre","inLanguage":"pt-BR","publisher":{"@id":"https:\/\/www.jornalja.com.br\/arquivo\/#organization"}}]},"og:locale":"pt_BR","og:site_name":"Arquivo | Jornal J\u00c1 | Porto Alegre","og:type":"article","og:title":"Casar\u00e3o da Duque esconde uma usina de ideias | Arquivo","og:url":"https:\/\/www.jornalja.com.br\/arquivo\/casarao-da-duque-esconde-uma-usina-de-ideias\/","og:image":"https:\/\/www.jornalja.com.br\/wp-content\/uploads\/2017\/02\/fee-brum-torres.jpg","og:image:secure_url":"https:\/\/www.jornalja.com.br\/wp-content\/uploads\/2017\/02\/fee-brum-torres.jpg","article:published_time":"2017-02-14T20:34:48+00:00","article:modified_time":"2017-02-14T20:34:48+00:00","twitter:card":"summary","twitter:title":"Casar\u00e3o da Duque esconde uma usina de ideias | Arquivo","twitter:image":"https:\/\/www.jornalja.com.br\/economics\/wp-content\/uploads\/sites\/11\/2026\/08\/ja-folhaderosto-facebook.jpg"},"aioseo_meta_data":{"post_id":"44607","title":null,"description":null,"keywords":null,"keyphrases":null,"primary_term":null,"canonical_url":null,"og_title":null,"og_description":null,"og_object_type":"default","og_image_type":"default","og_image_url":null,"og_image_width":null,"og_image_height":null,"og_image_custom_url":null,"og_image_custom_fields":null,"og_video":null,"og_custom_url":null,"og_article_section":null,"og_article_tags":null,"twitter_use_og":false,"twitter_card":"default","twitter_image_type":"default","twitter_image_url":null,"twitter_image_custom_url":null,"twitter_image_custom_fields":null,"twitter_title":null,"twitter_description":null,"schema":{"blockGraphs":[],"customGraphs":[],"default":{"data":{"Article":[],"Course":[],"Dataset":[],"FAQPage":[],"Movie":[],"Person":[],"Product":[],"ProductReview":[],"Car":[],"Recipe":[],"Service":[],"SoftwareApplication":[],"WebPage":[]},"graphName":"","isEnabled":true},"graphs":[],"defaultGraph":"","defaultPostTypeGraph":""},"schema_type":null,"schema_type_options":null,"pillar_content":false,"robots_default":true,"robots_noindex":false,"robots_noarchive":false,"robots_nosnippet":false,"robots_nofollow":false,"robots_noimageindex":false,"robots_noodp":false,"robots_notranslate":false,"robots_max_snippet":null,"robots_max_videopreview":null,"robots_max_imagepreview":"large","priority":null,"frequency":null,"location":null,"local_seo":null,"breadcrumb_settings":null,"limit_modified_date":false,"ai":null,"created":"2020-12-20 20:40:47","updated":"2025-07-19 19:56:18","seo_analyzer_scan_date":null,"focus_keyword":null,"additional_keywords":null,"truseo_locale":null},"jetpack_sharing_enabled":true,"jetpack-related-posts":[{"id":5440,"url":"https:\/\/www.jornalja.com.br\/arquivo\/casarao-da-venancio-destino-permanece-incerto\/","url_meta":{"origin":44607,"position":0},"title":"Estado ainda n\u00e3o sabe o que fazer com casar\u00e3o abandonado h\u00e1 20 anos","author":"Elmar Bones","date":"6 de julho de 2009","format":false,"excerpt":"O casar\u00e3o amarelo, numa esquina nobre de Porto Alegre (Ven\u00e2ncio Aires com Jo\u00e3o Pessoa), j\u00e1 abrigou uma escola. H\u00e1 duas d\u00e9cadas, pelo menos, est\u00e1 abandonado, porque seu propriet\u00e1rio, o governo do Estado do Rio Grande do Sul, n\u00e3o consegue achar um destino para ele. Planos n\u00e3o faltaram. O governador Ol\u00edvio\u2026","rel":"","context":"Em &quot;X.Categorias velhas&quot;","block_context":{"text":"X.Categorias velhas","link":"https:\/\/www.jornalja.com.br\/arquivo\/category\/x-categorias-velhas\/"},"img":{"alt_text":"geraldo1","src":"https:\/\/i0.wp.com\/www.jornalja.com.br\/wp-content\/uploads\/2009\/07\/geraldo1.jpg?resize=350%2C200&ssl=1","width":350,"height":200},"classes":[]},{"id":13124,"url":"https:\/\/www.jornalja.com.br\/arquivo\/sangue-latino-no-iecine\/","url_meta":{"origin":44607,"position":1},"title":"Sangue latino no IECINE","author":"da Reda\u00e7\u00e3o","date":"18 de maio de 2014","format":false,"excerpt":"Francisco Ribeiro O Instituto Estadual de Cinema (IECINE) tem a frente, desde abril \u00faltimo, um novo diretor, o cineasta colombiano Juan Zapata, 36, que substitui Luiz Alberto Cassol. Radicado h\u00e1 dez anos em Porto Alegre, Zapata tem diante de si o desafio de conduzir at\u00e9 o final do ano um\u2026","rel":"","context":"Em &quot;Cultura-Geral&quot;","block_context":{"text":"Cultura-Geral","link":"https:\/\/www.jornalja.com.br\/arquivo\/category\/materiasecundaria\/"},"img":{"alt_text":"","src":"","width":0,"height":0},"classes":[]},{"id":13240,"url":"https:\/\/www.jornalja.com.br\/arquivo\/plano-diretor-estamos-construindo-o-caos\/","url_meta":{"origin":44607,"position":2},"title":"Plano diretor: &quot;Estamos construindo o caos&quot;","author":"Patr\u00edcia Marini","date":"26 de maio de 2014","format":false,"excerpt":"Desabafo que arquiteta Eliana Castilhos, delegada da Regi\u00e3o de Planejamento 1, postou nas redes sociais \u00e9 um testemunho do ambiente que se criou no Conselho do Plano Diretor de Porto Alegre, onde a aprova\u00e7\u00e3o de grandes empreendimentos \u00e9 empurrada guela abaixo dos conselheiros. Ao CMDUA Como delegada da Regi\u00e3o de\u2026","rel":"","context":"Em &quot;Geral&quot;","block_context":{"text":"Geral","link":"https:\/\/www.jornalja.com.br\/arquivo\/category\/geral\/"},"img":{"alt_text":"","src":"","width":0,"height":0},"classes":[]},{"id":14241,"url":"https:\/\/www.jornalja.com.br\/arquivo\/o-guaiba-nas-imagens-poeticas-de-achutti\/","url_meta":{"origin":44607,"position":3},"title":"O Gua\u00edba nas imagens po\u00e9ticas de Achutti","author":"da Reda\u00e7\u00e3o","date":"18 de junho de 2014","format":false,"excerpt":"Em \u201cO Gua\u00edba por Achutti\u201d \u2013 obra financiada via Minist\u00e9rio da Cultura, produ\u00e7\u00e3o executiva de Pedro Longhi, e Fl\u00e1vio Wild como designer \u2013, o fot\u00f3grafo revela a beleza e as mazelas de um espa\u00e7o aqu\u00e1tico de \u00e1guas sempre renovadas, cheio de hist\u00f3rias e lendas como as das cidades que foram\u2026","rel":"","context":"Em &quot;Cultura-Geral&quot;","block_context":{"text":"Cultura-Geral","link":"https:\/\/www.jornalja.com.br\/arquivo\/category\/materiasecundaria\/"},"img":{"alt_text":"","src":"","width":0,"height":0},"classes":[]},{"id":1280,"url":"https:\/\/www.jornalja.com.br\/arquivo\/o-menino-que-se-tornou-brizola\/","url_meta":{"origin":44607,"position":4},"title":"O Menino que se Tornou Brizola","author":"da Reda\u00e7\u00e3o","date":"28 de julho de 2008","format":false,"excerpt":"Autor: Cleber Dioni A vida de Leonel Brizola, com \u00eanfase para os primeiros anos em Porto Alegre, at\u00e9 o ex\u00edlio no Uruguai e a volta, quinze anos depois. \u00a0\"...\u00c9ramos todos jovens e nos identific\u00e1vamos com aquela massa an\u00f4nima a percorrer as ruas de Porto Alegre, gritando 'Get\u00falio', 'Get\u00falio' e empunhando\u2026","rel":"","context":"Em &quot;Livros&quot;","block_context":{"text":"Livros","link":"https:\/\/www.jornalja.com.br\/arquivo\/category\/livros\/"},"img":{"alt_text":"","src":"https:\/\/i0.wp.com\/www.jornalja.com.br\/wp-content\/uploads\/2008\/07\/brizola.gif?resize=350%2C200&ssl=1","width":350,"height":200},"classes":[]},{"id":13101,"url":"https:\/\/www.jornalja.com.br\/arquivo\/morre-um-guerreiro-do-texto\/","url_meta":{"origin":44607,"position":5},"title":"Morre um guerreiro do texto","author":"Patr\u00edcia Marini","date":"14 de maio de 2014","format":false,"excerpt":"Por Ricardo Kotscho Reproduzido do blog do autor, 11\/5\/2014; t\u00edtulo original \u201cE l\u00e1 se foi o nosso Myltainho, guerreiro do texto\u201d. Mi\u00fado e franzino, meu amigo Myltainho era um valente e inconformado guerreiro na luta contra as injusti\u00e7as sociais, a hipocrisia, as maracutaias, o autoritarismo, a intoler\u00e2ncia, a viol\u00eancia, o\u2026","rel":"","context":"Em &quot;Geral&quot;","block_context":{"text":"Geral","link":"https:\/\/www.jornalja.com.br\/arquivo\/category\/geral\/"},"img":{"alt_text":"","src":"","width":0,"height":0},"classes":[]}],"jetpack_shortlink":"https:\/\/wp.me\/pbQjBd-bBt","jetpack_featured_media_url":"","_links":{"self":[{"href":"https:\/\/www.jornalja.com.br\/arquivo\/wp-json\/wp\/v2\/posts\/44607","targetHints":{"allow":["GET"]}}],"collection":[{"href":"https:\/\/www.jornalja.com.br\/arquivo\/wp-json\/wp\/v2\/posts"}],"about":[{"href":"https:\/\/www.jornalja.com.br\/arquivo\/wp-json\/wp\/v2\/types\/post"}],"author":[{"embeddable":true,"href":"https:\/\/www.jornalja.com.br\/arquivo\/wp-json\/wp\/v2\/users\/4"}],"replies":[{"embeddable":true,"href":"https:\/\/www.jornalja.com.br\/arquivo\/wp-json\/wp\/v2\/comments?post=44607"}],"version-history":[{"count":0,"href":"https:\/\/www.jornalja.com.br\/arquivo\/wp-json\/wp\/v2\/posts\/44607\/revisions"}],"wp:attachment":[{"href":"https:\/\/www.jornalja.com.br\/arquivo\/wp-json\/wp\/v2\/media?parent=44607"}],"wp:term":[{"taxonomy":"category","embeddable":true,"href":"https:\/\/www.jornalja.com.br\/arquivo\/wp-json\/wp\/v2\/categories?post=44607"},{"taxonomy":"post_tag","embeddable":true,"href":"https:\/\/www.jornalja.com.br\/arquivo\/wp-json\/wp\/v2\/tags?post=44607"}],"curies":[{"name":"wp","href":"https:\/\/api.w.org\/{rel}","templated":true}]}}