{"id":44615,"date":"2017-02-14T19:45:36","date_gmt":"2017-02-14T22:45:36","guid":{"rendered":"https:\/\/www.jornalja.com.br\/?p=44615"},"modified":"2017-02-14T19:45:36","modified_gmt":"2017-02-14T22:45:36","slug":"vereadores-vao-a-marchezan-pedir-esclarecimentos-sobre-a-tarifa","status":"publish","type":"post","link":"https:\/\/www.jornalja.com.br\/arquivo\/vereadores-vao-a-marchezan-pedir-esclarecimentos-sobre-a-tarifa\/","title":{"rendered":"Vereadores v\u00e3o a Marchezan pedir esclarecimentos sobre a tarifa"},"content":{"rendered":"<p>O reajuste da tarifa do transporte coletivo em Porto Alegre foi o tema dos vereadores nas comiss\u00f5es de Defesa do Consumidor, Direitos Humanos e Seguran\u00e7a Urbana (Cedecondh) e Urbaniza\u00e7\u00e3o, Transportes e Habita\u00e7\u00e3o (Cuthab), nesta ter\u00e7a-feira, 14.<br \/>\nEles decidiram pedir uma audi\u00eancia com o prefeito Nelson Marchezan Junior para esclarecer as d\u00favidas: &#8220;H\u00e1 itens que comp\u00f5e a passagem e que precisam ser discutidos com o prefeito, pois n\u00e3o est\u00e3o na pesquisa sobre a tarifa que a Prefeitura fez&#8221;, argumentou o presidente da\u00a0Cedecondh, o vereador Marcelo Sgarbossa (PT).<br \/>\nSgarbossa se refere, por exemplo, \u00e0s receitas extraordin\u00e1rias, como a publicidade nos \u00f4nibus, que n\u00e3o aparecem na composi\u00e7\u00e3o da passagem. &#8220;Por que a op\u00e7\u00e3o de ar-condicionado tamb\u00e9m n\u00e3o est\u00e1 na pesquisa?&#8221; perguntou o vereador.<br \/>\n<strong>Representante da Prefeitura admite passagem cara<\/strong><br \/>\nO \u00fanico representante da Prefeitura, o gerente de Planejamento e Transporte da Empresa P\u00fablica de Transporte e Circula\u00e7\u00e3o (EPTC), Fl\u00e1vio Ant\u00f4nio Tumelero, falou sobre o tema. &#8220;A passagem \u00e9 cara&#8221;, admitiu Tumelero. Ele lembrou que para a Prefeitura o c\u00e1lculo n\u00e3o \u00e9 R$ 4,30, e sim entre R$ 3,95 e R$ 4,05, o que depende da negocia\u00e7\u00e3o do diss\u00eddio dos rodovi\u00e1rios.<br \/>\nFl\u00e1vio sustentou que uma das raz\u00f5es para o aumento da passagem \u00a0foi a redu\u00e7\u00e3o do n\u00fameros de passageiros. &#8220;Houve uma queda de 10,5% em 2016&#8221;, disse o diretor.<br \/>\nRepresentantes de movimentos sociais e cidad\u00e3os falaram e fizeram\u00a0perguntas ao gerente da EPTC.<br \/>\nCriticaram a m\u00e1 qualidade dos ve\u00edculos, \u00a0a demora nas paradas e a diminui\u00e7\u00e3o da tabela de hor\u00e1rios de algumas linhas.<br \/>\nO representante da Prefeitura disse que a m\u00e9dia da idade da frota \u00e9 5,8 anos e que 34% da frota (1.670 \u00f4nibus) possui ar-condicionado. &#8220;Estamos com 73% da frota com acesso a cadeirantes e 10% s\u00e3o ve\u00edculos articulados (maiores)&#8221;, ressaltou.<br \/>\nQuanto \u00e0 diminui\u00e7\u00e3o das linhas, Fl\u00e1vio disse que apenas 30 linhas tiveram suas tabelas alteradas devido ao baixo movimento em alguns hor\u00e1rios.<br \/>\n&nbsp;<\/p>\n","protected":false},"excerpt":{"rendered":"<p>O reajuste da tarifa do transporte coletivo em Porto Alegre foi o tema dos vereadores nas comiss\u00f5es de Defesa do Consumidor, Direitos Humanos e Seguran\u00e7a Urbana (Cedecondh) e Urbaniza\u00e7\u00e3o, Transportes e Habita\u00e7\u00e3o (Cuthab), nesta ter\u00e7a-feira, 14. Eles decidiram pedir uma audi\u00eancia com o prefeito Nelson Marchezan Junior para esclarecer as d\u00favidas: &#8220;H\u00e1 itens que comp\u00f5e [&hellip;]<\/p>\n","protected":false},"author":4,"featured_media":44629,"comment_status":"open","ping_status":"closed","sticky":false,"template":"","format":"standard","meta":{"_jetpack_newsletter_access":"","_jetpack_dont_email_post_to_subs":false,"_jetpack_newsletter_tier_id":0,"_jetpack_memberships_contains_paywalled_content":false,"_jetpack_feature_clip_id":0,"_jetpack_memberships_contains_paid_content":false,"footnotes":"","jetpack_post_was_ever_published":false},"categories":[26],"tags":[],"class_list":["post-44615","post","type-post","status-publish","format-standard","has-post-thumbnail","hentry","category-geral"],"aioseo_notices":[],"aioseo_head":"\n\t\t<!-- All in One SEO 5.0.1.1 - aioseo.com -->\n\t<meta name=\"robots\" content=\"max-image-preview:large\" \/>\n\t<meta name=\"author\" content=\"da Reda\u00e7\u00e3o\"\/>\n\t<link rel=\"canonical\" href=\"https:\/\/www.jornalja.com.br\/arquivo\/vereadores-vao-a-marchezan-pedir-esclarecimentos-sobre-a-tarifa\/\" \/>\n\t<meta name=\"generator\" content=\"All in One SEO (AIOSEO) 5.0.1.1\" \/>\n\t\t<meta property=\"og:locale\" content=\"pt_BR\" \/>\n\t\t<meta property=\"og:site_name\" content=\"Arquivo | Jornal J\u00c1 | Porto Alegre\" \/>\n\t\t<meta property=\"og:type\" content=\"article\" \/>\n\t\t<meta property=\"og:title\" content=\"Vereadores v\u00e3o a Marchezan pedir esclarecimentos sobre a tarifa | Arquivo\" \/>\n\t\t<meta property=\"og:url\" content=\"https:\/\/www.jornalja.com.br\/arquivo\/vereadores-vao-a-marchezan-pedir-esclarecimentos-sobre-a-tarifa\/\" \/>\n\t\t<meta property=\"og:image\" content=\"https:\/\/www.jornalja.com.br\/economics\/wp-content\/uploads\/sites\/11\/2026\/08\/ja-folhaderosto-facebook.jpg\" \/>\n\t\t<meta property=\"og:image:secure_url\" content=\"https:\/\/www.jornalja.com.br\/economics\/wp-content\/uploads\/sites\/11\/2026\/08\/ja-folhaderosto-facebook.jpg\" \/>\n\t\t<meta property=\"article:published_time\" content=\"2017-02-14T22:45:36+00:00\" \/>\n\t\t<meta property=\"article:modified_time\" content=\"2017-02-14T22:45:36+00:00\" \/>\n\t\t<meta name=\"twitter:card\" content=\"summary\" \/>\n\t\t<meta name=\"twitter:title\" content=\"Vereadores v\u00e3o a Marchezan pedir esclarecimentos sobre a tarifa | Arquivo\" \/>\n\t\t<meta name=\"twitter:image\" content=\"https:\/\/www.jornalja.com.br\/economics\/wp-content\/uploads\/sites\/11\/2026\/08\/ja-folhaderosto-facebook.jpg\" \/>\n\t\t<script type=\"application\/ld+json\" class=\"aioseo-schema\">\n\t\t\t{\"@context\":\"https:\\\/\\\/schema.org\",\"@graph\":[{\"@type\":\"BlogPosting\",\"@id\":\"https:\\\/\\\/www.jornalja.com.br\\\/arquivo\\\/vereadores-vao-a-marchezan-pedir-esclarecimentos-sobre-a-tarifa\\\/#blogposting\",\"name\":\"Vereadores v\\u00e3o a Marchezan pedir esclarecimentos sobre a tarifa | Arquivo\",\"headline\":\"Vereadores v\\u00e3o a Marchezan pedir esclarecimentos sobre a tarifa\",\"author\":{\"@id\":\"https:\\\/\\\/www.jornalja.com.br\\\/arquivo\\\/author\\\/daredacao\\\/#author\"},\"publisher\":{\"@id\":\"https:\\\/\\\/www.jornalja.com.br\\\/arquivo\\\/#organization\"},\"image\":{\"@type\":\"ImageObject\",\"url\":44629},\"datePublished\":\"2017-02-14T19:45:36-02:00\",\"dateModified\":\"2017-02-14T19:45:36-02:00\",\"inLanguage\":\"pt-BR\",\"mainEntityOfPage\":{\"@id\":\"https:\\\/\\\/www.jornalja.com.br\\\/arquivo\\\/vereadores-vao-a-marchezan-pedir-esclarecimentos-sobre-a-tarifa\\\/#webpage\"},\"isPartOf\":{\"@id\":\"https:\\\/\\\/www.jornalja.com.br\\\/arquivo\\\/vereadores-vao-a-marchezan-pedir-esclarecimentos-sobre-a-tarifa\\\/#webpage\"},\"articleSection\":\"Geral\"},{\"@type\":\"BreadcrumbList\",\"@id\":\"https:\\\/\\\/www.jornalja.com.br\\\/arquivo\\\/vereadores-vao-a-marchezan-pedir-esclarecimentos-sobre-a-tarifa\\\/#breadcrumblist\",\"itemListElement\":[{\"@type\":\"ListItem\",\"@id\":\"https:\\\/\\\/www.jornalja.com.br\\\/arquivo#listItem\",\"position\":1,\"name\":\"Home\",\"item\":\"https:\\\/\\\/www.jornalja.com.br\\\/arquivo\",\"nextItem\":{\"@type\":\"ListItem\",\"@id\":\"https:\\\/\\\/www.jornalja.com.br\\\/arquivo\\\/category\\\/geral\\\/#listItem\",\"name\":\"Geral\"}},{\"@type\":\"ListItem\",\"@id\":\"https:\\\/\\\/www.jornalja.com.br\\\/arquivo\\\/category\\\/geral\\\/#listItem\",\"position\":2,\"name\":\"Geral\",\"item\":\"https:\\\/\\\/www.jornalja.com.br\\\/arquivo\\\/category\\\/geral\\\/\",\"nextItem\":{\"@type\":\"ListItem\",\"@id\":\"https:\\\/\\\/www.jornalja.com.br\\\/arquivo\\\/vereadores-vao-a-marchezan-pedir-esclarecimentos-sobre-a-tarifa\\\/#listItem\",\"name\":\"Vereadores v\\u00e3o a Marchezan pedir esclarecimentos sobre a tarifa\"},\"previousItem\":{\"@type\":\"ListItem\",\"@id\":\"https:\\\/\\\/www.jornalja.com.br\\\/arquivo#listItem\",\"name\":\"Home\"}},{\"@type\":\"ListItem\",\"@id\":\"https:\\\/\\\/www.jornalja.com.br\\\/arquivo\\\/vereadores-vao-a-marchezan-pedir-esclarecimentos-sobre-a-tarifa\\\/#listItem\",\"position\":3,\"name\":\"Vereadores v\\u00e3o a Marchezan pedir esclarecimentos sobre a tarifa\",\"previousItem\":{\"@type\":\"ListItem\",\"@id\":\"https:\\\/\\\/www.jornalja.com.br\\\/arquivo\\\/category\\\/geral\\\/#listItem\",\"name\":\"Geral\"}}]},{\"@type\":\"Organization\",\"@id\":\"https:\\\/\\\/www.jornalja.com.br\\\/arquivo\\\/#organization\",\"name\":\"Jornal J\\u00c1\",\"description\":\"Jornal J\\u00c1 | Porto Alegre\",\"url\":\"https:\\\/\\\/www.jornalja.com.br\\\/arquivo\\\/\",\"telephone\":\"+555133307272\",\"logo\":{\"@type\":\"ImageObject\",\"url\":\"https:\\\/\\\/www.jornalja.com.br\\\/wp-content\\\/uploads\\\/cards\\\/JAslogan.png\",\"@id\":\"https:\\\/\\\/www.jornalja.com.br\\\/arquivo\\\/vereadores-vao-a-marchezan-pedir-esclarecimentos-sobre-a-tarifa\\\/#organizationLogo\"},\"image\":{\"@id\":\"https:\\\/\\\/www.jornalja.com.br\\\/arquivo\\\/vereadores-vao-a-marchezan-pedir-esclarecimentos-sobre-a-tarifa\\\/#organizationLogo\"}},{\"@type\":\"Person\",\"@id\":\"https:\\\/\\\/www.jornalja.com.br\\\/arquivo\\\/author\\\/daredacao\\\/#author\",\"url\":\"https:\\\/\\\/www.jornalja.com.br\\\/arquivo\\\/author\\\/daredacao\\\/\",\"name\":\"da Reda\\u00e7\\u00e3o\",\"image\":{\"@type\":\"ImageObject\",\"@id\":\"https:\\\/\\\/www.jornalja.com.br\\\/arquivo\\\/vereadores-vao-a-marchezan-pedir-esclarecimentos-sobre-a-tarifa\\\/#authorImage\",\"url\":\"https:\\\/\\\/secure.gravatar.com\\\/avatar\\\/469fd857d6605ad19919d27ed29d35a968a25f6e8fd9318356bbb7f57aae9c65?s=96&d=mm&r=g\",\"width\":96,\"height\":96,\"caption\":\"da Reda\\u00e7\\u00e3o\"}},{\"@type\":\"WebPage\",\"@id\":\"https:\\\/\\\/www.jornalja.com.br\\\/arquivo\\\/vereadores-vao-a-marchezan-pedir-esclarecimentos-sobre-a-tarifa\\\/#webpage\",\"url\":\"https:\\\/\\\/www.jornalja.com.br\\\/arquivo\\\/vereadores-vao-a-marchezan-pedir-esclarecimentos-sobre-a-tarifa\\\/\",\"name\":\"Vereadores v\\u00e3o a Marchezan pedir esclarecimentos sobre a tarifa | Arquivo\",\"inLanguage\":\"pt-BR\",\"isPartOf\":{\"@id\":\"https:\\\/\\\/www.jornalja.com.br\\\/arquivo\\\/#website\"},\"breadcrumb\":{\"@id\":\"https:\\\/\\\/www.jornalja.com.br\\\/arquivo\\\/vereadores-vao-a-marchezan-pedir-esclarecimentos-sobre-a-tarifa\\\/#breadcrumblist\"},\"author\":{\"@id\":\"https:\\\/\\\/www.jornalja.com.br\\\/arquivo\\\/author\\\/daredacao\\\/#author\"},\"creator\":{\"@id\":\"https:\\\/\\\/www.jornalja.com.br\\\/arquivo\\\/author\\\/daredacao\\\/#author\"},\"image\":{\"@type\":\"ImageObject\",\"url\":44629,\"@id\":\"https:\\\/\\\/www.jornalja.com.br\\\/arquivo\\\/vereadores-vao-a-marchezan-pedir-esclarecimentos-sobre-a-tarifa\\\/#mainImage\"},\"primaryImageOfPage\":{\"@id\":\"https:\\\/\\\/www.jornalja.com.br\\\/arquivo\\\/vereadores-vao-a-marchezan-pedir-esclarecimentos-sobre-a-tarifa\\\/#mainImage\"},\"datePublished\":\"2017-02-14T19:45:36-02:00\",\"dateModified\":\"2017-02-14T19:45:36-02:00\"},{\"@type\":\"WebSite\",\"@id\":\"https:\\\/\\\/www.jornalja.com.br\\\/arquivo\\\/#website\",\"url\":\"https:\\\/\\\/www.jornalja.com.br\\\/arquivo\\\/\",\"name\":\"Arquivo\",\"description\":\"Jornal J\\u00c1 | Porto Alegre\",\"inLanguage\":\"pt-BR\",\"publisher\":{\"@id\":\"https:\\\/\\\/www.jornalja.com.br\\\/arquivo\\\/#organization\"}}]}\n\t\t<\/script>\n\t\t<!-- All in One SEO -->\n\n","aioseo_head_json":{"title":"Vereadores v\u00e3o a Marchezan pedir esclarecimentos sobre a tarifa | Arquivo","description":"","canonical_url":"https:\/\/www.jornalja.com.br\/arquivo\/vereadores-vao-a-marchezan-pedir-esclarecimentos-sobre-a-tarifa\/","robots":"max-image-preview:large","keywords":"","webmasterTools":{"miscellaneous":""},"schema":{"@context":"https:\/\/schema.org","@graph":[{"@type":"BlogPosting","@id":"https:\/\/www.jornalja.com.br\/arquivo\/vereadores-vao-a-marchezan-pedir-esclarecimentos-sobre-a-tarifa\/#blogposting","name":"Vereadores v\u00e3o a Marchezan pedir esclarecimentos sobre a tarifa | Arquivo","headline":"Vereadores v\u00e3o a Marchezan pedir esclarecimentos sobre a tarifa","author":{"@id":"https:\/\/www.jornalja.com.br\/arquivo\/author\/daredacao\/#author"},"publisher":{"@id":"https:\/\/www.jornalja.com.br\/arquivo\/#organization"},"image":{"@type":"ImageObject","url":44629},"datePublished":"2017-02-14T19:45:36-02:00","dateModified":"2017-02-14T19:45:36-02:00","inLanguage":"pt-BR","mainEntityOfPage":{"@id":"https:\/\/www.jornalja.com.br\/arquivo\/vereadores-vao-a-marchezan-pedir-esclarecimentos-sobre-a-tarifa\/#webpage"},"isPartOf":{"@id":"https:\/\/www.jornalja.com.br\/arquivo\/vereadores-vao-a-marchezan-pedir-esclarecimentos-sobre-a-tarifa\/#webpage"},"articleSection":"Geral"},{"@type":"BreadcrumbList","@id":"https:\/\/www.jornalja.com.br\/arquivo\/vereadores-vao-a-marchezan-pedir-esclarecimentos-sobre-a-tarifa\/#breadcrumblist","itemListElement":[{"@type":"ListItem","@id":"https:\/\/www.jornalja.com.br\/arquivo#listItem","position":1,"name":"Home","item":"https:\/\/www.jornalja.com.br\/arquivo","nextItem":{"@type":"ListItem","@id":"https:\/\/www.jornalja.com.br\/arquivo\/category\/geral\/#listItem","name":"Geral"}},{"@type":"ListItem","@id":"https:\/\/www.jornalja.com.br\/arquivo\/category\/geral\/#listItem","position":2,"name":"Geral","item":"https:\/\/www.jornalja.com.br\/arquivo\/category\/geral\/","nextItem":{"@type":"ListItem","@id":"https:\/\/www.jornalja.com.br\/arquivo\/vereadores-vao-a-marchezan-pedir-esclarecimentos-sobre-a-tarifa\/#listItem","name":"Vereadores v\u00e3o a Marchezan pedir esclarecimentos sobre a tarifa"},"previousItem":{"@type":"ListItem","@id":"https:\/\/www.jornalja.com.br\/arquivo#listItem","name":"Home"}},{"@type":"ListItem","@id":"https:\/\/www.jornalja.com.br\/arquivo\/vereadores-vao-a-marchezan-pedir-esclarecimentos-sobre-a-tarifa\/#listItem","position":3,"name":"Vereadores v\u00e3o a Marchezan pedir esclarecimentos sobre a tarifa","previousItem":{"@type":"ListItem","@id":"https:\/\/www.jornalja.com.br\/arquivo\/category\/geral\/#listItem","name":"Geral"}}]},{"@type":"Organization","@id":"https:\/\/www.jornalja.com.br\/arquivo\/#organization","name":"Jornal J\u00c1","description":"Jornal J\u00c1 | Porto Alegre","url":"https:\/\/www.jornalja.com.br\/arquivo\/","telephone":"+555133307272","logo":{"@type":"ImageObject","url":"https:\/\/www.jornalja.com.br\/wp-content\/uploads\/cards\/JAslogan.png","@id":"https:\/\/www.jornalja.com.br\/arquivo\/vereadores-vao-a-marchezan-pedir-esclarecimentos-sobre-a-tarifa\/#organizationLogo"},"image":{"@id":"https:\/\/www.jornalja.com.br\/arquivo\/vereadores-vao-a-marchezan-pedir-esclarecimentos-sobre-a-tarifa\/#organizationLogo"}},{"@type":"Person","@id":"https:\/\/www.jornalja.com.br\/arquivo\/author\/daredacao\/#author","url":"https:\/\/www.jornalja.com.br\/arquivo\/author\/daredacao\/","name":"da Reda\u00e7\u00e3o","image":{"@type":"ImageObject","@id":"https:\/\/www.jornalja.com.br\/arquivo\/vereadores-vao-a-marchezan-pedir-esclarecimentos-sobre-a-tarifa\/#authorImage","url":"https:\/\/secure.gravatar.com\/avatar\/469fd857d6605ad19919d27ed29d35a968a25f6e8fd9318356bbb7f57aae9c65?s=96&d=mm&r=g","width":96,"height":96,"caption":"da Reda\u00e7\u00e3o"}},{"@type":"WebPage","@id":"https:\/\/www.jornalja.com.br\/arquivo\/vereadores-vao-a-marchezan-pedir-esclarecimentos-sobre-a-tarifa\/#webpage","url":"https:\/\/www.jornalja.com.br\/arquivo\/vereadores-vao-a-marchezan-pedir-esclarecimentos-sobre-a-tarifa\/","name":"Vereadores v\u00e3o a Marchezan pedir esclarecimentos sobre a tarifa | Arquivo","inLanguage":"pt-BR","isPartOf":{"@id":"https:\/\/www.jornalja.com.br\/arquivo\/#website"},"breadcrumb":{"@id":"https:\/\/www.jornalja.com.br\/arquivo\/vereadores-vao-a-marchezan-pedir-esclarecimentos-sobre-a-tarifa\/#breadcrumblist"},"author":{"@id":"https:\/\/www.jornalja.com.br\/arquivo\/author\/daredacao\/#author"},"creator":{"@id":"https:\/\/www.jornalja.com.br\/arquivo\/author\/daredacao\/#author"},"image":{"@type":"ImageObject","url":44629,"@id":"https:\/\/www.jornalja.com.br\/arquivo\/vereadores-vao-a-marchezan-pedir-esclarecimentos-sobre-a-tarifa\/#mainImage"},"primaryImageOfPage":{"@id":"https:\/\/www.jornalja.com.br\/arquivo\/vereadores-vao-a-marchezan-pedir-esclarecimentos-sobre-a-tarifa\/#mainImage"},"datePublished":"2017-02-14T19:45:36-02:00","dateModified":"2017-02-14T19:45:36-02:00"},{"@type":"WebSite","@id":"https:\/\/www.jornalja.com.br\/arquivo\/#website","url":"https:\/\/www.jornalja.com.br\/arquivo\/","name":"Arquivo","description":"Jornal J\u00c1 | Porto Alegre","inLanguage":"pt-BR","publisher":{"@id":"https:\/\/www.jornalja.com.br\/arquivo\/#organization"}}]},"og:locale":"pt_BR","og:site_name":"Arquivo | Jornal J\u00c1 | Porto Alegre","og:type":"article","og:title":"Vereadores v\u00e3o a Marchezan pedir esclarecimentos sobre a tarifa | Arquivo","og:url":"https:\/\/www.jornalja.com.br\/arquivo\/vereadores-vao-a-marchezan-pedir-esclarecimentos-sobre-a-tarifa\/","og:image":"https:\/\/www.jornalja.com.br\/economics\/wp-content\/uploads\/sites\/11\/2026\/08\/ja-folhaderosto-facebook.jpg","og:image:secure_url":"https:\/\/www.jornalja.com.br\/economics\/wp-content\/uploads\/sites\/11\/2026\/08\/ja-folhaderosto-facebook.jpg","article:published_time":"2017-02-14T22:45:36+00:00","article:modified_time":"2017-02-14T22:45:36+00:00","twitter:card":"summary","twitter:title":"Vereadores v\u00e3o a Marchezan pedir esclarecimentos sobre a tarifa | Arquivo","twitter:image":"https:\/\/www.jornalja.com.br\/economics\/wp-content\/uploads\/sites\/11\/2026\/08\/ja-folhaderosto-facebook.jpg"},"aioseo_meta_data":{"post_id":"44615","title":null,"description":null,"keywords":null,"keyphrases":null,"primary_term":null,"canonical_url":null,"og_title":null,"og_description":null,"og_object_type":"default","og_image_type":"default","og_image_url":null,"og_image_width":null,"og_image_height":null,"og_image_custom_url":null,"og_image_custom_fields":null,"og_video":null,"og_custom_url":null,"og_article_section":null,"og_article_tags":null,"twitter_use_og":false,"twitter_card":"default","twitter_image_type":"default","twitter_image_url":null,"twitter_image_custom_url":null,"twitter_image_custom_fields":null,"twitter_title":null,"twitter_description":null,"schema":{"blockGraphs":[],"customGraphs":[],"default":{"data":{"Article":[],"Course":[],"Dataset":[],"FAQPage":[],"Movie":[],"Person":[],"Product":[],"ProductReview":[],"Car":[],"Recipe":[],"Service":[],"SoftwareApplication":[],"WebPage":[]},"graphName":"","isEnabled":true},"graphs":[],"defaultGraph":"","defaultPostTypeGraph":""},"schema_type":null,"schema_type_options":null,"pillar_content":false,"robots_default":true,"robots_noindex":false,"robots_noarchive":false,"robots_nosnippet":false,"robots_nofollow":false,"robots_noimageindex":false,"robots_noodp":false,"robots_notranslate":false,"robots_max_snippet":null,"robots_max_videopreview":null,"robots_max_imagepreview":"large","priority":null,"frequency":null,"location":null,"local_seo":null,"breadcrumb_settings":null,"limit_modified_date":false,"ai":null,"created":"2020-12-20 20:40:47","updated":"2025-07-19 20:01:49","seo_analyzer_scan_date":null,"focus_keyword":null,"additional_keywords":null,"truseo_locale":null},"jetpack_sharing_enabled":true,"jetpack-related-posts":[{"id":12960,"url":"https:\/\/www.jornalja.com.br\/arquivo\/populacao-culpa-empresas-pela-greve-dos-rodoviarios\/","url_meta":{"origin":44615,"position":0},"title":"Popula\u00e7\u00e3o culpa empresas pela greve","author":"Patr\u00edcia Marini","date":"14 de fevereiro de 2014","format":false,"excerpt":"Pesquisa divulgada na edi\u00e7\u00e3o do jornal Metro desta sexta-feira,14, comprova o velho ditado: \u00e9 poss\u00edvel enganar muitos por algum tempo, mas n\u00e3o \u00e9 poss\u00edvel enganar a todos o tempo inteiro. A principal revela\u00e7\u00e3o foi que 59,8% dos entrevistados apontaram as empresas como as principais respons\u00e1veis pela grave e 46% culparam\u2026","rel":"","context":"Em &quot;X.Categorias velhas&quot;","block_context":{"text":"X.Categorias velhas","link":"https:\/\/www.jornalja.com.br\/arquivo\/category\/x-categorias-velhas\/"},"img":{"alt_text":"","src":"","width":0,"height":0},"classes":[]},{"id":13239,"url":"https:\/\/www.jornalja.com.br\/arquivo\/conselho-desdenha-do-plano-diretor\/","url_meta":{"origin":44615,"position":1},"title":"Porto Alegre: Conselho detona Plano Diretor","author":"Patr\u00edcia Marini","date":"25 de maio de 2014","format":false,"excerpt":"Den\u00fancia do arquiteto e \u00a0urbanista Ibir\u00e1 Santos Lucas. Ele diz que os conselheiros est\u00e3o votando com \"enorme irresponsabilidade\". \"Mudam regime com a maior naturalidade,,,regularizam absurdos de constru\u00e7\u00f5es irregulares... \"O CMDUA est\u00e1 flexibilizando a lei do plano diretor, de uma forma impactante na vida da cidade. Mudam regime com a maior\u2026","rel":"","context":"Em &quot;Geral&quot;","block_context":{"text":"Geral","link":"https:\/\/www.jornalja.com.br\/arquivo\/category\/geral\/"},"img":{"alt_text":"","src":"","width":0,"height":0},"classes":[]},{"id":13240,"url":"https:\/\/www.jornalja.com.br\/arquivo\/plano-diretor-estamos-construindo-o-caos\/","url_meta":{"origin":44615,"position":2},"title":"Plano diretor: &quot;Estamos construindo o caos&quot;","author":"Patr\u00edcia Marini","date":"26 de maio de 2014","format":false,"excerpt":"Desabafo que arquiteta Eliana Castilhos, delegada da Regi\u00e3o de Planejamento 1, postou nas redes sociais \u00e9 um testemunho do ambiente que se criou no Conselho do Plano Diretor de Porto Alegre, onde a aprova\u00e7\u00e3o de grandes empreendimentos \u00e9 empurrada guela abaixo dos conselheiros. Ao CMDUA Como delegada da Regi\u00e3o de\u2026","rel":"","context":"Em &quot;Geral&quot;","block_context":{"text":"Geral","link":"https:\/\/www.jornalja.com.br\/arquivo\/category\/geral\/"},"img":{"alt_text":"","src":"","width":0,"height":0},"classes":[]},{"id":14241,"url":"https:\/\/www.jornalja.com.br\/arquivo\/o-guaiba-nas-imagens-poeticas-de-achutti\/","url_meta":{"origin":44615,"position":3},"title":"O Gua\u00edba nas imagens po\u00e9ticas de Achutti","author":"da Reda\u00e7\u00e3o","date":"18 de junho de 2014","format":false,"excerpt":"Em \u201cO Gua\u00edba por Achutti\u201d \u2013 obra financiada via Minist\u00e9rio da Cultura, produ\u00e7\u00e3o executiva de Pedro Longhi, e Fl\u00e1vio Wild como designer \u2013, o fot\u00f3grafo revela a beleza e as mazelas de um espa\u00e7o aqu\u00e1tico de \u00e1guas sempre renovadas, cheio de hist\u00f3rias e lendas como as das cidades que foram\u2026","rel":"","context":"Em &quot;Cultura-Geral&quot;","block_context":{"text":"Cultura-Geral","link":"https:\/\/www.jornalja.com.br\/arquivo\/category\/materiasecundaria\/"},"img":{"alt_text":"","src":"","width":0,"height":0},"classes":[]},{"id":13128,"url":"https:\/\/www.jornalja.com.br\/arquivo\/maconha-terra-diz-que-uso-medicinal-e-desculpa\/","url_meta":{"origin":44615,"position":4},"title":"Maconha: Terra diz que uso medicinal \u00e9 desculpa","author":"Patr\u00edcia Marini","date":"4 de junho de 2014","format":false,"excerpt":"A condi\u00e7\u00e3o de pol\u00edtico, em \u00e9poca de campanha de campanha eleitoral, tira for\u00e7a do discurso do m\u00e9dico Osmar Terra contra a legaliza\u00e7\u00e3o da maconha. A tese dele de que a libera\u00e7\u00e3o vai ampliar exponencialmente o consumo \u00e9 discutivel, o consumo \u00e9 corrente. Mas seus alertas quanto aos riscos tem que\u2026","rel":"","context":"Em &quot;X.Categorias velhas&quot;","block_context":{"text":"X.Categorias velhas","link":"https:\/\/www.jornalja.com.br\/arquivo\/category\/x-categorias-velhas\/"},"img":{"alt_text":"","src":"","width":0,"height":0},"classes":[]},{"id":13101,"url":"https:\/\/www.jornalja.com.br\/arquivo\/morre-um-guerreiro-do-texto\/","url_meta":{"origin":44615,"position":5},"title":"Morre um guerreiro do texto","author":"Patr\u00edcia Marini","date":"14 de maio de 2014","format":false,"excerpt":"Por Ricardo Kotscho Reproduzido do blog do autor, 11\/5\/2014; t\u00edtulo original \u201cE l\u00e1 se foi o nosso Myltainho, guerreiro do texto\u201d. Mi\u00fado e franzino, meu amigo Myltainho era um valente e inconformado guerreiro na luta contra as injusti\u00e7as sociais, a hipocrisia, as maracutaias, o autoritarismo, a intoler\u00e2ncia, a viol\u00eancia, o\u2026","rel":"","context":"Em &quot;Geral&quot;","block_context":{"text":"Geral","link":"https:\/\/www.jornalja.com.br\/arquivo\/category\/geral\/"},"img":{"alt_text":"","src":"","width":0,"height":0},"classes":[]}],"jetpack_shortlink":"https:\/\/wp.me\/pbQjBd-bBB","jetpack_featured_media_url":"","_links":{"self":[{"href":"https:\/\/www.jornalja.com.br\/arquivo\/wp-json\/wp\/v2\/posts\/44615","targetHints":{"allow":["GET"]}}],"collection":[{"href":"https:\/\/www.jornalja.com.br\/arquivo\/wp-json\/wp\/v2\/posts"}],"about":[{"href":"https:\/\/www.jornalja.com.br\/arquivo\/wp-json\/wp\/v2\/types\/post"}],"author":[{"embeddable":true,"href":"https:\/\/www.jornalja.com.br\/arquivo\/wp-json\/wp\/v2\/users\/4"}],"replies":[{"embeddable":true,"href":"https:\/\/www.jornalja.com.br\/arquivo\/wp-json\/wp\/v2\/comments?post=44615"}],"version-history":[{"count":0,"href":"https:\/\/www.jornalja.com.br\/arquivo\/wp-json\/wp\/v2\/posts\/44615\/revisions"}],"wp:attachment":[{"href":"https:\/\/www.jornalja.com.br\/arquivo\/wp-json\/wp\/v2\/media?parent=44615"}],"wp:term":[{"taxonomy":"category","embeddable":true,"href":"https:\/\/www.jornalja.com.br\/arquivo\/wp-json\/wp\/v2\/categories?post=44615"},{"taxonomy":"post_tag","embeddable":true,"href":"https:\/\/www.jornalja.com.br\/arquivo\/wp-json\/wp\/v2\/tags?post=44615"}],"curies":[{"name":"wp","href":"https:\/\/api.w.org\/{rel}","templated":true}]}}