{"id":44660,"date":"2017-02-15T16:07:20","date_gmt":"2017-02-15T19:07:20","guid":{"rendered":"https:\/\/www.jornalja.com.br\/?p=44660"},"modified":"2017-02-15T16:07:20","modified_gmt":"2017-02-15T19:07:20","slug":"mobilizacao-dos-bancarios-garante-frente-parlamentar-em-defesa-do-banrisul","status":"publish","type":"post","link":"https:\/\/www.jornalja.com.br\/arquivo\/mobilizacao-dos-bancarios-garante-frente-parlamentar-em-defesa-do-banrisul\/","title":{"rendered":"Mobiliza\u00e7\u00e3o garante frente parlamentar em defesa do Banrisul"},"content":{"rendered":"<p>A Frente Parlamentar em Defesa do Banrisul conquistou o voto que faltava para atingir um ter\u00e7o da legislatura e ter o direito regimental de se instalar e debater a import\u00e2ncia do banco p\u00fablico,na Assembleia Legislativa.<br \/>\nO 20\u00ba voto necess\u00e1rio para a instala\u00e7\u00e3o da Frente chegou com a assinatura do deputado estadual Marlon Santos (PDT).<br \/>\nO Banrisul \u00e9 considerado \u201ca joia da coroa\u201d do pacote de privatiza\u00e7\u00e3o de autarquias, funda\u00e7\u00f5es e outros bens p\u00fablicos, que est\u00e1 sendo posto em pr\u00e1tica pelo governo Sartori.<br \/>\nO governo estadual tem negado a inten\u00e7\u00e3o de privatizar o banco, mas o ministro Henrique Meirelles mencionou essa possibilidade ao falar das contrapartidas que o governo federal vai exigir para assinar o acordo que suspende o pagamento da d\u00edvida do Estado por tr\u00eas anos.<br \/>\nO governo do Estado precisa de 33 votos para derrubar ao artigo 22 da Constitui\u00e7\u00e3o Estadual, que vincula a privatiza\u00e7\u00e3o do Banrisul \u00e0 consulta p\u00fablica ou plebiscito.<br \/>\n<strong>Car\u00e1ter democr\u00e1tico<\/strong><br \/>\nO diretor da Fetrafi-RS e funcion\u00e1rio do Banrisul, S\u00e9rgio Hoff, reiterou ao deputado\u00a0Bianchini o car\u00e1ter democr\u00e1tico e o prop\u00f3sito de debater a import\u00e2ncia do Banrisul p\u00fablico com amplos setores da sociedade ga\u00facha.<br \/>\n\u201cVamos trazer subs\u00eddios, os deputados v\u00e3o trazer subs\u00eddios para fazermos um debate bastante profundo sobre a import\u00e2ncia do Banrisul p\u00fablico. Os banc\u00e1rios v\u00e3o participar e acompanhar os trabalhos da Frente\u201d, anunciou S\u00e9rgio.<br \/>\nO presidente em exerc\u00edcio do SindBanc\u00e1rios e tamb\u00e9m funcion\u00e1rio do Banrisul, Luciano Fetzner, exaltou o car\u00e1ter democr\u00e1tico e politicamente aberto da Frente Parlamentar em Defesa do Banrisul e contou da ang\u00fastia dos colegas que est\u00e3o preocupados com as not\u00edcias de utiliza\u00e7\u00e3o do Banrisul para o acordo de d\u00edvida.<br \/>\n\u201cEstaremos mobilizados. O discurso do governo \u00e9 que o Banrisul n\u00e3o vai ser vendido Mas, n\u00f3s, banrisulenses, temos que confiar \u00e9 na nossa uni\u00e3o na defesa do banco p\u00fablico. Demos um passo importante para trabalharmos na defesa do Banrisul p\u00fablico neste per\u00edodo em que o contexto pol\u00edtico \u00e9 favor\u00e1vel ao ajuste fiscal e \u00e0 venda de empresas p\u00fablicas como um discurso de supera\u00e7\u00e3o de crises financeiras\u201d, afirmou Luciano.<br \/>\n<strong>Calend\u00e1rio de mobiliza\u00e7\u00e3o:<\/strong><br \/>\nQuinta-feira, 16\/2: Plen\u00e1ria dos Banrisulenses no Audit\u00f3rio da Casa dos Banc\u00e1rios (General C\u00e2mara, 424, Centro Hist\u00f3rico de Porto Alegre) a partir das 17h30.<br \/>\nTer\u00e7a- feira, 21\/2: Grande Expediente na Assembleia Legislativa do deputado Z\u00e9 Nunes sobre a Frente Parlamentar em Defesa do Banrisul.<br \/>\nAt\u00e9 a quarta-feira, 15\/3: \u00c9 a data limite para que os Sindicatos do Interior realizem plen\u00e1rias em defesa do Banrisul.<br \/>\nQuarta-feira, 15\/3: Ato de instala\u00e7\u00e3o da Frente Parlamentar em Defesa do Banrisul no Audit\u00f3rio Dante Barone da Assembleia Legislativa, \u00e0s 17h.<br \/>\nS\u00e1bado, 18\/3: Assembleia Nacional dos Banrisulenses na sede da Fetrafi-RS (Rua Fernando Machado, 820, Centro Hist\u00f3rico de Porto<br \/>\n<strong>Os 19 deputados que j\u00e1 assinaram<\/strong><br \/>\nAd\u00e3o Villaverde (PT)<br \/>\nAltemir Tortelli (PT)<br \/>\nBombeiro Bianchini (PPL)<br \/>\nCiro Simoni (PDT)<br \/>\nEduardo Loureiro (PDT)<br \/>\nEnio Bacci (PDT)<br \/>\nJeferson Fernandes (PT)<br \/>\nJuliana Brizola (PDT)<br \/>\nJuliano Roso (PCdoB)<br \/>\nLuiz Fernando Mainardi (PT)<br \/>\nManuela D\u2019\u00c1vila (PCdoB)<br \/>\nMarlon Santos (PDT)<br \/>\nMiriam Marroni (PT)<br \/>\nNelsinho Metral\u00fargico (PT)<br \/>\nPedro Ruas (PSOL)<br \/>\nRonaldo Santini\u00a0 (PTB)<br \/>\nStela Farias (PT)<br \/>\nTarc\u00edsio Zimmermann (PT)<br \/>\nValdeci Oliveira (PT)<br \/>\nZ\u00e9 Nunes (PT)<br \/>\n(Com informa\u00e7\u00f5es da Assessoria de Imprensa\/Sindbanc\u00e1rios)<br \/>\n&nbsp;<\/p>\n","protected":false},"excerpt":{"rendered":"<p>A Frente Parlamentar em Defesa do Banrisul conquistou o voto que faltava para atingir um ter\u00e7o da legislatura e ter o direito regimental de se instalar e debater a import\u00e2ncia do banco p\u00fablico,na Assembleia Legislativa. O 20\u00ba voto necess\u00e1rio para a instala\u00e7\u00e3o da Frente chegou com a assinatura do deputado estadual Marlon Santos (PDT). O [&hellip;]<\/p>\n","protected":false},"author":4,"featured_media":44668,"comment_status":"open","ping_status":"closed","sticky":false,"template":"","format":"standard","meta":{"_jetpack_newsletter_access":"","_jetpack_dont_email_post_to_subs":false,"_jetpack_newsletter_tier_id":0,"_jetpack_memberships_contains_paywalled_content":false,"_jetpack_feature_clip_id":0,"_jetpack_memberships_contains_paid_content":false,"footnotes":"","jetpack_post_was_ever_published":false},"categories":[26],"tags":[],"class_list":["post-44660","post","type-post","status-publish","format-standard","has-post-thumbnail","hentry","category-geral"],"aioseo_notices":[],"aioseo_head":"\n\t\t<!-- All in One SEO 5.0.1.1 - aioseo.com -->\n\t<meta name=\"robots\" content=\"max-image-preview:large\" \/>\n\t<meta name=\"author\" content=\"da Reda\u00e7\u00e3o\"\/>\n\t<link rel=\"canonical\" href=\"https:\/\/www.jornalja.com.br\/arquivo\/mobilizacao-dos-bancarios-garante-frente-parlamentar-em-defesa-do-banrisul\/\" \/>\n\t<meta name=\"generator\" content=\"All in One SEO (AIOSEO) 5.0.1.1\" \/>\n\t\t<meta property=\"og:locale\" content=\"pt_BR\" \/>\n\t\t<meta property=\"og:site_name\" content=\"Arquivo | Jornal J\u00c1 | Porto Alegre\" \/>\n\t\t<meta property=\"og:type\" content=\"article\" \/>\n\t\t<meta property=\"og:title\" content=\"Mobiliza\u00e7\u00e3o garante frente parlamentar em defesa do Banrisul | Arquivo\" \/>\n\t\t<meta property=\"og:url\" content=\"https:\/\/www.jornalja.com.br\/arquivo\/mobilizacao-dos-bancarios-garante-frente-parlamentar-em-defesa-do-banrisul\/\" \/>\n\t\t<meta property=\"og:image\" content=\"https:\/\/www.jornalja.com.br\/economics\/wp-content\/uploads\/sites\/11\/2026\/08\/ja-folhaderosto-facebook.jpg\" \/>\n\t\t<meta property=\"og:image:secure_url\" content=\"https:\/\/www.jornalja.com.br\/economics\/wp-content\/uploads\/sites\/11\/2026\/08\/ja-folhaderosto-facebook.jpg\" \/>\n\t\t<meta property=\"article:published_time\" content=\"2017-02-15T19:07:20+00:00\" \/>\n\t\t<meta property=\"article:modified_time\" content=\"2017-02-15T19:07:20+00:00\" \/>\n\t\t<meta name=\"twitter:card\" content=\"summary\" \/>\n\t\t<meta name=\"twitter:title\" content=\"Mobiliza\u00e7\u00e3o garante frente parlamentar em defesa do Banrisul | Arquivo\" \/>\n\t\t<meta name=\"twitter:image\" content=\"https:\/\/www.jornalja.com.br\/economics\/wp-content\/uploads\/sites\/11\/2026\/08\/ja-folhaderosto-facebook.jpg\" \/>\n\t\t<script type=\"application\/ld+json\" class=\"aioseo-schema\">\n\t\t\t{\"@context\":\"https:\\\/\\\/schema.org\",\"@graph\":[{\"@type\":\"BlogPosting\",\"@id\":\"https:\\\/\\\/www.jornalja.com.br\\\/arquivo\\\/mobilizacao-dos-bancarios-garante-frente-parlamentar-em-defesa-do-banrisul\\\/#blogposting\",\"name\":\"Mobiliza\\u00e7\\u00e3o garante frente parlamentar em defesa do Banrisul | Arquivo\",\"headline\":\"Mobiliza\\u00e7\\u00e3o garante frente parlamentar em defesa do Banrisul\",\"author\":{\"@id\":\"https:\\\/\\\/www.jornalja.com.br\\\/arquivo\\\/author\\\/daredacao\\\/#author\"},\"publisher\":{\"@id\":\"https:\\\/\\\/www.jornalja.com.br\\\/arquivo\\\/#organization\"},\"image\":{\"@type\":\"ImageObject\",\"url\":44668},\"datePublished\":\"2017-02-15T16:07:20-02:00\",\"dateModified\":\"2017-02-15T16:07:20-02:00\",\"inLanguage\":\"pt-BR\",\"mainEntityOfPage\":{\"@id\":\"https:\\\/\\\/www.jornalja.com.br\\\/arquivo\\\/mobilizacao-dos-bancarios-garante-frente-parlamentar-em-defesa-do-banrisul\\\/#webpage\"},\"isPartOf\":{\"@id\":\"https:\\\/\\\/www.jornalja.com.br\\\/arquivo\\\/mobilizacao-dos-bancarios-garante-frente-parlamentar-em-defesa-do-banrisul\\\/#webpage\"},\"articleSection\":\"Geral\"},{\"@type\":\"BreadcrumbList\",\"@id\":\"https:\\\/\\\/www.jornalja.com.br\\\/arquivo\\\/mobilizacao-dos-bancarios-garante-frente-parlamentar-em-defesa-do-banrisul\\\/#breadcrumblist\",\"itemListElement\":[{\"@type\":\"ListItem\",\"@id\":\"https:\\\/\\\/www.jornalja.com.br\\\/arquivo#listItem\",\"position\":1,\"name\":\"Home\",\"item\":\"https:\\\/\\\/www.jornalja.com.br\\\/arquivo\",\"nextItem\":{\"@type\":\"ListItem\",\"@id\":\"https:\\\/\\\/www.jornalja.com.br\\\/arquivo\\\/category\\\/geral\\\/#listItem\",\"name\":\"Geral\"}},{\"@type\":\"ListItem\",\"@id\":\"https:\\\/\\\/www.jornalja.com.br\\\/arquivo\\\/category\\\/geral\\\/#listItem\",\"position\":2,\"name\":\"Geral\",\"item\":\"https:\\\/\\\/www.jornalja.com.br\\\/arquivo\\\/category\\\/geral\\\/\",\"nextItem\":{\"@type\":\"ListItem\",\"@id\":\"https:\\\/\\\/www.jornalja.com.br\\\/arquivo\\\/mobilizacao-dos-bancarios-garante-frente-parlamentar-em-defesa-do-banrisul\\\/#listItem\",\"name\":\"Mobiliza\\u00e7\\u00e3o garante frente parlamentar em defesa do Banrisul\"},\"previousItem\":{\"@type\":\"ListItem\",\"@id\":\"https:\\\/\\\/www.jornalja.com.br\\\/arquivo#listItem\",\"name\":\"Home\"}},{\"@type\":\"ListItem\",\"@id\":\"https:\\\/\\\/www.jornalja.com.br\\\/arquivo\\\/mobilizacao-dos-bancarios-garante-frente-parlamentar-em-defesa-do-banrisul\\\/#listItem\",\"position\":3,\"name\":\"Mobiliza\\u00e7\\u00e3o garante frente parlamentar em defesa do Banrisul\",\"previousItem\":{\"@type\":\"ListItem\",\"@id\":\"https:\\\/\\\/www.jornalja.com.br\\\/arquivo\\\/category\\\/geral\\\/#listItem\",\"name\":\"Geral\"}}]},{\"@type\":\"Organization\",\"@id\":\"https:\\\/\\\/www.jornalja.com.br\\\/arquivo\\\/#organization\",\"name\":\"Jornal J\\u00c1\",\"description\":\"Jornal J\\u00c1 | Porto Alegre\",\"url\":\"https:\\\/\\\/www.jornalja.com.br\\\/arquivo\\\/\",\"telephone\":\"+555133307272\",\"logo\":{\"@type\":\"ImageObject\",\"url\":\"https:\\\/\\\/www.jornalja.com.br\\\/wp-content\\\/uploads\\\/cards\\\/JAslogan.png\",\"@id\":\"https:\\\/\\\/www.jornalja.com.br\\\/arquivo\\\/mobilizacao-dos-bancarios-garante-frente-parlamentar-em-defesa-do-banrisul\\\/#organizationLogo\"},\"image\":{\"@id\":\"https:\\\/\\\/www.jornalja.com.br\\\/arquivo\\\/mobilizacao-dos-bancarios-garante-frente-parlamentar-em-defesa-do-banrisul\\\/#organizationLogo\"}},{\"@type\":\"Person\",\"@id\":\"https:\\\/\\\/www.jornalja.com.br\\\/arquivo\\\/author\\\/daredacao\\\/#author\",\"url\":\"https:\\\/\\\/www.jornalja.com.br\\\/arquivo\\\/author\\\/daredacao\\\/\",\"name\":\"da Reda\\u00e7\\u00e3o\",\"image\":{\"@type\":\"ImageObject\",\"@id\":\"https:\\\/\\\/www.jornalja.com.br\\\/arquivo\\\/mobilizacao-dos-bancarios-garante-frente-parlamentar-em-defesa-do-banrisul\\\/#authorImage\",\"url\":\"https:\\\/\\\/secure.gravatar.com\\\/avatar\\\/469fd857d6605ad19919d27ed29d35a968a25f6e8fd9318356bbb7f57aae9c65?s=96&d=mm&r=g\",\"width\":96,\"height\":96,\"caption\":\"da Reda\\u00e7\\u00e3o\"}},{\"@type\":\"WebPage\",\"@id\":\"https:\\\/\\\/www.jornalja.com.br\\\/arquivo\\\/mobilizacao-dos-bancarios-garante-frente-parlamentar-em-defesa-do-banrisul\\\/#webpage\",\"url\":\"https:\\\/\\\/www.jornalja.com.br\\\/arquivo\\\/mobilizacao-dos-bancarios-garante-frente-parlamentar-em-defesa-do-banrisul\\\/\",\"name\":\"Mobiliza\\u00e7\\u00e3o garante frente parlamentar em defesa do Banrisul | Arquivo\",\"inLanguage\":\"pt-BR\",\"isPartOf\":{\"@id\":\"https:\\\/\\\/www.jornalja.com.br\\\/arquivo\\\/#website\"},\"breadcrumb\":{\"@id\":\"https:\\\/\\\/www.jornalja.com.br\\\/arquivo\\\/mobilizacao-dos-bancarios-garante-frente-parlamentar-em-defesa-do-banrisul\\\/#breadcrumblist\"},\"author\":{\"@id\":\"https:\\\/\\\/www.jornalja.com.br\\\/arquivo\\\/author\\\/daredacao\\\/#author\"},\"creator\":{\"@id\":\"https:\\\/\\\/www.jornalja.com.br\\\/arquivo\\\/author\\\/daredacao\\\/#author\"},\"image\":{\"@type\":\"ImageObject\",\"url\":44668,\"@id\":\"https:\\\/\\\/www.jornalja.com.br\\\/arquivo\\\/mobilizacao-dos-bancarios-garante-frente-parlamentar-em-defesa-do-banrisul\\\/#mainImage\"},\"primaryImageOfPage\":{\"@id\":\"https:\\\/\\\/www.jornalja.com.br\\\/arquivo\\\/mobilizacao-dos-bancarios-garante-frente-parlamentar-em-defesa-do-banrisul\\\/#mainImage\"},\"datePublished\":\"2017-02-15T16:07:20-02:00\",\"dateModified\":\"2017-02-15T16:07:20-02:00\"},{\"@type\":\"WebSite\",\"@id\":\"https:\\\/\\\/www.jornalja.com.br\\\/arquivo\\\/#website\",\"url\":\"https:\\\/\\\/www.jornalja.com.br\\\/arquivo\\\/\",\"name\":\"Arquivo\",\"description\":\"Jornal J\\u00c1 | Porto Alegre\",\"inLanguage\":\"pt-BR\",\"publisher\":{\"@id\":\"https:\\\/\\\/www.jornalja.com.br\\\/arquivo\\\/#organization\"}}]}\n\t\t<\/script>\n\t\t<!-- All in One SEO -->\n\n","aioseo_head_json":{"title":"Mobiliza\u00e7\u00e3o garante frente parlamentar em defesa do Banrisul | Arquivo","description":"","canonical_url":"https:\/\/www.jornalja.com.br\/arquivo\/mobilizacao-dos-bancarios-garante-frente-parlamentar-em-defesa-do-banrisul\/","robots":"max-image-preview:large","keywords":"","webmasterTools":{"miscellaneous":""},"schema":{"@context":"https:\/\/schema.org","@graph":[{"@type":"BlogPosting","@id":"https:\/\/www.jornalja.com.br\/arquivo\/mobilizacao-dos-bancarios-garante-frente-parlamentar-em-defesa-do-banrisul\/#blogposting","name":"Mobiliza\u00e7\u00e3o garante frente parlamentar em defesa do Banrisul | Arquivo","headline":"Mobiliza\u00e7\u00e3o garante frente parlamentar em defesa do Banrisul","author":{"@id":"https:\/\/www.jornalja.com.br\/arquivo\/author\/daredacao\/#author"},"publisher":{"@id":"https:\/\/www.jornalja.com.br\/arquivo\/#organization"},"image":{"@type":"ImageObject","url":44668},"datePublished":"2017-02-15T16:07:20-02:00","dateModified":"2017-02-15T16:07:20-02:00","inLanguage":"pt-BR","mainEntityOfPage":{"@id":"https:\/\/www.jornalja.com.br\/arquivo\/mobilizacao-dos-bancarios-garante-frente-parlamentar-em-defesa-do-banrisul\/#webpage"},"isPartOf":{"@id":"https:\/\/www.jornalja.com.br\/arquivo\/mobilizacao-dos-bancarios-garante-frente-parlamentar-em-defesa-do-banrisul\/#webpage"},"articleSection":"Geral"},{"@type":"BreadcrumbList","@id":"https:\/\/www.jornalja.com.br\/arquivo\/mobilizacao-dos-bancarios-garante-frente-parlamentar-em-defesa-do-banrisul\/#breadcrumblist","itemListElement":[{"@type":"ListItem","@id":"https:\/\/www.jornalja.com.br\/arquivo#listItem","position":1,"name":"Home","item":"https:\/\/www.jornalja.com.br\/arquivo","nextItem":{"@type":"ListItem","@id":"https:\/\/www.jornalja.com.br\/arquivo\/category\/geral\/#listItem","name":"Geral"}},{"@type":"ListItem","@id":"https:\/\/www.jornalja.com.br\/arquivo\/category\/geral\/#listItem","position":2,"name":"Geral","item":"https:\/\/www.jornalja.com.br\/arquivo\/category\/geral\/","nextItem":{"@type":"ListItem","@id":"https:\/\/www.jornalja.com.br\/arquivo\/mobilizacao-dos-bancarios-garante-frente-parlamentar-em-defesa-do-banrisul\/#listItem","name":"Mobiliza\u00e7\u00e3o garante frente parlamentar em defesa do Banrisul"},"previousItem":{"@type":"ListItem","@id":"https:\/\/www.jornalja.com.br\/arquivo#listItem","name":"Home"}},{"@type":"ListItem","@id":"https:\/\/www.jornalja.com.br\/arquivo\/mobilizacao-dos-bancarios-garante-frente-parlamentar-em-defesa-do-banrisul\/#listItem","position":3,"name":"Mobiliza\u00e7\u00e3o garante frente parlamentar em defesa do Banrisul","previousItem":{"@type":"ListItem","@id":"https:\/\/www.jornalja.com.br\/arquivo\/category\/geral\/#listItem","name":"Geral"}}]},{"@type":"Organization","@id":"https:\/\/www.jornalja.com.br\/arquivo\/#organization","name":"Jornal J\u00c1","description":"Jornal J\u00c1 | Porto Alegre","url":"https:\/\/www.jornalja.com.br\/arquivo\/","telephone":"+555133307272","logo":{"@type":"ImageObject","url":"https:\/\/www.jornalja.com.br\/wp-content\/uploads\/cards\/JAslogan.png","@id":"https:\/\/www.jornalja.com.br\/arquivo\/mobilizacao-dos-bancarios-garante-frente-parlamentar-em-defesa-do-banrisul\/#organizationLogo"},"image":{"@id":"https:\/\/www.jornalja.com.br\/arquivo\/mobilizacao-dos-bancarios-garante-frente-parlamentar-em-defesa-do-banrisul\/#organizationLogo"}},{"@type":"Person","@id":"https:\/\/www.jornalja.com.br\/arquivo\/author\/daredacao\/#author","url":"https:\/\/www.jornalja.com.br\/arquivo\/author\/daredacao\/","name":"da Reda\u00e7\u00e3o","image":{"@type":"ImageObject","@id":"https:\/\/www.jornalja.com.br\/arquivo\/mobilizacao-dos-bancarios-garante-frente-parlamentar-em-defesa-do-banrisul\/#authorImage","url":"https:\/\/secure.gravatar.com\/avatar\/469fd857d6605ad19919d27ed29d35a968a25f6e8fd9318356bbb7f57aae9c65?s=96&d=mm&r=g","width":96,"height":96,"caption":"da Reda\u00e7\u00e3o"}},{"@type":"WebPage","@id":"https:\/\/www.jornalja.com.br\/arquivo\/mobilizacao-dos-bancarios-garante-frente-parlamentar-em-defesa-do-banrisul\/#webpage","url":"https:\/\/www.jornalja.com.br\/arquivo\/mobilizacao-dos-bancarios-garante-frente-parlamentar-em-defesa-do-banrisul\/","name":"Mobiliza\u00e7\u00e3o garante frente parlamentar em defesa do Banrisul | Arquivo","inLanguage":"pt-BR","isPartOf":{"@id":"https:\/\/www.jornalja.com.br\/arquivo\/#website"},"breadcrumb":{"@id":"https:\/\/www.jornalja.com.br\/arquivo\/mobilizacao-dos-bancarios-garante-frente-parlamentar-em-defesa-do-banrisul\/#breadcrumblist"},"author":{"@id":"https:\/\/www.jornalja.com.br\/arquivo\/author\/daredacao\/#author"},"creator":{"@id":"https:\/\/www.jornalja.com.br\/arquivo\/author\/daredacao\/#author"},"image":{"@type":"ImageObject","url":44668,"@id":"https:\/\/www.jornalja.com.br\/arquivo\/mobilizacao-dos-bancarios-garante-frente-parlamentar-em-defesa-do-banrisul\/#mainImage"},"primaryImageOfPage":{"@id":"https:\/\/www.jornalja.com.br\/arquivo\/mobilizacao-dos-bancarios-garante-frente-parlamentar-em-defesa-do-banrisul\/#mainImage"},"datePublished":"2017-02-15T16:07:20-02:00","dateModified":"2017-02-15T16:07:20-02:00"},{"@type":"WebSite","@id":"https:\/\/www.jornalja.com.br\/arquivo\/#website","url":"https:\/\/www.jornalja.com.br\/arquivo\/","name":"Arquivo","description":"Jornal J\u00c1 | Porto Alegre","inLanguage":"pt-BR","publisher":{"@id":"https:\/\/www.jornalja.com.br\/arquivo\/#organization"}}]},"og:locale":"pt_BR","og:site_name":"Arquivo | Jornal J\u00c1 | Porto Alegre","og:type":"article","og:title":"Mobiliza\u00e7\u00e3o garante frente parlamentar em defesa do Banrisul | Arquivo","og:url":"https:\/\/www.jornalja.com.br\/arquivo\/mobilizacao-dos-bancarios-garante-frente-parlamentar-em-defesa-do-banrisul\/","og:image":"https:\/\/www.jornalja.com.br\/economics\/wp-content\/uploads\/sites\/11\/2026\/08\/ja-folhaderosto-facebook.jpg","og:image:secure_url":"https:\/\/www.jornalja.com.br\/economics\/wp-content\/uploads\/sites\/11\/2026\/08\/ja-folhaderosto-facebook.jpg","article:published_time":"2017-02-15T19:07:20+00:00","article:modified_time":"2017-02-15T19:07:20+00:00","twitter:card":"summary","twitter:title":"Mobiliza\u00e7\u00e3o garante frente parlamentar em defesa do Banrisul | Arquivo","twitter:image":"https:\/\/www.jornalja.com.br\/economics\/wp-content\/uploads\/sites\/11\/2026\/08\/ja-folhaderosto-facebook.jpg"},"aioseo_meta_data":{"post_id":"44660","title":null,"description":null,"keywords":null,"keyphrases":null,"primary_term":null,"canonical_url":null,"og_title":null,"og_description":null,"og_object_type":"default","og_image_type":"default","og_image_url":null,"og_image_width":null,"og_image_height":null,"og_image_custom_url":null,"og_image_custom_fields":null,"og_video":null,"og_custom_url":null,"og_article_section":null,"og_article_tags":null,"twitter_use_og":false,"twitter_card":"default","twitter_image_type":"default","twitter_image_url":null,"twitter_image_custom_url":null,"twitter_image_custom_fields":null,"twitter_title":null,"twitter_description":null,"schema":{"blockGraphs":[],"customGraphs":[],"default":{"data":{"Article":[],"Course":[],"Dataset":[],"FAQPage":[],"Movie":[],"Person":[],"Product":[],"ProductReview":[],"Car":[],"Recipe":[],"Service":[],"SoftwareApplication":[],"WebPage":[]},"graphName":"","isEnabled":true},"graphs":[]},"schema_type":null,"schema_type_options":null,"pillar_content":false,"robots_default":true,"robots_noindex":false,"robots_noarchive":false,"robots_nosnippet":false,"robots_nofollow":false,"robots_noimageindex":false,"robots_noodp":false,"robots_notranslate":false,"robots_max_snippet":null,"robots_max_videopreview":null,"robots_max_imagepreview":"large","priority":null,"frequency":null,"location":null,"local_seo":null,"breadcrumb_settings":null,"limit_modified_date":false,"ai":null,"created":"2020-12-20 20:40:47","updated":"2025-07-19 20:01:49","seo_analyzer_scan_date":null,"focus_keyword":null,"additional_keywords":null,"truseo_locale":null},"jetpack_sharing_enabled":true,"jetpack-related-posts":[{"id":13109,"url":"https:\/\/www.jornalja.com.br\/arquivo\/judiciario-reconhece-poluicao-eletromagnetica\/","url_meta":{"origin":44660,"position":0},"title":"Judici\u00e1rio reconhece polui\u00e7\u00e3o eletromagn\u00e9tica","author":"Patr\u00edcia Marini","date":"16 de maio de 2014","format":false,"excerpt":"A\u00e7\u00e3o de duas associa\u00e7\u00f5es de moradores foi acolhida pelo Tribunal de Justi\u00e7a de S\u00e3o Paulo que. em decis\u00e3o in\u00e9dita, determinou a redu\u00e7\u00e3o do campo eletromagn\u00e9tico gerado pelas linhas de transmiss\u00e3o de energia que cortam os bairros City Boa\u00e7ava e Alto de Pinheiros. \u00c9 a primeira vez que um tribunal do\u2026","rel":"","context":"Em &quot;X.Categorias velhas&quot;","block_context":{"text":"X.Categorias velhas","link":"https:\/\/www.jornalja.com.br\/arquivo\/category\/x-categorias-velhas\/"},"img":{"alt_text":"","src":"","width":0,"height":0},"classes":[]},{"id":5440,"url":"https:\/\/www.jornalja.com.br\/arquivo\/casarao-da-venancio-destino-permanece-incerto\/","url_meta":{"origin":44660,"position":1},"title":"Estado ainda n\u00e3o sabe o que fazer com casar\u00e3o abandonado h\u00e1 20 anos","author":"Elmar Bones","date":"6 de julho de 2009","format":false,"excerpt":"O casar\u00e3o amarelo, numa esquina nobre de Porto Alegre (Ven\u00e2ncio Aires com Jo\u00e3o Pessoa), j\u00e1 abrigou uma escola. H\u00e1 duas d\u00e9cadas, pelo menos, est\u00e1 abandonado, porque seu propriet\u00e1rio, o governo do Estado do Rio Grande do Sul, n\u00e3o consegue achar um destino para ele. Planos n\u00e3o faltaram. O governador Ol\u00edvio\u2026","rel":"","context":"Em &quot;X.Categorias velhas&quot;","block_context":{"text":"X.Categorias velhas","link":"https:\/\/www.jornalja.com.br\/arquivo\/category\/x-categorias-velhas\/"},"img":{"alt_text":"geraldo1","src":"https:\/\/i0.wp.com\/www.jornalja.com.br\/wp-content\/uploads\/2009\/07\/geraldo1.jpg?resize=350%2C200&ssl=1","width":350,"height":200},"classes":[]},{"id":13239,"url":"https:\/\/www.jornalja.com.br\/arquivo\/conselho-desdenha-do-plano-diretor\/","url_meta":{"origin":44660,"position":2},"title":"Porto Alegre: Conselho detona Plano Diretor","author":"Patr\u00edcia Marini","date":"25 de maio de 2014","format":false,"excerpt":"Den\u00fancia do arquiteto e \u00a0urbanista Ibir\u00e1 Santos Lucas. Ele diz que os conselheiros est\u00e3o votando com \"enorme irresponsabilidade\". \"Mudam regime com a maior naturalidade,,,regularizam absurdos de constru\u00e7\u00f5es irregulares... \"O CMDUA est\u00e1 flexibilizando a lei do plano diretor, de uma forma impactante na vida da cidade. Mudam regime com a maior\u2026","rel":"","context":"Em &quot;Geral&quot;","block_context":{"text":"Geral","link":"https:\/\/www.jornalja.com.br\/arquivo\/category\/geral\/"},"img":{"alt_text":"","src":"","width":0,"height":0},"classes":[]},{"id":13124,"url":"https:\/\/www.jornalja.com.br\/arquivo\/sangue-latino-no-iecine\/","url_meta":{"origin":44660,"position":3},"title":"Sangue latino no IECINE","author":"da Reda\u00e7\u00e3o","date":"18 de maio de 2014","format":false,"excerpt":"Francisco Ribeiro O Instituto Estadual de Cinema (IECINE) tem a frente, desde abril \u00faltimo, um novo diretor, o cineasta colombiano Juan Zapata, 36, que substitui Luiz Alberto Cassol. Radicado h\u00e1 dez anos em Porto Alegre, Zapata tem diante de si o desafio de conduzir at\u00e9 o final do ano um\u2026","rel":"","context":"Em &quot;Cultura-Geral&quot;","block_context":{"text":"Cultura-Geral","link":"https:\/\/www.jornalja.com.br\/arquivo\/category\/materiasecundaria\/"},"img":{"alt_text":"","src":"","width":0,"height":0},"classes":[]},{"id":13240,"url":"https:\/\/www.jornalja.com.br\/arquivo\/plano-diretor-estamos-construindo-o-caos\/","url_meta":{"origin":44660,"position":4},"title":"Plano diretor: &quot;Estamos construindo o caos&quot;","author":"Patr\u00edcia Marini","date":"26 de maio de 2014","format":false,"excerpt":"Desabafo que arquiteta Eliana Castilhos, delegada da Regi\u00e3o de Planejamento 1, postou nas redes sociais \u00e9 um testemunho do ambiente que se criou no Conselho do Plano Diretor de Porto Alegre, onde a aprova\u00e7\u00e3o de grandes empreendimentos \u00e9 empurrada guela abaixo dos conselheiros. Ao CMDUA Como delegada da Regi\u00e3o de\u2026","rel":"","context":"Em &quot;Geral&quot;","block_context":{"text":"Geral","link":"https:\/\/www.jornalja.com.br\/arquivo\/category\/geral\/"},"img":{"alt_text":"","src":"","width":0,"height":0},"classes":[]},{"id":12960,"url":"https:\/\/www.jornalja.com.br\/arquivo\/populacao-culpa-empresas-pela-greve-dos-rodoviarios\/","url_meta":{"origin":44660,"position":5},"title":"Popula\u00e7\u00e3o culpa empresas pela greve","author":"Patr\u00edcia Marini","date":"14 de fevereiro de 2014","format":false,"excerpt":"Pesquisa divulgada na edi\u00e7\u00e3o do jornal Metro desta sexta-feira,14, comprova o velho ditado: \u00e9 poss\u00edvel enganar muitos por algum tempo, mas n\u00e3o \u00e9 poss\u00edvel enganar a todos o tempo inteiro. A principal revela\u00e7\u00e3o foi que 59,8% dos entrevistados apontaram as empresas como as principais respons\u00e1veis pela grave e 46% culparam\u2026","rel":"","context":"Em &quot;X.Categorias velhas&quot;","block_context":{"text":"X.Categorias velhas","link":"https:\/\/www.jornalja.com.br\/arquivo\/category\/x-categorias-velhas\/"},"img":{"alt_text":"","src":"","width":0,"height":0},"classes":[]}],"jetpack_shortlink":"https:\/\/wp.me\/pbQjBd-bCk","jetpack_featured_media_url":"","_links":{"self":[{"href":"https:\/\/www.jornalja.com.br\/arquivo\/wp-json\/wp\/v2\/posts\/44660","targetHints":{"allow":["GET"]}}],"collection":[{"href":"https:\/\/www.jornalja.com.br\/arquivo\/wp-json\/wp\/v2\/posts"}],"about":[{"href":"https:\/\/www.jornalja.com.br\/arquivo\/wp-json\/wp\/v2\/types\/post"}],"author":[{"embeddable":true,"href":"https:\/\/www.jornalja.com.br\/arquivo\/wp-json\/wp\/v2\/users\/4"}],"replies":[{"embeddable":true,"href":"https:\/\/www.jornalja.com.br\/arquivo\/wp-json\/wp\/v2\/comments?post=44660"}],"version-history":[{"count":0,"href":"https:\/\/www.jornalja.com.br\/arquivo\/wp-json\/wp\/v2\/posts\/44660\/revisions"}],"wp:attachment":[{"href":"https:\/\/www.jornalja.com.br\/arquivo\/wp-json\/wp\/v2\/media?parent=44660"}],"wp:term":[{"taxonomy":"category","embeddable":true,"href":"https:\/\/www.jornalja.com.br\/arquivo\/wp-json\/wp\/v2\/categories?post=44660"},{"taxonomy":"post_tag","embeddable":true,"href":"https:\/\/www.jornalja.com.br\/arquivo\/wp-json\/wp\/v2\/tags?post=44660"}],"curies":[{"name":"wp","href":"https:\/\/api.w.org\/{rel}","templated":true}]}}