{"id":44661,"date":"2017-02-18T19:34:31","date_gmt":"2017-02-18T22:34:31","guid":{"rendered":"https:\/\/www.jornalja.com.br\/?p=44661"},"modified":"2017-02-18T19:34:31","modified_gmt":"2017-02-18T22:34:31","slug":"barco-e-onibus-se-integram-para-novo-roteiro-turistico","status":"publish","type":"post","link":"https:\/\/www.jornalja.com.br\/arquivo\/barco-e-onibus-se-integram-para-novo-roteiro-turistico\/","title":{"rendered":"Barco e \u00f4nibus se integram para novo roteiro tur\u00edstico"},"content":{"rendered":"<p>O barco Cisne Branco \u00a0far\u00e1 sua primeira viagem levando turistas de Porto Alegre a Santa Cruz em 11 de mar\u00e7o.<br \/>\nO embarque \u00e9 7h do s\u00e1bado,no Armaz\u00e9m B3 \u00a0do Cais do Porto, em Porto Alegre.<br \/>\nCom servi\u00e7o de lanche da manh\u00e3 e almo\u00e7o a bordo, o passeio pelo Rio Jacu\u00ed passa pela Ilha do Lage, Ilha da Ponta Rasa, Ilha do Fanfa (onde Bento Gon\u00e7alves foi derrotado!), Granja Carola, Col\u00f4nia Penal General Daltro Filho, Charqueadas, S\u00e3o Jer\u00f4nimo, at\u00e9 a chegada a cidade de Santo Amaro, onde termina o trecho hidrovi\u00e1rio.<br \/>\nMais adiante uma \u00e0 Eclusa de Amar\u00f3polis &#8211; obra de engenharia, para regular o volume das \u00e1guas do Jacu\u00ed, aumentando-lhe o estir\u00e3o naveg\u00e1vel nos per\u00edodos de estiagem e contendo o \u00edmpeto e viol\u00eancia do caudaloso rio durante as cheias, amenizando assim os efeitos das enchentes na Grande Porto Alegre.<br \/>\nNa chegada a Santa Cruz do Sul, via rodovi\u00e1ria, um breve tour pela cidade de coloniza\u00e7\u00e3o germ\u00e2nica e acomoda\u00e7\u00f5es no hotel Charrua, localizado no centro da Cidade. Tarde livre e a oportunidade de apreciar o verdadeiro jantar t\u00edpico alem\u00e3o.<br \/>\nNo domingo, manh\u00e3 livre, desocupa\u00e7\u00e3o do Hotel, e sa\u00edda para o almo\u00e7o. Durante a estada em Santa Cruz do Sul haver\u00e1 passeio pela cidade, incluindo a Catedral de S\u00e3o Jo\u00e3o Batista em estilo G\u00f3tico, o Parque da Santa Cruz e a Gruta dos \u00cdndios.<br \/>\nO retorno ser\u00e1 via rodovi\u00e1ria, com previs\u00e3o de chegada em Porto Alegre \u00e0s 18h.<br \/>\n\u201cO objetivo do passeio \u00e9 proporcionar um maior contato das pessoas com a natureza e as paisagens da regi\u00e3o disponibilizando um roteiro especial com navega\u00e7\u00e3o pelo Rio Jacu\u00ed, conhecendo uma das Eclusas de nosso Estado e aproveitando Santa Cruz do Sul\u201d, explica a propriet\u00e1ria da embarca\u00e7\u00e3o, Adriane Hilbig.<br \/>\n&nbsp;<br \/>\n<strong>Roteiro Hidro-rodovi\u00e1rio a Santa Cruz do Sul a bordo do CISNE BRANCO<\/strong><br \/>\n<strong>Data:<\/strong> 11 e 12 de mar\u00e7o de 2017<br \/>\n<strong>Embarque:<\/strong> Cais do Porto de Porto Alegre &#8211; armaz\u00e9m B3 <strong>\u00e0s 07h<\/strong><br \/>\n<strong>Retorno: <\/strong>final da tarde de domingo<br \/>\n<strong>Investimento por pessoa<\/strong> \u2013 R$ 698,00 \u00e0 vista ou 3 x R$ 250,00 (entrada em dinheiro ou dep\u00f3sito + 2 x cart\u00e3o ou cheque).<br \/>\n<strong>Servi\u00e7os Inclu\u00eddos:<\/strong><\/p>\n<ul>\n<li>Navega\u00e7\u00e3o no \u201cCisne Branco\u201d de Porto Alegre at\u00e9 Santo Amaro (ou S\u00e3o Jer\u00f4nimo) em caso de cheias, e transporte de \u00f4nibus na parte terrestre do roteiro;<\/li>\n<li>Uma di\u00e1ria de hotel com caf\u00e9 da manh\u00e3, sem extras. Acomoda\u00e7\u00e3o em duplos ou triplos conforme disponibilidade.<\/li>\n<li>Visitas do programa<\/li>\n<li>Refei\u00e7\u00f5es (sem bebidas): lanche da manh\u00e3 a bordo, almo\u00e7o e jantar do 1\u00ba dia e almo\u00e7o do 2\u00ba dia.<\/li>\n<li>Guias\/ coordenadores<\/li>\n<\/ul>\n<p><strong>Reservas e informa\u00e7\u00f5es pelo fone<\/strong>: (51) 3224.5222 ou nas principais ag\u00eancias de viagem<\/p>\n","protected":false},"excerpt":{"rendered":"<p>O barco Cisne Branco \u00a0far\u00e1 sua primeira viagem levando turistas de Porto Alegre a Santa Cruz em 11 de mar\u00e7o. O embarque \u00e9 7h do s\u00e1bado,no Armaz\u00e9m B3 \u00a0do Cais do Porto, em Porto Alegre. Com servi\u00e7o de lanche da manh\u00e3 e almo\u00e7o a bordo, o passeio pelo Rio Jacu\u00ed passa pela Ilha do Lage, [&hellip;]<\/p>\n","protected":false},"author":4,"featured_media":44662,"comment_status":"open","ping_status":"closed","sticky":false,"template":"","format":"standard","meta":{"_jetpack_newsletter_access":"","_jetpack_dont_email_post_to_subs":false,"_jetpack_newsletter_tier_id":0,"_jetpack_memberships_contains_paywalled_content":false,"_jetpack_feature_clip_id":0,"_jetpack_memberships_contains_paid_content":false,"footnotes":"","jetpack_post_was_ever_published":false},"categories":[26],"tags":[],"class_list":["post-44661","post","type-post","status-publish","format-standard","has-post-thumbnail","hentry","category-geral"],"aioseo_notices":[],"aioseo_head":"\n\t\t<!-- All in One SEO 5.0.1.1 - aioseo.com -->\n\t<meta name=\"robots\" content=\"max-image-preview:large\" \/>\n\t<meta name=\"author\" content=\"da Reda\u00e7\u00e3o\"\/>\n\t<link rel=\"canonical\" href=\"https:\/\/www.jornalja.com.br\/arquivo\/barco-e-onibus-se-integram-para-novo-roteiro-turistico\/\" \/>\n\t<meta name=\"generator\" content=\"All in One SEO (AIOSEO) 5.0.1.1\" \/>\n\t\t<meta property=\"og:locale\" content=\"pt_BR\" \/>\n\t\t<meta property=\"og:site_name\" content=\"Arquivo | Jornal J\u00c1 | Porto Alegre\" \/>\n\t\t<meta property=\"og:type\" content=\"article\" \/>\n\t\t<meta property=\"og:title\" content=\"Barco e \u00f4nibus se integram para novo roteiro tur\u00edstico | Arquivo\" \/>\n\t\t<meta property=\"og:url\" content=\"https:\/\/www.jornalja.com.br\/arquivo\/barco-e-onibus-se-integram-para-novo-roteiro-turistico\/\" \/>\n\t\t<meta property=\"og:image\" content=\"https:\/\/www.jornalja.com.br\/economics\/wp-content\/uploads\/sites\/11\/2026\/08\/ja-folhaderosto-facebook.jpg\" \/>\n\t\t<meta property=\"og:image:secure_url\" content=\"https:\/\/www.jornalja.com.br\/economics\/wp-content\/uploads\/sites\/11\/2026\/08\/ja-folhaderosto-facebook.jpg\" \/>\n\t\t<meta property=\"article:published_time\" content=\"2017-02-18T22:34:31+00:00\" \/>\n\t\t<meta property=\"article:modified_time\" content=\"2017-02-18T22:34:31+00:00\" \/>\n\t\t<meta name=\"twitter:card\" content=\"summary\" \/>\n\t\t<meta name=\"twitter:title\" content=\"Barco e \u00f4nibus se integram para novo roteiro tur\u00edstico | Arquivo\" \/>\n\t\t<meta name=\"twitter:image\" content=\"https:\/\/www.jornalja.com.br\/economics\/wp-content\/uploads\/sites\/11\/2026\/08\/ja-folhaderosto-facebook.jpg\" \/>\n\t\t<script type=\"application\/ld+json\" class=\"aioseo-schema\">\n\t\t\t{\"@context\":\"https:\\\/\\\/schema.org\",\"@graph\":[{\"@type\":\"BlogPosting\",\"@id\":\"https:\\\/\\\/www.jornalja.com.br\\\/arquivo\\\/barco-e-onibus-se-integram-para-novo-roteiro-turistico\\\/#blogposting\",\"name\":\"Barco e \\u00f4nibus se integram para novo roteiro tur\\u00edstico | Arquivo\",\"headline\":\"Barco e \\u00f4nibus se integram para novo roteiro tur\\u00edstico\",\"author\":{\"@id\":\"https:\\\/\\\/www.jornalja.com.br\\\/arquivo\\\/author\\\/daredacao\\\/#author\"},\"publisher\":{\"@id\":\"https:\\\/\\\/www.jornalja.com.br\\\/arquivo\\\/#organization\"},\"image\":{\"@type\":\"ImageObject\",\"url\":44662},\"datePublished\":\"2017-02-18T19:34:31-02:00\",\"dateModified\":\"2017-02-18T19:34:31-02:00\",\"inLanguage\":\"pt-BR\",\"mainEntityOfPage\":{\"@id\":\"https:\\\/\\\/www.jornalja.com.br\\\/arquivo\\\/barco-e-onibus-se-integram-para-novo-roteiro-turistico\\\/#webpage\"},\"isPartOf\":{\"@id\":\"https:\\\/\\\/www.jornalja.com.br\\\/arquivo\\\/barco-e-onibus-se-integram-para-novo-roteiro-turistico\\\/#webpage\"},\"articleSection\":\"Geral\"},{\"@type\":\"BreadcrumbList\",\"@id\":\"https:\\\/\\\/www.jornalja.com.br\\\/arquivo\\\/barco-e-onibus-se-integram-para-novo-roteiro-turistico\\\/#breadcrumblist\",\"itemListElement\":[{\"@type\":\"ListItem\",\"@id\":\"https:\\\/\\\/www.jornalja.com.br\\\/arquivo#listItem\",\"position\":1,\"name\":\"Home\",\"item\":\"https:\\\/\\\/www.jornalja.com.br\\\/arquivo\",\"nextItem\":{\"@type\":\"ListItem\",\"@id\":\"https:\\\/\\\/www.jornalja.com.br\\\/arquivo\\\/category\\\/geral\\\/#listItem\",\"name\":\"Geral\"}},{\"@type\":\"ListItem\",\"@id\":\"https:\\\/\\\/www.jornalja.com.br\\\/arquivo\\\/category\\\/geral\\\/#listItem\",\"position\":2,\"name\":\"Geral\",\"item\":\"https:\\\/\\\/www.jornalja.com.br\\\/arquivo\\\/category\\\/geral\\\/\",\"nextItem\":{\"@type\":\"ListItem\",\"@id\":\"https:\\\/\\\/www.jornalja.com.br\\\/arquivo\\\/barco-e-onibus-se-integram-para-novo-roteiro-turistico\\\/#listItem\",\"name\":\"Barco e \\u00f4nibus se integram para novo roteiro tur\\u00edstico\"},\"previousItem\":{\"@type\":\"ListItem\",\"@id\":\"https:\\\/\\\/www.jornalja.com.br\\\/arquivo#listItem\",\"name\":\"Home\"}},{\"@type\":\"ListItem\",\"@id\":\"https:\\\/\\\/www.jornalja.com.br\\\/arquivo\\\/barco-e-onibus-se-integram-para-novo-roteiro-turistico\\\/#listItem\",\"position\":3,\"name\":\"Barco e \\u00f4nibus se integram para novo roteiro tur\\u00edstico\",\"previousItem\":{\"@type\":\"ListItem\",\"@id\":\"https:\\\/\\\/www.jornalja.com.br\\\/arquivo\\\/category\\\/geral\\\/#listItem\",\"name\":\"Geral\"}}]},{\"@type\":\"Organization\",\"@id\":\"https:\\\/\\\/www.jornalja.com.br\\\/arquivo\\\/#organization\",\"name\":\"Jornal J\\u00c1\",\"description\":\"Jornal J\\u00c1 | Porto Alegre\",\"url\":\"https:\\\/\\\/www.jornalja.com.br\\\/arquivo\\\/\",\"telephone\":\"+555133307272\",\"logo\":{\"@type\":\"ImageObject\",\"url\":\"https:\\\/\\\/www.jornalja.com.br\\\/wp-content\\\/uploads\\\/cards\\\/JAslogan.png\",\"@id\":\"https:\\\/\\\/www.jornalja.com.br\\\/arquivo\\\/barco-e-onibus-se-integram-para-novo-roteiro-turistico\\\/#organizationLogo\"},\"image\":{\"@id\":\"https:\\\/\\\/www.jornalja.com.br\\\/arquivo\\\/barco-e-onibus-se-integram-para-novo-roteiro-turistico\\\/#organizationLogo\"}},{\"@type\":\"Person\",\"@id\":\"https:\\\/\\\/www.jornalja.com.br\\\/arquivo\\\/author\\\/daredacao\\\/#author\",\"url\":\"https:\\\/\\\/www.jornalja.com.br\\\/arquivo\\\/author\\\/daredacao\\\/\",\"name\":\"da Reda\\u00e7\\u00e3o\",\"image\":{\"@type\":\"ImageObject\",\"@id\":\"https:\\\/\\\/www.jornalja.com.br\\\/arquivo\\\/barco-e-onibus-se-integram-para-novo-roteiro-turistico\\\/#authorImage\",\"url\":\"https:\\\/\\\/secure.gravatar.com\\\/avatar\\\/469fd857d6605ad19919d27ed29d35a968a25f6e8fd9318356bbb7f57aae9c65?s=96&d=mm&r=g\",\"width\":96,\"height\":96,\"caption\":\"da Reda\\u00e7\\u00e3o\"}},{\"@type\":\"WebPage\",\"@id\":\"https:\\\/\\\/www.jornalja.com.br\\\/arquivo\\\/barco-e-onibus-se-integram-para-novo-roteiro-turistico\\\/#webpage\",\"url\":\"https:\\\/\\\/www.jornalja.com.br\\\/arquivo\\\/barco-e-onibus-se-integram-para-novo-roteiro-turistico\\\/\",\"name\":\"Barco e \\u00f4nibus se integram para novo roteiro tur\\u00edstico | Arquivo\",\"inLanguage\":\"pt-BR\",\"isPartOf\":{\"@id\":\"https:\\\/\\\/www.jornalja.com.br\\\/arquivo\\\/#website\"},\"breadcrumb\":{\"@id\":\"https:\\\/\\\/www.jornalja.com.br\\\/arquivo\\\/barco-e-onibus-se-integram-para-novo-roteiro-turistico\\\/#breadcrumblist\"},\"author\":{\"@id\":\"https:\\\/\\\/www.jornalja.com.br\\\/arquivo\\\/author\\\/daredacao\\\/#author\"},\"creator\":{\"@id\":\"https:\\\/\\\/www.jornalja.com.br\\\/arquivo\\\/author\\\/daredacao\\\/#author\"},\"image\":{\"@type\":\"ImageObject\",\"url\":44662,\"@id\":\"https:\\\/\\\/www.jornalja.com.br\\\/arquivo\\\/barco-e-onibus-se-integram-para-novo-roteiro-turistico\\\/#mainImage\"},\"primaryImageOfPage\":{\"@id\":\"https:\\\/\\\/www.jornalja.com.br\\\/arquivo\\\/barco-e-onibus-se-integram-para-novo-roteiro-turistico\\\/#mainImage\"},\"datePublished\":\"2017-02-18T19:34:31-02:00\",\"dateModified\":\"2017-02-18T19:34:31-02:00\"},{\"@type\":\"WebSite\",\"@id\":\"https:\\\/\\\/www.jornalja.com.br\\\/arquivo\\\/#website\",\"url\":\"https:\\\/\\\/www.jornalja.com.br\\\/arquivo\\\/\",\"name\":\"Arquivo\",\"description\":\"Jornal J\\u00c1 | Porto Alegre\",\"inLanguage\":\"pt-BR\",\"publisher\":{\"@id\":\"https:\\\/\\\/www.jornalja.com.br\\\/arquivo\\\/#organization\"}}]}\n\t\t<\/script>\n\t\t<!-- All in One SEO -->\n\n","aioseo_head_json":{"title":"Barco e \u00f4nibus se integram para novo roteiro tur\u00edstico | Arquivo","description":"","canonical_url":"https:\/\/www.jornalja.com.br\/arquivo\/barco-e-onibus-se-integram-para-novo-roteiro-turistico\/","robots":"max-image-preview:large","keywords":"","webmasterTools":{"miscellaneous":""},"schema":{"@context":"https:\/\/schema.org","@graph":[{"@type":"BlogPosting","@id":"https:\/\/www.jornalja.com.br\/arquivo\/barco-e-onibus-se-integram-para-novo-roteiro-turistico\/#blogposting","name":"Barco e \u00f4nibus se integram para novo roteiro tur\u00edstico | Arquivo","headline":"Barco e \u00f4nibus se integram para novo roteiro tur\u00edstico","author":{"@id":"https:\/\/www.jornalja.com.br\/arquivo\/author\/daredacao\/#author"},"publisher":{"@id":"https:\/\/www.jornalja.com.br\/arquivo\/#organization"},"image":{"@type":"ImageObject","url":44662},"datePublished":"2017-02-18T19:34:31-02:00","dateModified":"2017-02-18T19:34:31-02:00","inLanguage":"pt-BR","mainEntityOfPage":{"@id":"https:\/\/www.jornalja.com.br\/arquivo\/barco-e-onibus-se-integram-para-novo-roteiro-turistico\/#webpage"},"isPartOf":{"@id":"https:\/\/www.jornalja.com.br\/arquivo\/barco-e-onibus-se-integram-para-novo-roteiro-turistico\/#webpage"},"articleSection":"Geral"},{"@type":"BreadcrumbList","@id":"https:\/\/www.jornalja.com.br\/arquivo\/barco-e-onibus-se-integram-para-novo-roteiro-turistico\/#breadcrumblist","itemListElement":[{"@type":"ListItem","@id":"https:\/\/www.jornalja.com.br\/arquivo#listItem","position":1,"name":"Home","item":"https:\/\/www.jornalja.com.br\/arquivo","nextItem":{"@type":"ListItem","@id":"https:\/\/www.jornalja.com.br\/arquivo\/category\/geral\/#listItem","name":"Geral"}},{"@type":"ListItem","@id":"https:\/\/www.jornalja.com.br\/arquivo\/category\/geral\/#listItem","position":2,"name":"Geral","item":"https:\/\/www.jornalja.com.br\/arquivo\/category\/geral\/","nextItem":{"@type":"ListItem","@id":"https:\/\/www.jornalja.com.br\/arquivo\/barco-e-onibus-se-integram-para-novo-roteiro-turistico\/#listItem","name":"Barco e \u00f4nibus se integram para novo roteiro tur\u00edstico"},"previousItem":{"@type":"ListItem","@id":"https:\/\/www.jornalja.com.br\/arquivo#listItem","name":"Home"}},{"@type":"ListItem","@id":"https:\/\/www.jornalja.com.br\/arquivo\/barco-e-onibus-se-integram-para-novo-roteiro-turistico\/#listItem","position":3,"name":"Barco e \u00f4nibus se integram para novo roteiro tur\u00edstico","previousItem":{"@type":"ListItem","@id":"https:\/\/www.jornalja.com.br\/arquivo\/category\/geral\/#listItem","name":"Geral"}}]},{"@type":"Organization","@id":"https:\/\/www.jornalja.com.br\/arquivo\/#organization","name":"Jornal J\u00c1","description":"Jornal J\u00c1 | Porto Alegre","url":"https:\/\/www.jornalja.com.br\/arquivo\/","telephone":"+555133307272","logo":{"@type":"ImageObject","url":"https:\/\/www.jornalja.com.br\/wp-content\/uploads\/cards\/JAslogan.png","@id":"https:\/\/www.jornalja.com.br\/arquivo\/barco-e-onibus-se-integram-para-novo-roteiro-turistico\/#organizationLogo"},"image":{"@id":"https:\/\/www.jornalja.com.br\/arquivo\/barco-e-onibus-se-integram-para-novo-roteiro-turistico\/#organizationLogo"}},{"@type":"Person","@id":"https:\/\/www.jornalja.com.br\/arquivo\/author\/daredacao\/#author","url":"https:\/\/www.jornalja.com.br\/arquivo\/author\/daredacao\/","name":"da Reda\u00e7\u00e3o","image":{"@type":"ImageObject","@id":"https:\/\/www.jornalja.com.br\/arquivo\/barco-e-onibus-se-integram-para-novo-roteiro-turistico\/#authorImage","url":"https:\/\/secure.gravatar.com\/avatar\/469fd857d6605ad19919d27ed29d35a968a25f6e8fd9318356bbb7f57aae9c65?s=96&d=mm&r=g","width":96,"height":96,"caption":"da Reda\u00e7\u00e3o"}},{"@type":"WebPage","@id":"https:\/\/www.jornalja.com.br\/arquivo\/barco-e-onibus-se-integram-para-novo-roteiro-turistico\/#webpage","url":"https:\/\/www.jornalja.com.br\/arquivo\/barco-e-onibus-se-integram-para-novo-roteiro-turistico\/","name":"Barco e \u00f4nibus se integram para novo roteiro tur\u00edstico | Arquivo","inLanguage":"pt-BR","isPartOf":{"@id":"https:\/\/www.jornalja.com.br\/arquivo\/#website"},"breadcrumb":{"@id":"https:\/\/www.jornalja.com.br\/arquivo\/barco-e-onibus-se-integram-para-novo-roteiro-turistico\/#breadcrumblist"},"author":{"@id":"https:\/\/www.jornalja.com.br\/arquivo\/author\/daredacao\/#author"},"creator":{"@id":"https:\/\/www.jornalja.com.br\/arquivo\/author\/daredacao\/#author"},"image":{"@type":"ImageObject","url":44662,"@id":"https:\/\/www.jornalja.com.br\/arquivo\/barco-e-onibus-se-integram-para-novo-roteiro-turistico\/#mainImage"},"primaryImageOfPage":{"@id":"https:\/\/www.jornalja.com.br\/arquivo\/barco-e-onibus-se-integram-para-novo-roteiro-turistico\/#mainImage"},"datePublished":"2017-02-18T19:34:31-02:00","dateModified":"2017-02-18T19:34:31-02:00"},{"@type":"WebSite","@id":"https:\/\/www.jornalja.com.br\/arquivo\/#website","url":"https:\/\/www.jornalja.com.br\/arquivo\/","name":"Arquivo","description":"Jornal J\u00c1 | Porto Alegre","inLanguage":"pt-BR","publisher":{"@id":"https:\/\/www.jornalja.com.br\/arquivo\/#organization"}}]},"og:locale":"pt_BR","og:site_name":"Arquivo | Jornal J\u00c1 | Porto Alegre","og:type":"article","og:title":"Barco e \u00f4nibus se integram para novo roteiro tur\u00edstico | Arquivo","og:url":"https:\/\/www.jornalja.com.br\/arquivo\/barco-e-onibus-se-integram-para-novo-roteiro-turistico\/","og:image":"https:\/\/www.jornalja.com.br\/economics\/wp-content\/uploads\/sites\/11\/2026\/08\/ja-folhaderosto-facebook.jpg","og:image:secure_url":"https:\/\/www.jornalja.com.br\/economics\/wp-content\/uploads\/sites\/11\/2026\/08\/ja-folhaderosto-facebook.jpg","article:published_time":"2017-02-18T22:34:31+00:00","article:modified_time":"2017-02-18T22:34:31+00:00","twitter:card":"summary","twitter:title":"Barco e \u00f4nibus se integram para novo roteiro tur\u00edstico | Arquivo","twitter:image":"https:\/\/www.jornalja.com.br\/economics\/wp-content\/uploads\/sites\/11\/2026\/08\/ja-folhaderosto-facebook.jpg"},"aioseo_meta_data":{"post_id":"44661","title":null,"description":null,"keywords":null,"keyphrases":null,"primary_term":null,"canonical_url":null,"og_title":null,"og_description":null,"og_object_type":"default","og_image_type":"default","og_image_url":null,"og_image_width":null,"og_image_height":null,"og_image_custom_url":null,"og_image_custom_fields":null,"og_video":null,"og_custom_url":null,"og_article_section":null,"og_article_tags":null,"twitter_use_og":false,"twitter_card":"default","twitter_image_type":"default","twitter_image_url":null,"twitter_image_custom_url":null,"twitter_image_custom_fields":null,"twitter_title":null,"twitter_description":null,"schema":{"blockGraphs":[],"customGraphs":[],"default":{"data":{"Article":[],"Course":[],"Dataset":[],"FAQPage":[],"Movie":[],"Person":[],"Product":[],"ProductReview":[],"Car":[],"Recipe":[],"Service":[],"SoftwareApplication":[],"WebPage":[]},"graphName":"","isEnabled":true},"graphs":[],"defaultGraph":"","defaultPostTypeGraph":""},"schema_type":null,"schema_type_options":null,"pillar_content":false,"robots_default":true,"robots_noindex":false,"robots_noarchive":false,"robots_nosnippet":false,"robots_nofollow":false,"robots_noimageindex":false,"robots_noodp":false,"robots_notranslate":false,"robots_max_snippet":null,"robots_max_videopreview":null,"robots_max_imagepreview":"large","priority":null,"frequency":null,"location":null,"local_seo":null,"breadcrumb_settings":null,"limit_modified_date":false,"ai":null,"created":"2020-12-20 20:40:47","updated":"2025-07-19 20:07:52","seo_analyzer_scan_date":null,"focus_keyword":null,"additional_keywords":null,"truseo_locale":null},"jetpack_sharing_enabled":true,"jetpack-related-posts":[{"id":13124,"url":"https:\/\/www.jornalja.com.br\/arquivo\/sangue-latino-no-iecine\/","url_meta":{"origin":44661,"position":0},"title":"Sangue latino no IECINE","author":"da Reda\u00e7\u00e3o","date":"18 de maio de 2014","format":false,"excerpt":"Francisco Ribeiro O Instituto Estadual de Cinema (IECINE) tem a frente, desde abril \u00faltimo, um novo diretor, o cineasta colombiano Juan Zapata, 36, que substitui Luiz Alberto Cassol. Radicado h\u00e1 dez anos em Porto Alegre, Zapata tem diante de si o desafio de conduzir at\u00e9 o final do ano um\u2026","rel":"","context":"Em &quot;Cultura-Geral&quot;","block_context":{"text":"Cultura-Geral","link":"https:\/\/www.jornalja.com.br\/arquivo\/category\/materiasecundaria\/"},"img":{"alt_text":"","src":"","width":0,"height":0},"classes":[]},{"id":14241,"url":"https:\/\/www.jornalja.com.br\/arquivo\/o-guaiba-nas-imagens-poeticas-de-achutti\/","url_meta":{"origin":44661,"position":1},"title":"O Gua\u00edba nas imagens po\u00e9ticas de Achutti","author":"da Reda\u00e7\u00e3o","date":"18 de junho de 2014","format":false,"excerpt":"Em \u201cO Gua\u00edba por Achutti\u201d \u2013 obra financiada via Minist\u00e9rio da Cultura, produ\u00e7\u00e3o executiva de Pedro Longhi, e Fl\u00e1vio Wild como designer \u2013, o fot\u00f3grafo revela a beleza e as mazelas de um espa\u00e7o aqu\u00e1tico de \u00e1guas sempre renovadas, cheio de hist\u00f3rias e lendas como as das cidades que foram\u2026","rel":"","context":"Em &quot;Cultura-Geral&quot;","block_context":{"text":"Cultura-Geral","link":"https:\/\/www.jornalja.com.br\/arquivo\/category\/materiasecundaria\/"},"img":{"alt_text":"","src":"","width":0,"height":0},"classes":[]},{"id":1280,"url":"https:\/\/www.jornalja.com.br\/arquivo\/o-menino-que-se-tornou-brizola\/","url_meta":{"origin":44661,"position":2},"title":"O Menino que se Tornou Brizola","author":"da Reda\u00e7\u00e3o","date":"28 de julho de 2008","format":false,"excerpt":"Autor: Cleber Dioni A vida de Leonel Brizola, com \u00eanfase para os primeiros anos em Porto Alegre, at\u00e9 o ex\u00edlio no Uruguai e a volta, quinze anos depois. \u00a0\"...\u00c9ramos todos jovens e nos identific\u00e1vamos com aquela massa an\u00f4nima a percorrer as ruas de Porto Alegre, gritando 'Get\u00falio', 'Get\u00falio' e empunhando\u2026","rel":"","context":"Em &quot;Livros&quot;","block_context":{"text":"Livros","link":"https:\/\/www.jornalja.com.br\/arquivo\/category\/livros\/"},"img":{"alt_text":"","src":"https:\/\/i0.wp.com\/www.jornalja.com.br\/wp-content\/uploads\/2008\/07\/brizola.gif?resize=350%2C200&ssl=1","width":350,"height":200},"classes":[]},{"id":13240,"url":"https:\/\/www.jornalja.com.br\/arquivo\/plano-diretor-estamos-construindo-o-caos\/","url_meta":{"origin":44661,"position":3},"title":"Plano diretor: &quot;Estamos construindo o caos&quot;","author":"Patr\u00edcia Marini","date":"26 de maio de 2014","format":false,"excerpt":"Desabafo que arquiteta Eliana Castilhos, delegada da Regi\u00e3o de Planejamento 1, postou nas redes sociais \u00e9 um testemunho do ambiente que se criou no Conselho do Plano Diretor de Porto Alegre, onde a aprova\u00e7\u00e3o de grandes empreendimentos \u00e9 empurrada guela abaixo dos conselheiros. Ao CMDUA Como delegada da Regi\u00e3o de\u2026","rel":"","context":"Em &quot;Geral&quot;","block_context":{"text":"Geral","link":"https:\/\/www.jornalja.com.br\/arquivo\/category\/geral\/"},"img":{"alt_text":"","src":"","width":0,"height":0},"classes":[]},{"id":13239,"url":"https:\/\/www.jornalja.com.br\/arquivo\/conselho-desdenha-do-plano-diretor\/","url_meta":{"origin":44661,"position":4},"title":"Porto Alegre: Conselho detona Plano Diretor","author":"Patr\u00edcia Marini","date":"25 de maio de 2014","format":false,"excerpt":"Den\u00fancia do arquiteto e \u00a0urbanista Ibir\u00e1 Santos Lucas. Ele diz que os conselheiros est\u00e3o votando com \"enorme irresponsabilidade\". \"Mudam regime com a maior naturalidade,,,regularizam absurdos de constru\u00e7\u00f5es irregulares... \"O CMDUA est\u00e1 flexibilizando a lei do plano diretor, de uma forma impactante na vida da cidade. Mudam regime com a maior\u2026","rel":"","context":"Em &quot;Geral&quot;","block_context":{"text":"Geral","link":"https:\/\/www.jornalja.com.br\/arquivo\/category\/geral\/"},"img":{"alt_text":"","src":"","width":0,"height":0},"classes":[]},{"id":5440,"url":"https:\/\/www.jornalja.com.br\/arquivo\/casarao-da-venancio-destino-permanece-incerto\/","url_meta":{"origin":44661,"position":5},"title":"Estado ainda n\u00e3o sabe o que fazer com casar\u00e3o abandonado h\u00e1 20 anos","author":"Elmar Bones","date":"6 de julho de 2009","format":false,"excerpt":"O casar\u00e3o amarelo, numa esquina nobre de Porto Alegre (Ven\u00e2ncio Aires com Jo\u00e3o Pessoa), j\u00e1 abrigou uma escola. H\u00e1 duas d\u00e9cadas, pelo menos, est\u00e1 abandonado, porque seu propriet\u00e1rio, o governo do Estado do Rio Grande do Sul, n\u00e3o consegue achar um destino para ele. Planos n\u00e3o faltaram. O governador Ol\u00edvio\u2026","rel":"","context":"Em &quot;X.Categorias velhas&quot;","block_context":{"text":"X.Categorias velhas","link":"https:\/\/www.jornalja.com.br\/arquivo\/category\/x-categorias-velhas\/"},"img":{"alt_text":"geraldo1","src":"https:\/\/i0.wp.com\/www.jornalja.com.br\/wp-content\/uploads\/2009\/07\/geraldo1.jpg?resize=350%2C200&ssl=1","width":350,"height":200},"classes":[]}],"jetpack_shortlink":"https:\/\/wp.me\/pbQjBd-bCl","jetpack_featured_media_url":"","_links":{"self":[{"href":"https:\/\/www.jornalja.com.br\/arquivo\/wp-json\/wp\/v2\/posts\/44661","targetHints":{"allow":["GET"]}}],"collection":[{"href":"https:\/\/www.jornalja.com.br\/arquivo\/wp-json\/wp\/v2\/posts"}],"about":[{"href":"https:\/\/www.jornalja.com.br\/arquivo\/wp-json\/wp\/v2\/types\/post"}],"author":[{"embeddable":true,"href":"https:\/\/www.jornalja.com.br\/arquivo\/wp-json\/wp\/v2\/users\/4"}],"replies":[{"embeddable":true,"href":"https:\/\/www.jornalja.com.br\/arquivo\/wp-json\/wp\/v2\/comments?post=44661"}],"version-history":[{"count":0,"href":"https:\/\/www.jornalja.com.br\/arquivo\/wp-json\/wp\/v2\/posts\/44661\/revisions"}],"wp:attachment":[{"href":"https:\/\/www.jornalja.com.br\/arquivo\/wp-json\/wp\/v2\/media?parent=44661"}],"wp:term":[{"taxonomy":"category","embeddable":true,"href":"https:\/\/www.jornalja.com.br\/arquivo\/wp-json\/wp\/v2\/categories?post=44661"},{"taxonomy":"post_tag","embeddable":true,"href":"https:\/\/www.jornalja.com.br\/arquivo\/wp-json\/wp\/v2\/tags?post=44661"}],"curies":[{"name":"wp","href":"https:\/\/api.w.org\/{rel}","templated":true}]}}