{"id":44685,"date":"2017-02-15T17:18:36","date_gmt":"2017-02-15T20:18:36","guid":{"rendered":"https:\/\/www.jornalja.com.br\/?p=44685"},"modified":"2017-02-15T17:18:36","modified_gmt":"2017-02-15T20:18:36","slug":"em-nota-governo-sartori-nega-venda-de-area-publica-ambiental","status":"publish","type":"post","link":"https:\/\/www.jornalja.com.br\/arquivo\/em-nota-governo-sartori-nega-venda-de-area-publica-ambiental\/","title":{"rendered":"Em nota, governo Sartori nega venda de \u00e1rea p\u00fablica ambiental"},"content":{"rendered":"<p>O Governo do Estado do Rio Grande do Sul, em nota oficial \u00a0postada em seu site \u00e0s 15 horas desta quarta-feira, nega\u00a0que pretenda vender o\u00a0Jardim Bot\u00e2nico de Porto Alegre.<br \/>\nA nota \u00e9 uma resposta \u00e0 &#8220;noticiais veiculadas nesta quarta-feira&#8221; sobre uma suposta venda do JB e outras \u00e1reas p\u00fablicas consideradas de preserva\u00e7\u00e3o ambiental.<br \/>\nO Estado reitera na nota que o terreno do Jardim Bot\u00e2nico, assim como o\u00a0 Parque Zool\u00f3gico de Sapucaia do Sul, o acervo do Museu Rio-Grandense de Ci\u00eancias Naturais s\u00e3o\u00a0bens p\u00fablicos e Patrim\u00f4nio Ambiental do Estado a serem preservados.<br \/>\nNo m\u00eas de janeiro deste ano boatos correram pelas redes sociais que a Maiojama (\u00a0Incorporadora Imobili\u00e1ria ligada ao grupo RBS) estaria interessada no terreno do Jardim Bot\u00e2nico. Tamb\u00e9m em nota, a empresa desmentiu os boatos.<br \/>\nConfira abaixo, a nota oficial do Governo do Estado:<br \/>\n<strong><em>Not\u00edcias veiculadas nesta quarta-feira (16) d\u00e3o conta de que o Minist\u00e9rio P\u00fablico Estadual (MPE) ajuizou a\u00e7\u00e3o p\u00fablica para impedir a suposta venda da \u00e1rea do Jardim Bot\u00e2nico de Porto Alegre e preservar o patrim\u00f4nio cient\u00edfico da Funda\u00e7\u00e3o Zoobot\u00e2nica e do Museu de Ci\u00eancias Naturais.\u00a0<\/em><\/strong><br \/>\n<strong><em>A iniciativa de ajuizamento do MPE n\u00e3o leva em conta que a lei de extin\u00e7\u00e3o aprovada no Plano de Moderniza\u00e7\u00e3o do Estado j\u00e1 declara o Parque Zool\u00f3gico de Sapucaia do Sul, o acervo do Museu Rio-Grandense de Ci\u00eancias Naturais e o Jardim Bot\u00e2nico de Porto Alegre como bens p\u00fablicos e Patrim\u00f4nio Ambiental do Estado a serem preservados.\u00a0Portanto, a preocupa\u00e7\u00e3o com o patrim\u00f4nio ambiental e cient\u00edfico sempre fez parte da pol\u00edtica do Governo do Estado.\u00a0<\/em><\/strong><br \/>\n<strong><em>Conforme explicitado na lei 14.982\/2017, no seu artigo 8\u00ba, ficam declarados como integrantes do Patrim\u00f4nio Ambiental do Estado, a serem preservados, vedada destina\u00e7\u00e3o diversa, o Jardim Bot\u00e2nico, o acervo do Museu Rio-Grandense de Ci\u00eancias Naturais e o Parque Zool\u00f3gico de Sapucaia.<\/em><\/strong><br \/>\n<strong><em>O patrim\u00f4nio formado pelos im\u00f3veis, m\u00f3veis, benfeitorias, instala\u00e7\u00f5es e acervo integrantes desses bens, cuja preserva\u00e7\u00e3o e prote\u00e7\u00e3o s\u00e3o de interesse p\u00fablico em raz\u00e3o do valor ambiental, cient\u00edfico e paisag\u00edstico, passa \u00e0 gest\u00e3o da Secretaria do Ambiente e Desenvolvimento Sustent\u00e1vel.\u00a0<\/em><\/strong><br \/>\n<strong><em>Como se percebe, a venda desses patrim\u00f4nios n\u00e3o \u00e9 permitida por lei. A Funda\u00e7\u00e3o Zoobot\u00e2nica, bem como as outras funda\u00e7\u00f5es abrangidas pelo Plano de Moderniza\u00e7\u00e3o do Estado, passam por um per\u00edodo de transi\u00e7\u00e3o, com o \u00fanico objetivo de gerar maior efici\u00eancia com menos custos para a popula\u00e7\u00e3o. As atividades essenciais exercidas por essas funda\u00e7\u00f5es ter\u00e3o continuidade, com algumas de suas atribui\u00e7\u00f5es sendo transferidas a parcerias p\u00fablico-privadas ou para as pr\u00f3prias secretarias a que est\u00e3o vinculadas. Todo o trabalho \u00e9 feito sob motiva\u00e7\u00e3o do interesse p\u00fablico em todas as suas dimens\u00f5es.<\/em><\/strong><br \/>\n<strong><em>Independentemente do procedimento legal adotado para o novo formato de gest\u00e3o, o Estado segue como gestor, vigilante e fiscalizador para que os servi\u00e7os voltados ao conhecimento e os espa\u00e7os de preserva\u00e7\u00e3o de flora e fauna sigam mantidos com maior efici\u00eancia.<\/em><\/strong><br \/>\n<strong><em>Governo do Estado do Rio Grande do Sul\u00a0<\/em><\/strong><\/p>\n","protected":false},"excerpt":{"rendered":"<p>O Governo do Estado do Rio Grande do Sul, em nota oficial \u00a0postada em seu site \u00e0s 15 horas desta quarta-feira, nega\u00a0que pretenda vender o\u00a0Jardim Bot\u00e2nico de Porto Alegre. A nota \u00e9 uma resposta \u00e0 &#8220;noticiais veiculadas nesta quarta-feira&#8221; sobre uma suposta venda do JB e outras \u00e1reas p\u00fablicas consideradas de preserva\u00e7\u00e3o ambiental. O Estado [&hellip;]<\/p>\n","protected":false},"author":4,"featured_media":43265,"comment_status":"open","ping_status":"closed","sticky":false,"template":"","format":"standard","meta":{"_jetpack_newsletter_access":"","_jetpack_dont_email_post_to_subs":false,"_jetpack_newsletter_tier_id":0,"_jetpack_memberships_contains_paywalled_content":false,"_jetpack_feature_clip_id":0,"_jetpack_memberships_contains_paid_content":false,"footnotes":"","jetpack_post_was_ever_published":false},"categories":[26],"tags":[],"class_list":["post-44685","post","type-post","status-publish","format-standard","has-post-thumbnail","hentry","category-geral"],"aioseo_notices":[],"aioseo_head":"\n\t\t<!-- All in One SEO 5.0.1.1 - aioseo.com -->\n\t<meta name=\"robots\" content=\"max-image-preview:large\" \/>\n\t<meta name=\"author\" content=\"da Reda\u00e7\u00e3o\"\/>\n\t<link rel=\"canonical\" href=\"https:\/\/www.jornalja.com.br\/arquivo\/em-nota-governo-sartori-nega-venda-de-area-publica-ambiental\/\" \/>\n\t<meta name=\"generator\" content=\"All in One SEO (AIOSEO) 5.0.1.1\" \/>\n\t\t<meta property=\"og:locale\" content=\"pt_BR\" \/>\n\t\t<meta property=\"og:site_name\" content=\"Arquivo | Jornal J\u00c1 | Porto Alegre\" \/>\n\t\t<meta property=\"og:type\" content=\"article\" \/>\n\t\t<meta property=\"og:title\" content=\"Em nota, governo Sartori nega venda de \u00e1rea p\u00fablica ambiental | Arquivo\" \/>\n\t\t<meta property=\"og:url\" content=\"https:\/\/www.jornalja.com.br\/arquivo\/em-nota-governo-sartori-nega-venda-de-area-publica-ambiental\/\" \/>\n\t\t<meta property=\"og:image\" content=\"https:\/\/www.jornalja.com.br\/economics\/wp-content\/uploads\/sites\/11\/2026\/08\/ja-folhaderosto-facebook.jpg\" \/>\n\t\t<meta property=\"og:image:secure_url\" content=\"https:\/\/www.jornalja.com.br\/economics\/wp-content\/uploads\/sites\/11\/2026\/08\/ja-folhaderosto-facebook.jpg\" \/>\n\t\t<meta property=\"article:published_time\" content=\"2017-02-15T20:18:36+00:00\" \/>\n\t\t<meta property=\"article:modified_time\" content=\"2017-02-15T20:18:36+00:00\" \/>\n\t\t<meta name=\"twitter:card\" content=\"summary\" \/>\n\t\t<meta name=\"twitter:title\" content=\"Em nota, governo Sartori nega venda de \u00e1rea p\u00fablica ambiental | Arquivo\" \/>\n\t\t<meta name=\"twitter:image\" content=\"https:\/\/www.jornalja.com.br\/economics\/wp-content\/uploads\/sites\/11\/2026\/08\/ja-folhaderosto-facebook.jpg\" \/>\n\t\t<script type=\"application\/ld+json\" class=\"aioseo-schema\">\n\t\t\t{\"@context\":\"https:\\\/\\\/schema.org\",\"@graph\":[{\"@type\":\"BlogPosting\",\"@id\":\"https:\\\/\\\/www.jornalja.com.br\\\/arquivo\\\/em-nota-governo-sartori-nega-venda-de-area-publica-ambiental\\\/#blogposting\",\"name\":\"Em nota, governo Sartori nega venda de \\u00e1rea p\\u00fablica ambiental | Arquivo\",\"headline\":\"Em nota, governo Sartori nega venda de \\u00e1rea p\\u00fablica ambiental\",\"author\":{\"@id\":\"https:\\\/\\\/www.jornalja.com.br\\\/arquivo\\\/author\\\/daredacao\\\/#author\"},\"publisher\":{\"@id\":\"https:\\\/\\\/www.jornalja.com.br\\\/arquivo\\\/#organization\"},\"image\":{\"@type\":\"ImageObject\",\"url\":43265},\"datePublished\":\"2017-02-15T17:18:36-02:00\",\"dateModified\":\"2017-02-15T17:18:36-02:00\",\"inLanguage\":\"pt-BR\",\"commentCount\":2,\"mainEntityOfPage\":{\"@id\":\"https:\\\/\\\/www.jornalja.com.br\\\/arquivo\\\/em-nota-governo-sartori-nega-venda-de-area-publica-ambiental\\\/#webpage\"},\"isPartOf\":{\"@id\":\"https:\\\/\\\/www.jornalja.com.br\\\/arquivo\\\/em-nota-governo-sartori-nega-venda-de-area-publica-ambiental\\\/#webpage\"},\"articleSection\":\"Geral\"},{\"@type\":\"BreadcrumbList\",\"@id\":\"https:\\\/\\\/www.jornalja.com.br\\\/arquivo\\\/em-nota-governo-sartori-nega-venda-de-area-publica-ambiental\\\/#breadcrumblist\",\"itemListElement\":[{\"@type\":\"ListItem\",\"@id\":\"https:\\\/\\\/www.jornalja.com.br\\\/arquivo#listItem\",\"position\":1,\"name\":\"Home\",\"item\":\"https:\\\/\\\/www.jornalja.com.br\\\/arquivo\",\"nextItem\":{\"@type\":\"ListItem\",\"@id\":\"https:\\\/\\\/www.jornalja.com.br\\\/arquivo\\\/category\\\/geral\\\/#listItem\",\"name\":\"Geral\"}},{\"@type\":\"ListItem\",\"@id\":\"https:\\\/\\\/www.jornalja.com.br\\\/arquivo\\\/category\\\/geral\\\/#listItem\",\"position\":2,\"name\":\"Geral\",\"item\":\"https:\\\/\\\/www.jornalja.com.br\\\/arquivo\\\/category\\\/geral\\\/\",\"nextItem\":{\"@type\":\"ListItem\",\"@id\":\"https:\\\/\\\/www.jornalja.com.br\\\/arquivo\\\/em-nota-governo-sartori-nega-venda-de-area-publica-ambiental\\\/#listItem\",\"name\":\"Em nota, governo Sartori nega venda de \\u00e1rea p\\u00fablica ambiental\"},\"previousItem\":{\"@type\":\"ListItem\",\"@id\":\"https:\\\/\\\/www.jornalja.com.br\\\/arquivo#listItem\",\"name\":\"Home\"}},{\"@type\":\"ListItem\",\"@id\":\"https:\\\/\\\/www.jornalja.com.br\\\/arquivo\\\/em-nota-governo-sartori-nega-venda-de-area-publica-ambiental\\\/#listItem\",\"position\":3,\"name\":\"Em nota, governo Sartori nega venda de \\u00e1rea p\\u00fablica ambiental\",\"previousItem\":{\"@type\":\"ListItem\",\"@id\":\"https:\\\/\\\/www.jornalja.com.br\\\/arquivo\\\/category\\\/geral\\\/#listItem\",\"name\":\"Geral\"}}]},{\"@type\":\"Organization\",\"@id\":\"https:\\\/\\\/www.jornalja.com.br\\\/arquivo\\\/#organization\",\"name\":\"Jornal J\\u00c1\",\"description\":\"Jornal J\\u00c1 | Porto Alegre\",\"url\":\"https:\\\/\\\/www.jornalja.com.br\\\/arquivo\\\/\",\"telephone\":\"+555133307272\",\"logo\":{\"@type\":\"ImageObject\",\"url\":\"https:\\\/\\\/www.jornalja.com.br\\\/wp-content\\\/uploads\\\/cards\\\/JAslogan.png\",\"@id\":\"https:\\\/\\\/www.jornalja.com.br\\\/arquivo\\\/em-nota-governo-sartori-nega-venda-de-area-publica-ambiental\\\/#organizationLogo\"},\"image\":{\"@id\":\"https:\\\/\\\/www.jornalja.com.br\\\/arquivo\\\/em-nota-governo-sartori-nega-venda-de-area-publica-ambiental\\\/#organizationLogo\"}},{\"@type\":\"Person\",\"@id\":\"https:\\\/\\\/www.jornalja.com.br\\\/arquivo\\\/author\\\/daredacao\\\/#author\",\"url\":\"https:\\\/\\\/www.jornalja.com.br\\\/arquivo\\\/author\\\/daredacao\\\/\",\"name\":\"da Reda\\u00e7\\u00e3o\",\"image\":{\"@type\":\"ImageObject\",\"@id\":\"https:\\\/\\\/www.jornalja.com.br\\\/arquivo\\\/em-nota-governo-sartori-nega-venda-de-area-publica-ambiental\\\/#authorImage\",\"url\":\"https:\\\/\\\/secure.gravatar.com\\\/avatar\\\/469fd857d6605ad19919d27ed29d35a968a25f6e8fd9318356bbb7f57aae9c65?s=96&d=mm&r=g\",\"width\":96,\"height\":96,\"caption\":\"da Reda\\u00e7\\u00e3o\"}},{\"@type\":\"WebPage\",\"@id\":\"https:\\\/\\\/www.jornalja.com.br\\\/arquivo\\\/em-nota-governo-sartori-nega-venda-de-area-publica-ambiental\\\/#webpage\",\"url\":\"https:\\\/\\\/www.jornalja.com.br\\\/arquivo\\\/em-nota-governo-sartori-nega-venda-de-area-publica-ambiental\\\/\",\"name\":\"Em nota, governo Sartori nega venda de \\u00e1rea p\\u00fablica ambiental | Arquivo\",\"inLanguage\":\"pt-BR\",\"isPartOf\":{\"@id\":\"https:\\\/\\\/www.jornalja.com.br\\\/arquivo\\\/#website\"},\"breadcrumb\":{\"@id\":\"https:\\\/\\\/www.jornalja.com.br\\\/arquivo\\\/em-nota-governo-sartori-nega-venda-de-area-publica-ambiental\\\/#breadcrumblist\"},\"author\":{\"@id\":\"https:\\\/\\\/www.jornalja.com.br\\\/arquivo\\\/author\\\/daredacao\\\/#author\"},\"creator\":{\"@id\":\"https:\\\/\\\/www.jornalja.com.br\\\/arquivo\\\/author\\\/daredacao\\\/#author\"},\"image\":{\"@type\":\"ImageObject\",\"url\":43265,\"@id\":\"https:\\\/\\\/www.jornalja.com.br\\\/arquivo\\\/em-nota-governo-sartori-nega-venda-de-area-publica-ambiental\\\/#mainImage\"},\"primaryImageOfPage\":{\"@id\":\"https:\\\/\\\/www.jornalja.com.br\\\/arquivo\\\/em-nota-governo-sartori-nega-venda-de-area-publica-ambiental\\\/#mainImage\"},\"datePublished\":\"2017-02-15T17:18:36-02:00\",\"dateModified\":\"2017-02-15T17:18:36-02:00\"},{\"@type\":\"WebSite\",\"@id\":\"https:\\\/\\\/www.jornalja.com.br\\\/arquivo\\\/#website\",\"url\":\"https:\\\/\\\/www.jornalja.com.br\\\/arquivo\\\/\",\"name\":\"Arquivo\",\"description\":\"Jornal J\\u00c1 | Porto Alegre\",\"inLanguage\":\"pt-BR\",\"publisher\":{\"@id\":\"https:\\\/\\\/www.jornalja.com.br\\\/arquivo\\\/#organization\"}}]}\n\t\t<\/script>\n\t\t<!-- All in One SEO -->\n\n","aioseo_head_json":{"title":"Em nota, governo Sartori nega venda de \u00e1rea p\u00fablica ambiental | Arquivo","description":"","canonical_url":"https:\/\/www.jornalja.com.br\/arquivo\/em-nota-governo-sartori-nega-venda-de-area-publica-ambiental\/","robots":"max-image-preview:large","keywords":"","webmasterTools":{"miscellaneous":""},"schema":{"@context":"https:\/\/schema.org","@graph":[{"@type":"BlogPosting","@id":"https:\/\/www.jornalja.com.br\/arquivo\/em-nota-governo-sartori-nega-venda-de-area-publica-ambiental\/#blogposting","name":"Em nota, governo Sartori nega venda de \u00e1rea p\u00fablica ambiental | Arquivo","headline":"Em nota, governo Sartori nega venda de \u00e1rea p\u00fablica ambiental","author":{"@id":"https:\/\/www.jornalja.com.br\/arquivo\/author\/daredacao\/#author"},"publisher":{"@id":"https:\/\/www.jornalja.com.br\/arquivo\/#organization"},"image":{"@type":"ImageObject","url":43265},"datePublished":"2017-02-15T17:18:36-02:00","dateModified":"2017-02-15T17:18:36-02:00","inLanguage":"pt-BR","commentCount":2,"mainEntityOfPage":{"@id":"https:\/\/www.jornalja.com.br\/arquivo\/em-nota-governo-sartori-nega-venda-de-area-publica-ambiental\/#webpage"},"isPartOf":{"@id":"https:\/\/www.jornalja.com.br\/arquivo\/em-nota-governo-sartori-nega-venda-de-area-publica-ambiental\/#webpage"},"articleSection":"Geral"},{"@type":"BreadcrumbList","@id":"https:\/\/www.jornalja.com.br\/arquivo\/em-nota-governo-sartori-nega-venda-de-area-publica-ambiental\/#breadcrumblist","itemListElement":[{"@type":"ListItem","@id":"https:\/\/www.jornalja.com.br\/arquivo#listItem","position":1,"name":"Home","item":"https:\/\/www.jornalja.com.br\/arquivo","nextItem":{"@type":"ListItem","@id":"https:\/\/www.jornalja.com.br\/arquivo\/category\/geral\/#listItem","name":"Geral"}},{"@type":"ListItem","@id":"https:\/\/www.jornalja.com.br\/arquivo\/category\/geral\/#listItem","position":2,"name":"Geral","item":"https:\/\/www.jornalja.com.br\/arquivo\/category\/geral\/","nextItem":{"@type":"ListItem","@id":"https:\/\/www.jornalja.com.br\/arquivo\/em-nota-governo-sartori-nega-venda-de-area-publica-ambiental\/#listItem","name":"Em nota, governo Sartori nega venda de \u00e1rea p\u00fablica ambiental"},"previousItem":{"@type":"ListItem","@id":"https:\/\/www.jornalja.com.br\/arquivo#listItem","name":"Home"}},{"@type":"ListItem","@id":"https:\/\/www.jornalja.com.br\/arquivo\/em-nota-governo-sartori-nega-venda-de-area-publica-ambiental\/#listItem","position":3,"name":"Em nota, governo Sartori nega venda de \u00e1rea p\u00fablica ambiental","previousItem":{"@type":"ListItem","@id":"https:\/\/www.jornalja.com.br\/arquivo\/category\/geral\/#listItem","name":"Geral"}}]},{"@type":"Organization","@id":"https:\/\/www.jornalja.com.br\/arquivo\/#organization","name":"Jornal J\u00c1","description":"Jornal J\u00c1 | Porto Alegre","url":"https:\/\/www.jornalja.com.br\/arquivo\/","telephone":"+555133307272","logo":{"@type":"ImageObject","url":"https:\/\/www.jornalja.com.br\/wp-content\/uploads\/cards\/JAslogan.png","@id":"https:\/\/www.jornalja.com.br\/arquivo\/em-nota-governo-sartori-nega-venda-de-area-publica-ambiental\/#organizationLogo"},"image":{"@id":"https:\/\/www.jornalja.com.br\/arquivo\/em-nota-governo-sartori-nega-venda-de-area-publica-ambiental\/#organizationLogo"}},{"@type":"Person","@id":"https:\/\/www.jornalja.com.br\/arquivo\/author\/daredacao\/#author","url":"https:\/\/www.jornalja.com.br\/arquivo\/author\/daredacao\/","name":"da Reda\u00e7\u00e3o","image":{"@type":"ImageObject","@id":"https:\/\/www.jornalja.com.br\/arquivo\/em-nota-governo-sartori-nega-venda-de-area-publica-ambiental\/#authorImage","url":"https:\/\/secure.gravatar.com\/avatar\/469fd857d6605ad19919d27ed29d35a968a25f6e8fd9318356bbb7f57aae9c65?s=96&d=mm&r=g","width":96,"height":96,"caption":"da Reda\u00e7\u00e3o"}},{"@type":"WebPage","@id":"https:\/\/www.jornalja.com.br\/arquivo\/em-nota-governo-sartori-nega-venda-de-area-publica-ambiental\/#webpage","url":"https:\/\/www.jornalja.com.br\/arquivo\/em-nota-governo-sartori-nega-venda-de-area-publica-ambiental\/","name":"Em nota, governo Sartori nega venda de \u00e1rea p\u00fablica ambiental | Arquivo","inLanguage":"pt-BR","isPartOf":{"@id":"https:\/\/www.jornalja.com.br\/arquivo\/#website"},"breadcrumb":{"@id":"https:\/\/www.jornalja.com.br\/arquivo\/em-nota-governo-sartori-nega-venda-de-area-publica-ambiental\/#breadcrumblist"},"author":{"@id":"https:\/\/www.jornalja.com.br\/arquivo\/author\/daredacao\/#author"},"creator":{"@id":"https:\/\/www.jornalja.com.br\/arquivo\/author\/daredacao\/#author"},"image":{"@type":"ImageObject","url":43265,"@id":"https:\/\/www.jornalja.com.br\/arquivo\/em-nota-governo-sartori-nega-venda-de-area-publica-ambiental\/#mainImage"},"primaryImageOfPage":{"@id":"https:\/\/www.jornalja.com.br\/arquivo\/em-nota-governo-sartori-nega-venda-de-area-publica-ambiental\/#mainImage"},"datePublished":"2017-02-15T17:18:36-02:00","dateModified":"2017-02-15T17:18:36-02:00"},{"@type":"WebSite","@id":"https:\/\/www.jornalja.com.br\/arquivo\/#website","url":"https:\/\/www.jornalja.com.br\/arquivo\/","name":"Arquivo","description":"Jornal J\u00c1 | Porto Alegre","inLanguage":"pt-BR","publisher":{"@id":"https:\/\/www.jornalja.com.br\/arquivo\/#organization"}}]},"og:locale":"pt_BR","og:site_name":"Arquivo | Jornal J\u00c1 | Porto Alegre","og:type":"article","og:title":"Em nota, governo Sartori nega venda de \u00e1rea p\u00fablica ambiental | Arquivo","og:url":"https:\/\/www.jornalja.com.br\/arquivo\/em-nota-governo-sartori-nega-venda-de-area-publica-ambiental\/","og:image":"https:\/\/www.jornalja.com.br\/economics\/wp-content\/uploads\/sites\/11\/2026\/08\/ja-folhaderosto-facebook.jpg","og:image:secure_url":"https:\/\/www.jornalja.com.br\/economics\/wp-content\/uploads\/sites\/11\/2026\/08\/ja-folhaderosto-facebook.jpg","article:published_time":"2017-02-15T20:18:36+00:00","article:modified_time":"2017-02-15T20:18:36+00:00","twitter:card":"summary","twitter:title":"Em nota, governo Sartori nega venda de \u00e1rea p\u00fablica ambiental | Arquivo","twitter:image":"https:\/\/www.jornalja.com.br\/economics\/wp-content\/uploads\/sites\/11\/2026\/08\/ja-folhaderosto-facebook.jpg"},"aioseo_meta_data":{"post_id":"44685","title":null,"description":null,"keywords":null,"keyphrases":null,"primary_term":null,"canonical_url":null,"og_title":null,"og_description":null,"og_object_type":"default","og_image_type":"default","og_image_url":null,"og_image_width":null,"og_image_height":null,"og_image_custom_url":null,"og_image_custom_fields":null,"og_video":null,"og_custom_url":null,"og_article_section":null,"og_article_tags":null,"twitter_use_og":false,"twitter_card":"default","twitter_image_type":"default","twitter_image_url":null,"twitter_image_custom_url":null,"twitter_image_custom_fields":null,"twitter_title":null,"twitter_description":null,"schema":{"blockGraphs":[],"customGraphs":[],"default":{"data":{"Article":[],"Course":[],"Dataset":[],"FAQPage":[],"Movie":[],"Person":[],"Product":[],"ProductReview":[],"Car":[],"Recipe":[],"Service":[],"SoftwareApplication":[],"WebPage":[]},"graphName":"","isEnabled":true},"graphs":[],"defaultGraph":"","defaultPostTypeGraph":""},"schema_type":null,"schema_type_options":null,"pillar_content":false,"robots_default":true,"robots_noindex":false,"robots_noarchive":false,"robots_nosnippet":false,"robots_nofollow":false,"robots_noimageindex":false,"robots_noodp":false,"robots_notranslate":false,"robots_max_snippet":null,"robots_max_videopreview":null,"robots_max_imagepreview":"large","priority":null,"frequency":null,"location":null,"local_seo":null,"breadcrumb_settings":null,"limit_modified_date":false,"ai":null,"created":"2020-12-20 20:40:47","updated":"2025-07-19 20:01:49","seo_analyzer_scan_date":null,"focus_keyword":null,"additional_keywords":null,"truseo_locale":null},"jetpack_sharing_enabled":true,"jetpack-related-posts":[{"id":13128,"url":"https:\/\/www.jornalja.com.br\/arquivo\/maconha-terra-diz-que-uso-medicinal-e-desculpa\/","url_meta":{"origin":44685,"position":0},"title":"Maconha: Terra diz que uso medicinal \u00e9 desculpa","author":"Patr\u00edcia Marini","date":"4 de junho de 2014","format":false,"excerpt":"A condi\u00e7\u00e3o de pol\u00edtico, em \u00e9poca de campanha de campanha eleitoral, tira for\u00e7a do discurso do m\u00e9dico Osmar Terra contra a legaliza\u00e7\u00e3o da maconha. A tese dele de que a libera\u00e7\u00e3o vai ampliar exponencialmente o consumo \u00e9 discutivel, o consumo \u00e9 corrente. Mas seus alertas quanto aos riscos tem que\u2026","rel":"","context":"Em &quot;X.Categorias velhas&quot;","block_context":{"text":"X.Categorias velhas","link":"https:\/\/www.jornalja.com.br\/arquivo\/category\/x-categorias-velhas\/"},"img":{"alt_text":"","src":"","width":0,"height":0},"classes":[]},{"id":13124,"url":"https:\/\/www.jornalja.com.br\/arquivo\/sangue-latino-no-iecine\/","url_meta":{"origin":44685,"position":1},"title":"Sangue latino no IECINE","author":"da Reda\u00e7\u00e3o","date":"18 de maio de 2014","format":false,"excerpt":"Francisco Ribeiro O Instituto Estadual de Cinema (IECINE) tem a frente, desde abril \u00faltimo, um novo diretor, o cineasta colombiano Juan Zapata, 36, que substitui Luiz Alberto Cassol. Radicado h\u00e1 dez anos em Porto Alegre, Zapata tem diante de si o desafio de conduzir at\u00e9 o final do ano um\u2026","rel":"","context":"Em &quot;Cultura-Geral&quot;","block_context":{"text":"Cultura-Geral","link":"https:\/\/www.jornalja.com.br\/arquivo\/category\/materiasecundaria\/"},"img":{"alt_text":"","src":"","width":0,"height":0},"classes":[]},{"id":5440,"url":"https:\/\/www.jornalja.com.br\/arquivo\/casarao-da-venancio-destino-permanece-incerto\/","url_meta":{"origin":44685,"position":2},"title":"Estado ainda n\u00e3o sabe o que fazer com casar\u00e3o abandonado h\u00e1 20 anos","author":"Elmar Bones","date":"6 de julho de 2009","format":false,"excerpt":"O casar\u00e3o amarelo, numa esquina nobre de Porto Alegre (Ven\u00e2ncio Aires com Jo\u00e3o Pessoa), j\u00e1 abrigou uma escola. H\u00e1 duas d\u00e9cadas, pelo menos, est\u00e1 abandonado, porque seu propriet\u00e1rio, o governo do Estado do Rio Grande do Sul, n\u00e3o consegue achar um destino para ele. Planos n\u00e3o faltaram. O governador Ol\u00edvio\u2026","rel":"","context":"Em &quot;X.Categorias velhas&quot;","block_context":{"text":"X.Categorias velhas","link":"https:\/\/www.jornalja.com.br\/arquivo\/category\/x-categorias-velhas\/"},"img":{"alt_text":"geraldo1","src":"https:\/\/i0.wp.com\/www.jornalja.com.br\/wp-content\/uploads\/2009\/07\/geraldo1.jpg?resize=350%2C200&ssl=1","width":350,"height":200},"classes":[]},{"id":12960,"url":"https:\/\/www.jornalja.com.br\/arquivo\/populacao-culpa-empresas-pela-greve-dos-rodoviarios\/","url_meta":{"origin":44685,"position":3},"title":"Popula\u00e7\u00e3o culpa empresas pela greve","author":"Patr\u00edcia Marini","date":"14 de fevereiro de 2014","format":false,"excerpt":"Pesquisa divulgada na edi\u00e7\u00e3o do jornal Metro desta sexta-feira,14, comprova o velho ditado: \u00e9 poss\u00edvel enganar muitos por algum tempo, mas n\u00e3o \u00e9 poss\u00edvel enganar a todos o tempo inteiro. A principal revela\u00e7\u00e3o foi que 59,8% dos entrevistados apontaram as empresas como as principais respons\u00e1veis pela grave e 46% culparam\u2026","rel":"","context":"Em &quot;X.Categorias velhas&quot;","block_context":{"text":"X.Categorias velhas","link":"https:\/\/www.jornalja.com.br\/arquivo\/category\/x-categorias-velhas\/"},"img":{"alt_text":"","src":"","width":0,"height":0},"classes":[]},{"id":13109,"url":"https:\/\/www.jornalja.com.br\/arquivo\/judiciario-reconhece-poluicao-eletromagnetica\/","url_meta":{"origin":44685,"position":4},"title":"Judici\u00e1rio reconhece polui\u00e7\u00e3o eletromagn\u00e9tica","author":"Patr\u00edcia Marini","date":"16 de maio de 2014","format":false,"excerpt":"A\u00e7\u00e3o de duas associa\u00e7\u00f5es de moradores foi acolhida pelo Tribunal de Justi\u00e7a de S\u00e3o Paulo que. em decis\u00e3o in\u00e9dita, determinou a redu\u00e7\u00e3o do campo eletromagn\u00e9tico gerado pelas linhas de transmiss\u00e3o de energia que cortam os bairros City Boa\u00e7ava e Alto de Pinheiros. \u00c9 a primeira vez que um tribunal do\u2026","rel":"","context":"Em &quot;X.Categorias velhas&quot;","block_context":{"text":"X.Categorias velhas","link":"https:\/\/www.jornalja.com.br\/arquivo\/category\/x-categorias-velhas\/"},"img":{"alt_text":"","src":"","width":0,"height":0},"classes":[]},{"id":14241,"url":"https:\/\/www.jornalja.com.br\/arquivo\/o-guaiba-nas-imagens-poeticas-de-achutti\/","url_meta":{"origin":44685,"position":5},"title":"O Gua\u00edba nas imagens po\u00e9ticas de Achutti","author":"da Reda\u00e7\u00e3o","date":"18 de junho de 2014","format":false,"excerpt":"Em \u201cO Gua\u00edba por Achutti\u201d \u2013 obra financiada via Minist\u00e9rio da Cultura, produ\u00e7\u00e3o executiva de Pedro Longhi, e Fl\u00e1vio Wild como designer \u2013, o fot\u00f3grafo revela a beleza e as mazelas de um espa\u00e7o aqu\u00e1tico de \u00e1guas sempre renovadas, cheio de hist\u00f3rias e lendas como as das cidades que foram\u2026","rel":"","context":"Em &quot;Cultura-Geral&quot;","block_context":{"text":"Cultura-Geral","link":"https:\/\/www.jornalja.com.br\/arquivo\/category\/materiasecundaria\/"},"img":{"alt_text":"","src":"","width":0,"height":0},"classes":[]}],"jetpack_shortlink":"https:\/\/wp.me\/pbQjBd-bCJ","jetpack_featured_media_url":"","_links":{"self":[{"href":"https:\/\/www.jornalja.com.br\/arquivo\/wp-json\/wp\/v2\/posts\/44685","targetHints":{"allow":["GET"]}}],"collection":[{"href":"https:\/\/www.jornalja.com.br\/arquivo\/wp-json\/wp\/v2\/posts"}],"about":[{"href":"https:\/\/www.jornalja.com.br\/arquivo\/wp-json\/wp\/v2\/types\/post"}],"author":[{"embeddable":true,"href":"https:\/\/www.jornalja.com.br\/arquivo\/wp-json\/wp\/v2\/users\/4"}],"replies":[{"embeddable":true,"href":"https:\/\/www.jornalja.com.br\/arquivo\/wp-json\/wp\/v2\/comments?post=44685"}],"version-history":[{"count":0,"href":"https:\/\/www.jornalja.com.br\/arquivo\/wp-json\/wp\/v2\/posts\/44685\/revisions"}],"wp:attachment":[{"href":"https:\/\/www.jornalja.com.br\/arquivo\/wp-json\/wp\/v2\/media?parent=44685"}],"wp:term":[{"taxonomy":"category","embeddable":true,"href":"https:\/\/www.jornalja.com.br\/arquivo\/wp-json\/wp\/v2\/categories?post=44685"},{"taxonomy":"post_tag","embeddable":true,"href":"https:\/\/www.jornalja.com.br\/arquivo\/wp-json\/wp\/v2\/tags?post=44685"}],"curies":[{"name":"wp","href":"https:\/\/api.w.org\/{rel}","templated":true}]}}