{"id":44710,"date":"2017-02-19T21:42:47","date_gmt":"2017-02-20T00:42:47","guid":{"rendered":"https:\/\/www.jornalja.com.br\/?p=44710"},"modified":"2017-02-19T21:42:47","modified_gmt":"2017-02-20T00:42:47","slug":"projeto-bilionario-valoriza-duas-empresas-que-sartori-quer-privatizar","status":"publish","type":"post","link":"https:\/\/www.jornalja.com.br\/arquivo\/projeto-bilionario-valoriza-duas-empresas-que-sartori-quer-privatizar\/","title":{"rendered":"Projeto bilion\u00e1rio valoriza duas empresas que Sartori quer privatizar"},"content":{"rendered":"<p dir=\"ltr\">A Copelmi Minera\u00e7\u00e3o apresentou ao governador Ivo Sartori um projeto para instalar um parque carboqu\u00edmico no Rio Grande do Sul, com investimento de \u00a04,4 bilh\u00f5es de d\u00f3lares (mais de R$ 13 bilh\u00f5es).<\/p>\n<p dir=\"ltr\">Pioneira na explora\u00e7\u00e3o do carv\u00e3o mineral no Brasil, a Copelmi fornece mais de 80% do carv\u00e3o de uso industrial no pa\u00eds &#8211; mant\u00e9m a concess\u00e3o de mais de 3 bilh\u00f5es de toneladas de carv\u00e3o mineral.<\/p>\n<p>O alvo imediato do novo projeto \u00e9 a produ\u00e7\u00e3o de g\u00e1s, que tem um potencial de mercado enorme no Estado.<br \/>\nO diretor da Copelmi, Roberto de Faria, disse que a inten\u00e7\u00e3o \u00e9 vender 1,5 milh\u00e3o de metros c\u00fabicos por dia para a Sulg\u00e1s, que permitiria quase dobrar a oferta de g\u00e1s no Estado.<br \/>\nO diretor da Copelmi garante que o g\u00e1s extra\u00eddo do carv\u00e3o local teria pre\u00e7o menor do que o g\u00e1s natural que vem da Bol\u00edvia.<br \/>\nA empresa desenvolve o projeto desde 2014 e tem como parceiro um grupo coreano que deve participar com 30% no investimento. A inten\u00e7\u00e3o \u00e9 come\u00e7ar a constru\u00e7\u00e3o em 2018, com prazo de tr\u00eas anos para conclus\u00e3o da obra.<br \/>\nO g\u00e1s de que o Rio Grande do Sul hoje disp\u00f5e vem da Bol\u00edvia, mas est\u00e1 limitado \u00e0s dimens\u00f5es do gasoduto, que tem mais 3 mil quil\u00f4metros de extens\u00e3o, mas n\u00e3o d\u00e1 vaz\u00e3o a mais do que 2,8 milh\u00f5es de metros c\u00fabicos por dia.<br \/>\nAl\u00e9m disso, o contrato para fornecimento do g\u00e1s, entre a Petrobr\u00e1s (que tem 49% da Sulg\u00e1s) e o governo boliviano, termina em 2019.<br \/>\nA Sulg\u00e1s \u00a0 atende hoje mais de 11 mil clientes, entre resid\u00eancias, com\u00e9rcios, ind\u00fastrias, usinas t\u00e9rmicas &#8211; mas o potencial, segundo proje\u00e7\u00f5es da pr\u00f3pria empresa, vai a mais de 100 mil clientes.<br \/>\nA Sulg\u00e1s estima que a demanda por g\u00e1s no Estado em dez anos pode chegar a 10 mil metros c\u00fabicos por dia.<br \/>\nHoje, se n\u00e3o houvesse o gargalo do gasoduto boliviano, o Rio Grande do Sul estaria consumindo 5 milh\u00f5es de metros c\u00fabicos di\u00e1rios, o dobro do consumo atual.<br \/>\nAl\u00e9m da Sulg\u00e1s, que seria a distribuidora desse g\u00e1s extra\u00eddo do carv\u00e3o, a Companhia Riograndense de Minera\u00e7\u00e3o (CRM), detentora das maiores e mais acess\u00edveis reservas carbon\u00edferas do pais, seria valorizada com a amplia\u00e7\u00e3o do mercado.<br \/>\nAmbas as empresas, \u00a0Sulg\u00e1s e CRM, s\u00e3o controladas pelo governo do Estado e est\u00e3o na lista de privatiza\u00e7\u00f5es que faz parte do &#8220;ajuste fiscal&#8221; promovido pelo governo de Ivo Sartori.<\/p>\n","protected":false},"excerpt":{"rendered":"<p>A Copelmi Minera\u00e7\u00e3o apresentou ao governador Ivo Sartori um projeto para instalar um parque carboqu\u00edmico no Rio Grande do Sul, com investimento de \u00a04,4 bilh\u00f5es de d\u00f3lares (mais de R$ 13 bilh\u00f5es). Pioneira na explora\u00e7\u00e3o do carv\u00e3o mineral no Brasil, a Copelmi fornece mais de 80% do carv\u00e3o de uso industrial no pa\u00eds &#8211; mant\u00e9m [&hellip;]<\/p>\n","protected":false},"author":4,"featured_media":44835,"comment_status":"open","ping_status":"closed","sticky":false,"template":"","format":"standard","meta":{"_jetpack_newsletter_access":"","_jetpack_dont_email_post_to_subs":false,"_jetpack_newsletter_tier_id":0,"_jetpack_memberships_contains_paywalled_content":false,"_jetpack_feature_clip_id":0,"_jetpack_memberships_contains_paid_content":false,"footnotes":"","jetpack_post_was_ever_published":false},"categories":[26],"tags":[],"class_list":["post-44710","post","type-post","status-publish","format-standard","has-post-thumbnail","hentry","category-geral"],"aioseo_notices":[],"aioseo_head":"\n\t\t<!-- All in One SEO 5.0.1.1 - aioseo.com -->\n\t<meta name=\"robots\" content=\"max-image-preview:large\" \/>\n\t<meta name=\"author\" content=\"da Reda\u00e7\u00e3o\"\/>\n\t<link rel=\"canonical\" href=\"https:\/\/www.jornalja.com.br\/arquivo\/projeto-bilionario-valoriza-duas-empresas-que-sartori-quer-privatizar\/\" \/>\n\t<meta name=\"generator\" content=\"All in One SEO (AIOSEO) 5.0.1.1\" \/>\n\t\t<meta property=\"og:locale\" content=\"pt_BR\" \/>\n\t\t<meta property=\"og:site_name\" content=\"Arquivo | Jornal J\u00c1 | Porto Alegre\" \/>\n\t\t<meta property=\"og:type\" content=\"article\" \/>\n\t\t<meta property=\"og:title\" content=\"Projeto bilion\u00e1rio valoriza duas empresas que Sartori quer privatizar | Arquivo\" \/>\n\t\t<meta property=\"og:url\" content=\"https:\/\/www.jornalja.com.br\/arquivo\/projeto-bilionario-valoriza-duas-empresas-que-sartori-quer-privatizar\/\" \/>\n\t\t<meta property=\"og:image\" content=\"https:\/\/www.jornalja.com.br\/economics\/wp-content\/uploads\/sites\/11\/2026\/08\/ja-folhaderosto-facebook.jpg\" \/>\n\t\t<meta property=\"og:image:secure_url\" content=\"https:\/\/www.jornalja.com.br\/economics\/wp-content\/uploads\/sites\/11\/2026\/08\/ja-folhaderosto-facebook.jpg\" \/>\n\t\t<meta property=\"article:published_time\" content=\"2017-02-20T00:42:47+00:00\" \/>\n\t\t<meta property=\"article:modified_time\" content=\"2017-02-20T00:42:47+00:00\" \/>\n\t\t<meta name=\"twitter:card\" content=\"summary\" \/>\n\t\t<meta name=\"twitter:title\" content=\"Projeto bilion\u00e1rio valoriza duas empresas que Sartori quer privatizar | Arquivo\" \/>\n\t\t<meta name=\"twitter:image\" content=\"https:\/\/www.jornalja.com.br\/economics\/wp-content\/uploads\/sites\/11\/2026\/08\/ja-folhaderosto-facebook.jpg\" \/>\n\t\t<script type=\"application\/ld+json\" class=\"aioseo-schema\">\n\t\t\t{\"@context\":\"https:\\\/\\\/schema.org\",\"@graph\":[{\"@type\":\"BlogPosting\",\"@id\":\"https:\\\/\\\/www.jornalja.com.br\\\/arquivo\\\/projeto-bilionario-valoriza-duas-empresas-que-sartori-quer-privatizar\\\/#blogposting\",\"name\":\"Projeto bilion\\u00e1rio valoriza duas empresas que Sartori quer privatizar | Arquivo\",\"headline\":\"Projeto bilion\\u00e1rio valoriza duas empresas que Sartori quer privatizar\",\"author\":{\"@id\":\"https:\\\/\\\/www.jornalja.com.br\\\/arquivo\\\/author\\\/daredacao\\\/#author\"},\"publisher\":{\"@id\":\"https:\\\/\\\/www.jornalja.com.br\\\/arquivo\\\/#organization\"},\"image\":{\"@type\":\"ImageObject\",\"url\":44835},\"datePublished\":\"2017-02-19T21:42:47-03:00\",\"dateModified\":\"2017-02-19T21:42:47-03:00\",\"inLanguage\":\"pt-BR\",\"commentCount\":6,\"mainEntityOfPage\":{\"@id\":\"https:\\\/\\\/www.jornalja.com.br\\\/arquivo\\\/projeto-bilionario-valoriza-duas-empresas-que-sartori-quer-privatizar\\\/#webpage\"},\"isPartOf\":{\"@id\":\"https:\\\/\\\/www.jornalja.com.br\\\/arquivo\\\/projeto-bilionario-valoriza-duas-empresas-que-sartori-quer-privatizar\\\/#webpage\"},\"articleSection\":\"Geral\"},{\"@type\":\"BreadcrumbList\",\"@id\":\"https:\\\/\\\/www.jornalja.com.br\\\/arquivo\\\/projeto-bilionario-valoriza-duas-empresas-que-sartori-quer-privatizar\\\/#breadcrumblist\",\"itemListElement\":[{\"@type\":\"ListItem\",\"@id\":\"https:\\\/\\\/www.jornalja.com.br\\\/arquivo#listItem\",\"position\":1,\"name\":\"Home\",\"item\":\"https:\\\/\\\/www.jornalja.com.br\\\/arquivo\",\"nextItem\":{\"@type\":\"ListItem\",\"@id\":\"https:\\\/\\\/www.jornalja.com.br\\\/arquivo\\\/category\\\/geral\\\/#listItem\",\"name\":\"Geral\"}},{\"@type\":\"ListItem\",\"@id\":\"https:\\\/\\\/www.jornalja.com.br\\\/arquivo\\\/category\\\/geral\\\/#listItem\",\"position\":2,\"name\":\"Geral\",\"item\":\"https:\\\/\\\/www.jornalja.com.br\\\/arquivo\\\/category\\\/geral\\\/\",\"nextItem\":{\"@type\":\"ListItem\",\"@id\":\"https:\\\/\\\/www.jornalja.com.br\\\/arquivo\\\/projeto-bilionario-valoriza-duas-empresas-que-sartori-quer-privatizar\\\/#listItem\",\"name\":\"Projeto bilion\\u00e1rio valoriza duas empresas que Sartori quer privatizar\"},\"previousItem\":{\"@type\":\"ListItem\",\"@id\":\"https:\\\/\\\/www.jornalja.com.br\\\/arquivo#listItem\",\"name\":\"Home\"}},{\"@type\":\"ListItem\",\"@id\":\"https:\\\/\\\/www.jornalja.com.br\\\/arquivo\\\/projeto-bilionario-valoriza-duas-empresas-que-sartori-quer-privatizar\\\/#listItem\",\"position\":3,\"name\":\"Projeto bilion\\u00e1rio valoriza duas empresas que Sartori quer privatizar\",\"previousItem\":{\"@type\":\"ListItem\",\"@id\":\"https:\\\/\\\/www.jornalja.com.br\\\/arquivo\\\/category\\\/geral\\\/#listItem\",\"name\":\"Geral\"}}]},{\"@type\":\"Organization\",\"@id\":\"https:\\\/\\\/www.jornalja.com.br\\\/arquivo\\\/#organization\",\"name\":\"Jornal J\\u00c1\",\"description\":\"Jornal J\\u00c1 | Porto Alegre\",\"url\":\"https:\\\/\\\/www.jornalja.com.br\\\/arquivo\\\/\",\"telephone\":\"+555133307272\",\"logo\":{\"@type\":\"ImageObject\",\"url\":\"https:\\\/\\\/www.jornalja.com.br\\\/wp-content\\\/uploads\\\/cards\\\/JAslogan.png\",\"@id\":\"https:\\\/\\\/www.jornalja.com.br\\\/arquivo\\\/projeto-bilionario-valoriza-duas-empresas-que-sartori-quer-privatizar\\\/#organizationLogo\"},\"image\":{\"@id\":\"https:\\\/\\\/www.jornalja.com.br\\\/arquivo\\\/projeto-bilionario-valoriza-duas-empresas-que-sartori-quer-privatizar\\\/#organizationLogo\"}},{\"@type\":\"Person\",\"@id\":\"https:\\\/\\\/www.jornalja.com.br\\\/arquivo\\\/author\\\/daredacao\\\/#author\",\"url\":\"https:\\\/\\\/www.jornalja.com.br\\\/arquivo\\\/author\\\/daredacao\\\/\",\"name\":\"da Reda\\u00e7\\u00e3o\",\"image\":{\"@type\":\"ImageObject\",\"@id\":\"https:\\\/\\\/www.jornalja.com.br\\\/arquivo\\\/projeto-bilionario-valoriza-duas-empresas-que-sartori-quer-privatizar\\\/#authorImage\",\"url\":\"https:\\\/\\\/secure.gravatar.com\\\/avatar\\\/469fd857d6605ad19919d27ed29d35a968a25f6e8fd9318356bbb7f57aae9c65?s=96&d=mm&r=g\",\"width\":96,\"height\":96,\"caption\":\"da Reda\\u00e7\\u00e3o\"}},{\"@type\":\"WebPage\",\"@id\":\"https:\\\/\\\/www.jornalja.com.br\\\/arquivo\\\/projeto-bilionario-valoriza-duas-empresas-que-sartori-quer-privatizar\\\/#webpage\",\"url\":\"https:\\\/\\\/www.jornalja.com.br\\\/arquivo\\\/projeto-bilionario-valoriza-duas-empresas-que-sartori-quer-privatizar\\\/\",\"name\":\"Projeto bilion\\u00e1rio valoriza duas empresas que Sartori quer privatizar | Arquivo\",\"inLanguage\":\"pt-BR\",\"isPartOf\":{\"@id\":\"https:\\\/\\\/www.jornalja.com.br\\\/arquivo\\\/#website\"},\"breadcrumb\":{\"@id\":\"https:\\\/\\\/www.jornalja.com.br\\\/arquivo\\\/projeto-bilionario-valoriza-duas-empresas-que-sartori-quer-privatizar\\\/#breadcrumblist\"},\"author\":{\"@id\":\"https:\\\/\\\/www.jornalja.com.br\\\/arquivo\\\/author\\\/daredacao\\\/#author\"},\"creator\":{\"@id\":\"https:\\\/\\\/www.jornalja.com.br\\\/arquivo\\\/author\\\/daredacao\\\/#author\"},\"image\":{\"@type\":\"ImageObject\",\"url\":44835,\"@id\":\"https:\\\/\\\/www.jornalja.com.br\\\/arquivo\\\/projeto-bilionario-valoriza-duas-empresas-que-sartori-quer-privatizar\\\/#mainImage\"},\"primaryImageOfPage\":{\"@id\":\"https:\\\/\\\/www.jornalja.com.br\\\/arquivo\\\/projeto-bilionario-valoriza-duas-empresas-que-sartori-quer-privatizar\\\/#mainImage\"},\"datePublished\":\"2017-02-19T21:42:47-03:00\",\"dateModified\":\"2017-02-19T21:42:47-03:00\"},{\"@type\":\"WebSite\",\"@id\":\"https:\\\/\\\/www.jornalja.com.br\\\/arquivo\\\/#website\",\"url\":\"https:\\\/\\\/www.jornalja.com.br\\\/arquivo\\\/\",\"name\":\"Arquivo\",\"description\":\"Jornal J\\u00c1 | Porto Alegre\",\"inLanguage\":\"pt-BR\",\"publisher\":{\"@id\":\"https:\\\/\\\/www.jornalja.com.br\\\/arquivo\\\/#organization\"}}]}\n\t\t<\/script>\n\t\t<!-- All in One SEO -->\n\n","aioseo_head_json":{"title":"Projeto bilion\u00e1rio valoriza duas empresas que Sartori quer privatizar | Arquivo","description":"","canonical_url":"https:\/\/www.jornalja.com.br\/arquivo\/projeto-bilionario-valoriza-duas-empresas-que-sartori-quer-privatizar\/","robots":"max-image-preview:large","keywords":"","webmasterTools":{"miscellaneous":""},"schema":{"@context":"https:\/\/schema.org","@graph":[{"@type":"BlogPosting","@id":"https:\/\/www.jornalja.com.br\/arquivo\/projeto-bilionario-valoriza-duas-empresas-que-sartori-quer-privatizar\/#blogposting","name":"Projeto bilion\u00e1rio valoriza duas empresas que Sartori quer privatizar | Arquivo","headline":"Projeto bilion\u00e1rio valoriza duas empresas que Sartori quer privatizar","author":{"@id":"https:\/\/www.jornalja.com.br\/arquivo\/author\/daredacao\/#author"},"publisher":{"@id":"https:\/\/www.jornalja.com.br\/arquivo\/#organization"},"image":{"@type":"ImageObject","url":44835},"datePublished":"2017-02-19T21:42:47-03:00","dateModified":"2017-02-19T21:42:47-03:00","inLanguage":"pt-BR","commentCount":6,"mainEntityOfPage":{"@id":"https:\/\/www.jornalja.com.br\/arquivo\/projeto-bilionario-valoriza-duas-empresas-que-sartori-quer-privatizar\/#webpage"},"isPartOf":{"@id":"https:\/\/www.jornalja.com.br\/arquivo\/projeto-bilionario-valoriza-duas-empresas-que-sartori-quer-privatizar\/#webpage"},"articleSection":"Geral"},{"@type":"BreadcrumbList","@id":"https:\/\/www.jornalja.com.br\/arquivo\/projeto-bilionario-valoriza-duas-empresas-que-sartori-quer-privatizar\/#breadcrumblist","itemListElement":[{"@type":"ListItem","@id":"https:\/\/www.jornalja.com.br\/arquivo#listItem","position":1,"name":"Home","item":"https:\/\/www.jornalja.com.br\/arquivo","nextItem":{"@type":"ListItem","@id":"https:\/\/www.jornalja.com.br\/arquivo\/category\/geral\/#listItem","name":"Geral"}},{"@type":"ListItem","@id":"https:\/\/www.jornalja.com.br\/arquivo\/category\/geral\/#listItem","position":2,"name":"Geral","item":"https:\/\/www.jornalja.com.br\/arquivo\/category\/geral\/","nextItem":{"@type":"ListItem","@id":"https:\/\/www.jornalja.com.br\/arquivo\/projeto-bilionario-valoriza-duas-empresas-que-sartori-quer-privatizar\/#listItem","name":"Projeto bilion\u00e1rio valoriza duas empresas que Sartori quer privatizar"},"previousItem":{"@type":"ListItem","@id":"https:\/\/www.jornalja.com.br\/arquivo#listItem","name":"Home"}},{"@type":"ListItem","@id":"https:\/\/www.jornalja.com.br\/arquivo\/projeto-bilionario-valoriza-duas-empresas-que-sartori-quer-privatizar\/#listItem","position":3,"name":"Projeto bilion\u00e1rio valoriza duas empresas que Sartori quer privatizar","previousItem":{"@type":"ListItem","@id":"https:\/\/www.jornalja.com.br\/arquivo\/category\/geral\/#listItem","name":"Geral"}}]},{"@type":"Organization","@id":"https:\/\/www.jornalja.com.br\/arquivo\/#organization","name":"Jornal J\u00c1","description":"Jornal J\u00c1 | Porto Alegre","url":"https:\/\/www.jornalja.com.br\/arquivo\/","telephone":"+555133307272","logo":{"@type":"ImageObject","url":"https:\/\/www.jornalja.com.br\/wp-content\/uploads\/cards\/JAslogan.png","@id":"https:\/\/www.jornalja.com.br\/arquivo\/projeto-bilionario-valoriza-duas-empresas-que-sartori-quer-privatizar\/#organizationLogo"},"image":{"@id":"https:\/\/www.jornalja.com.br\/arquivo\/projeto-bilionario-valoriza-duas-empresas-que-sartori-quer-privatizar\/#organizationLogo"}},{"@type":"Person","@id":"https:\/\/www.jornalja.com.br\/arquivo\/author\/daredacao\/#author","url":"https:\/\/www.jornalja.com.br\/arquivo\/author\/daredacao\/","name":"da Reda\u00e7\u00e3o","image":{"@type":"ImageObject","@id":"https:\/\/www.jornalja.com.br\/arquivo\/projeto-bilionario-valoriza-duas-empresas-que-sartori-quer-privatizar\/#authorImage","url":"https:\/\/secure.gravatar.com\/avatar\/469fd857d6605ad19919d27ed29d35a968a25f6e8fd9318356bbb7f57aae9c65?s=96&d=mm&r=g","width":96,"height":96,"caption":"da Reda\u00e7\u00e3o"}},{"@type":"WebPage","@id":"https:\/\/www.jornalja.com.br\/arquivo\/projeto-bilionario-valoriza-duas-empresas-que-sartori-quer-privatizar\/#webpage","url":"https:\/\/www.jornalja.com.br\/arquivo\/projeto-bilionario-valoriza-duas-empresas-que-sartori-quer-privatizar\/","name":"Projeto bilion\u00e1rio valoriza duas empresas que Sartori quer privatizar | Arquivo","inLanguage":"pt-BR","isPartOf":{"@id":"https:\/\/www.jornalja.com.br\/arquivo\/#website"},"breadcrumb":{"@id":"https:\/\/www.jornalja.com.br\/arquivo\/projeto-bilionario-valoriza-duas-empresas-que-sartori-quer-privatizar\/#breadcrumblist"},"author":{"@id":"https:\/\/www.jornalja.com.br\/arquivo\/author\/daredacao\/#author"},"creator":{"@id":"https:\/\/www.jornalja.com.br\/arquivo\/author\/daredacao\/#author"},"image":{"@type":"ImageObject","url":44835,"@id":"https:\/\/www.jornalja.com.br\/arquivo\/projeto-bilionario-valoriza-duas-empresas-que-sartori-quer-privatizar\/#mainImage"},"primaryImageOfPage":{"@id":"https:\/\/www.jornalja.com.br\/arquivo\/projeto-bilionario-valoriza-duas-empresas-que-sartori-quer-privatizar\/#mainImage"},"datePublished":"2017-02-19T21:42:47-03:00","dateModified":"2017-02-19T21:42:47-03:00"},{"@type":"WebSite","@id":"https:\/\/www.jornalja.com.br\/arquivo\/#website","url":"https:\/\/www.jornalja.com.br\/arquivo\/","name":"Arquivo","description":"Jornal J\u00c1 | Porto Alegre","inLanguage":"pt-BR","publisher":{"@id":"https:\/\/www.jornalja.com.br\/arquivo\/#organization"}}]},"og:locale":"pt_BR","og:site_name":"Arquivo | Jornal J\u00c1 | Porto Alegre","og:type":"article","og:title":"Projeto bilion\u00e1rio valoriza duas empresas que Sartori quer privatizar | Arquivo","og:url":"https:\/\/www.jornalja.com.br\/arquivo\/projeto-bilionario-valoriza-duas-empresas-que-sartori-quer-privatizar\/","og:image":"https:\/\/www.jornalja.com.br\/economics\/wp-content\/uploads\/sites\/11\/2026\/08\/ja-folhaderosto-facebook.jpg","og:image:secure_url":"https:\/\/www.jornalja.com.br\/economics\/wp-content\/uploads\/sites\/11\/2026\/08\/ja-folhaderosto-facebook.jpg","article:published_time":"2017-02-20T00:42:47+00:00","article:modified_time":"2017-02-20T00:42:47+00:00","twitter:card":"summary","twitter:title":"Projeto bilion\u00e1rio valoriza duas empresas que Sartori quer privatizar | Arquivo","twitter:image":"https:\/\/www.jornalja.com.br\/economics\/wp-content\/uploads\/sites\/11\/2026\/08\/ja-folhaderosto-facebook.jpg"},"aioseo_meta_data":{"post_id":"44710","title":null,"description":null,"keywords":null,"keyphrases":null,"primary_term":null,"canonical_url":null,"og_title":null,"og_description":null,"og_object_type":"default","og_image_type":"default","og_image_url":null,"og_image_width":null,"og_image_height":null,"og_image_custom_url":null,"og_image_custom_fields":null,"og_video":null,"og_custom_url":null,"og_article_section":null,"og_article_tags":null,"twitter_use_og":false,"twitter_card":"default","twitter_image_type":"default","twitter_image_url":null,"twitter_image_custom_url":null,"twitter_image_custom_fields":null,"twitter_title":null,"twitter_description":null,"schema":{"blockGraphs":[],"customGraphs":[],"default":{"data":{"Article":[],"Course":[],"Dataset":[],"FAQPage":[],"Movie":[],"Person":[],"Product":[],"ProductReview":[],"Car":[],"Recipe":[],"Service":[],"SoftwareApplication":[],"WebPage":[]},"graphName":"","isEnabled":true},"graphs":[],"defaultGraph":"","defaultPostTypeGraph":""},"schema_type":null,"schema_type_options":null,"pillar_content":false,"robots_default":true,"robots_noindex":false,"robots_noarchive":false,"robots_nosnippet":false,"robots_nofollow":false,"robots_noimageindex":false,"robots_noodp":false,"robots_notranslate":false,"robots_max_snippet":null,"robots_max_videopreview":null,"robots_max_imagepreview":"large","priority":null,"frequency":null,"location":null,"local_seo":null,"breadcrumb_settings":null,"limit_modified_date":false,"ai":null,"created":"2020-12-20 20:40:47","updated":"2025-07-19 20:07:52","seo_analyzer_scan_date":null,"focus_keyword":null,"additional_keywords":null,"truseo_locale":null},"jetpack_sharing_enabled":true,"jetpack-related-posts":[{"id":5440,"url":"https:\/\/www.jornalja.com.br\/arquivo\/casarao-da-venancio-destino-permanece-incerto\/","url_meta":{"origin":44710,"position":0},"title":"Estado ainda n\u00e3o sabe o que fazer com casar\u00e3o abandonado h\u00e1 20 anos","author":"Elmar Bones","date":"6 de julho de 2009","format":false,"excerpt":"O casar\u00e3o amarelo, numa esquina nobre de Porto Alegre (Ven\u00e2ncio Aires com Jo\u00e3o Pessoa), j\u00e1 abrigou uma escola. H\u00e1 duas d\u00e9cadas, pelo menos, est\u00e1 abandonado, porque seu propriet\u00e1rio, o governo do Estado do Rio Grande do Sul, n\u00e3o consegue achar um destino para ele. Planos n\u00e3o faltaram. O governador Ol\u00edvio\u2026","rel":"","context":"Em &quot;X.Categorias velhas&quot;","block_context":{"text":"X.Categorias velhas","link":"https:\/\/www.jornalja.com.br\/arquivo\/category\/x-categorias-velhas\/"},"img":{"alt_text":"geraldo1","src":"https:\/\/i0.wp.com\/www.jornalja.com.br\/wp-content\/uploads\/2009\/07\/geraldo1.jpg?resize=350%2C200&ssl=1","width":350,"height":200},"classes":[]},{"id":13240,"url":"https:\/\/www.jornalja.com.br\/arquivo\/plano-diretor-estamos-construindo-o-caos\/","url_meta":{"origin":44710,"position":1},"title":"Plano diretor: &quot;Estamos construindo o caos&quot;","author":"Patr\u00edcia Marini","date":"26 de maio de 2014","format":false,"excerpt":"Desabafo que arquiteta Eliana Castilhos, delegada da Regi\u00e3o de Planejamento 1, postou nas redes sociais \u00e9 um testemunho do ambiente que se criou no Conselho do Plano Diretor de Porto Alegre, onde a aprova\u00e7\u00e3o de grandes empreendimentos \u00e9 empurrada guela abaixo dos conselheiros. Ao CMDUA Como delegada da Regi\u00e3o de\u2026","rel":"","context":"Em &quot;Geral&quot;","block_context":{"text":"Geral","link":"https:\/\/www.jornalja.com.br\/arquivo\/category\/geral\/"},"img":{"alt_text":"","src":"","width":0,"height":0},"classes":[]},{"id":13124,"url":"https:\/\/www.jornalja.com.br\/arquivo\/sangue-latino-no-iecine\/","url_meta":{"origin":44710,"position":2},"title":"Sangue latino no IECINE","author":"da Reda\u00e7\u00e3o","date":"18 de maio de 2014","format":false,"excerpt":"Francisco Ribeiro O Instituto Estadual de Cinema (IECINE) tem a frente, desde abril \u00faltimo, um novo diretor, o cineasta colombiano Juan Zapata, 36, que substitui Luiz Alberto Cassol. Radicado h\u00e1 dez anos em Porto Alegre, Zapata tem diante de si o desafio de conduzir at\u00e9 o final do ano um\u2026","rel":"","context":"Em &quot;Cultura-Geral&quot;","block_context":{"text":"Cultura-Geral","link":"https:\/\/www.jornalja.com.br\/arquivo\/category\/materiasecundaria\/"},"img":{"alt_text":"","src":"","width":0,"height":0},"classes":[]},{"id":14241,"url":"https:\/\/www.jornalja.com.br\/arquivo\/o-guaiba-nas-imagens-poeticas-de-achutti\/","url_meta":{"origin":44710,"position":3},"title":"O Gua\u00edba nas imagens po\u00e9ticas de Achutti","author":"da Reda\u00e7\u00e3o","date":"18 de junho de 2014","format":false,"excerpt":"Em \u201cO Gua\u00edba por Achutti\u201d \u2013 obra financiada via Minist\u00e9rio da Cultura, produ\u00e7\u00e3o executiva de Pedro Longhi, e Fl\u00e1vio Wild como designer \u2013, o fot\u00f3grafo revela a beleza e as mazelas de um espa\u00e7o aqu\u00e1tico de \u00e1guas sempre renovadas, cheio de hist\u00f3rias e lendas como as das cidades que foram\u2026","rel":"","context":"Em &quot;Cultura-Geral&quot;","block_context":{"text":"Cultura-Geral","link":"https:\/\/www.jornalja.com.br\/arquivo\/category\/materiasecundaria\/"},"img":{"alt_text":"","src":"","width":0,"height":0},"classes":[]},{"id":12960,"url":"https:\/\/www.jornalja.com.br\/arquivo\/populacao-culpa-empresas-pela-greve-dos-rodoviarios\/","url_meta":{"origin":44710,"position":4},"title":"Popula\u00e7\u00e3o culpa empresas pela greve","author":"Patr\u00edcia Marini","date":"14 de fevereiro de 2014","format":false,"excerpt":"Pesquisa divulgada na edi\u00e7\u00e3o do jornal Metro desta sexta-feira,14, comprova o velho ditado: \u00e9 poss\u00edvel enganar muitos por algum tempo, mas n\u00e3o \u00e9 poss\u00edvel enganar a todos o tempo inteiro. A principal revela\u00e7\u00e3o foi que 59,8% dos entrevistados apontaram as empresas como as principais respons\u00e1veis pela grave e 46% culparam\u2026","rel":"","context":"Em &quot;X.Categorias velhas&quot;","block_context":{"text":"X.Categorias velhas","link":"https:\/\/www.jornalja.com.br\/arquivo\/category\/x-categorias-velhas\/"},"img":{"alt_text":"","src":"","width":0,"height":0},"classes":[]},{"id":13239,"url":"https:\/\/www.jornalja.com.br\/arquivo\/conselho-desdenha-do-plano-diretor\/","url_meta":{"origin":44710,"position":5},"title":"Porto Alegre: Conselho detona Plano Diretor","author":"Patr\u00edcia Marini","date":"25 de maio de 2014","format":false,"excerpt":"Den\u00fancia do arquiteto e \u00a0urbanista Ibir\u00e1 Santos Lucas. Ele diz que os conselheiros est\u00e3o votando com \"enorme irresponsabilidade\". \"Mudam regime com a maior naturalidade,,,regularizam absurdos de constru\u00e7\u00f5es irregulares... \"O CMDUA est\u00e1 flexibilizando a lei do plano diretor, de uma forma impactante na vida da cidade. Mudam regime com a maior\u2026","rel":"","context":"Em &quot;Geral&quot;","block_context":{"text":"Geral","link":"https:\/\/www.jornalja.com.br\/arquivo\/category\/geral\/"},"img":{"alt_text":"","src":"","width":0,"height":0},"classes":[]}],"jetpack_shortlink":"https:\/\/wp.me\/pbQjBd-bD8","jetpack_featured_media_url":"","_links":{"self":[{"href":"https:\/\/www.jornalja.com.br\/arquivo\/wp-json\/wp\/v2\/posts\/44710","targetHints":{"allow":["GET"]}}],"collection":[{"href":"https:\/\/www.jornalja.com.br\/arquivo\/wp-json\/wp\/v2\/posts"}],"about":[{"href":"https:\/\/www.jornalja.com.br\/arquivo\/wp-json\/wp\/v2\/types\/post"}],"author":[{"embeddable":true,"href":"https:\/\/www.jornalja.com.br\/arquivo\/wp-json\/wp\/v2\/users\/4"}],"replies":[{"embeddable":true,"href":"https:\/\/www.jornalja.com.br\/arquivo\/wp-json\/wp\/v2\/comments?post=44710"}],"version-history":[{"count":0,"href":"https:\/\/www.jornalja.com.br\/arquivo\/wp-json\/wp\/v2\/posts\/44710\/revisions"}],"wp:attachment":[{"href":"https:\/\/www.jornalja.com.br\/arquivo\/wp-json\/wp\/v2\/media?parent=44710"}],"wp:term":[{"taxonomy":"category","embeddable":true,"href":"https:\/\/www.jornalja.com.br\/arquivo\/wp-json\/wp\/v2\/categories?post=44710"},{"taxonomy":"post_tag","embeddable":true,"href":"https:\/\/www.jornalja.com.br\/arquivo\/wp-json\/wp\/v2\/tags?post=44710"}],"curies":[{"name":"wp","href":"https:\/\/api.w.org\/{rel}","templated":true}]}}