{"id":44715,"date":"2017-02-16T12:04:35","date_gmt":"2017-02-16T15:04:35","guid":{"rendered":"https:\/\/www.jornalja.com.br\/?p=44715"},"modified":"2017-02-16T12:04:35","modified_gmt":"2017-02-16T15:04:35","slug":"prefeitura-precisa-de-r-237-milhoes-para-concluir-obras-da-copa","status":"publish","type":"post","link":"https:\/\/www.jornalja.com.br\/arquivo\/prefeitura-precisa-de-r-237-milhoes-para-concluir-obras-da-copa\/","title":{"rendered":"Prefeitura precisa de R$ 237 milh\u00f5es para concluir obras da Copa"},"content":{"rendered":"<p><span class=\"assina\">Matheus Chaparini<\/span><br \/>\nFaltam R$ 237 milh\u00f5es para a conclus\u00e3o \u00a0<a href=\"http:\/\/lproweb.procempa.com.br\/pmpa\/prefpoa\/cs\/usu_doc\/obras_mobilidade_urbana_fev_2017.pdf\" target=\"_blank\" rel=\"noopener noreferrer\">das chamadas obras da copa<\/a>. O an\u00fancio foi feito pela prefeitura em\u00a0uma coletiva de imprensa na manh\u00e3 desta quinta-feira, na sede da SMOV. O quadro apresentado\u00a0apresentado foi pouco animador.<br \/>\nDas 19 obras, sete foram conclu\u00eddas, dez est\u00e3o em andamento e duas ainda n\u00e3o iniciaram \u2013 trincheira da Pl\u00ednio Brasil Milano e segundo trecho da Volunt\u00e1rios da P\u00e1tria.<br \/>\nDas que teoricamente est\u00e3o em andamento, h\u00e1 obras paradas, como a avenida Tronco e a trincheira da Anita Garibaldi. As demais, caminham a passos lentos, ou, como definiu o engenheiro Rog\u00e9rio Ba\u00fa: \u201cn\u00e3o seguem o cronograma estabelecido.\u201d<br \/>\nOs principal entrave para a conclus\u00e3o das obras \u00e9 financeiro. Deste valor, R$ 45 milh\u00f5es s\u00e3o d\u00edvidas e o restante \u00e9 parte do saldo a pagar.\u00a0Dos R$ 640 milh\u00f5es, custo total das obras, j\u00e1 foram pagos R$ 359 milh\u00f5es.<br \/>\nParticiparam da coletiva os secret\u00e1rios municipais de Infraestrutura e Mobilidade Urbana, Elizandro Sabino, da Fazenda, Leonardo Busatto, e t\u00e9cnicos da prefeitura.<br \/>\n<span class=\"intertit\">Prefeitura n\u00e3o tem cronograma<\/span><br \/>\nA prefeitura ainda n\u00e3o tem uma previs\u00e3o de retomada do andamento normal das obras ou um cronograma de trabalho. A partir deste levantamento, deve ser constru\u00eddo um plano de trabalho e um cronograma de pagamento. Na pr\u00f3xima semana, os secret\u00e1rios devem se reunir com o prefeito Nelson Marchezan J\u00fanior para tratar do assunto.<br \/>\nSer\u00e1 realizada tamb\u00e9m uma reuni\u00e3o com a Caixa, para buscar um novo financiamento para quitas as d\u00edvidas que dizem respeito ao Munic\u00edpio, em fun\u00e7\u00e3o dos atrasos.<br \/>\nAs prioridades da prefeitura devem ser as obras da Cear\u00e1 e da Tronco. A trincheira da avenida Cear\u00e1 est\u00e1 90% conclu\u00edda e a previs\u00e3o \u00e9 de que seja conclu\u00edda em 4 meses, a partir da retomada do ritmo normal.<br \/>\nO caso da Tronco \u00e9 mais complexo. \u00c9 a obra menos avan\u00e7ada, com cerca de 30% de andamento, e a previs\u00e3o da prefeitura \u00e9 que dure mais dois anos, a partir da retomada. J\u00e1 foram pagos R$ 38 milh\u00f5es, faltando para a conclus\u00e3o mais R$ 112 milh\u00f5es.<br \/>\n<span class=\"intertit\">Al\u00e9m do dinheiro, desapropria\u00e7\u00f5es e a reassentamentos<\/span><br \/>\nAl\u00e9m da situa\u00e7\u00e3o financeira, algumas obras esbarram em quest\u00f5es jur\u00eddicas. No caso da Tronco, a dificuldade \u00e9 em rela\u00e7\u00e3o ao reassentamento das fam\u00edlias que t\u00eam suas casas no tra\u00e7ado previsto da avenida. Segundo a prefeitura, das 1.525 fam\u00edlias que precisariam ser removidas em fun\u00e7\u00e3o das obras, hoje restam 193. H\u00e1 ainda casos de fam\u00edlias que n\u00e3o querem deixar o local.<br \/>\nNa Volunt\u00e1rios da P\u00e1tria faltou dinheiro para pagar as desapropria\u00e7\u00f5es. O primeiro trecho da avenida, do viaduto da Concei\u00e7\u00e3o at\u00e9 a Ramiro Barcelos, j\u00e1 est\u00e1 praticamente pronto, 94% conclu\u00eddo. Por\u00e9m, no segundo trecho, da Ramiro at\u00e9 a Sert\u00f3rio, as obras ainda nem come\u00e7aram. A prefeitura afirma que os R$ 20 milh\u00f5es previstos para as desapropria\u00e7\u00f5es foram gastos no primeiro trecho. O valor estimado para a obra do segundo trecho \u00e9 de R$ 43 milh\u00f5es.<br \/>\n<span class=\"intertit\">Atrasos geraram d\u00edvidas<\/span><br \/>\nO custo das obras \u00e9 pago atrav\u00e9s de financiamento da Caixa, por\u00e9m, as d\u00edvidas s\u00e3o de responsabilidade do Munic\u00edpio. S\u00e3o R$ 45 milh\u00f5es em d\u00edvidas que a prefeitura afiram n\u00e3o ter dinheiro para pagar. O secret\u00e1rio da Fazenda, Leonardo Busato, afirmou que a maior parte deste montante diz respeito a reajustamentos. \u201cA Caixa disse que n\u00e3o vai pagar a infla\u00e7\u00e3o das obras\u201d, afirmou.<br \/>\nParte deste valor, cerca de R$ 20,5 milh\u00f5es, s\u00e3o pagamentos atrasados das obras j\u00e1 conclu\u00eddas, outros R$ 24,5 milh\u00f5es s\u00e3o das obras em andamento.<br \/>\nA prefeitura estuda duas linhas de atua\u00e7\u00e3o. A primeira \u00e9 tentar que a Caixa a parte da d\u00edvida referente aos reajustamentos, alegando que o problema financeira vivido pelo Munic\u00edpio n\u00e3o \u00e9 isolado da situa\u00e7\u00e3o das demais cidades que tamb\u00e9m enfrentam dificuldades com a sobras da Copa.<br \/>\nOutra medida \u00e9 tentar negociar a d\u00edvida com as empresas. Um leil\u00e3o das d\u00edvidas, onde quem aceitar uma melhor negocia\u00e7\u00e3o para a prefeitura seja pago primeiro, \u00e9 uma possibilidade.<br \/>\nSe estas medidas n\u00e3o funcionarem, a prefeitura afirma que n\u00e3o tem estimativa de quando ter\u00e1 o dinheiro dispon\u00edvel.<\/p>\n","protected":false},"excerpt":{"rendered":"<p>Matheus Chaparini Faltam R$ 237 milh\u00f5es para a conclus\u00e3o \u00a0das chamadas obras da copa. O an\u00fancio foi feito pela prefeitura em\u00a0uma coletiva de imprensa na manh\u00e3 desta quinta-feira, na sede da SMOV. O quadro apresentado\u00a0apresentado foi pouco animador. Das 19 obras, sete foram conclu\u00eddas, dez est\u00e3o em andamento e duas ainda n\u00e3o iniciaram \u2013 trincheira [&hellip;]<\/p>\n","protected":false},"author":4,"featured_media":44716,"comment_status":"open","ping_status":"closed","sticky":false,"template":"","format":"standard","meta":{"_jetpack_newsletter_access":"","_jetpack_dont_email_post_to_subs":false,"_jetpack_newsletter_tier_id":0,"_jetpack_memberships_contains_paywalled_content":false,"_jetpack_feature_clip_id":0,"_jetpack_memberships_contains_paid_content":false,"footnotes":"","jetpack_post_was_ever_published":false},"categories":[26],"tags":[],"class_list":["post-44715","post","type-post","status-publish","format-standard","has-post-thumbnail","hentry","category-geral"],"aioseo_notices":[],"aioseo_head":"\n\t\t<!-- All in One SEO 5.0.1.1 - aioseo.com -->\n\t<meta name=\"robots\" content=\"max-image-preview:large\" \/>\n\t<meta name=\"author\" content=\"da Reda\u00e7\u00e3o\"\/>\n\t<link rel=\"canonical\" href=\"https:\/\/www.jornalja.com.br\/arquivo\/prefeitura-precisa-de-r-237-milhoes-para-concluir-obras-da-copa\/\" \/>\n\t<meta name=\"generator\" content=\"All in One SEO (AIOSEO) 5.0.1.1\" \/>\n\t\t<meta property=\"og:locale\" content=\"pt_BR\" \/>\n\t\t<meta property=\"og:site_name\" content=\"Arquivo | Jornal J\u00c1 | Porto Alegre\" \/>\n\t\t<meta property=\"og:type\" content=\"article\" \/>\n\t\t<meta property=\"og:title\" content=\"Prefeitura precisa de R$ 237 milh\u00f5es para concluir obras da Copa | Arquivo\" \/>\n\t\t<meta property=\"og:url\" content=\"https:\/\/www.jornalja.com.br\/arquivo\/prefeitura-precisa-de-r-237-milhoes-para-concluir-obras-da-copa\/\" \/>\n\t\t<meta property=\"og:image\" content=\"https:\/\/www.jornalja.com.br\/economics\/wp-content\/uploads\/sites\/11\/2026\/08\/ja-folhaderosto-facebook.jpg\" \/>\n\t\t<meta property=\"og:image:secure_url\" content=\"https:\/\/www.jornalja.com.br\/economics\/wp-content\/uploads\/sites\/11\/2026\/08\/ja-folhaderosto-facebook.jpg\" \/>\n\t\t<meta property=\"article:published_time\" content=\"2017-02-16T15:04:35+00:00\" \/>\n\t\t<meta property=\"article:modified_time\" content=\"2017-02-16T15:04:35+00:00\" \/>\n\t\t<meta name=\"twitter:card\" content=\"summary\" \/>\n\t\t<meta name=\"twitter:title\" content=\"Prefeitura precisa de R$ 237 milh\u00f5es para concluir obras da Copa | Arquivo\" \/>\n\t\t<meta name=\"twitter:image\" content=\"https:\/\/www.jornalja.com.br\/economics\/wp-content\/uploads\/sites\/11\/2026\/08\/ja-folhaderosto-facebook.jpg\" \/>\n\t\t<script type=\"application\/ld+json\" class=\"aioseo-schema\">\n\t\t\t{\"@context\":\"https:\\\/\\\/schema.org\",\"@graph\":[{\"@type\":\"BlogPosting\",\"@id\":\"https:\\\/\\\/www.jornalja.com.br\\\/arquivo\\\/prefeitura-precisa-de-r-237-milhoes-para-concluir-obras-da-copa\\\/#blogposting\",\"name\":\"Prefeitura precisa de R$ 237 milh\\u00f5es para concluir obras da Copa | Arquivo\",\"headline\":\"Prefeitura precisa de R$ 237 milh\\u00f5es para concluir obras da Copa\",\"author\":{\"@id\":\"https:\\\/\\\/www.jornalja.com.br\\\/arquivo\\\/author\\\/daredacao\\\/#author\"},\"publisher\":{\"@id\":\"https:\\\/\\\/www.jornalja.com.br\\\/arquivo\\\/#organization\"},\"image\":{\"@type\":\"ImageObject\",\"url\":44716},\"datePublished\":\"2017-02-16T12:04:35-02:00\",\"dateModified\":\"2017-02-16T12:04:35-02:00\",\"inLanguage\":\"pt-BR\",\"mainEntityOfPage\":{\"@id\":\"https:\\\/\\\/www.jornalja.com.br\\\/arquivo\\\/prefeitura-precisa-de-r-237-milhoes-para-concluir-obras-da-copa\\\/#webpage\"},\"isPartOf\":{\"@id\":\"https:\\\/\\\/www.jornalja.com.br\\\/arquivo\\\/prefeitura-precisa-de-r-237-milhoes-para-concluir-obras-da-copa\\\/#webpage\"},\"articleSection\":\"Geral\"},{\"@type\":\"BreadcrumbList\",\"@id\":\"https:\\\/\\\/www.jornalja.com.br\\\/arquivo\\\/prefeitura-precisa-de-r-237-milhoes-para-concluir-obras-da-copa\\\/#breadcrumblist\",\"itemListElement\":[{\"@type\":\"ListItem\",\"@id\":\"https:\\\/\\\/www.jornalja.com.br\\\/arquivo#listItem\",\"position\":1,\"name\":\"Home\",\"item\":\"https:\\\/\\\/www.jornalja.com.br\\\/arquivo\",\"nextItem\":{\"@type\":\"ListItem\",\"@id\":\"https:\\\/\\\/www.jornalja.com.br\\\/arquivo\\\/category\\\/geral\\\/#listItem\",\"name\":\"Geral\"}},{\"@type\":\"ListItem\",\"@id\":\"https:\\\/\\\/www.jornalja.com.br\\\/arquivo\\\/category\\\/geral\\\/#listItem\",\"position\":2,\"name\":\"Geral\",\"item\":\"https:\\\/\\\/www.jornalja.com.br\\\/arquivo\\\/category\\\/geral\\\/\",\"nextItem\":{\"@type\":\"ListItem\",\"@id\":\"https:\\\/\\\/www.jornalja.com.br\\\/arquivo\\\/prefeitura-precisa-de-r-237-milhoes-para-concluir-obras-da-copa\\\/#listItem\",\"name\":\"Prefeitura precisa de R$ 237 milh\\u00f5es para concluir obras da Copa\"},\"previousItem\":{\"@type\":\"ListItem\",\"@id\":\"https:\\\/\\\/www.jornalja.com.br\\\/arquivo#listItem\",\"name\":\"Home\"}},{\"@type\":\"ListItem\",\"@id\":\"https:\\\/\\\/www.jornalja.com.br\\\/arquivo\\\/prefeitura-precisa-de-r-237-milhoes-para-concluir-obras-da-copa\\\/#listItem\",\"position\":3,\"name\":\"Prefeitura precisa de R$ 237 milh\\u00f5es para concluir obras da Copa\",\"previousItem\":{\"@type\":\"ListItem\",\"@id\":\"https:\\\/\\\/www.jornalja.com.br\\\/arquivo\\\/category\\\/geral\\\/#listItem\",\"name\":\"Geral\"}}]},{\"@type\":\"Organization\",\"@id\":\"https:\\\/\\\/www.jornalja.com.br\\\/arquivo\\\/#organization\",\"name\":\"Jornal J\\u00c1\",\"description\":\"Jornal J\\u00c1 | Porto Alegre\",\"url\":\"https:\\\/\\\/www.jornalja.com.br\\\/arquivo\\\/\",\"telephone\":\"+555133307272\",\"logo\":{\"@type\":\"ImageObject\",\"url\":\"https:\\\/\\\/www.jornalja.com.br\\\/wp-content\\\/uploads\\\/cards\\\/JAslogan.png\",\"@id\":\"https:\\\/\\\/www.jornalja.com.br\\\/arquivo\\\/prefeitura-precisa-de-r-237-milhoes-para-concluir-obras-da-copa\\\/#organizationLogo\"},\"image\":{\"@id\":\"https:\\\/\\\/www.jornalja.com.br\\\/arquivo\\\/prefeitura-precisa-de-r-237-milhoes-para-concluir-obras-da-copa\\\/#organizationLogo\"}},{\"@type\":\"Person\",\"@id\":\"https:\\\/\\\/www.jornalja.com.br\\\/arquivo\\\/author\\\/daredacao\\\/#author\",\"url\":\"https:\\\/\\\/www.jornalja.com.br\\\/arquivo\\\/author\\\/daredacao\\\/\",\"name\":\"da Reda\\u00e7\\u00e3o\",\"image\":{\"@type\":\"ImageObject\",\"@id\":\"https:\\\/\\\/www.jornalja.com.br\\\/arquivo\\\/prefeitura-precisa-de-r-237-milhoes-para-concluir-obras-da-copa\\\/#authorImage\",\"url\":\"https:\\\/\\\/secure.gravatar.com\\\/avatar\\\/469fd857d6605ad19919d27ed29d35a968a25f6e8fd9318356bbb7f57aae9c65?s=96&d=mm&r=g\",\"width\":96,\"height\":96,\"caption\":\"da Reda\\u00e7\\u00e3o\"}},{\"@type\":\"WebPage\",\"@id\":\"https:\\\/\\\/www.jornalja.com.br\\\/arquivo\\\/prefeitura-precisa-de-r-237-milhoes-para-concluir-obras-da-copa\\\/#webpage\",\"url\":\"https:\\\/\\\/www.jornalja.com.br\\\/arquivo\\\/prefeitura-precisa-de-r-237-milhoes-para-concluir-obras-da-copa\\\/\",\"name\":\"Prefeitura precisa de R$ 237 milh\\u00f5es para concluir obras da Copa | Arquivo\",\"inLanguage\":\"pt-BR\",\"isPartOf\":{\"@id\":\"https:\\\/\\\/www.jornalja.com.br\\\/arquivo\\\/#website\"},\"breadcrumb\":{\"@id\":\"https:\\\/\\\/www.jornalja.com.br\\\/arquivo\\\/prefeitura-precisa-de-r-237-milhoes-para-concluir-obras-da-copa\\\/#breadcrumblist\"},\"author\":{\"@id\":\"https:\\\/\\\/www.jornalja.com.br\\\/arquivo\\\/author\\\/daredacao\\\/#author\"},\"creator\":{\"@id\":\"https:\\\/\\\/www.jornalja.com.br\\\/arquivo\\\/author\\\/daredacao\\\/#author\"},\"image\":{\"@type\":\"ImageObject\",\"url\":44716,\"@id\":\"https:\\\/\\\/www.jornalja.com.br\\\/arquivo\\\/prefeitura-precisa-de-r-237-milhoes-para-concluir-obras-da-copa\\\/#mainImage\"},\"primaryImageOfPage\":{\"@id\":\"https:\\\/\\\/www.jornalja.com.br\\\/arquivo\\\/prefeitura-precisa-de-r-237-milhoes-para-concluir-obras-da-copa\\\/#mainImage\"},\"datePublished\":\"2017-02-16T12:04:35-02:00\",\"dateModified\":\"2017-02-16T12:04:35-02:00\"},{\"@type\":\"WebSite\",\"@id\":\"https:\\\/\\\/www.jornalja.com.br\\\/arquivo\\\/#website\",\"url\":\"https:\\\/\\\/www.jornalja.com.br\\\/arquivo\\\/\",\"name\":\"Arquivo\",\"description\":\"Jornal J\\u00c1 | Porto Alegre\",\"inLanguage\":\"pt-BR\",\"publisher\":{\"@id\":\"https:\\\/\\\/www.jornalja.com.br\\\/arquivo\\\/#organization\"}}]}\n\t\t<\/script>\n\t\t<!-- All in One SEO -->\n\n","aioseo_head_json":{"title":"Prefeitura precisa de R$ 237 milh\u00f5es para concluir obras da Copa | Arquivo","description":"","canonical_url":"https:\/\/www.jornalja.com.br\/arquivo\/prefeitura-precisa-de-r-237-milhoes-para-concluir-obras-da-copa\/","robots":"max-image-preview:large","keywords":"","webmasterTools":{"miscellaneous":""},"schema":{"@context":"https:\/\/schema.org","@graph":[{"@type":"BlogPosting","@id":"https:\/\/www.jornalja.com.br\/arquivo\/prefeitura-precisa-de-r-237-milhoes-para-concluir-obras-da-copa\/#blogposting","name":"Prefeitura precisa de R$ 237 milh\u00f5es para concluir obras da Copa | Arquivo","headline":"Prefeitura precisa de R$ 237 milh\u00f5es para concluir obras da Copa","author":{"@id":"https:\/\/www.jornalja.com.br\/arquivo\/author\/daredacao\/#author"},"publisher":{"@id":"https:\/\/www.jornalja.com.br\/arquivo\/#organization"},"image":{"@type":"ImageObject","url":44716},"datePublished":"2017-02-16T12:04:35-02:00","dateModified":"2017-02-16T12:04:35-02:00","inLanguage":"pt-BR","mainEntityOfPage":{"@id":"https:\/\/www.jornalja.com.br\/arquivo\/prefeitura-precisa-de-r-237-milhoes-para-concluir-obras-da-copa\/#webpage"},"isPartOf":{"@id":"https:\/\/www.jornalja.com.br\/arquivo\/prefeitura-precisa-de-r-237-milhoes-para-concluir-obras-da-copa\/#webpage"},"articleSection":"Geral"},{"@type":"BreadcrumbList","@id":"https:\/\/www.jornalja.com.br\/arquivo\/prefeitura-precisa-de-r-237-milhoes-para-concluir-obras-da-copa\/#breadcrumblist","itemListElement":[{"@type":"ListItem","@id":"https:\/\/www.jornalja.com.br\/arquivo#listItem","position":1,"name":"Home","item":"https:\/\/www.jornalja.com.br\/arquivo","nextItem":{"@type":"ListItem","@id":"https:\/\/www.jornalja.com.br\/arquivo\/category\/geral\/#listItem","name":"Geral"}},{"@type":"ListItem","@id":"https:\/\/www.jornalja.com.br\/arquivo\/category\/geral\/#listItem","position":2,"name":"Geral","item":"https:\/\/www.jornalja.com.br\/arquivo\/category\/geral\/","nextItem":{"@type":"ListItem","@id":"https:\/\/www.jornalja.com.br\/arquivo\/prefeitura-precisa-de-r-237-milhoes-para-concluir-obras-da-copa\/#listItem","name":"Prefeitura precisa de R$ 237 milh\u00f5es para concluir obras da Copa"},"previousItem":{"@type":"ListItem","@id":"https:\/\/www.jornalja.com.br\/arquivo#listItem","name":"Home"}},{"@type":"ListItem","@id":"https:\/\/www.jornalja.com.br\/arquivo\/prefeitura-precisa-de-r-237-milhoes-para-concluir-obras-da-copa\/#listItem","position":3,"name":"Prefeitura precisa de R$ 237 milh\u00f5es para concluir obras da Copa","previousItem":{"@type":"ListItem","@id":"https:\/\/www.jornalja.com.br\/arquivo\/category\/geral\/#listItem","name":"Geral"}}]},{"@type":"Organization","@id":"https:\/\/www.jornalja.com.br\/arquivo\/#organization","name":"Jornal J\u00c1","description":"Jornal J\u00c1 | Porto Alegre","url":"https:\/\/www.jornalja.com.br\/arquivo\/","telephone":"+555133307272","logo":{"@type":"ImageObject","url":"https:\/\/www.jornalja.com.br\/wp-content\/uploads\/cards\/JAslogan.png","@id":"https:\/\/www.jornalja.com.br\/arquivo\/prefeitura-precisa-de-r-237-milhoes-para-concluir-obras-da-copa\/#organizationLogo"},"image":{"@id":"https:\/\/www.jornalja.com.br\/arquivo\/prefeitura-precisa-de-r-237-milhoes-para-concluir-obras-da-copa\/#organizationLogo"}},{"@type":"Person","@id":"https:\/\/www.jornalja.com.br\/arquivo\/author\/daredacao\/#author","url":"https:\/\/www.jornalja.com.br\/arquivo\/author\/daredacao\/","name":"da Reda\u00e7\u00e3o","image":{"@type":"ImageObject","@id":"https:\/\/www.jornalja.com.br\/arquivo\/prefeitura-precisa-de-r-237-milhoes-para-concluir-obras-da-copa\/#authorImage","url":"https:\/\/secure.gravatar.com\/avatar\/469fd857d6605ad19919d27ed29d35a968a25f6e8fd9318356bbb7f57aae9c65?s=96&d=mm&r=g","width":96,"height":96,"caption":"da Reda\u00e7\u00e3o"}},{"@type":"WebPage","@id":"https:\/\/www.jornalja.com.br\/arquivo\/prefeitura-precisa-de-r-237-milhoes-para-concluir-obras-da-copa\/#webpage","url":"https:\/\/www.jornalja.com.br\/arquivo\/prefeitura-precisa-de-r-237-milhoes-para-concluir-obras-da-copa\/","name":"Prefeitura precisa de R$ 237 milh\u00f5es para concluir obras da Copa | Arquivo","inLanguage":"pt-BR","isPartOf":{"@id":"https:\/\/www.jornalja.com.br\/arquivo\/#website"},"breadcrumb":{"@id":"https:\/\/www.jornalja.com.br\/arquivo\/prefeitura-precisa-de-r-237-milhoes-para-concluir-obras-da-copa\/#breadcrumblist"},"author":{"@id":"https:\/\/www.jornalja.com.br\/arquivo\/author\/daredacao\/#author"},"creator":{"@id":"https:\/\/www.jornalja.com.br\/arquivo\/author\/daredacao\/#author"},"image":{"@type":"ImageObject","url":44716,"@id":"https:\/\/www.jornalja.com.br\/arquivo\/prefeitura-precisa-de-r-237-milhoes-para-concluir-obras-da-copa\/#mainImage"},"primaryImageOfPage":{"@id":"https:\/\/www.jornalja.com.br\/arquivo\/prefeitura-precisa-de-r-237-milhoes-para-concluir-obras-da-copa\/#mainImage"},"datePublished":"2017-02-16T12:04:35-02:00","dateModified":"2017-02-16T12:04:35-02:00"},{"@type":"WebSite","@id":"https:\/\/www.jornalja.com.br\/arquivo\/#website","url":"https:\/\/www.jornalja.com.br\/arquivo\/","name":"Arquivo","description":"Jornal J\u00c1 | Porto Alegre","inLanguage":"pt-BR","publisher":{"@id":"https:\/\/www.jornalja.com.br\/arquivo\/#organization"}}]},"og:locale":"pt_BR","og:site_name":"Arquivo | Jornal J\u00c1 | Porto Alegre","og:type":"article","og:title":"Prefeitura precisa de R$ 237 milh\u00f5es para concluir obras da Copa | Arquivo","og:url":"https:\/\/www.jornalja.com.br\/arquivo\/prefeitura-precisa-de-r-237-milhoes-para-concluir-obras-da-copa\/","og:image":"https:\/\/www.jornalja.com.br\/economics\/wp-content\/uploads\/sites\/11\/2026\/08\/ja-folhaderosto-facebook.jpg","og:image:secure_url":"https:\/\/www.jornalja.com.br\/economics\/wp-content\/uploads\/sites\/11\/2026\/08\/ja-folhaderosto-facebook.jpg","article:published_time":"2017-02-16T15:04:35+00:00","article:modified_time":"2017-02-16T15:04:35+00:00","twitter:card":"summary","twitter:title":"Prefeitura precisa de R$ 237 milh\u00f5es para concluir obras da Copa | Arquivo","twitter:image":"https:\/\/www.jornalja.com.br\/economics\/wp-content\/uploads\/sites\/11\/2026\/08\/ja-folhaderosto-facebook.jpg"},"aioseo_meta_data":{"post_id":"44715","title":null,"description":null,"keywords":null,"keyphrases":null,"primary_term":null,"canonical_url":null,"og_title":null,"og_description":null,"og_object_type":"default","og_image_type":"default","og_image_url":null,"og_image_width":null,"og_image_height":null,"og_image_custom_url":null,"og_image_custom_fields":null,"og_video":null,"og_custom_url":null,"og_article_section":null,"og_article_tags":null,"twitter_use_og":false,"twitter_card":"default","twitter_image_type":"default","twitter_image_url":null,"twitter_image_custom_url":null,"twitter_image_custom_fields":null,"twitter_title":null,"twitter_description":null,"schema":{"blockGraphs":[],"customGraphs":[],"default":{"data":{"Article":[],"Course":[],"Dataset":[],"FAQPage":[],"Movie":[],"Person":[],"Product":[],"ProductReview":[],"Car":[],"Recipe":[],"Service":[],"SoftwareApplication":[],"WebPage":[]},"graphName":"","isEnabled":true},"graphs":[],"defaultGraph":"","defaultPostTypeGraph":""},"schema_type":null,"schema_type_options":null,"pillar_content":false,"robots_default":true,"robots_noindex":false,"robots_noarchive":false,"robots_nosnippet":false,"robots_nofollow":false,"robots_noimageindex":false,"robots_noodp":false,"robots_notranslate":false,"robots_max_snippet":null,"robots_max_videopreview":null,"robots_max_imagepreview":"large","priority":null,"frequency":null,"location":null,"local_seo":null,"breadcrumb_settings":null,"limit_modified_date":false,"ai":null,"created":"2020-12-20 20:40:47","updated":"2025-07-19 20:01:49","seo_analyzer_scan_date":null,"focus_keyword":null,"additional_keywords":null,"truseo_locale":null},"jetpack_sharing_enabled":true,"jetpack-related-posts":[{"id":13240,"url":"https:\/\/www.jornalja.com.br\/arquivo\/plano-diretor-estamos-construindo-o-caos\/","url_meta":{"origin":44715,"position":0},"title":"Plano diretor: &quot;Estamos construindo o caos&quot;","author":"Patr\u00edcia Marini","date":"26 de maio de 2014","format":false,"excerpt":"Desabafo que arquiteta Eliana Castilhos, delegada da Regi\u00e3o de Planejamento 1, postou nas redes sociais \u00e9 um testemunho do ambiente que se criou no Conselho do Plano Diretor de Porto Alegre, onde a aprova\u00e7\u00e3o de grandes empreendimentos \u00e9 empurrada guela abaixo dos conselheiros. Ao CMDUA Como delegada da Regi\u00e3o de\u2026","rel":"","context":"Em &quot;Geral&quot;","block_context":{"text":"Geral","link":"https:\/\/www.jornalja.com.br\/arquivo\/category\/geral\/"},"img":{"alt_text":"","src":"","width":0,"height":0},"classes":[]},{"id":12960,"url":"https:\/\/www.jornalja.com.br\/arquivo\/populacao-culpa-empresas-pela-greve-dos-rodoviarios\/","url_meta":{"origin":44715,"position":1},"title":"Popula\u00e7\u00e3o culpa empresas pela greve","author":"Patr\u00edcia Marini","date":"14 de fevereiro de 2014","format":false,"excerpt":"Pesquisa divulgada na edi\u00e7\u00e3o do jornal Metro desta sexta-feira,14, comprova o velho ditado: \u00e9 poss\u00edvel enganar muitos por algum tempo, mas n\u00e3o \u00e9 poss\u00edvel enganar a todos o tempo inteiro. A principal revela\u00e7\u00e3o foi que 59,8% dos entrevistados apontaram as empresas como as principais respons\u00e1veis pela grave e 46% culparam\u2026","rel":"","context":"Em &quot;X.Categorias velhas&quot;","block_context":{"text":"X.Categorias velhas","link":"https:\/\/www.jornalja.com.br\/arquivo\/category\/x-categorias-velhas\/"},"img":{"alt_text":"","src":"","width":0,"height":0},"classes":[]},{"id":13109,"url":"https:\/\/www.jornalja.com.br\/arquivo\/judiciario-reconhece-poluicao-eletromagnetica\/","url_meta":{"origin":44715,"position":2},"title":"Judici\u00e1rio reconhece polui\u00e7\u00e3o eletromagn\u00e9tica","author":"Patr\u00edcia Marini","date":"16 de maio de 2014","format":false,"excerpt":"A\u00e7\u00e3o de duas associa\u00e7\u00f5es de moradores foi acolhida pelo Tribunal de Justi\u00e7a de S\u00e3o Paulo que. em decis\u00e3o in\u00e9dita, determinou a redu\u00e7\u00e3o do campo eletromagn\u00e9tico gerado pelas linhas de transmiss\u00e3o de energia que cortam os bairros City Boa\u00e7ava e Alto de Pinheiros. \u00c9 a primeira vez que um tribunal do\u2026","rel":"","context":"Em &quot;X.Categorias velhas&quot;","block_context":{"text":"X.Categorias velhas","link":"https:\/\/www.jornalja.com.br\/arquivo\/category\/x-categorias-velhas\/"},"img":{"alt_text":"","src":"","width":0,"height":0},"classes":[]},{"id":13239,"url":"https:\/\/www.jornalja.com.br\/arquivo\/conselho-desdenha-do-plano-diretor\/","url_meta":{"origin":44715,"position":3},"title":"Porto Alegre: Conselho detona Plano Diretor","author":"Patr\u00edcia Marini","date":"25 de maio de 2014","format":false,"excerpt":"Den\u00fancia do arquiteto e \u00a0urbanista Ibir\u00e1 Santos Lucas. Ele diz que os conselheiros est\u00e3o votando com \"enorme irresponsabilidade\". \"Mudam regime com a maior naturalidade,,,regularizam absurdos de constru\u00e7\u00f5es irregulares... \"O CMDUA est\u00e1 flexibilizando a lei do plano diretor, de uma forma impactante na vida da cidade. Mudam regime com a maior\u2026","rel":"","context":"Em &quot;Geral&quot;","block_context":{"text":"Geral","link":"https:\/\/www.jornalja.com.br\/arquivo\/category\/geral\/"},"img":{"alt_text":"","src":"","width":0,"height":0},"classes":[]},{"id":5440,"url":"https:\/\/www.jornalja.com.br\/arquivo\/casarao-da-venancio-destino-permanece-incerto\/","url_meta":{"origin":44715,"position":4},"title":"Estado ainda n\u00e3o sabe o que fazer com casar\u00e3o abandonado h\u00e1 20 anos","author":"Elmar Bones","date":"6 de julho de 2009","format":false,"excerpt":"O casar\u00e3o amarelo, numa esquina nobre de Porto Alegre (Ven\u00e2ncio Aires com Jo\u00e3o Pessoa), j\u00e1 abrigou uma escola. H\u00e1 duas d\u00e9cadas, pelo menos, est\u00e1 abandonado, porque seu propriet\u00e1rio, o governo do Estado do Rio Grande do Sul, n\u00e3o consegue achar um destino para ele. Planos n\u00e3o faltaram. O governador Ol\u00edvio\u2026","rel":"","context":"Em &quot;X.Categorias velhas&quot;","block_context":{"text":"X.Categorias velhas","link":"https:\/\/www.jornalja.com.br\/arquivo\/category\/x-categorias-velhas\/"},"img":{"alt_text":"geraldo1","src":"https:\/\/i0.wp.com\/www.jornalja.com.br\/wp-content\/uploads\/2009\/07\/geraldo1.jpg?resize=350%2C200&ssl=1","width":350,"height":200},"classes":[]},{"id":13124,"url":"https:\/\/www.jornalja.com.br\/arquivo\/sangue-latino-no-iecine\/","url_meta":{"origin":44715,"position":5},"title":"Sangue latino no IECINE","author":"da Reda\u00e7\u00e3o","date":"18 de maio de 2014","format":false,"excerpt":"Francisco Ribeiro O Instituto Estadual de Cinema (IECINE) tem a frente, desde abril \u00faltimo, um novo diretor, o cineasta colombiano Juan Zapata, 36, que substitui Luiz Alberto Cassol. Radicado h\u00e1 dez anos em Porto Alegre, Zapata tem diante de si o desafio de conduzir at\u00e9 o final do ano um\u2026","rel":"","context":"Em &quot;Cultura-Geral&quot;","block_context":{"text":"Cultura-Geral","link":"https:\/\/www.jornalja.com.br\/arquivo\/category\/materiasecundaria\/"},"img":{"alt_text":"","src":"","width":0,"height":0},"classes":[]}],"jetpack_shortlink":"https:\/\/wp.me\/pbQjBd-bDd","jetpack_featured_media_url":"","_links":{"self":[{"href":"https:\/\/www.jornalja.com.br\/arquivo\/wp-json\/wp\/v2\/posts\/44715","targetHints":{"allow":["GET"]}}],"collection":[{"href":"https:\/\/www.jornalja.com.br\/arquivo\/wp-json\/wp\/v2\/posts"}],"about":[{"href":"https:\/\/www.jornalja.com.br\/arquivo\/wp-json\/wp\/v2\/types\/post"}],"author":[{"embeddable":true,"href":"https:\/\/www.jornalja.com.br\/arquivo\/wp-json\/wp\/v2\/users\/4"}],"replies":[{"embeddable":true,"href":"https:\/\/www.jornalja.com.br\/arquivo\/wp-json\/wp\/v2\/comments?post=44715"}],"version-history":[{"count":0,"href":"https:\/\/www.jornalja.com.br\/arquivo\/wp-json\/wp\/v2\/posts\/44715\/revisions"}],"wp:attachment":[{"href":"https:\/\/www.jornalja.com.br\/arquivo\/wp-json\/wp\/v2\/media?parent=44715"}],"wp:term":[{"taxonomy":"category","embeddable":true,"href":"https:\/\/www.jornalja.com.br\/arquivo\/wp-json\/wp\/v2\/categories?post=44715"},{"taxonomy":"post_tag","embeddable":true,"href":"https:\/\/www.jornalja.com.br\/arquivo\/wp-json\/wp\/v2\/tags?post=44715"}],"curies":[{"name":"wp","href":"https:\/\/api.w.org\/{rel}","templated":true}]}}