{"id":44735,"date":"2017-02-16T17:37:36","date_gmt":"2017-02-16T20:37:36","guid":{"rendered":"https:\/\/www.jornalja.com.br\/?p=44735"},"modified":"2017-02-16T17:37:36","modified_gmt":"2017-02-16T20:37:36","slug":"tres-blocos-desfilam-nas-ruas-da-cidade-baixa-este-sabado","status":"publish","type":"post","link":"https:\/\/www.jornalja.com.br\/arquivo\/tres-blocos-desfilam-nas-ruas-da-cidade-baixa-este-sabado\/","title":{"rendered":"Tr\u00eas blocos desfilam nas ruas da Cidade Baixa este s\u00e1bado"},"content":{"rendered":"<p>Neste s\u00e1bado, tr\u00eas blocos tomam as ruas da Cidade Baixa, dando in\u00edcio \u00e0 programa\u00e7\u00e3o oficial do carnaval de rua de Porto Alegre. Os desfiles iniciam \u00e0s 15h e tem a dispers\u00e3o marcada para \u00e0s 21h.<br \/>\nO bloco Do Jeito que T\u00e1 Vai sair\u00e1 da Travessa do Carmo, passa por Jo\u00e3o Alfredo, Rep\u00fablica e encerra da Lima e Silva. O Galo do Porto desfila pela Lima e Silva, da esquina da Joaquim Nabuco at\u00e9 a perimetral. J\u00e1 o Maria do Bairro faz sua festa na Sofia Veloso, sem caminhada.<br \/>\nOs tr\u00eas blocos integram a Liga das Entidades Burlescas da Cidade Baixa, que conta com 15 blocos na programa\u00e7\u00e3o. Os desfiles da Cidade Baixa ser\u00e3o produzidos pela Opini\u00e3o Produtora, Olel\u00ea e Grupo Austral, com patroc\u00ednio da Net e da Claro, atrav\u00e9s da Lei de Incentivo \u00e0 Cultura do Governo do Estado.<br \/>\nEm diversos outros bairros de Porto Alegre, desfilam os blocos da Liga dos Descentralizados. S\u00e3o mais de 20 blocos, com desfiles se estendendo at\u00e9 maio.<br \/>\nH\u00e1 ainda casos como o do Bloco Avisem a Shana que S\u00e1bado Vai Chover , que desfila no dia 11 de mar\u00e7o, e que n\u00e3o \u00e9 ligado a nenhuma entidade, e da Turucut\u00e1, que desfila no dia 19 de mar\u00e7o, na Cidade Baixa, mas, este ano, decidiu fazer seu carnaval de forma independente.<br \/>\nConfira a programa\u00e7\u00e3o atualizada:<br \/>\n<strong>S\u00e1bado, 18 de fevereiro<\/strong><br \/>\nBloco Do Jeito que Ta Vai (Liga Cidade Baixa) &#8211; 15h \u00e0s 21h<br \/>\nTrajeto: Travessa do Carmo 84 \/ Jo\u00e3o Alfredo \/ Rep\u00fablica \/ T\u00e9rmino Lima e Silva<br \/>\nBloco Galo do Porto (Liga Cidade Baixa) &#8211; 15h \u00e0s 21h<br \/>\nTrajeto: Rua Joaquim Nabuco, 99 \/ Lima e Silva \/ T\u00e9rmino Lima e Silva com Perimetral<br \/>\nBloco Maria do Bairro (Liga Cidade Baixa) -15h \u00e0s 21h<br \/>\nLocal: Rua Sofia Veloso<br \/>\n<strong>Domingo, 19<\/strong><br \/>\nBloco Gonhas da Folia, Bloco da Tronco, Bloco das Virgens, Bloco do Campinho (Liga Descentralizados) \u00a0&#8211; 11h \u00e0s 21h<br \/>\nLocal: Avenida Tronco<br \/>\nBloco Panela do Samba (Liga Cidade Baixa) \u00a0&#8211; 15h \u00e0s 21h<br \/>\nTrajeto: Rua Jo\u00e3o Alfredo, 689 \/ Largo do Zumbi<br \/>\n<strong>S\u00e1bado, 25 de fevereiro<\/strong><br \/>\nBanda DK \u00a0(Liga Cidade Baixa) &#8211; 15h \u00e0s 21h<br \/>\nTrajeto: Rua da Rep\u00fablica, 575 \/ Jos\u00e9 do Patroc\u00ednio \/ Aureliano \/ Jo\u00e3o Alfredo \/ Rep\u00fablica, \u00a0575<br \/>\nSete Blocos da Liga Descentralizados &#8211; 11h \u00e0s 20h<br \/>\nLocal: Parque Marinha &#8211; pista de skate \/ Orla (arena fechada)<br \/>\n<strong>Domingo, 26, segunda-feira, 27, e ter\u00e7a-feira, 28<\/strong><br \/>\nBlocos da Liga Descentralizados &#8211; 11h \u00e0s 20h<br \/>\nLocal: Parque Marinha &#8211; pista de skate \/ Orla (arena fechada)<br \/>\n<strong>Ter\u00e7a-feira, 28<\/strong><br \/>\nBlocos da Liga da Cidade Baixa &#8211; 9h \u00e0s 21h<br \/>\nLocal: Rep\u00fablica \/ Rua do Perd\u00e3o<br \/>\nBloco Deixa Falar (Liga da Cidade Baixa) &#8211; 16 \u00e0s 21 hs<br \/>\nTrajeto: Rua da Rep\u00fablica \/ Lima e Silva<br \/>\n<strong>S\u00e1bado, 4 de mar\u00e7o<\/strong><br \/>\nBloco Areal do Futuro (Liga da Cidade Baixa) &#8211; 15h \u00e0s 21h<br \/>\nTrajeto: Jo\u00e3o Alfredo, 689 \/ Largo Zumbi dos Palmares<br \/>\n<strong>Domingo, 5 de mar\u00e7o<\/strong><br \/>\nQuatro Blocos da Liga Descentralizados &#8211; 11h \u00e0s 22h<br \/>\nTrajeto: Avenida Maced\u00f4nia \/ Restinga<br \/>\n<strong>S\u00e1bado, 11 de mar\u00e7o<\/strong><br \/>\nBloco Isopor (Liga Cidade Baixa) &#8211; 15h \u00e0s 21h<br \/>\nTrajeto: Aureliano de Figueiredo 767 \/ Borges de Medeiros \/ Pra\u00e7a Isabel<br \/>\nAvisem a Shana que S\u00e1bado Vai Chover &#8211; Local e hor\u00e1rio ainda indefinidos<br \/>\n<strong>Domingo, 12 de mar\u00e7o<\/strong><br \/>\nBloco Floresta Aurora (Liga Cidade Baixa) &#8211; 15h \u00e0s 21h<br \/>\nTrajeto: Travessa do Carmo, 84 \/ Jo\u00e3o Alfredo, 651<br \/>\nBloco Tem Tudo Pra Dar Errado &#8211; 10h \u00e0s 20h<br \/>\nTrajeto: Edvaldo Pereira Paiva \/ pista de skate at\u00e9 o Beira Rio<br \/>\nQuatro Blocos \u00a0(Liga Descentralizados) &#8211; 11h \u00e0s 21h<br \/>\nLocal: Centro de Eventos Vila Nova<br \/>\n<strong>Domingo, 19 de mar\u00e7o<\/strong><br \/>\nBloco Turucut\u00e1 (Liga Cidade Baixa) &#8211; 7h \u00e0s 15h<br \/>\nTrajeto: R\u00f3tula das Cuias \/ Augusto de Carvalho \/ T\u00e9rmino Augusto de Carvalho<br \/>\n<strong>Domingo, 16 de abril<\/strong><br \/>\nQuatro Blocos (Liga Descentralizados) &#8211; 11h \u00e0s 20h<br \/>\nLocal: Av dos Industri\u00e1rios<br \/>\n<strong>Sexta-feira, 21 de abril (feriado)<\/strong><br \/>\nQuatro Blocos (Liga Descentralizados) &#8211; 11h \u00e0s 20h<br \/>\nLocal: Viaduto S\u00e3o Jorge<br \/>\n<strong>Domingo, 7 de maio<\/strong><br \/>\nSete Blocos (Liga Descentralizados) &#8211; 11h \u00e0s 20h<br \/>\nLocal: Gas\u00f4metro \/ Orla (arena fechada)<\/p>\n","protected":false},"excerpt":{"rendered":"<p>Neste s\u00e1bado, tr\u00eas blocos tomam as ruas da Cidade Baixa, dando in\u00edcio \u00e0 programa\u00e7\u00e3o oficial do carnaval de rua de Porto Alegre. Os desfiles iniciam \u00e0s 15h e tem a dispers\u00e3o marcada para \u00e0s 21h. O bloco Do Jeito que T\u00e1 Vai sair\u00e1 da Travessa do Carmo, passa por Jo\u00e3o Alfredo, Rep\u00fablica e encerra da [&hellip;]<\/p>\n","protected":false},"author":4,"featured_media":44736,"comment_status":"open","ping_status":"closed","sticky":false,"template":"","format":"standard","meta":{"_jetpack_newsletter_access":"","_jetpack_dont_email_post_to_subs":false,"_jetpack_newsletter_tier_id":0,"_jetpack_memberships_contains_paywalled_content":false,"_jetpack_feature_clip_id":0,"_jetpack_memberships_contains_paid_content":false,"footnotes":"","jetpack_post_was_ever_published":false},"categories":[26],"tags":[],"class_list":["post-44735","post","type-post","status-publish","format-standard","has-post-thumbnail","hentry","category-geral"],"aioseo_notices":[],"aioseo_head":"\n\t\t<!-- All in One SEO 5.0.1.1 - aioseo.com -->\n\t<meta name=\"robots\" content=\"max-image-preview:large\" \/>\n\t<meta name=\"author\" content=\"da Reda\u00e7\u00e3o\"\/>\n\t<link rel=\"canonical\" href=\"https:\/\/www.jornalja.com.br\/arquivo\/tres-blocos-desfilam-nas-ruas-da-cidade-baixa-este-sabado\/\" \/>\n\t<meta name=\"generator\" content=\"All in One SEO (AIOSEO) 5.0.1.1\" \/>\n\t\t<meta property=\"og:locale\" content=\"pt_BR\" \/>\n\t\t<meta property=\"og:site_name\" content=\"Arquivo | Jornal J\u00c1 | Porto Alegre\" \/>\n\t\t<meta property=\"og:type\" content=\"article\" \/>\n\t\t<meta property=\"og:title\" content=\"Tr\u00eas blocos desfilam nas ruas da Cidade Baixa este s\u00e1bado | Arquivo\" \/>\n\t\t<meta property=\"og:url\" content=\"https:\/\/www.jornalja.com.br\/arquivo\/tres-blocos-desfilam-nas-ruas-da-cidade-baixa-este-sabado\/\" \/>\n\t\t<meta property=\"og:image\" content=\"https:\/\/www.jornalja.com.br\/economics\/wp-content\/uploads\/sites\/11\/2026\/08\/ja-folhaderosto-facebook.jpg\" \/>\n\t\t<meta property=\"og:image:secure_url\" content=\"https:\/\/www.jornalja.com.br\/economics\/wp-content\/uploads\/sites\/11\/2026\/08\/ja-folhaderosto-facebook.jpg\" \/>\n\t\t<meta property=\"article:published_time\" content=\"2017-02-16T20:37:36+00:00\" \/>\n\t\t<meta property=\"article:modified_time\" content=\"2017-02-16T20:37:36+00:00\" \/>\n\t\t<meta name=\"twitter:card\" content=\"summary\" \/>\n\t\t<meta name=\"twitter:title\" content=\"Tr\u00eas blocos desfilam nas ruas da Cidade Baixa este s\u00e1bado | Arquivo\" \/>\n\t\t<meta name=\"twitter:image\" content=\"https:\/\/www.jornalja.com.br\/economics\/wp-content\/uploads\/sites\/11\/2026\/08\/ja-folhaderosto-facebook.jpg\" \/>\n\t\t<script type=\"application\/ld+json\" class=\"aioseo-schema\">\n\t\t\t{\"@context\":\"https:\\\/\\\/schema.org\",\"@graph\":[{\"@type\":\"BlogPosting\",\"@id\":\"https:\\\/\\\/www.jornalja.com.br\\\/arquivo\\\/tres-blocos-desfilam-nas-ruas-da-cidade-baixa-este-sabado\\\/#blogposting\",\"name\":\"Tr\\u00eas blocos desfilam nas ruas da Cidade Baixa este s\\u00e1bado | Arquivo\",\"headline\":\"Tr\\u00eas blocos desfilam nas ruas da Cidade Baixa este s\\u00e1bado\",\"author\":{\"@id\":\"https:\\\/\\\/www.jornalja.com.br\\\/arquivo\\\/author\\\/daredacao\\\/#author\"},\"publisher\":{\"@id\":\"https:\\\/\\\/www.jornalja.com.br\\\/arquivo\\\/#organization\"},\"image\":{\"@type\":\"ImageObject\",\"url\":44736},\"datePublished\":\"2017-02-16T17:37:36-02:00\",\"dateModified\":\"2017-02-16T17:37:36-02:00\",\"inLanguage\":\"pt-BR\",\"mainEntityOfPage\":{\"@id\":\"https:\\\/\\\/www.jornalja.com.br\\\/arquivo\\\/tres-blocos-desfilam-nas-ruas-da-cidade-baixa-este-sabado\\\/#webpage\"},\"isPartOf\":{\"@id\":\"https:\\\/\\\/www.jornalja.com.br\\\/arquivo\\\/tres-blocos-desfilam-nas-ruas-da-cidade-baixa-este-sabado\\\/#webpage\"},\"articleSection\":\"Geral\"},{\"@type\":\"BreadcrumbList\",\"@id\":\"https:\\\/\\\/www.jornalja.com.br\\\/arquivo\\\/tres-blocos-desfilam-nas-ruas-da-cidade-baixa-este-sabado\\\/#breadcrumblist\",\"itemListElement\":[{\"@type\":\"ListItem\",\"@id\":\"https:\\\/\\\/www.jornalja.com.br\\\/arquivo#listItem\",\"position\":1,\"name\":\"Home\",\"item\":\"https:\\\/\\\/www.jornalja.com.br\\\/arquivo\",\"nextItem\":{\"@type\":\"ListItem\",\"@id\":\"https:\\\/\\\/www.jornalja.com.br\\\/arquivo\\\/category\\\/geral\\\/#listItem\",\"name\":\"Geral\"}},{\"@type\":\"ListItem\",\"@id\":\"https:\\\/\\\/www.jornalja.com.br\\\/arquivo\\\/category\\\/geral\\\/#listItem\",\"position\":2,\"name\":\"Geral\",\"item\":\"https:\\\/\\\/www.jornalja.com.br\\\/arquivo\\\/category\\\/geral\\\/\",\"nextItem\":{\"@type\":\"ListItem\",\"@id\":\"https:\\\/\\\/www.jornalja.com.br\\\/arquivo\\\/tres-blocos-desfilam-nas-ruas-da-cidade-baixa-este-sabado\\\/#listItem\",\"name\":\"Tr\\u00eas blocos desfilam nas ruas da Cidade Baixa este s\\u00e1bado\"},\"previousItem\":{\"@type\":\"ListItem\",\"@id\":\"https:\\\/\\\/www.jornalja.com.br\\\/arquivo#listItem\",\"name\":\"Home\"}},{\"@type\":\"ListItem\",\"@id\":\"https:\\\/\\\/www.jornalja.com.br\\\/arquivo\\\/tres-blocos-desfilam-nas-ruas-da-cidade-baixa-este-sabado\\\/#listItem\",\"position\":3,\"name\":\"Tr\\u00eas blocos desfilam nas ruas da Cidade Baixa este s\\u00e1bado\",\"previousItem\":{\"@type\":\"ListItem\",\"@id\":\"https:\\\/\\\/www.jornalja.com.br\\\/arquivo\\\/category\\\/geral\\\/#listItem\",\"name\":\"Geral\"}}]},{\"@type\":\"Organization\",\"@id\":\"https:\\\/\\\/www.jornalja.com.br\\\/arquivo\\\/#organization\",\"name\":\"Jornal J\\u00c1\",\"description\":\"Jornal J\\u00c1 | Porto Alegre\",\"url\":\"https:\\\/\\\/www.jornalja.com.br\\\/arquivo\\\/\",\"telephone\":\"+555133307272\",\"logo\":{\"@type\":\"ImageObject\",\"url\":\"https:\\\/\\\/www.jornalja.com.br\\\/wp-content\\\/uploads\\\/cards\\\/JAslogan.png\",\"@id\":\"https:\\\/\\\/www.jornalja.com.br\\\/arquivo\\\/tres-blocos-desfilam-nas-ruas-da-cidade-baixa-este-sabado\\\/#organizationLogo\"},\"image\":{\"@id\":\"https:\\\/\\\/www.jornalja.com.br\\\/arquivo\\\/tres-blocos-desfilam-nas-ruas-da-cidade-baixa-este-sabado\\\/#organizationLogo\"}},{\"@type\":\"Person\",\"@id\":\"https:\\\/\\\/www.jornalja.com.br\\\/arquivo\\\/author\\\/daredacao\\\/#author\",\"url\":\"https:\\\/\\\/www.jornalja.com.br\\\/arquivo\\\/author\\\/daredacao\\\/\",\"name\":\"da Reda\\u00e7\\u00e3o\",\"image\":{\"@type\":\"ImageObject\",\"@id\":\"https:\\\/\\\/www.jornalja.com.br\\\/arquivo\\\/tres-blocos-desfilam-nas-ruas-da-cidade-baixa-este-sabado\\\/#authorImage\",\"url\":\"https:\\\/\\\/secure.gravatar.com\\\/avatar\\\/469fd857d6605ad19919d27ed29d35a968a25f6e8fd9318356bbb7f57aae9c65?s=96&d=mm&r=g\",\"width\":96,\"height\":96,\"caption\":\"da Reda\\u00e7\\u00e3o\"}},{\"@type\":\"WebPage\",\"@id\":\"https:\\\/\\\/www.jornalja.com.br\\\/arquivo\\\/tres-blocos-desfilam-nas-ruas-da-cidade-baixa-este-sabado\\\/#webpage\",\"url\":\"https:\\\/\\\/www.jornalja.com.br\\\/arquivo\\\/tres-blocos-desfilam-nas-ruas-da-cidade-baixa-este-sabado\\\/\",\"name\":\"Tr\\u00eas blocos desfilam nas ruas da Cidade Baixa este s\\u00e1bado | Arquivo\",\"inLanguage\":\"pt-BR\",\"isPartOf\":{\"@id\":\"https:\\\/\\\/www.jornalja.com.br\\\/arquivo\\\/#website\"},\"breadcrumb\":{\"@id\":\"https:\\\/\\\/www.jornalja.com.br\\\/arquivo\\\/tres-blocos-desfilam-nas-ruas-da-cidade-baixa-este-sabado\\\/#breadcrumblist\"},\"author\":{\"@id\":\"https:\\\/\\\/www.jornalja.com.br\\\/arquivo\\\/author\\\/daredacao\\\/#author\"},\"creator\":{\"@id\":\"https:\\\/\\\/www.jornalja.com.br\\\/arquivo\\\/author\\\/daredacao\\\/#author\"},\"image\":{\"@type\":\"ImageObject\",\"url\":44736,\"@id\":\"https:\\\/\\\/www.jornalja.com.br\\\/arquivo\\\/tres-blocos-desfilam-nas-ruas-da-cidade-baixa-este-sabado\\\/#mainImage\"},\"primaryImageOfPage\":{\"@id\":\"https:\\\/\\\/www.jornalja.com.br\\\/arquivo\\\/tres-blocos-desfilam-nas-ruas-da-cidade-baixa-este-sabado\\\/#mainImage\"},\"datePublished\":\"2017-02-16T17:37:36-02:00\",\"dateModified\":\"2017-02-16T17:37:36-02:00\"},{\"@type\":\"WebSite\",\"@id\":\"https:\\\/\\\/www.jornalja.com.br\\\/arquivo\\\/#website\",\"url\":\"https:\\\/\\\/www.jornalja.com.br\\\/arquivo\\\/\",\"name\":\"Arquivo\",\"description\":\"Jornal J\\u00c1 | Porto Alegre\",\"inLanguage\":\"pt-BR\",\"publisher\":{\"@id\":\"https:\\\/\\\/www.jornalja.com.br\\\/arquivo\\\/#organization\"}}]}\n\t\t<\/script>\n\t\t<!-- All in One SEO -->\n\n","aioseo_head_json":{"title":"Tr\u00eas blocos desfilam nas ruas da Cidade Baixa este s\u00e1bado | Arquivo","description":"","canonical_url":"https:\/\/www.jornalja.com.br\/arquivo\/tres-blocos-desfilam-nas-ruas-da-cidade-baixa-este-sabado\/","robots":"max-image-preview:large","keywords":"","webmasterTools":{"miscellaneous":""},"schema":{"@context":"https:\/\/schema.org","@graph":[{"@type":"BlogPosting","@id":"https:\/\/www.jornalja.com.br\/arquivo\/tres-blocos-desfilam-nas-ruas-da-cidade-baixa-este-sabado\/#blogposting","name":"Tr\u00eas blocos desfilam nas ruas da Cidade Baixa este s\u00e1bado | Arquivo","headline":"Tr\u00eas blocos desfilam nas ruas da Cidade Baixa este s\u00e1bado","author":{"@id":"https:\/\/www.jornalja.com.br\/arquivo\/author\/daredacao\/#author"},"publisher":{"@id":"https:\/\/www.jornalja.com.br\/arquivo\/#organization"},"image":{"@type":"ImageObject","url":44736},"datePublished":"2017-02-16T17:37:36-02:00","dateModified":"2017-02-16T17:37:36-02:00","inLanguage":"pt-BR","mainEntityOfPage":{"@id":"https:\/\/www.jornalja.com.br\/arquivo\/tres-blocos-desfilam-nas-ruas-da-cidade-baixa-este-sabado\/#webpage"},"isPartOf":{"@id":"https:\/\/www.jornalja.com.br\/arquivo\/tres-blocos-desfilam-nas-ruas-da-cidade-baixa-este-sabado\/#webpage"},"articleSection":"Geral"},{"@type":"BreadcrumbList","@id":"https:\/\/www.jornalja.com.br\/arquivo\/tres-blocos-desfilam-nas-ruas-da-cidade-baixa-este-sabado\/#breadcrumblist","itemListElement":[{"@type":"ListItem","@id":"https:\/\/www.jornalja.com.br\/arquivo#listItem","position":1,"name":"Home","item":"https:\/\/www.jornalja.com.br\/arquivo","nextItem":{"@type":"ListItem","@id":"https:\/\/www.jornalja.com.br\/arquivo\/category\/geral\/#listItem","name":"Geral"}},{"@type":"ListItem","@id":"https:\/\/www.jornalja.com.br\/arquivo\/category\/geral\/#listItem","position":2,"name":"Geral","item":"https:\/\/www.jornalja.com.br\/arquivo\/category\/geral\/","nextItem":{"@type":"ListItem","@id":"https:\/\/www.jornalja.com.br\/arquivo\/tres-blocos-desfilam-nas-ruas-da-cidade-baixa-este-sabado\/#listItem","name":"Tr\u00eas blocos desfilam nas ruas da Cidade Baixa este s\u00e1bado"},"previousItem":{"@type":"ListItem","@id":"https:\/\/www.jornalja.com.br\/arquivo#listItem","name":"Home"}},{"@type":"ListItem","@id":"https:\/\/www.jornalja.com.br\/arquivo\/tres-blocos-desfilam-nas-ruas-da-cidade-baixa-este-sabado\/#listItem","position":3,"name":"Tr\u00eas blocos desfilam nas ruas da Cidade Baixa este s\u00e1bado","previousItem":{"@type":"ListItem","@id":"https:\/\/www.jornalja.com.br\/arquivo\/category\/geral\/#listItem","name":"Geral"}}]},{"@type":"Organization","@id":"https:\/\/www.jornalja.com.br\/arquivo\/#organization","name":"Jornal J\u00c1","description":"Jornal J\u00c1 | Porto Alegre","url":"https:\/\/www.jornalja.com.br\/arquivo\/","telephone":"+555133307272","logo":{"@type":"ImageObject","url":"https:\/\/www.jornalja.com.br\/wp-content\/uploads\/cards\/JAslogan.png","@id":"https:\/\/www.jornalja.com.br\/arquivo\/tres-blocos-desfilam-nas-ruas-da-cidade-baixa-este-sabado\/#organizationLogo"},"image":{"@id":"https:\/\/www.jornalja.com.br\/arquivo\/tres-blocos-desfilam-nas-ruas-da-cidade-baixa-este-sabado\/#organizationLogo"}},{"@type":"Person","@id":"https:\/\/www.jornalja.com.br\/arquivo\/author\/daredacao\/#author","url":"https:\/\/www.jornalja.com.br\/arquivo\/author\/daredacao\/","name":"da Reda\u00e7\u00e3o","image":{"@type":"ImageObject","@id":"https:\/\/www.jornalja.com.br\/arquivo\/tres-blocos-desfilam-nas-ruas-da-cidade-baixa-este-sabado\/#authorImage","url":"https:\/\/secure.gravatar.com\/avatar\/469fd857d6605ad19919d27ed29d35a968a25f6e8fd9318356bbb7f57aae9c65?s=96&d=mm&r=g","width":96,"height":96,"caption":"da Reda\u00e7\u00e3o"}},{"@type":"WebPage","@id":"https:\/\/www.jornalja.com.br\/arquivo\/tres-blocos-desfilam-nas-ruas-da-cidade-baixa-este-sabado\/#webpage","url":"https:\/\/www.jornalja.com.br\/arquivo\/tres-blocos-desfilam-nas-ruas-da-cidade-baixa-este-sabado\/","name":"Tr\u00eas blocos desfilam nas ruas da Cidade Baixa este s\u00e1bado | Arquivo","inLanguage":"pt-BR","isPartOf":{"@id":"https:\/\/www.jornalja.com.br\/arquivo\/#website"},"breadcrumb":{"@id":"https:\/\/www.jornalja.com.br\/arquivo\/tres-blocos-desfilam-nas-ruas-da-cidade-baixa-este-sabado\/#breadcrumblist"},"author":{"@id":"https:\/\/www.jornalja.com.br\/arquivo\/author\/daredacao\/#author"},"creator":{"@id":"https:\/\/www.jornalja.com.br\/arquivo\/author\/daredacao\/#author"},"image":{"@type":"ImageObject","url":44736,"@id":"https:\/\/www.jornalja.com.br\/arquivo\/tres-blocos-desfilam-nas-ruas-da-cidade-baixa-este-sabado\/#mainImage"},"primaryImageOfPage":{"@id":"https:\/\/www.jornalja.com.br\/arquivo\/tres-blocos-desfilam-nas-ruas-da-cidade-baixa-este-sabado\/#mainImage"},"datePublished":"2017-02-16T17:37:36-02:00","dateModified":"2017-02-16T17:37:36-02:00"},{"@type":"WebSite","@id":"https:\/\/www.jornalja.com.br\/arquivo\/#website","url":"https:\/\/www.jornalja.com.br\/arquivo\/","name":"Arquivo","description":"Jornal J\u00c1 | Porto Alegre","inLanguage":"pt-BR","publisher":{"@id":"https:\/\/www.jornalja.com.br\/arquivo\/#organization"}}]},"og:locale":"pt_BR","og:site_name":"Arquivo | Jornal J\u00c1 | Porto Alegre","og:type":"article","og:title":"Tr\u00eas blocos desfilam nas ruas da Cidade Baixa este s\u00e1bado | Arquivo","og:url":"https:\/\/www.jornalja.com.br\/arquivo\/tres-blocos-desfilam-nas-ruas-da-cidade-baixa-este-sabado\/","og:image":"https:\/\/www.jornalja.com.br\/economics\/wp-content\/uploads\/sites\/11\/2026\/08\/ja-folhaderosto-facebook.jpg","og:image:secure_url":"https:\/\/www.jornalja.com.br\/economics\/wp-content\/uploads\/sites\/11\/2026\/08\/ja-folhaderosto-facebook.jpg","article:published_time":"2017-02-16T20:37:36+00:00","article:modified_time":"2017-02-16T20:37:36+00:00","twitter:card":"summary","twitter:title":"Tr\u00eas blocos desfilam nas ruas da Cidade Baixa este s\u00e1bado | Arquivo","twitter:image":"https:\/\/www.jornalja.com.br\/economics\/wp-content\/uploads\/sites\/11\/2026\/08\/ja-folhaderosto-facebook.jpg"},"aioseo_meta_data":{"post_id":"44735","title":null,"description":null,"keywords":null,"keyphrases":null,"primary_term":null,"canonical_url":null,"og_title":null,"og_description":null,"og_object_type":"default","og_image_type":"default","og_image_url":null,"og_image_width":null,"og_image_height":null,"og_image_custom_url":null,"og_image_custom_fields":null,"og_video":null,"og_custom_url":null,"og_article_section":null,"og_article_tags":null,"twitter_use_og":false,"twitter_card":"default","twitter_image_type":"default","twitter_image_url":null,"twitter_image_custom_url":null,"twitter_image_custom_fields":null,"twitter_title":null,"twitter_description":null,"schema":{"blockGraphs":[],"customGraphs":[],"default":{"data":{"Article":[],"Course":[],"Dataset":[],"FAQPage":[],"Movie":[],"Person":[],"Product":[],"ProductReview":[],"Car":[],"Recipe":[],"Service":[],"SoftwareApplication":[],"WebPage":[]},"graphName":"","isEnabled":true},"graphs":[]},"schema_type":null,"schema_type_options":null,"pillar_content":false,"robots_default":true,"robots_noindex":false,"robots_noarchive":false,"robots_nosnippet":false,"robots_nofollow":false,"robots_noimageindex":false,"robots_noodp":false,"robots_notranslate":false,"robots_max_snippet":null,"robots_max_videopreview":null,"robots_max_imagepreview":"large","priority":null,"frequency":null,"location":null,"local_seo":null,"breadcrumb_settings":null,"limit_modified_date":false,"ai":null,"created":"2020-12-20 20:40:47","updated":"2025-07-19 20:05:50","seo_analyzer_scan_date":null,"focus_keyword":null,"additional_keywords":null,"truseo_locale":null},"jetpack_sharing_enabled":true,"jetpack-related-posts":[{"id":14241,"url":"https:\/\/www.jornalja.com.br\/arquivo\/o-guaiba-nas-imagens-poeticas-de-achutti\/","url_meta":{"origin":44735,"position":0},"title":"O Gua\u00edba nas imagens po\u00e9ticas de Achutti","author":"da Reda\u00e7\u00e3o","date":"18 de junho de 2014","format":false,"excerpt":"Em \u201cO Gua\u00edba por Achutti\u201d \u2013 obra financiada via Minist\u00e9rio da Cultura, produ\u00e7\u00e3o executiva de Pedro Longhi, e Fl\u00e1vio Wild como designer \u2013, o fot\u00f3grafo revela a beleza e as mazelas de um espa\u00e7o aqu\u00e1tico de \u00e1guas sempre renovadas, cheio de hist\u00f3rias e lendas como as das cidades que foram\u2026","rel":"","context":"Em &quot;Cultura-Geral&quot;","block_context":{"text":"Cultura-Geral","link":"https:\/\/www.jornalja.com.br\/arquivo\/category\/materiasecundaria\/"},"img":{"alt_text":"","src":"","width":0,"height":0},"classes":[]},{"id":1280,"url":"https:\/\/www.jornalja.com.br\/arquivo\/o-menino-que-se-tornou-brizola\/","url_meta":{"origin":44735,"position":1},"title":"O Menino que se Tornou Brizola","author":"da Reda\u00e7\u00e3o","date":"28 de julho de 2008","format":false,"excerpt":"Autor: Cleber Dioni A vida de Leonel Brizola, com \u00eanfase para os primeiros anos em Porto Alegre, at\u00e9 o ex\u00edlio no Uruguai e a volta, quinze anos depois. \u00a0\"...\u00c9ramos todos jovens e nos identific\u00e1vamos com aquela massa an\u00f4nima a percorrer as ruas de Porto Alegre, gritando 'Get\u00falio', 'Get\u00falio' e empunhando\u2026","rel":"","context":"Em &quot;Livros&quot;","block_context":{"text":"Livros","link":"https:\/\/www.jornalja.com.br\/arquivo\/category\/livros\/"},"img":{"alt_text":"","src":"https:\/\/i0.wp.com\/www.jornalja.com.br\/wp-content\/uploads\/2008\/07\/brizola.gif?resize=350%2C200&ssl=1","width":350,"height":200},"classes":[]},{"id":13240,"url":"https:\/\/www.jornalja.com.br\/arquivo\/plano-diretor-estamos-construindo-o-caos\/","url_meta":{"origin":44735,"position":2},"title":"Plano diretor: &quot;Estamos construindo o caos&quot;","author":"Patr\u00edcia Marini","date":"26 de maio de 2014","format":false,"excerpt":"Desabafo que arquiteta Eliana Castilhos, delegada da Regi\u00e3o de Planejamento 1, postou nas redes sociais \u00e9 um testemunho do ambiente que se criou no Conselho do Plano Diretor de Porto Alegre, onde a aprova\u00e7\u00e3o de grandes empreendimentos \u00e9 empurrada guela abaixo dos conselheiros. Ao CMDUA Como delegada da Regi\u00e3o de\u2026","rel":"","context":"Em &quot;Geral&quot;","block_context":{"text":"Geral","link":"https:\/\/www.jornalja.com.br\/arquivo\/category\/geral\/"},"img":{"alt_text":"","src":"","width":0,"height":0},"classes":[]},{"id":13124,"url":"https:\/\/www.jornalja.com.br\/arquivo\/sangue-latino-no-iecine\/","url_meta":{"origin":44735,"position":3},"title":"Sangue latino no IECINE","author":"da Reda\u00e7\u00e3o","date":"18 de maio de 2014","format":false,"excerpt":"Francisco Ribeiro O Instituto Estadual de Cinema (IECINE) tem a frente, desde abril \u00faltimo, um novo diretor, o cineasta colombiano Juan Zapata, 36, que substitui Luiz Alberto Cassol. Radicado h\u00e1 dez anos em Porto Alegre, Zapata tem diante de si o desafio de conduzir at\u00e9 o final do ano um\u2026","rel":"","context":"Em &quot;Cultura-Geral&quot;","block_context":{"text":"Cultura-Geral","link":"https:\/\/www.jornalja.com.br\/arquivo\/category\/materiasecundaria\/"},"img":{"alt_text":"","src":"","width":0,"height":0},"classes":[]},{"id":13239,"url":"https:\/\/www.jornalja.com.br\/arquivo\/conselho-desdenha-do-plano-diretor\/","url_meta":{"origin":44735,"position":4},"title":"Porto Alegre: Conselho detona Plano Diretor","author":"Patr\u00edcia Marini","date":"25 de maio de 2014","format":false,"excerpt":"Den\u00fancia do arquiteto e \u00a0urbanista Ibir\u00e1 Santos Lucas. Ele diz que os conselheiros est\u00e3o votando com \"enorme irresponsabilidade\". \"Mudam regime com a maior naturalidade,,,regularizam absurdos de constru\u00e7\u00f5es irregulares... \"O CMDUA est\u00e1 flexibilizando a lei do plano diretor, de uma forma impactante na vida da cidade. Mudam regime com a maior\u2026","rel":"","context":"Em &quot;Geral&quot;","block_context":{"text":"Geral","link":"https:\/\/www.jornalja.com.br\/arquivo\/category\/geral\/"},"img":{"alt_text":"","src":"","width":0,"height":0},"classes":[]},{"id":5440,"url":"https:\/\/www.jornalja.com.br\/arquivo\/casarao-da-venancio-destino-permanece-incerto\/","url_meta":{"origin":44735,"position":5},"title":"Estado ainda n\u00e3o sabe o que fazer com casar\u00e3o abandonado h\u00e1 20 anos","author":"Elmar Bones","date":"6 de julho de 2009","format":false,"excerpt":"O casar\u00e3o amarelo, numa esquina nobre de Porto Alegre (Ven\u00e2ncio Aires com Jo\u00e3o Pessoa), j\u00e1 abrigou uma escola. H\u00e1 duas d\u00e9cadas, pelo menos, est\u00e1 abandonado, porque seu propriet\u00e1rio, o governo do Estado do Rio Grande do Sul, n\u00e3o consegue achar um destino para ele. Planos n\u00e3o faltaram. O governador Ol\u00edvio\u2026","rel":"","context":"Em &quot;X.Categorias velhas&quot;","block_context":{"text":"X.Categorias velhas","link":"https:\/\/www.jornalja.com.br\/arquivo\/category\/x-categorias-velhas\/"},"img":{"alt_text":"geraldo1","src":"https:\/\/i0.wp.com\/www.jornalja.com.br\/wp-content\/uploads\/2009\/07\/geraldo1.jpg?resize=350%2C200&ssl=1","width":350,"height":200},"classes":[]}],"jetpack_shortlink":"https:\/\/wp.me\/pbQjBd-bDx","jetpack_featured_media_url":"","_links":{"self":[{"href":"https:\/\/www.jornalja.com.br\/arquivo\/wp-json\/wp\/v2\/posts\/44735","targetHints":{"allow":["GET"]}}],"collection":[{"href":"https:\/\/www.jornalja.com.br\/arquivo\/wp-json\/wp\/v2\/posts"}],"about":[{"href":"https:\/\/www.jornalja.com.br\/arquivo\/wp-json\/wp\/v2\/types\/post"}],"author":[{"embeddable":true,"href":"https:\/\/www.jornalja.com.br\/arquivo\/wp-json\/wp\/v2\/users\/4"}],"replies":[{"embeddable":true,"href":"https:\/\/www.jornalja.com.br\/arquivo\/wp-json\/wp\/v2\/comments?post=44735"}],"version-history":[{"count":0,"href":"https:\/\/www.jornalja.com.br\/arquivo\/wp-json\/wp\/v2\/posts\/44735\/revisions"}],"wp:attachment":[{"href":"https:\/\/www.jornalja.com.br\/arquivo\/wp-json\/wp\/v2\/media?parent=44735"}],"wp:term":[{"taxonomy":"category","embeddable":true,"href":"https:\/\/www.jornalja.com.br\/arquivo\/wp-json\/wp\/v2\/categories?post=44735"},{"taxonomy":"post_tag","embeddable":true,"href":"https:\/\/www.jornalja.com.br\/arquivo\/wp-json\/wp\/v2\/tags?post=44735"}],"curies":[{"name":"wp","href":"https:\/\/api.w.org\/{rel}","templated":true}]}}