{"id":44827,"date":"2017-02-19T13:04:59","date_gmt":"2017-02-19T16:04:59","guid":{"rendered":"https:\/\/www.jornalja.com.br\/?p=44827"},"modified":"2017-02-19T13:04:59","modified_gmt":"2017-02-19T16:04:59","slug":"30-mil-na-cidade-baixa-em-uma-tarde-escaldante-de-carnaval","status":"publish","type":"post","link":"https:\/\/www.jornalja.com.br\/arquivo\/30-mil-na-cidade-baixa-em-uma-tarde-escaldante-de-carnaval\/","title":{"rendered":"30 mil na Cidade Baixa em uma tarde escaldante de carnaval"},"content":{"rendered":"<p><span class=\"assina\">Matheus Chaparini<\/span><br \/>\nEram aproximadamente cinco horas da tarde do s\u00e1bado quando a Uni\u00e3o da Vila do IAPI come\u00e7ou a tocar samba na rua Joaquim Nabuco. Estavam abertos os trabalhos de uma tarde intensa de carnaval na Cidade Baixa. Os term\u00f4metros marcavam mais de 35\u00baC, mas no asfalto a sensa\u00e7\u00e3o era de muito mais calor. \u201cTem um sol por pessoa hoje\u201d, exagerou um foli\u00e3o.<br \/>\nO <a href=\"https:\/\/www.jornalja.com.br\/tres-blocos-desfilam-nas-ruas-da-cidade-baixa-este-sabado\/\" target=\"_blank\" rel=\"noopener noreferrer\">desfile simult\u00e2neo de tr\u00eas blocos<\/a> juntou entre 25 e 30 mil pessoas no bairro bo\u00eamio, segundo estimativas da Brigada Militar.<br \/>\nDe azul, vermelho e branco, a\u00a0Uni\u00e3o da Vila chegou com sua bateria, mestre sala, porta bandeira e tr\u00eas porta estandartes e se juntou ao bloco Galo de Porto, que saiu da Joaquim Nabuco e percorreu a Lima e Silva. O galo \u00e9 uma cria\u00e7\u00e3o de pernambucanos que moram em Porto Alegre, em homenagem ao Galo da Madrugada, um dos blocos mais tradicionais de Recife.<br \/>\n<figure id=\"attachment_44830\" aria-describedby=\"caption-attachment-44830\" style=\"width: 725px\" class=\"wp-caption alignnone\"><img loading=\"lazy\" decoding=\"async\" class=\"wp-image-44830 size-full\" src=\"https:\/\/www.jornalja.com.br\/wp-content\/uploads\/2017\/02\/IMG_20170218_170015971.jpg\" alt=\"Escola de samba Uni\u00e3o da Vila do IAPI de juntou ao bloco Galo de Porto \/ Matheus Chaparini\" width=\"725\" height=\"408\" \/><figcaption id=\"caption-attachment-44830\" class=\"wp-caption-text\">Escola de samba Uni\u00e3o da Vila do IAPI de juntou ao bloco Galo de Porto \/ Matheus Chaparini<\/figcaption><\/figure><br \/>\nNa esquina com a Sofia Veloso, o bloco cruzou com o Maria do Bairro, que faz seu carnaval no mesmo local h\u00e1 11 anos. \u201cTeve um tempo que o Maria do Bairro ia at\u00e9 a meia noite\u201d, lembrou de cima do caminh\u00e3o um dos organizadores, criticando o limite de hor\u00e1rio imposto nos \u00faltimos anos &#8211; at\u00e9 as 21h. A bateria do Areal do Futuro &#8211; que faz seu desfile dia 4 de mar\u00e7o &#8211; engordava a festa da Maria.<br \/>\nA antiga Rua da Margem, atual Jo\u00e3o Alfredo, era o trajeto do desfile do bloco Do Jeito Que T\u00e1 Vai, que saiu do Largo Zumbi dos Palmares.<br \/>\nO desfile triplo deste s\u00e1bado abriu a programa\u00e7\u00e3o oficial do carnaval de Porto Alegre, que conta ainda com dezenas de desfiles at\u00e9 maio. Al\u00e9m dos blocos que desfilam nesta programa\u00e7\u00e3o, v\u00e3o para a rua blocos independentes, como a Turucut\u00e1, que sai no dia 19 de mar\u00e7o, o <a href=\"https:\/\/www.jornalja.com.br\/espacos-publicos-ocupados-avisem-a-shana-e-caminhada-iluminada-sao-atracoes-do-sabado\/\" target=\"_blank\" rel=\"noopener noreferrer\">bloco Avisem a Shana que S\u00e1bado Vai Chover<\/a>, no dia 11 de mar\u00e7o.<br \/>\nComo \u00e9 carnaval, a programa\u00e7\u00e3o est\u00e1 sempre sujeita ao acr\u00e9scimo de novos blocos. Nos \u00faltimos anos t\u00eam surgido em Porto Alegre diversos blocos independentes, ou piratas, a exemplo do que ocorre no carnaval carioca. S\u00e3o grupos que desfilam de forma aut\u00f4noma, com percuss\u00e3o e metais, geralmente sem aux\u00edlio de carro de som, fazendo carnaval n\u00e3o necessariamente em \u00e9poca de carnaval. Al\u00e9m do bloco da Shana, \u00c9 primavera, Ax\u00e9 que Enfim s\u00e3o alguns exemplos.<\/p>\n","protected":false},"excerpt":{"rendered":"<p>Matheus Chaparini Eram aproximadamente cinco horas da tarde do s\u00e1bado quando a Uni\u00e3o da Vila do IAPI come\u00e7ou a tocar samba na rua Joaquim Nabuco. Estavam abertos os trabalhos de uma tarde intensa de carnaval na Cidade Baixa. Os term\u00f4metros marcavam mais de 35\u00baC, mas no asfalto a sensa\u00e7\u00e3o era de muito mais calor. \u201cTem [&hellip;]<\/p>\n","protected":false},"author":4,"featured_media":44825,"comment_status":"open","ping_status":"closed","sticky":false,"template":"","format":"standard","meta":{"_jetpack_newsletter_access":"","_jetpack_dont_email_post_to_subs":false,"_jetpack_newsletter_tier_id":0,"_jetpack_memberships_contains_paywalled_content":false,"_jetpack_feature_clip_id":0,"_jetpack_memberships_contains_paid_content":false,"footnotes":"","jetpack_post_was_ever_published":false},"categories":[26],"tags":[],"class_list":["post-44827","post","type-post","status-publish","format-standard","has-post-thumbnail","hentry","category-geral"],"aioseo_notices":[],"aioseo_head":"\n\t\t<!-- All in One SEO 5.0.1.1 - aioseo.com -->\n\t<meta name=\"robots\" content=\"max-image-preview:large\" \/>\n\t<meta name=\"author\" content=\"da Reda\u00e7\u00e3o\"\/>\n\t<link rel=\"canonical\" href=\"https:\/\/www.jornalja.com.br\/arquivo\/30-mil-na-cidade-baixa-em-uma-tarde-escaldante-de-carnaval\/\" \/>\n\t<meta name=\"generator\" content=\"All in One SEO (AIOSEO) 5.0.1.1\" \/>\n\t\t<meta property=\"og:locale\" content=\"pt_BR\" \/>\n\t\t<meta property=\"og:site_name\" content=\"Arquivo | Jornal J\u00c1 | Porto Alegre\" \/>\n\t\t<meta property=\"og:type\" content=\"article\" \/>\n\t\t<meta property=\"og:title\" content=\"30 mil na Cidade Baixa em uma tarde escaldante de carnaval | Arquivo\" \/>\n\t\t<meta property=\"og:url\" content=\"https:\/\/www.jornalja.com.br\/arquivo\/30-mil-na-cidade-baixa-em-uma-tarde-escaldante-de-carnaval\/\" \/>\n\t\t<meta property=\"og:image\" content=\"https:\/\/www.jornalja.com.br\/wp-content\/uploads\/2017\/02\/IMG_20170218_170015971.jpg\" \/>\n\t\t<meta property=\"og:image:secure_url\" content=\"https:\/\/www.jornalja.com.br\/wp-content\/uploads\/2017\/02\/IMG_20170218_170015971.jpg\" \/>\n\t\t<meta property=\"article:published_time\" content=\"2017-02-19T16:04:59+00:00\" \/>\n\t\t<meta property=\"article:modified_time\" content=\"2017-02-19T16:04:59+00:00\" \/>\n\t\t<meta name=\"twitter:card\" content=\"summary\" \/>\n\t\t<meta name=\"twitter:title\" content=\"30 mil na Cidade Baixa em uma tarde escaldante de carnaval | Arquivo\" \/>\n\t\t<meta name=\"twitter:image\" content=\"https:\/\/www.jornalja.com.br\/economics\/wp-content\/uploads\/sites\/11\/2026\/08\/ja-folhaderosto-facebook.jpg\" \/>\n\t\t<script type=\"application\/ld+json\" class=\"aioseo-schema\">\n\t\t\t{\"@context\":\"https:\\\/\\\/schema.org\",\"@graph\":[{\"@type\":\"BlogPosting\",\"@id\":\"https:\\\/\\\/www.jornalja.com.br\\\/arquivo\\\/30-mil-na-cidade-baixa-em-uma-tarde-escaldante-de-carnaval\\\/#blogposting\",\"name\":\"30 mil na Cidade Baixa em uma tarde escaldante de carnaval | Arquivo\",\"headline\":\"30 mil na Cidade Baixa em uma tarde escaldante de carnaval\",\"author\":{\"@id\":\"https:\\\/\\\/www.jornalja.com.br\\\/arquivo\\\/author\\\/daredacao\\\/#author\"},\"publisher\":{\"@id\":\"https:\\\/\\\/www.jornalja.com.br\\\/arquivo\\\/#organization\"},\"image\":{\"@type\":\"ImageObject\",\"url\":44825},\"datePublished\":\"2017-02-19T13:04:59-03:00\",\"dateModified\":\"2017-02-19T13:04:59-03:00\",\"inLanguage\":\"pt-BR\",\"mainEntityOfPage\":{\"@id\":\"https:\\\/\\\/www.jornalja.com.br\\\/arquivo\\\/30-mil-na-cidade-baixa-em-uma-tarde-escaldante-de-carnaval\\\/#webpage\"},\"isPartOf\":{\"@id\":\"https:\\\/\\\/www.jornalja.com.br\\\/arquivo\\\/30-mil-na-cidade-baixa-em-uma-tarde-escaldante-de-carnaval\\\/#webpage\"},\"articleSection\":\"Geral\"},{\"@type\":\"BreadcrumbList\",\"@id\":\"https:\\\/\\\/www.jornalja.com.br\\\/arquivo\\\/30-mil-na-cidade-baixa-em-uma-tarde-escaldante-de-carnaval\\\/#breadcrumblist\",\"itemListElement\":[{\"@type\":\"ListItem\",\"@id\":\"https:\\\/\\\/www.jornalja.com.br\\\/arquivo#listItem\",\"position\":1,\"name\":\"Home\",\"item\":\"https:\\\/\\\/www.jornalja.com.br\\\/arquivo\",\"nextItem\":{\"@type\":\"ListItem\",\"@id\":\"https:\\\/\\\/www.jornalja.com.br\\\/arquivo\\\/category\\\/geral\\\/#listItem\",\"name\":\"Geral\"}},{\"@type\":\"ListItem\",\"@id\":\"https:\\\/\\\/www.jornalja.com.br\\\/arquivo\\\/category\\\/geral\\\/#listItem\",\"position\":2,\"name\":\"Geral\",\"item\":\"https:\\\/\\\/www.jornalja.com.br\\\/arquivo\\\/category\\\/geral\\\/\",\"nextItem\":{\"@type\":\"ListItem\",\"@id\":\"https:\\\/\\\/www.jornalja.com.br\\\/arquivo\\\/30-mil-na-cidade-baixa-em-uma-tarde-escaldante-de-carnaval\\\/#listItem\",\"name\":\"30 mil na Cidade Baixa em uma tarde escaldante de carnaval\"},\"previousItem\":{\"@type\":\"ListItem\",\"@id\":\"https:\\\/\\\/www.jornalja.com.br\\\/arquivo#listItem\",\"name\":\"Home\"}},{\"@type\":\"ListItem\",\"@id\":\"https:\\\/\\\/www.jornalja.com.br\\\/arquivo\\\/30-mil-na-cidade-baixa-em-uma-tarde-escaldante-de-carnaval\\\/#listItem\",\"position\":3,\"name\":\"30 mil na Cidade Baixa em uma tarde escaldante de carnaval\",\"previousItem\":{\"@type\":\"ListItem\",\"@id\":\"https:\\\/\\\/www.jornalja.com.br\\\/arquivo\\\/category\\\/geral\\\/#listItem\",\"name\":\"Geral\"}}]},{\"@type\":\"Organization\",\"@id\":\"https:\\\/\\\/www.jornalja.com.br\\\/arquivo\\\/#organization\",\"name\":\"Jornal J\\u00c1\",\"description\":\"Jornal J\\u00c1 | Porto Alegre\",\"url\":\"https:\\\/\\\/www.jornalja.com.br\\\/arquivo\\\/\",\"telephone\":\"+555133307272\",\"logo\":{\"@type\":\"ImageObject\",\"url\":\"https:\\\/\\\/www.jornalja.com.br\\\/wp-content\\\/uploads\\\/cards\\\/JAslogan.png\",\"@id\":\"https:\\\/\\\/www.jornalja.com.br\\\/arquivo\\\/30-mil-na-cidade-baixa-em-uma-tarde-escaldante-de-carnaval\\\/#organizationLogo\"},\"image\":{\"@id\":\"https:\\\/\\\/www.jornalja.com.br\\\/arquivo\\\/30-mil-na-cidade-baixa-em-uma-tarde-escaldante-de-carnaval\\\/#organizationLogo\"}},{\"@type\":\"Person\",\"@id\":\"https:\\\/\\\/www.jornalja.com.br\\\/arquivo\\\/author\\\/daredacao\\\/#author\",\"url\":\"https:\\\/\\\/www.jornalja.com.br\\\/arquivo\\\/author\\\/daredacao\\\/\",\"name\":\"da Reda\\u00e7\\u00e3o\",\"image\":{\"@type\":\"ImageObject\",\"@id\":\"https:\\\/\\\/www.jornalja.com.br\\\/arquivo\\\/30-mil-na-cidade-baixa-em-uma-tarde-escaldante-de-carnaval\\\/#authorImage\",\"url\":\"https:\\\/\\\/secure.gravatar.com\\\/avatar\\\/469fd857d6605ad19919d27ed29d35a968a25f6e8fd9318356bbb7f57aae9c65?s=96&d=mm&r=g\",\"width\":96,\"height\":96,\"caption\":\"da Reda\\u00e7\\u00e3o\"}},{\"@type\":\"WebPage\",\"@id\":\"https:\\\/\\\/www.jornalja.com.br\\\/arquivo\\\/30-mil-na-cidade-baixa-em-uma-tarde-escaldante-de-carnaval\\\/#webpage\",\"url\":\"https:\\\/\\\/www.jornalja.com.br\\\/arquivo\\\/30-mil-na-cidade-baixa-em-uma-tarde-escaldante-de-carnaval\\\/\",\"name\":\"30 mil na Cidade Baixa em uma tarde escaldante de carnaval | Arquivo\",\"inLanguage\":\"pt-BR\",\"isPartOf\":{\"@id\":\"https:\\\/\\\/www.jornalja.com.br\\\/arquivo\\\/#website\"},\"breadcrumb\":{\"@id\":\"https:\\\/\\\/www.jornalja.com.br\\\/arquivo\\\/30-mil-na-cidade-baixa-em-uma-tarde-escaldante-de-carnaval\\\/#breadcrumblist\"},\"author\":{\"@id\":\"https:\\\/\\\/www.jornalja.com.br\\\/arquivo\\\/author\\\/daredacao\\\/#author\"},\"creator\":{\"@id\":\"https:\\\/\\\/www.jornalja.com.br\\\/arquivo\\\/author\\\/daredacao\\\/#author\"},\"image\":{\"@type\":\"ImageObject\",\"url\":44825,\"@id\":\"https:\\\/\\\/www.jornalja.com.br\\\/arquivo\\\/30-mil-na-cidade-baixa-em-uma-tarde-escaldante-de-carnaval\\\/#mainImage\"},\"primaryImageOfPage\":{\"@id\":\"https:\\\/\\\/www.jornalja.com.br\\\/arquivo\\\/30-mil-na-cidade-baixa-em-uma-tarde-escaldante-de-carnaval\\\/#mainImage\"},\"datePublished\":\"2017-02-19T13:04:59-03:00\",\"dateModified\":\"2017-02-19T13:04:59-03:00\"},{\"@type\":\"WebSite\",\"@id\":\"https:\\\/\\\/www.jornalja.com.br\\\/arquivo\\\/#website\",\"url\":\"https:\\\/\\\/www.jornalja.com.br\\\/arquivo\\\/\",\"name\":\"Arquivo\",\"description\":\"Jornal J\\u00c1 | Porto Alegre\",\"inLanguage\":\"pt-BR\",\"publisher\":{\"@id\":\"https:\\\/\\\/www.jornalja.com.br\\\/arquivo\\\/#organization\"}}]}\n\t\t<\/script>\n\t\t<!-- All in One SEO -->\n\n","aioseo_head_json":{"title":"30 mil na Cidade Baixa em uma tarde escaldante de carnaval | Arquivo","description":"","canonical_url":"https:\/\/www.jornalja.com.br\/arquivo\/30-mil-na-cidade-baixa-em-uma-tarde-escaldante-de-carnaval\/","robots":"max-image-preview:large","keywords":"","webmasterTools":{"miscellaneous":""},"schema":{"@context":"https:\/\/schema.org","@graph":[{"@type":"BlogPosting","@id":"https:\/\/www.jornalja.com.br\/arquivo\/30-mil-na-cidade-baixa-em-uma-tarde-escaldante-de-carnaval\/#blogposting","name":"30 mil na Cidade Baixa em uma tarde escaldante de carnaval | Arquivo","headline":"30 mil na Cidade Baixa em uma tarde escaldante de carnaval","author":{"@id":"https:\/\/www.jornalja.com.br\/arquivo\/author\/daredacao\/#author"},"publisher":{"@id":"https:\/\/www.jornalja.com.br\/arquivo\/#organization"},"image":{"@type":"ImageObject","url":44825},"datePublished":"2017-02-19T13:04:59-03:00","dateModified":"2017-02-19T13:04:59-03:00","inLanguage":"pt-BR","mainEntityOfPage":{"@id":"https:\/\/www.jornalja.com.br\/arquivo\/30-mil-na-cidade-baixa-em-uma-tarde-escaldante-de-carnaval\/#webpage"},"isPartOf":{"@id":"https:\/\/www.jornalja.com.br\/arquivo\/30-mil-na-cidade-baixa-em-uma-tarde-escaldante-de-carnaval\/#webpage"},"articleSection":"Geral"},{"@type":"BreadcrumbList","@id":"https:\/\/www.jornalja.com.br\/arquivo\/30-mil-na-cidade-baixa-em-uma-tarde-escaldante-de-carnaval\/#breadcrumblist","itemListElement":[{"@type":"ListItem","@id":"https:\/\/www.jornalja.com.br\/arquivo#listItem","position":1,"name":"Home","item":"https:\/\/www.jornalja.com.br\/arquivo","nextItem":{"@type":"ListItem","@id":"https:\/\/www.jornalja.com.br\/arquivo\/category\/geral\/#listItem","name":"Geral"}},{"@type":"ListItem","@id":"https:\/\/www.jornalja.com.br\/arquivo\/category\/geral\/#listItem","position":2,"name":"Geral","item":"https:\/\/www.jornalja.com.br\/arquivo\/category\/geral\/","nextItem":{"@type":"ListItem","@id":"https:\/\/www.jornalja.com.br\/arquivo\/30-mil-na-cidade-baixa-em-uma-tarde-escaldante-de-carnaval\/#listItem","name":"30 mil na Cidade Baixa em uma tarde escaldante de carnaval"},"previousItem":{"@type":"ListItem","@id":"https:\/\/www.jornalja.com.br\/arquivo#listItem","name":"Home"}},{"@type":"ListItem","@id":"https:\/\/www.jornalja.com.br\/arquivo\/30-mil-na-cidade-baixa-em-uma-tarde-escaldante-de-carnaval\/#listItem","position":3,"name":"30 mil na Cidade Baixa em uma tarde escaldante de carnaval","previousItem":{"@type":"ListItem","@id":"https:\/\/www.jornalja.com.br\/arquivo\/category\/geral\/#listItem","name":"Geral"}}]},{"@type":"Organization","@id":"https:\/\/www.jornalja.com.br\/arquivo\/#organization","name":"Jornal J\u00c1","description":"Jornal J\u00c1 | Porto Alegre","url":"https:\/\/www.jornalja.com.br\/arquivo\/","telephone":"+555133307272","logo":{"@type":"ImageObject","url":"https:\/\/www.jornalja.com.br\/wp-content\/uploads\/cards\/JAslogan.png","@id":"https:\/\/www.jornalja.com.br\/arquivo\/30-mil-na-cidade-baixa-em-uma-tarde-escaldante-de-carnaval\/#organizationLogo"},"image":{"@id":"https:\/\/www.jornalja.com.br\/arquivo\/30-mil-na-cidade-baixa-em-uma-tarde-escaldante-de-carnaval\/#organizationLogo"}},{"@type":"Person","@id":"https:\/\/www.jornalja.com.br\/arquivo\/author\/daredacao\/#author","url":"https:\/\/www.jornalja.com.br\/arquivo\/author\/daredacao\/","name":"da Reda\u00e7\u00e3o","image":{"@type":"ImageObject","@id":"https:\/\/www.jornalja.com.br\/arquivo\/30-mil-na-cidade-baixa-em-uma-tarde-escaldante-de-carnaval\/#authorImage","url":"https:\/\/secure.gravatar.com\/avatar\/469fd857d6605ad19919d27ed29d35a968a25f6e8fd9318356bbb7f57aae9c65?s=96&d=mm&r=g","width":96,"height":96,"caption":"da Reda\u00e7\u00e3o"}},{"@type":"WebPage","@id":"https:\/\/www.jornalja.com.br\/arquivo\/30-mil-na-cidade-baixa-em-uma-tarde-escaldante-de-carnaval\/#webpage","url":"https:\/\/www.jornalja.com.br\/arquivo\/30-mil-na-cidade-baixa-em-uma-tarde-escaldante-de-carnaval\/","name":"30 mil na Cidade Baixa em uma tarde escaldante de carnaval | Arquivo","inLanguage":"pt-BR","isPartOf":{"@id":"https:\/\/www.jornalja.com.br\/arquivo\/#website"},"breadcrumb":{"@id":"https:\/\/www.jornalja.com.br\/arquivo\/30-mil-na-cidade-baixa-em-uma-tarde-escaldante-de-carnaval\/#breadcrumblist"},"author":{"@id":"https:\/\/www.jornalja.com.br\/arquivo\/author\/daredacao\/#author"},"creator":{"@id":"https:\/\/www.jornalja.com.br\/arquivo\/author\/daredacao\/#author"},"image":{"@type":"ImageObject","url":44825,"@id":"https:\/\/www.jornalja.com.br\/arquivo\/30-mil-na-cidade-baixa-em-uma-tarde-escaldante-de-carnaval\/#mainImage"},"primaryImageOfPage":{"@id":"https:\/\/www.jornalja.com.br\/arquivo\/30-mil-na-cidade-baixa-em-uma-tarde-escaldante-de-carnaval\/#mainImage"},"datePublished":"2017-02-19T13:04:59-03:00","dateModified":"2017-02-19T13:04:59-03:00"},{"@type":"WebSite","@id":"https:\/\/www.jornalja.com.br\/arquivo\/#website","url":"https:\/\/www.jornalja.com.br\/arquivo\/","name":"Arquivo","description":"Jornal J\u00c1 | Porto Alegre","inLanguage":"pt-BR","publisher":{"@id":"https:\/\/www.jornalja.com.br\/arquivo\/#organization"}}]},"og:locale":"pt_BR","og:site_name":"Arquivo | Jornal J\u00c1 | Porto Alegre","og:type":"article","og:title":"30 mil na Cidade Baixa em uma tarde escaldante de carnaval | Arquivo","og:url":"https:\/\/www.jornalja.com.br\/arquivo\/30-mil-na-cidade-baixa-em-uma-tarde-escaldante-de-carnaval\/","og:image":"https:\/\/www.jornalja.com.br\/wp-content\/uploads\/2017\/02\/IMG_20170218_170015971.jpg","og:image:secure_url":"https:\/\/www.jornalja.com.br\/wp-content\/uploads\/2017\/02\/IMG_20170218_170015971.jpg","article:published_time":"2017-02-19T16:04:59+00:00","article:modified_time":"2017-02-19T16:04:59+00:00","twitter:card":"summary","twitter:title":"30 mil na Cidade Baixa em uma tarde escaldante de carnaval | Arquivo","twitter:image":"https:\/\/www.jornalja.com.br\/economics\/wp-content\/uploads\/sites\/11\/2026\/08\/ja-folhaderosto-facebook.jpg"},"aioseo_meta_data":{"post_id":"44827","title":null,"description":null,"keywords":null,"keyphrases":null,"primary_term":null,"canonical_url":null,"og_title":null,"og_description":null,"og_object_type":"default","og_image_type":"default","og_image_url":null,"og_image_width":null,"og_image_height":null,"og_image_custom_url":null,"og_image_custom_fields":null,"og_video":null,"og_custom_url":null,"og_article_section":null,"og_article_tags":null,"twitter_use_og":false,"twitter_card":"default","twitter_image_type":"default","twitter_image_url":null,"twitter_image_custom_url":null,"twitter_image_custom_fields":null,"twitter_title":null,"twitter_description":null,"schema":{"blockGraphs":[],"customGraphs":[],"default":{"data":{"Article":[],"Course":[],"Dataset":[],"FAQPage":[],"Movie":[],"Person":[],"Product":[],"ProductReview":[],"Car":[],"Recipe":[],"Service":[],"SoftwareApplication":[],"WebPage":[]},"graphName":"","isEnabled":true},"graphs":[],"defaultGraph":"","defaultPostTypeGraph":""},"schema_type":null,"schema_type_options":null,"pillar_content":false,"robots_default":true,"robots_noindex":false,"robots_noarchive":false,"robots_nosnippet":false,"robots_nofollow":false,"robots_noimageindex":false,"robots_noodp":false,"robots_notranslate":false,"robots_max_snippet":null,"robots_max_videopreview":null,"robots_max_imagepreview":"large","priority":null,"frequency":null,"location":null,"local_seo":null,"breadcrumb_settings":null,"limit_modified_date":false,"ai":null,"created":"2020-12-20 20:40:47","updated":"2025-07-19 20:07:52","seo_analyzer_scan_date":null,"focus_keyword":null,"additional_keywords":null,"truseo_locale":null},"jetpack_sharing_enabled":true,"jetpack-related-posts":[{"id":13124,"url":"https:\/\/www.jornalja.com.br\/arquivo\/sangue-latino-no-iecine\/","url_meta":{"origin":44827,"position":0},"title":"Sangue latino no IECINE","author":"da Reda\u00e7\u00e3o","date":"18 de maio de 2014","format":false,"excerpt":"Francisco Ribeiro O Instituto Estadual de Cinema (IECINE) tem a frente, desde abril \u00faltimo, um novo diretor, o cineasta colombiano Juan Zapata, 36, que substitui Luiz Alberto Cassol. Radicado h\u00e1 dez anos em Porto Alegre, Zapata tem diante de si o desafio de conduzir at\u00e9 o final do ano um\u2026","rel":"","context":"Em &quot;Cultura-Geral&quot;","block_context":{"text":"Cultura-Geral","link":"https:\/\/www.jornalja.com.br\/arquivo\/category\/materiasecundaria\/"},"img":{"alt_text":"","src":"","width":0,"height":0},"classes":[]},{"id":14241,"url":"https:\/\/www.jornalja.com.br\/arquivo\/o-guaiba-nas-imagens-poeticas-de-achutti\/","url_meta":{"origin":44827,"position":1},"title":"O Gua\u00edba nas imagens po\u00e9ticas de Achutti","author":"da Reda\u00e7\u00e3o","date":"18 de junho de 2014","format":false,"excerpt":"Em \u201cO Gua\u00edba por Achutti\u201d \u2013 obra financiada via Minist\u00e9rio da Cultura, produ\u00e7\u00e3o executiva de Pedro Longhi, e Fl\u00e1vio Wild como designer \u2013, o fot\u00f3grafo revela a beleza e as mazelas de um espa\u00e7o aqu\u00e1tico de \u00e1guas sempre renovadas, cheio de hist\u00f3rias e lendas como as das cidades que foram\u2026","rel":"","context":"Em &quot;Cultura-Geral&quot;","block_context":{"text":"Cultura-Geral","link":"https:\/\/www.jornalja.com.br\/arquivo\/category\/materiasecundaria\/"},"img":{"alt_text":"","src":"","width":0,"height":0},"classes":[]},{"id":5440,"url":"https:\/\/www.jornalja.com.br\/arquivo\/casarao-da-venancio-destino-permanece-incerto\/","url_meta":{"origin":44827,"position":2},"title":"Estado ainda n\u00e3o sabe o que fazer com casar\u00e3o abandonado h\u00e1 20 anos","author":"Elmar Bones","date":"6 de julho de 2009","format":false,"excerpt":"O casar\u00e3o amarelo, numa esquina nobre de Porto Alegre (Ven\u00e2ncio Aires com Jo\u00e3o Pessoa), j\u00e1 abrigou uma escola. H\u00e1 duas d\u00e9cadas, pelo menos, est\u00e1 abandonado, porque seu propriet\u00e1rio, o governo do Estado do Rio Grande do Sul, n\u00e3o consegue achar um destino para ele. Planos n\u00e3o faltaram. O governador Ol\u00edvio\u2026","rel":"","context":"Em &quot;X.Categorias velhas&quot;","block_context":{"text":"X.Categorias velhas","link":"https:\/\/www.jornalja.com.br\/arquivo\/category\/x-categorias-velhas\/"},"img":{"alt_text":"geraldo1","src":"https:\/\/i0.wp.com\/www.jornalja.com.br\/wp-content\/uploads\/2009\/07\/geraldo1.jpg?resize=350%2C200&ssl=1","width":350,"height":200},"classes":[]},{"id":13240,"url":"https:\/\/www.jornalja.com.br\/arquivo\/plano-diretor-estamos-construindo-o-caos\/","url_meta":{"origin":44827,"position":3},"title":"Plano diretor: &quot;Estamos construindo o caos&quot;","author":"Patr\u00edcia Marini","date":"26 de maio de 2014","format":false,"excerpt":"Desabafo que arquiteta Eliana Castilhos, delegada da Regi\u00e3o de Planejamento 1, postou nas redes sociais \u00e9 um testemunho do ambiente que se criou no Conselho do Plano Diretor de Porto Alegre, onde a aprova\u00e7\u00e3o de grandes empreendimentos \u00e9 empurrada guela abaixo dos conselheiros. Ao CMDUA Como delegada da Regi\u00e3o de\u2026","rel":"","context":"Em &quot;Geral&quot;","block_context":{"text":"Geral","link":"https:\/\/www.jornalja.com.br\/arquivo\/category\/geral\/"},"img":{"alt_text":"","src":"","width":0,"height":0},"classes":[]},{"id":12960,"url":"https:\/\/www.jornalja.com.br\/arquivo\/populacao-culpa-empresas-pela-greve-dos-rodoviarios\/","url_meta":{"origin":44827,"position":4},"title":"Popula\u00e7\u00e3o culpa empresas pela greve","author":"Patr\u00edcia Marini","date":"14 de fevereiro de 2014","format":false,"excerpt":"Pesquisa divulgada na edi\u00e7\u00e3o do jornal Metro desta sexta-feira,14, comprova o velho ditado: \u00e9 poss\u00edvel enganar muitos por algum tempo, mas n\u00e3o \u00e9 poss\u00edvel enganar a todos o tempo inteiro. A principal revela\u00e7\u00e3o foi que 59,8% dos entrevistados apontaram as empresas como as principais respons\u00e1veis pela grave e 46% culparam\u2026","rel":"","context":"Em &quot;X.Categorias velhas&quot;","block_context":{"text":"X.Categorias velhas","link":"https:\/\/www.jornalja.com.br\/arquivo\/category\/x-categorias-velhas\/"},"img":{"alt_text":"","src":"","width":0,"height":0},"classes":[]},{"id":13101,"url":"https:\/\/www.jornalja.com.br\/arquivo\/morre-um-guerreiro-do-texto\/","url_meta":{"origin":44827,"position":5},"title":"Morre um guerreiro do texto","author":"Patr\u00edcia Marini","date":"14 de maio de 2014","format":false,"excerpt":"Por Ricardo Kotscho Reproduzido do blog do autor, 11\/5\/2014; t\u00edtulo original \u201cE l\u00e1 se foi o nosso Myltainho, guerreiro do texto\u201d. Mi\u00fado e franzino, meu amigo Myltainho era um valente e inconformado guerreiro na luta contra as injusti\u00e7as sociais, a hipocrisia, as maracutaias, o autoritarismo, a intoler\u00e2ncia, a viol\u00eancia, o\u2026","rel":"","context":"Em &quot;Geral&quot;","block_context":{"text":"Geral","link":"https:\/\/www.jornalja.com.br\/arquivo\/category\/geral\/"},"img":{"alt_text":"","src":"","width":0,"height":0},"classes":[]}],"jetpack_shortlink":"https:\/\/wp.me\/pbQjBd-bF1","jetpack_featured_media_url":"","_links":{"self":[{"href":"https:\/\/www.jornalja.com.br\/arquivo\/wp-json\/wp\/v2\/posts\/44827","targetHints":{"allow":["GET"]}}],"collection":[{"href":"https:\/\/www.jornalja.com.br\/arquivo\/wp-json\/wp\/v2\/posts"}],"about":[{"href":"https:\/\/www.jornalja.com.br\/arquivo\/wp-json\/wp\/v2\/types\/post"}],"author":[{"embeddable":true,"href":"https:\/\/www.jornalja.com.br\/arquivo\/wp-json\/wp\/v2\/users\/4"}],"replies":[{"embeddable":true,"href":"https:\/\/www.jornalja.com.br\/arquivo\/wp-json\/wp\/v2\/comments?post=44827"}],"version-history":[{"count":0,"href":"https:\/\/www.jornalja.com.br\/arquivo\/wp-json\/wp\/v2\/posts\/44827\/revisions"}],"wp:attachment":[{"href":"https:\/\/www.jornalja.com.br\/arquivo\/wp-json\/wp\/v2\/media?parent=44827"}],"wp:term":[{"taxonomy":"category","embeddable":true,"href":"https:\/\/www.jornalja.com.br\/arquivo\/wp-json\/wp\/v2\/categories?post=44827"},{"taxonomy":"post_tag","embeddable":true,"href":"https:\/\/www.jornalja.com.br\/arquivo\/wp-json\/wp\/v2\/tags?post=44827"}],"curies":[{"name":"wp","href":"https:\/\/api.w.org\/{rel}","templated":true}]}}