{"id":44898,"date":"2017-02-21T02:28:30","date_gmt":"2017-02-21T05:28:30","guid":{"rendered":"https:\/\/www.jornalja.com.br\/?p=44898"},"modified":"2017-02-21T02:28:30","modified_gmt":"2017-02-21T05:28:30","slug":"padilha-tera-que-se-explicar-na-comissao-de-etica","status":"publish","type":"post","link":"https:\/\/www.jornalja.com.br\/arquivo\/padilha-tera-que-se-explicar-na-comissao-de-etica\/","title":{"rendered":"Padilha ter\u00e1 que se explicar na Comiss\u00e3o de \u00c9tica"},"content":{"rendered":"<header>\n<div class=\"node-info\"><strong>Paulo Victor Chagas, \u00a0da Ag\u00eancia Brasil<\/strong><\/div>\n<\/header>\n<div class=\"content\">\nA Comiss\u00e3o de \u00c9tica P\u00fablica da Presid\u00eancia da Rep\u00fablica decidiu abrir nesta segunda-feira (20) processo para investigar a conduta do ministro da Casa Civil, Eliseu Padilha, e do subchefe de Assuntos Jur\u00eddicos da pasta, Gustavo do Vale Rocha.<br \/>\nPadilha ter\u00e1 30 dias para se manifestar sobre a declara\u00e7\u00e3o, feita por ele durante evento na Caixa Econ\u00f4mica Federal, sobre crit\u00e9rios para a indica\u00e7\u00e3o de ministros pelo presidente Michel Temer.<br \/>\nDe acordo com o presidente da comiss\u00e3o, Mauro Menezes, o chefe da Casa Civil ter\u00e1 que esclarecer a fala em que teria discutido a nomea\u00e7\u00e3o do ministro da Sa\u00fade, <a id=\"PXLINK_3_0_2\" class=\"pxInta\" href=\"http:\/\/agenciabrasil.ebc.com.br\/politica\/noticia\/2017-02\/comissao-de-etica-abre-processo-para-investigar-conduta-de-eliseu-padilha#\">Ricardo<\/a> Barros, tendo como objetivo \u201csupostamente [a garantia] de votos para a base do governo no Congresso Nacional\u201d.<br \/>\nNo caso de Gustavo Rocha, a investiga\u00e7\u00e3o vai apurar se houve infra\u00e7\u00e3o \u00e9tica na atua\u00e7\u00e3o dele como advogado da primeira-dama Marcela Temer, em processo movido contra os jornais <em>Folha de S.Paulo<\/em> e <em>O Globo<\/em>.<br \/>\nNa a\u00e7\u00e3o, Rocha pede que os ve\u00edculos de comunica\u00e7\u00e3o sejam proibidos de publicar o conte\u00fado encontrado no celular de Marcela, usado por um <em>hacker<\/em> na tentativa de extorquir dinheiro dela.<br \/>\nDe acordo com o colegiado, o subchefe da Casa Civil ter\u00e1 dez dias para se manifestar. \u201cHouve um questionamento sobre o ajustamento \u00e9tico dessa atua\u00e7\u00e3o para algu\u00e9m que ocupa um cargo no governo\u201d, explicou Mauro Menezes.<br \/>\nA comiss\u00e3o abriu o processos de investiga\u00e7\u00e3o ap\u00f3s den\u00fancias apresentadas por parlamentares do PT.<br \/>\nJ\u00e1 o processo aberto em agosto do ano passado contra o secret\u00e1rio de Comunica\u00e7\u00e3o da Presid\u00eancia, M\u00e1rcio Freitas, sobre o v\u00ednculo com uma entidade do PMDB, teve um pedido de vista feito pelo conselheiro Am\u00e9rico Lacombe. Ele solicitou mais tempo para analisar o tema ap\u00f3s o relator do caso, Marcelo Figueiredo, votar por uma advert\u00eancia ao secret\u00e1rio.<br \/>\nSegundo o presidente da comiss\u00e3o, o voto cont\u00e9m uma recomenda\u00e7\u00e3o contr\u00e1ria \u00e0 celebra\u00e7\u00e3o de contratos dessa natureza. \u201cH\u00e1 uma presun\u00e7\u00e3o que o exerc\u00edcio de cargos dessa relev\u00e2ncia n\u00e3o \u00e9 compat\u00edvel com a remunera\u00e7\u00e3o partid\u00e1ria, como foi o caso\u201d, afirmou.<br \/>\n<strong>Mudan\u00e7a na Lei das Estatais<\/strong><br \/>\nDe acordo com Mauro Menezes, a Comiss\u00e3o de \u00c9tica aprovou ainda a reda\u00e7\u00e3o de uma proposta que pro\u00edbe ministros e presidentes de <a id=\"PXLINK_2_0_1\" class=\"pxInta\" href=\"http:\/\/agenciabrasil.ebc.com.br\/politica\/noticia\/2017-02\/comissao-de-etica-abre-processo-para-investigar-conduta-de-eliseu-padilha#\">empresas<\/a> estatais de divulgar antecipadamente informa\u00e7\u00f5es que possam causar impacto no mercado.<br \/>\nEle explicou que a altera\u00e7\u00e3o na Lei 13.303\/2016, conhecida como Lei das Estatais, est\u00e1 prevista em um decreto presidencial que regulamenta a legisla\u00e7\u00e3o.<br \/>\nAs mudan\u00e7as, por\u00e9m, ainda precisam passar por ajustes t\u00e9cnicos na Casa Civil antes de ser publicadas no <em>Di\u00e1rio Oficial da Uni\u00e3o<\/em>. Segundo as sugest\u00f5es de texto, as autoridades devem \u201cresguardar o sigilo das informa\u00e7\u00f5es relativas a ato ou fato relevante, \u00e0s quais tenham acesso privilegiado em raz\u00e3o do cargo, fun\u00e7\u00e3o ou emprego p\u00fablico de que sejam titulares, at\u00e9 sua regular divulga\u00e7\u00e3o ao mercado\u201d.<br \/>\n\u201cN\u00e3o se trata de cerceamento, h\u00e1 um disciplinamento. A liberdade de express\u00e3o n\u00e3o \u00e9 um <a id=\"PXLINK_1_0_0\" class=\"pxInta\" href=\"http:\/\/agenciabrasil.ebc.com.br\/politica\/noticia\/2017-02\/comissao-de-etica-abre-processo-para-investigar-conduta-de-eliseu-padilha#\">direito<\/a> incondicionado, pois, no ambiente do mercado, as informa\u00e7\u00f5es s\u00e3o utilizadas para favorecer ou desfavorecer [a cota\u00e7\u00e3o dos t\u00edtulos de alguma empresa]\u201d, afirmou Menezes.\n<\/div>\n","protected":false},"excerpt":{"rendered":"<p>Paulo Victor Chagas, \u00a0da Ag\u00eancia Brasil A Comiss\u00e3o de \u00c9tica P\u00fablica da Presid\u00eancia da Rep\u00fablica decidiu abrir nesta segunda-feira (20) processo para investigar a conduta do ministro da Casa Civil, Eliseu Padilha, e do subchefe de Assuntos Jur\u00eddicos da pasta, Gustavo do Vale Rocha. Padilha ter\u00e1 30 dias para se manifestar sobre a declara\u00e7\u00e3o, feita [&hellip;]<\/p>\n","protected":false},"author":4,"featured_media":31710,"comment_status":"open","ping_status":"closed","sticky":false,"template":"","format":"standard","meta":{"_jetpack_newsletter_access":"","_jetpack_dont_email_post_to_subs":false,"_jetpack_newsletter_tier_id":0,"_jetpack_memberships_contains_paywalled_content":false,"_jetpack_feature_clip_id":0,"_jetpack_memberships_contains_paid_content":false,"footnotes":"","jetpack_post_was_ever_published":false},"categories":[26],"tags":[],"class_list":["post-44898","post","type-post","status-publish","format-standard","has-post-thumbnail","hentry","category-geral"],"aioseo_notices":[],"aioseo_head":"\n\t\t<!-- All in One SEO 5.0.1.1 - aioseo.com -->\n\t<meta name=\"robots\" content=\"max-image-preview:large\" \/>\n\t<meta name=\"author\" content=\"da Reda\u00e7\u00e3o\"\/>\n\t<link rel=\"canonical\" href=\"https:\/\/www.jornalja.com.br\/arquivo\/padilha-tera-que-se-explicar-na-comissao-de-etica\/\" \/>\n\t<meta name=\"generator\" content=\"All in One SEO (AIOSEO) 5.0.1.1\" \/>\n\t\t<meta property=\"og:locale\" content=\"pt_BR\" \/>\n\t\t<meta property=\"og:site_name\" content=\"Arquivo | Jornal J\u00c1 | Porto Alegre\" \/>\n\t\t<meta property=\"og:type\" content=\"article\" \/>\n\t\t<meta property=\"og:title\" content=\"Padilha ter\u00e1 que se explicar na Comiss\u00e3o de \u00c9tica | Arquivo\" \/>\n\t\t<meta property=\"og:url\" content=\"https:\/\/www.jornalja.com.br\/arquivo\/padilha-tera-que-se-explicar-na-comissao-de-etica\/\" \/>\n\t\t<meta property=\"og:image\" content=\"https:\/\/www.jornalja.com.br\/economics\/wp-content\/uploads\/sites\/11\/2026\/08\/ja-folhaderosto-facebook.jpg\" \/>\n\t\t<meta property=\"og:image:secure_url\" content=\"https:\/\/www.jornalja.com.br\/economics\/wp-content\/uploads\/sites\/11\/2026\/08\/ja-folhaderosto-facebook.jpg\" \/>\n\t\t<meta property=\"article:published_time\" content=\"2017-02-21T05:28:30+00:00\" \/>\n\t\t<meta property=\"article:modified_time\" content=\"2017-02-21T05:28:30+00:00\" \/>\n\t\t<meta name=\"twitter:card\" content=\"summary\" \/>\n\t\t<meta name=\"twitter:title\" content=\"Padilha ter\u00e1 que se explicar na Comiss\u00e3o de \u00c9tica | Arquivo\" \/>\n\t\t<meta name=\"twitter:image\" content=\"https:\/\/www.jornalja.com.br\/economics\/wp-content\/uploads\/sites\/11\/2026\/08\/ja-folhaderosto-facebook.jpg\" \/>\n\t\t<script type=\"application\/ld+json\" class=\"aioseo-schema\">\n\t\t\t{\"@context\":\"https:\\\/\\\/schema.org\",\"@graph\":[{\"@type\":\"BlogPosting\",\"@id\":\"https:\\\/\\\/www.jornalja.com.br\\\/arquivo\\\/padilha-tera-que-se-explicar-na-comissao-de-etica\\\/#blogposting\",\"name\":\"Padilha ter\\u00e1 que se explicar na Comiss\\u00e3o de \\u00c9tica | Arquivo\",\"headline\":\"Padilha ter\\u00e1 que se explicar na Comiss\\u00e3o de \\u00c9tica\",\"author\":{\"@id\":\"https:\\\/\\\/www.jornalja.com.br\\\/arquivo\\\/author\\\/daredacao\\\/#author\"},\"publisher\":{\"@id\":\"https:\\\/\\\/www.jornalja.com.br\\\/arquivo\\\/#organization\"},\"image\":{\"@type\":\"ImageObject\",\"url\":31710},\"datePublished\":\"2017-02-21T02:28:30-03:00\",\"dateModified\":\"2017-02-21T02:28:30-03:00\",\"inLanguage\":\"pt-BR\",\"mainEntityOfPage\":{\"@id\":\"https:\\\/\\\/www.jornalja.com.br\\\/arquivo\\\/padilha-tera-que-se-explicar-na-comissao-de-etica\\\/#webpage\"},\"isPartOf\":{\"@id\":\"https:\\\/\\\/www.jornalja.com.br\\\/arquivo\\\/padilha-tera-que-se-explicar-na-comissao-de-etica\\\/#webpage\"},\"articleSection\":\"Geral\"},{\"@type\":\"BreadcrumbList\",\"@id\":\"https:\\\/\\\/www.jornalja.com.br\\\/arquivo\\\/padilha-tera-que-se-explicar-na-comissao-de-etica\\\/#breadcrumblist\",\"itemListElement\":[{\"@type\":\"ListItem\",\"@id\":\"https:\\\/\\\/www.jornalja.com.br\\\/arquivo#listItem\",\"position\":1,\"name\":\"Home\",\"item\":\"https:\\\/\\\/www.jornalja.com.br\\\/arquivo\",\"nextItem\":{\"@type\":\"ListItem\",\"@id\":\"https:\\\/\\\/www.jornalja.com.br\\\/arquivo\\\/category\\\/geral\\\/#listItem\",\"name\":\"Geral\"}},{\"@type\":\"ListItem\",\"@id\":\"https:\\\/\\\/www.jornalja.com.br\\\/arquivo\\\/category\\\/geral\\\/#listItem\",\"position\":2,\"name\":\"Geral\",\"item\":\"https:\\\/\\\/www.jornalja.com.br\\\/arquivo\\\/category\\\/geral\\\/\",\"nextItem\":{\"@type\":\"ListItem\",\"@id\":\"https:\\\/\\\/www.jornalja.com.br\\\/arquivo\\\/padilha-tera-que-se-explicar-na-comissao-de-etica\\\/#listItem\",\"name\":\"Padilha ter\\u00e1 que se explicar na Comiss\\u00e3o de \\u00c9tica\"},\"previousItem\":{\"@type\":\"ListItem\",\"@id\":\"https:\\\/\\\/www.jornalja.com.br\\\/arquivo#listItem\",\"name\":\"Home\"}},{\"@type\":\"ListItem\",\"@id\":\"https:\\\/\\\/www.jornalja.com.br\\\/arquivo\\\/padilha-tera-que-se-explicar-na-comissao-de-etica\\\/#listItem\",\"position\":3,\"name\":\"Padilha ter\\u00e1 que se explicar na Comiss\\u00e3o de \\u00c9tica\",\"previousItem\":{\"@type\":\"ListItem\",\"@id\":\"https:\\\/\\\/www.jornalja.com.br\\\/arquivo\\\/category\\\/geral\\\/#listItem\",\"name\":\"Geral\"}}]},{\"@type\":\"Organization\",\"@id\":\"https:\\\/\\\/www.jornalja.com.br\\\/arquivo\\\/#organization\",\"name\":\"Jornal J\\u00c1\",\"description\":\"Jornal J\\u00c1 | Porto Alegre\",\"url\":\"https:\\\/\\\/www.jornalja.com.br\\\/arquivo\\\/\",\"telephone\":\"+555133307272\",\"logo\":{\"@type\":\"ImageObject\",\"url\":\"https:\\\/\\\/www.jornalja.com.br\\\/wp-content\\\/uploads\\\/cards\\\/JAslogan.png\",\"@id\":\"https:\\\/\\\/www.jornalja.com.br\\\/arquivo\\\/padilha-tera-que-se-explicar-na-comissao-de-etica\\\/#organizationLogo\"},\"image\":{\"@id\":\"https:\\\/\\\/www.jornalja.com.br\\\/arquivo\\\/padilha-tera-que-se-explicar-na-comissao-de-etica\\\/#organizationLogo\"}},{\"@type\":\"Person\",\"@id\":\"https:\\\/\\\/www.jornalja.com.br\\\/arquivo\\\/author\\\/daredacao\\\/#author\",\"url\":\"https:\\\/\\\/www.jornalja.com.br\\\/arquivo\\\/author\\\/daredacao\\\/\",\"name\":\"da Reda\\u00e7\\u00e3o\",\"image\":{\"@type\":\"ImageObject\",\"@id\":\"https:\\\/\\\/www.jornalja.com.br\\\/arquivo\\\/padilha-tera-que-se-explicar-na-comissao-de-etica\\\/#authorImage\",\"url\":\"https:\\\/\\\/secure.gravatar.com\\\/avatar\\\/469fd857d6605ad19919d27ed29d35a968a25f6e8fd9318356bbb7f57aae9c65?s=96&d=mm&r=g\",\"width\":96,\"height\":96,\"caption\":\"da Reda\\u00e7\\u00e3o\"}},{\"@type\":\"WebPage\",\"@id\":\"https:\\\/\\\/www.jornalja.com.br\\\/arquivo\\\/padilha-tera-que-se-explicar-na-comissao-de-etica\\\/#webpage\",\"url\":\"https:\\\/\\\/www.jornalja.com.br\\\/arquivo\\\/padilha-tera-que-se-explicar-na-comissao-de-etica\\\/\",\"name\":\"Padilha ter\\u00e1 que se explicar na Comiss\\u00e3o de \\u00c9tica | Arquivo\",\"inLanguage\":\"pt-BR\",\"isPartOf\":{\"@id\":\"https:\\\/\\\/www.jornalja.com.br\\\/arquivo\\\/#website\"},\"breadcrumb\":{\"@id\":\"https:\\\/\\\/www.jornalja.com.br\\\/arquivo\\\/padilha-tera-que-se-explicar-na-comissao-de-etica\\\/#breadcrumblist\"},\"author\":{\"@id\":\"https:\\\/\\\/www.jornalja.com.br\\\/arquivo\\\/author\\\/daredacao\\\/#author\"},\"creator\":{\"@id\":\"https:\\\/\\\/www.jornalja.com.br\\\/arquivo\\\/author\\\/daredacao\\\/#author\"},\"image\":{\"@type\":\"ImageObject\",\"url\":31710,\"@id\":\"https:\\\/\\\/www.jornalja.com.br\\\/arquivo\\\/padilha-tera-que-se-explicar-na-comissao-de-etica\\\/#mainImage\"},\"primaryImageOfPage\":{\"@id\":\"https:\\\/\\\/www.jornalja.com.br\\\/arquivo\\\/padilha-tera-que-se-explicar-na-comissao-de-etica\\\/#mainImage\"},\"datePublished\":\"2017-02-21T02:28:30-03:00\",\"dateModified\":\"2017-02-21T02:28:30-03:00\"},{\"@type\":\"WebSite\",\"@id\":\"https:\\\/\\\/www.jornalja.com.br\\\/arquivo\\\/#website\",\"url\":\"https:\\\/\\\/www.jornalja.com.br\\\/arquivo\\\/\",\"name\":\"Arquivo\",\"description\":\"Jornal J\\u00c1 | Porto Alegre\",\"inLanguage\":\"pt-BR\",\"publisher\":{\"@id\":\"https:\\\/\\\/www.jornalja.com.br\\\/arquivo\\\/#organization\"}}]}\n\t\t<\/script>\n\t\t<!-- All in One SEO -->\n\n","aioseo_head_json":{"title":"Padilha ter\u00e1 que se explicar na Comiss\u00e3o de \u00c9tica | Arquivo","description":"","canonical_url":"https:\/\/www.jornalja.com.br\/arquivo\/padilha-tera-que-se-explicar-na-comissao-de-etica\/","robots":"max-image-preview:large","keywords":"","webmasterTools":{"miscellaneous":""},"schema":{"@context":"https:\/\/schema.org","@graph":[{"@type":"BlogPosting","@id":"https:\/\/www.jornalja.com.br\/arquivo\/padilha-tera-que-se-explicar-na-comissao-de-etica\/#blogposting","name":"Padilha ter\u00e1 que se explicar na Comiss\u00e3o de \u00c9tica | Arquivo","headline":"Padilha ter\u00e1 que se explicar na Comiss\u00e3o de \u00c9tica","author":{"@id":"https:\/\/www.jornalja.com.br\/arquivo\/author\/daredacao\/#author"},"publisher":{"@id":"https:\/\/www.jornalja.com.br\/arquivo\/#organization"},"image":{"@type":"ImageObject","url":31710},"datePublished":"2017-02-21T02:28:30-03:00","dateModified":"2017-02-21T02:28:30-03:00","inLanguage":"pt-BR","mainEntityOfPage":{"@id":"https:\/\/www.jornalja.com.br\/arquivo\/padilha-tera-que-se-explicar-na-comissao-de-etica\/#webpage"},"isPartOf":{"@id":"https:\/\/www.jornalja.com.br\/arquivo\/padilha-tera-que-se-explicar-na-comissao-de-etica\/#webpage"},"articleSection":"Geral"},{"@type":"BreadcrumbList","@id":"https:\/\/www.jornalja.com.br\/arquivo\/padilha-tera-que-se-explicar-na-comissao-de-etica\/#breadcrumblist","itemListElement":[{"@type":"ListItem","@id":"https:\/\/www.jornalja.com.br\/arquivo#listItem","position":1,"name":"Home","item":"https:\/\/www.jornalja.com.br\/arquivo","nextItem":{"@type":"ListItem","@id":"https:\/\/www.jornalja.com.br\/arquivo\/category\/geral\/#listItem","name":"Geral"}},{"@type":"ListItem","@id":"https:\/\/www.jornalja.com.br\/arquivo\/category\/geral\/#listItem","position":2,"name":"Geral","item":"https:\/\/www.jornalja.com.br\/arquivo\/category\/geral\/","nextItem":{"@type":"ListItem","@id":"https:\/\/www.jornalja.com.br\/arquivo\/padilha-tera-que-se-explicar-na-comissao-de-etica\/#listItem","name":"Padilha ter\u00e1 que se explicar na Comiss\u00e3o de \u00c9tica"},"previousItem":{"@type":"ListItem","@id":"https:\/\/www.jornalja.com.br\/arquivo#listItem","name":"Home"}},{"@type":"ListItem","@id":"https:\/\/www.jornalja.com.br\/arquivo\/padilha-tera-que-se-explicar-na-comissao-de-etica\/#listItem","position":3,"name":"Padilha ter\u00e1 que se explicar na Comiss\u00e3o de \u00c9tica","previousItem":{"@type":"ListItem","@id":"https:\/\/www.jornalja.com.br\/arquivo\/category\/geral\/#listItem","name":"Geral"}}]},{"@type":"Organization","@id":"https:\/\/www.jornalja.com.br\/arquivo\/#organization","name":"Jornal J\u00c1","description":"Jornal J\u00c1 | Porto Alegre","url":"https:\/\/www.jornalja.com.br\/arquivo\/","telephone":"+555133307272","logo":{"@type":"ImageObject","url":"https:\/\/www.jornalja.com.br\/wp-content\/uploads\/cards\/JAslogan.png","@id":"https:\/\/www.jornalja.com.br\/arquivo\/padilha-tera-que-se-explicar-na-comissao-de-etica\/#organizationLogo"},"image":{"@id":"https:\/\/www.jornalja.com.br\/arquivo\/padilha-tera-que-se-explicar-na-comissao-de-etica\/#organizationLogo"}},{"@type":"Person","@id":"https:\/\/www.jornalja.com.br\/arquivo\/author\/daredacao\/#author","url":"https:\/\/www.jornalja.com.br\/arquivo\/author\/daredacao\/","name":"da Reda\u00e7\u00e3o","image":{"@type":"ImageObject","@id":"https:\/\/www.jornalja.com.br\/arquivo\/padilha-tera-que-se-explicar-na-comissao-de-etica\/#authorImage","url":"https:\/\/secure.gravatar.com\/avatar\/469fd857d6605ad19919d27ed29d35a968a25f6e8fd9318356bbb7f57aae9c65?s=96&d=mm&r=g","width":96,"height":96,"caption":"da Reda\u00e7\u00e3o"}},{"@type":"WebPage","@id":"https:\/\/www.jornalja.com.br\/arquivo\/padilha-tera-que-se-explicar-na-comissao-de-etica\/#webpage","url":"https:\/\/www.jornalja.com.br\/arquivo\/padilha-tera-que-se-explicar-na-comissao-de-etica\/","name":"Padilha ter\u00e1 que se explicar na Comiss\u00e3o de \u00c9tica | Arquivo","inLanguage":"pt-BR","isPartOf":{"@id":"https:\/\/www.jornalja.com.br\/arquivo\/#website"},"breadcrumb":{"@id":"https:\/\/www.jornalja.com.br\/arquivo\/padilha-tera-que-se-explicar-na-comissao-de-etica\/#breadcrumblist"},"author":{"@id":"https:\/\/www.jornalja.com.br\/arquivo\/author\/daredacao\/#author"},"creator":{"@id":"https:\/\/www.jornalja.com.br\/arquivo\/author\/daredacao\/#author"},"image":{"@type":"ImageObject","url":31710,"@id":"https:\/\/www.jornalja.com.br\/arquivo\/padilha-tera-que-se-explicar-na-comissao-de-etica\/#mainImage"},"primaryImageOfPage":{"@id":"https:\/\/www.jornalja.com.br\/arquivo\/padilha-tera-que-se-explicar-na-comissao-de-etica\/#mainImage"},"datePublished":"2017-02-21T02:28:30-03:00","dateModified":"2017-02-21T02:28:30-03:00"},{"@type":"WebSite","@id":"https:\/\/www.jornalja.com.br\/arquivo\/#website","url":"https:\/\/www.jornalja.com.br\/arquivo\/","name":"Arquivo","description":"Jornal J\u00c1 | Porto Alegre","inLanguage":"pt-BR","publisher":{"@id":"https:\/\/www.jornalja.com.br\/arquivo\/#organization"}}]},"og:locale":"pt_BR","og:site_name":"Arquivo | Jornal J\u00c1 | Porto Alegre","og:type":"article","og:title":"Padilha ter\u00e1 que se explicar na Comiss\u00e3o de \u00c9tica | Arquivo","og:url":"https:\/\/www.jornalja.com.br\/arquivo\/padilha-tera-que-se-explicar-na-comissao-de-etica\/","og:image":"https:\/\/www.jornalja.com.br\/economics\/wp-content\/uploads\/sites\/11\/2026\/08\/ja-folhaderosto-facebook.jpg","og:image:secure_url":"https:\/\/www.jornalja.com.br\/economics\/wp-content\/uploads\/sites\/11\/2026\/08\/ja-folhaderosto-facebook.jpg","article:published_time":"2017-02-21T05:28:30+00:00","article:modified_time":"2017-02-21T05:28:30+00:00","twitter:card":"summary","twitter:title":"Padilha ter\u00e1 que se explicar na Comiss\u00e3o de \u00c9tica | Arquivo","twitter:image":"https:\/\/www.jornalja.com.br\/economics\/wp-content\/uploads\/sites\/11\/2026\/08\/ja-folhaderosto-facebook.jpg"},"aioseo_meta_data":{"post_id":"44898","title":null,"description":null,"keywords":null,"keyphrases":null,"primary_term":null,"canonical_url":null,"og_title":null,"og_description":null,"og_object_type":"default","og_image_type":"default","og_image_url":null,"og_image_width":null,"og_image_height":null,"og_image_custom_url":null,"og_image_custom_fields":null,"og_video":null,"og_custom_url":null,"og_article_section":null,"og_article_tags":null,"twitter_use_og":false,"twitter_card":"default","twitter_image_type":"default","twitter_image_url":null,"twitter_image_custom_url":null,"twitter_image_custom_fields":null,"twitter_title":null,"twitter_description":null,"schema":{"blockGraphs":[],"customGraphs":[],"default":{"data":{"Article":[],"Course":[],"Dataset":[],"FAQPage":[],"Movie":[],"Person":[],"Product":[],"ProductReview":[],"Car":[],"Recipe":[],"Service":[],"SoftwareApplication":[],"WebPage":[]},"graphName":"","isEnabled":true},"graphs":[],"defaultGraph":"","defaultPostTypeGraph":""},"schema_type":null,"schema_type_options":null,"pillar_content":false,"robots_default":true,"robots_noindex":false,"robots_noarchive":false,"robots_nosnippet":false,"robots_nofollow":false,"robots_noimageindex":false,"robots_noodp":false,"robots_notranslate":false,"robots_max_snippet":null,"robots_max_videopreview":null,"robots_max_imagepreview":"large","priority":null,"frequency":null,"location":null,"local_seo":null,"breadcrumb_settings":null,"limit_modified_date":false,"ai":null,"created":"2020-12-20 20:40:47","updated":"2025-07-19 20:09:06","seo_analyzer_scan_date":null,"focus_keyword":null,"additional_keywords":null,"truseo_locale":null},"jetpack_sharing_enabled":true,"jetpack-related-posts":[{"id":13240,"url":"https:\/\/www.jornalja.com.br\/arquivo\/plano-diretor-estamos-construindo-o-caos\/","url_meta":{"origin":44898,"position":0},"title":"Plano diretor: &quot;Estamos construindo o caos&quot;","author":"Patr\u00edcia Marini","date":"26 de maio de 2014","format":false,"excerpt":"Desabafo que arquiteta Eliana Castilhos, delegada da Regi\u00e3o de Planejamento 1, postou nas redes sociais \u00e9 um testemunho do ambiente que se criou no Conselho do Plano Diretor de Porto Alegre, onde a aprova\u00e7\u00e3o de grandes empreendimentos \u00e9 empurrada guela abaixo dos conselheiros. Ao CMDUA Como delegada da Regi\u00e3o de\u2026","rel":"","context":"Em &quot;Geral&quot;","block_context":{"text":"Geral","link":"https:\/\/www.jornalja.com.br\/arquivo\/category\/geral\/"},"img":{"alt_text":"","src":"","width":0,"height":0},"classes":[]},{"id":5440,"url":"https:\/\/www.jornalja.com.br\/arquivo\/casarao-da-venancio-destino-permanece-incerto\/","url_meta":{"origin":44898,"position":1},"title":"Estado ainda n\u00e3o sabe o que fazer com casar\u00e3o abandonado h\u00e1 20 anos","author":"Elmar Bones","date":"6 de julho de 2009","format":false,"excerpt":"O casar\u00e3o amarelo, numa esquina nobre de Porto Alegre (Ven\u00e2ncio Aires com Jo\u00e3o Pessoa), j\u00e1 abrigou uma escola. H\u00e1 duas d\u00e9cadas, pelo menos, est\u00e1 abandonado, porque seu propriet\u00e1rio, o governo do Estado do Rio Grande do Sul, n\u00e3o consegue achar um destino para ele. Planos n\u00e3o faltaram. O governador Ol\u00edvio\u2026","rel":"","context":"Em &quot;X.Categorias velhas&quot;","block_context":{"text":"X.Categorias velhas","link":"https:\/\/www.jornalja.com.br\/arquivo\/category\/x-categorias-velhas\/"},"img":{"alt_text":"geraldo1","src":"https:\/\/i0.wp.com\/www.jornalja.com.br\/wp-content\/uploads\/2009\/07\/geraldo1.jpg?resize=350%2C200&ssl=1","width":350,"height":200},"classes":[]},{"id":13239,"url":"https:\/\/www.jornalja.com.br\/arquivo\/conselho-desdenha-do-plano-diretor\/","url_meta":{"origin":44898,"position":2},"title":"Porto Alegre: Conselho detona Plano Diretor","author":"Patr\u00edcia Marini","date":"25 de maio de 2014","format":false,"excerpt":"Den\u00fancia do arquiteto e \u00a0urbanista Ibir\u00e1 Santos Lucas. Ele diz que os conselheiros est\u00e3o votando com \"enorme irresponsabilidade\". \"Mudam regime com a maior naturalidade,,,regularizam absurdos de constru\u00e7\u00f5es irregulares... \"O CMDUA est\u00e1 flexibilizando a lei do plano diretor, de uma forma impactante na vida da cidade. Mudam regime com a maior\u2026","rel":"","context":"Em &quot;Geral&quot;","block_context":{"text":"Geral","link":"https:\/\/www.jornalja.com.br\/arquivo\/category\/geral\/"},"img":{"alt_text":"","src":"","width":0,"height":0},"classes":[]},{"id":13109,"url":"https:\/\/www.jornalja.com.br\/arquivo\/judiciario-reconhece-poluicao-eletromagnetica\/","url_meta":{"origin":44898,"position":3},"title":"Judici\u00e1rio reconhece polui\u00e7\u00e3o eletromagn\u00e9tica","author":"Patr\u00edcia Marini","date":"16 de maio de 2014","format":false,"excerpt":"A\u00e7\u00e3o de duas associa\u00e7\u00f5es de moradores foi acolhida pelo Tribunal de Justi\u00e7a de S\u00e3o Paulo que. em decis\u00e3o in\u00e9dita, determinou a redu\u00e7\u00e3o do campo eletromagn\u00e9tico gerado pelas linhas de transmiss\u00e3o de energia que cortam os bairros City Boa\u00e7ava e Alto de Pinheiros. \u00c9 a primeira vez que um tribunal do\u2026","rel":"","context":"Em &quot;X.Categorias velhas&quot;","block_context":{"text":"X.Categorias velhas","link":"https:\/\/www.jornalja.com.br\/arquivo\/category\/x-categorias-velhas\/"},"img":{"alt_text":"","src":"","width":0,"height":0},"classes":[]},{"id":13101,"url":"https:\/\/www.jornalja.com.br\/arquivo\/morre-um-guerreiro-do-texto\/","url_meta":{"origin":44898,"position":4},"title":"Morre um guerreiro do texto","author":"Patr\u00edcia Marini","date":"14 de maio de 2014","format":false,"excerpt":"Por Ricardo Kotscho Reproduzido do blog do autor, 11\/5\/2014; t\u00edtulo original \u201cE l\u00e1 se foi o nosso Myltainho, guerreiro do texto\u201d. Mi\u00fado e franzino, meu amigo Myltainho era um valente e inconformado guerreiro na luta contra as injusti\u00e7as sociais, a hipocrisia, as maracutaias, o autoritarismo, a intoler\u00e2ncia, a viol\u00eancia, o\u2026","rel":"","context":"Em &quot;Geral&quot;","block_context":{"text":"Geral","link":"https:\/\/www.jornalja.com.br\/arquivo\/category\/geral\/"},"img":{"alt_text":"","src":"","width":0,"height":0},"classes":[]},{"id":13124,"url":"https:\/\/www.jornalja.com.br\/arquivo\/sangue-latino-no-iecine\/","url_meta":{"origin":44898,"position":5},"title":"Sangue latino no IECINE","author":"da Reda\u00e7\u00e3o","date":"18 de maio de 2014","format":false,"excerpt":"Francisco Ribeiro O Instituto Estadual de Cinema (IECINE) tem a frente, desde abril \u00faltimo, um novo diretor, o cineasta colombiano Juan Zapata, 36, que substitui Luiz Alberto Cassol. Radicado h\u00e1 dez anos em Porto Alegre, Zapata tem diante de si o desafio de conduzir at\u00e9 o final do ano um\u2026","rel":"","context":"Em &quot;Cultura-Geral&quot;","block_context":{"text":"Cultura-Geral","link":"https:\/\/www.jornalja.com.br\/arquivo\/category\/materiasecundaria\/"},"img":{"alt_text":"","src":"","width":0,"height":0},"classes":[]}],"jetpack_shortlink":"https:\/\/wp.me\/pbQjBd-bGa","jetpack_featured_media_url":"","_links":{"self":[{"href":"https:\/\/www.jornalja.com.br\/arquivo\/wp-json\/wp\/v2\/posts\/44898","targetHints":{"allow":["GET"]}}],"collection":[{"href":"https:\/\/www.jornalja.com.br\/arquivo\/wp-json\/wp\/v2\/posts"}],"about":[{"href":"https:\/\/www.jornalja.com.br\/arquivo\/wp-json\/wp\/v2\/types\/post"}],"author":[{"embeddable":true,"href":"https:\/\/www.jornalja.com.br\/arquivo\/wp-json\/wp\/v2\/users\/4"}],"replies":[{"embeddable":true,"href":"https:\/\/www.jornalja.com.br\/arquivo\/wp-json\/wp\/v2\/comments?post=44898"}],"version-history":[{"count":0,"href":"https:\/\/www.jornalja.com.br\/arquivo\/wp-json\/wp\/v2\/posts\/44898\/revisions"}],"wp:attachment":[{"href":"https:\/\/www.jornalja.com.br\/arquivo\/wp-json\/wp\/v2\/media?parent=44898"}],"wp:term":[{"taxonomy":"category","embeddable":true,"href":"https:\/\/www.jornalja.com.br\/arquivo\/wp-json\/wp\/v2\/categories?post=44898"},{"taxonomy":"post_tag","embeddable":true,"href":"https:\/\/www.jornalja.com.br\/arquivo\/wp-json\/wp\/v2\/tags?post=44898"}],"curies":[{"name":"wp","href":"https:\/\/api.w.org\/{rel}","templated":true}]}}