{"id":44950,"date":"2017-02-21T19:32:14","date_gmt":"2017-02-21T22:32:14","guid":{"rendered":"https:\/\/www.jornalja.com.br\/?p=44950"},"modified":"2017-02-21T19:32:14","modified_gmt":"2017-02-21T22:32:14","slug":"prisao-de-delegado-expoe-envolvimento-de-policiais-com-o-crime","status":"publish","type":"post","link":"https:\/\/www.jornalja.com.br\/arquivo\/prisao-de-delegado-expoe-envolvimento-de-policiais-com-o-crime\/","title":{"rendered":"Pris\u00e3o de delegado exp\u00f5e envolvimento de policiais com o crime"},"content":{"rendered":"<p>Uma opera\u00e7\u00e3o conjunta da Pol\u00edcia Civil e do Minist\u00e9rio P\u00fablico prendeu, na manh\u00e3 desta ter\u00e7a-feira, um delegado da Pol\u00edcia Civil e um escriv\u00e3o aposentado.<br \/>\nO delegado Omar Abud, da 17\u00aa Delegacia de Pol\u00edcia Civil, e o Comiss\u00e1rio de Pol\u00edcia aposentado Luiz Armindo de Mello Gon\u00e7alves s\u00e3o suspeitos de financiar e oferecer prote\u00e7\u00e3o a uma quadrilha de recepta\u00e7\u00e3o e roubo de carga com atua\u00e7\u00e3o na regi\u00e3o metropolitana.<br \/>\nEles s\u00e3o investigados pelos crimes de lavagem de dinheiro, viola\u00e7\u00e3o de sigilo funcional e organiza\u00e7\u00e3o criminosa.<br \/>\nAs investiga\u00e7\u00f5es da Opera\u00e7\u00e3o Financiador tiveram in\u00edcio em novembro de 2016. Foi apurado que, por meio de conta corrente de terceiros e de empresas de fachada, os dois policiais financiavam grupos criminosos que praticavam roubos de carga, recepta\u00e7\u00e3o e estelionatos.<br \/>\nA contrapartida era o recebimento de parte dos lucros. At\u00e9 o ato da pris\u00e3o, a opera\u00e7\u00e3o havia apurado lavagem de R$ 1,1 milh\u00e3o. Foram identificados tamb\u00e9m im\u00f3veis de valor incompat\u00edvel com os ganhos dos policiais.<br \/>\n<span class=\"intertit\">Delegado indiciou jornalista<\/span><br \/>\nO delegado Omar Abud, que foi preso preventivamente nesta ter\u00e7a, foi o <a href=\"https:\/\/www.jornalja.com.br\/reporter-e-estudantes-sao-indiciados-por-quatro-crimes\/\" target=\"_blank\" rel=\"noopener noreferrer\">respons\u00e1vel pelo indiciamento dos dez maiores de idade presos pela Brigada Militar durante a ocupa\u00e7\u00e3o da Secretaria da Fazenda<\/a>.<br \/>\nEntre os indiciados est\u00e3o o rep\u00f3rter do Jornal J\u00e1 Matheus Chaparini, preso enquanto trabalhava, fazendo a cobertura da ocupa\u00e7\u00e3o, e o cineasta independente Kevin D\u2019arc, que est\u00e1 produzindo um filme sobre as ocupa\u00e7\u00f5es escolares em v\u00e1rios estados brasileiros.<br \/>\nO delegado indiciou os dez por quatro crimes: dano qualificado ao patrim\u00f4nio, resist\u00eancia, associa\u00e7\u00e3o criminosa e obstru\u00e7\u00e3o ao trabalho. O <a href=\"https:\/\/www.jornalja.com.br\/mp-denuncia-dez-por-ocupacao-da-sefaz-entre-eles-o-reporter-do-ja\/\" target=\"_blank\" rel=\"noopener noreferrer\">Minist\u00e9rio P\u00fablico denunciou todos por dano qualificado e desobedi\u00eancia.<\/a> A ju\u00edza Cl\u00e1udia Junqueira Sulzbach, da 9\u00aa Vara Criminal do Foro Central <a href=\"https:\/\/www.jornalja.com.br\/__trashed-13\/\" target=\"_blank\" rel=\"noopener noreferrer\">acolheu a den\u00fancia, tornando r\u00e9us os dez presos<\/a>.<br \/>\nNa ocasi\u00e3o, o delegado afirmou \u00e0 reportagem do J\u00c1 que Chaparini e D\u2019arc n\u00e3o estavam trabalhando, mas participando da manifesta\u00e7\u00e3o. \u201cEstavam todos com o mesmo intuito\u201d, declarou.<br \/>\nAbud disse ter assistido a todos os v\u00eddeos publicados sobre o epis\u00f3dio. Um destes v\u00eddeos mostra Chaparini se identificando como jornalista aos policiais pelo menos tr\u00eas vezes.<br \/>\nAbud Ingressou na corpora\u00e7\u00e3o h\u00e1 28 anos, como agente, e se tornou delegado em 1990. Em sua carreira, por diversas delegacias do Departamento Estadual de Investiga\u00e7\u00f5es Criminais (Deic) e delegacias regionais como a 12\u00aa DP, a 22\u00aa DP e a 15\u00aa DP. Omar Abud est\u00e1 no topo da carreira, \u00e9 delegado de 4\u00aa classe, com sal\u00e1rio bruto de R$ 22,4 mil.<\/p>\n","protected":false},"excerpt":{"rendered":"<p>Uma opera\u00e7\u00e3o conjunta da Pol\u00edcia Civil e do Minist\u00e9rio P\u00fablico prendeu, na manh\u00e3 desta ter\u00e7a-feira, um delegado da Pol\u00edcia Civil e um escriv\u00e3o aposentado. O delegado Omar Abud, da 17\u00aa Delegacia de Pol\u00edcia Civil, e o Comiss\u00e1rio de Pol\u00edcia aposentado Luiz Armindo de Mello Gon\u00e7alves s\u00e3o suspeitos de financiar e oferecer prote\u00e7\u00e3o a uma quadrilha [&hellip;]<\/p>\n","protected":false},"author":4,"featured_media":44953,"comment_status":"open","ping_status":"closed","sticky":false,"template":"","format":"standard","meta":{"_jetpack_newsletter_access":"","_jetpack_dont_email_post_to_subs":false,"_jetpack_newsletter_tier_id":0,"_jetpack_memberships_contains_paywalled_content":false,"_jetpack_feature_clip_id":0,"_jetpack_memberships_contains_paid_content":false,"footnotes":"","jetpack_post_was_ever_published":false},"categories":[26],"tags":[],"class_list":["post-44950","post","type-post","status-publish","format-standard","has-post-thumbnail","hentry","category-geral"],"aioseo_notices":[],"aioseo_head":"\n\t\t<!-- All in One SEO 5.0.1.1 - aioseo.com -->\n\t<meta name=\"robots\" content=\"max-image-preview:large\" \/>\n\t<meta name=\"author\" content=\"da Reda\u00e7\u00e3o\"\/>\n\t<link rel=\"canonical\" href=\"https:\/\/www.jornalja.com.br\/arquivo\/prisao-de-delegado-expoe-envolvimento-de-policiais-com-o-crime\/\" \/>\n\t<meta name=\"generator\" content=\"All in One SEO (AIOSEO) 5.0.1.1\" \/>\n\t\t<meta property=\"og:locale\" content=\"pt_BR\" \/>\n\t\t<meta property=\"og:site_name\" content=\"Arquivo | Jornal J\u00c1 | Porto Alegre\" \/>\n\t\t<meta property=\"og:type\" content=\"article\" \/>\n\t\t<meta property=\"og:title\" content=\"Pris\u00e3o de delegado exp\u00f5e envolvimento de policiais com o crime | Arquivo\" \/>\n\t\t<meta property=\"og:url\" content=\"https:\/\/www.jornalja.com.br\/arquivo\/prisao-de-delegado-expoe-envolvimento-de-policiais-com-o-crime\/\" \/>\n\t\t<meta property=\"og:image\" content=\"https:\/\/www.jornalja.com.br\/economics\/wp-content\/uploads\/sites\/11\/2026\/08\/ja-folhaderosto-facebook.jpg\" \/>\n\t\t<meta property=\"og:image:secure_url\" content=\"https:\/\/www.jornalja.com.br\/economics\/wp-content\/uploads\/sites\/11\/2026\/08\/ja-folhaderosto-facebook.jpg\" \/>\n\t\t<meta property=\"article:published_time\" content=\"2017-02-21T22:32:14+00:00\" \/>\n\t\t<meta property=\"article:modified_time\" content=\"2017-02-21T22:32:14+00:00\" \/>\n\t\t<meta name=\"twitter:card\" content=\"summary\" \/>\n\t\t<meta name=\"twitter:title\" content=\"Pris\u00e3o de delegado exp\u00f5e envolvimento de policiais com o crime | Arquivo\" \/>\n\t\t<meta name=\"twitter:image\" content=\"https:\/\/www.jornalja.com.br\/economics\/wp-content\/uploads\/sites\/11\/2026\/08\/ja-folhaderosto-facebook.jpg\" \/>\n\t\t<script type=\"application\/ld+json\" class=\"aioseo-schema\">\n\t\t\t{\"@context\":\"https:\\\/\\\/schema.org\",\"@graph\":[{\"@type\":\"BlogPosting\",\"@id\":\"https:\\\/\\\/www.jornalja.com.br\\\/arquivo\\\/prisao-de-delegado-expoe-envolvimento-de-policiais-com-o-crime\\\/#blogposting\",\"name\":\"Pris\\u00e3o de delegado exp\\u00f5e envolvimento de policiais com o crime | Arquivo\",\"headline\":\"Pris\\u00e3o de delegado exp\\u00f5e envolvimento de policiais com o crime\",\"author\":{\"@id\":\"https:\\\/\\\/www.jornalja.com.br\\\/arquivo\\\/author\\\/daredacao\\\/#author\"},\"publisher\":{\"@id\":\"https:\\\/\\\/www.jornalja.com.br\\\/arquivo\\\/#organization\"},\"image\":{\"@type\":\"ImageObject\",\"url\":44953},\"datePublished\":\"2017-02-21T19:32:14-03:00\",\"dateModified\":\"2017-02-21T19:32:14-03:00\",\"inLanguage\":\"pt-BR\",\"mainEntityOfPage\":{\"@id\":\"https:\\\/\\\/www.jornalja.com.br\\\/arquivo\\\/prisao-de-delegado-expoe-envolvimento-de-policiais-com-o-crime\\\/#webpage\"},\"isPartOf\":{\"@id\":\"https:\\\/\\\/www.jornalja.com.br\\\/arquivo\\\/prisao-de-delegado-expoe-envolvimento-de-policiais-com-o-crime\\\/#webpage\"},\"articleSection\":\"Geral\"},{\"@type\":\"BreadcrumbList\",\"@id\":\"https:\\\/\\\/www.jornalja.com.br\\\/arquivo\\\/prisao-de-delegado-expoe-envolvimento-de-policiais-com-o-crime\\\/#breadcrumblist\",\"itemListElement\":[{\"@type\":\"ListItem\",\"@id\":\"https:\\\/\\\/www.jornalja.com.br\\\/arquivo#listItem\",\"position\":1,\"name\":\"Home\",\"item\":\"https:\\\/\\\/www.jornalja.com.br\\\/arquivo\",\"nextItem\":{\"@type\":\"ListItem\",\"@id\":\"https:\\\/\\\/www.jornalja.com.br\\\/arquivo\\\/category\\\/geral\\\/#listItem\",\"name\":\"Geral\"}},{\"@type\":\"ListItem\",\"@id\":\"https:\\\/\\\/www.jornalja.com.br\\\/arquivo\\\/category\\\/geral\\\/#listItem\",\"position\":2,\"name\":\"Geral\",\"item\":\"https:\\\/\\\/www.jornalja.com.br\\\/arquivo\\\/category\\\/geral\\\/\",\"nextItem\":{\"@type\":\"ListItem\",\"@id\":\"https:\\\/\\\/www.jornalja.com.br\\\/arquivo\\\/prisao-de-delegado-expoe-envolvimento-de-policiais-com-o-crime\\\/#listItem\",\"name\":\"Pris\\u00e3o de delegado exp\\u00f5e envolvimento de policiais com o crime\"},\"previousItem\":{\"@type\":\"ListItem\",\"@id\":\"https:\\\/\\\/www.jornalja.com.br\\\/arquivo#listItem\",\"name\":\"Home\"}},{\"@type\":\"ListItem\",\"@id\":\"https:\\\/\\\/www.jornalja.com.br\\\/arquivo\\\/prisao-de-delegado-expoe-envolvimento-de-policiais-com-o-crime\\\/#listItem\",\"position\":3,\"name\":\"Pris\\u00e3o de delegado exp\\u00f5e envolvimento de policiais com o crime\",\"previousItem\":{\"@type\":\"ListItem\",\"@id\":\"https:\\\/\\\/www.jornalja.com.br\\\/arquivo\\\/category\\\/geral\\\/#listItem\",\"name\":\"Geral\"}}]},{\"@type\":\"Organization\",\"@id\":\"https:\\\/\\\/www.jornalja.com.br\\\/arquivo\\\/#organization\",\"name\":\"Jornal J\\u00c1\",\"description\":\"Jornal J\\u00c1 | Porto Alegre\",\"url\":\"https:\\\/\\\/www.jornalja.com.br\\\/arquivo\\\/\",\"telephone\":\"+555133307272\",\"logo\":{\"@type\":\"ImageObject\",\"url\":\"https:\\\/\\\/www.jornalja.com.br\\\/wp-content\\\/uploads\\\/cards\\\/JAslogan.png\",\"@id\":\"https:\\\/\\\/www.jornalja.com.br\\\/arquivo\\\/prisao-de-delegado-expoe-envolvimento-de-policiais-com-o-crime\\\/#organizationLogo\"},\"image\":{\"@id\":\"https:\\\/\\\/www.jornalja.com.br\\\/arquivo\\\/prisao-de-delegado-expoe-envolvimento-de-policiais-com-o-crime\\\/#organizationLogo\"}},{\"@type\":\"Person\",\"@id\":\"https:\\\/\\\/www.jornalja.com.br\\\/arquivo\\\/author\\\/daredacao\\\/#author\",\"url\":\"https:\\\/\\\/www.jornalja.com.br\\\/arquivo\\\/author\\\/daredacao\\\/\",\"name\":\"da Reda\\u00e7\\u00e3o\",\"image\":{\"@type\":\"ImageObject\",\"@id\":\"https:\\\/\\\/www.jornalja.com.br\\\/arquivo\\\/prisao-de-delegado-expoe-envolvimento-de-policiais-com-o-crime\\\/#authorImage\",\"url\":\"https:\\\/\\\/secure.gravatar.com\\\/avatar\\\/469fd857d6605ad19919d27ed29d35a968a25f6e8fd9318356bbb7f57aae9c65?s=96&d=mm&r=g\",\"width\":96,\"height\":96,\"caption\":\"da Reda\\u00e7\\u00e3o\"}},{\"@type\":\"WebPage\",\"@id\":\"https:\\\/\\\/www.jornalja.com.br\\\/arquivo\\\/prisao-de-delegado-expoe-envolvimento-de-policiais-com-o-crime\\\/#webpage\",\"url\":\"https:\\\/\\\/www.jornalja.com.br\\\/arquivo\\\/prisao-de-delegado-expoe-envolvimento-de-policiais-com-o-crime\\\/\",\"name\":\"Pris\\u00e3o de delegado exp\\u00f5e envolvimento de policiais com o crime | Arquivo\",\"inLanguage\":\"pt-BR\",\"isPartOf\":{\"@id\":\"https:\\\/\\\/www.jornalja.com.br\\\/arquivo\\\/#website\"},\"breadcrumb\":{\"@id\":\"https:\\\/\\\/www.jornalja.com.br\\\/arquivo\\\/prisao-de-delegado-expoe-envolvimento-de-policiais-com-o-crime\\\/#breadcrumblist\"},\"author\":{\"@id\":\"https:\\\/\\\/www.jornalja.com.br\\\/arquivo\\\/author\\\/daredacao\\\/#author\"},\"creator\":{\"@id\":\"https:\\\/\\\/www.jornalja.com.br\\\/arquivo\\\/author\\\/daredacao\\\/#author\"},\"image\":{\"@type\":\"ImageObject\",\"url\":44953,\"@id\":\"https:\\\/\\\/www.jornalja.com.br\\\/arquivo\\\/prisao-de-delegado-expoe-envolvimento-de-policiais-com-o-crime\\\/#mainImage\"},\"primaryImageOfPage\":{\"@id\":\"https:\\\/\\\/www.jornalja.com.br\\\/arquivo\\\/prisao-de-delegado-expoe-envolvimento-de-policiais-com-o-crime\\\/#mainImage\"},\"datePublished\":\"2017-02-21T19:32:14-03:00\",\"dateModified\":\"2017-02-21T19:32:14-03:00\"},{\"@type\":\"WebSite\",\"@id\":\"https:\\\/\\\/www.jornalja.com.br\\\/arquivo\\\/#website\",\"url\":\"https:\\\/\\\/www.jornalja.com.br\\\/arquivo\\\/\",\"name\":\"Arquivo\",\"description\":\"Jornal J\\u00c1 | Porto Alegre\",\"inLanguage\":\"pt-BR\",\"publisher\":{\"@id\":\"https:\\\/\\\/www.jornalja.com.br\\\/arquivo\\\/#organization\"}}]}\n\t\t<\/script>\n\t\t<!-- All in One SEO -->\n\n","aioseo_head_json":{"title":"Pris\u00e3o de delegado exp\u00f5e envolvimento de policiais com o crime | Arquivo","description":"","canonical_url":"https:\/\/www.jornalja.com.br\/arquivo\/prisao-de-delegado-expoe-envolvimento-de-policiais-com-o-crime\/","robots":"max-image-preview:large","keywords":"","webmasterTools":{"miscellaneous":""},"schema":{"@context":"https:\/\/schema.org","@graph":[{"@type":"BlogPosting","@id":"https:\/\/www.jornalja.com.br\/arquivo\/prisao-de-delegado-expoe-envolvimento-de-policiais-com-o-crime\/#blogposting","name":"Pris\u00e3o de delegado exp\u00f5e envolvimento de policiais com o crime | Arquivo","headline":"Pris\u00e3o de delegado exp\u00f5e envolvimento de policiais com o crime","author":{"@id":"https:\/\/www.jornalja.com.br\/arquivo\/author\/daredacao\/#author"},"publisher":{"@id":"https:\/\/www.jornalja.com.br\/arquivo\/#organization"},"image":{"@type":"ImageObject","url":44953},"datePublished":"2017-02-21T19:32:14-03:00","dateModified":"2017-02-21T19:32:14-03:00","inLanguage":"pt-BR","mainEntityOfPage":{"@id":"https:\/\/www.jornalja.com.br\/arquivo\/prisao-de-delegado-expoe-envolvimento-de-policiais-com-o-crime\/#webpage"},"isPartOf":{"@id":"https:\/\/www.jornalja.com.br\/arquivo\/prisao-de-delegado-expoe-envolvimento-de-policiais-com-o-crime\/#webpage"},"articleSection":"Geral"},{"@type":"BreadcrumbList","@id":"https:\/\/www.jornalja.com.br\/arquivo\/prisao-de-delegado-expoe-envolvimento-de-policiais-com-o-crime\/#breadcrumblist","itemListElement":[{"@type":"ListItem","@id":"https:\/\/www.jornalja.com.br\/arquivo#listItem","position":1,"name":"Home","item":"https:\/\/www.jornalja.com.br\/arquivo","nextItem":{"@type":"ListItem","@id":"https:\/\/www.jornalja.com.br\/arquivo\/category\/geral\/#listItem","name":"Geral"}},{"@type":"ListItem","@id":"https:\/\/www.jornalja.com.br\/arquivo\/category\/geral\/#listItem","position":2,"name":"Geral","item":"https:\/\/www.jornalja.com.br\/arquivo\/category\/geral\/","nextItem":{"@type":"ListItem","@id":"https:\/\/www.jornalja.com.br\/arquivo\/prisao-de-delegado-expoe-envolvimento-de-policiais-com-o-crime\/#listItem","name":"Pris\u00e3o de delegado exp\u00f5e envolvimento de policiais com o crime"},"previousItem":{"@type":"ListItem","@id":"https:\/\/www.jornalja.com.br\/arquivo#listItem","name":"Home"}},{"@type":"ListItem","@id":"https:\/\/www.jornalja.com.br\/arquivo\/prisao-de-delegado-expoe-envolvimento-de-policiais-com-o-crime\/#listItem","position":3,"name":"Pris\u00e3o de delegado exp\u00f5e envolvimento de policiais com o crime","previousItem":{"@type":"ListItem","@id":"https:\/\/www.jornalja.com.br\/arquivo\/category\/geral\/#listItem","name":"Geral"}}]},{"@type":"Organization","@id":"https:\/\/www.jornalja.com.br\/arquivo\/#organization","name":"Jornal J\u00c1","description":"Jornal J\u00c1 | Porto Alegre","url":"https:\/\/www.jornalja.com.br\/arquivo\/","telephone":"+555133307272","logo":{"@type":"ImageObject","url":"https:\/\/www.jornalja.com.br\/wp-content\/uploads\/cards\/JAslogan.png","@id":"https:\/\/www.jornalja.com.br\/arquivo\/prisao-de-delegado-expoe-envolvimento-de-policiais-com-o-crime\/#organizationLogo"},"image":{"@id":"https:\/\/www.jornalja.com.br\/arquivo\/prisao-de-delegado-expoe-envolvimento-de-policiais-com-o-crime\/#organizationLogo"}},{"@type":"Person","@id":"https:\/\/www.jornalja.com.br\/arquivo\/author\/daredacao\/#author","url":"https:\/\/www.jornalja.com.br\/arquivo\/author\/daredacao\/","name":"da Reda\u00e7\u00e3o","image":{"@type":"ImageObject","@id":"https:\/\/www.jornalja.com.br\/arquivo\/prisao-de-delegado-expoe-envolvimento-de-policiais-com-o-crime\/#authorImage","url":"https:\/\/secure.gravatar.com\/avatar\/469fd857d6605ad19919d27ed29d35a968a25f6e8fd9318356bbb7f57aae9c65?s=96&d=mm&r=g","width":96,"height":96,"caption":"da Reda\u00e7\u00e3o"}},{"@type":"WebPage","@id":"https:\/\/www.jornalja.com.br\/arquivo\/prisao-de-delegado-expoe-envolvimento-de-policiais-com-o-crime\/#webpage","url":"https:\/\/www.jornalja.com.br\/arquivo\/prisao-de-delegado-expoe-envolvimento-de-policiais-com-o-crime\/","name":"Pris\u00e3o de delegado exp\u00f5e envolvimento de policiais com o crime | Arquivo","inLanguage":"pt-BR","isPartOf":{"@id":"https:\/\/www.jornalja.com.br\/arquivo\/#website"},"breadcrumb":{"@id":"https:\/\/www.jornalja.com.br\/arquivo\/prisao-de-delegado-expoe-envolvimento-de-policiais-com-o-crime\/#breadcrumblist"},"author":{"@id":"https:\/\/www.jornalja.com.br\/arquivo\/author\/daredacao\/#author"},"creator":{"@id":"https:\/\/www.jornalja.com.br\/arquivo\/author\/daredacao\/#author"},"image":{"@type":"ImageObject","url":44953,"@id":"https:\/\/www.jornalja.com.br\/arquivo\/prisao-de-delegado-expoe-envolvimento-de-policiais-com-o-crime\/#mainImage"},"primaryImageOfPage":{"@id":"https:\/\/www.jornalja.com.br\/arquivo\/prisao-de-delegado-expoe-envolvimento-de-policiais-com-o-crime\/#mainImage"},"datePublished":"2017-02-21T19:32:14-03:00","dateModified":"2017-02-21T19:32:14-03:00"},{"@type":"WebSite","@id":"https:\/\/www.jornalja.com.br\/arquivo\/#website","url":"https:\/\/www.jornalja.com.br\/arquivo\/","name":"Arquivo","description":"Jornal J\u00c1 | Porto Alegre","inLanguage":"pt-BR","publisher":{"@id":"https:\/\/www.jornalja.com.br\/arquivo\/#organization"}}]},"og:locale":"pt_BR","og:site_name":"Arquivo | Jornal J\u00c1 | Porto Alegre","og:type":"article","og:title":"Pris\u00e3o de delegado exp\u00f5e envolvimento de policiais com o crime | Arquivo","og:url":"https:\/\/www.jornalja.com.br\/arquivo\/prisao-de-delegado-expoe-envolvimento-de-policiais-com-o-crime\/","og:image":"https:\/\/www.jornalja.com.br\/economics\/wp-content\/uploads\/sites\/11\/2026\/08\/ja-folhaderosto-facebook.jpg","og:image:secure_url":"https:\/\/www.jornalja.com.br\/economics\/wp-content\/uploads\/sites\/11\/2026\/08\/ja-folhaderosto-facebook.jpg","article:published_time":"2017-02-21T22:32:14+00:00","article:modified_time":"2017-02-21T22:32:14+00:00","twitter:card":"summary","twitter:title":"Pris\u00e3o de delegado exp\u00f5e envolvimento de policiais com o crime | Arquivo","twitter:image":"https:\/\/www.jornalja.com.br\/economics\/wp-content\/uploads\/sites\/11\/2026\/08\/ja-folhaderosto-facebook.jpg"},"aioseo_meta_data":{"post_id":"44950","title":null,"description":null,"keywords":null,"keyphrases":null,"primary_term":null,"canonical_url":null,"og_title":null,"og_description":null,"og_object_type":"default","og_image_type":"default","og_image_url":null,"og_image_width":null,"og_image_height":null,"og_image_custom_url":null,"og_image_custom_fields":null,"og_video":null,"og_custom_url":null,"og_article_section":null,"og_article_tags":null,"twitter_use_og":false,"twitter_card":"default","twitter_image_type":"default","twitter_image_url":null,"twitter_image_custom_url":null,"twitter_image_custom_fields":null,"twitter_title":null,"twitter_description":null,"schema":{"blockGraphs":[],"customGraphs":[],"default":{"data":{"Article":[],"Course":[],"Dataset":[],"FAQPage":[],"Movie":[],"Person":[],"Product":[],"ProductReview":[],"Car":[],"Recipe":[],"Service":[],"SoftwareApplication":[],"WebPage":[]},"graphName":"","isEnabled":true},"graphs":[],"defaultGraph":"","defaultPostTypeGraph":""},"schema_type":null,"schema_type_options":null,"pillar_content":false,"robots_default":true,"robots_noindex":false,"robots_noarchive":false,"robots_nosnippet":false,"robots_nofollow":false,"robots_noimageindex":false,"robots_noodp":false,"robots_notranslate":false,"robots_max_snippet":null,"robots_max_videopreview":null,"robots_max_imagepreview":"large","priority":null,"frequency":null,"location":null,"local_seo":null,"breadcrumb_settings":null,"limit_modified_date":false,"ai":null,"created":"2020-12-20 20:40:47","updated":"2025-07-19 20:09:50","seo_analyzer_scan_date":null,"focus_keyword":null,"additional_keywords":null,"truseo_locale":null},"jetpack_sharing_enabled":true,"jetpack-related-posts":[{"id":13240,"url":"https:\/\/www.jornalja.com.br\/arquivo\/plano-diretor-estamos-construindo-o-caos\/","url_meta":{"origin":44950,"position":0},"title":"Plano diretor: &quot;Estamos construindo o caos&quot;","author":"Patr\u00edcia Marini","date":"26 de maio de 2014","format":false,"excerpt":"Desabafo que arquiteta Eliana Castilhos, delegada da Regi\u00e3o de Planejamento 1, postou nas redes sociais \u00e9 um testemunho do ambiente que se criou no Conselho do Plano Diretor de Porto Alegre, onde a aprova\u00e7\u00e3o de grandes empreendimentos \u00e9 empurrada guela abaixo dos conselheiros. Ao CMDUA Como delegada da Regi\u00e3o de\u2026","rel":"","context":"Em &quot;Geral&quot;","block_context":{"text":"Geral","link":"https:\/\/www.jornalja.com.br\/arquivo\/category\/geral\/"},"img":{"alt_text":"","src":"","width":0,"height":0},"classes":[]},{"id":5440,"url":"https:\/\/www.jornalja.com.br\/arquivo\/casarao-da-venancio-destino-permanece-incerto\/","url_meta":{"origin":44950,"position":1},"title":"Estado ainda n\u00e3o sabe o que fazer com casar\u00e3o abandonado h\u00e1 20 anos","author":"Elmar Bones","date":"6 de julho de 2009","format":false,"excerpt":"O casar\u00e3o amarelo, numa esquina nobre de Porto Alegre (Ven\u00e2ncio Aires com Jo\u00e3o Pessoa), j\u00e1 abrigou uma escola. H\u00e1 duas d\u00e9cadas, pelo menos, est\u00e1 abandonado, porque seu propriet\u00e1rio, o governo do Estado do Rio Grande do Sul, n\u00e3o consegue achar um destino para ele. Planos n\u00e3o faltaram. O governador Ol\u00edvio\u2026","rel":"","context":"Em &quot;X.Categorias velhas&quot;","block_context":{"text":"X.Categorias velhas","link":"https:\/\/www.jornalja.com.br\/arquivo\/category\/x-categorias-velhas\/"},"img":{"alt_text":"geraldo1","src":"https:\/\/i0.wp.com\/www.jornalja.com.br\/wp-content\/uploads\/2009\/07\/geraldo1.jpg?resize=350%2C200&ssl=1","width":350,"height":200},"classes":[]},{"id":13124,"url":"https:\/\/www.jornalja.com.br\/arquivo\/sangue-latino-no-iecine\/","url_meta":{"origin":44950,"position":2},"title":"Sangue latino no IECINE","author":"da Reda\u00e7\u00e3o","date":"18 de maio de 2014","format":false,"excerpt":"Francisco Ribeiro O Instituto Estadual de Cinema (IECINE) tem a frente, desde abril \u00faltimo, um novo diretor, o cineasta colombiano Juan Zapata, 36, que substitui Luiz Alberto Cassol. Radicado h\u00e1 dez anos em Porto Alegre, Zapata tem diante de si o desafio de conduzir at\u00e9 o final do ano um\u2026","rel":"","context":"Em &quot;Cultura-Geral&quot;","block_context":{"text":"Cultura-Geral","link":"https:\/\/www.jornalja.com.br\/arquivo\/category\/materiasecundaria\/"},"img":{"alt_text":"","src":"","width":0,"height":0},"classes":[]},{"id":13109,"url":"https:\/\/www.jornalja.com.br\/arquivo\/judiciario-reconhece-poluicao-eletromagnetica\/","url_meta":{"origin":44950,"position":3},"title":"Judici\u00e1rio reconhece polui\u00e7\u00e3o eletromagn\u00e9tica","author":"Patr\u00edcia Marini","date":"16 de maio de 2014","format":false,"excerpt":"A\u00e7\u00e3o de duas associa\u00e7\u00f5es de moradores foi acolhida pelo Tribunal de Justi\u00e7a de S\u00e3o Paulo que. em decis\u00e3o in\u00e9dita, determinou a redu\u00e7\u00e3o do campo eletromagn\u00e9tico gerado pelas linhas de transmiss\u00e3o de energia que cortam os bairros City Boa\u00e7ava e Alto de Pinheiros. \u00c9 a primeira vez que um tribunal do\u2026","rel":"","context":"Em &quot;X.Categorias velhas&quot;","block_context":{"text":"X.Categorias velhas","link":"https:\/\/www.jornalja.com.br\/arquivo\/category\/x-categorias-velhas\/"},"img":{"alt_text":"","src":"","width":0,"height":0},"classes":[]}],"jetpack_shortlink":"https:\/\/wp.me\/pbQjBd-bH0","jetpack_featured_media_url":"","_links":{"self":[{"href":"https:\/\/www.jornalja.com.br\/arquivo\/wp-json\/wp\/v2\/posts\/44950","targetHints":{"allow":["GET"]}}],"collection":[{"href":"https:\/\/www.jornalja.com.br\/arquivo\/wp-json\/wp\/v2\/posts"}],"about":[{"href":"https:\/\/www.jornalja.com.br\/arquivo\/wp-json\/wp\/v2\/types\/post"}],"author":[{"embeddable":true,"href":"https:\/\/www.jornalja.com.br\/arquivo\/wp-json\/wp\/v2\/users\/4"}],"replies":[{"embeddable":true,"href":"https:\/\/www.jornalja.com.br\/arquivo\/wp-json\/wp\/v2\/comments?post=44950"}],"version-history":[{"count":0,"href":"https:\/\/www.jornalja.com.br\/arquivo\/wp-json\/wp\/v2\/posts\/44950\/revisions"}],"wp:attachment":[{"href":"https:\/\/www.jornalja.com.br\/arquivo\/wp-json\/wp\/v2\/media?parent=44950"}],"wp:term":[{"taxonomy":"category","embeddable":true,"href":"https:\/\/www.jornalja.com.br\/arquivo\/wp-json\/wp\/v2\/categories?post=44950"},{"taxonomy":"post_tag","embeddable":true,"href":"https:\/\/www.jornalja.com.br\/arquivo\/wp-json\/wp\/v2\/tags?post=44950"}],"curies":[{"name":"wp","href":"https:\/\/api.w.org\/{rel}","templated":true}]}}