{"id":44958,"date":"2017-02-21T19:09:08","date_gmt":"2017-02-21T22:09:08","guid":{"rendered":"https:\/\/www.jornalja.com.br\/?p=44958"},"modified":"2017-02-21T19:09:08","modified_gmt":"2017-02-21T22:09:08","slug":"aperto-pode-levar-a-demissoes-na-prefeitura-adverte-secretario","status":"publish","type":"post","link":"https:\/\/www.jornalja.com.br\/arquivo\/aperto-pode-levar-a-demissoes-na-prefeitura-adverte-secretario\/","title":{"rendered":"Aperto pode levar a demiss\u00f5es na prefeitura, adverte secret\u00e1rio"},"content":{"rendered":"<p>O secret\u00e1rio municipal da Fazenda, Leonardo Busatto, atribuiu ao descumprimento da lei de responsabilidade fiscal pela Uni\u00e3o e a crise econ\u00f4mica do pa\u00eds, pelo caos nas contas p\u00fablicas, de maneira geral.<br \/>\nEm Porto Alegre, informou, as receitas municipais ca\u00edram R$ 60 milh\u00f5es em rela\u00e7\u00e3o a 2015 (0,9%) e as despesas cresceram 10% em termos nominais. Busatto apresentou um balan\u00e7o das contas municipais em audi\u00eancia publica na C\u00e2mara, nesta ter\u00e7a, 21.<br \/>\nDe acordo com Busatto, as despesas n\u00e3o cabem mais nas receitas da prefeitura. O resultado or\u00e7ament\u00e1rio decaiu em 90%, o equivalente a uma despesa l\u00edquida de R$ 140 milh\u00f5es no exerc\u00edcio passado.<br \/>\nO rombo or\u00e7ament\u00e1rio inclui rubricas como servi\u00e7os de terceiros, subven\u00e7\u00f5es sociais, material de consumo, equipamento e material. N\u00e3o incluindo R$ 194 milh\u00f5es de empenhos anulados.<br \/>\nBusatto advertiu que se a Prefeitura n\u00e3o conseguir equilibrar as contas, necessariamente, ocorrer\u00e1 corte de pessoal porque se a folha ultrapassar 50% das receitas, o prefeito, pressionado pela Lei de Responsabilidade Fiscal, dever\u00e1 come\u00e7ar a cortar pessoal.<br \/>\n\u201cOs estados, os munic\u00edpios e a Uni\u00e3o s\u00f3 geram renda atualmente para pagarem d\u00edvidas. N\u00e3o h\u00e1 mais investimentos\u201d, lamentou o secret\u00e1rio.<br \/>\nConforme relatou, do or\u00e7amento de R$ 6,6 bilh\u00f5es de Porto Alegre, apenas 30% adv\u00e9m de recursos pr\u00f3prios, o restante depende de repasses como transfer\u00eancias da Uni\u00e3o e participa\u00e7\u00e3o no IPVA e no ICMS, os quais sofreram forte queda provocada pela retra\u00e7\u00e3o da economia.<br \/>\n<span class=\"intertit\">Precat\u00f3rios<\/span><br \/>\nBusatto assinalou ainda que a Prefeitura tem dois gargalos que n\u00e3o est\u00e3o contabilizados. Ele diz que somente dois credores ter\u00e3o de receber R$ 200 milh\u00f5es cada um at\u00e9 2020, totalizando 400 milh\u00f5es, por conta uma \u00fanica a\u00e7\u00e3o de desapropria\u00e7\u00e3o no Morro do Osso que vinha sendo contestada na Justi\u00e7a desde 1994. Outros R$ 59 milh\u00f5es est\u00e3o vencidos desde 2014.<br \/>\nO outro rombo diz respeito \u00e0 previd\u00eancia dos municip\u00e1rios. O secret\u00e1rio alertou que existe R$ 1,3 bilh\u00e3o aplicados via Previmpa para o regime novo.<br \/>\nEntretanto, os c\u00e1lculos atuariais n\u00e3o est\u00e3o ocorrendo como deveriam e a prefeitura ter\u00e1 de aportar R$ 643 milh\u00f5es para honrar a sua parte. Sem falar no quadro de aposentados e pensionistas que j\u00e1 recebem pelo regime antigo.<br \/>\n\u201cA Prefeitura ter\u00e1 de pagar todas essas contas at\u00e9 a morte desses aposentados e de seus pensionistas. N\u00f3s n\u00e3o fizemos os c\u00e1lculos para saber quando essa conta vai estourar, mas vai\u201d, avisou.<br \/>\nDa parte dos vereadores, Mauro Zacher (PDT) disse que est\u00e1 preocupado com a retra\u00e7\u00e3o da economia, pois os munic\u00edpios est\u00e3o sob forte press\u00e3o e depenados economicamente pela pol\u00edtica econ\u00f4mica do governo. Ele questionou como a Prefeitura ir\u00e1 resolver o tema do teto salarial dentro do munic\u00edpio. Sofia Cavedon (PT) refor\u00e7ou sua contrariedade \u00e0 cria\u00e7\u00e3o de in\u00fameras secretarias desde a administra\u00e7\u00e3o anterior e afirmou que n\u00e3o v\u00ea sentido nos quase 80 cargos comissionados mantidos na Carris e na EPTC, uma vez que as duas empresas contam com quadro t\u00e9cnico consolidado.<br \/>\nFernanda Melchionna (PSOL), autora do requerimento, sugeriu ao secret\u00e1rio acionar a Justi\u00e7a para recuperar os repasses da sa\u00fade retidos pelo governo estadual e rever as isen\u00e7\u00f5es de ISSQN e de IPTU para alguns segmentos econ\u00f4micos.<br \/>\nAirto Ferronato (PSB) opinou que \u00e9 obriga\u00e7\u00e3o da administra\u00e7\u00e3o p\u00fablica buscar o dinheiro p\u00fablico roubado em isen\u00e7\u00f5es concedidas irregularmente em contratos de idoneidade duvidosa.<br \/>\nFelipe Camozzato disse que a crise de receita \u00e9 desculpa de empres\u00e1rio incompetente e que para o ente p\u00fablico vale a mesma premissa.\u00a0Defensor do estado m\u00ednimo, o vereador resume a crise do munic\u00edpio \u00e0 inger\u00eancia do estado na economia. Para ele, a Prefeitura de Porto Alegre realizou despesas de maneira irrespons\u00e1vel ao longo dos diversos governos.<br \/>\nA professora de finan\u00e7as p\u00fablicas, Rosa Chieza, representante do Observat\u00f3rio Social, rebateu Camozzato.<br \/>\n\u201cSe houver uma epidemia de doen\u00e7a infecciosa na cidade, o munic\u00edpio ter\u00e1 de pagar o tratamento a todos os infectados e isto gera uma despesa que ter\u00e1 de ser necessariamente realizada. Uma empresa privada n\u00e3o tem nada a ver com isto e n\u00e3o \u00e9 atingida\u201d, argumentou a professora.<br \/>\nA iniciativa privada n\u00e3o realiza gest\u00e3o de sa\u00fade p\u00fablica, completou a professora.<br \/>\nTamb\u00e9m participaram da audi\u00eancia p\u00fablica os vereadores Cl\u00e1udio Janta (SD), Dr. Thiago (DEM), Jo\u00e3o Carlos Nedel (PP), representantes das Secretaria do Planejamento, Gest\u00e3o e Controladoria do Munic\u00edpio. O presidente da Cefor, Idenir Cecchim (PMDB), coordenou a audi\u00eancia p\u00fablica.<br \/>\n(Com informa\u00e7\u00f5es da Assessoria de Imprensa))<\/p>\n","protected":false},"excerpt":{"rendered":"<p>O secret\u00e1rio municipal da Fazenda, Leonardo Busatto, atribuiu ao descumprimento da lei de responsabilidade fiscal pela Uni\u00e3o e a crise econ\u00f4mica do pa\u00eds, pelo caos nas contas p\u00fablicas, de maneira geral. Em Porto Alegre, informou, as receitas municipais ca\u00edram R$ 60 milh\u00f5es em rela\u00e7\u00e3o a 2015 (0,9%) e as despesas cresceram 10% em termos nominais. [&hellip;]<\/p>\n","protected":false},"author":4,"featured_media":44927,"comment_status":"open","ping_status":"closed","sticky":false,"template":"","format":"standard","meta":{"_jetpack_newsletter_access":"","_jetpack_dont_email_post_to_subs":false,"_jetpack_newsletter_tier_id":0,"_jetpack_memberships_contains_paywalled_content":false,"_jetpack_feature_clip_id":0,"_jetpack_memberships_contains_paid_content":false,"footnotes":"","jetpack_post_was_ever_published":false},"categories":[26],"tags":[],"class_list":["post-44958","post","type-post","status-publish","format-standard","has-post-thumbnail","hentry","category-geral"],"aioseo_notices":[],"aioseo_head":"\n\t\t<!-- All in One SEO 5.0.1.1 - aioseo.com -->\n\t<meta name=\"robots\" content=\"max-image-preview:large\" \/>\n\t<meta name=\"author\" content=\"da Reda\u00e7\u00e3o\"\/>\n\t<link rel=\"canonical\" href=\"https:\/\/www.jornalja.com.br\/arquivo\/aperto-pode-levar-a-demissoes-na-prefeitura-adverte-secretario\/\" \/>\n\t<meta name=\"generator\" content=\"All in One SEO (AIOSEO) 5.0.1.1\" \/>\n\t\t<meta property=\"og:locale\" content=\"pt_BR\" \/>\n\t\t<meta property=\"og:site_name\" content=\"Arquivo | Jornal J\u00c1 | Porto Alegre\" \/>\n\t\t<meta property=\"og:type\" content=\"article\" \/>\n\t\t<meta property=\"og:title\" content=\"Aperto pode levar a demiss\u00f5es na prefeitura, adverte secret\u00e1rio | Arquivo\" \/>\n\t\t<meta property=\"og:url\" content=\"https:\/\/www.jornalja.com.br\/arquivo\/aperto-pode-levar-a-demissoes-na-prefeitura-adverte-secretario\/\" \/>\n\t\t<meta property=\"og:image\" content=\"https:\/\/www.jornalja.com.br\/economics\/wp-content\/uploads\/sites\/11\/2026\/08\/ja-folhaderosto-facebook.jpg\" \/>\n\t\t<meta property=\"og:image:secure_url\" content=\"https:\/\/www.jornalja.com.br\/economics\/wp-content\/uploads\/sites\/11\/2026\/08\/ja-folhaderosto-facebook.jpg\" \/>\n\t\t<meta property=\"article:published_time\" content=\"2017-02-21T22:09:08+00:00\" \/>\n\t\t<meta property=\"article:modified_time\" content=\"2017-02-21T22:09:08+00:00\" \/>\n\t\t<meta name=\"twitter:card\" content=\"summary\" \/>\n\t\t<meta name=\"twitter:title\" content=\"Aperto pode levar a demiss\u00f5es na prefeitura, adverte secret\u00e1rio | Arquivo\" \/>\n\t\t<meta name=\"twitter:image\" content=\"https:\/\/www.jornalja.com.br\/economics\/wp-content\/uploads\/sites\/11\/2026\/08\/ja-folhaderosto-facebook.jpg\" \/>\n\t\t<script type=\"application\/ld+json\" class=\"aioseo-schema\">\n\t\t\t{\"@context\":\"https:\\\/\\\/schema.org\",\"@graph\":[{\"@type\":\"BlogPosting\",\"@id\":\"https:\\\/\\\/www.jornalja.com.br\\\/arquivo\\\/aperto-pode-levar-a-demissoes-na-prefeitura-adverte-secretario\\\/#blogposting\",\"name\":\"Aperto pode levar a demiss\\u00f5es na prefeitura, adverte secret\\u00e1rio | Arquivo\",\"headline\":\"Aperto pode levar a demiss\\u00f5es na prefeitura, adverte secret\\u00e1rio\",\"author\":{\"@id\":\"https:\\\/\\\/www.jornalja.com.br\\\/arquivo\\\/author\\\/daredacao\\\/#author\"},\"publisher\":{\"@id\":\"https:\\\/\\\/www.jornalja.com.br\\\/arquivo\\\/#organization\"},\"image\":{\"@type\":\"ImageObject\",\"url\":44927},\"datePublished\":\"2017-02-21T19:09:08-03:00\",\"dateModified\":\"2017-02-21T19:09:08-03:00\",\"inLanguage\":\"pt-BR\",\"mainEntityOfPage\":{\"@id\":\"https:\\\/\\\/www.jornalja.com.br\\\/arquivo\\\/aperto-pode-levar-a-demissoes-na-prefeitura-adverte-secretario\\\/#webpage\"},\"isPartOf\":{\"@id\":\"https:\\\/\\\/www.jornalja.com.br\\\/arquivo\\\/aperto-pode-levar-a-demissoes-na-prefeitura-adverte-secretario\\\/#webpage\"},\"articleSection\":\"Geral\"},{\"@type\":\"BreadcrumbList\",\"@id\":\"https:\\\/\\\/www.jornalja.com.br\\\/arquivo\\\/aperto-pode-levar-a-demissoes-na-prefeitura-adverte-secretario\\\/#breadcrumblist\",\"itemListElement\":[{\"@type\":\"ListItem\",\"@id\":\"https:\\\/\\\/www.jornalja.com.br\\\/arquivo#listItem\",\"position\":1,\"name\":\"Home\",\"item\":\"https:\\\/\\\/www.jornalja.com.br\\\/arquivo\",\"nextItem\":{\"@type\":\"ListItem\",\"@id\":\"https:\\\/\\\/www.jornalja.com.br\\\/arquivo\\\/category\\\/geral\\\/#listItem\",\"name\":\"Geral\"}},{\"@type\":\"ListItem\",\"@id\":\"https:\\\/\\\/www.jornalja.com.br\\\/arquivo\\\/category\\\/geral\\\/#listItem\",\"position\":2,\"name\":\"Geral\",\"item\":\"https:\\\/\\\/www.jornalja.com.br\\\/arquivo\\\/category\\\/geral\\\/\",\"nextItem\":{\"@type\":\"ListItem\",\"@id\":\"https:\\\/\\\/www.jornalja.com.br\\\/arquivo\\\/aperto-pode-levar-a-demissoes-na-prefeitura-adverte-secretario\\\/#listItem\",\"name\":\"Aperto pode levar a demiss\\u00f5es na prefeitura, adverte secret\\u00e1rio\"},\"previousItem\":{\"@type\":\"ListItem\",\"@id\":\"https:\\\/\\\/www.jornalja.com.br\\\/arquivo#listItem\",\"name\":\"Home\"}},{\"@type\":\"ListItem\",\"@id\":\"https:\\\/\\\/www.jornalja.com.br\\\/arquivo\\\/aperto-pode-levar-a-demissoes-na-prefeitura-adverte-secretario\\\/#listItem\",\"position\":3,\"name\":\"Aperto pode levar a demiss\\u00f5es na prefeitura, adverte secret\\u00e1rio\",\"previousItem\":{\"@type\":\"ListItem\",\"@id\":\"https:\\\/\\\/www.jornalja.com.br\\\/arquivo\\\/category\\\/geral\\\/#listItem\",\"name\":\"Geral\"}}]},{\"@type\":\"Organization\",\"@id\":\"https:\\\/\\\/www.jornalja.com.br\\\/arquivo\\\/#organization\",\"name\":\"Jornal J\\u00c1\",\"description\":\"Jornal J\\u00c1 | Porto Alegre\",\"url\":\"https:\\\/\\\/www.jornalja.com.br\\\/arquivo\\\/\",\"telephone\":\"+555133307272\",\"logo\":{\"@type\":\"ImageObject\",\"url\":\"https:\\\/\\\/www.jornalja.com.br\\\/wp-content\\\/uploads\\\/cards\\\/JAslogan.png\",\"@id\":\"https:\\\/\\\/www.jornalja.com.br\\\/arquivo\\\/aperto-pode-levar-a-demissoes-na-prefeitura-adverte-secretario\\\/#organizationLogo\"},\"image\":{\"@id\":\"https:\\\/\\\/www.jornalja.com.br\\\/arquivo\\\/aperto-pode-levar-a-demissoes-na-prefeitura-adverte-secretario\\\/#organizationLogo\"}},{\"@type\":\"Person\",\"@id\":\"https:\\\/\\\/www.jornalja.com.br\\\/arquivo\\\/author\\\/daredacao\\\/#author\",\"url\":\"https:\\\/\\\/www.jornalja.com.br\\\/arquivo\\\/author\\\/daredacao\\\/\",\"name\":\"da Reda\\u00e7\\u00e3o\",\"image\":{\"@type\":\"ImageObject\",\"@id\":\"https:\\\/\\\/www.jornalja.com.br\\\/arquivo\\\/aperto-pode-levar-a-demissoes-na-prefeitura-adverte-secretario\\\/#authorImage\",\"url\":\"https:\\\/\\\/secure.gravatar.com\\\/avatar\\\/469fd857d6605ad19919d27ed29d35a968a25f6e8fd9318356bbb7f57aae9c65?s=96&d=mm&r=g\",\"width\":96,\"height\":96,\"caption\":\"da Reda\\u00e7\\u00e3o\"}},{\"@type\":\"WebPage\",\"@id\":\"https:\\\/\\\/www.jornalja.com.br\\\/arquivo\\\/aperto-pode-levar-a-demissoes-na-prefeitura-adverte-secretario\\\/#webpage\",\"url\":\"https:\\\/\\\/www.jornalja.com.br\\\/arquivo\\\/aperto-pode-levar-a-demissoes-na-prefeitura-adverte-secretario\\\/\",\"name\":\"Aperto pode levar a demiss\\u00f5es na prefeitura, adverte secret\\u00e1rio | Arquivo\",\"inLanguage\":\"pt-BR\",\"isPartOf\":{\"@id\":\"https:\\\/\\\/www.jornalja.com.br\\\/arquivo\\\/#website\"},\"breadcrumb\":{\"@id\":\"https:\\\/\\\/www.jornalja.com.br\\\/arquivo\\\/aperto-pode-levar-a-demissoes-na-prefeitura-adverte-secretario\\\/#breadcrumblist\"},\"author\":{\"@id\":\"https:\\\/\\\/www.jornalja.com.br\\\/arquivo\\\/author\\\/daredacao\\\/#author\"},\"creator\":{\"@id\":\"https:\\\/\\\/www.jornalja.com.br\\\/arquivo\\\/author\\\/daredacao\\\/#author\"},\"image\":{\"@type\":\"ImageObject\",\"url\":44927,\"@id\":\"https:\\\/\\\/www.jornalja.com.br\\\/arquivo\\\/aperto-pode-levar-a-demissoes-na-prefeitura-adverte-secretario\\\/#mainImage\"},\"primaryImageOfPage\":{\"@id\":\"https:\\\/\\\/www.jornalja.com.br\\\/arquivo\\\/aperto-pode-levar-a-demissoes-na-prefeitura-adverte-secretario\\\/#mainImage\"},\"datePublished\":\"2017-02-21T19:09:08-03:00\",\"dateModified\":\"2017-02-21T19:09:08-03:00\"},{\"@type\":\"WebSite\",\"@id\":\"https:\\\/\\\/www.jornalja.com.br\\\/arquivo\\\/#website\",\"url\":\"https:\\\/\\\/www.jornalja.com.br\\\/arquivo\\\/\",\"name\":\"Arquivo\",\"description\":\"Jornal J\\u00c1 | Porto Alegre\",\"inLanguage\":\"pt-BR\",\"publisher\":{\"@id\":\"https:\\\/\\\/www.jornalja.com.br\\\/arquivo\\\/#organization\"}}]}\n\t\t<\/script>\n\t\t<!-- All in One SEO -->\n\n","aioseo_head_json":{"title":"Aperto pode levar a demiss\u00f5es na prefeitura, adverte secret\u00e1rio | Arquivo","description":"","canonical_url":"https:\/\/www.jornalja.com.br\/arquivo\/aperto-pode-levar-a-demissoes-na-prefeitura-adverte-secretario\/","robots":"max-image-preview:large","keywords":"","webmasterTools":{"miscellaneous":""},"schema":{"@context":"https:\/\/schema.org","@graph":[{"@type":"BlogPosting","@id":"https:\/\/www.jornalja.com.br\/arquivo\/aperto-pode-levar-a-demissoes-na-prefeitura-adverte-secretario\/#blogposting","name":"Aperto pode levar a demiss\u00f5es na prefeitura, adverte secret\u00e1rio | Arquivo","headline":"Aperto pode levar a demiss\u00f5es na prefeitura, adverte secret\u00e1rio","author":{"@id":"https:\/\/www.jornalja.com.br\/arquivo\/author\/daredacao\/#author"},"publisher":{"@id":"https:\/\/www.jornalja.com.br\/arquivo\/#organization"},"image":{"@type":"ImageObject","url":44927},"datePublished":"2017-02-21T19:09:08-03:00","dateModified":"2017-02-21T19:09:08-03:00","inLanguage":"pt-BR","mainEntityOfPage":{"@id":"https:\/\/www.jornalja.com.br\/arquivo\/aperto-pode-levar-a-demissoes-na-prefeitura-adverte-secretario\/#webpage"},"isPartOf":{"@id":"https:\/\/www.jornalja.com.br\/arquivo\/aperto-pode-levar-a-demissoes-na-prefeitura-adverte-secretario\/#webpage"},"articleSection":"Geral"},{"@type":"BreadcrumbList","@id":"https:\/\/www.jornalja.com.br\/arquivo\/aperto-pode-levar-a-demissoes-na-prefeitura-adverte-secretario\/#breadcrumblist","itemListElement":[{"@type":"ListItem","@id":"https:\/\/www.jornalja.com.br\/arquivo#listItem","position":1,"name":"Home","item":"https:\/\/www.jornalja.com.br\/arquivo","nextItem":{"@type":"ListItem","@id":"https:\/\/www.jornalja.com.br\/arquivo\/category\/geral\/#listItem","name":"Geral"}},{"@type":"ListItem","@id":"https:\/\/www.jornalja.com.br\/arquivo\/category\/geral\/#listItem","position":2,"name":"Geral","item":"https:\/\/www.jornalja.com.br\/arquivo\/category\/geral\/","nextItem":{"@type":"ListItem","@id":"https:\/\/www.jornalja.com.br\/arquivo\/aperto-pode-levar-a-demissoes-na-prefeitura-adverte-secretario\/#listItem","name":"Aperto pode levar a demiss\u00f5es na prefeitura, adverte secret\u00e1rio"},"previousItem":{"@type":"ListItem","@id":"https:\/\/www.jornalja.com.br\/arquivo#listItem","name":"Home"}},{"@type":"ListItem","@id":"https:\/\/www.jornalja.com.br\/arquivo\/aperto-pode-levar-a-demissoes-na-prefeitura-adverte-secretario\/#listItem","position":3,"name":"Aperto pode levar a demiss\u00f5es na prefeitura, adverte secret\u00e1rio","previousItem":{"@type":"ListItem","@id":"https:\/\/www.jornalja.com.br\/arquivo\/category\/geral\/#listItem","name":"Geral"}}]},{"@type":"Organization","@id":"https:\/\/www.jornalja.com.br\/arquivo\/#organization","name":"Jornal J\u00c1","description":"Jornal J\u00c1 | Porto Alegre","url":"https:\/\/www.jornalja.com.br\/arquivo\/","telephone":"+555133307272","logo":{"@type":"ImageObject","url":"https:\/\/www.jornalja.com.br\/wp-content\/uploads\/cards\/JAslogan.png","@id":"https:\/\/www.jornalja.com.br\/arquivo\/aperto-pode-levar-a-demissoes-na-prefeitura-adverte-secretario\/#organizationLogo"},"image":{"@id":"https:\/\/www.jornalja.com.br\/arquivo\/aperto-pode-levar-a-demissoes-na-prefeitura-adverte-secretario\/#organizationLogo"}},{"@type":"Person","@id":"https:\/\/www.jornalja.com.br\/arquivo\/author\/daredacao\/#author","url":"https:\/\/www.jornalja.com.br\/arquivo\/author\/daredacao\/","name":"da Reda\u00e7\u00e3o","image":{"@type":"ImageObject","@id":"https:\/\/www.jornalja.com.br\/arquivo\/aperto-pode-levar-a-demissoes-na-prefeitura-adverte-secretario\/#authorImage","url":"https:\/\/secure.gravatar.com\/avatar\/469fd857d6605ad19919d27ed29d35a968a25f6e8fd9318356bbb7f57aae9c65?s=96&d=mm&r=g","width":96,"height":96,"caption":"da Reda\u00e7\u00e3o"}},{"@type":"WebPage","@id":"https:\/\/www.jornalja.com.br\/arquivo\/aperto-pode-levar-a-demissoes-na-prefeitura-adverte-secretario\/#webpage","url":"https:\/\/www.jornalja.com.br\/arquivo\/aperto-pode-levar-a-demissoes-na-prefeitura-adverte-secretario\/","name":"Aperto pode levar a demiss\u00f5es na prefeitura, adverte secret\u00e1rio | Arquivo","inLanguage":"pt-BR","isPartOf":{"@id":"https:\/\/www.jornalja.com.br\/arquivo\/#website"},"breadcrumb":{"@id":"https:\/\/www.jornalja.com.br\/arquivo\/aperto-pode-levar-a-demissoes-na-prefeitura-adverte-secretario\/#breadcrumblist"},"author":{"@id":"https:\/\/www.jornalja.com.br\/arquivo\/author\/daredacao\/#author"},"creator":{"@id":"https:\/\/www.jornalja.com.br\/arquivo\/author\/daredacao\/#author"},"image":{"@type":"ImageObject","url":44927,"@id":"https:\/\/www.jornalja.com.br\/arquivo\/aperto-pode-levar-a-demissoes-na-prefeitura-adverte-secretario\/#mainImage"},"primaryImageOfPage":{"@id":"https:\/\/www.jornalja.com.br\/arquivo\/aperto-pode-levar-a-demissoes-na-prefeitura-adverte-secretario\/#mainImage"},"datePublished":"2017-02-21T19:09:08-03:00","dateModified":"2017-02-21T19:09:08-03:00"},{"@type":"WebSite","@id":"https:\/\/www.jornalja.com.br\/arquivo\/#website","url":"https:\/\/www.jornalja.com.br\/arquivo\/","name":"Arquivo","description":"Jornal J\u00c1 | Porto Alegre","inLanguage":"pt-BR","publisher":{"@id":"https:\/\/www.jornalja.com.br\/arquivo\/#organization"}}]},"og:locale":"pt_BR","og:site_name":"Arquivo | Jornal J\u00c1 | Porto Alegre","og:type":"article","og:title":"Aperto pode levar a demiss\u00f5es na prefeitura, adverte secret\u00e1rio | Arquivo","og:url":"https:\/\/www.jornalja.com.br\/arquivo\/aperto-pode-levar-a-demissoes-na-prefeitura-adverte-secretario\/","og:image":"https:\/\/www.jornalja.com.br\/economics\/wp-content\/uploads\/sites\/11\/2026\/08\/ja-folhaderosto-facebook.jpg","og:image:secure_url":"https:\/\/www.jornalja.com.br\/economics\/wp-content\/uploads\/sites\/11\/2026\/08\/ja-folhaderosto-facebook.jpg","article:published_time":"2017-02-21T22:09:08+00:00","article:modified_time":"2017-02-21T22:09:08+00:00","twitter:card":"summary","twitter:title":"Aperto pode levar a demiss\u00f5es na prefeitura, adverte secret\u00e1rio | Arquivo","twitter:image":"https:\/\/www.jornalja.com.br\/economics\/wp-content\/uploads\/sites\/11\/2026\/08\/ja-folhaderosto-facebook.jpg"},"aioseo_meta_data":{"post_id":"44958","title":null,"description":null,"keywords":null,"keyphrases":null,"primary_term":null,"canonical_url":null,"og_title":null,"og_description":null,"og_object_type":"default","og_image_type":"default","og_image_url":null,"og_image_width":null,"og_image_height":null,"og_image_custom_url":null,"og_image_custom_fields":null,"og_video":null,"og_custom_url":null,"og_article_section":null,"og_article_tags":null,"twitter_use_og":false,"twitter_card":"default","twitter_image_type":"default","twitter_image_url":null,"twitter_image_custom_url":null,"twitter_image_custom_fields":null,"twitter_title":null,"twitter_description":null,"schema":{"blockGraphs":[],"customGraphs":[],"default":{"data":{"Article":[],"Course":[],"Dataset":[],"FAQPage":[],"Movie":[],"Person":[],"Product":[],"ProductReview":[],"Car":[],"Recipe":[],"Service":[],"SoftwareApplication":[],"WebPage":[]},"graphName":"","isEnabled":true},"graphs":[],"defaultGraph":"","defaultPostTypeGraph":""},"schema_type":null,"schema_type_options":null,"pillar_content":false,"robots_default":true,"robots_noindex":false,"robots_noarchive":false,"robots_nosnippet":false,"robots_nofollow":false,"robots_noimageindex":false,"robots_noodp":false,"robots_notranslate":false,"robots_max_snippet":null,"robots_max_videopreview":null,"robots_max_imagepreview":"large","priority":null,"frequency":null,"location":null,"local_seo":null,"breadcrumb_settings":null,"limit_modified_date":false,"ai":null,"created":"2020-12-20 20:40:47","updated":"2025-07-19 20:09:06","seo_analyzer_scan_date":null,"focus_keyword":null,"additional_keywords":null,"truseo_locale":null},"jetpack_sharing_enabled":true,"jetpack-related-posts":[{"id":13128,"url":"https:\/\/www.jornalja.com.br\/arquivo\/maconha-terra-diz-que-uso-medicinal-e-desculpa\/","url_meta":{"origin":44958,"position":0},"title":"Maconha: Terra diz que uso medicinal \u00e9 desculpa","author":"Patr\u00edcia Marini","date":"4 de junho de 2014","format":false,"excerpt":"A condi\u00e7\u00e3o de pol\u00edtico, em \u00e9poca de campanha de campanha eleitoral, tira for\u00e7a do discurso do m\u00e9dico Osmar Terra contra a legaliza\u00e7\u00e3o da maconha. A tese dele de que a libera\u00e7\u00e3o vai ampliar exponencialmente o consumo \u00e9 discutivel, o consumo \u00e9 corrente. Mas seus alertas quanto aos riscos tem que\u2026","rel":"","context":"Em &quot;X.Categorias velhas&quot;","block_context":{"text":"X.Categorias velhas","link":"https:\/\/www.jornalja.com.br\/arquivo\/category\/x-categorias-velhas\/"},"img":{"alt_text":"","src":"","width":0,"height":0},"classes":[]},{"id":13101,"url":"https:\/\/www.jornalja.com.br\/arquivo\/morre-um-guerreiro-do-texto\/","url_meta":{"origin":44958,"position":1},"title":"Morre um guerreiro do texto","author":"Patr\u00edcia Marini","date":"14 de maio de 2014","format":false,"excerpt":"Por Ricardo Kotscho Reproduzido do blog do autor, 11\/5\/2014; t\u00edtulo original \u201cE l\u00e1 se foi o nosso Myltainho, guerreiro do texto\u201d. Mi\u00fado e franzino, meu amigo Myltainho era um valente e inconformado guerreiro na luta contra as injusti\u00e7as sociais, a hipocrisia, as maracutaias, o autoritarismo, a intoler\u00e2ncia, a viol\u00eancia, o\u2026","rel":"","context":"Em &quot;Geral&quot;","block_context":{"text":"Geral","link":"https:\/\/www.jornalja.com.br\/arquivo\/category\/geral\/"},"img":{"alt_text":"","src":"","width":0,"height":0},"classes":[]},{"id":5440,"url":"https:\/\/www.jornalja.com.br\/arquivo\/casarao-da-venancio-destino-permanece-incerto\/","url_meta":{"origin":44958,"position":2},"title":"Estado ainda n\u00e3o sabe o que fazer com casar\u00e3o abandonado h\u00e1 20 anos","author":"Elmar Bones","date":"6 de julho de 2009","format":false,"excerpt":"O casar\u00e3o amarelo, numa esquina nobre de Porto Alegre (Ven\u00e2ncio Aires com Jo\u00e3o Pessoa), j\u00e1 abrigou uma escola. H\u00e1 duas d\u00e9cadas, pelo menos, est\u00e1 abandonado, porque seu propriet\u00e1rio, o governo do Estado do Rio Grande do Sul, n\u00e3o consegue achar um destino para ele. Planos n\u00e3o faltaram. O governador Ol\u00edvio\u2026","rel":"","context":"Em &quot;X.Categorias velhas&quot;","block_context":{"text":"X.Categorias velhas","link":"https:\/\/www.jornalja.com.br\/arquivo\/category\/x-categorias-velhas\/"},"img":{"alt_text":"geraldo1","src":"https:\/\/i0.wp.com\/www.jornalja.com.br\/wp-content\/uploads\/2009\/07\/geraldo1.jpg?resize=350%2C200&ssl=1","width":350,"height":200},"classes":[]},{"id":12960,"url":"https:\/\/www.jornalja.com.br\/arquivo\/populacao-culpa-empresas-pela-greve-dos-rodoviarios\/","url_meta":{"origin":44958,"position":3},"title":"Popula\u00e7\u00e3o culpa empresas pela greve","author":"Patr\u00edcia Marini","date":"14 de fevereiro de 2014","format":false,"excerpt":"Pesquisa divulgada na edi\u00e7\u00e3o do jornal Metro desta sexta-feira,14, comprova o velho ditado: \u00e9 poss\u00edvel enganar muitos por algum tempo, mas n\u00e3o \u00e9 poss\u00edvel enganar a todos o tempo inteiro. A principal revela\u00e7\u00e3o foi que 59,8% dos entrevistados apontaram as empresas como as principais respons\u00e1veis pela grave e 46% culparam\u2026","rel":"","context":"Em &quot;X.Categorias velhas&quot;","block_context":{"text":"X.Categorias velhas","link":"https:\/\/www.jornalja.com.br\/arquivo\/category\/x-categorias-velhas\/"},"img":{"alt_text":"","src":"","width":0,"height":0},"classes":[]},{"id":13124,"url":"https:\/\/www.jornalja.com.br\/arquivo\/sangue-latino-no-iecine\/","url_meta":{"origin":44958,"position":4},"title":"Sangue latino no IECINE","author":"da Reda\u00e7\u00e3o","date":"18 de maio de 2014","format":false,"excerpt":"Francisco Ribeiro O Instituto Estadual de Cinema (IECINE) tem a frente, desde abril \u00faltimo, um novo diretor, o cineasta colombiano Juan Zapata, 36, que substitui Luiz Alberto Cassol. Radicado h\u00e1 dez anos em Porto Alegre, Zapata tem diante de si o desafio de conduzir at\u00e9 o final do ano um\u2026","rel":"","context":"Em &quot;Cultura-Geral&quot;","block_context":{"text":"Cultura-Geral","link":"https:\/\/www.jornalja.com.br\/arquivo\/category\/materiasecundaria\/"},"img":{"alt_text":"","src":"","width":0,"height":0},"classes":[]},{"id":13240,"url":"https:\/\/www.jornalja.com.br\/arquivo\/plano-diretor-estamos-construindo-o-caos\/","url_meta":{"origin":44958,"position":5},"title":"Plano diretor: &quot;Estamos construindo o caos&quot;","author":"Patr\u00edcia Marini","date":"26 de maio de 2014","format":false,"excerpt":"Desabafo que arquiteta Eliana Castilhos, delegada da Regi\u00e3o de Planejamento 1, postou nas redes sociais \u00e9 um testemunho do ambiente que se criou no Conselho do Plano Diretor de Porto Alegre, onde a aprova\u00e7\u00e3o de grandes empreendimentos \u00e9 empurrada guela abaixo dos conselheiros. Ao CMDUA Como delegada da Regi\u00e3o de\u2026","rel":"","context":"Em &quot;Geral&quot;","block_context":{"text":"Geral","link":"https:\/\/www.jornalja.com.br\/arquivo\/category\/geral\/"},"img":{"alt_text":"","src":"","width":0,"height":0},"classes":[]}],"jetpack_shortlink":"https:\/\/wp.me\/pbQjBd-bH8","jetpack_featured_media_url":"","_links":{"self":[{"href":"https:\/\/www.jornalja.com.br\/arquivo\/wp-json\/wp\/v2\/posts\/44958","targetHints":{"allow":["GET"]}}],"collection":[{"href":"https:\/\/www.jornalja.com.br\/arquivo\/wp-json\/wp\/v2\/posts"}],"about":[{"href":"https:\/\/www.jornalja.com.br\/arquivo\/wp-json\/wp\/v2\/types\/post"}],"author":[{"embeddable":true,"href":"https:\/\/www.jornalja.com.br\/arquivo\/wp-json\/wp\/v2\/users\/4"}],"replies":[{"embeddable":true,"href":"https:\/\/www.jornalja.com.br\/arquivo\/wp-json\/wp\/v2\/comments?post=44958"}],"version-history":[{"count":0,"href":"https:\/\/www.jornalja.com.br\/arquivo\/wp-json\/wp\/v2\/posts\/44958\/revisions"}],"wp:attachment":[{"href":"https:\/\/www.jornalja.com.br\/arquivo\/wp-json\/wp\/v2\/media?parent=44958"}],"wp:term":[{"taxonomy":"category","embeddable":true,"href":"https:\/\/www.jornalja.com.br\/arquivo\/wp-json\/wp\/v2\/categories?post=44958"},{"taxonomy":"post_tag","embeddable":true,"href":"https:\/\/www.jornalja.com.br\/arquivo\/wp-json\/wp\/v2\/tags?post=44958"}],"curies":[{"name":"wp","href":"https:\/\/api.w.org\/{rel}","templated":true}]}}