{"id":44968,"date":"2017-02-22T00:01:20","date_gmt":"2017-02-22T03:01:20","guid":{"rendered":"https:\/\/www.jornalja.com.br\/?p=44968"},"modified":"2017-02-22T00:01:20","modified_gmt":"2017-02-22T03:01:20","slug":"moraes-passa-na-comissao-de-justica-apos-11-horas-de-sabatina-para-o-stf","status":"publish","type":"post","link":"https:\/\/www.jornalja.com.br\/arquivo\/moraes-passa-na-comissao-de-justica-apos-11-horas-de-sabatina-para-o-stf\/","title":{"rendered":"Moraes passa na comiss\u00e3o de justi\u00e7a ap\u00f3s 11 horas de sabatina para o STF"},"content":{"rendered":"<p><strong>Ivan Richard Esposito e Mariana Jungmann &#8211; Rep\u00f3rteres da Ag\u00eancia Brasil<\/strong><br \/>\nAp\u00f3s mais de 11 horas de sabatina, com perguntas de 40 senadores, a Comiss\u00e3o de Constitui\u00e7\u00e3o e Justi\u00e7a (CCJ) do Senado aprovou h\u00e1 pouco, por 19 votos a favor e 7 contr\u00e1rios, a indica\u00e7\u00e3o de Alexandre de Moraes, 48 anos, para ocupar vaga no Supremo Tribunal Federal (STF). A indica\u00e7\u00e3o ainda precisa ser votada pelo plen\u00e1rio da Casa, em sess\u00e3o marcada para amanh\u00e3 (22).<br \/>\nSabatina de Alexandre de Moraes na CCJ do Senado durou mais de 11 horasMarcelo Camargo\/Ag\u00eancia Brasil<br \/>\nIndicado pelo presidente Michel Temer para o lugar do ministro Teori Zavaski, morto na queda de um avi\u00e3o em janeiro, Moraes falou sobre o chamado ativismo judicial, que \u00e9 quando o Judici\u00e1rio se antecipa ao Poder Legislativo e regulamenta temas que n\u00e3o foi abordado pelo Congresso,\u00a0 como casamento <em>gay <\/em>e mudan\u00e7as no Estatuto da Crian\u00e7a e do Adolescente (ECA). Questionado sobre aborto, o indicado preferiu n\u00e3o emitir opini\u00e3o, porque disse que poder\u00e1 ser chamado a se manifestar sobre isso em a\u00e7\u00e3o corrente no Supremo, o que significaria antecipa\u00e7\u00e3o de voto.<br \/>\nA sabatina come\u00e7ou por volta das 10h com diversas quest\u00f5es de ordem da oposi\u00e7\u00e3o pedindo o adiamento da reuni\u00e3o. O presidente do colegiado, senador Edison Lob\u00e3o (PMDB-MA), negou todas. Ministro licenciado da Justi\u00e7a, Moraes chegou ao Senado acompanhado da esposa e negou que tenha advogado para uma organiza\u00e7\u00e3o criminosa de S\u00e3o Paulo.<br \/>\nMoraes negou tamb\u00e9m que tenha plagiado sua tese de p\u00f3s-doutorado de um jurista espanhol e promoteu declarar-se impedido em a\u00e7\u00f5es que envolvam o\u00a0 escrit\u00f3rio de advocacia da mulher. Sobre sua atua\u00e7\u00e3o na Corte M\u00e1xima do pa\u00eds, disse que \u201cser\u00e1 independente\u201d e que n\u00e3o considera sua indica\u00e7\u00e3o ao Supremo um \u201cagradecimento pol\u00edtico\u201d.<br \/>\nSobre o uso de pris\u00f5es preventivas, Alexandre de Moraes defendeu que as pris\u00f5es nesses casos devem durar \u201ctempo proporcional\u201d ao crime que a pessoa \u00e9 acusada. Ele evitou tomar posi\u00e7\u00e3o sobre o foro privilegiado, mas disse que o mecanismo traz problemas operacionais para a Justi\u00e7a.<br \/>\nO ministro licenciado da Justi\u00e7a defendeu ainda a regulamenta\u00e7\u00e3o do poder de investiga\u00e7\u00e3o do Minist\u00e9rio P\u00fablico e a mudan\u00e7a da Lei Org\u00e2nica Nacional da Magistratura para possibilitar penas mais severas a ju\u00edzes condenados por atos il\u00edcitos.<br \/>\nA senadora Gleisi Hoffmann se declarou impedida de votar por ser r\u00e9 na Opera\u00e7\u00e3o Lava Jato, que tramita no STF. A inten\u00e7\u00e3o, segundo a senadora, era que outros parlamentares investigados tamb\u00e9m se abstivessem, o que n\u00e3o ocorreu.<br \/>\nPara ter a nomea\u00e7\u00e3o aprovada, Alexandre de Moraes precisa ter, no m\u00ednimo, os votos favor\u00e1veis de 41 dos 81 senadores no plen\u00e1rio do Senado, em vota\u00e7\u00e3o que deve ocorrer amanh\u00e3 em sess\u00e3o extraordin\u00e1ria convocada para as 11h desta quarta-feira.<br \/>\nEdi\u00e7\u00e3o: <strong>F\u00e1bio Massalli<\/strong><br \/>\n&nbsp;<\/p>\n","protected":false},"excerpt":{"rendered":"<p>Ivan Richard Esposito e Mariana Jungmann &#8211; Rep\u00f3rteres da Ag\u00eancia Brasil Ap\u00f3s mais de 11 horas de sabatina, com perguntas de 40 senadores, a Comiss\u00e3o de Constitui\u00e7\u00e3o e Justi\u00e7a (CCJ) do Senado aprovou h\u00e1 pouco, por 19 votos a favor e 7 contr\u00e1rios, a indica\u00e7\u00e3o de Alexandre de Moraes, 48 anos, para ocupar vaga no [&hellip;]<\/p>\n","protected":false},"author":4,"featured_media":44989,"comment_status":"open","ping_status":"closed","sticky":false,"template":"","format":"standard","meta":{"_jetpack_newsletter_access":"","_jetpack_dont_email_post_to_subs":false,"_jetpack_newsletter_tier_id":0,"_jetpack_memberships_contains_paywalled_content":false,"_jetpack_feature_clip_id":0,"_jetpack_memberships_contains_paid_content":false,"footnotes":"","jetpack_post_was_ever_published":false},"categories":[26],"tags":[],"class_list":["post-44968","post","type-post","status-publish","format-standard","has-post-thumbnail","hentry","category-geral"],"aioseo_notices":[],"aioseo_head":"\n\t\t<!-- All in One SEO 5.0.1.1 - aioseo.com -->\n\t<meta name=\"robots\" content=\"max-image-preview:large\" \/>\n\t<meta name=\"author\" content=\"da Reda\u00e7\u00e3o\"\/>\n\t<link rel=\"canonical\" href=\"https:\/\/www.jornalja.com.br\/arquivo\/moraes-passa-na-comissao-de-justica-apos-11-horas-de-sabatina-para-o-stf\/\" \/>\n\t<meta name=\"generator\" content=\"All in One SEO (AIOSEO) 5.0.1.1\" \/>\n\t\t<meta property=\"og:locale\" content=\"pt_BR\" \/>\n\t\t<meta property=\"og:site_name\" content=\"Arquivo | Jornal J\u00c1 | Porto Alegre\" \/>\n\t\t<meta property=\"og:type\" content=\"article\" \/>\n\t\t<meta property=\"og:title\" content=\"Moraes passa na comiss\u00e3o de justi\u00e7a ap\u00f3s 11 horas de sabatina para o STF | Arquivo\" \/>\n\t\t<meta property=\"og:url\" content=\"https:\/\/www.jornalja.com.br\/arquivo\/moraes-passa-na-comissao-de-justica-apos-11-horas-de-sabatina-para-o-stf\/\" \/>\n\t\t<meta property=\"og:image\" content=\"https:\/\/www.jornalja.com.br\/economics\/wp-content\/uploads\/sites\/11\/2026\/08\/ja-folhaderosto-facebook.jpg\" \/>\n\t\t<meta property=\"og:image:secure_url\" content=\"https:\/\/www.jornalja.com.br\/economics\/wp-content\/uploads\/sites\/11\/2026\/08\/ja-folhaderosto-facebook.jpg\" \/>\n\t\t<meta property=\"article:published_time\" content=\"2017-02-22T03:01:20+00:00\" \/>\n\t\t<meta property=\"article:modified_time\" content=\"2017-02-22T03:01:20+00:00\" \/>\n\t\t<meta name=\"twitter:card\" content=\"summary\" \/>\n\t\t<meta name=\"twitter:title\" content=\"Moraes passa na comiss\u00e3o de justi\u00e7a ap\u00f3s 11 horas de sabatina para o STF | Arquivo\" \/>\n\t\t<meta name=\"twitter:image\" content=\"https:\/\/www.jornalja.com.br\/economics\/wp-content\/uploads\/sites\/11\/2026\/08\/ja-folhaderosto-facebook.jpg\" \/>\n\t\t<script type=\"application\/ld+json\" class=\"aioseo-schema\">\n\t\t\t{\"@context\":\"https:\\\/\\\/schema.org\",\"@graph\":[{\"@type\":\"BlogPosting\",\"@id\":\"https:\\\/\\\/www.jornalja.com.br\\\/arquivo\\\/moraes-passa-na-comissao-de-justica-apos-11-horas-de-sabatina-para-o-stf\\\/#blogposting\",\"name\":\"Moraes passa na comiss\\u00e3o de justi\\u00e7a ap\\u00f3s 11 horas de sabatina para o STF | Arquivo\",\"headline\":\"Moraes passa na comiss\\u00e3o de justi\\u00e7a ap\\u00f3s 11 horas de sabatina para o STF\",\"author\":{\"@id\":\"https:\\\/\\\/www.jornalja.com.br\\\/arquivo\\\/author\\\/daredacao\\\/#author\"},\"publisher\":{\"@id\":\"https:\\\/\\\/www.jornalja.com.br\\\/arquivo\\\/#organization\"},\"image\":{\"@type\":\"ImageObject\",\"url\":44989},\"datePublished\":\"2017-02-22T00:01:20-03:00\",\"dateModified\":\"2017-02-22T00:01:20-03:00\",\"inLanguage\":\"pt-BR\",\"mainEntityOfPage\":{\"@id\":\"https:\\\/\\\/www.jornalja.com.br\\\/arquivo\\\/moraes-passa-na-comissao-de-justica-apos-11-horas-de-sabatina-para-o-stf\\\/#webpage\"},\"isPartOf\":{\"@id\":\"https:\\\/\\\/www.jornalja.com.br\\\/arquivo\\\/moraes-passa-na-comissao-de-justica-apos-11-horas-de-sabatina-para-o-stf\\\/#webpage\"},\"articleSection\":\"Geral\"},{\"@type\":\"BreadcrumbList\",\"@id\":\"https:\\\/\\\/www.jornalja.com.br\\\/arquivo\\\/moraes-passa-na-comissao-de-justica-apos-11-horas-de-sabatina-para-o-stf\\\/#breadcrumblist\",\"itemListElement\":[{\"@type\":\"ListItem\",\"@id\":\"https:\\\/\\\/www.jornalja.com.br\\\/arquivo#listItem\",\"position\":1,\"name\":\"Home\",\"item\":\"https:\\\/\\\/www.jornalja.com.br\\\/arquivo\",\"nextItem\":{\"@type\":\"ListItem\",\"@id\":\"https:\\\/\\\/www.jornalja.com.br\\\/arquivo\\\/category\\\/geral\\\/#listItem\",\"name\":\"Geral\"}},{\"@type\":\"ListItem\",\"@id\":\"https:\\\/\\\/www.jornalja.com.br\\\/arquivo\\\/category\\\/geral\\\/#listItem\",\"position\":2,\"name\":\"Geral\",\"item\":\"https:\\\/\\\/www.jornalja.com.br\\\/arquivo\\\/category\\\/geral\\\/\",\"nextItem\":{\"@type\":\"ListItem\",\"@id\":\"https:\\\/\\\/www.jornalja.com.br\\\/arquivo\\\/moraes-passa-na-comissao-de-justica-apos-11-horas-de-sabatina-para-o-stf\\\/#listItem\",\"name\":\"Moraes passa na comiss\\u00e3o de justi\\u00e7a ap\\u00f3s 11 horas de sabatina para o STF\"},\"previousItem\":{\"@type\":\"ListItem\",\"@id\":\"https:\\\/\\\/www.jornalja.com.br\\\/arquivo#listItem\",\"name\":\"Home\"}},{\"@type\":\"ListItem\",\"@id\":\"https:\\\/\\\/www.jornalja.com.br\\\/arquivo\\\/moraes-passa-na-comissao-de-justica-apos-11-horas-de-sabatina-para-o-stf\\\/#listItem\",\"position\":3,\"name\":\"Moraes passa na comiss\\u00e3o de justi\\u00e7a ap\\u00f3s 11 horas de sabatina para o STF\",\"previousItem\":{\"@type\":\"ListItem\",\"@id\":\"https:\\\/\\\/www.jornalja.com.br\\\/arquivo\\\/category\\\/geral\\\/#listItem\",\"name\":\"Geral\"}}]},{\"@type\":\"Organization\",\"@id\":\"https:\\\/\\\/www.jornalja.com.br\\\/arquivo\\\/#organization\",\"name\":\"Jornal J\\u00c1\",\"description\":\"Jornal J\\u00c1 | Porto Alegre\",\"url\":\"https:\\\/\\\/www.jornalja.com.br\\\/arquivo\\\/\",\"telephone\":\"+555133307272\",\"logo\":{\"@type\":\"ImageObject\",\"url\":\"https:\\\/\\\/www.jornalja.com.br\\\/wp-content\\\/uploads\\\/cards\\\/JAslogan.png\",\"@id\":\"https:\\\/\\\/www.jornalja.com.br\\\/arquivo\\\/moraes-passa-na-comissao-de-justica-apos-11-horas-de-sabatina-para-o-stf\\\/#organizationLogo\"},\"image\":{\"@id\":\"https:\\\/\\\/www.jornalja.com.br\\\/arquivo\\\/moraes-passa-na-comissao-de-justica-apos-11-horas-de-sabatina-para-o-stf\\\/#organizationLogo\"}},{\"@type\":\"Person\",\"@id\":\"https:\\\/\\\/www.jornalja.com.br\\\/arquivo\\\/author\\\/daredacao\\\/#author\",\"url\":\"https:\\\/\\\/www.jornalja.com.br\\\/arquivo\\\/author\\\/daredacao\\\/\",\"name\":\"da Reda\\u00e7\\u00e3o\",\"image\":{\"@type\":\"ImageObject\",\"@id\":\"https:\\\/\\\/www.jornalja.com.br\\\/arquivo\\\/moraes-passa-na-comissao-de-justica-apos-11-horas-de-sabatina-para-o-stf\\\/#authorImage\",\"url\":\"https:\\\/\\\/secure.gravatar.com\\\/avatar\\\/469fd857d6605ad19919d27ed29d35a968a25f6e8fd9318356bbb7f57aae9c65?s=96&d=mm&r=g\",\"width\":96,\"height\":96,\"caption\":\"da Reda\\u00e7\\u00e3o\"}},{\"@type\":\"WebPage\",\"@id\":\"https:\\\/\\\/www.jornalja.com.br\\\/arquivo\\\/moraes-passa-na-comissao-de-justica-apos-11-horas-de-sabatina-para-o-stf\\\/#webpage\",\"url\":\"https:\\\/\\\/www.jornalja.com.br\\\/arquivo\\\/moraes-passa-na-comissao-de-justica-apos-11-horas-de-sabatina-para-o-stf\\\/\",\"name\":\"Moraes passa na comiss\\u00e3o de justi\\u00e7a ap\\u00f3s 11 horas de sabatina para o STF | Arquivo\",\"inLanguage\":\"pt-BR\",\"isPartOf\":{\"@id\":\"https:\\\/\\\/www.jornalja.com.br\\\/arquivo\\\/#website\"},\"breadcrumb\":{\"@id\":\"https:\\\/\\\/www.jornalja.com.br\\\/arquivo\\\/moraes-passa-na-comissao-de-justica-apos-11-horas-de-sabatina-para-o-stf\\\/#breadcrumblist\"},\"author\":{\"@id\":\"https:\\\/\\\/www.jornalja.com.br\\\/arquivo\\\/author\\\/daredacao\\\/#author\"},\"creator\":{\"@id\":\"https:\\\/\\\/www.jornalja.com.br\\\/arquivo\\\/author\\\/daredacao\\\/#author\"},\"image\":{\"@type\":\"ImageObject\",\"url\":44989,\"@id\":\"https:\\\/\\\/www.jornalja.com.br\\\/arquivo\\\/moraes-passa-na-comissao-de-justica-apos-11-horas-de-sabatina-para-o-stf\\\/#mainImage\"},\"primaryImageOfPage\":{\"@id\":\"https:\\\/\\\/www.jornalja.com.br\\\/arquivo\\\/moraes-passa-na-comissao-de-justica-apos-11-horas-de-sabatina-para-o-stf\\\/#mainImage\"},\"datePublished\":\"2017-02-22T00:01:20-03:00\",\"dateModified\":\"2017-02-22T00:01:20-03:00\"},{\"@type\":\"WebSite\",\"@id\":\"https:\\\/\\\/www.jornalja.com.br\\\/arquivo\\\/#website\",\"url\":\"https:\\\/\\\/www.jornalja.com.br\\\/arquivo\\\/\",\"name\":\"Arquivo\",\"description\":\"Jornal J\\u00c1 | Porto Alegre\",\"inLanguage\":\"pt-BR\",\"publisher\":{\"@id\":\"https:\\\/\\\/www.jornalja.com.br\\\/arquivo\\\/#organization\"}}]}\n\t\t<\/script>\n\t\t<!-- All in One SEO -->\n\n","aioseo_head_json":{"title":"Moraes passa na comiss\u00e3o de justi\u00e7a ap\u00f3s 11 horas de sabatina para o STF | Arquivo","description":"","canonical_url":"https:\/\/www.jornalja.com.br\/arquivo\/moraes-passa-na-comissao-de-justica-apos-11-horas-de-sabatina-para-o-stf\/","robots":"max-image-preview:large","keywords":"","webmasterTools":{"miscellaneous":""},"schema":{"@context":"https:\/\/schema.org","@graph":[{"@type":"BlogPosting","@id":"https:\/\/www.jornalja.com.br\/arquivo\/moraes-passa-na-comissao-de-justica-apos-11-horas-de-sabatina-para-o-stf\/#blogposting","name":"Moraes passa na comiss\u00e3o de justi\u00e7a ap\u00f3s 11 horas de sabatina para o STF | Arquivo","headline":"Moraes passa na comiss\u00e3o de justi\u00e7a ap\u00f3s 11 horas de sabatina para o STF","author":{"@id":"https:\/\/www.jornalja.com.br\/arquivo\/author\/daredacao\/#author"},"publisher":{"@id":"https:\/\/www.jornalja.com.br\/arquivo\/#organization"},"image":{"@type":"ImageObject","url":44989},"datePublished":"2017-02-22T00:01:20-03:00","dateModified":"2017-02-22T00:01:20-03:00","inLanguage":"pt-BR","mainEntityOfPage":{"@id":"https:\/\/www.jornalja.com.br\/arquivo\/moraes-passa-na-comissao-de-justica-apos-11-horas-de-sabatina-para-o-stf\/#webpage"},"isPartOf":{"@id":"https:\/\/www.jornalja.com.br\/arquivo\/moraes-passa-na-comissao-de-justica-apos-11-horas-de-sabatina-para-o-stf\/#webpage"},"articleSection":"Geral"},{"@type":"BreadcrumbList","@id":"https:\/\/www.jornalja.com.br\/arquivo\/moraes-passa-na-comissao-de-justica-apos-11-horas-de-sabatina-para-o-stf\/#breadcrumblist","itemListElement":[{"@type":"ListItem","@id":"https:\/\/www.jornalja.com.br\/arquivo#listItem","position":1,"name":"Home","item":"https:\/\/www.jornalja.com.br\/arquivo","nextItem":{"@type":"ListItem","@id":"https:\/\/www.jornalja.com.br\/arquivo\/category\/geral\/#listItem","name":"Geral"}},{"@type":"ListItem","@id":"https:\/\/www.jornalja.com.br\/arquivo\/category\/geral\/#listItem","position":2,"name":"Geral","item":"https:\/\/www.jornalja.com.br\/arquivo\/category\/geral\/","nextItem":{"@type":"ListItem","@id":"https:\/\/www.jornalja.com.br\/arquivo\/moraes-passa-na-comissao-de-justica-apos-11-horas-de-sabatina-para-o-stf\/#listItem","name":"Moraes passa na comiss\u00e3o de justi\u00e7a ap\u00f3s 11 horas de sabatina para o STF"},"previousItem":{"@type":"ListItem","@id":"https:\/\/www.jornalja.com.br\/arquivo#listItem","name":"Home"}},{"@type":"ListItem","@id":"https:\/\/www.jornalja.com.br\/arquivo\/moraes-passa-na-comissao-de-justica-apos-11-horas-de-sabatina-para-o-stf\/#listItem","position":3,"name":"Moraes passa na comiss\u00e3o de justi\u00e7a ap\u00f3s 11 horas de sabatina para o STF","previousItem":{"@type":"ListItem","@id":"https:\/\/www.jornalja.com.br\/arquivo\/category\/geral\/#listItem","name":"Geral"}}]},{"@type":"Organization","@id":"https:\/\/www.jornalja.com.br\/arquivo\/#organization","name":"Jornal J\u00c1","description":"Jornal J\u00c1 | Porto Alegre","url":"https:\/\/www.jornalja.com.br\/arquivo\/","telephone":"+555133307272","logo":{"@type":"ImageObject","url":"https:\/\/www.jornalja.com.br\/wp-content\/uploads\/cards\/JAslogan.png","@id":"https:\/\/www.jornalja.com.br\/arquivo\/moraes-passa-na-comissao-de-justica-apos-11-horas-de-sabatina-para-o-stf\/#organizationLogo"},"image":{"@id":"https:\/\/www.jornalja.com.br\/arquivo\/moraes-passa-na-comissao-de-justica-apos-11-horas-de-sabatina-para-o-stf\/#organizationLogo"}},{"@type":"Person","@id":"https:\/\/www.jornalja.com.br\/arquivo\/author\/daredacao\/#author","url":"https:\/\/www.jornalja.com.br\/arquivo\/author\/daredacao\/","name":"da Reda\u00e7\u00e3o","image":{"@type":"ImageObject","@id":"https:\/\/www.jornalja.com.br\/arquivo\/moraes-passa-na-comissao-de-justica-apos-11-horas-de-sabatina-para-o-stf\/#authorImage","url":"https:\/\/secure.gravatar.com\/avatar\/469fd857d6605ad19919d27ed29d35a968a25f6e8fd9318356bbb7f57aae9c65?s=96&d=mm&r=g","width":96,"height":96,"caption":"da Reda\u00e7\u00e3o"}},{"@type":"WebPage","@id":"https:\/\/www.jornalja.com.br\/arquivo\/moraes-passa-na-comissao-de-justica-apos-11-horas-de-sabatina-para-o-stf\/#webpage","url":"https:\/\/www.jornalja.com.br\/arquivo\/moraes-passa-na-comissao-de-justica-apos-11-horas-de-sabatina-para-o-stf\/","name":"Moraes passa na comiss\u00e3o de justi\u00e7a ap\u00f3s 11 horas de sabatina para o STF | Arquivo","inLanguage":"pt-BR","isPartOf":{"@id":"https:\/\/www.jornalja.com.br\/arquivo\/#website"},"breadcrumb":{"@id":"https:\/\/www.jornalja.com.br\/arquivo\/moraes-passa-na-comissao-de-justica-apos-11-horas-de-sabatina-para-o-stf\/#breadcrumblist"},"author":{"@id":"https:\/\/www.jornalja.com.br\/arquivo\/author\/daredacao\/#author"},"creator":{"@id":"https:\/\/www.jornalja.com.br\/arquivo\/author\/daredacao\/#author"},"image":{"@type":"ImageObject","url":44989,"@id":"https:\/\/www.jornalja.com.br\/arquivo\/moraes-passa-na-comissao-de-justica-apos-11-horas-de-sabatina-para-o-stf\/#mainImage"},"primaryImageOfPage":{"@id":"https:\/\/www.jornalja.com.br\/arquivo\/moraes-passa-na-comissao-de-justica-apos-11-horas-de-sabatina-para-o-stf\/#mainImage"},"datePublished":"2017-02-22T00:01:20-03:00","dateModified":"2017-02-22T00:01:20-03:00"},{"@type":"WebSite","@id":"https:\/\/www.jornalja.com.br\/arquivo\/#website","url":"https:\/\/www.jornalja.com.br\/arquivo\/","name":"Arquivo","description":"Jornal J\u00c1 | Porto Alegre","inLanguage":"pt-BR","publisher":{"@id":"https:\/\/www.jornalja.com.br\/arquivo\/#organization"}}]},"og:locale":"pt_BR","og:site_name":"Arquivo | Jornal J\u00c1 | Porto Alegre","og:type":"article","og:title":"Moraes passa na comiss\u00e3o de justi\u00e7a ap\u00f3s 11 horas de sabatina para o STF | Arquivo","og:url":"https:\/\/www.jornalja.com.br\/arquivo\/moraes-passa-na-comissao-de-justica-apos-11-horas-de-sabatina-para-o-stf\/","og:image":"https:\/\/www.jornalja.com.br\/economics\/wp-content\/uploads\/sites\/11\/2026\/08\/ja-folhaderosto-facebook.jpg","og:image:secure_url":"https:\/\/www.jornalja.com.br\/economics\/wp-content\/uploads\/sites\/11\/2026\/08\/ja-folhaderosto-facebook.jpg","article:published_time":"2017-02-22T03:01:20+00:00","article:modified_time":"2017-02-22T03:01:20+00:00","twitter:card":"summary","twitter:title":"Moraes passa na comiss\u00e3o de justi\u00e7a ap\u00f3s 11 horas de sabatina para o STF | Arquivo","twitter:image":"https:\/\/www.jornalja.com.br\/economics\/wp-content\/uploads\/sites\/11\/2026\/08\/ja-folhaderosto-facebook.jpg"},"aioseo_meta_data":{"post_id":"44968","title":null,"description":null,"keywords":null,"keyphrases":null,"primary_term":null,"canonical_url":null,"og_title":null,"og_description":null,"og_object_type":"default","og_image_type":"default","og_image_url":null,"og_image_width":null,"og_image_height":null,"og_image_custom_url":null,"og_image_custom_fields":null,"og_video":null,"og_custom_url":null,"og_article_section":null,"og_article_tags":null,"twitter_use_og":false,"twitter_card":"default","twitter_image_type":"default","twitter_image_url":null,"twitter_image_custom_url":null,"twitter_image_custom_fields":null,"twitter_title":null,"twitter_description":null,"schema":{"blockGraphs":[],"customGraphs":[],"default":{"data":{"Article":[],"Course":[],"Dataset":[],"FAQPage":[],"Movie":[],"Person":[],"Product":[],"ProductReview":[],"Car":[],"Recipe":[],"Service":[],"SoftwareApplication":[],"WebPage":[]},"graphName":"","isEnabled":true},"graphs":[]},"schema_type":null,"schema_type_options":null,"pillar_content":false,"robots_default":true,"robots_noindex":false,"robots_noarchive":false,"robots_nosnippet":false,"robots_nofollow":false,"robots_noimageindex":false,"robots_noodp":false,"robots_notranslate":false,"robots_max_snippet":null,"robots_max_videopreview":null,"robots_max_imagepreview":"large","priority":null,"frequency":null,"location":null,"local_seo":null,"breadcrumb_settings":null,"limit_modified_date":false,"ai":null,"created":"2020-12-20 20:40:47","updated":"2025-07-19 20:09:50","seo_analyzer_scan_date":null,"focus_keyword":null,"additional_keywords":null,"truseo_locale":null},"jetpack_sharing_enabled":true,"jetpack-related-posts":[{"id":13239,"url":"https:\/\/www.jornalja.com.br\/arquivo\/conselho-desdenha-do-plano-diretor\/","url_meta":{"origin":44968,"position":0},"title":"Porto Alegre: Conselho detona Plano Diretor","author":"Patr\u00edcia Marini","date":"25 de maio de 2014","format":false,"excerpt":"Den\u00fancia do arquiteto e \u00a0urbanista Ibir\u00e1 Santos Lucas. Ele diz que os conselheiros est\u00e3o votando com \"enorme irresponsabilidade\". \"Mudam regime com a maior naturalidade,,,regularizam absurdos de constru\u00e7\u00f5es irregulares... \"O CMDUA est\u00e1 flexibilizando a lei do plano diretor, de uma forma impactante na vida da cidade. Mudam regime com a maior\u2026","rel":"","context":"Em &quot;Geral&quot;","block_context":{"text":"Geral","link":"https:\/\/www.jornalja.com.br\/arquivo\/category\/geral\/"},"img":{"alt_text":"","src":"","width":0,"height":0},"classes":[]},{"id":13109,"url":"https:\/\/www.jornalja.com.br\/arquivo\/judiciario-reconhece-poluicao-eletromagnetica\/","url_meta":{"origin":44968,"position":1},"title":"Judici\u00e1rio reconhece polui\u00e7\u00e3o eletromagn\u00e9tica","author":"Patr\u00edcia Marini","date":"16 de maio de 2014","format":false,"excerpt":"A\u00e7\u00e3o de duas associa\u00e7\u00f5es de moradores foi acolhida pelo Tribunal de Justi\u00e7a de S\u00e3o Paulo que. em decis\u00e3o in\u00e9dita, determinou a redu\u00e7\u00e3o do campo eletromagn\u00e9tico gerado pelas linhas de transmiss\u00e3o de energia que cortam os bairros City Boa\u00e7ava e Alto de Pinheiros. \u00c9 a primeira vez que um tribunal do\u2026","rel":"","context":"Em &quot;X.Categorias velhas&quot;","block_context":{"text":"X.Categorias velhas","link":"https:\/\/www.jornalja.com.br\/arquivo\/category\/x-categorias-velhas\/"},"img":{"alt_text":"","src":"","width":0,"height":0},"classes":[]},{"id":13101,"url":"https:\/\/www.jornalja.com.br\/arquivo\/morre-um-guerreiro-do-texto\/","url_meta":{"origin":44968,"position":2},"title":"Morre um guerreiro do texto","author":"Patr\u00edcia Marini","date":"14 de maio de 2014","format":false,"excerpt":"Por Ricardo Kotscho Reproduzido do blog do autor, 11\/5\/2014; t\u00edtulo original \u201cE l\u00e1 se foi o nosso Myltainho, guerreiro do texto\u201d. Mi\u00fado e franzino, meu amigo Myltainho era um valente e inconformado guerreiro na luta contra as injusti\u00e7as sociais, a hipocrisia, as maracutaias, o autoritarismo, a intoler\u00e2ncia, a viol\u00eancia, o\u2026","rel":"","context":"Em &quot;Geral&quot;","block_context":{"text":"Geral","link":"https:\/\/www.jornalja.com.br\/arquivo\/category\/geral\/"},"img":{"alt_text":"","src":"","width":0,"height":0},"classes":[]},{"id":13240,"url":"https:\/\/www.jornalja.com.br\/arquivo\/plano-diretor-estamos-construindo-o-caos\/","url_meta":{"origin":44968,"position":3},"title":"Plano diretor: &quot;Estamos construindo o caos&quot;","author":"Patr\u00edcia Marini","date":"26 de maio de 2014","format":false,"excerpt":"Desabafo que arquiteta Eliana Castilhos, delegada da Regi\u00e3o de Planejamento 1, postou nas redes sociais \u00e9 um testemunho do ambiente que se criou no Conselho do Plano Diretor de Porto Alegre, onde a aprova\u00e7\u00e3o de grandes empreendimentos \u00e9 empurrada guela abaixo dos conselheiros. Ao CMDUA Como delegada da Regi\u00e3o de\u2026","rel":"","context":"Em &quot;Geral&quot;","block_context":{"text":"Geral","link":"https:\/\/www.jornalja.com.br\/arquivo\/category\/geral\/"},"img":{"alt_text":"","src":"","width":0,"height":0},"classes":[]},{"id":13124,"url":"https:\/\/www.jornalja.com.br\/arquivo\/sangue-latino-no-iecine\/","url_meta":{"origin":44968,"position":4},"title":"Sangue latino no IECINE","author":"da Reda\u00e7\u00e3o","date":"18 de maio de 2014","format":false,"excerpt":"Francisco Ribeiro O Instituto Estadual de Cinema (IECINE) tem a frente, desde abril \u00faltimo, um novo diretor, o cineasta colombiano Juan Zapata, 36, que substitui Luiz Alberto Cassol. Radicado h\u00e1 dez anos em Porto Alegre, Zapata tem diante de si o desafio de conduzir at\u00e9 o final do ano um\u2026","rel":"","context":"Em &quot;Cultura-Geral&quot;","block_context":{"text":"Cultura-Geral","link":"https:\/\/www.jornalja.com.br\/arquivo\/category\/materiasecundaria\/"},"img":{"alt_text":"","src":"","width":0,"height":0},"classes":[]}],"jetpack_shortlink":"https:\/\/wp.me\/pbQjBd-bHi","jetpack_featured_media_url":"","_links":{"self":[{"href":"https:\/\/www.jornalja.com.br\/arquivo\/wp-json\/wp\/v2\/posts\/44968","targetHints":{"allow":["GET"]}}],"collection":[{"href":"https:\/\/www.jornalja.com.br\/arquivo\/wp-json\/wp\/v2\/posts"}],"about":[{"href":"https:\/\/www.jornalja.com.br\/arquivo\/wp-json\/wp\/v2\/types\/post"}],"author":[{"embeddable":true,"href":"https:\/\/www.jornalja.com.br\/arquivo\/wp-json\/wp\/v2\/users\/4"}],"replies":[{"embeddable":true,"href":"https:\/\/www.jornalja.com.br\/arquivo\/wp-json\/wp\/v2\/comments?post=44968"}],"version-history":[{"count":0,"href":"https:\/\/www.jornalja.com.br\/arquivo\/wp-json\/wp\/v2\/posts\/44968\/revisions"}],"wp:attachment":[{"href":"https:\/\/www.jornalja.com.br\/arquivo\/wp-json\/wp\/v2\/media?parent=44968"}],"wp:term":[{"taxonomy":"category","embeddable":true,"href":"https:\/\/www.jornalja.com.br\/arquivo\/wp-json\/wp\/v2\/categories?post=44968"},{"taxonomy":"post_tag","embeddable":true,"href":"https:\/\/www.jornalja.com.br\/arquivo\/wp-json\/wp\/v2\/tags?post=44968"}],"curies":[{"name":"wp","href":"https:\/\/api.w.org\/{rel}","templated":true}]}}