{"id":44987,"date":"2017-02-22T22:47:01","date_gmt":"2017-02-23T01:47:01","guid":{"rendered":"https:\/\/www.jornalja.com.br\/?p=44987"},"modified":"2017-02-22T22:47:01","modified_gmt":"2017-02-23T01:47:01","slug":"se-o-plano-era-fugir-no-carnaval-a-obra-estava-atrasada","status":"publish","type":"post","link":"https:\/\/www.jornalja.com.br\/arquivo\/se-o-plano-era-fugir-no-carnaval-a-obra-estava-atrasada\/","title":{"rendered":"Plano era fugir no carnaval, a obra estava atrasada"},"content":{"rendered":"<p>Um plano de fuga em massa do Pres\u00eddio Central de Porto Alegre foi frustrado pela pol\u00edcia civil nesta quarta-feira.<br \/>\nFoi descoberto um t\u00fanel de 47 metros, partindo de uma casa da rua Jorge Lu\u00eds Domingues, n\u00famero 15, a \u00a0cem metros do pres\u00eddio.\u00a0A fuga vinha sendo preparada h\u00e1 tr\u00eas meses. A pol\u00edcia investigava o caso h\u00e1 pelo menos um m\u00eas.<br \/>\nAgentes da 3\u00aa Delegacia e do Denarc invadiram a casa na manh\u00e3 desta quarta-feira..<br \/>\nO secret\u00e1rio de Seguran\u00e7a, Cezar Schirmer, foi ao local e fez elogios \u00e0 pol\u00edcia. Na v\u00e9spera, ele disse em entrevista que &#8220;na guerra do tr\u00e1fico, infelizmente os bandidos est\u00e3o se matando entre eles&#8221;.<br \/>\nO plano do t\u00fanel, com venda de vagas para outros que pudessem comprar, pode indicar outra coisa.<br \/>\nA passagem subterr\u00e2nea tinha cerca de um metro e meio de altura por pouco mais de \u00a0meio metro de largura., ilumina\u00e7\u00e3o, ventila\u00e7\u00e3o e equipamentos para escava\u00e7\u00e3o.<br \/>\nDe acordo com a Pol\u00edcia Civil, o t\u00fanel foi encomendado por uma fac\u00e7\u00e3o criminosa, para possibilitar a fuga de pelo menos 200 presos, mas estariam sendo negociadas fugas de outros presos. Uma \u00a0fonte que esteve l\u00e1 disse ao J\u00e1 que no Pavilh\u00e3o B predominam os Manos.<br \/>\nPela investiga\u00e7\u00e3o, a casa foi alugada h\u00e1 aproximadamente tr\u00eas meses para servir de fachada para a obra.<br \/>\nNo local foram \u00a0presos sete homens, que trabalhavam como pedreiros, recebendo cerca de mil reais por semana, e uma mulher, cuja participa\u00e7\u00e3o ainda n\u00e3o foi revelada.<br \/>\nAlertada por moradores, que desconfiaram do movimento, \u00a0a Pol\u00edcia Civil monitorava a atividades no local, com campanas.<br \/>\nNos \u00faltimos dias, a movimenta\u00e7\u00e3o havia mudado um pouco e chegaram eletrodom\u00e9sticos \u00e0 casa. A investiga\u00e7\u00e3o est\u00e1 incompleta, mas o momento era prop\u00edcio para o &#8220;bote&#8221;.<br \/>\nOs delegados afirmaram que o plano dos criminosos era intensificar os trabalhos para viabilizar a fuga no carnaval.<br \/>\nMesmo que esse fosse o plano, dificilmente seria poss\u00edvel concluir o t\u00fanel at\u00e9 o carnaval, que come\u00e7a sexta-feira.<br \/>\nN\u00e3o se sabe com precis\u00e3o quando come\u00e7ou a obra. Foram escavados 47 metros de t\u00fanel, faltaria portanto mais da metade, para chegar at\u00e9 o pavilh\u00e3o B, onde ficam os \u00a0Manos que teriam encomendado a obra.<br \/>\nAl\u00e9m dos 63 metros para chegar at\u00e9 o pres\u00eddio, no caminho tinha um muro com alicerce de oito metros de profundidade. O t\u00fanel avan\u00e7ava a tr\u00eas metros e oitenta da superf\u00edcie.<br \/>\nA pol\u00edcia estimou que os bandidos investiram R$ 1 milh\u00e3o na obra, incluindo a compra da casa, o muro alto que foi feito ao redor, e as paredes internas que foram trocadas para justificar a movimenta\u00e7\u00e3o de material.<br \/>\n.ATUALIZA\u00c7\u00c3O: Entrevista na manh\u00e3 desta quinta-feira, o delegado Mario Souza, do Denarc explicou que seria realmente poss\u00edvel concluir o t\u00fanel at\u00e9 o carnaval, pois a obra havia vencido o trecho mais dif\u00edcil e o que restava era terreno mais f\u00e1cil de escavar. Al\u00e9m disso, a equipe que fazia o trabalho havia sido refor\u00e7ada \u00a0nos \u00faltimos dias.<br \/>\n&nbsp;<br \/>\n&nbsp;<\/p>\n","protected":false},"excerpt":{"rendered":"<p>Um plano de fuga em massa do Pres\u00eddio Central de Porto Alegre foi frustrado pela pol\u00edcia civil nesta quarta-feira. Foi descoberto um t\u00fanel de 47 metros, partindo de uma casa da rua Jorge Lu\u00eds Domingues, n\u00famero 15, a \u00a0cem metros do pres\u00eddio.\u00a0A fuga vinha sendo preparada h\u00e1 tr\u00eas meses. A pol\u00edcia investigava o caso h\u00e1 [&hellip;]<\/p>\n","protected":false},"author":4,"featured_media":44993,"comment_status":"open","ping_status":"closed","sticky":false,"template":"","format":"standard","meta":{"_jetpack_newsletter_access":"","_jetpack_dont_email_post_to_subs":false,"_jetpack_newsletter_tier_id":0,"_jetpack_memberships_contains_paywalled_content":false,"_jetpack_feature_clip_id":0,"_jetpack_memberships_contains_paid_content":false,"footnotes":"","jetpack_post_was_ever_published":false},"categories":[26],"tags":[],"class_list":["post-44987","post","type-post","status-publish","format-standard","has-post-thumbnail","hentry","category-geral"],"aioseo_notices":[],"aioseo_head":"\n\t\t<!-- All in One SEO 5.0.1.1 - aioseo.com -->\n\t<meta name=\"robots\" content=\"max-image-preview:large\" \/>\n\t<meta name=\"author\" content=\"da Reda\u00e7\u00e3o\"\/>\n\t<link rel=\"canonical\" href=\"https:\/\/www.jornalja.com.br\/arquivo\/se-o-plano-era-fugir-no-carnaval-a-obra-estava-atrasada\/\" \/>\n\t<meta name=\"generator\" content=\"All in One SEO (AIOSEO) 5.0.1.1\" \/>\n\t\t<meta property=\"og:locale\" content=\"pt_BR\" \/>\n\t\t<meta property=\"og:site_name\" content=\"Arquivo | Jornal J\u00c1 | Porto Alegre\" \/>\n\t\t<meta property=\"og:type\" content=\"article\" \/>\n\t\t<meta property=\"og:title\" content=\"Plano era fugir no carnaval, a obra estava atrasada | Arquivo\" \/>\n\t\t<meta property=\"og:url\" content=\"https:\/\/www.jornalja.com.br\/arquivo\/se-o-plano-era-fugir-no-carnaval-a-obra-estava-atrasada\/\" \/>\n\t\t<meta property=\"og:image\" content=\"https:\/\/www.jornalja.com.br\/economics\/wp-content\/uploads\/sites\/11\/2026\/08\/ja-folhaderosto-facebook.jpg\" \/>\n\t\t<meta property=\"og:image:secure_url\" content=\"https:\/\/www.jornalja.com.br\/economics\/wp-content\/uploads\/sites\/11\/2026\/08\/ja-folhaderosto-facebook.jpg\" \/>\n\t\t<meta property=\"article:published_time\" content=\"2017-02-23T01:47:01+00:00\" \/>\n\t\t<meta property=\"article:modified_time\" content=\"2017-02-23T01:47:01+00:00\" \/>\n\t\t<meta name=\"twitter:card\" content=\"summary\" \/>\n\t\t<meta name=\"twitter:title\" content=\"Plano era fugir no carnaval, a obra estava atrasada | Arquivo\" \/>\n\t\t<meta name=\"twitter:image\" content=\"https:\/\/www.jornalja.com.br\/economics\/wp-content\/uploads\/sites\/11\/2026\/08\/ja-folhaderosto-facebook.jpg\" \/>\n\t\t<script type=\"application\/ld+json\" class=\"aioseo-schema\">\n\t\t\t{\"@context\":\"https:\\\/\\\/schema.org\",\"@graph\":[{\"@type\":\"BlogPosting\",\"@id\":\"https:\\\/\\\/www.jornalja.com.br\\\/arquivo\\\/se-o-plano-era-fugir-no-carnaval-a-obra-estava-atrasada\\\/#blogposting\",\"name\":\"Plano era fugir no carnaval, a obra estava atrasada | Arquivo\",\"headline\":\"Plano era fugir no carnaval, a obra estava atrasada\",\"author\":{\"@id\":\"https:\\\/\\\/www.jornalja.com.br\\\/arquivo\\\/author\\\/daredacao\\\/#author\"},\"publisher\":{\"@id\":\"https:\\\/\\\/www.jornalja.com.br\\\/arquivo\\\/#organization\"},\"image\":{\"@type\":\"ImageObject\",\"url\":44993},\"datePublished\":\"2017-02-22T22:47:01-03:00\",\"dateModified\":\"2017-02-22T22:47:01-03:00\",\"inLanguage\":\"pt-BR\",\"mainEntityOfPage\":{\"@id\":\"https:\\\/\\\/www.jornalja.com.br\\\/arquivo\\\/se-o-plano-era-fugir-no-carnaval-a-obra-estava-atrasada\\\/#webpage\"},\"isPartOf\":{\"@id\":\"https:\\\/\\\/www.jornalja.com.br\\\/arquivo\\\/se-o-plano-era-fugir-no-carnaval-a-obra-estava-atrasada\\\/#webpage\"},\"articleSection\":\"Geral\"},{\"@type\":\"BreadcrumbList\",\"@id\":\"https:\\\/\\\/www.jornalja.com.br\\\/arquivo\\\/se-o-plano-era-fugir-no-carnaval-a-obra-estava-atrasada\\\/#breadcrumblist\",\"itemListElement\":[{\"@type\":\"ListItem\",\"@id\":\"https:\\\/\\\/www.jornalja.com.br\\\/arquivo#listItem\",\"position\":1,\"name\":\"Home\",\"item\":\"https:\\\/\\\/www.jornalja.com.br\\\/arquivo\",\"nextItem\":{\"@type\":\"ListItem\",\"@id\":\"https:\\\/\\\/www.jornalja.com.br\\\/arquivo\\\/category\\\/geral\\\/#listItem\",\"name\":\"Geral\"}},{\"@type\":\"ListItem\",\"@id\":\"https:\\\/\\\/www.jornalja.com.br\\\/arquivo\\\/category\\\/geral\\\/#listItem\",\"position\":2,\"name\":\"Geral\",\"item\":\"https:\\\/\\\/www.jornalja.com.br\\\/arquivo\\\/category\\\/geral\\\/\",\"nextItem\":{\"@type\":\"ListItem\",\"@id\":\"https:\\\/\\\/www.jornalja.com.br\\\/arquivo\\\/se-o-plano-era-fugir-no-carnaval-a-obra-estava-atrasada\\\/#listItem\",\"name\":\"Plano era fugir no carnaval, a obra estava atrasada\"},\"previousItem\":{\"@type\":\"ListItem\",\"@id\":\"https:\\\/\\\/www.jornalja.com.br\\\/arquivo#listItem\",\"name\":\"Home\"}},{\"@type\":\"ListItem\",\"@id\":\"https:\\\/\\\/www.jornalja.com.br\\\/arquivo\\\/se-o-plano-era-fugir-no-carnaval-a-obra-estava-atrasada\\\/#listItem\",\"position\":3,\"name\":\"Plano era fugir no carnaval, a obra estava atrasada\",\"previousItem\":{\"@type\":\"ListItem\",\"@id\":\"https:\\\/\\\/www.jornalja.com.br\\\/arquivo\\\/category\\\/geral\\\/#listItem\",\"name\":\"Geral\"}}]},{\"@type\":\"Organization\",\"@id\":\"https:\\\/\\\/www.jornalja.com.br\\\/arquivo\\\/#organization\",\"name\":\"Jornal J\\u00c1\",\"description\":\"Jornal J\\u00c1 | Porto Alegre\",\"url\":\"https:\\\/\\\/www.jornalja.com.br\\\/arquivo\\\/\",\"telephone\":\"+555133307272\",\"logo\":{\"@type\":\"ImageObject\",\"url\":\"https:\\\/\\\/www.jornalja.com.br\\\/wp-content\\\/uploads\\\/cards\\\/JAslogan.png\",\"@id\":\"https:\\\/\\\/www.jornalja.com.br\\\/arquivo\\\/se-o-plano-era-fugir-no-carnaval-a-obra-estava-atrasada\\\/#organizationLogo\"},\"image\":{\"@id\":\"https:\\\/\\\/www.jornalja.com.br\\\/arquivo\\\/se-o-plano-era-fugir-no-carnaval-a-obra-estava-atrasada\\\/#organizationLogo\"}},{\"@type\":\"Person\",\"@id\":\"https:\\\/\\\/www.jornalja.com.br\\\/arquivo\\\/author\\\/daredacao\\\/#author\",\"url\":\"https:\\\/\\\/www.jornalja.com.br\\\/arquivo\\\/author\\\/daredacao\\\/\",\"name\":\"da Reda\\u00e7\\u00e3o\",\"image\":{\"@type\":\"ImageObject\",\"@id\":\"https:\\\/\\\/www.jornalja.com.br\\\/arquivo\\\/se-o-plano-era-fugir-no-carnaval-a-obra-estava-atrasada\\\/#authorImage\",\"url\":\"https:\\\/\\\/secure.gravatar.com\\\/avatar\\\/469fd857d6605ad19919d27ed29d35a968a25f6e8fd9318356bbb7f57aae9c65?s=96&d=mm&r=g\",\"width\":96,\"height\":96,\"caption\":\"da Reda\\u00e7\\u00e3o\"}},{\"@type\":\"WebPage\",\"@id\":\"https:\\\/\\\/www.jornalja.com.br\\\/arquivo\\\/se-o-plano-era-fugir-no-carnaval-a-obra-estava-atrasada\\\/#webpage\",\"url\":\"https:\\\/\\\/www.jornalja.com.br\\\/arquivo\\\/se-o-plano-era-fugir-no-carnaval-a-obra-estava-atrasada\\\/\",\"name\":\"Plano era fugir no carnaval, a obra estava atrasada | Arquivo\",\"inLanguage\":\"pt-BR\",\"isPartOf\":{\"@id\":\"https:\\\/\\\/www.jornalja.com.br\\\/arquivo\\\/#website\"},\"breadcrumb\":{\"@id\":\"https:\\\/\\\/www.jornalja.com.br\\\/arquivo\\\/se-o-plano-era-fugir-no-carnaval-a-obra-estava-atrasada\\\/#breadcrumblist\"},\"author\":{\"@id\":\"https:\\\/\\\/www.jornalja.com.br\\\/arquivo\\\/author\\\/daredacao\\\/#author\"},\"creator\":{\"@id\":\"https:\\\/\\\/www.jornalja.com.br\\\/arquivo\\\/author\\\/daredacao\\\/#author\"},\"image\":{\"@type\":\"ImageObject\",\"url\":44993,\"@id\":\"https:\\\/\\\/www.jornalja.com.br\\\/arquivo\\\/se-o-plano-era-fugir-no-carnaval-a-obra-estava-atrasada\\\/#mainImage\"},\"primaryImageOfPage\":{\"@id\":\"https:\\\/\\\/www.jornalja.com.br\\\/arquivo\\\/se-o-plano-era-fugir-no-carnaval-a-obra-estava-atrasada\\\/#mainImage\"},\"datePublished\":\"2017-02-22T22:47:01-03:00\",\"dateModified\":\"2017-02-22T22:47:01-03:00\"},{\"@type\":\"WebSite\",\"@id\":\"https:\\\/\\\/www.jornalja.com.br\\\/arquivo\\\/#website\",\"url\":\"https:\\\/\\\/www.jornalja.com.br\\\/arquivo\\\/\",\"name\":\"Arquivo\",\"description\":\"Jornal J\\u00c1 | Porto Alegre\",\"inLanguage\":\"pt-BR\",\"publisher\":{\"@id\":\"https:\\\/\\\/www.jornalja.com.br\\\/arquivo\\\/#organization\"}}]}\n\t\t<\/script>\n\t\t<!-- All in One SEO -->\n\n","aioseo_head_json":{"title":"Plano era fugir no carnaval, a obra estava atrasada | Arquivo","description":"","canonical_url":"https:\/\/www.jornalja.com.br\/arquivo\/se-o-plano-era-fugir-no-carnaval-a-obra-estava-atrasada\/","robots":"max-image-preview:large","keywords":"","webmasterTools":{"miscellaneous":""},"schema":{"@context":"https:\/\/schema.org","@graph":[{"@type":"BlogPosting","@id":"https:\/\/www.jornalja.com.br\/arquivo\/se-o-plano-era-fugir-no-carnaval-a-obra-estava-atrasada\/#blogposting","name":"Plano era fugir no carnaval, a obra estava atrasada | Arquivo","headline":"Plano era fugir no carnaval, a obra estava atrasada","author":{"@id":"https:\/\/www.jornalja.com.br\/arquivo\/author\/daredacao\/#author"},"publisher":{"@id":"https:\/\/www.jornalja.com.br\/arquivo\/#organization"},"image":{"@type":"ImageObject","url":44993},"datePublished":"2017-02-22T22:47:01-03:00","dateModified":"2017-02-22T22:47:01-03:00","inLanguage":"pt-BR","mainEntityOfPage":{"@id":"https:\/\/www.jornalja.com.br\/arquivo\/se-o-plano-era-fugir-no-carnaval-a-obra-estava-atrasada\/#webpage"},"isPartOf":{"@id":"https:\/\/www.jornalja.com.br\/arquivo\/se-o-plano-era-fugir-no-carnaval-a-obra-estava-atrasada\/#webpage"},"articleSection":"Geral"},{"@type":"BreadcrumbList","@id":"https:\/\/www.jornalja.com.br\/arquivo\/se-o-plano-era-fugir-no-carnaval-a-obra-estava-atrasada\/#breadcrumblist","itemListElement":[{"@type":"ListItem","@id":"https:\/\/www.jornalja.com.br\/arquivo#listItem","position":1,"name":"Home","item":"https:\/\/www.jornalja.com.br\/arquivo","nextItem":{"@type":"ListItem","@id":"https:\/\/www.jornalja.com.br\/arquivo\/category\/geral\/#listItem","name":"Geral"}},{"@type":"ListItem","@id":"https:\/\/www.jornalja.com.br\/arquivo\/category\/geral\/#listItem","position":2,"name":"Geral","item":"https:\/\/www.jornalja.com.br\/arquivo\/category\/geral\/","nextItem":{"@type":"ListItem","@id":"https:\/\/www.jornalja.com.br\/arquivo\/se-o-plano-era-fugir-no-carnaval-a-obra-estava-atrasada\/#listItem","name":"Plano era fugir no carnaval, a obra estava atrasada"},"previousItem":{"@type":"ListItem","@id":"https:\/\/www.jornalja.com.br\/arquivo#listItem","name":"Home"}},{"@type":"ListItem","@id":"https:\/\/www.jornalja.com.br\/arquivo\/se-o-plano-era-fugir-no-carnaval-a-obra-estava-atrasada\/#listItem","position":3,"name":"Plano era fugir no carnaval, a obra estava atrasada","previousItem":{"@type":"ListItem","@id":"https:\/\/www.jornalja.com.br\/arquivo\/category\/geral\/#listItem","name":"Geral"}}]},{"@type":"Organization","@id":"https:\/\/www.jornalja.com.br\/arquivo\/#organization","name":"Jornal J\u00c1","description":"Jornal J\u00c1 | Porto Alegre","url":"https:\/\/www.jornalja.com.br\/arquivo\/","telephone":"+555133307272","logo":{"@type":"ImageObject","url":"https:\/\/www.jornalja.com.br\/wp-content\/uploads\/cards\/JAslogan.png","@id":"https:\/\/www.jornalja.com.br\/arquivo\/se-o-plano-era-fugir-no-carnaval-a-obra-estava-atrasada\/#organizationLogo"},"image":{"@id":"https:\/\/www.jornalja.com.br\/arquivo\/se-o-plano-era-fugir-no-carnaval-a-obra-estava-atrasada\/#organizationLogo"}},{"@type":"Person","@id":"https:\/\/www.jornalja.com.br\/arquivo\/author\/daredacao\/#author","url":"https:\/\/www.jornalja.com.br\/arquivo\/author\/daredacao\/","name":"da Reda\u00e7\u00e3o","image":{"@type":"ImageObject","@id":"https:\/\/www.jornalja.com.br\/arquivo\/se-o-plano-era-fugir-no-carnaval-a-obra-estava-atrasada\/#authorImage","url":"https:\/\/secure.gravatar.com\/avatar\/469fd857d6605ad19919d27ed29d35a968a25f6e8fd9318356bbb7f57aae9c65?s=96&d=mm&r=g","width":96,"height":96,"caption":"da Reda\u00e7\u00e3o"}},{"@type":"WebPage","@id":"https:\/\/www.jornalja.com.br\/arquivo\/se-o-plano-era-fugir-no-carnaval-a-obra-estava-atrasada\/#webpage","url":"https:\/\/www.jornalja.com.br\/arquivo\/se-o-plano-era-fugir-no-carnaval-a-obra-estava-atrasada\/","name":"Plano era fugir no carnaval, a obra estava atrasada | Arquivo","inLanguage":"pt-BR","isPartOf":{"@id":"https:\/\/www.jornalja.com.br\/arquivo\/#website"},"breadcrumb":{"@id":"https:\/\/www.jornalja.com.br\/arquivo\/se-o-plano-era-fugir-no-carnaval-a-obra-estava-atrasada\/#breadcrumblist"},"author":{"@id":"https:\/\/www.jornalja.com.br\/arquivo\/author\/daredacao\/#author"},"creator":{"@id":"https:\/\/www.jornalja.com.br\/arquivo\/author\/daredacao\/#author"},"image":{"@type":"ImageObject","url":44993,"@id":"https:\/\/www.jornalja.com.br\/arquivo\/se-o-plano-era-fugir-no-carnaval-a-obra-estava-atrasada\/#mainImage"},"primaryImageOfPage":{"@id":"https:\/\/www.jornalja.com.br\/arquivo\/se-o-plano-era-fugir-no-carnaval-a-obra-estava-atrasada\/#mainImage"},"datePublished":"2017-02-22T22:47:01-03:00","dateModified":"2017-02-22T22:47:01-03:00"},{"@type":"WebSite","@id":"https:\/\/www.jornalja.com.br\/arquivo\/#website","url":"https:\/\/www.jornalja.com.br\/arquivo\/","name":"Arquivo","description":"Jornal J\u00c1 | Porto Alegre","inLanguage":"pt-BR","publisher":{"@id":"https:\/\/www.jornalja.com.br\/arquivo\/#organization"}}]},"og:locale":"pt_BR","og:site_name":"Arquivo | Jornal J\u00c1 | Porto Alegre","og:type":"article","og:title":"Plano era fugir no carnaval, a obra estava atrasada | Arquivo","og:url":"https:\/\/www.jornalja.com.br\/arquivo\/se-o-plano-era-fugir-no-carnaval-a-obra-estava-atrasada\/","og:image":"https:\/\/www.jornalja.com.br\/economics\/wp-content\/uploads\/sites\/11\/2026\/08\/ja-folhaderosto-facebook.jpg","og:image:secure_url":"https:\/\/www.jornalja.com.br\/economics\/wp-content\/uploads\/sites\/11\/2026\/08\/ja-folhaderosto-facebook.jpg","article:published_time":"2017-02-23T01:47:01+00:00","article:modified_time":"2017-02-23T01:47:01+00:00","twitter:card":"summary","twitter:title":"Plano era fugir no carnaval, a obra estava atrasada | Arquivo","twitter:image":"https:\/\/www.jornalja.com.br\/economics\/wp-content\/uploads\/sites\/11\/2026\/08\/ja-folhaderosto-facebook.jpg"},"aioseo_meta_data":{"post_id":"44987","title":null,"description":null,"keywords":null,"keyphrases":null,"primary_term":null,"canonical_url":null,"og_title":null,"og_description":null,"og_object_type":"default","og_image_type":"default","og_image_url":null,"og_image_width":null,"og_image_height":null,"og_image_custom_url":null,"og_image_custom_fields":null,"og_video":null,"og_custom_url":null,"og_article_section":null,"og_article_tags":null,"twitter_use_og":false,"twitter_card":"default","twitter_image_type":"default","twitter_image_url":null,"twitter_image_custom_url":null,"twitter_image_custom_fields":null,"twitter_title":null,"twitter_description":null,"schema":{"blockGraphs":[],"customGraphs":[],"default":{"data":{"Article":[],"Course":[],"Dataset":[],"FAQPage":[],"Movie":[],"Person":[],"Product":[],"ProductReview":[],"Car":[],"Recipe":[],"Service":[],"SoftwareApplication":[],"WebPage":[]},"graphName":"","isEnabled":true},"graphs":[],"defaultGraph":"","defaultPostTypeGraph":""},"schema_type":null,"schema_type_options":null,"pillar_content":false,"robots_default":true,"robots_noindex":false,"robots_noarchive":false,"robots_nosnippet":false,"robots_nofollow":false,"robots_noimageindex":false,"robots_noodp":false,"robots_notranslate":false,"robots_max_snippet":null,"robots_max_videopreview":null,"robots_max_imagepreview":"large","priority":null,"frequency":null,"location":null,"local_seo":null,"breadcrumb_settings":null,"limit_modified_date":false,"ai":null,"created":"2020-12-20 20:40:47","updated":"2025-07-19 20:09:51","seo_analyzer_scan_date":null,"focus_keyword":null,"additional_keywords":null,"truseo_locale":null},"jetpack_sharing_enabled":true,"jetpack-related-posts":[{"id":5440,"url":"https:\/\/www.jornalja.com.br\/arquivo\/casarao-da-venancio-destino-permanece-incerto\/","url_meta":{"origin":44987,"position":0},"title":"Estado ainda n\u00e3o sabe o que fazer com casar\u00e3o abandonado h\u00e1 20 anos","author":"Elmar Bones","date":"6 de julho de 2009","format":false,"excerpt":"O casar\u00e3o amarelo, numa esquina nobre de Porto Alegre (Ven\u00e2ncio Aires com Jo\u00e3o Pessoa), j\u00e1 abrigou uma escola. H\u00e1 duas d\u00e9cadas, pelo menos, est\u00e1 abandonado, porque seu propriet\u00e1rio, o governo do Estado do Rio Grande do Sul, n\u00e3o consegue achar um destino para ele. Planos n\u00e3o faltaram. O governador Ol\u00edvio\u2026","rel":"","context":"Em &quot;X.Categorias velhas&quot;","block_context":{"text":"X.Categorias velhas","link":"https:\/\/www.jornalja.com.br\/arquivo\/category\/x-categorias-velhas\/"},"img":{"alt_text":"geraldo1","src":"https:\/\/i0.wp.com\/www.jornalja.com.br\/wp-content\/uploads\/2009\/07\/geraldo1.jpg?resize=350%2C200&ssl=1","width":350,"height":200},"classes":[]},{"id":13240,"url":"https:\/\/www.jornalja.com.br\/arquivo\/plano-diretor-estamos-construindo-o-caos\/","url_meta":{"origin":44987,"position":1},"title":"Plano diretor: &quot;Estamos construindo o caos&quot;","author":"Patr\u00edcia Marini","date":"26 de maio de 2014","format":false,"excerpt":"Desabafo que arquiteta Eliana Castilhos, delegada da Regi\u00e3o de Planejamento 1, postou nas redes sociais \u00e9 um testemunho do ambiente que se criou no Conselho do Plano Diretor de Porto Alegre, onde a aprova\u00e7\u00e3o de grandes empreendimentos \u00e9 empurrada guela abaixo dos conselheiros. Ao CMDUA Como delegada da Regi\u00e3o de\u2026","rel":"","context":"Em &quot;Geral&quot;","block_context":{"text":"Geral","link":"https:\/\/www.jornalja.com.br\/arquivo\/category\/geral\/"},"img":{"alt_text":"","src":"","width":0,"height":0},"classes":[]},{"id":12960,"url":"https:\/\/www.jornalja.com.br\/arquivo\/populacao-culpa-empresas-pela-greve-dos-rodoviarios\/","url_meta":{"origin":44987,"position":2},"title":"Popula\u00e7\u00e3o culpa empresas pela greve","author":"Patr\u00edcia Marini","date":"14 de fevereiro de 2014","format":false,"excerpt":"Pesquisa divulgada na edi\u00e7\u00e3o do jornal Metro desta sexta-feira,14, comprova o velho ditado: \u00e9 poss\u00edvel enganar muitos por algum tempo, mas n\u00e3o \u00e9 poss\u00edvel enganar a todos o tempo inteiro. A principal revela\u00e7\u00e3o foi que 59,8% dos entrevistados apontaram as empresas como as principais respons\u00e1veis pela grave e 46% culparam\u2026","rel":"","context":"Em &quot;X.Categorias velhas&quot;","block_context":{"text":"X.Categorias velhas","link":"https:\/\/www.jornalja.com.br\/arquivo\/category\/x-categorias-velhas\/"},"img":{"alt_text":"","src":"","width":0,"height":0},"classes":[]},{"id":14241,"url":"https:\/\/www.jornalja.com.br\/arquivo\/o-guaiba-nas-imagens-poeticas-de-achutti\/","url_meta":{"origin":44987,"position":3},"title":"O Gua\u00edba nas imagens po\u00e9ticas de Achutti","author":"da Reda\u00e7\u00e3o","date":"18 de junho de 2014","format":false,"excerpt":"Em \u201cO Gua\u00edba por Achutti\u201d \u2013 obra financiada via Minist\u00e9rio da Cultura, produ\u00e7\u00e3o executiva de Pedro Longhi, e Fl\u00e1vio Wild como designer \u2013, o fot\u00f3grafo revela a beleza e as mazelas de um espa\u00e7o aqu\u00e1tico de \u00e1guas sempre renovadas, cheio de hist\u00f3rias e lendas como as das cidades que foram\u2026","rel":"","context":"Em &quot;Cultura-Geral&quot;","block_context":{"text":"Cultura-Geral","link":"https:\/\/www.jornalja.com.br\/arquivo\/category\/materiasecundaria\/"},"img":{"alt_text":"","src":"","width":0,"height":0},"classes":[]},{"id":13239,"url":"https:\/\/www.jornalja.com.br\/arquivo\/conselho-desdenha-do-plano-diretor\/","url_meta":{"origin":44987,"position":4},"title":"Porto Alegre: Conselho detona Plano Diretor","author":"Patr\u00edcia Marini","date":"25 de maio de 2014","format":false,"excerpt":"Den\u00fancia do arquiteto e \u00a0urbanista Ibir\u00e1 Santos Lucas. Ele diz que os conselheiros est\u00e3o votando com \"enorme irresponsabilidade\". \"Mudam regime com a maior naturalidade,,,regularizam absurdos de constru\u00e7\u00f5es irregulares... \"O CMDUA est\u00e1 flexibilizando a lei do plano diretor, de uma forma impactante na vida da cidade. Mudam regime com a maior\u2026","rel":"","context":"Em &quot;Geral&quot;","block_context":{"text":"Geral","link":"https:\/\/www.jornalja.com.br\/arquivo\/category\/geral\/"},"img":{"alt_text":"","src":"","width":0,"height":0},"classes":[]},{"id":13124,"url":"https:\/\/www.jornalja.com.br\/arquivo\/sangue-latino-no-iecine\/","url_meta":{"origin":44987,"position":5},"title":"Sangue latino no IECINE","author":"da Reda\u00e7\u00e3o","date":"18 de maio de 2014","format":false,"excerpt":"Francisco Ribeiro O Instituto Estadual de Cinema (IECINE) tem a frente, desde abril \u00faltimo, um novo diretor, o cineasta colombiano Juan Zapata, 36, que substitui Luiz Alberto Cassol. Radicado h\u00e1 dez anos em Porto Alegre, Zapata tem diante de si o desafio de conduzir at\u00e9 o final do ano um\u2026","rel":"","context":"Em &quot;Cultura-Geral&quot;","block_context":{"text":"Cultura-Geral","link":"https:\/\/www.jornalja.com.br\/arquivo\/category\/materiasecundaria\/"},"img":{"alt_text":"","src":"","width":0,"height":0},"classes":[]}],"jetpack_shortlink":"https:\/\/wp.me\/pbQjBd-bHB","jetpack_featured_media_url":"","_links":{"self":[{"href":"https:\/\/www.jornalja.com.br\/arquivo\/wp-json\/wp\/v2\/posts\/44987","targetHints":{"allow":["GET"]}}],"collection":[{"href":"https:\/\/www.jornalja.com.br\/arquivo\/wp-json\/wp\/v2\/posts"}],"about":[{"href":"https:\/\/www.jornalja.com.br\/arquivo\/wp-json\/wp\/v2\/types\/post"}],"author":[{"embeddable":true,"href":"https:\/\/www.jornalja.com.br\/arquivo\/wp-json\/wp\/v2\/users\/4"}],"replies":[{"embeddable":true,"href":"https:\/\/www.jornalja.com.br\/arquivo\/wp-json\/wp\/v2\/comments?post=44987"}],"version-history":[{"count":0,"href":"https:\/\/www.jornalja.com.br\/arquivo\/wp-json\/wp\/v2\/posts\/44987\/revisions"}],"wp:attachment":[{"href":"https:\/\/www.jornalja.com.br\/arquivo\/wp-json\/wp\/v2\/media?parent=44987"}],"wp:term":[{"taxonomy":"category","embeddable":true,"href":"https:\/\/www.jornalja.com.br\/arquivo\/wp-json\/wp\/v2\/categories?post=44987"},{"taxonomy":"post_tag","embeddable":true,"href":"https:\/\/www.jornalja.com.br\/arquivo\/wp-json\/wp\/v2\/tags?post=44987"}],"curies":[{"name":"wp","href":"https:\/\/api.w.org\/{rel}","templated":true}]}}