{"id":45004,"date":"2017-02-23T12:10:45","date_gmt":"2017-02-23T15:10:45","guid":{"rendered":"https:\/\/www.jornalja.com.br\/?p=45004"},"modified":"2017-02-23T12:10:45","modified_gmt":"2017-02-23T15:10:45","slug":"energia-roubada-daria-para-abastecer-uma-cidade","status":"publish","type":"post","link":"https:\/\/www.jornalja.com.br\/arquivo\/energia-roubada-daria-para-abastecer-uma-cidade\/","title":{"rendered":"Energia roubada  daria para abastecer uma cidade"},"content":{"rendered":"<p>A CPFL, maior distribuidora de energia do pa\u00eds, \u00a0est\u00e1 usando a tecnologia para combater o roubo de energia, o famoso &#8220;gato&#8221;.<br \/>\nS\u00f3 no ano passado, a empresa conseguiu recuperar 372 gigawatts-hora, quantidade de energia que daria para abastecer uma cidade de 146 mil habitantes durante um ano.<br \/>\nNo pa\u00eds todo, estima-se que 27 mil gigawatts-hora, ou cerca de 8% do consumo do mercado el\u00e9trico brasileiro, s\u00e3o consumidos de forma irregular. S\u00e3o cerca de R$ 8,1 bilh\u00f5es em preju\u00edzo, segundo a Ag\u00eancia Nacional de Energia El\u00e9trica (Aneel).<br \/>\nNo Rio de Janeiro, por exemplo, estima-se que, \u00a0se n\u00e3o fossem os desvios, a concession\u00e1ria poderia reduzir sua tarifa em at\u00e9 18%, j\u00e1 que o custo do \u201cgato\u201d \u00e9 repassado aos consumidores.<br \/>\nNas \u00e1reas atendidas pela CPFL, ao\u00a0longo de 2016, foram realizadas 290 mil inspe\u00e7\u00f5es para identificar desvios de energia el\u00e9trica. Nos clientes do Grupo A (empresas), foram 14 mil inspe\u00e7\u00f5es e no Grupo B (clientes residenciais), 273 mil.<br \/>\nA iniciativa contribuiu para que as distribuidoras da CPFL Energia recuperassem 372 GWh de energia, o que seria suficiente para atender o consumo anual de 146 mil clientes residenciais.<br \/>\nSomente na \u00e1rea de concess\u00e3o da RGE, no Rio Grande do Sul, \u00a0em todo ano passado, foram realizadas 61.866 inspe\u00e7\u00f5es. Gravata\u00ed, na Regi\u00e3o Metropolitana de Porto Alegre, foi a que concentrou o maior n\u00famero de vistorias: 8.594.<br \/>\nDe acordo com Dilson Fernando Martins, gerente de Recupera\u00e7\u00e3o de Receita, a perspectiva \u00e9 aumentar o n\u00famero de inspe\u00e7\u00f5es em 27% neste ano.<br \/>\n\u201cNossa proposta \u00e9 ampliar a ofensiva da CPFL para regularizar as liga\u00e7\u00f5es clandestinas e acabar com a fraude.\u201d E acrescenta: \u201cO uso irregular da energia traz preju\u00edzos a todos e, por isso, colocamos nossos esfor\u00e7os em combat\u00ea-lo e alcan\u00e7ar \u00edndices de perdas n\u00e3o-t\u00e9cnicas pr\u00f3ximos a zero\u201d.<br \/>\nAtualmente, o \u00edndice de perdas comerciais, como \u00e9 chamada a energia desviada dos medidores \u2013 seja de forma intencional ou por fatores t\u00e9cnicos \u2013 gira em torno de 2,5% nas distribuidoras do Grupo. Este \u00e9 um dos menores \u00edndices entre as distribuidoras do Brasil, de acordo com dados da Associa\u00e7\u00e3o Brasileira de Distribuidores de Energia El\u00e9trica (Abradee).<br \/>\nAl\u00e9m do uso da tecnologia, a CPFL tamb\u00e9m intensificou a forma\u00e7\u00e3o e o treinamento de 300 agentes da equipe de Recupera\u00e7\u00e3o de Energia que, trabalhando em conjunto a autoridades policiais, puderam regularizar liga\u00e7\u00f5es e impedir a pr\u00e1tica de furto de eletricidade, considerada um ato criminoso.<br \/>\n\u201cEssas inspe\u00e7\u00f5es s\u00e3o realizadas em resid\u00eancias, com\u00e9rcios e ind\u00fastrias. As equipes fazem uma verifica\u00e7\u00e3o detalhada de todo o padr\u00e3o de medi\u00e7\u00e3o, inclusive eventuais desvios de energia el\u00e9trica diretamente do sistema da empresa. Tamb\u00e9m apoiamos e somos apoiados pelas autoridades policiais na identifica\u00e7\u00e3o de casos mais complexos\u201d, comenta Martins.<br \/>\n\u201cAs perdas comerciais contribuem para tornar a conta de luz mais cara para todos os consumidores. O valor da energia furtada e os custos para identificar e coibir as irregularidades s\u00e3o levados em considera\u00e7\u00e3o pela Ag\u00eancia Nacional de Energia El\u00e9trica (Aneel), para estabelecer a tarifa de energia em cada \u00e1rea de concess\u00e3o\u201d, alerta.<br \/>\n<span class=\"intertit\">Preju\u00edzo para todos<\/span><br \/>\nConsidera-se furto de energia quando h\u00e1 uma liga\u00e7\u00e3o direta na rede el\u00e9trica sem o conhecimento e autoriza\u00e7\u00e3o da concession\u00e1ria de energia. S\u00e3o os conhecidos \u201cgatos\u201d.<br \/>\nJ\u00e1 a fraude ocorre quando o cliente rompe os lacres da sua medi\u00e7\u00e3o e manipula o consumo no medidor de energia, com o objetivo de reduzi-lo.<br \/>\nAmbos s\u00e3o crimes previstos no C\u00f3digo Penal e a pena \u00e9 de um a quatro anos de reclus\u00e3o. Tamb\u00e9m s\u00e3o cobrados os valores retroativos referentes ao per\u00edodo fraudado, acrescidos de multa. Quando a fraude ou o furto s\u00e3o descobertos, o respons\u00e1vel pode ter o seu fornecimento de energia suspenso.<br \/>\nAl\u00e9m do impacto na conta de luz, os furtos e fraudes de energia pioram a qualidade do servi\u00e7o prestado, prejudicando todos os consumidores. As liga\u00e7\u00f5es clandestinas sobrecarregam as redes el\u00e9tricas, deixando o sistema de distribui\u00e7\u00e3o mais suscet\u00edvel a interrup\u00e7\u00f5es no fornecimento de energia.<br \/>\nA regulariza\u00e7\u00e3o destes clientes n\u00e3o apenas traz cidadania, como tamb\u00e9m beneficia todos os consumidores com um servi\u00e7o de melhor qualidade.<br \/>\nCidades da \u00e1rea de concess\u00e3o da RGE onde mais ocorreram inspe\u00e7\u00f5es<br \/>\nMunic\u00edpio \u00a0 \u00a0N\u00famero de inspe\u00e7\u00f5es<br \/>\nGravata\u00ed \u00a0 \u00a0 \u00a0 \u00a0 \u00a0 \u00a0 8.594<br \/>\nCaxias do Sul \u00a0 \u00a0 7.479<br \/>\nPasso Fundo \u00a0 \u00a0 \u00a03.152<br \/>\nCachoeirinha \u00a0 \u00a0 \u00a0 2.939<br \/>\nSanto \u00c2ngelo \u00a0 \u00a0 \u00a0 2.507<br \/>\nSanta Rosa \u00a0 \u00a0 \u00a0 \u00a0 2.108<br \/>\nErechim \u00a0 \u00a0 \u00a0 \u00a0 \u00a0 \u00a0 \u00a01.826<br \/>\nTaquara \u00a0 \u00a0 \u00a0 \u00a0 \u00a0 \u00a0 \u00a0 1.260<br \/>\nFarroupilha \u00a0 \u00a0 \u00a0 \u00a0 \u00a01.152<br \/>\nBento Gon\u00e7alves \u00a0 983<br \/>\nToda \u00e1rea de concess\u00e3o \u00a0no RS: \u00a061.866<br \/>\n<span class=\"intertit\">Como denunciar<\/span><br \/>\nA CPFL criou v\u00e1rios canais de den\u00fancia para casos de fraudes e furtos, por meio dos quais \u00e9 poss\u00edvel passar as informa\u00e7\u00f5es sem a necessidade de identifica\u00e7\u00e3o do denunciante. Confira a seguir:<br \/>\n\u00b7\u00a0\u00a0\u00a0\u00a0\u00a0\u00a0\u00a0\u00a0 E-mail: denunciafraude@cpfl.com.br: esse canal atende as demandas pontuais dos seguintes \u00f3rg\u00e3os: Ouvidoria, Grupo \u201cA\u201d, Ag\u00eancias de Atendimento, dentre outros<br \/>\n\u00b7\u00a0\u00a0\u00a0\u00a0\u00a0\u00a0\u00a0\u00a0 Telefone: Den\u00fancia de Furto de Energia pelo telefone 0800 721 0721, os clientes do Grupo CPFL conseguem denunciar as poss\u00edveis fraudes e furtos de energia<br \/>\n\u00b7\u00a0\u00a0\u00a0\u00a0\u00a0\u00a0\u00a0\u00a0 Web: pelo endere\u00e7o eletr\u00f4nico www.rge-rs.com.br\/atendimento- a-consumidores\/produtos-e- servicos\/Paginas\/denuncia-de- furto-de-energia.aspx<br \/>\n<span class=\"intertit\">Sobre a RGE<\/span><br \/>\nA Rio Grande Energia (RGE) \u00e9 a distribuidora de energia el\u00e9trica da regi\u00e3o norte-nordeste do Rio Grande do Sul. Originada do modelo de concess\u00e3o p\u00fablica para distribui\u00e7\u00e3o de energia el\u00e9trica em 21 de outubro de 1997, a empresa atende 255 munic\u00edpios ga\u00fachos, o que representa 54% do total de munic\u00edpios do estado.<br \/>\n(Com informa\u00e7\u00f5es da Assessoria de Imprensa)<br \/>\n&nbsp;<br \/>\n&nbsp;<\/p>\n","protected":false},"excerpt":{"rendered":"<p>A CPFL, maior distribuidora de energia do pa\u00eds, \u00a0est\u00e1 usando a tecnologia para combater o roubo de energia, o famoso &#8220;gato&#8221;. S\u00f3 no ano passado, a empresa conseguiu recuperar 372 gigawatts-hora, quantidade de energia que daria para abastecer uma cidade de 146 mil habitantes durante um ano. No pa\u00eds todo, estima-se que 27 mil gigawatts-hora, [&hellip;]<\/p>\n","protected":false},"author":4,"featured_media":45006,"comment_status":"open","ping_status":"closed","sticky":false,"template":"","format":"standard","meta":{"_jetpack_newsletter_access":"","_jetpack_dont_email_post_to_subs":false,"_jetpack_newsletter_tier_id":0,"_jetpack_memberships_contains_paywalled_content":false,"_jetpack_feature_clip_id":0,"_jetpack_memberships_contains_paid_content":false,"footnotes":"","jetpack_post_was_ever_published":false},"categories":[26],"tags":[],"class_list":["post-45004","post","type-post","status-publish","format-standard","has-post-thumbnail","hentry","category-geral"],"aioseo_notices":[],"aioseo_head":"\n\t\t<!-- All in One SEO 5.0.1.1 - aioseo.com -->\n\t<meta name=\"robots\" content=\"max-image-preview:large\" \/>\n\t<meta name=\"author\" content=\"da Reda\u00e7\u00e3o\"\/>\n\t<link rel=\"canonical\" href=\"https:\/\/www.jornalja.com.br\/arquivo\/energia-roubada-daria-para-abastecer-uma-cidade\/\" \/>\n\t<meta name=\"generator\" content=\"All in One SEO (AIOSEO) 5.0.1.1\" \/>\n\t\t<meta property=\"og:locale\" content=\"pt_BR\" \/>\n\t\t<meta property=\"og:site_name\" content=\"Arquivo | Jornal J\u00c1 | Porto Alegre\" \/>\n\t\t<meta property=\"og:type\" content=\"article\" \/>\n\t\t<meta property=\"og:title\" content=\"Energia roubada daria para abastecer uma cidade | Arquivo\" \/>\n\t\t<meta property=\"og:url\" content=\"https:\/\/www.jornalja.com.br\/arquivo\/energia-roubada-daria-para-abastecer-uma-cidade\/\" \/>\n\t\t<meta property=\"og:image\" content=\"https:\/\/www.jornalja.com.br\/economics\/wp-content\/uploads\/sites\/11\/2026\/08\/ja-folhaderosto-facebook.jpg\" \/>\n\t\t<meta property=\"og:image:secure_url\" content=\"https:\/\/www.jornalja.com.br\/economics\/wp-content\/uploads\/sites\/11\/2026\/08\/ja-folhaderosto-facebook.jpg\" \/>\n\t\t<meta property=\"article:published_time\" content=\"2017-02-23T15:10:45+00:00\" \/>\n\t\t<meta property=\"article:modified_time\" content=\"2017-02-23T15:10:45+00:00\" \/>\n\t\t<meta name=\"twitter:card\" content=\"summary\" \/>\n\t\t<meta name=\"twitter:title\" content=\"Energia roubada daria para abastecer uma cidade | Arquivo\" \/>\n\t\t<meta name=\"twitter:image\" content=\"https:\/\/www.jornalja.com.br\/economics\/wp-content\/uploads\/sites\/11\/2026\/08\/ja-folhaderosto-facebook.jpg\" \/>\n\t\t<script type=\"application\/ld+json\" class=\"aioseo-schema\">\n\t\t\t{\"@context\":\"https:\\\/\\\/schema.org\",\"@graph\":[{\"@type\":\"BlogPosting\",\"@id\":\"https:\\\/\\\/www.jornalja.com.br\\\/arquivo\\\/energia-roubada-daria-para-abastecer-uma-cidade\\\/#blogposting\",\"name\":\"Energia roubada daria para abastecer uma cidade | Arquivo\",\"headline\":\"Energia roubada  daria para abastecer uma cidade\",\"author\":{\"@id\":\"https:\\\/\\\/www.jornalja.com.br\\\/arquivo\\\/author\\\/daredacao\\\/#author\"},\"publisher\":{\"@id\":\"https:\\\/\\\/www.jornalja.com.br\\\/arquivo\\\/#organization\"},\"image\":{\"@type\":\"ImageObject\",\"url\":45006},\"datePublished\":\"2017-02-23T12:10:45-03:00\",\"dateModified\":\"2017-02-23T12:10:45-03:00\",\"inLanguage\":\"pt-BR\",\"mainEntityOfPage\":{\"@id\":\"https:\\\/\\\/www.jornalja.com.br\\\/arquivo\\\/energia-roubada-daria-para-abastecer-uma-cidade\\\/#webpage\"},\"isPartOf\":{\"@id\":\"https:\\\/\\\/www.jornalja.com.br\\\/arquivo\\\/energia-roubada-daria-para-abastecer-uma-cidade\\\/#webpage\"},\"articleSection\":\"Geral\"},{\"@type\":\"BreadcrumbList\",\"@id\":\"https:\\\/\\\/www.jornalja.com.br\\\/arquivo\\\/energia-roubada-daria-para-abastecer-uma-cidade\\\/#breadcrumblist\",\"itemListElement\":[{\"@type\":\"ListItem\",\"@id\":\"https:\\\/\\\/www.jornalja.com.br\\\/arquivo#listItem\",\"position\":1,\"name\":\"Home\",\"item\":\"https:\\\/\\\/www.jornalja.com.br\\\/arquivo\",\"nextItem\":{\"@type\":\"ListItem\",\"@id\":\"https:\\\/\\\/www.jornalja.com.br\\\/arquivo\\\/category\\\/geral\\\/#listItem\",\"name\":\"Geral\"}},{\"@type\":\"ListItem\",\"@id\":\"https:\\\/\\\/www.jornalja.com.br\\\/arquivo\\\/category\\\/geral\\\/#listItem\",\"position\":2,\"name\":\"Geral\",\"item\":\"https:\\\/\\\/www.jornalja.com.br\\\/arquivo\\\/category\\\/geral\\\/\",\"nextItem\":{\"@type\":\"ListItem\",\"@id\":\"https:\\\/\\\/www.jornalja.com.br\\\/arquivo\\\/energia-roubada-daria-para-abastecer-uma-cidade\\\/#listItem\",\"name\":\"Energia roubada  daria para abastecer uma cidade\"},\"previousItem\":{\"@type\":\"ListItem\",\"@id\":\"https:\\\/\\\/www.jornalja.com.br\\\/arquivo#listItem\",\"name\":\"Home\"}},{\"@type\":\"ListItem\",\"@id\":\"https:\\\/\\\/www.jornalja.com.br\\\/arquivo\\\/energia-roubada-daria-para-abastecer-uma-cidade\\\/#listItem\",\"position\":3,\"name\":\"Energia roubada  daria para abastecer uma cidade\",\"previousItem\":{\"@type\":\"ListItem\",\"@id\":\"https:\\\/\\\/www.jornalja.com.br\\\/arquivo\\\/category\\\/geral\\\/#listItem\",\"name\":\"Geral\"}}]},{\"@type\":\"Organization\",\"@id\":\"https:\\\/\\\/www.jornalja.com.br\\\/arquivo\\\/#organization\",\"name\":\"Jornal J\\u00c1\",\"description\":\"Jornal J\\u00c1 | Porto Alegre\",\"url\":\"https:\\\/\\\/www.jornalja.com.br\\\/arquivo\\\/\",\"telephone\":\"+555133307272\",\"logo\":{\"@type\":\"ImageObject\",\"url\":\"https:\\\/\\\/www.jornalja.com.br\\\/wp-content\\\/uploads\\\/cards\\\/JAslogan.png\",\"@id\":\"https:\\\/\\\/www.jornalja.com.br\\\/arquivo\\\/energia-roubada-daria-para-abastecer-uma-cidade\\\/#organizationLogo\"},\"image\":{\"@id\":\"https:\\\/\\\/www.jornalja.com.br\\\/arquivo\\\/energia-roubada-daria-para-abastecer-uma-cidade\\\/#organizationLogo\"}},{\"@type\":\"Person\",\"@id\":\"https:\\\/\\\/www.jornalja.com.br\\\/arquivo\\\/author\\\/daredacao\\\/#author\",\"url\":\"https:\\\/\\\/www.jornalja.com.br\\\/arquivo\\\/author\\\/daredacao\\\/\",\"name\":\"da Reda\\u00e7\\u00e3o\",\"image\":{\"@type\":\"ImageObject\",\"@id\":\"https:\\\/\\\/www.jornalja.com.br\\\/arquivo\\\/energia-roubada-daria-para-abastecer-uma-cidade\\\/#authorImage\",\"url\":\"https:\\\/\\\/secure.gravatar.com\\\/avatar\\\/469fd857d6605ad19919d27ed29d35a968a25f6e8fd9318356bbb7f57aae9c65?s=96&d=mm&r=g\",\"width\":96,\"height\":96,\"caption\":\"da Reda\\u00e7\\u00e3o\"}},{\"@type\":\"WebPage\",\"@id\":\"https:\\\/\\\/www.jornalja.com.br\\\/arquivo\\\/energia-roubada-daria-para-abastecer-uma-cidade\\\/#webpage\",\"url\":\"https:\\\/\\\/www.jornalja.com.br\\\/arquivo\\\/energia-roubada-daria-para-abastecer-uma-cidade\\\/\",\"name\":\"Energia roubada daria para abastecer uma cidade | Arquivo\",\"inLanguage\":\"pt-BR\",\"isPartOf\":{\"@id\":\"https:\\\/\\\/www.jornalja.com.br\\\/arquivo\\\/#website\"},\"breadcrumb\":{\"@id\":\"https:\\\/\\\/www.jornalja.com.br\\\/arquivo\\\/energia-roubada-daria-para-abastecer-uma-cidade\\\/#breadcrumblist\"},\"author\":{\"@id\":\"https:\\\/\\\/www.jornalja.com.br\\\/arquivo\\\/author\\\/daredacao\\\/#author\"},\"creator\":{\"@id\":\"https:\\\/\\\/www.jornalja.com.br\\\/arquivo\\\/author\\\/daredacao\\\/#author\"},\"image\":{\"@type\":\"ImageObject\",\"url\":45006,\"@id\":\"https:\\\/\\\/www.jornalja.com.br\\\/arquivo\\\/energia-roubada-daria-para-abastecer-uma-cidade\\\/#mainImage\"},\"primaryImageOfPage\":{\"@id\":\"https:\\\/\\\/www.jornalja.com.br\\\/arquivo\\\/energia-roubada-daria-para-abastecer-uma-cidade\\\/#mainImage\"},\"datePublished\":\"2017-02-23T12:10:45-03:00\",\"dateModified\":\"2017-02-23T12:10:45-03:00\"},{\"@type\":\"WebSite\",\"@id\":\"https:\\\/\\\/www.jornalja.com.br\\\/arquivo\\\/#website\",\"url\":\"https:\\\/\\\/www.jornalja.com.br\\\/arquivo\\\/\",\"name\":\"Arquivo\",\"description\":\"Jornal J\\u00c1 | Porto Alegre\",\"inLanguage\":\"pt-BR\",\"publisher\":{\"@id\":\"https:\\\/\\\/www.jornalja.com.br\\\/arquivo\\\/#organization\"}}]}\n\t\t<\/script>\n\t\t<!-- All in One SEO -->\n\n","aioseo_head_json":{"title":"Energia roubada daria para abastecer uma cidade | Arquivo","description":"","canonical_url":"https:\/\/www.jornalja.com.br\/arquivo\/energia-roubada-daria-para-abastecer-uma-cidade\/","robots":"max-image-preview:large","keywords":"","webmasterTools":{"miscellaneous":""},"schema":{"@context":"https:\/\/schema.org","@graph":[{"@type":"BlogPosting","@id":"https:\/\/www.jornalja.com.br\/arquivo\/energia-roubada-daria-para-abastecer-uma-cidade\/#blogposting","name":"Energia roubada daria para abastecer uma cidade | Arquivo","headline":"Energia roubada  daria para abastecer uma cidade","author":{"@id":"https:\/\/www.jornalja.com.br\/arquivo\/author\/daredacao\/#author"},"publisher":{"@id":"https:\/\/www.jornalja.com.br\/arquivo\/#organization"},"image":{"@type":"ImageObject","url":45006},"datePublished":"2017-02-23T12:10:45-03:00","dateModified":"2017-02-23T12:10:45-03:00","inLanguage":"pt-BR","mainEntityOfPage":{"@id":"https:\/\/www.jornalja.com.br\/arquivo\/energia-roubada-daria-para-abastecer-uma-cidade\/#webpage"},"isPartOf":{"@id":"https:\/\/www.jornalja.com.br\/arquivo\/energia-roubada-daria-para-abastecer-uma-cidade\/#webpage"},"articleSection":"Geral"},{"@type":"BreadcrumbList","@id":"https:\/\/www.jornalja.com.br\/arquivo\/energia-roubada-daria-para-abastecer-uma-cidade\/#breadcrumblist","itemListElement":[{"@type":"ListItem","@id":"https:\/\/www.jornalja.com.br\/arquivo#listItem","position":1,"name":"Home","item":"https:\/\/www.jornalja.com.br\/arquivo","nextItem":{"@type":"ListItem","@id":"https:\/\/www.jornalja.com.br\/arquivo\/category\/geral\/#listItem","name":"Geral"}},{"@type":"ListItem","@id":"https:\/\/www.jornalja.com.br\/arquivo\/category\/geral\/#listItem","position":2,"name":"Geral","item":"https:\/\/www.jornalja.com.br\/arquivo\/category\/geral\/","nextItem":{"@type":"ListItem","@id":"https:\/\/www.jornalja.com.br\/arquivo\/energia-roubada-daria-para-abastecer-uma-cidade\/#listItem","name":"Energia roubada  daria para abastecer uma cidade"},"previousItem":{"@type":"ListItem","@id":"https:\/\/www.jornalja.com.br\/arquivo#listItem","name":"Home"}},{"@type":"ListItem","@id":"https:\/\/www.jornalja.com.br\/arquivo\/energia-roubada-daria-para-abastecer-uma-cidade\/#listItem","position":3,"name":"Energia roubada  daria para abastecer uma cidade","previousItem":{"@type":"ListItem","@id":"https:\/\/www.jornalja.com.br\/arquivo\/category\/geral\/#listItem","name":"Geral"}}]},{"@type":"Organization","@id":"https:\/\/www.jornalja.com.br\/arquivo\/#organization","name":"Jornal J\u00c1","description":"Jornal J\u00c1 | Porto Alegre","url":"https:\/\/www.jornalja.com.br\/arquivo\/","telephone":"+555133307272","logo":{"@type":"ImageObject","url":"https:\/\/www.jornalja.com.br\/wp-content\/uploads\/cards\/JAslogan.png","@id":"https:\/\/www.jornalja.com.br\/arquivo\/energia-roubada-daria-para-abastecer-uma-cidade\/#organizationLogo"},"image":{"@id":"https:\/\/www.jornalja.com.br\/arquivo\/energia-roubada-daria-para-abastecer-uma-cidade\/#organizationLogo"}},{"@type":"Person","@id":"https:\/\/www.jornalja.com.br\/arquivo\/author\/daredacao\/#author","url":"https:\/\/www.jornalja.com.br\/arquivo\/author\/daredacao\/","name":"da Reda\u00e7\u00e3o","image":{"@type":"ImageObject","@id":"https:\/\/www.jornalja.com.br\/arquivo\/energia-roubada-daria-para-abastecer-uma-cidade\/#authorImage","url":"https:\/\/secure.gravatar.com\/avatar\/469fd857d6605ad19919d27ed29d35a968a25f6e8fd9318356bbb7f57aae9c65?s=96&d=mm&r=g","width":96,"height":96,"caption":"da Reda\u00e7\u00e3o"}},{"@type":"WebPage","@id":"https:\/\/www.jornalja.com.br\/arquivo\/energia-roubada-daria-para-abastecer-uma-cidade\/#webpage","url":"https:\/\/www.jornalja.com.br\/arquivo\/energia-roubada-daria-para-abastecer-uma-cidade\/","name":"Energia roubada daria para abastecer uma cidade | Arquivo","inLanguage":"pt-BR","isPartOf":{"@id":"https:\/\/www.jornalja.com.br\/arquivo\/#website"},"breadcrumb":{"@id":"https:\/\/www.jornalja.com.br\/arquivo\/energia-roubada-daria-para-abastecer-uma-cidade\/#breadcrumblist"},"author":{"@id":"https:\/\/www.jornalja.com.br\/arquivo\/author\/daredacao\/#author"},"creator":{"@id":"https:\/\/www.jornalja.com.br\/arquivo\/author\/daredacao\/#author"},"image":{"@type":"ImageObject","url":45006,"@id":"https:\/\/www.jornalja.com.br\/arquivo\/energia-roubada-daria-para-abastecer-uma-cidade\/#mainImage"},"primaryImageOfPage":{"@id":"https:\/\/www.jornalja.com.br\/arquivo\/energia-roubada-daria-para-abastecer-uma-cidade\/#mainImage"},"datePublished":"2017-02-23T12:10:45-03:00","dateModified":"2017-02-23T12:10:45-03:00"},{"@type":"WebSite","@id":"https:\/\/www.jornalja.com.br\/arquivo\/#website","url":"https:\/\/www.jornalja.com.br\/arquivo\/","name":"Arquivo","description":"Jornal J\u00c1 | Porto Alegre","inLanguage":"pt-BR","publisher":{"@id":"https:\/\/www.jornalja.com.br\/arquivo\/#organization"}}]},"og:locale":"pt_BR","og:site_name":"Arquivo | Jornal J\u00c1 | Porto Alegre","og:type":"article","og:title":"Energia roubada daria para abastecer uma cidade | Arquivo","og:url":"https:\/\/www.jornalja.com.br\/arquivo\/energia-roubada-daria-para-abastecer-uma-cidade\/","og:image":"https:\/\/www.jornalja.com.br\/economics\/wp-content\/uploads\/sites\/11\/2026\/08\/ja-folhaderosto-facebook.jpg","og:image:secure_url":"https:\/\/www.jornalja.com.br\/economics\/wp-content\/uploads\/sites\/11\/2026\/08\/ja-folhaderosto-facebook.jpg","article:published_time":"2017-02-23T15:10:45+00:00","article:modified_time":"2017-02-23T15:10:45+00:00","twitter:card":"summary","twitter:title":"Energia roubada daria para abastecer uma cidade | Arquivo","twitter:image":"https:\/\/www.jornalja.com.br\/economics\/wp-content\/uploads\/sites\/11\/2026\/08\/ja-folhaderosto-facebook.jpg"},"aioseo_meta_data":{"post_id":"45004","title":null,"description":null,"keywords":null,"keyphrases":null,"primary_term":null,"canonical_url":null,"og_title":null,"og_description":null,"og_object_type":"default","og_image_type":"default","og_image_url":null,"og_image_width":null,"og_image_height":null,"og_image_custom_url":null,"og_image_custom_fields":null,"og_video":null,"og_custom_url":null,"og_article_section":null,"og_article_tags":null,"twitter_use_og":false,"twitter_card":"default","twitter_image_type":"default","twitter_image_url":null,"twitter_image_custom_url":null,"twitter_image_custom_fields":null,"twitter_title":null,"twitter_description":null,"schema":{"blockGraphs":[],"customGraphs":[],"default":{"data":{"Article":[],"Course":[],"Dataset":[],"FAQPage":[],"Movie":[],"Person":[],"Product":[],"ProductReview":[],"Car":[],"Recipe":[],"Service":[],"SoftwareApplication":[],"WebPage":[]},"graphName":"","isEnabled":true},"graphs":[],"defaultGraph":"","defaultPostTypeGraph":""},"schema_type":null,"schema_type_options":null,"pillar_content":false,"robots_default":true,"robots_noindex":false,"robots_noarchive":false,"robots_nosnippet":false,"robots_nofollow":false,"robots_noimageindex":false,"robots_noodp":false,"robots_notranslate":false,"robots_max_snippet":null,"robots_max_videopreview":null,"robots_max_imagepreview":"large","priority":null,"frequency":null,"location":null,"local_seo":null,"breadcrumb_settings":null,"limit_modified_date":false,"ai":null,"created":"2020-12-20 20:38:59","updated":"2025-07-19 20:09:51","seo_analyzer_scan_date":null,"focus_keyword":null,"additional_keywords":null,"truseo_locale":null},"jetpack_sharing_enabled":true,"jetpack-related-posts":[{"id":13109,"url":"https:\/\/www.jornalja.com.br\/arquivo\/judiciario-reconhece-poluicao-eletromagnetica\/","url_meta":{"origin":45004,"position":0},"title":"Judici\u00e1rio reconhece polui\u00e7\u00e3o eletromagn\u00e9tica","author":"Patr\u00edcia Marini","date":"16 de maio de 2014","format":false,"excerpt":"A\u00e7\u00e3o de duas associa\u00e7\u00f5es de moradores foi acolhida pelo Tribunal de Justi\u00e7a de S\u00e3o Paulo que. em decis\u00e3o in\u00e9dita, determinou a redu\u00e7\u00e3o do campo eletromagn\u00e9tico gerado pelas linhas de transmiss\u00e3o de energia que cortam os bairros City Boa\u00e7ava e Alto de Pinheiros. \u00c9 a primeira vez que um tribunal do\u2026","rel":"","context":"Em &quot;X.Categorias velhas&quot;","block_context":{"text":"X.Categorias velhas","link":"https:\/\/www.jornalja.com.br\/arquivo\/category\/x-categorias-velhas\/"},"img":{"alt_text":"","src":"","width":0,"height":0},"classes":[]},{"id":13128,"url":"https:\/\/www.jornalja.com.br\/arquivo\/maconha-terra-diz-que-uso-medicinal-e-desculpa\/","url_meta":{"origin":45004,"position":1},"title":"Maconha: Terra diz que uso medicinal \u00e9 desculpa","author":"Patr\u00edcia Marini","date":"4 de junho de 2014","format":false,"excerpt":"A condi\u00e7\u00e3o de pol\u00edtico, em \u00e9poca de campanha de campanha eleitoral, tira for\u00e7a do discurso do m\u00e9dico Osmar Terra contra a legaliza\u00e7\u00e3o da maconha. A tese dele de que a libera\u00e7\u00e3o vai ampliar exponencialmente o consumo \u00e9 discutivel, o consumo \u00e9 corrente. Mas seus alertas quanto aos riscos tem que\u2026","rel":"","context":"Em &quot;X.Categorias velhas&quot;","block_context":{"text":"X.Categorias velhas","link":"https:\/\/www.jornalja.com.br\/arquivo\/category\/x-categorias-velhas\/"},"img":{"alt_text":"","src":"","width":0,"height":0},"classes":[]},{"id":13124,"url":"https:\/\/www.jornalja.com.br\/arquivo\/sangue-latino-no-iecine\/","url_meta":{"origin":45004,"position":2},"title":"Sangue latino no IECINE","author":"da Reda\u00e7\u00e3o","date":"18 de maio de 2014","format":false,"excerpt":"Francisco Ribeiro O Instituto Estadual de Cinema (IECINE) tem a frente, desde abril \u00faltimo, um novo diretor, o cineasta colombiano Juan Zapata, 36, que substitui Luiz Alberto Cassol. Radicado h\u00e1 dez anos em Porto Alegre, Zapata tem diante de si o desafio de conduzir at\u00e9 o final do ano um\u2026","rel":"","context":"Em &quot;Cultura-Geral&quot;","block_context":{"text":"Cultura-Geral","link":"https:\/\/www.jornalja.com.br\/arquivo\/category\/materiasecundaria\/"},"img":{"alt_text":"","src":"","width":0,"height":0},"classes":[]},{"id":13240,"url":"https:\/\/www.jornalja.com.br\/arquivo\/plano-diretor-estamos-construindo-o-caos\/","url_meta":{"origin":45004,"position":3},"title":"Plano diretor: &quot;Estamos construindo o caos&quot;","author":"Patr\u00edcia Marini","date":"26 de maio de 2014","format":false,"excerpt":"Desabafo que arquiteta Eliana Castilhos, delegada da Regi\u00e3o de Planejamento 1, postou nas redes sociais \u00e9 um testemunho do ambiente que se criou no Conselho do Plano Diretor de Porto Alegre, onde a aprova\u00e7\u00e3o de grandes empreendimentos \u00e9 empurrada guela abaixo dos conselheiros. Ao CMDUA Como delegada da Regi\u00e3o de\u2026","rel":"","context":"Em &quot;Geral&quot;","block_context":{"text":"Geral","link":"https:\/\/www.jornalja.com.br\/arquivo\/category\/geral\/"},"img":{"alt_text":"","src":"","width":0,"height":0},"classes":[]},{"id":5440,"url":"https:\/\/www.jornalja.com.br\/arquivo\/casarao-da-venancio-destino-permanece-incerto\/","url_meta":{"origin":45004,"position":4},"title":"Estado ainda n\u00e3o sabe o que fazer com casar\u00e3o abandonado h\u00e1 20 anos","author":"Elmar Bones","date":"6 de julho de 2009","format":false,"excerpt":"O casar\u00e3o amarelo, numa esquina nobre de Porto Alegre (Ven\u00e2ncio Aires com Jo\u00e3o Pessoa), j\u00e1 abrigou uma escola. H\u00e1 duas d\u00e9cadas, pelo menos, est\u00e1 abandonado, porque seu propriet\u00e1rio, o governo do Estado do Rio Grande do Sul, n\u00e3o consegue achar um destino para ele. Planos n\u00e3o faltaram. O governador Ol\u00edvio\u2026","rel":"","context":"Em &quot;X.Categorias velhas&quot;","block_context":{"text":"X.Categorias velhas","link":"https:\/\/www.jornalja.com.br\/arquivo\/category\/x-categorias-velhas\/"},"img":{"alt_text":"geraldo1","src":"https:\/\/i0.wp.com\/www.jornalja.com.br\/wp-content\/uploads\/2009\/07\/geraldo1.jpg?resize=350%2C200&ssl=1","width":350,"height":200},"classes":[]},{"id":12960,"url":"https:\/\/www.jornalja.com.br\/arquivo\/populacao-culpa-empresas-pela-greve-dos-rodoviarios\/","url_meta":{"origin":45004,"position":5},"title":"Popula\u00e7\u00e3o culpa empresas pela greve","author":"Patr\u00edcia Marini","date":"14 de fevereiro de 2014","format":false,"excerpt":"Pesquisa divulgada na edi\u00e7\u00e3o do jornal Metro desta sexta-feira,14, comprova o velho ditado: \u00e9 poss\u00edvel enganar muitos por algum tempo, mas n\u00e3o \u00e9 poss\u00edvel enganar a todos o tempo inteiro. A principal revela\u00e7\u00e3o foi que 59,8% dos entrevistados apontaram as empresas como as principais respons\u00e1veis pela grave e 46% culparam\u2026","rel":"","context":"Em &quot;X.Categorias velhas&quot;","block_context":{"text":"X.Categorias velhas","link":"https:\/\/www.jornalja.com.br\/arquivo\/category\/x-categorias-velhas\/"},"img":{"alt_text":"","src":"","width":0,"height":0},"classes":[]}],"jetpack_shortlink":"https:\/\/wp.me\/pbQjBd-bHS","jetpack_featured_media_url":"","_links":{"self":[{"href":"https:\/\/www.jornalja.com.br\/arquivo\/wp-json\/wp\/v2\/posts\/45004","targetHints":{"allow":["GET"]}}],"collection":[{"href":"https:\/\/www.jornalja.com.br\/arquivo\/wp-json\/wp\/v2\/posts"}],"about":[{"href":"https:\/\/www.jornalja.com.br\/arquivo\/wp-json\/wp\/v2\/types\/post"}],"author":[{"embeddable":true,"href":"https:\/\/www.jornalja.com.br\/arquivo\/wp-json\/wp\/v2\/users\/4"}],"replies":[{"embeddable":true,"href":"https:\/\/www.jornalja.com.br\/arquivo\/wp-json\/wp\/v2\/comments?post=45004"}],"version-history":[{"count":0,"href":"https:\/\/www.jornalja.com.br\/arquivo\/wp-json\/wp\/v2\/posts\/45004\/revisions"}],"wp:attachment":[{"href":"https:\/\/www.jornalja.com.br\/arquivo\/wp-json\/wp\/v2\/media?parent=45004"}],"wp:term":[{"taxonomy":"category","embeddable":true,"href":"https:\/\/www.jornalja.com.br\/arquivo\/wp-json\/wp\/v2\/categories?post=45004"},{"taxonomy":"post_tag","embeddable":true,"href":"https:\/\/www.jornalja.com.br\/arquivo\/wp-json\/wp\/v2\/tags?post=45004"}],"curies":[{"name":"wp","href":"https:\/\/api.w.org\/{rel}","templated":true}]}}