{"id":45038,"date":"2017-02-24T18:26:12","date_gmt":"2017-02-24T21:26:12","guid":{"rendered":"https:\/\/www.jornalja.com.br\/?p=45038"},"modified":"2017-02-24T18:26:12","modified_gmt":"2017-02-24T21:26:12","slug":"paim-ja-tem-29-assinaturas-para-cpi-da-previdencia","status":"publish","type":"post","link":"https:\/\/www.jornalja.com.br\/arquivo\/paim-ja-tem-29-assinaturas-para-cpi-da-previdencia\/","title":{"rendered":"Paim j\u00e1 tem 29 assinaturas para CPI da Previd\u00eancia"},"content":{"rendered":"<p>O Senado instalar\u00e1 uma Comiss\u00e3o Parlamentar de Inqu\u00e9rito (CPI) para investigar a real situa\u00e7\u00e3o financeira da Previd\u00eancia. Uma lista organizada pelo senador Paulo Paim (PT-RS) j\u00e1 conta com 29 assinaturas.<br \/>\nO n\u00famero \u00e9 maior que o m\u00ednimo exigido pelo regimento da Casa para instaura\u00e7\u00e3o de colegiado dessa natureza, que \u00e9 de 27 parlamentares, correspondente a um ter\u00e7o do n\u00famero de senadores.<br \/>\nPaim quer fazer um &#8220;raio X&#8221; da situa\u00e7\u00e3o previdenci\u00e1ria, verificando sobretudo o fluxo de caixa do sistema. \u201cEles [o governo] dizem que a Previd\u00eancia \u00e9 deficit\u00e1ria, mas n\u00f3s dizemos que \u00e9 superavit\u00e1ria. Queremos, ent\u00e3o, tirar a prova e saber quem s\u00e3o os maiores devedores, al\u00e9m de entender como \u00e9 a hist\u00f3ria das fraudes, sonega\u00e7\u00f5es e anistias\u201d, explicou o senador.<br \/>\nA articula\u00e7\u00e3o surge no contexto de tramita\u00e7\u00e3o da Proposta de Emenda Constitucional (PEC) 287, que reforma a Previd\u00eancia Social e imp\u00f5e regras mais r\u00edgidas para que o trabalhador acesse os benef\u00edcios previdenci\u00e1rios.<br \/>\nA medida tem recebido fortes cr\u00edticas de segmentos populares, parlamentares da oposi\u00e7\u00e3o e at\u00e9 membros da base aliada do governo, que se queixam do car\u00e1ter austero da proposta.<br \/>\nPara Paim, uma eventual CPI faria com que os diversos pontos do debate sobre a PEC 287 fossem devidamente esclarecidos para a sociedade. \u201c\u00c9 importante colocar tudo em pratos limpos, com total transpar\u00eancia. Com isso, vamos mostrar que n\u00e3o \u00e9 preciso fazer essa reforma draconiana, cruel, mais que perversa, que vai atingir principalmente as pessoas de classe m\u00e9dia pra baixo\u201d, declarou o petista.<\/p>\n<h3><strong>Coaliz\u00e3o \u00a0<\/strong><\/h3>\n<p>A ades\u00e3o \u00e0 lista veio de expoentes de nove legendas, que s\u00e3o PT, PMDB, PCdoB, Rede, PSB, PSD, PR, PPS, PP. O destaque \u00e9 para a assinatura de quatro membros do PMDB, mesmo partido do presidente n\u00e3o eleito Michel Temer.<br \/>\nAl\u00e9m do senador Paulo Paim, assinam a lista os seguintes parlamentares: Jos\u00e9 Pimentel (PT-CE), Gleisi Hoffmann (PT-PR), Regina Sousa (PT-PI), Paulo Rocha (PT-PA), F\u00e1tima Bezerra (PT-RN), Humberto Costa (PT-PE), Lindbergh Farias (PT-RJ), Roberto Requi\u00e3o (PMDB-PR), Vanessa Graziotin (PCdoB-AM), Reguffe (Sem partido-DF), Angela Portela (PT-RR), Jo\u00e3o Capiberibe (PSB-AP), Jorge Viana (PT-AC), L\u00eddice da Mata (PSB-BA), Lasier Martins (PSD-RS), Rom\u00e1rio (PSB-RJ), Jos\u00e9 Maranh\u00e3o (PMDB-PB), \u00c1lvaro Dias (PV-PR), Magno Malta (PR-ES), Crist\u00f3v\u00e3o Buarque (PPS-DF), Elmano F\u00e9rrer (PMDB-PI), Antonio Carlos Valadares (PSB-SE), D\u00e1rio Berger (PMDB-SC), Ivo Cassol (PP-RO), Jos\u00e9 Medeiros (PSD-MT), S\u00e9rgio Petec\u00e3o (PSD-AC) e Roberto Muniz (PP-BA).<br \/>\nCom a ades\u00e3o de membros da base aliada, o jogo de for\u00e7as entre governo e oposi\u00e7\u00e3o em torno da PEC 287 tende a se intensificar nas pr\u00f3ximas semanas.<br \/>\n\u201cO governo est\u00e1 fazendo um terrorismo, inclusive amea\u00e7ando senadores para que eles retirem o nome, mas quem n\u00e3o deve n\u00e3o teme. Quem \u00e9 que tem medo de uma investiga\u00e7\u00e3o?\u201d, questionou Paim.<br \/>\nEle informou que pretende continuar a articula\u00e7\u00e3o para angariar um n\u00famero maior de assinaturas, na tentativa de chegar a 35 ou 40 nomes, e evitar que uma eventual desist\u00eancia de alguns parlamentares frustre a proposta da CPI. O pedido oficial de instala\u00e7\u00e3o da comiss\u00e3o deve ser feito logo ap\u00f3s o carnaval.<br \/>\n<em>Com informa\u00e7\u00f5es de Ag\u00eancia Brasil e Brasil de Fat<\/em>o<\/p>\n","protected":false},"excerpt":{"rendered":"<p>O Senado instalar\u00e1 uma Comiss\u00e3o Parlamentar de Inqu\u00e9rito (CPI) para investigar a real situa\u00e7\u00e3o financeira da Previd\u00eancia. Uma lista organizada pelo senador Paulo Paim (PT-RS) j\u00e1 conta com 29 assinaturas. O n\u00famero \u00e9 maior que o m\u00ednimo exigido pelo regimento da Casa para instaura\u00e7\u00e3o de colegiado dessa natureza, que \u00e9 de 27 parlamentares, correspondente a [&hellip;]<\/p>\n","protected":false},"author":4,"featured_media":45040,"comment_status":"open","ping_status":"closed","sticky":false,"template":"","format":"standard","meta":{"_jetpack_newsletter_access":"","_jetpack_dont_email_post_to_subs":false,"_jetpack_newsletter_tier_id":0,"_jetpack_memberships_contains_paywalled_content":false,"_jetpack_feature_clip_id":0,"_jetpack_memberships_contains_paid_content":false,"footnotes":"","jetpack_post_was_ever_published":false},"categories":[26],"tags":[],"class_list":["post-45038","post","type-post","status-publish","format-standard","has-post-thumbnail","hentry","category-geral"],"aioseo_notices":[],"aioseo_head":"\n\t\t<!-- All in One SEO 5.0.1.1 - aioseo.com -->\n\t<meta name=\"robots\" content=\"max-image-preview:large\" \/>\n\t<meta name=\"author\" content=\"da Reda\u00e7\u00e3o\"\/>\n\t<link rel=\"canonical\" href=\"https:\/\/www.jornalja.com.br\/arquivo\/paim-ja-tem-29-assinaturas-para-cpi-da-previdencia\/\" \/>\n\t<meta name=\"generator\" content=\"All in One SEO (AIOSEO) 5.0.1.1\" \/>\n\t\t<meta property=\"og:locale\" content=\"pt_BR\" \/>\n\t\t<meta property=\"og:site_name\" content=\"Arquivo | Jornal J\u00c1 | Porto Alegre\" \/>\n\t\t<meta property=\"og:type\" content=\"article\" \/>\n\t\t<meta property=\"og:title\" content=\"Paim j\u00e1 tem 29 assinaturas para CPI da Previd\u00eancia | Arquivo\" \/>\n\t\t<meta property=\"og:url\" content=\"https:\/\/www.jornalja.com.br\/arquivo\/paim-ja-tem-29-assinaturas-para-cpi-da-previdencia\/\" \/>\n\t\t<meta property=\"og:image\" content=\"https:\/\/www.jornalja.com.br\/economics\/wp-content\/uploads\/sites\/11\/2026\/08\/ja-folhaderosto-facebook.jpg\" \/>\n\t\t<meta property=\"og:image:secure_url\" content=\"https:\/\/www.jornalja.com.br\/economics\/wp-content\/uploads\/sites\/11\/2026\/08\/ja-folhaderosto-facebook.jpg\" \/>\n\t\t<meta property=\"article:published_time\" content=\"2017-02-24T21:26:12+00:00\" \/>\n\t\t<meta property=\"article:modified_time\" content=\"2017-02-24T21:26:12+00:00\" \/>\n\t\t<meta name=\"twitter:card\" content=\"summary\" \/>\n\t\t<meta name=\"twitter:title\" content=\"Paim j\u00e1 tem 29 assinaturas para CPI da Previd\u00eancia | Arquivo\" \/>\n\t\t<meta name=\"twitter:image\" content=\"https:\/\/www.jornalja.com.br\/economics\/wp-content\/uploads\/sites\/11\/2026\/08\/ja-folhaderosto-facebook.jpg\" \/>\n\t\t<script type=\"application\/ld+json\" class=\"aioseo-schema\">\n\t\t\t{\"@context\":\"https:\\\/\\\/schema.org\",\"@graph\":[{\"@type\":\"BlogPosting\",\"@id\":\"https:\\\/\\\/www.jornalja.com.br\\\/arquivo\\\/paim-ja-tem-29-assinaturas-para-cpi-da-previdencia\\\/#blogposting\",\"name\":\"Paim j\\u00e1 tem 29 assinaturas para CPI da Previd\\u00eancia | Arquivo\",\"headline\":\"Paim j\\u00e1 tem 29 assinaturas para CPI da Previd\\u00eancia\",\"author\":{\"@id\":\"https:\\\/\\\/www.jornalja.com.br\\\/arquivo\\\/author\\\/daredacao\\\/#author\"},\"publisher\":{\"@id\":\"https:\\\/\\\/www.jornalja.com.br\\\/arquivo\\\/#organization\"},\"image\":{\"@type\":\"ImageObject\",\"url\":45040},\"datePublished\":\"2017-02-24T18:26:12-03:00\",\"dateModified\":\"2017-02-24T18:26:12-03:00\",\"inLanguage\":\"pt-BR\",\"mainEntityOfPage\":{\"@id\":\"https:\\\/\\\/www.jornalja.com.br\\\/arquivo\\\/paim-ja-tem-29-assinaturas-para-cpi-da-previdencia\\\/#webpage\"},\"isPartOf\":{\"@id\":\"https:\\\/\\\/www.jornalja.com.br\\\/arquivo\\\/paim-ja-tem-29-assinaturas-para-cpi-da-previdencia\\\/#webpage\"},\"articleSection\":\"Geral\"},{\"@type\":\"BreadcrumbList\",\"@id\":\"https:\\\/\\\/www.jornalja.com.br\\\/arquivo\\\/paim-ja-tem-29-assinaturas-para-cpi-da-previdencia\\\/#breadcrumblist\",\"itemListElement\":[{\"@type\":\"ListItem\",\"@id\":\"https:\\\/\\\/www.jornalja.com.br\\\/arquivo#listItem\",\"position\":1,\"name\":\"Home\",\"item\":\"https:\\\/\\\/www.jornalja.com.br\\\/arquivo\",\"nextItem\":{\"@type\":\"ListItem\",\"@id\":\"https:\\\/\\\/www.jornalja.com.br\\\/arquivo\\\/category\\\/geral\\\/#listItem\",\"name\":\"Geral\"}},{\"@type\":\"ListItem\",\"@id\":\"https:\\\/\\\/www.jornalja.com.br\\\/arquivo\\\/category\\\/geral\\\/#listItem\",\"position\":2,\"name\":\"Geral\",\"item\":\"https:\\\/\\\/www.jornalja.com.br\\\/arquivo\\\/category\\\/geral\\\/\",\"nextItem\":{\"@type\":\"ListItem\",\"@id\":\"https:\\\/\\\/www.jornalja.com.br\\\/arquivo\\\/paim-ja-tem-29-assinaturas-para-cpi-da-previdencia\\\/#listItem\",\"name\":\"Paim j\\u00e1 tem 29 assinaturas para CPI da Previd\\u00eancia\"},\"previousItem\":{\"@type\":\"ListItem\",\"@id\":\"https:\\\/\\\/www.jornalja.com.br\\\/arquivo#listItem\",\"name\":\"Home\"}},{\"@type\":\"ListItem\",\"@id\":\"https:\\\/\\\/www.jornalja.com.br\\\/arquivo\\\/paim-ja-tem-29-assinaturas-para-cpi-da-previdencia\\\/#listItem\",\"position\":3,\"name\":\"Paim j\\u00e1 tem 29 assinaturas para CPI da Previd\\u00eancia\",\"previousItem\":{\"@type\":\"ListItem\",\"@id\":\"https:\\\/\\\/www.jornalja.com.br\\\/arquivo\\\/category\\\/geral\\\/#listItem\",\"name\":\"Geral\"}}]},{\"@type\":\"Organization\",\"@id\":\"https:\\\/\\\/www.jornalja.com.br\\\/arquivo\\\/#organization\",\"name\":\"Jornal J\\u00c1\",\"description\":\"Jornal J\\u00c1 | Porto Alegre\",\"url\":\"https:\\\/\\\/www.jornalja.com.br\\\/arquivo\\\/\",\"telephone\":\"+555133307272\",\"logo\":{\"@type\":\"ImageObject\",\"url\":\"https:\\\/\\\/www.jornalja.com.br\\\/wp-content\\\/uploads\\\/cards\\\/JAslogan.png\",\"@id\":\"https:\\\/\\\/www.jornalja.com.br\\\/arquivo\\\/paim-ja-tem-29-assinaturas-para-cpi-da-previdencia\\\/#organizationLogo\"},\"image\":{\"@id\":\"https:\\\/\\\/www.jornalja.com.br\\\/arquivo\\\/paim-ja-tem-29-assinaturas-para-cpi-da-previdencia\\\/#organizationLogo\"}},{\"@type\":\"Person\",\"@id\":\"https:\\\/\\\/www.jornalja.com.br\\\/arquivo\\\/author\\\/daredacao\\\/#author\",\"url\":\"https:\\\/\\\/www.jornalja.com.br\\\/arquivo\\\/author\\\/daredacao\\\/\",\"name\":\"da Reda\\u00e7\\u00e3o\",\"image\":{\"@type\":\"ImageObject\",\"@id\":\"https:\\\/\\\/www.jornalja.com.br\\\/arquivo\\\/paim-ja-tem-29-assinaturas-para-cpi-da-previdencia\\\/#authorImage\",\"url\":\"https:\\\/\\\/secure.gravatar.com\\\/avatar\\\/469fd857d6605ad19919d27ed29d35a968a25f6e8fd9318356bbb7f57aae9c65?s=96&d=mm&r=g\",\"width\":96,\"height\":96,\"caption\":\"da Reda\\u00e7\\u00e3o\"}},{\"@type\":\"WebPage\",\"@id\":\"https:\\\/\\\/www.jornalja.com.br\\\/arquivo\\\/paim-ja-tem-29-assinaturas-para-cpi-da-previdencia\\\/#webpage\",\"url\":\"https:\\\/\\\/www.jornalja.com.br\\\/arquivo\\\/paim-ja-tem-29-assinaturas-para-cpi-da-previdencia\\\/\",\"name\":\"Paim j\\u00e1 tem 29 assinaturas para CPI da Previd\\u00eancia | Arquivo\",\"inLanguage\":\"pt-BR\",\"isPartOf\":{\"@id\":\"https:\\\/\\\/www.jornalja.com.br\\\/arquivo\\\/#website\"},\"breadcrumb\":{\"@id\":\"https:\\\/\\\/www.jornalja.com.br\\\/arquivo\\\/paim-ja-tem-29-assinaturas-para-cpi-da-previdencia\\\/#breadcrumblist\"},\"author\":{\"@id\":\"https:\\\/\\\/www.jornalja.com.br\\\/arquivo\\\/author\\\/daredacao\\\/#author\"},\"creator\":{\"@id\":\"https:\\\/\\\/www.jornalja.com.br\\\/arquivo\\\/author\\\/daredacao\\\/#author\"},\"image\":{\"@type\":\"ImageObject\",\"url\":45040,\"@id\":\"https:\\\/\\\/www.jornalja.com.br\\\/arquivo\\\/paim-ja-tem-29-assinaturas-para-cpi-da-previdencia\\\/#mainImage\"},\"primaryImageOfPage\":{\"@id\":\"https:\\\/\\\/www.jornalja.com.br\\\/arquivo\\\/paim-ja-tem-29-assinaturas-para-cpi-da-previdencia\\\/#mainImage\"},\"datePublished\":\"2017-02-24T18:26:12-03:00\",\"dateModified\":\"2017-02-24T18:26:12-03:00\"},{\"@type\":\"WebSite\",\"@id\":\"https:\\\/\\\/www.jornalja.com.br\\\/arquivo\\\/#website\",\"url\":\"https:\\\/\\\/www.jornalja.com.br\\\/arquivo\\\/\",\"name\":\"Arquivo\",\"description\":\"Jornal J\\u00c1 | Porto Alegre\",\"inLanguage\":\"pt-BR\",\"publisher\":{\"@id\":\"https:\\\/\\\/www.jornalja.com.br\\\/arquivo\\\/#organization\"}}]}\n\t\t<\/script>\n\t\t<!-- All in One SEO -->\n\n","aioseo_head_json":{"title":"Paim j\u00e1 tem 29 assinaturas para CPI da Previd\u00eancia | Arquivo","description":"","canonical_url":"https:\/\/www.jornalja.com.br\/arquivo\/paim-ja-tem-29-assinaturas-para-cpi-da-previdencia\/","robots":"max-image-preview:large","keywords":"","webmasterTools":{"miscellaneous":""},"schema":{"@context":"https:\/\/schema.org","@graph":[{"@type":"BlogPosting","@id":"https:\/\/www.jornalja.com.br\/arquivo\/paim-ja-tem-29-assinaturas-para-cpi-da-previdencia\/#blogposting","name":"Paim j\u00e1 tem 29 assinaturas para CPI da Previd\u00eancia | Arquivo","headline":"Paim j\u00e1 tem 29 assinaturas para CPI da Previd\u00eancia","author":{"@id":"https:\/\/www.jornalja.com.br\/arquivo\/author\/daredacao\/#author"},"publisher":{"@id":"https:\/\/www.jornalja.com.br\/arquivo\/#organization"},"image":{"@type":"ImageObject","url":45040},"datePublished":"2017-02-24T18:26:12-03:00","dateModified":"2017-02-24T18:26:12-03:00","inLanguage":"pt-BR","mainEntityOfPage":{"@id":"https:\/\/www.jornalja.com.br\/arquivo\/paim-ja-tem-29-assinaturas-para-cpi-da-previdencia\/#webpage"},"isPartOf":{"@id":"https:\/\/www.jornalja.com.br\/arquivo\/paim-ja-tem-29-assinaturas-para-cpi-da-previdencia\/#webpage"},"articleSection":"Geral"},{"@type":"BreadcrumbList","@id":"https:\/\/www.jornalja.com.br\/arquivo\/paim-ja-tem-29-assinaturas-para-cpi-da-previdencia\/#breadcrumblist","itemListElement":[{"@type":"ListItem","@id":"https:\/\/www.jornalja.com.br\/arquivo#listItem","position":1,"name":"Home","item":"https:\/\/www.jornalja.com.br\/arquivo","nextItem":{"@type":"ListItem","@id":"https:\/\/www.jornalja.com.br\/arquivo\/category\/geral\/#listItem","name":"Geral"}},{"@type":"ListItem","@id":"https:\/\/www.jornalja.com.br\/arquivo\/category\/geral\/#listItem","position":2,"name":"Geral","item":"https:\/\/www.jornalja.com.br\/arquivo\/category\/geral\/","nextItem":{"@type":"ListItem","@id":"https:\/\/www.jornalja.com.br\/arquivo\/paim-ja-tem-29-assinaturas-para-cpi-da-previdencia\/#listItem","name":"Paim j\u00e1 tem 29 assinaturas para CPI da Previd\u00eancia"},"previousItem":{"@type":"ListItem","@id":"https:\/\/www.jornalja.com.br\/arquivo#listItem","name":"Home"}},{"@type":"ListItem","@id":"https:\/\/www.jornalja.com.br\/arquivo\/paim-ja-tem-29-assinaturas-para-cpi-da-previdencia\/#listItem","position":3,"name":"Paim j\u00e1 tem 29 assinaturas para CPI da Previd\u00eancia","previousItem":{"@type":"ListItem","@id":"https:\/\/www.jornalja.com.br\/arquivo\/category\/geral\/#listItem","name":"Geral"}}]},{"@type":"Organization","@id":"https:\/\/www.jornalja.com.br\/arquivo\/#organization","name":"Jornal J\u00c1","description":"Jornal J\u00c1 | Porto Alegre","url":"https:\/\/www.jornalja.com.br\/arquivo\/","telephone":"+555133307272","logo":{"@type":"ImageObject","url":"https:\/\/www.jornalja.com.br\/wp-content\/uploads\/cards\/JAslogan.png","@id":"https:\/\/www.jornalja.com.br\/arquivo\/paim-ja-tem-29-assinaturas-para-cpi-da-previdencia\/#organizationLogo"},"image":{"@id":"https:\/\/www.jornalja.com.br\/arquivo\/paim-ja-tem-29-assinaturas-para-cpi-da-previdencia\/#organizationLogo"}},{"@type":"Person","@id":"https:\/\/www.jornalja.com.br\/arquivo\/author\/daredacao\/#author","url":"https:\/\/www.jornalja.com.br\/arquivo\/author\/daredacao\/","name":"da Reda\u00e7\u00e3o","image":{"@type":"ImageObject","@id":"https:\/\/www.jornalja.com.br\/arquivo\/paim-ja-tem-29-assinaturas-para-cpi-da-previdencia\/#authorImage","url":"https:\/\/secure.gravatar.com\/avatar\/469fd857d6605ad19919d27ed29d35a968a25f6e8fd9318356bbb7f57aae9c65?s=96&d=mm&r=g","width":96,"height":96,"caption":"da Reda\u00e7\u00e3o"}},{"@type":"WebPage","@id":"https:\/\/www.jornalja.com.br\/arquivo\/paim-ja-tem-29-assinaturas-para-cpi-da-previdencia\/#webpage","url":"https:\/\/www.jornalja.com.br\/arquivo\/paim-ja-tem-29-assinaturas-para-cpi-da-previdencia\/","name":"Paim j\u00e1 tem 29 assinaturas para CPI da Previd\u00eancia | Arquivo","inLanguage":"pt-BR","isPartOf":{"@id":"https:\/\/www.jornalja.com.br\/arquivo\/#website"},"breadcrumb":{"@id":"https:\/\/www.jornalja.com.br\/arquivo\/paim-ja-tem-29-assinaturas-para-cpi-da-previdencia\/#breadcrumblist"},"author":{"@id":"https:\/\/www.jornalja.com.br\/arquivo\/author\/daredacao\/#author"},"creator":{"@id":"https:\/\/www.jornalja.com.br\/arquivo\/author\/daredacao\/#author"},"image":{"@type":"ImageObject","url":45040,"@id":"https:\/\/www.jornalja.com.br\/arquivo\/paim-ja-tem-29-assinaturas-para-cpi-da-previdencia\/#mainImage"},"primaryImageOfPage":{"@id":"https:\/\/www.jornalja.com.br\/arquivo\/paim-ja-tem-29-assinaturas-para-cpi-da-previdencia\/#mainImage"},"datePublished":"2017-02-24T18:26:12-03:00","dateModified":"2017-02-24T18:26:12-03:00"},{"@type":"WebSite","@id":"https:\/\/www.jornalja.com.br\/arquivo\/#website","url":"https:\/\/www.jornalja.com.br\/arquivo\/","name":"Arquivo","description":"Jornal J\u00c1 | Porto Alegre","inLanguage":"pt-BR","publisher":{"@id":"https:\/\/www.jornalja.com.br\/arquivo\/#organization"}}]},"og:locale":"pt_BR","og:site_name":"Arquivo | Jornal J\u00c1 | Porto Alegre","og:type":"article","og:title":"Paim j\u00e1 tem 29 assinaturas para CPI da Previd\u00eancia | Arquivo","og:url":"https:\/\/www.jornalja.com.br\/arquivo\/paim-ja-tem-29-assinaturas-para-cpi-da-previdencia\/","og:image":"https:\/\/www.jornalja.com.br\/economics\/wp-content\/uploads\/sites\/11\/2026\/08\/ja-folhaderosto-facebook.jpg","og:image:secure_url":"https:\/\/www.jornalja.com.br\/economics\/wp-content\/uploads\/sites\/11\/2026\/08\/ja-folhaderosto-facebook.jpg","article:published_time":"2017-02-24T21:26:12+00:00","article:modified_time":"2017-02-24T21:26:12+00:00","twitter:card":"summary","twitter:title":"Paim j\u00e1 tem 29 assinaturas para CPI da Previd\u00eancia | Arquivo","twitter:image":"https:\/\/www.jornalja.com.br\/economics\/wp-content\/uploads\/sites\/11\/2026\/08\/ja-folhaderosto-facebook.jpg"},"aioseo_meta_data":{"post_id":"45038","title":null,"description":null,"keywords":null,"keyphrases":null,"primary_term":null,"canonical_url":null,"og_title":null,"og_description":null,"og_object_type":"default","og_image_type":"default","og_image_url":null,"og_image_width":null,"og_image_height":null,"og_image_custom_url":null,"og_image_custom_fields":null,"og_video":null,"og_custom_url":null,"og_article_section":null,"og_article_tags":null,"twitter_use_og":false,"twitter_card":"default","twitter_image_type":"default","twitter_image_url":null,"twitter_image_custom_url":null,"twitter_image_custom_fields":null,"twitter_title":null,"twitter_description":null,"schema":{"blockGraphs":[],"customGraphs":[],"default":{"data":{"Article":[],"Course":[],"Dataset":[],"FAQPage":[],"Movie":[],"Person":[],"Product":[],"ProductReview":[],"Car":[],"Recipe":[],"Service":[],"SoftwareApplication":[],"WebPage":[]},"graphName":"","isEnabled":true},"graphs":[],"defaultGraph":"","defaultPostTypeGraph":""},"schema_type":null,"schema_type_options":null,"pillar_content":false,"robots_default":true,"robots_noindex":false,"robots_noarchive":false,"robots_nosnippet":false,"robots_nofollow":false,"robots_noimageindex":false,"robots_noodp":false,"robots_notranslate":false,"robots_max_snippet":null,"robots_max_videopreview":null,"robots_max_imagepreview":"large","priority":null,"frequency":null,"location":null,"local_seo":null,"breadcrumb_settings":null,"limit_modified_date":false,"ai":null,"created":"2020-12-20 20:38:59","updated":"2025-07-19 20:09:51","seo_analyzer_scan_date":null,"focus_keyword":null,"additional_keywords":null,"truseo_locale":null},"jetpack_sharing_enabled":true,"jetpack-related-posts":[{"id":13239,"url":"https:\/\/www.jornalja.com.br\/arquivo\/conselho-desdenha-do-plano-diretor\/","url_meta":{"origin":45038,"position":0},"title":"Porto Alegre: Conselho detona Plano Diretor","author":"Patr\u00edcia Marini","date":"25 de maio de 2014","format":false,"excerpt":"Den\u00fancia do arquiteto e \u00a0urbanista Ibir\u00e1 Santos Lucas. Ele diz que os conselheiros est\u00e3o votando com \"enorme irresponsabilidade\". \"Mudam regime com a maior naturalidade,,,regularizam absurdos de constru\u00e7\u00f5es irregulares... \"O CMDUA est\u00e1 flexibilizando a lei do plano diretor, de uma forma impactante na vida da cidade. Mudam regime com a maior\u2026","rel":"","context":"Em &quot;Geral&quot;","block_context":{"text":"Geral","link":"https:\/\/www.jornalja.com.br\/arquivo\/category\/geral\/"},"img":{"alt_text":"","src":"","width":0,"height":0},"classes":[]},{"id":5440,"url":"https:\/\/www.jornalja.com.br\/arquivo\/casarao-da-venancio-destino-permanece-incerto\/","url_meta":{"origin":45038,"position":1},"title":"Estado ainda n\u00e3o sabe o que fazer com casar\u00e3o abandonado h\u00e1 20 anos","author":"Elmar Bones","date":"6 de julho de 2009","format":false,"excerpt":"O casar\u00e3o amarelo, numa esquina nobre de Porto Alegre (Ven\u00e2ncio Aires com Jo\u00e3o Pessoa), j\u00e1 abrigou uma escola. H\u00e1 duas d\u00e9cadas, pelo menos, est\u00e1 abandonado, porque seu propriet\u00e1rio, o governo do Estado do Rio Grande do Sul, n\u00e3o consegue achar um destino para ele. Planos n\u00e3o faltaram. O governador Ol\u00edvio\u2026","rel":"","context":"Em &quot;X.Categorias velhas&quot;","block_context":{"text":"X.Categorias velhas","link":"https:\/\/www.jornalja.com.br\/arquivo\/category\/x-categorias-velhas\/"},"img":{"alt_text":"geraldo1","src":"https:\/\/i0.wp.com\/www.jornalja.com.br\/wp-content\/uploads\/2009\/07\/geraldo1.jpg?resize=350%2C200&ssl=1","width":350,"height":200},"classes":[]},{"id":13240,"url":"https:\/\/www.jornalja.com.br\/arquivo\/plano-diretor-estamos-construindo-o-caos\/","url_meta":{"origin":45038,"position":2},"title":"Plano diretor: &quot;Estamos construindo o caos&quot;","author":"Patr\u00edcia Marini","date":"26 de maio de 2014","format":false,"excerpt":"Desabafo que arquiteta Eliana Castilhos, delegada da Regi\u00e3o de Planejamento 1, postou nas redes sociais \u00e9 um testemunho do ambiente que se criou no Conselho do Plano Diretor de Porto Alegre, onde a aprova\u00e7\u00e3o de grandes empreendimentos \u00e9 empurrada guela abaixo dos conselheiros. Ao CMDUA Como delegada da Regi\u00e3o de\u2026","rel":"","context":"Em &quot;Geral&quot;","block_context":{"text":"Geral","link":"https:\/\/www.jornalja.com.br\/arquivo\/category\/geral\/"},"img":{"alt_text":"","src":"","width":0,"height":0},"classes":[]},{"id":13128,"url":"https:\/\/www.jornalja.com.br\/arquivo\/maconha-terra-diz-que-uso-medicinal-e-desculpa\/","url_meta":{"origin":45038,"position":3},"title":"Maconha: Terra diz que uso medicinal \u00e9 desculpa","author":"Patr\u00edcia Marini","date":"4 de junho de 2014","format":false,"excerpt":"A condi\u00e7\u00e3o de pol\u00edtico, em \u00e9poca de campanha de campanha eleitoral, tira for\u00e7a do discurso do m\u00e9dico Osmar Terra contra a legaliza\u00e7\u00e3o da maconha. A tese dele de que a libera\u00e7\u00e3o vai ampliar exponencialmente o consumo \u00e9 discutivel, o consumo \u00e9 corrente. Mas seus alertas quanto aos riscos tem que\u2026","rel":"","context":"Em &quot;X.Categorias velhas&quot;","block_context":{"text":"X.Categorias velhas","link":"https:\/\/www.jornalja.com.br\/arquivo\/category\/x-categorias-velhas\/"},"img":{"alt_text":"","src":"","width":0,"height":0},"classes":[]},{"id":13124,"url":"https:\/\/www.jornalja.com.br\/arquivo\/sangue-latino-no-iecine\/","url_meta":{"origin":45038,"position":4},"title":"Sangue latino no IECINE","author":"da Reda\u00e7\u00e3o","date":"18 de maio de 2014","format":false,"excerpt":"Francisco Ribeiro O Instituto Estadual de Cinema (IECINE) tem a frente, desde abril \u00faltimo, um novo diretor, o cineasta colombiano Juan Zapata, 36, que substitui Luiz Alberto Cassol. Radicado h\u00e1 dez anos em Porto Alegre, Zapata tem diante de si o desafio de conduzir at\u00e9 o final do ano um\u2026","rel":"","context":"Em &quot;Cultura-Geral&quot;","block_context":{"text":"Cultura-Geral","link":"https:\/\/www.jornalja.com.br\/arquivo\/category\/materiasecundaria\/"},"img":{"alt_text":"","src":"","width":0,"height":0},"classes":[]},{"id":13101,"url":"https:\/\/www.jornalja.com.br\/arquivo\/morre-um-guerreiro-do-texto\/","url_meta":{"origin":45038,"position":5},"title":"Morre um guerreiro do texto","author":"Patr\u00edcia Marini","date":"14 de maio de 2014","format":false,"excerpt":"Por Ricardo Kotscho Reproduzido do blog do autor, 11\/5\/2014; t\u00edtulo original \u201cE l\u00e1 se foi o nosso Myltainho, guerreiro do texto\u201d. Mi\u00fado e franzino, meu amigo Myltainho era um valente e inconformado guerreiro na luta contra as injusti\u00e7as sociais, a hipocrisia, as maracutaias, o autoritarismo, a intoler\u00e2ncia, a viol\u00eancia, o\u2026","rel":"","context":"Em &quot;Geral&quot;","block_context":{"text":"Geral","link":"https:\/\/www.jornalja.com.br\/arquivo\/category\/geral\/"},"img":{"alt_text":"","src":"","width":0,"height":0},"classes":[]}],"jetpack_shortlink":"https:\/\/wp.me\/pbQjBd-bIq","jetpack_featured_media_url":"","_links":{"self":[{"href":"https:\/\/www.jornalja.com.br\/arquivo\/wp-json\/wp\/v2\/posts\/45038","targetHints":{"allow":["GET"]}}],"collection":[{"href":"https:\/\/www.jornalja.com.br\/arquivo\/wp-json\/wp\/v2\/posts"}],"about":[{"href":"https:\/\/www.jornalja.com.br\/arquivo\/wp-json\/wp\/v2\/types\/post"}],"author":[{"embeddable":true,"href":"https:\/\/www.jornalja.com.br\/arquivo\/wp-json\/wp\/v2\/users\/4"}],"replies":[{"embeddable":true,"href":"https:\/\/www.jornalja.com.br\/arquivo\/wp-json\/wp\/v2\/comments?post=45038"}],"version-history":[{"count":0,"href":"https:\/\/www.jornalja.com.br\/arquivo\/wp-json\/wp\/v2\/posts\/45038\/revisions"}],"wp:attachment":[{"href":"https:\/\/www.jornalja.com.br\/arquivo\/wp-json\/wp\/v2\/media?parent=45038"}],"wp:term":[{"taxonomy":"category","embeddable":true,"href":"https:\/\/www.jornalja.com.br\/arquivo\/wp-json\/wp\/v2\/categories?post=45038"},{"taxonomy":"post_tag","embeddable":true,"href":"https:\/\/www.jornalja.com.br\/arquivo\/wp-json\/wp\/v2\/tags?post=45038"}],"curies":[{"name":"wp","href":"https:\/\/api.w.org\/{rel}","templated":true}]}}